{"id":35177,"date":"2018-03-16T22:37:34","date_gmt":"2018-03-17T01:37:34","guid":{"rendered":"http:\/\/www.samnaz.org\/?p=22527"},"modified":"2021-11-26T11:09:29","modified_gmt":"2021-11-26T14:09:29","slug":"um-punhado-de-amor-e-esperanca","status":"publish","type":"post","link":"https:\/\/www.samnaz.org\/pt\/um-punhado-de-amor-e-esperanca\/","title":{"rendered":"Um punhado de amor e esperan\u00e7a"},"content":{"rendered":"<p>(CNSAM Venezuela) No domingo, 11 de mar\u00e7o de 2018, com o apoio da congrega\u00e7\u00e3o e dos vizinhos, aconteceu um ato compassivo chamado \u00abUm punhado de Amor e Esperan\u00e7a\u00bb acompanhado de um tempo de evangelismo.<br \/>\nEm 10 de dezembro de 2017, a Igreja do Nazareno Jesus a Esperan\u00e7a Carrizal, Edo Miranda, Venezuela, tomou a iniciativa de anunciar \u00e0 congrega\u00e7\u00e3o a coleta de farinha de milho, de modo que uma vez por m\u00eas eles entregariam \u201cbollitos\u201d (uma massa de farinha de milho cozida com legumes picados) e sucos para crian\u00e7as, adolescentes e idosos em situa\u00e7\u00e3o de rua, na cidade de Los Teques e Carrizal.<br \/>\nConhecendo a atual situa\u00e7\u00e3o alimentar que atravessa o pa\u00eds caribenho, as Igrejas do Nazareno n\u00e3o esquecem que devem dar de gra\u00e7a o que receberam. No decorrer do m\u00eas, a congrega\u00e7\u00e3o re\u00fane pequenas quantidades de farinha e diferentes ingredientes para a elabora\u00e7\u00e3o desses alimentos, alguns tamb\u00e9m d\u00e3o ofertas especiais para este trabalho, e no final do per\u00edodo de coleta os \u201cbollitos\u201d s\u00e3o preparados para serem distribu\u00eddos no final de cada m\u00eas. A JNI de Carrizal assumiu a tarefa de percorrer as ruas, mercados municipais, lix\u00f5es, pra\u00e7as, avenidas, becos, etc. da cidade realizando este ato de compaix\u00e3o movido pelo amor e obedi\u00eancia ao nosso Senhor de amar e compartilhar com o pr\u00f3ximo.<br \/>\nNeste evento de mar\u00e7o, foi poss\u00edvel preparar 100 \u201cbollitos\u201d e atrav\u00e9s do Cubo Evangel\u00edstico, a JNI Carrizal apresentou o plano de Salva\u00e7\u00e3o a 39 crian\u00e7as, 12 adolescentes, 8 jovens e 3 adultos, obtendo um total de 59 convertidos e que solicitaram a abertura de 3 pequenos grupos em Los Teques Edo Miranda.<br \/>\nQue Deus aben\u00e7oe abundantemente todas as pessoas que est\u00e3o apoiando em ora\u00e7\u00e3o, com seu punhado de farinha e outros recursos, a esse ato compassivo.<br \/>\n\u00bb Portanto, como povo escolhido de Deus, santo e amado, revistam-se de profunda compaix\u00e3o, bondade, humildade, mansid\u00e3o e paci\u00eancia. Colossenses 3:12<\/p>\n<p>Fonte: Rony e Alvys Cabarcas<\/p>\n<p><a href=\"https:\/\/www.samnaz.org\/wp-content\/uploads\/2018\/03\/ven3.jpg\"><img decoding=\"async\" src=\"https:\/\/www.samnaz.org\/wp-content\/uploads\/2018\/03\/ven3-150x150.jpg\" alt=\"\" class=\"alignright size-thumbnail wp-image-22520\"><\/a><\/p>\n<p><a href=\"https:\/\/www.samnaz.org\/wp-content\/uploads\/2018\/03\/ven.jpg\"><img decoding=\"async\" src=\"https:\/\/www.samnaz.org\/wp-content\/uploads\/2018\/03\/ven-150x150.jpg\" alt=\"\" class=\"alignright size-thumbnail wp-image-22522\"><\/a><\/p>\n<p><a href=\"https:\/\/www.samnaz.org\/wp-content\/uploads\/2018\/03\/ven2.jpg\"><img decoding=\"async\" src=\"https:\/\/www.samnaz.org\/wp-content\/uploads\/2018\/03\/ven2-150x150.jpg\" alt=\"\" class=\"alignright size-thumbnail wp-image-22521\"><\/a><\/p>\n<p><a href=\"https:\/\/www.samnaz.org\/wp-content\/uploads\/2018\/03\/1.png\"><img decoding=\"async\" src=\"https:\/\/www.samnaz.org\/wp-content\/uploads\/2018\/03\/1-150x150.png\" alt=\"\" class=\"alignright size-thumbnail wp-image-22519\"><\/a><\/p>\n<p><a href=\"https:\/\/www.samnaz.org\/wp-content\/uploads\/2018\/03\/2.png\"><img decoding=\"async\" src=\"https:\/\/www.samnaz.org\/wp-content\/uploads\/2018\/03\/2-150x150.png\" alt=\"\" class=\"alignright size-thumbnail wp-image-22518\"><\/a><\/p>\n<span class=\"et_bloom_bottom_trigger\"><\/span>","protected":false},"excerpt":{"rendered":"<p>(CNSAM Venezuela) No domingo, 11 de mar\u00e7o de 2018, com o apoio da congrega\u00e7\u00e3o e dos vizinhos, aconteceu um ato compassivo chamado \u00abUm punhado de Amor e Esperan\u00e7a\u00bb acompanhado de um tempo de evangelismo. Em 10 de dezembro de 2017, a Igreja do Nazareno Jesus a Esperan\u00e7a Carrizal, Edo Miranda, Venezuela, tomou a iniciativa de [&hellip;]<\/p>","protected":false},"author":4,"featured_media":35178,"comment_status":"closed","ping_status":"closed","sticky":false,"template":"","format":"standard","meta":{"_et_pb_use_builder":"","_et_pb_old_content":"","_et_gb_content_width":"","_monsterinsights_skip_tracking":false,"_monsterinsights_sitenote_active":false,"_monsterinsights_sitenote_note":"","_monsterinsights_sitenote_category":0,"_vp_format_video_url":"","_vp_image_focal_point":[],"footnotes":""},"categories":[53],"tags":[],"class_list":["post-35177","post","type-post","status-publish","format-standard","has-post-thumbnail","hentry","category-brasil"],"yoast_head":"<!-- This site is optimized with the Yoast SEO Premium plugin v23.6 (Yoast SEO v27.4) - https:\/\/yoast.com\/product\/yoast-seo-premium-wordpress\/ -->\n<title>Um punhado de amor e esperan\u00e7a | Iglesia del Nazareno Am\u00e9rica del Sur<\/title>\n<meta name=\"robots\" content=\"noindex, follow\" \/>\n<meta property=\"og:locale\" content=\"pt_BR\" \/>\n<meta property=\"og:type\" content=\"article\" \/>\n<meta property=\"og:title\" content=\"Um punhado de amor e esperan\u00e7a | Iglesia del Nazareno Am\u00e9rica del Sur\" \/>\n<meta property=\"og:url\" content=\"https:\/\/www.samnaz.org\/pt\/um-punhado-de-amor-e-esperanca\/\" \/>\n<meta property=\"og:site_name\" content=\"Iglesia del Nazareno Am\u00e9rica del Sur\" \/>\n<meta property=\"article:publisher\" content=\"https:\/\/www.facebook.com\/NazarenoEsp\" \/>\n<meta property=\"article:published_time\" content=\"2018-03-17T01:37:34+00:00\" \/>\n<meta property=\"article:modified_time\" content=\"2021-11-26T14:09:29+00:00\" \/>\n<meta property=\"og:image\" content=\"https:\/\/www.samnaz.org\/wp-content\/uploads\/2018\/03\/1.png\" \/>\n\t<meta property=\"og:image:width\" content=\"423\" \/>\n\t<meta property=\"og:image:height\" content=\"313\" \/>\n\t<meta property=\"og:image:type\" content=\"image\/png\" \/>\n<meta name=\"author\" content=\"Samnaz\" \/>\n<meta name=\"twitter:card\" content=\"summary_large_image\" \/>\n<meta name=\"twitter:label1\" content=\"Escrito por\" \/>\n\t<meta name=\"twitter:data1\" content=\"Samnaz\" \/>\n\t<meta name=\"twitter:label2\" content=\"Est. tempo de leitura\" \/>\n\t<meta name=\"twitter:data2\" content=\"3 minutos\" \/>\n<script type=\"application\/ld+json\" class=\"yoast-schema-graph\">{\"@context\":\"https:\\\/\\\/schema.org\",\"@graph\":[{\"@type\":\"Article\",\"@id\":\"https:\\\/\\\/www.samnaz.org\\\/pt\\\/um-punhado-de-amor-e-esperanca\\\/#article\",\"isPartOf\":{\"@id\":\"https:\\\/\\\/www.samnaz.org\\\/pt\\\/um-punhado-de-amor-e-esperanca\\\/\"},\"author\":{\"name\":\"Samnaz\",\"@id\":\"https:\\\/\\\/www.samnaz.org\\\/#\\\/schema\\\/person\\\/c09d1131c49ba510c7e1cbb677b39927\"},\"headline\":\"Um punhado de amor e esperan\u00e7a\",\"datePublished\":\"2018-03-17T01:37:34+00:00\",\"dateModified\":\"2021-11-26T14:09:29+00:00\",\"mainEntityOfPage\":{\"@id\":\"https:\\\/\\\/www.samnaz.org\\\/pt\\\/um-punhado-de-amor-e-esperanca\\\/\"},\"wordCount\":346,\"publisher\":{\"@id\":\"https:\\\/\\\/www.samnaz.org\\\/#organization\"},\"image\":{\"@id\":\"https:\\\/\\\/www.samnaz.org\\\/pt\\\/um-punhado-de-amor-e-esperanca\\\/#primaryimage\"},\"thumbnailUrl\":\"https:\\\/\\\/www.samnaz.org\\\/wp-content\\\/uploads\\\/2018\\\/03\\\/1.png\",\"articleSection\":[\"Brasil\"],\"inLanguage\":\"pt-BR\"},{\"@type\":\"WebPage\",\"@id\":\"https:\\\/\\\/www.samnaz.org\\\/pt\\\/um-punhado-de-amor-e-esperanca\\\/\",\"url\":\"https:\\\/\\\/www.samnaz.org\\\/pt\\\/um-punhado-de-amor-e-esperanca\\\/\",\"name\":\"Um punhado de amor e esperan\u00e7a | Iglesia del Nazareno Am\u00e9rica del Sur\",\"isPartOf\":{\"@id\":\"https:\\\/\\\/www.samnaz.org\\\/#website\"},\"primaryImageOfPage\":{\"@id\":\"https:\\\/\\\/www.samnaz.org\\\/pt\\\/um-punhado-de-amor-e-esperanca\\\/#primaryimage\"},\"image\":{\"@id\":\"https:\\\/\\\/www.samnaz.org\\\/pt\\\/um-punhado-de-amor-e-esperanca\\\/#primaryimage\"},\"thumbnailUrl\":\"https:\\\/\\\/www.samnaz.org\\\/wp-content\\\/uploads\\\/2018\\\/03\\\/1.png\",\"datePublished\":\"2018-03-17T01:37:34+00:00\",\"dateModified\":\"2021-11-26T14:09:29+00:00\",\"inLanguage\":\"pt-BR\",\"potentialAction\":[{\"@type\":\"ReadAction\",\"target\":[\"https:\\\/\\\/www.samnaz.org\\\/pt\\\/um-punhado-de-amor-e-esperanca\\\/\"]}]},{\"@type\":\"ImageObject\",\"inLanguage\":\"pt-BR\",\"@id\":\"https:\\\/\\\/www.samnaz.org\\\/pt\\\/um-punhado-de-amor-e-esperanca\\\/#primaryimage\",\"url\":\"https:\\\/\\\/www.samnaz.org\\\/wp-content\\\/uploads\\\/2018\\\/03\\\/1.png\",\"contentUrl\":\"https:\\\/\\\/www.samnaz.org\\\/wp-content\\\/uploads\\\/2018\\\/03\\\/1.png\",\"width\":423,\"height\":313},{\"@type\":\"WebSite\",\"@id\":\"https:\\\/\\\/www.samnaz.org\\\/#website\",\"url\":\"https:\\\/\\\/www.samnaz.org\\\/\",\"name\":\"Haciendo Disc\u00edpulos Semejantes a Cristo en las naciones\",\"description\":\"Haciendo disc\u00edpulos semejantes a Cristo en las Naciones\",\"publisher\":{\"@id\":\"https:\\\/\\\/www.samnaz.org\\\/#organization\"},\"alternateName\":\"Viviendo la Gran Comisi\u00f3n\",\"potentialAction\":[{\"@type\":\"SearchAction\",\"target\":{\"@type\":\"EntryPoint\",\"urlTemplate\":\"https:\\\/\\\/www.samnaz.org\\\/?s={search_term_string}\"},\"query-input\":{\"@type\":\"PropertyValueSpecification\",\"valueRequired\":true,\"valueName\":\"search_term_string\"}}],\"inLanguage\":\"pt-BR\"},{\"@type\":\"Organization\",\"@id\":\"https:\\\/\\\/www.samnaz.org\\\/#organization\",\"name\":\"Iglesia del Nazareno Am\u00e9rica del Sur\",\"url\":\"https:\\\/\\\/www.samnaz.org\\\/\",\"logo\":{\"@type\":\"ImageObject\",\"inLanguage\":\"pt-BR\",\"@id\":\"https:\\\/\\\/www.samnaz.org\\\/#\\\/schema\\\/logo\\\/image\\\/\",\"url\":\"https:\\\/\\\/www.samnaz.org\\\/wp-content\\\/uploads\\\/2021\\\/04\\\/Logo-3-ESP.png\",\"contentUrl\":\"https:\\\/\\\/www.samnaz.org\\\/wp-content\\\/uploads\\\/2021\\\/04\\\/Logo-3-ESP.png\",\"width\":1041,\"height\":780,\"caption\":\"Iglesia del Nazareno Am\u00e9rica del Sur\"},\"image\":{\"@id\":\"https:\\\/\\\/www.samnaz.org\\\/#\\\/schema\\\/logo\\\/image\\\/\"},\"sameAs\":[\"https:\\\/\\\/www.facebook.com\\\/NazarenoEsp\",\"https:\\\/\\\/www.instagram.com\\\/nazarenoesp\\\/\"],\"publishingPrinciples\":\"https:\\\/\\\/www.samnaz.org\\\/\"},{\"@type\":\"Person\",\"@id\":\"https:\\\/\\\/www.samnaz.org\\\/#\\\/schema\\\/person\\\/c09d1131c49ba510c7e1cbb677b39927\",\"name\":\"Samnaz\",\"image\":{\"@type\":\"ImageObject\",\"inLanguage\":\"pt-BR\",\"@id\":\"https:\\\/\\\/secure.gravatar.com\\\/avatar\\\/a5baaf0e270319d09c0efce6a9dd03ff93175913c70afe26595c0069c83fa6dc?s=96&d=mm&r=g\",\"url\":\"https:\\\/\\\/secure.gravatar.com\\\/avatar\\\/a5baaf0e270319d09c0efce6a9dd03ff93175913c70afe26595c0069c83fa6dc?s=96&d=mm&r=g\",\"contentUrl\":\"https:\\\/\\\/secure.gravatar.com\\\/avatar\\\/a5baaf0e270319d09c0efce6a9dd03ff93175913c70afe26595c0069c83fa6dc?s=96&d=mm&r=g\",\"caption\":\"Samnaz\"}}]}<\/script>\n<!-- \/ Yoast SEO Premium plugin. -->","yoast_head_json":{"title":"Um punhado de amor e esperan\u00e7a | Iglesia del Nazareno Am\u00e9rica del Sur","robots":{"index":"noindex","follow":"follow"},"og_locale":"pt_BR","og_type":"article","og_title":"Um punhado de amor e esperan\u00e7a | Iglesia del Nazareno Am\u00e9rica del Sur","og_url":"https:\/\/www.samnaz.org\/pt\/um-punhado-de-amor-e-esperanca\/","og_site_name":"Iglesia del Nazareno Am\u00e9rica del Sur","article_publisher":"https:\/\/www.facebook.com\/NazarenoEsp","article_published_time":"2018-03-17T01:37:34+00:00","article_modified_time":"2021-11-26T14:09:29+00:00","og_image":[{"width":423,"height":313,"url":"https:\/\/www.samnaz.org\/wp-content\/uploads\/2018\/03\/1.png","type":"image\/png"}],"author":"Samnaz","twitter_card":"summary_large_image","twitter_misc":{"Escrito por":"Samnaz","Est. tempo de leitura":"3 minutos"},"schema":{"@context":"https:\/\/schema.org","@graph":[{"@type":"Article","@id":"https:\/\/www.samnaz.org\/pt\/um-punhado-de-amor-e-esperanca\/#article","isPartOf":{"@id":"https:\/\/www.samnaz.org\/pt\/um-punhado-de-amor-e-esperanca\/"},"author":{"name":"Samnaz","@id":"https:\/\/www.samnaz.org\/#\/schema\/person\/c09d1131c49ba510c7e1cbb677b39927"},"headline":"Um punhado de amor e esperan\u00e7a","datePublished":"2018-03-17T01:37:34+00:00","dateModified":"2021-11-26T14:09:29+00:00","mainEntityOfPage":{"@id":"https:\/\/www.samnaz.org\/pt\/um-punhado-de-amor-e-esperanca\/"},"wordCount":346,"publisher":{"@id":"https:\/\/www.samnaz.org\/#organization"},"image":{"@id":"https:\/\/www.samnaz.org\/pt\/um-punhado-de-amor-e-esperanca\/#primaryimage"},"thumbnailUrl":"https:\/\/www.samnaz.org\/wp-content\/uploads\/2018\/03\/1.png","articleSection":["Brasil"],"inLanguage":"pt-BR"},{"@type":"WebPage","@id":"https:\/\/www.samnaz.org\/pt\/um-punhado-de-amor-e-esperanca\/","url":"https:\/\/www.samnaz.org\/pt\/um-punhado-de-amor-e-esperanca\/","name":"Um punhado de amor e esperan\u00e7a | Iglesia del Nazareno Am\u00e9rica del Sur","isPartOf":{"@id":"https:\/\/www.samnaz.org\/#website"},"primaryImageOfPage":{"@id":"https:\/\/www.samnaz.org\/pt\/um-punhado-de-amor-e-esperanca\/#primaryimage"},"image":{"@id":"https:\/\/www.samnaz.org\/pt\/um-punhado-de-amor-e-esperanca\/#primaryimage"},"thumbnailUrl":"https:\/\/www.samnaz.org\/wp-content\/uploads\/2018\/03\/1.png","datePublished":"2018-03-17T01:37:34+00:00","dateModified":"2021-11-26T14:09:29+00:00","inLanguage":"pt-BR","potentialAction":[{"@type":"ReadAction","target":["https:\/\/www.samnaz.org\/pt\/um-punhado-de-amor-e-esperanca\/"]}]},{"@type":"ImageObject","inLanguage":"pt-BR","@id":"https:\/\/www.samnaz.org\/pt\/um-punhado-de-amor-e-esperanca\/#primaryimage","url":"https:\/\/www.samnaz.org\/wp-content\/uploads\/2018\/03\/1.png","contentUrl":"https:\/\/www.samnaz.org\/wp-content\/uploads\/2018\/03\/1.png","width":423,"height":313},{"@type":"WebSite","@id":"https:\/\/www.samnaz.org\/#website","url":"https:\/\/www.samnaz.org\/","name":"Haciendo Disc\u00edpulos Semejantes a Cristo en las naciones","description":"Haciendo disc\u00edpulos semejantes a Cristo en las Naciones","publisher":{"@id":"https:\/\/www.samnaz.org\/#organization"},"alternateName":"Viviendo la Gran Comisi\u00f3n","potentialAction":[{"@type":"SearchAction","target":{"@type":"EntryPoint","urlTemplate":"https:\/\/www.samnaz.org\/?s={search_term_string}"},"query-input":{"@type":"PropertyValueSpecification","valueRequired":true,"valueName":"search_term_string"}}],"inLanguage":"pt-BR"},{"@type":"Organization","@id":"https:\/\/www.samnaz.org\/#organization","name":"Iglesia del Nazareno Am\u00e9rica del Sur","url":"https:\/\/www.samnaz.org\/","logo":{"@type":"ImageObject","inLanguage":"pt-BR","@id":"https:\/\/www.samnaz.org\/#\/schema\/logo\/image\/","url":"https:\/\/www.samnaz.org\/wp-content\/uploads\/2021\/04\/Logo-3-ESP.png","contentUrl":"https:\/\/www.samnaz.org\/wp-content\/uploads\/2021\/04\/Logo-3-ESP.png","width":1041,"height":780,"caption":"Iglesia del Nazareno Am\u00e9rica del Sur"},"image":{"@id":"https:\/\/www.samnaz.org\/#\/schema\/logo\/image\/"},"sameAs":["https:\/\/www.facebook.com\/NazarenoEsp","https:\/\/www.instagram.com\/nazarenoesp\/"],"publishingPrinciples":"https:\/\/www.samnaz.org\/"},{"@type":"Person","@id":"https:\/\/www.samnaz.org\/#\/schema\/person\/c09d1131c49ba510c7e1cbb677b39927","name":"Samnaz","image":{"@type":"ImageObject","inLanguage":"pt-BR","@id":"https:\/\/secure.gravatar.com\/avatar\/a5baaf0e270319d09c0efce6a9dd03ff93175913c70afe26595c0069c83fa6dc?s=96&d=mm&r=g","url":"https:\/\/secure.gravatar.com\/avatar\/a5baaf0e270319d09c0efce6a9dd03ff93175913c70afe26595c0069c83fa6dc?s=96&d=mm&r=g","contentUrl":"https:\/\/secure.gravatar.com\/avatar\/a5baaf0e270319d09c0efce6a9dd03ff93175913c70afe26595c0069c83fa6dc?s=96&d=mm&r=g","caption":"Samnaz"}}]}},"_links":{"self":[{"href":"https:\/\/www.samnaz.org\/pt\/wp-json\/wp\/v2\/posts\/35177","targetHints":{"allow":["GET"]}}],"collection":[{"href":"https:\/\/www.samnaz.org\/pt\/wp-json\/wp\/v2\/posts"}],"about":[{"href":"https:\/\/www.samnaz.org\/pt\/wp-json\/wp\/v2\/types\/post"}],"author":[{"embeddable":true,"href":"https:\/\/www.samnaz.org\/pt\/wp-json\/wp\/v2\/users\/4"}],"replies":[{"embeddable":true,"href":"https:\/\/www.samnaz.org\/pt\/wp-json\/wp\/v2\/comments?post=35177"}],"version-history":[{"count":2,"href":"https:\/\/www.samnaz.org\/pt\/wp-json\/wp\/v2\/posts\/35177\/revisions"}],"predecessor-version":[{"id":35186,"href":"https:\/\/www.samnaz.org\/pt\/wp-json\/wp\/v2\/posts\/35177\/revisions\/35186"}],"wp:featuredmedia":[{"embeddable":true,"href":"https:\/\/www.samnaz.org\/pt\/wp-json\/wp\/v2\/media\/35178"}],"wp:attachment":[{"href":"https:\/\/www.samnaz.org\/pt\/wp-json\/wp\/v2\/media?parent=35177"}],"wp:term":[{"taxonomy":"category","embeddable":true,"href":"https:\/\/www.samnaz.org\/pt\/wp-json\/wp\/v2\/categories?post=35177"},{"taxonomy":"post_tag","embeddable":true,"href":"https:\/\/www.samnaz.org\/pt\/wp-json\/wp\/v2\/tags?post=35177"}],"curies":[{"name":"wp","href":"https:\/\/api.w.org\/{rel}","templated":true}]}}