{"id":35286,"date":"2018-09-10T03:22:18","date_gmt":"2018-09-10T06:22:18","guid":{"rendered":"http:\/\/samnaz.org\/?p=23926"},"modified":"2021-11-26T11:09:21","modified_gmt":"2021-11-26T14:09:21","slug":"encuentro-de-mujeres-chile","status":"publish","type":"post","link":"https:\/\/www.samnaz.org\/pt\/encuentro-de-mujeres-chile\/","title":{"rendered":"ENCUENTRO DE MUJERES CHILE"},"content":{"rendered":"<p>[et_pb_section bb_built=\u00bb1&#8243; _builder_version=\u00bb3.0.47&#8243; custom_padding=\u00bb54px|0px|3px|0px\u00bb][et_pb_row _builder_version=\u00bb3.0.47&#8243; background_size=\u00bbinitial\u00bb background_position=\u00bbtop_left\u00bb background_repeat=\u00bbrepeat\u00bb][et_pb_column type=\u00bb2_3&#8243;][et_pb_post_title categories=\u00bboff\u00bb _builder_version=\u00bb3.0.105&#8243; title_font=\u00bb||||||||\u00bb title_font_size=\u00bb35px\u00bb title_text_color=\u00bb#db6553&#8243; meta_font=\u00bb||||||||\u00bb meta_font_size=\u00bb13px\u00bb \/][et_pb_text _builder_version=\u00bb3.0.105&#8243;]<\/p>\n<p style=\"text-align: justify;\"><strong>(CNAS Chile)<\/strong> El 25 de agosto y en los d\u00edas 1 y 2 de septiembre se llevaron a cabo los encuentros de Mujeres en Chile, iniciando en la Iglesia Juan No\u00e9, Arica con la conferencia de Mujeres del Distrito Norte y luego \u201cPlenamente Mujeres\u201d realizado en Hualp\u00e9n, Concepci\u00f3n, en donde participaron los distritos Central, los Lagos y Biobio.<\/p>\n<p style=\"text-align: justify;\">Eventos que reunieron alrededor de 230 mujeres, cada una de ellas con un coraz\u00f3n dispuesto a entregar su adoraci\u00f3n genuina a nuestro Dios y recibir de su Palabra y ense\u00f1anza.<\/p>\n<p style=\"text-align: justify;\">El comit\u00e9 organizador encabezado por la Pastora Cristiane Polonio, Coordinadora Nacional del Ministerio a la Mujer en Chile, involucr\u00f3 a variadas profesionales para impartir los talleres, entre ellas, la Pastora Ana Mardones, Pastora Mirtha Aburto, Doctora \u00c1ngela Sep\u00falveda, Enfermera Olga Sep\u00falveda, Psic\u00f3loga Priscila Bahamondes y las profesoras Elizabeth Soto y Lorena Moya.<\/p>\n<p style=\"text-align: justify;\">Agradecemos a Dios por momentos hermosos y tan bendecidos en la adoraci\u00f3n, en los tiempos de talleres y en las predicaciones. Dios estuvo all\u00ed en todo momento, en cada detalle, edificando nuestras vidas y d\u00e1ndonos las herramientas para ser mujeres plenas. Tambi\u00e9n estamos gozosos por tener coordinadoras del Ministerio a la Mujer en cada Distrito de Chile: Mar\u00eda Paz del Canto (Distrito Norte), D\u00e9bora Acu\u00f1a (Distrito Central), Eliana Mora (Distrito Biobio) y Ana Mardones (Distrito Los Lagos). \u00a1Gloria y honra a nuestro Padre Celestial!<br \/>\n<strong><br \/>\nFonte<\/strong> D\u00e9bora Acu\u00f1a<\/p>\n<div>\n<p><a href=\"https:\/\/www.samnaz.org\/wp-content\/uploads\/2018\/09\/20180825_192746.jpg\"><img decoding=\"async\" class=\"alignright size-medium wp-image-23906\" src=\"https:\/\/www.samnaz.org\/wp-content\/uploads\/2018\/09\/20180825_192746-250x188.jpg\" alt=\"\" \/><\/a><br \/>\n<a href=\"http:\/\/samnaz.org\/wp-content\/uploads\/2018\/09\/IMG_9335.jpeg\"><img decoding=\"async\" class=\"alignright size-medium wp-image-23907\" src=\"http:\/\/samnaz.org\/wp-content\/uploads\/2018\/09\/IMG_9335-250x188.jpeg\" alt=\"\" \/><\/a><br \/>\n<a href=\"http:\/\/samnaz.org\/wp-content\/uploads\/2018\/09\/IMG_9337-e1536550022828.jpeg\"><img decoding=\"async\" class=\"alignright size-medium wp-image-23908\" src=\"http:\/\/samnaz.org\/wp-content\/uploads\/2018\/09\/IMG_9337-e1536550022828-250x333.jpeg\" alt=\"\" \/><\/a><br \/>\n<a href=\"http:\/\/samnaz.org\/wp-content\/uploads\/2018\/09\/IMG_9349.jpeg\"><img decoding=\"async\" class=\"alignright size-medium wp-image-23909\" src=\"http:\/\/samnaz.org\/wp-content\/uploads\/2018\/09\/IMG_9349-250x188.jpeg\" alt=\"\" \/><\/a><br \/>\n<a href=\"http:\/\/samnaz.org\/wp-content\/uploads\/2018\/09\/IMG_9350.jpeg\"><img decoding=\"async\" class=\"alignright size-medium wp-image-23910\" src=\"http:\/\/samnaz.org\/wp-content\/uploads\/2018\/09\/IMG_9350-250x188.jpeg\" alt=\"\" \/><\/a><br \/>\n<a href=\"http:\/\/samnaz.org\/wp-content\/uploads\/2018\/09\/IMG_9313.jpeg\"><img decoding=\"async\" class=\"alignright size-medium wp-image-23911\" src=\"http:\/\/samnaz.org\/wp-content\/uploads\/2018\/09\/IMG_9313-250x188.jpeg\" alt=\"\" \/><\/a><br \/>\n<a href=\"http:\/\/samnaz.org\/wp-content\/uploads\/2018\/09\/20180825_191410.jpg\"><img decoding=\"async\" class=\"alignright size-medium wp-image-23905\" src=\"http:\/\/samnaz.org\/wp-content\/uploads\/2018\/09\/20180825_191410-250x188.jpg\" alt=\"\" \/><\/a><br \/>\n<a href=\"http:\/\/samnaz.org\/wp-content\/uploads\/2018\/09\/20180825_191155-e1536549965889.jpg\"><img decoding=\"async\" class=\"alignright size-medium wp-image-23904\" src=\"http:\/\/samnaz.org\/wp-content\/uploads\/2018\/09\/20180825_191155-e1536549965889-250x186.jpg\" alt=\"\" \/><\/a><br \/>\n<a href=\"http:\/\/samnaz.org\/wp-content\/uploads\/2018\/09\/20180825_115648.jpg\"><img decoding=\"async\" class=\"alignright size-medium wp-image-23903\" src=\"http:\/\/samnaz.org\/wp-content\/uploads\/2018\/09\/20180825_115648-250x188.jpg\" alt=\"\" \/><\/a><br \/>\n<a href=\"http:\/\/samnaz.org\/wp-content\/uploads\/2018\/09\/20180825_115533.jpg\"><img decoding=\"async\" class=\"alignright size-medium wp-image-23902\" src=\"http:\/\/samnaz.org\/wp-content\/uploads\/2018\/09\/20180825_115533-250x188.jpg\" alt=\"\" \/><\/a><br \/>\n<a href=\"http:\/\/samnaz.org\/wp-content\/uploads\/2018\/09\/IMG_9303.jpeg\"><img decoding=\"async\" class=\"alignright size-medium wp-image-23929\" src=\"http:\/\/samnaz.org\/wp-content\/uploads\/2018\/09\/IMG_9303-250x188.jpeg\" alt=\"\" \/><\/a><br \/>\n<a href=\"http:\/\/samnaz.org\/wp-content\/uploads\/2018\/09\/IMG_9227.jpeg\"><img decoding=\"async\" class=\"alignright size-medium wp-image-23930\" src=\"http:\/\/samnaz.org\/wp-content\/uploads\/2018\/09\/IMG_9227-250x188.jpeg\" alt=\"\" \/><\/a><br \/>\n<a href=\"http:\/\/samnaz.org\/wp-content\/uploads\/2018\/09\/IMG_9295.jpeg\"><img decoding=\"async\" class=\"alignright size-medium wp-image-23931\" src=\"http:\/\/samnaz.org\/wp-content\/uploads\/2018\/09\/IMG_9295-250x188.jpeg\" alt=\"\" \/><\/a><\/p>\n<p style=\"text-align: justify;\"><a href=\"http:\/\/samnaz.org\/wp-content\/uploads\/2018\/09\/IMG_9290.jpeg\"><img decoding=\"async\" class=\"alignright size-medium wp-image-23932\" src=\"http:\/\/samnaz.org\/wp-content\/uploads\/2018\/09\/IMG_9290-250x188.jpeg\" alt=\"\" \/><\/a><\/p>\n<\/div>\n<p>[\/et_pb_text][\/et_pb_column][et_pb_column type=\u00bb1_3&#8243;][et_pb_sidebar orientation=\u00bbright\u00bb area=\u00bbsidebar-1&#8243; show_border=\u00bboff\u00bb _builder_version=\u00bb3.0.105&#8243; header_font_size=\u00bb14&#8243; header_text_color=\u00bb#db6553&#8243; text_orientation=\u00bbright\u00bb \/][\/et_pb_column][\/et_pb_row][\/et_pb_section]<\/p>\n<span class=\"et_bloom_bottom_trigger\"><\/span>","protected":false},"excerpt":{"rendered":"<p>(CNAS Chile) El 25 de agosto y en los d\u00edas 1 y 2 de septiembre se llevaron a cabo los encuentros de Mujeres en Chile, iniciando en la Iglesia Juan No\u00e9, Arica con la conferencia de Mujeres del Distrito Norte y luego \u201cPlenamente Mujeres\u201d realizado en Hualp\u00e9n, Concepci\u00f3n, en donde participaron los distritos Central, los [&hellip;]<\/p>","protected":false},"author":4,"featured_media":35287,"comment_status":"closed","ping_status":"closed","sticky":false,"template":"","format":"standard","meta":{"_et_pb_use_builder":"on","_et_pb_old_content":"<strong>(CNAS Chile)<\/strong> El 25 de agosto y en los d\u00edas 1 y 2 de septiembre se llevaron a cabo los encuentros de Mujeres en Chile, iniciando en la Iglesia Juan No\u00e9, Arica con la conferencia de Mujeres del Distrito Norte y luego \u201cPlenamente Mujeres\u201d realizado en Hualp\u00e9n, Concepci\u00f3n, en donde participaron los distritos Central, los Lagos y Biobio.\r\nEventos que reunieron alrededor de 230 mujeres, cada una de ellas con un coraz\u00f3n dispuesto a entregar su adoraci\u00f3n genuina a nuestro Dios y recibir de su Palabra y ense\u00f1anza.\r\nEl comit\u00e9 organizador encabezado por la Pastora Cristiane Polonio, Coordinadora Nacional del Ministerio a la Mujer en Chile, involucr\u00f3 a variadas profesionales para impartir los talleres, entre ellas, la Pastora Ana Mardones, Pastora Mirtha Aburto, Doctora \u00c1ngela Sep\u00falveda, Enfermera Olga Sep\u00falveda, Psic\u00f3loga Priscila Bahamondes y las profesoras Elizabeth Soto y Lorena Moya.\r\nAgradecemos a Dios por momentos hermosos y tan bendecidos en la adoraci\u00f3n, en los tiempos de talleres y en las predicaciones. Dios estuvo all\u00ed en todo momento, en cada detalle, edificando nuestras vidas y d\u00e1ndonos las herramientas para ser mujeres plenas. Tambi\u00e9n estamos gozosos por tener coordinadoras del Ministerio a la Mujer en cada Distrito de Chile: Mar\u00eda Paz del Canto (Distrito Norte), D\u00e9bora Acu\u00f1a (Distrito Central), Eliana Mora (Distrito Biobio) y Ana Mardones (Distrito Los Lagos). \u00a1Gloria y honra a nuestro Padre Celestial!\r\n<strong>\r\nFuente:<\/strong> D\u00e9bora Acu\u00f1a\r\n<div>\r\n<a href=\"https:\/\/www.samnaz.org\/wp-content\/uploads\/2018\/09\/20180825_192746.jpg\"><img class=\"alignright size-medium wp-image-23906\" src=\"https:\/\/www.samnaz.org\/wp-content\/uploads\/2018\/09\/20180825_192746-250x188.jpg\" alt=\"\" \/><\/a>\r\n<a href=\"http:\/\/samnaz.org\/wp-content\/uploads\/2018\/09\/IMG_9335.jpeg\"><img class=\"alignright size-medium wp-image-23907\" src=\"http:\/\/samnaz.org\/wp-content\/uploads\/2018\/09\/IMG_9335-250x188.jpeg\" alt=\"\" \/><\/a>\r\n<a href=\"http:\/\/samnaz.org\/wp-content\/uploads\/2018\/09\/IMG_9337-e1536550022828.jpeg\"><img class=\"alignright size-medium wp-image-23908\" src=\"http:\/\/samnaz.org\/wp-content\/uploads\/2018\/09\/IMG_9337-e1536550022828-250x333.jpeg\" alt=\"\" \/><\/a>\r\n<a href=\"http:\/\/samnaz.org\/wp-content\/uploads\/2018\/09\/IMG_9349.jpeg\"><img class=\"alignright size-medium wp-image-23909\" src=\"http:\/\/samnaz.org\/wp-content\/uploads\/2018\/09\/IMG_9349-250x188.jpeg\" alt=\"\" \/><\/a>\r\n<a href=\"http:\/\/samnaz.org\/wp-content\/uploads\/2018\/09\/IMG_9350.jpeg\"><img class=\"alignright size-medium wp-image-23910\" src=\"http:\/\/samnaz.org\/wp-content\/uploads\/2018\/09\/IMG_9350-250x188.jpeg\" alt=\"\" \/><\/a>\r\n<a href=\"http:\/\/samnaz.org\/wp-content\/uploads\/2018\/09\/IMG_9313.jpeg\"><img class=\"alignright size-medium wp-image-23911\" src=\"http:\/\/samnaz.org\/wp-content\/uploads\/2018\/09\/IMG_9313-250x188.jpeg\" alt=\"\" \/><\/a>\r\n<a href=\"http:\/\/samnaz.org\/wp-content\/uploads\/2018\/09\/20180825_191410.jpg\"><img class=\"alignright size-medium wp-image-23905\" src=\"http:\/\/samnaz.org\/wp-content\/uploads\/2018\/09\/20180825_191410-250x188.jpg\" alt=\"\" \/><\/a>\r\n<a href=\"http:\/\/samnaz.org\/wp-content\/uploads\/2018\/09\/20180825_191155-e1536549965889.jpg\"><img class=\"alignright size-medium wp-image-23904\" src=\"http:\/\/samnaz.org\/wp-content\/uploads\/2018\/09\/20180825_191155-e1536549965889-250x186.jpg\" alt=\"\" \/><\/a>\r\n<a href=\"http:\/\/samnaz.org\/wp-content\/uploads\/2018\/09\/20180825_115648.jpg\"><img class=\"alignright size-medium wp-image-23903\" src=\"http:\/\/samnaz.org\/wp-content\/uploads\/2018\/09\/20180825_115648-250x188.jpg\" alt=\"\" \/><\/a>\r\n<a href=\"http:\/\/samnaz.org\/wp-content\/uploads\/2018\/09\/20180825_115533.jpg\"><img class=\"alignright size-medium wp-image-23902\" src=\"http:\/\/samnaz.org\/wp-content\/uploads\/2018\/09\/20180825_115533-250x188.jpg\" alt=\"\" \/><\/a>\r\n<a href=\"http:\/\/samnaz.org\/wp-content\/uploads\/2018\/09\/IMG_9303.jpeg\"><img class=\"alignright size-medium wp-image-23929\" src=\"http:\/\/samnaz.org\/wp-content\/uploads\/2018\/09\/IMG_9303-250x188.jpeg\" alt=\"\" \/><\/a>\r\n<a href=\"http:\/\/samnaz.org\/wp-content\/uploads\/2018\/09\/IMG_9227.jpeg\"><img class=\"alignright size-medium wp-image-23930\" src=\"http:\/\/samnaz.org\/wp-content\/uploads\/2018\/09\/IMG_9227-250x188.jpeg\" alt=\"\" \/><\/a>\r\n<a href=\"http:\/\/samnaz.org\/wp-content\/uploads\/2018\/09\/IMG_9295.jpeg\"><img class=\"alignright size-medium wp-image-23931\" src=\"http:\/\/samnaz.org\/wp-content\/uploads\/2018\/09\/IMG_9295-250x188.jpeg\" alt=\"\" \/><\/a>\r\n\r\n\r\n<a href=\"http:\/\/samnaz.org\/wp-content\/uploads\/2018\/09\/IMG_9290.jpeg\"><img class=\"alignright size-medium wp-image-23932\" src=\"http:\/\/samnaz.org\/wp-content\/uploads\/2018\/09\/IMG_9290-250x188.jpeg\" alt=\"\" \/><\/a>\r\n<\/div>\r\n<br \/>\r\n<br \/>\r\n<br \/>\r\n<br \/>","_et_gb_content_width":"","_monsterinsights_skip_tracking":false,"_monsterinsights_sitenote_active":false,"_monsterinsights_sitenote_note":"","_monsterinsights_sitenote_category":0,"_vp_format_video_url":"","_vp_image_focal_point":[],"footnotes":""},"categories":[12,67],"tags":[],"class_list":["post-35286","post","type-post","status-publish","format-standard","has-post-thumbnail","hentry","category-chile","category-ministerio-a-la-mujer"],"yoast_head":"<!-- This site is optimized with the Yoast SEO Premium plugin v23.6 (Yoast SEO v27.5) - https:\/\/yoast.com\/product\/yoast-seo-premium-wordpress\/ -->\n<title>ENCUENTRO DE MUJERES CHILE | Iglesia del Nazareno Am\u00e9rica del Sur<\/title>\n<meta name=\"robots\" content=\"noindex, follow\" \/>\n<meta property=\"og:locale\" content=\"pt_BR\" \/>\n<meta property=\"og:type\" content=\"article\" \/>\n<meta property=\"og:title\" content=\"ENCUENTRO DE MUJERES CHILE | Iglesia del Nazareno Am\u00e9rica del Sur\" \/>\n<meta property=\"og:url\" content=\"https:\/\/www.samnaz.org\/pt\/encuentro-de-mujeres-chile\/\" \/>\n<meta property=\"og:site_name\" content=\"Iglesia del Nazareno Am\u00e9rica del Sur\" \/>\n<meta property=\"article:publisher\" content=\"https:\/\/www.facebook.com\/NazarenoEsp\" \/>\n<meta property=\"article:published_time\" content=\"2018-09-10T06:22:18+00:00\" \/>\n<meta property=\"article:modified_time\" content=\"2021-11-26T14:09:21+00:00\" \/>\n<meta property=\"og:image\" content=\"https:\/\/www.samnaz.org\/wp-content\/uploads\/2018\/09\/20180825_192746-scaled.jpg\" \/>\n\t<meta property=\"og:image:width\" content=\"2560\" \/>\n\t<meta property=\"og:image:height\" content=\"1920\" \/>\n\t<meta property=\"og:image:type\" content=\"image\/jpeg\" \/>\n<meta name=\"author\" content=\"Samnaz\" \/>\n<meta name=\"twitter:card\" content=\"summary_large_image\" \/>\n<meta name=\"twitter:label1\" content=\"Escrito por\" \/>\n\t<meta name=\"twitter:data1\" content=\"Samnaz\" \/>\n\t<meta name=\"twitter:label2\" content=\"Est. tempo de leitura\" \/>\n\t<meta name=\"twitter:data2\" content=\"2 minutos\" \/>\n<script type=\"application\/ld+json\" class=\"yoast-schema-graph\">{\"@context\":\"https:\\\/\\\/schema.org\",\"@graph\":[{\"@type\":\"Article\",\"@id\":\"https:\\\/\\\/www.samnaz.org\\\/pt\\\/encuentro-de-mujeres-chile\\\/#article\",\"isPartOf\":{\"@id\":\"https:\\\/\\\/www.samnaz.org\\\/pt\\\/encuentro-de-mujeres-chile\\\/\"},\"author\":{\"name\":\"Samnaz\",\"@id\":\"https:\\\/\\\/www.samnaz.org\\\/#\\\/schema\\\/person\\\/c09d1131c49ba510c7e1cbb677b39927\"},\"headline\":\"ENCUENTRO DE MUJERES CHILE\",\"datePublished\":\"2018-09-10T06:22:18+00:00\",\"dateModified\":\"2021-11-26T14:09:21+00:00\",\"mainEntityOfPage\":{\"@id\":\"https:\\\/\\\/www.samnaz.org\\\/pt\\\/encuentro-de-mujeres-chile\\\/\"},\"wordCount\":346,\"publisher\":{\"@id\":\"https:\\\/\\\/www.samnaz.org\\\/#organization\"},\"image\":{\"@id\":\"https:\\\/\\\/www.samnaz.org\\\/pt\\\/encuentro-de-mujeres-chile\\\/#primaryimage\"},\"thumbnailUrl\":\"https:\\\/\\\/www.samnaz.org\\\/wp-content\\\/uploads\\\/2018\\\/09\\\/20180825_192746-scaled.jpg\",\"articleSection\":[\"Chile\",\"Ministerio a la Mujer\"],\"inLanguage\":\"pt-BR\"},{\"@type\":\"WebPage\",\"@id\":\"https:\\\/\\\/www.samnaz.org\\\/pt\\\/encuentro-de-mujeres-chile\\\/\",\"url\":\"https:\\\/\\\/www.samnaz.org\\\/pt\\\/encuentro-de-mujeres-chile\\\/\",\"name\":\"ENCUENTRO DE MUJERES CHILE | Iglesia del Nazareno Am\u00e9rica del Sur\",\"isPartOf\":{\"@id\":\"https:\\\/\\\/www.samnaz.org\\\/#website\"},\"primaryImageOfPage\":{\"@id\":\"https:\\\/\\\/www.samnaz.org\\\/pt\\\/encuentro-de-mujeres-chile\\\/#primaryimage\"},\"image\":{\"@id\":\"https:\\\/\\\/www.samnaz.org\\\/pt\\\/encuentro-de-mujeres-chile\\\/#primaryimage\"},\"thumbnailUrl\":\"https:\\\/\\\/www.samnaz.org\\\/wp-content\\\/uploads\\\/2018\\\/09\\\/20180825_192746-scaled.jpg\",\"datePublished\":\"2018-09-10T06:22:18+00:00\",\"dateModified\":\"2021-11-26T14:09:21+00:00\",\"inLanguage\":\"pt-BR\",\"potentialAction\":[{\"@type\":\"ReadAction\",\"target\":[\"https:\\\/\\\/www.samnaz.org\\\/pt\\\/encuentro-de-mujeres-chile\\\/\"]}]},{\"@type\":\"ImageObject\",\"inLanguage\":\"pt-BR\",\"@id\":\"https:\\\/\\\/www.samnaz.org\\\/pt\\\/encuentro-de-mujeres-chile\\\/#primaryimage\",\"url\":\"https:\\\/\\\/www.samnaz.org\\\/wp-content\\\/uploads\\\/2018\\\/09\\\/20180825_192746-scaled.jpg\",\"contentUrl\":\"https:\\\/\\\/www.samnaz.org\\\/wp-content\\\/uploads\\\/2018\\\/09\\\/20180825_192746-scaled.jpg\",\"width\":2560,\"height\":1920},{\"@type\":\"WebSite\",\"@id\":\"https:\\\/\\\/www.samnaz.org\\\/#website\",\"url\":\"https:\\\/\\\/www.samnaz.org\\\/\",\"name\":\"Haciendo Disc\u00edpulos Semejantes a Cristo en las naciones\",\"description\":\"Haciendo disc\u00edpulos semejantes a Cristo en las Naciones\",\"publisher\":{\"@id\":\"https:\\\/\\\/www.samnaz.org\\\/#organization\"},\"alternateName\":\"Viviendo la Gran Comisi\u00f3n\",\"potentialAction\":[{\"@type\":\"SearchAction\",\"target\":{\"@type\":\"EntryPoint\",\"urlTemplate\":\"https:\\\/\\\/www.samnaz.org\\\/?s={search_term_string}\"},\"query-input\":{\"@type\":\"PropertyValueSpecification\",\"valueRequired\":true,\"valueName\":\"search_term_string\"}}],\"inLanguage\":\"pt-BR\"},{\"@type\":\"Organization\",\"@id\":\"https:\\\/\\\/www.samnaz.org\\\/#organization\",\"name\":\"Iglesia del Nazareno Am\u00e9rica del Sur\",\"url\":\"https:\\\/\\\/www.samnaz.org\\\/\",\"logo\":{\"@type\":\"ImageObject\",\"inLanguage\":\"pt-BR\",\"@id\":\"https:\\\/\\\/www.samnaz.org\\\/#\\\/schema\\\/logo\\\/image\\\/\",\"url\":\"https:\\\/\\\/www.samnaz.org\\\/wp-content\\\/uploads\\\/2021\\\/04\\\/Logo-3-ESP.png\",\"contentUrl\":\"https:\\\/\\\/www.samnaz.org\\\/wp-content\\\/uploads\\\/2021\\\/04\\\/Logo-3-ESP.png\",\"width\":1041,\"height\":780,\"caption\":\"Iglesia del Nazareno Am\u00e9rica del Sur\"},\"image\":{\"@id\":\"https:\\\/\\\/www.samnaz.org\\\/#\\\/schema\\\/logo\\\/image\\\/\"},\"sameAs\":[\"https:\\\/\\\/www.facebook.com\\\/NazarenoEsp\",\"https:\\\/\\\/www.instagram.com\\\/nazarenoesp\\\/\"],\"publishingPrinciples\":\"https:\\\/\\\/www.samnaz.org\\\/\"},{\"@type\":\"Person\",\"@id\":\"https:\\\/\\\/www.samnaz.org\\\/#\\\/schema\\\/person\\\/c09d1131c49ba510c7e1cbb677b39927\",\"name\":\"Samnaz\",\"image\":{\"@type\":\"ImageObject\",\"inLanguage\":\"pt-BR\",\"@id\":\"https:\\\/\\\/secure.gravatar.com\\\/avatar\\\/a5baaf0e270319d09c0efce6a9dd03ff93175913c70afe26595c0069c83fa6dc?s=96&d=mm&r=g\",\"url\":\"https:\\\/\\\/secure.gravatar.com\\\/avatar\\\/a5baaf0e270319d09c0efce6a9dd03ff93175913c70afe26595c0069c83fa6dc?s=96&d=mm&r=g\",\"contentUrl\":\"https:\\\/\\\/secure.gravatar.com\\\/avatar\\\/a5baaf0e270319d09c0efce6a9dd03ff93175913c70afe26595c0069c83fa6dc?s=96&d=mm&r=g\",\"caption\":\"Samnaz\"}}]}<\/script>\n<!-- \/ Yoast SEO Premium plugin. -->","yoast_head_json":{"title":"ENCUENTRO DE MUJERES CHILE | Iglesia del Nazareno Am\u00e9rica del Sur","robots":{"index":"noindex","follow":"follow"},"og_locale":"pt_BR","og_type":"article","og_title":"ENCUENTRO DE MUJERES CHILE | Iglesia del Nazareno Am\u00e9rica del Sur","og_url":"https:\/\/www.samnaz.org\/pt\/encuentro-de-mujeres-chile\/","og_site_name":"Iglesia del Nazareno Am\u00e9rica del Sur","article_publisher":"https:\/\/www.facebook.com\/NazarenoEsp","article_published_time":"2018-09-10T06:22:18+00:00","article_modified_time":"2021-11-26T14:09:21+00:00","og_image":[{"width":2560,"height":1920,"url":"https:\/\/www.samnaz.org\/wp-content\/uploads\/2018\/09\/20180825_192746-scaled.jpg","type":"image\/jpeg"}],"author":"Samnaz","twitter_card":"summary_large_image","twitter_misc":{"Escrito por":"Samnaz","Est. tempo de leitura":"2 minutos"},"schema":{"@context":"https:\/\/schema.org","@graph":[{"@type":"Article","@id":"https:\/\/www.samnaz.org\/pt\/encuentro-de-mujeres-chile\/#article","isPartOf":{"@id":"https:\/\/www.samnaz.org\/pt\/encuentro-de-mujeres-chile\/"},"author":{"name":"Samnaz","@id":"https:\/\/www.samnaz.org\/#\/schema\/person\/c09d1131c49ba510c7e1cbb677b39927"},"headline":"ENCUENTRO DE MUJERES CHILE","datePublished":"2018-09-10T06:22:18+00:00","dateModified":"2021-11-26T14:09:21+00:00","mainEntityOfPage":{"@id":"https:\/\/www.samnaz.org\/pt\/encuentro-de-mujeres-chile\/"},"wordCount":346,"publisher":{"@id":"https:\/\/www.samnaz.org\/#organization"},"image":{"@id":"https:\/\/www.samnaz.org\/pt\/encuentro-de-mujeres-chile\/#primaryimage"},"thumbnailUrl":"https:\/\/www.samnaz.org\/wp-content\/uploads\/2018\/09\/20180825_192746-scaled.jpg","articleSection":["Chile","Ministerio a la Mujer"],"inLanguage":"pt-BR"},{"@type":"WebPage","@id":"https:\/\/www.samnaz.org\/pt\/encuentro-de-mujeres-chile\/","url":"https:\/\/www.samnaz.org\/pt\/encuentro-de-mujeres-chile\/","name":"ENCUENTRO DE MUJERES CHILE | Iglesia del Nazareno Am\u00e9rica del Sur","isPartOf":{"@id":"https:\/\/www.samnaz.org\/#website"},"primaryImageOfPage":{"@id":"https:\/\/www.samnaz.org\/pt\/encuentro-de-mujeres-chile\/#primaryimage"},"image":{"@id":"https:\/\/www.samnaz.org\/pt\/encuentro-de-mujeres-chile\/#primaryimage"},"thumbnailUrl":"https:\/\/www.samnaz.org\/wp-content\/uploads\/2018\/09\/20180825_192746-scaled.jpg","datePublished":"2018-09-10T06:22:18+00:00","dateModified":"2021-11-26T14:09:21+00:00","inLanguage":"pt-BR","potentialAction":[{"@type":"ReadAction","target":["https:\/\/www.samnaz.org\/pt\/encuentro-de-mujeres-chile\/"]}]},{"@type":"ImageObject","inLanguage":"pt-BR","@id":"https:\/\/www.samnaz.org\/pt\/encuentro-de-mujeres-chile\/#primaryimage","url":"https:\/\/www.samnaz.org\/wp-content\/uploads\/2018\/09\/20180825_192746-scaled.jpg","contentUrl":"https:\/\/www.samnaz.org\/wp-content\/uploads\/2018\/09\/20180825_192746-scaled.jpg","width":2560,"height":1920},{"@type":"WebSite","@id":"https:\/\/www.samnaz.org\/#website","url":"https:\/\/www.samnaz.org\/","name":"Haciendo Disc\u00edpulos Semejantes a Cristo en las naciones","description":"Haciendo disc\u00edpulos semejantes a Cristo en las Naciones","publisher":{"@id":"https:\/\/www.samnaz.org\/#organization"},"alternateName":"Viviendo la Gran Comisi\u00f3n","potentialAction":[{"@type":"SearchAction","target":{"@type":"EntryPoint","urlTemplate":"https:\/\/www.samnaz.org\/?s={search_term_string}"},"query-input":{"@type":"PropertyValueSpecification","valueRequired":true,"valueName":"search_term_string"}}],"inLanguage":"pt-BR"},{"@type":"Organization","@id":"https:\/\/www.samnaz.org\/#organization","name":"Iglesia del Nazareno Am\u00e9rica del Sur","url":"https:\/\/www.samnaz.org\/","logo":{"@type":"ImageObject","inLanguage":"pt-BR","@id":"https:\/\/www.samnaz.org\/#\/schema\/logo\/image\/","url":"https:\/\/www.samnaz.org\/wp-content\/uploads\/2021\/04\/Logo-3-ESP.png","contentUrl":"https:\/\/www.samnaz.org\/wp-content\/uploads\/2021\/04\/Logo-3-ESP.png","width":1041,"height":780,"caption":"Iglesia del Nazareno Am\u00e9rica del Sur"},"image":{"@id":"https:\/\/www.samnaz.org\/#\/schema\/logo\/image\/"},"sameAs":["https:\/\/www.facebook.com\/NazarenoEsp","https:\/\/www.instagram.com\/nazarenoesp\/"],"publishingPrinciples":"https:\/\/www.samnaz.org\/"},{"@type":"Person","@id":"https:\/\/www.samnaz.org\/#\/schema\/person\/c09d1131c49ba510c7e1cbb677b39927","name":"Samnaz","image":{"@type":"ImageObject","inLanguage":"pt-BR","@id":"https:\/\/secure.gravatar.com\/avatar\/a5baaf0e270319d09c0efce6a9dd03ff93175913c70afe26595c0069c83fa6dc?s=96&d=mm&r=g","url":"https:\/\/secure.gravatar.com\/avatar\/a5baaf0e270319d09c0efce6a9dd03ff93175913c70afe26595c0069c83fa6dc?s=96&d=mm&r=g","contentUrl":"https:\/\/secure.gravatar.com\/avatar\/a5baaf0e270319d09c0efce6a9dd03ff93175913c70afe26595c0069c83fa6dc?s=96&d=mm&r=g","caption":"Samnaz"}}]}},"_links":{"self":[{"href":"https:\/\/www.samnaz.org\/pt\/wp-json\/wp\/v2\/posts\/35286","targetHints":{"allow":["GET"]}}],"collection":[{"href":"https:\/\/www.samnaz.org\/pt\/wp-json\/wp\/v2\/posts"}],"about":[{"href":"https:\/\/www.samnaz.org\/pt\/wp-json\/wp\/v2\/types\/post"}],"author":[{"embeddable":true,"href":"https:\/\/www.samnaz.org\/pt\/wp-json\/wp\/v2\/users\/4"}],"replies":[{"embeddable":true,"href":"https:\/\/www.samnaz.org\/pt\/wp-json\/wp\/v2\/comments?post=35286"}],"version-history":[{"count":1,"href":"https:\/\/www.samnaz.org\/pt\/wp-json\/wp\/v2\/posts\/35286\/revisions"}],"predecessor-version":[{"id":35291,"href":"https:\/\/www.samnaz.org\/pt\/wp-json\/wp\/v2\/posts\/35286\/revisions\/35291"}],"wp:featuredmedia":[{"embeddable":true,"href":"https:\/\/www.samnaz.org\/pt\/wp-json\/wp\/v2\/media\/35287"}],"wp:attachment":[{"href":"https:\/\/www.samnaz.org\/pt\/wp-json\/wp\/v2\/media?parent=35286"}],"wp:term":[{"taxonomy":"category","embeddable":true,"href":"https:\/\/www.samnaz.org\/pt\/wp-json\/wp\/v2\/categories?post=35286"},{"taxonomy":"post_tag","embeddable":true,"href":"https:\/\/www.samnaz.org\/pt\/wp-json\/wp\/v2\/tags?post=35286"}],"curies":[{"name":"wp","href":"https:\/\/api.w.org\/{rel}","templated":true}]}}