{"id":35395,"date":"2021-05-09T12:10:29","date_gmt":"2021-05-09T15:10:29","guid":{"rendered":"https:\/\/www.samnaz.org\/?p=33470"},"modified":"2021-11-26T11:09:05","modified_gmt":"2021-11-26T14:09:05","slug":"75-anos-en-bolivia","status":"publish","type":"post","link":"https:\/\/www.samnaz.org\/pt\/75-anos-en-bolivia\/","title":{"rendered":"75 ANOS NA BOL\u00cdVIA!"},"content":{"rendered":"[et_pb_section fb_built=\u00bb1&#8243; _builder_version=\u00bb3.22&#8243; custom_padding=\u00bb0px|0px|3px|0px\u00bb][et_pb_row _builder_version=\u00bb3.25&#8243; column_structure=\u00bb2_3,1_3&#8243;][et_pb_column type=\u00bb2_3&#8243; _builder_version=\u00bb3.25&#8243; custom_padding=\u00bb|||\u00bb custom_padding__hover=\u00bb|||\u00bb][et_pb_post_title categories=\u00bboff\u00bb _builder_version=\u00bb3.0.105&#8243; title_font=\u00bb||||||||\u00bb title_text_color=\u00bb#db6553&#8243; title_font_size=\u00bb35px\u00bb meta_font=\u00bb||||||||\u00bb meta_font_size=\u00bb13px\u00bb][\/et_pb_post_title][et_pb_text _builder_version=\u00bb4.9.2&#8243; hover_enabled=\u00bb0&#8243; sticky_enabled=\u00bb0&#8243;]<p style=\"text-align: justify;\" class=\"translation-block\"><strong>(CNAS Bolivia) <\/strong>En conmemoraci\u00f3n a los 75 a\u00f1os de ministerio de la Iglesia del Nazareno en Bolivia, se organizo la semana aniversario del 11 al 18 de abril del 2021, con la direcci\u00f3n de diferentes ministerios de la Iglesia a n\u00edvel nacional.<\/p>\n<p style=\"text-align: justify;\">No domingo 11 de abril, a celebra\u00e7\u00e3o come\u00e7ou com um dia de jejum e ora\u00e7\u00e3o pela equipe das Miss\u00f5es Nazarenas Internacionais (MNI) na Bol\u00edvia, foi realizada em tr\u00eas turnos, com a participa\u00e7\u00e3o dos seis distritos; esta atividade foi liderada por diferentes presidentes distritais de MNI.<\/p>\n<p style=\"text-align: justify;\">Na segunda-feira, 12 de abril, o servi\u00e7o oficial de inaugura\u00e7\u00e3o para o 75\u00ba anivers\u00e1rio foi realizado na igreja de Munaypata pela comiss\u00e3o organizadora chefiada pela Pastora Eugenia Maldonado. O Rev. Macedonio Daza foi encarregado de relatar brevemente o in\u00edcio e o desenvolvimento da igreja ao longo dos anos.<\/p>\n<p style=\"text-align: justify;\">Na ter\u00e7a-feira, 13 de abril, a participa\u00e7\u00e3o especial dos Minist\u00e9rios da Crian\u00e7a, CAF\u00c9, MAM, VID e Plenitud de Vida liderados pela coordenadora nacional Pamela Delgadillo Peralta; O Rev. Napole\u00f3n Guerrero Coordenador Integral dos Minist\u00e9rios da Bol\u00edvia se encarregou de compartilhar a palavra de Deus.<\/p>\n<p style=\"text-align: justify;\">A equipe da MNI chefiada por Claudia Baldivieso, Coordenadora Nacional, estava encarregada do programa na quarta-feira, 14 de abril, sob o tema \u201cA chamada para fazer miss\u00f5es\u201d; Na ocasi\u00e3o, contou com a participa\u00e7\u00e3o do Rev. Evelio V\u00e1zquez, Coordenador de Estrat\u00e9gia da \u00c1rea Andina Central, que compartilhou a palavra de Deus, desafiando a continuar a Miss\u00e3o da Igreja na Bol\u00edvia.<\/p>\n<p style=\"text-align: justify;\">Na quinta-feira, 15 de abril, a JNI estava encarregada da celebra\u00e7\u00e3o da cidade de Cochabamba, Pablo Su\u00e1rez, Coordenador Nacional do JNI, Juan Jos\u00e9 Peralta Coordenador Nacional de Comunica\u00e7\u00f5es, junto com a equipe nacional do JNI estavam no comando. O Rev. David Gonz\u00e1lez, Diretor Global da JNI compartilhou o ensino desafiador de jovens para continuar o legado de 75 anos de trabalho ministerial, al\u00e9m disso, o Rev. Christiano Malta, presidente da JNI na Am\u00e9rica do Sul, falou palavras de ora\u00e7\u00e3o. E obrigado por isto Tempo.<\/p>\n<p style=\"text-align: justify;\">Na sexta-feira, dia 16, foi a vez do Semin\u00e1rio Nazareno Boliviano orientar a celebra\u00e7\u00e3o, na qual participaram autoridades administrativas, professores e at\u00e9 estudantes de todos os distritos, dando testemunho de como a Igreja do Nazareno tem permitido a forma\u00e7\u00e3o teol\u00f3gica para o servi\u00e7o ministerial.<\/p>\n<p style=\"text-align: justify;\">A tarde do s\u00e1bado 17, foi um momento muito especial, da Igreja \"16 de Julio\", na cidade de La Paz, foi celebrado o servi\u00e7o de reconhecimento da trajet\u00f3ria de pastores, seminaristas e dirigentes da Igreja do Nazareno. . ao longo destes 75 anos; Na ocasi\u00e3o, o Dr. Christian Sarmiento, Diretor Regional da Igreja do Nazareno na Am\u00e9rica do Sul, compartilhou a palavra de Deus.<\/p>\n<p style=\"text-align: justify;\">Finalmente, no domingo, 18 de abril, foi realizado o servi\u00e7o central de a\u00e7\u00e3o de gra\u00e7as pelo 75\u00ba anivers\u00e1rio nas instala\u00e7\u00f5es da igreja \u201cMemorial Winchester\u201d no distrito de La Paz, nesta ocasi\u00e3o eles tiveram o privil\u00e9gio de receber a palavra de Deus do Dr. .Gustavo Crocker, Superintendente Geral em Jurisdi\u00e7\u00e3o da Regi\u00e3o Am\u00e9rica do Sul, que destacou a import\u00e2ncia de cumprir 75 anos de trabalho ministerial, este \u00e9 um sinal de convic\u00e7\u00e3o, perseveran\u00e7a e principalmente cumprimento da grande comiss\u00e3o. Ele desafiou a igreja na Bol\u00edvia a manter a presen\u00e7a de Deus nos pr\u00f3ximos anos atrav\u00e9s da prega\u00e7\u00e3o, busca e consagra\u00e7\u00e3o na santidade, tomando cuidado para n\u00e3o cair na mediocridade do templismo, que o trabalho da igreja \u00e9 lutar contra o inferno pelas almas dos perdido.<\/p>\n<p style=\"text-align: justify;\">Gl\u00f3ria a Deus por estes 75 anos da Igreja do Nazareno na Bol\u00edvia!<\/p>\n<p style=\"text-align: justify;\" class=\"translation-block\"><strong> <em> Fonte: <\/em> <\/strong> <em> Nazarenas Communications - Bol\u00edvia <\/em><\/p>\n<p style=\"text-align: justify;\"><em><\/em><\/p>\n<p style=\"text-align: justify;\"><em><\/em><\/p>[\/et_pb_text][et_pb_gallery gallery_ids=\u00bb33485,33499,33483,33497,33481,33479,33489,33491,33475,33495,33473,33477,33493,33487&#8243; posts_number=\u00bb18&#8243; show_title_and_caption=\u00bboff\u00bb _builder_version=\u00bb4.9.2&#8243; hover_enabled=\u00bb0&#8243; pagination_font_size_tablet=\u00bb51&#8243; pagination_line_height_tablet=\u00bb2&#8243; sticky_enabled=\u00bb0&#8243;][\/et_pb_gallery][\/et_pb_column][et_pb_column type=\u00bb1_3&#8243; _builder_version=\u00bb3.25&#8243; custom_padding=\u00bb|||\u00bb custom_padding__hover=\u00bb|||\u00bb][et_pb_sidebar orientation=\u00bbright\u00bb area=\u00bbsidebar-1&#8243; _builder_version=\u00bb3.0.105&#8243; header_text_color=\u00bb#db6553&#8243; header_font_size=\u00bb14&#8243; text_orientation=\u00bbright\u00bb][\/et_pb_sidebar][\/et_pb_column][\/et_pb_row][\/et_pb_section]\n<span class=\"et_bloom_bottom_trigger\"><\/span>","protected":false},"excerpt":{"rendered":"<p>(CNAS Bolivia) En conmemoraci\u00f3n a los 75 a\u00f1os de ministerio de la Iglesia del Nazareno en Bolivia, se organizo la semana aniversario del 11 al 18 de abril del 2021, con la direcci\u00f3n de diferentes ministerios de la Iglesia a nivel nacional. El domingo 11 de abril, se inicio la celebraci\u00f3n con la jornada de [&hellip;]<\/p>","protected":false},"author":4,"featured_media":35396,"comment_status":"closed","ping_status":"closed","sticky":false,"template":"","format":"standard","meta":{"_et_pb_use_builder":"on","_et_pb_old_content":"","_et_gb_content_width":"2880","_monsterinsights_skip_tracking":false,"_monsterinsights_sitenote_active":false,"_monsterinsights_sitenote_note":"","_monsterinsights_sitenote_category":0,"_vp_format_video_url":"","_vp_image_focal_point":[],"footnotes":""},"categories":[52],"tags":[],"class_list":["post-35395","post","type-post","status-publish","format-standard","has-post-thumbnail","hentry","category-bolivia"],"yoast_head":"<!-- This site is optimized with the Yoast SEO Premium plugin v23.6 (Yoast SEO v27.5) - https:\/\/yoast.com\/product\/yoast-seo-premium-wordpress\/ -->\n<title>\u00a175 A\u00d1OS EN BOLIVIA! | Iglesia del Nazareno Am\u00e9rica del Sur<\/title>\n<meta name=\"description\" content=\"Iglesia del Nazareno Bolivia celebra 75 A\u00f1os\" \/>\n<meta name=\"robots\" content=\"noindex, follow\" \/>\n<meta property=\"og:locale\" content=\"pt_BR\" \/>\n<meta property=\"og:type\" content=\"article\" \/>\n<meta property=\"og:title\" content=\"\u00a175 A\u00d1OS EN BOLIVIA! | Iglesia del Nazareno Am\u00e9rica del Sur\" \/>\n<meta property=\"og:description\" content=\"Iglesia del Nazareno Bolivia celebra 75 A\u00f1os\" \/>\n<meta property=\"og:url\" content=\"https:\/\/www.samnaz.org\/pt\/75-anos-en-bolivia\/\" \/>\n<meta property=\"og:site_name\" content=\"Iglesia del Nazareno Am\u00e9rica del Sur\" \/>\n<meta property=\"article:publisher\" content=\"https:\/\/www.facebook.com\/NazarenoEsp\" \/>\n<meta property=\"article:published_time\" content=\"2021-05-09T15:10:29+00:00\" \/>\n<meta property=\"article:modified_time\" content=\"2021-11-26T14:09:05+00:00\" \/>\n<meta property=\"og:image\" content=\"https:\/\/www.samnaz.org\/wp-content\/uploads\/2021\/05\/Foto08-scaled.jpeg\" \/>\n\t<meta property=\"og:image:width\" content=\"2560\" \/>\n\t<meta property=\"og:image:height\" content=\"1600\" \/>\n\t<meta property=\"og:image:type\" content=\"image\/jpeg\" \/>\n<meta name=\"author\" content=\"Samnaz\" \/>\n<meta name=\"twitter:card\" content=\"summary_large_image\" \/>\n<meta name=\"twitter:label1\" content=\"Escrito por\" \/>\n\t<meta name=\"twitter:data1\" content=\"Samnaz\" \/>\n\t<meta name=\"twitter:label2\" content=\"Est. tempo de leitura\" \/>\n\t<meta name=\"twitter:data2\" content=\"4 minutos\" \/>\n<script type=\"application\/ld+json\" class=\"yoast-schema-graph\">{\"@context\":\"https:\\\/\\\/schema.org\",\"@graph\":[{\"@type\":\"Article\",\"@id\":\"https:\\\/\\\/www.samnaz.org\\\/75-anos-en-bolivia\\\/#article\",\"isPartOf\":{\"@id\":\"https:\\\/\\\/www.samnaz.org\\\/75-anos-en-bolivia\\\/\"},\"author\":{\"name\":\"Samnaz\",\"@id\":\"https:\\\/\\\/www.samnaz.org\\\/#\\\/schema\\\/person\\\/c09d1131c49ba510c7e1cbb677b39927\"},\"headline\":\"\u00a175 A\u00d1OS EN BOLIVIA!\",\"datePublished\":\"2021-05-09T15:10:29+00:00\",\"dateModified\":\"2021-11-26T14:09:05+00:00\",\"mainEntityOfPage\":{\"@id\":\"https:\\\/\\\/www.samnaz.org\\\/75-anos-en-bolivia\\\/\"},\"wordCount\":799,\"publisher\":{\"@id\":\"https:\\\/\\\/www.samnaz.org\\\/#organization\"},\"image\":{\"@id\":\"https:\\\/\\\/www.samnaz.org\\\/75-anos-en-bolivia\\\/#primaryimage\"},\"thumbnailUrl\":\"https:\\\/\\\/www.samnaz.org\\\/wp-content\\\/uploads\\\/2021\\\/05\\\/Foto08-scaled.jpeg\",\"articleSection\":[\"Bolivia\"],\"inLanguage\":\"pt-BR\"},{\"@type\":\"WebPage\",\"@id\":\"https:\\\/\\\/www.samnaz.org\\\/75-anos-en-bolivia\\\/\",\"url\":\"https:\\\/\\\/www.samnaz.org\\\/75-anos-en-bolivia\\\/\",\"name\":\"\u00a175 A\u00d1OS EN BOLIVIA! | Iglesia del Nazareno Am\u00e9rica del Sur\",\"isPartOf\":{\"@id\":\"https:\\\/\\\/www.samnaz.org\\\/#website\"},\"primaryImageOfPage\":{\"@id\":\"https:\\\/\\\/www.samnaz.org\\\/75-anos-en-bolivia\\\/#primaryimage\"},\"image\":{\"@id\":\"https:\\\/\\\/www.samnaz.org\\\/75-anos-en-bolivia\\\/#primaryimage\"},\"thumbnailUrl\":\"https:\\\/\\\/www.samnaz.org\\\/wp-content\\\/uploads\\\/2021\\\/05\\\/Foto08-scaled.jpeg\",\"datePublished\":\"2021-05-09T15:10:29+00:00\",\"dateModified\":\"2021-11-26T14:09:05+00:00\",\"description\":\"Iglesia del Nazareno Bolivia celebra 75 A\u00f1os\",\"inLanguage\":\"pt-BR\",\"potentialAction\":[{\"@type\":\"ReadAction\",\"target\":[\"https:\\\/\\\/www.samnaz.org\\\/75-anos-en-bolivia\\\/\"]}]},{\"@type\":\"ImageObject\",\"inLanguage\":\"pt-BR\",\"@id\":\"https:\\\/\\\/www.samnaz.org\\\/75-anos-en-bolivia\\\/#primaryimage\",\"url\":\"https:\\\/\\\/www.samnaz.org\\\/wp-content\\\/uploads\\\/2021\\\/05\\\/Foto08-scaled.jpeg\",\"contentUrl\":\"https:\\\/\\\/www.samnaz.org\\\/wp-content\\\/uploads\\\/2021\\\/05\\\/Foto08-scaled.jpeg\",\"width\":2560,\"height\":1600},{\"@type\":\"WebSite\",\"@id\":\"https:\\\/\\\/www.samnaz.org\\\/#website\",\"url\":\"https:\\\/\\\/www.samnaz.org\\\/\",\"name\":\"Haciendo Disc\u00edpulos Semejantes a Cristo en las naciones\",\"description\":\"Haciendo disc\u00edpulos semejantes a Cristo en las Naciones\",\"publisher\":{\"@id\":\"https:\\\/\\\/www.samnaz.org\\\/#organization\"},\"alternateName\":\"Viviendo la Gran Comisi\u00f3n\",\"potentialAction\":[{\"@type\":\"SearchAction\",\"target\":{\"@type\":\"EntryPoint\",\"urlTemplate\":\"https:\\\/\\\/www.samnaz.org\\\/?s={search_term_string}\"},\"query-input\":{\"@type\":\"PropertyValueSpecification\",\"valueRequired\":true,\"valueName\":\"search_term_string\"}}],\"inLanguage\":\"pt-BR\"},{\"@type\":\"Organization\",\"@id\":\"https:\\\/\\\/www.samnaz.org\\\/#organization\",\"name\":\"Iglesia del Nazareno Am\u00e9rica del Sur\",\"url\":\"https:\\\/\\\/www.samnaz.org\\\/\",\"logo\":{\"@type\":\"ImageObject\",\"inLanguage\":\"pt-BR\",\"@id\":\"https:\\\/\\\/www.samnaz.org\\\/#\\\/schema\\\/logo\\\/image\\\/\",\"url\":\"https:\\\/\\\/www.samnaz.org\\\/wp-content\\\/uploads\\\/2021\\\/04\\\/Logo-3-ESP.png\",\"contentUrl\":\"https:\\\/\\\/www.samnaz.org\\\/wp-content\\\/uploads\\\/2021\\\/04\\\/Logo-3-ESP.png\",\"width\":1041,\"height\":780,\"caption\":\"Iglesia del Nazareno Am\u00e9rica del Sur\"},\"image\":{\"@id\":\"https:\\\/\\\/www.samnaz.org\\\/#\\\/schema\\\/logo\\\/image\\\/\"},\"sameAs\":[\"https:\\\/\\\/www.facebook.com\\\/NazarenoEsp\",\"https:\\\/\\\/www.instagram.com\\\/nazarenoesp\\\/\"],\"publishingPrinciples\":\"https:\\\/\\\/www.samnaz.org\\\/\"},{\"@type\":\"Person\",\"@id\":\"https:\\\/\\\/www.samnaz.org\\\/#\\\/schema\\\/person\\\/c09d1131c49ba510c7e1cbb677b39927\",\"name\":\"Samnaz\",\"image\":{\"@type\":\"ImageObject\",\"inLanguage\":\"pt-BR\",\"@id\":\"https:\\\/\\\/secure.gravatar.com\\\/avatar\\\/a5baaf0e270319d09c0efce6a9dd03ff93175913c70afe26595c0069c83fa6dc?s=96&d=mm&r=g\",\"url\":\"https:\\\/\\\/secure.gravatar.com\\\/avatar\\\/a5baaf0e270319d09c0efce6a9dd03ff93175913c70afe26595c0069c83fa6dc?s=96&d=mm&r=g\",\"contentUrl\":\"https:\\\/\\\/secure.gravatar.com\\\/avatar\\\/a5baaf0e270319d09c0efce6a9dd03ff93175913c70afe26595c0069c83fa6dc?s=96&d=mm&r=g\",\"caption\":\"Samnaz\"}}]}<\/script>\n<!-- \/ Yoast SEO Premium plugin. -->","yoast_head_json":{"title":"\u00a175 A\u00d1OS EN BOLIVIA! | Iglesia del Nazareno Am\u00e9rica del Sur","description":"Iglesia del Nazareno Bolivia celebra 75 A\u00f1os","robots":{"index":"noindex","follow":"follow"},"og_locale":"pt_BR","og_type":"article","og_title":"\u00a175 A\u00d1OS EN BOLIVIA! | Iglesia del Nazareno Am\u00e9rica del Sur","og_description":"Iglesia del Nazareno Bolivia celebra 75 A\u00f1os","og_url":"https:\/\/www.samnaz.org\/pt\/75-anos-en-bolivia\/","og_site_name":"Iglesia del Nazareno Am\u00e9rica del Sur","article_publisher":"https:\/\/www.facebook.com\/NazarenoEsp","article_published_time":"2021-05-09T15:10:29+00:00","article_modified_time":"2021-11-26T14:09:05+00:00","og_image":[{"width":2560,"height":1600,"url":"https:\/\/www.samnaz.org\/wp-content\/uploads\/2021\/05\/Foto08-scaled.jpeg","type":"image\/jpeg"}],"author":"Samnaz","twitter_card":"summary_large_image","twitter_misc":{"Escrito por":"Samnaz","Est. tempo de leitura":"4 minutos"},"schema":{"@context":"https:\/\/schema.org","@graph":[{"@type":"Article","@id":"https:\/\/www.samnaz.org\/75-anos-en-bolivia\/#article","isPartOf":{"@id":"https:\/\/www.samnaz.org\/75-anos-en-bolivia\/"},"author":{"name":"Samnaz","@id":"https:\/\/www.samnaz.org\/#\/schema\/person\/c09d1131c49ba510c7e1cbb677b39927"},"headline":"\u00a175 A\u00d1OS EN BOLIVIA!","datePublished":"2021-05-09T15:10:29+00:00","dateModified":"2021-11-26T14:09:05+00:00","mainEntityOfPage":{"@id":"https:\/\/www.samnaz.org\/75-anos-en-bolivia\/"},"wordCount":799,"publisher":{"@id":"https:\/\/www.samnaz.org\/#organization"},"image":{"@id":"https:\/\/www.samnaz.org\/75-anos-en-bolivia\/#primaryimage"},"thumbnailUrl":"https:\/\/www.samnaz.org\/wp-content\/uploads\/2021\/05\/Foto08-scaled.jpeg","articleSection":["Bolivia"],"inLanguage":"pt-BR"},{"@type":"WebPage","@id":"https:\/\/www.samnaz.org\/75-anos-en-bolivia\/","url":"https:\/\/www.samnaz.org\/75-anos-en-bolivia\/","name":"\u00a175 A\u00d1OS EN BOLIVIA! | Iglesia del Nazareno Am\u00e9rica del Sur","isPartOf":{"@id":"https:\/\/www.samnaz.org\/#website"},"primaryImageOfPage":{"@id":"https:\/\/www.samnaz.org\/75-anos-en-bolivia\/#primaryimage"},"image":{"@id":"https:\/\/www.samnaz.org\/75-anos-en-bolivia\/#primaryimage"},"thumbnailUrl":"https:\/\/www.samnaz.org\/wp-content\/uploads\/2021\/05\/Foto08-scaled.jpeg","datePublished":"2021-05-09T15:10:29+00:00","dateModified":"2021-11-26T14:09:05+00:00","description":"Iglesia del Nazareno Bolivia celebra 75 A\u00f1os","inLanguage":"pt-BR","potentialAction":[{"@type":"ReadAction","target":["https:\/\/www.samnaz.org\/75-anos-en-bolivia\/"]}]},{"@type":"ImageObject","inLanguage":"pt-BR","@id":"https:\/\/www.samnaz.org\/75-anos-en-bolivia\/#primaryimage","url":"https:\/\/www.samnaz.org\/wp-content\/uploads\/2021\/05\/Foto08-scaled.jpeg","contentUrl":"https:\/\/www.samnaz.org\/wp-content\/uploads\/2021\/05\/Foto08-scaled.jpeg","width":2560,"height":1600},{"@type":"WebSite","@id":"https:\/\/www.samnaz.org\/#website","url":"https:\/\/www.samnaz.org\/","name":"Haciendo Disc\u00edpulos Semejantes a Cristo en las naciones","description":"Haciendo disc\u00edpulos semejantes a Cristo en las Naciones","publisher":{"@id":"https:\/\/www.samnaz.org\/#organization"},"alternateName":"Viviendo la Gran Comisi\u00f3n","potentialAction":[{"@type":"SearchAction","target":{"@type":"EntryPoint","urlTemplate":"https:\/\/www.samnaz.org\/?s={search_term_string}"},"query-input":{"@type":"PropertyValueSpecification","valueRequired":true,"valueName":"search_term_string"}}],"inLanguage":"pt-BR"},{"@type":"Organization","@id":"https:\/\/www.samnaz.org\/#organization","name":"Iglesia del Nazareno Am\u00e9rica del Sur","url":"https:\/\/www.samnaz.org\/","logo":{"@type":"ImageObject","inLanguage":"pt-BR","@id":"https:\/\/www.samnaz.org\/#\/schema\/logo\/image\/","url":"https:\/\/www.samnaz.org\/wp-content\/uploads\/2021\/04\/Logo-3-ESP.png","contentUrl":"https:\/\/www.samnaz.org\/wp-content\/uploads\/2021\/04\/Logo-3-ESP.png","width":1041,"height":780,"caption":"Iglesia del Nazareno Am\u00e9rica del Sur"},"image":{"@id":"https:\/\/www.samnaz.org\/#\/schema\/logo\/image\/"},"sameAs":["https:\/\/www.facebook.com\/NazarenoEsp","https:\/\/www.instagram.com\/nazarenoesp\/"],"publishingPrinciples":"https:\/\/www.samnaz.org\/"},{"@type":"Person","@id":"https:\/\/www.samnaz.org\/#\/schema\/person\/c09d1131c49ba510c7e1cbb677b39927","name":"Samnaz","image":{"@type":"ImageObject","inLanguage":"pt-BR","@id":"https:\/\/secure.gravatar.com\/avatar\/a5baaf0e270319d09c0efce6a9dd03ff93175913c70afe26595c0069c83fa6dc?s=96&d=mm&r=g","url":"https:\/\/secure.gravatar.com\/avatar\/a5baaf0e270319d09c0efce6a9dd03ff93175913c70afe26595c0069c83fa6dc?s=96&d=mm&r=g","contentUrl":"https:\/\/secure.gravatar.com\/avatar\/a5baaf0e270319d09c0efce6a9dd03ff93175913c70afe26595c0069c83fa6dc?s=96&d=mm&r=g","caption":"Samnaz"}}]}},"_links":{"self":[{"href":"https:\/\/www.samnaz.org\/pt\/wp-json\/wp\/v2\/posts\/35395","targetHints":{"allow":["GET"]}}],"collection":[{"href":"https:\/\/www.samnaz.org\/pt\/wp-json\/wp\/v2\/posts"}],"about":[{"href":"https:\/\/www.samnaz.org\/pt\/wp-json\/wp\/v2\/types\/post"}],"author":[{"embeddable":true,"href":"https:\/\/www.samnaz.org\/pt\/wp-json\/wp\/v2\/users\/4"}],"replies":[{"embeddable":true,"href":"https:\/\/www.samnaz.org\/pt\/wp-json\/wp\/v2\/comments?post=35395"}],"version-history":[{"count":1,"href":"https:\/\/www.samnaz.org\/pt\/wp-json\/wp\/v2\/posts\/35395\/revisions"}],"predecessor-version":[{"id":35452,"href":"https:\/\/www.samnaz.org\/pt\/wp-json\/wp\/v2\/posts\/35395\/revisions\/35452"}],"wp:featuredmedia":[{"embeddable":true,"href":"https:\/\/www.samnaz.org\/pt\/wp-json\/wp\/v2\/media\/35396"}],"wp:attachment":[{"href":"https:\/\/www.samnaz.org\/pt\/wp-json\/wp\/v2\/media?parent=35395"}],"wp:term":[{"taxonomy":"category","embeddable":true,"href":"https:\/\/www.samnaz.org\/pt\/wp-json\/wp\/v2\/categories?post=35395"},{"taxonomy":"post_tag","embeddable":true,"href":"https:\/\/www.samnaz.org\/pt\/wp-json\/wp\/v2\/tags?post=35395"}],"curies":[{"name":"wp","href":"https:\/\/api.w.org\/{rel}","templated":true}]}}