{"id":35423,"date":"2021-05-05T20:02:22","date_gmt":"2021-05-05T23:02:22","guid":{"rendered":"https:\/\/www.samnaz.org\/?p=33264"},"modified":"2021-11-26T11:09:06","modified_gmt":"2021-11-26T14:09:06","slug":"hasta-siempre-rev-enrique-solano-castro-1961-2021","status":"publish","type":"post","link":"https:\/\/www.samnaz.org\/pt\/hasta-siempre-rev-enrique-solano-castro-1961-2021\/","title":{"rendered":"<strong>\u00a1HASTA SIEMPRE!<\/strong> Rev. Enrique Solano Castro (1961 &#8211; 2021)"},"content":{"rendered":"[et_pb_section fb_built=\u00bb1&#8243; _builder_version=\u00bb3.22&#8243; custom_padding=\u00bb0px|0px|3px|0px\u00bb][et_pb_row column_structure=\u00bb2_3,1_3&#8243; _builder_version=\u00bb3.25&#8243;][et_pb_column type=\u00bb2_3&#8243; _builder_version=\u00bb3.25&#8243; custom_padding=\u00bb|||\u00bb custom_padding__hover=\u00bb|||\u00bb][et_pb_post_title categories=\u00bboff\u00bb _builder_version=\u00bb3.0.105&#8243; title_font=\u00bb||||||||\u00bb title_text_color=\u00bb#db6553&#8243; title_font_size=\u00bb35px\u00bb meta_font=\u00bb||||||||\u00bb meta_font_size=\u00bb13px\u00bb][\/et_pb_post_title][et_pb_text _builder_version=\u00bb4.9.2&#8243;]<p style=\"text-align: justify;\" class=\"translation-block\"><strong> (CNAS Peru) <\/strong> No domingo, 2 de maio de 2021, nosso amado irm\u00e3o, Rev. Enrique Solano Castro, iniciou sua jornada para a eternidade; confiando na promessa do nosso Deus eterno: <em> \"Eu sei que o meu Redentor vive, E finalmente ele se levantar\u00e1 acima do p\u00f3\" <\/em> J\u00f3 19:25. Sua vida \u00e9 um legado de amor e servi\u00e7o completo \u00e0 obra de Deus; origin\u00e1rio da cidade de Tum\u00e1n - Chiclayo, ao norte do Peru; Por\u00e9m, desde muito jovem se estabeleceu na cidade de Ja\u00e9n, uma cidade quente no nordeste do Peru, onde era l\u00edder da Igreja do Nazareno, formou uma bela fam\u00edlia com Sonia Rioja, com quem teve tr\u00eas filhos.<\/p>\n<p style=\"text-align: justify;\">\"Kike\" como era conhecido com carinho, fundou a Iglesia del Nazareno de Pueblo Libre-Ja\u00e9n e a pastorou por muitos anos; Ele tinha uma paix\u00e3o enorme pelos Minist\u00e9rios de Compaix\u00e3o, conseguiu estabelecer muitos Centros de Desenvolvimento Infantil nos distritos do Peru, a cada viagem, a cada reuni\u00e3o, ele era enfeitado com seu sorriso caracter\u00edstico, um sorriso com o qual seus amigos, fam\u00edlia e amada Igreja o lembram hoje.<\/p>\n<p style=\"text-align: justify;\" class=\"translation-block\">Em dezembro de 2019 foi nomeado pelo Superintendente Geral, Dr. Gustavo Crocker, Superintendente do <em> distrito do Alto Mara\u00f1\u00f3n <\/em>, cargo que assumiu com muito amor e paix\u00e3o. Nesta frente, ele treinou pastores e l\u00edderes locais, zonais e distritais; no qual ele deixou um legado de servi\u00e7o e adora\u00e7\u00e3o a Deus que durar\u00e1 para sempre. <em> \"Combati o bom combate, terminei a carreira, guardei a f\u00e9.\" <\/em> 2 Tim\u00f3teo 4: 7 \"Adeus, pastor!<\/p>\n<p style=\"text-align: justify;\" class=\"translation-block\"><strong> <em> Fonte: <\/em> <\/strong> <em> Nazarenas Communications - Peru. <\/em><\/p>[\/et_pb_text][et_pb_gallery gallery_ids=\u00bb33221,33227,33229,33231,33223,33225&#8243; show_title_and_caption=\u00bboff\u00bb _builder_version=\u00bb4.9.2&#8243; hover_enabled=\u00bb0&#8243; pagination_font_size_tablet=\u00bb51&#8243; pagination_line_height_tablet=\u00bb2&#8243; sticky_enabled=\u00bb0&#8243;][\/et_pb_gallery][\/et_pb_column][et_pb_column type=\u00bb1_3&#8243; _builder_version=\u00bb3.25&#8243; custom_padding=\u00bb|||\u00bb custom_padding__hover=\u00bb|||\u00bb][et_pb_sidebar orientation=\u00bbright\u00bb area=\u00bbsidebar-1&#8243; _builder_version=\u00bb3.0.105&#8243; header_text_color=\u00bb#db6553&#8243; header_font_size=\u00bb14&#8243; text_orientation=\u00bbright\u00bb][\/et_pb_sidebar][\/et_pb_column][\/et_pb_row][\/et_pb_section]\n<span class=\"et_bloom_bottom_trigger\"><\/span>","protected":false},"excerpt":{"rendered":"<p>(CNAS Per\u00fa) El d\u00eda \u00a0domingo 02 de mayo de 2021, nuestro amado hermano, el Rev. Enrique Solano Castro, inicio su viaje a la eternidad; confiado en la promesa de nuestro eterno Dios: \u201cYo s\u00e9 que mi Redentor vive, Y al fin se levantar\u00e1 sobre el polvo\u201d Job 19:25. Su vida\u00a0es un legado de amor y [&hellip;]<\/p>","protected":false},"author":4,"featured_media":35424,"comment_status":"closed","ping_status":"closed","sticky":false,"template":"","format":"standard","meta":{"_et_pb_use_builder":"on","_et_pb_old_content":"","_et_gb_content_width":"2880","_monsterinsights_skip_tracking":false,"_monsterinsights_sitenote_active":false,"_monsterinsights_sitenote_note":"","_monsterinsights_sitenote_category":0,"_vp_format_video_url":"","_vp_image_focal_point":[],"footnotes":""},"categories":[46,56],"tags":[],"class_list":["post-35423","post","type-post","status-publish","format-standard","has-post-thumbnail","hentry","category-obituario","category-peru"],"yoast_head":"<!-- This site is optimized with the Yoast SEO Premium plugin v23.6 (Yoast SEO v27.5) - https:\/\/yoast.com\/product\/yoast-seo-premium-wordpress\/ -->\n<title>\u00a1HASTA SIEMPRE! Rev. Enrique Solano Castro (1961 - 2021) | Iglesia del Nazareno Am\u00e9rica del Sur<\/title>\n<meta name=\"robots\" content=\"noindex, follow\" \/>\n<meta property=\"og:locale\" content=\"pt_BR\" \/>\n<meta property=\"og:type\" content=\"article\" \/>\n<meta property=\"og:title\" content=\"\u00a1HASTA SIEMPRE! Rev. Enrique Solano Castro (1961 - 2021) | Iglesia del Nazareno Am\u00e9rica del Sur\" \/>\n<meta property=\"og:url\" content=\"https:\/\/www.samnaz.org\/pt\/hasta-siempre-rev-enrique-solano-castro-1961-2021\/\" \/>\n<meta property=\"og:site_name\" content=\"Iglesia del Nazareno Am\u00e9rica del Sur\" \/>\n<meta property=\"article:publisher\" content=\"https:\/\/www.facebook.com\/NazarenoEsp\" \/>\n<meta property=\"article:published_time\" content=\"2021-05-05T23:02:22+00:00\" \/>\n<meta property=\"article:modified_time\" content=\"2021-11-26T14:09:06+00:00\" \/>\n<meta property=\"og:image\" content=\"https:\/\/www.samnaz.org\/wp-content\/uploads\/2021\/05\/3-e1620262656457.jpg\" \/>\n\t<meta property=\"og:image:width\" content=\"2048\" \/>\n\t<meta property=\"og:image:height\" content=\"1365\" \/>\n\t<meta property=\"og:image:type\" content=\"image\/jpeg\" \/>\n<meta name=\"author\" content=\"Samnaz\" \/>\n<meta name=\"twitter:card\" content=\"summary_large_image\" \/>\n<meta name=\"twitter:label1\" content=\"Escrito por\" \/>\n\t<meta name=\"twitter:data1\" content=\"Samnaz\" \/>\n\t<meta name=\"twitter:label2\" content=\"Est. tempo de leitura\" \/>\n\t<meta name=\"twitter:data2\" content=\"2 minutos\" \/>\n<script type=\"application\/ld+json\" class=\"yoast-schema-graph\">{\"@context\":\"https:\\\/\\\/schema.org\",\"@graph\":[{\"@type\":\"Article\",\"@id\":\"https:\\\/\\\/www.samnaz.org\\\/pt\\\/hasta-siempre-rev-enrique-solano-castro-1961-2021\\\/#article\",\"isPartOf\":{\"@id\":\"https:\\\/\\\/www.samnaz.org\\\/pt\\\/hasta-siempre-rev-enrique-solano-castro-1961-2021\\\/\"},\"author\":{\"name\":\"Samnaz\",\"@id\":\"https:\\\/\\\/www.samnaz.org\\\/#\\\/schema\\\/person\\\/c09d1131c49ba510c7e1cbb677b39927\"},\"headline\":\"\u00a1HASTA SIEMPRE! Rev. Enrique Solano Castro (1961 &#8211; 2021)\",\"datePublished\":\"2021-05-05T23:02:22+00:00\",\"dateModified\":\"2021-11-26T14:09:06+00:00\",\"mainEntityOfPage\":{\"@id\":\"https:\\\/\\\/www.samnaz.org\\\/pt\\\/hasta-siempre-rev-enrique-solano-castro-1961-2021\\\/\"},\"wordCount\":407,\"publisher\":{\"@id\":\"https:\\\/\\\/www.samnaz.org\\\/#organization\"},\"image\":{\"@id\":\"https:\\\/\\\/www.samnaz.org\\\/pt\\\/hasta-siempre-rev-enrique-solano-castro-1961-2021\\\/#primaryimage\"},\"thumbnailUrl\":\"https:\\\/\\\/www.samnaz.org\\\/wp-content\\\/uploads\\\/2021\\\/05\\\/3-e1620262656457.jpg\",\"articleSection\":[\"Obituario\",\"Per\u00fa\"],\"inLanguage\":\"pt-BR\"},{\"@type\":\"WebPage\",\"@id\":\"https:\\\/\\\/www.samnaz.org\\\/pt\\\/hasta-siempre-rev-enrique-solano-castro-1961-2021\\\/\",\"url\":\"https:\\\/\\\/www.samnaz.org\\\/pt\\\/hasta-siempre-rev-enrique-solano-castro-1961-2021\\\/\",\"name\":\"\u00a1HASTA SIEMPRE! Rev. Enrique Solano Castro (1961 - 2021) | Iglesia del Nazareno Am\u00e9rica del Sur\",\"isPartOf\":{\"@id\":\"https:\\\/\\\/www.samnaz.org\\\/#website\"},\"primaryImageOfPage\":{\"@id\":\"https:\\\/\\\/www.samnaz.org\\\/pt\\\/hasta-siempre-rev-enrique-solano-castro-1961-2021\\\/#primaryimage\"},\"image\":{\"@id\":\"https:\\\/\\\/www.samnaz.org\\\/pt\\\/hasta-siempre-rev-enrique-solano-castro-1961-2021\\\/#primaryimage\"},\"thumbnailUrl\":\"https:\\\/\\\/www.samnaz.org\\\/wp-content\\\/uploads\\\/2021\\\/05\\\/3-e1620262656457.jpg\",\"datePublished\":\"2021-05-05T23:02:22+00:00\",\"dateModified\":\"2021-11-26T14:09:06+00:00\",\"inLanguage\":\"pt-BR\",\"potentialAction\":[{\"@type\":\"ReadAction\",\"target\":[\"https:\\\/\\\/www.samnaz.org\\\/pt\\\/hasta-siempre-rev-enrique-solano-castro-1961-2021\\\/\"]}]},{\"@type\":\"ImageObject\",\"inLanguage\":\"pt-BR\",\"@id\":\"https:\\\/\\\/www.samnaz.org\\\/pt\\\/hasta-siempre-rev-enrique-solano-castro-1961-2021\\\/#primaryimage\",\"url\":\"https:\\\/\\\/www.samnaz.org\\\/wp-content\\\/uploads\\\/2021\\\/05\\\/3-e1620262656457.jpg\",\"contentUrl\":\"https:\\\/\\\/www.samnaz.org\\\/wp-content\\\/uploads\\\/2021\\\/05\\\/3-e1620262656457.jpg\",\"width\":2048,\"height\":1365},{\"@type\":\"WebSite\",\"@id\":\"https:\\\/\\\/www.samnaz.org\\\/#website\",\"url\":\"https:\\\/\\\/www.samnaz.org\\\/\",\"name\":\"Haciendo Disc\u00edpulos Semejantes a Cristo en las naciones\",\"description\":\"Haciendo disc\u00edpulos semejantes a Cristo en las Naciones\",\"publisher\":{\"@id\":\"https:\\\/\\\/www.samnaz.org\\\/#organization\"},\"alternateName\":\"Viviendo la Gran Comisi\u00f3n\",\"potentialAction\":[{\"@type\":\"SearchAction\",\"target\":{\"@type\":\"EntryPoint\",\"urlTemplate\":\"https:\\\/\\\/www.samnaz.org\\\/?s={search_term_string}\"},\"query-input\":{\"@type\":\"PropertyValueSpecification\",\"valueRequired\":true,\"valueName\":\"search_term_string\"}}],\"inLanguage\":\"pt-BR\"},{\"@type\":\"Organization\",\"@id\":\"https:\\\/\\\/www.samnaz.org\\\/#organization\",\"name\":\"Iglesia del Nazareno Am\u00e9rica del Sur\",\"url\":\"https:\\\/\\\/www.samnaz.org\\\/\",\"logo\":{\"@type\":\"ImageObject\",\"inLanguage\":\"pt-BR\",\"@id\":\"https:\\\/\\\/www.samnaz.org\\\/#\\\/schema\\\/logo\\\/image\\\/\",\"url\":\"https:\\\/\\\/www.samnaz.org\\\/wp-content\\\/uploads\\\/2021\\\/04\\\/Logo-3-ESP.png\",\"contentUrl\":\"https:\\\/\\\/www.samnaz.org\\\/wp-content\\\/uploads\\\/2021\\\/04\\\/Logo-3-ESP.png\",\"width\":1041,\"height\":780,\"caption\":\"Iglesia del Nazareno Am\u00e9rica del Sur\"},\"image\":{\"@id\":\"https:\\\/\\\/www.samnaz.org\\\/#\\\/schema\\\/logo\\\/image\\\/\"},\"sameAs\":[\"https:\\\/\\\/www.facebook.com\\\/NazarenoEsp\",\"https:\\\/\\\/www.instagram.com\\\/nazarenoesp\\\/\"],\"publishingPrinciples\":\"https:\\\/\\\/www.samnaz.org\\\/\"},{\"@type\":\"Person\",\"@id\":\"https:\\\/\\\/www.samnaz.org\\\/#\\\/schema\\\/person\\\/c09d1131c49ba510c7e1cbb677b39927\",\"name\":\"Samnaz\",\"image\":{\"@type\":\"ImageObject\",\"inLanguage\":\"pt-BR\",\"@id\":\"https:\\\/\\\/secure.gravatar.com\\\/avatar\\\/a5baaf0e270319d09c0efce6a9dd03ff93175913c70afe26595c0069c83fa6dc?s=96&d=mm&r=g\",\"url\":\"https:\\\/\\\/secure.gravatar.com\\\/avatar\\\/a5baaf0e270319d09c0efce6a9dd03ff93175913c70afe26595c0069c83fa6dc?s=96&d=mm&r=g\",\"contentUrl\":\"https:\\\/\\\/secure.gravatar.com\\\/avatar\\\/a5baaf0e270319d09c0efce6a9dd03ff93175913c70afe26595c0069c83fa6dc?s=96&d=mm&r=g\",\"caption\":\"Samnaz\"}}]}<\/script>\n<!-- \/ Yoast SEO Premium plugin. -->","yoast_head_json":{"title":"\u00a1HASTA SIEMPRE! Rev. Enrique Solano Castro (1961 - 2021) | Iglesia del Nazareno Am\u00e9rica del Sur","robots":{"index":"noindex","follow":"follow"},"og_locale":"pt_BR","og_type":"article","og_title":"\u00a1HASTA SIEMPRE! Rev. Enrique Solano Castro (1961 - 2021) | Iglesia del Nazareno Am\u00e9rica del Sur","og_url":"https:\/\/www.samnaz.org\/pt\/hasta-siempre-rev-enrique-solano-castro-1961-2021\/","og_site_name":"Iglesia del Nazareno Am\u00e9rica del Sur","article_publisher":"https:\/\/www.facebook.com\/NazarenoEsp","article_published_time":"2021-05-05T23:02:22+00:00","article_modified_time":"2021-11-26T14:09:06+00:00","og_image":[{"width":2048,"height":1365,"url":"https:\/\/www.samnaz.org\/wp-content\/uploads\/2021\/05\/3-e1620262656457.jpg","type":"image\/jpeg"}],"author":"Samnaz","twitter_card":"summary_large_image","twitter_misc":{"Escrito por":"Samnaz","Est. tempo de leitura":"2 minutos"},"schema":{"@context":"https:\/\/schema.org","@graph":[{"@type":"Article","@id":"https:\/\/www.samnaz.org\/pt\/hasta-siempre-rev-enrique-solano-castro-1961-2021\/#article","isPartOf":{"@id":"https:\/\/www.samnaz.org\/pt\/hasta-siempre-rev-enrique-solano-castro-1961-2021\/"},"author":{"name":"Samnaz","@id":"https:\/\/www.samnaz.org\/#\/schema\/person\/c09d1131c49ba510c7e1cbb677b39927"},"headline":"\u00a1HASTA SIEMPRE! Rev. Enrique Solano Castro (1961 &#8211; 2021)","datePublished":"2021-05-05T23:02:22+00:00","dateModified":"2021-11-26T14:09:06+00:00","mainEntityOfPage":{"@id":"https:\/\/www.samnaz.org\/pt\/hasta-siempre-rev-enrique-solano-castro-1961-2021\/"},"wordCount":407,"publisher":{"@id":"https:\/\/www.samnaz.org\/#organization"},"image":{"@id":"https:\/\/www.samnaz.org\/pt\/hasta-siempre-rev-enrique-solano-castro-1961-2021\/#primaryimage"},"thumbnailUrl":"https:\/\/www.samnaz.org\/wp-content\/uploads\/2021\/05\/3-e1620262656457.jpg","articleSection":["Obituario","Per\u00fa"],"inLanguage":"pt-BR"},{"@type":"WebPage","@id":"https:\/\/www.samnaz.org\/pt\/hasta-siempre-rev-enrique-solano-castro-1961-2021\/","url":"https:\/\/www.samnaz.org\/pt\/hasta-siempre-rev-enrique-solano-castro-1961-2021\/","name":"\u00a1HASTA SIEMPRE! Rev. Enrique Solano Castro (1961 - 2021) | Iglesia del Nazareno Am\u00e9rica del Sur","isPartOf":{"@id":"https:\/\/www.samnaz.org\/#website"},"primaryImageOfPage":{"@id":"https:\/\/www.samnaz.org\/pt\/hasta-siempre-rev-enrique-solano-castro-1961-2021\/#primaryimage"},"image":{"@id":"https:\/\/www.samnaz.org\/pt\/hasta-siempre-rev-enrique-solano-castro-1961-2021\/#primaryimage"},"thumbnailUrl":"https:\/\/www.samnaz.org\/wp-content\/uploads\/2021\/05\/3-e1620262656457.jpg","datePublished":"2021-05-05T23:02:22+00:00","dateModified":"2021-11-26T14:09:06+00:00","inLanguage":"pt-BR","potentialAction":[{"@type":"ReadAction","target":["https:\/\/www.samnaz.org\/pt\/hasta-siempre-rev-enrique-solano-castro-1961-2021\/"]}]},{"@type":"ImageObject","inLanguage":"pt-BR","@id":"https:\/\/www.samnaz.org\/pt\/hasta-siempre-rev-enrique-solano-castro-1961-2021\/#primaryimage","url":"https:\/\/www.samnaz.org\/wp-content\/uploads\/2021\/05\/3-e1620262656457.jpg","contentUrl":"https:\/\/www.samnaz.org\/wp-content\/uploads\/2021\/05\/3-e1620262656457.jpg","width":2048,"height":1365},{"@type":"WebSite","@id":"https:\/\/www.samnaz.org\/#website","url":"https:\/\/www.samnaz.org\/","name":"Haciendo Disc\u00edpulos Semejantes a Cristo en las naciones","description":"Haciendo disc\u00edpulos semejantes a Cristo en las Naciones","publisher":{"@id":"https:\/\/www.samnaz.org\/#organization"},"alternateName":"Viviendo la Gran Comisi\u00f3n","potentialAction":[{"@type":"SearchAction","target":{"@type":"EntryPoint","urlTemplate":"https:\/\/www.samnaz.org\/?s={search_term_string}"},"query-input":{"@type":"PropertyValueSpecification","valueRequired":true,"valueName":"search_term_string"}}],"inLanguage":"pt-BR"},{"@type":"Organization","@id":"https:\/\/www.samnaz.org\/#organization","name":"Iglesia del Nazareno Am\u00e9rica del Sur","url":"https:\/\/www.samnaz.org\/","logo":{"@type":"ImageObject","inLanguage":"pt-BR","@id":"https:\/\/www.samnaz.org\/#\/schema\/logo\/image\/","url":"https:\/\/www.samnaz.org\/wp-content\/uploads\/2021\/04\/Logo-3-ESP.png","contentUrl":"https:\/\/www.samnaz.org\/wp-content\/uploads\/2021\/04\/Logo-3-ESP.png","width":1041,"height":780,"caption":"Iglesia del Nazareno Am\u00e9rica del Sur"},"image":{"@id":"https:\/\/www.samnaz.org\/#\/schema\/logo\/image\/"},"sameAs":["https:\/\/www.facebook.com\/NazarenoEsp","https:\/\/www.instagram.com\/nazarenoesp\/"],"publishingPrinciples":"https:\/\/www.samnaz.org\/"},{"@type":"Person","@id":"https:\/\/www.samnaz.org\/#\/schema\/person\/c09d1131c49ba510c7e1cbb677b39927","name":"Samnaz","image":{"@type":"ImageObject","inLanguage":"pt-BR","@id":"https:\/\/secure.gravatar.com\/avatar\/a5baaf0e270319d09c0efce6a9dd03ff93175913c70afe26595c0069c83fa6dc?s=96&d=mm&r=g","url":"https:\/\/secure.gravatar.com\/avatar\/a5baaf0e270319d09c0efce6a9dd03ff93175913c70afe26595c0069c83fa6dc?s=96&d=mm&r=g","contentUrl":"https:\/\/secure.gravatar.com\/avatar\/a5baaf0e270319d09c0efce6a9dd03ff93175913c70afe26595c0069c83fa6dc?s=96&d=mm&r=g","caption":"Samnaz"}}]}},"_links":{"self":[{"href":"https:\/\/www.samnaz.org\/pt\/wp-json\/wp\/v2\/posts\/35423","targetHints":{"allow":["GET"]}}],"collection":[{"href":"https:\/\/www.samnaz.org\/pt\/wp-json\/wp\/v2\/posts"}],"about":[{"href":"https:\/\/www.samnaz.org\/pt\/wp-json\/wp\/v2\/types\/post"}],"author":[{"embeddable":true,"href":"https:\/\/www.samnaz.org\/pt\/wp-json\/wp\/v2\/users\/4"}],"replies":[{"embeddable":true,"href":"https:\/\/www.samnaz.org\/pt\/wp-json\/wp\/v2\/comments?post=35423"}],"version-history":[{"count":1,"href":"https:\/\/www.samnaz.org\/pt\/wp-json\/wp\/v2\/posts\/35423\/revisions"}],"predecessor-version":[{"id":35457,"href":"https:\/\/www.samnaz.org\/pt\/wp-json\/wp\/v2\/posts\/35423\/revisions\/35457"}],"wp:featuredmedia":[{"embeddable":true,"href":"https:\/\/www.samnaz.org\/pt\/wp-json\/wp\/v2\/media\/35424"}],"wp:attachment":[{"href":"https:\/\/www.samnaz.org\/pt\/wp-json\/wp\/v2\/media?parent=35423"}],"wp:term":[{"taxonomy":"category","embeddable":true,"href":"https:\/\/www.samnaz.org\/pt\/wp-json\/wp\/v2\/categories?post=35423"},{"taxonomy":"post_tag","embeddable":true,"href":"https:\/\/www.samnaz.org\/pt\/wp-json\/wp\/v2\/tags?post=35423"}],"curies":[{"name":"wp","href":"https:\/\/api.w.org\/{rel}","templated":true}]}}