{"id":35425,"date":"2021-05-05T19:28:05","date_gmt":"2021-05-05T22:28:05","guid":{"rendered":"https:\/\/www.samnaz.org\/?p=33233"},"modified":"2021-11-26T11:09:06","modified_gmt":"2021-11-26T14:09:06","slug":"tiempo-de-oracion-regional-mam","status":"publish","type":"post","link":"https:\/\/www.samnaz.org\/pt\/tiempo-de-oracion-regional-mam\/","title":{"rendered":"TEMPO DE ORA\u00c7\u00c3O REGIONAL - MAM"},"content":{"rendered":"[et_pb_section fb_built=\u00bb1&#8243; _builder_version=\u00bb3.22&#8243; custom_padding=\u00bb0px|0px|3px|0px\u00bb][et_pb_row _builder_version=\u00bb3.25&#8243; column_structure=\u00bb2_3,1_3&#8243;][et_pb_column type=\u00bb2_3&#8243; _builder_version=\u00bb3.25&#8243; custom_padding=\u00bb|||\u00bb custom_padding__hover=\u00bb|||\u00bb][et_pb_post_title categories=\u00bboff\u00bb _builder_version=\u00bb3.0.105&#8243; title_font=\u00bb||||||||\u00bb title_text_color=\u00bb#db6553&#8243; title_font_size=\u00bb35px\u00bb meta_font=\u00bb||||||||\u00bb meta_font_size=\u00bb13px\u00bb][\/et_pb_post_title][et_pb_text _builder_version=\u00bb4.9.2&#8243; hover_enabled=\u00bb0&#8243; sticky_enabled=\u00bb0&#8243;]<p style=\"text-align: justify;\" class=\"translation-block\"><strong> (CNAS) <\/strong> No dia 27 de abril, foi realizada a reuni\u00e3o bimestral de ora\u00e7\u00e3o chamada \"Hora Regional de Ora\u00e7\u00e3o\" do MAM (Minist\u00e9rio para Mulheres). Cerca de 230 mulheres de v\u00e1rios pa\u00edses da regi\u00e3o participaram e compartilharam a unidade no Esp\u00edrito. Al\u00e9m da ora\u00e7\u00e3o, houve um momento de louvor e apresenta\u00e7\u00e3o da palavra de Deus pelo Coordenador Nacional do MAM da Col\u00f4mbia, Pastor Nineye de Herrera. Deus se moveu entre n\u00f3s.<\/p>\n<p style=\"text-align: justify;\">V\u00e1rios participantes enviaram seus coment\u00e1rios, expressando seus sentimentos por terem participado da reuni\u00e3o:<\/p>\n<p style=\"text-align: justify;\"><strong><em>Marisel Vargas \u2013 Chile<\/em><\/strong><\/p>\n<p style=\"text-align: justify;\">\u201c<em>Participei com minha m\u00e3e em ora\u00e7\u00e3o. Foi um momento especial, perceber que somos muitas mulheres que formamos a fam\u00edlia celestial, que confiamos em um Deus que tudo pode, a partir de uma palavra tremenda que Ele preparou para n\u00f3s atrav\u00e9s do pastor. Posso descrever isso como uma renova\u00e7\u00e3o espiritual completa.<\/em><\/p>\n<p style=\"text-align: justify;\"><strong><em>Rosa Loconi \u2013 Per\u00fa<\/em><\/strong><\/p>\n<p style=\"text-align: justify;\"><em>\u201cFoi um momento muito maravilhoso! A verdade de que Deus no meio de tudo continua a ser Deus tocando vive atrav\u00e9s da m\u00fasica, a mensagem poderosa que seu servo Nineye apresentou. No Peru, muitas irm\u00e3s foram tocadas pelo Esp\u00edrito Santo a um quebrantamento diante de seu criador para continuar servindo seu Senhor como Maria, dando-lhe prioridade em suas vidas \u201d. <\/em><em>\u00a0<\/em><\/p>\n<p style=\"text-align: justify;\"><strong><em>Leidy Cordero \u2013 Venezuela<\/em><\/strong><\/p>\n<p style=\"text-align: justify;\"><em>\u201cAgrade\u00e7o a Deus pelo tempo de ora\u00e7\u00e3o com mulheres de diversos pa\u00edses da Am\u00e9rica do Sul. Um momento muito especial de refresco e busca do Senhor. Tanto louvor, reflex\u00e3o e ora\u00e7\u00f5es encheram meu cora\u00e7\u00e3o e falaram em minha vida. Gra\u00e7as a Deus porque no meio da dist\u00e2ncia f\u00edsica, podemos estar unidos \u201d.<\/em><\/p>\n<p style=\"text-align: justify;\"><strong><em>Pastora Carmen Antunez \u2013 Uruguay<\/em><\/strong><\/p>\n<p style=\"text-align: justify;\"><em>\"Tempo maravilhoso! O poder da ora\u00e7\u00e3o n\u00e3o tem fronteiras ou limites de na\u00e7\u00e3o. Juntos por um grito, unidos pelo tempo santo e aben\u00e7oado das mulheres que seguem e procuram o mestre \u201d.<\/em><em>\u00a0<\/em><\/p>\n<p style=\"text-align: justify;\"><strong><em>Florencia Isasa \u2013 Paraguay<\/em><\/strong><\/p>\n<p style=\"text-align: justify;\"><em>\u201cPara mim, foi um momento de alegria. Ver tantas mulheres envolvidas na obra do Senhor de diferentes pa\u00edses da Am\u00e9rica e ouvi-las interceder com grande paix\u00e3o e f\u00e9 \u00e9 algo que eleva o esp\u00edrito de intercess\u00e3o e nos motiva a seguir em frente \u201d.<\/em><\/p>\n<p style=\"text-align: justify;\"><strong><em>Mar\u00eda Jos\u00e9 \u2013 Brasil<\/em><\/strong><\/p>\n<p style=\"text-align: justify;\"><em>\u201cEu ainda estou animado. Senti Deus confortando meu cora\u00e7\u00e3o e dizendo: Voc\u00ea n\u00e3o est\u00e1 sozinho. Nestes tempos de isolamento, senti-me como uma fam\u00edlia \u201d.<\/em><\/p>\n<p style=\"text-align: justify;\"><strong><em>Claudia Belfiore \u2013 Argentina<\/em><\/strong><\/p>\n<p style=\"text-align: justify;\"><em>\u201cMulheres nazarenas de diversos pa\u00edses da Am\u00e9rica do Sul levantam nossas vozes com humildade, ao Deus Todo-Poderoso e misericordioso, em busca de ajuda, prote\u00e7\u00e3o, cura e consolo diante desta pandemia. Colocamos nossas vidas, fam\u00edlias, igreja, l\u00edderes e pa\u00edses diante Dele. Sentimo-nos unidos pela f\u00e9 e desafiados a viver com confian\u00e7a sob a prote\u00e7\u00e3o do Alt\u00edssimo \u201d.<\/em><\/p>\n<p style=\"text-align: justify;\" class=\"translation-block\"><em> <strong> Fonte: <\/strong> MAM - Am\u00e9rica do Sul <\/em><\/p>[\/et_pb_text][et_pb_gallery gallery_ids=\u00bb33237,33245,33241,33239,33243,33249,33251,33253,33255,33257,33247&#8243; show_title_and_caption=\u00bboff\u00bb _builder_version=\u00bb4.9.2&#8243; pagination_font_size_tablet=\u00bb51&#8243; pagination_line_height_tablet=\u00bb2&#8243; hover_enabled=\u00bb0&#8243; sticky_enabled=\u00bb0&#8243;][\/et_pb_gallery][\/et_pb_column][et_pb_column type=\u00bb1_3&#8243; _builder_version=\u00bb3.25&#8243; custom_padding=\u00bb|||\u00bb custom_padding__hover=\u00bb|||\u00bb][et_pb_sidebar orientation=\u00bbright\u00bb area=\u00bbsidebar-1&#8243; _builder_version=\u00bb3.0.105&#8243; header_text_color=\u00bb#db6553&#8243; header_font_size=\u00bb14&#8243; text_orientation=\u00bbright\u00bb][\/et_pb_sidebar][\/et_pb_column][\/et_pb_row][\/et_pb_section]\n<span class=\"et_bloom_bottom_trigger\"><\/span>","protected":false},"excerpt":{"rendered":"<p>(CNAS) El 27 de abril se llev\u00f3 a cabo la reuni\u00f3n de oraci\u00f3n bimensual llamada \u201cTiempo de oraci\u00f3n regional\u201d del MAM (Ministerio a la Mujer). Cerca de 230 mujeres de varios pa\u00edses de la regi\u00f3n participaron y compartieron la unidad en el Esp\u00edritu. Adem\u00e1s de la oraci\u00f3n, hubo un tiempo de alabanzas y la exposici\u00f3n [&hellip;]<\/p>","protected":false},"author":4,"featured_media":35426,"comment_status":"closed","ping_status":"closed","sticky":false,"template":"","format":"standard","meta":{"_et_pb_use_builder":"on","_et_pb_old_content":"","_et_gb_content_width":"2880","_monsterinsights_skip_tracking":false,"_monsterinsights_sitenote_active":false,"_monsterinsights_sitenote_note":"","_monsterinsights_sitenote_category":0,"_vp_format_video_url":"","_vp_image_focal_point":[],"footnotes":""},"categories":[67],"tags":[],"class_list":["post-35425","post","type-post","status-publish","format-standard","has-post-thumbnail","hentry","category-ministerio-a-la-mujer"],"yoast_head":"<!-- This site is optimized with the Yoast SEO Premium plugin v23.6 (Yoast SEO v27.5) - https:\/\/yoast.com\/product\/yoast-seo-premium-wordpress\/ -->\n<title>TIEMPO DE ORACI\u00d3N REGIONAL - MAM | Iglesia del Nazareno Am\u00e9rica del Sur<\/title>\n<meta name=\"robots\" content=\"noindex, follow\" \/>\n<meta property=\"og:locale\" content=\"pt_BR\" \/>\n<meta property=\"og:type\" content=\"article\" \/>\n<meta property=\"og:title\" content=\"TIEMPO DE ORACI\u00d3N REGIONAL - MAM | Iglesia del Nazareno Am\u00e9rica del Sur\" \/>\n<meta property=\"og:url\" content=\"https:\/\/www.samnaz.org\/pt\/tiempo-de-oracion-regional-mam\/\" \/>\n<meta property=\"og:site_name\" content=\"Iglesia del Nazareno Am\u00e9rica del Sur\" \/>\n<meta property=\"article:publisher\" content=\"https:\/\/www.facebook.com\/NazarenoEsp\" \/>\n<meta property=\"article:published_time\" content=\"2021-05-05T22:28:05+00:00\" \/>\n<meta property=\"article:modified_time\" content=\"2021-11-26T14:09:06+00:00\" \/>\n<meta property=\"og:image\" content=\"https:\/\/www.samnaz.org\/wp-content\/uploads\/2021\/05\/11.jpeg\" \/>\n\t<meta property=\"og:image:width\" content=\"1280\" \/>\n\t<meta property=\"og:image:height\" content=\"720\" \/>\n\t<meta property=\"og:image:type\" content=\"image\/jpeg\" \/>\n<meta name=\"author\" content=\"Samnaz\" \/>\n<meta name=\"twitter:card\" content=\"summary_large_image\" \/>\n<meta name=\"twitter:label1\" content=\"Escrito por\" \/>\n\t<meta name=\"twitter:data1\" content=\"Samnaz\" \/>\n\t<meta name=\"twitter:label2\" content=\"Est. tempo de leitura\" \/>\n\t<meta name=\"twitter:data2\" content=\"3 minutos\" \/>\n<script type=\"application\/ld+json\" class=\"yoast-schema-graph\">{\"@context\":\"https:\\\/\\\/schema.org\",\"@graph\":[{\"@type\":\"Article\",\"@id\":\"https:\\\/\\\/www.samnaz.org\\\/tiempo-de-oracion-regional-mam\\\/#article\",\"isPartOf\":{\"@id\":\"https:\\\/\\\/www.samnaz.org\\\/tiempo-de-oracion-regional-mam\\\/\"},\"author\":{\"name\":\"Samnaz\",\"@id\":\"https:\\\/\\\/www.samnaz.org\\\/#\\\/schema\\\/person\\\/c09d1131c49ba510c7e1cbb677b39927\"},\"headline\":\"TIEMPO DE ORACI\u00d3N REGIONAL &#8211; MAM\",\"datePublished\":\"2021-05-05T22:28:05+00:00\",\"dateModified\":\"2021-11-26T14:09:06+00:00\",\"mainEntityOfPage\":{\"@id\":\"https:\\\/\\\/www.samnaz.org\\\/tiempo-de-oracion-regional-mam\\\/\"},\"wordCount\":645,\"publisher\":{\"@id\":\"https:\\\/\\\/www.samnaz.org\\\/#organization\"},\"image\":{\"@id\":\"https:\\\/\\\/www.samnaz.org\\\/tiempo-de-oracion-regional-mam\\\/#primaryimage\"},\"thumbnailUrl\":\"https:\\\/\\\/www.samnaz.org\\\/wp-content\\\/uploads\\\/2021\\\/05\\\/11.jpeg\",\"articleSection\":[\"Ministerio a la Mujer\"],\"inLanguage\":\"pt-BR\"},{\"@type\":\"WebPage\",\"@id\":\"https:\\\/\\\/www.samnaz.org\\\/tiempo-de-oracion-regional-mam\\\/\",\"url\":\"https:\\\/\\\/www.samnaz.org\\\/tiempo-de-oracion-regional-mam\\\/\",\"name\":\"TIEMPO DE ORACI\u00d3N REGIONAL - MAM | Iglesia del Nazareno Am\u00e9rica del Sur\",\"isPartOf\":{\"@id\":\"https:\\\/\\\/www.samnaz.org\\\/#website\"},\"primaryImageOfPage\":{\"@id\":\"https:\\\/\\\/www.samnaz.org\\\/tiempo-de-oracion-regional-mam\\\/#primaryimage\"},\"image\":{\"@id\":\"https:\\\/\\\/www.samnaz.org\\\/tiempo-de-oracion-regional-mam\\\/#primaryimage\"},\"thumbnailUrl\":\"https:\\\/\\\/www.samnaz.org\\\/wp-content\\\/uploads\\\/2021\\\/05\\\/11.jpeg\",\"datePublished\":\"2021-05-05T22:28:05+00:00\",\"dateModified\":\"2021-11-26T14:09:06+00:00\",\"inLanguage\":\"pt-BR\",\"potentialAction\":[{\"@type\":\"ReadAction\",\"target\":[\"https:\\\/\\\/www.samnaz.org\\\/tiempo-de-oracion-regional-mam\\\/\"]}]},{\"@type\":\"ImageObject\",\"inLanguage\":\"pt-BR\",\"@id\":\"https:\\\/\\\/www.samnaz.org\\\/tiempo-de-oracion-regional-mam\\\/#primaryimage\",\"url\":\"https:\\\/\\\/www.samnaz.org\\\/wp-content\\\/uploads\\\/2021\\\/05\\\/11.jpeg\",\"contentUrl\":\"https:\\\/\\\/www.samnaz.org\\\/wp-content\\\/uploads\\\/2021\\\/05\\\/11.jpeg\",\"width\":1280,\"height\":720},{\"@type\":\"WebSite\",\"@id\":\"https:\\\/\\\/www.samnaz.org\\\/#website\",\"url\":\"https:\\\/\\\/www.samnaz.org\\\/\",\"name\":\"Haciendo Disc\u00edpulos Semejantes a Cristo en las naciones\",\"description\":\"Haciendo disc\u00edpulos semejantes a Cristo en las Naciones\",\"publisher\":{\"@id\":\"https:\\\/\\\/www.samnaz.org\\\/#organization\"},\"alternateName\":\"Viviendo la Gran Comisi\u00f3n\",\"potentialAction\":[{\"@type\":\"SearchAction\",\"target\":{\"@type\":\"EntryPoint\",\"urlTemplate\":\"https:\\\/\\\/www.samnaz.org\\\/?s={search_term_string}\"},\"query-input\":{\"@type\":\"PropertyValueSpecification\",\"valueRequired\":true,\"valueName\":\"search_term_string\"}}],\"inLanguage\":\"pt-BR\"},{\"@type\":\"Organization\",\"@id\":\"https:\\\/\\\/www.samnaz.org\\\/#organization\",\"name\":\"Iglesia del Nazareno Am\u00e9rica del Sur\",\"url\":\"https:\\\/\\\/www.samnaz.org\\\/\",\"logo\":{\"@type\":\"ImageObject\",\"inLanguage\":\"pt-BR\",\"@id\":\"https:\\\/\\\/www.samnaz.org\\\/#\\\/schema\\\/logo\\\/image\\\/\",\"url\":\"https:\\\/\\\/www.samnaz.org\\\/wp-content\\\/uploads\\\/2021\\\/04\\\/Logo-3-ESP.png\",\"contentUrl\":\"https:\\\/\\\/www.samnaz.org\\\/wp-content\\\/uploads\\\/2021\\\/04\\\/Logo-3-ESP.png\",\"width\":1041,\"height\":780,\"caption\":\"Iglesia del Nazareno Am\u00e9rica del Sur\"},\"image\":{\"@id\":\"https:\\\/\\\/www.samnaz.org\\\/#\\\/schema\\\/logo\\\/image\\\/\"},\"sameAs\":[\"https:\\\/\\\/www.facebook.com\\\/NazarenoEsp\",\"https:\\\/\\\/www.instagram.com\\\/nazarenoesp\\\/\"],\"publishingPrinciples\":\"https:\\\/\\\/www.samnaz.org\\\/\"},{\"@type\":\"Person\",\"@id\":\"https:\\\/\\\/www.samnaz.org\\\/#\\\/schema\\\/person\\\/c09d1131c49ba510c7e1cbb677b39927\",\"name\":\"Samnaz\",\"image\":{\"@type\":\"ImageObject\",\"inLanguage\":\"pt-BR\",\"@id\":\"https:\\\/\\\/secure.gravatar.com\\\/avatar\\\/a5baaf0e270319d09c0efce6a9dd03ff93175913c70afe26595c0069c83fa6dc?s=96&d=mm&r=g\",\"url\":\"https:\\\/\\\/secure.gravatar.com\\\/avatar\\\/a5baaf0e270319d09c0efce6a9dd03ff93175913c70afe26595c0069c83fa6dc?s=96&d=mm&r=g\",\"contentUrl\":\"https:\\\/\\\/secure.gravatar.com\\\/avatar\\\/a5baaf0e270319d09c0efce6a9dd03ff93175913c70afe26595c0069c83fa6dc?s=96&d=mm&r=g\",\"caption\":\"Samnaz\"}}]}<\/script>\n<!-- \/ Yoast SEO Premium plugin. -->","yoast_head_json":{"title":"TIEMPO DE ORACI\u00d3N REGIONAL - MAM | Iglesia del Nazareno Am\u00e9rica del Sur","robots":{"index":"noindex","follow":"follow"},"og_locale":"pt_BR","og_type":"article","og_title":"TIEMPO DE ORACI\u00d3N REGIONAL - MAM | Iglesia del Nazareno Am\u00e9rica del Sur","og_url":"https:\/\/www.samnaz.org\/pt\/tiempo-de-oracion-regional-mam\/","og_site_name":"Iglesia del Nazareno Am\u00e9rica del Sur","article_publisher":"https:\/\/www.facebook.com\/NazarenoEsp","article_published_time":"2021-05-05T22:28:05+00:00","article_modified_time":"2021-11-26T14:09:06+00:00","og_image":[{"width":1280,"height":720,"url":"https:\/\/www.samnaz.org\/wp-content\/uploads\/2021\/05\/11.jpeg","type":"image\/jpeg"}],"author":"Samnaz","twitter_card":"summary_large_image","twitter_misc":{"Escrito por":"Samnaz","Est. tempo de leitura":"3 minutos"},"schema":{"@context":"https:\/\/schema.org","@graph":[{"@type":"Article","@id":"https:\/\/www.samnaz.org\/tiempo-de-oracion-regional-mam\/#article","isPartOf":{"@id":"https:\/\/www.samnaz.org\/tiempo-de-oracion-regional-mam\/"},"author":{"name":"Samnaz","@id":"https:\/\/www.samnaz.org\/#\/schema\/person\/c09d1131c49ba510c7e1cbb677b39927"},"headline":"TIEMPO DE ORACI\u00d3N REGIONAL &#8211; MAM","datePublished":"2021-05-05T22:28:05+00:00","dateModified":"2021-11-26T14:09:06+00:00","mainEntityOfPage":{"@id":"https:\/\/www.samnaz.org\/tiempo-de-oracion-regional-mam\/"},"wordCount":645,"publisher":{"@id":"https:\/\/www.samnaz.org\/#organization"},"image":{"@id":"https:\/\/www.samnaz.org\/tiempo-de-oracion-regional-mam\/#primaryimage"},"thumbnailUrl":"https:\/\/www.samnaz.org\/wp-content\/uploads\/2021\/05\/11.jpeg","articleSection":["Ministerio a la Mujer"],"inLanguage":"pt-BR"},{"@type":"WebPage","@id":"https:\/\/www.samnaz.org\/tiempo-de-oracion-regional-mam\/","url":"https:\/\/www.samnaz.org\/tiempo-de-oracion-regional-mam\/","name":"TIEMPO DE ORACI\u00d3N REGIONAL - MAM | Iglesia del Nazareno Am\u00e9rica del Sur","isPartOf":{"@id":"https:\/\/www.samnaz.org\/#website"},"primaryImageOfPage":{"@id":"https:\/\/www.samnaz.org\/tiempo-de-oracion-regional-mam\/#primaryimage"},"image":{"@id":"https:\/\/www.samnaz.org\/tiempo-de-oracion-regional-mam\/#primaryimage"},"thumbnailUrl":"https:\/\/www.samnaz.org\/wp-content\/uploads\/2021\/05\/11.jpeg","datePublished":"2021-05-05T22:28:05+00:00","dateModified":"2021-11-26T14:09:06+00:00","inLanguage":"pt-BR","potentialAction":[{"@type":"ReadAction","target":["https:\/\/www.samnaz.org\/tiempo-de-oracion-regional-mam\/"]}]},{"@type":"ImageObject","inLanguage":"pt-BR","@id":"https:\/\/www.samnaz.org\/tiempo-de-oracion-regional-mam\/#primaryimage","url":"https:\/\/www.samnaz.org\/wp-content\/uploads\/2021\/05\/11.jpeg","contentUrl":"https:\/\/www.samnaz.org\/wp-content\/uploads\/2021\/05\/11.jpeg","width":1280,"height":720},{"@type":"WebSite","@id":"https:\/\/www.samnaz.org\/#website","url":"https:\/\/www.samnaz.org\/","name":"Haciendo Disc\u00edpulos Semejantes a Cristo en las naciones","description":"Haciendo disc\u00edpulos semejantes a Cristo en las Naciones","publisher":{"@id":"https:\/\/www.samnaz.org\/#organization"},"alternateName":"Viviendo la Gran Comisi\u00f3n","potentialAction":[{"@type":"SearchAction","target":{"@type":"EntryPoint","urlTemplate":"https:\/\/www.samnaz.org\/?s={search_term_string}"},"query-input":{"@type":"PropertyValueSpecification","valueRequired":true,"valueName":"search_term_string"}}],"inLanguage":"pt-BR"},{"@type":"Organization","@id":"https:\/\/www.samnaz.org\/#organization","name":"Iglesia del Nazareno Am\u00e9rica del Sur","url":"https:\/\/www.samnaz.org\/","logo":{"@type":"ImageObject","inLanguage":"pt-BR","@id":"https:\/\/www.samnaz.org\/#\/schema\/logo\/image\/","url":"https:\/\/www.samnaz.org\/wp-content\/uploads\/2021\/04\/Logo-3-ESP.png","contentUrl":"https:\/\/www.samnaz.org\/wp-content\/uploads\/2021\/04\/Logo-3-ESP.png","width":1041,"height":780,"caption":"Iglesia del Nazareno Am\u00e9rica del Sur"},"image":{"@id":"https:\/\/www.samnaz.org\/#\/schema\/logo\/image\/"},"sameAs":["https:\/\/www.facebook.com\/NazarenoEsp","https:\/\/www.instagram.com\/nazarenoesp\/"],"publishingPrinciples":"https:\/\/www.samnaz.org\/"},{"@type":"Person","@id":"https:\/\/www.samnaz.org\/#\/schema\/person\/c09d1131c49ba510c7e1cbb677b39927","name":"Samnaz","image":{"@type":"ImageObject","inLanguage":"pt-BR","@id":"https:\/\/secure.gravatar.com\/avatar\/a5baaf0e270319d09c0efce6a9dd03ff93175913c70afe26595c0069c83fa6dc?s=96&d=mm&r=g","url":"https:\/\/secure.gravatar.com\/avatar\/a5baaf0e270319d09c0efce6a9dd03ff93175913c70afe26595c0069c83fa6dc?s=96&d=mm&r=g","contentUrl":"https:\/\/secure.gravatar.com\/avatar\/a5baaf0e270319d09c0efce6a9dd03ff93175913c70afe26595c0069c83fa6dc?s=96&d=mm&r=g","caption":"Samnaz"}}]}},"_links":{"self":[{"href":"https:\/\/www.samnaz.org\/pt\/wp-json\/wp\/v2\/posts\/35425","targetHints":{"allow":["GET"]}}],"collection":[{"href":"https:\/\/www.samnaz.org\/pt\/wp-json\/wp\/v2\/posts"}],"about":[{"href":"https:\/\/www.samnaz.org\/pt\/wp-json\/wp\/v2\/types\/post"}],"author":[{"embeddable":true,"href":"https:\/\/www.samnaz.org\/pt\/wp-json\/wp\/v2\/users\/4"}],"replies":[{"embeddable":true,"href":"https:\/\/www.samnaz.org\/pt\/wp-json\/wp\/v2\/comments?post=35425"}],"version-history":[{"count":1,"href":"https:\/\/www.samnaz.org\/pt\/wp-json\/wp\/v2\/posts\/35425\/revisions"}],"predecessor-version":[{"id":35458,"href":"https:\/\/www.samnaz.org\/pt\/wp-json\/wp\/v2\/posts\/35425\/revisions\/35458"}],"wp:featuredmedia":[{"embeddable":true,"href":"https:\/\/www.samnaz.org\/pt\/wp-json\/wp\/v2\/media\/35426"}],"wp:attachment":[{"href":"https:\/\/www.samnaz.org\/pt\/wp-json\/wp\/v2\/media?parent=35425"}],"wp:term":[{"taxonomy":"category","embeddable":true,"href":"https:\/\/www.samnaz.org\/pt\/wp-json\/wp\/v2\/categories?post=35425"},{"taxonomy":"post_tag","embeddable":true,"href":"https:\/\/www.samnaz.org\/pt\/wp-json\/wp\/v2\/tags?post=35425"}],"curies":[{"name":"wp","href":"https:\/\/api.w.org\/{rel}","templated":true}]}}