{"id":35482,"date":"2021-01-19T02:06:19","date_gmt":"2021-01-19T05:06:19","guid":{"rendered":"https:\/\/www.samnaz.org\/?p=31061"},"modified":"2021-11-26T11:09:07","modified_gmt":"2021-11-26T14:09:07","slug":"graduacion-seminario-teologico-nazareno-del-cono-sur-2020","status":"publish","type":"post","link":"https:\/\/www.samnaz.org\/pt\/graduacion-seminario-teologico-nazareno-del-cono-sur-2020\/","title":{"rendered":"GRADUA\u00c7\u00c3O DO SEMIN\u00c1RIO TEOL\u00d3GICO DO CONE SUL NAZARENO 2020"},"content":{"rendered":"[et_pb_section bb_built=\u00bb1&#8243; _builder_version=\u00bb3.0.47&#8243; custom_padding=\u00bb0px|0px|3px|0px\u00bb][et_pb_row _builder_version=\u00bb3.0.47&#8243; background_size=\u00bbinitial\u00bb background_position=\u00bbtop_left\u00bb background_repeat=\u00bbrepeat\u00bb custom_padding=\u00bb43px|0px|0px|0px\u00bb][et_pb_column type=\u00bb2_3&#8243;][et_pb_post_title categories=\u00bboff\u00bb _builder_version=\u00bb3.0.105&#8243; title_font=\u00bb||||||||\u00bb title_font_size=\u00bb35px\u00bb title_text_color=\u00bb#db6553&#8243; meta_font=\u00bb||||||||\u00bb meta_font_size=\u00bb13px\u00bb \/][et_pb_text _builder_version=\u00bb3.0.105&#8243; background_layout=\u00bblight\u00bb]\r\n<p style=\"text-align: justify;\" class=\"translation-block\"><strong> (CNAS, Argentina) <\/strong> Em um clima de celebra\u00e7\u00e3o e gratid\u00e3o ao Senhor, foi realizada a Gradua\u00e7\u00e3o da Turma 2020 dos alunos dos diferentes programas acad\u00eamicos oferecidos pelo Semin\u00e1rio Teol\u00f3gico Nazareno do Cone Sul.<\/p>\r\n<p style=\"text-align: justify;\" class=\"translation-block\">A cerim\u00f4nia foi realizada no s\u00e1bado, dia 12 de dezembro de 2020, \u00e0s 20h00. Devido \u00e0 emerg\u00eancia sanit\u00e1ria e ao consequente isolamento social devido \u00e0 pandemia provocada pela COVID-19, a cerim\u00f3nia decorreu virtualmente atrav\u00e9s das redes sociais Facebook e YouTube. Um total de 26 alunos se formaram nos programas <strong> Diploma em Teologia, Bacharelado em Teologia <\/strong> e <strong> Bacharel em Teologia <\/strong>, a quem parabenizamos por essa conquista e desejamos que Deus os use maravilhosamente em seu trabalho.<\/p>\r\n<p style=\"text-align: justify;\">O orador convidado para esta ocasi\u00e3o foi o Dr. Gustavo Crocker, Superintendente Geral da Igreja do Nazareno. Outras autoridades da Igreja do Nazareno tamb\u00e9m estiveram presentes, Dr. Christian Sarmiento, diretor da Regi\u00e3o da Am\u00e9rica do Sul, Rev. Alessandro Polonio, Coordenador de Estrat\u00e9gia da \u00c1rea do Cone Sul, Dr. Jorge Julca, Reitor da STN CS e Coordenador de Educa\u00e7\u00e3o pela Regi\u00e3o Am\u00e9rica do Sul, assim como diversos Superintendentes, que dirigiram uma calorosa sauda\u00e7\u00e3o e parab\u00e9ns aos formandos de seus distritos.<\/p>\r\n<p style=\"text-align: justify;\">O programa da cerim\u00f4nia incluiu can\u00e7\u00f5es de louvor, testemunhos de formandos representando seus colegas de classe para os diferentes programas acad\u00eamicos, a Mensagem da Palavra de Deus, bem como palavras de encorajamento e ora\u00e7\u00e3o para os formandos. Nosso agradecimento a Deus por mais uma promo\u00e7\u00e3o de graduados na \u00c1rea do Cone Sul, que com esfor\u00e7o e dedica\u00e7\u00e3o culminaram esta etapa em sua forma\u00e7\u00e3o ministerial, sendo fi\u00e9is ao chamado que o Senhor os fez.<\/p>\r\n<p style=\"text-align: justify;\">A lista de graduados \u00e9 a seguinte:<\/p>\r\n<p style=\"text-align: justify;\"><strong><u>DIPLOMA EN TEOLOG\u00cdA:<\/u><\/strong>\u00a0 <strong><em>Ponce Michelena, Tamara Yamila<\/em><\/strong><em> &#8211; Distrito Central Argentino.<\/em><\/p>\r\n<p style=\"text-align: justify;\"><strong><em><u>BACHILLER EN TEOLOG\u00cdA:<\/u><\/em><\/strong><em> \u00a0<strong>Bellino, Nancy<\/strong> &#8211; Distrito Nordeste Argentino; <strong>Condori Jallasi, Walter Abraham <\/strong>&#8211; Distrito Central Argentino; <strong>Contreras, Roberto Fernando<\/strong> &#8211; Distrito Central Argentino; <strong>Corval\u00e1n Carina Beatriz<\/strong> &#8211; Distrito Patagonia Norte Argentino; <strong>Galante, Mar\u00eda del Valle<\/strong> &#8211; Distrito Litoral Argentino; <strong>Gallardo Aniceto<\/strong> &#8211; Distrito Noroeste Argentino; <strong>Ger\u00e9z, Camila<\/strong> &#8211; Distrito Central Argentino; <strong>Jos\u00e9 Da Silva Junior, Edivaldo<\/strong> &#8211; Distrito Mediterr\u00e1neo Argentino; <strong>Mayta Minchala Astrid Iveth <\/strong>&#8211; Distrito Paraguay Central; <strong>Monte, Mart\u00edn<\/strong> &#8211; Distrito Central Argentino; <strong>Salmen, pablo Horacio<\/strong> &#8211; Distrito Litoral Argentino; <strong>Santos, Jorge Ariel<\/strong> &#8211; Distrito Patagonia Norte Argentino; <strong>Sardiello, Raquel<\/strong> &#8211; Distrito Litoral Argentino; <strong>Schulz, Ana Ang\u00e9lica <\/strong>&#8211; Distrito Nordeste Argentino; <strong>Vallejos, Norma Beatriz<\/strong> &#8211; Distrito Central Argentino; <strong>Zani, Juan Jos\u00e9<\/strong> &#8211; Distrito Litoral Argentino. <\/em><\/p>\r\n<p style=\"text-align: justify;\"><strong><u>LICENCIATURA EN TEOLOG\u00cdA:<\/u><\/strong> \u00a0<strong><em>Carrat\u00fa, Erika Elizabeth<\/em><\/strong><em> &#8211; Distrito Central Argentino; <strong>Debelde, Silvia Noem\u00ed<\/strong> &#8211; Distrito Nordeste Argentino; <strong>Gramajo, Marcela Andrea<\/strong> &#8211; Distrito Central Argentino<strong>; Huanca Anco, Eddy Pastor<\/strong> &#8211; Distrito La Paz, Bolivia; <strong>Machaca Choque, Arturo<\/strong> &#8211; Distrito El Alto, Bolivia; <strong>Mastronardi, Guillermo Martin<\/strong> &#8211; Distrito Central Argentino; <strong>Migliore, Ger\u00f3nimo Mat\u00edas<\/strong> &#8211; Distrito Central Argentino; <strong>Ojeda, Carlos Andr\u00e9s<\/strong> &#8211; Distrito Central Argentino; <strong>Silva, Jos\u00e9 Antonio<\/strong> &#8211; Distrito Central Argentino.<\/em><\/p>\r\n<p style=\"text-align: justify;\" class=\"translation-block\"><strong> <em> Fonte: <\/em> <\/strong> <em> Semin\u00e1rio Teol\u00f3gico Nazareno do Cone Sul <\/em><\/p>\r\n[\/et_pb_text][et_pb_gallery gallery_ids=\u00bb31056,31050,31055,31049,31057,31054,31053,31052,31051&#8243; show_title_and_caption=\u00bboff\u00bb _builder_version=\u00bb3.0.105&#8243; pagination_font_size_tablet=\u00bb51&#8243; pagination_line_height_tablet=\u00bb2&#8243; show_pagination=\u00bbon\u00bb fullwidth=\u00bboff\u00bb orientation=\u00bblandscape\u00bb zoom_icon_color=\u00bb#db6553&#8243; hover_overlay_color=\u00bbrgba(255,255,255,0.9)\u00bb background_layout=\u00bblight\u00bb \/][\/et_pb_column][et_pb_column type=\u00bb1_3&#8243;][et_pb_sidebar orientation=\u00bbright\u00bb area=\u00bbsidebar-1&#8243; show_border=\u00bboff\u00bb _builder_version=\u00bb3.0.105&#8243; header_font_size=\u00bb14&#8243; header_text_color=\u00bb#db6553&#8243; text_orientation=\u00bbright\u00bb \/][\/et_pb_column][\/et_pb_row][\/et_pb_section]\n\n<span class=\"et_bloom_bottom_trigger\"><\/span>","protected":false},"excerpt":{"rendered":"<p>(CNAS, Argentina)\u00a0En un clima de celebraci\u00f3n y agradecimiento al Se\u00f1or se llev\u00f3 a cabo la Graduaci\u00f3n de la Promoci\u00f3n 2020 de los estudiantes de los diferentes programas acad\u00e9micos que ofrece el Seminario Teol\u00f3gico Nazareno del Cono Sur. La ceremonia se realiz\u00f3 el s\u00e1bado 12 de diciembre de 2020 a las 20:00 hs. Debido a la [&hellip;]<\/p>","protected":false},"author":4,"featured_media":35483,"comment_status":"closed","ping_status":"closed","sticky":false,"template":"","format":"standard","meta":{"_et_pb_use_builder":"on","_et_pb_old_content":"","_et_gb_content_width":"","_monsterinsights_skip_tracking":false,"_monsterinsights_sitenote_active":false,"_monsterinsights_sitenote_note":"","_monsterinsights_sitenote_category":0,"_vp_format_video_url":"","_vp_image_focal_point":[],"footnotes":""},"categories":[132,59],"tags":[77],"class_list":["post-35482","post","type-post","status-publish","format-standard","has-post-thumbnail","hentry","category-cono-sur","category-educacion-teologica","tag-graduacion"],"yoast_head":"<!-- This site is optimized with the Yoast SEO Premium plugin v23.6 (Yoast SEO v27.5) - https:\/\/yoast.com\/product\/yoast-seo-premium-wordpress\/ -->\n<title>GRADUACI\u00d3N SEMINARIO TEOL\u00d3GICO NAZARENO DEL CONO SUR 2020 | Iglesia del Nazareno Am\u00e9rica del Sur<\/title>\n<meta name=\"robots\" content=\"noindex, follow\" \/>\n<meta property=\"og:locale\" content=\"pt_BR\" \/>\n<meta property=\"og:type\" content=\"article\" \/>\n<meta property=\"og:title\" content=\"GRADUACI\u00d3N SEMINARIO TEOL\u00d3GICO NAZARENO DEL CONO SUR 2020 | Iglesia del Nazareno Am\u00e9rica del Sur\" \/>\n<meta property=\"og:url\" content=\"https:\/\/www.samnaz.org\/pt\/graduacion-seminario-teologico-nazareno-del-cono-sur-2020\/\" \/>\n<meta property=\"og:site_name\" content=\"Iglesia del Nazareno Am\u00e9rica del Sur\" \/>\n<meta property=\"article:publisher\" content=\"https:\/\/www.facebook.com\/NazarenoEsp\" \/>\n<meta property=\"article:published_time\" content=\"2021-01-19T05:06:19+00:00\" \/>\n<meta property=\"article:modified_time\" content=\"2021-11-26T14:09:07+00:00\" \/>\n<meta property=\"og:image\" content=\"https:\/\/www.samnaz.org\/wp-content\/uploads\/2021\/01\/101.png\" \/>\n\t<meta property=\"og:image:width\" content=\"1429\" \/>\n\t<meta property=\"og:image:height\" content=\"804\" \/>\n\t<meta property=\"og:image:type\" content=\"image\/png\" \/>\n<meta name=\"author\" content=\"Samnaz\" \/>\n<meta name=\"twitter:card\" content=\"summary_large_image\" \/>\n<meta name=\"twitter:label1\" content=\"Escrito por\" \/>\n\t<meta name=\"twitter:data1\" content=\"Samnaz\" \/>\n\t<meta name=\"twitter:label2\" content=\"Est. tempo de leitura\" \/>\n\t<meta name=\"twitter:data2\" content=\"3 minutos\" \/>\n<script type=\"application\/ld+json\" class=\"yoast-schema-graph\">{\"@context\":\"https:\\\/\\\/schema.org\",\"@graph\":[{\"@type\":\"Article\",\"@id\":\"https:\\\/\\\/www.samnaz.org\\\/pt\\\/graduacion-seminario-teologico-nazareno-del-cono-sur-2020\\\/#article\",\"isPartOf\":{\"@id\":\"https:\\\/\\\/www.samnaz.org\\\/pt\\\/graduacion-seminario-teologico-nazareno-del-cono-sur-2020\\\/\"},\"author\":{\"name\":\"Samnaz\",\"@id\":\"https:\\\/\\\/www.samnaz.org\\\/#\\\/schema\\\/person\\\/c09d1131c49ba510c7e1cbb677b39927\"},\"headline\":\"GRADUACI\u00d3N SEMINARIO TEOL\u00d3GICO NAZARENO DEL CONO SUR 2020\",\"datePublished\":\"2021-01-19T05:06:19+00:00\",\"dateModified\":\"2021-11-26T14:09:07+00:00\",\"mainEntityOfPage\":{\"@id\":\"https:\\\/\\\/www.samnaz.org\\\/pt\\\/graduacion-seminario-teologico-nazareno-del-cono-sur-2020\\\/\"},\"wordCount\":694,\"publisher\":{\"@id\":\"https:\\\/\\\/www.samnaz.org\\\/#organization\"},\"image\":{\"@id\":\"https:\\\/\\\/www.samnaz.org\\\/pt\\\/graduacion-seminario-teologico-nazareno-del-cono-sur-2020\\\/#primaryimage\"},\"thumbnailUrl\":\"https:\\\/\\\/www.samnaz.org\\\/wp-content\\\/uploads\\\/2021\\\/01\\\/101.png\",\"keywords\":[\"Graduaci\u00f3n\"],\"articleSection\":[\"Cono Sur\",\"Educaci\u00f3n Teol\u00f3gica\"],\"inLanguage\":\"pt-BR\"},{\"@type\":\"WebPage\",\"@id\":\"https:\\\/\\\/www.samnaz.org\\\/pt\\\/graduacion-seminario-teologico-nazareno-del-cono-sur-2020\\\/\",\"url\":\"https:\\\/\\\/www.samnaz.org\\\/pt\\\/graduacion-seminario-teologico-nazareno-del-cono-sur-2020\\\/\",\"name\":\"GRADUACI\u00d3N SEMINARIO TEOL\u00d3GICO NAZARENO DEL CONO SUR 2020 | Iglesia del Nazareno Am\u00e9rica del Sur\",\"isPartOf\":{\"@id\":\"https:\\\/\\\/www.samnaz.org\\\/#website\"},\"primaryImageOfPage\":{\"@id\":\"https:\\\/\\\/www.samnaz.org\\\/pt\\\/graduacion-seminario-teologico-nazareno-del-cono-sur-2020\\\/#primaryimage\"},\"image\":{\"@id\":\"https:\\\/\\\/www.samnaz.org\\\/pt\\\/graduacion-seminario-teologico-nazareno-del-cono-sur-2020\\\/#primaryimage\"},\"thumbnailUrl\":\"https:\\\/\\\/www.samnaz.org\\\/wp-content\\\/uploads\\\/2021\\\/01\\\/101.png\",\"datePublished\":\"2021-01-19T05:06:19+00:00\",\"dateModified\":\"2021-11-26T14:09:07+00:00\",\"inLanguage\":\"pt-BR\",\"potentialAction\":[{\"@type\":\"ReadAction\",\"target\":[\"https:\\\/\\\/www.samnaz.org\\\/pt\\\/graduacion-seminario-teologico-nazareno-del-cono-sur-2020\\\/\"]}]},{\"@type\":\"ImageObject\",\"inLanguage\":\"pt-BR\",\"@id\":\"https:\\\/\\\/www.samnaz.org\\\/pt\\\/graduacion-seminario-teologico-nazareno-del-cono-sur-2020\\\/#primaryimage\",\"url\":\"https:\\\/\\\/www.samnaz.org\\\/wp-content\\\/uploads\\\/2021\\\/01\\\/101.png\",\"contentUrl\":\"https:\\\/\\\/www.samnaz.org\\\/wp-content\\\/uploads\\\/2021\\\/01\\\/101.png\",\"width\":1429,\"height\":804},{\"@type\":\"WebSite\",\"@id\":\"https:\\\/\\\/www.samnaz.org\\\/#website\",\"url\":\"https:\\\/\\\/www.samnaz.org\\\/\",\"name\":\"Haciendo Disc\u00edpulos Semejantes a Cristo en las naciones\",\"description\":\"Haciendo disc\u00edpulos semejantes a Cristo en las Naciones\",\"publisher\":{\"@id\":\"https:\\\/\\\/www.samnaz.org\\\/#organization\"},\"alternateName\":\"Viviendo la Gran Comisi\u00f3n\",\"potentialAction\":[{\"@type\":\"SearchAction\",\"target\":{\"@type\":\"EntryPoint\",\"urlTemplate\":\"https:\\\/\\\/www.samnaz.org\\\/?s={search_term_string}\"},\"query-input\":{\"@type\":\"PropertyValueSpecification\",\"valueRequired\":true,\"valueName\":\"search_term_string\"}}],\"inLanguage\":\"pt-BR\"},{\"@type\":\"Organization\",\"@id\":\"https:\\\/\\\/www.samnaz.org\\\/#organization\",\"name\":\"Iglesia del Nazareno Am\u00e9rica del Sur\",\"url\":\"https:\\\/\\\/www.samnaz.org\\\/\",\"logo\":{\"@type\":\"ImageObject\",\"inLanguage\":\"pt-BR\",\"@id\":\"https:\\\/\\\/www.samnaz.org\\\/#\\\/schema\\\/logo\\\/image\\\/\",\"url\":\"https:\\\/\\\/www.samnaz.org\\\/wp-content\\\/uploads\\\/2021\\\/04\\\/Logo-3-ESP.png\",\"contentUrl\":\"https:\\\/\\\/www.samnaz.org\\\/wp-content\\\/uploads\\\/2021\\\/04\\\/Logo-3-ESP.png\",\"width\":1041,\"height\":780,\"caption\":\"Iglesia del Nazareno Am\u00e9rica del Sur\"},\"image\":{\"@id\":\"https:\\\/\\\/www.samnaz.org\\\/#\\\/schema\\\/logo\\\/image\\\/\"},\"sameAs\":[\"https:\\\/\\\/www.facebook.com\\\/NazarenoEsp\",\"https:\\\/\\\/www.instagram.com\\\/nazarenoesp\\\/\"],\"publishingPrinciples\":\"https:\\\/\\\/www.samnaz.org\\\/\"},{\"@type\":\"Person\",\"@id\":\"https:\\\/\\\/www.samnaz.org\\\/#\\\/schema\\\/person\\\/c09d1131c49ba510c7e1cbb677b39927\",\"name\":\"Samnaz\",\"image\":{\"@type\":\"ImageObject\",\"inLanguage\":\"pt-BR\",\"@id\":\"https:\\\/\\\/secure.gravatar.com\\\/avatar\\\/a5baaf0e270319d09c0efce6a9dd03ff93175913c70afe26595c0069c83fa6dc?s=96&d=mm&r=g\",\"url\":\"https:\\\/\\\/secure.gravatar.com\\\/avatar\\\/a5baaf0e270319d09c0efce6a9dd03ff93175913c70afe26595c0069c83fa6dc?s=96&d=mm&r=g\",\"contentUrl\":\"https:\\\/\\\/secure.gravatar.com\\\/avatar\\\/a5baaf0e270319d09c0efce6a9dd03ff93175913c70afe26595c0069c83fa6dc?s=96&d=mm&r=g\",\"caption\":\"Samnaz\"}}]}<\/script>\n<!-- \/ Yoast SEO Premium plugin. -->","yoast_head_json":{"title":"GRADUACI\u00d3N SEMINARIO TEOL\u00d3GICO NAZARENO DEL CONO SUR 2020 | Iglesia del Nazareno Am\u00e9rica del Sur","robots":{"index":"noindex","follow":"follow"},"og_locale":"pt_BR","og_type":"article","og_title":"GRADUACI\u00d3N SEMINARIO TEOL\u00d3GICO NAZARENO DEL CONO SUR 2020 | Iglesia del Nazareno Am\u00e9rica del Sur","og_url":"https:\/\/www.samnaz.org\/pt\/graduacion-seminario-teologico-nazareno-del-cono-sur-2020\/","og_site_name":"Iglesia del Nazareno Am\u00e9rica del Sur","article_publisher":"https:\/\/www.facebook.com\/NazarenoEsp","article_published_time":"2021-01-19T05:06:19+00:00","article_modified_time":"2021-11-26T14:09:07+00:00","og_image":[{"width":1429,"height":804,"url":"https:\/\/www.samnaz.org\/wp-content\/uploads\/2021\/01\/101.png","type":"image\/png"}],"author":"Samnaz","twitter_card":"summary_large_image","twitter_misc":{"Escrito por":"Samnaz","Est. tempo de leitura":"3 minutos"},"schema":{"@context":"https:\/\/schema.org","@graph":[{"@type":"Article","@id":"https:\/\/www.samnaz.org\/pt\/graduacion-seminario-teologico-nazareno-del-cono-sur-2020\/#article","isPartOf":{"@id":"https:\/\/www.samnaz.org\/pt\/graduacion-seminario-teologico-nazareno-del-cono-sur-2020\/"},"author":{"name":"Samnaz","@id":"https:\/\/www.samnaz.org\/#\/schema\/person\/c09d1131c49ba510c7e1cbb677b39927"},"headline":"GRADUACI\u00d3N SEMINARIO TEOL\u00d3GICO NAZARENO DEL CONO SUR 2020","datePublished":"2021-01-19T05:06:19+00:00","dateModified":"2021-11-26T14:09:07+00:00","mainEntityOfPage":{"@id":"https:\/\/www.samnaz.org\/pt\/graduacion-seminario-teologico-nazareno-del-cono-sur-2020\/"},"wordCount":694,"publisher":{"@id":"https:\/\/www.samnaz.org\/#organization"},"image":{"@id":"https:\/\/www.samnaz.org\/pt\/graduacion-seminario-teologico-nazareno-del-cono-sur-2020\/#primaryimage"},"thumbnailUrl":"https:\/\/www.samnaz.org\/wp-content\/uploads\/2021\/01\/101.png","keywords":["Graduaci\u00f3n"],"articleSection":["Cono Sur","Educaci\u00f3n Teol\u00f3gica"],"inLanguage":"pt-BR"},{"@type":"WebPage","@id":"https:\/\/www.samnaz.org\/pt\/graduacion-seminario-teologico-nazareno-del-cono-sur-2020\/","url":"https:\/\/www.samnaz.org\/pt\/graduacion-seminario-teologico-nazareno-del-cono-sur-2020\/","name":"GRADUACI\u00d3N SEMINARIO TEOL\u00d3GICO NAZARENO DEL CONO SUR 2020 | Iglesia del Nazareno Am\u00e9rica del Sur","isPartOf":{"@id":"https:\/\/www.samnaz.org\/#website"},"primaryImageOfPage":{"@id":"https:\/\/www.samnaz.org\/pt\/graduacion-seminario-teologico-nazareno-del-cono-sur-2020\/#primaryimage"},"image":{"@id":"https:\/\/www.samnaz.org\/pt\/graduacion-seminario-teologico-nazareno-del-cono-sur-2020\/#primaryimage"},"thumbnailUrl":"https:\/\/www.samnaz.org\/wp-content\/uploads\/2021\/01\/101.png","datePublished":"2021-01-19T05:06:19+00:00","dateModified":"2021-11-26T14:09:07+00:00","inLanguage":"pt-BR","potentialAction":[{"@type":"ReadAction","target":["https:\/\/www.samnaz.org\/pt\/graduacion-seminario-teologico-nazareno-del-cono-sur-2020\/"]}]},{"@type":"ImageObject","inLanguage":"pt-BR","@id":"https:\/\/www.samnaz.org\/pt\/graduacion-seminario-teologico-nazareno-del-cono-sur-2020\/#primaryimage","url":"https:\/\/www.samnaz.org\/wp-content\/uploads\/2021\/01\/101.png","contentUrl":"https:\/\/www.samnaz.org\/wp-content\/uploads\/2021\/01\/101.png","width":1429,"height":804},{"@type":"WebSite","@id":"https:\/\/www.samnaz.org\/#website","url":"https:\/\/www.samnaz.org\/","name":"Haciendo Disc\u00edpulos Semejantes a Cristo en las naciones","description":"Haciendo disc\u00edpulos semejantes a Cristo en las Naciones","publisher":{"@id":"https:\/\/www.samnaz.org\/#organization"},"alternateName":"Viviendo la Gran Comisi\u00f3n","potentialAction":[{"@type":"SearchAction","target":{"@type":"EntryPoint","urlTemplate":"https:\/\/www.samnaz.org\/?s={search_term_string}"},"query-input":{"@type":"PropertyValueSpecification","valueRequired":true,"valueName":"search_term_string"}}],"inLanguage":"pt-BR"},{"@type":"Organization","@id":"https:\/\/www.samnaz.org\/#organization","name":"Iglesia del Nazareno Am\u00e9rica del Sur","url":"https:\/\/www.samnaz.org\/","logo":{"@type":"ImageObject","inLanguage":"pt-BR","@id":"https:\/\/www.samnaz.org\/#\/schema\/logo\/image\/","url":"https:\/\/www.samnaz.org\/wp-content\/uploads\/2021\/04\/Logo-3-ESP.png","contentUrl":"https:\/\/www.samnaz.org\/wp-content\/uploads\/2021\/04\/Logo-3-ESP.png","width":1041,"height":780,"caption":"Iglesia del Nazareno Am\u00e9rica del Sur"},"image":{"@id":"https:\/\/www.samnaz.org\/#\/schema\/logo\/image\/"},"sameAs":["https:\/\/www.facebook.com\/NazarenoEsp","https:\/\/www.instagram.com\/nazarenoesp\/"],"publishingPrinciples":"https:\/\/www.samnaz.org\/"},{"@type":"Person","@id":"https:\/\/www.samnaz.org\/#\/schema\/person\/c09d1131c49ba510c7e1cbb677b39927","name":"Samnaz","image":{"@type":"ImageObject","inLanguage":"pt-BR","@id":"https:\/\/secure.gravatar.com\/avatar\/a5baaf0e270319d09c0efce6a9dd03ff93175913c70afe26595c0069c83fa6dc?s=96&d=mm&r=g","url":"https:\/\/secure.gravatar.com\/avatar\/a5baaf0e270319d09c0efce6a9dd03ff93175913c70afe26595c0069c83fa6dc?s=96&d=mm&r=g","contentUrl":"https:\/\/secure.gravatar.com\/avatar\/a5baaf0e270319d09c0efce6a9dd03ff93175913c70afe26595c0069c83fa6dc?s=96&d=mm&r=g","caption":"Samnaz"}}]}},"_links":{"self":[{"href":"https:\/\/www.samnaz.org\/pt\/wp-json\/wp\/v2\/posts\/35482","targetHints":{"allow":["GET"]}}],"collection":[{"href":"https:\/\/www.samnaz.org\/pt\/wp-json\/wp\/v2\/posts"}],"about":[{"href":"https:\/\/www.samnaz.org\/pt\/wp-json\/wp\/v2\/types\/post"}],"author":[{"embeddable":true,"href":"https:\/\/www.samnaz.org\/pt\/wp-json\/wp\/v2\/users\/4"}],"replies":[{"embeddable":true,"href":"https:\/\/www.samnaz.org\/pt\/wp-json\/wp\/v2\/comments?post=35482"}],"version-history":[{"count":1,"href":"https:\/\/www.samnaz.org\/pt\/wp-json\/wp\/v2\/posts\/35482\/revisions"}],"predecessor-version":[{"id":35802,"href":"https:\/\/www.samnaz.org\/pt\/wp-json\/wp\/v2\/posts\/35482\/revisions\/35802"}],"wp:featuredmedia":[{"embeddable":true,"href":"https:\/\/www.samnaz.org\/pt\/wp-json\/wp\/v2\/media\/35483"}],"wp:attachment":[{"href":"https:\/\/www.samnaz.org\/pt\/wp-json\/wp\/v2\/media?parent=35482"}],"wp:term":[{"taxonomy":"category","embeddable":true,"href":"https:\/\/www.samnaz.org\/pt\/wp-json\/wp\/v2\/categories?post=35482"},{"taxonomy":"post_tag","embeddable":true,"href":"https:\/\/www.samnaz.org\/pt\/wp-json\/wp\/v2\/tags?post=35482"}],"curies":[{"name":"wp","href":"https:\/\/api.w.org\/{rel}","templated":true}]}}