{"id":35651,"date":"2020-07-20T21:28:37","date_gmt":"2020-07-21T00:28:37","guid":{"rendered":"https:\/\/www.samnaz.org\/?p=30493"},"modified":"2021-11-26T11:09:08","modified_gmt":"2021-11-26T14:09:08","slug":"educacion-teologica-en-cuarentena","status":"publish","type":"post","link":"https:\/\/www.samnaz.org\/pt\/educacion-teologica-en-cuarentena\/","title":{"rendered":"EDUCACI\u00d3N TEOL\u00d3GICA EN CUARENTENA"},"content":{"rendered":"<p>[et_pb_section bb_built=\u00bb1&#8243; _builder_version=\u00bb3.0.47&#8243; custom_padding=\u00bb0px|0px|3px|0px\u00bb][et_pb_row _builder_version=\u00bb3.0.47&#8243; background_size=\u00bbinitial\u00bb background_position=\u00bbtop_left\u00bb background_repeat=\u00bbrepeat\u00bb custom_padding=\u00bb43px|0px|0px|0px\u00bb][et_pb_column type=\u00bb2_3&#8243;][et_pb_post_title categories=\u00bboff\u00bb _builder_version=\u00bb3.0.105&#8243; title_font=\u00bb||||||||\u00bb title_font_size=\u00bb35px\u00bb title_text_color=\u00bb#db6553&#8243; meta_font=\u00bb||||||||\u00bb meta_font_size=\u00bb13px\u00bb \/][et_pb_text _builder_version=\u00bb3.0.105&#8243; background_layout=\u00bblight\u00bb]<\/p>\n<p style=\"text-align: justify;\"><strong>(NCSA)<\/strong> En medio de la situaci\u00f3n in\u00e9dita de confinamiento por la pandemia que atraviesan los 10 pa\u00edses de la Regi\u00f3n Am\u00e9rica del Sur, los seis seminarios que sirven en esta Regi\u00f3n establecieron una alianza y ofrecieron el curso <em>Educaci\u00f3n Teol\u00f3gica en Cuarentena<\/em> dirigido a los profesores que sirven en los Centros de Educaci\u00f3n Descentralizada (ETED) en toda la Regi\u00f3n.<\/p>\n<p style=\"text-align: justify;\">Un total de 260 profesores se conectaron por Zoom durante el curso que dur\u00f3 5 semanas y finaliz\u00f3 el martes 7 de Julio pasado. El Dr. Jorge Julca, Coordinador Regional de Educaci\u00f3n para Am\u00e9rica del Sur coment\u00f3 al respecto: <em>\u201cEsta ha sido una experiencia incre\u00edble y sin precedentes al tener conectados virtualmente a nuestros profesores de los 10 pa\u00edses de la Regi\u00f3n en este curso tan pertinente para el desaf\u00edo que enfrentamos de ense\u00f1ar en medio de esta nueva situaci\u00f3n\u201d.<\/em><\/p>\n<p style=\"text-align: justify;\">Los temas vinculados con la tarea docente teol\u00f3gica que se abordaron fueron: <strong>(1) <\/strong><em>Nuevos Escenarios y Educaci\u00f3n Teol\u00f3gica<\/em> <strong>(2)<\/strong> <em>Nuevas Metodolog\u00edas en la Virtualidad<\/em>\u00a0<strong>(3<em>)<\/em><\/strong><em> M\u00e9todos de Evaluaci\u00f3n Virtual<\/em> y <strong>(4) <\/strong><em>Recursos Para la Ense\u00f1anza Virtual.<\/em> Los profesores del curso, provenientes de cinco pa\u00edses, fueron especialistas con experiencia en educaci\u00f3n superior y con formaci\u00f3n profesional en las diferentes \u00e1reas que se abordaron.<\/p>\n<p style=\"text-align: justify;\">Por su parte, el Rev. Patricio Huanca, rector del Seminario B\u00edblico Nazareno de Chile (SBN) tambi\u00e9n expres\u00f3: <em>\u201cLos temas tratados fueron una respuesta a las preguntas relevantes que todo profesor tiene referidas a c\u00f3mo ense\u00f1ar y evaluar. Cada expositor habl\u00f3 desde su experiencia entregando informaci\u00f3n y herramientas \u00fatiles para aplicar en la virtualidad\u201d<\/em>.<\/p>\n<p style=\"text-align: justify;\">En medio de estos tiempos de pandemia los seminarios de la Regi\u00f3n Am\u00e9rica del Sur est\u00e1n ofreciendo clases por diferentes medios virtuales haciendo uso de las herramientas tecnol\u00f3gicas con el prop\u00f3sito de seguir sirviendo a la iglesia en la formaci\u00f3n de las pr\u00f3ximas generaciones de ministros nazarenos.<\/p>\n<p style=\"text-align: justify;\"><strong><em>Fonte<\/em><\/strong><em> Jorge L. Julca &#8211; Coordinador Regional de Educaci\u00f3n<\/em><\/p>\n<p>[\/et_pb_text][et_pb_gallery gallery_ids=\u00bb30472,30470,30471,30473,30469,30468&#8243; show_title_and_caption=\u00bboff\u00bb _builder_version=\u00bb3.0.105&#8243; pagination_font_size_tablet=\u00bb51&#8243; pagination_line_height_tablet=\u00bb2&#8243; show_pagination=\u00bbon\u00bb fullwidth=\u00bboff\u00bb orientation=\u00bblandscape\u00bb zoom_icon_color=\u00bb#db6553&#8243; hover_overlay_color=\u00bbrgba(255,255,255,0.9)\u00bb background_layout=\u00bblight\u00bb \/][\/et_pb_column][et_pb_column type=\u00bb1_3&#8243;][et_pb_sidebar orientation=\u00bbright\u00bb area=\u00bbsidebar-1&#8243; show_border=\u00bboff\u00bb _builder_version=\u00bb3.0.105&#8243; header_font_size=\u00bb14&#8243; header_text_color=\u00bb#db6553&#8243; text_orientation=\u00bbright\u00bb \/][\/et_pb_column][\/et_pb_row][\/et_pb_section]<\/p>\n<span class=\"et_bloom_bottom_trigger\"><\/span>","protected":false},"excerpt":{"rendered":"<p>(NCSA) En medio de la situaci\u00f3n in\u00e9dita de confinamiento por la pandemia que atraviesan los 10 pa\u00edses de la Regi\u00f3n Am\u00e9rica del Sur, los seis seminarios que sirven en esta Regi\u00f3n establecieron una alianza y ofrecieron el curso Educaci\u00f3n Teol\u00f3gica en Cuarentena dirigido a los profesores que sirven en los Centros de Educaci\u00f3n Descentralizada (ETED) [&hellip;]<\/p>","protected":false},"author":4,"featured_media":35653,"comment_status":"closed","ping_status":"closed","sticky":false,"template":"","format":"standard","meta":{"_et_pb_use_builder":"on","_et_pb_old_content":"","_et_gb_content_width":"","_monsterinsights_skip_tracking":false,"_monsterinsights_sitenote_active":false,"_monsterinsights_sitenote_note":"","_monsterinsights_sitenote_category":0,"_vp_format_video_url":"","_vp_image_focal_point":[],"footnotes":""},"categories":[134,59],"tags":[],"class_list":["post-35651","post","type-post","status-publish","format-standard","has-post-thumbnail","hentry","category-america-del-sur","category-educacion-teologica"],"yoast_head":"<!-- This site is optimized with the Yoast SEO Premium plugin v23.6 (Yoast SEO v27.4) - https:\/\/yoast.com\/product\/yoast-seo-premium-wordpress\/ -->\n<title>EDUCACI\u00d3N TEOL\u00d3GICA EN CUARENTENA | Iglesia del Nazareno Am\u00e9rica del Sur<\/title>\n<meta name=\"robots\" content=\"noindex, follow\" \/>\n<meta property=\"og:locale\" content=\"pt_BR\" \/>\n<meta property=\"og:type\" content=\"article\" \/>\n<meta property=\"og:title\" content=\"EDUCACI\u00d3N TEOL\u00d3GICA EN CUARENTENA | Iglesia del Nazareno Am\u00e9rica del Sur\" \/>\n<meta property=\"og:url\" content=\"https:\/\/www.samnaz.org\/pt\/educacion-teologica-en-cuarentena\/\" \/>\n<meta property=\"og:site_name\" content=\"Iglesia del Nazareno Am\u00e9rica del Sur\" \/>\n<meta property=\"article:publisher\" content=\"https:\/\/www.facebook.com\/NazarenoEsp\" \/>\n<meta property=\"article:published_time\" content=\"2020-07-21T00:28:37+00:00\" \/>\n<meta property=\"article:modified_time\" content=\"2021-11-26T14:09:08+00:00\" \/>\n<meta property=\"og:image\" content=\"https:\/\/www.samnaz.org\/wp-content\/uploads\/2020\/07\/EDUCTEOCUARENTENA1-1.jpg\" \/>\n\t<meta property=\"og:image:width\" content=\"1280\" \/>\n\t<meta property=\"og:image:height\" content=\"720\" \/>\n\t<meta property=\"og:image:type\" content=\"image\/jpeg\" \/>\n<meta name=\"author\" content=\"Samnaz\" \/>\n<meta name=\"twitter:card\" content=\"summary_large_image\" \/>\n<meta name=\"twitter:label1\" content=\"Escrito por\" \/>\n\t<meta name=\"twitter:data1\" content=\"Samnaz\" \/>\n\t<meta name=\"twitter:label2\" content=\"Est. tempo de leitura\" \/>\n\t<meta name=\"twitter:data2\" content=\"2 minutos\" \/>\n<script type=\"application\/ld+json\" class=\"yoast-schema-graph\">{\"@context\":\"https:\\\/\\\/schema.org\",\"@graph\":[{\"@type\":\"Article\",\"@id\":\"https:\\\/\\\/www.samnaz.org\\\/pt\\\/educacion-teologica-en-cuarentena\\\/#article\",\"isPartOf\":{\"@id\":\"https:\\\/\\\/www.samnaz.org\\\/pt\\\/educacion-teologica-en-cuarentena\\\/\"},\"author\":{\"name\":\"Samnaz\",\"@id\":\"https:\\\/\\\/www.samnaz.org\\\/#\\\/schema\\\/person\\\/c09d1131c49ba510c7e1cbb677b39927\"},\"headline\":\"EDUCACI\u00d3N TEOL\u00d3GICA EN CUARENTENA\",\"datePublished\":\"2020-07-21T00:28:37+00:00\",\"dateModified\":\"2021-11-26T14:09:08+00:00\",\"mainEntityOfPage\":{\"@id\":\"https:\\\/\\\/www.samnaz.org\\\/pt\\\/educacion-teologica-en-cuarentena\\\/\"},\"wordCount\":497,\"publisher\":{\"@id\":\"https:\\\/\\\/www.samnaz.org\\\/#organization\"},\"image\":{\"@id\":\"https:\\\/\\\/www.samnaz.org\\\/pt\\\/educacion-teologica-en-cuarentena\\\/#primaryimage\"},\"thumbnailUrl\":\"https:\\\/\\\/www.samnaz.org\\\/wp-content\\\/uploads\\\/2020\\\/07\\\/EDUCTEOCUARENTENA1-1.jpg\",\"articleSection\":[\"Am\u00e9rica del Sur\",\"Educaci\u00f3n Teol\u00f3gica\"],\"inLanguage\":\"pt-BR\"},{\"@type\":\"WebPage\",\"@id\":\"https:\\\/\\\/www.samnaz.org\\\/pt\\\/educacion-teologica-en-cuarentena\\\/\",\"url\":\"https:\\\/\\\/www.samnaz.org\\\/pt\\\/educacion-teologica-en-cuarentena\\\/\",\"name\":\"EDUCACI\u00d3N TEOL\u00d3GICA EN CUARENTENA | Iglesia del Nazareno Am\u00e9rica del Sur\",\"isPartOf\":{\"@id\":\"https:\\\/\\\/www.samnaz.org\\\/#website\"},\"primaryImageOfPage\":{\"@id\":\"https:\\\/\\\/www.samnaz.org\\\/pt\\\/educacion-teologica-en-cuarentena\\\/#primaryimage\"},\"image\":{\"@id\":\"https:\\\/\\\/www.samnaz.org\\\/pt\\\/educacion-teologica-en-cuarentena\\\/#primaryimage\"},\"thumbnailUrl\":\"https:\\\/\\\/www.samnaz.org\\\/wp-content\\\/uploads\\\/2020\\\/07\\\/EDUCTEOCUARENTENA1-1.jpg\",\"datePublished\":\"2020-07-21T00:28:37+00:00\",\"dateModified\":\"2021-11-26T14:09:08+00:00\",\"inLanguage\":\"pt-BR\",\"potentialAction\":[{\"@type\":\"ReadAction\",\"target\":[\"https:\\\/\\\/www.samnaz.org\\\/pt\\\/educacion-teologica-en-cuarentena\\\/\"]}]},{\"@type\":\"ImageObject\",\"inLanguage\":\"pt-BR\",\"@id\":\"https:\\\/\\\/www.samnaz.org\\\/pt\\\/educacion-teologica-en-cuarentena\\\/#primaryimage\",\"url\":\"https:\\\/\\\/www.samnaz.org\\\/wp-content\\\/uploads\\\/2020\\\/07\\\/EDUCTEOCUARENTENA1-1.jpg\",\"contentUrl\":\"https:\\\/\\\/www.samnaz.org\\\/wp-content\\\/uploads\\\/2020\\\/07\\\/EDUCTEOCUARENTENA1-1.jpg\",\"width\":1280,\"height\":720},{\"@type\":\"WebSite\",\"@id\":\"https:\\\/\\\/www.samnaz.org\\\/#website\",\"url\":\"https:\\\/\\\/www.samnaz.org\\\/\",\"name\":\"Haciendo Disc\u00edpulos Semejantes a Cristo en las naciones\",\"description\":\"Haciendo disc\u00edpulos semejantes a Cristo en las Naciones\",\"publisher\":{\"@id\":\"https:\\\/\\\/www.samnaz.org\\\/#organization\"},\"alternateName\":\"Viviendo la Gran Comisi\u00f3n\",\"potentialAction\":[{\"@type\":\"SearchAction\",\"target\":{\"@type\":\"EntryPoint\",\"urlTemplate\":\"https:\\\/\\\/www.samnaz.org\\\/?s={search_term_string}\"},\"query-input\":{\"@type\":\"PropertyValueSpecification\",\"valueRequired\":true,\"valueName\":\"search_term_string\"}}],\"inLanguage\":\"pt-BR\"},{\"@type\":\"Organization\",\"@id\":\"https:\\\/\\\/www.samnaz.org\\\/#organization\",\"name\":\"Iglesia del Nazareno Am\u00e9rica del Sur\",\"url\":\"https:\\\/\\\/www.samnaz.org\\\/\",\"logo\":{\"@type\":\"ImageObject\",\"inLanguage\":\"pt-BR\",\"@id\":\"https:\\\/\\\/www.samnaz.org\\\/#\\\/schema\\\/logo\\\/image\\\/\",\"url\":\"https:\\\/\\\/www.samnaz.org\\\/wp-content\\\/uploads\\\/2021\\\/04\\\/Logo-3-ESP.png\",\"contentUrl\":\"https:\\\/\\\/www.samnaz.org\\\/wp-content\\\/uploads\\\/2021\\\/04\\\/Logo-3-ESP.png\",\"width\":1041,\"height\":780,\"caption\":\"Iglesia del Nazareno Am\u00e9rica del Sur\"},\"image\":{\"@id\":\"https:\\\/\\\/www.samnaz.org\\\/#\\\/schema\\\/logo\\\/image\\\/\"},\"sameAs\":[\"https:\\\/\\\/www.facebook.com\\\/NazarenoEsp\",\"https:\\\/\\\/www.instagram.com\\\/nazarenoesp\\\/\"],\"publishingPrinciples\":\"https:\\\/\\\/www.samnaz.org\\\/\"},{\"@type\":\"Person\",\"@id\":\"https:\\\/\\\/www.samnaz.org\\\/#\\\/schema\\\/person\\\/c09d1131c49ba510c7e1cbb677b39927\",\"name\":\"Samnaz\",\"image\":{\"@type\":\"ImageObject\",\"inLanguage\":\"pt-BR\",\"@id\":\"https:\\\/\\\/secure.gravatar.com\\\/avatar\\\/a5baaf0e270319d09c0efce6a9dd03ff93175913c70afe26595c0069c83fa6dc?s=96&d=mm&r=g\",\"url\":\"https:\\\/\\\/secure.gravatar.com\\\/avatar\\\/a5baaf0e270319d09c0efce6a9dd03ff93175913c70afe26595c0069c83fa6dc?s=96&d=mm&r=g\",\"contentUrl\":\"https:\\\/\\\/secure.gravatar.com\\\/avatar\\\/a5baaf0e270319d09c0efce6a9dd03ff93175913c70afe26595c0069c83fa6dc?s=96&d=mm&r=g\",\"caption\":\"Samnaz\"}}]}<\/script>\n<!-- \/ Yoast SEO Premium plugin. -->","yoast_head_json":{"title":"EDUCACI\u00d3N TEOL\u00d3GICA EN CUARENTENA | Iglesia del Nazareno Am\u00e9rica del Sur","robots":{"index":"noindex","follow":"follow"},"og_locale":"pt_BR","og_type":"article","og_title":"EDUCACI\u00d3N TEOL\u00d3GICA EN CUARENTENA | Iglesia del Nazareno Am\u00e9rica del Sur","og_url":"https:\/\/www.samnaz.org\/pt\/educacion-teologica-en-cuarentena\/","og_site_name":"Iglesia del Nazareno Am\u00e9rica del Sur","article_publisher":"https:\/\/www.facebook.com\/NazarenoEsp","article_published_time":"2020-07-21T00:28:37+00:00","article_modified_time":"2021-11-26T14:09:08+00:00","og_image":[{"width":1280,"height":720,"url":"https:\/\/www.samnaz.org\/wp-content\/uploads\/2020\/07\/EDUCTEOCUARENTENA1-1.jpg","type":"image\/jpeg"}],"author":"Samnaz","twitter_card":"summary_large_image","twitter_misc":{"Escrito por":"Samnaz","Est. tempo de leitura":"2 minutos"},"schema":{"@context":"https:\/\/schema.org","@graph":[{"@type":"Article","@id":"https:\/\/www.samnaz.org\/pt\/educacion-teologica-en-cuarentena\/#article","isPartOf":{"@id":"https:\/\/www.samnaz.org\/pt\/educacion-teologica-en-cuarentena\/"},"author":{"name":"Samnaz","@id":"https:\/\/www.samnaz.org\/#\/schema\/person\/c09d1131c49ba510c7e1cbb677b39927"},"headline":"EDUCACI\u00d3N TEOL\u00d3GICA EN CUARENTENA","datePublished":"2020-07-21T00:28:37+00:00","dateModified":"2021-11-26T14:09:08+00:00","mainEntityOfPage":{"@id":"https:\/\/www.samnaz.org\/pt\/educacion-teologica-en-cuarentena\/"},"wordCount":497,"publisher":{"@id":"https:\/\/www.samnaz.org\/#organization"},"image":{"@id":"https:\/\/www.samnaz.org\/pt\/educacion-teologica-en-cuarentena\/#primaryimage"},"thumbnailUrl":"https:\/\/www.samnaz.org\/wp-content\/uploads\/2020\/07\/EDUCTEOCUARENTENA1-1.jpg","articleSection":["Am\u00e9rica del Sur","Educaci\u00f3n Teol\u00f3gica"],"inLanguage":"pt-BR"},{"@type":"WebPage","@id":"https:\/\/www.samnaz.org\/pt\/educacion-teologica-en-cuarentena\/","url":"https:\/\/www.samnaz.org\/pt\/educacion-teologica-en-cuarentena\/","name":"EDUCACI\u00d3N TEOL\u00d3GICA EN CUARENTENA | Iglesia del Nazareno Am\u00e9rica del Sur","isPartOf":{"@id":"https:\/\/www.samnaz.org\/#website"},"primaryImageOfPage":{"@id":"https:\/\/www.samnaz.org\/pt\/educacion-teologica-en-cuarentena\/#primaryimage"},"image":{"@id":"https:\/\/www.samnaz.org\/pt\/educacion-teologica-en-cuarentena\/#primaryimage"},"thumbnailUrl":"https:\/\/www.samnaz.org\/wp-content\/uploads\/2020\/07\/EDUCTEOCUARENTENA1-1.jpg","datePublished":"2020-07-21T00:28:37+00:00","dateModified":"2021-11-26T14:09:08+00:00","inLanguage":"pt-BR","potentialAction":[{"@type":"ReadAction","target":["https:\/\/www.samnaz.org\/pt\/educacion-teologica-en-cuarentena\/"]}]},{"@type":"ImageObject","inLanguage":"pt-BR","@id":"https:\/\/www.samnaz.org\/pt\/educacion-teologica-en-cuarentena\/#primaryimage","url":"https:\/\/www.samnaz.org\/wp-content\/uploads\/2020\/07\/EDUCTEOCUARENTENA1-1.jpg","contentUrl":"https:\/\/www.samnaz.org\/wp-content\/uploads\/2020\/07\/EDUCTEOCUARENTENA1-1.jpg","width":1280,"height":720},{"@type":"WebSite","@id":"https:\/\/www.samnaz.org\/#website","url":"https:\/\/www.samnaz.org\/","name":"Haciendo Disc\u00edpulos Semejantes a Cristo en las naciones","description":"Haciendo disc\u00edpulos semejantes a Cristo en las Naciones","publisher":{"@id":"https:\/\/www.samnaz.org\/#organization"},"alternateName":"Viviendo la Gran Comisi\u00f3n","potentialAction":[{"@type":"SearchAction","target":{"@type":"EntryPoint","urlTemplate":"https:\/\/www.samnaz.org\/?s={search_term_string}"},"query-input":{"@type":"PropertyValueSpecification","valueRequired":true,"valueName":"search_term_string"}}],"inLanguage":"pt-BR"},{"@type":"Organization","@id":"https:\/\/www.samnaz.org\/#organization","name":"Iglesia del Nazareno Am\u00e9rica del Sur","url":"https:\/\/www.samnaz.org\/","logo":{"@type":"ImageObject","inLanguage":"pt-BR","@id":"https:\/\/www.samnaz.org\/#\/schema\/logo\/image\/","url":"https:\/\/www.samnaz.org\/wp-content\/uploads\/2021\/04\/Logo-3-ESP.png","contentUrl":"https:\/\/www.samnaz.org\/wp-content\/uploads\/2021\/04\/Logo-3-ESP.png","width":1041,"height":780,"caption":"Iglesia del Nazareno Am\u00e9rica del Sur"},"image":{"@id":"https:\/\/www.samnaz.org\/#\/schema\/logo\/image\/"},"sameAs":["https:\/\/www.facebook.com\/NazarenoEsp","https:\/\/www.instagram.com\/nazarenoesp\/"],"publishingPrinciples":"https:\/\/www.samnaz.org\/"},{"@type":"Person","@id":"https:\/\/www.samnaz.org\/#\/schema\/person\/c09d1131c49ba510c7e1cbb677b39927","name":"Samnaz","image":{"@type":"ImageObject","inLanguage":"pt-BR","@id":"https:\/\/secure.gravatar.com\/avatar\/a5baaf0e270319d09c0efce6a9dd03ff93175913c70afe26595c0069c83fa6dc?s=96&d=mm&r=g","url":"https:\/\/secure.gravatar.com\/avatar\/a5baaf0e270319d09c0efce6a9dd03ff93175913c70afe26595c0069c83fa6dc?s=96&d=mm&r=g","contentUrl":"https:\/\/secure.gravatar.com\/avatar\/a5baaf0e270319d09c0efce6a9dd03ff93175913c70afe26595c0069c83fa6dc?s=96&d=mm&r=g","caption":"Samnaz"}}]}},"_links":{"self":[{"href":"https:\/\/www.samnaz.org\/pt\/wp-json\/wp\/v2\/posts\/35651","targetHints":{"allow":["GET"]}}],"collection":[{"href":"https:\/\/www.samnaz.org\/pt\/wp-json\/wp\/v2\/posts"}],"about":[{"href":"https:\/\/www.samnaz.org\/pt\/wp-json\/wp\/v2\/types\/post"}],"author":[{"embeddable":true,"href":"https:\/\/www.samnaz.org\/pt\/wp-json\/wp\/v2\/users\/4"}],"replies":[{"embeddable":true,"href":"https:\/\/www.samnaz.org\/pt\/wp-json\/wp\/v2\/comments?post=35651"}],"version-history":[{"count":1,"href":"https:\/\/www.samnaz.org\/pt\/wp-json\/wp\/v2\/posts\/35651\/revisions"}],"predecessor-version":[{"id":35864,"href":"https:\/\/www.samnaz.org\/pt\/wp-json\/wp\/v2\/posts\/35651\/revisions\/35864"}],"wp:featuredmedia":[{"embeddable":true,"href":"https:\/\/www.samnaz.org\/pt\/wp-json\/wp\/v2\/media\/35653"}],"wp:attachment":[{"href":"https:\/\/www.samnaz.org\/pt\/wp-json\/wp\/v2\/media?parent=35651"}],"wp:term":[{"taxonomy":"category","embeddable":true,"href":"https:\/\/www.samnaz.org\/pt\/wp-json\/wp\/v2\/categories?post=35651"},{"taxonomy":"post_tag","embeddable":true,"href":"https:\/\/www.samnaz.org\/pt\/wp-json\/wp\/v2\/tags?post=35651"}],"curies":[{"name":"wp","href":"https:\/\/api.w.org\/{rel}","templated":true}]}}