{"id":35867,"date":"2019-08-16T01:25:11","date_gmt":"2019-08-16T04:25:11","guid":{"rendered":"https:\/\/www.samnaz.org\/?p=28619"},"modified":"2021-11-26T11:09:16","modified_gmt":"2021-11-26T14:09:16","slug":"distrito-peru-andino-realizo-campamento-de-jovenes","status":"publish","type":"post","link":"https:\/\/www.samnaz.org\/pt\/distrito-peru-andino-realizo-campamento-de-jovenes\/","title":{"rendered":"DISTRITO PER\u00da ANDINO REALIZ\u00d3 CAMPAMENTO DE JOVENES"},"content":{"rendered":"<p>[et_pb_section bb_built=\u00bb1&#8243; _builder_version=\u00bb3.0.47&#8243; custom_padding=\u00bb0px|0px|3px|0px\u00bb][et_pb_row _builder_version=\u00bb3.0.47&#8243; background_size=\u00bbinitial\u00bb background_position=\u00bbtop_left\u00bb background_repeat=\u00bbrepeat\u00bb custom_padding=\u00bb43px|0px|0px|0px\u00bb][et_pb_column type=\u00bb2_3&#8243;][et_pb_post_title categories=\u00bboff\u00bb _builder_version=\u00bb3.0.105&#8243; title_font=\u00bb||||||||\u00bb title_font_size=\u00bb35px\u00bb title_text_color=\u00bb#db6553&#8243; meta_font=\u00bb||||||||\u00bb meta_font_size=\u00bb13px\u00bb \/][et_pb_text _builder_version=\u00bb3.0.105&#8243; background_layout=\u00bblight\u00bb]<\/p>\n<p style=\"text-align: justify;\"><strong>(CNAS Per\u00fa)<\/strong> Con el lema <em>\u201cSER en tu generaci\u00f3n 2019\u201d<\/em> el distrito Per\u00fa Andino, con sede en la ciudad de Chota, provincia de Cajamarca, realiz\u00f3 el campamento distrital de j\u00f3venes con una asistencia de m\u00e1s de 600 participantes.<\/p>\n<p style=\"text-align: justify;\">El evento se realiz\u00f3 del 1 al 3 de agosto de este a\u00f1o, en la ciudad de Cutervo, tierra de los blancos arenales, en las instalaciones de la Iglesia del Nazareno de esta ciudad. Los expositores fueron los pastores Wilmer D\u00edaz Barboza (Cajamarca), Atilano Bustamante (Chota) y Flor V\u00e1squez Barboza (Chota).<\/p>\n<p style=\"text-align: justify;\">Adem\u00e1s, particip\u00f3 con la predicaci\u00f3n en las noches evangel\u00edsticas el pastor Mois\u00e9s Su\u00e1rez (Lima), los temas sobresalientes fueron: \u201c<em>Que hay debajo de la tapa\u201d, \u201cPresiones juveniles\u201d, \u201cAvanzando sin salirse del camino\u201d,<\/em> entre otros.<\/p>\n<p style=\"text-align: justify;\">Por las noches se realizaron los cultos en el complejo deportivo Tom\u00e1s G\u00e1lvez. All\u00ed Dios manifest\u00f3 su gracia tocando muchas vidas, hubieron convertidos y reconciliados.<\/p>\n<p style=\"text-align: justify;\">La participaci\u00f3n del ministerio de alabanza ATC de Chiclayo dio realce a este evento.<\/p>\n<p style=\"text-align: justify;\">El Coordinador Distrital de J\u00f3venes, el pastor Micaias Vel\u00e1squez Rom\u00e1n, al finalizar el evento expres\u00f3 su gratitud a toda la juventud asistente y dio gracias a Dios por la manifestaci\u00f3n de su gloria.\u00a0 Cientos de j\u00f3venes quedaron desafiados y comprometidos a vivir como verdaderos disc\u00edpulos del Se\u00f1or, manifest\u00f3.<\/p>\n<p style=\"text-align: justify;\" class=\"translation-block\"><strong> <em> Fonte: <\/em> <\/strong> <em> Communications Nazarenas Peru <\/em><\/p>\n<p>[\/et_pb_text][et_pb_gallery gallery_ids=\u00bb28621,28622,28623,28624,28625&#8243; show_title_and_caption=\u00bboff\u00bb _builder_version=\u00bb3.0.105&#8243; pagination_font_size_tablet=\u00bb51&#8243; pagination_line_height_tablet=\u00bb2&#8243; show_pagination=\u00bbon\u00bb fullwidth=\u00bboff\u00bb orientation=\u00bblandscape\u00bb zoom_icon_color=\u00bb#db6553&#8243; hover_overlay_color=\u00bbrgba(255,255,255,0.9)\u00bb background_layout=\u00bblight\u00bb \/][\/et_pb_column][et_pb_column type=\u00bb1_3&#8243;][et_pb_sidebar orientation=\u00bbright\u00bb area=\u00bbsidebar-1&#8243; show_border=\u00bboff\u00bb _builder_version=\u00bb3.0.105&#8243; header_font_size=\u00bb14&#8243; header_text_color=\u00bb#db6553&#8243; text_orientation=\u00bbright\u00bb \/][\/et_pb_column][\/et_pb_row][\/et_pb_section]<\/p>\n<span class=\"et_bloom_bottom_trigger\"><\/span>","protected":false},"excerpt":{"rendered":"<p>(CNAS Per\u00fa) Con el lema \u201cSER en tu generaci\u00f3n 2019\u201d el distrito Per\u00fa Andino, con sede en la ciudad de Chota, provincia de Cajamarca, realiz\u00f3 el campamento distrital de j\u00f3venes con una asistencia de m\u00e1s de 600 participantes. El evento se realiz\u00f3 del 1 al 3 de agosto de este a\u00f1o, en la ciudad de [&hellip;]<\/p>","protected":false},"author":4,"featured_media":35869,"comment_status":"closed","ping_status":"closed","sticky":false,"template":"","format":"standard","meta":{"_et_pb_use_builder":"on","_et_pb_old_content":"","_et_gb_content_width":"","_monsterinsights_skip_tracking":false,"_monsterinsights_sitenote_active":false,"_monsterinsights_sitenote_note":"","_monsterinsights_sitenote_category":0,"_vp_format_video_url":"","_vp_image_focal_point":[],"footnotes":""},"categories":[50,56],"tags":[],"class_list":["post-35867","post","type-post","status-publish","format-standard","has-post-thumbnail","hentry","category-jni","category-peru"],"yoast_head":"<!-- This site is optimized with the Yoast SEO Premium plugin v23.6 (Yoast SEO v27.5) - https:\/\/yoast.com\/product\/yoast-seo-premium-wordpress\/ -->\n<title>DISTRITO PER\u00da ANDINO REALIZ\u00d3 CAMPAMENTO DE JOVENES | Iglesia del Nazareno Am\u00e9rica del Sur<\/title>\n<meta name=\"robots\" content=\"noindex, follow\" \/>\n<meta property=\"og:locale\" content=\"pt_BR\" \/>\n<meta property=\"og:type\" content=\"article\" \/>\n<meta property=\"og:title\" content=\"DISTRITO PER\u00da ANDINO REALIZ\u00d3 CAMPAMENTO DE JOVENES | Iglesia del Nazareno Am\u00e9rica del Sur\" \/>\n<meta property=\"og:url\" content=\"https:\/\/www.samnaz.org\/pt\/distrito-peru-andino-realizo-campamento-de-jovenes\/\" \/>\n<meta property=\"og:site_name\" content=\"Iglesia del Nazareno Am\u00e9rica del Sur\" \/>\n<meta property=\"article:publisher\" content=\"https:\/\/www.facebook.com\/NazarenoEsp\" \/>\n<meta property=\"article:published_time\" content=\"2019-08-16T04:25:11+00:00\" \/>\n<meta property=\"article:modified_time\" content=\"2021-11-26T14:09:16+00:00\" \/>\n<meta property=\"og:image\" content=\"https:\/\/www.samnaz.org\/wp-content\/uploads\/2019\/08\/2-1.jpg\" \/>\n\t<meta property=\"og:image:width\" content=\"1032\" \/>\n\t<meta property=\"og:image:height\" content=\"774\" \/>\n\t<meta property=\"og:image:type\" content=\"image\/jpeg\" \/>\n<meta name=\"author\" content=\"Samnaz\" \/>\n<meta name=\"twitter:card\" content=\"summary_large_image\" \/>\n<meta name=\"twitter:label1\" content=\"Escrito por\" \/>\n\t<meta name=\"twitter:data1\" content=\"Samnaz\" \/>\n\t<meta name=\"twitter:label2\" content=\"Est. tempo de leitura\" \/>\n\t<meta name=\"twitter:data2\" content=\"2 minutos\" \/>\n<script type=\"application\/ld+json\" class=\"yoast-schema-graph\">{\"@context\":\"https:\\\/\\\/schema.org\",\"@graph\":[{\"@type\":\"Article\",\"@id\":\"https:\\\/\\\/www.samnaz.org\\\/pt\\\/distrito-peru-andino-realizo-campamento-de-jovenes\\\/#article\",\"isPartOf\":{\"@id\":\"https:\\\/\\\/www.samnaz.org\\\/pt\\\/distrito-peru-andino-realizo-campamento-de-jovenes\\\/\"},\"author\":{\"name\":\"Samnaz\",\"@id\":\"https:\\\/\\\/www.samnaz.org\\\/#\\\/schema\\\/person\\\/c09d1131c49ba510c7e1cbb677b39927\"},\"headline\":\"DISTRITO PER\u00da ANDINO REALIZ\u00d3 CAMPAMENTO DE JOVENES\",\"datePublished\":\"2019-08-16T04:25:11+00:00\",\"dateModified\":\"2021-11-26T14:09:16+00:00\",\"mainEntityOfPage\":{\"@id\":\"https:\\\/\\\/www.samnaz.org\\\/pt\\\/distrito-peru-andino-realizo-campamento-de-jovenes\\\/\"},\"wordCount\":386,\"publisher\":{\"@id\":\"https:\\\/\\\/www.samnaz.org\\\/#organization\"},\"image\":{\"@id\":\"https:\\\/\\\/www.samnaz.org\\\/pt\\\/distrito-peru-andino-realizo-campamento-de-jovenes\\\/#primaryimage\"},\"thumbnailUrl\":\"https:\\\/\\\/www.samnaz.org\\\/wp-content\\\/uploads\\\/2019\\\/08\\\/2-1.jpg\",\"articleSection\":[\"JNI\",\"Per\u00fa\"],\"inLanguage\":\"pt-BR\"},{\"@type\":\"WebPage\",\"@id\":\"https:\\\/\\\/www.samnaz.org\\\/pt\\\/distrito-peru-andino-realizo-campamento-de-jovenes\\\/\",\"url\":\"https:\\\/\\\/www.samnaz.org\\\/pt\\\/distrito-peru-andino-realizo-campamento-de-jovenes\\\/\",\"name\":\"DISTRITO PER\u00da ANDINO REALIZ\u00d3 CAMPAMENTO DE JOVENES | Iglesia del Nazareno Am\u00e9rica del Sur\",\"isPartOf\":{\"@id\":\"https:\\\/\\\/www.samnaz.org\\\/#website\"},\"primaryImageOfPage\":{\"@id\":\"https:\\\/\\\/www.samnaz.org\\\/pt\\\/distrito-peru-andino-realizo-campamento-de-jovenes\\\/#primaryimage\"},\"image\":{\"@id\":\"https:\\\/\\\/www.samnaz.org\\\/pt\\\/distrito-peru-andino-realizo-campamento-de-jovenes\\\/#primaryimage\"},\"thumbnailUrl\":\"https:\\\/\\\/www.samnaz.org\\\/wp-content\\\/uploads\\\/2019\\\/08\\\/2-1.jpg\",\"datePublished\":\"2019-08-16T04:25:11+00:00\",\"dateModified\":\"2021-11-26T14:09:16+00:00\",\"inLanguage\":\"pt-BR\",\"potentialAction\":[{\"@type\":\"ReadAction\",\"target\":[\"https:\\\/\\\/www.samnaz.org\\\/pt\\\/distrito-peru-andino-realizo-campamento-de-jovenes\\\/\"]}]},{\"@type\":\"ImageObject\",\"inLanguage\":\"pt-BR\",\"@id\":\"https:\\\/\\\/www.samnaz.org\\\/pt\\\/distrito-peru-andino-realizo-campamento-de-jovenes\\\/#primaryimage\",\"url\":\"https:\\\/\\\/www.samnaz.org\\\/wp-content\\\/uploads\\\/2019\\\/08\\\/2-1.jpg\",\"contentUrl\":\"https:\\\/\\\/www.samnaz.org\\\/wp-content\\\/uploads\\\/2019\\\/08\\\/2-1.jpg\",\"width\":1032,\"height\":774},{\"@type\":\"WebSite\",\"@id\":\"https:\\\/\\\/www.samnaz.org\\\/#website\",\"url\":\"https:\\\/\\\/www.samnaz.org\\\/\",\"name\":\"Haciendo Disc\u00edpulos Semejantes a Cristo en las naciones\",\"description\":\"Haciendo disc\u00edpulos semejantes a Cristo en las Naciones\",\"publisher\":{\"@id\":\"https:\\\/\\\/www.samnaz.org\\\/#organization\"},\"alternateName\":\"Viviendo la Gran Comisi\u00f3n\",\"potentialAction\":[{\"@type\":\"SearchAction\",\"target\":{\"@type\":\"EntryPoint\",\"urlTemplate\":\"https:\\\/\\\/www.samnaz.org\\\/?s={search_term_string}\"},\"query-input\":{\"@type\":\"PropertyValueSpecification\",\"valueRequired\":true,\"valueName\":\"search_term_string\"}}],\"inLanguage\":\"pt-BR\"},{\"@type\":\"Organization\",\"@id\":\"https:\\\/\\\/www.samnaz.org\\\/#organization\",\"name\":\"Iglesia del Nazareno Am\u00e9rica del Sur\",\"url\":\"https:\\\/\\\/www.samnaz.org\\\/\",\"logo\":{\"@type\":\"ImageObject\",\"inLanguage\":\"pt-BR\",\"@id\":\"https:\\\/\\\/www.samnaz.org\\\/#\\\/schema\\\/logo\\\/image\\\/\",\"url\":\"https:\\\/\\\/www.samnaz.org\\\/wp-content\\\/uploads\\\/2021\\\/04\\\/Logo-3-ESP.png\",\"contentUrl\":\"https:\\\/\\\/www.samnaz.org\\\/wp-content\\\/uploads\\\/2021\\\/04\\\/Logo-3-ESP.png\",\"width\":1041,\"height\":780,\"caption\":\"Iglesia del Nazareno Am\u00e9rica del Sur\"},\"image\":{\"@id\":\"https:\\\/\\\/www.samnaz.org\\\/#\\\/schema\\\/logo\\\/image\\\/\"},\"sameAs\":[\"https:\\\/\\\/www.facebook.com\\\/NazarenoEsp\",\"https:\\\/\\\/www.instagram.com\\\/nazarenoesp\\\/\"],\"publishingPrinciples\":\"https:\\\/\\\/www.samnaz.org\\\/\"},{\"@type\":\"Person\",\"@id\":\"https:\\\/\\\/www.samnaz.org\\\/#\\\/schema\\\/person\\\/c09d1131c49ba510c7e1cbb677b39927\",\"name\":\"Samnaz\",\"image\":{\"@type\":\"ImageObject\",\"inLanguage\":\"pt-BR\",\"@id\":\"https:\\\/\\\/secure.gravatar.com\\\/avatar\\\/a5baaf0e270319d09c0efce6a9dd03ff93175913c70afe26595c0069c83fa6dc?s=96&d=mm&r=g\",\"url\":\"https:\\\/\\\/secure.gravatar.com\\\/avatar\\\/a5baaf0e270319d09c0efce6a9dd03ff93175913c70afe26595c0069c83fa6dc?s=96&d=mm&r=g\",\"contentUrl\":\"https:\\\/\\\/secure.gravatar.com\\\/avatar\\\/a5baaf0e270319d09c0efce6a9dd03ff93175913c70afe26595c0069c83fa6dc?s=96&d=mm&r=g\",\"caption\":\"Samnaz\"}}]}<\/script>\n<!-- \/ Yoast SEO Premium plugin. -->","yoast_head_json":{"title":"DISTRITO PER\u00da ANDINO REALIZ\u00d3 CAMPAMENTO DE JOVENES | Iglesia del Nazareno Am\u00e9rica del Sur","robots":{"index":"noindex","follow":"follow"},"og_locale":"pt_BR","og_type":"article","og_title":"DISTRITO PER\u00da ANDINO REALIZ\u00d3 CAMPAMENTO DE JOVENES | Iglesia del Nazareno Am\u00e9rica del Sur","og_url":"https:\/\/www.samnaz.org\/pt\/distrito-peru-andino-realizo-campamento-de-jovenes\/","og_site_name":"Iglesia del Nazareno Am\u00e9rica del Sur","article_publisher":"https:\/\/www.facebook.com\/NazarenoEsp","article_published_time":"2019-08-16T04:25:11+00:00","article_modified_time":"2021-11-26T14:09:16+00:00","og_image":[{"width":1032,"height":774,"url":"https:\/\/www.samnaz.org\/wp-content\/uploads\/2019\/08\/2-1.jpg","type":"image\/jpeg"}],"author":"Samnaz","twitter_card":"summary_large_image","twitter_misc":{"Escrito por":"Samnaz","Est. tempo de leitura":"2 minutos"},"schema":{"@context":"https:\/\/schema.org","@graph":[{"@type":"Article","@id":"https:\/\/www.samnaz.org\/pt\/distrito-peru-andino-realizo-campamento-de-jovenes\/#article","isPartOf":{"@id":"https:\/\/www.samnaz.org\/pt\/distrito-peru-andino-realizo-campamento-de-jovenes\/"},"author":{"name":"Samnaz","@id":"https:\/\/www.samnaz.org\/#\/schema\/person\/c09d1131c49ba510c7e1cbb677b39927"},"headline":"DISTRITO PER\u00da ANDINO REALIZ\u00d3 CAMPAMENTO DE JOVENES","datePublished":"2019-08-16T04:25:11+00:00","dateModified":"2021-11-26T14:09:16+00:00","mainEntityOfPage":{"@id":"https:\/\/www.samnaz.org\/pt\/distrito-peru-andino-realizo-campamento-de-jovenes\/"},"wordCount":386,"publisher":{"@id":"https:\/\/www.samnaz.org\/#organization"},"image":{"@id":"https:\/\/www.samnaz.org\/pt\/distrito-peru-andino-realizo-campamento-de-jovenes\/#primaryimage"},"thumbnailUrl":"https:\/\/www.samnaz.org\/wp-content\/uploads\/2019\/08\/2-1.jpg","articleSection":["JNI","Per\u00fa"],"inLanguage":"pt-BR"},{"@type":"WebPage","@id":"https:\/\/www.samnaz.org\/pt\/distrito-peru-andino-realizo-campamento-de-jovenes\/","url":"https:\/\/www.samnaz.org\/pt\/distrito-peru-andino-realizo-campamento-de-jovenes\/","name":"DISTRITO PER\u00da ANDINO REALIZ\u00d3 CAMPAMENTO DE JOVENES | Iglesia del Nazareno Am\u00e9rica del Sur","isPartOf":{"@id":"https:\/\/www.samnaz.org\/#website"},"primaryImageOfPage":{"@id":"https:\/\/www.samnaz.org\/pt\/distrito-peru-andino-realizo-campamento-de-jovenes\/#primaryimage"},"image":{"@id":"https:\/\/www.samnaz.org\/pt\/distrito-peru-andino-realizo-campamento-de-jovenes\/#primaryimage"},"thumbnailUrl":"https:\/\/www.samnaz.org\/wp-content\/uploads\/2019\/08\/2-1.jpg","datePublished":"2019-08-16T04:25:11+00:00","dateModified":"2021-11-26T14:09:16+00:00","inLanguage":"pt-BR","potentialAction":[{"@type":"ReadAction","target":["https:\/\/www.samnaz.org\/pt\/distrito-peru-andino-realizo-campamento-de-jovenes\/"]}]},{"@type":"ImageObject","inLanguage":"pt-BR","@id":"https:\/\/www.samnaz.org\/pt\/distrito-peru-andino-realizo-campamento-de-jovenes\/#primaryimage","url":"https:\/\/www.samnaz.org\/wp-content\/uploads\/2019\/08\/2-1.jpg","contentUrl":"https:\/\/www.samnaz.org\/wp-content\/uploads\/2019\/08\/2-1.jpg","width":1032,"height":774},{"@type":"WebSite","@id":"https:\/\/www.samnaz.org\/#website","url":"https:\/\/www.samnaz.org\/","name":"Haciendo Disc\u00edpulos Semejantes a Cristo en las naciones","description":"Haciendo disc\u00edpulos semejantes a Cristo en las Naciones","publisher":{"@id":"https:\/\/www.samnaz.org\/#organization"},"alternateName":"Viviendo la Gran Comisi\u00f3n","potentialAction":[{"@type":"SearchAction","target":{"@type":"EntryPoint","urlTemplate":"https:\/\/www.samnaz.org\/?s={search_term_string}"},"query-input":{"@type":"PropertyValueSpecification","valueRequired":true,"valueName":"search_term_string"}}],"inLanguage":"pt-BR"},{"@type":"Organization","@id":"https:\/\/www.samnaz.org\/#organization","name":"Iglesia del Nazareno Am\u00e9rica del Sur","url":"https:\/\/www.samnaz.org\/","logo":{"@type":"ImageObject","inLanguage":"pt-BR","@id":"https:\/\/www.samnaz.org\/#\/schema\/logo\/image\/","url":"https:\/\/www.samnaz.org\/wp-content\/uploads\/2021\/04\/Logo-3-ESP.png","contentUrl":"https:\/\/www.samnaz.org\/wp-content\/uploads\/2021\/04\/Logo-3-ESP.png","width":1041,"height":780,"caption":"Iglesia del Nazareno Am\u00e9rica del Sur"},"image":{"@id":"https:\/\/www.samnaz.org\/#\/schema\/logo\/image\/"},"sameAs":["https:\/\/www.facebook.com\/NazarenoEsp","https:\/\/www.instagram.com\/nazarenoesp\/"],"publishingPrinciples":"https:\/\/www.samnaz.org\/"},{"@type":"Person","@id":"https:\/\/www.samnaz.org\/#\/schema\/person\/c09d1131c49ba510c7e1cbb677b39927","name":"Samnaz","image":{"@type":"ImageObject","inLanguage":"pt-BR","@id":"https:\/\/secure.gravatar.com\/avatar\/a5baaf0e270319d09c0efce6a9dd03ff93175913c70afe26595c0069c83fa6dc?s=96&d=mm&r=g","url":"https:\/\/secure.gravatar.com\/avatar\/a5baaf0e270319d09c0efce6a9dd03ff93175913c70afe26595c0069c83fa6dc?s=96&d=mm&r=g","contentUrl":"https:\/\/secure.gravatar.com\/avatar\/a5baaf0e270319d09c0efce6a9dd03ff93175913c70afe26595c0069c83fa6dc?s=96&d=mm&r=g","caption":"Samnaz"}}]}},"_links":{"self":[{"href":"https:\/\/www.samnaz.org\/pt\/wp-json\/wp\/v2\/posts\/35867","targetHints":{"allow":["GET"]}}],"collection":[{"href":"https:\/\/www.samnaz.org\/pt\/wp-json\/wp\/v2\/posts"}],"about":[{"href":"https:\/\/www.samnaz.org\/pt\/wp-json\/wp\/v2\/types\/post"}],"author":[{"embeddable":true,"href":"https:\/\/www.samnaz.org\/pt\/wp-json\/wp\/v2\/users\/4"}],"replies":[{"embeddable":true,"href":"https:\/\/www.samnaz.org\/pt\/wp-json\/wp\/v2\/comments?post=35867"}],"version-history":[{"count":1,"href":"https:\/\/www.samnaz.org\/pt\/wp-json\/wp\/v2\/posts\/35867\/revisions"}],"predecessor-version":[{"id":35997,"href":"https:\/\/www.samnaz.org\/pt\/wp-json\/wp\/v2\/posts\/35867\/revisions\/35997"}],"wp:featuredmedia":[{"embeddable":true,"href":"https:\/\/www.samnaz.org\/pt\/wp-json\/wp\/v2\/media\/35869"}],"wp:attachment":[{"href":"https:\/\/www.samnaz.org\/pt\/wp-json\/wp\/v2\/media?parent=35867"}],"wp:term":[{"taxonomy":"category","embeddable":true,"href":"https:\/\/www.samnaz.org\/pt\/wp-json\/wp\/v2\/categories?post=35867"},{"taxonomy":"post_tag","embeddable":true,"href":"https:\/\/www.samnaz.org\/pt\/wp-json\/wp\/v2\/tags?post=35867"}],"curies":[{"name":"wp","href":"https:\/\/api.w.org\/{rel}","templated":true}]}}