{"id":35879,"date":"2019-08-15T03:32:38","date_gmt":"2019-08-15T06:32:38","guid":{"rendered":"https:\/\/www.samnaz.org\/?p=28569"},"modified":"2021-11-26T11:09:17","modified_gmt":"2021-11-26T14:09:17","slug":"campamento-de-entrenamiento-en-medios-de-comunicacion","status":"publish","type":"post","link":"https:\/\/www.samnaz.org\/pt\/campamento-de-entrenamiento-en-medios-de-comunicacion\/","title":{"rendered":"CAMPAMENTO DE ENTRENAMIENTO EN MEDIOS DE COMUNICACI\u00d3N"},"content":{"rendered":"<p>[et_pb_section bb_built=\u00bb1&#8243; _builder_version=\u00bb3.0.47&#8243; custom_padding=\u00bb0px|0px|3px|0px\u00bb][et_pb_row _builder_version=\u00bb3.0.47&#8243; background_size=\u00bbinitial\u00bb background_position=\u00bbtop_left\u00bb background_repeat=\u00bbrepeat\u00bb custom_padding=\u00bb43px|0px|0px|0px\u00bb][et_pb_column type=\u00bb2_3&#8243;][et_pb_post_title categories=\u00bboff\u00bb _builder_version=\u00bb3.0.105&#8243; title_font=\u00bb||||||||\u00bb title_font_size=\u00bb35px\u00bb title_text_color=\u00bb#db6553&#8243; meta_font=\u00bb||||||||\u00bb meta_font_size=\u00bb13px\u00bb \/][et_pb_text _builder_version=\u00bb3.0.105&#8243; background_layout=\u00bblight\u00bb]<\/p>\n<p style=\"text-align: justify;\"><strong>(CNAS Ecuador) <\/strong>Del 15 al 19 de julio se realiz\u00f3 en el distrito Sierra Centro de Riobamba Ecuador, el primer Campamento de Entrenamiento en Medios de Comunicaci\u00f3n al que asistieron representantes de la mayor\u00eda de las iglesias del distrito, especialmente j\u00f3venes y adolescentes se dieron cita para recibir un entrenamiento intensivo de cinco d\u00edas en el manejo de c\u00e1maras, grabaci\u00f3n y edici\u00f3n de audio, dise\u00f1o gr\u00e1fico, narraci\u00f3n de historias, teatro, podcasting, sonido en vivo, entre otros.<\/p>\n<p style=\"text-align: justify;\">Los talleres fueron llevados a cabo por un grupo de estudiantes de la Universidad Nazarena de Olivet en Estados Unidos, en coordinaci\u00f3n con el Coordinador global de Transmisiones de Misi\u00f3n Mundial, el Rev. Brian Utter. En el campamento los asistentes pudieron tener un panorama general del ministerio de Comunicaciones en la regi\u00f3n a trav\u00e9s de un tiempo donde el coordinador regional de Comunicaciones, Lucas Nunes, y el coordinador de comunicaciones para Ecuador, Carlos Ju\u00e1rez compartieron acerca del ministerio y algunas formas para involucrarse.<\/p>\n<p style=\"text-align: justify;\">El campamento fue dise\u00f1ado como parte de la visi\u00f3n del distrito para capacitar, especialmente a los j\u00f3venes y adolescentes que les gusta usar los diferentes medios y herramientas de comunicaci\u00f3n, generando un espacio donde puedan no solo aprender sino tambi\u00e9n sentir el llamado de Dios a utilizar estos conocimientos y habilidades como instrumentos para extender el Reino de Dios.<\/p>\n<p style=\"text-align: justify;\">Las charlas fueron te\u00f3ricas y pr\u00e1cticas, utilizando los nuevos estudios de audio y video que el Distrito Sierra Centro recientemente ha construido con el fin de que ese centro de Comunicaciones sea un medio de entrenamiento adem\u00e1s de contribuir con la realizaci\u00f3n de recursos audio visuales para la iglesia del Distrito<\/p>\n<p style=\"text-align: justify;\">El grupo asistente comparti\u00f3 lindos momentos de amistad, oraci\u00f3n y diversi\u00f3n con el grupo de Estados Unidos.<\/p>\n<p style=\"text-align: justify;\">Adem\u00e1s, este evento permiti\u00f3 la formaci\u00f3n de un equipo de Comunicaciones distrital, entrenado y deseoso de servir a la iglesia.<\/p>\n<p style=\"text-align: justify;\"><strong><em>Fonte <\/em><\/strong><em>Comunicaciones Distrito Sierra Centro.<\/em><\/p>\n<p>[\/et_pb_text][et_pb_gallery gallery_ids=\u00bb28570,28572,28573,28574,28575,28576,28577,28578,28579,28580,28581,28582,28583,28571&#8243; show_title_and_caption=\u00bboff\u00bb _builder_version=\u00bb3.0.105&#8243; pagination_font_size_tablet=\u00bb51&#8243; pagination_line_height_tablet=\u00bb2&#8243; show_pagination=\u00bbon\u00bb fullwidth=\u00bboff\u00bb orientation=\u00bblandscape\u00bb zoom_icon_color=\u00bb#db6553&#8243; hover_overlay_color=\u00bbrgba(255,255,255,0.9)\u00bb background_layout=\u00bblight\u00bb \/][\/et_pb_column][et_pb_column type=\u00bb1_3&#8243;][et_pb_sidebar orientation=\u00bbright\u00bb area=\u00bbsidebar-1&#8243; show_border=\u00bboff\u00bb _builder_version=\u00bb3.0.105&#8243; header_font_size=\u00bb14&#8243; header_text_color=\u00bb#db6553&#8243; text_orientation=\u00bbright\u00bb \/][\/et_pb_column][\/et_pb_row][\/et_pb_section]<\/p>\n<span class=\"et_bloom_bottom_trigger\"><\/span>","protected":false},"excerpt":{"rendered":"<p>(CNAS Ecuador) Del 15 al 19 de julio se realiz\u00f3 en el distrito Sierra Centro de Riobamba Ecuador, el primer Campamento de Entrenamiento en Medios de Comunicaci\u00f3n al que asistieron representantes de la mayor\u00eda de las iglesias del distrito, especialmente j\u00f3venes y adolescentes se dieron cita para recibir un entrenamiento intensivo de cinco d\u00edas en [&hellip;]<\/p>","protected":false},"author":4,"featured_media":35894,"comment_status":"closed","ping_status":"closed","sticky":false,"template":"","format":"standard","meta":{"_et_pb_use_builder":"on","_et_pb_old_content":"","_et_gb_content_width":"","_monsterinsights_skip_tracking":false,"_monsterinsights_sitenote_active":false,"_monsterinsights_sitenote_note":"","_monsterinsights_sitenote_category":0,"_vp_format_video_url":"","_vp_image_focal_point":[],"footnotes":""},"categories":[58,54],"tags":[],"class_list":["post-35879","post","type-post","status-publish","format-standard","has-post-thumbnail","hentry","category-comunicaciones","category-ecuador"],"yoast_head":"<!-- This site is optimized with the Yoast SEO Premium plugin v23.6 (Yoast SEO v27.5) - https:\/\/yoast.com\/product\/yoast-seo-premium-wordpress\/ -->\n<title>CAMPAMENTO DE ENTRENAMIENTO EN MEDIOS DE COMUNICACI\u00d3N | Iglesia del Nazareno Am\u00e9rica del Sur<\/title>\n<meta name=\"robots\" content=\"noindex, follow\" \/>\n<meta property=\"og:locale\" content=\"pt_BR\" \/>\n<meta property=\"og:type\" content=\"article\" \/>\n<meta property=\"og:title\" content=\"CAMPAMENTO DE ENTRENAMIENTO EN MEDIOS DE COMUNICACI\u00d3N | Iglesia del Nazareno Am\u00e9rica del Sur\" \/>\n<meta property=\"og:url\" content=\"https:\/\/www.samnaz.org\/pt\/campamento-de-entrenamiento-en-medios-de-comunicacion\/\" \/>\n<meta property=\"og:site_name\" content=\"Iglesia del Nazareno Am\u00e9rica del Sur\" \/>\n<meta property=\"article:publisher\" content=\"https:\/\/www.facebook.com\/NazarenoEsp\" \/>\n<meta property=\"article:published_time\" content=\"2019-08-15T06:32:38+00:00\" \/>\n<meta property=\"article:modified_time\" content=\"2021-11-26T14:09:17+00:00\" \/>\n<meta property=\"og:image\" content=\"https:\/\/www.samnaz.org\/wp-content\/uploads\/2019\/08\/WhatsApp-Image-2019-07-31-at-11.59.16.jpeg\" \/>\n\t<meta property=\"og:image:width\" content=\"1024\" \/>\n\t<meta property=\"og:image:height\" content=\"473\" \/>\n\t<meta property=\"og:image:type\" content=\"image\/jpeg\" \/>\n<meta name=\"author\" content=\"Samnaz\" \/>\n<meta name=\"twitter:card\" content=\"summary_large_image\" \/>\n<meta name=\"twitter:label1\" content=\"Escrito por\" \/>\n\t<meta name=\"twitter:data1\" content=\"Samnaz\" \/>\n\t<meta name=\"twitter:label2\" content=\"Est. tempo de leitura\" \/>\n\t<meta name=\"twitter:data2\" content=\"2 minutos\" \/>\n<script type=\"application\/ld+json\" class=\"yoast-schema-graph\">{\"@context\":\"https:\\\/\\\/schema.org\",\"@graph\":[{\"@type\":\"Article\",\"@id\":\"https:\\\/\\\/www.samnaz.org\\\/campamento-de-entrenamiento-en-medios-de-comunicacion\\\/#article\",\"isPartOf\":{\"@id\":\"https:\\\/\\\/www.samnaz.org\\\/campamento-de-entrenamiento-en-medios-de-comunicacion\\\/\"},\"author\":{\"name\":\"Samnaz\",\"@id\":\"https:\\\/\\\/www.samnaz.org\\\/#\\\/schema\\\/person\\\/c09d1131c49ba510c7e1cbb677b39927\"},\"headline\":\"CAMPAMENTO DE ENTRENAMIENTO EN MEDIOS DE COMUNICACI\u00d3N\",\"datePublished\":\"2019-08-15T06:32:38+00:00\",\"dateModified\":\"2021-11-26T14:09:17+00:00\",\"mainEntityOfPage\":{\"@id\":\"https:\\\/\\\/www.samnaz.org\\\/campamento-de-entrenamiento-en-medios-de-comunicacion\\\/\"},\"wordCount\":494,\"publisher\":{\"@id\":\"https:\\\/\\\/www.samnaz.org\\\/#organization\"},\"image\":{\"@id\":\"https:\\\/\\\/www.samnaz.org\\\/campamento-de-entrenamiento-en-medios-de-comunicacion\\\/#primaryimage\"},\"thumbnailUrl\":\"https:\\\/\\\/www.samnaz.org\\\/wp-content\\\/uploads\\\/2019\\\/08\\\/WhatsApp-Image-2019-07-31-at-11.59.16.jpeg\",\"articleSection\":[\"Comunicaciones\",\"Ecuador\"],\"inLanguage\":\"pt-BR\"},{\"@type\":\"WebPage\",\"@id\":\"https:\\\/\\\/www.samnaz.org\\\/campamento-de-entrenamiento-en-medios-de-comunicacion\\\/\",\"url\":\"https:\\\/\\\/www.samnaz.org\\\/campamento-de-entrenamiento-en-medios-de-comunicacion\\\/\",\"name\":\"CAMPAMENTO DE ENTRENAMIENTO EN MEDIOS DE COMUNICACI\u00d3N | Iglesia del Nazareno Am\u00e9rica del Sur\",\"isPartOf\":{\"@id\":\"https:\\\/\\\/www.samnaz.org\\\/#website\"},\"primaryImageOfPage\":{\"@id\":\"https:\\\/\\\/www.samnaz.org\\\/campamento-de-entrenamiento-en-medios-de-comunicacion\\\/#primaryimage\"},\"image\":{\"@id\":\"https:\\\/\\\/www.samnaz.org\\\/campamento-de-entrenamiento-en-medios-de-comunicacion\\\/#primaryimage\"},\"thumbnailUrl\":\"https:\\\/\\\/www.samnaz.org\\\/wp-content\\\/uploads\\\/2019\\\/08\\\/WhatsApp-Image-2019-07-31-at-11.59.16.jpeg\",\"datePublished\":\"2019-08-15T06:32:38+00:00\",\"dateModified\":\"2021-11-26T14:09:17+00:00\",\"inLanguage\":\"pt-BR\",\"potentialAction\":[{\"@type\":\"ReadAction\",\"target\":[\"https:\\\/\\\/www.samnaz.org\\\/campamento-de-entrenamiento-en-medios-de-comunicacion\\\/\"]}]},{\"@type\":\"ImageObject\",\"inLanguage\":\"pt-BR\",\"@id\":\"https:\\\/\\\/www.samnaz.org\\\/campamento-de-entrenamiento-en-medios-de-comunicacion\\\/#primaryimage\",\"url\":\"https:\\\/\\\/www.samnaz.org\\\/wp-content\\\/uploads\\\/2019\\\/08\\\/WhatsApp-Image-2019-07-31-at-11.59.16.jpeg\",\"contentUrl\":\"https:\\\/\\\/www.samnaz.org\\\/wp-content\\\/uploads\\\/2019\\\/08\\\/WhatsApp-Image-2019-07-31-at-11.59.16.jpeg\",\"width\":1024,\"height\":473},{\"@type\":\"WebSite\",\"@id\":\"https:\\\/\\\/www.samnaz.org\\\/#website\",\"url\":\"https:\\\/\\\/www.samnaz.org\\\/\",\"name\":\"Haciendo Disc\u00edpulos Semejantes a Cristo en las naciones\",\"description\":\"Haciendo disc\u00edpulos semejantes a Cristo en las Naciones\",\"publisher\":{\"@id\":\"https:\\\/\\\/www.samnaz.org\\\/#organization\"},\"alternateName\":\"Viviendo la Gran Comisi\u00f3n\",\"potentialAction\":[{\"@type\":\"SearchAction\",\"target\":{\"@type\":\"EntryPoint\",\"urlTemplate\":\"https:\\\/\\\/www.samnaz.org\\\/?s={search_term_string}\"},\"query-input\":{\"@type\":\"PropertyValueSpecification\",\"valueRequired\":true,\"valueName\":\"search_term_string\"}}],\"inLanguage\":\"pt-BR\"},{\"@type\":\"Organization\",\"@id\":\"https:\\\/\\\/www.samnaz.org\\\/#organization\",\"name\":\"Iglesia del Nazareno Am\u00e9rica del Sur\",\"url\":\"https:\\\/\\\/www.samnaz.org\\\/\",\"logo\":{\"@type\":\"ImageObject\",\"inLanguage\":\"pt-BR\",\"@id\":\"https:\\\/\\\/www.samnaz.org\\\/#\\\/schema\\\/logo\\\/image\\\/\",\"url\":\"https:\\\/\\\/www.samnaz.org\\\/wp-content\\\/uploads\\\/2021\\\/04\\\/Logo-3-ESP.png\",\"contentUrl\":\"https:\\\/\\\/www.samnaz.org\\\/wp-content\\\/uploads\\\/2021\\\/04\\\/Logo-3-ESP.png\",\"width\":1041,\"height\":780,\"caption\":\"Iglesia del Nazareno Am\u00e9rica del Sur\"},\"image\":{\"@id\":\"https:\\\/\\\/www.samnaz.org\\\/#\\\/schema\\\/logo\\\/image\\\/\"},\"sameAs\":[\"https:\\\/\\\/www.facebook.com\\\/NazarenoEsp\",\"https:\\\/\\\/www.instagram.com\\\/nazarenoesp\\\/\"],\"publishingPrinciples\":\"https:\\\/\\\/www.samnaz.org\\\/\"},{\"@type\":\"Person\",\"@id\":\"https:\\\/\\\/www.samnaz.org\\\/#\\\/schema\\\/person\\\/c09d1131c49ba510c7e1cbb677b39927\",\"name\":\"Samnaz\",\"image\":{\"@type\":\"ImageObject\",\"inLanguage\":\"pt-BR\",\"@id\":\"https:\\\/\\\/secure.gravatar.com\\\/avatar\\\/a5baaf0e270319d09c0efce6a9dd03ff93175913c70afe26595c0069c83fa6dc?s=96&d=mm&r=g\",\"url\":\"https:\\\/\\\/secure.gravatar.com\\\/avatar\\\/a5baaf0e270319d09c0efce6a9dd03ff93175913c70afe26595c0069c83fa6dc?s=96&d=mm&r=g\",\"contentUrl\":\"https:\\\/\\\/secure.gravatar.com\\\/avatar\\\/a5baaf0e270319d09c0efce6a9dd03ff93175913c70afe26595c0069c83fa6dc?s=96&d=mm&r=g\",\"caption\":\"Samnaz\"}}]}<\/script>\n<!-- \/ Yoast SEO Premium plugin. -->","yoast_head_json":{"title":"CAMPAMENTO DE ENTRENAMIENTO EN MEDIOS DE COMUNICACI\u00d3N | Iglesia del Nazareno Am\u00e9rica del Sur","robots":{"index":"noindex","follow":"follow"},"og_locale":"pt_BR","og_type":"article","og_title":"CAMPAMENTO DE ENTRENAMIENTO EN MEDIOS DE COMUNICACI\u00d3N | Iglesia del Nazareno Am\u00e9rica del Sur","og_url":"https:\/\/www.samnaz.org\/pt\/campamento-de-entrenamiento-en-medios-de-comunicacion\/","og_site_name":"Iglesia del Nazareno Am\u00e9rica del Sur","article_publisher":"https:\/\/www.facebook.com\/NazarenoEsp","article_published_time":"2019-08-15T06:32:38+00:00","article_modified_time":"2021-11-26T14:09:17+00:00","og_image":[{"width":1024,"height":473,"url":"https:\/\/www.samnaz.org\/wp-content\/uploads\/2019\/08\/WhatsApp-Image-2019-07-31-at-11.59.16.jpeg","type":"image\/jpeg"}],"author":"Samnaz","twitter_card":"summary_large_image","twitter_misc":{"Escrito por":"Samnaz","Est. tempo de leitura":"2 minutos"},"schema":{"@context":"https:\/\/schema.org","@graph":[{"@type":"Article","@id":"https:\/\/www.samnaz.org\/campamento-de-entrenamiento-en-medios-de-comunicacion\/#article","isPartOf":{"@id":"https:\/\/www.samnaz.org\/campamento-de-entrenamiento-en-medios-de-comunicacion\/"},"author":{"name":"Samnaz","@id":"https:\/\/www.samnaz.org\/#\/schema\/person\/c09d1131c49ba510c7e1cbb677b39927"},"headline":"CAMPAMENTO DE ENTRENAMIENTO EN MEDIOS DE COMUNICACI\u00d3N","datePublished":"2019-08-15T06:32:38+00:00","dateModified":"2021-11-26T14:09:17+00:00","mainEntityOfPage":{"@id":"https:\/\/www.samnaz.org\/campamento-de-entrenamiento-en-medios-de-comunicacion\/"},"wordCount":494,"publisher":{"@id":"https:\/\/www.samnaz.org\/#organization"},"image":{"@id":"https:\/\/www.samnaz.org\/campamento-de-entrenamiento-en-medios-de-comunicacion\/#primaryimage"},"thumbnailUrl":"https:\/\/www.samnaz.org\/wp-content\/uploads\/2019\/08\/WhatsApp-Image-2019-07-31-at-11.59.16.jpeg","articleSection":["Comunicaciones","Ecuador"],"inLanguage":"pt-BR"},{"@type":"WebPage","@id":"https:\/\/www.samnaz.org\/campamento-de-entrenamiento-en-medios-de-comunicacion\/","url":"https:\/\/www.samnaz.org\/campamento-de-entrenamiento-en-medios-de-comunicacion\/","name":"CAMPAMENTO DE ENTRENAMIENTO EN MEDIOS DE COMUNICACI\u00d3N | Iglesia del Nazareno Am\u00e9rica del Sur","isPartOf":{"@id":"https:\/\/www.samnaz.org\/#website"},"primaryImageOfPage":{"@id":"https:\/\/www.samnaz.org\/campamento-de-entrenamiento-en-medios-de-comunicacion\/#primaryimage"},"image":{"@id":"https:\/\/www.samnaz.org\/campamento-de-entrenamiento-en-medios-de-comunicacion\/#primaryimage"},"thumbnailUrl":"https:\/\/www.samnaz.org\/wp-content\/uploads\/2019\/08\/WhatsApp-Image-2019-07-31-at-11.59.16.jpeg","datePublished":"2019-08-15T06:32:38+00:00","dateModified":"2021-11-26T14:09:17+00:00","inLanguage":"pt-BR","potentialAction":[{"@type":"ReadAction","target":["https:\/\/www.samnaz.org\/campamento-de-entrenamiento-en-medios-de-comunicacion\/"]}]},{"@type":"ImageObject","inLanguage":"pt-BR","@id":"https:\/\/www.samnaz.org\/campamento-de-entrenamiento-en-medios-de-comunicacion\/#primaryimage","url":"https:\/\/www.samnaz.org\/wp-content\/uploads\/2019\/08\/WhatsApp-Image-2019-07-31-at-11.59.16.jpeg","contentUrl":"https:\/\/www.samnaz.org\/wp-content\/uploads\/2019\/08\/WhatsApp-Image-2019-07-31-at-11.59.16.jpeg","width":1024,"height":473},{"@type":"WebSite","@id":"https:\/\/www.samnaz.org\/#website","url":"https:\/\/www.samnaz.org\/","name":"Haciendo Disc\u00edpulos Semejantes a Cristo en las naciones","description":"Haciendo disc\u00edpulos semejantes a Cristo en las Naciones","publisher":{"@id":"https:\/\/www.samnaz.org\/#organization"},"alternateName":"Viviendo la Gran Comisi\u00f3n","potentialAction":[{"@type":"SearchAction","target":{"@type":"EntryPoint","urlTemplate":"https:\/\/www.samnaz.org\/?s={search_term_string}"},"query-input":{"@type":"PropertyValueSpecification","valueRequired":true,"valueName":"search_term_string"}}],"inLanguage":"pt-BR"},{"@type":"Organization","@id":"https:\/\/www.samnaz.org\/#organization","name":"Iglesia del Nazareno Am\u00e9rica del Sur","url":"https:\/\/www.samnaz.org\/","logo":{"@type":"ImageObject","inLanguage":"pt-BR","@id":"https:\/\/www.samnaz.org\/#\/schema\/logo\/image\/","url":"https:\/\/www.samnaz.org\/wp-content\/uploads\/2021\/04\/Logo-3-ESP.png","contentUrl":"https:\/\/www.samnaz.org\/wp-content\/uploads\/2021\/04\/Logo-3-ESP.png","width":1041,"height":780,"caption":"Iglesia del Nazareno Am\u00e9rica del Sur"},"image":{"@id":"https:\/\/www.samnaz.org\/#\/schema\/logo\/image\/"},"sameAs":["https:\/\/www.facebook.com\/NazarenoEsp","https:\/\/www.instagram.com\/nazarenoesp\/"],"publishingPrinciples":"https:\/\/www.samnaz.org\/"},{"@type":"Person","@id":"https:\/\/www.samnaz.org\/#\/schema\/person\/c09d1131c49ba510c7e1cbb677b39927","name":"Samnaz","image":{"@type":"ImageObject","inLanguage":"pt-BR","@id":"https:\/\/secure.gravatar.com\/avatar\/a5baaf0e270319d09c0efce6a9dd03ff93175913c70afe26595c0069c83fa6dc?s=96&d=mm&r=g","url":"https:\/\/secure.gravatar.com\/avatar\/a5baaf0e270319d09c0efce6a9dd03ff93175913c70afe26595c0069c83fa6dc?s=96&d=mm&r=g","contentUrl":"https:\/\/secure.gravatar.com\/avatar\/a5baaf0e270319d09c0efce6a9dd03ff93175913c70afe26595c0069c83fa6dc?s=96&d=mm&r=g","caption":"Samnaz"}}]}},"_links":{"self":[{"href":"https:\/\/www.samnaz.org\/pt\/wp-json\/wp\/v2\/posts\/35879","targetHints":{"allow":["GET"]}}],"collection":[{"href":"https:\/\/www.samnaz.org\/pt\/wp-json\/wp\/v2\/posts"}],"about":[{"href":"https:\/\/www.samnaz.org\/pt\/wp-json\/wp\/v2\/types\/post"}],"author":[{"embeddable":true,"href":"https:\/\/www.samnaz.org\/pt\/wp-json\/wp\/v2\/users\/4"}],"replies":[{"embeddable":true,"href":"https:\/\/www.samnaz.org\/pt\/wp-json\/wp\/v2\/comments?post=35879"}],"version-history":[{"count":1,"href":"https:\/\/www.samnaz.org\/pt\/wp-json\/wp\/v2\/posts\/35879\/revisions"}],"predecessor-version":[{"id":36000,"href":"https:\/\/www.samnaz.org\/pt\/wp-json\/wp\/v2\/posts\/35879\/revisions\/36000"}],"wp:featuredmedia":[{"embeddable":true,"href":"https:\/\/www.samnaz.org\/pt\/wp-json\/wp\/v2\/media\/35894"}],"wp:attachment":[{"href":"https:\/\/www.samnaz.org\/pt\/wp-json\/wp\/v2\/media?parent=35879"}],"wp:term":[{"taxonomy":"category","embeddable":true,"href":"https:\/\/www.samnaz.org\/pt\/wp-json\/wp\/v2\/categories?post=35879"},{"taxonomy":"post_tag","embeddable":true,"href":"https:\/\/www.samnaz.org\/pt\/wp-json\/wp\/v2\/tags?post=35879"}],"curies":[{"name":"wp","href":"https:\/\/api.w.org\/{rel}","templated":true}]}}