{"id":35934,"date":"2019-06-26T15:10:47","date_gmt":"2019-06-26T18:10:47","guid":{"rendered":"https:\/\/www.samnaz.org\/?p=28418"},"modified":"2021-11-26T11:09:17","modified_gmt":"2021-11-26T14:09:17","slug":"congreso-nacional-de-jovenes-despertar19","status":"publish","type":"post","link":"https:\/\/www.samnaz.org\/pt\/congreso-nacional-de-jovenes-despertar19\/","title":{"rendered":"CONGRESO NACIONAL DE J\u00d3VENES DESPERTAR19"},"content":{"rendered":"<p>[et_pb_section bb_built=\u00bb1&#8243; _builder_version=\u00bb3.0.47&#8243; custom_padding=\u00bb0px|0px|3px|0px\u00bb][et_pb_row _builder_version=\u00bb3.0.47&#8243; background_size=\u00bbinitial\u00bb background_position=\u00bbtop_left\u00bb background_repeat=\u00bbrepeat\u00bb custom_padding=\u00bb43px|0px|0px|0px\u00bb][et_pb_column type=\u00bb2_3&#8243;][et_pb_post_title categories=\u00bboff\u00bb _builder_version=\u00bb3.0.105&#8243; title_font=\u00bb||||||||\u00bb title_font_size=\u00bb35px\u00bb title_text_color=\u00bb#db6553&#8243; meta_font=\u00bb||||||||\u00bb meta_font_size=\u00bb13px\u00bb \/][et_pb_text _builder_version=\u00bb3.0.105&#8243; background_layout=\u00bblight\u00bb]<\/p>\n<p class=\"p1\" style=\"text-align: justify;\"><b>(CNAS Bolivia)<\/b> Despu\u00e9s de 4 a\u00f1os los ministerios de JNI y comunicaciones en Bolivia organizaron un congreso nacional para la juventud denominado #DESPERTAR19, los d\u00edas 21,22 y 23 de junio de 2019, en el centro de retiros cristiano Colcapirhua, ubicado en la ciudad de Cochabamba al centro del Pa\u00eds.<\/p>\n<p class=\"p1\" style=\"text-align: justify;\">Al evento asistieron aproximadamente 200 j\u00f3venes representando a los 6 distritos del pa\u00eds y contaron con la presencia de l\u00edderes internacionales como: Pr. David Gonz\u00e1lez, director global de JNI; Pr. Christiano Malta, presidente regional de JNI Am\u00e9rica del Sur; Pra. Patricia Picavea, coordinadora regional de MIEDD; Pr. Juan David Herrera, coordinador JNI Colombia; del liderazgo nacional: Pr. Napole\u00f3n Guerrero, CIM Bolivia; Pr. Camilo Daza, coordinador nacional de pastores laicos y los l\u00edderes distritales.<\/p>\n<p class=\"p1\" style=\"text-align: justify;\">Se realizaron 13 talleres capacitando a los asistentes con herramientas esenciales para el desarrollo del ministerio juvenil contempor\u00e1neo, adem\u00e1s se tuvo 5 servicios conjuntos en los que hubo predicaci\u00f3n y llamamiento a DESPERTAR hacia un trabajo apasionado y genuino por la juventud en Bolivia.<\/p>\n<p class=\"p1\" style=\"text-align: justify;\">Los encargados de la organizaci\u00f3n fueron los coordinadores nacionales de JNI Pablo Luis Su\u00e1rez y Comunicaciones Juan Jos\u00e9 Peralta, quien creo la marca DESPERTAR y junto a su equipo pudo transmitir el evento en vivo a trav\u00e9s de la p\u00e1gina <a href=\"https:\/\/www.facebook.com\/jnibolivia\/\" target=\"_blank\" rel=\"noopener\">JNIBoliviaOficial<\/a> en Facebook; la ejecuci\u00f3n y log\u00edstica estuvo a cargo de los j\u00f3venes del Distrito Central respaldados por el superintendente de distrito Pr. Guido Delgadillo y su esposa Silvia.<\/p>\n<p class=\"p1\" style=\"text-align: justify;\">Se concluy\u00f3 el evento con la celebraci\u00f3n de la Santa Cena y el desaf\u00edo de continuar una nueva versi\u00f3n de DESPERTAR en otro distrito el a\u00f1o 2022.<\/p>\n<p class=\"p1\" style=\"text-align: justify;\"><b><i>Fonte<\/i><\/b><i>: Pablo Luis Suarez<\/i><\/p>\n<p>[\/et_pb_text][et_pb_gallery gallery_ids=\u00bb28414,28413,28412,28411,28410,28409,28408&#8243; show_title_and_caption=\u00bboff\u00bb _builder_version=\u00bb3.0.105&#8243; pagination_font_size_tablet=\u00bb51&#8243; pagination_line_height_tablet=\u00bb2&#8243; show_pagination=\u00bbon\u00bb fullwidth=\u00bboff\u00bb orientation=\u00bblandscape\u00bb zoom_icon_color=\u00bb#db6553&#8243; hover_overlay_color=\u00bbrgba(255,255,255,0.9)\u00bb background_layout=\u00bblight\u00bb \/][\/et_pb_column][et_pb_column type=\u00bb1_3&#8243;][et_pb_sidebar orientation=\u00bbright\u00bb area=\u00bbsidebar-1&#8243; show_border=\u00bboff\u00bb _builder_version=\u00bb3.0.105&#8243; header_font_size=\u00bb14&#8243; header_text_color=\u00bb#db6553&#8243; text_orientation=\u00bbright\u00bb \/][\/et_pb_column][\/et_pb_row][\/et_pb_section]<\/p>\n<span class=\"et_bloom_bottom_trigger\"><\/span>","protected":false},"excerpt":{"rendered":"<p>(CNAS Bolivia) Despu\u00e9s de 4 a\u00f1os los ministerios de JNI y comunicaciones en Bolivia organizaron un congreso nacional para la juventud denominado #DESPERTAR19, los d\u00edas 21,22 y 23 de junio de 2019, en el centro de retiros cristiano Colcapirhua, ubicado en la ciudad de Cochabamba al centro del Pa\u00eds. Al evento asistieron aproximadamente 200 j\u00f3venes [&hellip;]<\/p>","protected":false},"author":4,"featured_media":35935,"comment_status":"closed","ping_status":"closed","sticky":false,"template":"","format":"standard","meta":{"_et_pb_use_builder":"on","_et_pb_old_content":"","_et_gb_content_width":"","_monsterinsights_skip_tracking":false,"_monsterinsights_sitenote_active":false,"_monsterinsights_sitenote_note":"","_monsterinsights_sitenote_category":0,"_vp_format_video_url":"","_vp_image_focal_point":[],"footnotes":""},"categories":[52,50],"tags":[],"class_list":["post-35934","post","type-post","status-publish","format-standard","has-post-thumbnail","hentry","category-bolivia","category-jni"],"yoast_head":"<!-- This site is optimized with the Yoast SEO Premium plugin v23.6 (Yoast SEO v27.5) - https:\/\/yoast.com\/product\/yoast-seo-premium-wordpress\/ -->\n<title>CONGRESO NACIONAL DE J\u00d3VENES DESPERTAR19 | Iglesia del Nazareno Am\u00e9rica del Sur<\/title>\n<meta name=\"robots\" content=\"noindex, follow\" \/>\n<meta property=\"og:locale\" content=\"pt_BR\" \/>\n<meta property=\"og:type\" content=\"article\" \/>\n<meta property=\"og:title\" content=\"CONGRESO NACIONAL DE J\u00d3VENES DESPERTAR19 | Iglesia del Nazareno Am\u00e9rica del Sur\" \/>\n<meta property=\"og:url\" content=\"https:\/\/www.samnaz.org\/pt\/congreso-nacional-de-jovenes-despertar19\/\" \/>\n<meta property=\"og:site_name\" content=\"Iglesia del Nazareno Am\u00e9rica del Sur\" \/>\n<meta property=\"article:publisher\" content=\"https:\/\/www.facebook.com\/NazarenoEsp\" \/>\n<meta property=\"article:published_time\" content=\"2019-06-26T18:10:47+00:00\" \/>\n<meta property=\"article:modified_time\" content=\"2021-11-26T14:09:17+00:00\" \/>\n<meta property=\"og:image\" content=\"https:\/\/www.samnaz.org\/wp-content\/uploads\/2019\/06\/DSC_0631.jpg\" \/>\n\t<meta property=\"og:image:width\" content=\"2064\" \/>\n\t<meta property=\"og:image:height\" content=\"891\" \/>\n\t<meta property=\"og:image:type\" content=\"image\/jpeg\" \/>\n<meta name=\"author\" content=\"Samnaz\" \/>\n<meta name=\"twitter:card\" content=\"summary_large_image\" \/>\n<meta name=\"twitter:label1\" content=\"Escrito por\" \/>\n\t<meta name=\"twitter:data1\" content=\"Samnaz\" \/>\n\t<meta name=\"twitter:label2\" content=\"Est. tempo de leitura\" \/>\n\t<meta name=\"twitter:data2\" content=\"2 minutos\" \/>\n<script type=\"application\/ld+json\" class=\"yoast-schema-graph\">{\"@context\":\"https:\\\/\\\/schema.org\",\"@graph\":[{\"@type\":\"Article\",\"@id\":\"https:\\\/\\\/www.samnaz.org\\\/pt\\\/congreso-nacional-de-jovenes-despertar19\\\/#article\",\"isPartOf\":{\"@id\":\"https:\\\/\\\/www.samnaz.org\\\/pt\\\/congreso-nacional-de-jovenes-despertar19\\\/\"},\"author\":{\"name\":\"Samnaz\",\"@id\":\"https:\\\/\\\/www.samnaz.org\\\/#\\\/schema\\\/person\\\/c09d1131c49ba510c7e1cbb677b39927\"},\"headline\":\"CONGRESO NACIONAL DE J\u00d3VENES DESPERTAR19\",\"datePublished\":\"2019-06-26T18:10:47+00:00\",\"dateModified\":\"2021-11-26T14:09:17+00:00\",\"mainEntityOfPage\":{\"@id\":\"https:\\\/\\\/www.samnaz.org\\\/pt\\\/congreso-nacional-de-jovenes-despertar19\\\/\"},\"wordCount\":437,\"publisher\":{\"@id\":\"https:\\\/\\\/www.samnaz.org\\\/#organization\"},\"image\":{\"@id\":\"https:\\\/\\\/www.samnaz.org\\\/pt\\\/congreso-nacional-de-jovenes-despertar19\\\/#primaryimage\"},\"thumbnailUrl\":\"https:\\\/\\\/www.samnaz.org\\\/wp-content\\\/uploads\\\/2019\\\/06\\\/DSC_0631.jpg\",\"articleSection\":[\"Bolivia\",\"JNI\"],\"inLanguage\":\"pt-BR\"},{\"@type\":\"WebPage\",\"@id\":\"https:\\\/\\\/www.samnaz.org\\\/pt\\\/congreso-nacional-de-jovenes-despertar19\\\/\",\"url\":\"https:\\\/\\\/www.samnaz.org\\\/pt\\\/congreso-nacional-de-jovenes-despertar19\\\/\",\"name\":\"CONGRESO NACIONAL DE J\u00d3VENES DESPERTAR19 | Iglesia del Nazareno Am\u00e9rica del Sur\",\"isPartOf\":{\"@id\":\"https:\\\/\\\/www.samnaz.org\\\/#website\"},\"primaryImageOfPage\":{\"@id\":\"https:\\\/\\\/www.samnaz.org\\\/pt\\\/congreso-nacional-de-jovenes-despertar19\\\/#primaryimage\"},\"image\":{\"@id\":\"https:\\\/\\\/www.samnaz.org\\\/pt\\\/congreso-nacional-de-jovenes-despertar19\\\/#primaryimage\"},\"thumbnailUrl\":\"https:\\\/\\\/www.samnaz.org\\\/wp-content\\\/uploads\\\/2019\\\/06\\\/DSC_0631.jpg\",\"datePublished\":\"2019-06-26T18:10:47+00:00\",\"dateModified\":\"2021-11-26T14:09:17+00:00\",\"inLanguage\":\"pt-BR\",\"potentialAction\":[{\"@type\":\"ReadAction\",\"target\":[\"https:\\\/\\\/www.samnaz.org\\\/pt\\\/congreso-nacional-de-jovenes-despertar19\\\/\"]}]},{\"@type\":\"ImageObject\",\"inLanguage\":\"pt-BR\",\"@id\":\"https:\\\/\\\/www.samnaz.org\\\/pt\\\/congreso-nacional-de-jovenes-despertar19\\\/#primaryimage\",\"url\":\"https:\\\/\\\/www.samnaz.org\\\/wp-content\\\/uploads\\\/2019\\\/06\\\/DSC_0631.jpg\",\"contentUrl\":\"https:\\\/\\\/www.samnaz.org\\\/wp-content\\\/uploads\\\/2019\\\/06\\\/DSC_0631.jpg\",\"width\":2064,\"height\":891},{\"@type\":\"WebSite\",\"@id\":\"https:\\\/\\\/www.samnaz.org\\\/#website\",\"url\":\"https:\\\/\\\/www.samnaz.org\\\/\",\"name\":\"Haciendo Disc\u00edpulos Semejantes a Cristo en las naciones\",\"description\":\"Haciendo disc\u00edpulos semejantes a Cristo en las Naciones\",\"publisher\":{\"@id\":\"https:\\\/\\\/www.samnaz.org\\\/#organization\"},\"alternateName\":\"Viviendo la Gran Comisi\u00f3n\",\"potentialAction\":[{\"@type\":\"SearchAction\",\"target\":{\"@type\":\"EntryPoint\",\"urlTemplate\":\"https:\\\/\\\/www.samnaz.org\\\/?s={search_term_string}\"},\"query-input\":{\"@type\":\"PropertyValueSpecification\",\"valueRequired\":true,\"valueName\":\"search_term_string\"}}],\"inLanguage\":\"pt-BR\"},{\"@type\":\"Organization\",\"@id\":\"https:\\\/\\\/www.samnaz.org\\\/#organization\",\"name\":\"Iglesia del Nazareno Am\u00e9rica del Sur\",\"url\":\"https:\\\/\\\/www.samnaz.org\\\/\",\"logo\":{\"@type\":\"ImageObject\",\"inLanguage\":\"pt-BR\",\"@id\":\"https:\\\/\\\/www.samnaz.org\\\/#\\\/schema\\\/logo\\\/image\\\/\",\"url\":\"https:\\\/\\\/www.samnaz.org\\\/wp-content\\\/uploads\\\/2021\\\/04\\\/Logo-3-ESP.png\",\"contentUrl\":\"https:\\\/\\\/www.samnaz.org\\\/wp-content\\\/uploads\\\/2021\\\/04\\\/Logo-3-ESP.png\",\"width\":1041,\"height\":780,\"caption\":\"Iglesia del Nazareno Am\u00e9rica del Sur\"},\"image\":{\"@id\":\"https:\\\/\\\/www.samnaz.org\\\/#\\\/schema\\\/logo\\\/image\\\/\"},\"sameAs\":[\"https:\\\/\\\/www.facebook.com\\\/NazarenoEsp\",\"https:\\\/\\\/www.instagram.com\\\/nazarenoesp\\\/\"],\"publishingPrinciples\":\"https:\\\/\\\/www.samnaz.org\\\/\"},{\"@type\":\"Person\",\"@id\":\"https:\\\/\\\/www.samnaz.org\\\/#\\\/schema\\\/person\\\/c09d1131c49ba510c7e1cbb677b39927\",\"name\":\"Samnaz\",\"image\":{\"@type\":\"ImageObject\",\"inLanguage\":\"pt-BR\",\"@id\":\"https:\\\/\\\/secure.gravatar.com\\\/avatar\\\/a5baaf0e270319d09c0efce6a9dd03ff93175913c70afe26595c0069c83fa6dc?s=96&d=mm&r=g\",\"url\":\"https:\\\/\\\/secure.gravatar.com\\\/avatar\\\/a5baaf0e270319d09c0efce6a9dd03ff93175913c70afe26595c0069c83fa6dc?s=96&d=mm&r=g\",\"contentUrl\":\"https:\\\/\\\/secure.gravatar.com\\\/avatar\\\/a5baaf0e270319d09c0efce6a9dd03ff93175913c70afe26595c0069c83fa6dc?s=96&d=mm&r=g\",\"caption\":\"Samnaz\"}}]}<\/script>\n<!-- \/ Yoast SEO Premium plugin. -->","yoast_head_json":{"title":"CONGRESO NACIONAL DE J\u00d3VENES DESPERTAR19 | Iglesia del Nazareno Am\u00e9rica del Sur","robots":{"index":"noindex","follow":"follow"},"og_locale":"pt_BR","og_type":"article","og_title":"CONGRESO NACIONAL DE J\u00d3VENES DESPERTAR19 | Iglesia del Nazareno Am\u00e9rica del Sur","og_url":"https:\/\/www.samnaz.org\/pt\/congreso-nacional-de-jovenes-despertar19\/","og_site_name":"Iglesia del Nazareno Am\u00e9rica del Sur","article_publisher":"https:\/\/www.facebook.com\/NazarenoEsp","article_published_time":"2019-06-26T18:10:47+00:00","article_modified_time":"2021-11-26T14:09:17+00:00","og_image":[{"width":2064,"height":891,"url":"https:\/\/www.samnaz.org\/wp-content\/uploads\/2019\/06\/DSC_0631.jpg","type":"image\/jpeg"}],"author":"Samnaz","twitter_card":"summary_large_image","twitter_misc":{"Escrito por":"Samnaz","Est. tempo de leitura":"2 minutos"},"schema":{"@context":"https:\/\/schema.org","@graph":[{"@type":"Article","@id":"https:\/\/www.samnaz.org\/pt\/congreso-nacional-de-jovenes-despertar19\/#article","isPartOf":{"@id":"https:\/\/www.samnaz.org\/pt\/congreso-nacional-de-jovenes-despertar19\/"},"author":{"name":"Samnaz","@id":"https:\/\/www.samnaz.org\/#\/schema\/person\/c09d1131c49ba510c7e1cbb677b39927"},"headline":"CONGRESO NACIONAL DE J\u00d3VENES DESPERTAR19","datePublished":"2019-06-26T18:10:47+00:00","dateModified":"2021-11-26T14:09:17+00:00","mainEntityOfPage":{"@id":"https:\/\/www.samnaz.org\/pt\/congreso-nacional-de-jovenes-despertar19\/"},"wordCount":437,"publisher":{"@id":"https:\/\/www.samnaz.org\/#organization"},"image":{"@id":"https:\/\/www.samnaz.org\/pt\/congreso-nacional-de-jovenes-despertar19\/#primaryimage"},"thumbnailUrl":"https:\/\/www.samnaz.org\/wp-content\/uploads\/2019\/06\/DSC_0631.jpg","articleSection":["Bolivia","JNI"],"inLanguage":"pt-BR"},{"@type":"WebPage","@id":"https:\/\/www.samnaz.org\/pt\/congreso-nacional-de-jovenes-despertar19\/","url":"https:\/\/www.samnaz.org\/pt\/congreso-nacional-de-jovenes-despertar19\/","name":"CONGRESO NACIONAL DE J\u00d3VENES DESPERTAR19 | Iglesia del Nazareno Am\u00e9rica del Sur","isPartOf":{"@id":"https:\/\/www.samnaz.org\/#website"},"primaryImageOfPage":{"@id":"https:\/\/www.samnaz.org\/pt\/congreso-nacional-de-jovenes-despertar19\/#primaryimage"},"image":{"@id":"https:\/\/www.samnaz.org\/pt\/congreso-nacional-de-jovenes-despertar19\/#primaryimage"},"thumbnailUrl":"https:\/\/www.samnaz.org\/wp-content\/uploads\/2019\/06\/DSC_0631.jpg","datePublished":"2019-06-26T18:10:47+00:00","dateModified":"2021-11-26T14:09:17+00:00","inLanguage":"pt-BR","potentialAction":[{"@type":"ReadAction","target":["https:\/\/www.samnaz.org\/pt\/congreso-nacional-de-jovenes-despertar19\/"]}]},{"@type":"ImageObject","inLanguage":"pt-BR","@id":"https:\/\/www.samnaz.org\/pt\/congreso-nacional-de-jovenes-despertar19\/#primaryimage","url":"https:\/\/www.samnaz.org\/wp-content\/uploads\/2019\/06\/DSC_0631.jpg","contentUrl":"https:\/\/www.samnaz.org\/wp-content\/uploads\/2019\/06\/DSC_0631.jpg","width":2064,"height":891},{"@type":"WebSite","@id":"https:\/\/www.samnaz.org\/#website","url":"https:\/\/www.samnaz.org\/","name":"Haciendo Disc\u00edpulos Semejantes a Cristo en las naciones","description":"Haciendo disc\u00edpulos semejantes a Cristo en las Naciones","publisher":{"@id":"https:\/\/www.samnaz.org\/#organization"},"alternateName":"Viviendo la Gran Comisi\u00f3n","potentialAction":[{"@type":"SearchAction","target":{"@type":"EntryPoint","urlTemplate":"https:\/\/www.samnaz.org\/?s={search_term_string}"},"query-input":{"@type":"PropertyValueSpecification","valueRequired":true,"valueName":"search_term_string"}}],"inLanguage":"pt-BR"},{"@type":"Organization","@id":"https:\/\/www.samnaz.org\/#organization","name":"Iglesia del Nazareno Am\u00e9rica del Sur","url":"https:\/\/www.samnaz.org\/","logo":{"@type":"ImageObject","inLanguage":"pt-BR","@id":"https:\/\/www.samnaz.org\/#\/schema\/logo\/image\/","url":"https:\/\/www.samnaz.org\/wp-content\/uploads\/2021\/04\/Logo-3-ESP.png","contentUrl":"https:\/\/www.samnaz.org\/wp-content\/uploads\/2021\/04\/Logo-3-ESP.png","width":1041,"height":780,"caption":"Iglesia del Nazareno Am\u00e9rica del Sur"},"image":{"@id":"https:\/\/www.samnaz.org\/#\/schema\/logo\/image\/"},"sameAs":["https:\/\/www.facebook.com\/NazarenoEsp","https:\/\/www.instagram.com\/nazarenoesp\/"],"publishingPrinciples":"https:\/\/www.samnaz.org\/"},{"@type":"Person","@id":"https:\/\/www.samnaz.org\/#\/schema\/person\/c09d1131c49ba510c7e1cbb677b39927","name":"Samnaz","image":{"@type":"ImageObject","inLanguage":"pt-BR","@id":"https:\/\/secure.gravatar.com\/avatar\/a5baaf0e270319d09c0efce6a9dd03ff93175913c70afe26595c0069c83fa6dc?s=96&d=mm&r=g","url":"https:\/\/secure.gravatar.com\/avatar\/a5baaf0e270319d09c0efce6a9dd03ff93175913c70afe26595c0069c83fa6dc?s=96&d=mm&r=g","contentUrl":"https:\/\/secure.gravatar.com\/avatar\/a5baaf0e270319d09c0efce6a9dd03ff93175913c70afe26595c0069c83fa6dc?s=96&d=mm&r=g","caption":"Samnaz"}}]}},"_links":{"self":[{"href":"https:\/\/www.samnaz.org\/pt\/wp-json\/wp\/v2\/posts\/35934","targetHints":{"allow":["GET"]}}],"collection":[{"href":"https:\/\/www.samnaz.org\/pt\/wp-json\/wp\/v2\/posts"}],"about":[{"href":"https:\/\/www.samnaz.org\/pt\/wp-json\/wp\/v2\/types\/post"}],"author":[{"embeddable":true,"href":"https:\/\/www.samnaz.org\/pt\/wp-json\/wp\/v2\/users\/4"}],"replies":[{"embeddable":true,"href":"https:\/\/www.samnaz.org\/pt\/wp-json\/wp\/v2\/comments?post=35934"}],"version-history":[{"count":1,"href":"https:\/\/www.samnaz.org\/pt\/wp-json\/wp\/v2\/posts\/35934\/revisions"}],"predecessor-version":[{"id":36049,"href":"https:\/\/www.samnaz.org\/pt\/wp-json\/wp\/v2\/posts\/35934\/revisions\/36049"}],"wp:featuredmedia":[{"embeddable":true,"href":"https:\/\/www.samnaz.org\/pt\/wp-json\/wp\/v2\/media\/35935"}],"wp:attachment":[{"href":"https:\/\/www.samnaz.org\/pt\/wp-json\/wp\/v2\/media?parent=35934"}],"wp:term":[{"taxonomy":"category","embeddable":true,"href":"https:\/\/www.samnaz.org\/pt\/wp-json\/wp\/v2\/categories?post=35934"},{"taxonomy":"post_tag","embeddable":true,"href":"https:\/\/www.samnaz.org\/pt\/wp-json\/wp\/v2\/tags?post=35934"}],"curies":[{"name":"wp","href":"https:\/\/api.w.org\/{rel}","templated":true}]}}