{"id":35938,"date":"2019-06-18T22:05:34","date_gmt":"2019-06-19T01:05:34","guid":{"rendered":"https:\/\/www.samnaz.org\/?p=28384"},"modified":"2021-11-26T11:09:17","modified_gmt":"2021-11-26T14:09:17","slug":"capacitacion-teologica-para-los-riberenos","status":"publish","type":"post","link":"https:\/\/www.samnaz.org\/pt\/capacitacion-teologica-para-los-riberenos\/","title":{"rendered":"CAPACITACI\u00d3N TEOL\u00d3GICA PARA LOS RIBERE\u00d1OS"},"content":{"rendered":"<p>[et_pb_section bb_built=\u00bb1&#8243; _builder_version=\u00bb3.0.47&#8243; custom_padding=\u00bb0px|0px|3px|0px\u00bb][et_pb_row _builder_version=\u00bb3.0.47&#8243; background_size=\u00bbinitial\u00bb background_position=\u00bbtop_left\u00bb background_repeat=\u00bbrepeat\u00bb custom_padding=\u00bb43px|0px|0px|0px\u00bb][et_pb_column type=\u00bb2_3&#8243;][et_pb_post_title categories=\u00bboff\u00bb _builder_version=\u00bb3.0.105&#8243; title_font=\u00bb||||||||\u00bb title_font_size=\u00bb35px\u00bb title_text_color=\u00bb#db6553&#8243; meta_font=\u00bb||||||||\u00bb meta_font_size=\u00bb13px\u00bb \/][et_pb_text _builder_version=\u00bb3.0.105&#8243; background_layout=\u00bblight\u00bb]<\/p>\n<p style=\"text-align: justify;\"><strong>(CNAS Brasil) <\/strong>La MNI del Distrito <em>\u201cAmaz\u00f4nia do Brasil\u201d <\/em>inici\u00f3 un centro para capacitaci\u00f3n de l\u00edderes y formaci\u00f3n de obreros en la ciudad de Novo Air\u00e3o en la regi\u00f3n de Rio Negro con el objetivo de capacitar a aquellos que tienen vocaci\u00f3n para ejercer el llamado de llevar a cabo la plantaci\u00f3n de iglesias en esa regi\u00f3n.<\/p>\n<p style=\"text-align: justify;\">El grupo de estudio fue iniciado en la Iglesia del Nazareno en <em>\u201cNovo Air\u00e3o-AM\u201d<\/em> que dirige el Rev. Josenil Tavares. Los estudios comenzaron con 14 alumnos que ya participaban en la iglesia local y en las comunidades ribere\u00f1as de la regi\u00f3n de <em>\u201cIlha Anavilhanas\u201d. <\/em>Los seminaristas ser\u00e1n capacitados con cursos obligatorios del curr\u00edculo nazareno bajo la supervisi\u00f3n del Distrito Amaz\u00f4nia para que en el futuro haya m\u00e1s ministros licenciados en esa regi\u00f3n. La Iglesia del Nazareno en <em>Novo Air\u00e3o<\/em> ya tiene cerca de 12 a\u00f1os y posee tambi\u00e9n una congregaci\u00f3n en la comunidad ribere\u00f1a de <em>Santa Isabel, <\/em>adem\u00e1s de evangelizar diversas comunidades ribere\u00f1as de la regi\u00f3n, as\u00ed como muchos ramales de los caminos que salen de la ciudad.<\/p>\n<p style=\"text-align: justify;\">El proyecto de capacitaci\u00f3n es una iniciativa del Rev. Ramon Santos del Distrito Nordeste Paulista, que coordinar\u00e1 el proyecto contando con profesores voluntarios, no solo de este distrito sino tambi\u00e9n de otros distritos que desean participar. En Amazonas los coordinadores del proyecto son el Rev. Josenil Tavares y el pastor Igor Vale. Uno de los desaf\u00edos del proyecto es adecuar la educaci\u00f3n al modo de vida del pueblo ribere\u00f1o de Amazonas bas\u00e1ndose en la cosmovisi\u00f3n amaz\u00f3nica para que el proyecto pueda ser efectivo entre los seminaristas de Amazonas tomando en cuenta su contexto cultural.<\/p>\n<p style=\"text-align: justify;\"><strong><em>Fonte<\/em><\/strong><em>: Pastor Igor Vale<\/em><\/p>\n<p>[\/et_pb_text][et_pb_gallery gallery_ids=\u00bb28385,28386&#8243; show_title_and_caption=\u00bboff\u00bb _builder_version=\u00bb3.0.105&#8243; pagination_font_size_tablet=\u00bb51&#8243; pagination_line_height_tablet=\u00bb2&#8243; show_pagination=\u00bbon\u00bb fullwidth=\u00bboff\u00bb orientation=\u00bblandscape\u00bb zoom_icon_color=\u00bb#db6553&#8243; hover_overlay_color=\u00bbrgba(255,255,255,0.9)\u00bb background_layout=\u00bblight\u00bb \/][\/et_pb_column][et_pb_column type=\u00bb1_3&#8243;][et_pb_sidebar orientation=\u00bbright\u00bb area=\u00bbsidebar-1&#8243; show_border=\u00bboff\u00bb _builder_version=\u00bb3.0.105&#8243; header_font_size=\u00bb14&#8243; header_text_color=\u00bb#db6553&#8243; text_orientation=\u00bbright\u00bb \/][\/et_pb_column][\/et_pb_row][\/et_pb_section]<\/p>\n<span class=\"et_bloom_bottom_trigger\"><\/span>","protected":false},"excerpt":{"rendered":"<p>(CNAS Brasil) La MNI del Distrito \u201cAmaz\u00f4nia do Brasil\u201d inici\u00f3 un centro para capacitaci\u00f3n de l\u00edderes y formaci\u00f3n de obreros en la ciudad de Novo Air\u00e3o en la regi\u00f3n de Rio Negro con el objetivo de capacitar a aquellos que tienen vocaci\u00f3n para ejercer el llamado de llevar a cabo la plantaci\u00f3n de iglesias en [&hellip;]<\/p>","protected":false},"author":4,"featured_media":35939,"comment_status":"closed","ping_status":"closed","sticky":false,"template":"","format":"standard","meta":{"_et_pb_use_builder":"on","_et_pb_old_content":"","_et_gb_content_width":"","_monsterinsights_skip_tracking":false,"_monsterinsights_sitenote_active":false,"_monsterinsights_sitenote_note":"","_monsterinsights_sitenote_category":0,"_vp_format_video_url":"","_vp_image_focal_point":[],"footnotes":""},"categories":[53,59],"tags":[],"class_list":["post-35938","post","type-post","status-publish","format-standard","has-post-thumbnail","hentry","category-brasil","category-educacion-teologica"],"yoast_head":"<!-- This site is optimized with the Yoast SEO Premium plugin v23.6 (Yoast SEO v27.4) - https:\/\/yoast.com\/product\/yoast-seo-premium-wordpress\/ -->\n<title>CAPACITACI\u00d3N TEOL\u00d3GICA PARA LOS RIBERE\u00d1OS | Iglesia del Nazareno Am\u00e9rica del Sur<\/title>\n<meta name=\"robots\" content=\"noindex, follow\" \/>\n<meta property=\"og:locale\" content=\"pt_BR\" \/>\n<meta property=\"og:type\" content=\"article\" \/>\n<meta property=\"og:title\" content=\"CAPACITACI\u00d3N TEOL\u00d3GICA PARA LOS RIBERE\u00d1OS | Iglesia del Nazareno Am\u00e9rica del Sur\" \/>\n<meta property=\"og:url\" content=\"https:\/\/www.samnaz.org\/pt\/capacitacion-teologica-para-los-riberenos\/\" \/>\n<meta property=\"og:site_name\" content=\"Iglesia del Nazareno Am\u00e9rica del Sur\" \/>\n<meta property=\"article:publisher\" content=\"https:\/\/www.facebook.com\/NazarenoEsp\" \/>\n<meta property=\"article:published_time\" content=\"2019-06-19T01:05:34+00:00\" \/>\n<meta property=\"article:modified_time\" content=\"2021-11-26T14:09:17+00:00\" \/>\n<meta property=\"og:image\" content=\"https:\/\/www.samnaz.org\/wp-content\/uploads\/2019\/06\/IMG_20190523_204700851-scaled.jpg\" \/>\n\t<meta property=\"og:image:width\" content=\"2560\" \/>\n\t<meta property=\"og:image:height\" content=\"1440\" \/>\n\t<meta property=\"og:image:type\" content=\"image\/jpeg\" \/>\n<meta name=\"author\" content=\"Samnaz\" \/>\n<meta name=\"twitter:card\" content=\"summary_large_image\" \/>\n<meta name=\"twitter:label1\" content=\"Escrito por\" \/>\n\t<meta name=\"twitter:data1\" content=\"Samnaz\" \/>\n\t<meta name=\"twitter:label2\" content=\"Est. tempo de leitura\" \/>\n\t<meta name=\"twitter:data2\" content=\"2 minutos\" \/>\n<script type=\"application\/ld+json\" class=\"yoast-schema-graph\">{\"@context\":\"https:\\\/\\\/schema.org\",\"@graph\":[{\"@type\":\"Article\",\"@id\":\"https:\\\/\\\/www.samnaz.org\\\/pt\\\/capacitacion-teologica-para-los-riberenos\\\/#article\",\"isPartOf\":{\"@id\":\"https:\\\/\\\/www.samnaz.org\\\/pt\\\/capacitacion-teologica-para-los-riberenos\\\/\"},\"author\":{\"name\":\"Samnaz\",\"@id\":\"https:\\\/\\\/www.samnaz.org\\\/#\\\/schema\\\/person\\\/c09d1131c49ba510c7e1cbb677b39927\"},\"headline\":\"CAPACITACI\u00d3N TEOL\u00d3GICA PARA LOS RIBERE\u00d1OS\",\"datePublished\":\"2019-06-19T01:05:34+00:00\",\"dateModified\":\"2021-11-26T14:09:17+00:00\",\"mainEntityOfPage\":{\"@id\":\"https:\\\/\\\/www.samnaz.org\\\/pt\\\/capacitacion-teologica-para-los-riberenos\\\/\"},\"wordCount\":462,\"publisher\":{\"@id\":\"https:\\\/\\\/www.samnaz.org\\\/#organization\"},\"image\":{\"@id\":\"https:\\\/\\\/www.samnaz.org\\\/pt\\\/capacitacion-teologica-para-los-riberenos\\\/#primaryimage\"},\"thumbnailUrl\":\"https:\\\/\\\/www.samnaz.org\\\/wp-content\\\/uploads\\\/2019\\\/06\\\/IMG_20190523_204700851-scaled.jpg\",\"articleSection\":[\"Brasil\",\"Educaci\u00f3n Teol\u00f3gica\"],\"inLanguage\":\"pt-BR\"},{\"@type\":\"WebPage\",\"@id\":\"https:\\\/\\\/www.samnaz.org\\\/pt\\\/capacitacion-teologica-para-los-riberenos\\\/\",\"url\":\"https:\\\/\\\/www.samnaz.org\\\/pt\\\/capacitacion-teologica-para-los-riberenos\\\/\",\"name\":\"CAPACITACI\u00d3N TEOL\u00d3GICA PARA LOS RIBERE\u00d1OS | Iglesia del Nazareno Am\u00e9rica del Sur\",\"isPartOf\":{\"@id\":\"https:\\\/\\\/www.samnaz.org\\\/#website\"},\"primaryImageOfPage\":{\"@id\":\"https:\\\/\\\/www.samnaz.org\\\/pt\\\/capacitacion-teologica-para-los-riberenos\\\/#primaryimage\"},\"image\":{\"@id\":\"https:\\\/\\\/www.samnaz.org\\\/pt\\\/capacitacion-teologica-para-los-riberenos\\\/#primaryimage\"},\"thumbnailUrl\":\"https:\\\/\\\/www.samnaz.org\\\/wp-content\\\/uploads\\\/2019\\\/06\\\/IMG_20190523_204700851-scaled.jpg\",\"datePublished\":\"2019-06-19T01:05:34+00:00\",\"dateModified\":\"2021-11-26T14:09:17+00:00\",\"inLanguage\":\"pt-BR\",\"potentialAction\":[{\"@type\":\"ReadAction\",\"target\":[\"https:\\\/\\\/www.samnaz.org\\\/pt\\\/capacitacion-teologica-para-los-riberenos\\\/\"]}]},{\"@type\":\"ImageObject\",\"inLanguage\":\"pt-BR\",\"@id\":\"https:\\\/\\\/www.samnaz.org\\\/pt\\\/capacitacion-teologica-para-los-riberenos\\\/#primaryimage\",\"url\":\"https:\\\/\\\/www.samnaz.org\\\/wp-content\\\/uploads\\\/2019\\\/06\\\/IMG_20190523_204700851-scaled.jpg\",\"contentUrl\":\"https:\\\/\\\/www.samnaz.org\\\/wp-content\\\/uploads\\\/2019\\\/06\\\/IMG_20190523_204700851-scaled.jpg\",\"width\":2560,\"height\":1440},{\"@type\":\"WebSite\",\"@id\":\"https:\\\/\\\/www.samnaz.org\\\/#website\",\"url\":\"https:\\\/\\\/www.samnaz.org\\\/\",\"name\":\"Haciendo Disc\u00edpulos Semejantes a Cristo en las naciones\",\"description\":\"Haciendo disc\u00edpulos semejantes a Cristo en las Naciones\",\"publisher\":{\"@id\":\"https:\\\/\\\/www.samnaz.org\\\/#organization\"},\"alternateName\":\"Viviendo la Gran Comisi\u00f3n\",\"potentialAction\":[{\"@type\":\"SearchAction\",\"target\":{\"@type\":\"EntryPoint\",\"urlTemplate\":\"https:\\\/\\\/www.samnaz.org\\\/?s={search_term_string}\"},\"query-input\":{\"@type\":\"PropertyValueSpecification\",\"valueRequired\":true,\"valueName\":\"search_term_string\"}}],\"inLanguage\":\"pt-BR\"},{\"@type\":\"Organization\",\"@id\":\"https:\\\/\\\/www.samnaz.org\\\/#organization\",\"name\":\"Iglesia del Nazareno Am\u00e9rica del Sur\",\"url\":\"https:\\\/\\\/www.samnaz.org\\\/\",\"logo\":{\"@type\":\"ImageObject\",\"inLanguage\":\"pt-BR\",\"@id\":\"https:\\\/\\\/www.samnaz.org\\\/#\\\/schema\\\/logo\\\/image\\\/\",\"url\":\"https:\\\/\\\/www.samnaz.org\\\/wp-content\\\/uploads\\\/2021\\\/04\\\/Logo-3-ESP.png\",\"contentUrl\":\"https:\\\/\\\/www.samnaz.org\\\/wp-content\\\/uploads\\\/2021\\\/04\\\/Logo-3-ESP.png\",\"width\":1041,\"height\":780,\"caption\":\"Iglesia del Nazareno Am\u00e9rica del Sur\"},\"image\":{\"@id\":\"https:\\\/\\\/www.samnaz.org\\\/#\\\/schema\\\/logo\\\/image\\\/\"},\"sameAs\":[\"https:\\\/\\\/www.facebook.com\\\/NazarenoEsp\",\"https:\\\/\\\/www.instagram.com\\\/nazarenoesp\\\/\"],\"publishingPrinciples\":\"https:\\\/\\\/www.samnaz.org\\\/\"},{\"@type\":\"Person\",\"@id\":\"https:\\\/\\\/www.samnaz.org\\\/#\\\/schema\\\/person\\\/c09d1131c49ba510c7e1cbb677b39927\",\"name\":\"Samnaz\",\"image\":{\"@type\":\"ImageObject\",\"inLanguage\":\"pt-BR\",\"@id\":\"https:\\\/\\\/secure.gravatar.com\\\/avatar\\\/a5baaf0e270319d09c0efce6a9dd03ff93175913c70afe26595c0069c83fa6dc?s=96&d=mm&r=g\",\"url\":\"https:\\\/\\\/secure.gravatar.com\\\/avatar\\\/a5baaf0e270319d09c0efce6a9dd03ff93175913c70afe26595c0069c83fa6dc?s=96&d=mm&r=g\",\"contentUrl\":\"https:\\\/\\\/secure.gravatar.com\\\/avatar\\\/a5baaf0e270319d09c0efce6a9dd03ff93175913c70afe26595c0069c83fa6dc?s=96&d=mm&r=g\",\"caption\":\"Samnaz\"}}]}<\/script>\n<!-- \/ Yoast SEO Premium plugin. -->","yoast_head_json":{"title":"CAPACITACI\u00d3N TEOL\u00d3GICA PARA LOS RIBERE\u00d1OS | Iglesia del Nazareno Am\u00e9rica del Sur","robots":{"index":"noindex","follow":"follow"},"og_locale":"pt_BR","og_type":"article","og_title":"CAPACITACI\u00d3N TEOL\u00d3GICA PARA LOS RIBERE\u00d1OS | Iglesia del Nazareno Am\u00e9rica del Sur","og_url":"https:\/\/www.samnaz.org\/pt\/capacitacion-teologica-para-los-riberenos\/","og_site_name":"Iglesia del Nazareno Am\u00e9rica del Sur","article_publisher":"https:\/\/www.facebook.com\/NazarenoEsp","article_published_time":"2019-06-19T01:05:34+00:00","article_modified_time":"2021-11-26T14:09:17+00:00","og_image":[{"width":2560,"height":1440,"url":"https:\/\/www.samnaz.org\/wp-content\/uploads\/2019\/06\/IMG_20190523_204700851-scaled.jpg","type":"image\/jpeg"}],"author":"Samnaz","twitter_card":"summary_large_image","twitter_misc":{"Escrito por":"Samnaz","Est. tempo de leitura":"2 minutos"},"schema":{"@context":"https:\/\/schema.org","@graph":[{"@type":"Article","@id":"https:\/\/www.samnaz.org\/pt\/capacitacion-teologica-para-los-riberenos\/#article","isPartOf":{"@id":"https:\/\/www.samnaz.org\/pt\/capacitacion-teologica-para-los-riberenos\/"},"author":{"name":"Samnaz","@id":"https:\/\/www.samnaz.org\/#\/schema\/person\/c09d1131c49ba510c7e1cbb677b39927"},"headline":"CAPACITACI\u00d3N TEOL\u00d3GICA PARA LOS RIBERE\u00d1OS","datePublished":"2019-06-19T01:05:34+00:00","dateModified":"2021-11-26T14:09:17+00:00","mainEntityOfPage":{"@id":"https:\/\/www.samnaz.org\/pt\/capacitacion-teologica-para-los-riberenos\/"},"wordCount":462,"publisher":{"@id":"https:\/\/www.samnaz.org\/#organization"},"image":{"@id":"https:\/\/www.samnaz.org\/pt\/capacitacion-teologica-para-los-riberenos\/#primaryimage"},"thumbnailUrl":"https:\/\/www.samnaz.org\/wp-content\/uploads\/2019\/06\/IMG_20190523_204700851-scaled.jpg","articleSection":["Brasil","Educaci\u00f3n Teol\u00f3gica"],"inLanguage":"pt-BR"},{"@type":"WebPage","@id":"https:\/\/www.samnaz.org\/pt\/capacitacion-teologica-para-los-riberenos\/","url":"https:\/\/www.samnaz.org\/pt\/capacitacion-teologica-para-los-riberenos\/","name":"CAPACITACI\u00d3N TEOL\u00d3GICA PARA LOS RIBERE\u00d1OS | Iglesia del Nazareno Am\u00e9rica del Sur","isPartOf":{"@id":"https:\/\/www.samnaz.org\/#website"},"primaryImageOfPage":{"@id":"https:\/\/www.samnaz.org\/pt\/capacitacion-teologica-para-los-riberenos\/#primaryimage"},"image":{"@id":"https:\/\/www.samnaz.org\/pt\/capacitacion-teologica-para-los-riberenos\/#primaryimage"},"thumbnailUrl":"https:\/\/www.samnaz.org\/wp-content\/uploads\/2019\/06\/IMG_20190523_204700851-scaled.jpg","datePublished":"2019-06-19T01:05:34+00:00","dateModified":"2021-11-26T14:09:17+00:00","inLanguage":"pt-BR","potentialAction":[{"@type":"ReadAction","target":["https:\/\/www.samnaz.org\/pt\/capacitacion-teologica-para-los-riberenos\/"]}]},{"@type":"ImageObject","inLanguage":"pt-BR","@id":"https:\/\/www.samnaz.org\/pt\/capacitacion-teologica-para-los-riberenos\/#primaryimage","url":"https:\/\/www.samnaz.org\/wp-content\/uploads\/2019\/06\/IMG_20190523_204700851-scaled.jpg","contentUrl":"https:\/\/www.samnaz.org\/wp-content\/uploads\/2019\/06\/IMG_20190523_204700851-scaled.jpg","width":2560,"height":1440},{"@type":"WebSite","@id":"https:\/\/www.samnaz.org\/#website","url":"https:\/\/www.samnaz.org\/","name":"Haciendo Disc\u00edpulos Semejantes a Cristo en las naciones","description":"Haciendo disc\u00edpulos semejantes a Cristo en las Naciones","publisher":{"@id":"https:\/\/www.samnaz.org\/#organization"},"alternateName":"Viviendo la Gran Comisi\u00f3n","potentialAction":[{"@type":"SearchAction","target":{"@type":"EntryPoint","urlTemplate":"https:\/\/www.samnaz.org\/?s={search_term_string}"},"query-input":{"@type":"PropertyValueSpecification","valueRequired":true,"valueName":"search_term_string"}}],"inLanguage":"pt-BR"},{"@type":"Organization","@id":"https:\/\/www.samnaz.org\/#organization","name":"Iglesia del Nazareno Am\u00e9rica del Sur","url":"https:\/\/www.samnaz.org\/","logo":{"@type":"ImageObject","inLanguage":"pt-BR","@id":"https:\/\/www.samnaz.org\/#\/schema\/logo\/image\/","url":"https:\/\/www.samnaz.org\/wp-content\/uploads\/2021\/04\/Logo-3-ESP.png","contentUrl":"https:\/\/www.samnaz.org\/wp-content\/uploads\/2021\/04\/Logo-3-ESP.png","width":1041,"height":780,"caption":"Iglesia del Nazareno Am\u00e9rica del Sur"},"image":{"@id":"https:\/\/www.samnaz.org\/#\/schema\/logo\/image\/"},"sameAs":["https:\/\/www.facebook.com\/NazarenoEsp","https:\/\/www.instagram.com\/nazarenoesp\/"],"publishingPrinciples":"https:\/\/www.samnaz.org\/"},{"@type":"Person","@id":"https:\/\/www.samnaz.org\/#\/schema\/person\/c09d1131c49ba510c7e1cbb677b39927","name":"Samnaz","image":{"@type":"ImageObject","inLanguage":"pt-BR","@id":"https:\/\/secure.gravatar.com\/avatar\/a5baaf0e270319d09c0efce6a9dd03ff93175913c70afe26595c0069c83fa6dc?s=96&d=mm&r=g","url":"https:\/\/secure.gravatar.com\/avatar\/a5baaf0e270319d09c0efce6a9dd03ff93175913c70afe26595c0069c83fa6dc?s=96&d=mm&r=g","contentUrl":"https:\/\/secure.gravatar.com\/avatar\/a5baaf0e270319d09c0efce6a9dd03ff93175913c70afe26595c0069c83fa6dc?s=96&d=mm&r=g","caption":"Samnaz"}}]}},"_links":{"self":[{"href":"https:\/\/www.samnaz.org\/pt\/wp-json\/wp\/v2\/posts\/35938","targetHints":{"allow":["GET"]}}],"collection":[{"href":"https:\/\/www.samnaz.org\/pt\/wp-json\/wp\/v2\/posts"}],"about":[{"href":"https:\/\/www.samnaz.org\/pt\/wp-json\/wp\/v2\/types\/post"}],"author":[{"embeddable":true,"href":"https:\/\/www.samnaz.org\/pt\/wp-json\/wp\/v2\/users\/4"}],"replies":[{"embeddable":true,"href":"https:\/\/www.samnaz.org\/pt\/wp-json\/wp\/v2\/comments?post=35938"}],"version-history":[{"count":1,"href":"https:\/\/www.samnaz.org\/pt\/wp-json\/wp\/v2\/posts\/35938\/revisions"}],"predecessor-version":[{"id":36053,"href":"https:\/\/www.samnaz.org\/pt\/wp-json\/wp\/v2\/posts\/35938\/revisions\/36053"}],"wp:featuredmedia":[{"embeddable":true,"href":"https:\/\/www.samnaz.org\/pt\/wp-json\/wp\/v2\/media\/35939"}],"wp:attachment":[{"href":"https:\/\/www.samnaz.org\/pt\/wp-json\/wp\/v2\/media?parent=35938"}],"wp:term":[{"taxonomy":"category","embeddable":true,"href":"https:\/\/www.samnaz.org\/pt\/wp-json\/wp\/v2\/categories?post=35938"},{"taxonomy":"post_tag","embeddable":true,"href":"https:\/\/www.samnaz.org\/pt\/wp-json\/wp\/v2\/tags?post=35938"}],"curies":[{"name":"wp","href":"https:\/\/api.w.org\/{rel}","templated":true}]}}