{"id":35960,"date":"2019-06-14T02:35:57","date_gmt":"2019-06-14T05:35:57","guid":{"rendered":"https:\/\/www.samnaz.org\/?p=28334"},"modified":"2021-11-26T11:09:18","modified_gmt":"2021-11-26T14:09:18","slug":"inundaciones-en-paraguay","status":"publish","type":"post","link":"https:\/\/www.samnaz.org\/pt\/inundaciones-en-paraguay\/","title":{"rendered":"INUNDACIONES EN PARAGUAY"},"content":{"rendered":"<p>[et_pb_section bb_built=\u00bb1&#8243; _builder_version=\u00bb3.0.47&#8243; custom_padding=\u00bb0px|0px|3px|0px\u00bb][et_pb_row _builder_version=\u00bb3.0.47&#8243; background_size=\u00bbinitial\u00bb background_position=\u00bbtop_left\u00bb background_repeat=\u00bbrepeat\u00bb custom_padding=\u00bb43px|0px|0px|0px\u00bb][et_pb_column type=\u00bb2_3&#8243;][et_pb_post_title categories=\u00bboff\u00bb _builder_version=\u00bb3.0.105&#8243; title_font=\u00bb||||||||\u00bb title_font_size=\u00bb35px\u00bb title_text_color=\u00bb#db6553&#8243; meta_font=\u00bb||||||||\u00bb meta_font_size=\u00bb13px\u00bb \/][et_pb_text _builder_version=\u00bb3.0.105&#8243; background_layout=\u00bblight\u00bb]<\/p>\n<p style=\"text-align: justify;\"><strong>(CNAS Paraguay)<\/strong> Al atardecer del 9 de mayo, el Dpto. de \u00d1eembuc\u00fa, sufri\u00f3 una de las lluvias m\u00e1s fuertes e inclementes que ha atravesado el Paraguay, como resultado dej\u00f3 alrededor de 450 mil cabezas de ganado muertas, 3 barrios completamente desalojados. Las iglesias del Nazareno de la zona fueron afectadas por las inundaciones, entre ellas, la Iglesia del Nazareno de Isla Umb\u00fa pastoreada por el Hno. Carlos Romero, la Iglesia Desmochado a cargo del pastor Mart\u00edn V\u00e1zquez fue incomunicada por la emergencia vial.<\/p>\n<p style=\"text-align: justify;\">Viviendas de pastores nazarenos fueron afectadas por el agua, una anciana de la iglesia de San Roque perdi\u00f3 todos los enseres de su vivienda y otras 30 familias fueron afectadas por la situaci\u00f3n.<\/p>\n<p style=\"text-align: justify;\">El pastor Carlos Paredes de la iglesia del Nazareno de San Roque, coment\u00f3: \u00abFue cuesti\u00f3n de segundos hermana, cuando el agua ya estaba por nuestras rodillas\u00bb tambi\u00e9n\u00a0\u00abJusto ahora pastora (21 de mayo) no ha parado de llover desde las 11pm de ayer, los Pilarenses anhelamos que amanezca y las cosas mejoren, los muros han empezado a ceder\u00bb &#8211; dijo la pastora Silvina Ocampo de la Iglesia del\u00a0nazareno de Desmochado.<\/p>\n<p style=\"text-align: justify;\">La iglesia est\u00e1 trabajando y apoyando a los afectados. MNC en Paraguay realiz\u00f3 su primer viaje el 11 de mayo con donaciones y apoyo del pastor Yoan Camacaro de Evangelismo y el Superintendente Pablo Tello (CIM). Otro proyecto a\u00a0ejecutarse es \u00abKo\u00b4e rory\u00bb que en guaran\u00ed significa \u00abAmanecer Feliz\u00bb, tiene la finalidad de proveer kits de alimentos, elementos de aseo para las pr\u00f3ximas semanas, frazadas (mantas) ya que el invierno esta pr\u00f3ximo.<\/p>\n<p style=\"text-align: justify;\">Pedimos sus oraciones para que bajen las aguas, para que el muro que protege a la cuidad no ceda. Puede ponerse en contacto con la coordinadora de compasi\u00f3n a trav\u00e9s de su correo:\u00a0<a href=\"mailto:acamacaro@samnaz.org\">acamacaro@samnaz.org<\/a>\u00a0para m\u00e1s informaci\u00f3n. Tambi\u00e9n puede apoyar econ\u00f3micamente en el siguiente enlace:\u00a0<a href=\"https:\/\/ps.ncm.org\/project\/acm1203\">https:\/\/ps.ncm.org\/project\/acm1203<\/a><\/p>\n<p style=\"text-align: justify;\"><strong><em>Fonte<\/em><\/strong><em>: MNC Paraguay<\/em><\/p>\n<p>[\/et_pb_text][et_pb_gallery gallery_ids=\u00bb28335,28336,28337,28338,28339,28340&#8243; show_title_and_caption=\u00bboff\u00bb _builder_version=\u00bb3.0.105&#8243; pagination_font_size_tablet=\u00bb51&#8243; pagination_line_height_tablet=\u00bb2&#8243; show_pagination=\u00bbon\u00bb fullwidth=\u00bboff\u00bb orientation=\u00bblandscape\u00bb zoom_icon_color=\u00bb#db6553&#8243; hover_overlay_color=\u00bbrgba(255,255,255,0.9)\u00bb background_layout=\u00bblight\u00bb \/][\/et_pb_column][et_pb_column type=\u00bb1_3&#8243;][et_pb_sidebar orientation=\u00bbright\u00bb area=\u00bbsidebar-1&#8243; show_border=\u00bboff\u00bb _builder_version=\u00bb3.0.105&#8243; header_font_size=\u00bb14&#8243; header_text_color=\u00bb#db6553&#8243; text_orientation=\u00bbright\u00bb \/][\/et_pb_column][\/et_pb_row][\/et_pb_section]<\/p>\n<span class=\"et_bloom_bottom_trigger\"><\/span>","protected":false},"excerpt":{"rendered":"<p>(CNAS Paraguay) Al atardecer del 9 de mayo, el Dpto. de \u00d1eembuc\u00fa, sufri\u00f3 una de las lluvias m\u00e1s fuertes e inclementes que ha atravesado el Paraguay, como resultado dej\u00f3 alrededor de 450 mil cabezas de ganado muertas, 3 barrios completamente desalojados. Las iglesias del Nazareno de la zona fueron afectadas por las inundaciones, entre ellas, [&hellip;]<\/p>","protected":false},"author":4,"featured_media":35962,"comment_status":"closed","ping_status":"closed","sticky":false,"template":"","format":"standard","meta":{"_et_pb_use_builder":"on","_et_pb_old_content":"","_et_gb_content_width":"","_monsterinsights_skip_tracking":false,"_monsterinsights_sitenote_active":false,"_monsterinsights_sitenote_note":"","_monsterinsights_sitenote_category":0,"_vp_format_video_url":"","_vp_image_focal_point":[],"footnotes":""},"categories":[55],"tags":[],"class_list":["post-35960","post","type-post","status-publish","format-standard","has-post-thumbnail","hentry","category-paraguay"],"yoast_head":"<!-- This site is optimized with the Yoast SEO Premium plugin v23.6 (Yoast SEO v27.5) - https:\/\/yoast.com\/product\/yoast-seo-premium-wordpress\/ -->\n<title>INUNDACIONES EN PARAGUAY | Iglesia del Nazareno Am\u00e9rica del Sur<\/title>\n<meta name=\"robots\" content=\"noindex, follow\" \/>\n<meta property=\"og:locale\" content=\"pt_BR\" \/>\n<meta property=\"og:type\" content=\"article\" \/>\n<meta property=\"og:title\" content=\"INUNDACIONES EN PARAGUAY | Iglesia del Nazareno Am\u00e9rica del Sur\" \/>\n<meta property=\"og:url\" content=\"https:\/\/www.samnaz.org\/pt\/inundaciones-en-paraguay\/\" \/>\n<meta property=\"og:site_name\" content=\"Iglesia del Nazareno Am\u00e9rica del Sur\" \/>\n<meta property=\"article:publisher\" content=\"https:\/\/www.facebook.com\/NazarenoEsp\" \/>\n<meta property=\"article:published_time\" content=\"2019-06-14T05:35:57+00:00\" \/>\n<meta property=\"article:modified_time\" content=\"2021-11-26T14:09:18+00:00\" \/>\n<meta property=\"og:image\" content=\"https:\/\/www.samnaz.org\/wp-content\/uploads\/2019\/06\/Inundaciones3.jpg\" \/>\n\t<meta property=\"og:image:width\" content=\"800\" \/>\n\t<meta property=\"og:image:height\" content=\"500\" \/>\n\t<meta property=\"og:image:type\" content=\"image\/jpeg\" \/>\n<meta name=\"author\" content=\"Samnaz\" \/>\n<meta name=\"twitter:card\" content=\"summary_large_image\" \/>\n<meta name=\"twitter:label1\" content=\"Escrito por\" \/>\n\t<meta name=\"twitter:data1\" content=\"Samnaz\" \/>\n\t<meta name=\"twitter:label2\" content=\"Est. tempo de leitura\" \/>\n\t<meta name=\"twitter:data2\" content=\"2 minutos\" \/>\n<script type=\"application\/ld+json\" class=\"yoast-schema-graph\">{\"@context\":\"https:\\\/\\\/schema.org\",\"@graph\":[{\"@type\":\"Article\",\"@id\":\"https:\\\/\\\/www.samnaz.org\\\/pt\\\/inundaciones-en-paraguay\\\/#article\",\"isPartOf\":{\"@id\":\"https:\\\/\\\/www.samnaz.org\\\/pt\\\/inundaciones-en-paraguay\\\/\"},\"author\":{\"name\":\"Samnaz\",\"@id\":\"https:\\\/\\\/www.samnaz.org\\\/#\\\/schema\\\/person\\\/c09d1131c49ba510c7e1cbb677b39927\"},\"headline\":\"INUNDACIONES EN PARAGUAY\",\"datePublished\":\"2019-06-14T05:35:57+00:00\",\"dateModified\":\"2021-11-26T14:09:18+00:00\",\"mainEntityOfPage\":{\"@id\":\"https:\\\/\\\/www.samnaz.org\\\/pt\\\/inundaciones-en-paraguay\\\/\"},\"wordCount\":476,\"publisher\":{\"@id\":\"https:\\\/\\\/www.samnaz.org\\\/#organization\"},\"image\":{\"@id\":\"https:\\\/\\\/www.samnaz.org\\\/pt\\\/inundaciones-en-paraguay\\\/#primaryimage\"},\"thumbnailUrl\":\"https:\\\/\\\/www.samnaz.org\\\/wp-content\\\/uploads\\\/2019\\\/06\\\/Inundaciones3.jpg\",\"articleSection\":[\"Paraguay\"],\"inLanguage\":\"pt-BR\"},{\"@type\":\"WebPage\",\"@id\":\"https:\\\/\\\/www.samnaz.org\\\/pt\\\/inundaciones-en-paraguay\\\/\",\"url\":\"https:\\\/\\\/www.samnaz.org\\\/pt\\\/inundaciones-en-paraguay\\\/\",\"name\":\"INUNDACIONES EN PARAGUAY | Iglesia del Nazareno Am\u00e9rica del Sur\",\"isPartOf\":{\"@id\":\"https:\\\/\\\/www.samnaz.org\\\/#website\"},\"primaryImageOfPage\":{\"@id\":\"https:\\\/\\\/www.samnaz.org\\\/pt\\\/inundaciones-en-paraguay\\\/#primaryimage\"},\"image\":{\"@id\":\"https:\\\/\\\/www.samnaz.org\\\/pt\\\/inundaciones-en-paraguay\\\/#primaryimage\"},\"thumbnailUrl\":\"https:\\\/\\\/www.samnaz.org\\\/wp-content\\\/uploads\\\/2019\\\/06\\\/Inundaciones3.jpg\",\"datePublished\":\"2019-06-14T05:35:57+00:00\",\"dateModified\":\"2021-11-26T14:09:18+00:00\",\"inLanguage\":\"pt-BR\",\"potentialAction\":[{\"@type\":\"ReadAction\",\"target\":[\"https:\\\/\\\/www.samnaz.org\\\/pt\\\/inundaciones-en-paraguay\\\/\"]}]},{\"@type\":\"ImageObject\",\"inLanguage\":\"pt-BR\",\"@id\":\"https:\\\/\\\/www.samnaz.org\\\/pt\\\/inundaciones-en-paraguay\\\/#primaryimage\",\"url\":\"https:\\\/\\\/www.samnaz.org\\\/wp-content\\\/uploads\\\/2019\\\/06\\\/Inundaciones3.jpg\",\"contentUrl\":\"https:\\\/\\\/www.samnaz.org\\\/wp-content\\\/uploads\\\/2019\\\/06\\\/Inundaciones3.jpg\",\"width\":800,\"height\":500},{\"@type\":\"WebSite\",\"@id\":\"https:\\\/\\\/www.samnaz.org\\\/#website\",\"url\":\"https:\\\/\\\/www.samnaz.org\\\/\",\"name\":\"Haciendo Disc\u00edpulos Semejantes a Cristo en las naciones\",\"description\":\"Haciendo disc\u00edpulos semejantes a Cristo en las Naciones\",\"publisher\":{\"@id\":\"https:\\\/\\\/www.samnaz.org\\\/#organization\"},\"alternateName\":\"Viviendo la Gran Comisi\u00f3n\",\"potentialAction\":[{\"@type\":\"SearchAction\",\"target\":{\"@type\":\"EntryPoint\",\"urlTemplate\":\"https:\\\/\\\/www.samnaz.org\\\/?s={search_term_string}\"},\"query-input\":{\"@type\":\"PropertyValueSpecification\",\"valueRequired\":true,\"valueName\":\"search_term_string\"}}],\"inLanguage\":\"pt-BR\"},{\"@type\":\"Organization\",\"@id\":\"https:\\\/\\\/www.samnaz.org\\\/#organization\",\"name\":\"Iglesia del Nazareno Am\u00e9rica del Sur\",\"url\":\"https:\\\/\\\/www.samnaz.org\\\/\",\"logo\":{\"@type\":\"ImageObject\",\"inLanguage\":\"pt-BR\",\"@id\":\"https:\\\/\\\/www.samnaz.org\\\/#\\\/schema\\\/logo\\\/image\\\/\",\"url\":\"https:\\\/\\\/www.samnaz.org\\\/wp-content\\\/uploads\\\/2021\\\/04\\\/Logo-3-ESP.png\",\"contentUrl\":\"https:\\\/\\\/www.samnaz.org\\\/wp-content\\\/uploads\\\/2021\\\/04\\\/Logo-3-ESP.png\",\"width\":1041,\"height\":780,\"caption\":\"Iglesia del Nazareno Am\u00e9rica del Sur\"},\"image\":{\"@id\":\"https:\\\/\\\/www.samnaz.org\\\/#\\\/schema\\\/logo\\\/image\\\/\"},\"sameAs\":[\"https:\\\/\\\/www.facebook.com\\\/NazarenoEsp\",\"https:\\\/\\\/www.instagram.com\\\/nazarenoesp\\\/\"],\"publishingPrinciples\":\"https:\\\/\\\/www.samnaz.org\\\/\"},{\"@type\":\"Person\",\"@id\":\"https:\\\/\\\/www.samnaz.org\\\/#\\\/schema\\\/person\\\/c09d1131c49ba510c7e1cbb677b39927\",\"name\":\"Samnaz\",\"image\":{\"@type\":\"ImageObject\",\"inLanguage\":\"pt-BR\",\"@id\":\"https:\\\/\\\/secure.gravatar.com\\\/avatar\\\/a5baaf0e270319d09c0efce6a9dd03ff93175913c70afe26595c0069c83fa6dc?s=96&d=mm&r=g\",\"url\":\"https:\\\/\\\/secure.gravatar.com\\\/avatar\\\/a5baaf0e270319d09c0efce6a9dd03ff93175913c70afe26595c0069c83fa6dc?s=96&d=mm&r=g\",\"contentUrl\":\"https:\\\/\\\/secure.gravatar.com\\\/avatar\\\/a5baaf0e270319d09c0efce6a9dd03ff93175913c70afe26595c0069c83fa6dc?s=96&d=mm&r=g\",\"caption\":\"Samnaz\"}}]}<\/script>\n<!-- \/ Yoast SEO Premium plugin. -->","yoast_head_json":{"title":"INUNDACIONES EN PARAGUAY | Iglesia del Nazareno Am\u00e9rica del Sur","robots":{"index":"noindex","follow":"follow"},"og_locale":"pt_BR","og_type":"article","og_title":"INUNDACIONES EN PARAGUAY | Iglesia del Nazareno Am\u00e9rica del Sur","og_url":"https:\/\/www.samnaz.org\/pt\/inundaciones-en-paraguay\/","og_site_name":"Iglesia del Nazareno Am\u00e9rica del Sur","article_publisher":"https:\/\/www.facebook.com\/NazarenoEsp","article_published_time":"2019-06-14T05:35:57+00:00","article_modified_time":"2021-11-26T14:09:18+00:00","og_image":[{"width":800,"height":500,"url":"https:\/\/www.samnaz.org\/wp-content\/uploads\/2019\/06\/Inundaciones3.jpg","type":"image\/jpeg"}],"author":"Samnaz","twitter_card":"summary_large_image","twitter_misc":{"Escrito por":"Samnaz","Est. tempo de leitura":"2 minutos"},"schema":{"@context":"https:\/\/schema.org","@graph":[{"@type":"Article","@id":"https:\/\/www.samnaz.org\/pt\/inundaciones-en-paraguay\/#article","isPartOf":{"@id":"https:\/\/www.samnaz.org\/pt\/inundaciones-en-paraguay\/"},"author":{"name":"Samnaz","@id":"https:\/\/www.samnaz.org\/#\/schema\/person\/c09d1131c49ba510c7e1cbb677b39927"},"headline":"INUNDACIONES EN PARAGUAY","datePublished":"2019-06-14T05:35:57+00:00","dateModified":"2021-11-26T14:09:18+00:00","mainEntityOfPage":{"@id":"https:\/\/www.samnaz.org\/pt\/inundaciones-en-paraguay\/"},"wordCount":476,"publisher":{"@id":"https:\/\/www.samnaz.org\/#organization"},"image":{"@id":"https:\/\/www.samnaz.org\/pt\/inundaciones-en-paraguay\/#primaryimage"},"thumbnailUrl":"https:\/\/www.samnaz.org\/wp-content\/uploads\/2019\/06\/Inundaciones3.jpg","articleSection":["Paraguay"],"inLanguage":"pt-BR"},{"@type":"WebPage","@id":"https:\/\/www.samnaz.org\/pt\/inundaciones-en-paraguay\/","url":"https:\/\/www.samnaz.org\/pt\/inundaciones-en-paraguay\/","name":"INUNDACIONES EN PARAGUAY | Iglesia del Nazareno Am\u00e9rica del Sur","isPartOf":{"@id":"https:\/\/www.samnaz.org\/#website"},"primaryImageOfPage":{"@id":"https:\/\/www.samnaz.org\/pt\/inundaciones-en-paraguay\/#primaryimage"},"image":{"@id":"https:\/\/www.samnaz.org\/pt\/inundaciones-en-paraguay\/#primaryimage"},"thumbnailUrl":"https:\/\/www.samnaz.org\/wp-content\/uploads\/2019\/06\/Inundaciones3.jpg","datePublished":"2019-06-14T05:35:57+00:00","dateModified":"2021-11-26T14:09:18+00:00","inLanguage":"pt-BR","potentialAction":[{"@type":"ReadAction","target":["https:\/\/www.samnaz.org\/pt\/inundaciones-en-paraguay\/"]}]},{"@type":"ImageObject","inLanguage":"pt-BR","@id":"https:\/\/www.samnaz.org\/pt\/inundaciones-en-paraguay\/#primaryimage","url":"https:\/\/www.samnaz.org\/wp-content\/uploads\/2019\/06\/Inundaciones3.jpg","contentUrl":"https:\/\/www.samnaz.org\/wp-content\/uploads\/2019\/06\/Inundaciones3.jpg","width":800,"height":500},{"@type":"WebSite","@id":"https:\/\/www.samnaz.org\/#website","url":"https:\/\/www.samnaz.org\/","name":"Haciendo Disc\u00edpulos Semejantes a Cristo en las naciones","description":"Haciendo disc\u00edpulos semejantes a Cristo en las Naciones","publisher":{"@id":"https:\/\/www.samnaz.org\/#organization"},"alternateName":"Viviendo la Gran Comisi\u00f3n","potentialAction":[{"@type":"SearchAction","target":{"@type":"EntryPoint","urlTemplate":"https:\/\/www.samnaz.org\/?s={search_term_string}"},"query-input":{"@type":"PropertyValueSpecification","valueRequired":true,"valueName":"search_term_string"}}],"inLanguage":"pt-BR"},{"@type":"Organization","@id":"https:\/\/www.samnaz.org\/#organization","name":"Iglesia del Nazareno Am\u00e9rica del Sur","url":"https:\/\/www.samnaz.org\/","logo":{"@type":"ImageObject","inLanguage":"pt-BR","@id":"https:\/\/www.samnaz.org\/#\/schema\/logo\/image\/","url":"https:\/\/www.samnaz.org\/wp-content\/uploads\/2021\/04\/Logo-3-ESP.png","contentUrl":"https:\/\/www.samnaz.org\/wp-content\/uploads\/2021\/04\/Logo-3-ESP.png","width":1041,"height":780,"caption":"Iglesia del Nazareno Am\u00e9rica del Sur"},"image":{"@id":"https:\/\/www.samnaz.org\/#\/schema\/logo\/image\/"},"sameAs":["https:\/\/www.facebook.com\/NazarenoEsp","https:\/\/www.instagram.com\/nazarenoesp\/"],"publishingPrinciples":"https:\/\/www.samnaz.org\/"},{"@type":"Person","@id":"https:\/\/www.samnaz.org\/#\/schema\/person\/c09d1131c49ba510c7e1cbb677b39927","name":"Samnaz","image":{"@type":"ImageObject","inLanguage":"pt-BR","@id":"https:\/\/secure.gravatar.com\/avatar\/a5baaf0e270319d09c0efce6a9dd03ff93175913c70afe26595c0069c83fa6dc?s=96&d=mm&r=g","url":"https:\/\/secure.gravatar.com\/avatar\/a5baaf0e270319d09c0efce6a9dd03ff93175913c70afe26595c0069c83fa6dc?s=96&d=mm&r=g","contentUrl":"https:\/\/secure.gravatar.com\/avatar\/a5baaf0e270319d09c0efce6a9dd03ff93175913c70afe26595c0069c83fa6dc?s=96&d=mm&r=g","caption":"Samnaz"}}]}},"_links":{"self":[{"href":"https:\/\/www.samnaz.org\/pt\/wp-json\/wp\/v2\/posts\/35960","targetHints":{"allow":["GET"]}}],"collection":[{"href":"https:\/\/www.samnaz.org\/pt\/wp-json\/wp\/v2\/posts"}],"about":[{"href":"https:\/\/www.samnaz.org\/pt\/wp-json\/wp\/v2\/types\/post"}],"author":[{"embeddable":true,"href":"https:\/\/www.samnaz.org\/pt\/wp-json\/wp\/v2\/users\/4"}],"replies":[{"embeddable":true,"href":"https:\/\/www.samnaz.org\/pt\/wp-json\/wp\/v2\/comments?post=35960"}],"version-history":[{"count":1,"href":"https:\/\/www.samnaz.org\/pt\/wp-json\/wp\/v2\/posts\/35960\/revisions"}],"predecessor-version":[{"id":36083,"href":"https:\/\/www.samnaz.org\/pt\/wp-json\/wp\/v2\/posts\/35960\/revisions\/36083"}],"wp:featuredmedia":[{"embeddable":true,"href":"https:\/\/www.samnaz.org\/pt\/wp-json\/wp\/v2\/media\/35962"}],"wp:attachment":[{"href":"https:\/\/www.samnaz.org\/pt\/wp-json\/wp\/v2\/media?parent=35960"}],"wp:term":[{"taxonomy":"category","embeddable":true,"href":"https:\/\/www.samnaz.org\/pt\/wp-json\/wp\/v2\/categories?post=35960"},{"taxonomy":"post_tag","embeddable":true,"href":"https:\/\/www.samnaz.org\/pt\/wp-json\/wp\/v2\/tags?post=35960"}],"curies":[{"name":"wp","href":"https:\/\/api.w.org\/{rel}","templated":true}]}}