{"id":36003,"date":"2018-08-24T15:23:11","date_gmt":"2018-08-24T18:23:11","guid":{"rendered":"http:\/\/samnaz.org\/?p=23798"},"modified":"2021-11-26T11:09:22","modified_gmt":"2021-11-26T14:09:22","slug":"capacitacion-comunicaciones-argentina","status":"publish","type":"post","link":"https:\/\/www.samnaz.org\/pt\/capacitacion-comunicaciones-argentina\/","title":{"rendered":"CAPACITACI\u00d3N COMUNICACIONES ARGENTINA"},"content":{"rendered":"<p><strong>(CNAS Argentina) <\/strong>Con el fin de ofrecer un entrenamiento para la producci\u00f3n de cortometrajes, documentales (testimonios) y pel\u00edculas, el ministerio de Comunicaciones a trav\u00e9s de la Productora Brasile\u00f1a Cristiana 4U Films ofreci\u00f3 en Pilar, Argentina una capacitaci\u00f3n intensiva del 16 al 20 de agosto.<br \/>\nParticipantes representando a 9 pa\u00edses diferentes fueron capacitados en talleres como: Producci\u00f3n, Guionismo, Direcci\u00f3n de fotograf\u00eda, Direcci\u00f3n de cine, Audio, Historia del cine, entre otros. Como proyecto final los participantes, realizaron la pre-producci\u00f3n y el rodaje de un cortometraje que ser\u00e1 editado finalmente por la productora 4U Films y luego ser\u00e1 distribuido a trav\u00e9s de internet.<br \/>\nEl cine es una herramienta muy importante en esta \u00e9poca y la influencia que tiene en cualquier sociedad es algo que no podemos negar. La iglesia puede utilizar esta herramienta para alcanzar a las personas, con un mensaje diferente, creativo, pero en un lenguaje en el que las personas est\u00e1n acostumbradas a entender.<br \/>\nCada uno de los asistentes a la capacitaci\u00f3n, no s\u00f3lo pudo tener entrenamiento de alto nivel, sino que tambi\u00e9n salieron desafiados para poder hacer uso de esta herramienta desde el pa\u00eds donde se encuentran.<br \/>\n<strong>Fonte <\/strong>Comunicaciones Nazarenas Argentina<br \/>\n<a href=\"http:\/\/samnaz.org\/wp-content\/uploads\/2018\/08\/PVF_2935.jpg\"><img decoding=\"async\" class=\"alignright size-medium wp-image-23808\" src=\"http:\/\/samnaz.org\/wp-content\/uploads\/2018\/08\/PVF_2935-250x141.jpg\" alt=\"\" \/><\/a><br \/>\n<a href=\"http:\/\/samnaz.org\/wp-content\/uploads\/2018\/08\/PVF_2927.jpg\"><img decoding=\"async\" class=\"alignright size-medium wp-image-23807\" src=\"http:\/\/samnaz.org\/wp-content\/uploads\/2018\/08\/PVF_2927-250x167.jpg\" alt=\"\" \/><\/a><br \/>\n<a href=\"http:\/\/samnaz.org\/wp-content\/uploads\/2018\/08\/PVF_2909.jpg\"><img decoding=\"async\" class=\"alignright size-medium wp-image-23806\" src=\"http:\/\/samnaz.org\/wp-content\/uploads\/2018\/08\/PVF_2909-250x167.jpg\" alt=\"\" \/><\/a><br \/>\n<a href=\"http:\/\/samnaz.org\/wp-content\/uploads\/2018\/08\/PVF_2869.jpg\"><img decoding=\"async\" class=\"alignright size-medium wp-image-23805\" src=\"http:\/\/samnaz.org\/wp-content\/uploads\/2018\/08\/PVF_2869-250x167.jpg\" alt=\"\" \/><\/a><br \/>\n<a href=\"http:\/\/samnaz.org\/wp-content\/uploads\/2018\/08\/PVF_2810.jpg\"><img decoding=\"async\" class=\"alignright size-medium wp-image-23804\" src=\"http:\/\/samnaz.org\/wp-content\/uploads\/2018\/08\/PVF_2810-250x167.jpg\" alt=\"\" \/><\/a><br \/>\n<a href=\"http:\/\/samnaz.org\/wp-content\/uploads\/2018\/08\/PVF_2808.jpg\"><img decoding=\"async\" class=\"alignright size-medium wp-image-23803\" src=\"http:\/\/samnaz.org\/wp-content\/uploads\/2018\/08\/PVF_2808-250x167.jpg\" alt=\"\" \/><\/a><br \/>\n<a href=\"http:\/\/samnaz.org\/wp-content\/uploads\/2018\/08\/PVF_2753.jpg\"><img decoding=\"async\" class=\"alignright size-medium wp-image-23802\" src=\"http:\/\/samnaz.org\/wp-content\/uploads\/2018\/08\/PVF_2753-250x167.jpg\" alt=\"\" \/><\/a><br \/>\n<a href=\"http:\/\/samnaz.org\/wp-content\/uploads\/2018\/08\/PVF_2742.jpg\"><img decoding=\"async\" class=\"alignright size-medium wp-image-23801\" src=\"http:\/\/samnaz.org\/wp-content\/uploads\/2018\/08\/PVF_2742-250x167.jpg\" alt=\"\" \/><\/a><br \/>\n<a href=\"http:\/\/samnaz.org\/wp-content\/uploads\/2018\/08\/PVF_2741.jpeg\"><img decoding=\"async\" class=\"alignright size-medium wp-image-23800\" src=\"http:\/\/samnaz.org\/wp-content\/uploads\/2018\/08\/PVF_2741-250x167.jpeg\" alt=\"\" \/><\/a><br \/>\n<a href=\"https:\/\/www.samnaz.org\/wp-content\/uploads\/2018\/08\/principal-2.jpg\"><img decoding=\"async\" class=\"alignright size-medium wp-image-23799\" src=\"https:\/\/www.samnaz.org\/wp-content\/uploads\/2018\/08\/principal-2-250x167.jpg\" alt=\"\" \/><\/a><br \/>\n<a href=\"http:\/\/samnaz.org\/wp-content\/uploads\/2018\/08\/A74F02F1-8B9E-462D-B265-6F2213CE8F26.jpg\"><img decoding=\"async\" class=\"alignright size-medium wp-image-23828\" src=\"http:\/\/samnaz.org\/wp-content\/uploads\/2018\/08\/A74F02F1-8B9E-462D-B265-6F2213CE8F26-250x188.jpg\" alt=\"\" \/><\/a><\/p>\n<span class=\"et_bloom_bottom_trigger\"><\/span>","protected":false},"excerpt":{"rendered":"<p>(CNAS Argentina) Con el fin de ofrecer un entrenamiento para la producci\u00f3n de cortometrajes, documentales (testimonios) y pel\u00edculas, el ministerio de Comunicaciones a trav\u00e9s de la Productora Brasile\u00f1a Cristiana 4U Films ofreci\u00f3 en Pilar, Argentina una capacitaci\u00f3n intensiva del 16 al 20 de agosto. Participantes representando a 9 pa\u00edses diferentes fueron capacitados en talleres como: [&hellip;]<\/p>","protected":false},"author":4,"featured_media":36004,"comment_status":"closed","ping_status":"closed","sticky":false,"template":"","format":"standard","meta":{"_et_pb_use_builder":"","_et_pb_old_content":"","_et_gb_content_width":"","_monsterinsights_skip_tracking":false,"_monsterinsights_sitenote_active":false,"_monsterinsights_sitenote_note":"","_monsterinsights_sitenote_category":0,"_vp_format_video_url":"","_vp_image_focal_point":[],"footnotes":""},"categories":[13,58],"tags":[],"class_list":["post-36003","post","type-post","status-publish","format-standard","has-post-thumbnail","hentry","category-argentina","category-comunicaciones"],"yoast_head":"<!-- This site is optimized with the Yoast SEO Premium plugin v23.6 (Yoast SEO v27.5) - https:\/\/yoast.com\/product\/yoast-seo-premium-wordpress\/ -->\n<title>CAPACITACI\u00d3N COMUNICACIONES ARGENTINA | Iglesia del Nazareno Am\u00e9rica del Sur<\/title>\n<meta name=\"robots\" content=\"noindex, follow\" \/>\n<meta property=\"og:locale\" content=\"pt_BR\" \/>\n<meta property=\"og:type\" content=\"article\" \/>\n<meta property=\"og:title\" content=\"CAPACITACI\u00d3N COMUNICACIONES ARGENTINA | Iglesia del Nazareno Am\u00e9rica del Sur\" \/>\n<meta property=\"og:url\" content=\"https:\/\/www.samnaz.org\/pt\/capacitacion-comunicaciones-argentina\/\" \/>\n<meta property=\"og:site_name\" content=\"Iglesia del Nazareno Am\u00e9rica del Sur\" \/>\n<meta property=\"article:publisher\" content=\"https:\/\/www.facebook.com\/NazarenoEsp\" \/>\n<meta property=\"article:published_time\" content=\"2018-08-24T18:23:11+00:00\" \/>\n<meta property=\"article:modified_time\" content=\"2021-11-26T14:09:22+00:00\" \/>\n<meta property=\"og:image\" content=\"https:\/\/www.samnaz.org\/wp-content\/uploads\/2018\/08\/principal-2.jpg\" \/>\n\t<meta property=\"og:image:width\" content=\"2048\" \/>\n\t<meta property=\"og:image:height\" content=\"1367\" \/>\n\t<meta property=\"og:image:type\" content=\"image\/jpeg\" \/>\n<meta name=\"author\" content=\"Samnaz\" \/>\n<meta name=\"twitter:card\" content=\"summary_large_image\" \/>\n<meta name=\"twitter:label1\" content=\"Escrito por\" \/>\n\t<meta name=\"twitter:data1\" content=\"Samnaz\" \/>\n\t<meta name=\"twitter:label2\" content=\"Est. tempo de leitura\" \/>\n\t<meta name=\"twitter:data2\" content=\"1 minuto\" \/>\n<script type=\"application\/ld+json\" class=\"yoast-schema-graph\">{\"@context\":\"https:\\\/\\\/schema.org\",\"@graph\":[{\"@type\":\"Article\",\"@id\":\"https:\\\/\\\/www.samnaz.org\\\/capacitacion-comunicaciones-argentina\\\/#article\",\"isPartOf\":{\"@id\":\"https:\\\/\\\/www.samnaz.org\\\/capacitacion-comunicaciones-argentina\\\/\"},\"author\":{\"name\":\"Samnaz\",\"@id\":\"https:\\\/\\\/www.samnaz.org\\\/#\\\/schema\\\/person\\\/c09d1131c49ba510c7e1cbb677b39927\"},\"headline\":\"CAPACITACI\u00d3N COMUNICACIONES ARGENTINA\",\"datePublished\":\"2018-08-24T18:23:11+00:00\",\"dateModified\":\"2021-11-26T14:09:22+00:00\",\"mainEntityOfPage\":{\"@id\":\"https:\\\/\\\/www.samnaz.org\\\/capacitacion-comunicaciones-argentina\\\/\"},\"wordCount\":209,\"publisher\":{\"@id\":\"https:\\\/\\\/www.samnaz.org\\\/#organization\"},\"image\":{\"@id\":\"https:\\\/\\\/www.samnaz.org\\\/capacitacion-comunicaciones-argentina\\\/#primaryimage\"},\"thumbnailUrl\":\"https:\\\/\\\/www.samnaz.org\\\/wp-content\\\/uploads\\\/2018\\\/08\\\/principal-2.jpg\",\"articleSection\":[\"Argentina\",\"Comunicaciones\"],\"inLanguage\":\"pt-BR\"},{\"@type\":\"WebPage\",\"@id\":\"https:\\\/\\\/www.samnaz.org\\\/capacitacion-comunicaciones-argentina\\\/\",\"url\":\"https:\\\/\\\/www.samnaz.org\\\/capacitacion-comunicaciones-argentina\\\/\",\"name\":\"CAPACITACI\u00d3N COMUNICACIONES ARGENTINA | Iglesia del Nazareno Am\u00e9rica del Sur\",\"isPartOf\":{\"@id\":\"https:\\\/\\\/www.samnaz.org\\\/#website\"},\"primaryImageOfPage\":{\"@id\":\"https:\\\/\\\/www.samnaz.org\\\/capacitacion-comunicaciones-argentina\\\/#primaryimage\"},\"image\":{\"@id\":\"https:\\\/\\\/www.samnaz.org\\\/capacitacion-comunicaciones-argentina\\\/#primaryimage\"},\"thumbnailUrl\":\"https:\\\/\\\/www.samnaz.org\\\/wp-content\\\/uploads\\\/2018\\\/08\\\/principal-2.jpg\",\"datePublished\":\"2018-08-24T18:23:11+00:00\",\"dateModified\":\"2021-11-26T14:09:22+00:00\",\"inLanguage\":\"pt-BR\",\"potentialAction\":[{\"@type\":\"ReadAction\",\"target\":[\"https:\\\/\\\/www.samnaz.org\\\/capacitacion-comunicaciones-argentina\\\/\"]}]},{\"@type\":\"ImageObject\",\"inLanguage\":\"pt-BR\",\"@id\":\"https:\\\/\\\/www.samnaz.org\\\/capacitacion-comunicaciones-argentina\\\/#primaryimage\",\"url\":\"https:\\\/\\\/www.samnaz.org\\\/wp-content\\\/uploads\\\/2018\\\/08\\\/principal-2.jpg\",\"contentUrl\":\"https:\\\/\\\/www.samnaz.org\\\/wp-content\\\/uploads\\\/2018\\\/08\\\/principal-2.jpg\",\"width\":2048,\"height\":1367},{\"@type\":\"WebSite\",\"@id\":\"https:\\\/\\\/www.samnaz.org\\\/#website\",\"url\":\"https:\\\/\\\/www.samnaz.org\\\/\",\"name\":\"Haciendo Disc\u00edpulos Semejantes a Cristo en las naciones\",\"description\":\"Haciendo disc\u00edpulos semejantes a Cristo en las Naciones\",\"publisher\":{\"@id\":\"https:\\\/\\\/www.samnaz.org\\\/#organization\"},\"alternateName\":\"Viviendo la Gran Comisi\u00f3n\",\"potentialAction\":[{\"@type\":\"SearchAction\",\"target\":{\"@type\":\"EntryPoint\",\"urlTemplate\":\"https:\\\/\\\/www.samnaz.org\\\/?s={search_term_string}\"},\"query-input\":{\"@type\":\"PropertyValueSpecification\",\"valueRequired\":true,\"valueName\":\"search_term_string\"}}],\"inLanguage\":\"pt-BR\"},{\"@type\":\"Organization\",\"@id\":\"https:\\\/\\\/www.samnaz.org\\\/#organization\",\"name\":\"Iglesia del Nazareno Am\u00e9rica del Sur\",\"url\":\"https:\\\/\\\/www.samnaz.org\\\/\",\"logo\":{\"@type\":\"ImageObject\",\"inLanguage\":\"pt-BR\",\"@id\":\"https:\\\/\\\/www.samnaz.org\\\/#\\\/schema\\\/logo\\\/image\\\/\",\"url\":\"https:\\\/\\\/www.samnaz.org\\\/wp-content\\\/uploads\\\/2021\\\/04\\\/Logo-3-ESP.png\",\"contentUrl\":\"https:\\\/\\\/www.samnaz.org\\\/wp-content\\\/uploads\\\/2021\\\/04\\\/Logo-3-ESP.png\",\"width\":1041,\"height\":780,\"caption\":\"Iglesia del Nazareno Am\u00e9rica del Sur\"},\"image\":{\"@id\":\"https:\\\/\\\/www.samnaz.org\\\/#\\\/schema\\\/logo\\\/image\\\/\"},\"sameAs\":[\"https:\\\/\\\/www.facebook.com\\\/NazarenoEsp\",\"https:\\\/\\\/www.instagram.com\\\/nazarenoesp\\\/\"],\"publishingPrinciples\":\"https:\\\/\\\/www.samnaz.org\\\/\"},{\"@type\":\"Person\",\"@id\":\"https:\\\/\\\/www.samnaz.org\\\/#\\\/schema\\\/person\\\/c09d1131c49ba510c7e1cbb677b39927\",\"name\":\"Samnaz\",\"image\":{\"@type\":\"ImageObject\",\"inLanguage\":\"pt-BR\",\"@id\":\"https:\\\/\\\/secure.gravatar.com\\\/avatar\\\/a5baaf0e270319d09c0efce6a9dd03ff93175913c70afe26595c0069c83fa6dc?s=96&d=mm&r=g\",\"url\":\"https:\\\/\\\/secure.gravatar.com\\\/avatar\\\/a5baaf0e270319d09c0efce6a9dd03ff93175913c70afe26595c0069c83fa6dc?s=96&d=mm&r=g\",\"contentUrl\":\"https:\\\/\\\/secure.gravatar.com\\\/avatar\\\/a5baaf0e270319d09c0efce6a9dd03ff93175913c70afe26595c0069c83fa6dc?s=96&d=mm&r=g\",\"caption\":\"Samnaz\"}}]}<\/script>\n<!-- \/ Yoast SEO Premium plugin. -->","yoast_head_json":{"title":"CAPACITACI\u00d3N COMUNICACIONES ARGENTINA | Iglesia del Nazareno Am\u00e9rica del Sur","robots":{"index":"noindex","follow":"follow"},"og_locale":"pt_BR","og_type":"article","og_title":"CAPACITACI\u00d3N COMUNICACIONES ARGENTINA | Iglesia del Nazareno Am\u00e9rica del Sur","og_url":"https:\/\/www.samnaz.org\/pt\/capacitacion-comunicaciones-argentina\/","og_site_name":"Iglesia del Nazareno Am\u00e9rica del Sur","article_publisher":"https:\/\/www.facebook.com\/NazarenoEsp","article_published_time":"2018-08-24T18:23:11+00:00","article_modified_time":"2021-11-26T14:09:22+00:00","og_image":[{"width":2048,"height":1367,"url":"https:\/\/www.samnaz.org\/wp-content\/uploads\/2018\/08\/principal-2.jpg","type":"image\/jpeg"}],"author":"Samnaz","twitter_card":"summary_large_image","twitter_misc":{"Escrito por":"Samnaz","Est. tempo de leitura":"1 minuto"},"schema":{"@context":"https:\/\/schema.org","@graph":[{"@type":"Article","@id":"https:\/\/www.samnaz.org\/capacitacion-comunicaciones-argentina\/#article","isPartOf":{"@id":"https:\/\/www.samnaz.org\/capacitacion-comunicaciones-argentina\/"},"author":{"name":"Samnaz","@id":"https:\/\/www.samnaz.org\/#\/schema\/person\/c09d1131c49ba510c7e1cbb677b39927"},"headline":"CAPACITACI\u00d3N COMUNICACIONES ARGENTINA","datePublished":"2018-08-24T18:23:11+00:00","dateModified":"2021-11-26T14:09:22+00:00","mainEntityOfPage":{"@id":"https:\/\/www.samnaz.org\/capacitacion-comunicaciones-argentina\/"},"wordCount":209,"publisher":{"@id":"https:\/\/www.samnaz.org\/#organization"},"image":{"@id":"https:\/\/www.samnaz.org\/capacitacion-comunicaciones-argentina\/#primaryimage"},"thumbnailUrl":"https:\/\/www.samnaz.org\/wp-content\/uploads\/2018\/08\/principal-2.jpg","articleSection":["Argentina","Comunicaciones"],"inLanguage":"pt-BR"},{"@type":"WebPage","@id":"https:\/\/www.samnaz.org\/capacitacion-comunicaciones-argentina\/","url":"https:\/\/www.samnaz.org\/capacitacion-comunicaciones-argentina\/","name":"CAPACITACI\u00d3N COMUNICACIONES ARGENTINA | Iglesia del Nazareno Am\u00e9rica del Sur","isPartOf":{"@id":"https:\/\/www.samnaz.org\/#website"},"primaryImageOfPage":{"@id":"https:\/\/www.samnaz.org\/capacitacion-comunicaciones-argentina\/#primaryimage"},"image":{"@id":"https:\/\/www.samnaz.org\/capacitacion-comunicaciones-argentina\/#primaryimage"},"thumbnailUrl":"https:\/\/www.samnaz.org\/wp-content\/uploads\/2018\/08\/principal-2.jpg","datePublished":"2018-08-24T18:23:11+00:00","dateModified":"2021-11-26T14:09:22+00:00","inLanguage":"pt-BR","potentialAction":[{"@type":"ReadAction","target":["https:\/\/www.samnaz.org\/capacitacion-comunicaciones-argentina\/"]}]},{"@type":"ImageObject","inLanguage":"pt-BR","@id":"https:\/\/www.samnaz.org\/capacitacion-comunicaciones-argentina\/#primaryimage","url":"https:\/\/www.samnaz.org\/wp-content\/uploads\/2018\/08\/principal-2.jpg","contentUrl":"https:\/\/www.samnaz.org\/wp-content\/uploads\/2018\/08\/principal-2.jpg","width":2048,"height":1367},{"@type":"WebSite","@id":"https:\/\/www.samnaz.org\/#website","url":"https:\/\/www.samnaz.org\/","name":"Haciendo Disc\u00edpulos Semejantes a Cristo en las naciones","description":"Haciendo disc\u00edpulos semejantes a Cristo en las Naciones","publisher":{"@id":"https:\/\/www.samnaz.org\/#organization"},"alternateName":"Viviendo la Gran Comisi\u00f3n","potentialAction":[{"@type":"SearchAction","target":{"@type":"EntryPoint","urlTemplate":"https:\/\/www.samnaz.org\/?s={search_term_string}"},"query-input":{"@type":"PropertyValueSpecification","valueRequired":true,"valueName":"search_term_string"}}],"inLanguage":"pt-BR"},{"@type":"Organization","@id":"https:\/\/www.samnaz.org\/#organization","name":"Iglesia del Nazareno Am\u00e9rica del Sur","url":"https:\/\/www.samnaz.org\/","logo":{"@type":"ImageObject","inLanguage":"pt-BR","@id":"https:\/\/www.samnaz.org\/#\/schema\/logo\/image\/","url":"https:\/\/www.samnaz.org\/wp-content\/uploads\/2021\/04\/Logo-3-ESP.png","contentUrl":"https:\/\/www.samnaz.org\/wp-content\/uploads\/2021\/04\/Logo-3-ESP.png","width":1041,"height":780,"caption":"Iglesia del Nazareno Am\u00e9rica del Sur"},"image":{"@id":"https:\/\/www.samnaz.org\/#\/schema\/logo\/image\/"},"sameAs":["https:\/\/www.facebook.com\/NazarenoEsp","https:\/\/www.instagram.com\/nazarenoesp\/"],"publishingPrinciples":"https:\/\/www.samnaz.org\/"},{"@type":"Person","@id":"https:\/\/www.samnaz.org\/#\/schema\/person\/c09d1131c49ba510c7e1cbb677b39927","name":"Samnaz","image":{"@type":"ImageObject","inLanguage":"pt-BR","@id":"https:\/\/secure.gravatar.com\/avatar\/a5baaf0e270319d09c0efce6a9dd03ff93175913c70afe26595c0069c83fa6dc?s=96&d=mm&r=g","url":"https:\/\/secure.gravatar.com\/avatar\/a5baaf0e270319d09c0efce6a9dd03ff93175913c70afe26595c0069c83fa6dc?s=96&d=mm&r=g","contentUrl":"https:\/\/secure.gravatar.com\/avatar\/a5baaf0e270319d09c0efce6a9dd03ff93175913c70afe26595c0069c83fa6dc?s=96&d=mm&r=g","caption":"Samnaz"}}]}},"_links":{"self":[{"href":"https:\/\/www.samnaz.org\/pt\/wp-json\/wp\/v2\/posts\/36003","targetHints":{"allow":["GET"]}}],"collection":[{"href":"https:\/\/www.samnaz.org\/pt\/wp-json\/wp\/v2\/posts"}],"about":[{"href":"https:\/\/www.samnaz.org\/pt\/wp-json\/wp\/v2\/types\/post"}],"author":[{"embeddable":true,"href":"https:\/\/www.samnaz.org\/pt\/wp-json\/wp\/v2\/users\/4"}],"replies":[{"embeddable":true,"href":"https:\/\/www.samnaz.org\/pt\/wp-json\/wp\/v2\/comments?post=36003"}],"version-history":[{"count":1,"href":"https:\/\/www.samnaz.org\/pt\/wp-json\/wp\/v2\/posts\/36003\/revisions"}],"predecessor-version":[{"id":36094,"href":"https:\/\/www.samnaz.org\/pt\/wp-json\/wp\/v2\/posts\/36003\/revisions\/36094"}],"wp:featuredmedia":[{"embeddable":true,"href":"https:\/\/www.samnaz.org\/pt\/wp-json\/wp\/v2\/media\/36004"}],"wp:attachment":[{"href":"https:\/\/www.samnaz.org\/pt\/wp-json\/wp\/v2\/media?parent=36003"}],"wp:term":[{"taxonomy":"category","embeddable":true,"href":"https:\/\/www.samnaz.org\/pt\/wp-json\/wp\/v2\/categories?post=36003"},{"taxonomy":"post_tag","embeddable":true,"href":"https:\/\/www.samnaz.org\/pt\/wp-json\/wp\/v2\/tags?post=36003"}],"curies":[{"name":"wp","href":"https:\/\/api.w.org\/{rel}","templated":true}]}}