{"id":36029,"date":"2018-08-07T08:44:47","date_gmt":"2018-08-07T11:44:47","guid":{"rendered":"http:\/\/samnaz.org\/?p=23558"},"modified":"2021-11-26T11:09:24","modified_gmt":"2021-11-26T14:09:24","slug":"buscando-el-corazon-del-padre","status":"publish","type":"post","link":"https:\/\/www.samnaz.org\/pt\/buscando-el-corazon-del-padre\/","title":{"rendered":"BUSCANDO EL CORAZ\u00d3N DEL PADRE"},"content":{"rendered":"<p><strong>(CNAS Chile) <\/strong>El retiro nacional \u201cBuscando el Coraz\u00f3n del Padre\u201d se realiz\u00f3 los d\u00edas 20, 21 y 22 de julio en el sector \u201cLas Trancas\u201d, organizado por la JNI Chill\u00e1n. Este retiro, llevaba a\u00f1os en el coraz\u00f3n de Crist\u00f3bal, l\u00edder local de JNI y luego del evento \u201cEfrajon\u201d realizado en Arica, Dios confirm\u00f3 dicho evento.<br \/>\nEste retiro, cont\u00f3 con la presencia de los pastores Fidel Arenas de Arica y Jaime D\u00edaz de Temuco, quienes predicaron sobre vivificar a Dios en nuestros corazones, el prop\u00f3sito de Dios para nuestras vidas, sus promesas y la obediencia en seguirle.\u00a0Tambi\u00e9n recibimos representantes de los 4 distritos de Chile, de las iglesias de Maranatha, San Ram\u00f3n, Los Lobos, Chill\u00e1n, Villa Cap, Villa Galicia y Peniel.<br \/>\nEl retiro consisti\u00f3 en 4 pr\u00e9dicas, tiempos de oraci\u00f3n, un taller llamado \u201ciniciando una JNI\u201d, una caminata, tiempos de adoraci\u00f3n y un foro, donde los pastores Fidel y Jaime respondieron las preguntas que los asistentes escribieron de forma an\u00f3nima, donde surgieron preguntas teol\u00f3gicas, de llamado y sobre el papel del cristiano y la iglesia en la sociedad.<br \/>\nEn \u00faltima instancia, cabe se\u00f1alar que el lugar del retiro fue elegido por ser un lugar donde hay nieve pero que, al iniciarse el retiro, estaba sin ella. Pese a que no hab\u00eda pron\u00f3stico de nieve, y tras orar el d\u00eda viernes en la noche, el d\u00eda s\u00e1bado en la tarde cay\u00f3 una sorpresiva nevada que, sin duda alguna, fue respuesta a la oraci\u00f3n.<br \/>\nEl que este retiro nacional, haya tenido representaci\u00f3n de todos los distritos, muestra c\u00f3mo Dios llevar\u00e1 a todo nuestro pa\u00eds lo recibido durante esos d\u00edas, que es volver a lo esencial, anhelar a Dios, oraci\u00f3n constante, obediencia y amor por los que se pierden.<br \/>\n<strong>Fonte<\/strong> Cristobal Catejo<br \/>\n<a href=\"http:\/\/samnaz.org\/wp-content\/uploads\/2018\/08\/BCF11534-C86F-4D98-A137-2ADD8740F7CE.jpeg\"><img decoding=\"async\" class=\"alignright size-medium wp-image-23516\" src=\"http:\/\/samnaz.org\/wp-content\/uploads\/2018\/08\/BCF11534-C86F-4D98-A137-2ADD8740F7CE-250x188.jpeg\" alt=\"\" \/><\/a><br \/>\n<a href=\"http:\/\/samnaz.org\/wp-content\/uploads\/2018\/08\/58A86556-47D4-4F77-B7CC-3615896A8A9B.jpeg\"><img decoding=\"async\" class=\"alignright size-medium wp-image-23517\" src=\"http:\/\/samnaz.org\/wp-content\/uploads\/2018\/08\/58A86556-47D4-4F77-B7CC-3615896A8A9B-250x188.jpeg\" alt=\"\" \/><\/a><br \/>\n<a href=\"http:\/\/samnaz.org\/wp-content\/uploads\/2018\/08\/4EB90FB4-6201-4D1C-8599-E6B6131F00FE.jpeg\"><img decoding=\"async\" class=\"alignright size-medium wp-image-23518\" src=\"http:\/\/samnaz.org\/wp-content\/uploads\/2018\/08\/4EB90FB4-6201-4D1C-8599-E6B6131F00FE-250x188.jpeg\" alt=\"\" \/><\/a><br \/>\n<a href=\"http:\/\/samnaz.org\/wp-content\/uploads\/2018\/08\/B4177BC0-1909-49E4-A796-C7A2973FEE63.jpeg\"><img decoding=\"async\" class=\"alignright size-medium wp-image-23519\" src=\"http:\/\/samnaz.org\/wp-content\/uploads\/2018\/08\/B4177BC0-1909-49E4-A796-C7A2973FEE63-250x333.jpeg\" alt=\"\" \/><\/a><br \/>\n<a href=\"http:\/\/samnaz.org\/wp-content\/uploads\/2018\/08\/779D3DB9-AA47-4153-A0E1-B9CEEA6C1CF4.jpeg\"><img decoding=\"async\" class=\"alignright size-medium wp-image-23520\" src=\"http:\/\/samnaz.org\/wp-content\/uploads\/2018\/08\/779D3DB9-AA47-4153-A0E1-B9CEEA6C1CF4-250x188.jpeg\" alt=\"\" \/><\/a><\/p>\n<span class=\"et_bloom_bottom_trigger\"><\/span>","protected":false},"excerpt":{"rendered":"<p>(CNAS Chile) El retiro nacional \u201cBuscando el Coraz\u00f3n del Padre\u201d se realiz\u00f3 los d\u00edas 20, 21 y 22 de julio en el sector \u201cLas Trancas\u201d, organizado por la JNI Chill\u00e1n. Este retiro, llevaba a\u00f1os en el coraz\u00f3n de Crist\u00f3bal, l\u00edder local de JNI y luego del evento \u201cEfrajon\u201d realizado en Arica, Dios confirm\u00f3 dicho evento. [&hellip;]<\/p>","protected":false},"author":4,"featured_media":36030,"comment_status":"closed","ping_status":"closed","sticky":false,"template":"","format":"standard","meta":{"_et_pb_use_builder":"","_et_pb_old_content":"","_et_gb_content_width":"","_monsterinsights_skip_tracking":false,"_monsterinsights_sitenote_active":false,"_monsterinsights_sitenote_note":"","_monsterinsights_sitenote_category":0,"_vp_format_video_url":"","_vp_image_focal_point":[],"footnotes":""},"categories":[12],"tags":[],"class_list":["post-36029","post","type-post","status-publish","format-standard","has-post-thumbnail","hentry","category-chile"],"yoast_head":"<!-- This site is optimized with the Yoast SEO Premium plugin v23.6 (Yoast SEO v27.5) - https:\/\/yoast.com\/product\/yoast-seo-premium-wordpress\/ -->\n<title>BUSCANDO EL CORAZ\u00d3N DEL PADRE | Iglesia del Nazareno Am\u00e9rica del Sur<\/title>\n<meta name=\"robots\" content=\"noindex, follow\" \/>\n<meta property=\"og:locale\" content=\"pt_BR\" \/>\n<meta property=\"og:type\" content=\"article\" \/>\n<meta property=\"og:title\" content=\"BUSCANDO EL CORAZ\u00d3N DEL PADRE | Iglesia del Nazareno Am\u00e9rica del Sur\" \/>\n<meta property=\"og:url\" content=\"https:\/\/www.samnaz.org\/pt\/buscando-el-corazon-del-padre\/\" \/>\n<meta property=\"og:site_name\" content=\"Iglesia del Nazareno Am\u00e9rica del Sur\" \/>\n<meta property=\"article:publisher\" content=\"https:\/\/www.facebook.com\/NazarenoEsp\" \/>\n<meta property=\"article:published_time\" content=\"2018-08-07T11:44:47+00:00\" \/>\n<meta property=\"article:modified_time\" content=\"2021-11-26T14:09:24+00:00\" \/>\n<meta property=\"og:image\" content=\"https:\/\/www.samnaz.org\/wp-content\/uploads\/2018\/08\/BCF11534-C86F-4D98-A137-2ADD8740F7CE.jpeg\" \/>\n\t<meta property=\"og:image:width\" content=\"1280\" \/>\n\t<meta property=\"og:image:height\" content=\"960\" \/>\n\t<meta property=\"og:image:type\" content=\"image\/jpeg\" \/>\n<meta name=\"author\" content=\"Samnaz\" \/>\n<meta name=\"twitter:card\" content=\"summary_large_image\" \/>\n<meta name=\"twitter:label1\" content=\"Escrito por\" \/>\n\t<meta name=\"twitter:data1\" content=\"Samnaz\" \/>\n\t<meta name=\"twitter:label2\" content=\"Est. tempo de leitura\" \/>\n\t<meta name=\"twitter:data2\" content=\"2 minutos\" \/>\n<script type=\"application\/ld+json\" class=\"yoast-schema-graph\">{\"@context\":\"https:\\\/\\\/schema.org\",\"@graph\":[{\"@type\":\"Article\",\"@id\":\"https:\\\/\\\/www.samnaz.org\\\/pt\\\/buscando-el-corazon-del-padre\\\/#article\",\"isPartOf\":{\"@id\":\"https:\\\/\\\/www.samnaz.org\\\/pt\\\/buscando-el-corazon-del-padre\\\/\"},\"author\":{\"name\":\"Samnaz\",\"@id\":\"https:\\\/\\\/www.samnaz.org\\\/#\\\/schema\\\/person\\\/c09d1131c49ba510c7e1cbb677b39927\"},\"headline\":\"BUSCANDO EL CORAZ\u00d3N DEL PADRE\",\"datePublished\":\"2018-08-07T11:44:47+00:00\",\"dateModified\":\"2021-11-26T14:09:24+00:00\",\"mainEntityOfPage\":{\"@id\":\"https:\\\/\\\/www.samnaz.org\\\/pt\\\/buscando-el-corazon-del-padre\\\/\"},\"wordCount\":319,\"publisher\":{\"@id\":\"https:\\\/\\\/www.samnaz.org\\\/#organization\"},\"image\":{\"@id\":\"https:\\\/\\\/www.samnaz.org\\\/pt\\\/buscando-el-corazon-del-padre\\\/#primaryimage\"},\"thumbnailUrl\":\"https:\\\/\\\/www.samnaz.org\\\/wp-content\\\/uploads\\\/2018\\\/08\\\/BCF11534-C86F-4D98-A137-2ADD8740F7CE.jpeg\",\"articleSection\":[\"Chile\"],\"inLanguage\":\"pt-BR\"},{\"@type\":\"WebPage\",\"@id\":\"https:\\\/\\\/www.samnaz.org\\\/pt\\\/buscando-el-corazon-del-padre\\\/\",\"url\":\"https:\\\/\\\/www.samnaz.org\\\/pt\\\/buscando-el-corazon-del-padre\\\/\",\"name\":\"BUSCANDO EL CORAZ\u00d3N DEL PADRE | Iglesia del Nazareno Am\u00e9rica del Sur\",\"isPartOf\":{\"@id\":\"https:\\\/\\\/www.samnaz.org\\\/#website\"},\"primaryImageOfPage\":{\"@id\":\"https:\\\/\\\/www.samnaz.org\\\/pt\\\/buscando-el-corazon-del-padre\\\/#primaryimage\"},\"image\":{\"@id\":\"https:\\\/\\\/www.samnaz.org\\\/pt\\\/buscando-el-corazon-del-padre\\\/#primaryimage\"},\"thumbnailUrl\":\"https:\\\/\\\/www.samnaz.org\\\/wp-content\\\/uploads\\\/2018\\\/08\\\/BCF11534-C86F-4D98-A137-2ADD8740F7CE.jpeg\",\"datePublished\":\"2018-08-07T11:44:47+00:00\",\"dateModified\":\"2021-11-26T14:09:24+00:00\",\"inLanguage\":\"pt-BR\",\"potentialAction\":[{\"@type\":\"ReadAction\",\"target\":[\"https:\\\/\\\/www.samnaz.org\\\/pt\\\/buscando-el-corazon-del-padre\\\/\"]}]},{\"@type\":\"ImageObject\",\"inLanguage\":\"pt-BR\",\"@id\":\"https:\\\/\\\/www.samnaz.org\\\/pt\\\/buscando-el-corazon-del-padre\\\/#primaryimage\",\"url\":\"https:\\\/\\\/www.samnaz.org\\\/wp-content\\\/uploads\\\/2018\\\/08\\\/BCF11534-C86F-4D98-A137-2ADD8740F7CE.jpeg\",\"contentUrl\":\"https:\\\/\\\/www.samnaz.org\\\/wp-content\\\/uploads\\\/2018\\\/08\\\/BCF11534-C86F-4D98-A137-2ADD8740F7CE.jpeg\",\"width\":1280,\"height\":960},{\"@type\":\"WebSite\",\"@id\":\"https:\\\/\\\/www.samnaz.org\\\/#website\",\"url\":\"https:\\\/\\\/www.samnaz.org\\\/\",\"name\":\"Haciendo Disc\u00edpulos Semejantes a Cristo en las naciones\",\"description\":\"Haciendo disc\u00edpulos semejantes a Cristo en las Naciones\",\"publisher\":{\"@id\":\"https:\\\/\\\/www.samnaz.org\\\/#organization\"},\"alternateName\":\"Viviendo la Gran Comisi\u00f3n\",\"potentialAction\":[{\"@type\":\"SearchAction\",\"target\":{\"@type\":\"EntryPoint\",\"urlTemplate\":\"https:\\\/\\\/www.samnaz.org\\\/?s={search_term_string}\"},\"query-input\":{\"@type\":\"PropertyValueSpecification\",\"valueRequired\":true,\"valueName\":\"search_term_string\"}}],\"inLanguage\":\"pt-BR\"},{\"@type\":\"Organization\",\"@id\":\"https:\\\/\\\/www.samnaz.org\\\/#organization\",\"name\":\"Iglesia del Nazareno Am\u00e9rica del Sur\",\"url\":\"https:\\\/\\\/www.samnaz.org\\\/\",\"logo\":{\"@type\":\"ImageObject\",\"inLanguage\":\"pt-BR\",\"@id\":\"https:\\\/\\\/www.samnaz.org\\\/#\\\/schema\\\/logo\\\/image\\\/\",\"url\":\"https:\\\/\\\/www.samnaz.org\\\/wp-content\\\/uploads\\\/2021\\\/04\\\/Logo-3-ESP.png\",\"contentUrl\":\"https:\\\/\\\/www.samnaz.org\\\/wp-content\\\/uploads\\\/2021\\\/04\\\/Logo-3-ESP.png\",\"width\":1041,\"height\":780,\"caption\":\"Iglesia del Nazareno Am\u00e9rica del Sur\"},\"image\":{\"@id\":\"https:\\\/\\\/www.samnaz.org\\\/#\\\/schema\\\/logo\\\/image\\\/\"},\"sameAs\":[\"https:\\\/\\\/www.facebook.com\\\/NazarenoEsp\",\"https:\\\/\\\/www.instagram.com\\\/nazarenoesp\\\/\"],\"publishingPrinciples\":\"https:\\\/\\\/www.samnaz.org\\\/\"},{\"@type\":\"Person\",\"@id\":\"https:\\\/\\\/www.samnaz.org\\\/#\\\/schema\\\/person\\\/c09d1131c49ba510c7e1cbb677b39927\",\"name\":\"Samnaz\",\"image\":{\"@type\":\"ImageObject\",\"inLanguage\":\"pt-BR\",\"@id\":\"https:\\\/\\\/secure.gravatar.com\\\/avatar\\\/a5baaf0e270319d09c0efce6a9dd03ff93175913c70afe26595c0069c83fa6dc?s=96&d=mm&r=g\",\"url\":\"https:\\\/\\\/secure.gravatar.com\\\/avatar\\\/a5baaf0e270319d09c0efce6a9dd03ff93175913c70afe26595c0069c83fa6dc?s=96&d=mm&r=g\",\"contentUrl\":\"https:\\\/\\\/secure.gravatar.com\\\/avatar\\\/a5baaf0e270319d09c0efce6a9dd03ff93175913c70afe26595c0069c83fa6dc?s=96&d=mm&r=g\",\"caption\":\"Samnaz\"}}]}<\/script>\n<!-- \/ Yoast SEO Premium plugin. -->","yoast_head_json":{"title":"BUSCANDO EL CORAZ\u00d3N DEL PADRE | Iglesia del Nazareno Am\u00e9rica del Sur","robots":{"index":"noindex","follow":"follow"},"og_locale":"pt_BR","og_type":"article","og_title":"BUSCANDO EL CORAZ\u00d3N DEL PADRE | Iglesia del Nazareno Am\u00e9rica del Sur","og_url":"https:\/\/www.samnaz.org\/pt\/buscando-el-corazon-del-padre\/","og_site_name":"Iglesia del Nazareno Am\u00e9rica del Sur","article_publisher":"https:\/\/www.facebook.com\/NazarenoEsp","article_published_time":"2018-08-07T11:44:47+00:00","article_modified_time":"2021-11-26T14:09:24+00:00","og_image":[{"width":1280,"height":960,"url":"https:\/\/www.samnaz.org\/wp-content\/uploads\/2018\/08\/BCF11534-C86F-4D98-A137-2ADD8740F7CE.jpeg","type":"image\/jpeg"}],"author":"Samnaz","twitter_card":"summary_large_image","twitter_misc":{"Escrito por":"Samnaz","Est. tempo de leitura":"2 minutos"},"schema":{"@context":"https:\/\/schema.org","@graph":[{"@type":"Article","@id":"https:\/\/www.samnaz.org\/pt\/buscando-el-corazon-del-padre\/#article","isPartOf":{"@id":"https:\/\/www.samnaz.org\/pt\/buscando-el-corazon-del-padre\/"},"author":{"name":"Samnaz","@id":"https:\/\/www.samnaz.org\/#\/schema\/person\/c09d1131c49ba510c7e1cbb677b39927"},"headline":"BUSCANDO EL CORAZ\u00d3N DEL PADRE","datePublished":"2018-08-07T11:44:47+00:00","dateModified":"2021-11-26T14:09:24+00:00","mainEntityOfPage":{"@id":"https:\/\/www.samnaz.org\/pt\/buscando-el-corazon-del-padre\/"},"wordCount":319,"publisher":{"@id":"https:\/\/www.samnaz.org\/#organization"},"image":{"@id":"https:\/\/www.samnaz.org\/pt\/buscando-el-corazon-del-padre\/#primaryimage"},"thumbnailUrl":"https:\/\/www.samnaz.org\/wp-content\/uploads\/2018\/08\/BCF11534-C86F-4D98-A137-2ADD8740F7CE.jpeg","articleSection":["Chile"],"inLanguage":"pt-BR"},{"@type":"WebPage","@id":"https:\/\/www.samnaz.org\/pt\/buscando-el-corazon-del-padre\/","url":"https:\/\/www.samnaz.org\/pt\/buscando-el-corazon-del-padre\/","name":"BUSCANDO EL CORAZ\u00d3N DEL PADRE | Iglesia del Nazareno Am\u00e9rica del Sur","isPartOf":{"@id":"https:\/\/www.samnaz.org\/#website"},"primaryImageOfPage":{"@id":"https:\/\/www.samnaz.org\/pt\/buscando-el-corazon-del-padre\/#primaryimage"},"image":{"@id":"https:\/\/www.samnaz.org\/pt\/buscando-el-corazon-del-padre\/#primaryimage"},"thumbnailUrl":"https:\/\/www.samnaz.org\/wp-content\/uploads\/2018\/08\/BCF11534-C86F-4D98-A137-2ADD8740F7CE.jpeg","datePublished":"2018-08-07T11:44:47+00:00","dateModified":"2021-11-26T14:09:24+00:00","inLanguage":"pt-BR","potentialAction":[{"@type":"ReadAction","target":["https:\/\/www.samnaz.org\/pt\/buscando-el-corazon-del-padre\/"]}]},{"@type":"ImageObject","inLanguage":"pt-BR","@id":"https:\/\/www.samnaz.org\/pt\/buscando-el-corazon-del-padre\/#primaryimage","url":"https:\/\/www.samnaz.org\/wp-content\/uploads\/2018\/08\/BCF11534-C86F-4D98-A137-2ADD8740F7CE.jpeg","contentUrl":"https:\/\/www.samnaz.org\/wp-content\/uploads\/2018\/08\/BCF11534-C86F-4D98-A137-2ADD8740F7CE.jpeg","width":1280,"height":960},{"@type":"WebSite","@id":"https:\/\/www.samnaz.org\/#website","url":"https:\/\/www.samnaz.org\/","name":"Haciendo Disc\u00edpulos Semejantes a Cristo en las naciones","description":"Haciendo disc\u00edpulos semejantes a Cristo en las Naciones","publisher":{"@id":"https:\/\/www.samnaz.org\/#organization"},"alternateName":"Viviendo la Gran Comisi\u00f3n","potentialAction":[{"@type":"SearchAction","target":{"@type":"EntryPoint","urlTemplate":"https:\/\/www.samnaz.org\/?s={search_term_string}"},"query-input":{"@type":"PropertyValueSpecification","valueRequired":true,"valueName":"search_term_string"}}],"inLanguage":"pt-BR"},{"@type":"Organization","@id":"https:\/\/www.samnaz.org\/#organization","name":"Iglesia del Nazareno Am\u00e9rica del Sur","url":"https:\/\/www.samnaz.org\/","logo":{"@type":"ImageObject","inLanguage":"pt-BR","@id":"https:\/\/www.samnaz.org\/#\/schema\/logo\/image\/","url":"https:\/\/www.samnaz.org\/wp-content\/uploads\/2021\/04\/Logo-3-ESP.png","contentUrl":"https:\/\/www.samnaz.org\/wp-content\/uploads\/2021\/04\/Logo-3-ESP.png","width":1041,"height":780,"caption":"Iglesia del Nazareno Am\u00e9rica del Sur"},"image":{"@id":"https:\/\/www.samnaz.org\/#\/schema\/logo\/image\/"},"sameAs":["https:\/\/www.facebook.com\/NazarenoEsp","https:\/\/www.instagram.com\/nazarenoesp\/"],"publishingPrinciples":"https:\/\/www.samnaz.org\/"},{"@type":"Person","@id":"https:\/\/www.samnaz.org\/#\/schema\/person\/c09d1131c49ba510c7e1cbb677b39927","name":"Samnaz","image":{"@type":"ImageObject","inLanguage":"pt-BR","@id":"https:\/\/secure.gravatar.com\/avatar\/a5baaf0e270319d09c0efce6a9dd03ff93175913c70afe26595c0069c83fa6dc?s=96&d=mm&r=g","url":"https:\/\/secure.gravatar.com\/avatar\/a5baaf0e270319d09c0efce6a9dd03ff93175913c70afe26595c0069c83fa6dc?s=96&d=mm&r=g","contentUrl":"https:\/\/secure.gravatar.com\/avatar\/a5baaf0e270319d09c0efce6a9dd03ff93175913c70afe26595c0069c83fa6dc?s=96&d=mm&r=g","caption":"Samnaz"}}]}},"_links":{"self":[{"href":"https:\/\/www.samnaz.org\/pt\/wp-json\/wp\/v2\/posts\/36029","targetHints":{"allow":["GET"]}}],"collection":[{"href":"https:\/\/www.samnaz.org\/pt\/wp-json\/wp\/v2\/posts"}],"about":[{"href":"https:\/\/www.samnaz.org\/pt\/wp-json\/wp\/v2\/types\/post"}],"author":[{"embeddable":true,"href":"https:\/\/www.samnaz.org\/pt\/wp-json\/wp\/v2\/users\/4"}],"replies":[{"embeddable":true,"href":"https:\/\/www.samnaz.org\/pt\/wp-json\/wp\/v2\/comments?post=36029"}],"version-history":[{"count":1,"href":"https:\/\/www.samnaz.org\/pt\/wp-json\/wp\/v2\/posts\/36029\/revisions"}],"predecessor-version":[{"id":36105,"href":"https:\/\/www.samnaz.org\/pt\/wp-json\/wp\/v2\/posts\/36029\/revisions\/36105"}],"wp:featuredmedia":[{"embeddable":true,"href":"https:\/\/www.samnaz.org\/pt\/wp-json\/wp\/v2\/media\/36030"}],"wp:attachment":[{"href":"https:\/\/www.samnaz.org\/pt\/wp-json\/wp\/v2\/media?parent=36029"}],"wp:term":[{"taxonomy":"category","embeddable":true,"href":"https:\/\/www.samnaz.org\/pt\/wp-json\/wp\/v2\/categories?post=36029"},{"taxonomy":"post_tag","embeddable":true,"href":"https:\/\/www.samnaz.org\/pt\/wp-json\/wp\/v2\/tags?post=36029"}],"curies":[{"name":"wp","href":"https:\/\/api.w.org\/{rel}","templated":true}]}}