{"id":36031,"date":"2018-08-07T08:36:59","date_gmt":"2018-08-07T11:36:59","guid":{"rendered":"http:\/\/samnaz.org\/?p=23550"},"modified":"2021-11-26T11:09:24","modified_gmt":"2021-11-26T14:09:24","slug":"retiro-para-hijos-de-pastores-en-piura","status":"publish","type":"post","link":"https:\/\/www.samnaz.org\/pt\/retiro-para-hijos-de-pastores-en-piura\/","title":{"rendered":"RETIRO PARA HIJOS DE PASTORES EN PIURA"},"content":{"rendered":"<p><strong>(CNAS Per\u00fa) <\/strong>Del 27 al 30 de julio de 2018, se realiz\u00f3 un Retiro Distrital para hijos de Pastores en la ciudad de Piura, ubicada al norte del Per\u00fa, perteneciente al Distrito Per\u00fa Pac\u00edfico Norte. Asistieron 40 j\u00f3venes solteros desde los 11 a\u00f1os en adelante. Se cont\u00f3 con la participaci\u00f3n especial como expositor desde Costa Rica, del misionero, Natanael Picavea, quien no s\u00f3lo fue el expositor, sino que tambi\u00e9n interactu\u00f3 con los asistentes.<br \/>\nEn el retiro tambi\u00e9n estuvieron presentes, el Superintendente del Distrito Rev. Segundo Rimarach\u00edn y su esposa, la Pastora Lourdes Palacios, quienes compartieron algunos temas. Hubo tiempo de compa\u00f1erismo, oraci\u00f3n, pel\u00edcula, deporte, concierto y m\u00e1s actividades.<br \/>\nLos hijos de pastores que asistieron al retiro, quedaron con ganas de quedarse m\u00e1s tiempo y pidieron tener otros eventos de este tipo. Todos fueron a sus casas muy contentos y motivados y los padres agradecidos por este hermoso tiempo que se dedic\u00f3 a sus hijos.<br \/>\nOremos por los hijos de los pastores, ellos tambi\u00e9n nos necesitan.<br \/>\n<strong>Fonte<\/strong> Tania Rimarach\u00edn<br \/>\n<a href=\"http:\/\/samnaz.org\/wp-content\/uploads\/2018\/08\/Foto-7.jpg\"><img decoding=\"async\" class=\"alignright size-medium wp-image-23512\" src=\"http:\/\/samnaz.org\/wp-content\/uploads\/2018\/08\/Foto-7-250x188.jpg\" alt=\"\" \/><\/a> <a href=\"http:\/\/samnaz.org\/wp-content\/uploads\/2018\/08\/Foto-6.jpg\"><img decoding=\"async\" class=\"alignright size-medium wp-image-23511\" src=\"http:\/\/samnaz.org\/wp-content\/uploads\/2018\/08\/Foto-6-250x188.jpg\" alt=\"\" \/><\/a> <a href=\"http:\/\/samnaz.org\/wp-content\/uploads\/2018\/08\/Foto-5.jpg\"><img decoding=\"async\" class=\"alignright size-medium wp-image-23510\" src=\"http:\/\/samnaz.org\/wp-content\/uploads\/2018\/08\/Foto-5-250x188.jpg\" alt=\"\" \/><\/a> <a href=\"http:\/\/samnaz.org\/wp-content\/uploads\/2018\/08\/Foto-4.jpg\"><img decoding=\"async\" class=\"alignright size-medium wp-image-23509\" src=\"http:\/\/samnaz.org\/wp-content\/uploads\/2018\/08\/Foto-4-250x188.jpg\" alt=\"\" \/><\/a> <a href=\"http:\/\/samnaz.org\/wp-content\/uploads\/2018\/08\/Foto-3.jpg\"><img decoding=\"async\" class=\"alignright size-medium wp-image-23508\" src=\"http:\/\/samnaz.org\/wp-content\/uploads\/2018\/08\/Foto-3-250x333.jpg\" alt=\"\" \/><\/a> <a href=\"http:\/\/samnaz.org\/wp-content\/uploads\/2018\/08\/Foto-2.jpg\"><img decoding=\"async\" class=\"alignright size-medium wp-image-23507\" src=\"http:\/\/samnaz.org\/wp-content\/uploads\/2018\/08\/Foto-2-250x188.jpg\" alt=\"\" \/><\/a> <a href=\"http:\/\/samnaz.org\/wp-content\/uploads\/2018\/08\/Foto-1.jpg\"><img decoding=\"async\" class=\"alignright size-medium wp-image-23506\" src=\"http:\/\/samnaz.org\/wp-content\/uploads\/2018\/08\/Foto-1-250x188.jpg\" alt=\"\" \/><\/a><\/p>\n<span class=\"et_bloom_bottom_trigger\"><\/span>","protected":false},"excerpt":{"rendered":"<p>(CNAS Per\u00fa) Del 27 al 30 de julio de 2018, se realiz\u00f3 un Retiro Distrital para hijos de Pastores en la ciudad de Piura, ubicada al norte del Per\u00fa, perteneciente al Distrito Per\u00fa Pac\u00edfico Norte. Asistieron 40 j\u00f3venes solteros desde los 11 a\u00f1os en adelante. Se cont\u00f3 con la participaci\u00f3n especial como expositor desde Costa [&hellip;]<\/p>","protected":false},"author":4,"featured_media":36032,"comment_status":"closed","ping_status":"closed","sticky":false,"template":"","format":"standard","meta":{"_et_pb_use_builder":"","_et_pb_old_content":"","_et_gb_content_width":"","_monsterinsights_skip_tracking":false,"_monsterinsights_sitenote_active":false,"_monsterinsights_sitenote_note":"","_monsterinsights_sitenote_category":0,"_vp_format_video_url":"","_vp_image_focal_point":[],"footnotes":""},"categories":[56],"tags":[],"class_list":["post-36031","post","type-post","status-publish","format-standard","has-post-thumbnail","hentry","category-peru"],"yoast_head":"<!-- This site is optimized with the Yoast SEO Premium plugin v23.6 (Yoast SEO v27.5) - https:\/\/yoast.com\/product\/yoast-seo-premium-wordpress\/ -->\n<title>RETIRO PARA HIJOS DE PASTORES EN PIURA | Iglesia del Nazareno Am\u00e9rica del Sur<\/title>\n<meta name=\"robots\" content=\"noindex, follow\" \/>\n<meta property=\"og:locale\" content=\"pt_BR\" \/>\n<meta property=\"og:type\" content=\"article\" \/>\n<meta property=\"og:title\" content=\"RETIRO PARA HIJOS DE PASTORES EN PIURA | Iglesia del Nazareno Am\u00e9rica del Sur\" \/>\n<meta property=\"og:url\" content=\"https:\/\/www.samnaz.org\/pt\/retiro-para-hijos-de-pastores-en-piura\/\" \/>\n<meta property=\"og:site_name\" content=\"Iglesia del Nazareno Am\u00e9rica del Sur\" \/>\n<meta property=\"article:publisher\" content=\"https:\/\/www.facebook.com\/NazarenoEsp\" \/>\n<meta property=\"article:published_time\" content=\"2018-08-07T11:36:59+00:00\" \/>\n<meta property=\"article:modified_time\" content=\"2021-11-26T14:09:24+00:00\" \/>\n<meta property=\"og:image\" content=\"https:\/\/www.samnaz.org\/wp-content\/uploads\/2018\/08\/Foto-2.jpg\" \/>\n\t<meta property=\"og:image:width\" content=\"1024\" \/>\n\t<meta property=\"og:image:height\" content=\"768\" \/>\n\t<meta property=\"og:image:type\" content=\"image\/jpeg\" \/>\n<meta name=\"author\" content=\"Samnaz\" \/>\n<meta name=\"twitter:card\" content=\"summary_large_image\" \/>\n<meta name=\"twitter:label1\" content=\"Escrito por\" \/>\n\t<meta name=\"twitter:data1\" content=\"Samnaz\" \/>\n\t<meta name=\"twitter:label2\" content=\"Est. tempo de leitura\" \/>\n\t<meta name=\"twitter:data2\" content=\"1 minuto\" \/>\n<script type=\"application\/ld+json\" class=\"yoast-schema-graph\">{\"@context\":\"https:\\\/\\\/schema.org\",\"@graph\":[{\"@type\":\"Article\",\"@id\":\"https:\\\/\\\/www.samnaz.org\\\/pt\\\/retiro-para-hijos-de-pastores-en-piura\\\/#article\",\"isPartOf\":{\"@id\":\"https:\\\/\\\/www.samnaz.org\\\/pt\\\/retiro-para-hijos-de-pastores-en-piura\\\/\"},\"author\":{\"name\":\"Samnaz\",\"@id\":\"https:\\\/\\\/www.samnaz.org\\\/#\\\/schema\\\/person\\\/c09d1131c49ba510c7e1cbb677b39927\"},\"headline\":\"RETIRO PARA HIJOS DE PASTORES EN PIURA\",\"datePublished\":\"2018-08-07T11:36:59+00:00\",\"dateModified\":\"2021-11-26T14:09:24+00:00\",\"mainEntityOfPage\":{\"@id\":\"https:\\\/\\\/www.samnaz.org\\\/pt\\\/retiro-para-hijos-de-pastores-en-piura\\\/\"},\"wordCount\":185,\"publisher\":{\"@id\":\"https:\\\/\\\/www.samnaz.org\\\/#organization\"},\"image\":{\"@id\":\"https:\\\/\\\/www.samnaz.org\\\/pt\\\/retiro-para-hijos-de-pastores-en-piura\\\/#primaryimage\"},\"thumbnailUrl\":\"https:\\\/\\\/www.samnaz.org\\\/wp-content\\\/uploads\\\/2018\\\/08\\\/Foto-2.jpg\",\"articleSection\":[\"Per\u00fa\"],\"inLanguage\":\"pt-BR\"},{\"@type\":\"WebPage\",\"@id\":\"https:\\\/\\\/www.samnaz.org\\\/pt\\\/retiro-para-hijos-de-pastores-en-piura\\\/\",\"url\":\"https:\\\/\\\/www.samnaz.org\\\/pt\\\/retiro-para-hijos-de-pastores-en-piura\\\/\",\"name\":\"RETIRO PARA HIJOS DE PASTORES EN PIURA | Iglesia del Nazareno Am\u00e9rica del Sur\",\"isPartOf\":{\"@id\":\"https:\\\/\\\/www.samnaz.org\\\/#website\"},\"primaryImageOfPage\":{\"@id\":\"https:\\\/\\\/www.samnaz.org\\\/pt\\\/retiro-para-hijos-de-pastores-en-piura\\\/#primaryimage\"},\"image\":{\"@id\":\"https:\\\/\\\/www.samnaz.org\\\/pt\\\/retiro-para-hijos-de-pastores-en-piura\\\/#primaryimage\"},\"thumbnailUrl\":\"https:\\\/\\\/www.samnaz.org\\\/wp-content\\\/uploads\\\/2018\\\/08\\\/Foto-2.jpg\",\"datePublished\":\"2018-08-07T11:36:59+00:00\",\"dateModified\":\"2021-11-26T14:09:24+00:00\",\"inLanguage\":\"pt-BR\",\"potentialAction\":[{\"@type\":\"ReadAction\",\"target\":[\"https:\\\/\\\/www.samnaz.org\\\/pt\\\/retiro-para-hijos-de-pastores-en-piura\\\/\"]}]},{\"@type\":\"ImageObject\",\"inLanguage\":\"pt-BR\",\"@id\":\"https:\\\/\\\/www.samnaz.org\\\/pt\\\/retiro-para-hijos-de-pastores-en-piura\\\/#primaryimage\",\"url\":\"https:\\\/\\\/www.samnaz.org\\\/wp-content\\\/uploads\\\/2018\\\/08\\\/Foto-2.jpg\",\"contentUrl\":\"https:\\\/\\\/www.samnaz.org\\\/wp-content\\\/uploads\\\/2018\\\/08\\\/Foto-2.jpg\",\"width\":1024,\"height\":768},{\"@type\":\"WebSite\",\"@id\":\"https:\\\/\\\/www.samnaz.org\\\/#website\",\"url\":\"https:\\\/\\\/www.samnaz.org\\\/\",\"name\":\"Haciendo Disc\u00edpulos Semejantes a Cristo en las naciones\",\"description\":\"Haciendo disc\u00edpulos semejantes a Cristo en las Naciones\",\"publisher\":{\"@id\":\"https:\\\/\\\/www.samnaz.org\\\/#organization\"},\"alternateName\":\"Viviendo la Gran Comisi\u00f3n\",\"potentialAction\":[{\"@type\":\"SearchAction\",\"target\":{\"@type\":\"EntryPoint\",\"urlTemplate\":\"https:\\\/\\\/www.samnaz.org\\\/?s={search_term_string}\"},\"query-input\":{\"@type\":\"PropertyValueSpecification\",\"valueRequired\":true,\"valueName\":\"search_term_string\"}}],\"inLanguage\":\"pt-BR\"},{\"@type\":\"Organization\",\"@id\":\"https:\\\/\\\/www.samnaz.org\\\/#organization\",\"name\":\"Iglesia del Nazareno Am\u00e9rica del Sur\",\"url\":\"https:\\\/\\\/www.samnaz.org\\\/\",\"logo\":{\"@type\":\"ImageObject\",\"inLanguage\":\"pt-BR\",\"@id\":\"https:\\\/\\\/www.samnaz.org\\\/#\\\/schema\\\/logo\\\/image\\\/\",\"url\":\"https:\\\/\\\/www.samnaz.org\\\/wp-content\\\/uploads\\\/2021\\\/04\\\/Logo-3-ESP.png\",\"contentUrl\":\"https:\\\/\\\/www.samnaz.org\\\/wp-content\\\/uploads\\\/2021\\\/04\\\/Logo-3-ESP.png\",\"width\":1041,\"height\":780,\"caption\":\"Iglesia del Nazareno Am\u00e9rica del Sur\"},\"image\":{\"@id\":\"https:\\\/\\\/www.samnaz.org\\\/#\\\/schema\\\/logo\\\/image\\\/\"},\"sameAs\":[\"https:\\\/\\\/www.facebook.com\\\/NazarenoEsp\",\"https:\\\/\\\/www.instagram.com\\\/nazarenoesp\\\/\"],\"publishingPrinciples\":\"https:\\\/\\\/www.samnaz.org\\\/\"},{\"@type\":\"Person\",\"@id\":\"https:\\\/\\\/www.samnaz.org\\\/#\\\/schema\\\/person\\\/c09d1131c49ba510c7e1cbb677b39927\",\"name\":\"Samnaz\",\"image\":{\"@type\":\"ImageObject\",\"inLanguage\":\"pt-BR\",\"@id\":\"https:\\\/\\\/secure.gravatar.com\\\/avatar\\\/a5baaf0e270319d09c0efce6a9dd03ff93175913c70afe26595c0069c83fa6dc?s=96&d=mm&r=g\",\"url\":\"https:\\\/\\\/secure.gravatar.com\\\/avatar\\\/a5baaf0e270319d09c0efce6a9dd03ff93175913c70afe26595c0069c83fa6dc?s=96&d=mm&r=g\",\"contentUrl\":\"https:\\\/\\\/secure.gravatar.com\\\/avatar\\\/a5baaf0e270319d09c0efce6a9dd03ff93175913c70afe26595c0069c83fa6dc?s=96&d=mm&r=g\",\"caption\":\"Samnaz\"}}]}<\/script>\n<!-- \/ Yoast SEO Premium plugin. -->","yoast_head_json":{"title":"RETIRO PARA HIJOS DE PASTORES EN PIURA | Iglesia del Nazareno Am\u00e9rica del Sur","robots":{"index":"noindex","follow":"follow"},"og_locale":"pt_BR","og_type":"article","og_title":"RETIRO PARA HIJOS DE PASTORES EN PIURA | Iglesia del Nazareno Am\u00e9rica del Sur","og_url":"https:\/\/www.samnaz.org\/pt\/retiro-para-hijos-de-pastores-en-piura\/","og_site_name":"Iglesia del Nazareno Am\u00e9rica del Sur","article_publisher":"https:\/\/www.facebook.com\/NazarenoEsp","article_published_time":"2018-08-07T11:36:59+00:00","article_modified_time":"2021-11-26T14:09:24+00:00","og_image":[{"width":1024,"height":768,"url":"https:\/\/www.samnaz.org\/wp-content\/uploads\/2018\/08\/Foto-2.jpg","type":"image\/jpeg"}],"author":"Samnaz","twitter_card":"summary_large_image","twitter_misc":{"Escrito por":"Samnaz","Est. tempo de leitura":"1 minuto"},"schema":{"@context":"https:\/\/schema.org","@graph":[{"@type":"Article","@id":"https:\/\/www.samnaz.org\/pt\/retiro-para-hijos-de-pastores-en-piura\/#article","isPartOf":{"@id":"https:\/\/www.samnaz.org\/pt\/retiro-para-hijos-de-pastores-en-piura\/"},"author":{"name":"Samnaz","@id":"https:\/\/www.samnaz.org\/#\/schema\/person\/c09d1131c49ba510c7e1cbb677b39927"},"headline":"RETIRO PARA HIJOS DE PASTORES EN PIURA","datePublished":"2018-08-07T11:36:59+00:00","dateModified":"2021-11-26T14:09:24+00:00","mainEntityOfPage":{"@id":"https:\/\/www.samnaz.org\/pt\/retiro-para-hijos-de-pastores-en-piura\/"},"wordCount":185,"publisher":{"@id":"https:\/\/www.samnaz.org\/#organization"},"image":{"@id":"https:\/\/www.samnaz.org\/pt\/retiro-para-hijos-de-pastores-en-piura\/#primaryimage"},"thumbnailUrl":"https:\/\/www.samnaz.org\/wp-content\/uploads\/2018\/08\/Foto-2.jpg","articleSection":["Per\u00fa"],"inLanguage":"pt-BR"},{"@type":"WebPage","@id":"https:\/\/www.samnaz.org\/pt\/retiro-para-hijos-de-pastores-en-piura\/","url":"https:\/\/www.samnaz.org\/pt\/retiro-para-hijos-de-pastores-en-piura\/","name":"RETIRO PARA HIJOS DE PASTORES EN PIURA | Iglesia del Nazareno Am\u00e9rica del Sur","isPartOf":{"@id":"https:\/\/www.samnaz.org\/#website"},"primaryImageOfPage":{"@id":"https:\/\/www.samnaz.org\/pt\/retiro-para-hijos-de-pastores-en-piura\/#primaryimage"},"image":{"@id":"https:\/\/www.samnaz.org\/pt\/retiro-para-hijos-de-pastores-en-piura\/#primaryimage"},"thumbnailUrl":"https:\/\/www.samnaz.org\/wp-content\/uploads\/2018\/08\/Foto-2.jpg","datePublished":"2018-08-07T11:36:59+00:00","dateModified":"2021-11-26T14:09:24+00:00","inLanguage":"pt-BR","potentialAction":[{"@type":"ReadAction","target":["https:\/\/www.samnaz.org\/pt\/retiro-para-hijos-de-pastores-en-piura\/"]}]},{"@type":"ImageObject","inLanguage":"pt-BR","@id":"https:\/\/www.samnaz.org\/pt\/retiro-para-hijos-de-pastores-en-piura\/#primaryimage","url":"https:\/\/www.samnaz.org\/wp-content\/uploads\/2018\/08\/Foto-2.jpg","contentUrl":"https:\/\/www.samnaz.org\/wp-content\/uploads\/2018\/08\/Foto-2.jpg","width":1024,"height":768},{"@type":"WebSite","@id":"https:\/\/www.samnaz.org\/#website","url":"https:\/\/www.samnaz.org\/","name":"Haciendo Disc\u00edpulos Semejantes a Cristo en las naciones","description":"Haciendo disc\u00edpulos semejantes a Cristo en las Naciones","publisher":{"@id":"https:\/\/www.samnaz.org\/#organization"},"alternateName":"Viviendo la Gran Comisi\u00f3n","potentialAction":[{"@type":"SearchAction","target":{"@type":"EntryPoint","urlTemplate":"https:\/\/www.samnaz.org\/?s={search_term_string}"},"query-input":{"@type":"PropertyValueSpecification","valueRequired":true,"valueName":"search_term_string"}}],"inLanguage":"pt-BR"},{"@type":"Organization","@id":"https:\/\/www.samnaz.org\/#organization","name":"Iglesia del Nazareno Am\u00e9rica del Sur","url":"https:\/\/www.samnaz.org\/","logo":{"@type":"ImageObject","inLanguage":"pt-BR","@id":"https:\/\/www.samnaz.org\/#\/schema\/logo\/image\/","url":"https:\/\/www.samnaz.org\/wp-content\/uploads\/2021\/04\/Logo-3-ESP.png","contentUrl":"https:\/\/www.samnaz.org\/wp-content\/uploads\/2021\/04\/Logo-3-ESP.png","width":1041,"height":780,"caption":"Iglesia del Nazareno Am\u00e9rica del Sur"},"image":{"@id":"https:\/\/www.samnaz.org\/#\/schema\/logo\/image\/"},"sameAs":["https:\/\/www.facebook.com\/NazarenoEsp","https:\/\/www.instagram.com\/nazarenoesp\/"],"publishingPrinciples":"https:\/\/www.samnaz.org\/"},{"@type":"Person","@id":"https:\/\/www.samnaz.org\/#\/schema\/person\/c09d1131c49ba510c7e1cbb677b39927","name":"Samnaz","image":{"@type":"ImageObject","inLanguage":"pt-BR","@id":"https:\/\/secure.gravatar.com\/avatar\/a5baaf0e270319d09c0efce6a9dd03ff93175913c70afe26595c0069c83fa6dc?s=96&d=mm&r=g","url":"https:\/\/secure.gravatar.com\/avatar\/a5baaf0e270319d09c0efce6a9dd03ff93175913c70afe26595c0069c83fa6dc?s=96&d=mm&r=g","contentUrl":"https:\/\/secure.gravatar.com\/avatar\/a5baaf0e270319d09c0efce6a9dd03ff93175913c70afe26595c0069c83fa6dc?s=96&d=mm&r=g","caption":"Samnaz"}}]}},"_links":{"self":[{"href":"https:\/\/www.samnaz.org\/pt\/wp-json\/wp\/v2\/posts\/36031","targetHints":{"allow":["GET"]}}],"collection":[{"href":"https:\/\/www.samnaz.org\/pt\/wp-json\/wp\/v2\/posts"}],"about":[{"href":"https:\/\/www.samnaz.org\/pt\/wp-json\/wp\/v2\/types\/post"}],"author":[{"embeddable":true,"href":"https:\/\/www.samnaz.org\/pt\/wp-json\/wp\/v2\/users\/4"}],"replies":[{"embeddable":true,"href":"https:\/\/www.samnaz.org\/pt\/wp-json\/wp\/v2\/comments?post=36031"}],"version-history":[{"count":1,"href":"https:\/\/www.samnaz.org\/pt\/wp-json\/wp\/v2\/posts\/36031\/revisions"}],"predecessor-version":[{"id":36106,"href":"https:\/\/www.samnaz.org\/pt\/wp-json\/wp\/v2\/posts\/36031\/revisions\/36106"}],"wp:featuredmedia":[{"embeddable":true,"href":"https:\/\/www.samnaz.org\/pt\/wp-json\/wp\/v2\/media\/36032"}],"wp:attachment":[{"href":"https:\/\/www.samnaz.org\/pt\/wp-json\/wp\/v2\/media?parent=36031"}],"wp:term":[{"taxonomy":"category","embeddable":true,"href":"https:\/\/www.samnaz.org\/pt\/wp-json\/wp\/v2\/categories?post=36031"},{"taxonomy":"post_tag","embeddable":true,"href":"https:\/\/www.samnaz.org\/pt\/wp-json\/wp\/v2\/tags?post=36031"}],"curies":[{"name":"wp","href":"https:\/\/api.w.org\/{rel}","templated":true}]}}