{"id":36165,"date":"2018-04-27T20:34:15","date_gmt":"2018-04-27T23:34:15","guid":{"rendered":"http:\/\/www.samnaz.org\/?p=22619"},"modified":"2021-11-26T11:09:28","modified_gmt":"2021-11-26T14:09:28","slug":"conferencia-teologica-en-el-seminario-biblico-nazareno","status":"publish","type":"post","link":"https:\/\/www.samnaz.org\/pt\/conferencia-teologica-en-el-seminario-biblico-nazareno\/","title":{"rendered":"Conferencia Teol\u00f3gica en el Seminario B\u00edblico Nazareno"},"content":{"rendered":"<p>(CNAS Chile) El s\u00e1bado 7 de abril se celebr\u00f3 la inauguraci\u00f3n del A\u00f1o Acad\u00e9mico 2018 del Seminario B\u00edblico Nazareno con la realizaci\u00f3n de una conferencia teol\u00f3gica cuyo expositor fue el pastor y profesor del Seminario Teol\u00f3gico Nazareno de Brasil Mg. Vinicius Couto. Su ponencia abord\u00f3 dos tem\u00e1ticas muy contingentes: \u201cLibre Albedr\u00edo y Predestinaci\u00f3n\u201d y \u201cDesaf\u00edos Contempor\u00e1neos en el Culto Cristiano\u201d.<\/p>\n<p>La conferencia cont\u00f3 con la asistencia de alumnos, pastores, profesores y hermanos de los cuatro distritos de Chile. Fue una jornada de un d\u00eda completo en las dependencias de la casa central del SBN en Santiago que incluy\u00f3 un almuerzo de camarader\u00eda entre los asistentes de la jornada.<\/p>\n<p>El Seminario B\u00edblico Nazareno es la encargada de la formaci\u00f3n ministerial de los futuros ministros de la Iglesia del Nazareno en Chile, y est\u00e1 presente en los cuatros distritos a trav\u00e9s de los centros ETED (Educaci\u00f3n descentralizada), educaci\u00f3n online y tambi\u00e9n a trav\u00e9s de la videoconferencia. Los programas de estudio que ofrece la instituci\u00f3n son el Bachillerato en Teolog\u00eda y Licenciatura en Teolog\u00eda.<\/p>\n<p>Fuente: Patricio Huanca A.<\/p>\n<p><a href=\"https:\/\/www.samnaz.org\/wp-content\/uploads\/2018\/04\/IMG_9387.jpeg\"><img decoding=\"async\" src=\"https:\/\/www.samnaz.org\/wp-content\/uploads\/2018\/04\/IMG_9387-250x167.jpeg\" alt=\"\" class=\"alignright size-medium wp-image-22621\" \/><\/a><\/p>\n<p><a href=\"https:\/\/www.samnaz.org\/wp-content\/uploads\/2018\/04\/IMG_9420.jpeg\"><img decoding=\"async\" src=\"https:\/\/www.samnaz.org\/wp-content\/uploads\/2018\/04\/IMG_9420-250x167.jpeg\" alt=\"\" class=\"alignright size-medium wp-image-22623\" \/><\/a><\/p>\n<p><a href=\"https:\/\/www.samnaz.org\/wp-content\/uploads\/2018\/04\/IMG_9416.jpeg\"><img decoding=\"async\" src=\"https:\/\/www.samnaz.org\/wp-content\/uploads\/2018\/04\/IMG_9416-250x167.jpeg\" alt=\"\" class=\"alignright size-medium wp-image-22622\" \/><\/a><\/p>\n<p><a href=\"https:\/\/www.samnaz.org\/wp-content\/uploads\/2018\/04\/IMG_9385.jpeg\"><img decoding=\"async\" src=\"https:\/\/www.samnaz.org\/wp-content\/uploads\/2018\/04\/IMG_9385-250x167.jpeg\" alt=\"\" class=\"alignright size-medium wp-image-22620\" \/><\/a><\/p>\n<span class=\"et_bloom_bottom_trigger\"><\/span>","protected":false},"excerpt":{"rendered":"<p>(CNAS Chile) El s\u00e1bado 7 de abril se celebr\u00f3 la inauguraci\u00f3n del A\u00f1o Acad\u00e9mico 2018 del Seminario B\u00edblico Nazareno con la realizaci\u00f3n de una conferencia teol\u00f3gica cuyo expositor fue el pastor y profesor del Seminario Teol\u00f3gico Nazareno de Brasil Mg. Vinicius Couto. Su ponencia abord\u00f3 dos tem\u00e1ticas muy contingentes: \u201cLibre Albedr\u00edo y Predestinaci\u00f3n\u201d y \u201cDesaf\u00edos [&hellip;]<\/p>","protected":false},"author":4,"featured_media":36167,"comment_status":"closed","ping_status":"closed","sticky":false,"template":"","format":"standard","meta":{"_et_pb_use_builder":"","_et_pb_old_content":"","_et_gb_content_width":"","_monsterinsights_skip_tracking":false,"_monsterinsights_sitenote_active":false,"_monsterinsights_sitenote_note":"","_monsterinsights_sitenote_category":0,"_vp_format_video_url":"","_vp_image_focal_point":[],"footnotes":""},"categories":[12,59],"tags":[],"class_list":["post-36165","post","type-post","status-publish","format-standard","has-post-thumbnail","hentry","category-chile","category-educacion-teologica"],"yoast_head":"<!-- This site is optimized with the Yoast SEO Premium plugin v23.6 (Yoast SEO v27.5) - https:\/\/yoast.com\/product\/yoast-seo-premium-wordpress\/ -->\n<title>Conferencia Teol\u00f3gica en el Seminario B\u00edblico Nazareno | Iglesia del Nazareno Am\u00e9rica del Sur<\/title>\n<meta name=\"robots\" content=\"noindex, follow\" \/>\n<meta property=\"og:locale\" content=\"pt_BR\" \/>\n<meta property=\"og:type\" content=\"article\" \/>\n<meta property=\"og:title\" content=\"Conferencia Teol\u00f3gica en el Seminario B\u00edblico Nazareno | Iglesia del Nazareno Am\u00e9rica del Sur\" \/>\n<meta property=\"og:url\" content=\"https:\/\/www.samnaz.org\/pt\/conferencia-teologica-en-el-seminario-biblico-nazareno\/\" \/>\n<meta property=\"og:site_name\" content=\"Iglesia del Nazareno Am\u00e9rica del Sur\" \/>\n<meta property=\"article:publisher\" content=\"https:\/\/www.facebook.com\/NazarenoEsp\" \/>\n<meta property=\"article:published_time\" content=\"2018-04-27T23:34:15+00:00\" \/>\n<meta property=\"article:modified_time\" content=\"2021-11-26T14:09:28+00:00\" \/>\n<meta property=\"og:image\" content=\"https:\/\/www.samnaz.org\/wp-content\/uploads\/2018\/04\/IMG_9416.jpeg\" \/>\n\t<meta property=\"og:image:width\" content=\"1280\" \/>\n\t<meta property=\"og:image:height\" content=\"853\" \/>\n\t<meta property=\"og:image:type\" content=\"image\/jpeg\" \/>\n<meta name=\"author\" content=\"Samnaz\" \/>\n<meta name=\"twitter:card\" content=\"summary_large_image\" \/>\n<meta name=\"twitter:label1\" content=\"Escrito por\" \/>\n\t<meta name=\"twitter:data1\" content=\"Samnaz\" \/>\n\t<meta name=\"twitter:label2\" content=\"Est. tempo de leitura\" \/>\n\t<meta name=\"twitter:data2\" content=\"1 minuto\" \/>\n<script type=\"application\/ld+json\" class=\"yoast-schema-graph\">{\"@context\":\"https:\\\/\\\/schema.org\",\"@graph\":[{\"@type\":\"Article\",\"@id\":\"https:\\\/\\\/www.samnaz.org\\\/pt\\\/conferencia-teologica-en-el-seminario-biblico-nazareno\\\/#article\",\"isPartOf\":{\"@id\":\"https:\\\/\\\/www.samnaz.org\\\/pt\\\/conferencia-teologica-en-el-seminario-biblico-nazareno\\\/\"},\"author\":{\"name\":\"Samnaz\",\"@id\":\"https:\\\/\\\/www.samnaz.org\\\/#\\\/schema\\\/person\\\/c09d1131c49ba510c7e1cbb677b39927\"},\"headline\":\"Conferencia Teol\u00f3gica en el Seminario B\u00edblico Nazareno\",\"datePublished\":\"2018-04-27T23:34:15+00:00\",\"dateModified\":\"2021-11-26T14:09:28+00:00\",\"mainEntityOfPage\":{\"@id\":\"https:\\\/\\\/www.samnaz.org\\\/pt\\\/conferencia-teologica-en-el-seminario-biblico-nazareno\\\/\"},\"wordCount\":207,\"publisher\":{\"@id\":\"https:\\\/\\\/www.samnaz.org\\\/#organization\"},\"image\":{\"@id\":\"https:\\\/\\\/www.samnaz.org\\\/pt\\\/conferencia-teologica-en-el-seminario-biblico-nazareno\\\/#primaryimage\"},\"thumbnailUrl\":\"https:\\\/\\\/www.samnaz.org\\\/wp-content\\\/uploads\\\/2018\\\/04\\\/IMG_9416.jpeg\",\"articleSection\":[\"Chile\",\"Educaci\u00f3n Teol\u00f3gica\"],\"inLanguage\":\"pt-BR\"},{\"@type\":\"WebPage\",\"@id\":\"https:\\\/\\\/www.samnaz.org\\\/pt\\\/conferencia-teologica-en-el-seminario-biblico-nazareno\\\/\",\"url\":\"https:\\\/\\\/www.samnaz.org\\\/pt\\\/conferencia-teologica-en-el-seminario-biblico-nazareno\\\/\",\"name\":\"Conferencia Teol\u00f3gica en el Seminario B\u00edblico Nazareno | Iglesia del Nazareno Am\u00e9rica del Sur\",\"isPartOf\":{\"@id\":\"https:\\\/\\\/www.samnaz.org\\\/#website\"},\"primaryImageOfPage\":{\"@id\":\"https:\\\/\\\/www.samnaz.org\\\/pt\\\/conferencia-teologica-en-el-seminario-biblico-nazareno\\\/#primaryimage\"},\"image\":{\"@id\":\"https:\\\/\\\/www.samnaz.org\\\/pt\\\/conferencia-teologica-en-el-seminario-biblico-nazareno\\\/#primaryimage\"},\"thumbnailUrl\":\"https:\\\/\\\/www.samnaz.org\\\/wp-content\\\/uploads\\\/2018\\\/04\\\/IMG_9416.jpeg\",\"datePublished\":\"2018-04-27T23:34:15+00:00\",\"dateModified\":\"2021-11-26T14:09:28+00:00\",\"inLanguage\":\"pt-BR\",\"potentialAction\":[{\"@type\":\"ReadAction\",\"target\":[\"https:\\\/\\\/www.samnaz.org\\\/pt\\\/conferencia-teologica-en-el-seminario-biblico-nazareno\\\/\"]}]},{\"@type\":\"ImageObject\",\"inLanguage\":\"pt-BR\",\"@id\":\"https:\\\/\\\/www.samnaz.org\\\/pt\\\/conferencia-teologica-en-el-seminario-biblico-nazareno\\\/#primaryimage\",\"url\":\"https:\\\/\\\/www.samnaz.org\\\/wp-content\\\/uploads\\\/2018\\\/04\\\/IMG_9416.jpeg\",\"contentUrl\":\"https:\\\/\\\/www.samnaz.org\\\/wp-content\\\/uploads\\\/2018\\\/04\\\/IMG_9416.jpeg\",\"width\":1280,\"height\":853},{\"@type\":\"WebSite\",\"@id\":\"https:\\\/\\\/www.samnaz.org\\\/#website\",\"url\":\"https:\\\/\\\/www.samnaz.org\\\/\",\"name\":\"Haciendo Disc\u00edpulos Semejantes a Cristo en las naciones\",\"description\":\"Haciendo disc\u00edpulos semejantes a Cristo en las Naciones\",\"publisher\":{\"@id\":\"https:\\\/\\\/www.samnaz.org\\\/#organization\"},\"alternateName\":\"Viviendo la Gran Comisi\u00f3n\",\"potentialAction\":[{\"@type\":\"SearchAction\",\"target\":{\"@type\":\"EntryPoint\",\"urlTemplate\":\"https:\\\/\\\/www.samnaz.org\\\/?s={search_term_string}\"},\"query-input\":{\"@type\":\"PropertyValueSpecification\",\"valueRequired\":true,\"valueName\":\"search_term_string\"}}],\"inLanguage\":\"pt-BR\"},{\"@type\":\"Organization\",\"@id\":\"https:\\\/\\\/www.samnaz.org\\\/#organization\",\"name\":\"Iglesia del Nazareno Am\u00e9rica del Sur\",\"url\":\"https:\\\/\\\/www.samnaz.org\\\/\",\"logo\":{\"@type\":\"ImageObject\",\"inLanguage\":\"pt-BR\",\"@id\":\"https:\\\/\\\/www.samnaz.org\\\/#\\\/schema\\\/logo\\\/image\\\/\",\"url\":\"https:\\\/\\\/www.samnaz.org\\\/wp-content\\\/uploads\\\/2021\\\/04\\\/Logo-3-ESP.png\",\"contentUrl\":\"https:\\\/\\\/www.samnaz.org\\\/wp-content\\\/uploads\\\/2021\\\/04\\\/Logo-3-ESP.png\",\"width\":1041,\"height\":780,\"caption\":\"Iglesia del Nazareno Am\u00e9rica del Sur\"},\"image\":{\"@id\":\"https:\\\/\\\/www.samnaz.org\\\/#\\\/schema\\\/logo\\\/image\\\/\"},\"sameAs\":[\"https:\\\/\\\/www.facebook.com\\\/NazarenoEsp\",\"https:\\\/\\\/www.instagram.com\\\/nazarenoesp\\\/\"],\"publishingPrinciples\":\"https:\\\/\\\/www.samnaz.org\\\/\"},{\"@type\":\"Person\",\"@id\":\"https:\\\/\\\/www.samnaz.org\\\/#\\\/schema\\\/person\\\/c09d1131c49ba510c7e1cbb677b39927\",\"name\":\"Samnaz\",\"image\":{\"@type\":\"ImageObject\",\"inLanguage\":\"pt-BR\",\"@id\":\"https:\\\/\\\/secure.gravatar.com\\\/avatar\\\/a5baaf0e270319d09c0efce6a9dd03ff93175913c70afe26595c0069c83fa6dc?s=96&d=mm&r=g\",\"url\":\"https:\\\/\\\/secure.gravatar.com\\\/avatar\\\/a5baaf0e270319d09c0efce6a9dd03ff93175913c70afe26595c0069c83fa6dc?s=96&d=mm&r=g\",\"contentUrl\":\"https:\\\/\\\/secure.gravatar.com\\\/avatar\\\/a5baaf0e270319d09c0efce6a9dd03ff93175913c70afe26595c0069c83fa6dc?s=96&d=mm&r=g\",\"caption\":\"Samnaz\"}}]}<\/script>\n<!-- \/ Yoast SEO Premium plugin. -->","yoast_head_json":{"title":"Conferencia Teol\u00f3gica en el Seminario B\u00edblico Nazareno | Iglesia del Nazareno Am\u00e9rica del Sur","robots":{"index":"noindex","follow":"follow"},"og_locale":"pt_BR","og_type":"article","og_title":"Conferencia Teol\u00f3gica en el Seminario B\u00edblico Nazareno | Iglesia del Nazareno Am\u00e9rica del Sur","og_url":"https:\/\/www.samnaz.org\/pt\/conferencia-teologica-en-el-seminario-biblico-nazareno\/","og_site_name":"Iglesia del Nazareno Am\u00e9rica del Sur","article_publisher":"https:\/\/www.facebook.com\/NazarenoEsp","article_published_time":"2018-04-27T23:34:15+00:00","article_modified_time":"2021-11-26T14:09:28+00:00","og_image":[{"width":1280,"height":853,"url":"https:\/\/www.samnaz.org\/wp-content\/uploads\/2018\/04\/IMG_9416.jpeg","type":"image\/jpeg"}],"author":"Samnaz","twitter_card":"summary_large_image","twitter_misc":{"Escrito por":"Samnaz","Est. tempo de leitura":"1 minuto"},"schema":{"@context":"https:\/\/schema.org","@graph":[{"@type":"Article","@id":"https:\/\/www.samnaz.org\/pt\/conferencia-teologica-en-el-seminario-biblico-nazareno\/#article","isPartOf":{"@id":"https:\/\/www.samnaz.org\/pt\/conferencia-teologica-en-el-seminario-biblico-nazareno\/"},"author":{"name":"Samnaz","@id":"https:\/\/www.samnaz.org\/#\/schema\/person\/c09d1131c49ba510c7e1cbb677b39927"},"headline":"Conferencia Teol\u00f3gica en el Seminario B\u00edblico Nazareno","datePublished":"2018-04-27T23:34:15+00:00","dateModified":"2021-11-26T14:09:28+00:00","mainEntityOfPage":{"@id":"https:\/\/www.samnaz.org\/pt\/conferencia-teologica-en-el-seminario-biblico-nazareno\/"},"wordCount":207,"publisher":{"@id":"https:\/\/www.samnaz.org\/#organization"},"image":{"@id":"https:\/\/www.samnaz.org\/pt\/conferencia-teologica-en-el-seminario-biblico-nazareno\/#primaryimage"},"thumbnailUrl":"https:\/\/www.samnaz.org\/wp-content\/uploads\/2018\/04\/IMG_9416.jpeg","articleSection":["Chile","Educaci\u00f3n Teol\u00f3gica"],"inLanguage":"pt-BR"},{"@type":"WebPage","@id":"https:\/\/www.samnaz.org\/pt\/conferencia-teologica-en-el-seminario-biblico-nazareno\/","url":"https:\/\/www.samnaz.org\/pt\/conferencia-teologica-en-el-seminario-biblico-nazareno\/","name":"Conferencia Teol\u00f3gica en el Seminario B\u00edblico Nazareno | Iglesia del Nazareno Am\u00e9rica del Sur","isPartOf":{"@id":"https:\/\/www.samnaz.org\/#website"},"primaryImageOfPage":{"@id":"https:\/\/www.samnaz.org\/pt\/conferencia-teologica-en-el-seminario-biblico-nazareno\/#primaryimage"},"image":{"@id":"https:\/\/www.samnaz.org\/pt\/conferencia-teologica-en-el-seminario-biblico-nazareno\/#primaryimage"},"thumbnailUrl":"https:\/\/www.samnaz.org\/wp-content\/uploads\/2018\/04\/IMG_9416.jpeg","datePublished":"2018-04-27T23:34:15+00:00","dateModified":"2021-11-26T14:09:28+00:00","inLanguage":"pt-BR","potentialAction":[{"@type":"ReadAction","target":["https:\/\/www.samnaz.org\/pt\/conferencia-teologica-en-el-seminario-biblico-nazareno\/"]}]},{"@type":"ImageObject","inLanguage":"pt-BR","@id":"https:\/\/www.samnaz.org\/pt\/conferencia-teologica-en-el-seminario-biblico-nazareno\/#primaryimage","url":"https:\/\/www.samnaz.org\/wp-content\/uploads\/2018\/04\/IMG_9416.jpeg","contentUrl":"https:\/\/www.samnaz.org\/wp-content\/uploads\/2018\/04\/IMG_9416.jpeg","width":1280,"height":853},{"@type":"WebSite","@id":"https:\/\/www.samnaz.org\/#website","url":"https:\/\/www.samnaz.org\/","name":"Haciendo Disc\u00edpulos Semejantes a Cristo en las naciones","description":"Haciendo disc\u00edpulos semejantes a Cristo en las Naciones","publisher":{"@id":"https:\/\/www.samnaz.org\/#organization"},"alternateName":"Viviendo la Gran Comisi\u00f3n","potentialAction":[{"@type":"SearchAction","target":{"@type":"EntryPoint","urlTemplate":"https:\/\/www.samnaz.org\/?s={search_term_string}"},"query-input":{"@type":"PropertyValueSpecification","valueRequired":true,"valueName":"search_term_string"}}],"inLanguage":"pt-BR"},{"@type":"Organization","@id":"https:\/\/www.samnaz.org\/#organization","name":"Iglesia del Nazareno Am\u00e9rica del Sur","url":"https:\/\/www.samnaz.org\/","logo":{"@type":"ImageObject","inLanguage":"pt-BR","@id":"https:\/\/www.samnaz.org\/#\/schema\/logo\/image\/","url":"https:\/\/www.samnaz.org\/wp-content\/uploads\/2021\/04\/Logo-3-ESP.png","contentUrl":"https:\/\/www.samnaz.org\/wp-content\/uploads\/2021\/04\/Logo-3-ESP.png","width":1041,"height":780,"caption":"Iglesia del Nazareno Am\u00e9rica del Sur"},"image":{"@id":"https:\/\/www.samnaz.org\/#\/schema\/logo\/image\/"},"sameAs":["https:\/\/www.facebook.com\/NazarenoEsp","https:\/\/www.instagram.com\/nazarenoesp\/"],"publishingPrinciples":"https:\/\/www.samnaz.org\/"},{"@type":"Person","@id":"https:\/\/www.samnaz.org\/#\/schema\/person\/c09d1131c49ba510c7e1cbb677b39927","name":"Samnaz","image":{"@type":"ImageObject","inLanguage":"pt-BR","@id":"https:\/\/secure.gravatar.com\/avatar\/a5baaf0e270319d09c0efce6a9dd03ff93175913c70afe26595c0069c83fa6dc?s=96&d=mm&r=g","url":"https:\/\/secure.gravatar.com\/avatar\/a5baaf0e270319d09c0efce6a9dd03ff93175913c70afe26595c0069c83fa6dc?s=96&d=mm&r=g","contentUrl":"https:\/\/secure.gravatar.com\/avatar\/a5baaf0e270319d09c0efce6a9dd03ff93175913c70afe26595c0069c83fa6dc?s=96&d=mm&r=g","caption":"Samnaz"}}]}},"_links":{"self":[{"href":"https:\/\/www.samnaz.org\/pt\/wp-json\/wp\/v2\/posts\/36165","targetHints":{"allow":["GET"]}}],"collection":[{"href":"https:\/\/www.samnaz.org\/pt\/wp-json\/wp\/v2\/posts"}],"about":[{"href":"https:\/\/www.samnaz.org\/pt\/wp-json\/wp\/v2\/types\/post"}],"author":[{"embeddable":true,"href":"https:\/\/www.samnaz.org\/pt\/wp-json\/wp\/v2\/users\/4"}],"replies":[{"embeddable":true,"href":"https:\/\/www.samnaz.org\/pt\/wp-json\/wp\/v2\/comments?post=36165"}],"version-history":[{"count":1,"href":"https:\/\/www.samnaz.org\/pt\/wp-json\/wp\/v2\/posts\/36165\/revisions"}],"predecessor-version":[{"id":36285,"href":"https:\/\/www.samnaz.org\/pt\/wp-json\/wp\/v2\/posts\/36165\/revisions\/36285"}],"wp:featuredmedia":[{"embeddable":true,"href":"https:\/\/www.samnaz.org\/pt\/wp-json\/wp\/v2\/media\/36167"}],"wp:attachment":[{"href":"https:\/\/www.samnaz.org\/pt\/wp-json\/wp\/v2\/media?parent=36165"}],"wp:term":[{"taxonomy":"category","embeddable":true,"href":"https:\/\/www.samnaz.org\/pt\/wp-json\/wp\/v2\/categories?post=36165"},{"taxonomy":"post_tag","embeddable":true,"href":"https:\/\/www.samnaz.org\/pt\/wp-json\/wp\/v2\/tags?post=36165"}],"curies":[{"name":"wp","href":"https:\/\/api.w.org\/{rel}","templated":true}]}}