{"id":36215,"date":"2018-02-18T20:42:05","date_gmt":"2018-02-18T23:42:05","guid":{"rendered":"http:\/\/www.samnaz.org\/?p=22414"},"modified":"2021-11-26T11:09:32","modified_gmt":"2021-11-26T14:09:32","slug":"efrajon-2018","status":"publish","type":"post","link":"https:\/\/www.samnaz.org\/pt\/efrajon-2018\/","title":{"rendered":"EFRAJON 2018"},"content":{"rendered":"<p>(CNSAM Chile) En los d\u00edas 14 al 18 de febrero en la ciudad de Arica, Distrito Chile Norte, se celebr\u00f3 el 8\u00b0 Encuentro Fraternal de J\u00f3venes Nazarenos, denominado \u201cEFRAJON\u201d, evento que comienza a escribir su historia, para la gloria de Dios, por el a\u00f1o 2000.<\/p>\n<p>En la presente versi\u00f3n, reuni\u00f3 a 80 j\u00f3venes de la zona norte, centro y sur del pa\u00eds provenientes de las ciudades de Arica, Calama, Santiago, Concepci\u00f3n y Chill\u00e1n. A la vez logr\u00f3 convocar a j\u00f3venes del pa\u00eds vecino de Bolivia que quisieron ser parte de este significativo Encuentro.<\/p>\n<p>El slogan que identific\u00f3 EFRAJON fue \u00abREACCIONA\u00bb, apuntando a un despertar de esta generaci\u00f3n respecto al llamado de Dios para su vida, para lo cual contamos con un equipo de pastores en la ministraci\u00f3n de plenarias, talleres y cultos, compuesto por nuestros pastores distritales, Superintendente Oscar Varas Ruiz y Pastor Fidel Arenas Pizarro; Coordinador Nacional de JNI, Pastor Jaime Rom\u00e1n Araya; e invitadas desde Brasil, Pastoras Ana Maria Do Santos y Camila Lopes. A la vez fuimos ministrados en la alabanza por el equipo de adoraci\u00f3n de la Iglesia del Nazareno de Estaci\u00f3n Central, Santiago de Chile.<\/p>\n<p>Se vivieron grandes momentos de recibir la ministraci\u00f3n del Esp\u00edritu Santo, m\u00e1s, del mismo modo, vivimos gran gozo en dar, y es que el evento consider\u00f3 el despliegue de todos los dones y talentos que Dios ha entregado a los j\u00f3venes participantes, quienes mediante atractivos shows de payasos, mimos y un singular flashmob, sorprendieron a los transe\u00fantes con un alegre baile en pleno paseo peatonal de la ciudad, compartiendo un mensaje evangel\u00edstico e invit\u00e1ndoles a ser parte de un \u201cCAUSE\u201d, consistente en un operativo social dispuesto a los pies del ic\u00f3nico Morro de Arica, que cont\u00f3 con el despliegue de un gran equipo de profesionales del \u00e1rea de la salud (m\u00e9dicos, kinesi\u00f3logo, enfermero, nutricionista, terapeuta, psic\u00f3logo), adem\u00e1s de staff de abogados y otros servicios del sector p\u00fablico, como el Registro Civil e Identificaci\u00f3n, Servicio de Vivienda y Urbanismo, entre otros.<\/p>\n<p>Sin duda, fueron 5 jornadas donde la presencia de Dios nos llev\u00f3 a vivir hermosos d\u00edas de comuni\u00f3n y fraternidad, y especiales momentos de derramamiento del Esp\u00edritu Santo donde j\u00f3venes rindieron su vida a Cristo, lo cual sigue enriqueciendo el real sentido de seguir desarrollando EFRAJON, para la gloria de Dios.<\/p>\n<p>&nbsp;<br \/>\nFuente: Francisca Albarrac\u00edn<\/p>\n<p>&nbsp;<\/p>\n<p><a href=\"https:\/\/www.samnaz.org\/wp-content\/uploads\/2018\/03\/Efrajon2018-001.jpg\"><img decoding=\"async\" class=\"alignright size-thumbnail wp-image-22420\" src=\"https:\/\/www.samnaz.org\/wp-content\/uploads\/2018\/03\/Efrajon2018-001-150x150.jpg\" alt=\"\" \/><\/a> <a href=\"https:\/\/www.samnaz.org\/wp-content\/uploads\/2018\/03\/Efrajon2018-002.jpg\"><img decoding=\"async\" class=\"alignright size-thumbnail wp-image-22419\" src=\"https:\/\/www.samnaz.org\/wp-content\/uploads\/2018\/03\/Efrajon2018-002-150x150.jpg\" alt=\"\" \/><\/a> <a href=\"https:\/\/www.samnaz.org\/wp-content\/uploads\/2018\/03\/Efrajon2018-003.jpg\"><img decoding=\"async\" class=\"alignright size-thumbnail wp-image-22418\" src=\"https:\/\/www.samnaz.org\/wp-content\/uploads\/2018\/03\/Efrajon2018-003-150x150.jpg\" alt=\"\" \/><\/a> <a href=\"https:\/\/www.samnaz.org\/wp-content\/uploads\/2018\/03\/Efrajon2018-004.jpg\"><img decoding=\"async\" class=\"alignright size-thumbnail wp-image-22417\" src=\"https:\/\/www.samnaz.org\/wp-content\/uploads\/2018\/03\/Efrajon2018-004-150x150.jpg\" alt=\"\" \/><\/a> <a href=\"https:\/\/www.samnaz.org\/wp-content\/uploads\/2018\/03\/Efrajon2018-005.jpg\"><img decoding=\"async\" class=\"alignright size-thumbnail wp-image-22416\" src=\"https:\/\/www.samnaz.org\/wp-content\/uploads\/2018\/03\/Efrajon2018-005-150x150.jpg\" alt=\"\" \/><\/a> <a href=\"https:\/\/www.samnaz.org\/wp-content\/uploads\/2018\/03\/Efrajon2018-006.jpg\"><img decoding=\"async\" class=\"alignright size-thumbnail wp-image-22415\" src=\"https:\/\/www.samnaz.org\/wp-content\/uploads\/2018\/03\/Efrajon2018-006-150x150.jpg\" alt=\"\" \/><\/a><\/p>\n<p>&nbsp;&nbsp;&nbsp;&nbsp;&nbsp;&nbsp;&nbsp;&nbsp;&nbsp;&nbsp;&nbsp;<\/p>\n<span class=\"et_bloom_bottom_trigger\"><\/span>","protected":false},"excerpt":{"rendered":"<p>(CNSAM Chile) En los d\u00edas 14 al 18 de febrero en la ciudad de Arica, Distrito Chile Norte, se celebr\u00f3 el 8\u00b0 Encuentro Fraternal de J\u00f3venes Nazarenos, denominado \u201cEFRAJON\u201d, evento que comienza a escribir su historia, para la gloria de Dios, por el a\u00f1o 2000. En la presente versi\u00f3n, reuni\u00f3 a 80 j\u00f3venes de la [&hellip;]<\/p>","protected":false},"author":4,"featured_media":35214,"comment_status":"closed","ping_status":"closed","sticky":false,"template":"","format":"standard","meta":{"_et_pb_use_builder":"","_et_pb_old_content":"","_et_gb_content_width":"","_monsterinsights_skip_tracking":false,"_monsterinsights_sitenote_active":false,"_monsterinsights_sitenote_note":"","_monsterinsights_sitenote_category":0,"_vp_format_video_url":"","_vp_image_focal_point":[],"footnotes":""},"categories":[12],"tags":[],"class_list":["post-36215","post","type-post","status-publish","format-standard","has-post-thumbnail","hentry","category-chile"],"yoast_head":"<!-- This site is optimized with the Yoast SEO Premium plugin v23.6 (Yoast SEO v27.5) - https:\/\/yoast.com\/product\/yoast-seo-premium-wordpress\/ -->\n<title>EFRAJON 2018 | Iglesia del Nazareno Am\u00e9rica del Sur<\/title>\n<meta name=\"robots\" content=\"noindex, follow\" \/>\n<meta property=\"og:locale\" content=\"pt_BR\" \/>\n<meta property=\"og:type\" content=\"article\" \/>\n<meta property=\"og:title\" content=\"EFRAJON 2018 | Iglesia del Nazareno Am\u00e9rica del Sur\" \/>\n<meta property=\"og:url\" content=\"https:\/\/www.samnaz.org\/pt\/efrajon-2018\/\" \/>\n<meta property=\"og:site_name\" content=\"Iglesia del Nazareno Am\u00e9rica del Sur\" \/>\n<meta property=\"article:publisher\" content=\"https:\/\/www.facebook.com\/NazarenoEsp\" \/>\n<meta property=\"article:published_time\" content=\"2018-02-18T23:42:05+00:00\" \/>\n<meta property=\"article:modified_time\" content=\"2021-11-26T14:09:32+00:00\" \/>\n<meta property=\"og:image\" content=\"https:\/\/www.samnaz.org\/wp-content\/uploads\/2018\/03\/Efrajon2018-001-scaled.jpg\" \/>\n\t<meta property=\"og:image:width\" content=\"2560\" \/>\n\t<meta property=\"og:image:height\" content=\"1706\" \/>\n\t<meta property=\"og:image:type\" content=\"image\/jpeg\" \/>\n<meta name=\"author\" content=\"Samnaz\" \/>\n<meta name=\"twitter:card\" content=\"summary_large_image\" \/>\n<meta name=\"twitter:label1\" content=\"Escrito por\" \/>\n\t<meta name=\"twitter:data1\" content=\"Samnaz\" \/>\n\t<meta name=\"twitter:label2\" content=\"Est. tempo de leitura\" \/>\n\t<meta name=\"twitter:data2\" content=\"2 minutos\" \/>\n<script type=\"application\/ld+json\" class=\"yoast-schema-graph\">{\"@context\":\"https:\\\/\\\/schema.org\",\"@graph\":[{\"@type\":\"Article\",\"@id\":\"https:\\\/\\\/www.samnaz.org\\\/pt\\\/efrajon-2018\\\/#article\",\"isPartOf\":{\"@id\":\"https:\\\/\\\/www.samnaz.org\\\/pt\\\/efrajon-2018\\\/\"},\"author\":{\"name\":\"Samnaz\",\"@id\":\"https:\\\/\\\/www.samnaz.org\\\/#\\\/schema\\\/person\\\/c09d1131c49ba510c7e1cbb677b39927\"},\"headline\":\"EFRAJON 2018\",\"datePublished\":\"2018-02-18T23:42:05+00:00\",\"dateModified\":\"2021-11-26T14:09:32+00:00\",\"mainEntityOfPage\":{\"@id\":\"https:\\\/\\\/www.samnaz.org\\\/pt\\\/efrajon-2018\\\/\"},\"wordCount\":426,\"publisher\":{\"@id\":\"https:\\\/\\\/www.samnaz.org\\\/#organization\"},\"image\":{\"@id\":\"https:\\\/\\\/www.samnaz.org\\\/pt\\\/efrajon-2018\\\/#primaryimage\"},\"thumbnailUrl\":\"https:\\\/\\\/www.samnaz.org\\\/wp-content\\\/uploads\\\/2018\\\/03\\\/Efrajon2018-001-scaled.jpg\",\"articleSection\":[\"Chile\"],\"inLanguage\":\"pt-BR\"},{\"@type\":\"WebPage\",\"@id\":\"https:\\\/\\\/www.samnaz.org\\\/pt\\\/efrajon-2018\\\/\",\"url\":\"https:\\\/\\\/www.samnaz.org\\\/pt\\\/efrajon-2018\\\/\",\"name\":\"EFRAJON 2018 | Iglesia del Nazareno Am\u00e9rica del Sur\",\"isPartOf\":{\"@id\":\"https:\\\/\\\/www.samnaz.org\\\/#website\"},\"primaryImageOfPage\":{\"@id\":\"https:\\\/\\\/www.samnaz.org\\\/pt\\\/efrajon-2018\\\/#primaryimage\"},\"image\":{\"@id\":\"https:\\\/\\\/www.samnaz.org\\\/pt\\\/efrajon-2018\\\/#primaryimage\"},\"thumbnailUrl\":\"https:\\\/\\\/www.samnaz.org\\\/wp-content\\\/uploads\\\/2018\\\/03\\\/Efrajon2018-001-scaled.jpg\",\"datePublished\":\"2018-02-18T23:42:05+00:00\",\"dateModified\":\"2021-11-26T14:09:32+00:00\",\"inLanguage\":\"pt-BR\",\"potentialAction\":[{\"@type\":\"ReadAction\",\"target\":[\"https:\\\/\\\/www.samnaz.org\\\/pt\\\/efrajon-2018\\\/\"]}]},{\"@type\":\"ImageObject\",\"inLanguage\":\"pt-BR\",\"@id\":\"https:\\\/\\\/www.samnaz.org\\\/pt\\\/efrajon-2018\\\/#primaryimage\",\"url\":\"https:\\\/\\\/www.samnaz.org\\\/wp-content\\\/uploads\\\/2018\\\/03\\\/Efrajon2018-001-scaled.jpg\",\"contentUrl\":\"https:\\\/\\\/www.samnaz.org\\\/wp-content\\\/uploads\\\/2018\\\/03\\\/Efrajon2018-001-scaled.jpg\",\"width\":2560,\"height\":1706},{\"@type\":\"WebSite\",\"@id\":\"https:\\\/\\\/www.samnaz.org\\\/#website\",\"url\":\"https:\\\/\\\/www.samnaz.org\\\/\",\"name\":\"Haciendo Disc\u00edpulos Semejantes a Cristo en las naciones\",\"description\":\"Haciendo disc\u00edpulos semejantes a Cristo en las Naciones\",\"publisher\":{\"@id\":\"https:\\\/\\\/www.samnaz.org\\\/#organization\"},\"alternateName\":\"Viviendo la Gran Comisi\u00f3n\",\"potentialAction\":[{\"@type\":\"SearchAction\",\"target\":{\"@type\":\"EntryPoint\",\"urlTemplate\":\"https:\\\/\\\/www.samnaz.org\\\/?s={search_term_string}\"},\"query-input\":{\"@type\":\"PropertyValueSpecification\",\"valueRequired\":true,\"valueName\":\"search_term_string\"}}],\"inLanguage\":\"pt-BR\"},{\"@type\":\"Organization\",\"@id\":\"https:\\\/\\\/www.samnaz.org\\\/#organization\",\"name\":\"Iglesia del Nazareno Am\u00e9rica del Sur\",\"url\":\"https:\\\/\\\/www.samnaz.org\\\/\",\"logo\":{\"@type\":\"ImageObject\",\"inLanguage\":\"pt-BR\",\"@id\":\"https:\\\/\\\/www.samnaz.org\\\/#\\\/schema\\\/logo\\\/image\\\/\",\"url\":\"https:\\\/\\\/www.samnaz.org\\\/wp-content\\\/uploads\\\/2021\\\/04\\\/Logo-3-ESP.png\",\"contentUrl\":\"https:\\\/\\\/www.samnaz.org\\\/wp-content\\\/uploads\\\/2021\\\/04\\\/Logo-3-ESP.png\",\"width\":1041,\"height\":780,\"caption\":\"Iglesia del Nazareno Am\u00e9rica del Sur\"},\"image\":{\"@id\":\"https:\\\/\\\/www.samnaz.org\\\/#\\\/schema\\\/logo\\\/image\\\/\"},\"sameAs\":[\"https:\\\/\\\/www.facebook.com\\\/NazarenoEsp\",\"https:\\\/\\\/www.instagram.com\\\/nazarenoesp\\\/\"],\"publishingPrinciples\":\"https:\\\/\\\/www.samnaz.org\\\/\"},{\"@type\":\"Person\",\"@id\":\"https:\\\/\\\/www.samnaz.org\\\/#\\\/schema\\\/person\\\/c09d1131c49ba510c7e1cbb677b39927\",\"name\":\"Samnaz\",\"image\":{\"@type\":\"ImageObject\",\"inLanguage\":\"pt-BR\",\"@id\":\"https:\\\/\\\/secure.gravatar.com\\\/avatar\\\/a5baaf0e270319d09c0efce6a9dd03ff93175913c70afe26595c0069c83fa6dc?s=96&d=mm&r=g\",\"url\":\"https:\\\/\\\/secure.gravatar.com\\\/avatar\\\/a5baaf0e270319d09c0efce6a9dd03ff93175913c70afe26595c0069c83fa6dc?s=96&d=mm&r=g\",\"contentUrl\":\"https:\\\/\\\/secure.gravatar.com\\\/avatar\\\/a5baaf0e270319d09c0efce6a9dd03ff93175913c70afe26595c0069c83fa6dc?s=96&d=mm&r=g\",\"caption\":\"Samnaz\"}}]}<\/script>\n<!-- \/ Yoast SEO Premium plugin. -->","yoast_head_json":{"title":"EFRAJON 2018 | Iglesia del Nazareno Am\u00e9rica del Sur","robots":{"index":"noindex","follow":"follow"},"og_locale":"pt_BR","og_type":"article","og_title":"EFRAJON 2018 | Iglesia del Nazareno Am\u00e9rica del Sur","og_url":"https:\/\/www.samnaz.org\/pt\/efrajon-2018\/","og_site_name":"Iglesia del Nazareno Am\u00e9rica del Sur","article_publisher":"https:\/\/www.facebook.com\/NazarenoEsp","article_published_time":"2018-02-18T23:42:05+00:00","article_modified_time":"2021-11-26T14:09:32+00:00","og_image":[{"width":2560,"height":1706,"url":"https:\/\/www.samnaz.org\/wp-content\/uploads\/2018\/03\/Efrajon2018-001-scaled.jpg","type":"image\/jpeg"}],"author":"Samnaz","twitter_card":"summary_large_image","twitter_misc":{"Escrito por":"Samnaz","Est. tempo de leitura":"2 minutos"},"schema":{"@context":"https:\/\/schema.org","@graph":[{"@type":"Article","@id":"https:\/\/www.samnaz.org\/pt\/efrajon-2018\/#article","isPartOf":{"@id":"https:\/\/www.samnaz.org\/pt\/efrajon-2018\/"},"author":{"name":"Samnaz","@id":"https:\/\/www.samnaz.org\/#\/schema\/person\/c09d1131c49ba510c7e1cbb677b39927"},"headline":"EFRAJON 2018","datePublished":"2018-02-18T23:42:05+00:00","dateModified":"2021-11-26T14:09:32+00:00","mainEntityOfPage":{"@id":"https:\/\/www.samnaz.org\/pt\/efrajon-2018\/"},"wordCount":426,"publisher":{"@id":"https:\/\/www.samnaz.org\/#organization"},"image":{"@id":"https:\/\/www.samnaz.org\/pt\/efrajon-2018\/#primaryimage"},"thumbnailUrl":"https:\/\/www.samnaz.org\/wp-content\/uploads\/2018\/03\/Efrajon2018-001-scaled.jpg","articleSection":["Chile"],"inLanguage":"pt-BR"},{"@type":"WebPage","@id":"https:\/\/www.samnaz.org\/pt\/efrajon-2018\/","url":"https:\/\/www.samnaz.org\/pt\/efrajon-2018\/","name":"EFRAJON 2018 | Iglesia del Nazareno Am\u00e9rica del Sur","isPartOf":{"@id":"https:\/\/www.samnaz.org\/#website"},"primaryImageOfPage":{"@id":"https:\/\/www.samnaz.org\/pt\/efrajon-2018\/#primaryimage"},"image":{"@id":"https:\/\/www.samnaz.org\/pt\/efrajon-2018\/#primaryimage"},"thumbnailUrl":"https:\/\/www.samnaz.org\/wp-content\/uploads\/2018\/03\/Efrajon2018-001-scaled.jpg","datePublished":"2018-02-18T23:42:05+00:00","dateModified":"2021-11-26T14:09:32+00:00","inLanguage":"pt-BR","potentialAction":[{"@type":"ReadAction","target":["https:\/\/www.samnaz.org\/pt\/efrajon-2018\/"]}]},{"@type":"ImageObject","inLanguage":"pt-BR","@id":"https:\/\/www.samnaz.org\/pt\/efrajon-2018\/#primaryimage","url":"https:\/\/www.samnaz.org\/wp-content\/uploads\/2018\/03\/Efrajon2018-001-scaled.jpg","contentUrl":"https:\/\/www.samnaz.org\/wp-content\/uploads\/2018\/03\/Efrajon2018-001-scaled.jpg","width":2560,"height":1706},{"@type":"WebSite","@id":"https:\/\/www.samnaz.org\/#website","url":"https:\/\/www.samnaz.org\/","name":"Haciendo Disc\u00edpulos Semejantes a Cristo en las naciones","description":"Haciendo disc\u00edpulos semejantes a Cristo en las Naciones","publisher":{"@id":"https:\/\/www.samnaz.org\/#organization"},"alternateName":"Viviendo la Gran Comisi\u00f3n","potentialAction":[{"@type":"SearchAction","target":{"@type":"EntryPoint","urlTemplate":"https:\/\/www.samnaz.org\/?s={search_term_string}"},"query-input":{"@type":"PropertyValueSpecification","valueRequired":true,"valueName":"search_term_string"}}],"inLanguage":"pt-BR"},{"@type":"Organization","@id":"https:\/\/www.samnaz.org\/#organization","name":"Iglesia del Nazareno Am\u00e9rica del Sur","url":"https:\/\/www.samnaz.org\/","logo":{"@type":"ImageObject","inLanguage":"pt-BR","@id":"https:\/\/www.samnaz.org\/#\/schema\/logo\/image\/","url":"https:\/\/www.samnaz.org\/wp-content\/uploads\/2021\/04\/Logo-3-ESP.png","contentUrl":"https:\/\/www.samnaz.org\/wp-content\/uploads\/2021\/04\/Logo-3-ESP.png","width":1041,"height":780,"caption":"Iglesia del Nazareno Am\u00e9rica del Sur"},"image":{"@id":"https:\/\/www.samnaz.org\/#\/schema\/logo\/image\/"},"sameAs":["https:\/\/www.facebook.com\/NazarenoEsp","https:\/\/www.instagram.com\/nazarenoesp\/"],"publishingPrinciples":"https:\/\/www.samnaz.org\/"},{"@type":"Person","@id":"https:\/\/www.samnaz.org\/#\/schema\/person\/c09d1131c49ba510c7e1cbb677b39927","name":"Samnaz","image":{"@type":"ImageObject","inLanguage":"pt-BR","@id":"https:\/\/secure.gravatar.com\/avatar\/a5baaf0e270319d09c0efce6a9dd03ff93175913c70afe26595c0069c83fa6dc?s=96&d=mm&r=g","url":"https:\/\/secure.gravatar.com\/avatar\/a5baaf0e270319d09c0efce6a9dd03ff93175913c70afe26595c0069c83fa6dc?s=96&d=mm&r=g","contentUrl":"https:\/\/secure.gravatar.com\/avatar\/a5baaf0e270319d09c0efce6a9dd03ff93175913c70afe26595c0069c83fa6dc?s=96&d=mm&r=g","caption":"Samnaz"}}]}},"_links":{"self":[{"href":"https:\/\/www.samnaz.org\/pt\/wp-json\/wp\/v2\/posts\/36215","targetHints":{"allow":["GET"]}}],"collection":[{"href":"https:\/\/www.samnaz.org\/pt\/wp-json\/wp\/v2\/posts"}],"about":[{"href":"https:\/\/www.samnaz.org\/pt\/wp-json\/wp\/v2\/types\/post"}],"author":[{"embeddable":true,"href":"https:\/\/www.samnaz.org\/pt\/wp-json\/wp\/v2\/users\/4"}],"replies":[{"embeddable":true,"href":"https:\/\/www.samnaz.org\/pt\/wp-json\/wp\/v2\/comments?post=36215"}],"version-history":[{"count":1,"href":"https:\/\/www.samnaz.org\/pt\/wp-json\/wp\/v2\/posts\/36215\/revisions"}],"predecessor-version":[{"id":36298,"href":"https:\/\/www.samnaz.org\/pt\/wp-json\/wp\/v2\/posts\/36215\/revisions\/36298"}],"wp:featuredmedia":[{"embeddable":true,"href":"https:\/\/www.samnaz.org\/pt\/wp-json\/wp\/v2\/media\/35214"}],"wp:attachment":[{"href":"https:\/\/www.samnaz.org\/pt\/wp-json\/wp\/v2\/media?parent=36215"}],"wp:term":[{"taxonomy":"category","embeddable":true,"href":"https:\/\/www.samnaz.org\/pt\/wp-json\/wp\/v2\/categories?post=36215"},{"taxonomy":"post_tag","embeddable":true,"href":"https:\/\/www.samnaz.org\/pt\/wp-json\/wp\/v2\/tags?post=36215"}],"curies":[{"name":"wp","href":"https:\/\/api.w.org\/{rel}","templated":true}]}}