{"id":36250,"date":"2017-12-25T17:49:16","date_gmt":"2017-12-25T20:49:16","guid":{"rendered":"http:\/\/www.samnaz.org\/?p=22289"},"modified":"2021-11-26T11:09:33","modified_gmt":"2021-11-26T14:09:33","slug":"29na-ceremonia-de-graduacion-stns","status":"publish","type":"post","link":"https:\/\/www.samnaz.org\/pt\/29na-ceremonia-de-graduacion-stns\/","title":{"rendered":"29na. Ceremonia de Graduaci\u00f3n STNS"},"content":{"rendered":"<p>(CNSAM Ecuador) El Seminario Teol\u00f3gico Nazareno Sudamericano de Quito, Ecuador, celebr\u00f3 el 10 de noviembre, su 29na. Ceremonia de Graduaci\u00f3n, contando con la presencia especial del Dr. Jorge Julca, Coordinador Regional de Educaci\u00f3n Teol\u00f3gica de Am\u00e9rica del Sur, como tambi\u00e9n de misioneros del \u00c1rea Andino Norte, la Junta de Regentes, Docentes y Autoridades del Seminario; Superintendentes, Pastores, y dem\u00e1s l\u00edderes y hermanos de la Iglesia del Nazareno y de otras denominaciones. <\/p>\n<p>En este evento se graduaron 26 l\u00edderes y pastores de Ecuador, Colombia y Venezuela, quienes en este a\u00f1o culminaron sus estudios en los programas teol\u00f3gicos de Bachillerato y de Licenciatura en las distintas modalidades que ofrece este Seminario. El predicador para esta ocasi\u00f3n fue el Rvdo. Dwight Rich, Coordinador de Estrategia del \u00c1rea Andino Norte.<\/p>\n<p><a href=\"https:\/\/www.samnaz.org\/wp-content\/uploads\/2017\/12\/Imagem1.png\"><img decoding=\"async\" src=\"https:\/\/www.samnaz.org\/wp-content\/uploads\/2017\/12\/Imagem1-150x150.png\" alt=\"\" class=\"alignright size-thumbnail wp-image-22277\" \/><\/a><\/p>\n<p><a href=\"https:\/\/www.samnaz.org\/wp-content\/uploads\/2017\/12\/Imagem2.png\"><img decoding=\"async\" src=\"https:\/\/www.samnaz.org\/wp-content\/uploads\/2017\/12\/Imagem2-150x150.png\" alt=\"\" class=\"alignright size-thumbnail wp-image-22278\" \/><\/a><\/p>\n<p><a href=\"https:\/\/www.samnaz.org\/wp-content\/uploads\/2017\/12\/Imagem3.png\"><img decoding=\"async\" src=\"https:\/\/www.samnaz.org\/wp-content\/uploads\/2017\/12\/Imagem3-150x150.png\" alt=\"\" class=\"alignright size-thumbnail wp-image-22279\" \/><\/a><\/p>\n<p><a href=\"https:\/\/www.samnaz.org\/wp-content\/uploads\/2017\/12\/Imagem5.png\"><img decoding=\"async\" src=\"https:\/\/www.samnaz.org\/wp-content\/uploads\/2017\/12\/Imagem5-150x150.png\" alt=\"\" class=\"alignright size-thumbnail wp-image-22280\" \/><\/a><\/p>\n<p><a href=\"https:\/\/www.samnaz.org\/wp-content\/uploads\/2017\/12\/Imagem6.png\"><img decoding=\"async\" src=\"https:\/\/www.samnaz.org\/wp-content\/uploads\/2017\/12\/Imagem6-150x150.png\" alt=\"\" class=\"alignright size-thumbnail wp-image-22281\" \/><\/a><\/p>\n<p><a href=\"https:\/\/www.samnaz.org\/wp-content\/uploads\/2017\/12\/Imagem7.png\"><img decoding=\"async\" src=\"https:\/\/www.samnaz.org\/wp-content\/uploads\/2017\/12\/Imagem7-150x150.png\" alt=\"\" class=\"alignright size-thumbnail wp-image-22282\" \/><\/a><\/p>\n<p><a href=\"https:\/\/www.samnaz.org\/wp-content\/uploads\/2017\/12\/Imagem8.png\"><img decoding=\"async\" src=\"https:\/\/www.samnaz.org\/wp-content\/uploads\/2017\/12\/Imagem8-150x150.png\" alt=\"\" class=\"alignright size-thumbnail wp-image-22283\" \/><\/a><\/p>\n<p><a href=\"https:\/\/www.samnaz.org\/wp-content\/uploads\/2017\/12\/Imagem9.png\"><img decoding=\"async\" src=\"https:\/\/www.samnaz.org\/wp-content\/uploads\/2017\/12\/Imagem9-150x150.png\" alt=\"\" class=\"alignright size-thumbnail wp-image-22284\" \/><\/a><\/p>\n<p><a href=\"https:\/\/www.samnaz.org\/wp-content\/uploads\/2017\/12\/Imagem10.png\"><img decoding=\"async\" src=\"https:\/\/www.samnaz.org\/wp-content\/uploads\/2017\/12\/Imagem10-150x150.png\" alt=\"\" class=\"alignright size-thumbnail wp-image-22285\" \/><\/a><\/p>\n<p><a href=\"https:\/\/www.samnaz.org\/wp-content\/uploads\/2017\/12\/Imagem11.png\"><img decoding=\"async\" src=\"https:\/\/www.samnaz.org\/wp-content\/uploads\/2017\/12\/Imagem11-150x150.png\" alt=\"\" class=\"alignright size-thumbnail wp-image-22286\" \/><\/a><\/p>\n<p><a href=\"https:\/\/www.samnaz.org\/wp-content\/uploads\/2017\/12\/Imagem13.png\"><img decoding=\"async\" src=\"https:\/\/www.samnaz.org\/wp-content\/uploads\/2017\/12\/Imagem13-150x150.png\" alt=\"\" class=\"alignright size-thumbnail wp-image-22287\" \/><\/a><\/p>\n<span class=\"et_bloom_bottom_trigger\"><\/span>","protected":false},"excerpt":{"rendered":"<p>(CNSAM Ecuador) El Seminario Teol\u00f3gico Nazareno Sudamericano de Quito, Ecuador, celebr\u00f3 el 10 de noviembre, su 29na. Ceremonia de Graduaci\u00f3n, contando con la presencia especial del Dr. Jorge Julca, Coordinador Regional de Educaci\u00f3n Teol\u00f3gica de Am\u00e9rica del Sur, como tambi\u00e9n de misioneros del \u00c1rea Andino Norte, la Junta de Regentes, Docentes y Autoridades del Seminario; [&hellip;]<\/p>","protected":false},"author":4,"featured_media":36251,"comment_status":"closed","ping_status":"closed","sticky":false,"template":"","format":"standard","meta":{"_et_pb_use_builder":"","_et_pb_old_content":"","_et_gb_content_width":"","_monsterinsights_skip_tracking":false,"_monsterinsights_sitenote_active":false,"_monsterinsights_sitenote_note":"","_monsterinsights_sitenote_category":0,"_vp_format_video_url":"","_vp_image_focal_point":[],"footnotes":""},"categories":[54],"tags":[],"class_list":["post-36250","post","type-post","status-publish","format-standard","has-post-thumbnail","hentry","category-ecuador"],"yoast_head":"<!-- This site is optimized with the Yoast SEO Premium plugin v23.6 (Yoast SEO v27.4) - https:\/\/yoast.com\/product\/yoast-seo-premium-wordpress\/ -->\n<title>29na. Ceremonia de Graduaci\u00f3n STNS | Iglesia del Nazareno Am\u00e9rica del Sur<\/title>\n<meta name=\"robots\" content=\"noindex, follow\" \/>\n<meta property=\"og:locale\" content=\"pt_BR\" \/>\n<meta property=\"og:type\" content=\"article\" \/>\n<meta property=\"og:title\" content=\"29na. Ceremonia de Graduaci\u00f3n STNS | Iglesia del Nazareno Am\u00e9rica del Sur\" \/>\n<meta property=\"og:url\" content=\"https:\/\/www.samnaz.org\/pt\/29na-ceremonia-de-graduacion-stns\/\" \/>\n<meta property=\"og:site_name\" content=\"Iglesia del Nazareno Am\u00e9rica del Sur\" \/>\n<meta property=\"article:publisher\" content=\"https:\/\/www.facebook.com\/NazarenoEsp\" \/>\n<meta property=\"article:published_time\" content=\"2017-12-25T20:49:16+00:00\" \/>\n<meta property=\"article:modified_time\" content=\"2021-11-26T14:09:33+00:00\" \/>\n<meta property=\"og:image\" content=\"https:\/\/www.samnaz.org\/wp-content\/uploads\/2017\/12\/Imagem2.png\" \/>\n\t<meta property=\"og:image:width\" content=\"883\" \/>\n\t<meta property=\"og:image:height\" content=\"496\" \/>\n\t<meta property=\"og:image:type\" content=\"image\/png\" \/>\n<meta name=\"author\" content=\"Samnaz\" \/>\n<meta name=\"twitter:card\" content=\"summary_large_image\" \/>\n<meta name=\"twitter:label1\" content=\"Escrito por\" \/>\n\t<meta name=\"twitter:data1\" content=\"Samnaz\" \/>\n\t<meta name=\"twitter:label2\" content=\"Est. tempo de leitura\" \/>\n\t<meta name=\"twitter:data2\" content=\"1 minuto\" \/>\n<script type=\"application\/ld+json\" class=\"yoast-schema-graph\">{\"@context\":\"https:\\\/\\\/schema.org\",\"@graph\":[{\"@type\":\"Article\",\"@id\":\"https:\\\/\\\/www.samnaz.org\\\/pt\\\/29na-ceremonia-de-graduacion-stns\\\/#article\",\"isPartOf\":{\"@id\":\"https:\\\/\\\/www.samnaz.org\\\/pt\\\/29na-ceremonia-de-graduacion-stns\\\/\"},\"author\":{\"name\":\"Samnaz\",\"@id\":\"https:\\\/\\\/www.samnaz.org\\\/#\\\/schema\\\/person\\\/c09d1131c49ba510c7e1cbb677b39927\"},\"headline\":\"29na. Ceremonia de Graduaci\u00f3n STNS\",\"datePublished\":\"2017-12-25T20:49:16+00:00\",\"dateModified\":\"2021-11-26T14:09:33+00:00\",\"mainEntityOfPage\":{\"@id\":\"https:\\\/\\\/www.samnaz.org\\\/pt\\\/29na-ceremonia-de-graduacion-stns\\\/\"},\"wordCount\":142,\"publisher\":{\"@id\":\"https:\\\/\\\/www.samnaz.org\\\/#organization\"},\"image\":{\"@id\":\"https:\\\/\\\/www.samnaz.org\\\/pt\\\/29na-ceremonia-de-graduacion-stns\\\/#primaryimage\"},\"thumbnailUrl\":\"https:\\\/\\\/www.samnaz.org\\\/wp-content\\\/uploads\\\/2017\\\/12\\\/Imagem2.png\",\"articleSection\":[\"Ecuador\"],\"inLanguage\":\"pt-BR\"},{\"@type\":\"WebPage\",\"@id\":\"https:\\\/\\\/www.samnaz.org\\\/pt\\\/29na-ceremonia-de-graduacion-stns\\\/\",\"url\":\"https:\\\/\\\/www.samnaz.org\\\/pt\\\/29na-ceremonia-de-graduacion-stns\\\/\",\"name\":\"29na. Ceremonia de Graduaci\u00f3n STNS | Iglesia del Nazareno Am\u00e9rica del Sur\",\"isPartOf\":{\"@id\":\"https:\\\/\\\/www.samnaz.org\\\/#website\"},\"primaryImageOfPage\":{\"@id\":\"https:\\\/\\\/www.samnaz.org\\\/pt\\\/29na-ceremonia-de-graduacion-stns\\\/#primaryimage\"},\"image\":{\"@id\":\"https:\\\/\\\/www.samnaz.org\\\/pt\\\/29na-ceremonia-de-graduacion-stns\\\/#primaryimage\"},\"thumbnailUrl\":\"https:\\\/\\\/www.samnaz.org\\\/wp-content\\\/uploads\\\/2017\\\/12\\\/Imagem2.png\",\"datePublished\":\"2017-12-25T20:49:16+00:00\",\"dateModified\":\"2021-11-26T14:09:33+00:00\",\"inLanguage\":\"pt-BR\",\"potentialAction\":[{\"@type\":\"ReadAction\",\"target\":[\"https:\\\/\\\/www.samnaz.org\\\/pt\\\/29na-ceremonia-de-graduacion-stns\\\/\"]}]},{\"@type\":\"ImageObject\",\"inLanguage\":\"pt-BR\",\"@id\":\"https:\\\/\\\/www.samnaz.org\\\/pt\\\/29na-ceremonia-de-graduacion-stns\\\/#primaryimage\",\"url\":\"https:\\\/\\\/www.samnaz.org\\\/wp-content\\\/uploads\\\/2017\\\/12\\\/Imagem2.png\",\"contentUrl\":\"https:\\\/\\\/www.samnaz.org\\\/wp-content\\\/uploads\\\/2017\\\/12\\\/Imagem2.png\",\"width\":883,\"height\":496},{\"@type\":\"WebSite\",\"@id\":\"https:\\\/\\\/www.samnaz.org\\\/#website\",\"url\":\"https:\\\/\\\/www.samnaz.org\\\/\",\"name\":\"Haciendo Disc\u00edpulos Semejantes a Cristo en las naciones\",\"description\":\"Haciendo disc\u00edpulos semejantes a Cristo en las Naciones\",\"publisher\":{\"@id\":\"https:\\\/\\\/www.samnaz.org\\\/#organization\"},\"alternateName\":\"Viviendo la Gran Comisi\u00f3n\",\"potentialAction\":[{\"@type\":\"SearchAction\",\"target\":{\"@type\":\"EntryPoint\",\"urlTemplate\":\"https:\\\/\\\/www.samnaz.org\\\/?s={search_term_string}\"},\"query-input\":{\"@type\":\"PropertyValueSpecification\",\"valueRequired\":true,\"valueName\":\"search_term_string\"}}],\"inLanguage\":\"pt-BR\"},{\"@type\":\"Organization\",\"@id\":\"https:\\\/\\\/www.samnaz.org\\\/#organization\",\"name\":\"Iglesia del Nazareno Am\u00e9rica del Sur\",\"url\":\"https:\\\/\\\/www.samnaz.org\\\/\",\"logo\":{\"@type\":\"ImageObject\",\"inLanguage\":\"pt-BR\",\"@id\":\"https:\\\/\\\/www.samnaz.org\\\/#\\\/schema\\\/logo\\\/image\\\/\",\"url\":\"https:\\\/\\\/www.samnaz.org\\\/wp-content\\\/uploads\\\/2021\\\/04\\\/Logo-3-ESP.png\",\"contentUrl\":\"https:\\\/\\\/www.samnaz.org\\\/wp-content\\\/uploads\\\/2021\\\/04\\\/Logo-3-ESP.png\",\"width\":1041,\"height\":780,\"caption\":\"Iglesia del Nazareno Am\u00e9rica del Sur\"},\"image\":{\"@id\":\"https:\\\/\\\/www.samnaz.org\\\/#\\\/schema\\\/logo\\\/image\\\/\"},\"sameAs\":[\"https:\\\/\\\/www.facebook.com\\\/NazarenoEsp\",\"https:\\\/\\\/www.instagram.com\\\/nazarenoesp\\\/\"],\"publishingPrinciples\":\"https:\\\/\\\/www.samnaz.org\\\/\"},{\"@type\":\"Person\",\"@id\":\"https:\\\/\\\/www.samnaz.org\\\/#\\\/schema\\\/person\\\/c09d1131c49ba510c7e1cbb677b39927\",\"name\":\"Samnaz\",\"image\":{\"@type\":\"ImageObject\",\"inLanguage\":\"pt-BR\",\"@id\":\"https:\\\/\\\/secure.gravatar.com\\\/avatar\\\/a5baaf0e270319d09c0efce6a9dd03ff93175913c70afe26595c0069c83fa6dc?s=96&d=mm&r=g\",\"url\":\"https:\\\/\\\/secure.gravatar.com\\\/avatar\\\/a5baaf0e270319d09c0efce6a9dd03ff93175913c70afe26595c0069c83fa6dc?s=96&d=mm&r=g\",\"contentUrl\":\"https:\\\/\\\/secure.gravatar.com\\\/avatar\\\/a5baaf0e270319d09c0efce6a9dd03ff93175913c70afe26595c0069c83fa6dc?s=96&d=mm&r=g\",\"caption\":\"Samnaz\"}}]}<\/script>\n<!-- \/ Yoast SEO Premium plugin. -->","yoast_head_json":{"title":"29na. Ceremonia de Graduaci\u00f3n STNS | Iglesia del Nazareno Am\u00e9rica del Sur","robots":{"index":"noindex","follow":"follow"},"og_locale":"pt_BR","og_type":"article","og_title":"29na. Ceremonia de Graduaci\u00f3n STNS | Iglesia del Nazareno Am\u00e9rica del Sur","og_url":"https:\/\/www.samnaz.org\/pt\/29na-ceremonia-de-graduacion-stns\/","og_site_name":"Iglesia del Nazareno Am\u00e9rica del Sur","article_publisher":"https:\/\/www.facebook.com\/NazarenoEsp","article_published_time":"2017-12-25T20:49:16+00:00","article_modified_time":"2021-11-26T14:09:33+00:00","og_image":[{"width":883,"height":496,"url":"https:\/\/www.samnaz.org\/wp-content\/uploads\/2017\/12\/Imagem2.png","type":"image\/png"}],"author":"Samnaz","twitter_card":"summary_large_image","twitter_misc":{"Escrito por":"Samnaz","Est. tempo de leitura":"1 minuto"},"schema":{"@context":"https:\/\/schema.org","@graph":[{"@type":"Article","@id":"https:\/\/www.samnaz.org\/pt\/29na-ceremonia-de-graduacion-stns\/#article","isPartOf":{"@id":"https:\/\/www.samnaz.org\/pt\/29na-ceremonia-de-graduacion-stns\/"},"author":{"name":"Samnaz","@id":"https:\/\/www.samnaz.org\/#\/schema\/person\/c09d1131c49ba510c7e1cbb677b39927"},"headline":"29na. Ceremonia de Graduaci\u00f3n STNS","datePublished":"2017-12-25T20:49:16+00:00","dateModified":"2021-11-26T14:09:33+00:00","mainEntityOfPage":{"@id":"https:\/\/www.samnaz.org\/pt\/29na-ceremonia-de-graduacion-stns\/"},"wordCount":142,"publisher":{"@id":"https:\/\/www.samnaz.org\/#organization"},"image":{"@id":"https:\/\/www.samnaz.org\/pt\/29na-ceremonia-de-graduacion-stns\/#primaryimage"},"thumbnailUrl":"https:\/\/www.samnaz.org\/wp-content\/uploads\/2017\/12\/Imagem2.png","articleSection":["Ecuador"],"inLanguage":"pt-BR"},{"@type":"WebPage","@id":"https:\/\/www.samnaz.org\/pt\/29na-ceremonia-de-graduacion-stns\/","url":"https:\/\/www.samnaz.org\/pt\/29na-ceremonia-de-graduacion-stns\/","name":"29na. Ceremonia de Graduaci\u00f3n STNS | Iglesia del Nazareno Am\u00e9rica del Sur","isPartOf":{"@id":"https:\/\/www.samnaz.org\/#website"},"primaryImageOfPage":{"@id":"https:\/\/www.samnaz.org\/pt\/29na-ceremonia-de-graduacion-stns\/#primaryimage"},"image":{"@id":"https:\/\/www.samnaz.org\/pt\/29na-ceremonia-de-graduacion-stns\/#primaryimage"},"thumbnailUrl":"https:\/\/www.samnaz.org\/wp-content\/uploads\/2017\/12\/Imagem2.png","datePublished":"2017-12-25T20:49:16+00:00","dateModified":"2021-11-26T14:09:33+00:00","inLanguage":"pt-BR","potentialAction":[{"@type":"ReadAction","target":["https:\/\/www.samnaz.org\/pt\/29na-ceremonia-de-graduacion-stns\/"]}]},{"@type":"ImageObject","inLanguage":"pt-BR","@id":"https:\/\/www.samnaz.org\/pt\/29na-ceremonia-de-graduacion-stns\/#primaryimage","url":"https:\/\/www.samnaz.org\/wp-content\/uploads\/2017\/12\/Imagem2.png","contentUrl":"https:\/\/www.samnaz.org\/wp-content\/uploads\/2017\/12\/Imagem2.png","width":883,"height":496},{"@type":"WebSite","@id":"https:\/\/www.samnaz.org\/#website","url":"https:\/\/www.samnaz.org\/","name":"Haciendo Disc\u00edpulos Semejantes a Cristo en las naciones","description":"Haciendo disc\u00edpulos semejantes a Cristo en las Naciones","publisher":{"@id":"https:\/\/www.samnaz.org\/#organization"},"alternateName":"Viviendo la Gran Comisi\u00f3n","potentialAction":[{"@type":"SearchAction","target":{"@type":"EntryPoint","urlTemplate":"https:\/\/www.samnaz.org\/?s={search_term_string}"},"query-input":{"@type":"PropertyValueSpecification","valueRequired":true,"valueName":"search_term_string"}}],"inLanguage":"pt-BR"},{"@type":"Organization","@id":"https:\/\/www.samnaz.org\/#organization","name":"Iglesia del Nazareno Am\u00e9rica del Sur","url":"https:\/\/www.samnaz.org\/","logo":{"@type":"ImageObject","inLanguage":"pt-BR","@id":"https:\/\/www.samnaz.org\/#\/schema\/logo\/image\/","url":"https:\/\/www.samnaz.org\/wp-content\/uploads\/2021\/04\/Logo-3-ESP.png","contentUrl":"https:\/\/www.samnaz.org\/wp-content\/uploads\/2021\/04\/Logo-3-ESP.png","width":1041,"height":780,"caption":"Iglesia del Nazareno Am\u00e9rica del Sur"},"image":{"@id":"https:\/\/www.samnaz.org\/#\/schema\/logo\/image\/"},"sameAs":["https:\/\/www.facebook.com\/NazarenoEsp","https:\/\/www.instagram.com\/nazarenoesp\/"],"publishingPrinciples":"https:\/\/www.samnaz.org\/"},{"@type":"Person","@id":"https:\/\/www.samnaz.org\/#\/schema\/person\/c09d1131c49ba510c7e1cbb677b39927","name":"Samnaz","image":{"@type":"ImageObject","inLanguage":"pt-BR","@id":"https:\/\/secure.gravatar.com\/avatar\/a5baaf0e270319d09c0efce6a9dd03ff93175913c70afe26595c0069c83fa6dc?s=96&d=mm&r=g","url":"https:\/\/secure.gravatar.com\/avatar\/a5baaf0e270319d09c0efce6a9dd03ff93175913c70afe26595c0069c83fa6dc?s=96&d=mm&r=g","contentUrl":"https:\/\/secure.gravatar.com\/avatar\/a5baaf0e270319d09c0efce6a9dd03ff93175913c70afe26595c0069c83fa6dc?s=96&d=mm&r=g","caption":"Samnaz"}}]}},"_links":{"self":[{"href":"https:\/\/www.samnaz.org\/pt\/wp-json\/wp\/v2\/posts\/36250","targetHints":{"allow":["GET"]}}],"collection":[{"href":"https:\/\/www.samnaz.org\/pt\/wp-json\/wp\/v2\/posts"}],"about":[{"href":"https:\/\/www.samnaz.org\/pt\/wp-json\/wp\/v2\/types\/post"}],"author":[{"embeddable":true,"href":"https:\/\/www.samnaz.org\/pt\/wp-json\/wp\/v2\/users\/4"}],"replies":[{"embeddable":true,"href":"https:\/\/www.samnaz.org\/pt\/wp-json\/wp\/v2\/comments?post=36250"}],"version-history":[{"count":1,"href":"https:\/\/www.samnaz.org\/pt\/wp-json\/wp\/v2\/posts\/36250\/revisions"}],"predecessor-version":[{"id":36305,"href":"https:\/\/www.samnaz.org\/pt\/wp-json\/wp\/v2\/posts\/36250\/revisions\/36305"}],"wp:featuredmedia":[{"embeddable":true,"href":"https:\/\/www.samnaz.org\/pt\/wp-json\/wp\/v2\/media\/36251"}],"wp:attachment":[{"href":"https:\/\/www.samnaz.org\/pt\/wp-json\/wp\/v2\/media?parent=36250"}],"wp:term":[{"taxonomy":"category","embeddable":true,"href":"https:\/\/www.samnaz.org\/pt\/wp-json\/wp\/v2\/categories?post=36250"},{"taxonomy":"post_tag","embeddable":true,"href":"https:\/\/www.samnaz.org\/pt\/wp-json\/wp\/v2\/tags?post=36250"}],"curies":[{"name":"wp","href":"https:\/\/api.w.org\/{rel}","templated":true}]}}