{"id":36263,"date":"2017-12-25T17:38:16","date_gmt":"2017-12-25T20:38:16","guid":{"rendered":"http:\/\/www.samnaz.org\/?p=22250"},"modified":"2021-11-26T11:09:34","modified_gmt":"2021-11-26T14:09:34","slug":"capacitacion-cuenta-la-historia","status":"publish","type":"post","link":"https:\/\/www.samnaz.org\/pt\/capacitacion-cuenta-la-historia\/","title":{"rendered":"Capacitaci\u00f3n Cuenta la Historia"},"content":{"rendered":"<p>(CNSAM Bolivia) Del 13 al 16 de diciembre en la ciudad de Santa Cruz, Bolivia, se entren\u00f3 a los coordinadores de evangelismo de cada pa\u00eds de la regi\u00f3n y sus l\u00edderes, a trav\u00e9s de la herramienta de discipulado denominada Cuenta la Historia. <\/p>\n<p>Participaron en dicha capacitaci\u00f3n 27 personas procedentes de distintos pa\u00edses en Am\u00e9rica del Sur dirigidas por el facilitador de esta estrategia, Angel Sigui. La estrategia ense\u00f1ada tiene como caracter\u00edsticas su base Cristoc\u00e9ntrica, que ha sido dise\u00f1ada para ser reproducible, muy interactiva, transformadora de vidas y tiene como eje la oraci\u00f3n.<\/p>\n<p>La respuesta a \u00e9ste entrenamiento ha sido muy positiva. Los l\u00edderes se\u00f1alaron que este recurso de discipulado ser\u00e1 muy \u00fatil para la ense\u00f1anza de la Palabra de Dios a otros. Lo que m\u00e1s les gust\u00f3 a los participantes fue el hecho de poder ense\u00f1ar a otros de una manera din\u00e1mica y donde el tema se va desarrollando a trav\u00e9s de las opiniones de todos los participantes.<\/p>\n<p>Agradecemos a Dios por este tiempo de capacitaci\u00f3n y es nuestra oraci\u00f3n que \u00e9ste nuevo modelo pueda ser impartido en todas las iglesias de nuestra regi\u00f3n.<\/p>\n<p>Fuente: Napole\u00f3n Guerrero<br \/>\n<a href=\"https:\/\/www.samnaz.org\/wp-content\/uploads\/2017\/12\/IMG_2625-2.jpg\"><img decoding=\"async\" src=\"https:\/\/www.samnaz.org\/wp-content\/uploads\/2017\/12\/IMG_2625-2-150x150.jpg\" alt=\"\" class=\"alignright size-thumbnail wp-image-22251\" \/><\/a><\/p>\n<p><a href=\"https:\/\/www.samnaz.org\/wp-content\/uploads\/2017\/12\/IMG_2631-2.jpg\"><img decoding=\"async\" src=\"https:\/\/www.samnaz.org\/wp-content\/uploads\/2017\/12\/IMG_2631-2-150x150.jpg\" alt=\"\" class=\"alignright size-thumbnail wp-image-22252\" \/><\/a><\/p>\n<p><a href=\"https:\/\/www.samnaz.org\/wp-content\/uploads\/2017\/12\/IMG_7492-2.jpg\"><img decoding=\"async\" src=\"https:\/\/www.samnaz.org\/wp-content\/uploads\/2017\/12\/IMG_7492-2-150x150.jpg\" alt=\"\" class=\"alignright size-thumbnail wp-image-22253\" \/><\/a><\/p>\n<span class=\"et_bloom_bottom_trigger\"><\/span>","protected":false},"excerpt":{"rendered":"<p>(CNSAM Bolivia) Del 13 al 16 de diciembre en la ciudad de Santa Cruz, Bolivia, se entren\u00f3 a los coordinadores de evangelismo de cada pa\u00eds de la regi\u00f3n y sus l\u00edderes, a trav\u00e9s de la herramienta de discipulado denominada Cuenta la Historia. Participaron en dicha capacitaci\u00f3n 27 personas procedentes de distintos pa\u00edses en Am\u00e9rica del [&hellip;]<\/p>","protected":false},"author":4,"featured_media":36267,"comment_status":"closed","ping_status":"closed","sticky":false,"template":"","format":"standard","meta":{"_et_pb_use_builder":"","_et_pb_old_content":"","_et_gb_content_width":"","_monsterinsights_skip_tracking":false,"_monsterinsights_sitenote_active":false,"_monsterinsights_sitenote_note":"","_monsterinsights_sitenote_category":0,"_vp_format_video_url":"","_vp_image_focal_point":[],"footnotes":""},"categories":[52],"tags":[],"class_list":["post-36263","post","type-post","status-publish","format-standard","has-post-thumbnail","hentry","category-bolivia"],"yoast_head":"<!-- This site is optimized with the Yoast SEO Premium plugin v23.6 (Yoast SEO v27.4) - https:\/\/yoast.com\/product\/yoast-seo-premium-wordpress\/ -->\n<title>Capacitaci\u00f3n Cuenta la Historia | Iglesia del Nazareno Am\u00e9rica del Sur<\/title>\n<meta name=\"robots\" content=\"noindex, follow\" \/>\n<meta property=\"og:locale\" content=\"pt_BR\" \/>\n<meta property=\"og:type\" content=\"article\" \/>\n<meta property=\"og:title\" content=\"Capacitaci\u00f3n Cuenta la Historia | Iglesia del Nazareno Am\u00e9rica del Sur\" \/>\n<meta property=\"og:url\" content=\"https:\/\/www.samnaz.org\/pt\/capacitacion-cuenta-la-historia\/\" \/>\n<meta property=\"og:site_name\" content=\"Iglesia del Nazareno Am\u00e9rica del Sur\" \/>\n<meta property=\"article:publisher\" content=\"https:\/\/www.facebook.com\/NazarenoEsp\" \/>\n<meta property=\"article:published_time\" content=\"2017-12-25T20:38:16+00:00\" \/>\n<meta property=\"article:modified_time\" content=\"2021-11-26T14:09:34+00:00\" \/>\n<meta property=\"og:image\" content=\"https:\/\/www.samnaz.org\/wp-content\/uploads\/2017\/12\/IMG_7492.jpg\" \/>\n\t<meta property=\"og:image:width\" content=\"1280\" \/>\n\t<meta property=\"og:image:height\" content=\"960\" \/>\n\t<meta property=\"og:image:type\" content=\"image\/jpeg\" \/>\n<meta name=\"author\" content=\"Samnaz\" \/>\n<meta name=\"twitter:card\" content=\"summary_large_image\" \/>\n<meta name=\"twitter:label1\" content=\"Escrito por\" \/>\n\t<meta name=\"twitter:data1\" content=\"Samnaz\" \/>\n\t<meta name=\"twitter:label2\" content=\"Est. tempo de leitura\" \/>\n\t<meta name=\"twitter:data2\" content=\"1 minuto\" \/>\n<script type=\"application\/ld+json\" class=\"yoast-schema-graph\">{\"@context\":\"https:\\\/\\\/schema.org\",\"@graph\":[{\"@type\":\"Article\",\"@id\":\"https:\\\/\\\/www.samnaz.org\\\/pt\\\/capacitacion-cuenta-la-historia\\\/#article\",\"isPartOf\":{\"@id\":\"https:\\\/\\\/www.samnaz.org\\\/pt\\\/capacitacion-cuenta-la-historia\\\/\"},\"author\":{\"name\":\"Samnaz\",\"@id\":\"https:\\\/\\\/www.samnaz.org\\\/#\\\/schema\\\/person\\\/c09d1131c49ba510c7e1cbb677b39927\"},\"headline\":\"Capacitaci\u00f3n Cuenta la Historia\",\"datePublished\":\"2017-12-25T20:38:16+00:00\",\"dateModified\":\"2021-11-26T14:09:34+00:00\",\"mainEntityOfPage\":{\"@id\":\"https:\\\/\\\/www.samnaz.org\\\/pt\\\/capacitacion-cuenta-la-historia\\\/\"},\"wordCount\":212,\"publisher\":{\"@id\":\"https:\\\/\\\/www.samnaz.org\\\/#organization\"},\"image\":{\"@id\":\"https:\\\/\\\/www.samnaz.org\\\/pt\\\/capacitacion-cuenta-la-historia\\\/#primaryimage\"},\"thumbnailUrl\":\"https:\\\/\\\/www.samnaz.org\\\/wp-content\\\/uploads\\\/2017\\\/12\\\/IMG_7492.jpg\",\"articleSection\":[\"Bolivia\"],\"inLanguage\":\"pt-BR\"},{\"@type\":\"WebPage\",\"@id\":\"https:\\\/\\\/www.samnaz.org\\\/pt\\\/capacitacion-cuenta-la-historia\\\/\",\"url\":\"https:\\\/\\\/www.samnaz.org\\\/pt\\\/capacitacion-cuenta-la-historia\\\/\",\"name\":\"Capacitaci\u00f3n Cuenta la Historia | Iglesia del Nazareno Am\u00e9rica del Sur\",\"isPartOf\":{\"@id\":\"https:\\\/\\\/www.samnaz.org\\\/#website\"},\"primaryImageOfPage\":{\"@id\":\"https:\\\/\\\/www.samnaz.org\\\/pt\\\/capacitacion-cuenta-la-historia\\\/#primaryimage\"},\"image\":{\"@id\":\"https:\\\/\\\/www.samnaz.org\\\/pt\\\/capacitacion-cuenta-la-historia\\\/#primaryimage\"},\"thumbnailUrl\":\"https:\\\/\\\/www.samnaz.org\\\/wp-content\\\/uploads\\\/2017\\\/12\\\/IMG_7492.jpg\",\"datePublished\":\"2017-12-25T20:38:16+00:00\",\"dateModified\":\"2021-11-26T14:09:34+00:00\",\"inLanguage\":\"pt-BR\",\"potentialAction\":[{\"@type\":\"ReadAction\",\"target\":[\"https:\\\/\\\/www.samnaz.org\\\/pt\\\/capacitacion-cuenta-la-historia\\\/\"]}]},{\"@type\":\"ImageObject\",\"inLanguage\":\"pt-BR\",\"@id\":\"https:\\\/\\\/www.samnaz.org\\\/pt\\\/capacitacion-cuenta-la-historia\\\/#primaryimage\",\"url\":\"https:\\\/\\\/www.samnaz.org\\\/wp-content\\\/uploads\\\/2017\\\/12\\\/IMG_7492.jpg\",\"contentUrl\":\"https:\\\/\\\/www.samnaz.org\\\/wp-content\\\/uploads\\\/2017\\\/12\\\/IMG_7492.jpg\",\"width\":1280,\"height\":960},{\"@type\":\"WebSite\",\"@id\":\"https:\\\/\\\/www.samnaz.org\\\/#website\",\"url\":\"https:\\\/\\\/www.samnaz.org\\\/\",\"name\":\"Haciendo Disc\u00edpulos Semejantes a Cristo en las naciones\",\"description\":\"Haciendo disc\u00edpulos semejantes a Cristo en las Naciones\",\"publisher\":{\"@id\":\"https:\\\/\\\/www.samnaz.org\\\/#organization\"},\"alternateName\":\"Viviendo la Gran Comisi\u00f3n\",\"potentialAction\":[{\"@type\":\"SearchAction\",\"target\":{\"@type\":\"EntryPoint\",\"urlTemplate\":\"https:\\\/\\\/www.samnaz.org\\\/?s={search_term_string}\"},\"query-input\":{\"@type\":\"PropertyValueSpecification\",\"valueRequired\":true,\"valueName\":\"search_term_string\"}}],\"inLanguage\":\"pt-BR\"},{\"@type\":\"Organization\",\"@id\":\"https:\\\/\\\/www.samnaz.org\\\/#organization\",\"name\":\"Iglesia del Nazareno Am\u00e9rica del Sur\",\"url\":\"https:\\\/\\\/www.samnaz.org\\\/\",\"logo\":{\"@type\":\"ImageObject\",\"inLanguage\":\"pt-BR\",\"@id\":\"https:\\\/\\\/www.samnaz.org\\\/#\\\/schema\\\/logo\\\/image\\\/\",\"url\":\"https:\\\/\\\/www.samnaz.org\\\/wp-content\\\/uploads\\\/2021\\\/04\\\/Logo-3-ESP.png\",\"contentUrl\":\"https:\\\/\\\/www.samnaz.org\\\/wp-content\\\/uploads\\\/2021\\\/04\\\/Logo-3-ESP.png\",\"width\":1041,\"height\":780,\"caption\":\"Iglesia del Nazareno Am\u00e9rica del Sur\"},\"image\":{\"@id\":\"https:\\\/\\\/www.samnaz.org\\\/#\\\/schema\\\/logo\\\/image\\\/\"},\"sameAs\":[\"https:\\\/\\\/www.facebook.com\\\/NazarenoEsp\",\"https:\\\/\\\/www.instagram.com\\\/nazarenoesp\\\/\"],\"publishingPrinciples\":\"https:\\\/\\\/www.samnaz.org\\\/\"},{\"@type\":\"Person\",\"@id\":\"https:\\\/\\\/www.samnaz.org\\\/#\\\/schema\\\/person\\\/c09d1131c49ba510c7e1cbb677b39927\",\"name\":\"Samnaz\",\"image\":{\"@type\":\"ImageObject\",\"inLanguage\":\"pt-BR\",\"@id\":\"https:\\\/\\\/secure.gravatar.com\\\/avatar\\\/a5baaf0e270319d09c0efce6a9dd03ff93175913c70afe26595c0069c83fa6dc?s=96&d=mm&r=g\",\"url\":\"https:\\\/\\\/secure.gravatar.com\\\/avatar\\\/a5baaf0e270319d09c0efce6a9dd03ff93175913c70afe26595c0069c83fa6dc?s=96&d=mm&r=g\",\"contentUrl\":\"https:\\\/\\\/secure.gravatar.com\\\/avatar\\\/a5baaf0e270319d09c0efce6a9dd03ff93175913c70afe26595c0069c83fa6dc?s=96&d=mm&r=g\",\"caption\":\"Samnaz\"}}]}<\/script>\n<!-- \/ Yoast SEO Premium plugin. -->","yoast_head_json":{"title":"Capacitaci\u00f3n Cuenta la Historia | Iglesia del Nazareno Am\u00e9rica del Sur","robots":{"index":"noindex","follow":"follow"},"og_locale":"pt_BR","og_type":"article","og_title":"Capacitaci\u00f3n Cuenta la Historia | Iglesia del Nazareno Am\u00e9rica del Sur","og_url":"https:\/\/www.samnaz.org\/pt\/capacitacion-cuenta-la-historia\/","og_site_name":"Iglesia del Nazareno Am\u00e9rica del Sur","article_publisher":"https:\/\/www.facebook.com\/NazarenoEsp","article_published_time":"2017-12-25T20:38:16+00:00","article_modified_time":"2021-11-26T14:09:34+00:00","og_image":[{"width":1280,"height":960,"url":"https:\/\/www.samnaz.org\/wp-content\/uploads\/2017\/12\/IMG_7492.jpg","type":"image\/jpeg"}],"author":"Samnaz","twitter_card":"summary_large_image","twitter_misc":{"Escrito por":"Samnaz","Est. tempo de leitura":"1 minuto"},"schema":{"@context":"https:\/\/schema.org","@graph":[{"@type":"Article","@id":"https:\/\/www.samnaz.org\/pt\/capacitacion-cuenta-la-historia\/#article","isPartOf":{"@id":"https:\/\/www.samnaz.org\/pt\/capacitacion-cuenta-la-historia\/"},"author":{"name":"Samnaz","@id":"https:\/\/www.samnaz.org\/#\/schema\/person\/c09d1131c49ba510c7e1cbb677b39927"},"headline":"Capacitaci\u00f3n Cuenta la Historia","datePublished":"2017-12-25T20:38:16+00:00","dateModified":"2021-11-26T14:09:34+00:00","mainEntityOfPage":{"@id":"https:\/\/www.samnaz.org\/pt\/capacitacion-cuenta-la-historia\/"},"wordCount":212,"publisher":{"@id":"https:\/\/www.samnaz.org\/#organization"},"image":{"@id":"https:\/\/www.samnaz.org\/pt\/capacitacion-cuenta-la-historia\/#primaryimage"},"thumbnailUrl":"https:\/\/www.samnaz.org\/wp-content\/uploads\/2017\/12\/IMG_7492.jpg","articleSection":["Bolivia"],"inLanguage":"pt-BR"},{"@type":"WebPage","@id":"https:\/\/www.samnaz.org\/pt\/capacitacion-cuenta-la-historia\/","url":"https:\/\/www.samnaz.org\/pt\/capacitacion-cuenta-la-historia\/","name":"Capacitaci\u00f3n Cuenta la Historia | Iglesia del Nazareno Am\u00e9rica del Sur","isPartOf":{"@id":"https:\/\/www.samnaz.org\/#website"},"primaryImageOfPage":{"@id":"https:\/\/www.samnaz.org\/pt\/capacitacion-cuenta-la-historia\/#primaryimage"},"image":{"@id":"https:\/\/www.samnaz.org\/pt\/capacitacion-cuenta-la-historia\/#primaryimage"},"thumbnailUrl":"https:\/\/www.samnaz.org\/wp-content\/uploads\/2017\/12\/IMG_7492.jpg","datePublished":"2017-12-25T20:38:16+00:00","dateModified":"2021-11-26T14:09:34+00:00","inLanguage":"pt-BR","potentialAction":[{"@type":"ReadAction","target":["https:\/\/www.samnaz.org\/pt\/capacitacion-cuenta-la-historia\/"]}]},{"@type":"ImageObject","inLanguage":"pt-BR","@id":"https:\/\/www.samnaz.org\/pt\/capacitacion-cuenta-la-historia\/#primaryimage","url":"https:\/\/www.samnaz.org\/wp-content\/uploads\/2017\/12\/IMG_7492.jpg","contentUrl":"https:\/\/www.samnaz.org\/wp-content\/uploads\/2017\/12\/IMG_7492.jpg","width":1280,"height":960},{"@type":"WebSite","@id":"https:\/\/www.samnaz.org\/#website","url":"https:\/\/www.samnaz.org\/","name":"Haciendo Disc\u00edpulos Semejantes a Cristo en las naciones","description":"Haciendo disc\u00edpulos semejantes a Cristo en las Naciones","publisher":{"@id":"https:\/\/www.samnaz.org\/#organization"},"alternateName":"Viviendo la Gran Comisi\u00f3n","potentialAction":[{"@type":"SearchAction","target":{"@type":"EntryPoint","urlTemplate":"https:\/\/www.samnaz.org\/?s={search_term_string}"},"query-input":{"@type":"PropertyValueSpecification","valueRequired":true,"valueName":"search_term_string"}}],"inLanguage":"pt-BR"},{"@type":"Organization","@id":"https:\/\/www.samnaz.org\/#organization","name":"Iglesia del Nazareno Am\u00e9rica del Sur","url":"https:\/\/www.samnaz.org\/","logo":{"@type":"ImageObject","inLanguage":"pt-BR","@id":"https:\/\/www.samnaz.org\/#\/schema\/logo\/image\/","url":"https:\/\/www.samnaz.org\/wp-content\/uploads\/2021\/04\/Logo-3-ESP.png","contentUrl":"https:\/\/www.samnaz.org\/wp-content\/uploads\/2021\/04\/Logo-3-ESP.png","width":1041,"height":780,"caption":"Iglesia del Nazareno Am\u00e9rica del Sur"},"image":{"@id":"https:\/\/www.samnaz.org\/#\/schema\/logo\/image\/"},"sameAs":["https:\/\/www.facebook.com\/NazarenoEsp","https:\/\/www.instagram.com\/nazarenoesp\/"],"publishingPrinciples":"https:\/\/www.samnaz.org\/"},{"@type":"Person","@id":"https:\/\/www.samnaz.org\/#\/schema\/person\/c09d1131c49ba510c7e1cbb677b39927","name":"Samnaz","image":{"@type":"ImageObject","inLanguage":"pt-BR","@id":"https:\/\/secure.gravatar.com\/avatar\/a5baaf0e270319d09c0efce6a9dd03ff93175913c70afe26595c0069c83fa6dc?s=96&d=mm&r=g","url":"https:\/\/secure.gravatar.com\/avatar\/a5baaf0e270319d09c0efce6a9dd03ff93175913c70afe26595c0069c83fa6dc?s=96&d=mm&r=g","contentUrl":"https:\/\/secure.gravatar.com\/avatar\/a5baaf0e270319d09c0efce6a9dd03ff93175913c70afe26595c0069c83fa6dc?s=96&d=mm&r=g","caption":"Samnaz"}}]}},"_links":{"self":[{"href":"https:\/\/www.samnaz.org\/pt\/wp-json\/wp\/v2\/posts\/36263","targetHints":{"allow":["GET"]}}],"collection":[{"href":"https:\/\/www.samnaz.org\/pt\/wp-json\/wp\/v2\/posts"}],"about":[{"href":"https:\/\/www.samnaz.org\/pt\/wp-json\/wp\/v2\/types\/post"}],"author":[{"embeddable":true,"href":"https:\/\/www.samnaz.org\/pt\/wp-json\/wp\/v2\/users\/4"}],"replies":[{"embeddable":true,"href":"https:\/\/www.samnaz.org\/pt\/wp-json\/wp\/v2\/comments?post=36263"}],"version-history":[{"count":1,"href":"https:\/\/www.samnaz.org\/pt\/wp-json\/wp\/v2\/posts\/36263\/revisions"}],"predecessor-version":[{"id":36307,"href":"https:\/\/www.samnaz.org\/pt\/wp-json\/wp\/v2\/posts\/36263\/revisions\/36307"}],"wp:featuredmedia":[{"embeddable":true,"href":"https:\/\/www.samnaz.org\/pt\/wp-json\/wp\/v2\/media\/36267"}],"wp:attachment":[{"href":"https:\/\/www.samnaz.org\/pt\/wp-json\/wp\/v2\/media?parent=36263"}],"wp:term":[{"taxonomy":"category","embeddable":true,"href":"https:\/\/www.samnaz.org\/pt\/wp-json\/wp\/v2\/categories?post=36263"},{"taxonomy":"post_tag","embeddable":true,"href":"https:\/\/www.samnaz.org\/pt\/wp-json\/wp\/v2\/tags?post=36263"}],"curies":[{"name":"wp","href":"https:\/\/api.w.org\/{rel}","templated":true}]}}