{"id":36270,"date":"2017-05-09T00:14:09","date_gmt":"2017-05-09T03:14:09","guid":{"rendered":"http:\/\/www.samnaz.org\/?p=21294"},"modified":"2021-11-26T11:09:35","modified_gmt":"2021-11-26T14:09:35","slug":"aniversario-iglesia-del-nazareno-padua","status":"publish","type":"post","link":"https:\/\/www.samnaz.org\/pt\/aniversario-iglesia-del-nazareno-padua\/","title":{"rendered":"Aniversario Iglesia del Nazareno Padua"},"content":{"rendered":"<div id=\"id_591109bacebbb6994643794\" class=\"text_exposed_root text_exposed\">(CNSAM Argentina) En la Iglesia del Nazareno en Padua, Buenos Aires, Argentina, los pastores Javier y Gladys Migliore celebraron su primer aniversario al frente de esta congregaci\u00f3n.<\/p>\n<p>En esta emotiva celebraci\u00f3n, compartieron su informe el cual fue recibido con gran entusiasmo por los 98 hermanos que asistieron a la reuni\u00f3n. Tambi\u00e9n fue presentado el nuevo <span class=\"text_exposed_show\">comit\u00e9 de liderazgo para el a\u00f1o 2017. El Ministerio de Escuela Dominical y Discipulado particip\u00f3 junto a 42 actores y colaboradores de una magistral obra teatral que mostraba el plan de salvaci\u00f3n del Se\u00f1or Jes\u00fas.<\/p>\n<p>Sorpresivamente, 4 nuevos miembros decidieron bautizarse de manera espont\u00e1nea ese mismo d\u00eda, entre los cuales se encontraba Ulises; curiosamente su padre, a\u00f1os atr\u00e1s, hab\u00eda sido bautizado personalmente por la hermana Luc\u00eda de Costa, la primera convertida en Argentina.<br \/>\nLa celebraci\u00f3n culmin\u00f3 con un tiempo de refrigerio y comuni\u00f3n entre los hermanos que fueron desafiados para este a\u00f1o, bajo el lema de \u201cDiscipular y Enviar\u201d.<\/p>\n<p>Fuente: Serena Migliore<\/span><\/div>\n<span class=\"et_bloom_bottom_trigger\"><\/span>","protected":false},"excerpt":{"rendered":"<p>(CNSAM Argentina) En la Iglesia del Nazareno en Padua, Buenos Aires, Argentina, los pastores Javier y Gladys Migliore celebraron su primer aniversario al frente de esta congregaci\u00f3n. En esta emotiva celebraci\u00f3n, compartieron su informe el cual fue recibido con gran entusiasmo por los 98 hermanos que asistieron a la reuni\u00f3n. Tambi\u00e9n fue presentado el nuevo [&hellip;]<\/p>","protected":false},"author":4,"featured_media":36271,"comment_status":"closed","ping_status":"closed","sticky":false,"template":"","format":"standard","meta":{"_et_pb_use_builder":"","_et_pb_old_content":"","_et_gb_content_width":"","_monsterinsights_skip_tracking":false,"_monsterinsights_sitenote_active":false,"_monsterinsights_sitenote_note":"","_monsterinsights_sitenote_category":0,"_vp_format_video_url":"","_vp_image_focal_point":[],"footnotes":""},"categories":[13],"tags":[],"class_list":["post-36270","post","type-post","status-publish","format-standard","has-post-thumbnail","hentry","category-argentina"],"yoast_head":"<!-- This site is optimized with the Yoast SEO Premium plugin v23.6 (Yoast SEO v27.4) - https:\/\/yoast.com\/product\/yoast-seo-premium-wordpress\/ -->\n<title>Aniversario Iglesia del Nazareno Padua | Iglesia del Nazareno Am\u00e9rica del Sur<\/title>\n<meta name=\"robots\" content=\"noindex, follow\" \/>\n<meta property=\"og:locale\" content=\"pt_BR\" \/>\n<meta property=\"og:type\" content=\"article\" \/>\n<meta property=\"og:title\" content=\"Aniversario Iglesia del Nazareno Padua | Iglesia del Nazareno Am\u00e9rica del Sur\" \/>\n<meta property=\"og:url\" content=\"https:\/\/www.samnaz.org\/pt\/aniversario-iglesia-del-nazareno-padua\/\" \/>\n<meta property=\"og:site_name\" content=\"Iglesia del Nazareno Am\u00e9rica del Sur\" \/>\n<meta property=\"article:publisher\" content=\"https:\/\/www.facebook.com\/NazarenoEsp\" \/>\n<meta property=\"article:published_time\" content=\"2017-05-09T03:14:09+00:00\" \/>\n<meta property=\"article:modified_time\" content=\"2021-11-26T14:09:35+00:00\" \/>\n<meta property=\"og:image\" content=\"https:\/\/www.samnaz.org\/wp-content\/uploads\/2017\/05\/16711864_2098918383668123_2421302989401590200_n.jpg\" \/>\n\t<meta property=\"og:image:width\" content=\"788\" \/>\n\t<meta property=\"og:image:height\" content=\"940\" \/>\n\t<meta property=\"og:image:type\" content=\"image\/jpeg\" \/>\n<meta name=\"author\" content=\"Samnaz\" \/>\n<meta name=\"twitter:card\" content=\"summary_large_image\" \/>\n<meta name=\"twitter:label1\" content=\"Escrito por\" \/>\n\t<meta name=\"twitter:data1\" content=\"Samnaz\" \/>\n\t<meta name=\"twitter:label2\" content=\"Est. tempo de leitura\" \/>\n\t<meta name=\"twitter:data2\" content=\"1 minuto\" \/>\n<script type=\"application\/ld+json\" class=\"yoast-schema-graph\">{\"@context\":\"https:\\\/\\\/schema.org\",\"@graph\":[{\"@type\":\"Article\",\"@id\":\"https:\\\/\\\/www.samnaz.org\\\/pt\\\/aniversario-iglesia-del-nazareno-padua\\\/#article\",\"isPartOf\":{\"@id\":\"https:\\\/\\\/www.samnaz.org\\\/pt\\\/aniversario-iglesia-del-nazareno-padua\\\/\"},\"author\":{\"name\":\"Samnaz\",\"@id\":\"https:\\\/\\\/www.samnaz.org\\\/#\\\/schema\\\/person\\\/c09d1131c49ba510c7e1cbb677b39927\"},\"headline\":\"Aniversario Iglesia del Nazareno Padua\",\"datePublished\":\"2017-05-09T03:14:09+00:00\",\"dateModified\":\"2021-11-26T14:09:35+00:00\",\"mainEntityOfPage\":{\"@id\":\"https:\\\/\\\/www.samnaz.org\\\/pt\\\/aniversario-iglesia-del-nazareno-padua\\\/\"},\"wordCount\":175,\"publisher\":{\"@id\":\"https:\\\/\\\/www.samnaz.org\\\/#organization\"},\"image\":{\"@id\":\"https:\\\/\\\/www.samnaz.org\\\/pt\\\/aniversario-iglesia-del-nazareno-padua\\\/#primaryimage\"},\"thumbnailUrl\":\"https:\\\/\\\/www.samnaz.org\\\/wp-content\\\/uploads\\\/2017\\\/05\\\/16711864_2098918383668123_2421302989401590200_n.jpg\",\"articleSection\":[\"Argentina\"],\"inLanguage\":\"pt-BR\"},{\"@type\":\"WebPage\",\"@id\":\"https:\\\/\\\/www.samnaz.org\\\/pt\\\/aniversario-iglesia-del-nazareno-padua\\\/\",\"url\":\"https:\\\/\\\/www.samnaz.org\\\/pt\\\/aniversario-iglesia-del-nazareno-padua\\\/\",\"name\":\"Aniversario Iglesia del Nazareno Padua | Iglesia del Nazareno Am\u00e9rica del Sur\",\"isPartOf\":{\"@id\":\"https:\\\/\\\/www.samnaz.org\\\/#website\"},\"primaryImageOfPage\":{\"@id\":\"https:\\\/\\\/www.samnaz.org\\\/pt\\\/aniversario-iglesia-del-nazareno-padua\\\/#primaryimage\"},\"image\":{\"@id\":\"https:\\\/\\\/www.samnaz.org\\\/pt\\\/aniversario-iglesia-del-nazareno-padua\\\/#primaryimage\"},\"thumbnailUrl\":\"https:\\\/\\\/www.samnaz.org\\\/wp-content\\\/uploads\\\/2017\\\/05\\\/16711864_2098918383668123_2421302989401590200_n.jpg\",\"datePublished\":\"2017-05-09T03:14:09+00:00\",\"dateModified\":\"2021-11-26T14:09:35+00:00\",\"inLanguage\":\"pt-BR\",\"potentialAction\":[{\"@type\":\"ReadAction\",\"target\":[\"https:\\\/\\\/www.samnaz.org\\\/pt\\\/aniversario-iglesia-del-nazareno-padua\\\/\"]}]},{\"@type\":\"ImageObject\",\"inLanguage\":\"pt-BR\",\"@id\":\"https:\\\/\\\/www.samnaz.org\\\/pt\\\/aniversario-iglesia-del-nazareno-padua\\\/#primaryimage\",\"url\":\"https:\\\/\\\/www.samnaz.org\\\/wp-content\\\/uploads\\\/2017\\\/05\\\/16711864_2098918383668123_2421302989401590200_n.jpg\",\"contentUrl\":\"https:\\\/\\\/www.samnaz.org\\\/wp-content\\\/uploads\\\/2017\\\/05\\\/16711864_2098918383668123_2421302989401590200_n.jpg\",\"width\":788,\"height\":940},{\"@type\":\"WebSite\",\"@id\":\"https:\\\/\\\/www.samnaz.org\\\/#website\",\"url\":\"https:\\\/\\\/www.samnaz.org\\\/\",\"name\":\"Haciendo Disc\u00edpulos Semejantes a Cristo en las naciones\",\"description\":\"Haciendo disc\u00edpulos semejantes a Cristo en las Naciones\",\"publisher\":{\"@id\":\"https:\\\/\\\/www.samnaz.org\\\/#organization\"},\"alternateName\":\"Viviendo la Gran Comisi\u00f3n\",\"potentialAction\":[{\"@type\":\"SearchAction\",\"target\":{\"@type\":\"EntryPoint\",\"urlTemplate\":\"https:\\\/\\\/www.samnaz.org\\\/?s={search_term_string}\"},\"query-input\":{\"@type\":\"PropertyValueSpecification\",\"valueRequired\":true,\"valueName\":\"search_term_string\"}}],\"inLanguage\":\"pt-BR\"},{\"@type\":\"Organization\",\"@id\":\"https:\\\/\\\/www.samnaz.org\\\/#organization\",\"name\":\"Iglesia del Nazareno Am\u00e9rica del Sur\",\"url\":\"https:\\\/\\\/www.samnaz.org\\\/\",\"logo\":{\"@type\":\"ImageObject\",\"inLanguage\":\"pt-BR\",\"@id\":\"https:\\\/\\\/www.samnaz.org\\\/#\\\/schema\\\/logo\\\/image\\\/\",\"url\":\"https:\\\/\\\/www.samnaz.org\\\/wp-content\\\/uploads\\\/2021\\\/04\\\/Logo-3-ESP.png\",\"contentUrl\":\"https:\\\/\\\/www.samnaz.org\\\/wp-content\\\/uploads\\\/2021\\\/04\\\/Logo-3-ESP.png\",\"width\":1041,\"height\":780,\"caption\":\"Iglesia del Nazareno Am\u00e9rica del Sur\"},\"image\":{\"@id\":\"https:\\\/\\\/www.samnaz.org\\\/#\\\/schema\\\/logo\\\/image\\\/\"},\"sameAs\":[\"https:\\\/\\\/www.facebook.com\\\/NazarenoEsp\",\"https:\\\/\\\/www.instagram.com\\\/nazarenoesp\\\/\"],\"publishingPrinciples\":\"https:\\\/\\\/www.samnaz.org\\\/\"},{\"@type\":\"Person\",\"@id\":\"https:\\\/\\\/www.samnaz.org\\\/#\\\/schema\\\/person\\\/c09d1131c49ba510c7e1cbb677b39927\",\"name\":\"Samnaz\",\"image\":{\"@type\":\"ImageObject\",\"inLanguage\":\"pt-BR\",\"@id\":\"https:\\\/\\\/secure.gravatar.com\\\/avatar\\\/a5baaf0e270319d09c0efce6a9dd03ff93175913c70afe26595c0069c83fa6dc?s=96&d=mm&r=g\",\"url\":\"https:\\\/\\\/secure.gravatar.com\\\/avatar\\\/a5baaf0e270319d09c0efce6a9dd03ff93175913c70afe26595c0069c83fa6dc?s=96&d=mm&r=g\",\"contentUrl\":\"https:\\\/\\\/secure.gravatar.com\\\/avatar\\\/a5baaf0e270319d09c0efce6a9dd03ff93175913c70afe26595c0069c83fa6dc?s=96&d=mm&r=g\",\"caption\":\"Samnaz\"}}]}<\/script>\n<!-- \/ Yoast SEO Premium plugin. -->","yoast_head_json":{"title":"Aniversario Iglesia del Nazareno Padua | Iglesia del Nazareno Am\u00e9rica del Sur","robots":{"index":"noindex","follow":"follow"},"og_locale":"pt_BR","og_type":"article","og_title":"Aniversario Iglesia del Nazareno Padua | Iglesia del Nazareno Am\u00e9rica del Sur","og_url":"https:\/\/www.samnaz.org\/pt\/aniversario-iglesia-del-nazareno-padua\/","og_site_name":"Iglesia del Nazareno Am\u00e9rica del Sur","article_publisher":"https:\/\/www.facebook.com\/NazarenoEsp","article_published_time":"2017-05-09T03:14:09+00:00","article_modified_time":"2021-11-26T14:09:35+00:00","og_image":[{"width":788,"height":940,"url":"https:\/\/www.samnaz.org\/wp-content\/uploads\/2017\/05\/16711864_2098918383668123_2421302989401590200_n.jpg","type":"image\/jpeg"}],"author":"Samnaz","twitter_card":"summary_large_image","twitter_misc":{"Escrito por":"Samnaz","Est. tempo de leitura":"1 minuto"},"schema":{"@context":"https:\/\/schema.org","@graph":[{"@type":"Article","@id":"https:\/\/www.samnaz.org\/pt\/aniversario-iglesia-del-nazareno-padua\/#article","isPartOf":{"@id":"https:\/\/www.samnaz.org\/pt\/aniversario-iglesia-del-nazareno-padua\/"},"author":{"name":"Samnaz","@id":"https:\/\/www.samnaz.org\/#\/schema\/person\/c09d1131c49ba510c7e1cbb677b39927"},"headline":"Aniversario Iglesia del Nazareno Padua","datePublished":"2017-05-09T03:14:09+00:00","dateModified":"2021-11-26T14:09:35+00:00","mainEntityOfPage":{"@id":"https:\/\/www.samnaz.org\/pt\/aniversario-iglesia-del-nazareno-padua\/"},"wordCount":175,"publisher":{"@id":"https:\/\/www.samnaz.org\/#organization"},"image":{"@id":"https:\/\/www.samnaz.org\/pt\/aniversario-iglesia-del-nazareno-padua\/#primaryimage"},"thumbnailUrl":"https:\/\/www.samnaz.org\/wp-content\/uploads\/2017\/05\/16711864_2098918383668123_2421302989401590200_n.jpg","articleSection":["Argentina"],"inLanguage":"pt-BR"},{"@type":"WebPage","@id":"https:\/\/www.samnaz.org\/pt\/aniversario-iglesia-del-nazareno-padua\/","url":"https:\/\/www.samnaz.org\/pt\/aniversario-iglesia-del-nazareno-padua\/","name":"Aniversario Iglesia del Nazareno Padua | Iglesia del Nazareno Am\u00e9rica del Sur","isPartOf":{"@id":"https:\/\/www.samnaz.org\/#website"},"primaryImageOfPage":{"@id":"https:\/\/www.samnaz.org\/pt\/aniversario-iglesia-del-nazareno-padua\/#primaryimage"},"image":{"@id":"https:\/\/www.samnaz.org\/pt\/aniversario-iglesia-del-nazareno-padua\/#primaryimage"},"thumbnailUrl":"https:\/\/www.samnaz.org\/wp-content\/uploads\/2017\/05\/16711864_2098918383668123_2421302989401590200_n.jpg","datePublished":"2017-05-09T03:14:09+00:00","dateModified":"2021-11-26T14:09:35+00:00","inLanguage":"pt-BR","potentialAction":[{"@type":"ReadAction","target":["https:\/\/www.samnaz.org\/pt\/aniversario-iglesia-del-nazareno-padua\/"]}]},{"@type":"ImageObject","inLanguage":"pt-BR","@id":"https:\/\/www.samnaz.org\/pt\/aniversario-iglesia-del-nazareno-padua\/#primaryimage","url":"https:\/\/www.samnaz.org\/wp-content\/uploads\/2017\/05\/16711864_2098918383668123_2421302989401590200_n.jpg","contentUrl":"https:\/\/www.samnaz.org\/wp-content\/uploads\/2017\/05\/16711864_2098918383668123_2421302989401590200_n.jpg","width":788,"height":940},{"@type":"WebSite","@id":"https:\/\/www.samnaz.org\/#website","url":"https:\/\/www.samnaz.org\/","name":"Haciendo Disc\u00edpulos Semejantes a Cristo en las naciones","description":"Haciendo disc\u00edpulos semejantes a Cristo en las Naciones","publisher":{"@id":"https:\/\/www.samnaz.org\/#organization"},"alternateName":"Viviendo la Gran Comisi\u00f3n","potentialAction":[{"@type":"SearchAction","target":{"@type":"EntryPoint","urlTemplate":"https:\/\/www.samnaz.org\/?s={search_term_string}"},"query-input":{"@type":"PropertyValueSpecification","valueRequired":true,"valueName":"search_term_string"}}],"inLanguage":"pt-BR"},{"@type":"Organization","@id":"https:\/\/www.samnaz.org\/#organization","name":"Iglesia del Nazareno Am\u00e9rica del Sur","url":"https:\/\/www.samnaz.org\/","logo":{"@type":"ImageObject","inLanguage":"pt-BR","@id":"https:\/\/www.samnaz.org\/#\/schema\/logo\/image\/","url":"https:\/\/www.samnaz.org\/wp-content\/uploads\/2021\/04\/Logo-3-ESP.png","contentUrl":"https:\/\/www.samnaz.org\/wp-content\/uploads\/2021\/04\/Logo-3-ESP.png","width":1041,"height":780,"caption":"Iglesia del Nazareno Am\u00e9rica del Sur"},"image":{"@id":"https:\/\/www.samnaz.org\/#\/schema\/logo\/image\/"},"sameAs":["https:\/\/www.facebook.com\/NazarenoEsp","https:\/\/www.instagram.com\/nazarenoesp\/"],"publishingPrinciples":"https:\/\/www.samnaz.org\/"},{"@type":"Person","@id":"https:\/\/www.samnaz.org\/#\/schema\/person\/c09d1131c49ba510c7e1cbb677b39927","name":"Samnaz","image":{"@type":"ImageObject","inLanguage":"pt-BR","@id":"https:\/\/secure.gravatar.com\/avatar\/a5baaf0e270319d09c0efce6a9dd03ff93175913c70afe26595c0069c83fa6dc?s=96&d=mm&r=g","url":"https:\/\/secure.gravatar.com\/avatar\/a5baaf0e270319d09c0efce6a9dd03ff93175913c70afe26595c0069c83fa6dc?s=96&d=mm&r=g","contentUrl":"https:\/\/secure.gravatar.com\/avatar\/a5baaf0e270319d09c0efce6a9dd03ff93175913c70afe26595c0069c83fa6dc?s=96&d=mm&r=g","caption":"Samnaz"}}]}},"_links":{"self":[{"href":"https:\/\/www.samnaz.org\/pt\/wp-json\/wp\/v2\/posts\/36270","targetHints":{"allow":["GET"]}}],"collection":[{"href":"https:\/\/www.samnaz.org\/pt\/wp-json\/wp\/v2\/posts"}],"about":[{"href":"https:\/\/www.samnaz.org\/pt\/wp-json\/wp\/v2\/types\/post"}],"author":[{"embeddable":true,"href":"https:\/\/www.samnaz.org\/pt\/wp-json\/wp\/v2\/users\/4"}],"replies":[{"embeddable":true,"href":"https:\/\/www.samnaz.org\/pt\/wp-json\/wp\/v2\/comments?post=36270"}],"version-history":[{"count":1,"href":"https:\/\/www.samnaz.org\/pt\/wp-json\/wp\/v2\/posts\/36270\/revisions"}],"predecessor-version":[{"id":36309,"href":"https:\/\/www.samnaz.org\/pt\/wp-json\/wp\/v2\/posts\/36270\/revisions\/36309"}],"wp:featuredmedia":[{"embeddable":true,"href":"https:\/\/www.samnaz.org\/pt\/wp-json\/wp\/v2\/media\/36271"}],"wp:attachment":[{"href":"https:\/\/www.samnaz.org\/pt\/wp-json\/wp\/v2\/media?parent=36270"}],"wp:term":[{"taxonomy":"category","embeddable":true,"href":"https:\/\/www.samnaz.org\/pt\/wp-json\/wp\/v2\/categories?post=36270"},{"taxonomy":"post_tag","embeddable":true,"href":"https:\/\/www.samnaz.org\/pt\/wp-json\/wp\/v2\/tags?post=36270"}],"curies":[{"name":"wp","href":"https:\/\/api.w.org\/{rel}","templated":true}]}}