{"id":36426,"date":"2019-10-23T03:59:36","date_gmt":"2019-10-23T06:59:36","guid":{"rendered":"https:\/\/www.samnaz.org\/?p=28952"},"modified":"2021-11-26T11:09:15","modified_gmt":"2021-11-26T14:09:15","slug":"capacitacion-para-plantacion-de-nuevas-iglesias-en-venezuela","status":"publish","type":"post","link":"https:\/\/www.samnaz.org\/pt\/capacitacion-para-plantacion-de-nuevas-iglesias-en-venezuela\/","title":{"rendered":"CAPACITACI\u00d3N PARA PLANTACI\u00d3N DE NUEVAS IGLESIAS EN VENEZUELA"},"content":{"rendered":"<p>[et_pb_section bb_built=\u00bb1&#8243; _builder_version=\u00bb3.0.47&#8243; custom_padding=\u00bb0px|0px|3px|0px\u00bb][et_pb_row _builder_version=\u00bb3.0.47&#8243; background_size=\u00bbinitial\u00bb background_position=\u00bbtop_left\u00bb background_repeat=\u00bbrepeat\u00bb custom_padding=\u00bb43px|0px|0px|0px\u00bb][et_pb_column type=\u00bb2_3&#8243;][et_pb_post_title categories=\u00bboff\u00bb _builder_version=\u00bb3.0.105&#8243; title_font=\u00bb||||||||\u00bb title_font_size=\u00bb35px\u00bb title_text_color=\u00bb#db6553&#8243; meta_font=\u00bb||||||||\u00bb meta_font_size=\u00bb13px\u00bb \/][et_pb_text _builder_version=\u00bb3.0.105&#8243; background_layout=\u00bblight\u00bb]<\/p>\n<p style=\"text-align: justify;\"><strong>(CNAS Venezuela) <\/strong>A pesar de la dif\u00edcil situaci\u00f3n econ\u00f3mica y social que est\u00e1 atravesando este pa\u00eds, Dios est\u00e1 motivando a los pastores y l\u00edderes a capacitarse y prepararse para seguir extendiendo el reino de Dios en Venezuela a trav\u00e9s de la plantaci\u00f3n de nuevas Iglesias.<\/p>\n<p style=\"text-align: justify;\">El Ministerio de Evangelismo Nacional, encabezado por el Pastor Allan D\u00edaz, bajo la supervisi\u00f3n\u00a0del Rev. Carlos Cordero (CIM), ha planificado dictar esta capacitaci\u00f3n llamada Esenciales para la Plantaci\u00f3n de Nuevas Iglesias, m\u00e1s conocido por sus siglas DCPI (Dynamic Church Planting International); con el fin de preparar nuevos pastores y l\u00edderes para que se conviertan en plantadores apasionados de nuevas iglesias.<\/p>\n<p style=\"text-align: justify;\">Durante este a\u00f1o, dicha capacitaci\u00f3n ha tenido lugar en 4 de los 5 distritos que conforman este pa\u00eds, logrando hasta ahora un total de 70 l\u00edderes capacitados como plantadores quienes alcanzaron proyectar la plantaci\u00f3n de 32 nuevas iglesias para el a\u00f1o 2020, persiguiendo la meta de la Visi\u00f3n 2020 planteada por la Regi\u00f3n Am\u00e9rica del Sur.<\/p>\n<p style=\"text-align: justify;\">Para dar total cumpliendo a su planificaci\u00f3n 2019, el Ministerio de Evangelismo Nacional tiene planificado abarcar el distrito restante en el pr\u00f3ximo mes de noviembre, cuya capacitaci\u00f3n tendr\u00e1 lugar en la Zona Perij\u00e1 del Distrito Venezuela Lago; donde se aspira adiestrar a un m\u00ednimo de 30 nuevos plantadores.<\/p>\n<p style=\"text-align: justify;\"><strong><em>Fonte <\/em><\/strong><em>Evangelismo Venezuela<\/em><\/p>\n<p>[\/et_pb_text][et_pb_gallery gallery_ids=\u00bb28900,28899,28898,28897,28896,28895,28894&#8243; show_title_and_caption=\u00bboff\u00bb _builder_version=\u00bb3.0.105&#8243; pagination_font_size_tablet=\u00bb51&#8243; pagination_line_height_tablet=\u00bb2&#8243; show_pagination=\u00bbon\u00bb fullwidth=\u00bboff\u00bb orientation=\u00bblandscape\u00bb zoom_icon_color=\u00bb#db6553&#8243; hover_overlay_color=\u00bbrgba(255,255,255,0.9)\u00bb background_layout=\u00bblight\u00bb \/][\/et_pb_column][et_pb_column type=\u00bb1_3&#8243;][et_pb_sidebar orientation=\u00bbright\u00bb area=\u00bbsidebar-1&#8243; show_border=\u00bboff\u00bb _builder_version=\u00bb3.0.105&#8243; header_font_size=\u00bb14&#8243; header_text_color=\u00bb#db6553&#8243; text_orientation=\u00bbright\u00bb \/][\/et_pb_column][\/et_pb_row][\/et_pb_section]<\/p>\n<span class=\"et_bloom_bottom_trigger\"><\/span>","protected":false},"excerpt":{"rendered":"<p>(CNAS Venezuela) A pesar de la dif\u00edcil situaci\u00f3n econ\u00f3mica y social que est\u00e1 atravesando este pa\u00eds, Dios est\u00e1 motivando a los pastores y l\u00edderes a capacitarse y prepararse para seguir extendiendo el reino de Dios en Venezuela a trav\u00e9s de la plantaci\u00f3n de nuevas Iglesias. El Ministerio de Evangelismo Nacional, encabezado por el Pastor Allan [&hellip;]<\/p>","protected":false},"author":4,"featured_media":36427,"comment_status":"closed","ping_status":"closed","sticky":false,"template":"","format":"standard","meta":{"_et_pb_use_builder":"on","_et_pb_old_content":"","_et_gb_content_width":"","_monsterinsights_skip_tracking":false,"_monsterinsights_sitenote_active":false,"_monsterinsights_sitenote_note":"","_monsterinsights_sitenote_category":0,"_vp_format_video_url":"","_vp_image_focal_point":[],"footnotes":""},"categories":[61,7],"tags":[],"class_list":["post-36426","post","type-post","status-publish","format-standard","has-post-thumbnail","hentry","category-evangelismo","category-venezuela"],"yoast_head":"<!-- This site is optimized with the Yoast SEO Premium plugin v23.6 (Yoast SEO v27.4) - https:\/\/yoast.com\/product\/yoast-seo-premium-wordpress\/ -->\n<title>CAPACITACI\u00d3N PARA PLANTACI\u00d3N DE NUEVAS IGLESIAS EN VENEZUELA | Iglesia del Nazareno Am\u00e9rica del Sur<\/title>\n<meta name=\"robots\" content=\"noindex, follow\" \/>\n<meta property=\"og:locale\" content=\"pt_BR\" \/>\n<meta property=\"og:type\" content=\"article\" \/>\n<meta property=\"og:title\" content=\"CAPACITACI\u00d3N PARA PLANTACI\u00d3N DE NUEVAS IGLESIAS EN VENEZUELA | Iglesia del Nazareno Am\u00e9rica del Sur\" \/>\n<meta property=\"og:url\" content=\"https:\/\/www.samnaz.org\/pt\/capacitacion-para-plantacion-de-nuevas-iglesias-en-venezuela\/\" \/>\n<meta property=\"og:site_name\" content=\"Iglesia del Nazareno Am\u00e9rica del Sur\" \/>\n<meta property=\"article:publisher\" content=\"https:\/\/www.facebook.com\/NazarenoEsp\" \/>\n<meta property=\"article:published_time\" content=\"2019-10-23T06:59:36+00:00\" \/>\n<meta property=\"article:modified_time\" content=\"2021-11-26T14:09:15+00:00\" \/>\n<meta property=\"og:image\" content=\"https:\/\/www.samnaz.org\/wp-content\/uploads\/2019\/10\/IMG-20190429-WA0002.jpg\" \/>\n\t<meta property=\"og:image:width\" content=\"1080\" \/>\n\t<meta property=\"og:image:height\" content=\"810\" \/>\n\t<meta property=\"og:image:type\" content=\"image\/jpeg\" \/>\n<meta name=\"author\" content=\"Samnaz\" \/>\n<meta name=\"twitter:card\" content=\"summary_large_image\" \/>\n<meta name=\"twitter:label1\" content=\"Escrito por\" \/>\n\t<meta name=\"twitter:data1\" content=\"Samnaz\" \/>\n\t<meta name=\"twitter:label2\" content=\"Est. tempo de leitura\" \/>\n\t<meta name=\"twitter:data2\" content=\"2 minutos\" \/>\n<script type=\"application\/ld+json\" class=\"yoast-schema-graph\">{\"@context\":\"https:\\\/\\\/schema.org\",\"@graph\":[{\"@type\":\"Article\",\"@id\":\"https:\\\/\\\/www.samnaz.org\\\/pt\\\/capacitacion-para-plantacion-de-nuevas-iglesias-en-venezuela\\\/#article\",\"isPartOf\":{\"@id\":\"https:\\\/\\\/www.samnaz.org\\\/pt\\\/capacitacion-para-plantacion-de-nuevas-iglesias-en-venezuela\\\/\"},\"author\":{\"name\":\"Samnaz\",\"@id\":\"https:\\\/\\\/www.samnaz.org\\\/#\\\/schema\\\/person\\\/c09d1131c49ba510c7e1cbb677b39927\"},\"headline\":\"CAPACITACI\u00d3N PARA PLANTACI\u00d3N DE NUEVAS IGLESIAS EN VENEZUELA\",\"datePublished\":\"2019-10-23T06:59:36+00:00\",\"dateModified\":\"2021-11-26T14:09:15+00:00\",\"mainEntityOfPage\":{\"@id\":\"https:\\\/\\\/www.samnaz.org\\\/pt\\\/capacitacion-para-plantacion-de-nuevas-iglesias-en-venezuela\\\/\"},\"wordCount\":390,\"publisher\":{\"@id\":\"https:\\\/\\\/www.samnaz.org\\\/#organization\"},\"image\":{\"@id\":\"https:\\\/\\\/www.samnaz.org\\\/pt\\\/capacitacion-para-plantacion-de-nuevas-iglesias-en-venezuela\\\/#primaryimage\"},\"thumbnailUrl\":\"https:\\\/\\\/www.samnaz.org\\\/wp-content\\\/uploads\\\/2019\\\/10\\\/IMG-20190429-WA0002.jpg\",\"articleSection\":[\"Evangelismo\",\"Venezuela\"],\"inLanguage\":\"pt-BR\"},{\"@type\":\"WebPage\",\"@id\":\"https:\\\/\\\/www.samnaz.org\\\/pt\\\/capacitacion-para-plantacion-de-nuevas-iglesias-en-venezuela\\\/\",\"url\":\"https:\\\/\\\/www.samnaz.org\\\/pt\\\/capacitacion-para-plantacion-de-nuevas-iglesias-en-venezuela\\\/\",\"name\":\"CAPACITACI\u00d3N PARA PLANTACI\u00d3N DE NUEVAS IGLESIAS EN VENEZUELA | Iglesia del Nazareno Am\u00e9rica del Sur\",\"isPartOf\":{\"@id\":\"https:\\\/\\\/www.samnaz.org\\\/#website\"},\"primaryImageOfPage\":{\"@id\":\"https:\\\/\\\/www.samnaz.org\\\/pt\\\/capacitacion-para-plantacion-de-nuevas-iglesias-en-venezuela\\\/#primaryimage\"},\"image\":{\"@id\":\"https:\\\/\\\/www.samnaz.org\\\/pt\\\/capacitacion-para-plantacion-de-nuevas-iglesias-en-venezuela\\\/#primaryimage\"},\"thumbnailUrl\":\"https:\\\/\\\/www.samnaz.org\\\/wp-content\\\/uploads\\\/2019\\\/10\\\/IMG-20190429-WA0002.jpg\",\"datePublished\":\"2019-10-23T06:59:36+00:00\",\"dateModified\":\"2021-11-26T14:09:15+00:00\",\"inLanguage\":\"pt-BR\",\"potentialAction\":[{\"@type\":\"ReadAction\",\"target\":[\"https:\\\/\\\/www.samnaz.org\\\/pt\\\/capacitacion-para-plantacion-de-nuevas-iglesias-en-venezuela\\\/\"]}]},{\"@type\":\"ImageObject\",\"inLanguage\":\"pt-BR\",\"@id\":\"https:\\\/\\\/www.samnaz.org\\\/pt\\\/capacitacion-para-plantacion-de-nuevas-iglesias-en-venezuela\\\/#primaryimage\",\"url\":\"https:\\\/\\\/www.samnaz.org\\\/wp-content\\\/uploads\\\/2019\\\/10\\\/IMG-20190429-WA0002.jpg\",\"contentUrl\":\"https:\\\/\\\/www.samnaz.org\\\/wp-content\\\/uploads\\\/2019\\\/10\\\/IMG-20190429-WA0002.jpg\",\"width\":1080,\"height\":810},{\"@type\":\"WebSite\",\"@id\":\"https:\\\/\\\/www.samnaz.org\\\/#website\",\"url\":\"https:\\\/\\\/www.samnaz.org\\\/\",\"name\":\"Haciendo Disc\u00edpulos Semejantes a Cristo en las naciones\",\"description\":\"Haciendo disc\u00edpulos semejantes a Cristo en las Naciones\",\"publisher\":{\"@id\":\"https:\\\/\\\/www.samnaz.org\\\/#organization\"},\"alternateName\":\"Viviendo la Gran Comisi\u00f3n\",\"potentialAction\":[{\"@type\":\"SearchAction\",\"target\":{\"@type\":\"EntryPoint\",\"urlTemplate\":\"https:\\\/\\\/www.samnaz.org\\\/?s={search_term_string}\"},\"query-input\":{\"@type\":\"PropertyValueSpecification\",\"valueRequired\":true,\"valueName\":\"search_term_string\"}}],\"inLanguage\":\"pt-BR\"},{\"@type\":\"Organization\",\"@id\":\"https:\\\/\\\/www.samnaz.org\\\/#organization\",\"name\":\"Iglesia del Nazareno Am\u00e9rica del Sur\",\"url\":\"https:\\\/\\\/www.samnaz.org\\\/\",\"logo\":{\"@type\":\"ImageObject\",\"inLanguage\":\"pt-BR\",\"@id\":\"https:\\\/\\\/www.samnaz.org\\\/#\\\/schema\\\/logo\\\/image\\\/\",\"url\":\"https:\\\/\\\/www.samnaz.org\\\/wp-content\\\/uploads\\\/2021\\\/04\\\/Logo-3-ESP.png\",\"contentUrl\":\"https:\\\/\\\/www.samnaz.org\\\/wp-content\\\/uploads\\\/2021\\\/04\\\/Logo-3-ESP.png\",\"width\":1041,\"height\":780,\"caption\":\"Iglesia del Nazareno Am\u00e9rica del Sur\"},\"image\":{\"@id\":\"https:\\\/\\\/www.samnaz.org\\\/#\\\/schema\\\/logo\\\/image\\\/\"},\"sameAs\":[\"https:\\\/\\\/www.facebook.com\\\/NazarenoEsp\",\"https:\\\/\\\/www.instagram.com\\\/nazarenoesp\\\/\"],\"publishingPrinciples\":\"https:\\\/\\\/www.samnaz.org\\\/\"},{\"@type\":\"Person\",\"@id\":\"https:\\\/\\\/www.samnaz.org\\\/#\\\/schema\\\/person\\\/c09d1131c49ba510c7e1cbb677b39927\",\"name\":\"Samnaz\",\"image\":{\"@type\":\"ImageObject\",\"inLanguage\":\"pt-BR\",\"@id\":\"https:\\\/\\\/secure.gravatar.com\\\/avatar\\\/a5baaf0e270319d09c0efce6a9dd03ff93175913c70afe26595c0069c83fa6dc?s=96&d=mm&r=g\",\"url\":\"https:\\\/\\\/secure.gravatar.com\\\/avatar\\\/a5baaf0e270319d09c0efce6a9dd03ff93175913c70afe26595c0069c83fa6dc?s=96&d=mm&r=g\",\"contentUrl\":\"https:\\\/\\\/secure.gravatar.com\\\/avatar\\\/a5baaf0e270319d09c0efce6a9dd03ff93175913c70afe26595c0069c83fa6dc?s=96&d=mm&r=g\",\"caption\":\"Samnaz\"}}]}<\/script>\n<!-- \/ Yoast SEO Premium plugin. -->","yoast_head_json":{"title":"CAPACITACI\u00d3N PARA PLANTACI\u00d3N DE NUEVAS IGLESIAS EN VENEZUELA | Iglesia del Nazareno Am\u00e9rica del Sur","robots":{"index":"noindex","follow":"follow"},"og_locale":"pt_BR","og_type":"article","og_title":"CAPACITACI\u00d3N PARA PLANTACI\u00d3N DE NUEVAS IGLESIAS EN VENEZUELA | Iglesia del Nazareno Am\u00e9rica del Sur","og_url":"https:\/\/www.samnaz.org\/pt\/capacitacion-para-plantacion-de-nuevas-iglesias-en-venezuela\/","og_site_name":"Iglesia del Nazareno Am\u00e9rica del Sur","article_publisher":"https:\/\/www.facebook.com\/NazarenoEsp","article_published_time":"2019-10-23T06:59:36+00:00","article_modified_time":"2021-11-26T14:09:15+00:00","og_image":[{"width":1080,"height":810,"url":"https:\/\/www.samnaz.org\/wp-content\/uploads\/2019\/10\/IMG-20190429-WA0002.jpg","type":"image\/jpeg"}],"author":"Samnaz","twitter_card":"summary_large_image","twitter_misc":{"Escrito por":"Samnaz","Est. tempo de leitura":"2 minutos"},"schema":{"@context":"https:\/\/schema.org","@graph":[{"@type":"Article","@id":"https:\/\/www.samnaz.org\/pt\/capacitacion-para-plantacion-de-nuevas-iglesias-en-venezuela\/#article","isPartOf":{"@id":"https:\/\/www.samnaz.org\/pt\/capacitacion-para-plantacion-de-nuevas-iglesias-en-venezuela\/"},"author":{"name":"Samnaz","@id":"https:\/\/www.samnaz.org\/#\/schema\/person\/c09d1131c49ba510c7e1cbb677b39927"},"headline":"CAPACITACI\u00d3N PARA PLANTACI\u00d3N DE NUEVAS IGLESIAS EN VENEZUELA","datePublished":"2019-10-23T06:59:36+00:00","dateModified":"2021-11-26T14:09:15+00:00","mainEntityOfPage":{"@id":"https:\/\/www.samnaz.org\/pt\/capacitacion-para-plantacion-de-nuevas-iglesias-en-venezuela\/"},"wordCount":390,"publisher":{"@id":"https:\/\/www.samnaz.org\/#organization"},"image":{"@id":"https:\/\/www.samnaz.org\/pt\/capacitacion-para-plantacion-de-nuevas-iglesias-en-venezuela\/#primaryimage"},"thumbnailUrl":"https:\/\/www.samnaz.org\/wp-content\/uploads\/2019\/10\/IMG-20190429-WA0002.jpg","articleSection":["Evangelismo","Venezuela"],"inLanguage":"pt-BR"},{"@type":"WebPage","@id":"https:\/\/www.samnaz.org\/pt\/capacitacion-para-plantacion-de-nuevas-iglesias-en-venezuela\/","url":"https:\/\/www.samnaz.org\/pt\/capacitacion-para-plantacion-de-nuevas-iglesias-en-venezuela\/","name":"CAPACITACI\u00d3N PARA PLANTACI\u00d3N DE NUEVAS IGLESIAS EN VENEZUELA | Iglesia del Nazareno Am\u00e9rica del Sur","isPartOf":{"@id":"https:\/\/www.samnaz.org\/#website"},"primaryImageOfPage":{"@id":"https:\/\/www.samnaz.org\/pt\/capacitacion-para-plantacion-de-nuevas-iglesias-en-venezuela\/#primaryimage"},"image":{"@id":"https:\/\/www.samnaz.org\/pt\/capacitacion-para-plantacion-de-nuevas-iglesias-en-venezuela\/#primaryimage"},"thumbnailUrl":"https:\/\/www.samnaz.org\/wp-content\/uploads\/2019\/10\/IMG-20190429-WA0002.jpg","datePublished":"2019-10-23T06:59:36+00:00","dateModified":"2021-11-26T14:09:15+00:00","inLanguage":"pt-BR","potentialAction":[{"@type":"ReadAction","target":["https:\/\/www.samnaz.org\/pt\/capacitacion-para-plantacion-de-nuevas-iglesias-en-venezuela\/"]}]},{"@type":"ImageObject","inLanguage":"pt-BR","@id":"https:\/\/www.samnaz.org\/pt\/capacitacion-para-plantacion-de-nuevas-iglesias-en-venezuela\/#primaryimage","url":"https:\/\/www.samnaz.org\/wp-content\/uploads\/2019\/10\/IMG-20190429-WA0002.jpg","contentUrl":"https:\/\/www.samnaz.org\/wp-content\/uploads\/2019\/10\/IMG-20190429-WA0002.jpg","width":1080,"height":810},{"@type":"WebSite","@id":"https:\/\/www.samnaz.org\/#website","url":"https:\/\/www.samnaz.org\/","name":"Haciendo Disc\u00edpulos Semejantes a Cristo en las naciones","description":"Haciendo disc\u00edpulos semejantes a Cristo en las Naciones","publisher":{"@id":"https:\/\/www.samnaz.org\/#organization"},"alternateName":"Viviendo la Gran Comisi\u00f3n","potentialAction":[{"@type":"SearchAction","target":{"@type":"EntryPoint","urlTemplate":"https:\/\/www.samnaz.org\/?s={search_term_string}"},"query-input":{"@type":"PropertyValueSpecification","valueRequired":true,"valueName":"search_term_string"}}],"inLanguage":"pt-BR"},{"@type":"Organization","@id":"https:\/\/www.samnaz.org\/#organization","name":"Iglesia del Nazareno Am\u00e9rica del Sur","url":"https:\/\/www.samnaz.org\/","logo":{"@type":"ImageObject","inLanguage":"pt-BR","@id":"https:\/\/www.samnaz.org\/#\/schema\/logo\/image\/","url":"https:\/\/www.samnaz.org\/wp-content\/uploads\/2021\/04\/Logo-3-ESP.png","contentUrl":"https:\/\/www.samnaz.org\/wp-content\/uploads\/2021\/04\/Logo-3-ESP.png","width":1041,"height":780,"caption":"Iglesia del Nazareno Am\u00e9rica del Sur"},"image":{"@id":"https:\/\/www.samnaz.org\/#\/schema\/logo\/image\/"},"sameAs":["https:\/\/www.facebook.com\/NazarenoEsp","https:\/\/www.instagram.com\/nazarenoesp\/"],"publishingPrinciples":"https:\/\/www.samnaz.org\/"},{"@type":"Person","@id":"https:\/\/www.samnaz.org\/#\/schema\/person\/c09d1131c49ba510c7e1cbb677b39927","name":"Samnaz","image":{"@type":"ImageObject","inLanguage":"pt-BR","@id":"https:\/\/secure.gravatar.com\/avatar\/a5baaf0e270319d09c0efce6a9dd03ff93175913c70afe26595c0069c83fa6dc?s=96&d=mm&r=g","url":"https:\/\/secure.gravatar.com\/avatar\/a5baaf0e270319d09c0efce6a9dd03ff93175913c70afe26595c0069c83fa6dc?s=96&d=mm&r=g","contentUrl":"https:\/\/secure.gravatar.com\/avatar\/a5baaf0e270319d09c0efce6a9dd03ff93175913c70afe26595c0069c83fa6dc?s=96&d=mm&r=g","caption":"Samnaz"}}]}},"_links":{"self":[{"href":"https:\/\/www.samnaz.org\/pt\/wp-json\/wp\/v2\/posts\/36426","targetHints":{"allow":["GET"]}}],"collection":[{"href":"https:\/\/www.samnaz.org\/pt\/wp-json\/wp\/v2\/posts"}],"about":[{"href":"https:\/\/www.samnaz.org\/pt\/wp-json\/wp\/v2\/types\/post"}],"author":[{"embeddable":true,"href":"https:\/\/www.samnaz.org\/pt\/wp-json\/wp\/v2\/users\/4"}],"replies":[{"embeddable":true,"href":"https:\/\/www.samnaz.org\/pt\/wp-json\/wp\/v2\/comments?post=36426"}],"version-history":[{"count":1,"href":"https:\/\/www.samnaz.org\/pt\/wp-json\/wp\/v2\/posts\/36426\/revisions"}],"predecessor-version":[{"id":36552,"href":"https:\/\/www.samnaz.org\/pt\/wp-json\/wp\/v2\/posts\/36426\/revisions\/36552"}],"wp:featuredmedia":[{"embeddable":true,"href":"https:\/\/www.samnaz.org\/pt\/wp-json\/wp\/v2\/media\/36427"}],"wp:attachment":[{"href":"https:\/\/www.samnaz.org\/pt\/wp-json\/wp\/v2\/media?parent=36426"}],"wp:term":[{"taxonomy":"category","embeddable":true,"href":"https:\/\/www.samnaz.org\/pt\/wp-json\/wp\/v2\/categories?post=36426"},{"taxonomy":"post_tag","embeddable":true,"href":"https:\/\/www.samnaz.org\/pt\/wp-json\/wp\/v2\/tags?post=36426"}],"curies":[{"name":"wp","href":"https:\/\/api.w.org\/{rel}","templated":true}]}}