{"id":36436,"date":"2019-09-18T22:06:22","date_gmt":"2019-09-19T01:06:22","guid":{"rendered":"https:\/\/www.samnaz.org\/?p=28862"},"modified":"2021-11-26T11:09:16","modified_gmt":"2021-11-26T14:09:16","slug":"retiro-de-ninos-formando-un-corazon-misionero","status":"publish","type":"post","link":"https:\/\/www.samnaz.org\/pt\/retiro-de-ninos-formando-un-corazon-misionero\/","title":{"rendered":"RETIRO DE NI\u00d1OS \u201cFORMANDO UN CORAZ\u00d3N MISIONERO\u201d"},"content":{"rendered":"<p>[et_pb_section bb_built=\u00bb1&#8243; _builder_version=\u00bb3.0.47&#8243; custom_padding=\u00bb0px|0px|3px|0px\u00bb][et_pb_row _builder_version=\u00bb3.0.47&#8243; background_size=\u00bbinitial\u00bb background_position=\u00bbtop_left\u00bb background_repeat=\u00bbrepeat\u00bb custom_padding=\u00bb43px|0px|0px|0px\u00bb][et_pb_column type=\u00bb2_3&#8243;][et_pb_post_title categories=\u00bboff\u00bb _builder_version=\u00bb3.0.105&#8243; title_font=\u00bb||||||||\u00bb title_font_size=\u00bb35px\u00bb title_text_color=\u00bb#db6553&#8243; meta_font=\u00bb||||||||\u00bb meta_font_size=\u00bb13px\u00bb \/][et_pb_text _builder_version=\u00bb3.0.105&#8243; background_layout=\u00bblight\u00bb]<\/p>\n<p style=\"text-align: justify;\"><strong>(CNAS Per\u00fa) <\/strong>La capacitaci\u00f3n de los ni\u00f1os ha sido y es una preocupaci\u00f3n de todas las instancias de la Iglesia empezando por el autor de la vida\u00a0(Prov.22:6). Dentro de los objetivos de la MNI rescatamos el \u201cInvolucrar a los ni\u00f1os y j\u00f3venes en las misiones\u201d es por ello que el Concilio de MNI del Distrito Per\u00fa Norte cada a\u00f1o viene realizando un retiro para ni\u00f1os de 9 a 11 a\u00f1os denominado \u201cFormando un coraz\u00f3n Misionero\u201d; este retiro busca inspirar a los ni\u00f1os en la misi\u00f3n de Dios, fomentar la participaci\u00f3n de los ni\u00f1os en las misiones y lograr\u00a0un acercamiento de los ni\u00f1os a los l\u00edderes y misioneros de la iglesia del Nazareno.<\/p>\n<p style=\"text-align: justify;\">La versi\u00f3n de este a\u00f1o se llev\u00f3 a cabo los d\u00edas 6 y 7 de septiembre, y reuni\u00f3 aproximadamente a 150 ni\u00f1os.\u00a0\u00a0Ellos participaron de talleres como <em>\u201cSoy del cuerpo\u201d, \u201c\u00bfQu\u00e9 tienes en tu mano?\u201d, \u201cTengo un encargo\u201d.<\/em>\u00a0\u00a0Tambi\u00e9n participaron de din\u00e1micas, competencias, un culto especial con un llamado a la misi\u00f3n, con la pastora Merly V\u00e1squez, y un concierto con el grupo \u201cGloria Kids\u201d. En el segmento \u201cConociendo la vida y labor ministerial de los Misioneros\u201d invitaron a los misioneros David y Ruth Huanca, quienes compartieron acerca de su llamado, del pa\u00eds que vienen, las tareas que desarrollan, terminando con un panel de preguntas donde los ni\u00f1os expresaron su inter\u00e9s e inquietudes acerca de la vida de los misioneros.<\/p>\n<p style=\"text-align: justify;\">Al culminar el evento se realiza un\u00a0seguimiento a todos los\u00a0ni\u00f1os participantes del retiro, con el prop\u00f3sito de continuar su formaci\u00f3n misionera, con la ayuda de l\u00edderes distritales,\u00a0locales, pastores, y misioneros.<\/p>\n<p style=\"text-align: justify;\">Gracias a Dios por permitir que el retiro \u201cFormando un coraz\u00f3n misionero\u201d se desarrolle cada a\u00f1o. Gracias a todo el equipo de MNI por su colaboraci\u00f3n y a los pastores que fueron de gran apoyo. Gracias al distrito Per\u00fa Norte por la oportunidad que nos brinda de fomentar el esp\u00edritu misionero en cada ni\u00f1o.<\/p>\n<p style=\"text-align: justify;\">Oremos por cada ni\u00f1o para que contin\u00fae fiel al llamado de Dios a trav\u00e9s de su compromiso en las misiones.<\/p>\n<p style=\"text-align: justify;\"><strong><em>Fonte<\/em><\/strong><em>: Carlos Saavedra<\/em><\/p>\n<p>[\/et_pb_text][et_pb_gallery gallery_ids=\u00bb28798,28796,28795,28794,28793,28792,28791,28790,28788,28787&#8243; show_title_and_caption=\u00bboff\u00bb _builder_version=\u00bb3.0.105&#8243; pagination_font_size_tablet=\u00bb51&#8243; pagination_line_height_tablet=\u00bb2&#8243; show_pagination=\u00bbon\u00bb fullwidth=\u00bboff\u00bb orientation=\u00bblandscape\u00bb zoom_icon_color=\u00bb#db6553&#8243; hover_overlay_color=\u00bbrgba(255,255,255,0.9)\u00bb background_layout=\u00bblight\u00bb \/][\/et_pb_column][et_pb_column type=\u00bb1_3&#8243;][et_pb_sidebar orientation=\u00bbright\u00bb area=\u00bbsidebar-1&#8243; show_border=\u00bboff\u00bb _builder_version=\u00bb3.0.105&#8243; header_font_size=\u00bb14&#8243; header_text_color=\u00bb#db6553&#8243; text_orientation=\u00bbright\u00bb \/][\/et_pb_column][\/et_pb_row][\/et_pb_section]<\/p>\n<span class=\"et_bloom_bottom_trigger\"><\/span>","protected":false},"excerpt":{"rendered":"<p>(CNAS Per\u00fa) La capacitaci\u00f3n de los ni\u00f1os ha sido y es una preocupaci\u00f3n de todas las instancias de la Iglesia empezando por el autor de la vida\u00a0(Prov.22:6). Dentro de los objetivos de la MNI rescatamos el \u201cInvolucrar a los ni\u00f1os y j\u00f3venes en las misiones\u201d es por ello que el Concilio de MNI del Distrito [&hellip;]<\/p>","protected":false},"author":4,"featured_media":36437,"comment_status":"closed","ping_status":"closed","sticky":false,"template":"","format":"standard","meta":{"_et_pb_use_builder":"on","_et_pb_old_content":"","_et_gb_content_width":"","_monsterinsights_skip_tracking":false,"_monsterinsights_sitenote_active":false,"_monsterinsights_sitenote_note":"","_monsterinsights_sitenote_category":0,"_vp_format_video_url":"","_vp_image_focal_point":[],"footnotes":""},"categories":[65,56],"tags":[],"class_list":["post-36436","post","type-post","status-publish","format-standard","has-post-thumbnail","hentry","category-mni","category-peru"],"yoast_head":"<!-- This site is optimized with the Yoast SEO Premium plugin v23.6 (Yoast SEO v27.5) - https:\/\/yoast.com\/product\/yoast-seo-premium-wordpress\/ -->\n<title>RETIRO DE NI\u00d1OS \u201cFORMANDO UN CORAZ\u00d3N MISIONERO\u201d | Iglesia del Nazareno Am\u00e9rica del Sur<\/title>\n<meta name=\"robots\" content=\"noindex, follow\" \/>\n<meta property=\"og:locale\" content=\"pt_BR\" \/>\n<meta property=\"og:type\" content=\"article\" \/>\n<meta property=\"og:title\" content=\"RETIRO DE NI\u00d1OS \u201cFORMANDO UN CORAZ\u00d3N MISIONERO\u201d | Iglesia del Nazareno Am\u00e9rica del Sur\" \/>\n<meta property=\"og:url\" content=\"https:\/\/www.samnaz.org\/pt\/retiro-de-ninos-formando-un-corazon-misionero\/\" \/>\n<meta property=\"og:site_name\" content=\"Iglesia del Nazareno Am\u00e9rica del Sur\" \/>\n<meta property=\"article:publisher\" content=\"https:\/\/www.facebook.com\/NazarenoEsp\" \/>\n<meta property=\"article:published_time\" content=\"2019-09-19T01:06:22+00:00\" \/>\n<meta property=\"article:modified_time\" content=\"2021-11-26T14:09:16+00:00\" \/>\n<meta property=\"og:image\" content=\"https:\/\/www.samnaz.org\/wp-content\/uploads\/2019\/09\/WhatsApp-Image-2019-09-16-at-18.14.07.jpeg\" \/>\n\t<meta property=\"og:image:width\" content=\"712\" \/>\n\t<meta property=\"og:image:height\" content=\"474\" \/>\n\t<meta property=\"og:image:type\" content=\"image\/jpeg\" \/>\n<meta name=\"author\" content=\"Samnaz\" \/>\n<meta name=\"twitter:card\" content=\"summary_large_image\" \/>\n<meta name=\"twitter:label1\" content=\"Escrito por\" \/>\n\t<meta name=\"twitter:data1\" content=\"Samnaz\" \/>\n\t<meta name=\"twitter:label2\" content=\"Est. tempo de leitura\" \/>\n\t<meta name=\"twitter:data2\" content=\"3 minutos\" \/>\n<script type=\"application\/ld+json\" class=\"yoast-schema-graph\">{\"@context\":\"https:\\\/\\\/schema.org\",\"@graph\":[{\"@type\":\"Article\",\"@id\":\"https:\\\/\\\/www.samnaz.org\\\/pt\\\/retiro-de-ninos-formando-un-corazon-misionero\\\/#article\",\"isPartOf\":{\"@id\":\"https:\\\/\\\/www.samnaz.org\\\/pt\\\/retiro-de-ninos-formando-un-corazon-misionero\\\/\"},\"author\":{\"name\":\"Samnaz\",\"@id\":\"https:\\\/\\\/www.samnaz.org\\\/#\\\/schema\\\/person\\\/c09d1131c49ba510c7e1cbb677b39927\"},\"headline\":\"RETIRO DE NI\u00d1OS \u201cFORMANDO UN CORAZ\u00d3N MISIONERO\u201d\",\"datePublished\":\"2019-09-19T01:06:22+00:00\",\"dateModified\":\"2021-11-26T14:09:16+00:00\",\"mainEntityOfPage\":{\"@id\":\"https:\\\/\\\/www.samnaz.org\\\/pt\\\/retiro-de-ninos-formando-un-corazon-misionero\\\/\"},\"wordCount\":535,\"publisher\":{\"@id\":\"https:\\\/\\\/www.samnaz.org\\\/#organization\"},\"image\":{\"@id\":\"https:\\\/\\\/www.samnaz.org\\\/pt\\\/retiro-de-ninos-formando-un-corazon-misionero\\\/#primaryimage\"},\"thumbnailUrl\":\"https:\\\/\\\/www.samnaz.org\\\/wp-content\\\/uploads\\\/2019\\\/09\\\/WhatsApp-Image-2019-09-16-at-18.14.07.jpeg\",\"articleSection\":[\"MNI\",\"Per\u00fa\"],\"inLanguage\":\"pt-BR\"},{\"@type\":\"WebPage\",\"@id\":\"https:\\\/\\\/www.samnaz.org\\\/pt\\\/retiro-de-ninos-formando-un-corazon-misionero\\\/\",\"url\":\"https:\\\/\\\/www.samnaz.org\\\/pt\\\/retiro-de-ninos-formando-un-corazon-misionero\\\/\",\"name\":\"RETIRO DE NI\u00d1OS \u201cFORMANDO UN CORAZ\u00d3N MISIONERO\u201d | Iglesia del Nazareno Am\u00e9rica del Sur\",\"isPartOf\":{\"@id\":\"https:\\\/\\\/www.samnaz.org\\\/#website\"},\"primaryImageOfPage\":{\"@id\":\"https:\\\/\\\/www.samnaz.org\\\/pt\\\/retiro-de-ninos-formando-un-corazon-misionero\\\/#primaryimage\"},\"image\":{\"@id\":\"https:\\\/\\\/www.samnaz.org\\\/pt\\\/retiro-de-ninos-formando-un-corazon-misionero\\\/#primaryimage\"},\"thumbnailUrl\":\"https:\\\/\\\/www.samnaz.org\\\/wp-content\\\/uploads\\\/2019\\\/09\\\/WhatsApp-Image-2019-09-16-at-18.14.07.jpeg\",\"datePublished\":\"2019-09-19T01:06:22+00:00\",\"dateModified\":\"2021-11-26T14:09:16+00:00\",\"inLanguage\":\"pt-BR\",\"potentialAction\":[{\"@type\":\"ReadAction\",\"target\":[\"https:\\\/\\\/www.samnaz.org\\\/pt\\\/retiro-de-ninos-formando-un-corazon-misionero\\\/\"]}]},{\"@type\":\"ImageObject\",\"inLanguage\":\"pt-BR\",\"@id\":\"https:\\\/\\\/www.samnaz.org\\\/pt\\\/retiro-de-ninos-formando-un-corazon-misionero\\\/#primaryimage\",\"url\":\"https:\\\/\\\/www.samnaz.org\\\/wp-content\\\/uploads\\\/2019\\\/09\\\/WhatsApp-Image-2019-09-16-at-18.14.07.jpeg\",\"contentUrl\":\"https:\\\/\\\/www.samnaz.org\\\/wp-content\\\/uploads\\\/2019\\\/09\\\/WhatsApp-Image-2019-09-16-at-18.14.07.jpeg\",\"width\":712,\"height\":474},{\"@type\":\"WebSite\",\"@id\":\"https:\\\/\\\/www.samnaz.org\\\/#website\",\"url\":\"https:\\\/\\\/www.samnaz.org\\\/\",\"name\":\"Haciendo Disc\u00edpulos Semejantes a Cristo en las naciones\",\"description\":\"Haciendo disc\u00edpulos semejantes a Cristo en las Naciones\",\"publisher\":{\"@id\":\"https:\\\/\\\/www.samnaz.org\\\/#organization\"},\"alternateName\":\"Viviendo la Gran Comisi\u00f3n\",\"potentialAction\":[{\"@type\":\"SearchAction\",\"target\":{\"@type\":\"EntryPoint\",\"urlTemplate\":\"https:\\\/\\\/www.samnaz.org\\\/?s={search_term_string}\"},\"query-input\":{\"@type\":\"PropertyValueSpecification\",\"valueRequired\":true,\"valueName\":\"search_term_string\"}}],\"inLanguage\":\"pt-BR\"},{\"@type\":\"Organization\",\"@id\":\"https:\\\/\\\/www.samnaz.org\\\/#organization\",\"name\":\"Iglesia del Nazareno Am\u00e9rica del Sur\",\"url\":\"https:\\\/\\\/www.samnaz.org\\\/\",\"logo\":{\"@type\":\"ImageObject\",\"inLanguage\":\"pt-BR\",\"@id\":\"https:\\\/\\\/www.samnaz.org\\\/#\\\/schema\\\/logo\\\/image\\\/\",\"url\":\"https:\\\/\\\/www.samnaz.org\\\/wp-content\\\/uploads\\\/2021\\\/04\\\/Logo-3-ESP.png\",\"contentUrl\":\"https:\\\/\\\/www.samnaz.org\\\/wp-content\\\/uploads\\\/2021\\\/04\\\/Logo-3-ESP.png\",\"width\":1041,\"height\":780,\"caption\":\"Iglesia del Nazareno Am\u00e9rica del Sur\"},\"image\":{\"@id\":\"https:\\\/\\\/www.samnaz.org\\\/#\\\/schema\\\/logo\\\/image\\\/\"},\"sameAs\":[\"https:\\\/\\\/www.facebook.com\\\/NazarenoEsp\",\"https:\\\/\\\/www.instagram.com\\\/nazarenoesp\\\/\"],\"publishingPrinciples\":\"https:\\\/\\\/www.samnaz.org\\\/\"},{\"@type\":\"Person\",\"@id\":\"https:\\\/\\\/www.samnaz.org\\\/#\\\/schema\\\/person\\\/c09d1131c49ba510c7e1cbb677b39927\",\"name\":\"Samnaz\",\"image\":{\"@type\":\"ImageObject\",\"inLanguage\":\"pt-BR\",\"@id\":\"https:\\\/\\\/secure.gravatar.com\\\/avatar\\\/a5baaf0e270319d09c0efce6a9dd03ff93175913c70afe26595c0069c83fa6dc?s=96&d=mm&r=g\",\"url\":\"https:\\\/\\\/secure.gravatar.com\\\/avatar\\\/a5baaf0e270319d09c0efce6a9dd03ff93175913c70afe26595c0069c83fa6dc?s=96&d=mm&r=g\",\"contentUrl\":\"https:\\\/\\\/secure.gravatar.com\\\/avatar\\\/a5baaf0e270319d09c0efce6a9dd03ff93175913c70afe26595c0069c83fa6dc?s=96&d=mm&r=g\",\"caption\":\"Samnaz\"}}]}<\/script>\n<!-- \/ Yoast SEO Premium plugin. -->","yoast_head_json":{"title":"RETIRO DE NI\u00d1OS \u201cFORMANDO UN CORAZ\u00d3N MISIONERO\u201d | Iglesia del Nazareno Am\u00e9rica del Sur","robots":{"index":"noindex","follow":"follow"},"og_locale":"pt_BR","og_type":"article","og_title":"RETIRO DE NI\u00d1OS \u201cFORMANDO UN CORAZ\u00d3N MISIONERO\u201d | Iglesia del Nazareno Am\u00e9rica del Sur","og_url":"https:\/\/www.samnaz.org\/pt\/retiro-de-ninos-formando-un-corazon-misionero\/","og_site_name":"Iglesia del Nazareno Am\u00e9rica del Sur","article_publisher":"https:\/\/www.facebook.com\/NazarenoEsp","article_published_time":"2019-09-19T01:06:22+00:00","article_modified_time":"2021-11-26T14:09:16+00:00","og_image":[{"width":712,"height":474,"url":"https:\/\/www.samnaz.org\/wp-content\/uploads\/2019\/09\/WhatsApp-Image-2019-09-16-at-18.14.07.jpeg","type":"image\/jpeg"}],"author":"Samnaz","twitter_card":"summary_large_image","twitter_misc":{"Escrito por":"Samnaz","Est. tempo de leitura":"3 minutos"},"schema":{"@context":"https:\/\/schema.org","@graph":[{"@type":"Article","@id":"https:\/\/www.samnaz.org\/pt\/retiro-de-ninos-formando-un-corazon-misionero\/#article","isPartOf":{"@id":"https:\/\/www.samnaz.org\/pt\/retiro-de-ninos-formando-un-corazon-misionero\/"},"author":{"name":"Samnaz","@id":"https:\/\/www.samnaz.org\/#\/schema\/person\/c09d1131c49ba510c7e1cbb677b39927"},"headline":"RETIRO DE NI\u00d1OS \u201cFORMANDO UN CORAZ\u00d3N MISIONERO\u201d","datePublished":"2019-09-19T01:06:22+00:00","dateModified":"2021-11-26T14:09:16+00:00","mainEntityOfPage":{"@id":"https:\/\/www.samnaz.org\/pt\/retiro-de-ninos-formando-un-corazon-misionero\/"},"wordCount":535,"publisher":{"@id":"https:\/\/www.samnaz.org\/#organization"},"image":{"@id":"https:\/\/www.samnaz.org\/pt\/retiro-de-ninos-formando-un-corazon-misionero\/#primaryimage"},"thumbnailUrl":"https:\/\/www.samnaz.org\/wp-content\/uploads\/2019\/09\/WhatsApp-Image-2019-09-16-at-18.14.07.jpeg","articleSection":["MNI","Per\u00fa"],"inLanguage":"pt-BR"},{"@type":"WebPage","@id":"https:\/\/www.samnaz.org\/pt\/retiro-de-ninos-formando-un-corazon-misionero\/","url":"https:\/\/www.samnaz.org\/pt\/retiro-de-ninos-formando-un-corazon-misionero\/","name":"RETIRO DE NI\u00d1OS \u201cFORMANDO UN CORAZ\u00d3N MISIONERO\u201d | Iglesia del Nazareno Am\u00e9rica del Sur","isPartOf":{"@id":"https:\/\/www.samnaz.org\/#website"},"primaryImageOfPage":{"@id":"https:\/\/www.samnaz.org\/pt\/retiro-de-ninos-formando-un-corazon-misionero\/#primaryimage"},"image":{"@id":"https:\/\/www.samnaz.org\/pt\/retiro-de-ninos-formando-un-corazon-misionero\/#primaryimage"},"thumbnailUrl":"https:\/\/www.samnaz.org\/wp-content\/uploads\/2019\/09\/WhatsApp-Image-2019-09-16-at-18.14.07.jpeg","datePublished":"2019-09-19T01:06:22+00:00","dateModified":"2021-11-26T14:09:16+00:00","inLanguage":"pt-BR","potentialAction":[{"@type":"ReadAction","target":["https:\/\/www.samnaz.org\/pt\/retiro-de-ninos-formando-un-corazon-misionero\/"]}]},{"@type":"ImageObject","inLanguage":"pt-BR","@id":"https:\/\/www.samnaz.org\/pt\/retiro-de-ninos-formando-un-corazon-misionero\/#primaryimage","url":"https:\/\/www.samnaz.org\/wp-content\/uploads\/2019\/09\/WhatsApp-Image-2019-09-16-at-18.14.07.jpeg","contentUrl":"https:\/\/www.samnaz.org\/wp-content\/uploads\/2019\/09\/WhatsApp-Image-2019-09-16-at-18.14.07.jpeg","width":712,"height":474},{"@type":"WebSite","@id":"https:\/\/www.samnaz.org\/#website","url":"https:\/\/www.samnaz.org\/","name":"Haciendo Disc\u00edpulos Semejantes a Cristo en las naciones","description":"Haciendo disc\u00edpulos semejantes a Cristo en las Naciones","publisher":{"@id":"https:\/\/www.samnaz.org\/#organization"},"alternateName":"Viviendo la Gran Comisi\u00f3n","potentialAction":[{"@type":"SearchAction","target":{"@type":"EntryPoint","urlTemplate":"https:\/\/www.samnaz.org\/?s={search_term_string}"},"query-input":{"@type":"PropertyValueSpecification","valueRequired":true,"valueName":"search_term_string"}}],"inLanguage":"pt-BR"},{"@type":"Organization","@id":"https:\/\/www.samnaz.org\/#organization","name":"Iglesia del Nazareno Am\u00e9rica del Sur","url":"https:\/\/www.samnaz.org\/","logo":{"@type":"ImageObject","inLanguage":"pt-BR","@id":"https:\/\/www.samnaz.org\/#\/schema\/logo\/image\/","url":"https:\/\/www.samnaz.org\/wp-content\/uploads\/2021\/04\/Logo-3-ESP.png","contentUrl":"https:\/\/www.samnaz.org\/wp-content\/uploads\/2021\/04\/Logo-3-ESP.png","width":1041,"height":780,"caption":"Iglesia del Nazareno Am\u00e9rica del Sur"},"image":{"@id":"https:\/\/www.samnaz.org\/#\/schema\/logo\/image\/"},"sameAs":["https:\/\/www.facebook.com\/NazarenoEsp","https:\/\/www.instagram.com\/nazarenoesp\/"],"publishingPrinciples":"https:\/\/www.samnaz.org\/"},{"@type":"Person","@id":"https:\/\/www.samnaz.org\/#\/schema\/person\/c09d1131c49ba510c7e1cbb677b39927","name":"Samnaz","image":{"@type":"ImageObject","inLanguage":"pt-BR","@id":"https:\/\/secure.gravatar.com\/avatar\/a5baaf0e270319d09c0efce6a9dd03ff93175913c70afe26595c0069c83fa6dc?s=96&d=mm&r=g","url":"https:\/\/secure.gravatar.com\/avatar\/a5baaf0e270319d09c0efce6a9dd03ff93175913c70afe26595c0069c83fa6dc?s=96&d=mm&r=g","contentUrl":"https:\/\/secure.gravatar.com\/avatar\/a5baaf0e270319d09c0efce6a9dd03ff93175913c70afe26595c0069c83fa6dc?s=96&d=mm&r=g","caption":"Samnaz"}}]}},"_links":{"self":[{"href":"https:\/\/www.samnaz.org\/pt\/wp-json\/wp\/v2\/posts\/36436","targetHints":{"allow":["GET"]}}],"collection":[{"href":"https:\/\/www.samnaz.org\/pt\/wp-json\/wp\/v2\/posts"}],"about":[{"href":"https:\/\/www.samnaz.org\/pt\/wp-json\/wp\/v2\/types\/post"}],"author":[{"embeddable":true,"href":"https:\/\/www.samnaz.org\/pt\/wp-json\/wp\/v2\/users\/4"}],"replies":[{"embeddable":true,"href":"https:\/\/www.samnaz.org\/pt\/wp-json\/wp\/v2\/comments?post=36436"}],"version-history":[{"count":1,"href":"https:\/\/www.samnaz.org\/pt\/wp-json\/wp\/v2\/posts\/36436\/revisions"}],"predecessor-version":[{"id":36556,"href":"https:\/\/www.samnaz.org\/pt\/wp-json\/wp\/v2\/posts\/36436\/revisions\/36556"}],"wp:featuredmedia":[{"embeddable":true,"href":"https:\/\/www.samnaz.org\/pt\/wp-json\/wp\/v2\/media\/36437"}],"wp:attachment":[{"href":"https:\/\/www.samnaz.org\/pt\/wp-json\/wp\/v2\/media?parent=36436"}],"wp:term":[{"taxonomy":"category","embeddable":true,"href":"https:\/\/www.samnaz.org\/pt\/wp-json\/wp\/v2\/categories?post=36436"},{"taxonomy":"post_tag","embeddable":true,"href":"https:\/\/www.samnaz.org\/pt\/wp-json\/wp\/v2\/tags?post=36436"}],"curies":[{"name":"wp","href":"https:\/\/api.w.org\/{rel}","templated":true}]}}