{"id":36527,"date":"2018-10-18T17:41:44","date_gmt":"2018-10-18T20:41:44","guid":{"rendered":"http:\/\/www.samnaz.org\/?p=26391"},"modified":"2021-11-26T11:09:20","modified_gmt":"2021-11-26T14:09:20","slug":"mision-o-misiones","status":"publish","type":"post","link":"https:\/\/www.samnaz.org\/pt\/mision-o-misiones\/","title":{"rendered":"\u00bfMISI\u00d3N O MISIONES?"},"content":{"rendered":"<p>[et_pb_section fb_built=\u00bb1&#8243; _builder_version=\u00bb3.0.47&#8243; custom_padding=\u00bb0px|0px|3px|0px\u00bb][et_pb_row custom_padding=\u00bb41px|0px|0px|0px\u00bb _builder_version=\u00bb3.0.47&#8243; background_size=\u00bbinitial\u00bb background_position=\u00bbtop_left\u00bb background_repeat=\u00bbrepeat\u00bb][et_pb_column type=\u00bb2_3&#8243; _builder_version=\u00bb3.0.47&#8243; parallax=\u00bboff\u00bb parallax_method=\u00bbon\u00bb][et_pb_post_title categories=\u00bboff\u00bb featured_image=\u00bboff\u00bb _builder_version=\u00bb3.0.105&#8243; title_font_size=\u00bb35px\u00bb title_text_color=\u00bb#db6553&#8243; meta_font_size=\u00bb13px\u00bb]<br \/>\n[\/et_pb_post_title][et_pb_text _builder_version=\u00bb3.0.105&#8243;]<\/p>\n<p style=\"text-align: justify;\"><strong><img loading=\"lazy\" decoding=\"async\" class=\"size-medium wp-image-26394 alignleft\" src=\"..\/..\/wp-content\/uploads\/2018\/10\/Global-Missions-Logo-1_Spanish-300x234.png\" alt=\"\" width=\"300\" height=\"234\" scale=\"0\" \/>(CNAS)<\/strong> Recientemente, la Junta de Superintendentes Generales de la Iglesia del Nazareno hizo un cambio sutil, pero significativo, en el nombre de la entidad en la denominaci\u00f3n que env\u00eda misioneros. Lo que fue \u201cMisi\u00f3n Global\u201d ahora se conocer\u00e1 como \u201cMisionesGlobales\u201d. A partir del 5 de septiembre de 2018, se realiz\u00f3 este cambio, se cambiaron todos los materiales, y se introdujeron nuevos logotipos.<\/p>\n<p style=\"text-align: justify;\">Algunos podr\u00edan preguntarse si cambiar de singular a plural es solo sem\u00e1ntica. Sin embargo, ese peque\u00f1o ajuste est\u00e1 dise\u00f1ado para ayudar a diferenciar entre la misi\u00f3n general de toda la Iglesia y la entidad misionera espec\u00edfica de la Iglesia. Como cristianos (y nazarenos) en todas partes, somos enviados a la misi\u00f3n, y esa misi\u00f3n es de naturaleza global:<\/p>\n<blockquote>\n<p>\u201c\u2026Para que seas mi salvaci\u00f3n hasta lo postrero de la tierra \u2026\u201d (Is. 49:6)<\/p>\n<p>\u201cId, y haced disc\u00edpulos en todas las naciones\u2026\u201d (Mt. 28:19)<\/p>\n<p>\u00a0\u201cPorque de tal manera am\u00f3 Dios al mundo \u2026\u201d (Jn. 3:16)<\/p>\n<p>\u00a0\u201cY me ser\u00e9is testigos\u2026hasta lo \u00faltimo de la tierra \u2026\u201d (Hechos 1:8)<\/p>\n<\/blockquote>\n<p style=\"text-align: justify;\">Las misiones generalmente se refieren al \u00e9nfasis dentro de la Iglesia que se enfoca en la movilizaci\u00f3n y respaldo de los misioneros a otras culturas. Por lo tanto, Misiones Globales es un t\u00edtulo m\u00e1s apropiado para la rama de env\u00edo de misioneros de la denominaci\u00f3n.<\/p>\n<p style=\"text-align: justify;\">Estamos adoptando estos cambios con los brazos abiertos y ahora tambi\u00e9n nos conoceremos como Misiones Globales Am\u00e9rica del Sur. El prop\u00f3sito sigue siendo el mismo: Encontrar, Entrenar, y Enviar misioneros de nuestra regi\u00f3n al mundo.<\/p>\n<p style=\"text-align: justify;\">\n<p>[\/et_pb_text][et_pb_gallery gallery_ids=\u00bb26394&#8243; posts_number=\u00bb4&#8243; show_title_and_caption=\u00bboff\u00bb _builder_version=\u00bb3.0.105&#8243; pagination_font_size_tablet=\u00bb51&#8243; pagination_line_height_tablet=\u00bb2&#8243;]<br \/>\n[\/et_pb_gallery][\/et_pb_column][et_pb_column type=\u00bb1_3&#8243; _builder_version=\u00bb3.0.47&#8243; parallax=\u00bboff\u00bb parallax_method=\u00bbon\u00bb][et_pb_sidebar orientation=\u00bbright\u00bb area=\u00bbsidebar-1&#8243; show_border=\u00bboff\u00bb _builder_version=\u00bb3.0.105&#8243; header_font_size=\u00bb14&#8243; header_text_color=\u00bb#db6553&#8243; text_orientation=\u00bbright\u00bb]<br \/>\n[\/et_pb_sidebar][\/et_pb_column][\/et_pb_row][\/et_pb_section]<\/p>\n<span class=\"et_bloom_bottom_trigger\"><\/span>","protected":false},"excerpt":{"rendered":"<p>(CNAS) Recientemente, la Junta de Superintendentes Generales de la Iglesia del Nazareno hizo un cambio sutil, pero significativo, en el nombre de la entidad en la denominaci\u00f3n que env\u00eda misioneros. Lo que fue \u201cMisi\u00f3n Global\u201d ahora se conocer\u00e1 como \u201cMisionesGlobales\u201d. A partir del 5 de septiembre de 2018, se realiz\u00f3 este cambio, se cambiaron todos [&hellip;]<\/p>","protected":false},"author":4,"featured_media":36530,"comment_status":"closed","ping_status":"closed","sticky":false,"template":"","format":"standard","meta":{"_et_pb_use_builder":"on","_et_pb_old_content":"","_et_gb_content_width":"","_monsterinsights_skip_tracking":false,"_monsterinsights_sitenote_active":false,"_monsterinsights_sitenote_note":"","_monsterinsights_sitenote_category":0,"_vp_format_video_url":"","_vp_image_focal_point":[],"footnotes":""},"categories":[134,65],"tags":[],"class_list":["post-36527","post","type-post","status-publish","format-standard","has-post-thumbnail","hentry","category-america-del-sur","category-mni"],"yoast_head":"<!-- This site is optimized with the Yoast SEO Premium plugin v23.6 (Yoast SEO v27.4) - https:\/\/yoast.com\/product\/yoast-seo-premium-wordpress\/ -->\n<title>\u00bfMISI\u00d3N O MISIONES? | Iglesia del Nazareno Am\u00e9rica del Sur<\/title>\n<meta name=\"robots\" content=\"noindex, follow\" \/>\n<meta property=\"og:locale\" content=\"pt_BR\" \/>\n<meta property=\"og:type\" content=\"article\" \/>\n<meta property=\"og:title\" content=\"\u00bfMISI\u00d3N O MISIONES? | Iglesia del Nazareno Am\u00e9rica del Sur\" \/>\n<meta property=\"og:url\" content=\"https:\/\/www.samnaz.org\/pt\/mision-o-misiones\/\" \/>\n<meta property=\"og:site_name\" content=\"Iglesia del Nazareno Am\u00e9rica del Sur\" \/>\n<meta property=\"article:publisher\" content=\"https:\/\/www.facebook.com\/NazarenoEsp\" \/>\n<meta property=\"article:published_time\" content=\"2018-10-18T20:41:44+00:00\" \/>\n<meta property=\"article:modified_time\" content=\"2021-11-26T14:09:20+00:00\" \/>\n<meta property=\"og:image\" content=\"https:\/\/www.samnaz.org\/wp-content\/uploads\/2018\/10\/Global-Missions-Logo-1_English.png\" \/>\n\t<meta property=\"og:image:width\" content=\"431\" \/>\n\t<meta property=\"og:image:height\" content=\"336\" \/>\n\t<meta property=\"og:image:type\" content=\"image\/png\" \/>\n<meta name=\"author\" content=\"Samnaz\" \/>\n<meta name=\"twitter:card\" content=\"summary_large_image\" \/>\n<meta name=\"twitter:label1\" content=\"Escrito por\" \/>\n\t<meta name=\"twitter:data1\" content=\"Samnaz\" \/>\n\t<meta name=\"twitter:label2\" content=\"Est. tempo de leitura\" \/>\n\t<meta name=\"twitter:data2\" content=\"2 minutos\" \/>\n<script type=\"application\/ld+json\" class=\"yoast-schema-graph\">{\"@context\":\"https:\\\/\\\/schema.org\",\"@graph\":[{\"@type\":\"Article\",\"@id\":\"https:\\\/\\\/www.samnaz.org\\\/pt\\\/mision-o-misiones\\\/#article\",\"isPartOf\":{\"@id\":\"https:\\\/\\\/www.samnaz.org\\\/pt\\\/mision-o-misiones\\\/\"},\"author\":{\"name\":\"Samnaz\",\"@id\":\"https:\\\/\\\/www.samnaz.org\\\/#\\\/schema\\\/person\\\/c09d1131c49ba510c7e1cbb677b39927\"},\"headline\":\"\u00bfMISI\u00d3N O MISIONES?\",\"datePublished\":\"2018-10-18T20:41:44+00:00\",\"dateModified\":\"2021-11-26T14:09:20+00:00\",\"mainEntityOfPage\":{\"@id\":\"https:\\\/\\\/www.samnaz.org\\\/pt\\\/mision-o-misiones\\\/\"},\"wordCount\":419,\"publisher\":{\"@id\":\"https:\\\/\\\/www.samnaz.org\\\/#organization\"},\"image\":{\"@id\":\"https:\\\/\\\/www.samnaz.org\\\/pt\\\/mision-o-misiones\\\/#primaryimage\"},\"thumbnailUrl\":\"https:\\\/\\\/www.samnaz.org\\\/wp-content\\\/uploads\\\/2018\\\/10\\\/Global-Missions-Logo-1_English.png\",\"articleSection\":[\"Am\u00e9rica del Sur\",\"MNI\"],\"inLanguage\":\"pt-BR\"},{\"@type\":\"WebPage\",\"@id\":\"https:\\\/\\\/www.samnaz.org\\\/pt\\\/mision-o-misiones\\\/\",\"url\":\"https:\\\/\\\/www.samnaz.org\\\/pt\\\/mision-o-misiones\\\/\",\"name\":\"\u00bfMISI\u00d3N O MISIONES? | Iglesia del Nazareno Am\u00e9rica del Sur\",\"isPartOf\":{\"@id\":\"https:\\\/\\\/www.samnaz.org\\\/#website\"},\"primaryImageOfPage\":{\"@id\":\"https:\\\/\\\/www.samnaz.org\\\/pt\\\/mision-o-misiones\\\/#primaryimage\"},\"image\":{\"@id\":\"https:\\\/\\\/www.samnaz.org\\\/pt\\\/mision-o-misiones\\\/#primaryimage\"},\"thumbnailUrl\":\"https:\\\/\\\/www.samnaz.org\\\/wp-content\\\/uploads\\\/2018\\\/10\\\/Global-Missions-Logo-1_English.png\",\"datePublished\":\"2018-10-18T20:41:44+00:00\",\"dateModified\":\"2021-11-26T14:09:20+00:00\",\"inLanguage\":\"pt-BR\",\"potentialAction\":[{\"@type\":\"ReadAction\",\"target\":[\"https:\\\/\\\/www.samnaz.org\\\/pt\\\/mision-o-misiones\\\/\"]}]},{\"@type\":\"ImageObject\",\"inLanguage\":\"pt-BR\",\"@id\":\"https:\\\/\\\/www.samnaz.org\\\/pt\\\/mision-o-misiones\\\/#primaryimage\",\"url\":\"https:\\\/\\\/www.samnaz.org\\\/wp-content\\\/uploads\\\/2018\\\/10\\\/Global-Missions-Logo-1_English.png\",\"contentUrl\":\"https:\\\/\\\/www.samnaz.org\\\/wp-content\\\/uploads\\\/2018\\\/10\\\/Global-Missions-Logo-1_English.png\",\"width\":431,\"height\":336},{\"@type\":\"WebSite\",\"@id\":\"https:\\\/\\\/www.samnaz.org\\\/#website\",\"url\":\"https:\\\/\\\/www.samnaz.org\\\/\",\"name\":\"Haciendo Disc\u00edpulos Semejantes a Cristo en las naciones\",\"description\":\"Haciendo disc\u00edpulos semejantes a Cristo en las Naciones\",\"publisher\":{\"@id\":\"https:\\\/\\\/www.samnaz.org\\\/#organization\"},\"alternateName\":\"Viviendo la Gran Comisi\u00f3n\",\"potentialAction\":[{\"@type\":\"SearchAction\",\"target\":{\"@type\":\"EntryPoint\",\"urlTemplate\":\"https:\\\/\\\/www.samnaz.org\\\/?s={search_term_string}\"},\"query-input\":{\"@type\":\"PropertyValueSpecification\",\"valueRequired\":true,\"valueName\":\"search_term_string\"}}],\"inLanguage\":\"pt-BR\"},{\"@type\":\"Organization\",\"@id\":\"https:\\\/\\\/www.samnaz.org\\\/#organization\",\"name\":\"Iglesia del Nazareno Am\u00e9rica del Sur\",\"url\":\"https:\\\/\\\/www.samnaz.org\\\/\",\"logo\":{\"@type\":\"ImageObject\",\"inLanguage\":\"pt-BR\",\"@id\":\"https:\\\/\\\/www.samnaz.org\\\/#\\\/schema\\\/logo\\\/image\\\/\",\"url\":\"https:\\\/\\\/www.samnaz.org\\\/wp-content\\\/uploads\\\/2021\\\/04\\\/Logo-3-ESP.png\",\"contentUrl\":\"https:\\\/\\\/www.samnaz.org\\\/wp-content\\\/uploads\\\/2021\\\/04\\\/Logo-3-ESP.png\",\"width\":1041,\"height\":780,\"caption\":\"Iglesia del Nazareno Am\u00e9rica del Sur\"},\"image\":{\"@id\":\"https:\\\/\\\/www.samnaz.org\\\/#\\\/schema\\\/logo\\\/image\\\/\"},\"sameAs\":[\"https:\\\/\\\/www.facebook.com\\\/NazarenoEsp\",\"https:\\\/\\\/www.instagram.com\\\/nazarenoesp\\\/\"],\"publishingPrinciples\":\"https:\\\/\\\/www.samnaz.org\\\/\"},{\"@type\":\"Person\",\"@id\":\"https:\\\/\\\/www.samnaz.org\\\/#\\\/schema\\\/person\\\/c09d1131c49ba510c7e1cbb677b39927\",\"name\":\"Samnaz\",\"image\":{\"@type\":\"ImageObject\",\"inLanguage\":\"pt-BR\",\"@id\":\"https:\\\/\\\/secure.gravatar.com\\\/avatar\\\/a5baaf0e270319d09c0efce6a9dd03ff93175913c70afe26595c0069c83fa6dc?s=96&d=mm&r=g\",\"url\":\"https:\\\/\\\/secure.gravatar.com\\\/avatar\\\/a5baaf0e270319d09c0efce6a9dd03ff93175913c70afe26595c0069c83fa6dc?s=96&d=mm&r=g\",\"contentUrl\":\"https:\\\/\\\/secure.gravatar.com\\\/avatar\\\/a5baaf0e270319d09c0efce6a9dd03ff93175913c70afe26595c0069c83fa6dc?s=96&d=mm&r=g\",\"caption\":\"Samnaz\"}}]}<\/script>\n<!-- \/ Yoast SEO Premium plugin. -->","yoast_head_json":{"title":"\u00bfMISI\u00d3N O MISIONES? | Iglesia del Nazareno Am\u00e9rica del Sur","robots":{"index":"noindex","follow":"follow"},"og_locale":"pt_BR","og_type":"article","og_title":"\u00bfMISI\u00d3N O MISIONES? | Iglesia del Nazareno Am\u00e9rica del Sur","og_url":"https:\/\/www.samnaz.org\/pt\/mision-o-misiones\/","og_site_name":"Iglesia del Nazareno Am\u00e9rica del Sur","article_publisher":"https:\/\/www.facebook.com\/NazarenoEsp","article_published_time":"2018-10-18T20:41:44+00:00","article_modified_time":"2021-11-26T14:09:20+00:00","og_image":[{"width":431,"height":336,"url":"https:\/\/www.samnaz.org\/wp-content\/uploads\/2018\/10\/Global-Missions-Logo-1_English.png","type":"image\/png"}],"author":"Samnaz","twitter_card":"summary_large_image","twitter_misc":{"Escrito por":"Samnaz","Est. tempo de leitura":"2 minutos"},"schema":{"@context":"https:\/\/schema.org","@graph":[{"@type":"Article","@id":"https:\/\/www.samnaz.org\/pt\/mision-o-misiones\/#article","isPartOf":{"@id":"https:\/\/www.samnaz.org\/pt\/mision-o-misiones\/"},"author":{"name":"Samnaz","@id":"https:\/\/www.samnaz.org\/#\/schema\/person\/c09d1131c49ba510c7e1cbb677b39927"},"headline":"\u00bfMISI\u00d3N O MISIONES?","datePublished":"2018-10-18T20:41:44+00:00","dateModified":"2021-11-26T14:09:20+00:00","mainEntityOfPage":{"@id":"https:\/\/www.samnaz.org\/pt\/mision-o-misiones\/"},"wordCount":419,"publisher":{"@id":"https:\/\/www.samnaz.org\/#organization"},"image":{"@id":"https:\/\/www.samnaz.org\/pt\/mision-o-misiones\/#primaryimage"},"thumbnailUrl":"https:\/\/www.samnaz.org\/wp-content\/uploads\/2018\/10\/Global-Missions-Logo-1_English.png","articleSection":["Am\u00e9rica del Sur","MNI"],"inLanguage":"pt-BR"},{"@type":"WebPage","@id":"https:\/\/www.samnaz.org\/pt\/mision-o-misiones\/","url":"https:\/\/www.samnaz.org\/pt\/mision-o-misiones\/","name":"\u00bfMISI\u00d3N O MISIONES? | Iglesia del Nazareno Am\u00e9rica del Sur","isPartOf":{"@id":"https:\/\/www.samnaz.org\/#website"},"primaryImageOfPage":{"@id":"https:\/\/www.samnaz.org\/pt\/mision-o-misiones\/#primaryimage"},"image":{"@id":"https:\/\/www.samnaz.org\/pt\/mision-o-misiones\/#primaryimage"},"thumbnailUrl":"https:\/\/www.samnaz.org\/wp-content\/uploads\/2018\/10\/Global-Missions-Logo-1_English.png","datePublished":"2018-10-18T20:41:44+00:00","dateModified":"2021-11-26T14:09:20+00:00","inLanguage":"pt-BR","potentialAction":[{"@type":"ReadAction","target":["https:\/\/www.samnaz.org\/pt\/mision-o-misiones\/"]}]},{"@type":"ImageObject","inLanguage":"pt-BR","@id":"https:\/\/www.samnaz.org\/pt\/mision-o-misiones\/#primaryimage","url":"https:\/\/www.samnaz.org\/wp-content\/uploads\/2018\/10\/Global-Missions-Logo-1_English.png","contentUrl":"https:\/\/www.samnaz.org\/wp-content\/uploads\/2018\/10\/Global-Missions-Logo-1_English.png","width":431,"height":336},{"@type":"WebSite","@id":"https:\/\/www.samnaz.org\/#website","url":"https:\/\/www.samnaz.org\/","name":"Haciendo Disc\u00edpulos Semejantes a Cristo en las naciones","description":"Haciendo disc\u00edpulos semejantes a Cristo en las Naciones","publisher":{"@id":"https:\/\/www.samnaz.org\/#organization"},"alternateName":"Viviendo la Gran Comisi\u00f3n","potentialAction":[{"@type":"SearchAction","target":{"@type":"EntryPoint","urlTemplate":"https:\/\/www.samnaz.org\/?s={search_term_string}"},"query-input":{"@type":"PropertyValueSpecification","valueRequired":true,"valueName":"search_term_string"}}],"inLanguage":"pt-BR"},{"@type":"Organization","@id":"https:\/\/www.samnaz.org\/#organization","name":"Iglesia del Nazareno Am\u00e9rica del Sur","url":"https:\/\/www.samnaz.org\/","logo":{"@type":"ImageObject","inLanguage":"pt-BR","@id":"https:\/\/www.samnaz.org\/#\/schema\/logo\/image\/","url":"https:\/\/www.samnaz.org\/wp-content\/uploads\/2021\/04\/Logo-3-ESP.png","contentUrl":"https:\/\/www.samnaz.org\/wp-content\/uploads\/2021\/04\/Logo-3-ESP.png","width":1041,"height":780,"caption":"Iglesia del Nazareno Am\u00e9rica del Sur"},"image":{"@id":"https:\/\/www.samnaz.org\/#\/schema\/logo\/image\/"},"sameAs":["https:\/\/www.facebook.com\/NazarenoEsp","https:\/\/www.instagram.com\/nazarenoesp\/"],"publishingPrinciples":"https:\/\/www.samnaz.org\/"},{"@type":"Person","@id":"https:\/\/www.samnaz.org\/#\/schema\/person\/c09d1131c49ba510c7e1cbb677b39927","name":"Samnaz","image":{"@type":"ImageObject","inLanguage":"pt-BR","@id":"https:\/\/secure.gravatar.com\/avatar\/a5baaf0e270319d09c0efce6a9dd03ff93175913c70afe26595c0069c83fa6dc?s=96&d=mm&r=g","url":"https:\/\/secure.gravatar.com\/avatar\/a5baaf0e270319d09c0efce6a9dd03ff93175913c70afe26595c0069c83fa6dc?s=96&d=mm&r=g","contentUrl":"https:\/\/secure.gravatar.com\/avatar\/a5baaf0e270319d09c0efce6a9dd03ff93175913c70afe26595c0069c83fa6dc?s=96&d=mm&r=g","caption":"Samnaz"}}]}},"_links":{"self":[{"href":"https:\/\/www.samnaz.org\/pt\/wp-json\/wp\/v2\/posts\/36527","targetHints":{"allow":["GET"]}}],"collection":[{"href":"https:\/\/www.samnaz.org\/pt\/wp-json\/wp\/v2\/posts"}],"about":[{"href":"https:\/\/www.samnaz.org\/pt\/wp-json\/wp\/v2\/types\/post"}],"author":[{"embeddable":true,"href":"https:\/\/www.samnaz.org\/pt\/wp-json\/wp\/v2\/users\/4"}],"replies":[{"embeddable":true,"href":"https:\/\/www.samnaz.org\/pt\/wp-json\/wp\/v2\/comments?post=36527"}],"version-history":[{"count":1,"href":"https:\/\/www.samnaz.org\/pt\/wp-json\/wp\/v2\/posts\/36527\/revisions"}],"predecessor-version":[{"id":36634,"href":"https:\/\/www.samnaz.org\/pt\/wp-json\/wp\/v2\/posts\/36527\/revisions\/36634"}],"wp:featuredmedia":[{"embeddable":true,"href":"https:\/\/www.samnaz.org\/pt\/wp-json\/wp\/v2\/media\/36530"}],"wp:attachment":[{"href":"https:\/\/www.samnaz.org\/pt\/wp-json\/wp\/v2\/media?parent=36527"}],"wp:term":[{"taxonomy":"category","embeddable":true,"href":"https:\/\/www.samnaz.org\/pt\/wp-json\/wp\/v2\/categories?post=36527"},{"taxonomy":"post_tag","embeddable":true,"href":"https:\/\/www.samnaz.org\/pt\/wp-json\/wp\/v2\/tags?post=36527"}],"curies":[{"name":"wp","href":"https:\/\/api.w.org\/{rel}","templated":true}]}}