{"id":36543,"date":"2018-08-27T15:57:54","date_gmt":"2018-08-27T18:57:54","guid":{"rendered":"http:\/\/samnaz.org\/?p=23846"},"modified":"2021-11-26T11:09:21","modified_gmt":"2021-11-26T14:09:21","slug":"desayuno-de-oracion-mni-uruguay-sur","status":"publish","type":"post","link":"https:\/\/www.samnaz.org\/pt\/desayuno-de-oracion-mni-uruguay-sur\/","title":{"rendered":"DESAYUNO DE ORACI\u00d3N MNI URUGUAY SUR"},"content":{"rendered":"<p><strong>(CNAS Uruguay)<\/strong> En la Iglesia del Nazareno \u201cPiedras Blancas\u201d en Montevideo, se realiz\u00f3 el d\u00eda s\u00e1bado 18 de agosto de 2018 un \u201cDesayuno de Oraci\u00f3n Distrital\u201d de la MNI del Distrito Sur.<br \/>\nEl prop\u00f3sito fue doble, unir a los presidentes locales, concilios y pastores para compartir de un tiempo de fortalecer relaciones a trav\u00e9s de un desayuno; pero principalmente a unirse en oraci\u00f3n por las iglesias del distrito, las MNI de cada iglesia, los planes para el resto del a\u00f1o y de manera especial por los misioneros LINKS asignados para los pr\u00f3ximos a\u00f1os.<br \/>\nPor medio del pastor Ar\u00f3n P\u00e9rez (Presidente Distrital MNI Sur), fue guiado este tiempo especial con el lema \u201cLa oraci\u00f3n es el motor de la Misi\u00f3n\u201d con la base de Colosenses 4:2. Creemos que Uruguay est\u00e1 en las manos de Dios.<br \/>\n<strong>Fonte<\/strong> Eduardo Meza<\/p>\n<p><a href=\"http:\/\/samnaz.org\/wp-content\/uploads\/2018\/08\/DESAYUNO-MNI-DISTRITO-SUR-UY-8.jpg\"><img decoding=\"async\" src=\"http:\/\/samnaz.org\/wp-content\/uploads\/2018\/08\/DESAYUNO-MNI-DISTRITO-SUR-UY-8-250x188.jpg\" alt=\"\" class=\"alignright size-medium wp-image-23795\" \/><\/a><br \/>\n<a href=\"http:\/\/samnaz.org\/wp-content\/uploads\/2018\/08\/DESAYUNO-MNI-DISTRITO-SUR-UY-1.jpg\"><img decoding=\"async\" src=\"http:\/\/samnaz.org\/wp-content\/uploads\/2018\/08\/DESAYUNO-MNI-DISTRITO-SUR-UY-1-250x188.jpg\" alt=\"\" class=\"alignright size-medium wp-image-23788\" \/><\/a><br \/>\n<a href=\"http:\/\/samnaz.org\/wp-content\/uploads\/2018\/08\/DESAYUNO-MNI-DISTRITO-SUR-UY-2.jpg\"><img decoding=\"async\" src=\"http:\/\/samnaz.org\/wp-content\/uploads\/2018\/08\/DESAYUNO-MNI-DISTRITO-SUR-UY-2-250x188.jpg\" alt=\"\" class=\"alignright size-medium wp-image-23789\" \/><\/a><br \/>\n<a href=\"http:\/\/samnaz.org\/wp-content\/uploads\/2018\/08\/DESAYUNO-MNI-DISTRITO-SUR-UY-6.jpg\"><img decoding=\"async\" src=\"http:\/\/samnaz.org\/wp-content\/uploads\/2018\/08\/DESAYUNO-MNI-DISTRITO-SUR-UY-6-250x188.jpg\" alt=\"\" class=\"alignright size-medium wp-image-23793\" \/><\/a><br \/>\n<a href=\"https:\/\/www.samnaz.org\/wp-content\/uploads\/2018\/08\/DESAYUNO-MNI-DISTRITO-SUR-UY-9.jpg\"><img decoding=\"async\" src=\"https:\/\/www.samnaz.org\/wp-content\/uploads\/2018\/08\/DESAYUNO-MNI-DISTRITO-SUR-UY-9-250x188.jpg\" alt=\"\" class=\"alignright size-medium wp-image-23796\" \/><\/a><br \/>\n<a href=\"http:\/\/samnaz.org\/wp-content\/uploads\/2018\/08\/DESAYUNO-MNI-DISTRITO-SUR-UY-4.jpg\"><img decoding=\"async\" src=\"http:\/\/samnaz.org\/wp-content\/uploads\/2018\/08\/DESAYUNO-MNI-DISTRITO-SUR-UY-4-250x188.jpg\" alt=\"\" class=\"alignright size-medium wp-image-23791\" \/><\/a><\/p>\n<span class=\"et_bloom_bottom_trigger\"><\/span>","protected":false},"excerpt":{"rendered":"<p>(CNAS Uruguay) En la Iglesia del Nazareno \u201cPiedras Blancas\u201d en Montevideo, se realiz\u00f3 el d\u00eda s\u00e1bado 18 de agosto de 2018 un \u201cDesayuno de Oraci\u00f3n Distrital\u201d de la MNI del Distrito Sur. El prop\u00f3sito fue doble, unir a los presidentes locales, concilios y pastores para compartir de un tiempo de fortalecer relaciones a trav\u00e9s de [&hellip;]<\/p>","protected":false},"author":4,"featured_media":36544,"comment_status":"closed","ping_status":"closed","sticky":false,"template":"","format":"standard","meta":{"_et_pb_use_builder":"","_et_pb_old_content":"","_et_gb_content_width":"","_monsterinsights_skip_tracking":false,"_monsterinsights_sitenote_active":false,"_monsterinsights_sitenote_note":"","_monsterinsights_sitenote_category":0,"_vp_format_video_url":"","_vp_image_focal_point":[],"footnotes":""},"categories":[65,57],"tags":[],"class_list":["post-36543","post","type-post","status-publish","format-standard","has-post-thumbnail","hentry","category-mni","category-uruguay"],"yoast_head":"<!-- This site is optimized with the Yoast SEO Premium plugin v23.6 (Yoast SEO v27.5) - https:\/\/yoast.com\/product\/yoast-seo-premium-wordpress\/ -->\n<title>DESAYUNO DE ORACI\u00d3N MNI URUGUAY SUR | Iglesia del Nazareno Am\u00e9rica del Sur<\/title>\n<meta name=\"robots\" content=\"noindex, follow\" \/>\n<meta property=\"og:locale\" content=\"pt_BR\" \/>\n<meta property=\"og:type\" content=\"article\" \/>\n<meta property=\"og:title\" content=\"DESAYUNO DE ORACI\u00d3N MNI URUGUAY SUR | Iglesia del Nazareno Am\u00e9rica del Sur\" \/>\n<meta property=\"og:url\" content=\"https:\/\/www.samnaz.org\/pt\/desayuno-de-oracion-mni-uruguay-sur\/\" \/>\n<meta property=\"og:site_name\" content=\"Iglesia del Nazareno Am\u00e9rica del Sur\" \/>\n<meta property=\"article:publisher\" content=\"https:\/\/www.facebook.com\/NazarenoEsp\" \/>\n<meta property=\"article:published_time\" content=\"2018-08-27T18:57:54+00:00\" \/>\n<meta property=\"article:modified_time\" content=\"2021-11-26T14:09:21+00:00\" \/>\n<meta property=\"og:image\" content=\"https:\/\/www.samnaz.org\/wp-content\/uploads\/2018\/08\/DESAYUNO-MNI-DISTRITO-SUR-UY-9-scaled.jpg\" \/>\n\t<meta property=\"og:image:width\" content=\"2560\" \/>\n\t<meta property=\"og:image:height\" content=\"1920\" \/>\n\t<meta property=\"og:image:type\" content=\"image\/jpeg\" \/>\n<meta name=\"author\" content=\"Samnaz\" \/>\n<meta name=\"twitter:card\" content=\"summary_large_image\" \/>\n<meta name=\"twitter:label1\" content=\"Escrito por\" \/>\n\t<meta name=\"twitter:data1\" content=\"Samnaz\" \/>\n\t<meta name=\"twitter:label2\" content=\"Est. tempo de leitura\" \/>\n\t<meta name=\"twitter:data2\" content=\"1 minuto\" \/>\n<script type=\"application\/ld+json\" class=\"yoast-schema-graph\">{\"@context\":\"https:\\\/\\\/schema.org\",\"@graph\":[{\"@type\":\"Article\",\"@id\":\"https:\\\/\\\/www.samnaz.org\\\/pt\\\/desayuno-de-oracion-mni-uruguay-sur\\\/#article\",\"isPartOf\":{\"@id\":\"https:\\\/\\\/www.samnaz.org\\\/pt\\\/desayuno-de-oracion-mni-uruguay-sur\\\/\"},\"author\":{\"name\":\"Samnaz\",\"@id\":\"https:\\\/\\\/www.samnaz.org\\\/#\\\/schema\\\/person\\\/c09d1131c49ba510c7e1cbb677b39927\"},\"headline\":\"DESAYUNO DE ORACI\u00d3N MNI URUGUAY SUR\",\"datePublished\":\"2018-08-27T18:57:54+00:00\",\"dateModified\":\"2021-11-26T14:09:21+00:00\",\"mainEntityOfPage\":{\"@id\":\"https:\\\/\\\/www.samnaz.org\\\/pt\\\/desayuno-de-oracion-mni-uruguay-sur\\\/\"},\"wordCount\":154,\"publisher\":{\"@id\":\"https:\\\/\\\/www.samnaz.org\\\/#organization\"},\"image\":{\"@id\":\"https:\\\/\\\/www.samnaz.org\\\/pt\\\/desayuno-de-oracion-mni-uruguay-sur\\\/#primaryimage\"},\"thumbnailUrl\":\"https:\\\/\\\/www.samnaz.org\\\/wp-content\\\/uploads\\\/2018\\\/08\\\/DESAYUNO-MNI-DISTRITO-SUR-UY-9-scaled.jpg\",\"articleSection\":[\"MNI\",\"Uruguay\"],\"inLanguage\":\"pt-BR\"},{\"@type\":\"WebPage\",\"@id\":\"https:\\\/\\\/www.samnaz.org\\\/pt\\\/desayuno-de-oracion-mni-uruguay-sur\\\/\",\"url\":\"https:\\\/\\\/www.samnaz.org\\\/pt\\\/desayuno-de-oracion-mni-uruguay-sur\\\/\",\"name\":\"DESAYUNO DE ORACI\u00d3N MNI URUGUAY SUR | Iglesia del Nazareno Am\u00e9rica del Sur\",\"isPartOf\":{\"@id\":\"https:\\\/\\\/www.samnaz.org\\\/#website\"},\"primaryImageOfPage\":{\"@id\":\"https:\\\/\\\/www.samnaz.org\\\/pt\\\/desayuno-de-oracion-mni-uruguay-sur\\\/#primaryimage\"},\"image\":{\"@id\":\"https:\\\/\\\/www.samnaz.org\\\/pt\\\/desayuno-de-oracion-mni-uruguay-sur\\\/#primaryimage\"},\"thumbnailUrl\":\"https:\\\/\\\/www.samnaz.org\\\/wp-content\\\/uploads\\\/2018\\\/08\\\/DESAYUNO-MNI-DISTRITO-SUR-UY-9-scaled.jpg\",\"datePublished\":\"2018-08-27T18:57:54+00:00\",\"dateModified\":\"2021-11-26T14:09:21+00:00\",\"inLanguage\":\"pt-BR\",\"potentialAction\":[{\"@type\":\"ReadAction\",\"target\":[\"https:\\\/\\\/www.samnaz.org\\\/pt\\\/desayuno-de-oracion-mni-uruguay-sur\\\/\"]}]},{\"@type\":\"ImageObject\",\"inLanguage\":\"pt-BR\",\"@id\":\"https:\\\/\\\/www.samnaz.org\\\/pt\\\/desayuno-de-oracion-mni-uruguay-sur\\\/#primaryimage\",\"url\":\"https:\\\/\\\/www.samnaz.org\\\/wp-content\\\/uploads\\\/2018\\\/08\\\/DESAYUNO-MNI-DISTRITO-SUR-UY-9-scaled.jpg\",\"contentUrl\":\"https:\\\/\\\/www.samnaz.org\\\/wp-content\\\/uploads\\\/2018\\\/08\\\/DESAYUNO-MNI-DISTRITO-SUR-UY-9-scaled.jpg\",\"width\":2560,\"height\":1920},{\"@type\":\"WebSite\",\"@id\":\"https:\\\/\\\/www.samnaz.org\\\/#website\",\"url\":\"https:\\\/\\\/www.samnaz.org\\\/\",\"name\":\"Haciendo Disc\u00edpulos Semejantes a Cristo en las naciones\",\"description\":\"Haciendo disc\u00edpulos semejantes a Cristo en las Naciones\",\"publisher\":{\"@id\":\"https:\\\/\\\/www.samnaz.org\\\/#organization\"},\"alternateName\":\"Viviendo la Gran Comisi\u00f3n\",\"potentialAction\":[{\"@type\":\"SearchAction\",\"target\":{\"@type\":\"EntryPoint\",\"urlTemplate\":\"https:\\\/\\\/www.samnaz.org\\\/?s={search_term_string}\"},\"query-input\":{\"@type\":\"PropertyValueSpecification\",\"valueRequired\":true,\"valueName\":\"search_term_string\"}}],\"inLanguage\":\"pt-BR\"},{\"@type\":\"Organization\",\"@id\":\"https:\\\/\\\/www.samnaz.org\\\/#organization\",\"name\":\"Iglesia del Nazareno Am\u00e9rica del Sur\",\"url\":\"https:\\\/\\\/www.samnaz.org\\\/\",\"logo\":{\"@type\":\"ImageObject\",\"inLanguage\":\"pt-BR\",\"@id\":\"https:\\\/\\\/www.samnaz.org\\\/#\\\/schema\\\/logo\\\/image\\\/\",\"url\":\"https:\\\/\\\/www.samnaz.org\\\/wp-content\\\/uploads\\\/2021\\\/04\\\/Logo-3-ESP.png\",\"contentUrl\":\"https:\\\/\\\/www.samnaz.org\\\/wp-content\\\/uploads\\\/2021\\\/04\\\/Logo-3-ESP.png\",\"width\":1041,\"height\":780,\"caption\":\"Iglesia del Nazareno Am\u00e9rica del Sur\"},\"image\":{\"@id\":\"https:\\\/\\\/www.samnaz.org\\\/#\\\/schema\\\/logo\\\/image\\\/\"},\"sameAs\":[\"https:\\\/\\\/www.facebook.com\\\/NazarenoEsp\",\"https:\\\/\\\/www.instagram.com\\\/nazarenoesp\\\/\"],\"publishingPrinciples\":\"https:\\\/\\\/www.samnaz.org\\\/\"},{\"@type\":\"Person\",\"@id\":\"https:\\\/\\\/www.samnaz.org\\\/#\\\/schema\\\/person\\\/c09d1131c49ba510c7e1cbb677b39927\",\"name\":\"Samnaz\",\"image\":{\"@type\":\"ImageObject\",\"inLanguage\":\"pt-BR\",\"@id\":\"https:\\\/\\\/secure.gravatar.com\\\/avatar\\\/a5baaf0e270319d09c0efce6a9dd03ff93175913c70afe26595c0069c83fa6dc?s=96&d=mm&r=g\",\"url\":\"https:\\\/\\\/secure.gravatar.com\\\/avatar\\\/a5baaf0e270319d09c0efce6a9dd03ff93175913c70afe26595c0069c83fa6dc?s=96&d=mm&r=g\",\"contentUrl\":\"https:\\\/\\\/secure.gravatar.com\\\/avatar\\\/a5baaf0e270319d09c0efce6a9dd03ff93175913c70afe26595c0069c83fa6dc?s=96&d=mm&r=g\",\"caption\":\"Samnaz\"}}]}<\/script>\n<!-- \/ Yoast SEO Premium plugin. -->","yoast_head_json":{"title":"DESAYUNO DE ORACI\u00d3N MNI URUGUAY SUR | Iglesia del Nazareno Am\u00e9rica del Sur","robots":{"index":"noindex","follow":"follow"},"og_locale":"pt_BR","og_type":"article","og_title":"DESAYUNO DE ORACI\u00d3N MNI URUGUAY SUR | Iglesia del Nazareno Am\u00e9rica del Sur","og_url":"https:\/\/www.samnaz.org\/pt\/desayuno-de-oracion-mni-uruguay-sur\/","og_site_name":"Iglesia del Nazareno Am\u00e9rica del Sur","article_publisher":"https:\/\/www.facebook.com\/NazarenoEsp","article_published_time":"2018-08-27T18:57:54+00:00","article_modified_time":"2021-11-26T14:09:21+00:00","og_image":[{"width":2560,"height":1920,"url":"https:\/\/www.samnaz.org\/wp-content\/uploads\/2018\/08\/DESAYUNO-MNI-DISTRITO-SUR-UY-9-scaled.jpg","type":"image\/jpeg"}],"author":"Samnaz","twitter_card":"summary_large_image","twitter_misc":{"Escrito por":"Samnaz","Est. tempo de leitura":"1 minuto"},"schema":{"@context":"https:\/\/schema.org","@graph":[{"@type":"Article","@id":"https:\/\/www.samnaz.org\/pt\/desayuno-de-oracion-mni-uruguay-sur\/#article","isPartOf":{"@id":"https:\/\/www.samnaz.org\/pt\/desayuno-de-oracion-mni-uruguay-sur\/"},"author":{"name":"Samnaz","@id":"https:\/\/www.samnaz.org\/#\/schema\/person\/c09d1131c49ba510c7e1cbb677b39927"},"headline":"DESAYUNO DE ORACI\u00d3N MNI URUGUAY SUR","datePublished":"2018-08-27T18:57:54+00:00","dateModified":"2021-11-26T14:09:21+00:00","mainEntityOfPage":{"@id":"https:\/\/www.samnaz.org\/pt\/desayuno-de-oracion-mni-uruguay-sur\/"},"wordCount":154,"publisher":{"@id":"https:\/\/www.samnaz.org\/#organization"},"image":{"@id":"https:\/\/www.samnaz.org\/pt\/desayuno-de-oracion-mni-uruguay-sur\/#primaryimage"},"thumbnailUrl":"https:\/\/www.samnaz.org\/wp-content\/uploads\/2018\/08\/DESAYUNO-MNI-DISTRITO-SUR-UY-9-scaled.jpg","articleSection":["MNI","Uruguay"],"inLanguage":"pt-BR"},{"@type":"WebPage","@id":"https:\/\/www.samnaz.org\/pt\/desayuno-de-oracion-mni-uruguay-sur\/","url":"https:\/\/www.samnaz.org\/pt\/desayuno-de-oracion-mni-uruguay-sur\/","name":"DESAYUNO DE ORACI\u00d3N MNI URUGUAY SUR | Iglesia del Nazareno Am\u00e9rica del Sur","isPartOf":{"@id":"https:\/\/www.samnaz.org\/#website"},"primaryImageOfPage":{"@id":"https:\/\/www.samnaz.org\/pt\/desayuno-de-oracion-mni-uruguay-sur\/#primaryimage"},"image":{"@id":"https:\/\/www.samnaz.org\/pt\/desayuno-de-oracion-mni-uruguay-sur\/#primaryimage"},"thumbnailUrl":"https:\/\/www.samnaz.org\/wp-content\/uploads\/2018\/08\/DESAYUNO-MNI-DISTRITO-SUR-UY-9-scaled.jpg","datePublished":"2018-08-27T18:57:54+00:00","dateModified":"2021-11-26T14:09:21+00:00","inLanguage":"pt-BR","potentialAction":[{"@type":"ReadAction","target":["https:\/\/www.samnaz.org\/pt\/desayuno-de-oracion-mni-uruguay-sur\/"]}]},{"@type":"ImageObject","inLanguage":"pt-BR","@id":"https:\/\/www.samnaz.org\/pt\/desayuno-de-oracion-mni-uruguay-sur\/#primaryimage","url":"https:\/\/www.samnaz.org\/wp-content\/uploads\/2018\/08\/DESAYUNO-MNI-DISTRITO-SUR-UY-9-scaled.jpg","contentUrl":"https:\/\/www.samnaz.org\/wp-content\/uploads\/2018\/08\/DESAYUNO-MNI-DISTRITO-SUR-UY-9-scaled.jpg","width":2560,"height":1920},{"@type":"WebSite","@id":"https:\/\/www.samnaz.org\/#website","url":"https:\/\/www.samnaz.org\/","name":"Haciendo Disc\u00edpulos Semejantes a Cristo en las naciones","description":"Haciendo disc\u00edpulos semejantes a Cristo en las Naciones","publisher":{"@id":"https:\/\/www.samnaz.org\/#organization"},"alternateName":"Viviendo la Gran Comisi\u00f3n","potentialAction":[{"@type":"SearchAction","target":{"@type":"EntryPoint","urlTemplate":"https:\/\/www.samnaz.org\/?s={search_term_string}"},"query-input":{"@type":"PropertyValueSpecification","valueRequired":true,"valueName":"search_term_string"}}],"inLanguage":"pt-BR"},{"@type":"Organization","@id":"https:\/\/www.samnaz.org\/#organization","name":"Iglesia del Nazareno Am\u00e9rica del Sur","url":"https:\/\/www.samnaz.org\/","logo":{"@type":"ImageObject","inLanguage":"pt-BR","@id":"https:\/\/www.samnaz.org\/#\/schema\/logo\/image\/","url":"https:\/\/www.samnaz.org\/wp-content\/uploads\/2021\/04\/Logo-3-ESP.png","contentUrl":"https:\/\/www.samnaz.org\/wp-content\/uploads\/2021\/04\/Logo-3-ESP.png","width":1041,"height":780,"caption":"Iglesia del Nazareno Am\u00e9rica del Sur"},"image":{"@id":"https:\/\/www.samnaz.org\/#\/schema\/logo\/image\/"},"sameAs":["https:\/\/www.facebook.com\/NazarenoEsp","https:\/\/www.instagram.com\/nazarenoesp\/"],"publishingPrinciples":"https:\/\/www.samnaz.org\/"},{"@type":"Person","@id":"https:\/\/www.samnaz.org\/#\/schema\/person\/c09d1131c49ba510c7e1cbb677b39927","name":"Samnaz","image":{"@type":"ImageObject","inLanguage":"pt-BR","@id":"https:\/\/secure.gravatar.com\/avatar\/a5baaf0e270319d09c0efce6a9dd03ff93175913c70afe26595c0069c83fa6dc?s=96&d=mm&r=g","url":"https:\/\/secure.gravatar.com\/avatar\/a5baaf0e270319d09c0efce6a9dd03ff93175913c70afe26595c0069c83fa6dc?s=96&d=mm&r=g","contentUrl":"https:\/\/secure.gravatar.com\/avatar\/a5baaf0e270319d09c0efce6a9dd03ff93175913c70afe26595c0069c83fa6dc?s=96&d=mm&r=g","caption":"Samnaz"}}]}},"_links":{"self":[{"href":"https:\/\/www.samnaz.org\/pt\/wp-json\/wp\/v2\/posts\/36543","targetHints":{"allow":["GET"]}}],"collection":[{"href":"https:\/\/www.samnaz.org\/pt\/wp-json\/wp\/v2\/posts"}],"about":[{"href":"https:\/\/www.samnaz.org\/pt\/wp-json\/wp\/v2\/types\/post"}],"author":[{"embeddable":true,"href":"https:\/\/www.samnaz.org\/pt\/wp-json\/wp\/v2\/users\/4"}],"replies":[{"embeddable":true,"href":"https:\/\/www.samnaz.org\/pt\/wp-json\/wp\/v2\/comments?post=36543"}],"version-history":[{"count":1,"href":"https:\/\/www.samnaz.org\/pt\/wp-json\/wp\/v2\/posts\/36543\/revisions"}],"predecessor-version":[{"id":36640,"href":"https:\/\/www.samnaz.org\/pt\/wp-json\/wp\/v2\/posts\/36543\/revisions\/36640"}],"wp:featuredmedia":[{"embeddable":true,"href":"https:\/\/www.samnaz.org\/pt\/wp-json\/wp\/v2\/media\/36544"}],"wp:attachment":[{"href":"https:\/\/www.samnaz.org\/pt\/wp-json\/wp\/v2\/media?parent=36543"}],"wp:term":[{"taxonomy":"category","embeddable":true,"href":"https:\/\/www.samnaz.org\/pt\/wp-json\/wp\/v2\/categories?post=36543"},{"taxonomy":"post_tag","embeddable":true,"href":"https:\/\/www.samnaz.org\/pt\/wp-json\/wp\/v2\/tags?post=36543"}],"curies":[{"name":"wp","href":"https:\/\/api.w.org\/{rel}","templated":true}]}}