{"id":36576,"date":"2018-11-28T21:12:53","date_gmt":"2018-11-29T00:12:53","guid":{"rendered":"http:\/\/www.samnaz.org\/?p=26828"},"modified":"2021-11-26T11:09:19","modified_gmt":"2021-11-26T14:09:19","slug":"iwin-venezuela","status":"publish","type":"post","link":"https:\/\/www.samnaz.org\/pt\/iwin-venezuela\/","title":{"rendered":"IWIN VENEZUELA"},"content":{"rendered":"<p>[et_pb_section bb_built=\u00bb1&#8243; _builder_version=\u00bb3.0.47&#8243; custom_padding=\u00bb0px|0px|3px|0px\u00bb][et_pb_row _builder_version=\u00bb3.0.47&#8243; background_size=\u00bbinitial\u00bb background_position=\u00bbtop_left\u00bb background_repeat=\u00bbrepeat\u00bb custom_padding=\u00bb43px|0px|0px|0px\u00bb][et_pb_column type=\u00bb2_3&#8243;][et_pb_post_title categories=\u00bboff\u00bb _builder_version=\u00bb3.0.105&#8243; title_font=\u00bb||||||||\u00bb title_font_size=\u00bb35px\u00bb title_text_color=\u00bb#db6553&#8243; meta_font=\u00bb||||||||\u00bb meta_font_size=\u00bb13px\u00bb \/][et_pb_text _builder_version=\u00bb3.0.105&#8243; background_layout=\u00bblight\u00bb]<\/p>\n<p style=\"text-align: justify;\"><strong>(CNAS Venezuela) <\/strong>Durante los d\u00edas 16, 17 y 18 de noviembre del presente a\u00f1o, en Colombia, espec\u00edficamente en la ciudad de C\u00facuta, se realiz\u00f3 la primera etapa de Capacitaci\u00f3n 101 de IWIN (Instituto Wesleyano de Identidad Nazarena). Esta capacitaci\u00f3n estuvo dirigida al grupo de 32 personas que forman parte del liderazgo de la Iglesia Del Nazareno en Venezuela, entre ellos: superintendentes, coordinadores nacionales de ministerios, pastores, l\u00edderes de diferentes ministerios y el CIM (Coordinador Integral de Ministerios), todos ellos representando a los 5 Distritos pertenecientes a esta naci\u00f3n.<\/p>\n<p style=\"text-align: justify;\">Adem\u00e1s, se cont\u00f3 con la presencia del Coordinador de Estrategia del \u00e1rea Andino Norte: David Gonz\u00e1lez, el director regional: Cristian Sarmiento y el Superintendente General Gustavo Crocker y la participaci\u00f3n especial del Secretario General de la Iglesia, Gary Hartke, adem\u00e1s del apoyo del CIM de Colombia, Luis Meza.<\/p>\n<p style=\"text-align: justify;\">Durante la realizaci\u00f3n de la capacitaci\u00f3n, cada l\u00edder fue inspirado y desafiado a trabajar en favor de ganar y mentorear a la nueva generaci\u00f3n, basados en el modelo id\u00f3neo del liderazgo del Se\u00f1or Jes\u00fas.<\/p>\n<p style=\"text-align: justify;\"><em><strong>Fonte<\/strong> Comunicaciones Nazarenas Venezuela.<\/em><\/p>\n<p>[\/et_pb_text][et_pb_gallery gallery_ids=\u00bb26799,26801,26800&#8243; show_title_and_caption=\u00bboff\u00bb _builder_version=\u00bb3.0.105&#8243; pagination_font_size_tablet=\u00bb51&#8243; pagination_line_height_tablet=\u00bb2&#8243; show_pagination=\u00bbon\u00bb fullwidth=\u00bboff\u00bb orientation=\u00bblandscape\u00bb zoom_icon_color=\u00bb#db6553&#8243; hover_overlay_color=\u00bbrgba(255,255,255,0.9)\u00bb background_layout=\u00bblight\u00bb \/][\/et_pb_column][et_pb_column type=\u00bb1_3&#8243;][et_pb_sidebar orientation=\u00bbright\u00bb area=\u00bbsidebar-1&#8243; show_border=\u00bboff\u00bb _builder_version=\u00bb3.0.105&#8243; header_font_size=\u00bb14&#8243; header_text_color=\u00bb#db6553&#8243; text_orientation=\u00bbright\u00bb \/][\/et_pb_column][\/et_pb_row][\/et_pb_section]<\/p>\n<span class=\"et_bloom_bottom_trigger\"><\/span>","protected":false},"excerpt":{"rendered":"<p>(CNAS Venezuela) Durante los d\u00edas 16, 17 y 18 de noviembre del presente a\u00f1o, en Colombia, espec\u00edficamente en la ciudad de C\u00facuta, se realiz\u00f3 la primera etapa de Capacitaci\u00f3n 101 de IWIN (Instituto Wesleyano de Identidad Nazarena). Esta capacitaci\u00f3n estuvo dirigida al grupo de 32 personas que forman parte del liderazgo de la Iglesia Del [&hellip;]<\/p>","protected":false},"author":4,"featured_media":36577,"comment_status":"closed","ping_status":"closed","sticky":false,"template":"","format":"standard","meta":{"_et_pb_use_builder":"on","_et_pb_old_content":"","_et_gb_content_width":"","_monsterinsights_skip_tracking":false,"_monsterinsights_sitenote_active":false,"_monsterinsights_sitenote_note":"","_monsterinsights_sitenote_category":0,"_vp_format_video_url":"","_vp_image_focal_point":[],"footnotes":""},"categories":[7],"tags":[],"class_list":["post-36576","post","type-post","status-publish","format-standard","has-post-thumbnail","hentry","category-venezuela"],"yoast_head":"<!-- This site is optimized with the Yoast SEO Premium plugin v23.6 (Yoast SEO v27.4) - https:\/\/yoast.com\/product\/yoast-seo-premium-wordpress\/ -->\n<title>IWIN VENEZUELA | Iglesia del Nazareno Am\u00e9rica del Sur<\/title>\n<meta name=\"robots\" content=\"noindex, follow\" \/>\n<meta property=\"og:locale\" content=\"pt_BR\" \/>\n<meta property=\"og:type\" content=\"article\" \/>\n<meta property=\"og:title\" content=\"IWIN VENEZUELA | Iglesia del Nazareno Am\u00e9rica del Sur\" \/>\n<meta property=\"og:url\" content=\"https:\/\/www.samnaz.org\/pt\/iwin-venezuela\/\" \/>\n<meta property=\"og:site_name\" content=\"Iglesia del Nazareno Am\u00e9rica del Sur\" \/>\n<meta property=\"article:publisher\" content=\"https:\/\/www.facebook.com\/NazarenoEsp\" \/>\n<meta property=\"article:published_time\" content=\"2018-11-29T00:12:53+00:00\" \/>\n<meta property=\"article:modified_time\" content=\"2021-11-26T14:09:19+00:00\" \/>\n<meta property=\"og:image\" content=\"https:\/\/www.samnaz.org\/wp-content\/uploads\/2018\/11\/IMG-20181122-WA0002.jpg\" \/>\n\t<meta property=\"og:image:width\" content=\"1080\" \/>\n\t<meta property=\"og:image:height\" content=\"607\" \/>\n\t<meta property=\"og:image:type\" content=\"image\/jpeg\" \/>\n<meta name=\"author\" content=\"Samnaz\" \/>\n<meta name=\"twitter:card\" content=\"summary_large_image\" \/>\n<meta name=\"twitter:label1\" content=\"Escrito por\" \/>\n\t<meta name=\"twitter:data1\" content=\"Samnaz\" \/>\n\t<meta name=\"twitter:label2\" content=\"Est. tempo de leitura\" \/>\n\t<meta name=\"twitter:data2\" content=\"2 minutos\" \/>\n<script type=\"application\/ld+json\" class=\"yoast-schema-graph\">{\"@context\":\"https:\\\/\\\/schema.org\",\"@graph\":[{\"@type\":\"Article\",\"@id\":\"https:\\\/\\\/www.samnaz.org\\\/pt\\\/iwin-venezuela\\\/#article\",\"isPartOf\":{\"@id\":\"https:\\\/\\\/www.samnaz.org\\\/pt\\\/iwin-venezuela\\\/\"},\"author\":{\"name\":\"Samnaz\",\"@id\":\"https:\\\/\\\/www.samnaz.org\\\/#\\\/schema\\\/person\\\/c09d1131c49ba510c7e1cbb677b39927\"},\"headline\":\"IWIN VENEZUELA\",\"datePublished\":\"2018-11-29T00:12:53+00:00\",\"dateModified\":\"2021-11-26T14:09:19+00:00\",\"mainEntityOfPage\":{\"@id\":\"https:\\\/\\\/www.samnaz.org\\\/pt\\\/iwin-venezuela\\\/\"},\"wordCount\":338,\"publisher\":{\"@id\":\"https:\\\/\\\/www.samnaz.org\\\/#organization\"},\"image\":{\"@id\":\"https:\\\/\\\/www.samnaz.org\\\/pt\\\/iwin-venezuela\\\/#primaryimage\"},\"thumbnailUrl\":\"https:\\\/\\\/www.samnaz.org\\\/wp-content\\\/uploads\\\/2018\\\/11\\\/IMG-20181122-WA0002.jpg\",\"articleSection\":[\"Venezuela\"],\"inLanguage\":\"pt-BR\"},{\"@type\":\"WebPage\",\"@id\":\"https:\\\/\\\/www.samnaz.org\\\/pt\\\/iwin-venezuela\\\/\",\"url\":\"https:\\\/\\\/www.samnaz.org\\\/pt\\\/iwin-venezuela\\\/\",\"name\":\"IWIN VENEZUELA | Iglesia del Nazareno Am\u00e9rica del Sur\",\"isPartOf\":{\"@id\":\"https:\\\/\\\/www.samnaz.org\\\/#website\"},\"primaryImageOfPage\":{\"@id\":\"https:\\\/\\\/www.samnaz.org\\\/pt\\\/iwin-venezuela\\\/#primaryimage\"},\"image\":{\"@id\":\"https:\\\/\\\/www.samnaz.org\\\/pt\\\/iwin-venezuela\\\/#primaryimage\"},\"thumbnailUrl\":\"https:\\\/\\\/www.samnaz.org\\\/wp-content\\\/uploads\\\/2018\\\/11\\\/IMG-20181122-WA0002.jpg\",\"datePublished\":\"2018-11-29T00:12:53+00:00\",\"dateModified\":\"2021-11-26T14:09:19+00:00\",\"inLanguage\":\"pt-BR\",\"potentialAction\":[{\"@type\":\"ReadAction\",\"target\":[\"https:\\\/\\\/www.samnaz.org\\\/pt\\\/iwin-venezuela\\\/\"]}]},{\"@type\":\"ImageObject\",\"inLanguage\":\"pt-BR\",\"@id\":\"https:\\\/\\\/www.samnaz.org\\\/pt\\\/iwin-venezuela\\\/#primaryimage\",\"url\":\"https:\\\/\\\/www.samnaz.org\\\/wp-content\\\/uploads\\\/2018\\\/11\\\/IMG-20181122-WA0002.jpg\",\"contentUrl\":\"https:\\\/\\\/www.samnaz.org\\\/wp-content\\\/uploads\\\/2018\\\/11\\\/IMG-20181122-WA0002.jpg\",\"width\":1080,\"height\":607},{\"@type\":\"WebSite\",\"@id\":\"https:\\\/\\\/www.samnaz.org\\\/#website\",\"url\":\"https:\\\/\\\/www.samnaz.org\\\/\",\"name\":\"Haciendo Disc\u00edpulos Semejantes a Cristo en las naciones\",\"description\":\"Haciendo disc\u00edpulos semejantes a Cristo en las Naciones\",\"publisher\":{\"@id\":\"https:\\\/\\\/www.samnaz.org\\\/#organization\"},\"alternateName\":\"Viviendo la Gran Comisi\u00f3n\",\"potentialAction\":[{\"@type\":\"SearchAction\",\"target\":{\"@type\":\"EntryPoint\",\"urlTemplate\":\"https:\\\/\\\/www.samnaz.org\\\/?s={search_term_string}\"},\"query-input\":{\"@type\":\"PropertyValueSpecification\",\"valueRequired\":true,\"valueName\":\"search_term_string\"}}],\"inLanguage\":\"pt-BR\"},{\"@type\":\"Organization\",\"@id\":\"https:\\\/\\\/www.samnaz.org\\\/#organization\",\"name\":\"Iglesia del Nazareno Am\u00e9rica del Sur\",\"url\":\"https:\\\/\\\/www.samnaz.org\\\/\",\"logo\":{\"@type\":\"ImageObject\",\"inLanguage\":\"pt-BR\",\"@id\":\"https:\\\/\\\/www.samnaz.org\\\/#\\\/schema\\\/logo\\\/image\\\/\",\"url\":\"https:\\\/\\\/www.samnaz.org\\\/wp-content\\\/uploads\\\/2021\\\/04\\\/Logo-3-ESP.png\",\"contentUrl\":\"https:\\\/\\\/www.samnaz.org\\\/wp-content\\\/uploads\\\/2021\\\/04\\\/Logo-3-ESP.png\",\"width\":1041,\"height\":780,\"caption\":\"Iglesia del Nazareno Am\u00e9rica del Sur\"},\"image\":{\"@id\":\"https:\\\/\\\/www.samnaz.org\\\/#\\\/schema\\\/logo\\\/image\\\/\"},\"sameAs\":[\"https:\\\/\\\/www.facebook.com\\\/NazarenoEsp\",\"https:\\\/\\\/www.instagram.com\\\/nazarenoesp\\\/\"],\"publishingPrinciples\":\"https:\\\/\\\/www.samnaz.org\\\/\"},{\"@type\":\"Person\",\"@id\":\"https:\\\/\\\/www.samnaz.org\\\/#\\\/schema\\\/person\\\/c09d1131c49ba510c7e1cbb677b39927\",\"name\":\"Samnaz\",\"image\":{\"@type\":\"ImageObject\",\"inLanguage\":\"pt-BR\",\"@id\":\"https:\\\/\\\/secure.gravatar.com\\\/avatar\\\/a5baaf0e270319d09c0efce6a9dd03ff93175913c70afe26595c0069c83fa6dc?s=96&d=mm&r=g\",\"url\":\"https:\\\/\\\/secure.gravatar.com\\\/avatar\\\/a5baaf0e270319d09c0efce6a9dd03ff93175913c70afe26595c0069c83fa6dc?s=96&d=mm&r=g\",\"contentUrl\":\"https:\\\/\\\/secure.gravatar.com\\\/avatar\\\/a5baaf0e270319d09c0efce6a9dd03ff93175913c70afe26595c0069c83fa6dc?s=96&d=mm&r=g\",\"caption\":\"Samnaz\"}}]}<\/script>\n<!-- \/ Yoast SEO Premium plugin. -->","yoast_head_json":{"title":"IWIN VENEZUELA | Iglesia del Nazareno Am\u00e9rica del Sur","robots":{"index":"noindex","follow":"follow"},"og_locale":"pt_BR","og_type":"article","og_title":"IWIN VENEZUELA | Iglesia del Nazareno Am\u00e9rica del Sur","og_url":"https:\/\/www.samnaz.org\/pt\/iwin-venezuela\/","og_site_name":"Iglesia del Nazareno Am\u00e9rica del Sur","article_publisher":"https:\/\/www.facebook.com\/NazarenoEsp","article_published_time":"2018-11-29T00:12:53+00:00","article_modified_time":"2021-11-26T14:09:19+00:00","og_image":[{"width":1080,"height":607,"url":"https:\/\/www.samnaz.org\/wp-content\/uploads\/2018\/11\/IMG-20181122-WA0002.jpg","type":"image\/jpeg"}],"author":"Samnaz","twitter_card":"summary_large_image","twitter_misc":{"Escrito por":"Samnaz","Est. tempo de leitura":"2 minutos"},"schema":{"@context":"https:\/\/schema.org","@graph":[{"@type":"Article","@id":"https:\/\/www.samnaz.org\/pt\/iwin-venezuela\/#article","isPartOf":{"@id":"https:\/\/www.samnaz.org\/pt\/iwin-venezuela\/"},"author":{"name":"Samnaz","@id":"https:\/\/www.samnaz.org\/#\/schema\/person\/c09d1131c49ba510c7e1cbb677b39927"},"headline":"IWIN VENEZUELA","datePublished":"2018-11-29T00:12:53+00:00","dateModified":"2021-11-26T14:09:19+00:00","mainEntityOfPage":{"@id":"https:\/\/www.samnaz.org\/pt\/iwin-venezuela\/"},"wordCount":338,"publisher":{"@id":"https:\/\/www.samnaz.org\/#organization"},"image":{"@id":"https:\/\/www.samnaz.org\/pt\/iwin-venezuela\/#primaryimage"},"thumbnailUrl":"https:\/\/www.samnaz.org\/wp-content\/uploads\/2018\/11\/IMG-20181122-WA0002.jpg","articleSection":["Venezuela"],"inLanguage":"pt-BR"},{"@type":"WebPage","@id":"https:\/\/www.samnaz.org\/pt\/iwin-venezuela\/","url":"https:\/\/www.samnaz.org\/pt\/iwin-venezuela\/","name":"IWIN VENEZUELA | Iglesia del Nazareno Am\u00e9rica del Sur","isPartOf":{"@id":"https:\/\/www.samnaz.org\/#website"},"primaryImageOfPage":{"@id":"https:\/\/www.samnaz.org\/pt\/iwin-venezuela\/#primaryimage"},"image":{"@id":"https:\/\/www.samnaz.org\/pt\/iwin-venezuela\/#primaryimage"},"thumbnailUrl":"https:\/\/www.samnaz.org\/wp-content\/uploads\/2018\/11\/IMG-20181122-WA0002.jpg","datePublished":"2018-11-29T00:12:53+00:00","dateModified":"2021-11-26T14:09:19+00:00","inLanguage":"pt-BR","potentialAction":[{"@type":"ReadAction","target":["https:\/\/www.samnaz.org\/pt\/iwin-venezuela\/"]}]},{"@type":"ImageObject","inLanguage":"pt-BR","@id":"https:\/\/www.samnaz.org\/pt\/iwin-venezuela\/#primaryimage","url":"https:\/\/www.samnaz.org\/wp-content\/uploads\/2018\/11\/IMG-20181122-WA0002.jpg","contentUrl":"https:\/\/www.samnaz.org\/wp-content\/uploads\/2018\/11\/IMG-20181122-WA0002.jpg","width":1080,"height":607},{"@type":"WebSite","@id":"https:\/\/www.samnaz.org\/#website","url":"https:\/\/www.samnaz.org\/","name":"Haciendo Disc\u00edpulos Semejantes a Cristo en las naciones","description":"Haciendo disc\u00edpulos semejantes a Cristo en las Naciones","publisher":{"@id":"https:\/\/www.samnaz.org\/#organization"},"alternateName":"Viviendo la Gran Comisi\u00f3n","potentialAction":[{"@type":"SearchAction","target":{"@type":"EntryPoint","urlTemplate":"https:\/\/www.samnaz.org\/?s={search_term_string}"},"query-input":{"@type":"PropertyValueSpecification","valueRequired":true,"valueName":"search_term_string"}}],"inLanguage":"pt-BR"},{"@type":"Organization","@id":"https:\/\/www.samnaz.org\/#organization","name":"Iglesia del Nazareno Am\u00e9rica del Sur","url":"https:\/\/www.samnaz.org\/","logo":{"@type":"ImageObject","inLanguage":"pt-BR","@id":"https:\/\/www.samnaz.org\/#\/schema\/logo\/image\/","url":"https:\/\/www.samnaz.org\/wp-content\/uploads\/2021\/04\/Logo-3-ESP.png","contentUrl":"https:\/\/www.samnaz.org\/wp-content\/uploads\/2021\/04\/Logo-3-ESP.png","width":1041,"height":780,"caption":"Iglesia del Nazareno Am\u00e9rica del Sur"},"image":{"@id":"https:\/\/www.samnaz.org\/#\/schema\/logo\/image\/"},"sameAs":["https:\/\/www.facebook.com\/NazarenoEsp","https:\/\/www.instagram.com\/nazarenoesp\/"],"publishingPrinciples":"https:\/\/www.samnaz.org\/"},{"@type":"Person","@id":"https:\/\/www.samnaz.org\/#\/schema\/person\/c09d1131c49ba510c7e1cbb677b39927","name":"Samnaz","image":{"@type":"ImageObject","inLanguage":"pt-BR","@id":"https:\/\/secure.gravatar.com\/avatar\/a5baaf0e270319d09c0efce6a9dd03ff93175913c70afe26595c0069c83fa6dc?s=96&d=mm&r=g","url":"https:\/\/secure.gravatar.com\/avatar\/a5baaf0e270319d09c0efce6a9dd03ff93175913c70afe26595c0069c83fa6dc?s=96&d=mm&r=g","contentUrl":"https:\/\/secure.gravatar.com\/avatar\/a5baaf0e270319d09c0efce6a9dd03ff93175913c70afe26595c0069c83fa6dc?s=96&d=mm&r=g","caption":"Samnaz"}}]}},"_links":{"self":[{"href":"https:\/\/www.samnaz.org\/pt\/wp-json\/wp\/v2\/posts\/36576","targetHints":{"allow":["GET"]}}],"collection":[{"href":"https:\/\/www.samnaz.org\/pt\/wp-json\/wp\/v2\/posts"}],"about":[{"href":"https:\/\/www.samnaz.org\/pt\/wp-json\/wp\/v2\/types\/post"}],"author":[{"embeddable":true,"href":"https:\/\/www.samnaz.org\/pt\/wp-json\/wp\/v2\/users\/4"}],"replies":[{"embeddable":true,"href":"https:\/\/www.samnaz.org\/pt\/wp-json\/wp\/v2\/comments?post=36576"}],"version-history":[{"count":1,"href":"https:\/\/www.samnaz.org\/pt\/wp-json\/wp\/v2\/posts\/36576\/revisions"}],"predecessor-version":[{"id":36625,"href":"https:\/\/www.samnaz.org\/pt\/wp-json\/wp\/v2\/posts\/36576\/revisions\/36625"}],"wp:featuredmedia":[{"embeddable":true,"href":"https:\/\/www.samnaz.org\/pt\/wp-json\/wp\/v2\/media\/36577"}],"wp:attachment":[{"href":"https:\/\/www.samnaz.org\/pt\/wp-json\/wp\/v2\/media?parent=36576"}],"wp:term":[{"taxonomy":"category","embeddable":true,"href":"https:\/\/www.samnaz.org\/pt\/wp-json\/wp\/v2\/categories?post=36576"},{"taxonomy":"post_tag","embeddable":true,"href":"https:\/\/www.samnaz.org\/pt\/wp-json\/wp\/v2\/tags?post=36576"}],"curies":[{"name":"wp","href":"https:\/\/api.w.org\/{rel}","templated":true}]}}