{"id":36580,"date":"2018-11-15T22:39:52","date_gmt":"2018-11-16T01:39:52","guid":{"rendered":"http:\/\/www.samnaz.org\/?p=26657"},"modified":"2021-11-26T11:09:19","modified_gmt":"2021-11-26T14:09:19","slug":"edificando-para-dios","status":"publish","type":"post","link":"https:\/\/www.samnaz.org\/pt\/edificando-para-dios\/","title":{"rendered":"EDIFICANDO PARA DIOS"},"content":{"rendered":"<p>[et_pb_section bb_built=\u00bb1&#8243; _builder_version=\u00bb3.0.47&#8243; custom_padding=\u00bb0px|0px|3px|0px\u00bb][et_pb_row _builder_version=\u00bb3.0.47&#8243; background_size=\u00bbinitial\u00bb background_position=\u00bbtop_left\u00bb background_repeat=\u00bbrepeat\u00bb custom_padding=\u00bb43px|0px|0px|0px\u00bb][et_pb_column type=\u00bb2_3&#8243;][et_pb_post_title categories=\u00bboff\u00bb _builder_version=\u00bb3.0.105&#8243; title_font=\u00bb||||||||\u00bb title_font_size=\u00bb35px\u00bb title_text_color=\u00bb#db6553&#8243; meta_font=\u00bb||||||||\u00bb meta_font_size=\u00bb13px\u00bb]<\/p>\n<p>&nbsp;<\/p>\n<p>[\/et_pb_post_title][et_pb_text _builder_version=\u00bb3.0.105&#8243; background_layout=\u00bblight\u00bb]<\/p>\n<p style=\"text-align: justify;\"><strong>(CNAS Chile) <\/strong>La Iglesia del Nazareno en Chile, realiz\u00f3 en la hermosa ciudad tur\u00edstica de La Serena, capital de la Regi\u00f3n de Coquimbo, en el norte chico del extenso pa\u00eds, el 3er. Retiro Nacional de Pastores, L\u00edderes e Hijos de Pastores, durante los d\u00edas 1 al 3 de noviembre, bajo el tema \u201cEdificando para Dios\u201d, con la presencia del Director Regional de Am\u00e9rica del Sur, Rev. Christian Sarmiento y el Rev. Severino Quirino, Superintendente del Distrito Capixaba de Brasil, junto a su esposa Karina.<\/p>\n<p style=\"text-align: justify;\">La convocatoria, realizada por el Rvdo. Alessandro Polonio, CIM en Chile, que para este a\u00f1o inclu\u00eda el desaf\u00edo a recorrer largos kil\u00f3metros, y la preparaci\u00f3n del equipo voluntario de colaboradores y su familia, vieron la respuesta de Dios en la participaci\u00f3n de un importante n\u00famero de familias pastorales y de l\u00edderes de los cuatro distritos existentes en Chile, en total 120 personas.<\/p>\n<p style=\"text-align: justify;\">Junto con disfrutar la excelencia del lugar, tiempos de recreaci\u00f3n y esparcimiento, y el compa\u00f1erismo entre los presentes, se desarroll\u00f3 una Feria de Ministerios abierta para la promoci\u00f3n de los ministerios en las distintas \u00e1reas,\u00a0\u00a0MIEDD, MNI, JNI, MAM, CNP, Comunicaciones, Educaci\u00f3n Teol\u00f3gica, Compasi\u00f3n \/Atenci\u00f3n de Desastres y Ministerio Mirada de Amor de la Iglesia del Nazareno Valpara\u00edso, poniendo mucho material y recursos variados a disposici\u00f3n de las Iglesias para incentivar el desarrollo de los ministerios distritales y de las iglesia locales.<\/p>\n<p style=\"text-align: justify;\">Los hijos de pastores y l\u00edderes, vivieron en forma paralela un Retiro especialmente dise\u00f1ado para ellos, ministrados por Rev. Cristiane Polonio, Rev. Severino, Thais\u00a0\u00a0Ribeiro, Lais Cruz, Barbara Varas, Nayama Silva, Brian Mattos y Debora Acu\u00f1a. Mostraron entusiasmo y destreza en las coreograf\u00edas preparadas que instaron a edificar nuestras vidas primeramente para poder edificar a otros.<\/p>\n<p style=\"text-align: justify;\">Pero sin dudas, la predicaci\u00f3n de la Palabra de Dios, y la ministraci\u00f3n que Dios hizo a los corazones de pastores, esposos\/as y l\u00edderes, es lo m\u00e1s relevante en las jornadas vividas. Un tiempo en el que el Se\u00f1or renov\u00f3 fuerzas y visi\u00f3n mediante Su Santo Esp\u00edritu y mostr\u00f3 una dimensi\u00f3n acerca de la vida personal del ministro y de la posibilidad de ministerios fruct\u00edferos basados en el poder de Dios, que sobrepasa nuestras propias limitaciones yendo mas all\u00e1 en la extensi\u00f3n del Reino de Dios.<\/p>\n<p style=\"text-align: justify;\">Dejar atr\u00e1s la fe racional para caminar el ministerio en la fe sobrenatural, esa fe basada en las experiencias personales sobrenaturales con Dios, que cambian extraordinariamente nuestras vidas, y producen la diferencia en la vida de otras personas.<\/p>\n<p style=\"text-align: justify;\">\u00a1Un llamado a pastores y l\u00edderes chilenos a no desistir en el ministerio a pesar de las propias limitaciones, nada puede limitar el poder de Dios!<\/p>\n<p style=\"text-align: justify;\"><em><strong>Fonte<\/strong> Comunicaciones Nazarenas Chile<\/em><\/p>\n<p>[\/et_pb_text][et_pb_gallery gallery_ids=\u00bb26658,26659,26660,26661,26662,26663,26664,26665,26666,26667&#8243; show_title_and_caption=\u00bboff\u00bb _builder_version=\u00bb3.0.105&#8243; pagination_font_size_tablet=\u00bb51&#8243; pagination_line_height_tablet=\u00bb2&#8243; show_pagination=\u00bbon\u00bb fullwidth=\u00bboff\u00bb orientation=\u00bblandscape\u00bb zoom_icon_color=\u00bb#db6553&#8243; hover_overlay_color=\u00bbrgba(255,255,255,0.9)\u00bb background_layout=\u00bblight\u00bb]<\/p>\n<p>&nbsp;<\/p>\n<p>[\/et_pb_gallery][\/et_pb_column][et_pb_column type=\u00bb1_3&#8243;][et_pb_sidebar orientation=\u00bbright\u00bb area=\u00bbsidebar-1&#8243; show_border=\u00bboff\u00bb _builder_version=\u00bb3.0.105&#8243; header_font_size=\u00bb14&#8243; header_text_color=\u00bb#db6553&#8243; text_orientation=\u00bbright\u00bb]<\/p>\n<p>&nbsp;<\/p>\n<p>[\/et_pb_sidebar][\/et_pb_column][\/et_pb_row][\/et_pb_section]<\/p>\n<span class=\"et_bloom_bottom_trigger\"><\/span>","protected":false},"excerpt":{"rendered":"<p>&nbsp; (CNAS Chile) La Iglesia del Nazareno en Chile, realiz\u00f3 en la hermosa ciudad tur\u00edstica de La Serena, capital de la Regi\u00f3n de Coquimbo, en el norte chico del extenso pa\u00eds, el 3er. Retiro Nacional de Pastores, L\u00edderes e Hijos de Pastores, durante los d\u00edas 1 al 3 de noviembre, bajo el tema \u201cEdificando para [&hellip;]<\/p>","protected":false},"author":4,"featured_media":36587,"comment_status":"closed","ping_status":"closed","sticky":false,"template":"","format":"standard","meta":{"_et_pb_use_builder":"on","_et_pb_old_content":"","_et_gb_content_width":"","_monsterinsights_skip_tracking":false,"_monsterinsights_sitenote_active":false,"_monsterinsights_sitenote_note":"","_monsterinsights_sitenote_category":0,"_vp_format_video_url":"","_vp_image_focal_point":[],"footnotes":""},"categories":[12],"tags":[],"class_list":["post-36580","post","type-post","status-publish","format-standard","has-post-thumbnail","hentry","category-chile"],"yoast_head":"<!-- This site is optimized with the Yoast SEO Premium plugin v23.6 (Yoast SEO v27.4) - https:\/\/yoast.com\/product\/yoast-seo-premium-wordpress\/ -->\n<title>EDIFICANDO PARA DIOS | Iglesia del Nazareno Am\u00e9rica del Sur<\/title>\n<meta name=\"robots\" content=\"noindex, follow\" \/>\n<meta property=\"og:locale\" content=\"pt_BR\" \/>\n<meta property=\"og:type\" content=\"article\" \/>\n<meta property=\"og:title\" content=\"EDIFICANDO PARA DIOS | Iglesia del Nazareno Am\u00e9rica del Sur\" \/>\n<meta property=\"og:url\" content=\"https:\/\/www.samnaz.org\/pt\/edificando-para-dios\/\" \/>\n<meta property=\"og:site_name\" content=\"Iglesia del Nazareno Am\u00e9rica del Sur\" \/>\n<meta property=\"article:publisher\" content=\"https:\/\/www.facebook.com\/NazarenoEsp\" \/>\n<meta property=\"article:published_time\" content=\"2018-11-16T01:39:52+00:00\" \/>\n<meta property=\"article:modified_time\" content=\"2021-11-26T14:09:19+00:00\" \/>\n<meta property=\"og:image\" content=\"https:\/\/www.samnaz.org\/wp-content\/uploads\/2018\/11\/IMG_5578-1.jpg\" \/>\n\t<meta property=\"og:image:width\" content=\"1024\" \/>\n\t<meta property=\"og:image:height\" content=\"683\" \/>\n\t<meta property=\"og:image:type\" content=\"image\/jpeg\" \/>\n<meta name=\"author\" content=\"Samnaz\" \/>\n<meta name=\"twitter:card\" content=\"summary_large_image\" \/>\n<meta name=\"twitter:label1\" content=\"Escrito por\" \/>\n\t<meta name=\"twitter:data1\" content=\"Samnaz\" \/>\n\t<meta name=\"twitter:label2\" content=\"Est. tempo de leitura\" \/>\n\t<meta name=\"twitter:data2\" content=\"3 minutos\" \/>\n<script type=\"application\/ld+json\" class=\"yoast-schema-graph\">{\"@context\":\"https:\\\/\\\/schema.org\",\"@graph\":[{\"@type\":\"Article\",\"@id\":\"https:\\\/\\\/www.samnaz.org\\\/pt\\\/edificando-para-dios\\\/#article\",\"isPartOf\":{\"@id\":\"https:\\\/\\\/www.samnaz.org\\\/pt\\\/edificando-para-dios\\\/\"},\"author\":{\"name\":\"Samnaz\",\"@id\":\"https:\\\/\\\/www.samnaz.org\\\/#\\\/schema\\\/person\\\/c09d1131c49ba510c7e1cbb677b39927\"},\"headline\":\"EDIFICANDO PARA DIOS\",\"datePublished\":\"2018-11-16T01:39:52+00:00\",\"dateModified\":\"2021-11-26T14:09:19+00:00\",\"mainEntityOfPage\":{\"@id\":\"https:\\\/\\\/www.samnaz.org\\\/pt\\\/edificando-para-dios\\\/\"},\"wordCount\":640,\"publisher\":{\"@id\":\"https:\\\/\\\/www.samnaz.org\\\/#organization\"},\"image\":{\"@id\":\"https:\\\/\\\/www.samnaz.org\\\/pt\\\/edificando-para-dios\\\/#primaryimage\"},\"thumbnailUrl\":\"https:\\\/\\\/www.samnaz.org\\\/wp-content\\\/uploads\\\/2018\\\/11\\\/IMG_5578-1.jpg\",\"articleSection\":[\"Chile\"],\"inLanguage\":\"pt-BR\"},{\"@type\":\"WebPage\",\"@id\":\"https:\\\/\\\/www.samnaz.org\\\/pt\\\/edificando-para-dios\\\/\",\"url\":\"https:\\\/\\\/www.samnaz.org\\\/pt\\\/edificando-para-dios\\\/\",\"name\":\"EDIFICANDO PARA DIOS | Iglesia del Nazareno Am\u00e9rica del Sur\",\"isPartOf\":{\"@id\":\"https:\\\/\\\/www.samnaz.org\\\/#website\"},\"primaryImageOfPage\":{\"@id\":\"https:\\\/\\\/www.samnaz.org\\\/pt\\\/edificando-para-dios\\\/#primaryimage\"},\"image\":{\"@id\":\"https:\\\/\\\/www.samnaz.org\\\/pt\\\/edificando-para-dios\\\/#primaryimage\"},\"thumbnailUrl\":\"https:\\\/\\\/www.samnaz.org\\\/wp-content\\\/uploads\\\/2018\\\/11\\\/IMG_5578-1.jpg\",\"datePublished\":\"2018-11-16T01:39:52+00:00\",\"dateModified\":\"2021-11-26T14:09:19+00:00\",\"inLanguage\":\"pt-BR\",\"potentialAction\":[{\"@type\":\"ReadAction\",\"target\":[\"https:\\\/\\\/www.samnaz.org\\\/pt\\\/edificando-para-dios\\\/\"]}]},{\"@type\":\"ImageObject\",\"inLanguage\":\"pt-BR\",\"@id\":\"https:\\\/\\\/www.samnaz.org\\\/pt\\\/edificando-para-dios\\\/#primaryimage\",\"url\":\"https:\\\/\\\/www.samnaz.org\\\/wp-content\\\/uploads\\\/2018\\\/11\\\/IMG_5578-1.jpg\",\"contentUrl\":\"https:\\\/\\\/www.samnaz.org\\\/wp-content\\\/uploads\\\/2018\\\/11\\\/IMG_5578-1.jpg\",\"width\":1024,\"height\":683},{\"@type\":\"WebSite\",\"@id\":\"https:\\\/\\\/www.samnaz.org\\\/#website\",\"url\":\"https:\\\/\\\/www.samnaz.org\\\/\",\"name\":\"Haciendo Disc\u00edpulos Semejantes a Cristo en las naciones\",\"description\":\"Haciendo disc\u00edpulos semejantes a Cristo en las Naciones\",\"publisher\":{\"@id\":\"https:\\\/\\\/www.samnaz.org\\\/#organization\"},\"alternateName\":\"Viviendo la Gran Comisi\u00f3n\",\"potentialAction\":[{\"@type\":\"SearchAction\",\"target\":{\"@type\":\"EntryPoint\",\"urlTemplate\":\"https:\\\/\\\/www.samnaz.org\\\/?s={search_term_string}\"},\"query-input\":{\"@type\":\"PropertyValueSpecification\",\"valueRequired\":true,\"valueName\":\"search_term_string\"}}],\"inLanguage\":\"pt-BR\"},{\"@type\":\"Organization\",\"@id\":\"https:\\\/\\\/www.samnaz.org\\\/#organization\",\"name\":\"Iglesia del Nazareno Am\u00e9rica del Sur\",\"url\":\"https:\\\/\\\/www.samnaz.org\\\/\",\"logo\":{\"@type\":\"ImageObject\",\"inLanguage\":\"pt-BR\",\"@id\":\"https:\\\/\\\/www.samnaz.org\\\/#\\\/schema\\\/logo\\\/image\\\/\",\"url\":\"https:\\\/\\\/www.samnaz.org\\\/wp-content\\\/uploads\\\/2021\\\/04\\\/Logo-3-ESP.png\",\"contentUrl\":\"https:\\\/\\\/www.samnaz.org\\\/wp-content\\\/uploads\\\/2021\\\/04\\\/Logo-3-ESP.png\",\"width\":1041,\"height\":780,\"caption\":\"Iglesia del Nazareno Am\u00e9rica del Sur\"},\"image\":{\"@id\":\"https:\\\/\\\/www.samnaz.org\\\/#\\\/schema\\\/logo\\\/image\\\/\"},\"sameAs\":[\"https:\\\/\\\/www.facebook.com\\\/NazarenoEsp\",\"https:\\\/\\\/www.instagram.com\\\/nazarenoesp\\\/\"],\"publishingPrinciples\":\"https:\\\/\\\/www.samnaz.org\\\/\"},{\"@type\":\"Person\",\"@id\":\"https:\\\/\\\/www.samnaz.org\\\/#\\\/schema\\\/person\\\/c09d1131c49ba510c7e1cbb677b39927\",\"name\":\"Samnaz\",\"image\":{\"@type\":\"ImageObject\",\"inLanguage\":\"pt-BR\",\"@id\":\"https:\\\/\\\/secure.gravatar.com\\\/avatar\\\/a5baaf0e270319d09c0efce6a9dd03ff93175913c70afe26595c0069c83fa6dc?s=96&d=mm&r=g\",\"url\":\"https:\\\/\\\/secure.gravatar.com\\\/avatar\\\/a5baaf0e270319d09c0efce6a9dd03ff93175913c70afe26595c0069c83fa6dc?s=96&d=mm&r=g\",\"contentUrl\":\"https:\\\/\\\/secure.gravatar.com\\\/avatar\\\/a5baaf0e270319d09c0efce6a9dd03ff93175913c70afe26595c0069c83fa6dc?s=96&d=mm&r=g\",\"caption\":\"Samnaz\"}}]}<\/script>\n<!-- \/ Yoast SEO Premium plugin. -->","yoast_head_json":{"title":"EDIFICANDO PARA DIOS | Iglesia del Nazareno Am\u00e9rica del Sur","robots":{"index":"noindex","follow":"follow"},"og_locale":"pt_BR","og_type":"article","og_title":"EDIFICANDO PARA DIOS | Iglesia del Nazareno Am\u00e9rica del Sur","og_url":"https:\/\/www.samnaz.org\/pt\/edificando-para-dios\/","og_site_name":"Iglesia del Nazareno Am\u00e9rica del Sur","article_publisher":"https:\/\/www.facebook.com\/NazarenoEsp","article_published_time":"2018-11-16T01:39:52+00:00","article_modified_time":"2021-11-26T14:09:19+00:00","og_image":[{"width":1024,"height":683,"url":"https:\/\/www.samnaz.org\/wp-content\/uploads\/2018\/11\/IMG_5578-1.jpg","type":"image\/jpeg"}],"author":"Samnaz","twitter_card":"summary_large_image","twitter_misc":{"Escrito por":"Samnaz","Est. tempo de leitura":"3 minutos"},"schema":{"@context":"https:\/\/schema.org","@graph":[{"@type":"Article","@id":"https:\/\/www.samnaz.org\/pt\/edificando-para-dios\/#article","isPartOf":{"@id":"https:\/\/www.samnaz.org\/pt\/edificando-para-dios\/"},"author":{"name":"Samnaz","@id":"https:\/\/www.samnaz.org\/#\/schema\/person\/c09d1131c49ba510c7e1cbb677b39927"},"headline":"EDIFICANDO PARA DIOS","datePublished":"2018-11-16T01:39:52+00:00","dateModified":"2021-11-26T14:09:19+00:00","mainEntityOfPage":{"@id":"https:\/\/www.samnaz.org\/pt\/edificando-para-dios\/"},"wordCount":640,"publisher":{"@id":"https:\/\/www.samnaz.org\/#organization"},"image":{"@id":"https:\/\/www.samnaz.org\/pt\/edificando-para-dios\/#primaryimage"},"thumbnailUrl":"https:\/\/www.samnaz.org\/wp-content\/uploads\/2018\/11\/IMG_5578-1.jpg","articleSection":["Chile"],"inLanguage":"pt-BR"},{"@type":"WebPage","@id":"https:\/\/www.samnaz.org\/pt\/edificando-para-dios\/","url":"https:\/\/www.samnaz.org\/pt\/edificando-para-dios\/","name":"EDIFICANDO PARA DIOS | Iglesia del Nazareno Am\u00e9rica del Sur","isPartOf":{"@id":"https:\/\/www.samnaz.org\/#website"},"primaryImageOfPage":{"@id":"https:\/\/www.samnaz.org\/pt\/edificando-para-dios\/#primaryimage"},"image":{"@id":"https:\/\/www.samnaz.org\/pt\/edificando-para-dios\/#primaryimage"},"thumbnailUrl":"https:\/\/www.samnaz.org\/wp-content\/uploads\/2018\/11\/IMG_5578-1.jpg","datePublished":"2018-11-16T01:39:52+00:00","dateModified":"2021-11-26T14:09:19+00:00","inLanguage":"pt-BR","potentialAction":[{"@type":"ReadAction","target":["https:\/\/www.samnaz.org\/pt\/edificando-para-dios\/"]}]},{"@type":"ImageObject","inLanguage":"pt-BR","@id":"https:\/\/www.samnaz.org\/pt\/edificando-para-dios\/#primaryimage","url":"https:\/\/www.samnaz.org\/wp-content\/uploads\/2018\/11\/IMG_5578-1.jpg","contentUrl":"https:\/\/www.samnaz.org\/wp-content\/uploads\/2018\/11\/IMG_5578-1.jpg","width":1024,"height":683},{"@type":"WebSite","@id":"https:\/\/www.samnaz.org\/#website","url":"https:\/\/www.samnaz.org\/","name":"Haciendo Disc\u00edpulos Semejantes a Cristo en las naciones","description":"Haciendo disc\u00edpulos semejantes a Cristo en las Naciones","publisher":{"@id":"https:\/\/www.samnaz.org\/#organization"},"alternateName":"Viviendo la Gran Comisi\u00f3n","potentialAction":[{"@type":"SearchAction","target":{"@type":"EntryPoint","urlTemplate":"https:\/\/www.samnaz.org\/?s={search_term_string}"},"query-input":{"@type":"PropertyValueSpecification","valueRequired":true,"valueName":"search_term_string"}}],"inLanguage":"pt-BR"},{"@type":"Organization","@id":"https:\/\/www.samnaz.org\/#organization","name":"Iglesia del Nazareno Am\u00e9rica del Sur","url":"https:\/\/www.samnaz.org\/","logo":{"@type":"ImageObject","inLanguage":"pt-BR","@id":"https:\/\/www.samnaz.org\/#\/schema\/logo\/image\/","url":"https:\/\/www.samnaz.org\/wp-content\/uploads\/2021\/04\/Logo-3-ESP.png","contentUrl":"https:\/\/www.samnaz.org\/wp-content\/uploads\/2021\/04\/Logo-3-ESP.png","width":1041,"height":780,"caption":"Iglesia del Nazareno Am\u00e9rica del Sur"},"image":{"@id":"https:\/\/www.samnaz.org\/#\/schema\/logo\/image\/"},"sameAs":["https:\/\/www.facebook.com\/NazarenoEsp","https:\/\/www.instagram.com\/nazarenoesp\/"],"publishingPrinciples":"https:\/\/www.samnaz.org\/"},{"@type":"Person","@id":"https:\/\/www.samnaz.org\/#\/schema\/person\/c09d1131c49ba510c7e1cbb677b39927","name":"Samnaz","image":{"@type":"ImageObject","inLanguage":"pt-BR","@id":"https:\/\/secure.gravatar.com\/avatar\/a5baaf0e270319d09c0efce6a9dd03ff93175913c70afe26595c0069c83fa6dc?s=96&d=mm&r=g","url":"https:\/\/secure.gravatar.com\/avatar\/a5baaf0e270319d09c0efce6a9dd03ff93175913c70afe26595c0069c83fa6dc?s=96&d=mm&r=g","contentUrl":"https:\/\/secure.gravatar.com\/avatar\/a5baaf0e270319d09c0efce6a9dd03ff93175913c70afe26595c0069c83fa6dc?s=96&d=mm&r=g","caption":"Samnaz"}}]}},"_links":{"self":[{"href":"https:\/\/www.samnaz.org\/pt\/wp-json\/wp\/v2\/posts\/36580","targetHints":{"allow":["GET"]}}],"collection":[{"href":"https:\/\/www.samnaz.org\/pt\/wp-json\/wp\/v2\/posts"}],"about":[{"href":"https:\/\/www.samnaz.org\/pt\/wp-json\/wp\/v2\/types\/post"}],"author":[{"embeddable":true,"href":"https:\/\/www.samnaz.org\/pt\/wp-json\/wp\/v2\/users\/4"}],"replies":[{"embeddable":true,"href":"https:\/\/www.samnaz.org\/pt\/wp-json\/wp\/v2\/comments?post=36580"}],"version-history":[{"count":1,"href":"https:\/\/www.samnaz.org\/pt\/wp-json\/wp\/v2\/posts\/36580\/revisions"}],"predecessor-version":[{"id":36627,"href":"https:\/\/www.samnaz.org\/pt\/wp-json\/wp\/v2\/posts\/36580\/revisions\/36627"}],"wp:featuredmedia":[{"embeddable":true,"href":"https:\/\/www.samnaz.org\/pt\/wp-json\/wp\/v2\/media\/36587"}],"wp:attachment":[{"href":"https:\/\/www.samnaz.org\/pt\/wp-json\/wp\/v2\/media?parent=36580"}],"wp:term":[{"taxonomy":"category","embeddable":true,"href":"https:\/\/www.samnaz.org\/pt\/wp-json\/wp\/v2\/categories?post=36580"},{"taxonomy":"post_tag","embeddable":true,"href":"https:\/\/www.samnaz.org\/pt\/wp-json\/wp\/v2\/tags?post=36580"}],"curies":[{"name":"wp","href":"https:\/\/api.w.org\/{rel}","templated":true}]}}