{"id":37007,"date":"2021-09-16T17:53:33","date_gmt":"2021-09-16T20:53:33","guid":{"rendered":"https:\/\/www.samnaz.org\/?p=35328"},"modified":"2021-11-26T11:09:03","modified_gmt":"2021-11-26T14:09:03","slug":"nuevo-pastor-en-lambare-paraguay","status":"publish","type":"post","link":"https:\/\/www.samnaz.org\/pt\/nuevo-pastor-en-lambare-paraguay\/","title":{"rendered":"NOVO PASTOR EM LAMBAR\u00c9, PARAGUAI"},"content":{"rendered":"[et_pb_section fb_built=\u00bb1&#8243; _builder_version=\u00bb3.22&#8243; custom_padding=\u00bb0px|0px|3px|0px\u00bb][et_pb_row _builder_version=\u00bb3.25&#8243; column_structure=\u00bb2_3,1_3&#8243;][et_pb_column type=\u00bb2_3&#8243; _builder_version=\u00bb3.25&#8243; custom_padding=\u00bb|||\u00bb custom_padding__hover=\u00bb|||\u00bb][et_pb_post_title categories=\u00bboff\u00bb _builder_version=\u00bb3.0.105&#8243; title_font=\u00bb||||||||\u00bb title_text_color=\u00bb#db6553&#8243; title_font_size=\u00bb35px\u00bb meta_font=\u00bb||||||||\u00bb meta_font_size=\u00bb13px\u00bb][\/et_pb_post_title][et_pb_text _builder_version=\u00bb4.9.2&#8243; hover_enabled=\u00bb0&#8243; sticky_enabled=\u00bb0&#8243;]<p style=\"text-align: justify;\" class=\"translation-block\"><strong> (CNAS Paraguai) <\/strong> Sebasti\u00e1n M\u00e9ndez, filho do Pastor Ren\u00e9 M\u00e9ndez (Igreja do Nazareno de Loma Pyta), junto com sua esposa Cristina G\u00f3mez, foi empossado como o novo pastor da Igreja do Nazareno em Lambar\u00e9, Paraguai. Sebasti\u00e1n \u00e9 o pastor mais jovem das Igrejas do Nazareno no Paraguai aos 28 anos.<\/p>\n<p style=\"text-align: justify;\">A instala\u00e7\u00e3o ocorreu no domingo, 5 de setembro. A igreja teve como pastor interino o superintendente do Distrito Central, Rev. Yoan Camacaro e sua esposa Astrid Mayta, que por mais de um ano estiveram no comando da congrega\u00e7\u00e3o, em busca de novos pastores.<\/p>\n<p style=\"text-align: justify;\">Celebramos este sucesso e damos gl\u00f3ria a Deus pelos l\u00edderes emergentes.\u00a0<\/p>\n<p style=\"text-align: justify;\" class=\"translation-block\"><strong> <em> Fonte: <\/em> <\/strong> <em> Comunica\u00e7\u00f5es Nazarenas \u2013 Paraguai <\/em><\/p>[\/et_pb_text][et_pb_gallery gallery_ids=\u00bb35252,35250,35248,35246,35244&#8243; show_title_and_caption=\u00bboff\u00bb _builder_version=\u00bb4.9.2&#8243; hover_enabled=\u00bb0&#8243; pagination_font_size_tablet=\u00bb51&#8243; pagination_line_height_tablet=\u00bb2&#8243; sticky_enabled=\u00bb0&#8243;][\/et_pb_gallery][\/et_pb_column][et_pb_column type=\u00bb1_3&#8243; _builder_version=\u00bb3.25&#8243; custom_padding=\u00bb|||\u00bb custom_padding__hover=\u00bb|||\u00bb][et_pb_sidebar orientation=\u00bbright\u00bb area=\u00bbsidebar-1&#8243; _builder_version=\u00bb3.0.105&#8243; header_text_color=\u00bb#db6553&#8243; header_font_size=\u00bb14&#8243; text_orientation=\u00bbright\u00bb][\/et_pb_sidebar][\/et_pb_column][\/et_pb_row][\/et_pb_section]\n<span class=\"et_bloom_bottom_trigger\"><\/span>","protected":false},"excerpt":{"rendered":"<p>(CNAS Paraguay) Sebasti\u00e1n M\u00e9ndez, hijo del pastor Ren\u00e9 M\u00e9ndez (Iglesia del Nazareno Loma Pyta), junto con su esposa Cristina G\u00f3mez, fue instalado como nuevo pastor en la Iglesia del Nazareno en Lambar\u00e9, Paraguay. Sebasti\u00e1n es el pastor m\u00e1s joven de las Iglesias del Nazareno en Paraguay con 28 a\u00f1os. La instalaci\u00f3n se realiz\u00f3 el domingo [&hellip;]<\/p>","protected":false},"author":4,"featured_media":37008,"comment_status":"closed","ping_status":"closed","sticky":false,"template":"","format":"standard","meta":{"_et_pb_use_builder":"on","_et_pb_old_content":"","_et_gb_content_width":"2880","_monsterinsights_skip_tracking":false,"_monsterinsights_sitenote_active":false,"_monsterinsights_sitenote_note":"","_monsterinsights_sitenote_category":0,"_vp_format_video_url":"","_vp_image_focal_point":[],"footnotes":""},"categories":[55],"tags":[],"class_list":["post-37007","post","type-post","status-publish","format-standard","has-post-thumbnail","hentry","category-paraguay"],"yoast_head":"<!-- This site is optimized with the Yoast SEO Premium plugin v23.6 (Yoast SEO v27.4) - https:\/\/yoast.com\/product\/yoast-seo-premium-wordpress\/ -->\n<title>NUEVO PASTOR EN LAMBAR\u00c9 - PARAGUAY | Iglesia del Nazareno Am\u00e9rica del Sur<\/title>\n<meta name=\"robots\" content=\"noindex, follow\" \/>\n<meta property=\"og:locale\" content=\"pt_BR\" \/>\n<meta property=\"og:type\" content=\"article\" \/>\n<meta property=\"og:title\" content=\"NUEVO PASTOR EN LAMBAR\u00c9 - PARAGUAY | Iglesia del Nazareno Am\u00e9rica del Sur\" \/>\n<meta property=\"og:url\" content=\"https:\/\/www.samnaz.org\/pt\/nuevo-pastor-en-lambare-paraguay\/\" \/>\n<meta property=\"og:site_name\" content=\"Iglesia del Nazareno Am\u00e9rica del Sur\" \/>\n<meta property=\"article:publisher\" content=\"https:\/\/www.facebook.com\/NazarenoEsp\" \/>\n<meta property=\"article:published_time\" content=\"2021-09-16T20:53:33+00:00\" \/>\n<meta property=\"article:modified_time\" content=\"2021-11-26T14:09:03+00:00\" \/>\n<meta property=\"og:image\" content=\"https:\/\/www.samnaz.org\/wp-content\/uploads\/2021\/09\/sdfsfsdfsf.jpg\" \/>\n\t<meta property=\"og:image:width\" content=\"568\" \/>\n\t<meta property=\"og:image:height\" content=\"393\" \/>\n\t<meta property=\"og:image:type\" content=\"image\/jpeg\" \/>\n<meta name=\"author\" content=\"Samnaz\" \/>\n<meta name=\"twitter:card\" content=\"summary_large_image\" \/>\n<meta name=\"twitter:label1\" content=\"Escrito por\" \/>\n\t<meta name=\"twitter:data1\" content=\"Samnaz\" \/>\n\t<meta name=\"twitter:label2\" content=\"Est. tempo de leitura\" \/>\n\t<meta name=\"twitter:data2\" content=\"1 minuto\" \/>\n<script type=\"application\/ld+json\" class=\"yoast-schema-graph\">{\"@context\":\"https:\\\/\\\/schema.org\",\"@graph\":[{\"@type\":\"Article\",\"@id\":\"https:\\\/\\\/www.samnaz.org\\\/pt\\\/nuevo-pastor-en-lambare-paraguay\\\/#article\",\"isPartOf\":{\"@id\":\"https:\\\/\\\/www.samnaz.org\\\/pt\\\/nuevo-pastor-en-lambare-paraguay\\\/\"},\"author\":{\"name\":\"Samnaz\",\"@id\":\"https:\\\/\\\/www.samnaz.org\\\/#\\\/schema\\\/person\\\/c09d1131c49ba510c7e1cbb677b39927\"},\"headline\":\"NUEVO PASTOR EN LAMBAR\u00c9 &#8211; PARAGUAY\",\"datePublished\":\"2021-09-16T20:53:33+00:00\",\"dateModified\":\"2021-11-26T14:09:03+00:00\",\"mainEntityOfPage\":{\"@id\":\"https:\\\/\\\/www.samnaz.org\\\/pt\\\/nuevo-pastor-en-lambare-paraguay\\\/\"},\"wordCount\":274,\"publisher\":{\"@id\":\"https:\\\/\\\/www.samnaz.org\\\/#organization\"},\"image\":{\"@id\":\"https:\\\/\\\/www.samnaz.org\\\/pt\\\/nuevo-pastor-en-lambare-paraguay\\\/#primaryimage\"},\"thumbnailUrl\":\"https:\\\/\\\/www.samnaz.org\\\/wp-content\\\/uploads\\\/2021\\\/09\\\/sdfsfsdfsf.jpg\",\"articleSection\":[\"Paraguay\"],\"inLanguage\":\"pt-BR\"},{\"@type\":\"WebPage\",\"@id\":\"https:\\\/\\\/www.samnaz.org\\\/pt\\\/nuevo-pastor-en-lambare-paraguay\\\/\",\"url\":\"https:\\\/\\\/www.samnaz.org\\\/pt\\\/nuevo-pastor-en-lambare-paraguay\\\/\",\"name\":\"NUEVO PASTOR EN LAMBAR\u00c9 - PARAGUAY | Iglesia del Nazareno Am\u00e9rica del Sur\",\"isPartOf\":{\"@id\":\"https:\\\/\\\/www.samnaz.org\\\/#website\"},\"primaryImageOfPage\":{\"@id\":\"https:\\\/\\\/www.samnaz.org\\\/pt\\\/nuevo-pastor-en-lambare-paraguay\\\/#primaryimage\"},\"image\":{\"@id\":\"https:\\\/\\\/www.samnaz.org\\\/pt\\\/nuevo-pastor-en-lambare-paraguay\\\/#primaryimage\"},\"thumbnailUrl\":\"https:\\\/\\\/www.samnaz.org\\\/wp-content\\\/uploads\\\/2021\\\/09\\\/sdfsfsdfsf.jpg\",\"datePublished\":\"2021-09-16T20:53:33+00:00\",\"dateModified\":\"2021-11-26T14:09:03+00:00\",\"inLanguage\":\"pt-BR\",\"potentialAction\":[{\"@type\":\"ReadAction\",\"target\":[\"https:\\\/\\\/www.samnaz.org\\\/pt\\\/nuevo-pastor-en-lambare-paraguay\\\/\"]}]},{\"@type\":\"ImageObject\",\"inLanguage\":\"pt-BR\",\"@id\":\"https:\\\/\\\/www.samnaz.org\\\/pt\\\/nuevo-pastor-en-lambare-paraguay\\\/#primaryimage\",\"url\":\"https:\\\/\\\/www.samnaz.org\\\/wp-content\\\/uploads\\\/2021\\\/09\\\/sdfsfsdfsf.jpg\",\"contentUrl\":\"https:\\\/\\\/www.samnaz.org\\\/wp-content\\\/uploads\\\/2021\\\/09\\\/sdfsfsdfsf.jpg\",\"width\":568,\"height\":393},{\"@type\":\"WebSite\",\"@id\":\"https:\\\/\\\/www.samnaz.org\\\/#website\",\"url\":\"https:\\\/\\\/www.samnaz.org\\\/\",\"name\":\"Haciendo Disc\u00edpulos Semejantes a Cristo en las naciones\",\"description\":\"Haciendo disc\u00edpulos semejantes a Cristo en las Naciones\",\"publisher\":{\"@id\":\"https:\\\/\\\/www.samnaz.org\\\/#organization\"},\"alternateName\":\"Viviendo la Gran Comisi\u00f3n\",\"potentialAction\":[{\"@type\":\"SearchAction\",\"target\":{\"@type\":\"EntryPoint\",\"urlTemplate\":\"https:\\\/\\\/www.samnaz.org\\\/?s={search_term_string}\"},\"query-input\":{\"@type\":\"PropertyValueSpecification\",\"valueRequired\":true,\"valueName\":\"search_term_string\"}}],\"inLanguage\":\"pt-BR\"},{\"@type\":\"Organization\",\"@id\":\"https:\\\/\\\/www.samnaz.org\\\/#organization\",\"name\":\"Iglesia del Nazareno Am\u00e9rica del Sur\",\"url\":\"https:\\\/\\\/www.samnaz.org\\\/\",\"logo\":{\"@type\":\"ImageObject\",\"inLanguage\":\"pt-BR\",\"@id\":\"https:\\\/\\\/www.samnaz.org\\\/#\\\/schema\\\/logo\\\/image\\\/\",\"url\":\"https:\\\/\\\/www.samnaz.org\\\/wp-content\\\/uploads\\\/2021\\\/04\\\/Logo-3-ESP.png\",\"contentUrl\":\"https:\\\/\\\/www.samnaz.org\\\/wp-content\\\/uploads\\\/2021\\\/04\\\/Logo-3-ESP.png\",\"width\":1041,\"height\":780,\"caption\":\"Iglesia del Nazareno Am\u00e9rica del Sur\"},\"image\":{\"@id\":\"https:\\\/\\\/www.samnaz.org\\\/#\\\/schema\\\/logo\\\/image\\\/\"},\"sameAs\":[\"https:\\\/\\\/www.facebook.com\\\/NazarenoEsp\",\"https:\\\/\\\/www.instagram.com\\\/nazarenoesp\\\/\"],\"publishingPrinciples\":\"https:\\\/\\\/www.samnaz.org\\\/\"},{\"@type\":\"Person\",\"@id\":\"https:\\\/\\\/www.samnaz.org\\\/#\\\/schema\\\/person\\\/c09d1131c49ba510c7e1cbb677b39927\",\"name\":\"Samnaz\",\"image\":{\"@type\":\"ImageObject\",\"inLanguage\":\"pt-BR\",\"@id\":\"https:\\\/\\\/secure.gravatar.com\\\/avatar\\\/a5baaf0e270319d09c0efce6a9dd03ff93175913c70afe26595c0069c83fa6dc?s=96&d=mm&r=g\",\"url\":\"https:\\\/\\\/secure.gravatar.com\\\/avatar\\\/a5baaf0e270319d09c0efce6a9dd03ff93175913c70afe26595c0069c83fa6dc?s=96&d=mm&r=g\",\"contentUrl\":\"https:\\\/\\\/secure.gravatar.com\\\/avatar\\\/a5baaf0e270319d09c0efce6a9dd03ff93175913c70afe26595c0069c83fa6dc?s=96&d=mm&r=g\",\"caption\":\"Samnaz\"}}]}<\/script>\n<!-- \/ Yoast SEO Premium plugin. -->","yoast_head_json":{"title":"NUEVO PASTOR EN LAMBAR\u00c9 - PARAGUAY | Iglesia del Nazareno Am\u00e9rica del Sur","robots":{"index":"noindex","follow":"follow"},"og_locale":"pt_BR","og_type":"article","og_title":"NUEVO PASTOR EN LAMBAR\u00c9 - PARAGUAY | Iglesia del Nazareno Am\u00e9rica del Sur","og_url":"https:\/\/www.samnaz.org\/pt\/nuevo-pastor-en-lambare-paraguay\/","og_site_name":"Iglesia del Nazareno Am\u00e9rica del Sur","article_publisher":"https:\/\/www.facebook.com\/NazarenoEsp","article_published_time":"2021-09-16T20:53:33+00:00","article_modified_time":"2021-11-26T14:09:03+00:00","og_image":[{"width":568,"height":393,"url":"https:\/\/www.samnaz.org\/wp-content\/uploads\/2021\/09\/sdfsfsdfsf.jpg","type":"image\/jpeg"}],"author":"Samnaz","twitter_card":"summary_large_image","twitter_misc":{"Escrito por":"Samnaz","Est. tempo de leitura":"1 minuto"},"schema":{"@context":"https:\/\/schema.org","@graph":[{"@type":"Article","@id":"https:\/\/www.samnaz.org\/pt\/nuevo-pastor-en-lambare-paraguay\/#article","isPartOf":{"@id":"https:\/\/www.samnaz.org\/pt\/nuevo-pastor-en-lambare-paraguay\/"},"author":{"name":"Samnaz","@id":"https:\/\/www.samnaz.org\/#\/schema\/person\/c09d1131c49ba510c7e1cbb677b39927"},"headline":"NUEVO PASTOR EN LAMBAR\u00c9 &#8211; PARAGUAY","datePublished":"2021-09-16T20:53:33+00:00","dateModified":"2021-11-26T14:09:03+00:00","mainEntityOfPage":{"@id":"https:\/\/www.samnaz.org\/pt\/nuevo-pastor-en-lambare-paraguay\/"},"wordCount":274,"publisher":{"@id":"https:\/\/www.samnaz.org\/#organization"},"image":{"@id":"https:\/\/www.samnaz.org\/pt\/nuevo-pastor-en-lambare-paraguay\/#primaryimage"},"thumbnailUrl":"https:\/\/www.samnaz.org\/wp-content\/uploads\/2021\/09\/sdfsfsdfsf.jpg","articleSection":["Paraguay"],"inLanguage":"pt-BR"},{"@type":"WebPage","@id":"https:\/\/www.samnaz.org\/pt\/nuevo-pastor-en-lambare-paraguay\/","url":"https:\/\/www.samnaz.org\/pt\/nuevo-pastor-en-lambare-paraguay\/","name":"NUEVO PASTOR EN LAMBAR\u00c9 - PARAGUAY | Iglesia del Nazareno Am\u00e9rica del Sur","isPartOf":{"@id":"https:\/\/www.samnaz.org\/#website"},"primaryImageOfPage":{"@id":"https:\/\/www.samnaz.org\/pt\/nuevo-pastor-en-lambare-paraguay\/#primaryimage"},"image":{"@id":"https:\/\/www.samnaz.org\/pt\/nuevo-pastor-en-lambare-paraguay\/#primaryimage"},"thumbnailUrl":"https:\/\/www.samnaz.org\/wp-content\/uploads\/2021\/09\/sdfsfsdfsf.jpg","datePublished":"2021-09-16T20:53:33+00:00","dateModified":"2021-11-26T14:09:03+00:00","inLanguage":"pt-BR","potentialAction":[{"@type":"ReadAction","target":["https:\/\/www.samnaz.org\/pt\/nuevo-pastor-en-lambare-paraguay\/"]}]},{"@type":"ImageObject","inLanguage":"pt-BR","@id":"https:\/\/www.samnaz.org\/pt\/nuevo-pastor-en-lambare-paraguay\/#primaryimage","url":"https:\/\/www.samnaz.org\/wp-content\/uploads\/2021\/09\/sdfsfsdfsf.jpg","contentUrl":"https:\/\/www.samnaz.org\/wp-content\/uploads\/2021\/09\/sdfsfsdfsf.jpg","width":568,"height":393},{"@type":"WebSite","@id":"https:\/\/www.samnaz.org\/#website","url":"https:\/\/www.samnaz.org\/","name":"Haciendo Disc\u00edpulos Semejantes a Cristo en las naciones","description":"Haciendo disc\u00edpulos semejantes a Cristo en las Naciones","publisher":{"@id":"https:\/\/www.samnaz.org\/#organization"},"alternateName":"Viviendo la Gran Comisi\u00f3n","potentialAction":[{"@type":"SearchAction","target":{"@type":"EntryPoint","urlTemplate":"https:\/\/www.samnaz.org\/?s={search_term_string}"},"query-input":{"@type":"PropertyValueSpecification","valueRequired":true,"valueName":"search_term_string"}}],"inLanguage":"pt-BR"},{"@type":"Organization","@id":"https:\/\/www.samnaz.org\/#organization","name":"Iglesia del Nazareno Am\u00e9rica del Sur","url":"https:\/\/www.samnaz.org\/","logo":{"@type":"ImageObject","inLanguage":"pt-BR","@id":"https:\/\/www.samnaz.org\/#\/schema\/logo\/image\/","url":"https:\/\/www.samnaz.org\/wp-content\/uploads\/2021\/04\/Logo-3-ESP.png","contentUrl":"https:\/\/www.samnaz.org\/wp-content\/uploads\/2021\/04\/Logo-3-ESP.png","width":1041,"height":780,"caption":"Iglesia del Nazareno Am\u00e9rica del Sur"},"image":{"@id":"https:\/\/www.samnaz.org\/#\/schema\/logo\/image\/"},"sameAs":["https:\/\/www.facebook.com\/NazarenoEsp","https:\/\/www.instagram.com\/nazarenoesp\/"],"publishingPrinciples":"https:\/\/www.samnaz.org\/"},{"@type":"Person","@id":"https:\/\/www.samnaz.org\/#\/schema\/person\/c09d1131c49ba510c7e1cbb677b39927","name":"Samnaz","image":{"@type":"ImageObject","inLanguage":"pt-BR","@id":"https:\/\/secure.gravatar.com\/avatar\/a5baaf0e270319d09c0efce6a9dd03ff93175913c70afe26595c0069c83fa6dc?s=96&d=mm&r=g","url":"https:\/\/secure.gravatar.com\/avatar\/a5baaf0e270319d09c0efce6a9dd03ff93175913c70afe26595c0069c83fa6dc?s=96&d=mm&r=g","contentUrl":"https:\/\/secure.gravatar.com\/avatar\/a5baaf0e270319d09c0efce6a9dd03ff93175913c70afe26595c0069c83fa6dc?s=96&d=mm&r=g","caption":"Samnaz"}}]}},"_links":{"self":[{"href":"https:\/\/www.samnaz.org\/pt\/wp-json\/wp\/v2\/posts\/37007","targetHints":{"allow":["GET"]}}],"collection":[{"href":"https:\/\/www.samnaz.org\/pt\/wp-json\/wp\/v2\/posts"}],"about":[{"href":"https:\/\/www.samnaz.org\/pt\/wp-json\/wp\/v2\/types\/post"}],"author":[{"embeddable":true,"href":"https:\/\/www.samnaz.org\/pt\/wp-json\/wp\/v2\/users\/4"}],"replies":[{"embeddable":true,"href":"https:\/\/www.samnaz.org\/pt\/wp-json\/wp\/v2\/comments?post=37007"}],"version-history":[{"count":1,"href":"https:\/\/www.samnaz.org\/pt\/wp-json\/wp\/v2\/posts\/37007\/revisions"}],"predecessor-version":[{"id":37024,"href":"https:\/\/www.samnaz.org\/pt\/wp-json\/wp\/v2\/posts\/37007\/revisions\/37024"}],"wp:featuredmedia":[{"embeddable":true,"href":"https:\/\/www.samnaz.org\/pt\/wp-json\/wp\/v2\/media\/37008"}],"wp:attachment":[{"href":"https:\/\/www.samnaz.org\/pt\/wp-json\/wp\/v2\/media?parent=37007"}],"wp:term":[{"taxonomy":"category","embeddable":true,"href":"https:\/\/www.samnaz.org\/pt\/wp-json\/wp\/v2\/categories?post=37007"},{"taxonomy":"post_tag","embeddable":true,"href":"https:\/\/www.samnaz.org\/pt\/wp-json\/wp\/v2\/tags?post=37007"}],"curies":[{"name":"wp","href":"https:\/\/api.w.org\/{rel}","templated":true}]}}