{"id":37059,"date":"2021-08-09T23:14:05","date_gmt":"2021-08-10T02:14:05","guid":{"rendered":"https:\/\/www.samnaz.org\/?p=34948"},"modified":"2021-11-26T11:09:04","modified_gmt":"2021-11-26T14:09:04","slug":"la-iglesia-no-se-detiene-2","status":"publish","type":"post","link":"https:\/\/www.samnaz.org\/pt\/la-iglesia-no-se-detiene-2\/","title":{"rendered":"A IGREJA N\u00c3O PARA"},"content":{"rendered":"[et_pb_section fb_built=\u00bb1&#8243; _builder_version=\u00bb3.22&#8243; custom_padding=\u00bb0px|0px|3px|0px\u00bb][et_pb_row _builder_version=\u00bb3.25&#8243; column_structure=\u00bb2_3,1_3&#8243;][et_pb_column type=\u00bb2_3&#8243; _builder_version=\u00bb3.25&#8243; custom_padding=\u00bb|||\u00bb custom_padding__hover=\u00bb|||\u00bb][et_pb_post_title categories=\u00bboff\u00bb _builder_version=\u00bb3.0.105&#8243; title_font=\u00bb||||||||\u00bb title_text_color=\u00bb#db6553&#8243; title_font_size=\u00bb35px\u00bb meta_font=\u00bb||||||||\u00bb meta_font_size=\u00bb13px\u00bb][\/et_pb_post_title][et_pb_text _builder_version=\u00bb4.9.2&#8243; hover_enabled=\u00bb0&#8243; sticky_enabled=\u00bb0&#8243;]<p style=\"text-align: justify;\" class=\"translation-block\"><strong> (CNAS Brasil) <\/strong> A pandemia foi, sem d\u00favida, um divisor de \u00e1guas na hist\u00f3ria da Igreja. A impossibilidade de realiza\u00e7\u00e3o de atendimento presencial, o desenvolvimento de plataformas online e, para muitos, a incerteza de qual seria o resultado dessa nova forma de trabalhar, que se apresentou como uma das \u00fanicas vi\u00e1veis \u200b\u200bno per\u00edodo de distanciamento f\u00edsico.<\/p>\n<p style=\"text-align: justify;\">O Brasil caminha para tempos melhores em rela\u00e7\u00e3o \u00e0 segunda onda de COVID-19 que atingiu o pa\u00eds no in\u00edcio deste ano. E neste novo tempo, j\u00e1 podemos ver os frutos de todo o investimento e esfor\u00e7o da igreja para suportar os tempos dif\u00edceis e agora vemos a oportunidade de embarcar em novos voos. Entre as muitas igrejas que enfrentaram este desafio, est\u00e1 a Igreja do Nazareno Betel em Belo Horizonte, pastoreada pelo Rev. Adriano Pedroso, que pertence ao distrito de Minas Gerais no Brasil e foi at\u00e9 um dos distritos que teve crescimento no n\u00famero de membros durante o tempo da pandemia.<\/p>\n<p style=\"text-align: justify;\">A Igreja do Nazareno de Betel j\u00e1 vivia um tempo de avivamento no per\u00edodo que antecedeu o distanciamento f\u00edsico que come\u00e7ou em 2020, novos membros, muitas convers\u00f5es, vidas transformadas e durante esse bom tempo, as portas da igreja tiveram que ser fechadas ap\u00f3s os regulamentos das ag\u00eancias de sa\u00fade. Mas o que poderia ser um fator limitante tornou-se um \u00edmpeto para maiores investimentos em equipamentos, treinamento de pessoal treinado em multim\u00eddia, participa\u00e7\u00e3o dos jovens e maior alcance \u00e0s pessoas que ainda n\u00e3o encontraram o Senhor, tanto em Belo Horizonte. Como em diferentes partes do Brasil pela Internet.<\/p>\n<p style=\"text-align: justify;\">Visitas a hospitais, apoio aos profissionais de sa\u00fade, cestas b\u00e1sicas, caf\u00e9s da manh\u00e3, sopas, a m\u00e3o da igreja estendida \u00e0 comunidade e mesmo com as portas fechadas e limita\u00e7\u00f5es restritivas, a Igreja cresceu, foram realizados batismos, a arrecada\u00e7\u00e3o da Oferta aumentou e com nele, o investimento nas necessidades da igreja e da comunidade local foi suprido naquela \u00e9poca. A Igreja do Nazareno \u00e9 o resultado da uni\u00e3o e nenhuma dist\u00e2ncia f\u00edsica pode mudar a nossa identidade. A forma mudou por um tempo, mas a criatividade e o chamado do Senhor para sua igreja permitem que testemunhos como este sejam algo que ouviremos em todo o Brasil, porque as portas podem se fechar, mas a Igreja do Senhor sempre prevalece.<\/p>\n<p style=\"text-align: justify;\" class=\"translation-block\">Fonte: Comunica\u00e7\u00f5es Nazarenas Brasil<\/p>[\/et_pb_text][et_pb_gallery gallery_ids=\u00bb34936,34934,34932,34930,34928,34926,34924,34922&#8243; show_title_and_caption=\u00bboff\u00bb _builder_version=\u00bb4.9.2&#8243; hover_enabled=\u00bb0&#8243; pagination_font_size_tablet=\u00bb51&#8243; pagination_line_height_tablet=\u00bb2&#8243; sticky_enabled=\u00bb0&#8243;][\/et_pb_gallery][\/et_pb_column][et_pb_column type=\u00bb1_3&#8243; _builder_version=\u00bb3.25&#8243; custom_padding=\u00bb|||\u00bb custom_padding__hover=\u00bb|||\u00bb][et_pb_sidebar orientation=\u00bbright\u00bb area=\u00bbsidebar-1&#8243; _builder_version=\u00bb3.0.105&#8243; header_text_color=\u00bb#db6553&#8243; header_font_size=\u00bb14&#8243; text_orientation=\u00bbright\u00bb][\/et_pb_sidebar][\/et_pb_column][\/et_pb_row][\/et_pb_section]\n<span class=\"et_bloom_bottom_trigger\"><\/span>","protected":false},"excerpt":{"rendered":"<p>(CNAS Brasil) La pandemia fue sin duda un parteaguas en la historia de la Iglesia. La imposibilidad de realizar servicios presenciales, el desarrollo de plataformas online y, para muchos, la incertidumbre de c\u00f3mo ser\u00eda el resultado de esta nueva forma de trabajar, que se present\u00f3 como una de las \u00fanicas viables durante el per\u00edodo de [&hellip;]<\/p>","protected":false},"author":4,"featured_media":37060,"comment_status":"closed","ping_status":"closed","sticky":false,"template":"","format":"standard","meta":{"_et_pb_use_builder":"on","_et_pb_old_content":"","_et_gb_content_width":"2880","_monsterinsights_skip_tracking":false,"_monsterinsights_sitenote_active":false,"_monsterinsights_sitenote_note":"","_monsterinsights_sitenote_category":0,"_vp_format_video_url":"","_vp_image_focal_point":[],"footnotes":""},"categories":[53],"tags":[],"class_list":["post-37059","post","type-post","status-publish","format-standard","has-post-thumbnail","hentry","category-brasil"],"yoast_head":"<!-- This site is optimized with the Yoast SEO Premium plugin v23.6 (Yoast SEO v27.5) - https:\/\/yoast.com\/product\/yoast-seo-premium-wordpress\/ -->\n<title>LA IGLESIA NO SE DETIENE | Iglesia del Nazareno Am\u00e9rica del Sur<\/title>\n<meta name=\"robots\" content=\"noindex, follow\" \/>\n<meta property=\"og:locale\" content=\"pt_BR\" \/>\n<meta property=\"og:type\" content=\"article\" \/>\n<meta property=\"og:title\" content=\"LA IGLESIA NO SE DETIENE | Iglesia del Nazareno Am\u00e9rica del Sur\" \/>\n<meta property=\"og:url\" content=\"https:\/\/www.samnaz.org\/pt\/la-iglesia-no-se-detiene-2\/\" \/>\n<meta property=\"og:site_name\" content=\"Iglesia del Nazareno Am\u00e9rica del Sur\" \/>\n<meta property=\"article:publisher\" content=\"https:\/\/www.facebook.com\/NazarenoEsp\" \/>\n<meta property=\"article:published_time\" content=\"2021-08-10T02:14:05+00:00\" \/>\n<meta property=\"article:modified_time\" content=\"2021-11-26T14:09:04+00:00\" \/>\n<meta property=\"og:image\" content=\"https:\/\/www.samnaz.org\/wp-content\/uploads\/2021\/08\/betel.png\" \/>\n\t<meta property=\"og:image:width\" content=\"678\" \/>\n\t<meta property=\"og:image:height\" content=\"448\" \/>\n\t<meta property=\"og:image:type\" content=\"image\/png\" \/>\n<meta name=\"author\" content=\"Samnaz\" \/>\n<meta name=\"twitter:card\" content=\"summary_large_image\" \/>\n<meta name=\"twitter:label1\" content=\"Escrito por\" \/>\n\t<meta name=\"twitter:data1\" content=\"Samnaz\" \/>\n\t<meta name=\"twitter:label2\" content=\"Est. tempo de leitura\" \/>\n\t<meta name=\"twitter:data2\" content=\"3 minutos\" \/>\n<script type=\"application\/ld+json\" class=\"yoast-schema-graph\">{\"@context\":\"https:\\\/\\\/schema.org\",\"@graph\":[{\"@type\":\"Article\",\"@id\":\"https:\\\/\\\/www.samnaz.org\\\/pt\\\/la-iglesia-no-se-detiene-2\\\/#article\",\"isPartOf\":{\"@id\":\"https:\\\/\\\/www.samnaz.org\\\/pt\\\/la-iglesia-no-se-detiene-2\\\/\"},\"author\":{\"name\":\"Samnaz\",\"@id\":\"https:\\\/\\\/www.samnaz.org\\\/#\\\/schema\\\/person\\\/c09d1131c49ba510c7e1cbb677b39927\"},\"headline\":\"LA IGLESIA NO SE DETIENE\",\"datePublished\":\"2021-08-10T02:14:05+00:00\",\"dateModified\":\"2021-11-26T14:09:04+00:00\",\"mainEntityOfPage\":{\"@id\":\"https:\\\/\\\/www.samnaz.org\\\/pt\\\/la-iglesia-no-se-detiene-2\\\/\"},\"wordCount\":572,\"publisher\":{\"@id\":\"https:\\\/\\\/www.samnaz.org\\\/#organization\"},\"image\":{\"@id\":\"https:\\\/\\\/www.samnaz.org\\\/pt\\\/la-iglesia-no-se-detiene-2\\\/#primaryimage\"},\"thumbnailUrl\":\"https:\\\/\\\/www.samnaz.org\\\/wp-content\\\/uploads\\\/2021\\\/08\\\/betel.png\",\"articleSection\":[\"Brasil\"],\"inLanguage\":\"pt-BR\"},{\"@type\":\"WebPage\",\"@id\":\"https:\\\/\\\/www.samnaz.org\\\/pt\\\/la-iglesia-no-se-detiene-2\\\/\",\"url\":\"https:\\\/\\\/www.samnaz.org\\\/pt\\\/la-iglesia-no-se-detiene-2\\\/\",\"name\":\"LA IGLESIA NO SE DETIENE | Iglesia del Nazareno Am\u00e9rica del Sur\",\"isPartOf\":{\"@id\":\"https:\\\/\\\/www.samnaz.org\\\/#website\"},\"primaryImageOfPage\":{\"@id\":\"https:\\\/\\\/www.samnaz.org\\\/pt\\\/la-iglesia-no-se-detiene-2\\\/#primaryimage\"},\"image\":{\"@id\":\"https:\\\/\\\/www.samnaz.org\\\/pt\\\/la-iglesia-no-se-detiene-2\\\/#primaryimage\"},\"thumbnailUrl\":\"https:\\\/\\\/www.samnaz.org\\\/wp-content\\\/uploads\\\/2021\\\/08\\\/betel.png\",\"datePublished\":\"2021-08-10T02:14:05+00:00\",\"dateModified\":\"2021-11-26T14:09:04+00:00\",\"inLanguage\":\"pt-BR\",\"potentialAction\":[{\"@type\":\"ReadAction\",\"target\":[\"https:\\\/\\\/www.samnaz.org\\\/pt\\\/la-iglesia-no-se-detiene-2\\\/\"]}]},{\"@type\":\"ImageObject\",\"inLanguage\":\"pt-BR\",\"@id\":\"https:\\\/\\\/www.samnaz.org\\\/pt\\\/la-iglesia-no-se-detiene-2\\\/#primaryimage\",\"url\":\"https:\\\/\\\/www.samnaz.org\\\/wp-content\\\/uploads\\\/2021\\\/08\\\/betel.png\",\"contentUrl\":\"https:\\\/\\\/www.samnaz.org\\\/wp-content\\\/uploads\\\/2021\\\/08\\\/betel.png\",\"width\":678,\"height\":448},{\"@type\":\"WebSite\",\"@id\":\"https:\\\/\\\/www.samnaz.org\\\/#website\",\"url\":\"https:\\\/\\\/www.samnaz.org\\\/\",\"name\":\"Haciendo Disc\u00edpulos Semejantes a Cristo en las naciones\",\"description\":\"Haciendo disc\u00edpulos semejantes a Cristo en las Naciones\",\"publisher\":{\"@id\":\"https:\\\/\\\/www.samnaz.org\\\/#organization\"},\"alternateName\":\"Viviendo la Gran Comisi\u00f3n\",\"potentialAction\":[{\"@type\":\"SearchAction\",\"target\":{\"@type\":\"EntryPoint\",\"urlTemplate\":\"https:\\\/\\\/www.samnaz.org\\\/?s={search_term_string}\"},\"query-input\":{\"@type\":\"PropertyValueSpecification\",\"valueRequired\":true,\"valueName\":\"search_term_string\"}}],\"inLanguage\":\"pt-BR\"},{\"@type\":\"Organization\",\"@id\":\"https:\\\/\\\/www.samnaz.org\\\/#organization\",\"name\":\"Iglesia del Nazareno Am\u00e9rica del Sur\",\"url\":\"https:\\\/\\\/www.samnaz.org\\\/\",\"logo\":{\"@type\":\"ImageObject\",\"inLanguage\":\"pt-BR\",\"@id\":\"https:\\\/\\\/www.samnaz.org\\\/#\\\/schema\\\/logo\\\/image\\\/\",\"url\":\"https:\\\/\\\/www.samnaz.org\\\/wp-content\\\/uploads\\\/2021\\\/04\\\/Logo-3-ESP.png\",\"contentUrl\":\"https:\\\/\\\/www.samnaz.org\\\/wp-content\\\/uploads\\\/2021\\\/04\\\/Logo-3-ESP.png\",\"width\":1041,\"height\":780,\"caption\":\"Iglesia del Nazareno Am\u00e9rica del Sur\"},\"image\":{\"@id\":\"https:\\\/\\\/www.samnaz.org\\\/#\\\/schema\\\/logo\\\/image\\\/\"},\"sameAs\":[\"https:\\\/\\\/www.facebook.com\\\/NazarenoEsp\",\"https:\\\/\\\/www.instagram.com\\\/nazarenoesp\\\/\"],\"publishingPrinciples\":\"https:\\\/\\\/www.samnaz.org\\\/\"},{\"@type\":\"Person\",\"@id\":\"https:\\\/\\\/www.samnaz.org\\\/#\\\/schema\\\/person\\\/c09d1131c49ba510c7e1cbb677b39927\",\"name\":\"Samnaz\",\"image\":{\"@type\":\"ImageObject\",\"inLanguage\":\"pt-BR\",\"@id\":\"https:\\\/\\\/secure.gravatar.com\\\/avatar\\\/a5baaf0e270319d09c0efce6a9dd03ff93175913c70afe26595c0069c83fa6dc?s=96&d=mm&r=g\",\"url\":\"https:\\\/\\\/secure.gravatar.com\\\/avatar\\\/a5baaf0e270319d09c0efce6a9dd03ff93175913c70afe26595c0069c83fa6dc?s=96&d=mm&r=g\",\"contentUrl\":\"https:\\\/\\\/secure.gravatar.com\\\/avatar\\\/a5baaf0e270319d09c0efce6a9dd03ff93175913c70afe26595c0069c83fa6dc?s=96&d=mm&r=g\",\"caption\":\"Samnaz\"}}]}<\/script>\n<!-- \/ Yoast SEO Premium plugin. -->","yoast_head_json":{"title":"LA IGLESIA NO SE DETIENE | Iglesia del Nazareno Am\u00e9rica del Sur","robots":{"index":"noindex","follow":"follow"},"og_locale":"pt_BR","og_type":"article","og_title":"LA IGLESIA NO SE DETIENE | Iglesia del Nazareno Am\u00e9rica del Sur","og_url":"https:\/\/www.samnaz.org\/pt\/la-iglesia-no-se-detiene-2\/","og_site_name":"Iglesia del Nazareno Am\u00e9rica del Sur","article_publisher":"https:\/\/www.facebook.com\/NazarenoEsp","article_published_time":"2021-08-10T02:14:05+00:00","article_modified_time":"2021-11-26T14:09:04+00:00","og_image":[{"width":678,"height":448,"url":"https:\/\/www.samnaz.org\/wp-content\/uploads\/2021\/08\/betel.png","type":"image\/png"}],"author":"Samnaz","twitter_card":"summary_large_image","twitter_misc":{"Escrito por":"Samnaz","Est. tempo de leitura":"3 minutos"},"schema":{"@context":"https:\/\/schema.org","@graph":[{"@type":"Article","@id":"https:\/\/www.samnaz.org\/pt\/la-iglesia-no-se-detiene-2\/#article","isPartOf":{"@id":"https:\/\/www.samnaz.org\/pt\/la-iglesia-no-se-detiene-2\/"},"author":{"name":"Samnaz","@id":"https:\/\/www.samnaz.org\/#\/schema\/person\/c09d1131c49ba510c7e1cbb677b39927"},"headline":"LA IGLESIA NO SE DETIENE","datePublished":"2021-08-10T02:14:05+00:00","dateModified":"2021-11-26T14:09:04+00:00","mainEntityOfPage":{"@id":"https:\/\/www.samnaz.org\/pt\/la-iglesia-no-se-detiene-2\/"},"wordCount":572,"publisher":{"@id":"https:\/\/www.samnaz.org\/#organization"},"image":{"@id":"https:\/\/www.samnaz.org\/pt\/la-iglesia-no-se-detiene-2\/#primaryimage"},"thumbnailUrl":"https:\/\/www.samnaz.org\/wp-content\/uploads\/2021\/08\/betel.png","articleSection":["Brasil"],"inLanguage":"pt-BR"},{"@type":"WebPage","@id":"https:\/\/www.samnaz.org\/pt\/la-iglesia-no-se-detiene-2\/","url":"https:\/\/www.samnaz.org\/pt\/la-iglesia-no-se-detiene-2\/","name":"LA IGLESIA NO SE DETIENE | Iglesia del Nazareno Am\u00e9rica del Sur","isPartOf":{"@id":"https:\/\/www.samnaz.org\/#website"},"primaryImageOfPage":{"@id":"https:\/\/www.samnaz.org\/pt\/la-iglesia-no-se-detiene-2\/#primaryimage"},"image":{"@id":"https:\/\/www.samnaz.org\/pt\/la-iglesia-no-se-detiene-2\/#primaryimage"},"thumbnailUrl":"https:\/\/www.samnaz.org\/wp-content\/uploads\/2021\/08\/betel.png","datePublished":"2021-08-10T02:14:05+00:00","dateModified":"2021-11-26T14:09:04+00:00","inLanguage":"pt-BR","potentialAction":[{"@type":"ReadAction","target":["https:\/\/www.samnaz.org\/pt\/la-iglesia-no-se-detiene-2\/"]}]},{"@type":"ImageObject","inLanguage":"pt-BR","@id":"https:\/\/www.samnaz.org\/pt\/la-iglesia-no-se-detiene-2\/#primaryimage","url":"https:\/\/www.samnaz.org\/wp-content\/uploads\/2021\/08\/betel.png","contentUrl":"https:\/\/www.samnaz.org\/wp-content\/uploads\/2021\/08\/betel.png","width":678,"height":448},{"@type":"WebSite","@id":"https:\/\/www.samnaz.org\/#website","url":"https:\/\/www.samnaz.org\/","name":"Haciendo Disc\u00edpulos Semejantes a Cristo en las naciones","description":"Haciendo disc\u00edpulos semejantes a Cristo en las Naciones","publisher":{"@id":"https:\/\/www.samnaz.org\/#organization"},"alternateName":"Viviendo la Gran Comisi\u00f3n","potentialAction":[{"@type":"SearchAction","target":{"@type":"EntryPoint","urlTemplate":"https:\/\/www.samnaz.org\/?s={search_term_string}"},"query-input":{"@type":"PropertyValueSpecification","valueRequired":true,"valueName":"search_term_string"}}],"inLanguage":"pt-BR"},{"@type":"Organization","@id":"https:\/\/www.samnaz.org\/#organization","name":"Iglesia del Nazareno Am\u00e9rica del Sur","url":"https:\/\/www.samnaz.org\/","logo":{"@type":"ImageObject","inLanguage":"pt-BR","@id":"https:\/\/www.samnaz.org\/#\/schema\/logo\/image\/","url":"https:\/\/www.samnaz.org\/wp-content\/uploads\/2021\/04\/Logo-3-ESP.png","contentUrl":"https:\/\/www.samnaz.org\/wp-content\/uploads\/2021\/04\/Logo-3-ESP.png","width":1041,"height":780,"caption":"Iglesia del Nazareno Am\u00e9rica del Sur"},"image":{"@id":"https:\/\/www.samnaz.org\/#\/schema\/logo\/image\/"},"sameAs":["https:\/\/www.facebook.com\/NazarenoEsp","https:\/\/www.instagram.com\/nazarenoesp\/"],"publishingPrinciples":"https:\/\/www.samnaz.org\/"},{"@type":"Person","@id":"https:\/\/www.samnaz.org\/#\/schema\/person\/c09d1131c49ba510c7e1cbb677b39927","name":"Samnaz","image":{"@type":"ImageObject","inLanguage":"pt-BR","@id":"https:\/\/secure.gravatar.com\/avatar\/a5baaf0e270319d09c0efce6a9dd03ff93175913c70afe26595c0069c83fa6dc?s=96&d=mm&r=g","url":"https:\/\/secure.gravatar.com\/avatar\/a5baaf0e270319d09c0efce6a9dd03ff93175913c70afe26595c0069c83fa6dc?s=96&d=mm&r=g","contentUrl":"https:\/\/secure.gravatar.com\/avatar\/a5baaf0e270319d09c0efce6a9dd03ff93175913c70afe26595c0069c83fa6dc?s=96&d=mm&r=g","caption":"Samnaz"}}]}},"_links":{"self":[{"href":"https:\/\/www.samnaz.org\/pt\/wp-json\/wp\/v2\/posts\/37059","targetHints":{"allow":["GET"]}}],"collection":[{"href":"https:\/\/www.samnaz.org\/pt\/wp-json\/wp\/v2\/posts"}],"about":[{"href":"https:\/\/www.samnaz.org\/pt\/wp-json\/wp\/v2\/types\/post"}],"author":[{"embeddable":true,"href":"https:\/\/www.samnaz.org\/pt\/wp-json\/wp\/v2\/users\/4"}],"replies":[{"embeddable":true,"href":"https:\/\/www.samnaz.org\/pt\/wp-json\/wp\/v2\/comments?post=37059"}],"version-history":[{"count":1,"href":"https:\/\/www.samnaz.org\/pt\/wp-json\/wp\/v2\/posts\/37059\/revisions"}],"predecessor-version":[{"id":37071,"href":"https:\/\/www.samnaz.org\/pt\/wp-json\/wp\/v2\/posts\/37059\/revisions\/37071"}],"wp:featuredmedia":[{"embeddable":true,"href":"https:\/\/www.samnaz.org\/pt\/wp-json\/wp\/v2\/media\/37060"}],"wp:attachment":[{"href":"https:\/\/www.samnaz.org\/pt\/wp-json\/wp\/v2\/media?parent=37059"}],"wp:term":[{"taxonomy":"category","embeddable":true,"href":"https:\/\/www.samnaz.org\/pt\/wp-json\/wp\/v2\/categories?post=37059"},{"taxonomy":"post_tag","embeddable":true,"href":"https:\/\/www.samnaz.org\/pt\/wp-json\/wp\/v2\/tags?post=37059"}],"curies":[{"name":"wp","href":"https:\/\/api.w.org\/{rel}","templated":true}]}}