{"id":38084,"date":"2022-02-08T08:08:55","date_gmt":"2022-02-08T11:08:55","guid":{"rendered":"https:\/\/www.samnaz.org\/?p=36739"},"modified":"2022-02-23T16:33:32","modified_gmt":"2022-02-23T19:33:32","slug":"lideres-de-venezuela-ordenados-en-brasil","status":"publish","type":"post","link":"https:\/\/www.samnaz.org\/pt\/lideres-de-venezuela-ordenados-en-brasil\/","title":{"rendered":"L\u00cdDERES DA VENEZUELA ORDENADOS NO BRASIL"},"content":{"rendered":"[et_pb_section fb_built=\u00bb1&#8243; _builder_version=\u00bb3.22&#8243; custom_padding=\u00bb0px|0px|3px|0px\u00bb global_colors_info=\u00bb{}\u00bb theme_builder_area=\u00bbpost_content\u00bb][et_pb_row _builder_version=\u00bb3.25&#8243; global_colors_info=\u00bb{}\u00bb column_structure=\u00bb2_3,1_3&#8243; theme_builder_area=\u00bbpost_content\u00bb][et_pb_column type=\u00bb2_3&#8243; _builder_version=\u00bb3.25&#8243; custom_padding=\u00bb|||\u00bb global_colors_info=\u00bb{}\u00bb custom_padding__hover=\u00bb|||\u00bb theme_builder_area=\u00bbpost_content\u00bb][et_pb_post_title categories=\u00bboff\u00bb _builder_version=\u00bb3.0.105&#8243; title_font=\u00bb||||||||\u00bb title_text_color=\u00bb#db6553&#8243; title_font_size=\u00bb35px\u00bb meta_font=\u00bb||||||||\u00bb meta_font_size=\u00bb13px\u00bb global_colors_info=\u00bb{}\u00bb theme_builder_area=\u00bbpost_content\u00bb][\/et_pb_post_title][et_pb_text _builder_version=\u00bb4.13.1&#8243; hover_enabled=\u00bb0&#8243; global_colors_info=\u00bb{}\u00bb theme_builder_area=\u00bbpost_content\u00bb sticky_enabled=\u00bb0&#8243;]<p style=\"text-align: justify;\"><strong>(CNAS Venezuela) <\/strong>Apesar dos obst\u00e1culos causados \u200b\u200bpela crise econ\u00f4mica e pol\u00edtica na Venezuela, os l\u00edderes daquele pa\u00eds continuam avan\u00e7ando no cumprimento do chamado de Deus para servir na Igreja do Nazareno nesta na\u00e7\u00e3o.<\/p>\n<p style=\"text-align: justify;\">Por v\u00e1rios anos, os l\u00edderes da Igreja do Nazareno em n\u00edvel regional e global tiveram dificuldade em chegar \u00e0 Venezuela e, portanto, alguns atos cerimoniais foram transferidos para outros pa\u00edses para atender aos requisitos estipulados pela igreja e dar continuidade ao desenvolvimento.<\/p>\n<p style=\"text-align: justify;\">Nesta ocasi\u00e3o, Allan D\u00edaz, coordenador nacional de Evangelismo na Venezuela e Diana Beserra, coordenadora nacional dos Minist\u00e9rios de Compaix\u00e3o na Venezuela; que s\u00e3o pastores do Distrito Venezuela Lago, participaram da cerim\u00f4nia de ordena\u00e7\u00e3o em S\u00e3o Paulo, Brasil, onde juntamente com 8 candidatos daquele pa\u00eds foram ordenados presb\u00edteros  atrav\u00e9s das m\u00e3os do Superintendente Geral em Jurisdi\u00e7\u00e3o Dr. Filim\u00e3o Chambo. O diretor da Regi\u00e3o Am\u00e9rica do Sul, Dr. Christian Sarmiento, e o diretor da Sub-Regi\u00e3o Brasil Rev. Manuel Lima tamb\u00e9m estiveram presentes na cerim\u00f4nia.<\/p>\n<p style=\"text-align: justify;\">Este ato ocorreu no dia 12 de janeiro de 2022 no templo da Igreja do Nazareno Central em Jabaquara, S\u00e3o Paulo, Distrito Paulistano.<\/p>\n<p style=\"text-align: justify;\">Nesta cerim\u00f4nia, os 2 pastores venezuelanos foram recebidos com a hospitalidade e fraternidade que caracteriza os nazarenos em todos os lugares. Agradecendo ao Senhor por ser uma igreja mission\u00e1ria e global que oferece oportunidades para o servi\u00e7o e desenvolvimento de seus l\u00edderes.<\/p>\n<p style=\"text-align: justify;\">Continuamos orando pela Venezuela, confiando no progresso da obra de Deus naquele lugar.<\/p>\n<p style=\"text-align: justify;\" class=\"translation-block\"><strong> <em> Fonte: <\/em> <\/strong> <em> Comunica\u00e7\u00f5es Nazarenas \u2013 Venezuela<\/em><\/p>\n<p style=\"text-align: justify;\">[\/et_pb_text][et_pb_gallery gallery_ids=\u00bb36636,36642,36634,36638,36640&#8243; show_title_and_caption=\u00bboff\u00bb _builder_version=\u00bb4.13.1&#8243; hover_enabled=\u00bb0&#8243; pagination_font_size_tablet=\u00bb51&#8243; pagination_line_height_tablet=\u00bb2&#8243; global_colors_info=\u00bb{}\u00bb theme_builder_area=\u00bbpost_content\u00bb sticky_enabled=\u00bb0&#8243;][\/et_pb_gallery][\/et_pb_column][et_pb_column type=\u00bb1_3&#8243; _builder_version=\u00bb3.25&#8243; custom_padding=\u00bb|||\u00bb global_colors_info=\u00bb{}\u00bb custom_padding__hover=\u00bb|||\u00bb theme_builder_area=\u00bbpost_content\u00bb][et_pb_sidebar orientation=\u00bbright\u00bb area=\u00bbsidebar-1&#8243; _builder_version=\u00bb3.0.105&#8243; header_text_color=\u00bb#db6553&#8243; header_font_size=\u00bb14&#8243; text_orientation=\u00bbright\u00bb global_colors_info=\u00bb{}\u00bb theme_builder_area=\u00bbpost_content\u00bb][\/et_pb_sidebar][\/et_pb_column][\/et_pb_row][\/et_pb_section]\n<span class=\"et_bloom_bottom_trigger\"><\/span>","protected":false},"excerpt":{"rendered":"<p>(CNAS Venezuela) M\u00e1s all\u00e1 de los obst\u00e1culos causados por la crisis econ\u00f3mica y pol\u00edtica de Venezuela, los l\u00edderes en ese pa\u00eds contin\u00faan avanzando en el cumplimiento del llamado de Dios para servir en la iglesia del Nazareno en esta naci\u00f3n. Desde hace varios a\u00f1os, los l\u00edderes de la Iglesia del Nazareno a nivel regional y [&hellip;]<\/p>","protected":false},"author":4,"featured_media":38085,"comment_status":"closed","ping_status":"closed","sticky":false,"template":"","format":"standard","meta":{"_et_pb_use_builder":"on","_et_pb_old_content":"","_et_gb_content_width":"2880","_monsterinsights_skip_tracking":false,"_monsterinsights_sitenote_active":false,"_monsterinsights_sitenote_note":"","_monsterinsights_sitenote_category":0,"_vp_format_video_url":"","_vp_image_focal_point":[],"footnotes":""},"categories":[53,59],"tags":[],"class_list":["post-38084","post","type-post","status-publish","format-standard","has-post-thumbnail","hentry","category-brasil","category-educacion-teologica"],"yoast_head":"<!-- This site is optimized with the Yoast SEO Premium plugin v23.6 (Yoast SEO v27.5) - https:\/\/yoast.com\/product\/yoast-seo-premium-wordpress\/ -->\n<title>L\u00cdDERES DE VENEZUELA ORDENADOS EN BRASIL | Iglesia del Nazareno Am\u00e9rica del Sur<\/title>\n<meta name=\"robots\" content=\"noindex, follow\" \/>\n<meta property=\"og:locale\" content=\"pt_BR\" \/>\n<meta property=\"og:type\" content=\"article\" \/>\n<meta property=\"og:title\" content=\"L\u00cdDERES DE VENEZUELA ORDENADOS EN BRASIL | Iglesia del Nazareno Am\u00e9rica del Sur\" \/>\n<meta property=\"og:url\" content=\"https:\/\/www.samnaz.org\/pt\/lideres-de-venezuela-ordenados-en-brasil\/\" \/>\n<meta property=\"og:site_name\" content=\"Iglesia del Nazareno Am\u00e9rica del Sur\" \/>\n<meta property=\"article:publisher\" content=\"https:\/\/www.facebook.com\/NazarenoEsp\" \/>\n<meta property=\"article:published_time\" content=\"2022-02-08T11:08:55+00:00\" \/>\n<meta property=\"article:modified_time\" content=\"2022-02-23T19:33:32+00:00\" \/>\n<meta property=\"og:image\" content=\"https:\/\/www.samnaz.org\/wp-content\/uploads\/2022\/02\/WhatsApp-Image-2022-01-29-at-1.08.31-PM.jpeg\" \/>\n\t<meta property=\"og:image:width\" content=\"1600\" \/>\n\t<meta property=\"og:image:height\" content=\"757\" \/>\n\t<meta property=\"og:image:type\" content=\"image\/jpeg\" \/>\n<meta name=\"author\" content=\"Samnaz\" \/>\n<meta name=\"twitter:card\" content=\"summary_large_image\" \/>\n<meta name=\"twitter:label1\" content=\"Escrito por\" \/>\n\t<meta name=\"twitter:data1\" content=\"Samnaz\" \/>\n\t<meta name=\"twitter:label2\" content=\"Est. tempo de leitura\" \/>\n\t<meta name=\"twitter:data2\" content=\"3 minutos\" \/>\n<script type=\"application\/ld+json\" class=\"yoast-schema-graph\">{\"@context\":\"https:\\\/\\\/schema.org\",\"@graph\":[{\"@type\":\"Article\",\"@id\":\"https:\\\/\\\/www.samnaz.org\\\/pt\\\/lideres-de-venezuela-ordenados-en-brasil\\\/#article\",\"isPartOf\":{\"@id\":\"https:\\\/\\\/www.samnaz.org\\\/pt\\\/lideres-de-venezuela-ordenados-en-brasil\\\/\"},\"author\":{\"name\":\"Samnaz\",\"@id\":\"https:\\\/\\\/www.samnaz.org\\\/#\\\/schema\\\/person\\\/c09d1131c49ba510c7e1cbb677b39927\"},\"headline\":\"L\u00cdDERES DE VENEZUELA ORDENADOS EN BRASIL\",\"datePublished\":\"2022-02-08T11:08:55+00:00\",\"dateModified\":\"2022-02-23T19:33:32+00:00\",\"mainEntityOfPage\":{\"@id\":\"https:\\\/\\\/www.samnaz.org\\\/pt\\\/lideres-de-venezuela-ordenados-en-brasil\\\/\"},\"wordCount\":513,\"publisher\":{\"@id\":\"https:\\\/\\\/www.samnaz.org\\\/#organization\"},\"image\":{\"@id\":\"https:\\\/\\\/www.samnaz.org\\\/pt\\\/lideres-de-venezuela-ordenados-en-brasil\\\/#primaryimage\"},\"thumbnailUrl\":\"https:\\\/\\\/www.samnaz.org\\\/wp-content\\\/uploads\\\/2022\\\/02\\\/WhatsApp-Image-2022-01-29-at-1.08.31-PM.jpeg\",\"articleSection\":[\"Brasil\",\"Educaci\u00f3n Teol\u00f3gica\"],\"inLanguage\":\"pt-BR\"},{\"@type\":\"WebPage\",\"@id\":\"https:\\\/\\\/www.samnaz.org\\\/pt\\\/lideres-de-venezuela-ordenados-en-brasil\\\/\",\"url\":\"https:\\\/\\\/www.samnaz.org\\\/pt\\\/lideres-de-venezuela-ordenados-en-brasil\\\/\",\"name\":\"L\u00cdDERES DE VENEZUELA ORDENADOS EN BRASIL | Iglesia del Nazareno Am\u00e9rica del Sur\",\"isPartOf\":{\"@id\":\"https:\\\/\\\/www.samnaz.org\\\/#website\"},\"primaryImageOfPage\":{\"@id\":\"https:\\\/\\\/www.samnaz.org\\\/pt\\\/lideres-de-venezuela-ordenados-en-brasil\\\/#primaryimage\"},\"image\":{\"@id\":\"https:\\\/\\\/www.samnaz.org\\\/pt\\\/lideres-de-venezuela-ordenados-en-brasil\\\/#primaryimage\"},\"thumbnailUrl\":\"https:\\\/\\\/www.samnaz.org\\\/wp-content\\\/uploads\\\/2022\\\/02\\\/WhatsApp-Image-2022-01-29-at-1.08.31-PM.jpeg\",\"datePublished\":\"2022-02-08T11:08:55+00:00\",\"dateModified\":\"2022-02-23T19:33:32+00:00\",\"inLanguage\":\"pt-BR\",\"potentialAction\":[{\"@type\":\"ReadAction\",\"target\":[\"https:\\\/\\\/www.samnaz.org\\\/pt\\\/lideres-de-venezuela-ordenados-en-brasil\\\/\"]}]},{\"@type\":\"ImageObject\",\"inLanguage\":\"pt-BR\",\"@id\":\"https:\\\/\\\/www.samnaz.org\\\/pt\\\/lideres-de-venezuela-ordenados-en-brasil\\\/#primaryimage\",\"url\":\"https:\\\/\\\/www.samnaz.org\\\/wp-content\\\/uploads\\\/2022\\\/02\\\/WhatsApp-Image-2022-01-29-at-1.08.31-PM.jpeg\",\"contentUrl\":\"https:\\\/\\\/www.samnaz.org\\\/wp-content\\\/uploads\\\/2022\\\/02\\\/WhatsApp-Image-2022-01-29-at-1.08.31-PM.jpeg\",\"width\":1600,\"height\":757},{\"@type\":\"WebSite\",\"@id\":\"https:\\\/\\\/www.samnaz.org\\\/#website\",\"url\":\"https:\\\/\\\/www.samnaz.org\\\/\",\"name\":\"Haciendo Disc\u00edpulos Semejantes a Cristo en las naciones\",\"description\":\"Haciendo disc\u00edpulos semejantes a Cristo en las Naciones\",\"publisher\":{\"@id\":\"https:\\\/\\\/www.samnaz.org\\\/#organization\"},\"alternateName\":\"Viviendo la Gran Comisi\u00f3n\",\"potentialAction\":[{\"@type\":\"SearchAction\",\"target\":{\"@type\":\"EntryPoint\",\"urlTemplate\":\"https:\\\/\\\/www.samnaz.org\\\/?s={search_term_string}\"},\"query-input\":{\"@type\":\"PropertyValueSpecification\",\"valueRequired\":true,\"valueName\":\"search_term_string\"}}],\"inLanguage\":\"pt-BR\"},{\"@type\":\"Organization\",\"@id\":\"https:\\\/\\\/www.samnaz.org\\\/#organization\",\"name\":\"Iglesia del Nazareno Am\u00e9rica del Sur\",\"url\":\"https:\\\/\\\/www.samnaz.org\\\/\",\"logo\":{\"@type\":\"ImageObject\",\"inLanguage\":\"pt-BR\",\"@id\":\"https:\\\/\\\/www.samnaz.org\\\/#\\\/schema\\\/logo\\\/image\\\/\",\"url\":\"https:\\\/\\\/www.samnaz.org\\\/wp-content\\\/uploads\\\/2021\\\/04\\\/Logo-3-ESP.png\",\"contentUrl\":\"https:\\\/\\\/www.samnaz.org\\\/wp-content\\\/uploads\\\/2021\\\/04\\\/Logo-3-ESP.png\",\"width\":1041,\"height\":780,\"caption\":\"Iglesia del Nazareno Am\u00e9rica del Sur\"},\"image\":{\"@id\":\"https:\\\/\\\/www.samnaz.org\\\/#\\\/schema\\\/logo\\\/image\\\/\"},\"sameAs\":[\"https:\\\/\\\/www.facebook.com\\\/NazarenoEsp\",\"https:\\\/\\\/www.instagram.com\\\/nazarenoesp\\\/\"],\"publishingPrinciples\":\"https:\\\/\\\/www.samnaz.org\\\/\"},{\"@type\":\"Person\",\"@id\":\"https:\\\/\\\/www.samnaz.org\\\/#\\\/schema\\\/person\\\/c09d1131c49ba510c7e1cbb677b39927\",\"name\":\"Samnaz\",\"image\":{\"@type\":\"ImageObject\",\"inLanguage\":\"pt-BR\",\"@id\":\"https:\\\/\\\/secure.gravatar.com\\\/avatar\\\/a5baaf0e270319d09c0efce6a9dd03ff93175913c70afe26595c0069c83fa6dc?s=96&d=mm&r=g\",\"url\":\"https:\\\/\\\/secure.gravatar.com\\\/avatar\\\/a5baaf0e270319d09c0efce6a9dd03ff93175913c70afe26595c0069c83fa6dc?s=96&d=mm&r=g\",\"contentUrl\":\"https:\\\/\\\/secure.gravatar.com\\\/avatar\\\/a5baaf0e270319d09c0efce6a9dd03ff93175913c70afe26595c0069c83fa6dc?s=96&d=mm&r=g\",\"caption\":\"Samnaz\"}}]}<\/script>\n<!-- \/ Yoast SEO Premium plugin. -->","yoast_head_json":{"title":"L\u00cdDERES DE VENEZUELA ORDENADOS EN BRASIL | Iglesia del Nazareno Am\u00e9rica del Sur","robots":{"index":"noindex","follow":"follow"},"og_locale":"pt_BR","og_type":"article","og_title":"L\u00cdDERES DE VENEZUELA ORDENADOS EN BRASIL | Iglesia del Nazareno Am\u00e9rica del Sur","og_url":"https:\/\/www.samnaz.org\/pt\/lideres-de-venezuela-ordenados-en-brasil\/","og_site_name":"Iglesia del Nazareno Am\u00e9rica del Sur","article_publisher":"https:\/\/www.facebook.com\/NazarenoEsp","article_published_time":"2022-02-08T11:08:55+00:00","article_modified_time":"2022-02-23T19:33:32+00:00","og_image":[{"width":1600,"height":757,"url":"https:\/\/www.samnaz.org\/wp-content\/uploads\/2022\/02\/WhatsApp-Image-2022-01-29-at-1.08.31-PM.jpeg","type":"image\/jpeg"}],"author":"Samnaz","twitter_card":"summary_large_image","twitter_misc":{"Escrito por":"Samnaz","Est. tempo de leitura":"3 minutos"},"schema":{"@context":"https:\/\/schema.org","@graph":[{"@type":"Article","@id":"https:\/\/www.samnaz.org\/pt\/lideres-de-venezuela-ordenados-en-brasil\/#article","isPartOf":{"@id":"https:\/\/www.samnaz.org\/pt\/lideres-de-venezuela-ordenados-en-brasil\/"},"author":{"name":"Samnaz","@id":"https:\/\/www.samnaz.org\/#\/schema\/person\/c09d1131c49ba510c7e1cbb677b39927"},"headline":"L\u00cdDERES DE VENEZUELA ORDENADOS EN BRASIL","datePublished":"2022-02-08T11:08:55+00:00","dateModified":"2022-02-23T19:33:32+00:00","mainEntityOfPage":{"@id":"https:\/\/www.samnaz.org\/pt\/lideres-de-venezuela-ordenados-en-brasil\/"},"wordCount":513,"publisher":{"@id":"https:\/\/www.samnaz.org\/#organization"},"image":{"@id":"https:\/\/www.samnaz.org\/pt\/lideres-de-venezuela-ordenados-en-brasil\/#primaryimage"},"thumbnailUrl":"https:\/\/www.samnaz.org\/wp-content\/uploads\/2022\/02\/WhatsApp-Image-2022-01-29-at-1.08.31-PM.jpeg","articleSection":["Brasil","Educaci\u00f3n Teol\u00f3gica"],"inLanguage":"pt-BR"},{"@type":"WebPage","@id":"https:\/\/www.samnaz.org\/pt\/lideres-de-venezuela-ordenados-en-brasil\/","url":"https:\/\/www.samnaz.org\/pt\/lideres-de-venezuela-ordenados-en-brasil\/","name":"L\u00cdDERES DE VENEZUELA ORDENADOS EN BRASIL | Iglesia del Nazareno Am\u00e9rica del Sur","isPartOf":{"@id":"https:\/\/www.samnaz.org\/#website"},"primaryImageOfPage":{"@id":"https:\/\/www.samnaz.org\/pt\/lideres-de-venezuela-ordenados-en-brasil\/#primaryimage"},"image":{"@id":"https:\/\/www.samnaz.org\/pt\/lideres-de-venezuela-ordenados-en-brasil\/#primaryimage"},"thumbnailUrl":"https:\/\/www.samnaz.org\/wp-content\/uploads\/2022\/02\/WhatsApp-Image-2022-01-29-at-1.08.31-PM.jpeg","datePublished":"2022-02-08T11:08:55+00:00","dateModified":"2022-02-23T19:33:32+00:00","inLanguage":"pt-BR","potentialAction":[{"@type":"ReadAction","target":["https:\/\/www.samnaz.org\/pt\/lideres-de-venezuela-ordenados-en-brasil\/"]}]},{"@type":"ImageObject","inLanguage":"pt-BR","@id":"https:\/\/www.samnaz.org\/pt\/lideres-de-venezuela-ordenados-en-brasil\/#primaryimage","url":"https:\/\/www.samnaz.org\/wp-content\/uploads\/2022\/02\/WhatsApp-Image-2022-01-29-at-1.08.31-PM.jpeg","contentUrl":"https:\/\/www.samnaz.org\/wp-content\/uploads\/2022\/02\/WhatsApp-Image-2022-01-29-at-1.08.31-PM.jpeg","width":1600,"height":757},{"@type":"WebSite","@id":"https:\/\/www.samnaz.org\/#website","url":"https:\/\/www.samnaz.org\/","name":"Haciendo Disc\u00edpulos Semejantes a Cristo en las naciones","description":"Haciendo disc\u00edpulos semejantes a Cristo en las Naciones","publisher":{"@id":"https:\/\/www.samnaz.org\/#organization"},"alternateName":"Viviendo la Gran Comisi\u00f3n","potentialAction":[{"@type":"SearchAction","target":{"@type":"EntryPoint","urlTemplate":"https:\/\/www.samnaz.org\/?s={search_term_string}"},"query-input":{"@type":"PropertyValueSpecification","valueRequired":true,"valueName":"search_term_string"}}],"inLanguage":"pt-BR"},{"@type":"Organization","@id":"https:\/\/www.samnaz.org\/#organization","name":"Iglesia del Nazareno Am\u00e9rica del Sur","url":"https:\/\/www.samnaz.org\/","logo":{"@type":"ImageObject","inLanguage":"pt-BR","@id":"https:\/\/www.samnaz.org\/#\/schema\/logo\/image\/","url":"https:\/\/www.samnaz.org\/wp-content\/uploads\/2021\/04\/Logo-3-ESP.png","contentUrl":"https:\/\/www.samnaz.org\/wp-content\/uploads\/2021\/04\/Logo-3-ESP.png","width":1041,"height":780,"caption":"Iglesia del Nazareno Am\u00e9rica del Sur"},"image":{"@id":"https:\/\/www.samnaz.org\/#\/schema\/logo\/image\/"},"sameAs":["https:\/\/www.facebook.com\/NazarenoEsp","https:\/\/www.instagram.com\/nazarenoesp\/"],"publishingPrinciples":"https:\/\/www.samnaz.org\/"},{"@type":"Person","@id":"https:\/\/www.samnaz.org\/#\/schema\/person\/c09d1131c49ba510c7e1cbb677b39927","name":"Samnaz","image":{"@type":"ImageObject","inLanguage":"pt-BR","@id":"https:\/\/secure.gravatar.com\/avatar\/a5baaf0e270319d09c0efce6a9dd03ff93175913c70afe26595c0069c83fa6dc?s=96&d=mm&r=g","url":"https:\/\/secure.gravatar.com\/avatar\/a5baaf0e270319d09c0efce6a9dd03ff93175913c70afe26595c0069c83fa6dc?s=96&d=mm&r=g","contentUrl":"https:\/\/secure.gravatar.com\/avatar\/a5baaf0e270319d09c0efce6a9dd03ff93175913c70afe26595c0069c83fa6dc?s=96&d=mm&r=g","caption":"Samnaz"}}]}},"_links":{"self":[{"href":"https:\/\/www.samnaz.org\/pt\/wp-json\/wp\/v2\/posts\/38084","targetHints":{"allow":["GET"]}}],"collection":[{"href":"https:\/\/www.samnaz.org\/pt\/wp-json\/wp\/v2\/posts"}],"about":[{"href":"https:\/\/www.samnaz.org\/pt\/wp-json\/wp\/v2\/types\/post"}],"author":[{"embeddable":true,"href":"https:\/\/www.samnaz.org\/pt\/wp-json\/wp\/v2\/users\/4"}],"replies":[{"embeddable":true,"href":"https:\/\/www.samnaz.org\/pt\/wp-json\/wp\/v2\/comments?post=38084"}],"version-history":[{"count":1,"href":"https:\/\/www.samnaz.org\/pt\/wp-json\/wp\/v2\/posts\/38084\/revisions"}],"predecessor-version":[{"id":38172,"href":"https:\/\/www.samnaz.org\/pt\/wp-json\/wp\/v2\/posts\/38084\/revisions\/38172"}],"wp:featuredmedia":[{"embeddable":true,"href":"https:\/\/www.samnaz.org\/pt\/wp-json\/wp\/v2\/media\/38085"}],"wp:attachment":[{"href":"https:\/\/www.samnaz.org\/pt\/wp-json\/wp\/v2\/media?parent=38084"}],"wp:term":[{"taxonomy":"category","embeddable":true,"href":"https:\/\/www.samnaz.org\/pt\/wp-json\/wp\/v2\/categories?post=38084"},{"taxonomy":"post_tag","embeddable":true,"href":"https:\/\/www.samnaz.org\/pt\/wp-json\/wp\/v2\/tags?post=38084"}],"curies":[{"name":"wp","href":"https:\/\/api.w.org\/{rel}","templated":true}]}}