{"id":38099,"date":"2022-02-03T08:19:20","date_gmt":"2022-02-03T11:19:20","guid":{"rendered":"https:\/\/www.samnaz.org\/?p=36591"},"modified":"2022-02-23T16:29:28","modified_gmt":"2022-02-23T19:29:28","slug":"cultos-de-ordenacion-en-6-distritos-de-brasil","status":"publish","type":"post","link":"https:\/\/www.samnaz.org\/pt\/cultos-de-ordenacion-en-6-distritos-de-brasil\/","title":{"rendered":"CULTOS DE ORDENA\u00c7\u00c3O EM 6 DISTRITOS DO BRASIL"},"content":{"rendered":"[et_pb_section fb_built=\u00bb1&#8243; _builder_version=\u00bb3.22&#8243; custom_padding=\u00bb0px|0px|3px|0px\u00bb global_colors_info=\u00bb{}\u00bb theme_builder_area=\u00bbpost_content\u00bb][et_pb_row _builder_version=\u00bb3.25&#8243; global_colors_info=\u00bb{}\u00bb column_structure=\u00bb2_3,1_3&#8243; theme_builder_area=\u00bbpost_content\u00bb][et_pb_column type=\u00bb2_3&#8243; _builder_version=\u00bb3.25&#8243; custom_padding=\u00bb|||\u00bb global_colors_info=\u00bb{}\u00bb custom_padding__hover=\u00bb|||\u00bb theme_builder_area=\u00bbpost_content\u00bb][et_pb_post_title categories=\u00bboff\u00bb _builder_version=\u00bb3.0.105&#8243; title_font=\u00bb||||||||\u00bb title_text_color=\u00bb#db6553&#8243; title_font_size=\u00bb35px\u00bb meta_font=\u00bb||||||||\u00bb meta_font_size=\u00bb13px\u00bb global_colors_info=\u00bb{}\u00bb theme_builder_area=\u00bbpost_content\u00bb][\/et_pb_post_title][et_pb_text _builder_version=\u00bb4.13.1&#8243; hover_enabled=\u00bb0&#8243; global_colors_info=\u00bb{}\u00bb theme_builder_area=\u00bbpost_content\u00bb sticky_enabled=\u00bb0&#8243;]<p style=\"text-align: justify;\"><strong>(CNAS Brasil) <\/strong>Desde o in\u00edcio deste ano, o nosso Superintendente Geral em jurisdi\u00e7\u00e3o Rev. Filim\u00e3o Chambo, nosso Diretor Regional Rev. Christian Sarmiento, juntamente com a lideran\u00e7a do Brasil na pessoa do Rev. Manuel Lima (Diretor da Sub-regi\u00e3o), t\u00eam percorrido os Distritos brasileiros conduzindo Assembleias Distritais e realizando a ordena\u00e7\u00e3o de novos l\u00edderes no Brasil.<\/p>\n<p style=\"text-align: justify;\">At\u00e9 agora seis distritos foram visitados pela comitiva: Paulistano, Ga\u00facho, Rio Baixada 1, Grande Rio, Rio Metropolitano e Nordeste Central. Ao todo 95 ordena\u00e7\u00f5es foram realizadas, sendo 60 Presb\u00edteros, 29 Presb\u00edteras e 6 Diaconisas, dividos em seus respectivos distritos.<\/p>\n<p style=\"text-align: justify;\">Ga\u00facho: 2 ordena\u00e7\u00f5es (2 Presb\u00edteros)<\/p>\n<p style=\"text-align: justify;\">Paulistano: 8 ordena\u00e7\u00f5es (4 Presb\u00edteros \/ 4 Presb\u00edteras)<\/p>\n<p style=\"text-align: justify;\" class=\"translation-block\">Nordeste Central: 29 ordena\u00e7\u00f5es (18 Presb\u00edteros \/ 9 Presb\u00edteras \/ 2 Diaconisas)<\/p>\n<p style=\"text-align: justify;\">Rio Metropolitano: 10 ordena\u00e7\u00f5es (6 Presb\u00edteros \/ 4 Diaconisas)<\/p>\n<p style=\"text-align: justify;\">Grande Rio:  20 ordena\u00e7\u00f5es (14 Presb\u00edteros \/ 6 Presb\u00edteras)<\/p>\n<p style=\"text-align: justify;\">Rio Baixada I: 26 ordena\u00e7\u00f5es (16 Presb\u00edteros \/ 10 Presb\u00edteras)<\/p>\n<p style=\"text-align: justify;\" class=\"translation-block\">O Rev. Manuel Lima celebrou o feito: \u201cGra\u00e7as a Deus, ap\u00f3s 2 anos e meio de pandemia nossas Assembleias ocorreram presencialmente. Gra\u00e7as a Deus, isso aumenta o n\u00famero de Presb\u00edteros e L\u00edderes no Brasil que estar\u00e3o trabalhando para a multiplica\u00e7\u00e3o dos membros em nossas Igrejas. Que Deus d\u00ea for\u00e7a e sabedoria para todos eles poderem realizar a obra do Senhor no nosso pa\u00eds. Isso \u00e9 muito importante para o crescimento da Igreja\u201d. Ainda teremos novas ordena\u00e7\u00f5es no Brasil e seguiremos atualizando os n\u00fameros em nossas plataformas.<\/p>\n<p style=\"text-align: justify;\" class=\"translation-block\">Fonte: Comunica\u00e7\u00f5es Nazarenas Brasil<\/p>[\/et_pb_text][et_pb_gallery gallery_ids=\u00bb36550,36560,36558,36556,36554,36552&#8243; show_title_and_caption=\u00bboff\u00bb _builder_version=\u00bb4.13.1&#8243; hover_enabled=\u00bb0&#8243; pagination_font_size_tablet=\u00bb51&#8243; pagination_line_height_tablet=\u00bb2&#8243; global_colors_info=\u00bb{}\u00bb theme_builder_area=\u00bbpost_content\u00bb sticky_enabled=\u00bb0&#8243;][\/et_pb_gallery][\/et_pb_column][et_pb_column type=\u00bb1_3&#8243; _builder_version=\u00bb3.25&#8243; custom_padding=\u00bb|||\u00bb global_colors_info=\u00bb{}\u00bb custom_padding__hover=\u00bb|||\u00bb theme_builder_area=\u00bbpost_content\u00bb][et_pb_sidebar orientation=\u00bbright\u00bb area=\u00bbsidebar-1&#8243; _builder_version=\u00bb3.0.105&#8243; header_text_color=\u00bb#db6553&#8243; header_font_size=\u00bb14&#8243; text_orientation=\u00bbright\u00bb global_colors_info=\u00bb{}\u00bb theme_builder_area=\u00bbpost_content\u00bb][\/et_pb_sidebar][\/et_pb_column][\/et_pb_row][\/et_pb_section]\n<span class=\"et_bloom_bottom_trigger\"><\/span>","protected":false},"excerpt":{"rendered":"<p>(CNAS Brasil) Desde el inicio de este a\u00f1o, el superintendente general en jurisdicci\u00f3n, el Rev. Filim\u00e3o Chambo, el director regional, el Rev. Christian Sarmiento, junto con el liderazgo de Brasil representado en la persona del Rev. Manuel Lima (director de la Sub-regi\u00f3n), han recorrido los distritos brasile\u00f1os, presidiendo asambleas de distrito y realizando la ordenaci\u00f3n [&hellip;]<\/p>","protected":false},"author":4,"featured_media":38100,"comment_status":"closed","ping_status":"closed","sticky":false,"template":"","format":"standard","meta":{"_et_pb_use_builder":"on","_et_pb_old_content":"","_et_gb_content_width":"2880","_monsterinsights_skip_tracking":false,"_monsterinsights_sitenote_active":false,"_monsterinsights_sitenote_note":"","_monsterinsights_sitenote_category":0,"_vp_format_video_url":"","_vp_image_focal_point":[],"footnotes":""},"categories":[53,59],"tags":[],"class_list":["post-38099","post","type-post","status-publish","format-standard","has-post-thumbnail","hentry","category-brasil","category-educacion-teologica"],"yoast_head":"<!-- This site is optimized with the Yoast SEO Premium plugin v23.6 (Yoast SEO v27.5) - https:\/\/yoast.com\/product\/yoast-seo-premium-wordpress\/ -->\n<title>CULTOS DE ORDENACI\u00d3N EN 6 DISTRITOS DE BRASIL | Iglesia del Nazareno Am\u00e9rica del Sur<\/title>\n<meta name=\"robots\" content=\"noindex, follow\" \/>\n<meta property=\"og:locale\" content=\"pt_BR\" \/>\n<meta property=\"og:type\" content=\"article\" \/>\n<meta property=\"og:title\" content=\"CULTOS DE ORDENACI\u00d3N EN 6 DISTRITOS DE BRASIL | Iglesia del Nazareno Am\u00e9rica del Sur\" \/>\n<meta property=\"og:url\" content=\"https:\/\/www.samnaz.org\/pt\/cultos-de-ordenacion-en-6-distritos-de-brasil\/\" \/>\n<meta property=\"og:site_name\" content=\"Iglesia del Nazareno Am\u00e9rica del Sur\" \/>\n<meta property=\"article:publisher\" content=\"https:\/\/www.facebook.com\/NazarenoEsp\" \/>\n<meta property=\"article:published_time\" content=\"2022-02-03T11:19:20+00:00\" \/>\n<meta property=\"article:modified_time\" content=\"2022-02-23T19:29:28+00:00\" \/>\n<meta property=\"og:image\" content=\"https:\/\/www.samnaz.org\/wp-content\/uploads\/2022\/01\/Grande-Rio.jpg\" \/>\n\t<meta property=\"og:image:width\" content=\"1280\" \/>\n\t<meta property=\"og:image:height\" content=\"576\" \/>\n\t<meta property=\"og:image:type\" content=\"image\/jpeg\" \/>\n<meta name=\"author\" content=\"Samnaz\" \/>\n<meta name=\"twitter:card\" content=\"summary_large_image\" \/>\n<meta name=\"twitter:label1\" content=\"Escrito por\" \/>\n\t<meta name=\"twitter:data1\" content=\"Samnaz\" \/>\n\t<meta name=\"twitter:label2\" content=\"Est. tempo de leitura\" \/>\n\t<meta name=\"twitter:data2\" content=\"2 minutos\" \/>\n<script type=\"application\/ld+json\" class=\"yoast-schema-graph\">{\"@context\":\"https:\\\/\\\/schema.org\",\"@graph\":[{\"@type\":\"Article\",\"@id\":\"https:\\\/\\\/www.samnaz.org\\\/pt\\\/cultos-de-ordenacion-en-6-distritos-de-brasil\\\/#article\",\"isPartOf\":{\"@id\":\"https:\\\/\\\/www.samnaz.org\\\/pt\\\/cultos-de-ordenacion-en-6-distritos-de-brasil\\\/\"},\"author\":{\"name\":\"Samnaz\",\"@id\":\"https:\\\/\\\/www.samnaz.org\\\/#\\\/schema\\\/person\\\/c09d1131c49ba510c7e1cbb677b39927\"},\"headline\":\"CULTOS DE ORDENACI\u00d3N EN 6 DISTRITOS DE BRASIL\",\"datePublished\":\"2022-02-03T11:19:20+00:00\",\"dateModified\":\"2022-02-23T19:29:28+00:00\",\"mainEntityOfPage\":{\"@id\":\"https:\\\/\\\/www.samnaz.org\\\/pt\\\/cultos-de-ordenacion-en-6-distritos-de-brasil\\\/\"},\"wordCount\":466,\"publisher\":{\"@id\":\"https:\\\/\\\/www.samnaz.org\\\/#organization\"},\"image\":{\"@id\":\"https:\\\/\\\/www.samnaz.org\\\/pt\\\/cultos-de-ordenacion-en-6-distritos-de-brasil\\\/#primaryimage\"},\"thumbnailUrl\":\"https:\\\/\\\/www.samnaz.org\\\/wp-content\\\/uploads\\\/2022\\\/01\\\/Grande-Rio.jpg\",\"articleSection\":[\"Brasil\",\"Educaci\u00f3n Teol\u00f3gica\"],\"inLanguage\":\"pt-BR\"},{\"@type\":\"WebPage\",\"@id\":\"https:\\\/\\\/www.samnaz.org\\\/pt\\\/cultos-de-ordenacion-en-6-distritos-de-brasil\\\/\",\"url\":\"https:\\\/\\\/www.samnaz.org\\\/pt\\\/cultos-de-ordenacion-en-6-distritos-de-brasil\\\/\",\"name\":\"CULTOS DE ORDENACI\u00d3N EN 6 DISTRITOS DE BRASIL | Iglesia del Nazareno Am\u00e9rica del Sur\",\"isPartOf\":{\"@id\":\"https:\\\/\\\/www.samnaz.org\\\/#website\"},\"primaryImageOfPage\":{\"@id\":\"https:\\\/\\\/www.samnaz.org\\\/pt\\\/cultos-de-ordenacion-en-6-distritos-de-brasil\\\/#primaryimage\"},\"image\":{\"@id\":\"https:\\\/\\\/www.samnaz.org\\\/pt\\\/cultos-de-ordenacion-en-6-distritos-de-brasil\\\/#primaryimage\"},\"thumbnailUrl\":\"https:\\\/\\\/www.samnaz.org\\\/wp-content\\\/uploads\\\/2022\\\/01\\\/Grande-Rio.jpg\",\"datePublished\":\"2022-02-03T11:19:20+00:00\",\"dateModified\":\"2022-02-23T19:29:28+00:00\",\"inLanguage\":\"pt-BR\",\"potentialAction\":[{\"@type\":\"ReadAction\",\"target\":[\"https:\\\/\\\/www.samnaz.org\\\/pt\\\/cultos-de-ordenacion-en-6-distritos-de-brasil\\\/\"]}]},{\"@type\":\"ImageObject\",\"inLanguage\":\"pt-BR\",\"@id\":\"https:\\\/\\\/www.samnaz.org\\\/pt\\\/cultos-de-ordenacion-en-6-distritos-de-brasil\\\/#primaryimage\",\"url\":\"https:\\\/\\\/www.samnaz.org\\\/wp-content\\\/uploads\\\/2022\\\/01\\\/Grande-Rio.jpg\",\"contentUrl\":\"https:\\\/\\\/www.samnaz.org\\\/wp-content\\\/uploads\\\/2022\\\/01\\\/Grande-Rio.jpg\",\"width\":1280,\"height\":576},{\"@type\":\"WebSite\",\"@id\":\"https:\\\/\\\/www.samnaz.org\\\/#website\",\"url\":\"https:\\\/\\\/www.samnaz.org\\\/\",\"name\":\"Haciendo Disc\u00edpulos Semejantes a Cristo en las naciones\",\"description\":\"Haciendo disc\u00edpulos semejantes a Cristo en las Naciones\",\"publisher\":{\"@id\":\"https:\\\/\\\/www.samnaz.org\\\/#organization\"},\"alternateName\":\"Viviendo la Gran Comisi\u00f3n\",\"potentialAction\":[{\"@type\":\"SearchAction\",\"target\":{\"@type\":\"EntryPoint\",\"urlTemplate\":\"https:\\\/\\\/www.samnaz.org\\\/?s={search_term_string}\"},\"query-input\":{\"@type\":\"PropertyValueSpecification\",\"valueRequired\":true,\"valueName\":\"search_term_string\"}}],\"inLanguage\":\"pt-BR\"},{\"@type\":\"Organization\",\"@id\":\"https:\\\/\\\/www.samnaz.org\\\/#organization\",\"name\":\"Iglesia del Nazareno Am\u00e9rica del Sur\",\"url\":\"https:\\\/\\\/www.samnaz.org\\\/\",\"logo\":{\"@type\":\"ImageObject\",\"inLanguage\":\"pt-BR\",\"@id\":\"https:\\\/\\\/www.samnaz.org\\\/#\\\/schema\\\/logo\\\/image\\\/\",\"url\":\"https:\\\/\\\/www.samnaz.org\\\/wp-content\\\/uploads\\\/2021\\\/04\\\/Logo-3-ESP.png\",\"contentUrl\":\"https:\\\/\\\/www.samnaz.org\\\/wp-content\\\/uploads\\\/2021\\\/04\\\/Logo-3-ESP.png\",\"width\":1041,\"height\":780,\"caption\":\"Iglesia del Nazareno Am\u00e9rica del Sur\"},\"image\":{\"@id\":\"https:\\\/\\\/www.samnaz.org\\\/#\\\/schema\\\/logo\\\/image\\\/\"},\"sameAs\":[\"https:\\\/\\\/www.facebook.com\\\/NazarenoEsp\",\"https:\\\/\\\/www.instagram.com\\\/nazarenoesp\\\/\"],\"publishingPrinciples\":\"https:\\\/\\\/www.samnaz.org\\\/\"},{\"@type\":\"Person\",\"@id\":\"https:\\\/\\\/www.samnaz.org\\\/#\\\/schema\\\/person\\\/c09d1131c49ba510c7e1cbb677b39927\",\"name\":\"Samnaz\",\"image\":{\"@type\":\"ImageObject\",\"inLanguage\":\"pt-BR\",\"@id\":\"https:\\\/\\\/secure.gravatar.com\\\/avatar\\\/a5baaf0e270319d09c0efce6a9dd03ff93175913c70afe26595c0069c83fa6dc?s=96&d=mm&r=g\",\"url\":\"https:\\\/\\\/secure.gravatar.com\\\/avatar\\\/a5baaf0e270319d09c0efce6a9dd03ff93175913c70afe26595c0069c83fa6dc?s=96&d=mm&r=g\",\"contentUrl\":\"https:\\\/\\\/secure.gravatar.com\\\/avatar\\\/a5baaf0e270319d09c0efce6a9dd03ff93175913c70afe26595c0069c83fa6dc?s=96&d=mm&r=g\",\"caption\":\"Samnaz\"}}]}<\/script>\n<!-- \/ Yoast SEO Premium plugin. -->","yoast_head_json":{"title":"CULTOS DE ORDENACI\u00d3N EN 6 DISTRITOS DE BRASIL | Iglesia del Nazareno Am\u00e9rica del Sur","robots":{"index":"noindex","follow":"follow"},"og_locale":"pt_BR","og_type":"article","og_title":"CULTOS DE ORDENACI\u00d3N EN 6 DISTRITOS DE BRASIL | Iglesia del Nazareno Am\u00e9rica del Sur","og_url":"https:\/\/www.samnaz.org\/pt\/cultos-de-ordenacion-en-6-distritos-de-brasil\/","og_site_name":"Iglesia del Nazareno Am\u00e9rica del Sur","article_publisher":"https:\/\/www.facebook.com\/NazarenoEsp","article_published_time":"2022-02-03T11:19:20+00:00","article_modified_time":"2022-02-23T19:29:28+00:00","og_image":[{"width":1280,"height":576,"url":"https:\/\/www.samnaz.org\/wp-content\/uploads\/2022\/01\/Grande-Rio.jpg","type":"image\/jpeg"}],"author":"Samnaz","twitter_card":"summary_large_image","twitter_misc":{"Escrito por":"Samnaz","Est. tempo de leitura":"2 minutos"},"schema":{"@context":"https:\/\/schema.org","@graph":[{"@type":"Article","@id":"https:\/\/www.samnaz.org\/pt\/cultos-de-ordenacion-en-6-distritos-de-brasil\/#article","isPartOf":{"@id":"https:\/\/www.samnaz.org\/pt\/cultos-de-ordenacion-en-6-distritos-de-brasil\/"},"author":{"name":"Samnaz","@id":"https:\/\/www.samnaz.org\/#\/schema\/person\/c09d1131c49ba510c7e1cbb677b39927"},"headline":"CULTOS DE ORDENACI\u00d3N EN 6 DISTRITOS DE BRASIL","datePublished":"2022-02-03T11:19:20+00:00","dateModified":"2022-02-23T19:29:28+00:00","mainEntityOfPage":{"@id":"https:\/\/www.samnaz.org\/pt\/cultos-de-ordenacion-en-6-distritos-de-brasil\/"},"wordCount":466,"publisher":{"@id":"https:\/\/www.samnaz.org\/#organization"},"image":{"@id":"https:\/\/www.samnaz.org\/pt\/cultos-de-ordenacion-en-6-distritos-de-brasil\/#primaryimage"},"thumbnailUrl":"https:\/\/www.samnaz.org\/wp-content\/uploads\/2022\/01\/Grande-Rio.jpg","articleSection":["Brasil","Educaci\u00f3n Teol\u00f3gica"],"inLanguage":"pt-BR"},{"@type":"WebPage","@id":"https:\/\/www.samnaz.org\/pt\/cultos-de-ordenacion-en-6-distritos-de-brasil\/","url":"https:\/\/www.samnaz.org\/pt\/cultos-de-ordenacion-en-6-distritos-de-brasil\/","name":"CULTOS DE ORDENACI\u00d3N EN 6 DISTRITOS DE BRASIL | Iglesia del Nazareno Am\u00e9rica del Sur","isPartOf":{"@id":"https:\/\/www.samnaz.org\/#website"},"primaryImageOfPage":{"@id":"https:\/\/www.samnaz.org\/pt\/cultos-de-ordenacion-en-6-distritos-de-brasil\/#primaryimage"},"image":{"@id":"https:\/\/www.samnaz.org\/pt\/cultos-de-ordenacion-en-6-distritos-de-brasil\/#primaryimage"},"thumbnailUrl":"https:\/\/www.samnaz.org\/wp-content\/uploads\/2022\/01\/Grande-Rio.jpg","datePublished":"2022-02-03T11:19:20+00:00","dateModified":"2022-02-23T19:29:28+00:00","inLanguage":"pt-BR","potentialAction":[{"@type":"ReadAction","target":["https:\/\/www.samnaz.org\/pt\/cultos-de-ordenacion-en-6-distritos-de-brasil\/"]}]},{"@type":"ImageObject","inLanguage":"pt-BR","@id":"https:\/\/www.samnaz.org\/pt\/cultos-de-ordenacion-en-6-distritos-de-brasil\/#primaryimage","url":"https:\/\/www.samnaz.org\/wp-content\/uploads\/2022\/01\/Grande-Rio.jpg","contentUrl":"https:\/\/www.samnaz.org\/wp-content\/uploads\/2022\/01\/Grande-Rio.jpg","width":1280,"height":576},{"@type":"WebSite","@id":"https:\/\/www.samnaz.org\/#website","url":"https:\/\/www.samnaz.org\/","name":"Haciendo Disc\u00edpulos Semejantes a Cristo en las naciones","description":"Haciendo disc\u00edpulos semejantes a Cristo en las Naciones","publisher":{"@id":"https:\/\/www.samnaz.org\/#organization"},"alternateName":"Viviendo la Gran Comisi\u00f3n","potentialAction":[{"@type":"SearchAction","target":{"@type":"EntryPoint","urlTemplate":"https:\/\/www.samnaz.org\/?s={search_term_string}"},"query-input":{"@type":"PropertyValueSpecification","valueRequired":true,"valueName":"search_term_string"}}],"inLanguage":"pt-BR"},{"@type":"Organization","@id":"https:\/\/www.samnaz.org\/#organization","name":"Iglesia del Nazareno Am\u00e9rica del Sur","url":"https:\/\/www.samnaz.org\/","logo":{"@type":"ImageObject","inLanguage":"pt-BR","@id":"https:\/\/www.samnaz.org\/#\/schema\/logo\/image\/","url":"https:\/\/www.samnaz.org\/wp-content\/uploads\/2021\/04\/Logo-3-ESP.png","contentUrl":"https:\/\/www.samnaz.org\/wp-content\/uploads\/2021\/04\/Logo-3-ESP.png","width":1041,"height":780,"caption":"Iglesia del Nazareno Am\u00e9rica del Sur"},"image":{"@id":"https:\/\/www.samnaz.org\/#\/schema\/logo\/image\/"},"sameAs":["https:\/\/www.facebook.com\/NazarenoEsp","https:\/\/www.instagram.com\/nazarenoesp\/"],"publishingPrinciples":"https:\/\/www.samnaz.org\/"},{"@type":"Person","@id":"https:\/\/www.samnaz.org\/#\/schema\/person\/c09d1131c49ba510c7e1cbb677b39927","name":"Samnaz","image":{"@type":"ImageObject","inLanguage":"pt-BR","@id":"https:\/\/secure.gravatar.com\/avatar\/a5baaf0e270319d09c0efce6a9dd03ff93175913c70afe26595c0069c83fa6dc?s=96&d=mm&r=g","url":"https:\/\/secure.gravatar.com\/avatar\/a5baaf0e270319d09c0efce6a9dd03ff93175913c70afe26595c0069c83fa6dc?s=96&d=mm&r=g","contentUrl":"https:\/\/secure.gravatar.com\/avatar\/a5baaf0e270319d09c0efce6a9dd03ff93175913c70afe26595c0069c83fa6dc?s=96&d=mm&r=g","caption":"Samnaz"}}]}},"_links":{"self":[{"href":"https:\/\/www.samnaz.org\/pt\/wp-json\/wp\/v2\/posts\/38099","targetHints":{"allow":["GET"]}}],"collection":[{"href":"https:\/\/www.samnaz.org\/pt\/wp-json\/wp\/v2\/posts"}],"about":[{"href":"https:\/\/www.samnaz.org\/pt\/wp-json\/wp\/v2\/types\/post"}],"author":[{"embeddable":true,"href":"https:\/\/www.samnaz.org\/pt\/wp-json\/wp\/v2\/users\/4"}],"replies":[{"embeddable":true,"href":"https:\/\/www.samnaz.org\/pt\/wp-json\/wp\/v2\/comments?post=38099"}],"version-history":[{"count":1,"href":"https:\/\/www.samnaz.org\/pt\/wp-json\/wp\/v2\/posts\/38099\/revisions"}],"predecessor-version":[{"id":38170,"href":"https:\/\/www.samnaz.org\/pt\/wp-json\/wp\/v2\/posts\/38099\/revisions\/38170"}],"wp:featuredmedia":[{"embeddable":true,"href":"https:\/\/www.samnaz.org\/pt\/wp-json\/wp\/v2\/media\/38100"}],"wp:attachment":[{"href":"https:\/\/www.samnaz.org\/pt\/wp-json\/wp\/v2\/media?parent=38099"}],"wp:term":[{"taxonomy":"category","embeddable":true,"href":"https:\/\/www.samnaz.org\/pt\/wp-json\/wp\/v2\/categories?post=38099"},{"taxonomy":"post_tag","embeddable":true,"href":"https:\/\/www.samnaz.org\/pt\/wp-json\/wp\/v2\/tags?post=38099"}],"curies":[{"name":"wp","href":"https:\/\/api.w.org\/{rel}","templated":true}]}}