{"id":38103,"date":"2022-01-26T17:27:30","date_gmt":"2022-01-26T20:27:30","guid":{"rendered":"https:\/\/www.samnaz.org\/?p=36516"},"modified":"2022-02-23T16:24:55","modified_gmt":"2022-02-23T19:24:55","slug":"iglesias-se-unen-para-ayudar-a-familias-en-necesidad","status":"publish","type":"post","link":"https:\/\/www.samnaz.org\/pt\/iglesias-se-unen-para-ayudar-a-familias-en-necesidad\/","title":{"rendered":"IGREJAS NO EQUADOR AJUDAM A CONSTRUIR CASAS PARA FAM\u00cdLIAS NECESSITADAS"},"content":{"rendered":"[et_pb_section fb_built=\u00bb1&#8243; _builder_version=\u00bb3.22&#8243; custom_padding=\u00bb0px|0px|3px|0px\u00bb global_colors_info=\u00bb{}\u00bb][et_pb_row column_structure=\u00bb2_3,1_3&#8243; _builder_version=\u00bb3.25&#8243; global_colors_info=\u00bb{}\u00bb][et_pb_column type=\u00bb2_3&#8243; _builder_version=\u00bb3.25&#8243; custom_padding=\u00bb|||\u00bb global_colors_info=\u00bb{}\u00bb custom_padding__hover=\u00bb|||\u00bb][et_pb_post_title categories=\u00bboff\u00bb _builder_version=\u00bb3.0.105&#8243; title_font=\u00bb||||||||\u00bb title_text_color=\u00bb#db6553&#8243; title_font_size=\u00bb35px\u00bb meta_font=\u00bb||||||||\u00bb meta_font_size=\u00bb13px\u00bb global_colors_info=\u00bb{}\u00bb][\/et_pb_post_title][et_pb_text _builder_version=\u00bb4.13.1&#8243; hover_enabled=\u00bb0&#8243; global_colors_info=\u00bb{}\u00bb sticky_enabled=\u00bb0&#8243;]<p style=\"text-align: justify;\"><strong>(CNAS Ecuador) <\/strong>Tr\u00eas igrejas no Equador se uniram para ajudar a construir casas para tr\u00eas fam\u00edlias de baixa renda que estavam prestes a se tornarem desabrigadas, ou j\u00e1 eram.<\/p>\n<p style=\"text-align: justify;\">Puerto Canelos \u00e9 uma comunidade estabelecida \u00e0s margens de um rio na prov\u00edncia de Napo, Equador. A Igreja do Nazareno naquela comunidade viu a necessidade de tr\u00eas fam\u00edlias de baixa renda que n\u00e3o tinham onde morar. Essas fam\u00edlias n\u00e3o frequentavam a igreja, mas a igreja sentiu que era o chamado do Senhor para fazer algo para ajudar essas fam\u00edlias.<\/p>\n<p style=\"text-align: justify;\">Tr\u00eas diferentes congrega\u00e7\u00f5es de tr\u00eas distritos do Equador (Costa, \u201cSierra\u201d Centro e \u201cSierra\u201d Norte) se uniram para ajudar a construir tr\u00eas casas para essas fam\u00edlias.<\/p>\n<p style=\"text-align: justify;\">O projeto come\u00e7ou com uma viagem de M\u00e1xima Miss\u00e3o de 30 de outubro a 3 de novembro de 2021, onde 62 participantes de tr\u00eas congrega\u00e7\u00f5es diferentes contribu\u00edram com dinheiro para ir a Puerto Canelos e dedicar seu tempo e esfor\u00e7o para iniciar a constru\u00e7\u00e3o das casas.<\/p>\n<p style=\"text-align: justify;\">A constru\u00e7\u00e3o da primeira casa foi conclu\u00edda e foi entregue \u00e0 fam\u00edlia Dagua.<\/p>\n<p style=\"text-align: justify;\">Ang\u00e9lica Dagua e sua fam\u00edlia logo ficariam desabrigadas. Sua casa atual estava prestes a desmoronar e eles n\u00e3o tinham como reconstru\u00ed-la. Ang\u00e9lica \u00e9 m\u00e3e solteira de dois filhos pequenos.<\/p>\n<p style=\"text-align: justify;\">\u201cFiquei impactada ao ver jovens e adultos construindo minha casa\u201d, disse Ang\u00e9lica. \u201cEles n\u00e3o se importavam em carregar madeira nos ombros e estavam felizes com o que estavam fazendo. Eu ainda n\u00e3o acredito. Mas Deus \u00e9 grande, e sou grata a Deus e aos jovens da de M\u00e1xima Miss\u00e3o por tornar minha casa uma realidade. Obrigado por sua paix\u00e3o por amar o pr\u00f3ximo.\u201d<\/p>\n<p style=\"text-align: justify;\">A congrega\u00e7\u00e3o em Puerto Canelos organizou uma equipe de trabalho com membros da Juventude Nazarena Internacional (JNI) e participantes de M\u00e1xima Miss\u00e3o para continuar com a constru\u00e7\u00e3o das outras duas casas.<\/p>\n<p style=\"text-align: justify;\"><strong><em>Fonte<\/em><\/strong><em> Ministerio de Evangelismo &#8211; Ecuador<\/em><\/p>[\/et_pb_text][et_pb_gallery gallery_ids=\u00bb36514,36518,36520,36522,36524,36526,36528,36530&#8243; show_title_and_caption=\u00bboff\u00bb _builder_version=\u00bb4.13.1&#8243; pagination_font_size_tablet=\u00bb51&#8243; pagination_line_height_tablet=\u00bb2&#8243; global_colors_info=\u00bb{}\u00bb][\/et_pb_gallery][\/et_pb_column][et_pb_column type=\u00bb1_3&#8243; _builder_version=\u00bb3.25&#8243; custom_padding=\u00bb|||\u00bb global_colors_info=\u00bb{}\u00bb custom_padding__hover=\u00bb|||\u00bb][et_pb_sidebar orientation=\u00bbright\u00bb area=\u00bbsidebar-1&#8243; _builder_version=\u00bb3.0.105&#8243; header_text_color=\u00bb#db6553&#8243; header_font_size=\u00bb14&#8243; text_orientation=\u00bbright\u00bb global_colors_info=\u00bb{}\u00bb][\/et_pb_sidebar][\/et_pb_column][\/et_pb_row][\/et_pb_section]\n<span class=\"et_bloom_bottom_trigger\"><\/span>","protected":false},"excerpt":{"rendered":"<p>(CNAS Ecuador) Tres iglesias en Ecuador se unieron para ayudar a construir casas para tres familias de bajos ingresos que estaban al borde de quedarse sin hogar, o ya lo estaban. Puerto Canelos es una comunidad asentada a orillas de un r\u00edo en la provincia de Napo, Ecuador. La Iglesia del Nazareno en esa comunidad [&hellip;]<\/p>","protected":false},"author":4,"featured_media":38104,"comment_status":"closed","ping_status":"closed","sticky":false,"template":"","format":"standard","meta":{"_et_pb_use_builder":"on","_et_pb_old_content":"","_et_gb_content_width":"2880","_monsterinsights_skip_tracking":false,"_monsterinsights_sitenote_active":false,"_monsterinsights_sitenote_note":"","_monsterinsights_sitenote_category":0,"_vp_format_video_url":"","_vp_image_focal_point":[],"footnotes":""},"categories":[48,54],"tags":[],"class_list":["post-38103","post","type-post","status-publish","format-standard","has-post-thumbnail","hentry","category-compasion","category-ecuador"],"yoast_head":"<!-- This site is optimized with the Yoast SEO Premium plugin v23.6 (Yoast SEO v27.4) - https:\/\/yoast.com\/product\/yoast-seo-premium-wordpress\/ -->\n<title>IGLESIAS DE ECUADOR AYUDAN A CONSTRUIR CASAS PARA FAMILIAS NECESITADAS | Iglesia del Nazareno Am\u00e9rica del Sur<\/title>\n<meta name=\"robots\" content=\"noindex, follow\" \/>\n<meta property=\"og:locale\" content=\"pt_BR\" \/>\n<meta property=\"og:type\" content=\"article\" \/>\n<meta property=\"og:title\" content=\"IGLESIAS DE ECUADOR AYUDAN A CONSTRUIR CASAS PARA FAMILIAS NECESITADAS | Iglesia del Nazareno Am\u00e9rica del Sur\" \/>\n<meta property=\"og:url\" content=\"https:\/\/www.samnaz.org\/pt\/iglesias-se-unen-para-ayudar-a-familias-en-necesidad\/\" \/>\n<meta property=\"og:site_name\" content=\"Iglesia del Nazareno Am\u00e9rica del Sur\" \/>\n<meta property=\"article:publisher\" content=\"https:\/\/www.facebook.com\/NazarenoEsp\" \/>\n<meta property=\"article:published_time\" content=\"2022-01-26T20:27:30+00:00\" \/>\n<meta property=\"article:modified_time\" content=\"2022-02-23T19:24:55+00:00\" \/>\n<meta property=\"og:image\" content=\"https:\/\/www.samnaz.org\/wp-content\/uploads\/2022\/01\/main.jpeg\" \/>\n\t<meta property=\"og:image:width\" content=\"1599\" \/>\n\t<meta property=\"og:image:height\" content=\"715\" \/>\n\t<meta property=\"og:image:type\" content=\"image\/jpeg\" \/>\n<meta name=\"author\" content=\"Samnaz\" \/>\n<meta name=\"twitter:card\" content=\"summary_large_image\" \/>\n<meta name=\"twitter:label1\" content=\"Escrito por\" \/>\n\t<meta name=\"twitter:data1\" content=\"Samnaz\" \/>\n\t<meta name=\"twitter:label2\" content=\"Est. tempo de leitura\" \/>\n\t<meta name=\"twitter:data2\" content=\"2 minutos\" \/>\n<script type=\"application\/ld+json\" class=\"yoast-schema-graph\">{\"@context\":\"https:\\\/\\\/schema.org\",\"@graph\":[{\"@type\":\"Article\",\"@id\":\"https:\\\/\\\/www.samnaz.org\\\/pt\\\/iglesias-se-unen-para-ayudar-a-familias-en-necesidad\\\/#article\",\"isPartOf\":{\"@id\":\"https:\\\/\\\/www.samnaz.org\\\/pt\\\/iglesias-se-unen-para-ayudar-a-familias-en-necesidad\\\/\"},\"author\":{\"name\":\"Samnaz\",\"@id\":\"https:\\\/\\\/www.samnaz.org\\\/#\\\/schema\\\/person\\\/c09d1131c49ba510c7e1cbb677b39927\"},\"headline\":\"IGLESIAS DE ECUADOR AYUDAN A CONSTRUIR CASAS PARA FAMILIAS NECESITADAS\",\"datePublished\":\"2022-01-26T20:27:30+00:00\",\"dateModified\":\"2022-02-23T19:24:55+00:00\",\"mainEntityOfPage\":{\"@id\":\"https:\\\/\\\/www.samnaz.org\\\/pt\\\/iglesias-se-unen-para-ayudar-a-familias-en-necesidad\\\/\"},\"wordCount\":508,\"publisher\":{\"@id\":\"https:\\\/\\\/www.samnaz.org\\\/#organization\"},\"image\":{\"@id\":\"https:\\\/\\\/www.samnaz.org\\\/pt\\\/iglesias-se-unen-para-ayudar-a-familias-en-necesidad\\\/#primaryimage\"},\"thumbnailUrl\":\"https:\\\/\\\/www.samnaz.org\\\/wp-content\\\/uploads\\\/2022\\\/01\\\/main.jpeg\",\"articleSection\":[\"Compasi\u00f3n\",\"Ecuador\"],\"inLanguage\":\"pt-BR\"},{\"@type\":\"WebPage\",\"@id\":\"https:\\\/\\\/www.samnaz.org\\\/pt\\\/iglesias-se-unen-para-ayudar-a-familias-en-necesidad\\\/\",\"url\":\"https:\\\/\\\/www.samnaz.org\\\/pt\\\/iglesias-se-unen-para-ayudar-a-familias-en-necesidad\\\/\",\"name\":\"IGLESIAS DE ECUADOR AYUDAN A CONSTRUIR CASAS PARA FAMILIAS NECESITADAS | Iglesia del Nazareno Am\u00e9rica del Sur\",\"isPartOf\":{\"@id\":\"https:\\\/\\\/www.samnaz.org\\\/#website\"},\"primaryImageOfPage\":{\"@id\":\"https:\\\/\\\/www.samnaz.org\\\/pt\\\/iglesias-se-unen-para-ayudar-a-familias-en-necesidad\\\/#primaryimage\"},\"image\":{\"@id\":\"https:\\\/\\\/www.samnaz.org\\\/pt\\\/iglesias-se-unen-para-ayudar-a-familias-en-necesidad\\\/#primaryimage\"},\"thumbnailUrl\":\"https:\\\/\\\/www.samnaz.org\\\/wp-content\\\/uploads\\\/2022\\\/01\\\/main.jpeg\",\"datePublished\":\"2022-01-26T20:27:30+00:00\",\"dateModified\":\"2022-02-23T19:24:55+00:00\",\"inLanguage\":\"pt-BR\",\"potentialAction\":[{\"@type\":\"ReadAction\",\"target\":[\"https:\\\/\\\/www.samnaz.org\\\/pt\\\/iglesias-se-unen-para-ayudar-a-familias-en-necesidad\\\/\"]}]},{\"@type\":\"ImageObject\",\"inLanguage\":\"pt-BR\",\"@id\":\"https:\\\/\\\/www.samnaz.org\\\/pt\\\/iglesias-se-unen-para-ayudar-a-familias-en-necesidad\\\/#primaryimage\",\"url\":\"https:\\\/\\\/www.samnaz.org\\\/wp-content\\\/uploads\\\/2022\\\/01\\\/main.jpeg\",\"contentUrl\":\"https:\\\/\\\/www.samnaz.org\\\/wp-content\\\/uploads\\\/2022\\\/01\\\/main.jpeg\",\"width\":1599,\"height\":715},{\"@type\":\"WebSite\",\"@id\":\"https:\\\/\\\/www.samnaz.org\\\/#website\",\"url\":\"https:\\\/\\\/www.samnaz.org\\\/\",\"name\":\"Haciendo Disc\u00edpulos Semejantes a Cristo en las naciones\",\"description\":\"Haciendo disc\u00edpulos semejantes a Cristo en las Naciones\",\"publisher\":{\"@id\":\"https:\\\/\\\/www.samnaz.org\\\/#organization\"},\"alternateName\":\"Viviendo la Gran Comisi\u00f3n\",\"potentialAction\":[{\"@type\":\"SearchAction\",\"target\":{\"@type\":\"EntryPoint\",\"urlTemplate\":\"https:\\\/\\\/www.samnaz.org\\\/?s={search_term_string}\"},\"query-input\":{\"@type\":\"PropertyValueSpecification\",\"valueRequired\":true,\"valueName\":\"search_term_string\"}}],\"inLanguage\":\"pt-BR\"},{\"@type\":\"Organization\",\"@id\":\"https:\\\/\\\/www.samnaz.org\\\/#organization\",\"name\":\"Iglesia del Nazareno Am\u00e9rica del Sur\",\"url\":\"https:\\\/\\\/www.samnaz.org\\\/\",\"logo\":{\"@type\":\"ImageObject\",\"inLanguage\":\"pt-BR\",\"@id\":\"https:\\\/\\\/www.samnaz.org\\\/#\\\/schema\\\/logo\\\/image\\\/\",\"url\":\"https:\\\/\\\/www.samnaz.org\\\/wp-content\\\/uploads\\\/2021\\\/04\\\/Logo-3-ESP.png\",\"contentUrl\":\"https:\\\/\\\/www.samnaz.org\\\/wp-content\\\/uploads\\\/2021\\\/04\\\/Logo-3-ESP.png\",\"width\":1041,\"height\":780,\"caption\":\"Iglesia del Nazareno Am\u00e9rica del Sur\"},\"image\":{\"@id\":\"https:\\\/\\\/www.samnaz.org\\\/#\\\/schema\\\/logo\\\/image\\\/\"},\"sameAs\":[\"https:\\\/\\\/www.facebook.com\\\/NazarenoEsp\",\"https:\\\/\\\/www.instagram.com\\\/nazarenoesp\\\/\"],\"publishingPrinciples\":\"https:\\\/\\\/www.samnaz.org\\\/\"},{\"@type\":\"Person\",\"@id\":\"https:\\\/\\\/www.samnaz.org\\\/#\\\/schema\\\/person\\\/c09d1131c49ba510c7e1cbb677b39927\",\"name\":\"Samnaz\",\"image\":{\"@type\":\"ImageObject\",\"inLanguage\":\"pt-BR\",\"@id\":\"https:\\\/\\\/secure.gravatar.com\\\/avatar\\\/a5baaf0e270319d09c0efce6a9dd03ff93175913c70afe26595c0069c83fa6dc?s=96&d=mm&r=g\",\"url\":\"https:\\\/\\\/secure.gravatar.com\\\/avatar\\\/a5baaf0e270319d09c0efce6a9dd03ff93175913c70afe26595c0069c83fa6dc?s=96&d=mm&r=g\",\"contentUrl\":\"https:\\\/\\\/secure.gravatar.com\\\/avatar\\\/a5baaf0e270319d09c0efce6a9dd03ff93175913c70afe26595c0069c83fa6dc?s=96&d=mm&r=g\",\"caption\":\"Samnaz\"}}]}<\/script>\n<!-- \/ Yoast SEO Premium plugin. -->","yoast_head_json":{"title":"IGLESIAS DE ECUADOR AYUDAN A CONSTRUIR CASAS PARA FAMILIAS NECESITADAS | Iglesia del Nazareno Am\u00e9rica del Sur","robots":{"index":"noindex","follow":"follow"},"og_locale":"pt_BR","og_type":"article","og_title":"IGLESIAS DE ECUADOR AYUDAN A CONSTRUIR CASAS PARA FAMILIAS NECESITADAS | Iglesia del Nazareno Am\u00e9rica del Sur","og_url":"https:\/\/www.samnaz.org\/pt\/iglesias-se-unen-para-ayudar-a-familias-en-necesidad\/","og_site_name":"Iglesia del Nazareno Am\u00e9rica del Sur","article_publisher":"https:\/\/www.facebook.com\/NazarenoEsp","article_published_time":"2022-01-26T20:27:30+00:00","article_modified_time":"2022-02-23T19:24:55+00:00","og_image":[{"width":1599,"height":715,"url":"https:\/\/www.samnaz.org\/wp-content\/uploads\/2022\/01\/main.jpeg","type":"image\/jpeg"}],"author":"Samnaz","twitter_card":"summary_large_image","twitter_misc":{"Escrito por":"Samnaz","Est. tempo de leitura":"2 minutos"},"schema":{"@context":"https:\/\/schema.org","@graph":[{"@type":"Article","@id":"https:\/\/www.samnaz.org\/pt\/iglesias-se-unen-para-ayudar-a-familias-en-necesidad\/#article","isPartOf":{"@id":"https:\/\/www.samnaz.org\/pt\/iglesias-se-unen-para-ayudar-a-familias-en-necesidad\/"},"author":{"name":"Samnaz","@id":"https:\/\/www.samnaz.org\/#\/schema\/person\/c09d1131c49ba510c7e1cbb677b39927"},"headline":"IGLESIAS DE ECUADOR AYUDAN A CONSTRUIR CASAS PARA FAMILIAS NECESITADAS","datePublished":"2022-01-26T20:27:30+00:00","dateModified":"2022-02-23T19:24:55+00:00","mainEntityOfPage":{"@id":"https:\/\/www.samnaz.org\/pt\/iglesias-se-unen-para-ayudar-a-familias-en-necesidad\/"},"wordCount":508,"publisher":{"@id":"https:\/\/www.samnaz.org\/#organization"},"image":{"@id":"https:\/\/www.samnaz.org\/pt\/iglesias-se-unen-para-ayudar-a-familias-en-necesidad\/#primaryimage"},"thumbnailUrl":"https:\/\/www.samnaz.org\/wp-content\/uploads\/2022\/01\/main.jpeg","articleSection":["Compasi\u00f3n","Ecuador"],"inLanguage":"pt-BR"},{"@type":"WebPage","@id":"https:\/\/www.samnaz.org\/pt\/iglesias-se-unen-para-ayudar-a-familias-en-necesidad\/","url":"https:\/\/www.samnaz.org\/pt\/iglesias-se-unen-para-ayudar-a-familias-en-necesidad\/","name":"IGLESIAS DE ECUADOR AYUDAN A CONSTRUIR CASAS PARA FAMILIAS NECESITADAS | Iglesia del Nazareno Am\u00e9rica del Sur","isPartOf":{"@id":"https:\/\/www.samnaz.org\/#website"},"primaryImageOfPage":{"@id":"https:\/\/www.samnaz.org\/pt\/iglesias-se-unen-para-ayudar-a-familias-en-necesidad\/#primaryimage"},"image":{"@id":"https:\/\/www.samnaz.org\/pt\/iglesias-se-unen-para-ayudar-a-familias-en-necesidad\/#primaryimage"},"thumbnailUrl":"https:\/\/www.samnaz.org\/wp-content\/uploads\/2022\/01\/main.jpeg","datePublished":"2022-01-26T20:27:30+00:00","dateModified":"2022-02-23T19:24:55+00:00","inLanguage":"pt-BR","potentialAction":[{"@type":"ReadAction","target":["https:\/\/www.samnaz.org\/pt\/iglesias-se-unen-para-ayudar-a-familias-en-necesidad\/"]}]},{"@type":"ImageObject","inLanguage":"pt-BR","@id":"https:\/\/www.samnaz.org\/pt\/iglesias-se-unen-para-ayudar-a-familias-en-necesidad\/#primaryimage","url":"https:\/\/www.samnaz.org\/wp-content\/uploads\/2022\/01\/main.jpeg","contentUrl":"https:\/\/www.samnaz.org\/wp-content\/uploads\/2022\/01\/main.jpeg","width":1599,"height":715},{"@type":"WebSite","@id":"https:\/\/www.samnaz.org\/#website","url":"https:\/\/www.samnaz.org\/","name":"Haciendo Disc\u00edpulos Semejantes a Cristo en las naciones","description":"Haciendo disc\u00edpulos semejantes a Cristo en las Naciones","publisher":{"@id":"https:\/\/www.samnaz.org\/#organization"},"alternateName":"Viviendo la Gran Comisi\u00f3n","potentialAction":[{"@type":"SearchAction","target":{"@type":"EntryPoint","urlTemplate":"https:\/\/www.samnaz.org\/?s={search_term_string}"},"query-input":{"@type":"PropertyValueSpecification","valueRequired":true,"valueName":"search_term_string"}}],"inLanguage":"pt-BR"},{"@type":"Organization","@id":"https:\/\/www.samnaz.org\/#organization","name":"Iglesia del Nazareno Am\u00e9rica del Sur","url":"https:\/\/www.samnaz.org\/","logo":{"@type":"ImageObject","inLanguage":"pt-BR","@id":"https:\/\/www.samnaz.org\/#\/schema\/logo\/image\/","url":"https:\/\/www.samnaz.org\/wp-content\/uploads\/2021\/04\/Logo-3-ESP.png","contentUrl":"https:\/\/www.samnaz.org\/wp-content\/uploads\/2021\/04\/Logo-3-ESP.png","width":1041,"height":780,"caption":"Iglesia del Nazareno Am\u00e9rica del Sur"},"image":{"@id":"https:\/\/www.samnaz.org\/#\/schema\/logo\/image\/"},"sameAs":["https:\/\/www.facebook.com\/NazarenoEsp","https:\/\/www.instagram.com\/nazarenoesp\/"],"publishingPrinciples":"https:\/\/www.samnaz.org\/"},{"@type":"Person","@id":"https:\/\/www.samnaz.org\/#\/schema\/person\/c09d1131c49ba510c7e1cbb677b39927","name":"Samnaz","image":{"@type":"ImageObject","inLanguage":"pt-BR","@id":"https:\/\/secure.gravatar.com\/avatar\/a5baaf0e270319d09c0efce6a9dd03ff93175913c70afe26595c0069c83fa6dc?s=96&d=mm&r=g","url":"https:\/\/secure.gravatar.com\/avatar\/a5baaf0e270319d09c0efce6a9dd03ff93175913c70afe26595c0069c83fa6dc?s=96&d=mm&r=g","contentUrl":"https:\/\/secure.gravatar.com\/avatar\/a5baaf0e270319d09c0efce6a9dd03ff93175913c70afe26595c0069c83fa6dc?s=96&d=mm&r=g","caption":"Samnaz"}}]}},"_links":{"self":[{"href":"https:\/\/www.samnaz.org\/pt\/wp-json\/wp\/v2\/posts\/38103","targetHints":{"allow":["GET"]}}],"collection":[{"href":"https:\/\/www.samnaz.org\/pt\/wp-json\/wp\/v2\/posts"}],"about":[{"href":"https:\/\/www.samnaz.org\/pt\/wp-json\/wp\/v2\/types\/post"}],"author":[{"embeddable":true,"href":"https:\/\/www.samnaz.org\/pt\/wp-json\/wp\/v2\/users\/4"}],"replies":[{"embeddable":true,"href":"https:\/\/www.samnaz.org\/pt\/wp-json\/wp\/v2\/comments?post=38103"}],"version-history":[{"count":1,"href":"https:\/\/www.samnaz.org\/pt\/wp-json\/wp\/v2\/posts\/38103\/revisions"}],"predecessor-version":[{"id":38168,"href":"https:\/\/www.samnaz.org\/pt\/wp-json\/wp\/v2\/posts\/38103\/revisions\/38168"}],"wp:featuredmedia":[{"embeddable":true,"href":"https:\/\/www.samnaz.org\/pt\/wp-json\/wp\/v2\/media\/38104"}],"wp:attachment":[{"href":"https:\/\/www.samnaz.org\/pt\/wp-json\/wp\/v2\/media?parent=38103"}],"wp:term":[{"taxonomy":"category","embeddable":true,"href":"https:\/\/www.samnaz.org\/pt\/wp-json\/wp\/v2\/categories?post=38103"},{"taxonomy":"post_tag","embeddable":true,"href":"https:\/\/www.samnaz.org\/pt\/wp-json\/wp\/v2\/tags?post=38103"}],"curies":[{"name":"wp","href":"https:\/\/api.w.org\/{rel}","templated":true}]}}