{"id":38239,"date":"2022-02-24T18:01:19","date_gmt":"2022-02-24T21:01:19","guid":{"rendered":"https:\/\/www.samnaz.org\/?p=38239"},"modified":"2022-02-24T18:05:14","modified_gmt":"2022-02-24T21:05:14","slug":"campamento-de-adolescentes-en-el-distrito-central-argentino","status":"publish","type":"post","link":"https:\/\/www.samnaz.org\/pt\/campamento-de-adolescentes-en-el-distrito-central-argentino\/","title":{"rendered":"ACAMPAMENTO DE ADOLESCENTES NO DISTRITO CENTRAL ARGENTINO"},"content":{"rendered":"<p>[et_pb_section fb_built=\u00bb1&#8243; _builder_version=\u00bb4.8.1&#8243; _module_preset=\u00bbdefault\u00bb custom_padding=\u00bb0px||||false|false\u00bb][et_pb_row disabled_on=\u00bbon|on|on\u00bb _builder_version=\u00bb4.8.1&#8243; _module_preset=\u00bbdefault\u00bb disabled=\u00bbon\u00bb][et_pb_column type=\u00bb4_4&#8243; _builder_version=\u00bb4.8.1&#8243; _module_preset=\u00bbdefault\u00bb][et_pb_text disabled_on=\u00bboff|off|off\u00bb _builder_version=\u00bb4.8.1&#8243; _module_preset=\u00bbdefault\u00bb text_text_color=\u00bb#0C71C3&#8243; text_font_size=\u00bb23px\u00bb text_orientation=\u00bbcenter\u00bb]<\/p>\n<p>CONTENIDO EN ESPA\u00d1OL<\/p>\n<p>[\/et_pb_text][\/et_pb_column][\/et_pb_row][et_pb_row module_class=\u00bbespanol\u00bb _builder_version=\u00bb4.8.1&#8243; _module_preset=\u00bbdefault\u00bb width=\u00bb100%\u00bb][et_pb_column type=\u00bb4_4&#8243; module_class=\u00bbcolLeft\u00bb _builder_version=\u00bb4.8.1&#8243; _module_preset=\u00bbdefault\u00bb custom_padding=\u00bb|50px|||false|false\u00bb custom_padding_tablet=\u00bb|20px||20px|false|true\u00bb custom_padding_phone=\u00bb\u00bb custom_padding_last_edited=\u00bbon|phone\u00bb border_color_all=\u00bb#e0e0e0&#8243; border_width_right_tablet=\u00bb0px\u00bb border_width_right_phone=\u00bb0px\u00bb border_width_right_last_edited=\u00bbon|desktop\u00bb][et_pb_code admin_label=\u00bbCode\u00bb _builder_version=\u00bb4.8.1&#8243; _module_preset=\u00bbdefault\u00bb background_enable_color=\u00bboff\u00bb positioning=\u00bbabsolute\u00bb position_origin_a=\u00bbtop_right\u00bb vertical_offset=\u00bb10px\u00bb horizontal_offset=\u00bb50px\u00bb z_index=\u00bb137&#8243; vertical_offset_tablet=\u00bb\u00bb vertical_offset_phone=\u00bb-45px\u00bb vertical_offset_last_edited=\u00bbon|phone\u00bb horizontal_offset_tablet=\u00bb20px\u00bb horizontal_offset_phone=\u00bb\u00bb horizontal_offset_last_edited=\u00bbon|phone\u00bb position_origin_a_tablet=\u00bb\u00bb position_origin_a_phone=\u00bb\u00bb position_origin_a_last_edited=\u00bbon|desktop\u00bb position_origin_f_tablet=\u00bb\u00bb position_origin_f_phone=\u00bb\u00bb position_origin_f_last_edited=\u00bbon|desktop\u00bb position_origin_r_tablet=\u00bb\u00bb position_origin_r_phone=\u00bb\u00bb position_origin_r_last_edited=\u00bbon|desktop\u00bb text_orientation=\u00bbright\u00bb width=\u00bb160px\u00bb height=\u00bb30px\u00bb positioning_tablet=\u00bb\u00bb positioning_phone=\u00bb\u00bb positioning_last_edited=\u00bbon|desktop\u00bb]<!-- AddToAny BEGIN --><!-- [et_pb_line_break_holder] --><a class=\"a2a_dd\" href=\"https:\/\/www.addtoany.com\/share\" style=\"background: black;<!-- [et_pb_line_break_holder] -->    font-size: 18px;<!-- [et_pb_line_break_holder] -->    color: white;<!-- [et_pb_line_break_holder] -->    padding: 10px;text-transform: uppercase;\u00bb><!-- [et_pb_line_break_holder] -->  <svg style=\"width: 20px;\" aria-hidden=\"true\" focusable=\"false\" data-prefix=\"fas\" data-icon=\"share-square\" role=\"img\" xmlns=\"http:\/\/www.w3.org\/2000\/svg\" viewbox=\"0 0 576 512\" data-fa-i2svg=\"\"><path fill=\"currentColor\" d=\"M568.482 177.448L424.479 313.433C409.3 327.768 384 317.14 384 295.985v-71.963c-144.575.97-205.566 35.113-164.775 171.353 4.483 14.973-12.846 26.567-25.006 17.33C155.252 383.105 120 326.488 120 269.339c0-143.937 117.599-172.5 264-173.312V24.012c0-21.174 25.317-31.768 40.479-17.448l144.003 135.988c10.02 9.463 10.028 25.425 0 34.896zM384 379.128V448H64V128h50.916a11.99 11.99 0 0 0 8.648-3.693c14.953-15.568 32.237-27.89 51.014-37.676C185.708 80.83 181.584 64 169.033 64H48C21.49 64 0 85.49 0 112v352c0 26.51 21.49 48 48 48h352c26.51 0 48-21.49 48-48v-88.806c0-8.288-8.197-14.066-16.011-11.302a71.83 71.83 0 0 1-34.189 3.377c-7.27-1.046-13.8 4.514-13.8 11.859z\"><\/path><\/svg><!-- [et_pb_line_break_holder] -->  COMPARTILHAR<!-- [et_pb_line_break_holder] --><\/a><!-- [et_pb_line_break_holder] --><script async src=\"https:\/\/static.addtoany.com\/menu\/page.js\"><\/script><!-- [et_pb_line_break_holder] --><!-- AddToAny END -->[\/et_pb_code][et_pb_text _builder_version=\u00bb4.8.1&#8243; _module_preset=\u00bbdefault\u00bb text_font=\u00bb|700|||||||\u00bb text_font_size=\u00bb25px\u00bb width=\u00bb78%\u00bb width_tablet=\u00bb\u00bb width_phone=\u00bb100%\u00bb width_last_edited=\u00bbon|phone\u00bb custom_margin=\u00bb||5px|||\u00bb]<\/p>\n<p><strong>ACAMPAMENTO DE ADOLESCENTES NO DISTRITO CENTRAL ARGENTINO<\/strong><\/p>\n<p>[\/et_pb_text][et_pb_post_title title=\u00bboff\u00bb comments=\u00bboff\u00bb module_class=\u00bbtituloNoti\u00bb _builder_version=\u00bb4.8.1&#8243; _module_preset=\u00bbdefault\u00bb width_tablet=\u00bb\u00bb width_phone=\u00bb\u00bb width_last_edited=\u00bbon|phone\u00bb custom_padding=\u00bb|0px|||false|false\u00bb custom_padding_tablet=\u00bb|0px|||false|false\u00bb custom_padding_phone=\u00bb|0px|||false|false\u00bb custom_padding_last_edited=\u00bbon|phone\u00bb border_color_right=\u00bb#e8e8e8&#8243; border_width_right_tablet=\u00bb0px\u00bb border_width_right_phone=\u00bb\u00bb border_width_right_last_edited=\u00bbon|desktop\u00bb][\/et_pb_post_title][et_pb_text _builder_version=\u00bb4.8.1&#8243; _module_preset=\u00bbdefault\u00bb text_font_size=\u00bb17px\u00bb]<\/p>\n<p><strong>(CNAS Argentina)<\/strong> El pasado fin de semana se llev\u00f3 a cabo el \u201cRECAMP\u201d, un campamento que alberg\u00f3 a alrededor de 150 adolescentes del Distrito Central Argentino en el Parque Nazareno de Pilar en Buenos Aires.<span style=\"font-size: 17px;\">\u00a0<\/span><strong><\/strong><\/p>\n<p><span style=\"font-size: 17px;\"><\/span><\/p>\n<p>Bajo el lema <em>Momentum<\/em> (movimiento), este tiempo tuvo tres principales \u00e9nfasis: AMAR, CONTENER e INSPIRAR. Mientras que el primero de ellos instaba a los adolescentes a una mejor y mayor relaci\u00f3n \u00edntima con Dios, \u201ccontener\u201d apuntaba a la importancia de la comuni\u00f3n con la familia en la fe. En tercer y \u00faltimo lugar, \u201cinspirar\u201d apuntaba a ser la <em>sal<\/em> y la <em>luz<\/em> del mundo donde sea que estos j\u00f3venes se encuentren, siendo una influencia poderosa en el poder del Esp\u00edritu Santo.<\/p>\n<p>&nbsp;<\/p>\n<p>El pastor de adolescentes de la Iglesia del Nazareno El Cruze Joel Ch\u00e1vez comparti\u00f3 que \u201cen los momentos de la Palabra se observaron a los adolescentes muy sensibles a la voz de Dios, el altar cada noche se llenaba y muchas decisiones eternas eran tomadas\u201d.<\/p>\n<p>&nbsp;<\/p>\n<p>La planificaci\u00f3n del evento cont\u00f3 con numerosos voluntarios j\u00f3venes, adultos, ancianos y matrimonios, que asistieron a los organizadores en las inscripciones de los acampantes, la toma de fotograf\u00edas, grabaci\u00f3n de v\u00eddeos, limpieza de habitaciones y ba\u00f1os, y todo lo referente a la cocina. Uno de ellos es Nicol\u00e1s Jim\u00e9nez (21), quien afirm\u00f3 lo siguiente: \u201cCon cada acci\u00f3n de los dem\u00e1s voluntarios, percib\u00ed que todos est\u00e1bamos con el mismo sentir y que ese sentir era que Dios se glorifique y que los adolescentes puedan ver en cada uno de nosotros y en las actividades un reflejo de c\u00f3mo Jes\u00fas los ama\u201d.<\/p>\n<p>&nbsp;<\/p>\n<p>El Recamp cont\u00f3 con talleristas y predicadores del Distrito Central, tales como el pastor Hern\u00e1n Massacessi, pastor Joel Ch\u00e1vez, la Lic. en Psicolog\u00eda Noem\u00ed Ainscough, pastora de j\u00f3venes Noelia Ben\u00edtez, David McKeithen, Keila Radi, Ana Barbieri, Federico Volker, entre otros.<\/p>\n<p>&nbsp;<\/p>\n<p>Sin lugar a duda, Dios estuvo presente en aquel lugar y su Esp\u00edritu Santo moviliz\u00f3 a los adolescentes de una manera significativa y as\u00ed lo expres\u00f3 uno de los asistentes: \u201cDios me hablo y obr\u00f3 en m\u00ed, as\u00ed que ahora voy a ser instrumento del Se\u00f1or para influenciar a mis amigos\u201d, (Rodrigo Insaurralde, 16).<\/p>\n<p>&nbsp;<\/p>\n<p><strong><em>Fonte<\/em><\/strong><em> Ani Barbieri<\/em><\/p>\n<p>[\/et_pb_text][et_pb_gallery gallery_ids=\u00bb38244,38245,38246,38247,38248,38249,38250&#8243; posts_number=\u00bb6&#8243; show_title_and_caption=\u00bboff\u00bb zoom_icon_color=\u00bb#E02B20&#8243; hover_overlay_color=\u00bb#FFFFFF\u00bb hover_icon=\u00bb%%51%%\u00bb _builder_version=\u00bb4.8.1&#8243; _module_preset=\u00bbdefault\u00bb title_font_size=\u00bb0px\u00bb width=\u00bb100%\u00bb module_alignment=\u00bbcenter\u00bb][\/et_pb_gallery][\/et_pb_column][\/et_pb_row][et_pb_row disabled_on=\u00bbon|on|on\u00bb _builder_version=\u00bb4.8.1&#8243; _module_preset=\u00bbdefault\u00bb disabled=\u00bbon\u00bb][et_pb_column type=\u00bb4_4&#8243; _builder_version=\u00bb4.8.1&#8243; _module_preset=\u00bbdefault\u00bb][et_pb_text disabled_on=\u00bboff|off|off\u00bb _builder_version=\u00bb4.8.1&#8243; _module_preset=\u00bbdefault\u00bb text_text_color=\u00bb#0C71C3&#8243; text_font_size=\u00bb23px\u00bb text_orientation=\u00bbcenter\u00bb]<\/p>\n<p>CONTENIDO EN PORTUGUES<\/p>\n<p>[\/et_pb_text][\/et_pb_column][\/et_pb_row][et_pb_row module_class=\u00bbportugues\u00bb _builder_version=\u00bb4.8.1&#8243; _module_preset=\u00bbdefault\u00bb width=\u00bb100%\u00bb][et_pb_column type=\u00bb4_4&#8243; module_class=\u00bbcolLeft\u00bb _builder_version=\u00bb4.8.1&#8243; _module_preset=\u00bbdefault\u00bb custom_padding=\u00bb|50px|||false|false\u00bb custom_padding_tablet=\u00bb|20px||20px|false|true\u00bb custom_padding_phone=\u00bb\u00bb custom_padding_last_edited=\u00bbon|phone\u00bb border_color_all=\u00bb#e0e0e0&#8243; border_width_right_tablet=\u00bb0px\u00bb border_width_right_phone=\u00bb0px\u00bb border_width_right_last_edited=\u00bbon|desktop\u00bb][et_pb_code admin_label=\u00bbCode\u00bb _builder_version=\u00bb4.8.1&#8243; _module_preset=\u00bbdefault\u00bb background_enable_color=\u00bboff\u00bb positioning=\u00bbabsolute\u00bb position_origin_a=\u00bbtop_right\u00bb vertical_offset=\u00bb10px\u00bb horizontal_offset=\u00bb50px\u00bb z_index=\u00bb137&#8243; vertical_offset_tablet=\u00bb\u00bb vertical_offset_phone=\u00bb-45px\u00bb vertical_offset_last_edited=\u00bbon|phone\u00bb horizontal_offset_tablet=\u00bb20px\u00bb horizontal_offset_phone=\u00bb\u00bb horizontal_offset_last_edited=\u00bbon|phone\u00bb position_origin_a_tablet=\u00bb\u00bb position_origin_a_phone=\u00bb\u00bb position_origin_a_last_edited=\u00bbon|desktop\u00bb position_origin_f_tablet=\u00bb\u00bb position_origin_f_phone=\u00bb\u00bb position_origin_f_last_edited=\u00bbon|desktop\u00bb position_origin_r_tablet=\u00bb\u00bb position_origin_r_phone=\u00bb\u00bb position_origin_r_last_edited=\u00bbon|desktop\u00bb text_orientation=\u00bbright\u00bb width=\u00bb190px\u00bb height=\u00bb30px\u00bb positioning_tablet=\u00bb\u00bb positioning_phone=\u00bb\u00bb positioning_last_edited=\u00bbon|desktop\u00bb]<!-- AddToAny BEGIN --><!-- [et_pb_line_break_holder] --><a class=\"a2a_dd\" href=\"https:\/\/www.addtoany.com\/share\" style=\"background: black;<!-- [et_pb_line_break_holder] -->    font-size: 18px;<!-- [et_pb_line_break_holder] -->    color: white;<!-- [et_pb_line_break_holder] -->    padding: 10px;text-transform: uppercase;\u00bb><!-- [et_pb_line_break_holder] -->  <svg style=\"width: 20px;\" aria-hidden=\"true\" focusable=\"false\" data-prefix=\"fas\" data-icon=\"share-square\" role=\"img\" xmlns=\"http:\/\/www.w3.org\/2000\/svg\" viewbox=\"0 0 576 512\" data-fa-i2svg=\"\"><path fill=\"currentColor\" d=\"M568.482 177.448L424.479 313.433C409.3 327.768 384 317.14 384 295.985v-71.963c-144.575.97-205.566 35.113-164.775 171.353 4.483 14.973-12.846 26.567-25.006 17.33C155.252 383.105 120 326.488 120 269.339c0-143.937 117.599-172.5 264-173.312V24.012c0-21.174 25.317-31.768 40.479-17.448l144.003 135.988c10.02 9.463 10.028 25.425 0 34.896zM384 379.128V448H64V128h50.916a11.99 11.99 0 0 0 8.648-3.693c14.953-15.568 32.237-27.89 51.014-37.676C185.708 80.83 181.584 64 169.033 64H48C21.49 64 0 85.49 0 112v352c0 26.51 21.49 48 48 48h352c26.51 0 48-21.49 48-48v-88.806c0-8.288-8.197-14.066-16.011-11.302a71.83 71.83 0 0 1-34.189 3.377c-7.27-1.046-13.8 4.514-13.8 11.859z\"><\/path><\/svg><!-- [et_pb_line_break_holder] -->  Compartilhar<!-- [et_pb_line_break_holder] --><\/a><!-- [et_pb_line_break_holder] --><script async src=\"https:\/\/static.addtoany.com\/menu\/page.js\"><\/script><!-- [et_pb_line_break_holder] --><!-- AddToAny END -->[\/et_pb_code][et_pb_text _builder_version=\u00bb4.8.1&#8243; _module_preset=\u00bbdefault\u00bb text_font=\u00bb|700|||||||\u00bb text_font_size=\u00bb25px\u00bb width=\u00bb78%\u00bb width_tablet=\u00bb\u00bb width_phone=\u00bb100%\u00bb width_last_edited=\u00bbon|phone\u00bb custom_margin=\u00bb||5px|||\u00bb]<\/p>\n<p><strong>ACAMPAMENTO DE ADOLESCENTES NO DISTRITO CENTRAL ARGENTINO<\/strong><\/p>\n<p>[\/et_pb_text][et_pb_post_title title=\u00bboff\u00bb comments=\u00bboff\u00bb module_class=\u00bbtituloNoti\u00bb _builder_version=\u00bb4.8.1&#8243; _module_preset=\u00bbdefault\u00bb width_tablet=\u00bb\u00bb width_phone=\u00bb\u00bb width_last_edited=\u00bbon|phone\u00bb custom_padding=\u00bb|0px|||false|false\u00bb custom_padding_tablet=\u00bb|0px|||false|false\u00bb custom_padding_phone=\u00bb|0px|||false|false\u00bb custom_padding_last_edited=\u00bbon|phone\u00bb border_color_right=\u00bb#e8e8e8&#8243; border_width_right_tablet=\u00bb0px\u00bb border_width_right_phone=\u00bb\u00bb border_width_right_last_edited=\u00bbon|desktop\u00bb][\/et_pb_post_title][et_pb_text _builder_version=\u00bb4.8.1&#8243; _module_preset=\u00bbdefault\u00bb text_font_size=\u00bb17px\u00bb]<\/p>\n<p><strong>(CNAS Argentina)<\/strong> No \u00faltimo final de semana foi realizado o \u00abRECAMP\u00bb, acampamento que abrigou cerca de 150 adolescentes do Distrito Central Argentino no Parque Nazareno de Pilar, em Buenos Aires.<\/p>\n<p>&nbsp;<\/p>\n<p>Sob o tema <em>Momentum<\/em> (movimento), o evento teve tr\u00eas \u00eanfases principais: AMAR, CONTER e INSPIRAR. Enquanto a primeira delas encorajou os adolescentes a ter uma rela\u00e7\u00e3o melhor e mais \u00edntima com Deus, \u201cconter\u201d apontou para a import\u00e2ncia da comunh\u00e3o com a fam\u00edlia na f\u00e9. Terceiro e \u00faltimo, \u201cinspirar\u201d pretendia ser sal e luz do mundo onde quer que esses jovens estejam, sendo uma poderosa influ\u00eancia no poder do Esp\u00edrito Santo.<\/p>\n<p>&nbsp;<\/p>\n<p>O pastor de adolescente da Igreja do Nazareno \u201cEl Cruze\u201d, Joel Ch\u00e1vez, compartilhou que \u201cnos momentos da Palavra, observava-se que os adolescentes estavam muito sens\u00edveis \u00e0 voz de Deus, o altar se enchia todas as noites e muitas decis\u00f5es eternas eram tomadas.\u201d<\/p>\n<p>&nbsp;<\/p>\n<p>O planejamento do evento contou com in\u00fameros volunt\u00e1rios jovens, adultos, idosos e casais, que auxiliaram os organizadores no registro dos acampantes, tirando fotos, gravando v\u00eddeos, limpando quartos e banheiros, e tudo relacionado \u00e0 cozinha. Um deles \u00e9 Nicol\u00e1s Jim\u00e9nez (21), que afirmou o seguinte: \u201cA cada a\u00e7\u00e3o dos outros volunt\u00e1rios, percebi que todos t\u00ednhamos o mesmo sentimento e que esse sentimento era que Deus seja glorificado e que os adolescentes possam ver em cada um de n\u00f3s e nas atividades um reflexo de como Jesus os ama\u201d.<\/p>\n<p>&nbsp;<\/p>\n<p>O Recamp contou com palestrantes e pregadores do Distrito Central, como Pastor Hern\u00e1n Massacessi, Pastor Joel Ch\u00e1vez, Psic\u00f3loga Noem\u00ed Ainscough, Pastora Noelia Ben\u00edtez, David McKeithen, Keila Radi, Ana Barbieri, Federico Volker, entre outros.<\/p>\n<p>&nbsp;<\/p>\n<p>Sem d\u00favida, Deus esteve presente naquele lugar e seu Esp\u00edrito Santo mobilizou os adolescentes de forma significativa e isso foi expresso por um dos participantes: \u201cDeus falou comigo e trabalhou em mim, ent\u00e3o agora vou ser um instrumento do Senhor para influenciar meus amigos\u201d (Rodrigo Insaurralde, 16).<\/p>\n<p>&nbsp;<\/p>\n<p><strong><em>Fonte:<\/em><\/strong><em> Ani Barbieri<\/em><\/p>\n<p>[\/et_pb_text][et_pb_gallery gallery_ids=\u00bb38244,38245,38246,38247,38248,38249,38250&#8243; posts_number=\u00bb6&#8243; show_title_and_caption=\u00bboff\u00bb zoom_icon_color=\u00bb#E02B20&#8243; hover_overlay_color=\u00bb#FFFFFF\u00bb hover_icon=\u00bb%%51%%\u00bb _builder_version=\u00bb4.8.1&#8243; _module_preset=\u00bbdefault\u00bb title_font_size=\u00bb0px\u00bb width=\u00bb100%\u00bb module_alignment=\u00bbcenter\u00bb locked=\u00bboff\u00bb][\/et_pb_gallery][\/et_pb_column][\/et_pb_row][\/et_pb_section]<\/p>\n<span class=\"et_bloom_bottom_trigger\"><\/span>","protected":false},"excerpt":{"rendered":"<p>CONTENIDO EN ESPA\u00d1OL<\/p>","protected":false},"author":4,"featured_media":38249,"comment_status":"open","ping_status":"open","sticky":false,"template":"","format":"standard","meta":{"_et_pb_use_builder":"on","_et_pb_old_content":"","_et_gb_content_width":"","_monsterinsights_skip_tracking":false,"_monsterinsights_sitenote_active":false,"_monsterinsights_sitenote_note":"","_monsterinsights_sitenote_category":0,"_vp_format_video_url":"","_vp_image_focal_point":[],"footnotes":""},"categories":[13,50],"tags":[],"class_list":["post-38239","post","type-post","status-publish","format-standard","has-post-thumbnail","hentry","category-argentina","category-jni"],"yoast_head":"<!-- This site is optimized with the Yoast SEO Premium plugin v23.6 (Yoast SEO v27.4) - https:\/\/yoast.com\/product\/yoast-seo-premium-wordpress\/ -->\n<title>CAMPAMENTO DE ADOLESCENTES EN EL DISTRITO CENTRAL ARGENTINO | Iglesia del Nazareno Am\u00e9rica del Sur<\/title>\n<meta name=\"description\" content=\"JNI\" \/>\n<meta name=\"robots\" content=\"noindex, follow\" \/>\n<meta property=\"og:locale\" content=\"pt_BR\" \/>\n<meta property=\"og:type\" content=\"article\" \/>\n<meta property=\"og:title\" content=\"CAMPAMENTO DE ADOLESCENTES EN EL DISTRITO CENTRAL ARGENTINO | Iglesia del Nazareno Am\u00e9rica del Sur\" \/>\n<meta property=\"og:description\" content=\"JNI\" \/>\n<meta property=\"og:url\" content=\"https:\/\/www.samnaz.org\/pt\/campamento-de-adolescentes-en-el-distrito-central-argentino\/\" \/>\n<meta property=\"og:site_name\" content=\"Iglesia del Nazareno Am\u00e9rica del Sur\" \/>\n<meta property=\"article:publisher\" content=\"https:\/\/www.facebook.com\/NazarenoEsp\" \/>\n<meta property=\"article:published_time\" content=\"2022-02-24T21:01:19+00:00\" \/>\n<meta property=\"article:modified_time\" content=\"2022-02-24T21:05:14+00:00\" \/>\n<meta property=\"og:image\" content=\"https:\/\/www.samnaz.org\/wp-content\/uploads\/2022\/02\/WhatsApp-Image-2022-02-24-at-4.32.51-PM-1.jpeg\" \/>\n\t<meta property=\"og:image:width\" content=\"716\" \/>\n\t<meta property=\"og:image:height\" content=\"494\" \/>\n\t<meta property=\"og:image:type\" content=\"image\/jpeg\" \/>\n<meta name=\"author\" content=\"Samnaz\" \/>\n<meta name=\"twitter:card\" content=\"summary_large_image\" \/>\n<meta name=\"twitter:label1\" content=\"Escrito por\" \/>\n\t<meta name=\"twitter:data1\" content=\"Samnaz\" \/>\n\t<meta name=\"twitter:label2\" content=\"Est. tempo de leitura\" \/>\n\t<meta name=\"twitter:data2\" content=\"1 minuto\" \/>\n<script type=\"application\/ld+json\" class=\"yoast-schema-graph\">{\"@context\":\"https:\\\/\\\/schema.org\",\"@graph\":[{\"@type\":\"Article\",\"@id\":\"https:\\\/\\\/www.samnaz.org\\\/pt\\\/campamento-de-adolescentes-en-el-distrito-central-argentino\\\/#article\",\"isPartOf\":{\"@id\":\"https:\\\/\\\/www.samnaz.org\\\/pt\\\/campamento-de-adolescentes-en-el-distrito-central-argentino\\\/\"},\"author\":{\"name\":\"Samnaz\",\"@id\":\"https:\\\/\\\/www.samnaz.org\\\/#\\\/schema\\\/person\\\/c09d1131c49ba510c7e1cbb677b39927\"},\"headline\":\"CAMPAMENTO DE ADOLESCENTES EN EL DISTRITO CENTRAL ARGENTINO\",\"datePublished\":\"2022-02-24T21:01:19+00:00\",\"dateModified\":\"2022-02-24T21:05:14+00:00\",\"mainEntityOfPage\":{\"@id\":\"https:\\\/\\\/www.samnaz.org\\\/pt\\\/campamento-de-adolescentes-en-el-distrito-central-argentino\\\/\"},\"wordCount\":271,\"commentCount\":0,\"publisher\":{\"@id\":\"https:\\\/\\\/www.samnaz.org\\\/#organization\"},\"image\":{\"@id\":\"https:\\\/\\\/www.samnaz.org\\\/pt\\\/campamento-de-adolescentes-en-el-distrito-central-argentino\\\/#primaryimage\"},\"thumbnailUrl\":\"https:\\\/\\\/www.samnaz.org\\\/wp-content\\\/uploads\\\/2022\\\/02\\\/WhatsApp-Image-2022-02-24-at-4.32.51-PM-1.jpeg\",\"articleSection\":[\"Argentina\",\"JNI\"],\"inLanguage\":\"pt-BR\",\"potentialAction\":[{\"@type\":\"CommentAction\",\"name\":\"Comment\",\"target\":[\"https:\\\/\\\/www.samnaz.org\\\/pt\\\/campamento-de-adolescentes-en-el-distrito-central-argentino\\\/#respond\"]}]},{\"@type\":\"WebPage\",\"@id\":\"https:\\\/\\\/www.samnaz.org\\\/pt\\\/campamento-de-adolescentes-en-el-distrito-central-argentino\\\/\",\"url\":\"https:\\\/\\\/www.samnaz.org\\\/pt\\\/campamento-de-adolescentes-en-el-distrito-central-argentino\\\/\",\"name\":\"CAMPAMENTO DE ADOLESCENTES EN EL DISTRITO CENTRAL ARGENTINO | Iglesia del Nazareno Am\u00e9rica del Sur\",\"isPartOf\":{\"@id\":\"https:\\\/\\\/www.samnaz.org\\\/#website\"},\"primaryImageOfPage\":{\"@id\":\"https:\\\/\\\/www.samnaz.org\\\/pt\\\/campamento-de-adolescentes-en-el-distrito-central-argentino\\\/#primaryimage\"},\"image\":{\"@id\":\"https:\\\/\\\/www.samnaz.org\\\/pt\\\/campamento-de-adolescentes-en-el-distrito-central-argentino\\\/#primaryimage\"},\"thumbnailUrl\":\"https:\\\/\\\/www.samnaz.org\\\/wp-content\\\/uploads\\\/2022\\\/02\\\/WhatsApp-Image-2022-02-24-at-4.32.51-PM-1.jpeg\",\"datePublished\":\"2022-02-24T21:01:19+00:00\",\"dateModified\":\"2022-02-24T21:05:14+00:00\",\"description\":\"JNI\",\"inLanguage\":\"pt-BR\",\"potentialAction\":[{\"@type\":\"ReadAction\",\"target\":[\"https:\\\/\\\/www.samnaz.org\\\/pt\\\/campamento-de-adolescentes-en-el-distrito-central-argentino\\\/\"]}]},{\"@type\":\"ImageObject\",\"inLanguage\":\"pt-BR\",\"@id\":\"https:\\\/\\\/www.samnaz.org\\\/pt\\\/campamento-de-adolescentes-en-el-distrito-central-argentino\\\/#primaryimage\",\"url\":\"https:\\\/\\\/www.samnaz.org\\\/wp-content\\\/uploads\\\/2022\\\/02\\\/WhatsApp-Image-2022-02-24-at-4.32.51-PM-1.jpeg\",\"contentUrl\":\"https:\\\/\\\/www.samnaz.org\\\/wp-content\\\/uploads\\\/2022\\\/02\\\/WhatsApp-Image-2022-02-24-at-4.32.51-PM-1.jpeg\",\"width\":716,\"height\":494},{\"@type\":\"WebSite\",\"@id\":\"https:\\\/\\\/www.samnaz.org\\\/#website\",\"url\":\"https:\\\/\\\/www.samnaz.org\\\/\",\"name\":\"Haciendo Disc\u00edpulos Semejantes a Cristo en las naciones\",\"description\":\"Haciendo disc\u00edpulos semejantes a Cristo en las Naciones\",\"publisher\":{\"@id\":\"https:\\\/\\\/www.samnaz.org\\\/#organization\"},\"alternateName\":\"Viviendo la Gran Comisi\u00f3n\",\"potentialAction\":[{\"@type\":\"SearchAction\",\"target\":{\"@type\":\"EntryPoint\",\"urlTemplate\":\"https:\\\/\\\/www.samnaz.org\\\/?s={search_term_string}\"},\"query-input\":{\"@type\":\"PropertyValueSpecification\",\"valueRequired\":true,\"valueName\":\"search_term_string\"}}],\"inLanguage\":\"pt-BR\"},{\"@type\":\"Organization\",\"@id\":\"https:\\\/\\\/www.samnaz.org\\\/#organization\",\"name\":\"Iglesia del Nazareno Am\u00e9rica del Sur\",\"url\":\"https:\\\/\\\/www.samnaz.org\\\/\",\"logo\":{\"@type\":\"ImageObject\",\"inLanguage\":\"pt-BR\",\"@id\":\"https:\\\/\\\/www.samnaz.org\\\/#\\\/schema\\\/logo\\\/image\\\/\",\"url\":\"https:\\\/\\\/www.samnaz.org\\\/wp-content\\\/uploads\\\/2021\\\/04\\\/Logo-3-ESP.png\",\"contentUrl\":\"https:\\\/\\\/www.samnaz.org\\\/wp-content\\\/uploads\\\/2021\\\/04\\\/Logo-3-ESP.png\",\"width\":1041,\"height\":780,\"caption\":\"Iglesia del Nazareno Am\u00e9rica del Sur\"},\"image\":{\"@id\":\"https:\\\/\\\/www.samnaz.org\\\/#\\\/schema\\\/logo\\\/image\\\/\"},\"sameAs\":[\"https:\\\/\\\/www.facebook.com\\\/NazarenoEsp\",\"https:\\\/\\\/www.instagram.com\\\/nazarenoesp\\\/\"],\"publishingPrinciples\":\"https:\\\/\\\/www.samnaz.org\\\/\"},{\"@type\":\"Person\",\"@id\":\"https:\\\/\\\/www.samnaz.org\\\/#\\\/schema\\\/person\\\/c09d1131c49ba510c7e1cbb677b39927\",\"name\":\"Samnaz\",\"image\":{\"@type\":\"ImageObject\",\"inLanguage\":\"pt-BR\",\"@id\":\"https:\\\/\\\/secure.gravatar.com\\\/avatar\\\/a5baaf0e270319d09c0efce6a9dd03ff93175913c70afe26595c0069c83fa6dc?s=96&d=mm&r=g\",\"url\":\"https:\\\/\\\/secure.gravatar.com\\\/avatar\\\/a5baaf0e270319d09c0efce6a9dd03ff93175913c70afe26595c0069c83fa6dc?s=96&d=mm&r=g\",\"contentUrl\":\"https:\\\/\\\/secure.gravatar.com\\\/avatar\\\/a5baaf0e270319d09c0efce6a9dd03ff93175913c70afe26595c0069c83fa6dc?s=96&d=mm&r=g\",\"caption\":\"Samnaz\"}}]}<\/script>\n<!-- \/ Yoast SEO Premium plugin. -->","yoast_head_json":{"title":"CAMPAMENTO DE ADOLESCENTES EN EL DISTRITO CENTRAL ARGENTINO | Iglesia del Nazareno Am\u00e9rica del Sur","description":"JNI","robots":{"index":"noindex","follow":"follow"},"og_locale":"pt_BR","og_type":"article","og_title":"CAMPAMENTO DE ADOLESCENTES EN EL DISTRITO CENTRAL ARGENTINO | Iglesia del Nazareno Am\u00e9rica del Sur","og_description":"JNI","og_url":"https:\/\/www.samnaz.org\/pt\/campamento-de-adolescentes-en-el-distrito-central-argentino\/","og_site_name":"Iglesia del Nazareno Am\u00e9rica del Sur","article_publisher":"https:\/\/www.facebook.com\/NazarenoEsp","article_published_time":"2022-02-24T21:01:19+00:00","article_modified_time":"2022-02-24T21:05:14+00:00","og_image":[{"width":716,"height":494,"url":"https:\/\/www.samnaz.org\/wp-content\/uploads\/2022\/02\/WhatsApp-Image-2022-02-24-at-4.32.51-PM-1.jpeg","type":"image\/jpeg"}],"author":"Samnaz","twitter_card":"summary_large_image","twitter_misc":{"Escrito por":"Samnaz","Est. tempo de leitura":"1 minuto"},"schema":{"@context":"https:\/\/schema.org","@graph":[{"@type":"Article","@id":"https:\/\/www.samnaz.org\/pt\/campamento-de-adolescentes-en-el-distrito-central-argentino\/#article","isPartOf":{"@id":"https:\/\/www.samnaz.org\/pt\/campamento-de-adolescentes-en-el-distrito-central-argentino\/"},"author":{"name":"Samnaz","@id":"https:\/\/www.samnaz.org\/#\/schema\/person\/c09d1131c49ba510c7e1cbb677b39927"},"headline":"CAMPAMENTO DE ADOLESCENTES EN EL DISTRITO CENTRAL ARGENTINO","datePublished":"2022-02-24T21:01:19+00:00","dateModified":"2022-02-24T21:05:14+00:00","mainEntityOfPage":{"@id":"https:\/\/www.samnaz.org\/pt\/campamento-de-adolescentes-en-el-distrito-central-argentino\/"},"wordCount":271,"commentCount":0,"publisher":{"@id":"https:\/\/www.samnaz.org\/#organization"},"image":{"@id":"https:\/\/www.samnaz.org\/pt\/campamento-de-adolescentes-en-el-distrito-central-argentino\/#primaryimage"},"thumbnailUrl":"https:\/\/www.samnaz.org\/wp-content\/uploads\/2022\/02\/WhatsApp-Image-2022-02-24-at-4.32.51-PM-1.jpeg","articleSection":["Argentina","JNI"],"inLanguage":"pt-BR","potentialAction":[{"@type":"CommentAction","name":"Comment","target":["https:\/\/www.samnaz.org\/pt\/campamento-de-adolescentes-en-el-distrito-central-argentino\/#respond"]}]},{"@type":"WebPage","@id":"https:\/\/www.samnaz.org\/pt\/campamento-de-adolescentes-en-el-distrito-central-argentino\/","url":"https:\/\/www.samnaz.org\/pt\/campamento-de-adolescentes-en-el-distrito-central-argentino\/","name":"CAMPAMENTO DE ADOLESCENTES EN EL DISTRITO CENTRAL ARGENTINO | Iglesia del Nazareno Am\u00e9rica del Sur","isPartOf":{"@id":"https:\/\/www.samnaz.org\/#website"},"primaryImageOfPage":{"@id":"https:\/\/www.samnaz.org\/pt\/campamento-de-adolescentes-en-el-distrito-central-argentino\/#primaryimage"},"image":{"@id":"https:\/\/www.samnaz.org\/pt\/campamento-de-adolescentes-en-el-distrito-central-argentino\/#primaryimage"},"thumbnailUrl":"https:\/\/www.samnaz.org\/wp-content\/uploads\/2022\/02\/WhatsApp-Image-2022-02-24-at-4.32.51-PM-1.jpeg","datePublished":"2022-02-24T21:01:19+00:00","dateModified":"2022-02-24T21:05:14+00:00","description":"JNI","inLanguage":"pt-BR","potentialAction":[{"@type":"ReadAction","target":["https:\/\/www.samnaz.org\/pt\/campamento-de-adolescentes-en-el-distrito-central-argentino\/"]}]},{"@type":"ImageObject","inLanguage":"pt-BR","@id":"https:\/\/www.samnaz.org\/pt\/campamento-de-adolescentes-en-el-distrito-central-argentino\/#primaryimage","url":"https:\/\/www.samnaz.org\/wp-content\/uploads\/2022\/02\/WhatsApp-Image-2022-02-24-at-4.32.51-PM-1.jpeg","contentUrl":"https:\/\/www.samnaz.org\/wp-content\/uploads\/2022\/02\/WhatsApp-Image-2022-02-24-at-4.32.51-PM-1.jpeg","width":716,"height":494},{"@type":"WebSite","@id":"https:\/\/www.samnaz.org\/#website","url":"https:\/\/www.samnaz.org\/","name":"Haciendo Disc\u00edpulos Semejantes a Cristo en las naciones","description":"Haciendo disc\u00edpulos semejantes a Cristo en las Naciones","publisher":{"@id":"https:\/\/www.samnaz.org\/#organization"},"alternateName":"Viviendo la Gran Comisi\u00f3n","potentialAction":[{"@type":"SearchAction","target":{"@type":"EntryPoint","urlTemplate":"https:\/\/www.samnaz.org\/?s={search_term_string}"},"query-input":{"@type":"PropertyValueSpecification","valueRequired":true,"valueName":"search_term_string"}}],"inLanguage":"pt-BR"},{"@type":"Organization","@id":"https:\/\/www.samnaz.org\/#organization","name":"Iglesia del Nazareno Am\u00e9rica del Sur","url":"https:\/\/www.samnaz.org\/","logo":{"@type":"ImageObject","inLanguage":"pt-BR","@id":"https:\/\/www.samnaz.org\/#\/schema\/logo\/image\/","url":"https:\/\/www.samnaz.org\/wp-content\/uploads\/2021\/04\/Logo-3-ESP.png","contentUrl":"https:\/\/www.samnaz.org\/wp-content\/uploads\/2021\/04\/Logo-3-ESP.png","width":1041,"height":780,"caption":"Iglesia del Nazareno Am\u00e9rica del Sur"},"image":{"@id":"https:\/\/www.samnaz.org\/#\/schema\/logo\/image\/"},"sameAs":["https:\/\/www.facebook.com\/NazarenoEsp","https:\/\/www.instagram.com\/nazarenoesp\/"],"publishingPrinciples":"https:\/\/www.samnaz.org\/"},{"@type":"Person","@id":"https:\/\/www.samnaz.org\/#\/schema\/person\/c09d1131c49ba510c7e1cbb677b39927","name":"Samnaz","image":{"@type":"ImageObject","inLanguage":"pt-BR","@id":"https:\/\/secure.gravatar.com\/avatar\/a5baaf0e270319d09c0efce6a9dd03ff93175913c70afe26595c0069c83fa6dc?s=96&d=mm&r=g","url":"https:\/\/secure.gravatar.com\/avatar\/a5baaf0e270319d09c0efce6a9dd03ff93175913c70afe26595c0069c83fa6dc?s=96&d=mm&r=g","contentUrl":"https:\/\/secure.gravatar.com\/avatar\/a5baaf0e270319d09c0efce6a9dd03ff93175913c70afe26595c0069c83fa6dc?s=96&d=mm&r=g","caption":"Samnaz"}}]}},"_links":{"self":[{"href":"https:\/\/www.samnaz.org\/pt\/wp-json\/wp\/v2\/posts\/38239","targetHints":{"allow":["GET"]}}],"collection":[{"href":"https:\/\/www.samnaz.org\/pt\/wp-json\/wp\/v2\/posts"}],"about":[{"href":"https:\/\/www.samnaz.org\/pt\/wp-json\/wp\/v2\/types\/post"}],"author":[{"embeddable":true,"href":"https:\/\/www.samnaz.org\/pt\/wp-json\/wp\/v2\/users\/4"}],"replies":[{"embeddable":true,"href":"https:\/\/www.samnaz.org\/pt\/wp-json\/wp\/v2\/comments?post=38239"}],"version-history":[{"count":4,"href":"https:\/\/www.samnaz.org\/pt\/wp-json\/wp\/v2\/posts\/38239\/revisions"}],"predecessor-version":[{"id":38252,"href":"https:\/\/www.samnaz.org\/pt\/wp-json\/wp\/v2\/posts\/38239\/revisions\/38252"}],"wp:featuredmedia":[{"embeddable":true,"href":"https:\/\/www.samnaz.org\/pt\/wp-json\/wp\/v2\/media\/38249"}],"wp:attachment":[{"href":"https:\/\/www.samnaz.org\/pt\/wp-json\/wp\/v2\/media?parent=38239"}],"wp:term":[{"taxonomy":"category","embeddable":true,"href":"https:\/\/www.samnaz.org\/pt\/wp-json\/wp\/v2\/categories?post=38239"},{"taxonomy":"post_tag","embeddable":true,"href":"https:\/\/www.samnaz.org\/pt\/wp-json\/wp\/v2\/tags?post=38239"}],"curies":[{"name":"wp","href":"https:\/\/api.w.org\/{rel}","templated":true}]}}