{"id":38782,"date":"2022-03-16T01:31:56","date_gmt":"2022-03-16T04:31:56","guid":{"rendered":"https:\/\/www.samnaz.org\/?p=38782"},"modified":"2022-03-16T01:32:00","modified_gmt":"2022-03-16T04:32:00","slug":"portadores-de-buenas-noticias","status":"publish","type":"post","link":"https:\/\/www.samnaz.org\/pt\/portadores-de-buenas-noticias\/","title":{"rendered":"PORTADORES DAS BOAS NOVAS"},"content":{"rendered":"<p>[et_pb_section fb_built=\u00bb1&#8243; _builder_version=\u00bb4.8.1&#8243; _module_preset=\u00bbdefault\u00bb custom_padding=\u00bb0px||||false|false\u00bb][et_pb_row disabled_on=\u00bbon|on|on\u00bb _builder_version=\u00bb4.8.1&#8243; _module_preset=\u00bbdefault\u00bb disabled=\u00bbon\u00bb][et_pb_column type=\u00bb4_4&#8243; _builder_version=\u00bb4.8.1&#8243; _module_preset=\u00bbdefault\u00bb][et_pb_text disabled_on=\u00bboff|off|off\u00bb _builder_version=\u00bb4.8.1&#8243; _module_preset=\u00bbdefault\u00bb text_text_color=\u00bb#0C71C3&#8243; text_font_size=\u00bb23px\u00bb text_orientation=\u00bbcenter\u00bb]<\/p>\n<p>CONTENIDO EN ESPA\u00d1OL<\/p>\n<p>[\/et_pb_text][\/et_pb_column][\/et_pb_row][et_pb_row module_class=\u00bbespanol\u00bb _builder_version=\u00bb4.8.1&#8243; _module_preset=\u00bbdefault\u00bb width=\u00bb100%\u00bb][et_pb_column type=\u00bb4_4&#8243; module_class=\u00bbcolLeft\u00bb _builder_version=\u00bb4.8.1&#8243; _module_preset=\u00bbdefault\u00bb custom_padding=\u00bb|50px|||false|false\u00bb custom_padding_tablet=\u00bb|20px||20px|false|true\u00bb custom_padding_phone=\u00bb\u00bb custom_padding_last_edited=\u00bbon|phone\u00bb border_color_all=\u00bb#e0e0e0&#8243; border_width_right_tablet=\u00bb0px\u00bb border_width_right_phone=\u00bb0px\u00bb border_width_right_last_edited=\u00bbon|desktop\u00bb][et_pb_code admin_label=\u00bbCode\u00bb _builder_version=\u00bb4.8.1&#8243; _module_preset=\u00bbdefault\u00bb background_enable_color=\u00bboff\u00bb positioning=\u00bbabsolute\u00bb position_origin_a=\u00bbtop_right\u00bb vertical_offset=\u00bb10px\u00bb horizontal_offset=\u00bb50px\u00bb z_index=\u00bb137&#8243; vertical_offset_tablet=\u00bb\u00bb vertical_offset_phone=\u00bb-45px\u00bb vertical_offset_last_edited=\u00bbon|phone\u00bb horizontal_offset_tablet=\u00bb20px\u00bb horizontal_offset_phone=\u00bb\u00bb horizontal_offset_last_edited=\u00bbon|phone\u00bb position_origin_a_tablet=\u00bb\u00bb position_origin_a_phone=\u00bb\u00bb position_origin_a_last_edited=\u00bbon|desktop\u00bb position_origin_f_tablet=\u00bb\u00bb position_origin_f_phone=\u00bb\u00bb position_origin_f_last_edited=\u00bbon|desktop\u00bb position_origin_r_tablet=\u00bb\u00bb position_origin_r_phone=\u00bb\u00bb position_origin_r_last_edited=\u00bbon|desktop\u00bb text_orientation=\u00bbright\u00bb width=\u00bb160px\u00bb height=\u00bb30px\u00bb positioning_tablet=\u00bb\u00bb positioning_phone=\u00bb\u00bb positioning_last_edited=\u00bbon|desktop\u00bb]<!-- AddToAny BEGIN --><!-- [et_pb_line_break_holder] --><a class=\"a2a_dd\" href=\"https:\/\/www.addtoany.com\/share\" style=\"background: black;<!-- [et_pb_line_break_holder] -->    font-size: 18px;<!-- [et_pb_line_break_holder] -->    color: white;<!-- [et_pb_line_break_holder] -->    padding: 10px;text-transform: uppercase;\u00bb><!-- [et_pb_line_break_holder] -->  <svg style=\"width: 20px;\" aria-hidden=\"true\" focusable=\"false\" data-prefix=\"fas\" data-icon=\"share-square\" role=\"img\" xmlns=\"http:\/\/www.w3.org\/2000\/svg\" viewbox=\"0 0 576 512\" data-fa-i2svg=\"\"><path fill=\"currentColor\" d=\"M568.482 177.448L424.479 313.433C409.3 327.768 384 317.14 384 295.985v-71.963c-144.575.97-205.566 35.113-164.775 171.353 4.483 14.973-12.846 26.567-25.006 17.33C155.252 383.105 120 326.488 120 269.339c0-143.937 117.599-172.5 264-173.312V24.012c0-21.174 25.317-31.768 40.479-17.448l144.003 135.988c10.02 9.463 10.028 25.425 0 34.896zM384 379.128V448H64V128h50.916a11.99 11.99 0 0 0 8.648-3.693c14.953-15.568 32.237-27.89 51.014-37.676C185.708 80.83 181.584 64 169.033 64H48C21.49 64 0 85.49 0 112v352c0 26.51 21.49 48 48 48h352c26.51 0 48-21.49 48-48v-88.806c0-8.288-8.197-14.066-16.011-11.302a71.83 71.83 0 0 1-34.189 3.377c-7.27-1.046-13.8 4.514-13.8 11.859z\"><\/path><\/svg><!-- [et_pb_line_break_holder] -->  COMPARTILHAR<!-- [et_pb_line_break_holder] --><\/a><!-- [et_pb_line_break_holder] --><script async src=\"https:\/\/static.addtoany.com\/menu\/page.js\"><\/script><!-- [et_pb_line_break_holder] --><!-- AddToAny END -->[\/et_pb_code][et_pb_text _builder_version=\u00bb4.8.1&#8243; _module_preset=\u00bbdefault\u00bb text_font=\u00bb|700|||||||\u00bb text_font_size=\u00bb25px\u00bb width=\u00bb78%\u00bb width_tablet=\u00bb\u00bb width_phone=\u00bb100%\u00bb width_last_edited=\u00bbon|phone\u00bb custom_margin=\u00bb||5px|||\u00bb hover_enabled=\u00bb0&#8243; sticky_enabled=\u00bb0&#8243;]<\/p>\n<p><strong>PORTADORES DAS BOAS NOVAS<\/strong><\/p>\n<p>[\/et_pb_text][et_pb_post_title title=\u00bboff\u00bb comments=\u00bboff\u00bb module_class=\u00bbtituloNoti\u00bb _builder_version=\u00bb4.8.1&#8243; _module_preset=\u00bbdefault\u00bb width_tablet=\u00bb\u00bb width_phone=\u00bb\u00bb width_last_edited=\u00bbon|phone\u00bb custom_padding=\u00bb|0px|||false|false\u00bb custom_padding_tablet=\u00bb|0px|||false|false\u00bb custom_padding_phone=\u00bb|0px|||false|false\u00bb custom_padding_last_edited=\u00bbon|phone\u00bb border_color_right=\u00bb#e8e8e8&#8243; border_width_right_tablet=\u00bb0px\u00bb border_width_right_phone=\u00bb\u00bb border_width_right_last_edited=\u00bbon|desktop\u00bb][\/et_pb_post_title][et_pb_text _builder_version=\u00bb4.8.1&#8243; _module_preset=\u00bbdefault\u00bb text_font_size=\u00bb17px\u00bb hover_enabled=\u00bb0&#8243; sticky_enabled=\u00bb0&#8243;]<\/p>\n<p style=\"text-align: justify;\"><strong>(CNAS Venezuela) <\/strong>El 19 de febrero de 2022, la Iglesia del Nazareno \u201cVida Nueva\u201d, ubicada en el Municipio Machiques de Perij\u00e1, del Estado Zulia, en Venezuela, realiz\u00f3 una actividad de evangelismo con el eslogan \u201cPortadores de buenas noticias\u201d<\/p>\n<p style=\"text-align: justify;\">Gracias al compromiso de los miembros de la iglesia local, no s\u00f3lo se logr\u00f3 compartir la buena noticia del evangelio, sino tambi\u00e9n se logr\u00f3 ofrecer a los m\u00e1s de 350 asistentes: lavado, corte y peinado de cabello, pintacaritas, actividades recreativas y deportivas, entrega de ropa, refrigerio para los ni\u00f1os, y compartieron con los asistentes una sustanciosa sopa.<\/p>\n<p style=\"text-align: justify;\">Diferentes ministerios locales se unieron para el cumplimiento de esta actividad. Una hermosa labor, donde resalt\u00f3 la armon\u00eda y el trabajo en equipo para llevar las buenas nuevas de salvaci\u00f3n a las comunidades.<\/p>\n<p style=\"text-align: justify;\">\u201cGracias por la visita a nuestra comunidad, afectada por las lluvias, debido a la<\/p>\n<p style=\"text-align: justify;\">cercan\u00eda del rio. Somos familias de bajos recursos, y estamos agradecidos con el Se\u00f1or porque hoy estamos disfrutando de un d\u00eda diferente. Dios les bendiga\u201d As\u00ed lo expreso Isidro Gonz\u00e1lez, residente de la comunidad.<\/p>\n<p style=\"text-align: justify;\"><strong><em>Fonte<\/em><\/strong><em> Iglesia del Nazareno &#8211; Venezuela<\/em><\/p>\n<p style=\"text-align: justify;\">\n[\/et_pb_text][\/et_pb_column][\/et_pb_row][et_pb_row disabled_on=\u00bbon|on|on\u00bb _builder_version=\u00bb4.8.1&#8243; _module_preset=\u00bbdefault\u00bb disabled=\u00bbon\u00bb][et_pb_column type=\u00bb4_4&#8243; _builder_version=\u00bb4.8.1&#8243; _module_preset=\u00bbdefault\u00bb][et_pb_text disabled_on=\u00bboff|off|off\u00bb _builder_version=\u00bb4.8.1&#8243; _module_preset=\u00bbdefault\u00bb text_text_color=\u00bb#0C71C3&#8243; text_font_size=\u00bb23px\u00bb text_orientation=\u00bbcenter\u00bb]<\/p>\n<p>CONTENIDO EN PORTUGUES<\/p>\n<p>[\/et_pb_text][\/et_pb_column][\/et_pb_row][et_pb_row module_class=\u00bbportugues\u00bb _builder_version=\u00bb4.8.1&#8243; _module_preset=\u00bbdefault\u00bb width=\u00bb100%\u00bb][et_pb_column type=\u00bb4_4&#8243; module_class=\u00bbcolLeft\u00bb _builder_version=\u00bb4.8.1&#8243; _module_preset=\u00bbdefault\u00bb custom_padding=\u00bb|50px|||false|false\u00bb custom_padding_tablet=\u00bb|20px||20px|false|true\u00bb custom_padding_phone=\u00bb\u00bb custom_padding_last_edited=\u00bbon|phone\u00bb border_color_all=\u00bb#e0e0e0&#8243; border_width_right_tablet=\u00bb0px\u00bb border_width_right_phone=\u00bb0px\u00bb border_width_right_last_edited=\u00bbon|desktop\u00bb][et_pb_code admin_label=\u00bbCode\u00bb _builder_version=\u00bb4.8.1&#8243; _module_preset=\u00bbdefault\u00bb background_enable_color=\u00bboff\u00bb positioning=\u00bbabsolute\u00bb position_origin_a=\u00bbtop_right\u00bb vertical_offset=\u00bb10px\u00bb horizontal_offset=\u00bb50px\u00bb z_index=\u00bb137&#8243; vertical_offset_tablet=\u00bb\u00bb vertical_offset_phone=\u00bb-45px\u00bb vertical_offset_last_edited=\u00bbon|phone\u00bb horizontal_offset_tablet=\u00bb20px\u00bb horizontal_offset_phone=\u00bb\u00bb horizontal_offset_last_edited=\u00bbon|phone\u00bb position_origin_a_tablet=\u00bb\u00bb position_origin_a_phone=\u00bb\u00bb position_origin_a_last_edited=\u00bbon|desktop\u00bb position_origin_f_tablet=\u00bb\u00bb position_origin_f_phone=\u00bb\u00bb position_origin_f_last_edited=\u00bbon|desktop\u00bb position_origin_r_tablet=\u00bb\u00bb position_origin_r_phone=\u00bb\u00bb position_origin_r_last_edited=\u00bbon|desktop\u00bb text_orientation=\u00bbright\u00bb width=\u00bb190px\u00bb height=\u00bb30px\u00bb positioning_tablet=\u00bb\u00bb positioning_phone=\u00bb\u00bb positioning_last_edited=\u00bbon|desktop\u00bb]<!-- AddToAny BEGIN --><!-- [et_pb_line_break_holder] --><a class=\"a2a_dd\" href=\"https:\/\/www.addtoany.com\/share\" style=\"background: black;<!-- [et_pb_line_break_holder] -->    font-size: 18px;<!-- [et_pb_line_break_holder] -->    color: white;<!-- [et_pb_line_break_holder] -->    padding: 10px;text-transform: uppercase;\u00bb><!-- [et_pb_line_break_holder] -->  <svg style=\"width: 20px;\" aria-hidden=\"true\" focusable=\"false\" data-prefix=\"fas\" data-icon=\"share-square\" role=\"img\" xmlns=\"http:\/\/www.w3.org\/2000\/svg\" viewbox=\"0 0 576 512\" data-fa-i2svg=\"\"><path fill=\"currentColor\" d=\"M568.482 177.448L424.479 313.433C409.3 327.768 384 317.14 384 295.985v-71.963c-144.575.97-205.566 35.113-164.775 171.353 4.483 14.973-12.846 26.567-25.006 17.33C155.252 383.105 120 326.488 120 269.339c0-143.937 117.599-172.5 264-173.312V24.012c0-21.174 25.317-31.768 40.479-17.448l144.003 135.988c10.02 9.463 10.028 25.425 0 34.896zM384 379.128V448H64V128h50.916a11.99 11.99 0 0 0 8.648-3.693c14.953-15.568 32.237-27.89 51.014-37.676C185.708 80.83 181.584 64 169.033 64H48C21.49 64 0 85.49 0 112v352c0 26.51 21.49 48 48 48h352c26.51 0 48-21.49 48-48v-88.806c0-8.288-8.197-14.066-16.011-11.302a71.83 71.83 0 0 1-34.189 3.377c-7.27-1.046-13.8 4.514-13.8 11.859z\"><\/path><\/svg><!-- [et_pb_line_break_holder] -->  Compartilhar<!-- [et_pb_line_break_holder] --><\/a><!-- [et_pb_line_break_holder] --><script async src=\"https:\/\/static.addtoany.com\/menu\/page.js\"><\/script><!-- [et_pb_line_break_holder] --><!-- AddToAny END -->[\/et_pb_code][et_pb_text _builder_version=\u00bb4.8.1&#8243; _module_preset=\u00bbdefault\u00bb text_font=\u00bb|700|||||||\u00bb text_font_size=\u00bb25px\u00bb width=\u00bb78%\u00bb width_tablet=\u00bb\u00bb width_phone=\u00bb100%\u00bb width_last_edited=\u00bbon|phone\u00bb custom_margin=\u00bb||5px|||\u00bb hover_enabled=\u00bb0&#8243; sticky_enabled=\u00bb0&#8243;]<\/p>\n<p><strong>PORTADORES DAS BOAS NOVAS<\/strong><\/p>\n<p>[\/et_pb_text][et_pb_post_title title=\u00bboff\u00bb comments=\u00bboff\u00bb module_class=\u00bbtituloNoti\u00bb _builder_version=\u00bb4.8.1&#8243; _module_preset=\u00bbdefault\u00bb width_tablet=\u00bb\u00bb width_phone=\u00bb\u00bb width_last_edited=\u00bbon|phone\u00bb custom_padding=\u00bb|0px|||false|false\u00bb custom_padding_tablet=\u00bb|0px|||false|false\u00bb custom_padding_phone=\u00bb|0px|||false|false\u00bb custom_padding_last_edited=\u00bbon|phone\u00bb border_color_right=\u00bb#e8e8e8&#8243; border_width_right_tablet=\u00bb0px\u00bb border_width_right_phone=\u00bb\u00bb border_width_right_last_edited=\u00bbon|desktop\u00bb][\/et_pb_post_title][et_pb_text _builder_version=\u00bb4.8.1&#8243; _module_preset=\u00bbdefault\u00bb text_font_size=\u00bb17px\u00bb hover_enabled=\u00bb0&#8243; sticky_enabled=\u00bb0&#8243;]<\/p>\n<p style=\"text-align: justify;\"><strong>(CNAS Venezuela) <\/strong>No dia 19 de fevereiro de 2022, a Igreja do Nazareno \u00abVida Nueva\u00bb, localizada no Munic\u00edpio de Machiques de Perij\u00e1, Estado de Zulia, na Venezuela, realizou uma atividade de evangelismo com o lema \u00abPortadores das boas novas\u00bb<\/p>\n<p style=\"text-align: justify;\">Gra\u00e7as ao empenho dos membros da igreja local, n\u00e3o s\u00f3 foi poss\u00edvel compartilhar as boas novas do evangelho, mas tamb\u00e9m foi poss\u00edvel oferecer aos mais de 350 participantes: lavagem corte e penteado de cabelos, pintura facial, atividades esportivas, entrega de roupas, lanches para as crian\u00e7as e uma sopa farta com os participantes.<\/p>\n<p style=\"text-align: justify;\">Diferentes minist\u00e9rios locais se uniram para realizar esta atividade. Um belo trabalho, que destacou a harmonia e o trabalho em equipe para levar as boas novas de salva\u00e7\u00e3o \u00e0s comunidades.<\/p>\n<p style=\"text-align: justify;\"><em>\u201cObrigado pelas visitas em nossa comunidade, afetada pelas chuvas, devido \u00e0 proximidade do rio. Somos fam\u00edlias de baixa renda e agradecemos ao Senhor por hoje estarmos vivendo um dia diferente. Deus os aben\u00e7oe\u201d.<\/em> Assim expressou Isidro Gonz\u00e1lez, morador da comunidade.<\/p>\n<p style=\"text-align: justify;\"><strong><em>Fonte:<\/em><\/strong><em> Comunica\u00e7\u00f5es Nazarenas &#8211; Venezuela<\/em><\/p>\n<p>[\/et_pb_text][\/et_pb_column][\/et_pb_row][et_pb_row _builder_version=\u00bb4.8.1&#8243; _module_preset=\u00bbdefault\u00bb width=\u00bb100%\u00bb][et_pb_column type=\u00bb4_4&#8243; module_class=\u00bbcolLeft\u00bb _builder_version=\u00bb4.8.1&#8243; _module_preset=\u00bbdefault\u00bb custom_padding=\u00bb|50px|||false|false\u00bb custom_padding_tablet=\u00bb|20px||20px|false|true\u00bb custom_padding_phone=\u00bb\u00bb custom_padding_last_edited=\u00bbon|phone\u00bb border_color_all=\u00bb#e0e0e0&#8243; border_width_right_tablet=\u00bb0px\u00bb border_width_right_phone=\u00bb0px\u00bb border_width_right_last_edited=\u00bbon|desktop\u00bb][et_pb_gallery posts_number=\u00bb8&#8243; show_title_and_caption=\u00bboff\u00bb zoom_icon_color=\u00bb#E02B20&#8243; hover_overlay_color=\u00bb#FFFFFF\u00bb hover_icon=\u00bb%%51%%\u00bb _builder_version=\u00bb4.8.1&#8243; _module_preset=\u00bbdefault\u00bb title_font_size=\u00bb0px\u00bb width=\u00bb100%\u00bb module_alignment=\u00bbcenter\u00bb hover_enabled=\u00bb0&#8243; gallery_ids=\u00bb38787,38788,38789,38790,38791,38786&#8243; sticky_enabled=\u00bb0&#8243;][\/et_pb_gallery][\/et_pb_column][\/et_pb_row][\/et_pb_section]<\/p>\n<span class=\"et_bloom_bottom_trigger\"><\/span>","protected":false},"excerpt":{"rendered":"<p>CONTENIDO EN ESPA\u00d1OL<\/p>","protected":false},"author":4,"featured_media":38786,"comment_status":"open","ping_status":"open","sticky":false,"template":"","format":"standard","meta":{"_et_pb_use_builder":"on","_et_pb_old_content":"","_et_gb_content_width":"","_monsterinsights_skip_tracking":false,"_monsterinsights_sitenote_active":false,"_monsterinsights_sitenote_note":"","_monsterinsights_sitenote_category":0,"_vp_format_video_url":"","_vp_image_focal_point":[],"footnotes":""},"categories":[61,7],"tags":[],"class_list":["post-38782","post","type-post","status-publish","format-standard","has-post-thumbnail","hentry","category-evangelismo","category-venezuela"],"yoast_head":"<!-- This site is optimized with the Yoast SEO Premium plugin v23.6 (Yoast SEO v27.4) - https:\/\/yoast.com\/product\/yoast-seo-premium-wordpress\/ -->\n<title>PORTADORES DE BUENAS NOTICIAS | Iglesia del Nazareno Am\u00e9rica del Sur<\/title>\n<meta name=\"robots\" content=\"noindex, follow\" \/>\n<meta property=\"og:locale\" content=\"pt_BR\" \/>\n<meta property=\"og:type\" content=\"article\" \/>\n<meta property=\"og:title\" content=\"PORTADORES DE BUENAS NOTICIAS | Iglesia del Nazareno Am\u00e9rica del Sur\" \/>\n<meta property=\"og:url\" content=\"https:\/\/www.samnaz.org\/pt\/portadores-de-buenas-noticias\/\" \/>\n<meta property=\"og:site_name\" content=\"Iglesia del Nazareno Am\u00e9rica del Sur\" \/>\n<meta property=\"article:publisher\" content=\"https:\/\/www.facebook.com\/NazarenoEsp\" \/>\n<meta property=\"article:published_time\" content=\"2022-03-16T04:31:56+00:00\" \/>\n<meta property=\"article:modified_time\" content=\"2022-03-16T04:32:00+00:00\" \/>\n<meta property=\"og:image\" content=\"https:\/\/www.samnaz.org\/wp-content\/uploads\/2022\/03\/Picture-1.jpg\" \/>\n\t<meta property=\"og:image:width\" content=\"1353\" \/>\n\t<meta property=\"og:image:height\" content=\"908\" \/>\n\t<meta property=\"og:image:type\" content=\"image\/jpeg\" \/>\n<meta name=\"author\" content=\"Samnaz\" \/>\n<meta name=\"twitter:card\" content=\"summary_large_image\" \/>\n<meta name=\"twitter:label1\" content=\"Escrito por\" \/>\n\t<meta name=\"twitter:data1\" content=\"Samnaz\" \/>\n\t<meta name=\"twitter:label2\" content=\"Est. tempo de leitura\" \/>\n\t<meta name=\"twitter:data2\" content=\"1 minuto\" \/>\n<script type=\"application\/ld+json\" class=\"yoast-schema-graph\">{\"@context\":\"https:\\\/\\\/schema.org\",\"@graph\":[{\"@type\":\"Article\",\"@id\":\"https:\\\/\\\/www.samnaz.org\\\/pt\\\/portadores-de-buenas-noticias\\\/#article\",\"isPartOf\":{\"@id\":\"https:\\\/\\\/www.samnaz.org\\\/pt\\\/portadores-de-buenas-noticias\\\/\"},\"author\":{\"name\":\"Samnaz\",\"@id\":\"https:\\\/\\\/www.samnaz.org\\\/#\\\/schema\\\/person\\\/c09d1131c49ba510c7e1cbb677b39927\"},\"headline\":\"PORTADORES DE BUENAS NOTICIAS\",\"datePublished\":\"2022-03-16T04:31:56+00:00\",\"dateModified\":\"2022-03-16T04:32:00+00:00\",\"mainEntityOfPage\":{\"@id\":\"https:\\\/\\\/www.samnaz.org\\\/pt\\\/portadores-de-buenas-noticias\\\/\"},\"wordCount\":267,\"commentCount\":0,\"publisher\":{\"@id\":\"https:\\\/\\\/www.samnaz.org\\\/#organization\"},\"image\":{\"@id\":\"https:\\\/\\\/www.samnaz.org\\\/pt\\\/portadores-de-buenas-noticias\\\/#primaryimage\"},\"thumbnailUrl\":\"https:\\\/\\\/www.samnaz.org\\\/wp-content\\\/uploads\\\/2022\\\/03\\\/Picture-1.jpg\",\"articleSection\":[\"Evangelismo\",\"Venezuela\"],\"inLanguage\":\"pt-BR\",\"potentialAction\":[{\"@type\":\"CommentAction\",\"name\":\"Comment\",\"target\":[\"https:\\\/\\\/www.samnaz.org\\\/pt\\\/portadores-de-buenas-noticias\\\/#respond\"]}]},{\"@type\":\"WebPage\",\"@id\":\"https:\\\/\\\/www.samnaz.org\\\/pt\\\/portadores-de-buenas-noticias\\\/\",\"url\":\"https:\\\/\\\/www.samnaz.org\\\/pt\\\/portadores-de-buenas-noticias\\\/\",\"name\":\"PORTADORES DE BUENAS NOTICIAS | Iglesia del Nazareno Am\u00e9rica del Sur\",\"isPartOf\":{\"@id\":\"https:\\\/\\\/www.samnaz.org\\\/#website\"},\"primaryImageOfPage\":{\"@id\":\"https:\\\/\\\/www.samnaz.org\\\/pt\\\/portadores-de-buenas-noticias\\\/#primaryimage\"},\"image\":{\"@id\":\"https:\\\/\\\/www.samnaz.org\\\/pt\\\/portadores-de-buenas-noticias\\\/#primaryimage\"},\"thumbnailUrl\":\"https:\\\/\\\/www.samnaz.org\\\/wp-content\\\/uploads\\\/2022\\\/03\\\/Picture-1.jpg\",\"datePublished\":\"2022-03-16T04:31:56+00:00\",\"dateModified\":\"2022-03-16T04:32:00+00:00\",\"inLanguage\":\"pt-BR\",\"potentialAction\":[{\"@type\":\"ReadAction\",\"target\":[\"https:\\\/\\\/www.samnaz.org\\\/pt\\\/portadores-de-buenas-noticias\\\/\"]}]},{\"@type\":\"ImageObject\",\"inLanguage\":\"pt-BR\",\"@id\":\"https:\\\/\\\/www.samnaz.org\\\/pt\\\/portadores-de-buenas-noticias\\\/#primaryimage\",\"url\":\"https:\\\/\\\/www.samnaz.org\\\/wp-content\\\/uploads\\\/2022\\\/03\\\/Picture-1.jpg\",\"contentUrl\":\"https:\\\/\\\/www.samnaz.org\\\/wp-content\\\/uploads\\\/2022\\\/03\\\/Picture-1.jpg\",\"width\":1353,\"height\":908},{\"@type\":\"WebSite\",\"@id\":\"https:\\\/\\\/www.samnaz.org\\\/#website\",\"url\":\"https:\\\/\\\/www.samnaz.org\\\/\",\"name\":\"Haciendo Disc\u00edpulos Semejantes a Cristo en las naciones\",\"description\":\"Haciendo disc\u00edpulos semejantes a Cristo en las Naciones\",\"publisher\":{\"@id\":\"https:\\\/\\\/www.samnaz.org\\\/#organization\"},\"alternateName\":\"Viviendo la Gran Comisi\u00f3n\",\"potentialAction\":[{\"@type\":\"SearchAction\",\"target\":{\"@type\":\"EntryPoint\",\"urlTemplate\":\"https:\\\/\\\/www.samnaz.org\\\/?s={search_term_string}\"},\"query-input\":{\"@type\":\"PropertyValueSpecification\",\"valueRequired\":true,\"valueName\":\"search_term_string\"}}],\"inLanguage\":\"pt-BR\"},{\"@type\":\"Organization\",\"@id\":\"https:\\\/\\\/www.samnaz.org\\\/#organization\",\"name\":\"Iglesia del Nazareno Am\u00e9rica del Sur\",\"url\":\"https:\\\/\\\/www.samnaz.org\\\/\",\"logo\":{\"@type\":\"ImageObject\",\"inLanguage\":\"pt-BR\",\"@id\":\"https:\\\/\\\/www.samnaz.org\\\/#\\\/schema\\\/logo\\\/image\\\/\",\"url\":\"https:\\\/\\\/www.samnaz.org\\\/wp-content\\\/uploads\\\/2021\\\/04\\\/Logo-3-ESP.png\",\"contentUrl\":\"https:\\\/\\\/www.samnaz.org\\\/wp-content\\\/uploads\\\/2021\\\/04\\\/Logo-3-ESP.png\",\"width\":1041,\"height\":780,\"caption\":\"Iglesia del Nazareno Am\u00e9rica del Sur\"},\"image\":{\"@id\":\"https:\\\/\\\/www.samnaz.org\\\/#\\\/schema\\\/logo\\\/image\\\/\"},\"sameAs\":[\"https:\\\/\\\/www.facebook.com\\\/NazarenoEsp\",\"https:\\\/\\\/www.instagram.com\\\/nazarenoesp\\\/\"],\"publishingPrinciples\":\"https:\\\/\\\/www.samnaz.org\\\/\"},{\"@type\":\"Person\",\"@id\":\"https:\\\/\\\/www.samnaz.org\\\/#\\\/schema\\\/person\\\/c09d1131c49ba510c7e1cbb677b39927\",\"name\":\"Samnaz\",\"image\":{\"@type\":\"ImageObject\",\"inLanguage\":\"pt-BR\",\"@id\":\"https:\\\/\\\/secure.gravatar.com\\\/avatar\\\/a5baaf0e270319d09c0efce6a9dd03ff93175913c70afe26595c0069c83fa6dc?s=96&d=mm&r=g\",\"url\":\"https:\\\/\\\/secure.gravatar.com\\\/avatar\\\/a5baaf0e270319d09c0efce6a9dd03ff93175913c70afe26595c0069c83fa6dc?s=96&d=mm&r=g\",\"contentUrl\":\"https:\\\/\\\/secure.gravatar.com\\\/avatar\\\/a5baaf0e270319d09c0efce6a9dd03ff93175913c70afe26595c0069c83fa6dc?s=96&d=mm&r=g\",\"caption\":\"Samnaz\"}}]}<\/script>\n<!-- \/ Yoast SEO Premium plugin. -->","yoast_head_json":{"title":"PORTADORES DE BUENAS NOTICIAS | Iglesia del Nazareno Am\u00e9rica del Sur","robots":{"index":"noindex","follow":"follow"},"og_locale":"pt_BR","og_type":"article","og_title":"PORTADORES DE BUENAS NOTICIAS | Iglesia del Nazareno Am\u00e9rica del Sur","og_url":"https:\/\/www.samnaz.org\/pt\/portadores-de-buenas-noticias\/","og_site_name":"Iglesia del Nazareno Am\u00e9rica del Sur","article_publisher":"https:\/\/www.facebook.com\/NazarenoEsp","article_published_time":"2022-03-16T04:31:56+00:00","article_modified_time":"2022-03-16T04:32:00+00:00","og_image":[{"width":1353,"height":908,"url":"https:\/\/www.samnaz.org\/wp-content\/uploads\/2022\/03\/Picture-1.jpg","type":"image\/jpeg"}],"author":"Samnaz","twitter_card":"summary_large_image","twitter_misc":{"Escrito por":"Samnaz","Est. tempo de leitura":"1 minuto"},"schema":{"@context":"https:\/\/schema.org","@graph":[{"@type":"Article","@id":"https:\/\/www.samnaz.org\/pt\/portadores-de-buenas-noticias\/#article","isPartOf":{"@id":"https:\/\/www.samnaz.org\/pt\/portadores-de-buenas-noticias\/"},"author":{"name":"Samnaz","@id":"https:\/\/www.samnaz.org\/#\/schema\/person\/c09d1131c49ba510c7e1cbb677b39927"},"headline":"PORTADORES DE BUENAS NOTICIAS","datePublished":"2022-03-16T04:31:56+00:00","dateModified":"2022-03-16T04:32:00+00:00","mainEntityOfPage":{"@id":"https:\/\/www.samnaz.org\/pt\/portadores-de-buenas-noticias\/"},"wordCount":267,"commentCount":0,"publisher":{"@id":"https:\/\/www.samnaz.org\/#organization"},"image":{"@id":"https:\/\/www.samnaz.org\/pt\/portadores-de-buenas-noticias\/#primaryimage"},"thumbnailUrl":"https:\/\/www.samnaz.org\/wp-content\/uploads\/2022\/03\/Picture-1.jpg","articleSection":["Evangelismo","Venezuela"],"inLanguage":"pt-BR","potentialAction":[{"@type":"CommentAction","name":"Comment","target":["https:\/\/www.samnaz.org\/pt\/portadores-de-buenas-noticias\/#respond"]}]},{"@type":"WebPage","@id":"https:\/\/www.samnaz.org\/pt\/portadores-de-buenas-noticias\/","url":"https:\/\/www.samnaz.org\/pt\/portadores-de-buenas-noticias\/","name":"PORTADORES DE BUENAS NOTICIAS | Iglesia del Nazareno Am\u00e9rica del Sur","isPartOf":{"@id":"https:\/\/www.samnaz.org\/#website"},"primaryImageOfPage":{"@id":"https:\/\/www.samnaz.org\/pt\/portadores-de-buenas-noticias\/#primaryimage"},"image":{"@id":"https:\/\/www.samnaz.org\/pt\/portadores-de-buenas-noticias\/#primaryimage"},"thumbnailUrl":"https:\/\/www.samnaz.org\/wp-content\/uploads\/2022\/03\/Picture-1.jpg","datePublished":"2022-03-16T04:31:56+00:00","dateModified":"2022-03-16T04:32:00+00:00","inLanguage":"pt-BR","potentialAction":[{"@type":"ReadAction","target":["https:\/\/www.samnaz.org\/pt\/portadores-de-buenas-noticias\/"]}]},{"@type":"ImageObject","inLanguage":"pt-BR","@id":"https:\/\/www.samnaz.org\/pt\/portadores-de-buenas-noticias\/#primaryimage","url":"https:\/\/www.samnaz.org\/wp-content\/uploads\/2022\/03\/Picture-1.jpg","contentUrl":"https:\/\/www.samnaz.org\/wp-content\/uploads\/2022\/03\/Picture-1.jpg","width":1353,"height":908},{"@type":"WebSite","@id":"https:\/\/www.samnaz.org\/#website","url":"https:\/\/www.samnaz.org\/","name":"Haciendo Disc\u00edpulos Semejantes a Cristo en las naciones","description":"Haciendo disc\u00edpulos semejantes a Cristo en las Naciones","publisher":{"@id":"https:\/\/www.samnaz.org\/#organization"},"alternateName":"Viviendo la Gran Comisi\u00f3n","potentialAction":[{"@type":"SearchAction","target":{"@type":"EntryPoint","urlTemplate":"https:\/\/www.samnaz.org\/?s={search_term_string}"},"query-input":{"@type":"PropertyValueSpecification","valueRequired":true,"valueName":"search_term_string"}}],"inLanguage":"pt-BR"},{"@type":"Organization","@id":"https:\/\/www.samnaz.org\/#organization","name":"Iglesia del Nazareno Am\u00e9rica del Sur","url":"https:\/\/www.samnaz.org\/","logo":{"@type":"ImageObject","inLanguage":"pt-BR","@id":"https:\/\/www.samnaz.org\/#\/schema\/logo\/image\/","url":"https:\/\/www.samnaz.org\/wp-content\/uploads\/2021\/04\/Logo-3-ESP.png","contentUrl":"https:\/\/www.samnaz.org\/wp-content\/uploads\/2021\/04\/Logo-3-ESP.png","width":1041,"height":780,"caption":"Iglesia del Nazareno Am\u00e9rica del Sur"},"image":{"@id":"https:\/\/www.samnaz.org\/#\/schema\/logo\/image\/"},"sameAs":["https:\/\/www.facebook.com\/NazarenoEsp","https:\/\/www.instagram.com\/nazarenoesp\/"],"publishingPrinciples":"https:\/\/www.samnaz.org\/"},{"@type":"Person","@id":"https:\/\/www.samnaz.org\/#\/schema\/person\/c09d1131c49ba510c7e1cbb677b39927","name":"Samnaz","image":{"@type":"ImageObject","inLanguage":"pt-BR","@id":"https:\/\/secure.gravatar.com\/avatar\/a5baaf0e270319d09c0efce6a9dd03ff93175913c70afe26595c0069c83fa6dc?s=96&d=mm&r=g","url":"https:\/\/secure.gravatar.com\/avatar\/a5baaf0e270319d09c0efce6a9dd03ff93175913c70afe26595c0069c83fa6dc?s=96&d=mm&r=g","contentUrl":"https:\/\/secure.gravatar.com\/avatar\/a5baaf0e270319d09c0efce6a9dd03ff93175913c70afe26595c0069c83fa6dc?s=96&d=mm&r=g","caption":"Samnaz"}}]}},"_links":{"self":[{"href":"https:\/\/www.samnaz.org\/pt\/wp-json\/wp\/v2\/posts\/38782","targetHints":{"allow":["GET"]}}],"collection":[{"href":"https:\/\/www.samnaz.org\/pt\/wp-json\/wp\/v2\/posts"}],"about":[{"href":"https:\/\/www.samnaz.org\/pt\/wp-json\/wp\/v2\/types\/post"}],"author":[{"embeddable":true,"href":"https:\/\/www.samnaz.org\/pt\/wp-json\/wp\/v2\/users\/4"}],"replies":[{"embeddable":true,"href":"https:\/\/www.samnaz.org\/pt\/wp-json\/wp\/v2\/comments?post=38782"}],"version-history":[{"count":2,"href":"https:\/\/www.samnaz.org\/pt\/wp-json\/wp\/v2\/posts\/38782\/revisions"}],"predecessor-version":[{"id":38792,"href":"https:\/\/www.samnaz.org\/pt\/wp-json\/wp\/v2\/posts\/38782\/revisions\/38792"}],"wp:featuredmedia":[{"embeddable":true,"href":"https:\/\/www.samnaz.org\/pt\/wp-json\/wp\/v2\/media\/38786"}],"wp:attachment":[{"href":"https:\/\/www.samnaz.org\/pt\/wp-json\/wp\/v2\/media?parent=38782"}],"wp:term":[{"taxonomy":"category","embeddable":true,"href":"https:\/\/www.samnaz.org\/pt\/wp-json\/wp\/v2\/categories?post=38782"},{"taxonomy":"post_tag","embeddable":true,"href":"https:\/\/www.samnaz.org\/pt\/wp-json\/wp\/v2\/tags?post=38782"}],"curies":[{"name":"wp","href":"https:\/\/api.w.org\/{rel}","templated":true}]}}