{"id":40546,"date":"2022-07-12T20:16:47","date_gmt":"2022-07-12T23:16:47","guid":{"rendered":"https:\/\/www.samnaz.org\/?p=40546"},"modified":"2022-08-01T00:57:54","modified_gmt":"2022-08-01T03:57:54","slug":"reapertura-de-nucleos-de-eted-en-el-distrito-venezuela-lago","status":"publish","type":"post","link":"https:\/\/www.samnaz.org\/pt\/reapertura-de-nucleos-de-eted-en-el-distrito-venezuela-lago\/","title":{"rendered":"REABERTURA DOS N\u00daCLEOS ETED NO DISTRITO VENEZUELA LAGO"},"content":{"rendered":"<p>[et_pb_section fb_built=\u00bb1&#8243; _builder_version=\u00bb4.16&#8243; _module_preset=\u00bbdefault\u00bb custom_padding=\u00bb0px||||false|false\u00bb global_colors_info=\u00bb{}\u00bb][et_pb_row disabled_on=\u00bbon|on|on\u00bb _builder_version=\u00bb4.16&#8243; _module_preset=\u00bbdefault\u00bb disabled=\u00bbon\u00bb global_colors_info=\u00bb{}\u00bb][et_pb_column type=\u00bb4_4&#8243; _builder_version=\u00bb4.16&#8243; _module_preset=\u00bbdefault\u00bb global_colors_info=\u00bb{}\u00bb][et_pb_text disabled_on=\u00bboff|off|off\u00bb _builder_version=\u00bb4.16&#8243; _module_preset=\u00bbdefault\u00bb text_text_color=\u00bb#0C71C3&#8243; text_font_size=\u00bb23px\u00bb text_orientation=\u00bbcenter\u00bb global_colors_info=\u00bb{}\u00bb]<\/p>\n<p>CONTENIDO EN ESPA\u00d1OL<\/p>\n<p>[\/et_pb_text][\/et_pb_column][\/et_pb_row][et_pb_row module_class=\u00bbespanol\u00bb _builder_version=\u00bb4.16&#8243; _module_preset=\u00bbdefault\u00bb width=\u00bb100%\u00bb global_colors_info=\u00bb{}\u00bb][et_pb_column type=\u00bb4_4&#8243; module_class=\u00bbcolLeft\u00bb _builder_version=\u00bb4.16&#8243; _module_preset=\u00bbdefault\u00bb custom_padding=\u00bb|50px|||false|false\u00bb custom_padding_tablet=\u00bb|20px||20px|false|true\u00bb custom_padding_phone=\u00bb\u00bb custom_padding_last_edited=\u00bbon|phone\u00bb border_color_all=\u00bb#e0e0e0&#8243; border_width_right_tablet=\u00bb0px\u00bb border_width_right_phone=\u00bb0px\u00bb border_width_right_last_edited=\u00bbon|desktop\u00bb global_colors_info=\u00bb{}\u00bb][et_pb_code admin_label=\u00bbCode\u00bb _builder_version=\u00bb4.16&#8243; _module_preset=\u00bbdefault\u00bb background_enable_color=\u00bboff\u00bb positioning=\u00bbabsolute\u00bb position_origin_a=\u00bbtop_right\u00bb vertical_offset=\u00bb10px\u00bb horizontal_offset=\u00bb50px\u00bb z_index=\u00bb137&#8243; vertical_offset_tablet=\u00bb\u00bb vertical_offset_phone=\u00bb-45px\u00bb vertical_offset_last_edited=\u00bbon|phone\u00bb horizontal_offset_tablet=\u00bb20px\u00bb horizontal_offset_phone=\u00bb\u00bb horizontal_offset_last_edited=\u00bbon|phone\u00bb position_origin_a_tablet=\u00bb\u00bb position_origin_a_phone=\u00bb\u00bb position_origin_a_last_edited=\u00bbon|desktop\u00bb position_origin_f_tablet=\u00bb\u00bb position_origin_f_phone=\u00bb\u00bb position_origin_f_last_edited=\u00bbon|desktop\u00bb position_origin_r_tablet=\u00bb\u00bb position_origin_r_phone=\u00bb\u00bb position_origin_r_last_edited=\u00bbon|desktop\u00bb text_orientation=\u00bbright\u00bb width=\u00bb160px\u00bb height=\u00bb30px\u00bb positioning_tablet=\u00bb\u00bb positioning_phone=\u00bb\u00bb positioning_last_edited=\u00bbon|desktop\u00bb global_colors_info=\u00bb{}\u00bb]<!-- AddToAny BEGIN --><!-- [et_pb_line_break_holder] --><a class=\"a2a_dd\" href=\"https:\/\/www.addtoany.com\/share\" style=\"background: black;<!-- [et_pb_line_break_holder] -->    font-size: 18px;<!-- [et_pb_line_break_holder] -->    color: white;<!-- [et_pb_line_break_holder] -->    padding: 10px;text-transform: uppercase;\u00bb><!-- [et_pb_line_break_holder] -->  <svg style=\"width: 20px;\" aria-hidden=\"true\" focusable=\"false\" data-prefix=\"fas\" data-icon=\"share-square\" role=\"img\" xmlns=\"http:\/\/www.w3.org\/2000\/svg\" viewbox=\"0 0 576 512\" data-fa-i2svg=\"\"><path fill=\"currentColor\" d=\"M568.482 177.448L424.479 313.433C409.3 327.768 384 317.14 384 295.985v-71.963c-144.575.97-205.566 35.113-164.775 171.353 4.483 14.973-12.846 26.567-25.006 17.33C155.252 383.105 120 326.488 120 269.339c0-143.937 117.599-172.5 264-173.312V24.012c0-21.174 25.317-31.768 40.479-17.448l144.003 135.988c10.02 9.463 10.028 25.425 0 34.896zM384 379.128V448H64V128h50.916a11.99 11.99 0 0 0 8.648-3.693c14.953-15.568 32.237-27.89 51.014-37.676C185.708 80.83 181.584 64 169.033 64H48C21.49 64 0 85.49 0 112v352c0 26.51 21.49 48 48 48h352c26.51 0 48-21.49 48-48v-88.806c0-8.288-8.197-14.066-16.011-11.302a71.83 71.83 0 0 1-34.189 3.377c-7.27-1.046-13.8 4.514-13.8 11.859z\"><\/path><\/svg><!-- [et_pb_line_break_holder] -->  COMPARTILHAR<!-- [et_pb_line_break_holder] --><\/a><!-- [et_pb_line_break_holder] --><script async src=\"https:\/\/static.addtoany.com\/menu\/page.js\"><\/script><!-- [et_pb_line_break_holder] --><!-- AddToAny END -->[\/et_pb_code][et_pb_text _builder_version=\u00bb4.17.4&#8243; _module_preset=\u00bbdefault\u00bb text_font=\u00bb|700|||||||\u00bb text_font_size=\u00bb25px\u00bb width=\u00bb78%\u00bb width_tablet=\u00bb\u00bb width_phone=\u00bb100%\u00bb width_last_edited=\u00bbon|phone\u00bb custom_margin=\u00bb||5px|||\u00bb global_colors_info=\u00bb{}\u00bb]<\/p>\n<p><strong>REABERTURA DOS N\u00daCLEOS ETED NO DISTRITO VENEZUELA LAGO<\/strong><\/p>\n<p>[\/et_pb_text][et_pb_post_title title=\u00bboff\u00bb comments=\u00bboff\u00bb module_class=\u00bbtituloNoti\u00bb _builder_version=\u00bb4.16&#8243; _module_preset=\u00bbdefault\u00bb width_tablet=\u00bb\u00bb width_phone=\u00bb\u00bb width_last_edited=\u00bbon|phone\u00bb custom_padding=\u00bb|0px|||false|false\u00bb custom_padding_tablet=\u00bb|0px|||false|false\u00bb custom_padding_phone=\u00bb|0px|||false|false\u00bb custom_padding_last_edited=\u00bbon|phone\u00bb border_color_right=\u00bb#e8e8e8&#8243; border_width_right_tablet=\u00bb0px\u00bb border_width_right_phone=\u00bb\u00bb border_width_right_last_edited=\u00bbon|desktop\u00bb global_colors_info=\u00bb{}\u00bb][\/et_pb_post_title][et_pb_text _builder_version=\u00bb4.17.4&#8243; _module_preset=\u00bbdefault\u00bb text_font_size=\u00bb17px\u00bb hover_enabled=\u00bb0&#8243; global_colors_info=\u00bb{}\u00bb sticky_enabled=\u00bb0&#8243;]<\/p>\n<p style=\"text-align: justify;\"><strong>(CNAS Venezuela) <\/strong>Debido a las diferentes problem\u00e1ticas que se presentaron en Venezuela en los \u00faltimos a\u00f1os, incluyendo la pandemia de COVID-19, la mayoria de los nucleos de Estudios Teol\u00f3gicos Descentralizados (ETED) fueron cerrados y la unica forma de acceder a los cursos del seminario era a trav\u00e9s de internet; los estudios teol\u00f3gicos ten\u00edan entre 5 a 7 a\u00f1os inactivos. Para este nuevo a\u00f1o 2022 durante el mes de mayo, se logr\u00f3 la reapertura de m\u00e1s de 6 n\u00facleos en las iglesias del distrito, con un grupo de 4 profesores, y logrando una asistencia de 120 estudiantes de las diferentes iglesias y misi\u00f3n tipo iglesia del distrito.<\/p>\n<p style=\"text-align: justify;\"><em>\u00abAgradecida a Dios por permitir que, a trav\u00e9s de nuestra Iglesia del Nazareno Shalom, tengamos la oportunidad y facilidad de estudiar a nivel universitario la palabra de Dios, pudimos recordar c\u00f3mo <\/em><em>n<\/em><em>azarenos nuestro manual<\/em><em>,<\/em><em> el cual estipula las pol\u00edticas<\/em> <em>y misi\u00f3n que tenemos como congregaci\u00f3n Nazarena.\u00bb<\/em> dijo la hermana Daylin Pi\u00f1a de la iglesia Shalom las Piedras.<\/p>\n<p style=\"text-align: justify;\">El hermano Jorge Porras de la Iglesia del Nazareno El Caujaro coment\u00f3<em>:<\/em><em> \u00abEn mi vida universitaria nunca hab\u00eda recibido unas clases tan edificantes para alimentar mi Esp\u00edritu, Alma y Coraz\u00f3n. Salgo del trabajo y despu\u00e9s voy a clases, pero es un sacrificio que vale la pena porque s\u00e9 que es para la Obra de nuestro Padre Celestial<\/em><em>\u201d<\/em>.<\/p>\n<p style=\"text-align: justify;\">Los pastores y l\u00edderes est\u00e1n emocionados, motivados y agradecidos por la oportunidad de poder realizar sus estudios teologico. Comenzamos el a\u00f1o a lo grande y creemos que Dios es quien capacita y prepara a cada persona para cumplir con su obra de manera eficiente\u201d.<\/p>\n<p style=\"text-align: justify;\">A continuaci\u00f3n se mencionan los n\u00facleos activos y cursos recientes:<br \/>NUCLEO SHALOM: El cual ten\u00eda mas de 20 a\u00f1os con sus puertas cerradas, para este gran regreso iniciaron con el curso <em>\u00abOrganizaci\u00f3n y Pol\u00edtica de la Iglesia del Nazareno\u00bb,<\/em> dictado por el : Rev. Allan D\u00edaz.<br \/>NUCLEO LA TRINIDAD: Donde realizaron el curso <em>\u00abAntiguo Testamento I\u00bb<\/em>, dictado por la facilitadora : Beatriz Diaz.<br \/>NUCLEO CAUJARO: Se comparti\u00f3 el curso <em>\u00abHistoria e Identidad de la Iglesia del Nazareno\u00bb<\/em>, dictado por la facilitadora : Beatriz Diaz.<br \/>\u00a0NUCLEO NUEVA BEREA: Inciaron con el curso <em>\u00abIntroduccion a la Sociologia\u00bb,<\/em> dictado por la facilitadora : Beatriz Diaz.<br \/>NUCLEO VIDA NUEVA: Realizaron el curso <em>\u00abBases B\u00edblicas y Teol\u00f3gicas del Ministerio\u00bb<\/em> dictado por el:\u00a0Rev. Allan D\u00edaz.<\/p>\n<p style=\"text-align: justify;\"><strong><em>Fonte <\/em><\/strong><em>Comunicaciones Nazarenas &#8211; Venezuela<\/em><\/p>\n<p>[\/et_pb_text][\/et_pb_column][\/et_pb_row][et_pb_row disabled_on=\u00bbon|on|on\u00bb _builder_version=\u00bb4.16&#8243; _module_preset=\u00bbdefault\u00bb disabled=\u00bbon\u00bb global_colors_info=\u00bb{}\u00bb][et_pb_column type=\u00bb4_4&#8243; _builder_version=\u00bb4.16&#8243; _module_preset=\u00bbdefault\u00bb global_colors_info=\u00bb{}\u00bb][et_pb_text disabled_on=\u00bboff|off|off\u00bb _builder_version=\u00bb4.16&#8243; _module_preset=\u00bbdefault\u00bb text_text_color=\u00bb#0C71C3&#8243; text_font_size=\u00bb23px\u00bb text_orientation=\u00bbcenter\u00bb global_colors_info=\u00bb{}\u00bb]<\/p>\n<p>CONTENIDO EN PORTUGUES<\/p>\n<p>[\/et_pb_text][\/et_pb_column][\/et_pb_row][et_pb_row module_class=\u00bbportugues\u00bb _builder_version=\u00bb4.16&#8243; _module_preset=\u00bbdefault\u00bb width=\u00bb100%\u00bb global_colors_info=\u00bb{}\u00bb][et_pb_column type=\u00bb4_4&#8243; module_class=\u00bbcolLeft\u00bb _builder_version=\u00bb4.16&#8243; _module_preset=\u00bbdefault\u00bb custom_padding=\u00bb|50px|||false|false\u00bb custom_padding_tablet=\u00bb|20px||20px|false|true\u00bb custom_padding_phone=\u00bb\u00bb custom_padding_last_edited=\u00bbon|phone\u00bb border_color_all=\u00bb#e0e0e0&#8243; border_width_right_tablet=\u00bb0px\u00bb border_width_right_phone=\u00bb0px\u00bb border_width_right_last_edited=\u00bbon|desktop\u00bb global_colors_info=\u00bb{}\u00bb][et_pb_code admin_label=\u00bbCode\u00bb _builder_version=\u00bb4.16&#8243; _module_preset=\u00bbdefault\u00bb background_enable_color=\u00bboff\u00bb positioning=\u00bbabsolute\u00bb position_origin_a=\u00bbtop_right\u00bb vertical_offset=\u00bb10px\u00bb horizontal_offset=\u00bb50px\u00bb z_index=\u00bb137&#8243; vertical_offset_tablet=\u00bb\u00bb vertical_offset_phone=\u00bb-45px\u00bb vertical_offset_last_edited=\u00bbon|phone\u00bb horizontal_offset_tablet=\u00bb20px\u00bb horizontal_offset_phone=\u00bb\u00bb horizontal_offset_last_edited=\u00bbon|phone\u00bb position_origin_a_tablet=\u00bb\u00bb position_origin_a_phone=\u00bb\u00bb position_origin_a_last_edited=\u00bbon|desktop\u00bb position_origin_f_tablet=\u00bb\u00bb position_origin_f_phone=\u00bb\u00bb position_origin_f_last_edited=\u00bbon|desktop\u00bb position_origin_r_tablet=\u00bb\u00bb position_origin_r_phone=\u00bb\u00bb position_origin_r_last_edited=\u00bbon|desktop\u00bb text_orientation=\u00bbright\u00bb width=\u00bb190px\u00bb height=\u00bb30px\u00bb positioning_tablet=\u00bb\u00bb positioning_phone=\u00bb\u00bb positioning_last_edited=\u00bbon|desktop\u00bb global_colors_info=\u00bb{}\u00bb]<!-- AddToAny BEGIN --><!-- [et_pb_line_break_holder] --><a class=\"a2a_dd\" href=\"https:\/\/www.addtoany.com\/share\" style=\"background: black;<!-- [et_pb_line_break_holder] -->    font-size: 18px;<!-- [et_pb_line_break_holder] -->    color: white;<!-- [et_pb_line_break_holder] -->    padding: 10px;text-transform: uppercase;\u00bb><!-- [et_pb_line_break_holder] -->  <svg style=\"width: 20px;\" aria-hidden=\"true\" focusable=\"false\" data-prefix=\"fas\" data-icon=\"share-square\" role=\"img\" xmlns=\"http:\/\/www.w3.org\/2000\/svg\" viewbox=\"0 0 576 512\" data-fa-i2svg=\"\"><path fill=\"currentColor\" d=\"M568.482 177.448L424.479 313.433C409.3 327.768 384 317.14 384 295.985v-71.963c-144.575.97-205.566 35.113-164.775 171.353 4.483 14.973-12.846 26.567-25.006 17.33C155.252 383.105 120 326.488 120 269.339c0-143.937 117.599-172.5 264-173.312V24.012c0-21.174 25.317-31.768 40.479-17.448l144.003 135.988c10.02 9.463 10.028 25.425 0 34.896zM384 379.128V448H64V128h50.916a11.99 11.99 0 0 0 8.648-3.693c14.953-15.568 32.237-27.89 51.014-37.676C185.708 80.83 181.584 64 169.033 64H48C21.49 64 0 85.49 0 112v352c0 26.51 21.49 48 48 48h352c26.51 0 48-21.49 48-48v-88.806c0-8.288-8.197-14.066-16.011-11.302a71.83 71.83 0 0 1-34.189 3.377c-7.27-1.046-13.8 4.514-13.8 11.859z\"><\/path><\/svg><!-- [et_pb_line_break_holder] -->  Compartilhar<!-- [et_pb_line_break_holder] --><\/a><!-- [et_pb_line_break_holder] --><script async src=\"https:\/\/static.addtoany.com\/menu\/page.js\"><\/script><!-- [et_pb_line_break_holder] --><!-- AddToAny END -->[\/et_pb_code][et_pb_text _builder_version=\u00bb4.17.4&#8243; _module_preset=\u00bbdefault\u00bb text_font=\u00bb|700|||||||\u00bb text_font_size=\u00bb25px\u00bb width=\u00bb78%\u00bb width_tablet=\u00bb\u00bb width_phone=\u00bb100%\u00bb width_last_edited=\u00bbon|phone\u00bb custom_margin=\u00bb||5px|||\u00bb global_colors_info=\u00bb{}\u00bb]<\/p>\n<p><strong>REABERTURA DOS N\u00daCLEOS ETED NO DISTRITO VENEZUELA LAGO<\/strong><\/p>\n<p>[\/et_pb_text][et_pb_post_title title=\u00bboff\u00bb comments=\u00bboff\u00bb module_class=\u00bbtituloNoti\u00bb _builder_version=\u00bb4.16&#8243; _module_preset=\u00bbdefault\u00bb width_tablet=\u00bb\u00bb width_phone=\u00bb\u00bb width_last_edited=\u00bbon|phone\u00bb custom_padding=\u00bb|0px|||false|false\u00bb custom_padding_tablet=\u00bb|0px|||false|false\u00bb custom_padding_phone=\u00bb|0px|||false|false\u00bb custom_padding_last_edited=\u00bbon|phone\u00bb border_color_right=\u00bb#e8e8e8&#8243; border_width_right_tablet=\u00bb0px\u00bb border_width_right_phone=\u00bb\u00bb border_width_right_last_edited=\u00bbon|desktop\u00bb global_colors_info=\u00bb{}\u00bb][\/et_pb_post_title][et_pb_text _builder_version=\u00bb4.17.4&#8243; _module_preset=\u00bbdefault\u00bb text_font_size=\u00bb17px\u00bb global_colors_info=\u00bb{}\u00bb]<\/p>\n<p style=\"text-align: justify;\"><strong>(CNAS Venezuela) <\/strong>Devido aos diferentes problemas que surgiram na Venezuela nos \u00faltimos anos, incluindo a pandemia de COVID-19, a maioria dos centros de Estudos Teol\u00f3gicos Descentralizados (ETED) foram fechados e a \u00fanica maneira de acessar os cursos do semin\u00e1rio era pela Internet; os estudos teol\u00f3gicos tinham entre 5 a 7 anos inativos. Para este novo ano de 2022 durante o m\u00eas de maio, a reabertura de mais de 6 n\u00facleos nas igrejas do distrito, com um grupo de 4 professores, e atingindo um atendimento de 120 alunos das diferentes igrejas e miss\u00e3o tipo igreja do distrito.<\/p>\n<p style=\"text-align: justify;\"><em>\u00abGratos a Deus por nos permitir, atrav\u00e9s de nossa Igreja do Nazareno Shalom, ter a oportunidade e facilidade de estudar a palavra de Deus em n\u00edvel universit\u00e1rio, pudemos lembrar como os Nazarenos nosso manual, que estipula as pol\u00edticas e miss\u00e3o que temos como congrega\u00e7\u00e3o Nazaren<\/em><em>para<\/em><em>.\u00bb disse a Irm\u00e3 Daylin Pi\u00f1a da igreja Shalom las Piedras.<\/em><\/p>\n<p style=\"text-align: justify;\">O irm\u00e3o Jorge Porras da Igreja do Nazareno El Caujaro comentou: \u00abNa minha vida universit\u00e1ria nunca recebi aulas t\u00e3o edificantes para alimentar meu Esp\u00edrito, Alma e Cora\u00e7\u00e3o. Saio do trabalho e depois vou \u00e0s aulas, mas \u00e9 um sacrif\u00edcio que vale a pena o esfor\u00e7o porque sei que \u00e9 para a Obra de nosso Pai Celestial.\u00bb<\/p>\n<p style=\"text-align: justify;\">Os pastores e l\u00edderes est\u00e3o animados, motivados e agradecidos pela oportunidade de prosseguir seus estudos teol\u00f3gicos. Come\u00e7amos o ano com tudo e acreditamos que Deus \u00e9 quem treina e prepara cada pessoa para realizar seu trabalho com efici\u00eancia.\u201d<\/p>\n<p style=\"text-align: justify;\">Os n\u00facleos ativos e os cursos recentes est\u00e3o listados abaixo:<\/p>\n<p style=\"text-align: justify;\">N\u00daCLEO SHALOM: Com mais de 20 anos de portas fechadas, para este grande retorno iniciaram com o curso \u00abOrganiza\u00e7\u00e3o e Pol\u00edtica da Igreja do Nazareno\u00bb, ministrado por Rev. Allan D\u00edaz.<\/p>\n<p style=\"text-align: justify;\">N\u00daCLEO LA TRINIDAD: Onde fizeram o curso \u201cAntigo Testamento I\u201d, ditado pela facilitadora Beatriz Diaz.<\/p>\n<p style=\"text-align: justify;\">N\u00daCLEO CAUJARO: Foi partilhado o curso \u00abHist\u00f3ria e Identidade da Igreja do Nazareno\u00bb, ministrado pela facilitadora Beatriz Diaz.<\/p>\n<p style=\"text-align: justify;\">N\u00daCLEO NUEVA BEREA: Come\u00e7aram com o curso \u00abIntrodu\u00e7\u00e3o \u00e0 Sociologia\u00bb, ministrado pela facilitadora Beatriz Diaz.<\/p>\n<p style=\"text-align: justify;\">N\u00daCLEO VIDA NUEVA: Eles fizeram o curso \u00abBases B\u00edblicas e Teol\u00f3gicas do Minist\u00e9rio\u00bb ministrado pelo Rev. Allan D\u00edaz.<\/p>\n<p style=\"text-align: justify;\"><strong><em>Fonte: <\/em><\/strong><em>Comunica\u00e7\u00f5es Nazarenas &#8211; Venezuela<\/em><\/p>\n<p>[\/et_pb_text][\/et_pb_column][\/et_pb_row][et_pb_row _builder_version=\u00bb4.16&#8243; _module_preset=\u00bbdefault\u00bb width=\u00bb100%\u00bb global_colors_info=\u00bb{}\u00bb][et_pb_column type=\u00bb4_4&#8243; module_class=\u00bbcolLeft\u00bb _builder_version=\u00bb4.16&#8243; _module_preset=\u00bbdefault\u00bb custom_padding=\u00bb|50px|||false|false\u00bb custom_padding_tablet=\u00bb|20px||20px|false|true\u00bb custom_padding_phone=\u00bb\u00bb custom_padding_last_edited=\u00bbon|phone\u00bb border_color_all=\u00bb#e0e0e0&#8243; border_width_right_tablet=\u00bb0px\u00bb border_width_right_phone=\u00bb0px\u00bb border_width_right_last_edited=\u00bbon|desktop\u00bb global_colors_info=\u00bb{}\u00bb][et_pb_gallery gallery_ids=\u00bb40549,40550,40551,40552,40553,40554,40555,40556,40557,40558&#8243; posts_number=\u00bb8&#8243; show_title_and_caption=\u00bboff\u00bb zoom_icon_color=\u00bb#E02B20&#8243; hover_overlay_color=\u00bb#FFFFFF\u00bb hover_icon=\u00bb&#x54;||divi||400&#8243; _builder_version=\u00bb4.17.4&#8243; _module_preset=\u00bbdefault\u00bb title_font_size=\u00bb0px\u00bb width=\u00bb100%\u00bb module_alignment=\u00bbcenter\u00bb global_colors_info=\u00bb{}\u00bb][\/et_pb_gallery][\/et_pb_column][\/et_pb_row][\/et_pb_section]<\/p>\n<span class=\"et_bloom_bottom_trigger\"><\/span>","protected":false},"excerpt":{"rendered":"<p>CONTENIDO EN ESPA\u00d1OL<\/p>","protected":false},"author":4,"featured_media":40555,"comment_status":"open","ping_status":"open","sticky":false,"template":"","format":"standard","meta":{"_et_pb_use_builder":"on","_et_pb_old_content":"","_et_gb_content_width":"","_monsterinsights_skip_tracking":false,"_monsterinsights_sitenote_active":false,"_monsterinsights_sitenote_note":"","_monsterinsights_sitenote_category":0,"_vp_format_video_url":"","_vp_image_focal_point":[],"footnotes":""},"categories":[59,7],"tags":[],"class_list":["post-40546","post","type-post","status-publish","format-standard","has-post-thumbnail","hentry","category-educacion-teologica","category-venezuela"],"yoast_head":"<!-- This site is optimized with the Yoast SEO Premium plugin v23.6 (Yoast SEO v27.4) - https:\/\/yoast.com\/product\/yoast-seo-premium-wordpress\/ -->\n<title>REAPERTURA DE N\u00daCLEOS DE ETED EN EL DISTRITO VENEZUELA LAGO | Iglesia del Nazareno Am\u00e9rica del Sur<\/title>\n<meta name=\"description\" content=\"Venezuela\" \/>\n<meta name=\"robots\" content=\"noindex, follow\" \/>\n<meta property=\"og:locale\" content=\"pt_BR\" \/>\n<meta property=\"og:type\" content=\"article\" \/>\n<meta property=\"og:title\" content=\"REAPERTURA DE N\u00daCLEOS DE ETED EN EL DISTRITO VENEZUELA LAGO | Iglesia del Nazareno Am\u00e9rica del Sur\" \/>\n<meta property=\"og:description\" content=\"Venezuela\" \/>\n<meta property=\"og:url\" content=\"https:\/\/www.samnaz.org\/pt\/reapertura-de-nucleos-de-eted-en-el-distrito-venezuela-lago\/\" \/>\n<meta property=\"og:site_name\" content=\"Iglesia del Nazareno Am\u00e9rica del Sur\" \/>\n<meta property=\"article:publisher\" content=\"https:\/\/www.facebook.com\/NazarenoEsp\" \/>\n<meta property=\"article:published_time\" content=\"2022-07-12T23:16:47+00:00\" \/>\n<meta property=\"article:modified_time\" content=\"2022-08-01T03:57:54+00:00\" \/>\n<meta property=\"og:image\" content=\"https:\/\/www.samnaz.org\/wp-content\/uploads\/2022\/07\/IMG_20220523_183014-scaled.jpg\" \/>\n\t<meta property=\"og:image:width\" content=\"2560\" \/>\n\t<meta property=\"og:image:height\" content=\"1923\" \/>\n\t<meta property=\"og:image:type\" content=\"image\/jpeg\" \/>\n<meta name=\"author\" content=\"Samnaz\" \/>\n<meta name=\"twitter:card\" content=\"summary_large_image\" \/>\n<meta name=\"twitter:label1\" content=\"Escrito por\" \/>\n\t<meta name=\"twitter:data1\" content=\"Samnaz\" \/>\n\t<meta name=\"twitter:label2\" content=\"Est. tempo de leitura\" \/>\n\t<meta name=\"twitter:data2\" content=\"1 minuto\" \/>\n<script type=\"application\/ld+json\" class=\"yoast-schema-graph\">{\"@context\":\"https:\\\/\\\/schema.org\",\"@graph\":[{\"@type\":\"Article\",\"@id\":\"https:\\\/\\\/www.samnaz.org\\\/pt\\\/reapertura-de-nucleos-de-eted-en-el-distrito-venezuela-lago\\\/#article\",\"isPartOf\":{\"@id\":\"https:\\\/\\\/www.samnaz.org\\\/pt\\\/reapertura-de-nucleos-de-eted-en-el-distrito-venezuela-lago\\\/\"},\"author\":{\"name\":\"Samnaz\",\"@id\":\"https:\\\/\\\/www.samnaz.org\\\/#\\\/schema\\\/person\\\/c09d1131c49ba510c7e1cbb677b39927\"},\"headline\":\"REAPERTURA DE N\u00daCLEOS DE ETED EN EL DISTRITO VENEZUELA LAGO\",\"datePublished\":\"2022-07-12T23:16:47+00:00\",\"dateModified\":\"2022-08-01T03:57:54+00:00\",\"mainEntityOfPage\":{\"@id\":\"https:\\\/\\\/www.samnaz.org\\\/pt\\\/reapertura-de-nucleos-de-eted-en-el-distrito-venezuela-lago\\\/\"},\"wordCount\":295,\"commentCount\":0,\"publisher\":{\"@id\":\"https:\\\/\\\/www.samnaz.org\\\/#organization\"},\"image\":{\"@id\":\"https:\\\/\\\/www.samnaz.org\\\/pt\\\/reapertura-de-nucleos-de-eted-en-el-distrito-venezuela-lago\\\/#primaryimage\"},\"thumbnailUrl\":\"https:\\\/\\\/www.samnaz.org\\\/wp-content\\\/uploads\\\/2022\\\/07\\\/IMG_20220523_183014-scaled.jpg\",\"articleSection\":[\"Educaci\u00f3n Teol\u00f3gica\",\"Venezuela\"],\"inLanguage\":\"pt-BR\",\"potentialAction\":[{\"@type\":\"CommentAction\",\"name\":\"Comment\",\"target\":[\"https:\\\/\\\/www.samnaz.org\\\/pt\\\/reapertura-de-nucleos-de-eted-en-el-distrito-venezuela-lago\\\/#respond\"]}]},{\"@type\":\"WebPage\",\"@id\":\"https:\\\/\\\/www.samnaz.org\\\/pt\\\/reapertura-de-nucleos-de-eted-en-el-distrito-venezuela-lago\\\/\",\"url\":\"https:\\\/\\\/www.samnaz.org\\\/pt\\\/reapertura-de-nucleos-de-eted-en-el-distrito-venezuela-lago\\\/\",\"name\":\"REAPERTURA DE N\u00daCLEOS DE ETED EN EL DISTRITO VENEZUELA LAGO | Iglesia del Nazareno Am\u00e9rica del Sur\",\"isPartOf\":{\"@id\":\"https:\\\/\\\/www.samnaz.org\\\/#website\"},\"primaryImageOfPage\":{\"@id\":\"https:\\\/\\\/www.samnaz.org\\\/pt\\\/reapertura-de-nucleos-de-eted-en-el-distrito-venezuela-lago\\\/#primaryimage\"},\"image\":{\"@id\":\"https:\\\/\\\/www.samnaz.org\\\/pt\\\/reapertura-de-nucleos-de-eted-en-el-distrito-venezuela-lago\\\/#primaryimage\"},\"thumbnailUrl\":\"https:\\\/\\\/www.samnaz.org\\\/wp-content\\\/uploads\\\/2022\\\/07\\\/IMG_20220523_183014-scaled.jpg\",\"datePublished\":\"2022-07-12T23:16:47+00:00\",\"dateModified\":\"2022-08-01T03:57:54+00:00\",\"description\":\"Venezuela\",\"inLanguage\":\"pt-BR\",\"potentialAction\":[{\"@type\":\"ReadAction\",\"target\":[\"https:\\\/\\\/www.samnaz.org\\\/pt\\\/reapertura-de-nucleos-de-eted-en-el-distrito-venezuela-lago\\\/\"]}]},{\"@type\":\"ImageObject\",\"inLanguage\":\"pt-BR\",\"@id\":\"https:\\\/\\\/www.samnaz.org\\\/pt\\\/reapertura-de-nucleos-de-eted-en-el-distrito-venezuela-lago\\\/#primaryimage\",\"url\":\"https:\\\/\\\/www.samnaz.org\\\/wp-content\\\/uploads\\\/2022\\\/07\\\/IMG_20220523_183014-scaled.jpg\",\"contentUrl\":\"https:\\\/\\\/www.samnaz.org\\\/wp-content\\\/uploads\\\/2022\\\/07\\\/IMG_20220523_183014-scaled.jpg\",\"width\":2560,\"height\":1923},{\"@type\":\"WebSite\",\"@id\":\"https:\\\/\\\/www.samnaz.org\\\/#website\",\"url\":\"https:\\\/\\\/www.samnaz.org\\\/\",\"name\":\"Haciendo Disc\u00edpulos Semejantes a Cristo en las naciones\",\"description\":\"Haciendo disc\u00edpulos semejantes a Cristo en las Naciones\",\"publisher\":{\"@id\":\"https:\\\/\\\/www.samnaz.org\\\/#organization\"},\"alternateName\":\"Viviendo la Gran Comisi\u00f3n\",\"potentialAction\":[{\"@type\":\"SearchAction\",\"target\":{\"@type\":\"EntryPoint\",\"urlTemplate\":\"https:\\\/\\\/www.samnaz.org\\\/?s={search_term_string}\"},\"query-input\":{\"@type\":\"PropertyValueSpecification\",\"valueRequired\":true,\"valueName\":\"search_term_string\"}}],\"inLanguage\":\"pt-BR\"},{\"@type\":\"Organization\",\"@id\":\"https:\\\/\\\/www.samnaz.org\\\/#organization\",\"name\":\"Iglesia del Nazareno Am\u00e9rica del Sur\",\"url\":\"https:\\\/\\\/www.samnaz.org\\\/\",\"logo\":{\"@type\":\"ImageObject\",\"inLanguage\":\"pt-BR\",\"@id\":\"https:\\\/\\\/www.samnaz.org\\\/#\\\/schema\\\/logo\\\/image\\\/\",\"url\":\"https:\\\/\\\/www.samnaz.org\\\/wp-content\\\/uploads\\\/2021\\\/04\\\/Logo-3-ESP.png\",\"contentUrl\":\"https:\\\/\\\/www.samnaz.org\\\/wp-content\\\/uploads\\\/2021\\\/04\\\/Logo-3-ESP.png\",\"width\":1041,\"height\":780,\"caption\":\"Iglesia del Nazareno Am\u00e9rica del Sur\"},\"image\":{\"@id\":\"https:\\\/\\\/www.samnaz.org\\\/#\\\/schema\\\/logo\\\/image\\\/\"},\"sameAs\":[\"https:\\\/\\\/www.facebook.com\\\/NazarenoEsp\",\"https:\\\/\\\/www.instagram.com\\\/nazarenoesp\\\/\"],\"publishingPrinciples\":\"https:\\\/\\\/www.samnaz.org\\\/\"},{\"@type\":\"Person\",\"@id\":\"https:\\\/\\\/www.samnaz.org\\\/#\\\/schema\\\/person\\\/c09d1131c49ba510c7e1cbb677b39927\",\"name\":\"Samnaz\",\"image\":{\"@type\":\"ImageObject\",\"inLanguage\":\"pt-BR\",\"@id\":\"https:\\\/\\\/secure.gravatar.com\\\/avatar\\\/a5baaf0e270319d09c0efce6a9dd03ff93175913c70afe26595c0069c83fa6dc?s=96&d=mm&r=g\",\"url\":\"https:\\\/\\\/secure.gravatar.com\\\/avatar\\\/a5baaf0e270319d09c0efce6a9dd03ff93175913c70afe26595c0069c83fa6dc?s=96&d=mm&r=g\",\"contentUrl\":\"https:\\\/\\\/secure.gravatar.com\\\/avatar\\\/a5baaf0e270319d09c0efce6a9dd03ff93175913c70afe26595c0069c83fa6dc?s=96&d=mm&r=g\",\"caption\":\"Samnaz\"}}]}<\/script>\n<!-- \/ Yoast SEO Premium plugin. -->","yoast_head_json":{"title":"REAPERTURA DE N\u00daCLEOS DE ETED EN EL DISTRITO VENEZUELA LAGO | Iglesia del Nazareno Am\u00e9rica del Sur","description":"Venezuela","robots":{"index":"noindex","follow":"follow"},"og_locale":"pt_BR","og_type":"article","og_title":"REAPERTURA DE N\u00daCLEOS DE ETED EN EL DISTRITO VENEZUELA LAGO | Iglesia del Nazareno Am\u00e9rica del Sur","og_description":"Venezuela","og_url":"https:\/\/www.samnaz.org\/pt\/reapertura-de-nucleos-de-eted-en-el-distrito-venezuela-lago\/","og_site_name":"Iglesia del Nazareno Am\u00e9rica del Sur","article_publisher":"https:\/\/www.facebook.com\/NazarenoEsp","article_published_time":"2022-07-12T23:16:47+00:00","article_modified_time":"2022-08-01T03:57:54+00:00","og_image":[{"width":2560,"height":1923,"url":"https:\/\/www.samnaz.org\/wp-content\/uploads\/2022\/07\/IMG_20220523_183014-scaled.jpg","type":"image\/jpeg"}],"author":"Samnaz","twitter_card":"summary_large_image","twitter_misc":{"Escrito por":"Samnaz","Est. tempo de leitura":"1 minuto"},"schema":{"@context":"https:\/\/schema.org","@graph":[{"@type":"Article","@id":"https:\/\/www.samnaz.org\/pt\/reapertura-de-nucleos-de-eted-en-el-distrito-venezuela-lago\/#article","isPartOf":{"@id":"https:\/\/www.samnaz.org\/pt\/reapertura-de-nucleos-de-eted-en-el-distrito-venezuela-lago\/"},"author":{"name":"Samnaz","@id":"https:\/\/www.samnaz.org\/#\/schema\/person\/c09d1131c49ba510c7e1cbb677b39927"},"headline":"REAPERTURA DE N\u00daCLEOS DE ETED EN EL DISTRITO VENEZUELA LAGO","datePublished":"2022-07-12T23:16:47+00:00","dateModified":"2022-08-01T03:57:54+00:00","mainEntityOfPage":{"@id":"https:\/\/www.samnaz.org\/pt\/reapertura-de-nucleos-de-eted-en-el-distrito-venezuela-lago\/"},"wordCount":295,"commentCount":0,"publisher":{"@id":"https:\/\/www.samnaz.org\/#organization"},"image":{"@id":"https:\/\/www.samnaz.org\/pt\/reapertura-de-nucleos-de-eted-en-el-distrito-venezuela-lago\/#primaryimage"},"thumbnailUrl":"https:\/\/www.samnaz.org\/wp-content\/uploads\/2022\/07\/IMG_20220523_183014-scaled.jpg","articleSection":["Educaci\u00f3n Teol\u00f3gica","Venezuela"],"inLanguage":"pt-BR","potentialAction":[{"@type":"CommentAction","name":"Comment","target":["https:\/\/www.samnaz.org\/pt\/reapertura-de-nucleos-de-eted-en-el-distrito-venezuela-lago\/#respond"]}]},{"@type":"WebPage","@id":"https:\/\/www.samnaz.org\/pt\/reapertura-de-nucleos-de-eted-en-el-distrito-venezuela-lago\/","url":"https:\/\/www.samnaz.org\/pt\/reapertura-de-nucleos-de-eted-en-el-distrito-venezuela-lago\/","name":"REAPERTURA DE N\u00daCLEOS DE ETED EN EL DISTRITO VENEZUELA LAGO | Iglesia del Nazareno Am\u00e9rica del Sur","isPartOf":{"@id":"https:\/\/www.samnaz.org\/#website"},"primaryImageOfPage":{"@id":"https:\/\/www.samnaz.org\/pt\/reapertura-de-nucleos-de-eted-en-el-distrito-venezuela-lago\/#primaryimage"},"image":{"@id":"https:\/\/www.samnaz.org\/pt\/reapertura-de-nucleos-de-eted-en-el-distrito-venezuela-lago\/#primaryimage"},"thumbnailUrl":"https:\/\/www.samnaz.org\/wp-content\/uploads\/2022\/07\/IMG_20220523_183014-scaled.jpg","datePublished":"2022-07-12T23:16:47+00:00","dateModified":"2022-08-01T03:57:54+00:00","description":"Venezuela","inLanguage":"pt-BR","potentialAction":[{"@type":"ReadAction","target":["https:\/\/www.samnaz.org\/pt\/reapertura-de-nucleos-de-eted-en-el-distrito-venezuela-lago\/"]}]},{"@type":"ImageObject","inLanguage":"pt-BR","@id":"https:\/\/www.samnaz.org\/pt\/reapertura-de-nucleos-de-eted-en-el-distrito-venezuela-lago\/#primaryimage","url":"https:\/\/www.samnaz.org\/wp-content\/uploads\/2022\/07\/IMG_20220523_183014-scaled.jpg","contentUrl":"https:\/\/www.samnaz.org\/wp-content\/uploads\/2022\/07\/IMG_20220523_183014-scaled.jpg","width":2560,"height":1923},{"@type":"WebSite","@id":"https:\/\/www.samnaz.org\/#website","url":"https:\/\/www.samnaz.org\/","name":"Haciendo Disc\u00edpulos Semejantes a Cristo en las naciones","description":"Haciendo disc\u00edpulos semejantes a Cristo en las Naciones","publisher":{"@id":"https:\/\/www.samnaz.org\/#organization"},"alternateName":"Viviendo la Gran Comisi\u00f3n","potentialAction":[{"@type":"SearchAction","target":{"@type":"EntryPoint","urlTemplate":"https:\/\/www.samnaz.org\/?s={search_term_string}"},"query-input":{"@type":"PropertyValueSpecification","valueRequired":true,"valueName":"search_term_string"}}],"inLanguage":"pt-BR"},{"@type":"Organization","@id":"https:\/\/www.samnaz.org\/#organization","name":"Iglesia del Nazareno Am\u00e9rica del Sur","url":"https:\/\/www.samnaz.org\/","logo":{"@type":"ImageObject","inLanguage":"pt-BR","@id":"https:\/\/www.samnaz.org\/#\/schema\/logo\/image\/","url":"https:\/\/www.samnaz.org\/wp-content\/uploads\/2021\/04\/Logo-3-ESP.png","contentUrl":"https:\/\/www.samnaz.org\/wp-content\/uploads\/2021\/04\/Logo-3-ESP.png","width":1041,"height":780,"caption":"Iglesia del Nazareno Am\u00e9rica del Sur"},"image":{"@id":"https:\/\/www.samnaz.org\/#\/schema\/logo\/image\/"},"sameAs":["https:\/\/www.facebook.com\/NazarenoEsp","https:\/\/www.instagram.com\/nazarenoesp\/"],"publishingPrinciples":"https:\/\/www.samnaz.org\/"},{"@type":"Person","@id":"https:\/\/www.samnaz.org\/#\/schema\/person\/c09d1131c49ba510c7e1cbb677b39927","name":"Samnaz","image":{"@type":"ImageObject","inLanguage":"pt-BR","@id":"https:\/\/secure.gravatar.com\/avatar\/a5baaf0e270319d09c0efce6a9dd03ff93175913c70afe26595c0069c83fa6dc?s=96&d=mm&r=g","url":"https:\/\/secure.gravatar.com\/avatar\/a5baaf0e270319d09c0efce6a9dd03ff93175913c70afe26595c0069c83fa6dc?s=96&d=mm&r=g","contentUrl":"https:\/\/secure.gravatar.com\/avatar\/a5baaf0e270319d09c0efce6a9dd03ff93175913c70afe26595c0069c83fa6dc?s=96&d=mm&r=g","caption":"Samnaz"}}]}},"_links":{"self":[{"href":"https:\/\/www.samnaz.org\/pt\/wp-json\/wp\/v2\/posts\/40546","targetHints":{"allow":["GET"]}}],"collection":[{"href":"https:\/\/www.samnaz.org\/pt\/wp-json\/wp\/v2\/posts"}],"about":[{"href":"https:\/\/www.samnaz.org\/pt\/wp-json\/wp\/v2\/types\/post"}],"author":[{"embeddable":true,"href":"https:\/\/www.samnaz.org\/pt\/wp-json\/wp\/v2\/users\/4"}],"replies":[{"embeddable":true,"href":"https:\/\/www.samnaz.org\/pt\/wp-json\/wp\/v2\/comments?post=40546"}],"version-history":[{"count":4,"href":"https:\/\/www.samnaz.org\/pt\/wp-json\/wp\/v2\/posts\/40546\/revisions"}],"predecessor-version":[{"id":40798,"href":"https:\/\/www.samnaz.org\/pt\/wp-json\/wp\/v2\/posts\/40546\/revisions\/40798"}],"wp:featuredmedia":[{"embeddable":true,"href":"https:\/\/www.samnaz.org\/pt\/wp-json\/wp\/v2\/media\/40555"}],"wp:attachment":[{"href":"https:\/\/www.samnaz.org\/pt\/wp-json\/wp\/v2\/media?parent=40546"}],"wp:term":[{"taxonomy":"category","embeddable":true,"href":"https:\/\/www.samnaz.org\/pt\/wp-json\/wp\/v2\/categories?post=40546"},{"taxonomy":"post_tag","embeddable":true,"href":"https:\/\/www.samnaz.org\/pt\/wp-json\/wp\/v2\/tags?post=40546"}],"curies":[{"name":"wp","href":"https:\/\/api.w.org\/{rel}","templated":true}]}}