{"id":41957,"date":"2022-12-26T09:46:34","date_gmt":"2022-12-26T12:46:34","guid":{"rendered":"https:\/\/www.samnaz.org\/?p=41957"},"modified":"2022-12-29T17:04:15","modified_gmt":"2022-12-29T20:04:15","slug":"jovenes-participan-de-una-guerra-de-colores-y-disfrutan-de-una-tarde-diferente-en-la-iglesia-del-nazareno-jesus-la-esperanza-el-limon-edo-aragua","status":"publish","type":"post","link":"https:\/\/www.samnaz.org\/pt\/jovenes-participan-de-una-guerra-de-colores-y-disfrutan-de-una-tarde-diferente-en-la-iglesia-del-nazareno-jesus-la-esperanza-el-limon-edo-aragua\/","title":{"rendered":"JOVENS PARTICIPAM DA \u201cGUERRA DAS CORES\u201d E APROVEITAM UMA TARDE DIFERENTE NA IGREJA DE NAZARENO JES\u00daS LA ESPERANZA \u201cEL LIM\u00d3N\u201d (EDO. ARAGUA)"},"content":{"rendered":"<p>[et_pb_section fb_built=\u00bb1&#8243; _builder_version=\u00bb4.16&#8243; _module_preset=\u00bbdefault\u00bb custom_padding=\u00bb0px||||false|false\u00bb global_colors_info=\u00bb{}\u00bb][et_pb_row disabled_on=\u00bbon|on|on\u00bb _builder_version=\u00bb4.16&#8243; _module_preset=\u00bbdefault\u00bb disabled=\u00bbon\u00bb global_colors_info=\u00bb{}\u00bb][et_pb_column type=\u00bb4_4&#8243; _builder_version=\u00bb4.16&#8243; _module_preset=\u00bbdefault\u00bb global_colors_info=\u00bb{}\u00bb][et_pb_text disabled_on=\u00bboff|off|off\u00bb _builder_version=\u00bb4.16&#8243; _module_preset=\u00bbdefault\u00bb text_text_color=\u00bb#0C71C3&#8243; text_font_size=\u00bb23px\u00bb text_orientation=\u00bbcenter\u00bb global_colors_info=\u00bb{}\u00bb]<\/p>\n<p>CONTENIDO EN ESPA\u00d1OL<\/p>\n<p>[\/et_pb_text][\/et_pb_column][\/et_pb_row][et_pb_row module_class=\u00bbespanol\u00bb _builder_version=\u00bb4.18.0&#8243; _module_preset=\u00bbdefault\u00bb width=\u00bb100%\u00bb global_colors_info=\u00bb{}\u00bb][et_pb_column type=\u00bb4_4&#8243; module_class=\u00bbcolLeft\u00bb _builder_version=\u00bb4.16&#8243; _module_preset=\u00bbdefault\u00bb custom_padding=\u00bb|50px|||false|false\u00bb custom_padding_tablet=\u00bb|20px||20px|false|true\u00bb custom_padding_phone=\u00bb\u00bb custom_padding_last_edited=\u00bbon|phone\u00bb border_color_all=\u00bb#e0e0e0&#8243; border_width_right_tablet=\u00bb0px\u00bb border_width_right_phone=\u00bb0px\u00bb border_width_right_last_edited=\u00bbon|desktop\u00bb global_colors_info=\u00bb{}\u00bb][et_pb_code admin_label=\u00bbCode\u00bb _builder_version=\u00bb4.16&#8243; _module_preset=\u00bbdefault\u00bb background_enable_color=\u00bboff\u00bb positioning=\u00bbabsolute\u00bb position_origin_a=\u00bbtop_right\u00bb vertical_offset=\u00bb10px\u00bb horizontal_offset=\u00bb50px\u00bb z_index=\u00bb137&#8243; vertical_offset_tablet=\u00bb\u00bb vertical_offset_phone=\u00bb-45px\u00bb vertical_offset_last_edited=\u00bbon|phone\u00bb horizontal_offset_tablet=\u00bb20px\u00bb horizontal_offset_phone=\u00bb\u00bb horizontal_offset_last_edited=\u00bbon|phone\u00bb position_origin_a_tablet=\u00bb\u00bb position_origin_a_phone=\u00bb\u00bb position_origin_a_last_edited=\u00bbon|desktop\u00bb position_origin_f_tablet=\u00bb\u00bb position_origin_f_phone=\u00bb\u00bb position_origin_f_last_edited=\u00bbon|desktop\u00bb position_origin_r_tablet=\u00bb\u00bb position_origin_r_phone=\u00bb\u00bb position_origin_r_last_edited=\u00bbon|desktop\u00bb text_orientation=\u00bbright\u00bb width=\u00bb160px\u00bb height=\u00bb30px\u00bb positioning_tablet=\u00bb\u00bb positioning_phone=\u00bb\u00bb positioning_last_edited=\u00bbon|desktop\u00bb global_colors_info=\u00bb{}\u00bb]<!-- AddToAny BEGIN --><!-- [et_pb_line_break_holder] --><a class=\"a2a_dd\" href=\"https:\/\/www.addtoany.com\/share\" style=\"background: black;<!-- [et_pb_line_break_holder] -->    font-size: 18px;<!-- [et_pb_line_break_holder] -->    color: white;<!-- [et_pb_line_break_holder] -->    padding: 10px;text-transform: uppercase;\u00bb><!-- [et_pb_line_break_holder] -->  <svg style=\"width: 20px;\" aria-hidden=\"true\" focusable=\"false\" data-prefix=\"fas\" data-icon=\"share-square\" role=\"img\" xmlns=\"http:\/\/www.w3.org\/2000\/svg\" viewbox=\"0 0 576 512\" data-fa-i2svg=\"\"><path fill=\"currentColor\" d=\"M568.482 177.448L424.479 313.433C409.3 327.768 384 317.14 384 295.985v-71.963c-144.575.97-205.566 35.113-164.775 171.353 4.483 14.973-12.846 26.567-25.006 17.33C155.252 383.105 120 326.488 120 269.339c0-143.937 117.599-172.5 264-173.312V24.012c0-21.174 25.317-31.768 40.479-17.448l144.003 135.988c10.02 9.463 10.028 25.425 0 34.896zM384 379.128V448H64V128h50.916a11.99 11.99 0 0 0 8.648-3.693c14.953-15.568 32.237-27.89 51.014-37.676C185.708 80.83 181.584 64 169.033 64H48C21.49 64 0 85.49 0 112v352c0 26.51 21.49 48 48 48h352c26.51 0 48-21.49 48-48v-88.806c0-8.288-8.197-14.066-16.011-11.302a71.83 71.83 0 0 1-34.189 3.377c-7.27-1.046-13.8 4.514-13.8 11.859z\"><\/path><\/svg><!-- [et_pb_line_break_holder] -->  COMPARTILHAR<!-- [et_pb_line_break_holder] --><\/a><!-- [et_pb_line_break_holder] --><script async src=\"https:\/\/static.addtoany.com\/menu\/page.js\"><\/script><!-- [et_pb_line_break_holder] --><!-- AddToAny END -->[\/et_pb_code][et_pb_text _builder_version=\u00bb4.19.4&#8243; _module_preset=\u00bbdefault\u00bb text_font=\u00bb|700||on|||||\u00bb text_font_size=\u00bb25px\u00bb width=\u00bb78%\u00bb width_tablet=\u00bb\u00bb width_phone=\u00bb100%\u00bb width_last_edited=\u00bbon|phone\u00bb custom_margin=\u00bb||5px|||\u00bb global_colors_info=\u00bb{}\u00bb]<\/p>\n<p>J\u00f3venes participan de una \u201cGuerra de Colores\u201d y disfrutan de una tarde diferente en la Iglesia del Nazareno Jes\u00fas La Esperanza \u201cEl Lim\u00f3n\u201d (Edo. Aragua)<\/p>\n<p>[\/et_pb_text][et_pb_post_title title=\u00bboff\u00bb comments=\u00bboff\u00bb module_class=\u00bbtituloNoti\u00bb _builder_version=\u00bb4.16&#8243; _module_preset=\u00bbdefault\u00bb width_tablet=\u00bb\u00bb width_phone=\u00bb\u00bb width_last_edited=\u00bbon|phone\u00bb custom_padding=\u00bb|0px|||false|false\u00bb custom_padding_tablet=\u00bb|0px|||false|false\u00bb custom_padding_phone=\u00bb|0px|||false|false\u00bb custom_padding_last_edited=\u00bbon|phone\u00bb border_color_right=\u00bb#e8e8e8&#8243; border_width_right_tablet=\u00bb0px\u00bb border_width_right_phone=\u00bb\u00bb border_width_right_last_edited=\u00bbon|desktop\u00bb global_colors_info=\u00bb{}\u00bb][\/et_pb_post_title][et_pb_text _builder_version=\u00bb4.19.4&#8243; _module_preset=\u00bbdefault\u00bb text_font_size=\u00bb17px\u00bb text_orientation=\u00bbjustified\u00bb global_colors_info=\u00bb{}\u00bb]<\/p>\n<p><strong>(CNAS Venezuela) <\/strong>Los j\u00f3venes de Venezuela est\u00e1n innovando cada d\u00eda su forma de atraer personas a Cristo. Si bien sabemos que hay algunos par\u00e1metros establecidos a lo largo de los a\u00f1os, cada uno de ellos tiene la autenticidad y gracia para dar vida a nuevas ideas que les son reveladas por el Esp\u00edritu Santo. Este 23 de Octubre del a\u00f1o en curso, el ministerio de j\u00f3venes de la Iglesia del Nazareno Jes\u00fas La Esperanza \u201cEl Lim\u00f3n\u201d realiz\u00f3 una actividad especial llamada \u201cGuerra de Colores\u201d con la participaci\u00f3n de 110 personas.<\/p>\n<p>&nbsp;<\/p>\n<p>Las guerras de colores son competencias tipo \u201crally\u201d, populares en actividades de campamento y espacios al aire libre, donde se establecen de 3 a 5 equipos, cada uno con un color representativo diferente. Los participantes deben llevar una pieza de ropa distintiva de alg\u00fan color favorito o que hayan acordado con los dem\u00e1s asistentes. Esta actividad tuvo una duraci\u00f3n de 4 horas, (desde las 4:30 p.m. hasta las 7:30 p.m.)<\/p>\n<p>El liderazgo juvenil enfoc\u00f3 la actividad en juegos de competencia, d\u00f3nde los 4 equipos lucharon por los primeros puestos, por su parte los l\u00edderes de equipo se encargaron de evangelizar con el plan de salvaci\u00f3n, explicando cada color y su significado al equipo. Para culminar, se les di\u00f3 una peque\u00f1a reflexi\u00f3n de parte del liderazgo, seguido de un refrigerio, pizza y un vaso de refresco. A los ganadores se les premi\u00f3 con el galard\u00f3n de primer lugar pero tambi\u00e9n se realizaron m\u00e1s premiaciones; como mejor equipo, mejor vestimenta y el premio al segundo lugar.<\/p>\n<p>&nbsp;<\/p>\n<p>Fue una actividad recreativa, que agrad\u00f3 a los participantes, as\u00ed como lo expres\u00f3 el joven Winston Inojosa \u201cMe gust\u00f3 mucho, estuvo muy divertida la actividad y espero que muy pronto vuelvan hacer otra actividad as\u00ed\u201d. Alexis Bencomo tambi\u00e9n coment\u00f3, \u201cLa actividad estuvo ch\u00e9vere, bien organizada y me gustaron los juegos. Me gust\u00f3 el plan de salvaci\u00f3n que nos ense\u00f1aron y el significado de cada color\u201d.<\/p>\n<p>&nbsp;<\/p>\n<p><strong>Fonte<\/strong>: <span>Comunicaciones Venezuela<\/span><\/p>\n<p>[\/et_pb_text][\/et_pb_column][\/et_pb_row][et_pb_row disabled_on=\u00bbon|on|on\u00bb _builder_version=\u00bb4.16&#8243; _module_preset=\u00bbdefault\u00bb disabled=\u00bbon\u00bb global_colors_info=\u00bb{}\u00bb][et_pb_column type=\u00bb4_4&#8243; _builder_version=\u00bb4.16&#8243; _module_preset=\u00bbdefault\u00bb global_colors_info=\u00bb{}\u00bb][et_pb_text disabled_on=\u00bboff|off|off\u00bb _builder_version=\u00bb4.16&#8243; _module_preset=\u00bbdefault\u00bb text_text_color=\u00bb#0C71C3&#8243; text_font_size=\u00bb23px\u00bb text_orientation=\u00bbcenter\u00bb global_colors_info=\u00bb{}\u00bb]<\/p>\n<p>CONTENIDO EN PORTUGUES<\/p>\n<p>[\/et_pb_text][\/et_pb_column][\/et_pb_row][et_pb_row module_class=\u00bbportugues\u00bb _builder_version=\u00bb4.16&#8243; _module_preset=\u00bbdefault\u00bb width=\u00bb100%\u00bb global_colors_info=\u00bb{}\u00bb][et_pb_column type=\u00bb4_4&#8243; module_class=\u00bbcolLeft\u00bb _builder_version=\u00bb4.16&#8243; _module_preset=\u00bbdefault\u00bb custom_padding=\u00bb|50px|||false|false\u00bb custom_padding_tablet=\u00bb|20px||20px|false|true\u00bb custom_padding_phone=\u00bb\u00bb custom_padding_last_edited=\u00bbon|phone\u00bb border_color_all=\u00bb#e0e0e0&#8243; border_width_right_tablet=\u00bb0px\u00bb border_width_right_phone=\u00bb0px\u00bb border_width_right_last_edited=\u00bbon|desktop\u00bb global_colors_info=\u00bb{}\u00bb][et_pb_code admin_label=\u00bbCode\u00bb _builder_version=\u00bb4.16&#8243; _module_preset=\u00bbdefault\u00bb background_enable_color=\u00bboff\u00bb positioning=\u00bbabsolute\u00bb position_origin_a=\u00bbtop_right\u00bb vertical_offset=\u00bb10px\u00bb horizontal_offset=\u00bb50px\u00bb z_index=\u00bb137&#8243; vertical_offset_tablet=\u00bb\u00bb vertical_offset_phone=\u00bb-45px\u00bb vertical_offset_last_edited=\u00bbon|phone\u00bb horizontal_offset_tablet=\u00bb20px\u00bb horizontal_offset_phone=\u00bb\u00bb horizontal_offset_last_edited=\u00bbon|phone\u00bb position_origin_a_tablet=\u00bb\u00bb position_origin_a_phone=\u00bb\u00bb position_origin_a_last_edited=\u00bbon|desktop\u00bb position_origin_f_tablet=\u00bb\u00bb position_origin_f_phone=\u00bb\u00bb position_origin_f_last_edited=\u00bbon|desktop\u00bb position_origin_r_tablet=\u00bb\u00bb position_origin_r_phone=\u00bb\u00bb position_origin_r_last_edited=\u00bbon|desktop\u00bb text_orientation=\u00bbright\u00bb width=\u00bb190px\u00bb height=\u00bb30px\u00bb positioning_tablet=\u00bb\u00bb positioning_phone=\u00bb\u00bb positioning_last_edited=\u00bbon|desktop\u00bb global_colors_info=\u00bb{}\u00bb]<!-- AddToAny BEGIN --><!-- [et_pb_line_break_holder] --><a class=\"a2a_dd\" href=\"https:\/\/www.addtoany.com\/share\" style=\"background: black;<!-- [et_pb_line_break_holder] -->    font-size: 18px;<!-- [et_pb_line_break_holder] -->    color: white;<!-- [et_pb_line_break_holder] -->    padding: 10px;text-transform: uppercase;\u00bb><!-- [et_pb_line_break_holder] -->  <svg style=\"width: 20px;\" aria-hidden=\"true\" focusable=\"false\" data-prefix=\"fas\" data-icon=\"share-square\" role=\"img\" xmlns=\"http:\/\/www.w3.org\/2000\/svg\" viewbox=\"0 0 576 512\" data-fa-i2svg=\"\"><path fill=\"currentColor\" d=\"M568.482 177.448L424.479 313.433C409.3 327.768 384 317.14 384 295.985v-71.963c-144.575.97-205.566 35.113-164.775 171.353 4.483 14.973-12.846 26.567-25.006 17.33C155.252 383.105 120 326.488 120 269.339c0-143.937 117.599-172.5 264-173.312V24.012c0-21.174 25.317-31.768 40.479-17.448l144.003 135.988c10.02 9.463 10.028 25.425 0 34.896zM384 379.128V448H64V128h50.916a11.99 11.99 0 0 0 8.648-3.693c14.953-15.568 32.237-27.89 51.014-37.676C185.708 80.83 181.584 64 169.033 64H48C21.49 64 0 85.49 0 112v352c0 26.51 21.49 48 48 48h352c26.51 0 48-21.49 48-48v-88.806c0-8.288-8.197-14.066-16.011-11.302a71.83 71.83 0 0 1-34.189 3.377c-7.27-1.046-13.8 4.514-13.8 11.859z\"><\/path><\/svg><!-- [et_pb_line_break_holder] -->  Compartilhar<!-- [et_pb_line_break_holder] --><\/a><!-- [et_pb_line_break_holder] --><script async src=\"https:\/\/static.addtoany.com\/menu\/page.js\"><\/script><!-- [et_pb_line_break_holder] --><!-- AddToAny END -->[\/et_pb_code][et_pb_text _builder_version=\u00bb4.19.4&#8243; _module_preset=\u00bbdefault\u00bb text_font=\u00bb|700||on|||||\u00bb text_font_size=\u00bb25px\u00bb width=\u00bb73%\u00bb width_tablet=\u00bb\u00bb width_phone=\u00bb100%\u00bb width_last_edited=\u00bbon|phone\u00bb custom_margin=\u00bb||5px|||\u00bb hover_enabled=\u00bb0&#8243; global_colors_info=\u00bb{}\u00bb sticky_enabled=\u00bb0&#8243;]<\/p>\n<p>JOVENS PARTICIPAM DE UMA <span>\u00a0\u201cGUERRA DE CORES \u201d E DESFRUTAM DE\u00a0 UMA TARDE DIFERENTE NA IGREJA DO NAZARENO JESUS A ESPERAN\u00c7A \u00a0\u201cEL LIM\u00d3N \u201d (ARAGUA)<\/span><\/p>\n<p>&nbsp;<\/p>\n<p>[\/et_pb_text][et_pb_post_title title=\u00bboff\u00bb comments=\u00bboff\u00bb module_class=\u00bbtituloNoti\u00bb _builder_version=\u00bb4.18.0&#8243; _module_preset=\u00bbdefault\u00bb width_tablet=\u00bb\u00bb width_phone=\u00bb\u00bb width_last_edited=\u00bbon|phone\u00bb custom_padding=\u00bb|0px|||false|false\u00bb custom_padding_tablet=\u00bb|0px|||false|false\u00bb custom_padding_phone=\u00bb|0px|||false|false\u00bb custom_padding_last_edited=\u00bbon|phone\u00bb border_color_right=\u00bb#e8e8e8&#8243; border_width_right_tablet=\u00bb0px\u00bb border_width_right_phone=\u00bb\u00bb border_width_right_last_edited=\u00bbon|desktop\u00bb global_colors_info=\u00bb{}\u00bb][\/et_pb_post_title][et_pb_text _builder_version=\u00bb4.19.4&#8243; _module_preset=\u00bbdefault\u00bb text_font_size=\u00bb17px\u00bb text_orientation=\u00bbjustified\u00bb hover_enabled=\u00bb0&#8243; global_colors_info=\u00bb{}\u00bb sticky_enabled=\u00bb0&#8243;]<\/p>\n<p><span>(CNAS VENEZUELA) Os jovens da Venezuela est\u00e3o inovando cada dia sua forma de atrair pessoas para Cristo. Embora sabemos que hajam alguns par<\/span><span class=\"Y2IQFc\" lang=\"pt\">\u00e2metros estabelecidos no decorrer dos anos, cada um deles t\u00eam a autenticidade e gra\u00e7a para dar vida a novas id\u00e9ias que s\u00e3o reveladas a eles pelo Esp\u00edrito Santo. No dia\u00a0 23 de Outubro deste ano, o minist\u00e9rio de jovens da Igreja do Nazareno Jesus la Esperanza <span>\u201c El Lim\u00f3n\u201d realizou uma atividade especial chamada \u201cGuerra de Cores\u201d com a participa\u00e7\u00e3o de 110 pessoas.\u00a0<\/span><\/span><\/p>\n<p><span class=\"Y2IQFc\" lang=\"pt\"><span>As guerras de cores s\u00e3o compet\u00eancias no estilo \u201cgincana\u201d popular em atividades de acampento e espa\u00e7os ao ar livre, onde se estabelecem de 3 \u00e1 5 equipes, cada um com uma cor de representa\u00e7\u00e3o diferente. Os participantes devem usar uma roupa distinta de alguma cor favorita ou que tenham entrado em acordo com os demais participantes. Esta atividade teve uma dura\u00e7\u00e3o de 4 horas, ( desde as 4:30 p.m at\u00e9 as 7:30 p.m)\u00a0<\/span><\/span><\/p>\n<p><span class=\"Y2IQFc\" lang=\"pt\"><span>A lideran\u00e7a juvenil focou a atividade em jogos de competi\u00e7\u00e3o, onde as 4 equipes lutaram pelos primeiros postos, os l\u00edderes das equipes pelo seu lado se encarregaram de evangelizar com o plano de salva\u00e7\u00e3o, explicando cada cor e seu significado a equipe. Para finalizar, foi dada uma pequena reflex\u00e3o de parte da lideran\u00e7a, seguido de um refrig\u00e9rio, pizza e um copo de bebida. Aos ganhadores foi dado um pr\u00eamio com um galard\u00e3o de primeiro lugar mas tamb\u00e9m se realizaram mais premia\u00e7\u00f5es, como o de melhor equipe, melhor vestimenta e o pr\u00eamio do segundo lugar.\u00a0<\/span><\/span><\/p>\n<p><span class=\"Y2IQFc\" lang=\"pt\"><span>Foi uma atividade recreativa, que agradou aos participantes , assim como expressou o jovem Winston Inojosa \u201cGostei muito, esteve muito divertida a atividade e espero que em breve fa\u00e7am outra atividade igual\u201d. Alexis Bencomo tamb\u00e9m comentou, \u201c A atividade esteve mmuito legal, bem organizada e gostei muito dos jogos. Gostei do plano de salva\u00e7\u00e3o que nos ensinaram e o significado da cada cor.\u00a0<\/span><\/span><\/p>\n<p><span class=\"Y2IQFc\" lang=\"pt\"><span><\/span><\/span><\/p>\n<p><span class=\"Y2IQFc\" lang=\"pt\"><span>Fonte: Comunica\u00e7\u00f5es Venezuela.<\/span><\/span><\/p>\n<p>[\/et_pb_text][\/et_pb_column][\/et_pb_row][et_pb_row _builder_version=\u00bb4.16&#8243; _module_preset=\u00bbdefault\u00bb width=\u00bb100%\u00bb global_colors_info=\u00bb{}\u00bb][et_pb_column type=\u00bb4_4&#8243; module_class=\u00bbcolLeft\u00bb _builder_version=\u00bb4.16&#8243; _module_preset=\u00bbdefault\u00bb custom_padding=\u00bb|50px|||false|false\u00bb custom_padding_tablet=\u00bb|20px||20px|false|true\u00bb custom_padding_phone=\u00bb\u00bb custom_padding_last_edited=\u00bbon|phone\u00bb border_color_all=\u00bb#e0e0e0&#8243; border_width_right_tablet=\u00bb0px\u00bb border_width_right_phone=\u00bb0px\u00bb border_width_right_last_edited=\u00bbon|desktop\u00bb global_colors_info=\u00bb{}\u00bb][et_pb_gallery gallery_ids=\u00bb41848,41847,41846,41845&#8243; posts_number=\u00bb8&#8243; show_title_and_caption=\u00bboff\u00bb zoom_icon_color=\u00bb#E02B20&#8243; hover_overlay_color=\u00bb#FFFFFF\u00bb hover_icon=\u00bb&#x54;||divi||400&#8243; _builder_version=\u00bb4.19.4&#8243; _module_preset=\u00bbdefault\u00bb title_font_size=\u00bb0px\u00bb width=\u00bb100%\u00bb module_alignment=\u00bbcenter\u00bb global_colors_info=\u00bb{}\u00bb][\/et_pb_gallery][\/et_pb_column][\/et_pb_row][\/et_pb_section]<\/p>\n<span class=\"et_bloom_bottom_trigger\"><\/span>","protected":false},"excerpt":{"rendered":"<p>CONTENIDO EN ESPA\u00d1OL<\/p>","protected":false},"author":4,"featured_media":41848,"comment_status":"open","ping_status":"open","sticky":false,"template":"","format":"standard","meta":{"_et_pb_use_builder":"on","_et_pb_old_content":"","_et_gb_content_width":"","_monsterinsights_skip_tracking":false,"_monsterinsights_sitenote_active":false,"_monsterinsights_sitenote_note":"","_monsterinsights_sitenote_category":0,"_vp_format_video_url":"","_vp_image_focal_point":[],"footnotes":""},"categories":[50,7],"tags":[],"class_list":["post-41957","post","type-post","status-publish","format-standard","has-post-thumbnail","hentry","category-jni","category-venezuela"],"yoast_head":"<!-- This site is optimized with the Yoast SEO Premium plugin v23.6 (Yoast SEO v27.5) - https:\/\/yoast.com\/product\/yoast-seo-premium-wordpress\/ -->\n<title>J\u00d3VENES PARTICIPAN DE UNA \u201cGUERRA DE COLORES\u201d Y DISFRUTAN DE UNA TARDE DIFERENTE EN LA IGLESIA DEL NAZARENO JES\u00daS LA ESPERANZA \u201cEL LIM\u00d3N\u201d (EDO. ARAGUA) | Iglesia del Nazareno Am\u00e9rica del Sur<\/title>\n<meta name=\"description\" content=\"JNI\" \/>\n<meta name=\"robots\" content=\"noindex, follow\" \/>\n<meta property=\"og:locale\" content=\"pt_BR\" \/>\n<meta property=\"og:type\" content=\"article\" \/>\n<meta property=\"og:title\" content=\"J\u00d3VENES PARTICIPAN DE UNA \u201cGUERRA DE COLORES\u201d Y DISFRUTAN DE UNA TARDE DIFERENTE EN LA IGLESIA DEL NAZARENO JES\u00daS LA ESPERANZA \u201cEL LIM\u00d3N\u201d (EDO. ARAGUA) | Iglesia del Nazareno Am\u00e9rica del Sur\" \/>\n<meta property=\"og:description\" content=\"JNI\" \/>\n<meta property=\"og:url\" content=\"https:\/\/www.samnaz.org\/pt\/jovenes-participan-de-una-guerra-de-colores-y-disfrutan-de-una-tarde-diferente-en-la-iglesia-del-nazareno-jesus-la-esperanza-el-limon-edo-aragua\/\" \/>\n<meta property=\"og:site_name\" content=\"Iglesia del Nazareno Am\u00e9rica del Sur\" \/>\n<meta property=\"article:publisher\" content=\"https:\/\/www.facebook.com\/NazarenoEsp\" \/>\n<meta property=\"article:published_time\" content=\"2022-12-26T12:46:34+00:00\" \/>\n<meta property=\"article:modified_time\" content=\"2022-12-29T20:04:15+00:00\" \/>\n<meta property=\"og:image\" content=\"https:\/\/www.samnaz.org\/wp-content\/uploads\/2022\/12\/guerradecolores4.png\" \/>\n\t<meta property=\"og:image:width\" content=\"717\" \/>\n\t<meta property=\"og:image:height\" content=\"373\" \/>\n\t<meta property=\"og:image:type\" content=\"image\/png\" \/>\n<meta name=\"author\" content=\"Samnaz\" \/>\n<meta name=\"twitter:card\" content=\"summary_large_image\" \/>\n<meta name=\"twitter:label1\" content=\"Escrito por\" \/>\n\t<meta name=\"twitter:data1\" content=\"Samnaz\" \/>\n<script type=\"application\/ld+json\" class=\"yoast-schema-graph\">{\"@context\":\"https:\\\/\\\/schema.org\",\"@graph\":[{\"@type\":\"Article\",\"@id\":\"https:\\\/\\\/www.samnaz.org\\\/jovenes-participan-de-una-guerra-de-colores-y-disfrutan-de-una-tarde-diferente-en-la-iglesia-del-nazareno-jesus-la-esperanza-el-limon-edo-aragua\\\/#article\",\"isPartOf\":{\"@id\":\"https:\\\/\\\/www.samnaz.org\\\/jovenes-participan-de-una-guerra-de-colores-y-disfrutan-de-una-tarde-diferente-en-la-iglesia-del-nazareno-jesus-la-esperanza-el-limon-edo-aragua\\\/\"},\"author\":{\"name\":\"Samnaz\",\"@id\":\"https:\\\/\\\/www.samnaz.org\\\/#\\\/schema\\\/person\\\/c09d1131c49ba510c7e1cbb677b39927\"},\"headline\":\"J\u00d3VENES PARTICIPAN DE UNA \u201cGUERRA DE COLORES\u201d Y DISFRUTAN DE UNA TARDE DIFERENTE EN LA IGLESIA DEL NAZARENO JES\u00daS LA ESPERANZA \u201cEL LIM\u00d3N\u201d (EDO. ARAGUA)\",\"datePublished\":\"2022-12-26T12:46:34+00:00\",\"dateModified\":\"2022-12-29T20:04:15+00:00\",\"mainEntityOfPage\":{\"@id\":\"https:\\\/\\\/www.samnaz.org\\\/jovenes-participan-de-una-guerra-de-colores-y-disfrutan-de-una-tarde-diferente-en-la-iglesia-del-nazareno-jesus-la-esperanza-el-limon-edo-aragua\\\/\"},\"wordCount\":312,\"commentCount\":0,\"publisher\":{\"@id\":\"https:\\\/\\\/www.samnaz.org\\\/#organization\"},\"image\":{\"@id\":\"https:\\\/\\\/www.samnaz.org\\\/jovenes-participan-de-una-guerra-de-colores-y-disfrutan-de-una-tarde-diferente-en-la-iglesia-del-nazareno-jesus-la-esperanza-el-limon-edo-aragua\\\/#primaryimage\"},\"thumbnailUrl\":\"https:\\\/\\\/www.samnaz.org\\\/wp-content\\\/uploads\\\/2022\\\/12\\\/guerradecolores4.png\",\"articleSection\":[\"JNI\",\"Venezuela\"],\"inLanguage\":\"pt-BR\",\"potentialAction\":[{\"@type\":\"CommentAction\",\"name\":\"Comment\",\"target\":[\"https:\\\/\\\/www.samnaz.org\\\/jovenes-participan-de-una-guerra-de-colores-y-disfrutan-de-una-tarde-diferente-en-la-iglesia-del-nazareno-jesus-la-esperanza-el-limon-edo-aragua\\\/#respond\"]}]},{\"@type\":\"WebPage\",\"@id\":\"https:\\\/\\\/www.samnaz.org\\\/jovenes-participan-de-una-guerra-de-colores-y-disfrutan-de-una-tarde-diferente-en-la-iglesia-del-nazareno-jesus-la-esperanza-el-limon-edo-aragua\\\/\",\"url\":\"https:\\\/\\\/www.samnaz.org\\\/jovenes-participan-de-una-guerra-de-colores-y-disfrutan-de-una-tarde-diferente-en-la-iglesia-del-nazareno-jesus-la-esperanza-el-limon-edo-aragua\\\/\",\"name\":\"J\u00d3VENES PARTICIPAN DE UNA \u201cGUERRA DE COLORES\u201d Y DISFRUTAN DE UNA TARDE DIFERENTE EN LA IGLESIA DEL NAZARENO JES\u00daS LA ESPERANZA \u201cEL LIM\u00d3N\u201d (EDO. ARAGUA) | Iglesia del Nazareno Am\u00e9rica del Sur\",\"isPartOf\":{\"@id\":\"https:\\\/\\\/www.samnaz.org\\\/#website\"},\"primaryImageOfPage\":{\"@id\":\"https:\\\/\\\/www.samnaz.org\\\/jovenes-participan-de-una-guerra-de-colores-y-disfrutan-de-una-tarde-diferente-en-la-iglesia-del-nazareno-jesus-la-esperanza-el-limon-edo-aragua\\\/#primaryimage\"},\"image\":{\"@id\":\"https:\\\/\\\/www.samnaz.org\\\/jovenes-participan-de-una-guerra-de-colores-y-disfrutan-de-una-tarde-diferente-en-la-iglesia-del-nazareno-jesus-la-esperanza-el-limon-edo-aragua\\\/#primaryimage\"},\"thumbnailUrl\":\"https:\\\/\\\/www.samnaz.org\\\/wp-content\\\/uploads\\\/2022\\\/12\\\/guerradecolores4.png\",\"datePublished\":\"2022-12-26T12:46:34+00:00\",\"dateModified\":\"2022-12-29T20:04:15+00:00\",\"description\":\"JNI\",\"inLanguage\":\"pt-BR\",\"potentialAction\":[{\"@type\":\"ReadAction\",\"target\":[\"https:\\\/\\\/www.samnaz.org\\\/jovenes-participan-de-una-guerra-de-colores-y-disfrutan-de-una-tarde-diferente-en-la-iglesia-del-nazareno-jesus-la-esperanza-el-limon-edo-aragua\\\/\"]}]},{\"@type\":\"ImageObject\",\"inLanguage\":\"pt-BR\",\"@id\":\"https:\\\/\\\/www.samnaz.org\\\/jovenes-participan-de-una-guerra-de-colores-y-disfrutan-de-una-tarde-diferente-en-la-iglesia-del-nazareno-jesus-la-esperanza-el-limon-edo-aragua\\\/#primaryimage\",\"url\":\"https:\\\/\\\/www.samnaz.org\\\/wp-content\\\/uploads\\\/2022\\\/12\\\/guerradecolores4.png\",\"contentUrl\":\"https:\\\/\\\/www.samnaz.org\\\/wp-content\\\/uploads\\\/2022\\\/12\\\/guerradecolores4.png\",\"width\":717,\"height\":373},{\"@type\":\"WebSite\",\"@id\":\"https:\\\/\\\/www.samnaz.org\\\/#website\",\"url\":\"https:\\\/\\\/www.samnaz.org\\\/\",\"name\":\"Haciendo Disc\u00edpulos Semejantes a Cristo en las naciones\",\"description\":\"Haciendo disc\u00edpulos semejantes a Cristo en las Naciones\",\"publisher\":{\"@id\":\"https:\\\/\\\/www.samnaz.org\\\/#organization\"},\"alternateName\":\"Viviendo la Gran Comisi\u00f3n\",\"potentialAction\":[{\"@type\":\"SearchAction\",\"target\":{\"@type\":\"EntryPoint\",\"urlTemplate\":\"https:\\\/\\\/www.samnaz.org\\\/?s={search_term_string}\"},\"query-input\":{\"@type\":\"PropertyValueSpecification\",\"valueRequired\":true,\"valueName\":\"search_term_string\"}}],\"inLanguage\":\"pt-BR\"},{\"@type\":\"Organization\",\"@id\":\"https:\\\/\\\/www.samnaz.org\\\/#organization\",\"name\":\"Iglesia del Nazareno Am\u00e9rica del Sur\",\"url\":\"https:\\\/\\\/www.samnaz.org\\\/\",\"logo\":{\"@type\":\"ImageObject\",\"inLanguage\":\"pt-BR\",\"@id\":\"https:\\\/\\\/www.samnaz.org\\\/#\\\/schema\\\/logo\\\/image\\\/\",\"url\":\"https:\\\/\\\/www.samnaz.org\\\/wp-content\\\/uploads\\\/2021\\\/04\\\/Logo-3-ESP.png\",\"contentUrl\":\"https:\\\/\\\/www.samnaz.org\\\/wp-content\\\/uploads\\\/2021\\\/04\\\/Logo-3-ESP.png\",\"width\":1041,\"height\":780,\"caption\":\"Iglesia del Nazareno Am\u00e9rica del Sur\"},\"image\":{\"@id\":\"https:\\\/\\\/www.samnaz.org\\\/#\\\/schema\\\/logo\\\/image\\\/\"},\"sameAs\":[\"https:\\\/\\\/www.facebook.com\\\/NazarenoEsp\",\"https:\\\/\\\/www.instagram.com\\\/nazarenoesp\\\/\"],\"publishingPrinciples\":\"https:\\\/\\\/www.samnaz.org\\\/\"},{\"@type\":\"Person\",\"@id\":\"https:\\\/\\\/www.samnaz.org\\\/#\\\/schema\\\/person\\\/c09d1131c49ba510c7e1cbb677b39927\",\"name\":\"Samnaz\",\"image\":{\"@type\":\"ImageObject\",\"inLanguage\":\"pt-BR\",\"@id\":\"https:\\\/\\\/secure.gravatar.com\\\/avatar\\\/a5baaf0e270319d09c0efce6a9dd03ff93175913c70afe26595c0069c83fa6dc?s=96&d=mm&r=g\",\"url\":\"https:\\\/\\\/secure.gravatar.com\\\/avatar\\\/a5baaf0e270319d09c0efce6a9dd03ff93175913c70afe26595c0069c83fa6dc?s=96&d=mm&r=g\",\"contentUrl\":\"https:\\\/\\\/secure.gravatar.com\\\/avatar\\\/a5baaf0e270319d09c0efce6a9dd03ff93175913c70afe26595c0069c83fa6dc?s=96&d=mm&r=g\",\"caption\":\"Samnaz\"}}]}<\/script>\n<!-- \/ Yoast SEO Premium plugin. -->","yoast_head_json":{"title":"J\u00d3VENES PARTICIPAN DE UNA \u201cGUERRA DE COLORES\u201d Y DISFRUTAN DE UNA TARDE DIFERENTE EN LA IGLESIA DEL NAZARENO JES\u00daS LA ESPERANZA \u201cEL LIM\u00d3N\u201d (EDO. ARAGUA) | Iglesia del Nazareno Am\u00e9rica del Sur","description":"JNI","robots":{"index":"noindex","follow":"follow"},"og_locale":"pt_BR","og_type":"article","og_title":"J\u00d3VENES PARTICIPAN DE UNA \u201cGUERRA DE COLORES\u201d Y DISFRUTAN DE UNA TARDE DIFERENTE EN LA IGLESIA DEL NAZARENO JES\u00daS LA ESPERANZA \u201cEL LIM\u00d3N\u201d (EDO. ARAGUA) | Iglesia del Nazareno Am\u00e9rica del Sur","og_description":"JNI","og_url":"https:\/\/www.samnaz.org\/pt\/jovenes-participan-de-una-guerra-de-colores-y-disfrutan-de-una-tarde-diferente-en-la-iglesia-del-nazareno-jesus-la-esperanza-el-limon-edo-aragua\/","og_site_name":"Iglesia del Nazareno Am\u00e9rica del Sur","article_publisher":"https:\/\/www.facebook.com\/NazarenoEsp","article_published_time":"2022-12-26T12:46:34+00:00","article_modified_time":"2022-12-29T20:04:15+00:00","og_image":[{"width":717,"height":373,"url":"https:\/\/www.samnaz.org\/wp-content\/uploads\/2022\/12\/guerradecolores4.png","type":"image\/png"}],"author":"Samnaz","twitter_card":"summary_large_image","twitter_misc":{"Escrito por":"Samnaz"},"schema":{"@context":"https:\/\/schema.org","@graph":[{"@type":"Article","@id":"https:\/\/www.samnaz.org\/jovenes-participan-de-una-guerra-de-colores-y-disfrutan-de-una-tarde-diferente-en-la-iglesia-del-nazareno-jesus-la-esperanza-el-limon-edo-aragua\/#article","isPartOf":{"@id":"https:\/\/www.samnaz.org\/jovenes-participan-de-una-guerra-de-colores-y-disfrutan-de-una-tarde-diferente-en-la-iglesia-del-nazareno-jesus-la-esperanza-el-limon-edo-aragua\/"},"author":{"name":"Samnaz","@id":"https:\/\/www.samnaz.org\/#\/schema\/person\/c09d1131c49ba510c7e1cbb677b39927"},"headline":"J\u00d3VENES PARTICIPAN DE UNA \u201cGUERRA DE COLORES\u201d Y DISFRUTAN DE UNA TARDE DIFERENTE EN LA IGLESIA DEL NAZARENO JES\u00daS LA ESPERANZA \u201cEL LIM\u00d3N\u201d (EDO. ARAGUA)","datePublished":"2022-12-26T12:46:34+00:00","dateModified":"2022-12-29T20:04:15+00:00","mainEntityOfPage":{"@id":"https:\/\/www.samnaz.org\/jovenes-participan-de-una-guerra-de-colores-y-disfrutan-de-una-tarde-diferente-en-la-iglesia-del-nazareno-jesus-la-esperanza-el-limon-edo-aragua\/"},"wordCount":312,"commentCount":0,"publisher":{"@id":"https:\/\/www.samnaz.org\/#organization"},"image":{"@id":"https:\/\/www.samnaz.org\/jovenes-participan-de-una-guerra-de-colores-y-disfrutan-de-una-tarde-diferente-en-la-iglesia-del-nazareno-jesus-la-esperanza-el-limon-edo-aragua\/#primaryimage"},"thumbnailUrl":"https:\/\/www.samnaz.org\/wp-content\/uploads\/2022\/12\/guerradecolores4.png","articleSection":["JNI","Venezuela"],"inLanguage":"pt-BR","potentialAction":[{"@type":"CommentAction","name":"Comment","target":["https:\/\/www.samnaz.org\/jovenes-participan-de-una-guerra-de-colores-y-disfrutan-de-una-tarde-diferente-en-la-iglesia-del-nazareno-jesus-la-esperanza-el-limon-edo-aragua\/#respond"]}]},{"@type":"WebPage","@id":"https:\/\/www.samnaz.org\/jovenes-participan-de-una-guerra-de-colores-y-disfrutan-de-una-tarde-diferente-en-la-iglesia-del-nazareno-jesus-la-esperanza-el-limon-edo-aragua\/","url":"https:\/\/www.samnaz.org\/jovenes-participan-de-una-guerra-de-colores-y-disfrutan-de-una-tarde-diferente-en-la-iglesia-del-nazareno-jesus-la-esperanza-el-limon-edo-aragua\/","name":"J\u00d3VENES PARTICIPAN DE UNA \u201cGUERRA DE COLORES\u201d Y DISFRUTAN DE UNA TARDE DIFERENTE EN LA IGLESIA DEL NAZARENO JES\u00daS LA ESPERANZA \u201cEL LIM\u00d3N\u201d (EDO. ARAGUA) | Iglesia del Nazareno Am\u00e9rica del Sur","isPartOf":{"@id":"https:\/\/www.samnaz.org\/#website"},"primaryImageOfPage":{"@id":"https:\/\/www.samnaz.org\/jovenes-participan-de-una-guerra-de-colores-y-disfrutan-de-una-tarde-diferente-en-la-iglesia-del-nazareno-jesus-la-esperanza-el-limon-edo-aragua\/#primaryimage"},"image":{"@id":"https:\/\/www.samnaz.org\/jovenes-participan-de-una-guerra-de-colores-y-disfrutan-de-una-tarde-diferente-en-la-iglesia-del-nazareno-jesus-la-esperanza-el-limon-edo-aragua\/#primaryimage"},"thumbnailUrl":"https:\/\/www.samnaz.org\/wp-content\/uploads\/2022\/12\/guerradecolores4.png","datePublished":"2022-12-26T12:46:34+00:00","dateModified":"2022-12-29T20:04:15+00:00","description":"JNI","inLanguage":"pt-BR","potentialAction":[{"@type":"ReadAction","target":["https:\/\/www.samnaz.org\/jovenes-participan-de-una-guerra-de-colores-y-disfrutan-de-una-tarde-diferente-en-la-iglesia-del-nazareno-jesus-la-esperanza-el-limon-edo-aragua\/"]}]},{"@type":"ImageObject","inLanguage":"pt-BR","@id":"https:\/\/www.samnaz.org\/jovenes-participan-de-una-guerra-de-colores-y-disfrutan-de-una-tarde-diferente-en-la-iglesia-del-nazareno-jesus-la-esperanza-el-limon-edo-aragua\/#primaryimage","url":"https:\/\/www.samnaz.org\/wp-content\/uploads\/2022\/12\/guerradecolores4.png","contentUrl":"https:\/\/www.samnaz.org\/wp-content\/uploads\/2022\/12\/guerradecolores4.png","width":717,"height":373},{"@type":"WebSite","@id":"https:\/\/www.samnaz.org\/#website","url":"https:\/\/www.samnaz.org\/","name":"Haciendo Disc\u00edpulos Semejantes a Cristo en las naciones","description":"Haciendo disc\u00edpulos semejantes a Cristo en las Naciones","publisher":{"@id":"https:\/\/www.samnaz.org\/#organization"},"alternateName":"Viviendo la Gran Comisi\u00f3n","potentialAction":[{"@type":"SearchAction","target":{"@type":"EntryPoint","urlTemplate":"https:\/\/www.samnaz.org\/?s={search_term_string}"},"query-input":{"@type":"PropertyValueSpecification","valueRequired":true,"valueName":"search_term_string"}}],"inLanguage":"pt-BR"},{"@type":"Organization","@id":"https:\/\/www.samnaz.org\/#organization","name":"Iglesia del Nazareno Am\u00e9rica del Sur","url":"https:\/\/www.samnaz.org\/","logo":{"@type":"ImageObject","inLanguage":"pt-BR","@id":"https:\/\/www.samnaz.org\/#\/schema\/logo\/image\/","url":"https:\/\/www.samnaz.org\/wp-content\/uploads\/2021\/04\/Logo-3-ESP.png","contentUrl":"https:\/\/www.samnaz.org\/wp-content\/uploads\/2021\/04\/Logo-3-ESP.png","width":1041,"height":780,"caption":"Iglesia del Nazareno Am\u00e9rica del Sur"},"image":{"@id":"https:\/\/www.samnaz.org\/#\/schema\/logo\/image\/"},"sameAs":["https:\/\/www.facebook.com\/NazarenoEsp","https:\/\/www.instagram.com\/nazarenoesp\/"],"publishingPrinciples":"https:\/\/www.samnaz.org\/"},{"@type":"Person","@id":"https:\/\/www.samnaz.org\/#\/schema\/person\/c09d1131c49ba510c7e1cbb677b39927","name":"Samnaz","image":{"@type":"ImageObject","inLanguage":"pt-BR","@id":"https:\/\/secure.gravatar.com\/avatar\/a5baaf0e270319d09c0efce6a9dd03ff93175913c70afe26595c0069c83fa6dc?s=96&d=mm&r=g","url":"https:\/\/secure.gravatar.com\/avatar\/a5baaf0e270319d09c0efce6a9dd03ff93175913c70afe26595c0069c83fa6dc?s=96&d=mm&r=g","contentUrl":"https:\/\/secure.gravatar.com\/avatar\/a5baaf0e270319d09c0efce6a9dd03ff93175913c70afe26595c0069c83fa6dc?s=96&d=mm&r=g","caption":"Samnaz"}}]}},"_links":{"self":[{"href":"https:\/\/www.samnaz.org\/pt\/wp-json\/wp\/v2\/posts\/41957","targetHints":{"allow":["GET"]}}],"collection":[{"href":"https:\/\/www.samnaz.org\/pt\/wp-json\/wp\/v2\/posts"}],"about":[{"href":"https:\/\/www.samnaz.org\/pt\/wp-json\/wp\/v2\/types\/post"}],"author":[{"embeddable":true,"href":"https:\/\/www.samnaz.org\/pt\/wp-json\/wp\/v2\/users\/4"}],"replies":[{"embeddable":true,"href":"https:\/\/www.samnaz.org\/pt\/wp-json\/wp\/v2\/comments?post=41957"}],"version-history":[{"count":7,"href":"https:\/\/www.samnaz.org\/pt\/wp-json\/wp\/v2\/posts\/41957\/revisions"}],"predecessor-version":[{"id":42001,"href":"https:\/\/www.samnaz.org\/pt\/wp-json\/wp\/v2\/posts\/41957\/revisions\/42001"}],"wp:featuredmedia":[{"embeddable":true,"href":"https:\/\/www.samnaz.org\/pt\/wp-json\/wp\/v2\/media\/41848"}],"wp:attachment":[{"href":"https:\/\/www.samnaz.org\/pt\/wp-json\/wp\/v2\/media?parent=41957"}],"wp:term":[{"taxonomy":"category","embeddable":true,"href":"https:\/\/www.samnaz.org\/pt\/wp-json\/wp\/v2\/categories?post=41957"},{"taxonomy":"post_tag","embeddable":true,"href":"https:\/\/www.samnaz.org\/pt\/wp-json\/wp\/v2\/tags?post=41957"}],"curies":[{"name":"wp","href":"https:\/\/api.w.org\/{rel}","templated":true}]}}