{"id":41967,"date":"2022-12-26T09:59:21","date_gmt":"2022-12-26T12:59:21","guid":{"rendered":"https:\/\/www.samnaz.org\/?p=41967"},"modified":"2022-12-29T17:30:20","modified_gmt":"2022-12-29T20:30:20","slug":"iglesia-del-nazareno-renacer-e-iglesia-del-nazareno-luz-de-vida-bautizan-22-nuevos-miembros-en-el-oriente-de-venezuela","status":"publish","type":"post","link":"https:\/\/www.samnaz.org\/pt\/iglesia-del-nazareno-renacer-e-iglesia-del-nazareno-luz-de-vida-bautizan-22-nuevos-miembros-en-el-oriente-de-venezuela\/","title":{"rendered":"IGREJA DO NAZARENO \u201cRENACER\u201d E IGREJA DO NAZARENO \u201cLUZ DE VIDA\u201d BATIZAM 22 NOVOS MEMBROS NO ORIENTE DA VENEZUELA"},"content":{"rendered":"<p>[et_pb_section fb_built=\u00bb1&#8243; _builder_version=\u00bb4.16&#8243; _module_preset=\u00bbdefault\u00bb custom_padding=\u00bb0px||||false|false\u00bb global_colors_info=\u00bb{}\u00bb][et_pb_row disabled_on=\u00bbon|on|on\u00bb _builder_version=\u00bb4.16&#8243; _module_preset=\u00bbdefault\u00bb disabled=\u00bbon\u00bb global_colors_info=\u00bb{}\u00bb][et_pb_column type=\u00bb4_4&#8243; _builder_version=\u00bb4.16&#8243; _module_preset=\u00bbdefault\u00bb global_colors_info=\u00bb{}\u00bb][et_pb_text disabled_on=\u00bboff|off|off\u00bb _builder_version=\u00bb4.16&#8243; _module_preset=\u00bbdefault\u00bb text_text_color=\u00bb#0C71C3&#8243; text_font_size=\u00bb23px\u00bb text_orientation=\u00bbcenter\u00bb global_colors_info=\u00bb{}\u00bb]<\/p>\n<p>CONTENIDO EN ESPA\u00d1OL<\/p>\n<p>[\/et_pb_text][\/et_pb_column][\/et_pb_row][et_pb_row module_class=\u00bbespanol\u00bb _builder_version=\u00bb4.18.0&#8243; _module_preset=\u00bbdefault\u00bb width=\u00bb100%\u00bb global_colors_info=\u00bb{}\u00bb][et_pb_column type=\u00bb4_4&#8243; module_class=\u00bbcolLeft\u00bb _builder_version=\u00bb4.16&#8243; _module_preset=\u00bbdefault\u00bb custom_padding=\u00bb|50px|||false|false\u00bb custom_padding_tablet=\u00bb|20px||20px|false|true\u00bb custom_padding_phone=\u00bb\u00bb custom_padding_last_edited=\u00bbon|phone\u00bb border_color_all=\u00bb#e0e0e0&#8243; border_width_right_tablet=\u00bb0px\u00bb border_width_right_phone=\u00bb0px\u00bb border_width_right_last_edited=\u00bbon|desktop\u00bb global_colors_info=\u00bb{}\u00bb][et_pb_code admin_label=\u00bbCode\u00bb _builder_version=\u00bb4.16&#8243; _module_preset=\u00bbdefault\u00bb background_enable_color=\u00bboff\u00bb positioning=\u00bbabsolute\u00bb position_origin_a=\u00bbtop_right\u00bb vertical_offset=\u00bb10px\u00bb horizontal_offset=\u00bb50px\u00bb z_index=\u00bb137&#8243; vertical_offset_tablet=\u00bb\u00bb vertical_offset_phone=\u00bb-45px\u00bb vertical_offset_last_edited=\u00bbon|phone\u00bb horizontal_offset_tablet=\u00bb20px\u00bb horizontal_offset_phone=\u00bb\u00bb horizontal_offset_last_edited=\u00bbon|phone\u00bb position_origin_a_tablet=\u00bb\u00bb position_origin_a_phone=\u00bb\u00bb position_origin_a_last_edited=\u00bbon|desktop\u00bb position_origin_f_tablet=\u00bb\u00bb position_origin_f_phone=\u00bb\u00bb position_origin_f_last_edited=\u00bbon|desktop\u00bb position_origin_r_tablet=\u00bb\u00bb position_origin_r_phone=\u00bb\u00bb position_origin_r_last_edited=\u00bbon|desktop\u00bb text_orientation=\u00bbright\u00bb width=\u00bb160px\u00bb height=\u00bb30px\u00bb positioning_tablet=\u00bb\u00bb positioning_phone=\u00bb\u00bb positioning_last_edited=\u00bbon|desktop\u00bb global_colors_info=\u00bb{}\u00bb]<!-- AddToAny BEGIN --><!-- [et_pb_line_break_holder] --><a class=\"a2a_dd\" href=\"https:\/\/www.addtoany.com\/share\" style=\"background: black;<!-- [et_pb_line_break_holder] -->    font-size: 18px;<!-- [et_pb_line_break_holder] -->    color: white;<!-- [et_pb_line_break_holder] -->    padding: 10px;text-transform: uppercase;\u00bb><!-- [et_pb_line_break_holder] -->  <svg style=\"width: 20px;\" aria-hidden=\"true\" focusable=\"false\" data-prefix=\"fas\" data-icon=\"share-square\" role=\"img\" xmlns=\"http:\/\/www.w3.org\/2000\/svg\" viewbox=\"0 0 576 512\" data-fa-i2svg=\"\"><path fill=\"currentColor\" d=\"M568.482 177.448L424.479 313.433C409.3 327.768 384 317.14 384 295.985v-71.963c-144.575.97-205.566 35.113-164.775 171.353 4.483 14.973-12.846 26.567-25.006 17.33C155.252 383.105 120 326.488 120 269.339c0-143.937 117.599-172.5 264-173.312V24.012c0-21.174 25.317-31.768 40.479-17.448l144.003 135.988c10.02 9.463 10.028 25.425 0 34.896zM384 379.128V448H64V128h50.916a11.99 11.99 0 0 0 8.648-3.693c14.953-15.568 32.237-27.89 51.014-37.676C185.708 80.83 181.584 64 169.033 64H48C21.49 64 0 85.49 0 112v352c0 26.51 21.49 48 48 48h352c26.51 0 48-21.49 48-48v-88.806c0-8.288-8.197-14.066-16.011-11.302a71.83 71.83 0 0 1-34.189 3.377c-7.27-1.046-13.8 4.514-13.8 11.859z\"><\/path><\/svg><!-- [et_pb_line_break_holder] -->  COMPARTILHAR<!-- [et_pb_line_break_holder] --><\/a><!-- [et_pb_line_break_holder] --><script async src=\"https:\/\/static.addtoany.com\/menu\/page.js\"><\/script><!-- [et_pb_line_break_holder] --><!-- AddToAny END -->[\/et_pb_code][et_pb_text _builder_version=\u00bb4.19.4&#8243; _module_preset=\u00bbdefault\u00bb text_font=\u00bb|700||on|||||\u00bb text_font_size=\u00bb25px\u00bb width=\u00bb78%\u00bb width_tablet=\u00bb\u00bb width_phone=\u00bb100%\u00bb width_last_edited=\u00bbon|phone\u00bb custom_margin=\u00bb||5px|||\u00bb global_colors_info=\u00bb{}\u00bb]<\/p>\n<p>Iglesia del Nazareno \u201cRenacer\u201d e Iglesia del Nazareno \u201cLuz de Vida\u201d bautizan 22 nuevos miembros en el oriente de Venezuela<\/p>\n<p>[\/et_pb_text][et_pb_post_title title=\u00bboff\u00bb comments=\u00bboff\u00bb module_class=\u00bbtituloNoti\u00bb _builder_version=\u00bb4.16&#8243; _module_preset=\u00bbdefault\u00bb width_tablet=\u00bb\u00bb width_phone=\u00bb\u00bb width_last_edited=\u00bbon|phone\u00bb custom_padding=\u00bb|0px|||false|false\u00bb custom_padding_tablet=\u00bb|0px|||false|false\u00bb custom_padding_phone=\u00bb|0px|||false|false\u00bb custom_padding_last_edited=\u00bbon|phone\u00bb border_color_right=\u00bb#e8e8e8&#8243; border_width_right_tablet=\u00bb0px\u00bb border_width_right_phone=\u00bb\u00bb border_width_right_last_edited=\u00bbon|desktop\u00bb global_colors_info=\u00bb{}\u00bb][\/et_pb_post_title][et_pb_text _builder_version=\u00bb4.19.4&#8243; _module_preset=\u00bbdefault\u00bb text_font_size=\u00bb17px\u00bb text_orientation=\u00bbjustified\u00bb global_colors_info=\u00bb{}\u00bb]<\/p>\n<p><strong>(CNAS Venezuela) <\/strong>Los hermanos de las iglesias \u201cRenacer\u201d y \u201cLuz de Vida\u201d agradecen a Dios por el hermoso regalo y bendici\u00f3n de poder unirse como un solo cuerpo. Ambas iglesias celebraron, en conjunto, el bautismo de nuevos miembros y disc\u00edpulos. Este Domingo 23 de Octubre, se cumpli\u00f3 con la gran Comisi\u00f3n de llevar el evangelio a toda criatura bautizando a 22 personas en el nombre del Padre, del Hijo y del Esp\u00edritu Santo. De igual manera, se presentaron 4 ni\u00f1os de la iglesia del Nazareno \u201cLuz de Vida\u201d la cual sigue creciendo y expandiendo.<\/p>\n<p>&nbsp;<\/p>\n<p>Muchos de los presentes expresaron su contento con la actividad dando su testimonio, como Silmar Ortiz, qui\u00e9n coment\u00f3: \u201cPara m\u00ed saber que estoy haciendo un acto que Jes\u00fas tambi\u00e9n hizo se bautiz\u00f3 para m\u00ed es algo grandioso poder seguir sus pasos y guardar sus mandamientos Para m\u00ed fue una experiencia muy linda compartir con ustedes en la iglesia demostrarle a la gente que mi fe y mi esperanza est\u00e1n en Cristo que yo decid\u00ed seguir a Cristo quiero una vida para seguir a Cristo para adorar a Cristo y este.. Ese fue mi acto, una ofrenda de amor que le hice al se\u00f1or y\u2026 Bajar a las aguas con mi hija tambi\u00e9n como present\u00e1ndola es uno de mis mayores, es un acto de amor que yo tengo y yo lo sent\u00ed as\u00ed pues ese d\u00eda muri\u00f3 una Silmar y naci\u00f3 otra en el nombre de Jes\u00fas y doy gracias a Dios por permitirme esa oportunidad de compartir ah\u00ed con ustedes este como siempre me hacen sentir en familia, c\u00f3moda, querida y siempre con la gracia de Dios\u201d.<\/p>\n<p>&nbsp;<\/p>\n<p>Y tambi\u00e9n Enrique Bernard expres\u00f3: \u201cLa experiencia vivida el d\u00eda domingo 23 de octubre y bueno puedo decir que fue una experiencia muy bonita ,fue algo nuevo y \u00fanico y diferente ya que fue una experiencia especial pues por su significado yo creo que se podr\u00e1 olvidar, estoy seguro muchas cosas en nuestra vida pero ese d\u00eda jam\u00e1s, no se olvidar\u00e1 jam\u00e1s, permanecer\u00e1 en mi siempre pues, ese recuerdo tan \u00fanico rodeado de ni\u00f1os personas adultas trasmitiendo alegr\u00eda y fortaleciendo la fe en nuestro Dios todo poderoso y creador de las cosas no tengo duda de que as\u00ed como fue ese d\u00eda as\u00ed mismo ser\u00e1n los d\u00edas en el para\u00edso ese para\u00edso que tenemos nosotros prometido le doy gracias a Dios pues porque gracias a \u00e9l somos lo que somos gracias a \u00e9l respiramos gracias a \u00e9l de han llegado est\u00e1s cosas pues que van marcando nuestras vidas a mi familia que contribuyeron en gran parte a que tomara esa decisi\u00f3n fueron ellos qui\u00e9n abrieron esa brecha al pastor Jos\u00e9 Enrique nuestro pastor que gracias a \u00e9l por su gran compromiso por montarnos o por mostrarme el camino a seguir y bueno pues a todo ese equipo a todas esas personas que conforman nuestra Iglesia del Nazareno Luz de Vida de verdad que esto agradecido con Dios agradecido con mi familia a todas esas personas pues que hicieron posible que esto se llevar\u00e1 a cabo y que van hacer posible que se sigan llevando a cabo estos actos en estos d\u00edas por venir\u201d.<\/p>\n<p>&nbsp;<\/p>\n<p><strong>Fonte<\/strong>: <span>Comunicaciones Venezuela<\/span><\/p>\n<p>[\/et_pb_text][\/et_pb_column][\/et_pb_row][et_pb_row disabled_on=\u00bbon|on|on\u00bb _builder_version=\u00bb4.16&#8243; _module_preset=\u00bbdefault\u00bb disabled=\u00bbon\u00bb global_colors_info=\u00bb{}\u00bb][et_pb_column type=\u00bb4_4&#8243; _builder_version=\u00bb4.16&#8243; _module_preset=\u00bbdefault\u00bb global_colors_info=\u00bb{}\u00bb][et_pb_text disabled_on=\u00bboff|off|off\u00bb _builder_version=\u00bb4.16&#8243; _module_preset=\u00bbdefault\u00bb text_text_color=\u00bb#0C71C3&#8243; text_font_size=\u00bb23px\u00bb text_orientation=\u00bbcenter\u00bb global_colors_info=\u00bb{}\u00bb]<\/p>\n<p>CONTENIDO EN PORTUGUES<\/p>\n<p>[\/et_pb_text][\/et_pb_column][\/et_pb_row][et_pb_row module_class=\u00bbportugues\u00bb _builder_version=\u00bb4.16&#8243; _module_preset=\u00bbdefault\u00bb width=\u00bb100%\u00bb global_colors_info=\u00bb{}\u00bb][et_pb_column type=\u00bb4_4&#8243; module_class=\u00bbcolLeft\u00bb _builder_version=\u00bb4.16&#8243; _module_preset=\u00bbdefault\u00bb custom_padding=\u00bb|50px|||false|false\u00bb custom_padding_tablet=\u00bb|20px||20px|false|true\u00bb custom_padding_phone=\u00bb\u00bb custom_padding_last_edited=\u00bbon|phone\u00bb border_color_all=\u00bb#e0e0e0&#8243; border_width_right_tablet=\u00bb0px\u00bb border_width_right_phone=\u00bb0px\u00bb border_width_right_last_edited=\u00bbon|desktop\u00bb global_colors_info=\u00bb{}\u00bb][et_pb_code admin_label=\u00bbCode\u00bb _builder_version=\u00bb4.16&#8243; _module_preset=\u00bbdefault\u00bb background_enable_color=\u00bboff\u00bb positioning=\u00bbabsolute\u00bb position_origin_a=\u00bbtop_right\u00bb vertical_offset=\u00bb10px\u00bb horizontal_offset=\u00bb50px\u00bb z_index=\u00bb137&#8243; vertical_offset_tablet=\u00bb\u00bb vertical_offset_phone=\u00bb-45px\u00bb vertical_offset_last_edited=\u00bbon|phone\u00bb horizontal_offset_tablet=\u00bb20px\u00bb horizontal_offset_phone=\u00bb\u00bb horizontal_offset_last_edited=\u00bbon|phone\u00bb position_origin_a_tablet=\u00bb\u00bb position_origin_a_phone=\u00bb\u00bb position_origin_a_last_edited=\u00bbon|desktop\u00bb position_origin_f_tablet=\u00bb\u00bb position_origin_f_phone=\u00bb\u00bb position_origin_f_last_edited=\u00bbon|desktop\u00bb position_origin_r_tablet=\u00bb\u00bb position_origin_r_phone=\u00bb\u00bb position_origin_r_last_edited=\u00bbon|desktop\u00bb text_orientation=\u00bbright\u00bb width=\u00bb190px\u00bb height=\u00bb30px\u00bb positioning_tablet=\u00bb\u00bb positioning_phone=\u00bb\u00bb positioning_last_edited=\u00bbon|desktop\u00bb global_colors_info=\u00bb{}\u00bb]<!-- AddToAny BEGIN --><!-- [et_pb_line_break_holder] --><a class=\"a2a_dd\" href=\"https:\/\/www.addtoany.com\/share\" style=\"background: black;<!-- [et_pb_line_break_holder] -->    font-size: 18px;<!-- [et_pb_line_break_holder] -->    color: white;<!-- [et_pb_line_break_holder] -->    padding: 10px;text-transform: uppercase;\u00bb><!-- [et_pb_line_break_holder] -->  <svg style=\"width: 20px;\" aria-hidden=\"true\" focusable=\"false\" data-prefix=\"fas\" data-icon=\"share-square\" role=\"img\" xmlns=\"http:\/\/www.w3.org\/2000\/svg\" viewbox=\"0 0 576 512\" data-fa-i2svg=\"\"><path fill=\"currentColor\" d=\"M568.482 177.448L424.479 313.433C409.3 327.768 384 317.14 384 295.985v-71.963c-144.575.97-205.566 35.113-164.775 171.353 4.483 14.973-12.846 26.567-25.006 17.33C155.252 383.105 120 326.488 120 269.339c0-143.937 117.599-172.5 264-173.312V24.012c0-21.174 25.317-31.768 40.479-17.448l144.003 135.988c10.02 9.463 10.028 25.425 0 34.896zM384 379.128V448H64V128h50.916a11.99 11.99 0 0 0 8.648-3.693c14.953-15.568 32.237-27.89 51.014-37.676C185.708 80.83 181.584 64 169.033 64H48C21.49 64 0 85.49 0 112v352c0 26.51 21.49 48 48 48h352c26.51 0 48-21.49 48-48v-88.806c0-8.288-8.197-14.066-16.011-11.302a71.83 71.83 0 0 1-34.189 3.377c-7.27-1.046-13.8 4.514-13.8 11.859z\"><\/path><\/svg><!-- [et_pb_line_break_holder] -->  Compartilhar<!-- [et_pb_line_break_holder] --><\/a><!-- [et_pb_line_break_holder] --><script async src=\"https:\/\/static.addtoany.com\/menu\/page.js\"><\/script><!-- [et_pb_line_break_holder] --><!-- AddToAny END -->[\/et_pb_code][et_pb_text _builder_version=\u00bb4.19.4&#8243; _module_preset=\u00bbdefault\u00bb text_font=\u00bb|700||on|||||\u00bb text_font_size=\u00bb25px\u00bb width=\u00bb73%\u00bb width_tablet=\u00bb\u00bb width_phone=\u00bb100%\u00bb width_last_edited=\u00bbon|phone\u00bb custom_margin=\u00bb||5px|||\u00bb hover_enabled=\u00bb0&#8243; global_colors_info=\u00bb{}\u00bb sticky_enabled=\u00bb0&#8243;]<\/p>\n<p>IGREJA DO NAZARENO <span>\u201cRENACER\u201d E IGREJA DO NAZARENO \u201c LUZ DE VIDA\u201d BATIZAM 22 NOVOS MEMBROS NO ORIENTE DA VENEZUELA.<\/span><\/p>\n<p>[\/et_pb_text][et_pb_post_title title=\u00bboff\u00bb comments=\u00bboff\u00bb module_class=\u00bbtituloNoti\u00bb _builder_version=\u00bb4.18.0&#8243; _module_preset=\u00bbdefault\u00bb width_tablet=\u00bb\u00bb width_phone=\u00bb\u00bb width_last_edited=\u00bbon|phone\u00bb custom_padding=\u00bb|0px|||false|false\u00bb custom_padding_tablet=\u00bb|0px|||false|false\u00bb custom_padding_phone=\u00bb|0px|||false|false\u00bb custom_padding_last_edited=\u00bbon|phone\u00bb border_color_right=\u00bb#e8e8e8&#8243; border_width_right_tablet=\u00bb0px\u00bb border_width_right_phone=\u00bb\u00bb border_width_right_last_edited=\u00bbon|desktop\u00bb global_colors_info=\u00bb{}\u00bb][\/et_pb_post_title][et_pb_text _builder_version=\u00bb4.19.4&#8243; _module_preset=\u00bbdefault\u00bb text_font_size=\u00bb17px\u00bb text_orientation=\u00bbjustified\u00bb hover_enabled=\u00bb0&#8243; global_colors_info=\u00bb{}\u00bb sticky_enabled=\u00bb0&#8243;]<\/p>\n<p><strong>(CNAS Venezuela)\u00a0<\/strong>Os irm\u00e3os da igreja <span>\u201c Renacer \u201d e\u00a0 \u201cLuz\u00a0 de Vida \u201d agradecem \u00e1 Deus pelo lindo presente e aben\u00e7oado de poder se unir com um s\u00f3 corpo. Ambas igrejas celebraram, juntas, o batismo de novos membros e disc\u00edpulos. Este domingo 23 de Outubro, se cumpriu com a grande Comiss\u00e3o de levar o evangelho a toda criatura batizando \u00e1 22 pessoas em nome do Pai, filho e do Esp\u00edrito Santo. Igualmente, se apresentaram 4 crian\u00e7as da Igreja do Nazareno \u201c Luz de Vida \u201d no qual seguem em crescimento e se expandindo.\u00a0<\/span><span><\/span><\/p>\n<p><span>Muitos dos presentes expressaram seu contentamento com a atividade dando seu testemunho, como Silmar Ortiz, quem comentou: \u201c Para mim saber que estou fazendo um ato que Jesus tamb\u00e9m fez se batizou para mim \u00e9 algo grandioso poder seguir seus passos e guardar seus mandamentos. Para mim foi uma experi\u00eancia muito linda compartilhar com voc\u00eas na igreja demonstrar as pessoas que minha f\u00e9 e minha esperan\u00e7a est\u00e3o em Cristo e este&#8230; Esse foi meu ato, uma oferta de amor que eu fiz ao Senhor e&#8230; Descer as \u00e1guas com minha filha tamb\u00e9m como apresentando ela, \u00e9 um dos meus maiores, um ato de amor que eu tenho e eu o senti assim, pois esse dia morreu uma Silmar e nasceu outra em nome de Jesus e dou gra\u00e7as a Deus por me permitir essa oportunidade de compatilhar aqui com voc\u00eas este como sempre me fazem sentir em fam\u00edlia, c\u00f4moda, querida e sempre com a gra\u00e7a de Deus \u201d.\u00a0<\/span><\/p>\n<p><span>E tamb\u00e9m Enrique Bernard expressou: \u201c A experi\u00eancia vivida no dia de domingo 23 de outubro, bom posso dizer que foi uma experi\u00eancia muito bonita, foi algo novo e \u00fanico e diferente ja que foi uma experi\u00eancia especial pois pelo seu significado eu creio que n\u00e3o poder\u00e1 se esquecer, tenho certeza que muitas coisas em nossa vida podemos esquecer, mas esse dia jamais, n\u00e3o se esquece jamais, permanecer\u00e1 em mim sempre pois, essa lembran\u00e7a t\u00e3o \u00fanica rodeada de crian\u00e7as, pessoas adultas, transmitindo alegria e fortalecendo a f\u00e9 em nosso Deus todo poderoso e criador das coisas, n\u00e3o tenho d\u00favidas de que assim como foi esse dia, assim mesmo ser\u00e3o os d\u00edas no para\u00edso, esse para\u00edso que temos como prometido. Dou gra\u00e7as a Deus porque gra\u00e7as \u00e1 Ele somos o que somos, fra\u00e7as \u00e1 Ele respiramos, gra\u00e7as \u00e1 Ele nos tem chegado essas coisas que v\u00e3o marcando nossas vidas, \u00e1 minha fam\u00edlia que contribuiram em grande parte para que eu tomasse essa decis\u00e3o, foram eles que abriram essa brecha ao Pr. Jos\u00e9 Enrique, nosso pastor que gra\u00e7as \u00e1 ele por seu grande compromisso por mostrarnos ou por mostrarme o caminho a seguir, e bom, a toda essa equipe e a todas essas pessoas que fazem parte da nossa Igreja do Nazareno Luz de Vida de verdade ques estou agradecido com Deus, agradecido com minha fam\u00edlia e a todas essas pessoas, que fizeram poss\u00edvel que isto se realizasse, e que v\u00e3o fazer poss\u00edvel que seigam levando a cabo esses atos nos dias vindouros.\u00a0<\/span><\/p>\n<p><span><\/span><\/p>\n<p><span>Fonte: Comunica\u00e7\u00f5es Venezuela.<\/span><\/p>\n<p>[\/et_pb_text][\/et_pb_column][\/et_pb_row][et_pb_row _builder_version=\u00bb4.16&#8243; _module_preset=\u00bbdefault\u00bb width=\u00bb100%\u00bb global_colors_info=\u00bb{}\u00bb][et_pb_column type=\u00bb4_4&#8243; module_class=\u00bbcolLeft\u00bb _builder_version=\u00bb4.16&#8243; _module_preset=\u00bbdefault\u00bb custom_padding=\u00bb|50px|||false|false\u00bb custom_padding_tablet=\u00bb|20px||20px|false|true\u00bb custom_padding_phone=\u00bb\u00bb custom_padding_last_edited=\u00bbon|phone\u00bb border_color_all=\u00bb#e0e0e0&#8243; border_width_right_tablet=\u00bb0px\u00bb border_width_right_phone=\u00bb0px\u00bb border_width_right_last_edited=\u00bbon|desktop\u00bb global_colors_info=\u00bb{}\u00bb][et_pb_gallery gallery_ids=\u00bb41857,41858,41859,41860,41861&#8243; posts_number=\u00bb8&#8243; show_title_and_caption=\u00bboff\u00bb zoom_icon_color=\u00bb#E02B20&#8243; hover_overlay_color=\u00bb#FFFFFF\u00bb hover_icon=\u00bb&#x54;||divi||400&#8243; _builder_version=\u00bb4.19.4&#8243; _module_preset=\u00bbdefault\u00bb title_font_size=\u00bb0px\u00bb width=\u00bb100%\u00bb module_alignment=\u00bbcenter\u00bb global_colors_info=\u00bb{}\u00bb][\/et_pb_gallery][\/et_pb_column][\/et_pb_row][\/et_pb_section]<\/p>\n<span class=\"et_bloom_bottom_trigger\"><\/span>","protected":false},"excerpt":{"rendered":"<p>CONTENIDO EN ESPA\u00d1OL<\/p>","protected":false},"author":4,"featured_media":41857,"comment_status":"open","ping_status":"open","sticky":false,"template":"","format":"standard","meta":{"_et_pb_use_builder":"on","_et_pb_old_content":"","_et_gb_content_width":"","_monsterinsights_skip_tracking":false,"_monsterinsights_sitenote_active":false,"_monsterinsights_sitenote_note":"","_monsterinsights_sitenote_category":0,"_vp_format_video_url":"","_vp_image_focal_point":[],"footnotes":""},"categories":[61,7],"tags":[],"class_list":["post-41967","post","type-post","status-publish","format-standard","has-post-thumbnail","hentry","category-evangelismo","category-venezuela"],"yoast_head":"<!-- This site is optimized with the Yoast SEO Premium plugin v23.6 (Yoast SEO v27.4) - https:\/\/yoast.com\/product\/yoast-seo-premium-wordpress\/ -->\n<title>IGLESIA DEL NAZARENO \u201cRENACER\u201d E IGLESIA DEL NAZARENO \u201cLUZ DE VIDA\u201d BAUTIZAN 22 NUEVOS MIEMBROS EN EL ORIENTE DE VENEZUELA | Iglesia del Nazareno Am\u00e9rica del Sur<\/title>\n<meta name=\"description\" content=\"Evangelismo\" \/>\n<meta name=\"robots\" content=\"noindex, follow\" \/>\n<meta property=\"og:locale\" content=\"pt_BR\" \/>\n<meta property=\"og:type\" content=\"article\" \/>\n<meta property=\"og:title\" content=\"IGLESIA DEL NAZARENO \u201cRENACER\u201d E IGLESIA DEL NAZARENO \u201cLUZ DE VIDA\u201d BAUTIZAN 22 NUEVOS MIEMBROS EN EL ORIENTE DE VENEZUELA | Iglesia del Nazareno Am\u00e9rica del Sur\" \/>\n<meta property=\"og:description\" content=\"Evangelismo\" \/>\n<meta property=\"og:url\" content=\"https:\/\/www.samnaz.org\/pt\/iglesia-del-nazareno-renacer-e-iglesia-del-nazareno-luz-de-vida-bautizan-22-nuevos-miembros-en-el-oriente-de-venezuela\/\" \/>\n<meta property=\"og:site_name\" content=\"Iglesia del Nazareno Am\u00e9rica del Sur\" \/>\n<meta property=\"article:publisher\" content=\"https:\/\/www.facebook.com\/NazarenoEsp\" \/>\n<meta property=\"article:published_time\" content=\"2022-12-26T12:59:21+00:00\" \/>\n<meta property=\"article:modified_time\" content=\"2022-12-29T20:30:20+00:00\" \/>\n<meta property=\"og:image\" content=\"https:\/\/www.samnaz.org\/wp-content\/uploads\/2022\/12\/renacerbau1.png\" \/>\n\t<meta property=\"og:image:width\" content=\"718\" \/>\n\t<meta property=\"og:image:height\" content=\"540\" \/>\n\t<meta property=\"og:image:type\" content=\"image\/png\" \/>\n<meta name=\"author\" content=\"Samnaz\" \/>\n<meta name=\"twitter:card\" content=\"summary_large_image\" \/>\n<meta name=\"twitter:label1\" content=\"Escrito por\" \/>\n\t<meta name=\"twitter:data1\" content=\"Samnaz\" \/>\n<script type=\"application\/ld+json\" class=\"yoast-schema-graph\">{\"@context\":\"https:\\\/\\\/schema.org\",\"@graph\":[{\"@type\":\"Article\",\"@id\":\"https:\\\/\\\/www.samnaz.org\\\/iglesia-del-nazareno-renacer-e-iglesia-del-nazareno-luz-de-vida-bautizan-22-nuevos-miembros-en-el-oriente-de-venezuela\\\/#article\",\"isPartOf\":{\"@id\":\"https:\\\/\\\/www.samnaz.org\\\/iglesia-del-nazareno-renacer-e-iglesia-del-nazareno-luz-de-vida-bautizan-22-nuevos-miembros-en-el-oriente-de-venezuela\\\/\"},\"author\":{\"name\":\"Samnaz\",\"@id\":\"https:\\\/\\\/www.samnaz.org\\\/#\\\/schema\\\/person\\\/c09d1131c49ba510c7e1cbb677b39927\"},\"headline\":\"IGLESIA DEL NAZARENO \u201cRENACER\u201d E IGLESIA DEL NAZARENO \u201cLUZ DE VIDA\u201d BAUTIZAN 22 NUEVOS MIEMBROS EN EL ORIENTE DE VENEZUELA\",\"datePublished\":\"2022-12-26T12:59:21+00:00\",\"dateModified\":\"2022-12-29T20:30:20+00:00\",\"mainEntityOfPage\":{\"@id\":\"https:\\\/\\\/www.samnaz.org\\\/iglesia-del-nazareno-renacer-e-iglesia-del-nazareno-luz-de-vida-bautizan-22-nuevos-miembros-en-el-oriente-de-venezuela\\\/\"},\"wordCount\":303,\"commentCount\":0,\"publisher\":{\"@id\":\"https:\\\/\\\/www.samnaz.org\\\/#organization\"},\"image\":{\"@id\":\"https:\\\/\\\/www.samnaz.org\\\/iglesia-del-nazareno-renacer-e-iglesia-del-nazareno-luz-de-vida-bautizan-22-nuevos-miembros-en-el-oriente-de-venezuela\\\/#primaryimage\"},\"thumbnailUrl\":\"https:\\\/\\\/www.samnaz.org\\\/wp-content\\\/uploads\\\/2022\\\/12\\\/renacerbau1.png\",\"articleSection\":[\"Evangelismo\",\"Venezuela\"],\"inLanguage\":\"pt-BR\",\"potentialAction\":[{\"@type\":\"CommentAction\",\"name\":\"Comment\",\"target\":[\"https:\\\/\\\/www.samnaz.org\\\/iglesia-del-nazareno-renacer-e-iglesia-del-nazareno-luz-de-vida-bautizan-22-nuevos-miembros-en-el-oriente-de-venezuela\\\/#respond\"]}]},{\"@type\":\"WebPage\",\"@id\":\"https:\\\/\\\/www.samnaz.org\\\/iglesia-del-nazareno-renacer-e-iglesia-del-nazareno-luz-de-vida-bautizan-22-nuevos-miembros-en-el-oriente-de-venezuela\\\/\",\"url\":\"https:\\\/\\\/www.samnaz.org\\\/iglesia-del-nazareno-renacer-e-iglesia-del-nazareno-luz-de-vida-bautizan-22-nuevos-miembros-en-el-oriente-de-venezuela\\\/\",\"name\":\"IGLESIA DEL NAZARENO \u201cRENACER\u201d E IGLESIA DEL NAZARENO \u201cLUZ DE VIDA\u201d BAUTIZAN 22 NUEVOS MIEMBROS EN EL ORIENTE DE VENEZUELA | Iglesia del Nazareno Am\u00e9rica del Sur\",\"isPartOf\":{\"@id\":\"https:\\\/\\\/www.samnaz.org\\\/#website\"},\"primaryImageOfPage\":{\"@id\":\"https:\\\/\\\/www.samnaz.org\\\/iglesia-del-nazareno-renacer-e-iglesia-del-nazareno-luz-de-vida-bautizan-22-nuevos-miembros-en-el-oriente-de-venezuela\\\/#primaryimage\"},\"image\":{\"@id\":\"https:\\\/\\\/www.samnaz.org\\\/iglesia-del-nazareno-renacer-e-iglesia-del-nazareno-luz-de-vida-bautizan-22-nuevos-miembros-en-el-oriente-de-venezuela\\\/#primaryimage\"},\"thumbnailUrl\":\"https:\\\/\\\/www.samnaz.org\\\/wp-content\\\/uploads\\\/2022\\\/12\\\/renacerbau1.png\",\"datePublished\":\"2022-12-26T12:59:21+00:00\",\"dateModified\":\"2022-12-29T20:30:20+00:00\",\"description\":\"Evangelismo\",\"inLanguage\":\"pt-BR\",\"potentialAction\":[{\"@type\":\"ReadAction\",\"target\":[\"https:\\\/\\\/www.samnaz.org\\\/iglesia-del-nazareno-renacer-e-iglesia-del-nazareno-luz-de-vida-bautizan-22-nuevos-miembros-en-el-oriente-de-venezuela\\\/\"]}]},{\"@type\":\"ImageObject\",\"inLanguage\":\"pt-BR\",\"@id\":\"https:\\\/\\\/www.samnaz.org\\\/iglesia-del-nazareno-renacer-e-iglesia-del-nazareno-luz-de-vida-bautizan-22-nuevos-miembros-en-el-oriente-de-venezuela\\\/#primaryimage\",\"url\":\"https:\\\/\\\/www.samnaz.org\\\/wp-content\\\/uploads\\\/2022\\\/12\\\/renacerbau1.png\",\"contentUrl\":\"https:\\\/\\\/www.samnaz.org\\\/wp-content\\\/uploads\\\/2022\\\/12\\\/renacerbau1.png\",\"width\":718,\"height\":540},{\"@type\":\"WebSite\",\"@id\":\"https:\\\/\\\/www.samnaz.org\\\/#website\",\"url\":\"https:\\\/\\\/www.samnaz.org\\\/\",\"name\":\"Haciendo Disc\u00edpulos Semejantes a Cristo en las naciones\",\"description\":\"Haciendo disc\u00edpulos semejantes a Cristo en las Naciones\",\"publisher\":{\"@id\":\"https:\\\/\\\/www.samnaz.org\\\/#organization\"},\"alternateName\":\"Viviendo la Gran Comisi\u00f3n\",\"potentialAction\":[{\"@type\":\"SearchAction\",\"target\":{\"@type\":\"EntryPoint\",\"urlTemplate\":\"https:\\\/\\\/www.samnaz.org\\\/?s={search_term_string}\"},\"query-input\":{\"@type\":\"PropertyValueSpecification\",\"valueRequired\":true,\"valueName\":\"search_term_string\"}}],\"inLanguage\":\"pt-BR\"},{\"@type\":\"Organization\",\"@id\":\"https:\\\/\\\/www.samnaz.org\\\/#organization\",\"name\":\"Iglesia del Nazareno Am\u00e9rica del Sur\",\"url\":\"https:\\\/\\\/www.samnaz.org\\\/\",\"logo\":{\"@type\":\"ImageObject\",\"inLanguage\":\"pt-BR\",\"@id\":\"https:\\\/\\\/www.samnaz.org\\\/#\\\/schema\\\/logo\\\/image\\\/\",\"url\":\"https:\\\/\\\/www.samnaz.org\\\/wp-content\\\/uploads\\\/2021\\\/04\\\/Logo-3-ESP.png\",\"contentUrl\":\"https:\\\/\\\/www.samnaz.org\\\/wp-content\\\/uploads\\\/2021\\\/04\\\/Logo-3-ESP.png\",\"width\":1041,\"height\":780,\"caption\":\"Iglesia del Nazareno Am\u00e9rica del Sur\"},\"image\":{\"@id\":\"https:\\\/\\\/www.samnaz.org\\\/#\\\/schema\\\/logo\\\/image\\\/\"},\"sameAs\":[\"https:\\\/\\\/www.facebook.com\\\/NazarenoEsp\",\"https:\\\/\\\/www.instagram.com\\\/nazarenoesp\\\/\"],\"publishingPrinciples\":\"https:\\\/\\\/www.samnaz.org\\\/\"},{\"@type\":\"Person\",\"@id\":\"https:\\\/\\\/www.samnaz.org\\\/#\\\/schema\\\/person\\\/c09d1131c49ba510c7e1cbb677b39927\",\"name\":\"Samnaz\",\"image\":{\"@type\":\"ImageObject\",\"inLanguage\":\"pt-BR\",\"@id\":\"https:\\\/\\\/secure.gravatar.com\\\/avatar\\\/a5baaf0e270319d09c0efce6a9dd03ff93175913c70afe26595c0069c83fa6dc?s=96&d=mm&r=g\",\"url\":\"https:\\\/\\\/secure.gravatar.com\\\/avatar\\\/a5baaf0e270319d09c0efce6a9dd03ff93175913c70afe26595c0069c83fa6dc?s=96&d=mm&r=g\",\"contentUrl\":\"https:\\\/\\\/secure.gravatar.com\\\/avatar\\\/a5baaf0e270319d09c0efce6a9dd03ff93175913c70afe26595c0069c83fa6dc?s=96&d=mm&r=g\",\"caption\":\"Samnaz\"}}]}<\/script>\n<!-- \/ Yoast SEO Premium plugin. -->","yoast_head_json":{"title":"IGLESIA DEL NAZARENO \u201cRENACER\u201d E IGLESIA DEL NAZARENO \u201cLUZ DE VIDA\u201d BAUTIZAN 22 NUEVOS MIEMBROS EN EL ORIENTE DE VENEZUELA | Iglesia del Nazareno Am\u00e9rica del Sur","description":"Evangelismo","robots":{"index":"noindex","follow":"follow"},"og_locale":"pt_BR","og_type":"article","og_title":"IGLESIA DEL NAZARENO \u201cRENACER\u201d E IGLESIA DEL NAZARENO \u201cLUZ DE VIDA\u201d BAUTIZAN 22 NUEVOS MIEMBROS EN EL ORIENTE DE VENEZUELA | Iglesia del Nazareno Am\u00e9rica del Sur","og_description":"Evangelismo","og_url":"https:\/\/www.samnaz.org\/pt\/iglesia-del-nazareno-renacer-e-iglesia-del-nazareno-luz-de-vida-bautizan-22-nuevos-miembros-en-el-oriente-de-venezuela\/","og_site_name":"Iglesia del Nazareno Am\u00e9rica del Sur","article_publisher":"https:\/\/www.facebook.com\/NazarenoEsp","article_published_time":"2022-12-26T12:59:21+00:00","article_modified_time":"2022-12-29T20:30:20+00:00","og_image":[{"width":718,"height":540,"url":"https:\/\/www.samnaz.org\/wp-content\/uploads\/2022\/12\/renacerbau1.png","type":"image\/png"}],"author":"Samnaz","twitter_card":"summary_large_image","twitter_misc":{"Escrito por":"Samnaz"},"schema":{"@context":"https:\/\/schema.org","@graph":[{"@type":"Article","@id":"https:\/\/www.samnaz.org\/iglesia-del-nazareno-renacer-e-iglesia-del-nazareno-luz-de-vida-bautizan-22-nuevos-miembros-en-el-oriente-de-venezuela\/#article","isPartOf":{"@id":"https:\/\/www.samnaz.org\/iglesia-del-nazareno-renacer-e-iglesia-del-nazareno-luz-de-vida-bautizan-22-nuevos-miembros-en-el-oriente-de-venezuela\/"},"author":{"name":"Samnaz","@id":"https:\/\/www.samnaz.org\/#\/schema\/person\/c09d1131c49ba510c7e1cbb677b39927"},"headline":"IGLESIA DEL NAZARENO \u201cRENACER\u201d E IGLESIA DEL NAZARENO \u201cLUZ DE VIDA\u201d BAUTIZAN 22 NUEVOS MIEMBROS EN EL ORIENTE DE VENEZUELA","datePublished":"2022-12-26T12:59:21+00:00","dateModified":"2022-12-29T20:30:20+00:00","mainEntityOfPage":{"@id":"https:\/\/www.samnaz.org\/iglesia-del-nazareno-renacer-e-iglesia-del-nazareno-luz-de-vida-bautizan-22-nuevos-miembros-en-el-oriente-de-venezuela\/"},"wordCount":303,"commentCount":0,"publisher":{"@id":"https:\/\/www.samnaz.org\/#organization"},"image":{"@id":"https:\/\/www.samnaz.org\/iglesia-del-nazareno-renacer-e-iglesia-del-nazareno-luz-de-vida-bautizan-22-nuevos-miembros-en-el-oriente-de-venezuela\/#primaryimage"},"thumbnailUrl":"https:\/\/www.samnaz.org\/wp-content\/uploads\/2022\/12\/renacerbau1.png","articleSection":["Evangelismo","Venezuela"],"inLanguage":"pt-BR","potentialAction":[{"@type":"CommentAction","name":"Comment","target":["https:\/\/www.samnaz.org\/iglesia-del-nazareno-renacer-e-iglesia-del-nazareno-luz-de-vida-bautizan-22-nuevos-miembros-en-el-oriente-de-venezuela\/#respond"]}]},{"@type":"WebPage","@id":"https:\/\/www.samnaz.org\/iglesia-del-nazareno-renacer-e-iglesia-del-nazareno-luz-de-vida-bautizan-22-nuevos-miembros-en-el-oriente-de-venezuela\/","url":"https:\/\/www.samnaz.org\/iglesia-del-nazareno-renacer-e-iglesia-del-nazareno-luz-de-vida-bautizan-22-nuevos-miembros-en-el-oriente-de-venezuela\/","name":"IGLESIA DEL NAZARENO \u201cRENACER\u201d E IGLESIA DEL NAZARENO \u201cLUZ DE VIDA\u201d BAUTIZAN 22 NUEVOS MIEMBROS EN EL ORIENTE DE VENEZUELA | Iglesia del Nazareno Am\u00e9rica del Sur","isPartOf":{"@id":"https:\/\/www.samnaz.org\/#website"},"primaryImageOfPage":{"@id":"https:\/\/www.samnaz.org\/iglesia-del-nazareno-renacer-e-iglesia-del-nazareno-luz-de-vida-bautizan-22-nuevos-miembros-en-el-oriente-de-venezuela\/#primaryimage"},"image":{"@id":"https:\/\/www.samnaz.org\/iglesia-del-nazareno-renacer-e-iglesia-del-nazareno-luz-de-vida-bautizan-22-nuevos-miembros-en-el-oriente-de-venezuela\/#primaryimage"},"thumbnailUrl":"https:\/\/www.samnaz.org\/wp-content\/uploads\/2022\/12\/renacerbau1.png","datePublished":"2022-12-26T12:59:21+00:00","dateModified":"2022-12-29T20:30:20+00:00","description":"Evangelismo","inLanguage":"pt-BR","potentialAction":[{"@type":"ReadAction","target":["https:\/\/www.samnaz.org\/iglesia-del-nazareno-renacer-e-iglesia-del-nazareno-luz-de-vida-bautizan-22-nuevos-miembros-en-el-oriente-de-venezuela\/"]}]},{"@type":"ImageObject","inLanguage":"pt-BR","@id":"https:\/\/www.samnaz.org\/iglesia-del-nazareno-renacer-e-iglesia-del-nazareno-luz-de-vida-bautizan-22-nuevos-miembros-en-el-oriente-de-venezuela\/#primaryimage","url":"https:\/\/www.samnaz.org\/wp-content\/uploads\/2022\/12\/renacerbau1.png","contentUrl":"https:\/\/www.samnaz.org\/wp-content\/uploads\/2022\/12\/renacerbau1.png","width":718,"height":540},{"@type":"WebSite","@id":"https:\/\/www.samnaz.org\/#website","url":"https:\/\/www.samnaz.org\/","name":"Haciendo Disc\u00edpulos Semejantes a Cristo en las naciones","description":"Haciendo disc\u00edpulos semejantes a Cristo en las Naciones","publisher":{"@id":"https:\/\/www.samnaz.org\/#organization"},"alternateName":"Viviendo la Gran Comisi\u00f3n","potentialAction":[{"@type":"SearchAction","target":{"@type":"EntryPoint","urlTemplate":"https:\/\/www.samnaz.org\/?s={search_term_string}"},"query-input":{"@type":"PropertyValueSpecification","valueRequired":true,"valueName":"search_term_string"}}],"inLanguage":"pt-BR"},{"@type":"Organization","@id":"https:\/\/www.samnaz.org\/#organization","name":"Iglesia del Nazareno Am\u00e9rica del Sur","url":"https:\/\/www.samnaz.org\/","logo":{"@type":"ImageObject","inLanguage":"pt-BR","@id":"https:\/\/www.samnaz.org\/#\/schema\/logo\/image\/","url":"https:\/\/www.samnaz.org\/wp-content\/uploads\/2021\/04\/Logo-3-ESP.png","contentUrl":"https:\/\/www.samnaz.org\/wp-content\/uploads\/2021\/04\/Logo-3-ESP.png","width":1041,"height":780,"caption":"Iglesia del Nazareno Am\u00e9rica del Sur"},"image":{"@id":"https:\/\/www.samnaz.org\/#\/schema\/logo\/image\/"},"sameAs":["https:\/\/www.facebook.com\/NazarenoEsp","https:\/\/www.instagram.com\/nazarenoesp\/"],"publishingPrinciples":"https:\/\/www.samnaz.org\/"},{"@type":"Person","@id":"https:\/\/www.samnaz.org\/#\/schema\/person\/c09d1131c49ba510c7e1cbb677b39927","name":"Samnaz","image":{"@type":"ImageObject","inLanguage":"pt-BR","@id":"https:\/\/secure.gravatar.com\/avatar\/a5baaf0e270319d09c0efce6a9dd03ff93175913c70afe26595c0069c83fa6dc?s=96&d=mm&r=g","url":"https:\/\/secure.gravatar.com\/avatar\/a5baaf0e270319d09c0efce6a9dd03ff93175913c70afe26595c0069c83fa6dc?s=96&d=mm&r=g","contentUrl":"https:\/\/secure.gravatar.com\/avatar\/a5baaf0e270319d09c0efce6a9dd03ff93175913c70afe26595c0069c83fa6dc?s=96&d=mm&r=g","caption":"Samnaz"}}]}},"_links":{"self":[{"href":"https:\/\/www.samnaz.org\/pt\/wp-json\/wp\/v2\/posts\/41967","targetHints":{"allow":["GET"]}}],"collection":[{"href":"https:\/\/www.samnaz.org\/pt\/wp-json\/wp\/v2\/posts"}],"about":[{"href":"https:\/\/www.samnaz.org\/pt\/wp-json\/wp\/v2\/types\/post"}],"author":[{"embeddable":true,"href":"https:\/\/www.samnaz.org\/pt\/wp-json\/wp\/v2\/users\/4"}],"replies":[{"embeddable":true,"href":"https:\/\/www.samnaz.org\/pt\/wp-json\/wp\/v2\/comments?post=41967"}],"version-history":[{"count":6,"href":"https:\/\/www.samnaz.org\/pt\/wp-json\/wp\/v2\/posts\/41967\/revisions"}],"predecessor-version":[{"id":42003,"href":"https:\/\/www.samnaz.org\/pt\/wp-json\/wp\/v2\/posts\/41967\/revisions\/42003"}],"wp:featuredmedia":[{"embeddable":true,"href":"https:\/\/www.samnaz.org\/pt\/wp-json\/wp\/v2\/media\/41857"}],"wp:attachment":[{"href":"https:\/\/www.samnaz.org\/pt\/wp-json\/wp\/v2\/media?parent=41967"}],"wp:term":[{"taxonomy":"category","embeddable":true,"href":"https:\/\/www.samnaz.org\/pt\/wp-json\/wp\/v2\/categories?post=41967"},{"taxonomy":"post_tag","embeddable":true,"href":"https:\/\/www.samnaz.org\/pt\/wp-json\/wp\/v2\/tags?post=41967"}],"curies":[{"name":"wp","href":"https:\/\/api.w.org\/{rel}","templated":true}]}}