{"id":41982,"date":"2022-12-26T10:21:59","date_gmt":"2022-12-26T13:21:59","guid":{"rendered":"https:\/\/www.samnaz.org\/?p=41982"},"modified":"2023-01-06T02:28:09","modified_gmt":"2023-01-06T05:28:09","slug":"navidad-solidaria-inc4-cena-de-navidad-compartida-con-gente-en-el-camino","status":"publish","type":"post","link":"https:\/\/www.samnaz.org\/pt\/navidad-solidaria-inc4-cena-de-navidad-compartida-con-gente-en-el-camino\/","title":{"rendered":"CEIA DE NATAL COMPARTILHADA COM PESSOAS EM SITUA\u00c7\u00c3O DE RUA"},"content":{"rendered":"<p>[et_pb_section fb_built=\u00bb1&#8243; _builder_version=\u00bb4.16&#8243; _module_preset=\u00bbdefault\u00bb custom_padding=\u00bb0px||||false|false\u00bb global_colors_info=\u00bb{}\u00bb][et_pb_row disabled_on=\u00bbon|on|on\u00bb _builder_version=\u00bb4.16&#8243; _module_preset=\u00bbdefault\u00bb disabled=\u00bbon\u00bb global_colors_info=\u00bb{}\u00bb][et_pb_column type=\u00bb4_4&#8243; _builder_version=\u00bb4.16&#8243; _module_preset=\u00bbdefault\u00bb global_colors_info=\u00bb{}\u00bb][et_pb_text disabled_on=\u00bboff|off|off\u00bb _builder_version=\u00bb4.16&#8243; _module_preset=\u00bbdefault\u00bb text_text_color=\u00bb#0C71C3&#8243; text_font_size=\u00bb23px\u00bb text_orientation=\u00bbcenter\u00bb global_colors_info=\u00bb{}\u00bb]<\/p>\n<p>CONTENIDO EN ESPA\u00d1OL<\/p>\n<p>[\/et_pb_text][\/et_pb_column][\/et_pb_row][et_pb_row module_class=\u00bbespanol\u00bb _builder_version=\u00bb4.18.0&#8243; _module_preset=\u00bbdefault\u00bb width=\u00bb100%\u00bb global_colors_info=\u00bb{}\u00bb][et_pb_column type=\u00bb4_4&#8243; module_class=\u00bbcolLeft\u00bb _builder_version=\u00bb4.16&#8243; _module_preset=\u00bbdefault\u00bb custom_padding=\u00bb|50px|||false|false\u00bb custom_padding_tablet=\u00bb|20px||20px|false|true\u00bb custom_padding_phone=\u00bb\u00bb custom_padding_last_edited=\u00bbon|phone\u00bb border_color_all=\u00bb#e0e0e0&#8243; border_width_right_tablet=\u00bb0px\u00bb border_width_right_phone=\u00bb0px\u00bb border_width_right_last_edited=\u00bbon|desktop\u00bb global_colors_info=\u00bb{}\u00bb][et_pb_code admin_label=\u00bbCode\u00bb _builder_version=\u00bb4.16&#8243; _module_preset=\u00bbdefault\u00bb background_enable_color=\u00bboff\u00bb positioning=\u00bbabsolute\u00bb position_origin_a=\u00bbtop_right\u00bb vertical_offset=\u00bb10px\u00bb horizontal_offset=\u00bb50px\u00bb z_index=\u00bb137&#8243; vertical_offset_tablet=\u00bb\u00bb vertical_offset_phone=\u00bb-45px\u00bb vertical_offset_last_edited=\u00bbon|phone\u00bb horizontal_offset_tablet=\u00bb20px\u00bb horizontal_offset_phone=\u00bb\u00bb horizontal_offset_last_edited=\u00bbon|phone\u00bb position_origin_a_tablet=\u00bb\u00bb position_origin_a_phone=\u00bb\u00bb position_origin_a_last_edited=\u00bbon|desktop\u00bb position_origin_f_tablet=\u00bb\u00bb position_origin_f_phone=\u00bb\u00bb position_origin_f_last_edited=\u00bbon|desktop\u00bb position_origin_r_tablet=\u00bb\u00bb position_origin_r_phone=\u00bb\u00bb position_origin_r_last_edited=\u00bbon|desktop\u00bb text_orientation=\u00bbright\u00bb width=\u00bb160px\u00bb height=\u00bb30px\u00bb positioning_tablet=\u00bb\u00bb positioning_phone=\u00bb\u00bb positioning_last_edited=\u00bbon|desktop\u00bb global_colors_info=\u00bb{}\u00bb]<!-- AddToAny BEGIN --><!-- [et_pb_line_break_holder] --><a class=\"a2a_dd\" href=\"https:\/\/www.addtoany.com\/share\" style=\"background: black;<!-- [et_pb_line_break_holder] -->    font-size: 18px;<!-- [et_pb_line_break_holder] -->    color: white;<!-- [et_pb_line_break_holder] -->    padding: 10px;text-transform: uppercase;\u00bb><!-- [et_pb_line_break_holder] -->  <svg style=\"width: 20px;\" aria-hidden=\"true\" focusable=\"false\" data-prefix=\"fas\" data-icon=\"share-square\" role=\"img\" xmlns=\"http:\/\/www.w3.org\/2000\/svg\" viewbox=\"0 0 576 512\" data-fa-i2svg=\"\"><path fill=\"currentColor\" d=\"M568.482 177.448L424.479 313.433C409.3 327.768 384 317.14 384 295.985v-71.963c-144.575.97-205.566 35.113-164.775 171.353 4.483 14.973-12.846 26.567-25.006 17.33C155.252 383.105 120 326.488 120 269.339c0-143.937 117.599-172.5 264-173.312V24.012c0-21.174 25.317-31.768 40.479-17.448l144.003 135.988c10.02 9.463 10.028 25.425 0 34.896zM384 379.128V448H64V128h50.916a11.99 11.99 0 0 0 8.648-3.693c14.953-15.568 32.237-27.89 51.014-37.676C185.708 80.83 181.584 64 169.033 64H48C21.49 64 0 85.49 0 112v352c0 26.51 21.49 48 48 48h352c26.51 0 48-21.49 48-48v-88.806c0-8.288-8.197-14.066-16.011-11.302a71.83 71.83 0 0 1-34.189 3.377c-7.27-1.046-13.8 4.514-13.8 11.859z\"><\/path><\/svg><!-- [et_pb_line_break_holder] -->  COMPARTILHAR<!-- [et_pb_line_break_holder] --><\/a><!-- [et_pb_line_break_holder] --><script async src=\"https:\/\/static.addtoany.com\/menu\/page.js\"><\/script><!-- [et_pb_line_break_holder] --><!-- AddToAny END -->[\/et_pb_code][et_pb_text _builder_version=\u00bb4.19.4&#8243; _module_preset=\u00bbdefault\u00bb text_font=\u00bb|700||on|||||\u00bb text_font_size=\u00bb25px\u00bb width=\u00bb78%\u00bb width_tablet=\u00bb\u00bb width_phone=\u00bb100%\u00bb width_last_edited=\u00bbon|phone\u00bb custom_margin=\u00bb||5px|||\u00bb hover_enabled=\u00bb0&#8243; global_colors_info=\u00bb{}\u00bb sticky_enabled=\u00bb0&#8243;]<\/p>\n<p><strong>CEIA DE NATAL COMPARTILHADA COM PESSOAS EM SITUA\u00c7\u00c3O DE RUA<\/strong><\/p>\n<p>[\/et_pb_text][et_pb_post_title title=\u00bboff\u00bb comments=\u00bboff\u00bb module_class=\u00bbtituloNoti\u00bb _builder_version=\u00bb4.16&#8243; _module_preset=\u00bbdefault\u00bb width_tablet=\u00bb\u00bb width_phone=\u00bb\u00bb width_last_edited=\u00bbon|phone\u00bb custom_padding=\u00bb|0px|||false|false\u00bb custom_padding_tablet=\u00bb|0px|||false|false\u00bb custom_padding_phone=\u00bb|0px|||false|false\u00bb custom_padding_last_edited=\u00bbon|phone\u00bb border_color_right=\u00bb#e8e8e8&#8243; border_width_right_tablet=\u00bb0px\u00bb border_width_right_phone=\u00bb\u00bb border_width_right_last_edited=\u00bbon|desktop\u00bb global_colors_info=\u00bb{}\u00bb][\/et_pb_post_title][et_pb_text _builder_version=\u00bb4.19.4&#8243; _module_preset=\u00bbdefault\u00bb text_font_size=\u00bb17px\u00bb text_orientation=\u00bbjustified\u00bb hover_enabled=\u00bb0&#8243; global_colors_info=\u00bb{}\u00bb sticky_enabled=\u00bb0&#8243;]<\/p>\n<p style=\"text-align: justify;\"><strong>(CNAS Brasil<\/strong>) El 20 de diciembre de 2022, la Iglesia del Nazareno en Curado IV, Jaboat\u00e3o \u2013 PE \u2013 Brasil realiz\u00f3 la 1\u00aa \u00abNavidad Solidaria\u00bb para las personas sin hogar, personas que duermen y viven bajo las marquesinas de la terminal de \u00f3mnibus de la ciudad. La actividad consisti\u00f3 en la realizaci\u00f3n de un culto introduci\u00e9ndolos al verdadero significado de la Navidad, \u00a1Jes\u00fas! Hubo un tiempo para orar, cantar alabanzas con ellos y se les sirvi\u00f3 una cena navide\u00f1a con mucho cari\u00f1o por miembros de la iglesia, tambi\u00e9n se entregaron biblias, \u00abpanetones\u00bb (pan t\u00edpico de la \u00e9poca) y kits de higiene personal.<\/p>\n<p style=\"text-align: justify;\">A trav\u00e9s del proyecto social de la iglesia, \u00abATOS-INC4\u00bb, la iglesia durante todo el a\u00f1o, siempre los d\u00edas martes, estuvo presente en esta terminal de buses llevando sopa, pan, caf\u00e9, agua y tambi\u00e9n la palabra de Dios a hombres y mujeres. Se pudieron ver muchos frutos de este trabajo, personas entregando su vida a Cristo, drogadictos queriendo un cambio e iniciando el proceso en casas de recuperaci\u00f3n, y a algunos de ellos logrando salir de las calles y volver con sus familias o iniciando una nueva etapa en sus vidas de una manera m\u00e1s digna.<br \/>\u00a1Gracias a Dios!, en todo esto la gloria sea para el Se\u00f1or por todo lo que ha hecho, GRATITUD es la palabra que resume el 2022.<\/p>\n<p style=\"text-align: justify;\"><strong>Fonte<\/strong>\u00a0Iglesia del Nazareno &#8211; Brasil<\/p>\n<p style=\"text-align: justify;\">[\/et_pb_text][\/et_pb_column][\/et_pb_row][et_pb_row disabled_on=\u00bbon|on|on\u00bb _builder_version=\u00bb4.16&#8243; _module_preset=\u00bbdefault\u00bb disabled=\u00bbon\u00bb global_colors_info=\u00bb{}\u00bb][et_pb_column type=\u00bb4_4&#8243; _builder_version=\u00bb4.16&#8243; _module_preset=\u00bbdefault\u00bb global_colors_info=\u00bb{}\u00bb][et_pb_text disabled_on=\u00bboff|off|off\u00bb _builder_version=\u00bb4.16&#8243; _module_preset=\u00bbdefault\u00bb text_text_color=\u00bb#0C71C3&#8243; text_font_size=\u00bb23px\u00bb text_orientation=\u00bbcenter\u00bb global_colors_info=\u00bb{}\u00bb]<\/p>\n<p>CONTENIDO EN PORTUGUES<\/p>\n<p>[\/et_pb_text][\/et_pb_column][\/et_pb_row][et_pb_row module_class=\u00bbportugues\u00bb _builder_version=\u00bb4.16&#8243; _module_preset=\u00bbdefault\u00bb width=\u00bb100%\u00bb global_colors_info=\u00bb{}\u00bb][et_pb_column type=\u00bb4_4&#8243; module_class=\u00bbcolLeft\u00bb _builder_version=\u00bb4.16&#8243; _module_preset=\u00bbdefault\u00bb custom_padding=\u00bb|50px|||false|false\u00bb custom_padding_tablet=\u00bb|20px||20px|false|true\u00bb custom_padding_phone=\u00bb\u00bb custom_padding_last_edited=\u00bbon|phone\u00bb border_color_all=\u00bb#e0e0e0&#8243; border_width_right_tablet=\u00bb0px\u00bb border_width_right_phone=\u00bb0px\u00bb border_width_right_last_edited=\u00bbon|desktop\u00bb global_colors_info=\u00bb{}\u00bb][et_pb_code admin_label=\u00bbCode\u00bb _builder_version=\u00bb4.16&#8243; _module_preset=\u00bbdefault\u00bb background_enable_color=\u00bboff\u00bb positioning=\u00bbabsolute\u00bb position_origin_a=\u00bbtop_right\u00bb vertical_offset=\u00bb10px\u00bb horizontal_offset=\u00bb50px\u00bb z_index=\u00bb137&#8243; vertical_offset_tablet=\u00bb\u00bb vertical_offset_phone=\u00bb-45px\u00bb vertical_offset_last_edited=\u00bbon|phone\u00bb horizontal_offset_tablet=\u00bb20px\u00bb horizontal_offset_phone=\u00bb\u00bb horizontal_offset_last_edited=\u00bbon|phone\u00bb position_origin_a_tablet=\u00bb\u00bb position_origin_a_phone=\u00bb\u00bb position_origin_a_last_edited=\u00bbon|desktop\u00bb position_origin_f_tablet=\u00bb\u00bb position_origin_f_phone=\u00bb\u00bb position_origin_f_last_edited=\u00bbon|desktop\u00bb position_origin_r_tablet=\u00bb\u00bb position_origin_r_phone=\u00bb\u00bb position_origin_r_last_edited=\u00bbon|desktop\u00bb text_orientation=\u00bbright\u00bb width=\u00bb190px\u00bb height=\u00bb30px\u00bb positioning_tablet=\u00bb\u00bb positioning_phone=\u00bb\u00bb positioning_last_edited=\u00bbon|desktop\u00bb global_colors_info=\u00bb{}\u00bb]<!-- AddToAny BEGIN --><!-- [et_pb_line_break_holder] --><a class=\"a2a_dd\" href=\"https:\/\/www.addtoany.com\/share\" style=\"background: black;<!-- [et_pb_line_break_holder] -->    font-size: 18px;<!-- [et_pb_line_break_holder] -->    color: white;<!-- [et_pb_line_break_holder] -->    padding: 10px;text-transform: uppercase;\u00bb><!-- [et_pb_line_break_holder] -->  <svg style=\"width: 20px;\" aria-hidden=\"true\" focusable=\"false\" data-prefix=\"fas\" data-icon=\"share-square\" role=\"img\" xmlns=\"http:\/\/www.w3.org\/2000\/svg\" viewbox=\"0 0 576 512\" data-fa-i2svg=\"\"><path fill=\"currentColor\" d=\"M568.482 177.448L424.479 313.433C409.3 327.768 384 317.14 384 295.985v-71.963c-144.575.97-205.566 35.113-164.775 171.353 4.483 14.973-12.846 26.567-25.006 17.33C155.252 383.105 120 326.488 120 269.339c0-143.937 117.599-172.5 264-173.312V24.012c0-21.174 25.317-31.768 40.479-17.448l144.003 135.988c10.02 9.463 10.028 25.425 0 34.896zM384 379.128V448H64V128h50.916a11.99 11.99 0 0 0 8.648-3.693c14.953-15.568 32.237-27.89 51.014-37.676C185.708 80.83 181.584 64 169.033 64H48C21.49 64 0 85.49 0 112v352c0 26.51 21.49 48 48 48h352c26.51 0 48-21.49 48-48v-88.806c0-8.288-8.197-14.066-16.011-11.302a71.83 71.83 0 0 1-34.189 3.377c-7.27-1.046-13.8 4.514-13.8 11.859z\"><\/path><\/svg><!-- [et_pb_line_break_holder] -->  Compartilhar<!-- [et_pb_line_break_holder] --><\/a><!-- [et_pb_line_break_holder] --><script async src=\"https:\/\/static.addtoany.com\/menu\/page.js\"><\/script><!-- [et_pb_line_break_holder] --><!-- AddToAny END -->[\/et_pb_code][et_pb_text _builder_version=\u00bb4.19.4&#8243; _module_preset=\u00bbdefault\u00bb text_font=\u00bb|700||on|||||\u00bb text_font_size=\u00bb25px\u00bb width=\u00bb73%\u00bb width_tablet=\u00bb\u00bb width_phone=\u00bb100%\u00bb width_last_edited=\u00bbon|phone\u00bb custom_margin=\u00bb||5px|||\u00bb hover_enabled=\u00bb0&#8243; global_colors_info=\u00bb{}\u00bb sticky_enabled=\u00bb0&#8243;]<\/p>\n<p><strong>CEIA DE NATAL COMPARTILHADA COM PESSOAS EM SITUA\u00c7\u00c3O DE RUA<\/strong><\/p>\n<p>[\/et_pb_text][et_pb_post_title title=\u00bboff\u00bb comments=\u00bboff\u00bb module_class=\u00bbtituloNoti\u00bb _builder_version=\u00bb4.18.0&#8243; _module_preset=\u00bbdefault\u00bb width_tablet=\u00bb\u00bb width_phone=\u00bb\u00bb width_last_edited=\u00bbon|phone\u00bb custom_padding=\u00bb|0px|||false|false\u00bb custom_padding_tablet=\u00bb|0px|||false|false\u00bb custom_padding_phone=\u00bb|0px|||false|false\u00bb custom_padding_last_edited=\u00bbon|phone\u00bb border_color_right=\u00bb#e8e8e8&#8243; border_width_right_tablet=\u00bb0px\u00bb border_width_right_phone=\u00bb\u00bb border_width_right_last_edited=\u00bbon|desktop\u00bb global_colors_info=\u00bb{}\u00bb][\/et_pb_post_title][et_pb_text _builder_version=\u00bb4.19.4&#8243; _module_preset=\u00bbdefault\u00bb text_font_size=\u00bb17px\u00bb text_orientation=\u00bbjustified\u00bb hover_enabled=\u00bb0&#8243; global_colors_info=\u00bb{}\u00bb sticky_enabled=\u00bb0&#8243;]<\/p>\n<p style=\"text-align: justify;\"><strong>(CNAS Brasil) <\/strong>No dia 20\/12\/22 a Igreja do Nazareno no Curado IV, Jaboat\u00e3o \u2013 PE \u2013 Brasil realizou o 1o Natal Solid\u00e1rio para pessoas em situa\u00e7\u00e3o de rua, pessoas essas que dormem e moram embaixo das marquises do terminal rodovi\u00e1rio da cidade. Onde foi realizado um culto apresentando a eles o verdadeiro sentido do Natal, Jesus! Oramos, entoamos louvores com eles e jantamos juntos, foi servido a eles uma ceia de natal realizada com muito carinho por membros da igreja, distribu\u00edmos tamb\u00e9m B\u00edblias, panetones e kits de higiene pessoal.<\/p>\n<p style=\"text-align: justify;\">Atrav\u00e9s do projeto social da igreja, o ATOS-INC4, a igreja ao longo do ano, sempre nas ter\u00e7as feiras, esteve presente nesse terminal de \u00f4nibus levando sopa, p\u00e3o, caf\u00e9, \u00e1gua e tamb\u00e9m a palavra de Deus para homens e mulheres. Vimos muitos frutos desse trabalho, pessoas entregando suas vidas para Cristo, vimos viciados em drogas querendo mudan\u00e7a e iniciando processo em casas de recupera\u00e7\u00e3o, e vimos alguns deles conseguindo sair das ruas e voltar para suas fam\u00edlias ou iniciando uma nova fase em suas vidas de forma mais digna.<br \/>Nos alegramos com tudo isso e glorificamos ao Senhor por tudo que Ele tem feito, GRATID\u00c3O \u00e9 a palavra que resume 2022.<\/p>\n<p style=\"text-align: justify;\"><strong>Fonte<\/strong>: Minist\u00e9rio de Comunica\u00e7\u00e3o Igreja do Nazareno<\/p>\n<p>[\/et_pb_text][\/et_pb_column][\/et_pb_row][et_pb_row _builder_version=\u00bb4.16&#8243; _module_preset=\u00bbdefault\u00bb width=\u00bb100%\u00bb global_colors_info=\u00bb{}\u00bb][et_pb_column type=\u00bb4_4&#8243; module_class=\u00bbcolLeft\u00bb _builder_version=\u00bb4.16&#8243; _module_preset=\u00bbdefault\u00bb custom_padding=\u00bb|50px|||false|false\u00bb custom_padding_tablet=\u00bb|20px||20px|false|true\u00bb custom_padding_phone=\u00bb\u00bb custom_padding_last_edited=\u00bbon|phone\u00bb border_color_all=\u00bb#e0e0e0&#8243; border_width_right_tablet=\u00bb0px\u00bb border_width_right_phone=\u00bb0px\u00bb border_width_right_last_edited=\u00bbon|desktop\u00bb global_colors_info=\u00bb{}\u00bb][et_pb_gallery gallery_ids=\u00bb41950,41949,41948,41947,41946,41945,41944,41943,41942,41941&#8243; posts_number=\u00bb8&#8243; show_title_and_caption=\u00bboff\u00bb zoom_icon_color=\u00bb#E02B20&#8243; hover_overlay_color=\u00bb#FFFFFF\u00bb hover_icon=\u00bb&#x54;||divi||400&#8243; _builder_version=\u00bb4.19.4&#8243; _module_preset=\u00bbdefault\u00bb title_font_size=\u00bb0px\u00bb width=\u00bb100%\u00bb module_alignment=\u00bbcenter\u00bb global_colors_info=\u00bb{}\u00bb][\/et_pb_gallery][\/et_pb_column][\/et_pb_row][\/et_pb_section]<\/p>\n<span class=\"et_bloom_bottom_trigger\"><\/span>","protected":false},"excerpt":{"rendered":"<p>CONTENIDO EN ESPA\u00d1OL<\/p>","protected":false},"author":4,"featured_media":41949,"comment_status":"open","ping_status":"open","sticky":false,"template":"","format":"standard","meta":{"_et_pb_use_builder":"on","_et_pb_old_content":"","_et_gb_content_width":"","_monsterinsights_skip_tracking":false,"_monsterinsights_sitenote_active":false,"_monsterinsights_sitenote_note":"","_monsterinsights_sitenote_category":0,"_vp_format_video_url":"","_vp_image_focal_point":[],"footnotes":""},"categories":[53,48],"tags":[],"class_list":["post-41982","post","type-post","status-publish","format-standard","has-post-thumbnail","hentry","category-brasil","category-compasion"],"yoast_head":"<!-- This site is optimized with the Yoast SEO Premium plugin v23.6 (Yoast SEO v27.4) - https:\/\/yoast.com\/product\/yoast-seo-premium-wordpress\/ -->\n<title>CENA DE NAVIDAD COMPARTIDA CON LA GENTE SIN HOGAR | Iglesia del Nazareno Am\u00e9rica del Sur<\/title>\n<meta name=\"description\" content=\"Brasil\" \/>\n<meta name=\"robots\" content=\"noindex, follow\" \/>\n<meta property=\"og:locale\" content=\"pt_BR\" \/>\n<meta property=\"og:type\" content=\"article\" \/>\n<meta property=\"og:title\" content=\"CENA DE NAVIDAD COMPARTIDA CON LA GENTE SIN HOGAR | Iglesia del Nazareno Am\u00e9rica del Sur\" \/>\n<meta property=\"og:description\" content=\"Brasil\" \/>\n<meta property=\"og:url\" content=\"https:\/\/www.samnaz.org\/pt\/navidad-solidaria-inc4-cena-de-navidad-compartida-con-gente-en-el-camino\/\" \/>\n<meta property=\"og:site_name\" content=\"Iglesia del Nazareno Am\u00e9rica del Sur\" \/>\n<meta property=\"article:publisher\" content=\"https:\/\/www.facebook.com\/NazarenoEsp\" \/>\n<meta property=\"article:published_time\" content=\"2022-12-26T13:21:59+00:00\" \/>\n<meta property=\"article:modified_time\" content=\"2023-01-06T05:28:09+00:00\" \/>\n<meta property=\"og:image\" content=\"https:\/\/www.samnaz.org\/wp-content\/uploads\/2022\/12\/WhatsApp-Image-2022-12-21-at-14.00.42.jpeg\" \/>\n\t<meta property=\"og:image:width\" content=\"1200\" \/>\n\t<meta property=\"og:image:height\" content=\"1600\" \/>\n\t<meta property=\"og:image:type\" content=\"image\/jpeg\" \/>\n<meta name=\"author\" content=\"Samnaz\" \/>\n<meta name=\"twitter:card\" content=\"summary_large_image\" \/>\n<meta name=\"twitter:label1\" content=\"Escrito por\" \/>\n\t<meta name=\"twitter:data1\" content=\"Samnaz\" \/>\n\t<meta name=\"twitter:label2\" content=\"Est. tempo de leitura\" \/>\n\t<meta name=\"twitter:data2\" content=\"4 minutos\" \/>\n<script type=\"application\/ld+json\" class=\"yoast-schema-graph\">{\"@context\":\"https:\\\/\\\/schema.org\",\"@graph\":[{\"@type\":\"Article\",\"@id\":\"https:\\\/\\\/www.samnaz.org\\\/navidad-solidaria-inc4-cena-de-navidad-compartida-con-gente-en-el-camino\\\/#article\",\"isPartOf\":{\"@id\":\"https:\\\/\\\/www.samnaz.org\\\/navidad-solidaria-inc4-cena-de-navidad-compartida-con-gente-en-el-camino\\\/\"},\"author\":{\"name\":\"Samnaz\",\"@id\":\"https:\\\/\\\/www.samnaz.org\\\/#\\\/schema\\\/person\\\/c09d1131c49ba510c7e1cbb677b39927\"},\"headline\":\"CENA DE NAVIDAD COMPARTIDA CON LA GENTE SIN HOGAR\",\"datePublished\":\"2022-12-26T13:21:59+00:00\",\"dateModified\":\"2023-01-06T05:28:09+00:00\",\"mainEntityOfPage\":{\"@id\":\"https:\\\/\\\/www.samnaz.org\\\/navidad-solidaria-inc4-cena-de-navidad-compartida-con-gente-en-el-camino\\\/\"},\"wordCount\":293,\"commentCount\":0,\"publisher\":{\"@id\":\"https:\\\/\\\/www.samnaz.org\\\/#organization\"},\"image\":{\"@id\":\"https:\\\/\\\/www.samnaz.org\\\/navidad-solidaria-inc4-cena-de-navidad-compartida-con-gente-en-el-camino\\\/#primaryimage\"},\"thumbnailUrl\":\"https:\\\/\\\/www.samnaz.org\\\/wp-content\\\/uploads\\\/2022\\\/12\\\/WhatsApp-Image-2022-12-21-at-14.00.42.jpeg\",\"articleSection\":[\"Brasil\",\"Compasi\u00f3n\"],\"inLanguage\":\"pt-BR\",\"potentialAction\":[{\"@type\":\"CommentAction\",\"name\":\"Comment\",\"target\":[\"https:\\\/\\\/www.samnaz.org\\\/navidad-solidaria-inc4-cena-de-navidad-compartida-con-gente-en-el-camino\\\/#respond\"]}]},{\"@type\":\"WebPage\",\"@id\":\"https:\\\/\\\/www.samnaz.org\\\/navidad-solidaria-inc4-cena-de-navidad-compartida-con-gente-en-el-camino\\\/\",\"url\":\"https:\\\/\\\/www.samnaz.org\\\/navidad-solidaria-inc4-cena-de-navidad-compartida-con-gente-en-el-camino\\\/\",\"name\":\"CENA DE NAVIDAD COMPARTIDA CON LA GENTE SIN HOGAR | Iglesia del Nazareno Am\u00e9rica del Sur\",\"isPartOf\":{\"@id\":\"https:\\\/\\\/www.samnaz.org\\\/#website\"},\"primaryImageOfPage\":{\"@id\":\"https:\\\/\\\/www.samnaz.org\\\/navidad-solidaria-inc4-cena-de-navidad-compartida-con-gente-en-el-camino\\\/#primaryimage\"},\"image\":{\"@id\":\"https:\\\/\\\/www.samnaz.org\\\/navidad-solidaria-inc4-cena-de-navidad-compartida-con-gente-en-el-camino\\\/#primaryimage\"},\"thumbnailUrl\":\"https:\\\/\\\/www.samnaz.org\\\/wp-content\\\/uploads\\\/2022\\\/12\\\/WhatsApp-Image-2022-12-21-at-14.00.42.jpeg\",\"datePublished\":\"2022-12-26T13:21:59+00:00\",\"dateModified\":\"2023-01-06T05:28:09+00:00\",\"description\":\"Brasil\",\"inLanguage\":\"pt-BR\",\"potentialAction\":[{\"@type\":\"ReadAction\",\"target\":[\"https:\\\/\\\/www.samnaz.org\\\/navidad-solidaria-inc4-cena-de-navidad-compartida-con-gente-en-el-camino\\\/\"]}]},{\"@type\":\"ImageObject\",\"inLanguage\":\"pt-BR\",\"@id\":\"https:\\\/\\\/www.samnaz.org\\\/navidad-solidaria-inc4-cena-de-navidad-compartida-con-gente-en-el-camino\\\/#primaryimage\",\"url\":\"https:\\\/\\\/www.samnaz.org\\\/wp-content\\\/uploads\\\/2022\\\/12\\\/WhatsApp-Image-2022-12-21-at-14.00.42.jpeg\",\"contentUrl\":\"https:\\\/\\\/www.samnaz.org\\\/wp-content\\\/uploads\\\/2022\\\/12\\\/WhatsApp-Image-2022-12-21-at-14.00.42.jpeg\",\"width\":1200,\"height\":1600},{\"@type\":\"WebSite\",\"@id\":\"https:\\\/\\\/www.samnaz.org\\\/#website\",\"url\":\"https:\\\/\\\/www.samnaz.org\\\/\",\"name\":\"Haciendo Disc\u00edpulos Semejantes a Cristo en las naciones\",\"description\":\"Haciendo disc\u00edpulos semejantes a Cristo en las Naciones\",\"publisher\":{\"@id\":\"https:\\\/\\\/www.samnaz.org\\\/#organization\"},\"alternateName\":\"Viviendo la Gran Comisi\u00f3n\",\"potentialAction\":[{\"@type\":\"SearchAction\",\"target\":{\"@type\":\"EntryPoint\",\"urlTemplate\":\"https:\\\/\\\/www.samnaz.org\\\/?s={search_term_string}\"},\"query-input\":{\"@type\":\"PropertyValueSpecification\",\"valueRequired\":true,\"valueName\":\"search_term_string\"}}],\"inLanguage\":\"pt-BR\"},{\"@type\":\"Organization\",\"@id\":\"https:\\\/\\\/www.samnaz.org\\\/#organization\",\"name\":\"Iglesia del Nazareno Am\u00e9rica del Sur\",\"url\":\"https:\\\/\\\/www.samnaz.org\\\/\",\"logo\":{\"@type\":\"ImageObject\",\"inLanguage\":\"pt-BR\",\"@id\":\"https:\\\/\\\/www.samnaz.org\\\/#\\\/schema\\\/logo\\\/image\\\/\",\"url\":\"https:\\\/\\\/www.samnaz.org\\\/wp-content\\\/uploads\\\/2021\\\/04\\\/Logo-3-ESP.png\",\"contentUrl\":\"https:\\\/\\\/www.samnaz.org\\\/wp-content\\\/uploads\\\/2021\\\/04\\\/Logo-3-ESP.png\",\"width\":1041,\"height\":780,\"caption\":\"Iglesia del Nazareno Am\u00e9rica del Sur\"},\"image\":{\"@id\":\"https:\\\/\\\/www.samnaz.org\\\/#\\\/schema\\\/logo\\\/image\\\/\"},\"sameAs\":[\"https:\\\/\\\/www.facebook.com\\\/NazarenoEsp\",\"https:\\\/\\\/www.instagram.com\\\/nazarenoesp\\\/\"],\"publishingPrinciples\":\"https:\\\/\\\/www.samnaz.org\\\/\"},{\"@type\":\"Person\",\"@id\":\"https:\\\/\\\/www.samnaz.org\\\/#\\\/schema\\\/person\\\/c09d1131c49ba510c7e1cbb677b39927\",\"name\":\"Samnaz\",\"image\":{\"@type\":\"ImageObject\",\"inLanguage\":\"pt-BR\",\"@id\":\"https:\\\/\\\/secure.gravatar.com\\\/avatar\\\/a5baaf0e270319d09c0efce6a9dd03ff93175913c70afe26595c0069c83fa6dc?s=96&d=mm&r=g\",\"url\":\"https:\\\/\\\/secure.gravatar.com\\\/avatar\\\/a5baaf0e270319d09c0efce6a9dd03ff93175913c70afe26595c0069c83fa6dc?s=96&d=mm&r=g\",\"contentUrl\":\"https:\\\/\\\/secure.gravatar.com\\\/avatar\\\/a5baaf0e270319d09c0efce6a9dd03ff93175913c70afe26595c0069c83fa6dc?s=96&d=mm&r=g\",\"caption\":\"Samnaz\"}}]}<\/script>\n<!-- \/ Yoast SEO Premium plugin. -->","yoast_head_json":{"title":"CENA DE NAVIDAD COMPARTIDA CON LA GENTE SIN HOGAR | Iglesia del Nazareno Am\u00e9rica del Sur","description":"Brasil","robots":{"index":"noindex","follow":"follow"},"og_locale":"pt_BR","og_type":"article","og_title":"CENA DE NAVIDAD COMPARTIDA CON LA GENTE SIN HOGAR | Iglesia del Nazareno Am\u00e9rica del Sur","og_description":"Brasil","og_url":"https:\/\/www.samnaz.org\/pt\/navidad-solidaria-inc4-cena-de-navidad-compartida-con-gente-en-el-camino\/","og_site_name":"Iglesia del Nazareno Am\u00e9rica del Sur","article_publisher":"https:\/\/www.facebook.com\/NazarenoEsp","article_published_time":"2022-12-26T13:21:59+00:00","article_modified_time":"2023-01-06T05:28:09+00:00","og_image":[{"width":1200,"height":1600,"url":"https:\/\/www.samnaz.org\/wp-content\/uploads\/2022\/12\/WhatsApp-Image-2022-12-21-at-14.00.42.jpeg","type":"image\/jpeg"}],"author":"Samnaz","twitter_card":"summary_large_image","twitter_misc":{"Escrito por":"Samnaz","Est. tempo de leitura":"4 minutos"},"schema":{"@context":"https:\/\/schema.org","@graph":[{"@type":"Article","@id":"https:\/\/www.samnaz.org\/navidad-solidaria-inc4-cena-de-navidad-compartida-con-gente-en-el-camino\/#article","isPartOf":{"@id":"https:\/\/www.samnaz.org\/navidad-solidaria-inc4-cena-de-navidad-compartida-con-gente-en-el-camino\/"},"author":{"name":"Samnaz","@id":"https:\/\/www.samnaz.org\/#\/schema\/person\/c09d1131c49ba510c7e1cbb677b39927"},"headline":"CENA DE NAVIDAD COMPARTIDA CON LA GENTE SIN HOGAR","datePublished":"2022-12-26T13:21:59+00:00","dateModified":"2023-01-06T05:28:09+00:00","mainEntityOfPage":{"@id":"https:\/\/www.samnaz.org\/navidad-solidaria-inc4-cena-de-navidad-compartida-con-gente-en-el-camino\/"},"wordCount":293,"commentCount":0,"publisher":{"@id":"https:\/\/www.samnaz.org\/#organization"},"image":{"@id":"https:\/\/www.samnaz.org\/navidad-solidaria-inc4-cena-de-navidad-compartida-con-gente-en-el-camino\/#primaryimage"},"thumbnailUrl":"https:\/\/www.samnaz.org\/wp-content\/uploads\/2022\/12\/WhatsApp-Image-2022-12-21-at-14.00.42.jpeg","articleSection":["Brasil","Compasi\u00f3n"],"inLanguage":"pt-BR","potentialAction":[{"@type":"CommentAction","name":"Comment","target":["https:\/\/www.samnaz.org\/navidad-solidaria-inc4-cena-de-navidad-compartida-con-gente-en-el-camino\/#respond"]}]},{"@type":"WebPage","@id":"https:\/\/www.samnaz.org\/navidad-solidaria-inc4-cena-de-navidad-compartida-con-gente-en-el-camino\/","url":"https:\/\/www.samnaz.org\/navidad-solidaria-inc4-cena-de-navidad-compartida-con-gente-en-el-camino\/","name":"CENA DE NAVIDAD COMPARTIDA CON LA GENTE SIN HOGAR | Iglesia del Nazareno Am\u00e9rica del Sur","isPartOf":{"@id":"https:\/\/www.samnaz.org\/#website"},"primaryImageOfPage":{"@id":"https:\/\/www.samnaz.org\/navidad-solidaria-inc4-cena-de-navidad-compartida-con-gente-en-el-camino\/#primaryimage"},"image":{"@id":"https:\/\/www.samnaz.org\/navidad-solidaria-inc4-cena-de-navidad-compartida-con-gente-en-el-camino\/#primaryimage"},"thumbnailUrl":"https:\/\/www.samnaz.org\/wp-content\/uploads\/2022\/12\/WhatsApp-Image-2022-12-21-at-14.00.42.jpeg","datePublished":"2022-12-26T13:21:59+00:00","dateModified":"2023-01-06T05:28:09+00:00","description":"Brasil","inLanguage":"pt-BR","potentialAction":[{"@type":"ReadAction","target":["https:\/\/www.samnaz.org\/navidad-solidaria-inc4-cena-de-navidad-compartida-con-gente-en-el-camino\/"]}]},{"@type":"ImageObject","inLanguage":"pt-BR","@id":"https:\/\/www.samnaz.org\/navidad-solidaria-inc4-cena-de-navidad-compartida-con-gente-en-el-camino\/#primaryimage","url":"https:\/\/www.samnaz.org\/wp-content\/uploads\/2022\/12\/WhatsApp-Image-2022-12-21-at-14.00.42.jpeg","contentUrl":"https:\/\/www.samnaz.org\/wp-content\/uploads\/2022\/12\/WhatsApp-Image-2022-12-21-at-14.00.42.jpeg","width":1200,"height":1600},{"@type":"WebSite","@id":"https:\/\/www.samnaz.org\/#website","url":"https:\/\/www.samnaz.org\/","name":"Haciendo Disc\u00edpulos Semejantes a Cristo en las naciones","description":"Haciendo disc\u00edpulos semejantes a Cristo en las Naciones","publisher":{"@id":"https:\/\/www.samnaz.org\/#organization"},"alternateName":"Viviendo la Gran Comisi\u00f3n","potentialAction":[{"@type":"SearchAction","target":{"@type":"EntryPoint","urlTemplate":"https:\/\/www.samnaz.org\/?s={search_term_string}"},"query-input":{"@type":"PropertyValueSpecification","valueRequired":true,"valueName":"search_term_string"}}],"inLanguage":"pt-BR"},{"@type":"Organization","@id":"https:\/\/www.samnaz.org\/#organization","name":"Iglesia del Nazareno Am\u00e9rica del Sur","url":"https:\/\/www.samnaz.org\/","logo":{"@type":"ImageObject","inLanguage":"pt-BR","@id":"https:\/\/www.samnaz.org\/#\/schema\/logo\/image\/","url":"https:\/\/www.samnaz.org\/wp-content\/uploads\/2021\/04\/Logo-3-ESP.png","contentUrl":"https:\/\/www.samnaz.org\/wp-content\/uploads\/2021\/04\/Logo-3-ESP.png","width":1041,"height":780,"caption":"Iglesia del Nazareno Am\u00e9rica del Sur"},"image":{"@id":"https:\/\/www.samnaz.org\/#\/schema\/logo\/image\/"},"sameAs":["https:\/\/www.facebook.com\/NazarenoEsp","https:\/\/www.instagram.com\/nazarenoesp\/"],"publishingPrinciples":"https:\/\/www.samnaz.org\/"},{"@type":"Person","@id":"https:\/\/www.samnaz.org\/#\/schema\/person\/c09d1131c49ba510c7e1cbb677b39927","name":"Samnaz","image":{"@type":"ImageObject","inLanguage":"pt-BR","@id":"https:\/\/secure.gravatar.com\/avatar\/a5baaf0e270319d09c0efce6a9dd03ff93175913c70afe26595c0069c83fa6dc?s=96&d=mm&r=g","url":"https:\/\/secure.gravatar.com\/avatar\/a5baaf0e270319d09c0efce6a9dd03ff93175913c70afe26595c0069c83fa6dc?s=96&d=mm&r=g","contentUrl":"https:\/\/secure.gravatar.com\/avatar\/a5baaf0e270319d09c0efce6a9dd03ff93175913c70afe26595c0069c83fa6dc?s=96&d=mm&r=g","caption":"Samnaz"}}]}},"_links":{"self":[{"href":"https:\/\/www.samnaz.org\/pt\/wp-json\/wp\/v2\/posts\/41982","targetHints":{"allow":["GET"]}}],"collection":[{"href":"https:\/\/www.samnaz.org\/pt\/wp-json\/wp\/v2\/posts"}],"about":[{"href":"https:\/\/www.samnaz.org\/pt\/wp-json\/wp\/v2\/types\/post"}],"author":[{"embeddable":true,"href":"https:\/\/www.samnaz.org\/pt\/wp-json\/wp\/v2\/users\/4"}],"replies":[{"embeddable":true,"href":"https:\/\/www.samnaz.org\/pt\/wp-json\/wp\/v2\/comments?post=41982"}],"version-history":[{"count":9,"href":"https:\/\/www.samnaz.org\/pt\/wp-json\/wp\/v2\/posts\/41982\/revisions"}],"predecessor-version":[{"id":43241,"href":"https:\/\/www.samnaz.org\/pt\/wp-json\/wp\/v2\/posts\/41982\/revisions\/43241"}],"wp:featuredmedia":[{"embeddable":true,"href":"https:\/\/www.samnaz.org\/pt\/wp-json\/wp\/v2\/media\/41949"}],"wp:attachment":[{"href":"https:\/\/www.samnaz.org\/pt\/wp-json\/wp\/v2\/media?parent=41982"}],"wp:term":[{"taxonomy":"category","embeddable":true,"href":"https:\/\/www.samnaz.org\/pt\/wp-json\/wp\/v2\/categories?post=41982"},{"taxonomy":"post_tag","embeddable":true,"href":"https:\/\/www.samnaz.org\/pt\/wp-json\/wp\/v2\/tags?post=41982"}],"curies":[{"name":"wp","href":"https:\/\/api.w.org\/{rel}","templated":true}]}}