{"id":42889,"date":"2023-04-19T14:05:00","date_gmt":"2023-04-19T17:05:00","guid":{"rendered":"https:\/\/www.samnaz.org\/?p=42889"},"modified":"2023-04-19T14:05:06","modified_gmt":"2023-04-19T17:05:06","slug":"iglesia-celebro-su-55-aniversario-1968-2023","status":"publish","type":"post","link":"https:\/\/www.samnaz.org\/pt\/iglesia-celebro-su-55-aniversario-1968-2023\/","title":{"rendered":"IGREJA CELEBRA SEU 55\u00ba ANIVERS\u00c1RIO (1968-2023)"},"content":{"rendered":"<p>[et_pb_section fb_built=\u00bb1&#8243; _builder_version=\u00bb4.16&#8243; _module_preset=\u00bbdefault\u00bb custom_padding=\u00bb0px||||false|false\u00bb global_colors_info=\u00bb{}\u00bb theme_builder_area=\u00bbpost_content\u00bb][et_pb_row disabled_on=\u00bbon|on|on\u00bb _builder_version=\u00bb4.16&#8243; _module_preset=\u00bbdefault\u00bb disabled=\u00bbon\u00bb global_colors_info=\u00bb{}\u00bb theme_builder_area=\u00bbpost_content\u00bb][et_pb_column type=\u00bb4_4&#8243; _builder_version=\u00bb4.16&#8243; _module_preset=\u00bbdefault\u00bb global_colors_info=\u00bb{}\u00bb theme_builder_area=\u00bbpost_content\u00bb][et_pb_text disabled_on=\u00bboff|off|off\u00bb _builder_version=\u00bb4.16&#8243; _module_preset=\u00bbdefault\u00bb text_text_color=\u00bb#0C71C3&#8243; text_font_size=\u00bb23px\u00bb text_orientation=\u00bbcenter\u00bb global_colors_info=\u00bb{}\u00bb theme_builder_area=\u00bbpost_content\u00bb]<\/p>\n<p>CONTENIDO EN ESPA\u00d1OL<\/p>\n<p>[\/et_pb_text][\/et_pb_column][\/et_pb_row][et_pb_row module_class=\u00bbespanol\u00bb _builder_version=\u00bb4.16&#8243; _module_preset=\u00bbdefault\u00bb width=\u00bb100%\u00bb global_colors_info=\u00bb{}\u00bb theme_builder_area=\u00bbpost_content\u00bb][et_pb_column type=\u00bb4_4&#8243; module_class=\u00bbcolLeft\u00bb _builder_version=\u00bb4.16&#8243; _module_preset=\u00bbdefault\u00bb custom_padding=\u00bb|50px|||false|false\u00bb custom_padding_tablet=\u00bb|20px||20px|false|true\u00bb custom_padding_phone=\u00bb\u00bb custom_padding_last_edited=\u00bbon|phone\u00bb border_color_all=\u00bb#e0e0e0&#8243; border_width_right_tablet=\u00bb0px\u00bb border_width_right_phone=\u00bb0px\u00bb border_width_right_last_edited=\u00bbon|desktop\u00bb global_colors_info=\u00bb{}\u00bb theme_builder_area=\u00bbpost_content\u00bb][et_pb_code admin_label=\u00bbCode\u00bb _builder_version=\u00bb4.16&#8243; _module_preset=\u00bbdefault\u00bb background_enable_color=\u00bboff\u00bb positioning=\u00bbabsolute\u00bb position_origin_a=\u00bbtop_right\u00bb vertical_offset=\u00bb10px\u00bb horizontal_offset=\u00bb50px\u00bb z_index=\u00bb137&#8243; vertical_offset_tablet=\u00bb\u00bb vertical_offset_phone=\u00bb-45px\u00bb vertical_offset_last_edited=\u00bbon|phone\u00bb horizontal_offset_tablet=\u00bb20px\u00bb horizontal_offset_phone=\u00bb\u00bb horizontal_offset_last_edited=\u00bbon|phone\u00bb position_origin_a_tablet=\u00bb\u00bb position_origin_a_phone=\u00bb\u00bb position_origin_a_last_edited=\u00bbon|desktop\u00bb position_origin_f_tablet=\u00bb\u00bb position_origin_f_phone=\u00bb\u00bb position_origin_f_last_edited=\u00bbon|desktop\u00bb position_origin_r_tablet=\u00bb\u00bb position_origin_r_phone=\u00bb\u00bb position_origin_r_last_edited=\u00bbon|desktop\u00bb text_orientation=\u00bbright\u00bb width=\u00bb160px\u00bb height=\u00bb30px\u00bb positioning_tablet=\u00bb\u00bb positioning_phone=\u00bb\u00bb positioning_last_edited=\u00bbon|desktop\u00bb global_colors_info=\u00bb{}\u00bb theme_builder_area=\u00bbpost_content\u00bb]<!-- AddToAny BEGIN --><!-- [et_pb_line_break_holder] --><a class=\"a2a_dd\" href=\"https:\/\/www.addtoany.com\/share\" style=\"background: black;<!-- [et_pb_line_break_holder] -->    font-size: 18px;<!-- [et_pb_line_break_holder] -->    color: white;<!-- [et_pb_line_break_holder] -->    padding: 10px;text-transform: uppercase;\u00bb><!-- [et_pb_line_break_holder] -->  <svg style=\"width: 20px;\" aria-hidden=\"true\" focusable=\"false\" data-prefix=\"fas\" data-icon=\"share-square\" role=\"img\" xmlns=\"http:\/\/www.w3.org\/2000\/svg\" viewbox=\"0 0 576 512\" data-fa-i2svg=\"\"><path fill=\"currentColor\" d=\"M568.482 177.448L424.479 313.433C409.3 327.768 384 317.14 384 295.985v-71.963c-144.575.97-205.566 35.113-164.775 171.353 4.483 14.973-12.846 26.567-25.006 17.33C155.252 383.105 120 326.488 120 269.339c0-143.937 117.599-172.5 264-173.312V24.012c0-21.174 25.317-31.768 40.479-17.448l144.003 135.988c10.02 9.463 10.028 25.425 0 34.896zM384 379.128V448H64V128h50.916a11.99 11.99 0 0 0 8.648-3.693c14.953-15.568 32.237-27.89 51.014-37.676C185.708 80.83 181.584 64 169.033 64H48C21.49 64 0 85.49 0 112v352c0 26.51 21.49 48 48 48h352c26.51 0 48-21.49 48-48v-88.806c0-8.288-8.197-14.066-16.011-11.302a71.83 71.83 0 0 1-34.189 3.377c-7.27-1.046-13.8 4.514-13.8 11.859z\"><\/path><\/svg><!-- [et_pb_line_break_holder] -->  COMPARTILHAR<!-- [et_pb_line_break_holder] --><\/a><!-- [et_pb_line_break_holder] --><script async src=\"https:\/\/static.addtoany.com\/menu\/page.js\"><\/script><!-- [et_pb_line_break_holder] --><!-- AddToAny END -->[\/et_pb_code][et_pb_text _builder_version=\u00bb4.20.2&#8243; _module_preset=\u00bbdefault\u00bb text_font=\u00bb|700|||||||\u00bb text_font_size=\u00bb25px\u00bb width=\u00bb78%\u00bb width_tablet=\u00bb\u00bb width_phone=\u00bb100%\u00bb width_last_edited=\u00bbon|phone\u00bb custom_margin=\u00bb||5px|||\u00bb hover_enabled=\u00bb0&#8243; global_colors_info=\u00bb{}\u00bb theme_builder_area=\u00bbpost_content\u00bb sticky_enabled=\u00bb0&#8243;]<\/p>\n<p><strong>IGLESIA CELEBR\u00d3 <\/strong><strong>SU <\/strong><strong>55 ANIVERSARIO<\/strong><strong> (<\/strong><strong>1968-2023<\/strong><strong>)<\/strong><\/p>\n<p>[\/et_pb_text][et_pb_post_title title=\u00bboff\u00bb comments=\u00bboff\u00bb module_class=\u00bbtituloNoti\u00bb _builder_version=\u00bb4.16&#8243; _module_preset=\u00bbdefault\u00bb width_tablet=\u00bb\u00bb width_phone=\u00bb\u00bb width_last_edited=\u00bbon|phone\u00bb custom_padding=\u00bb|0px|||false|false\u00bb custom_padding_tablet=\u00bb|0px|||false|false\u00bb custom_padding_phone=\u00bb|0px|||false|false\u00bb custom_padding_last_edited=\u00bbon|phone\u00bb border_color_right=\u00bb#e8e8e8&#8243; border_width_right_tablet=\u00bb0px\u00bb border_width_right_phone=\u00bb\u00bb border_width_right_last_edited=\u00bbon|desktop\u00bb global_colors_info=\u00bb{}\u00bb theme_builder_area=\u00bbpost_content\u00bb][\/et_pb_post_title][et_pb_text _builder_version=\u00bb4.20.2&#8243; _module_preset=\u00bbdefault\u00bb text_font_size=\u00bb17px\u00bb hover_enabled=\u00bb0&#8243; global_colors_info=\u00bb{}\u00bb theme_builder_area=\u00bbpost_content\u00bb sticky_enabled=\u00bb0&#8243;]<\/p>\n<p style=\"text-align: justify;\"><strong>(CNAS Per\u00fa) <\/strong>La iglesia del Nazareno de Comas, del Distrito Per\u00fa Central, cerr\u00f3 su mes de celebraci\u00f3n del 55 aniversario con un bendecido culto el domingo 26 de marzo de 2023, en el Centro Recreacional Nazareno de Chacra y Mar, Chancay, al norte de Lima.<\/p>\n<p style=\"text-align: justify;\">Previamente los j\u00f3venes realizaron un campamento y se unieron el domingo para la gran celebraci\u00f3n. Ni\u00f1os, j\u00f3venes y adultos unieron sus voces en alabanza y adoraci\u00f3n a Dios, agradecidos a por su gracia infinita, que ha sostenido a su iglesia por m\u00e1s de medio siglo. El culto finaliz\u00f3 con el bautismo de 15 personas decididas y desafiadas a seguir los pasos del Maestro.<\/p>\n<p style=\"text-align: justify;\">El pastor Oscar Suarez coment\u00f3: <em>\u201c<\/em><em>Como pastor de esta iglesia por 21 a\u00f1os, me siento honrado y feliz de ministrar a gente que est\u00e1 decidida a seguir haciendo disc\u00edpulos semejantes a Cristo en las naciones. Reconocemos que la tarea es ardua, y que solo con la gu\u00eda y presencia del Esp\u00edritu Santo seguiremos con paso firme, haciendo la voluntad de nuestro Rey y Se\u00f1or.<\/em> <em>Mi agradecimiento a los l\u00edderes y a toda la iglesia por su decidida participaci\u00f3n en este evento de celebraci\u00f3n<\/em><em>\u201d<\/em><em>.<\/em><em>\u00a0<\/em><\/p>\n<p style=\"text-align: justify;\"><strong><em>Fonte <\/em><\/strong><em>Iglesia del Nazareno &#8211; Per\u00fa<\/em><\/p>\n<p>[\/et_pb_text][\/et_pb_column][\/et_pb_row][et_pb_row disabled_on=\u00bbon|on|on\u00bb _builder_version=\u00bb4.16&#8243; _module_preset=\u00bbdefault\u00bb disabled=\u00bbon\u00bb global_colors_info=\u00bb{}\u00bb theme_builder_area=\u00bbpost_content\u00bb][et_pb_column type=\u00bb4_4&#8243; _builder_version=\u00bb4.16&#8243; _module_preset=\u00bbdefault\u00bb global_colors_info=\u00bb{}\u00bb theme_builder_area=\u00bbpost_content\u00bb][et_pb_text disabled_on=\u00bboff|off|off\u00bb _builder_version=\u00bb4.16&#8243; _module_preset=\u00bbdefault\u00bb text_text_color=\u00bb#0C71C3&#8243; text_font_size=\u00bb23px\u00bb text_orientation=\u00bbcenter\u00bb global_colors_info=\u00bb{}\u00bb theme_builder_area=\u00bbpost_content\u00bb]<\/p>\n<p>CONTENIDO EN PORTUGUES<\/p>\n<p>[\/et_pb_text][\/et_pb_column][\/et_pb_row][et_pb_row module_class=\u00bbportugues\u00bb _builder_version=\u00bb4.16&#8243; _module_preset=\u00bbdefault\u00bb width=\u00bb100%\u00bb global_colors_info=\u00bb{}\u00bb theme_builder_area=\u00bbpost_content\u00bb][et_pb_column type=\u00bb4_4&#8243; module_class=\u00bbcolLeft\u00bb _builder_version=\u00bb4.16&#8243; _module_preset=\u00bbdefault\u00bb custom_padding=\u00bb|50px|||false|false\u00bb custom_padding_tablet=\u00bb|20px||20px|false|true\u00bb custom_padding_phone=\u00bb\u00bb custom_padding_last_edited=\u00bbon|phone\u00bb border_color_all=\u00bb#e0e0e0&#8243; border_width_right_tablet=\u00bb0px\u00bb border_width_right_phone=\u00bb0px\u00bb border_width_right_last_edited=\u00bbon|desktop\u00bb global_colors_info=\u00bb{}\u00bb theme_builder_area=\u00bbpost_content\u00bb][et_pb_code admin_label=\u00bbCode\u00bb _builder_version=\u00bb4.16&#8243; _module_preset=\u00bbdefault\u00bb background_enable_color=\u00bboff\u00bb positioning=\u00bbabsolute\u00bb position_origin_a=\u00bbtop_right\u00bb vertical_offset=\u00bb10px\u00bb horizontal_offset=\u00bb50px\u00bb z_index=\u00bb137&#8243; vertical_offset_tablet=\u00bb\u00bb vertical_offset_phone=\u00bb-45px\u00bb vertical_offset_last_edited=\u00bbon|phone\u00bb horizontal_offset_tablet=\u00bb20px\u00bb horizontal_offset_phone=\u00bb\u00bb horizontal_offset_last_edited=\u00bbon|phone\u00bb position_origin_a_tablet=\u00bb\u00bb position_origin_a_phone=\u00bb\u00bb position_origin_a_last_edited=\u00bbon|desktop\u00bb position_origin_f_tablet=\u00bb\u00bb position_origin_f_phone=\u00bb\u00bb position_origin_f_last_edited=\u00bbon|desktop\u00bb position_origin_r_tablet=\u00bb\u00bb position_origin_r_phone=\u00bb\u00bb position_origin_r_last_edited=\u00bbon|desktop\u00bb text_orientation=\u00bbright\u00bb width=\u00bb190px\u00bb height=\u00bb30px\u00bb positioning_tablet=\u00bb\u00bb positioning_phone=\u00bb\u00bb positioning_last_edited=\u00bbon|desktop\u00bb global_colors_info=\u00bb{}\u00bb theme_builder_area=\u00bbpost_content\u00bb]<!-- AddToAny BEGIN --><!-- [et_pb_line_break_holder] --><a class=\"a2a_dd\" href=\"https:\/\/www.addtoany.com\/share\" style=\"background: black;<!-- [et_pb_line_break_holder] -->    font-size: 18px;<!-- [et_pb_line_break_holder] -->    color: white;<!-- [et_pb_line_break_holder] -->    padding: 10px;text-transform: uppercase;\u00bb><!-- [et_pb_line_break_holder] -->  <svg style=\"width: 20px;\" aria-hidden=\"true\" focusable=\"false\" data-prefix=\"fas\" data-icon=\"share-square\" role=\"img\" xmlns=\"http:\/\/www.w3.org\/2000\/svg\" viewbox=\"0 0 576 512\" data-fa-i2svg=\"\"><path fill=\"currentColor\" d=\"M568.482 177.448L424.479 313.433C409.3 327.768 384 317.14 384 295.985v-71.963c-144.575.97-205.566 35.113-164.775 171.353 4.483 14.973-12.846 26.567-25.006 17.33C155.252 383.105 120 326.488 120 269.339c0-143.937 117.599-172.5 264-173.312V24.012c0-21.174 25.317-31.768 40.479-17.448l144.003 135.988c10.02 9.463 10.028 25.425 0 34.896zM384 379.128V448H64V128h50.916a11.99 11.99 0 0 0 8.648-3.693c14.953-15.568 32.237-27.89 51.014-37.676C185.708 80.83 181.584 64 169.033 64H48C21.49 64 0 85.49 0 112v352c0 26.51 21.49 48 48 48h352c26.51 0 48-21.49 48-48v-88.806c0-8.288-8.197-14.066-16.011-11.302a71.83 71.83 0 0 1-34.189 3.377c-7.27-1.046-13.8 4.514-13.8 11.859z\"><\/path><\/svg><!-- [et_pb_line_break_holder] -->  Compartilhar<!-- [et_pb_line_break_holder] --><\/a><!-- [et_pb_line_break_holder] --><script async src=\"https:\/\/static.addtoany.com\/menu\/page.js\"><\/script><!-- [et_pb_line_break_holder] --><!-- AddToAny END -->[\/et_pb_code][et_pb_text _builder_version=\u00bb4.20.2&#8243; _module_preset=\u00bbdefault\u00bb text_font=\u00bb|700|||||||\u00bb text_font_size=\u00bb25px\u00bb width=\u00bb78%\u00bb width_tablet=\u00bb\u00bb width_phone=\u00bb100%\u00bb width_last_edited=\u00bbon|phone\u00bb custom_margin=\u00bb||5px|||\u00bb hover_enabled=\u00bb0&#8243; global_colors_info=\u00bb{}\u00bb theme_builder_area=\u00bbpost_content\u00bb sticky_enabled=\u00bb0&#8243;]<\/p>\n<p class=\"P68B1DB1-Normal1\"><strong>IGREJA CELEBRA SEU 55\u00ba ANIVERS\u00c1RIO (1968-2023)<\/strong><\/p>\n<p>[\/et_pb_text][et_pb_post_title title=\u00bboff\u00bb comments=\u00bboff\u00bb module_class=\u00bbtituloNoti\u00bb _builder_version=\u00bb4.16&#8243; _module_preset=\u00bbdefault\u00bb width_tablet=\u00bb\u00bb width_phone=\u00bb\u00bb width_last_edited=\u00bbon|phone\u00bb custom_padding=\u00bb|0px|||false|false\u00bb custom_padding_tablet=\u00bb|0px|||false|false\u00bb custom_padding_phone=\u00bb|0px|||false|false\u00bb custom_padding_last_edited=\u00bbon|phone\u00bb border_color_right=\u00bb#e8e8e8&#8243; border_width_right_tablet=\u00bb0px\u00bb border_width_right_phone=\u00bb\u00bb border_width_right_last_edited=\u00bbon|desktop\u00bb global_colors_info=\u00bb{}\u00bb theme_builder_area=\u00bbpost_content\u00bb][\/et_pb_post_title][et_pb_text _builder_version=\u00bb4.20.2&#8243; _module_preset=\u00bbdefault\u00bb text_font_size=\u00bb17px\u00bb hover_enabled=\u00bb0&#8243; global_colors_info=\u00bb{}\u00bb theme_builder_area=\u00bbpost_content\u00bb sticky_enabled=\u00bb0&#8243;]<\/p>\n<p style=\"text-align: justify;\"><strong>(CNAS Peru) <\/strong>A Igreja do Nazareno de Comas, do Distrito Peru Central, encerrou seu m\u00eas de celebra\u00e7\u00e3o do 55\u00ba anivers\u00e1rio com um culto aben\u00e7oado no domingo, 26 de mar\u00e7o de 2023, no Centro Recreativo Nazareno de Chacra y Mar, Chancay, norte de Lima .<\/p>\n<p style=\"text-align: justify;\">Anteriormente, os jovens realizavam um acampamento e se reuniam no domingo para a grande festa. Crian\u00e7as, jovens e adultos uniram suas vozes em louvor e adora\u00e7\u00e3o a Deus, gratos por sua gra\u00e7a infinita, que sustenta sua igreja h\u00e1 mais de meio s\u00e9culo. O culto terminou com o batismo de 15 pessoas determinadas e desafiadas a seguir os passos do Mestre.<\/p>\n<p style=\"text-align: justify;\">Pastor Oscar Suarez comentou: <em>\u201cComo pastor desta igreja por 21 anos, sinto-me honrado e feliz em ministrar a pessoas que est\u00e3o determinadas a continuar fazendo disc\u00edpulos semelhantes a Cristo nas na\u00e7\u00f5es. Reconhecemos que a tarefa \u00e9 \u00e1rdua, e que somente com a orienta\u00e7\u00e3o e presen\u00e7a do Esp\u00edrito Santo seguiremos com passo firme, fazendo a vontade do nosso Rei e Senhor. Meus agradecimentos aos l\u00edderes e a toda a igreja por sua participa\u00e7\u00e3o determinada neste evento comemorativo.\u201d<\/em><em>\u00a0<\/em><\/p>\n<p style=\"text-align: justify;\"><strong>Fonte: <\/strong>Igreja do Nazareno &#8211; Peru<\/p>\n<p>[\/et_pb_text][\/et_pb_column][\/et_pb_row][et_pb_row _builder_version=\u00bb4.16&#8243; _module_preset=\u00bbdefault\u00bb width=\u00bb100%\u00bb global_colors_info=\u00bb{}\u00bb theme_builder_area=\u00bbpost_content\u00bb][et_pb_column type=\u00bb4_4&#8243; module_class=\u00bbcolLeft\u00bb _builder_version=\u00bb4.16&#8243; _module_preset=\u00bbdefault\u00bb custom_padding=\u00bb|50px|||false|false\u00bb custom_padding_tablet=\u00bb|20px||20px|false|true\u00bb custom_padding_phone=\u00bb\u00bb custom_padding_last_edited=\u00bbon|phone\u00bb border_color_all=\u00bb#e0e0e0&#8243; border_width_right_tablet=\u00bb0px\u00bb border_width_right_phone=\u00bb0px\u00bb border_width_right_last_edited=\u00bbon|desktop\u00bb global_colors_info=\u00bb{}\u00bb theme_builder_area=\u00bbpost_content\u00bb][et_pb_gallery posts_number=\u00bb8&#8243; show_title_and_caption=\u00bboff\u00bb zoom_icon_color=\u00bb#E02B20&#8243; hover_overlay_color=\u00bb#FFFFFF\u00bb hover_icon=\u00bb&#x54;||divi||400&#8243; _builder_version=\u00bb4.20.2&#8243; _module_preset=\u00bbdefault\u00bb title_font_size=\u00bb0px\u00bb width=\u00bb100%\u00bb module_alignment=\u00bbcenter\u00bb hover_enabled=\u00bb0&#8243; global_colors_info=\u00bb{}\u00bb theme_builder_area=\u00bbpost_content\u00bb gallery_ids=\u00bb42763,42762,42761,42760,42759,42758,42757&#8243; sticky_enabled=\u00bb0&#8243;][\/et_pb_gallery][\/et_pb_column][\/et_pb_row][\/et_pb_section]<\/p>\n<span class=\"et_bloom_bottom_trigger\"><\/span>","protected":false},"excerpt":{"rendered":"<p>CONTENIDO EN ESPA\u00d1OL<\/p>","protected":false},"author":4,"featured_media":42758,"comment_status":"open","ping_status":"open","sticky":false,"template":"","format":"standard","meta":{"_et_pb_use_builder":"on","_et_pb_old_content":"","_et_gb_content_width":"","_monsterinsights_skip_tracking":false,"_monsterinsights_sitenote_active":false,"_monsterinsights_sitenote_note":"","_monsterinsights_sitenote_category":0,"_vp_format_video_url":"","_vp_image_focal_point":[],"footnotes":""},"categories":[56],"tags":[],"class_list":["post-42889","post","type-post","status-publish","format-standard","has-post-thumbnail","hentry","category-peru"],"yoast_head":"<!-- This site is optimized with the Yoast SEO Premium plugin v23.6 (Yoast SEO v27.5) - https:\/\/yoast.com\/product\/yoast-seo-premium-wordpress\/ -->\n<title>IGLESIA CELEBR\u00d3 SU 55 ANIVERSARIO (1968-2023) | Iglesia del Nazareno Am\u00e9rica del Sur<\/title>\n<meta name=\"description\" content=\"Per\u00fa\" \/>\n<meta name=\"robots\" content=\"noindex, follow\" \/>\n<meta property=\"og:locale\" content=\"pt_BR\" \/>\n<meta property=\"og:type\" content=\"article\" \/>\n<meta property=\"og:title\" content=\"IGLESIA CELEBR\u00d3 SU 55 ANIVERSARIO (1968-2023) | Iglesia del Nazareno Am\u00e9rica del Sur\" \/>\n<meta property=\"og:description\" content=\"Per\u00fa\" \/>\n<meta property=\"og:url\" content=\"https:\/\/www.samnaz.org\/pt\/iglesia-celebro-su-55-aniversario-1968-2023\/\" \/>\n<meta property=\"og:site_name\" content=\"Iglesia del Nazareno Am\u00e9rica del Sur\" \/>\n<meta property=\"article:publisher\" content=\"https:\/\/www.facebook.com\/NazarenoEsp\" \/>\n<meta property=\"article:published_time\" content=\"2023-04-19T17:05:00+00:00\" \/>\n<meta property=\"article:modified_time\" content=\"2023-04-19T17:05:06+00:00\" \/>\n<meta property=\"og:image\" content=\"https:\/\/www.samnaz.org\/wp-content\/uploads\/2023\/04\/C.jpg\" \/>\n\t<meta property=\"og:image:width\" content=\"2048\" \/>\n\t<meta property=\"og:image:height\" content=\"1536\" \/>\n\t<meta property=\"og:image:type\" content=\"image\/jpeg\" \/>\n<meta name=\"author\" content=\"Samnaz\" \/>\n<meta name=\"twitter:card\" content=\"summary_large_image\" \/>\n<meta name=\"twitter:label1\" content=\"Escrito por\" \/>\n\t<meta name=\"twitter:data1\" content=\"Samnaz\" \/>\n<script type=\"application\/ld+json\" class=\"yoast-schema-graph\">{\"@context\":\"https:\\\/\\\/schema.org\",\"@graph\":[{\"@type\":\"Article\",\"@id\":\"https:\\\/\\\/www.samnaz.org\\\/iglesia-celebro-su-55-aniversario-1968-2023\\\/#article\",\"isPartOf\":{\"@id\":\"https:\\\/\\\/www.samnaz.org\\\/iglesia-celebro-su-55-aniversario-1968-2023\\\/\"},\"author\":{\"name\":\"Samnaz\",\"@id\":\"https:\\\/\\\/www.samnaz.org\\\/#\\\/schema\\\/person\\\/c09d1131c49ba510c7e1cbb677b39927\"},\"headline\":\"IGLESIA CELEBR\u00d3 SU 55 ANIVERSARIO (1968-2023)\",\"datePublished\":\"2023-04-19T17:05:00+00:00\",\"dateModified\":\"2023-04-19T17:05:06+00:00\",\"mainEntityOfPage\":{\"@id\":\"https:\\\/\\\/www.samnaz.org\\\/iglesia-celebro-su-55-aniversario-1968-2023\\\/\"},\"wordCount\":324,\"commentCount\":0,\"publisher\":{\"@id\":\"https:\\\/\\\/www.samnaz.org\\\/#organization\"},\"image\":{\"@id\":\"https:\\\/\\\/www.samnaz.org\\\/iglesia-celebro-su-55-aniversario-1968-2023\\\/#primaryimage\"},\"thumbnailUrl\":\"https:\\\/\\\/www.samnaz.org\\\/wp-content\\\/uploads\\\/2023\\\/04\\\/C.jpg\",\"articleSection\":[\"Per\u00fa\"],\"inLanguage\":\"pt-BR\",\"potentialAction\":[{\"@type\":\"CommentAction\",\"name\":\"Comment\",\"target\":[\"https:\\\/\\\/www.samnaz.org\\\/iglesia-celebro-su-55-aniversario-1968-2023\\\/#respond\"]}]},{\"@type\":\"WebPage\",\"@id\":\"https:\\\/\\\/www.samnaz.org\\\/iglesia-celebro-su-55-aniversario-1968-2023\\\/\",\"url\":\"https:\\\/\\\/www.samnaz.org\\\/iglesia-celebro-su-55-aniversario-1968-2023\\\/\",\"name\":\"IGLESIA CELEBR\u00d3 SU 55 ANIVERSARIO (1968-2023) | Iglesia del Nazareno Am\u00e9rica del Sur\",\"isPartOf\":{\"@id\":\"https:\\\/\\\/www.samnaz.org\\\/#website\"},\"primaryImageOfPage\":{\"@id\":\"https:\\\/\\\/www.samnaz.org\\\/iglesia-celebro-su-55-aniversario-1968-2023\\\/#primaryimage\"},\"image\":{\"@id\":\"https:\\\/\\\/www.samnaz.org\\\/iglesia-celebro-su-55-aniversario-1968-2023\\\/#primaryimage\"},\"thumbnailUrl\":\"https:\\\/\\\/www.samnaz.org\\\/wp-content\\\/uploads\\\/2023\\\/04\\\/C.jpg\",\"datePublished\":\"2023-04-19T17:05:00+00:00\",\"dateModified\":\"2023-04-19T17:05:06+00:00\",\"description\":\"Per\u00fa\",\"inLanguage\":\"pt-BR\",\"potentialAction\":[{\"@type\":\"ReadAction\",\"target\":[\"https:\\\/\\\/www.samnaz.org\\\/iglesia-celebro-su-55-aniversario-1968-2023\\\/\"]}]},{\"@type\":\"ImageObject\",\"inLanguage\":\"pt-BR\",\"@id\":\"https:\\\/\\\/www.samnaz.org\\\/iglesia-celebro-su-55-aniversario-1968-2023\\\/#primaryimage\",\"url\":\"https:\\\/\\\/www.samnaz.org\\\/wp-content\\\/uploads\\\/2023\\\/04\\\/C.jpg\",\"contentUrl\":\"https:\\\/\\\/www.samnaz.org\\\/wp-content\\\/uploads\\\/2023\\\/04\\\/C.jpg\",\"width\":2048,\"height\":1536},{\"@type\":\"WebSite\",\"@id\":\"https:\\\/\\\/www.samnaz.org\\\/#website\",\"url\":\"https:\\\/\\\/www.samnaz.org\\\/\",\"name\":\"Haciendo Disc\u00edpulos Semejantes a Cristo en las naciones\",\"description\":\"Haciendo disc\u00edpulos semejantes a Cristo en las Naciones\",\"publisher\":{\"@id\":\"https:\\\/\\\/www.samnaz.org\\\/#organization\"},\"alternateName\":\"Viviendo la Gran Comisi\u00f3n\",\"potentialAction\":[{\"@type\":\"SearchAction\",\"target\":{\"@type\":\"EntryPoint\",\"urlTemplate\":\"https:\\\/\\\/www.samnaz.org\\\/?s={search_term_string}\"},\"query-input\":{\"@type\":\"PropertyValueSpecification\",\"valueRequired\":true,\"valueName\":\"search_term_string\"}}],\"inLanguage\":\"pt-BR\"},{\"@type\":\"Organization\",\"@id\":\"https:\\\/\\\/www.samnaz.org\\\/#organization\",\"name\":\"Iglesia del Nazareno Am\u00e9rica del Sur\",\"url\":\"https:\\\/\\\/www.samnaz.org\\\/\",\"logo\":{\"@type\":\"ImageObject\",\"inLanguage\":\"pt-BR\",\"@id\":\"https:\\\/\\\/www.samnaz.org\\\/#\\\/schema\\\/logo\\\/image\\\/\",\"url\":\"https:\\\/\\\/www.samnaz.org\\\/wp-content\\\/uploads\\\/2021\\\/04\\\/Logo-3-ESP.png\",\"contentUrl\":\"https:\\\/\\\/www.samnaz.org\\\/wp-content\\\/uploads\\\/2021\\\/04\\\/Logo-3-ESP.png\",\"width\":1041,\"height\":780,\"caption\":\"Iglesia del Nazareno Am\u00e9rica del Sur\"},\"image\":{\"@id\":\"https:\\\/\\\/www.samnaz.org\\\/#\\\/schema\\\/logo\\\/image\\\/\"},\"sameAs\":[\"https:\\\/\\\/www.facebook.com\\\/NazarenoEsp\",\"https:\\\/\\\/www.instagram.com\\\/nazarenoesp\\\/\"],\"publishingPrinciples\":\"https:\\\/\\\/www.samnaz.org\\\/\"},{\"@type\":\"Person\",\"@id\":\"https:\\\/\\\/www.samnaz.org\\\/#\\\/schema\\\/person\\\/c09d1131c49ba510c7e1cbb677b39927\",\"name\":\"Samnaz\",\"image\":{\"@type\":\"ImageObject\",\"inLanguage\":\"pt-BR\",\"@id\":\"https:\\\/\\\/secure.gravatar.com\\\/avatar\\\/a5baaf0e270319d09c0efce6a9dd03ff93175913c70afe26595c0069c83fa6dc?s=96&d=mm&r=g\",\"url\":\"https:\\\/\\\/secure.gravatar.com\\\/avatar\\\/a5baaf0e270319d09c0efce6a9dd03ff93175913c70afe26595c0069c83fa6dc?s=96&d=mm&r=g\",\"contentUrl\":\"https:\\\/\\\/secure.gravatar.com\\\/avatar\\\/a5baaf0e270319d09c0efce6a9dd03ff93175913c70afe26595c0069c83fa6dc?s=96&d=mm&r=g\",\"caption\":\"Samnaz\"}}]}<\/script>\n<!-- \/ Yoast SEO Premium plugin. -->","yoast_head_json":{"title":"IGLESIA CELEBR\u00d3 SU 55 ANIVERSARIO (1968-2023) | Iglesia del Nazareno Am\u00e9rica del Sur","description":"Per\u00fa","robots":{"index":"noindex","follow":"follow"},"og_locale":"pt_BR","og_type":"article","og_title":"IGLESIA CELEBR\u00d3 SU 55 ANIVERSARIO (1968-2023) | Iglesia del Nazareno Am\u00e9rica del Sur","og_description":"Per\u00fa","og_url":"https:\/\/www.samnaz.org\/pt\/iglesia-celebro-su-55-aniversario-1968-2023\/","og_site_name":"Iglesia del Nazareno Am\u00e9rica del Sur","article_publisher":"https:\/\/www.facebook.com\/NazarenoEsp","article_published_time":"2023-04-19T17:05:00+00:00","article_modified_time":"2023-04-19T17:05:06+00:00","og_image":[{"width":2048,"height":1536,"url":"https:\/\/www.samnaz.org\/wp-content\/uploads\/2023\/04\/C.jpg","type":"image\/jpeg"}],"author":"Samnaz","twitter_card":"summary_large_image","twitter_misc":{"Escrito por":"Samnaz"},"schema":{"@context":"https:\/\/schema.org","@graph":[{"@type":"Article","@id":"https:\/\/www.samnaz.org\/iglesia-celebro-su-55-aniversario-1968-2023\/#article","isPartOf":{"@id":"https:\/\/www.samnaz.org\/iglesia-celebro-su-55-aniversario-1968-2023\/"},"author":{"name":"Samnaz","@id":"https:\/\/www.samnaz.org\/#\/schema\/person\/c09d1131c49ba510c7e1cbb677b39927"},"headline":"IGLESIA CELEBR\u00d3 SU 55 ANIVERSARIO (1968-2023)","datePublished":"2023-04-19T17:05:00+00:00","dateModified":"2023-04-19T17:05:06+00:00","mainEntityOfPage":{"@id":"https:\/\/www.samnaz.org\/iglesia-celebro-su-55-aniversario-1968-2023\/"},"wordCount":324,"commentCount":0,"publisher":{"@id":"https:\/\/www.samnaz.org\/#organization"},"image":{"@id":"https:\/\/www.samnaz.org\/iglesia-celebro-su-55-aniversario-1968-2023\/#primaryimage"},"thumbnailUrl":"https:\/\/www.samnaz.org\/wp-content\/uploads\/2023\/04\/C.jpg","articleSection":["Per\u00fa"],"inLanguage":"pt-BR","potentialAction":[{"@type":"CommentAction","name":"Comment","target":["https:\/\/www.samnaz.org\/iglesia-celebro-su-55-aniversario-1968-2023\/#respond"]}]},{"@type":"WebPage","@id":"https:\/\/www.samnaz.org\/iglesia-celebro-su-55-aniversario-1968-2023\/","url":"https:\/\/www.samnaz.org\/iglesia-celebro-su-55-aniversario-1968-2023\/","name":"IGLESIA CELEBR\u00d3 SU 55 ANIVERSARIO (1968-2023) | Iglesia del Nazareno Am\u00e9rica del Sur","isPartOf":{"@id":"https:\/\/www.samnaz.org\/#website"},"primaryImageOfPage":{"@id":"https:\/\/www.samnaz.org\/iglesia-celebro-su-55-aniversario-1968-2023\/#primaryimage"},"image":{"@id":"https:\/\/www.samnaz.org\/iglesia-celebro-su-55-aniversario-1968-2023\/#primaryimage"},"thumbnailUrl":"https:\/\/www.samnaz.org\/wp-content\/uploads\/2023\/04\/C.jpg","datePublished":"2023-04-19T17:05:00+00:00","dateModified":"2023-04-19T17:05:06+00:00","description":"Per\u00fa","inLanguage":"pt-BR","potentialAction":[{"@type":"ReadAction","target":["https:\/\/www.samnaz.org\/iglesia-celebro-su-55-aniversario-1968-2023\/"]}]},{"@type":"ImageObject","inLanguage":"pt-BR","@id":"https:\/\/www.samnaz.org\/iglesia-celebro-su-55-aniversario-1968-2023\/#primaryimage","url":"https:\/\/www.samnaz.org\/wp-content\/uploads\/2023\/04\/C.jpg","contentUrl":"https:\/\/www.samnaz.org\/wp-content\/uploads\/2023\/04\/C.jpg","width":2048,"height":1536},{"@type":"WebSite","@id":"https:\/\/www.samnaz.org\/#website","url":"https:\/\/www.samnaz.org\/","name":"Haciendo Disc\u00edpulos Semejantes a Cristo en las naciones","description":"Haciendo disc\u00edpulos semejantes a Cristo en las Naciones","publisher":{"@id":"https:\/\/www.samnaz.org\/#organization"},"alternateName":"Viviendo la Gran Comisi\u00f3n","potentialAction":[{"@type":"SearchAction","target":{"@type":"EntryPoint","urlTemplate":"https:\/\/www.samnaz.org\/?s={search_term_string}"},"query-input":{"@type":"PropertyValueSpecification","valueRequired":true,"valueName":"search_term_string"}}],"inLanguage":"pt-BR"},{"@type":"Organization","@id":"https:\/\/www.samnaz.org\/#organization","name":"Iglesia del Nazareno Am\u00e9rica del Sur","url":"https:\/\/www.samnaz.org\/","logo":{"@type":"ImageObject","inLanguage":"pt-BR","@id":"https:\/\/www.samnaz.org\/#\/schema\/logo\/image\/","url":"https:\/\/www.samnaz.org\/wp-content\/uploads\/2021\/04\/Logo-3-ESP.png","contentUrl":"https:\/\/www.samnaz.org\/wp-content\/uploads\/2021\/04\/Logo-3-ESP.png","width":1041,"height":780,"caption":"Iglesia del Nazareno Am\u00e9rica del Sur"},"image":{"@id":"https:\/\/www.samnaz.org\/#\/schema\/logo\/image\/"},"sameAs":["https:\/\/www.facebook.com\/NazarenoEsp","https:\/\/www.instagram.com\/nazarenoesp\/"],"publishingPrinciples":"https:\/\/www.samnaz.org\/"},{"@type":"Person","@id":"https:\/\/www.samnaz.org\/#\/schema\/person\/c09d1131c49ba510c7e1cbb677b39927","name":"Samnaz","image":{"@type":"ImageObject","inLanguage":"pt-BR","@id":"https:\/\/secure.gravatar.com\/avatar\/a5baaf0e270319d09c0efce6a9dd03ff93175913c70afe26595c0069c83fa6dc?s=96&d=mm&r=g","url":"https:\/\/secure.gravatar.com\/avatar\/a5baaf0e270319d09c0efce6a9dd03ff93175913c70afe26595c0069c83fa6dc?s=96&d=mm&r=g","contentUrl":"https:\/\/secure.gravatar.com\/avatar\/a5baaf0e270319d09c0efce6a9dd03ff93175913c70afe26595c0069c83fa6dc?s=96&d=mm&r=g","caption":"Samnaz"}}]}},"_links":{"self":[{"href":"https:\/\/www.samnaz.org\/pt\/wp-json\/wp\/v2\/posts\/42889","targetHints":{"allow":["GET"]}}],"collection":[{"href":"https:\/\/www.samnaz.org\/pt\/wp-json\/wp\/v2\/posts"}],"about":[{"href":"https:\/\/www.samnaz.org\/pt\/wp-json\/wp\/v2\/types\/post"}],"author":[{"embeddable":true,"href":"https:\/\/www.samnaz.org\/pt\/wp-json\/wp\/v2\/users\/4"}],"replies":[{"embeddable":true,"href":"https:\/\/www.samnaz.org\/pt\/wp-json\/wp\/v2\/comments?post=42889"}],"version-history":[{"count":2,"href":"https:\/\/www.samnaz.org\/pt\/wp-json\/wp\/v2\/posts\/42889\/revisions"}],"predecessor-version":[{"id":42892,"href":"https:\/\/www.samnaz.org\/pt\/wp-json\/wp\/v2\/posts\/42889\/revisions\/42892"}],"wp:featuredmedia":[{"embeddable":true,"href":"https:\/\/www.samnaz.org\/pt\/wp-json\/wp\/v2\/media\/42758"}],"wp:attachment":[{"href":"https:\/\/www.samnaz.org\/pt\/wp-json\/wp\/v2\/media?parent=42889"}],"wp:term":[{"taxonomy":"category","embeddable":true,"href":"https:\/\/www.samnaz.org\/pt\/wp-json\/wp\/v2\/categories?post=42889"},{"taxonomy":"post_tag","embeddable":true,"href":"https:\/\/www.samnaz.org\/pt\/wp-json\/wp\/v2\/tags?post=42889"}],"curies":[{"name":"wp","href":"https:\/\/api.w.org\/{rel}","templated":true}]}}