{"id":43008,"date":"2023-05-04T14:59:21","date_gmt":"2023-05-04T17:59:21","guid":{"rendered":"https:\/\/www.samnaz.org\/?p=43008"},"modified":"2023-05-04T14:59:27","modified_gmt":"2023-05-04T17:59:27","slug":"4-encuentro-nacional-de-mni-brasil-hasta-que-todos-escuchen","status":"publish","type":"post","link":"https:\/\/www.samnaz.org\/pt\/4-encuentro-nacional-de-mni-brasil-hasta-que-todos-escuchen\/","title":{"rendered":"4\u00b0 ENCONTRO DE MNI NACIONAL BRASIL \u2013 AT\u00c9 QUE TODOS OU\u00c7AM"},"content":{"rendered":"<p>[et_pb_section fb_built=\u00bb1&#8243; _builder_version=\u00bb4.16&#8243; _module_preset=\u00bbdefault\u00bb custom_padding=\u00bb0px||||false|false\u00bb global_colors_info=\u00bb{}\u00bb theme_builder_area=\u00bbpost_content\u00bb][et_pb_row disabled_on=\u00bbon|on|on\u00bb _builder_version=\u00bb4.16&#8243; _module_preset=\u00bbdefault\u00bb disabled=\u00bbon\u00bb global_colors_info=\u00bb{}\u00bb theme_builder_area=\u00bbpost_content\u00bb][et_pb_column type=\u00bb4_4&#8243; _builder_version=\u00bb4.16&#8243; _module_preset=\u00bbdefault\u00bb global_colors_info=\u00bb{}\u00bb theme_builder_area=\u00bbpost_content\u00bb][et_pb_text disabled_on=\u00bboff|off|off\u00bb _builder_version=\u00bb4.16&#8243; _module_preset=\u00bbdefault\u00bb text_text_color=\u00bb#0C71C3&#8243; text_font_size=\u00bb23px\u00bb text_orientation=\u00bbcenter\u00bb global_colors_info=\u00bb{}\u00bb theme_builder_area=\u00bbpost_content\u00bb]<\/p>\n<p>CONTENIDO EN ESPA\u00d1OL<\/p>\n<p>[\/et_pb_text][\/et_pb_column][\/et_pb_row][et_pb_row module_class=\u00bbespanol\u00bb _builder_version=\u00bb4.16&#8243; _module_preset=\u00bbdefault\u00bb width=\u00bb100%\u00bb global_colors_info=\u00bb{}\u00bb theme_builder_area=\u00bbpost_content\u00bb][et_pb_column type=\u00bb4_4&#8243; module_class=\u00bbcolLeft\u00bb _builder_version=\u00bb4.16&#8243; _module_preset=\u00bbdefault\u00bb custom_padding=\u00bb|50px|||false|false\u00bb custom_padding_tablet=\u00bb|20px||20px|false|true\u00bb custom_padding_phone=\u00bb\u00bb custom_padding_last_edited=\u00bbon|phone\u00bb border_color_all=\u00bb#e0e0e0&#8243; border_width_right_tablet=\u00bb0px\u00bb border_width_right_phone=\u00bb0px\u00bb border_width_right_last_edited=\u00bbon|desktop\u00bb global_colors_info=\u00bb{}\u00bb theme_builder_area=\u00bbpost_content\u00bb][et_pb_code admin_label=\u00bbCode\u00bb _builder_version=\u00bb4.16&#8243; _module_preset=\u00bbdefault\u00bb background_enable_color=\u00bboff\u00bb positioning=\u00bbabsolute\u00bb position_origin_a=\u00bbtop_right\u00bb vertical_offset=\u00bb10px\u00bb horizontal_offset=\u00bb50px\u00bb z_index=\u00bb137&#8243; vertical_offset_tablet=\u00bb\u00bb vertical_offset_phone=\u00bb-45px\u00bb vertical_offset_last_edited=\u00bbon|phone\u00bb horizontal_offset_tablet=\u00bb20px\u00bb horizontal_offset_phone=\u00bb\u00bb horizontal_offset_last_edited=\u00bbon|phone\u00bb position_origin_a_tablet=\u00bb\u00bb position_origin_a_phone=\u00bb\u00bb position_origin_a_last_edited=\u00bbon|desktop\u00bb position_origin_f_tablet=\u00bb\u00bb position_origin_f_phone=\u00bb\u00bb position_origin_f_last_edited=\u00bbon|desktop\u00bb position_origin_r_tablet=\u00bb\u00bb position_origin_r_phone=\u00bb\u00bb position_origin_r_last_edited=\u00bbon|desktop\u00bb text_orientation=\u00bbright\u00bb width=\u00bb160px\u00bb height=\u00bb30px\u00bb positioning_tablet=\u00bb\u00bb positioning_phone=\u00bb\u00bb positioning_last_edited=\u00bbon|desktop\u00bb global_colors_info=\u00bb{}\u00bb theme_builder_area=\u00bbpost_content\u00bb]<!-- AddToAny BEGIN --><!-- [et_pb_line_break_holder] --><a class=\"a2a_dd\" href=\"https:\/\/www.addtoany.com\/share\" style=\"background: black;<!-- [et_pb_line_break_holder] -->    font-size: 18px;<!-- [et_pb_line_break_holder] -->    color: white;<!-- [et_pb_line_break_holder] -->    padding: 10px;text-transform: uppercase;\u00bb><!-- [et_pb_line_break_holder] -->  <svg style=\"width: 20px;\" aria-hidden=\"true\" focusable=\"false\" data-prefix=\"fas\" data-icon=\"share-square\" role=\"img\" xmlns=\"http:\/\/www.w3.org\/2000\/svg\" viewbox=\"0 0 576 512\" data-fa-i2svg=\"\"><path fill=\"currentColor\" d=\"M568.482 177.448L424.479 313.433C409.3 327.768 384 317.14 384 295.985v-71.963c-144.575.97-205.566 35.113-164.775 171.353 4.483 14.973-12.846 26.567-25.006 17.33C155.252 383.105 120 326.488 120 269.339c0-143.937 117.599-172.5 264-173.312V24.012c0-21.174 25.317-31.768 40.479-17.448l144.003 135.988c10.02 9.463 10.028 25.425 0 34.896zM384 379.128V448H64V128h50.916a11.99 11.99 0 0 0 8.648-3.693c14.953-15.568 32.237-27.89 51.014-37.676C185.708 80.83 181.584 64 169.033 64H48C21.49 64 0 85.49 0 112v352c0 26.51 21.49 48 48 48h352c26.51 0 48-21.49 48-48v-88.806c0-8.288-8.197-14.066-16.011-11.302a71.83 71.83 0 0 1-34.189 3.377c-7.27-1.046-13.8 4.514-13.8 11.859z\"><\/path><\/svg><!-- [et_pb_line_break_holder] -->  COMPARTILHAR<!-- [et_pb_line_break_holder] --><\/a><!-- [et_pb_line_break_holder] --><script async src=\"https:\/\/static.addtoany.com\/menu\/page.js\"><\/script><!-- [et_pb_line_break_holder] --><!-- AddToAny END -->[\/et_pb_code][et_pb_text _builder_version=\u00bb4.21.0&#8243; _module_preset=\u00bbdefault\u00bb text_font=\u00bb|700|||||||\u00bb text_font_size=\u00bb25px\u00bb width=\u00bb78%\u00bb width_tablet=\u00bb\u00bb width_phone=\u00bb100%\u00bb width_last_edited=\u00bbon|phone\u00bb custom_margin=\u00bb||5px|||\u00bb hover_enabled=\u00bb0&#8243; global_colors_info=\u00bb{}\u00bb theme_builder_area=\u00bbpost_content\u00bb sticky_enabled=\u00bb0&#8243;]<\/p>\n<p class=\"P68B1DB1-Normal1\"><strong>4\u00b0 ENCONTRO DE MNI NACIONAL BRASIL \u2013 AT\u00c9 QUE TODOS OU\u00c7AM<\/strong><\/p>\n<p>[\/et_pb_text][et_pb_post_title title=\u00bboff\u00bb comments=\u00bboff\u00bb module_class=\u00bbtituloNoti\u00bb _builder_version=\u00bb4.16&#8243; _module_preset=\u00bbdefault\u00bb width_tablet=\u00bb\u00bb width_phone=\u00bb\u00bb width_last_edited=\u00bbon|phone\u00bb custom_padding=\u00bb|0px|||false|false\u00bb custom_padding_tablet=\u00bb|0px|||false|false\u00bb custom_padding_phone=\u00bb|0px|||false|false\u00bb custom_padding_last_edited=\u00bbon|phone\u00bb border_color_right=\u00bb#e8e8e8&#8243; border_width_right_tablet=\u00bb0px\u00bb border_width_right_phone=\u00bb\u00bb border_width_right_last_edited=\u00bbon|desktop\u00bb global_colors_info=\u00bb{}\u00bb theme_builder_area=\u00bbpost_content\u00bb][\/et_pb_post_title][et_pb_text _builder_version=\u00bb4.21.0&#8243; _module_preset=\u00bbdefault\u00bb text_font_size=\u00bb17px\u00bb hover_enabled=\u00bb0&#8243; global_colors_info=\u00bb{}\u00bb theme_builder_area=\u00bbpost_content\u00bb sticky_enabled=\u00bb0&#8243;]<\/p>\n<p style=\"text-align: justify;\"><strong>(CNAS Brasil) <\/strong>Los d\u00edas 14, 15 y 16 de abril de 2023 tuvo lugar el IV Encuentro Nacional de Misiones Nazarenas Internacionales (MNI) de Brasil con el tema: <em>\u201cHasta que todos escuchen\u201d. <\/em>Al evento asistieron 180 l\u00edderes de misiones bajo el liderazgo del coordinador nacional de MNI, el Rev. Ant\u00f4nio Carlos.<\/p>\n<p style=\"text-align: justify;\">El Rev. Manuel Lima, director de la subregi\u00f3n Brasil, hizo la inauguraci\u00f3n el viernes por la noche con una palabra desafiante que presenta los datos de investigaci\u00f3n de la Fuerza Misionera Brasile\u00f1a 2022 y sus implicaciones en nuestras pr\u00e1cticas misioneras.<\/p>\n<p style=\"text-align: justify;\">El s\u00e1bado, fue un d\u00eda lleno de charlas dirigidas a los l\u00edderes de la MNI, siempre guiados por el tema central \u201cHasta que todos escuchen\u201d con \u00e9nfasis en proclamar el evangelio entre todos los pueblos, especialmente los no alcanzados. Temprano en la ma\u00f1ana, el coordinador integral de ministerios de Brasil, el Rev. Sandro Ribeiro, comparti\u00f3 un devocional para edificar a los participantes. Poco despu\u00e9s, el Rev. Felipe Fulanetto, secretario nacional de MNI Brasil, dio dos conferencias con los temas: <em>\u201cSantidad y Misiones\u201d <\/em>y<em> \u201cProp\u00f3sito y pilares de MNI\u201d.<\/em><\/p>\n<p style=\"text-align: justify;\">Por la tarde, se cont\u00f3 con la participaci\u00f3n de la oradora, la Rev. Ivanilzes Carna\u00faba, presidente distrital de MNI Nordeste Central, con el tema \u201cIdeas, herramientas y estrategias para MNI\u201d. Luego el Rev. Igor Vale, presidente de MNI del distrito Amazonia, comparti\u00f3 estad\u00edsticas y la necesidad de evangelizaci\u00f3n a los pueblos no alcanzados con el t\u00edtulo de la conferencia \u201cHasta que todos escuchen\u201d. Maely Ion\u00e3, coordinadora de la Escuela de Misiones para Adolescentes (EMA), habl\u00f3 sobre la necesidad muy importante de nuestra responsabilidad de cuidado misionero con el t\u00edtulo \u201cCuidar a los que cuidan\u201d.<\/p>\n<p style=\"text-align: justify;\">Tambi\u00e9n el s\u00e1bado por la noche, se realiz\u00f3 el panel misionero con la participaci\u00f3n efectiva de los participantes a trav\u00e9s de preguntas y respuestas dirigidas a los misioneros y movilizadores Cassia Borges, Cinthia Galvan, Edivaldo Junior, Igor Vale, Ivanilzes Carna\u00faba, Maely Ion\u00e3, Rodrigo Weber y Sidney Xax\u00e1. La moderaci\u00f3n estuvo a cargo de la presidente de MNI del distrito Paulistano, Ver\u00f4nica Oliveira.<\/p>\n<p style=\"text-align: justify;\">El domingo por la ma\u00f1ana, la clausura se realiz\u00f3 a trav\u00e9s de la predicaci\u00f3n del superintendente del distrito Porto Alegre, el Rev. Romero Moreira y luego se celebr\u00f3 la Santa Cena con la participaci\u00f3n de todos.<\/p>\n<p style=\"text-align: justify;\">A lo largo del evento, se enfatiz\u00f3 la necesidad de orar por los pueblos no alcanzados y por m\u00e1s misioneros, con oraciones celebradas a las 10:02 a. m., aludiendo al texto b\u00edblico de Lucas 10:2 que dice: <em>\u201cLa mies a la verdad es mucha, mas los obreros pocos; por tanto, rogad al Se\u00f1or de la mies que env\u00ede obreros a su mies.\u201d<\/em>. Adem\u00e1s, la Iglesia del Nazareno distribuy\u00f3 tarjetas con datos estad\u00edsticos de personas no alcanzadas y tambi\u00e9n oportunidades misioneras. \u00a1El grupo de l\u00edderes sali\u00f3 comprometido con la participaci\u00f3n en la oraci\u00f3n y el alcance misionero a trav\u00e9s del esp\u00edritu de unidad y santidad para que todos los pueblos escuchen de Jes\u00fas el Cristo!<\/p>\n<p style=\"text-align: justify;\"><strong>Fonte<\/strong> Iglesia del Nazareno &#8211; Brasil<\/p>\n<p>[\/et_pb_text][\/et_pb_column][\/et_pb_row][et_pb_row disabled_on=\u00bbon|on|on\u00bb _builder_version=\u00bb4.16&#8243; _module_preset=\u00bbdefault\u00bb disabled=\u00bbon\u00bb global_colors_info=\u00bb{}\u00bb theme_builder_area=\u00bbpost_content\u00bb][et_pb_column type=\u00bb4_4&#8243; _builder_version=\u00bb4.16&#8243; _module_preset=\u00bbdefault\u00bb global_colors_info=\u00bb{}\u00bb theme_builder_area=\u00bbpost_content\u00bb][et_pb_text disabled_on=\u00bboff|off|off\u00bb _builder_version=\u00bb4.16&#8243; _module_preset=\u00bbdefault\u00bb text_text_color=\u00bb#0C71C3&#8243; text_font_size=\u00bb23px\u00bb text_orientation=\u00bbcenter\u00bb global_colors_info=\u00bb{}\u00bb theme_builder_area=\u00bbpost_content\u00bb]<\/p>\n<p>CONTENIDO EN PORTUGUES<\/p>\n<p>[\/et_pb_text][\/et_pb_column][\/et_pb_row][et_pb_row module_class=\u00bbportugues\u00bb _builder_version=\u00bb4.16&#8243; _module_preset=\u00bbdefault\u00bb width=\u00bb100%\u00bb global_colors_info=\u00bb{}\u00bb theme_builder_area=\u00bbpost_content\u00bb][et_pb_column type=\u00bb4_4&#8243; module_class=\u00bbcolLeft\u00bb _builder_version=\u00bb4.16&#8243; _module_preset=\u00bbdefault\u00bb custom_padding=\u00bb|50px|||false|false\u00bb custom_padding_tablet=\u00bb|20px||20px|false|true\u00bb custom_padding_phone=\u00bb\u00bb custom_padding_last_edited=\u00bbon|phone\u00bb border_color_all=\u00bb#e0e0e0&#8243; border_width_right_tablet=\u00bb0px\u00bb border_width_right_phone=\u00bb0px\u00bb border_width_right_last_edited=\u00bbon|desktop\u00bb global_colors_info=\u00bb{}\u00bb theme_builder_area=\u00bbpost_content\u00bb][et_pb_code admin_label=\u00bbCode\u00bb _builder_version=\u00bb4.16&#8243; _module_preset=\u00bbdefault\u00bb background_enable_color=\u00bboff\u00bb positioning=\u00bbabsolute\u00bb position_origin_a=\u00bbtop_right\u00bb vertical_offset=\u00bb10px\u00bb horizontal_offset=\u00bb50px\u00bb z_index=\u00bb137&#8243; vertical_offset_tablet=\u00bb\u00bb vertical_offset_phone=\u00bb-45px\u00bb vertical_offset_last_edited=\u00bbon|phone\u00bb horizontal_offset_tablet=\u00bb20px\u00bb horizontal_offset_phone=\u00bb\u00bb horizontal_offset_last_edited=\u00bbon|phone\u00bb position_origin_a_tablet=\u00bb\u00bb position_origin_a_phone=\u00bb\u00bb position_origin_a_last_edited=\u00bbon|desktop\u00bb position_origin_f_tablet=\u00bb\u00bb position_origin_f_phone=\u00bb\u00bb position_origin_f_last_edited=\u00bbon|desktop\u00bb position_origin_r_tablet=\u00bb\u00bb position_origin_r_phone=\u00bb\u00bb position_origin_r_last_edited=\u00bbon|desktop\u00bb text_orientation=\u00bbright\u00bb width=\u00bb190px\u00bb height=\u00bb30px\u00bb positioning_tablet=\u00bb\u00bb positioning_phone=\u00bb\u00bb positioning_last_edited=\u00bbon|desktop\u00bb global_colors_info=\u00bb{}\u00bb theme_builder_area=\u00bbpost_content\u00bb]<!-- AddToAny BEGIN --><!-- [et_pb_line_break_holder] --><a class=\"a2a_dd\" href=\"https:\/\/www.addtoany.com\/share\" style=\"background: black;<!-- [et_pb_line_break_holder] -->    font-size: 18px;<!-- [et_pb_line_break_holder] -->    color: white;<!-- [et_pb_line_break_holder] -->    padding: 10px;text-transform: uppercase;\u00bb><!-- [et_pb_line_break_holder] -->  <svg style=\"width: 20px;\" aria-hidden=\"true\" focusable=\"false\" data-prefix=\"fas\" data-icon=\"share-square\" role=\"img\" xmlns=\"http:\/\/www.w3.org\/2000\/svg\" viewbox=\"0 0 576 512\" data-fa-i2svg=\"\"><path fill=\"currentColor\" d=\"M568.482 177.448L424.479 313.433C409.3 327.768 384 317.14 384 295.985v-71.963c-144.575.97-205.566 35.113-164.775 171.353 4.483 14.973-12.846 26.567-25.006 17.33C155.252 383.105 120 326.488 120 269.339c0-143.937 117.599-172.5 264-173.312V24.012c0-21.174 25.317-31.768 40.479-17.448l144.003 135.988c10.02 9.463 10.028 25.425 0 34.896zM384 379.128V448H64V128h50.916a11.99 11.99 0 0 0 8.648-3.693c14.953-15.568 32.237-27.89 51.014-37.676C185.708 80.83 181.584 64 169.033 64H48C21.49 64 0 85.49 0 112v352c0 26.51 21.49 48 48 48h352c26.51 0 48-21.49 48-48v-88.806c0-8.288-8.197-14.066-16.011-11.302a71.83 71.83 0 0 1-34.189 3.377c-7.27-1.046-13.8 4.514-13.8 11.859z\"><\/path><\/svg><!-- [et_pb_line_break_holder] -->  Compartilhar<!-- [et_pb_line_break_holder] --><\/a><!-- [et_pb_line_break_holder] --><script async src=\"https:\/\/static.addtoany.com\/menu\/page.js\"><\/script><!-- [et_pb_line_break_holder] --><!-- AddToAny END -->[\/et_pb_code][et_pb_text _builder_version=\u00bb4.21.0&#8243; _module_preset=\u00bbdefault\u00bb text_font=\u00bb|700|||||||\u00bb text_font_size=\u00bb25px\u00bb width=\u00bb78%\u00bb width_tablet=\u00bb\u00bb width_phone=\u00bb100%\u00bb width_last_edited=\u00bbon|phone\u00bb custom_margin=\u00bb||5px|||\u00bb hover_enabled=\u00bb0&#8243; global_colors_info=\u00bb{}\u00bb theme_builder_area=\u00bbpost_content\u00bb sticky_enabled=\u00bb0&#8243;]<\/p>\n<p><strong>4\u00b0 ENCONTRO DE MNI NACIONAL BRASIL \u2013 AT\u00c9 QUE TODOS OU\u00c7AM<\/strong><\/p>\n<p>[\/et_pb_text][et_pb_post_title title=\u00bboff\u00bb comments=\u00bboff\u00bb module_class=\u00bbtituloNoti\u00bb _builder_version=\u00bb4.16&#8243; _module_preset=\u00bbdefault\u00bb width_tablet=\u00bb\u00bb width_phone=\u00bb\u00bb width_last_edited=\u00bbon|phone\u00bb custom_padding=\u00bb|0px|||false|false\u00bb custom_padding_tablet=\u00bb|0px|||false|false\u00bb custom_padding_phone=\u00bb|0px|||false|false\u00bb custom_padding_last_edited=\u00bbon|phone\u00bb border_color_right=\u00bb#e8e8e8&#8243; border_width_right_tablet=\u00bb0px\u00bb border_width_right_phone=\u00bb\u00bb border_width_right_last_edited=\u00bbon|desktop\u00bb global_colors_info=\u00bb{}\u00bb theme_builder_area=\u00bbpost_content\u00bb][\/et_pb_post_title][et_pb_text _builder_version=\u00bb4.21.0&#8243; _module_preset=\u00bbdefault\u00bb text_font_size=\u00bb17px\u00bb hover_enabled=\u00bb0&#8243; global_colors_info=\u00bb{}\u00bb theme_builder_area=\u00bbpost_content\u00bb sticky_enabled=\u00bb0&#8243;]<\/p>\n<p style=\"text-align: justify;\"><strong>(CNAS Brasil) <\/strong>Nos dias 14, 15 e 16 de abril de 2023 ocorreu o 4\u00b0 Encontro Nacional das Miss\u00f5es Nazarenas Internacionais (MNI) do Brasil com o tema: <em>\u201cAt\u00e9 que todos ou\u00e7am\u201d. <\/em>O evento contou com a presen\u00e7a de 180 l\u00edderes de miss\u00f5es sob a lideran\u00e7a do coordenador de MNI nacional, Rev. Ant\u00f4nio Carlos.<\/p>\n<p style=\"text-align: justify;\">O Rev. Manuel Lima, diretor da sub-regi\u00e3o Brasil, fez a abertura na sexta-feira \u00e0 noite com uma palavra desafiadora apresentando dados da pesquisa da For\u00e7a Mission\u00e1ria Brasileira 2022 e suas implica\u00e7\u00f5es nas nossas pr\u00e1ticas mission\u00e1rias.<\/p>\n<p style=\"text-align: justify;\">No s\u00e1bado, foi um dia cheio de palestras destinado aos l\u00edderes de MNI, sempre guiado pelo tema central \u201cAt\u00e9 que todos ou\u00e7am\u201d com a \u00eanfase em proclama\u00e7\u00e3o do evangelho entre todos os povos, principalmente os n\u00e3o alcan\u00e7ados. Logo cedo pela manh\u00e3, o Coordenador Integral de Minist\u00e9rio do Brasil, Rev. Sandro Ribeiro, trouxe um devocional para edifica\u00e7\u00e3o dos participantes. Logo ap\u00f3s, o Rev. Felipe Fulanetto, secret\u00e1rio nacional de MNI Brasil, nos brindou com duas palestras com os temas: <em>\u201cSantidade e Miss\u00f5es\u201d <\/em>e<em> \u201cProp\u00f3sito e pilares da MNI\u201d.<\/em><\/p>\n<p style=\"text-align: justify;\">\u00c0 tarde, tivemos a participa\u00e7\u00e3o da palestrante Rev\u00aa Ivanilzes Carna\u00faba, presidente distrital da MNI Nordeste Central, com o tema \u201cIdeias, ferramentas e estrat\u00e9gias para MNI\u201d. Em seguida, o Rev. Igor Vale, presidente distrital da MNI Amaz\u00f4nia, compartilhou estat\u00edsticas e a necessidade de evangeliza\u00e7\u00e3o aos povos n\u00e3o-alcan\u00e7ados com o t\u00edtulo da palestra \u201cAt\u00e9 que todos ou\u00e7am\u201d. Para encerrar as palestras, a Rev\u00aa Maely Ion\u00e3, coordenadora da Escola de Miss\u00f5es para Adolescentes (EMA), falou sobre a t\u00e3o importante necessidade da nossa responsabilidade de cuidado mission\u00e1rio com t\u00edtulo \u201cCuidando de quem cuida\u201d.<\/p>\n<p style=\"text-align: justify;\">Ainda no s\u00e1bado pela noite, tivemos o painel mission\u00e1rio com o envolvimento efetivo dos participantes atrav\u00e9s de perguntas e respostas destinados aos mission\u00e1rios e mobilizadores Cassia Borges, Cinthia Galvan, Edivaldo Junior, Igor Vale, Ivanilzes Carna\u00faba, Maely Ion\u00e3, Rodrigo Weber e Sidney Xax\u00e1. A modera\u00e7\u00e3o foi feita pela presidente distrital de MNI Paulistano, Ver\u00f4nica Oliveira.<\/p>\n<p style=\"text-align: justify;\">No domingo pela manh\u00e3, o encerramento foi feito atrav\u00e9s da prega\u00e7\u00e3o do superintendente do distrito Porto Alegre, Rev. Romero Moreira e depois foi realizado a santa ceia com participa\u00e7\u00e3o de todos.<\/p>\n<p style=\"text-align: justify;\">Ao longo do evento, foi enfatizado a necessidade de orarmos pelos povos n\u00e3o-alcan\u00e7ados e por mais mission\u00e1rios, com ora\u00e7\u00f5es realizadas \u00e0s 10h02 em alus\u00e3o ao texto b\u00edblico Lucas 10:2 que diz: <em>\u201cA seara \u00e9 grande, mas os trabalhadores s\u00e3o poucos. Rogai, pois, ao Senhor da seara que mande trabalhadores para a sua seara\u201d<\/em>. Ademais, foram distribu\u00eddos cart\u00f5es com dados estat\u00edsticos de povo n\u00e3o-alcan\u00e7ados e tamb\u00e9m oportunidades mission\u00e1rias pela Igreja do Nazareno. O grupo de l\u00edderes saiu compromissados com o envolvimento de ora\u00e7\u00e3o e envio mission\u00e1rio atrav\u00e9s do esp\u00edrito de unidade e santidade para que todos os povos ou\u00e7am de Jesus, o Cristo!<\/p>\n<p style=\"text-align: justify;\"><strong><em>Fonte: <\/em><\/strong><em>Igreja do Nazareno \u2013 Brasil<\/em><\/p>\n<p>[\/et_pb_text][\/et_pb_column][\/et_pb_row][et_pb_row _builder_version=\u00bb4.16&#8243; _module_preset=\u00bbdefault\u00bb width=\u00bb100%\u00bb global_colors_info=\u00bb{}\u00bb theme_builder_area=\u00bbpost_content\u00bb][et_pb_column type=\u00bb4_4&#8243; module_class=\u00bbcolLeft\u00bb _builder_version=\u00bb4.16&#8243; _module_preset=\u00bbdefault\u00bb custom_padding=\u00bb|50px|||false|false\u00bb custom_padding_tablet=\u00bb|20px||20px|false|true\u00bb custom_padding_phone=\u00bb\u00bb custom_padding_last_edited=\u00bbon|phone\u00bb border_color_all=\u00bb#e0e0e0&#8243; border_width_right_tablet=\u00bb0px\u00bb border_width_right_phone=\u00bb0px\u00bb border_width_right_last_edited=\u00bbon|desktop\u00bb global_colors_info=\u00bb{}\u00bb theme_builder_area=\u00bbpost_content\u00bb][et_pb_gallery posts_number=\u00bb8&#8243; show_title_and_caption=\u00bboff\u00bb zoom_icon_color=\u00bb#E02B20&#8243; hover_overlay_color=\u00bb#FFFFFF\u00bb hover_icon=\u00bb&#x54;||divi||400&#8243; _builder_version=\u00bb4.21.0&#8243; _module_preset=\u00bbdefault\u00bb title_font_size=\u00bb0px\u00bb width=\u00bb100%\u00bb module_alignment=\u00bbcenter\u00bb hover_enabled=\u00bb0&#8243; global_colors_info=\u00bb{}\u00bb theme_builder_area=\u00bbpost_content\u00bb gallery_ids=\u00bb42926,42925,42927,42928,42929&#8243; sticky_enabled=\u00bb0&#8243;][\/et_pb_gallery][\/et_pb_column][\/et_pb_row][\/et_pb_section]<\/p>\n<span class=\"et_bloom_bottom_trigger\"><\/span>","protected":false},"excerpt":{"rendered":"<p>CONTENIDO EN ESPA\u00d1OL<\/p>","protected":false},"author":4,"featured_media":42927,"comment_status":"open","ping_status":"open","sticky":false,"template":"","format":"standard","meta":{"_et_pb_use_builder":"on","_et_pb_old_content":"","_et_gb_content_width":"","_monsterinsights_skip_tracking":false,"_monsterinsights_sitenote_active":false,"_monsterinsights_sitenote_note":"","_monsterinsights_sitenote_category":0,"_vp_format_video_url":"","_vp_image_focal_point":[],"footnotes":""},"categories":[53],"tags":[],"class_list":["post-43008","post","type-post","status-publish","format-standard","has-post-thumbnail","hentry","category-brasil"],"yoast_head":"<!-- This site is optimized with the Yoast SEO Premium plugin v23.6 (Yoast SEO v27.5) - https:\/\/yoast.com\/product\/yoast-seo-premium-wordpress\/ -->\n<title>4\u00b0 ENCUENTRO NACIONAL DE MNI BRASIL \u2013 HASTA QUE TODOS ESCUCHEN | Iglesia del Nazareno Am\u00e9rica del Sur<\/title>\n<meta name=\"description\" content=\"Brasil\" \/>\n<meta name=\"robots\" content=\"noindex, follow\" \/>\n<meta property=\"og:locale\" content=\"pt_BR\" \/>\n<meta property=\"og:type\" content=\"article\" \/>\n<meta property=\"og:title\" content=\"4\u00b0 ENCUENTRO NACIONAL DE MNI BRASIL \u2013 HASTA QUE TODOS ESCUCHEN | Iglesia del Nazareno Am\u00e9rica del Sur\" \/>\n<meta property=\"og:description\" content=\"Brasil\" \/>\n<meta property=\"og:url\" content=\"https:\/\/www.samnaz.org\/pt\/4-encuentro-nacional-de-mni-brasil-hasta-que-todos-escuchen\/\" \/>\n<meta property=\"og:site_name\" content=\"Iglesia del Nazareno Am\u00e9rica del Sur\" \/>\n<meta property=\"article:publisher\" content=\"https:\/\/www.facebook.com\/NazarenoEsp\" \/>\n<meta property=\"article:published_time\" content=\"2023-05-04T17:59:21+00:00\" \/>\n<meta property=\"article:modified_time\" content=\"2023-05-04T17:59:27+00:00\" \/>\n<meta property=\"og:image\" content=\"https:\/\/www.samnaz.org\/wp-content\/uploads\/2023\/04\/MNI3.jpg\" \/>\n\t<meta property=\"og:image:width\" content=\"1600\" \/>\n\t<meta property=\"og:image:height\" content=\"902\" \/>\n\t<meta property=\"og:image:type\" content=\"image\/jpeg\" \/>\n<meta name=\"author\" content=\"Samnaz\" \/>\n<meta name=\"twitter:card\" content=\"summary_large_image\" \/>\n<meta name=\"twitter:label1\" content=\"Escrito por\" \/>\n\t<meta name=\"twitter:data1\" content=\"Samnaz\" \/>\n<script type=\"application\/ld+json\" class=\"yoast-schema-graph\">{\"@context\":\"https:\\\/\\\/schema.org\",\"@graph\":[{\"@type\":\"Article\",\"@id\":\"https:\\\/\\\/www.samnaz.org\\\/4-encuentro-nacional-de-mni-brasil-hasta-que-todos-escuchen\\\/#article\",\"isPartOf\":{\"@id\":\"https:\\\/\\\/www.samnaz.org\\\/4-encuentro-nacional-de-mni-brasil-hasta-que-todos-escuchen\\\/\"},\"author\":{\"name\":\"Samnaz\",\"@id\":\"https:\\\/\\\/www.samnaz.org\\\/#\\\/schema\\\/person\\\/c09d1131c49ba510c7e1cbb677b39927\"},\"headline\":\"4\u00b0 ENCUENTRO NACIONAL DE MNI BRASIL \u2013 HASTA QUE TODOS ESCUCHEN\",\"datePublished\":\"2023-05-04T17:59:21+00:00\",\"dateModified\":\"2023-05-04T17:59:27+00:00\",\"mainEntityOfPage\":{\"@id\":\"https:\\\/\\\/www.samnaz.org\\\/4-encuentro-nacional-de-mni-brasil-hasta-que-todos-escuchen\\\/\"},\"wordCount\":328,\"commentCount\":0,\"publisher\":{\"@id\":\"https:\\\/\\\/www.samnaz.org\\\/#organization\"},\"image\":{\"@id\":\"https:\\\/\\\/www.samnaz.org\\\/4-encuentro-nacional-de-mni-brasil-hasta-que-todos-escuchen\\\/#primaryimage\"},\"thumbnailUrl\":\"https:\\\/\\\/www.samnaz.org\\\/wp-content\\\/uploads\\\/2023\\\/04\\\/MNI3.jpg\",\"articleSection\":[\"Brasil\"],\"inLanguage\":\"pt-BR\",\"potentialAction\":[{\"@type\":\"CommentAction\",\"name\":\"Comment\",\"target\":[\"https:\\\/\\\/www.samnaz.org\\\/4-encuentro-nacional-de-mni-brasil-hasta-que-todos-escuchen\\\/#respond\"]}]},{\"@type\":\"WebPage\",\"@id\":\"https:\\\/\\\/www.samnaz.org\\\/4-encuentro-nacional-de-mni-brasil-hasta-que-todos-escuchen\\\/\",\"url\":\"https:\\\/\\\/www.samnaz.org\\\/4-encuentro-nacional-de-mni-brasil-hasta-que-todos-escuchen\\\/\",\"name\":\"4\u00b0 ENCUENTRO NACIONAL DE MNI BRASIL \u2013 HASTA QUE TODOS ESCUCHEN | Iglesia del Nazareno Am\u00e9rica del Sur\",\"isPartOf\":{\"@id\":\"https:\\\/\\\/www.samnaz.org\\\/#website\"},\"primaryImageOfPage\":{\"@id\":\"https:\\\/\\\/www.samnaz.org\\\/4-encuentro-nacional-de-mni-brasil-hasta-que-todos-escuchen\\\/#primaryimage\"},\"image\":{\"@id\":\"https:\\\/\\\/www.samnaz.org\\\/4-encuentro-nacional-de-mni-brasil-hasta-que-todos-escuchen\\\/#primaryimage\"},\"thumbnailUrl\":\"https:\\\/\\\/www.samnaz.org\\\/wp-content\\\/uploads\\\/2023\\\/04\\\/MNI3.jpg\",\"datePublished\":\"2023-05-04T17:59:21+00:00\",\"dateModified\":\"2023-05-04T17:59:27+00:00\",\"description\":\"Brasil\",\"inLanguage\":\"pt-BR\",\"potentialAction\":[{\"@type\":\"ReadAction\",\"target\":[\"https:\\\/\\\/www.samnaz.org\\\/4-encuentro-nacional-de-mni-brasil-hasta-que-todos-escuchen\\\/\"]}]},{\"@type\":\"ImageObject\",\"inLanguage\":\"pt-BR\",\"@id\":\"https:\\\/\\\/www.samnaz.org\\\/4-encuentro-nacional-de-mni-brasil-hasta-que-todos-escuchen\\\/#primaryimage\",\"url\":\"https:\\\/\\\/www.samnaz.org\\\/wp-content\\\/uploads\\\/2023\\\/04\\\/MNI3.jpg\",\"contentUrl\":\"https:\\\/\\\/www.samnaz.org\\\/wp-content\\\/uploads\\\/2023\\\/04\\\/MNI3.jpg\",\"width\":1600,\"height\":902},{\"@type\":\"WebSite\",\"@id\":\"https:\\\/\\\/www.samnaz.org\\\/#website\",\"url\":\"https:\\\/\\\/www.samnaz.org\\\/\",\"name\":\"Haciendo Disc\u00edpulos Semejantes a Cristo en las naciones\",\"description\":\"Haciendo disc\u00edpulos semejantes a Cristo en las Naciones\",\"publisher\":{\"@id\":\"https:\\\/\\\/www.samnaz.org\\\/#organization\"},\"alternateName\":\"Viviendo la Gran Comisi\u00f3n\",\"potentialAction\":[{\"@type\":\"SearchAction\",\"target\":{\"@type\":\"EntryPoint\",\"urlTemplate\":\"https:\\\/\\\/www.samnaz.org\\\/?s={search_term_string}\"},\"query-input\":{\"@type\":\"PropertyValueSpecification\",\"valueRequired\":true,\"valueName\":\"search_term_string\"}}],\"inLanguage\":\"pt-BR\"},{\"@type\":\"Organization\",\"@id\":\"https:\\\/\\\/www.samnaz.org\\\/#organization\",\"name\":\"Iglesia del Nazareno Am\u00e9rica del Sur\",\"url\":\"https:\\\/\\\/www.samnaz.org\\\/\",\"logo\":{\"@type\":\"ImageObject\",\"inLanguage\":\"pt-BR\",\"@id\":\"https:\\\/\\\/www.samnaz.org\\\/#\\\/schema\\\/logo\\\/image\\\/\",\"url\":\"https:\\\/\\\/www.samnaz.org\\\/wp-content\\\/uploads\\\/2021\\\/04\\\/Logo-3-ESP.png\",\"contentUrl\":\"https:\\\/\\\/www.samnaz.org\\\/wp-content\\\/uploads\\\/2021\\\/04\\\/Logo-3-ESP.png\",\"width\":1041,\"height\":780,\"caption\":\"Iglesia del Nazareno Am\u00e9rica del Sur\"},\"image\":{\"@id\":\"https:\\\/\\\/www.samnaz.org\\\/#\\\/schema\\\/logo\\\/image\\\/\"},\"sameAs\":[\"https:\\\/\\\/www.facebook.com\\\/NazarenoEsp\",\"https:\\\/\\\/www.instagram.com\\\/nazarenoesp\\\/\"],\"publishingPrinciples\":\"https:\\\/\\\/www.samnaz.org\\\/\"},{\"@type\":\"Person\",\"@id\":\"https:\\\/\\\/www.samnaz.org\\\/#\\\/schema\\\/person\\\/c09d1131c49ba510c7e1cbb677b39927\",\"name\":\"Samnaz\",\"image\":{\"@type\":\"ImageObject\",\"inLanguage\":\"pt-BR\",\"@id\":\"https:\\\/\\\/secure.gravatar.com\\\/avatar\\\/a5baaf0e270319d09c0efce6a9dd03ff93175913c70afe26595c0069c83fa6dc?s=96&d=mm&r=g\",\"url\":\"https:\\\/\\\/secure.gravatar.com\\\/avatar\\\/a5baaf0e270319d09c0efce6a9dd03ff93175913c70afe26595c0069c83fa6dc?s=96&d=mm&r=g\",\"contentUrl\":\"https:\\\/\\\/secure.gravatar.com\\\/avatar\\\/a5baaf0e270319d09c0efce6a9dd03ff93175913c70afe26595c0069c83fa6dc?s=96&d=mm&r=g\",\"caption\":\"Samnaz\"}}]}<\/script>\n<!-- \/ Yoast SEO Premium plugin. -->","yoast_head_json":{"title":"4\u00b0 ENCUENTRO NACIONAL DE MNI BRASIL \u2013 HASTA QUE TODOS ESCUCHEN | Iglesia del Nazareno Am\u00e9rica del Sur","description":"Brasil","robots":{"index":"noindex","follow":"follow"},"og_locale":"pt_BR","og_type":"article","og_title":"4\u00b0 ENCUENTRO NACIONAL DE MNI BRASIL \u2013 HASTA QUE TODOS ESCUCHEN | Iglesia del Nazareno Am\u00e9rica del Sur","og_description":"Brasil","og_url":"https:\/\/www.samnaz.org\/pt\/4-encuentro-nacional-de-mni-brasil-hasta-que-todos-escuchen\/","og_site_name":"Iglesia del Nazareno Am\u00e9rica del Sur","article_publisher":"https:\/\/www.facebook.com\/NazarenoEsp","article_published_time":"2023-05-04T17:59:21+00:00","article_modified_time":"2023-05-04T17:59:27+00:00","og_image":[{"width":1600,"height":902,"url":"https:\/\/www.samnaz.org\/wp-content\/uploads\/2023\/04\/MNI3.jpg","type":"image\/jpeg"}],"author":"Samnaz","twitter_card":"summary_large_image","twitter_misc":{"Escrito por":"Samnaz"},"schema":{"@context":"https:\/\/schema.org","@graph":[{"@type":"Article","@id":"https:\/\/www.samnaz.org\/4-encuentro-nacional-de-mni-brasil-hasta-que-todos-escuchen\/#article","isPartOf":{"@id":"https:\/\/www.samnaz.org\/4-encuentro-nacional-de-mni-brasil-hasta-que-todos-escuchen\/"},"author":{"name":"Samnaz","@id":"https:\/\/www.samnaz.org\/#\/schema\/person\/c09d1131c49ba510c7e1cbb677b39927"},"headline":"4\u00b0 ENCUENTRO NACIONAL DE MNI BRASIL \u2013 HASTA QUE TODOS ESCUCHEN","datePublished":"2023-05-04T17:59:21+00:00","dateModified":"2023-05-04T17:59:27+00:00","mainEntityOfPage":{"@id":"https:\/\/www.samnaz.org\/4-encuentro-nacional-de-mni-brasil-hasta-que-todos-escuchen\/"},"wordCount":328,"commentCount":0,"publisher":{"@id":"https:\/\/www.samnaz.org\/#organization"},"image":{"@id":"https:\/\/www.samnaz.org\/4-encuentro-nacional-de-mni-brasil-hasta-que-todos-escuchen\/#primaryimage"},"thumbnailUrl":"https:\/\/www.samnaz.org\/wp-content\/uploads\/2023\/04\/MNI3.jpg","articleSection":["Brasil"],"inLanguage":"pt-BR","potentialAction":[{"@type":"CommentAction","name":"Comment","target":["https:\/\/www.samnaz.org\/4-encuentro-nacional-de-mni-brasil-hasta-que-todos-escuchen\/#respond"]}]},{"@type":"WebPage","@id":"https:\/\/www.samnaz.org\/4-encuentro-nacional-de-mni-brasil-hasta-que-todos-escuchen\/","url":"https:\/\/www.samnaz.org\/4-encuentro-nacional-de-mni-brasil-hasta-que-todos-escuchen\/","name":"4\u00b0 ENCUENTRO NACIONAL DE MNI BRASIL \u2013 HASTA QUE TODOS ESCUCHEN | Iglesia del Nazareno Am\u00e9rica del Sur","isPartOf":{"@id":"https:\/\/www.samnaz.org\/#website"},"primaryImageOfPage":{"@id":"https:\/\/www.samnaz.org\/4-encuentro-nacional-de-mni-brasil-hasta-que-todos-escuchen\/#primaryimage"},"image":{"@id":"https:\/\/www.samnaz.org\/4-encuentro-nacional-de-mni-brasil-hasta-que-todos-escuchen\/#primaryimage"},"thumbnailUrl":"https:\/\/www.samnaz.org\/wp-content\/uploads\/2023\/04\/MNI3.jpg","datePublished":"2023-05-04T17:59:21+00:00","dateModified":"2023-05-04T17:59:27+00:00","description":"Brasil","inLanguage":"pt-BR","potentialAction":[{"@type":"ReadAction","target":["https:\/\/www.samnaz.org\/4-encuentro-nacional-de-mni-brasil-hasta-que-todos-escuchen\/"]}]},{"@type":"ImageObject","inLanguage":"pt-BR","@id":"https:\/\/www.samnaz.org\/4-encuentro-nacional-de-mni-brasil-hasta-que-todos-escuchen\/#primaryimage","url":"https:\/\/www.samnaz.org\/wp-content\/uploads\/2023\/04\/MNI3.jpg","contentUrl":"https:\/\/www.samnaz.org\/wp-content\/uploads\/2023\/04\/MNI3.jpg","width":1600,"height":902},{"@type":"WebSite","@id":"https:\/\/www.samnaz.org\/#website","url":"https:\/\/www.samnaz.org\/","name":"Haciendo Disc\u00edpulos Semejantes a Cristo en las naciones","description":"Haciendo disc\u00edpulos semejantes a Cristo en las Naciones","publisher":{"@id":"https:\/\/www.samnaz.org\/#organization"},"alternateName":"Viviendo la Gran Comisi\u00f3n","potentialAction":[{"@type":"SearchAction","target":{"@type":"EntryPoint","urlTemplate":"https:\/\/www.samnaz.org\/?s={search_term_string}"},"query-input":{"@type":"PropertyValueSpecification","valueRequired":true,"valueName":"search_term_string"}}],"inLanguage":"pt-BR"},{"@type":"Organization","@id":"https:\/\/www.samnaz.org\/#organization","name":"Iglesia del Nazareno Am\u00e9rica del Sur","url":"https:\/\/www.samnaz.org\/","logo":{"@type":"ImageObject","inLanguage":"pt-BR","@id":"https:\/\/www.samnaz.org\/#\/schema\/logo\/image\/","url":"https:\/\/www.samnaz.org\/wp-content\/uploads\/2021\/04\/Logo-3-ESP.png","contentUrl":"https:\/\/www.samnaz.org\/wp-content\/uploads\/2021\/04\/Logo-3-ESP.png","width":1041,"height":780,"caption":"Iglesia del Nazareno Am\u00e9rica del Sur"},"image":{"@id":"https:\/\/www.samnaz.org\/#\/schema\/logo\/image\/"},"sameAs":["https:\/\/www.facebook.com\/NazarenoEsp","https:\/\/www.instagram.com\/nazarenoesp\/"],"publishingPrinciples":"https:\/\/www.samnaz.org\/"},{"@type":"Person","@id":"https:\/\/www.samnaz.org\/#\/schema\/person\/c09d1131c49ba510c7e1cbb677b39927","name":"Samnaz","image":{"@type":"ImageObject","inLanguage":"pt-BR","@id":"https:\/\/secure.gravatar.com\/avatar\/a5baaf0e270319d09c0efce6a9dd03ff93175913c70afe26595c0069c83fa6dc?s=96&d=mm&r=g","url":"https:\/\/secure.gravatar.com\/avatar\/a5baaf0e270319d09c0efce6a9dd03ff93175913c70afe26595c0069c83fa6dc?s=96&d=mm&r=g","contentUrl":"https:\/\/secure.gravatar.com\/avatar\/a5baaf0e270319d09c0efce6a9dd03ff93175913c70afe26595c0069c83fa6dc?s=96&d=mm&r=g","caption":"Samnaz"}}]}},"_links":{"self":[{"href":"https:\/\/www.samnaz.org\/pt\/wp-json\/wp\/v2\/posts\/43008","targetHints":{"allow":["GET"]}}],"collection":[{"href":"https:\/\/www.samnaz.org\/pt\/wp-json\/wp\/v2\/posts"}],"about":[{"href":"https:\/\/www.samnaz.org\/pt\/wp-json\/wp\/v2\/types\/post"}],"author":[{"embeddable":true,"href":"https:\/\/www.samnaz.org\/pt\/wp-json\/wp\/v2\/users\/4"}],"replies":[{"embeddable":true,"href":"https:\/\/www.samnaz.org\/pt\/wp-json\/wp\/v2\/comments?post=43008"}],"version-history":[{"count":2,"href":"https:\/\/www.samnaz.org\/pt\/wp-json\/wp\/v2\/posts\/43008\/revisions"}],"predecessor-version":[{"id":43011,"href":"https:\/\/www.samnaz.org\/pt\/wp-json\/wp\/v2\/posts\/43008\/revisions\/43011"}],"wp:featuredmedia":[{"embeddable":true,"href":"https:\/\/www.samnaz.org\/pt\/wp-json\/wp\/v2\/media\/42927"}],"wp:attachment":[{"href":"https:\/\/www.samnaz.org\/pt\/wp-json\/wp\/v2\/media?parent=43008"}],"wp:term":[{"taxonomy":"category","embeddable":true,"href":"https:\/\/www.samnaz.org\/pt\/wp-json\/wp\/v2\/categories?post=43008"},{"taxonomy":"post_tag","embeddable":true,"href":"https:\/\/www.samnaz.org\/pt\/wp-json\/wp\/v2\/tags?post=43008"}],"curies":[{"name":"wp","href":"https:\/\/api.w.org\/{rel}","templated":true}]}}