{"id":44087,"date":"2023-09-29T11:24:17","date_gmt":"2023-09-29T14:24:17","guid":{"rendered":"https:\/\/www.samnaz.org\/?p=44087"},"modified":"2023-09-29T11:44:34","modified_gmt":"2023-09-29T14:44:34","slug":"la-junta-de-superintendentes-generales-elige-nuevo-director-de-la-region-america-del-sur","status":"publish","type":"post","link":"https:\/\/www.samnaz.org\/pt\/la-junta-de-superintendentes-generales-elige-nuevo-director-de-la-region-america-del-sur\/","title":{"rendered":"JUNTA DE SUPERINTENDENTES GERAIS ELEGE NOVO DIRETOR DA REGI\u00c3O AM\u00c9RICA DO SUL"},"content":{"rendered":"<p>[et_pb_section fb_built=\u00bb1&#8243; _builder_version=\u00bb4.16&#8243; _module_preset=\u00bbdefault\u00bb custom_padding=\u00bb0px||||false|false\u00bb global_colors_info=\u00bb{}\u00bb][et_pb_row disabled_on=\u00bbon|on|on\u00bb _builder_version=\u00bb4.16&#8243; _module_preset=\u00bbdefault\u00bb disabled=\u00bbon\u00bb global_colors_info=\u00bb{}\u00bb][et_pb_column type=\u00bb4_4&#8243; _builder_version=\u00bb4.16&#8243; _module_preset=\u00bbdefault\u00bb global_colors_info=\u00bb{}\u00bb][et_pb_text disabled_on=\u00bboff|off|off\u00bb _builder_version=\u00bb4.16&#8243; _module_preset=\u00bbdefault\u00bb text_text_color=\u00bb#0C71C3&#8243; text_font_size=\u00bb23px\u00bb text_orientation=\u00bbcenter\u00bb global_colors_info=\u00bb{}\u00bb]<\/p>\n<p>CONTENIDO EN ESPA\u00d1OL<\/p>\n<p>[\/et_pb_text][\/et_pb_column][\/et_pb_row][et_pb_row module_class=\u00bbespanol\u00bb _builder_version=\u00bb4.16&#8243; _module_preset=\u00bbdefault\u00bb width=\u00bb100%\u00bb global_colors_info=\u00bb{}\u00bb][et_pb_column type=\u00bb4_4&#8243; module_class=\u00bbcolLeft\u00bb _builder_version=\u00bb4.16&#8243; _module_preset=\u00bbdefault\u00bb custom_padding=\u00bb|50px|||false|false\u00bb custom_padding_tablet=\u00bb|20px||20px|false|true\u00bb custom_padding_phone=\u00bb\u00bb custom_padding_last_edited=\u00bbon|phone\u00bb border_color_all=\u00bb#e0e0e0&#8243; border_width_right_tablet=\u00bb0px\u00bb border_width_right_phone=\u00bb0px\u00bb border_width_right_last_edited=\u00bbon|desktop\u00bb global_colors_info=\u00bb{}\u00bb][et_pb_code admin_label=\u00bbCode\u00bb _builder_version=\u00bb4.16&#8243; _module_preset=\u00bbdefault\u00bb background_enable_color=\u00bboff\u00bb positioning=\u00bbabsolute\u00bb position_origin_a=\u00bbtop_right\u00bb vertical_offset=\u00bb10px\u00bb horizontal_offset=\u00bb50px\u00bb z_index=\u00bb137&#8243; vertical_offset_tablet=\u00bb\u00bb vertical_offset_phone=\u00bb-45px\u00bb vertical_offset_last_edited=\u00bbon|phone\u00bb horizontal_offset_tablet=\u00bb20px\u00bb horizontal_offset_phone=\u00bb\u00bb horizontal_offset_last_edited=\u00bbon|phone\u00bb position_origin_a_tablet=\u00bb\u00bb position_origin_a_phone=\u00bb\u00bb position_origin_a_last_edited=\u00bbon|desktop\u00bb position_origin_f_tablet=\u00bb\u00bb position_origin_f_phone=\u00bb\u00bb position_origin_f_last_edited=\u00bbon|desktop\u00bb position_origin_r_tablet=\u00bb\u00bb position_origin_r_phone=\u00bb\u00bb position_origin_r_last_edited=\u00bbon|desktop\u00bb text_orientation=\u00bbright\u00bb width=\u00bb160px\u00bb height=\u00bb30px\u00bb positioning_tablet=\u00bb\u00bb positioning_phone=\u00bb\u00bb positioning_last_edited=\u00bbon|desktop\u00bb global_colors_info=\u00bb{}\u00bb]<!-- AddToAny BEGIN --><!-- [et_pb_line_break_holder] --><a class=\"a2a_dd\" href=\"https:\/\/www.addtoany.com\/share\" style=\"background: black;<!-- [et_pb_line_break_holder] -->    font-size: 18px;<!-- [et_pb_line_break_holder] -->    color: white;<!-- [et_pb_line_break_holder] -->    padding: 10px;text-transform: uppercase;\u00bb><!-- [et_pb_line_break_holder] -->  <svg style=\"width: 20px;\" aria-hidden=\"true\" focusable=\"false\" data-prefix=\"fas\" data-icon=\"share-square\" role=\"img\" xmlns=\"http:\/\/www.w3.org\/2000\/svg\" viewbox=\"0 0 576 512\" data-fa-i2svg=\"\"><path fill=\"currentColor\" d=\"M568.482 177.448L424.479 313.433C409.3 327.768 384 317.14 384 295.985v-71.963c-144.575.97-205.566 35.113-164.775 171.353 4.483 14.973-12.846 26.567-25.006 17.33C155.252 383.105 120 326.488 120 269.339c0-143.937 117.599-172.5 264-173.312V24.012c0-21.174 25.317-31.768 40.479-17.448l144.003 135.988c10.02 9.463 10.028 25.425 0 34.896zM384 379.128V448H64V128h50.916a11.99 11.99 0 0 0 8.648-3.693c14.953-15.568 32.237-27.89 51.014-37.676C185.708 80.83 181.584 64 169.033 64H48C21.49 64 0 85.49 0 112v352c0 26.51 21.49 48 48 48h352c26.51 0 48-21.49 48-48v-88.806c0-8.288-8.197-14.066-16.011-11.302a71.83 71.83 0 0 1-34.189 3.377c-7.27-1.046-13.8 4.514-13.8 11.859z\"><\/path><\/svg><!-- [et_pb_line_break_holder] -->  COMPARTILHAR<!-- [et_pb_line_break_holder] --><\/a><!-- [et_pb_line_break_holder] --><script async src=\"https:\/\/static.addtoany.com\/menu\/page.js\"><\/script><!-- [et_pb_line_break_holder] --><!-- AddToAny END -->[\/et_pb_code][et_pb_text _builder_version=\u00bb4.22.2&#8243; _module_preset=\u00bbdefault\u00bb text_font=\u00bb|700|||||||\u00bb text_font_size=\u00bb25px\u00bb width=\u00bb78%\u00bb width_tablet=\u00bb\u00bb width_phone=\u00bb100%\u00bb width_last_edited=\u00bbon|phone\u00bb custom_margin=\u00bb||5px|||\u00bb global_colors_info=\u00bb{}\u00bb]<\/p>\n<p><strong>LA JUNTA DE SUPERINTENDENTES GENERALES ELIGE NUEVO DIRECTOR DE LA REGI\u00d3N AM\u00c9RICA DEL SUR<\/strong><\/p>\n<p>[\/et_pb_text][et_pb_post_title title=\u00bboff\u00bb comments=\u00bboff\u00bb module_class=\u00bbtituloNoti\u00bb _builder_version=\u00bb4.16&#8243; _module_preset=\u00bbdefault\u00bb width_tablet=\u00bb\u00bb width_phone=\u00bb\u00bb width_last_edited=\u00bbon|phone\u00bb custom_padding=\u00bb|0px|||false|false\u00bb custom_padding_tablet=\u00bb|0px|||false|false\u00bb custom_padding_phone=\u00bb|0px|||false|false\u00bb custom_padding_last_edited=\u00bbon|phone\u00bb border_color_right=\u00bb#e8e8e8&#8243; border_width_right_tablet=\u00bb0px\u00bb border_width_right_phone=\u00bb\u00bb border_width_right_last_edited=\u00bbon|desktop\u00bb global_colors_info=\u00bb{}\u00bb][\/et_pb_post_title][et_pb_text _builder_version=\u00bb4.22.2&#8243; _module_preset=\u00bbdefault\u00bb text_font_size=\u00bb17px\u00bb global_colors_info=\u00bb{}\u00bb]<\/p>\n<div class=\"page\" title=\"Page 1\">\n<div class=\"layoutArea\">\n<div class=\"column\">\n<p style=\"text-align: justify;\">La Junta de Superintendentes Generales ha elegido al brasilen\u0303o Alessandro Polonio para el cargo de director regional de Ame\u0301rica del Sur, a partir del 21 de octubre de 2023.<\/p>\n<p style=\"text-align: justify;\">La Junta General de la Iglesia del Nazareno ratifico\u0301 la eleccio\u0301n con una votacio\u0301n por correo electro\u0301nico coordinada por Gary W. Hartke, secretario general. T. Scott Daniels, superintendente general en jurisdiccio\u0301n para Ame\u0301rica del Sur y Verne S Ward III, director de Misiones Globales, dirigieron en oracio\u0301n el proceso de nominacio\u0301n y eleccio\u0301n.<\/p>\n<p style=\"text-align: justify;\">Polonio sucede a Christian Sarmiento, quien fue elegido como el 45\u00ba superintendente general de la Iglesia del Nazareno en la Asamblea General y Convenciones del 15 de junio de 2023.<\/p>\n<p style=\"text-align: justify;\">\u00abAlessandro Polonio ha servido bien a la iglesia en Ame\u0301rica del Sur como misionero y como coordinador de estrategia de \u00e1rea\u00bb, dijo Daniels. \u00abEn los lugares donde ha servido, la iglesia ha crecido y prosperado. E\u0301l y Cristiane son un equipo ministerial increi\u0301ble, y se hizo evidente en el proceso de bu\u0301squeda que Dios los ha estado preparando para esta temporada de liderazgo en esta importante regio\u0301n\u00bb.<\/p>\n<p style=\"text-align: justify;\">Dios ha guiado a Polonio en varias funciones ministeriales en la regio\u0301n. Lo ma\u0301s reciente ha sido su servicio como coordinador de estrategia para el A\u0301rea Cono Sur desde 2019.<\/p>\n<p style=\"text-align: justify;\">Polonio pastoreo\u0301 la Iglesia del Nazareno de Sousas de 2000-2012 y sirvio\u0301 como misionero a partir de 2013 en Chile y Argentina. Sus funciones incluyeron ser coordinador de desarrollo de la iglesia en Chile, coordinador regional de MNI y superintendente del distrito chileno \u00abLos Lagos\u00bb antes de ocupar el cargo de CEA en el \u00c1rea Cono-Sur. Tiene una Licenciatura en Teologi\u0301a del Seminario Teolo\u0301gico Nazareno de Brasil, una Licenciatura en Economi\u0301a de la Pontificia Universidad Cato\u0301lica de Campinas, una Maestri\u0301a en Ministerio y Liderazgo Pastoral del Seminario Teolo\u0301gico Nazareno del Cono Sur y una Especializacio\u0301n en Liderazgo del Instituto Haggai de Brasil. Polonio fue ordenado en 2009 en Campinas, Brasil.<\/p>\n<\/div>\n<\/div>\n<\/div>\n<div class=\"page\" title=\"Page 2\">\n<div class=\"layoutArea\">\n<div class=\"column\">\n<p style=\"text-align: justify;\">Polonio entrego\u0301 su vida a Cristo a los 19 an\u0303os en la Iglesia Central de Campinas, donde tambie\u0301n fue llamado al ministerio. Conocio\u0301 a Cristiane en la iglesia de Campinas y se casaron y tuvieron a sus hijas, Raquel y Sarah, mientras asisti\u0301an alli\u0301. Polonio dice: <em>\u00abSiempre senti\u0301 un llamado a la obra misionera; y como pastores locales, apoyamos a los misioneros y organizamos algunos viajes misioneros a corto plazo. En 2013, Dios uso\u0301 al Dr. Sarmiento para invitarnos a servir como misioneros en Chile. Despue\u0301s de 1 mes de intensa oracio\u0301n, Dios confirmo\u0301 este llamado en mi corazo\u0301n y en el de mi esposa tambie\u0301n. Seguimos dispuestos a servir a Dios y a su Iglesia donde E\u0301l nos envi\u0301e y en el puesto que sea necesario\u00bb.<\/em><\/p>\n<p><em><strong>Fonte<\/strong> Igreja do Nazareno<\/em><\/p>\n<\/div>\n<\/div>\n<\/div>\n<p>[\/et_pb_text][\/et_pb_column][\/et_pb_row][et_pb_row disabled_on=\u00bbon|on|on\u00bb _builder_version=\u00bb4.16&#8243; _module_preset=\u00bbdefault\u00bb disabled=\u00bbon\u00bb global_colors_info=\u00bb{}\u00bb][et_pb_column type=\u00bb4_4&#8243; _builder_version=\u00bb4.16&#8243; _module_preset=\u00bbdefault\u00bb global_colors_info=\u00bb{}\u00bb][et_pb_text disabled_on=\u00bboff|off|off\u00bb _builder_version=\u00bb4.16&#8243; _module_preset=\u00bbdefault\u00bb text_text_color=\u00bb#0C71C3&#8243; text_font_size=\u00bb23px\u00bb text_orientation=\u00bbcenter\u00bb global_colors_info=\u00bb{}\u00bb]<\/p>\n<p>CONTENIDO EN PORTUGUES<\/p>\n<p>[\/et_pb_text][\/et_pb_column][\/et_pb_row][et_pb_row module_class=\u00bbportugues\u00bb _builder_version=\u00bb4.16&#8243; _module_preset=\u00bbdefault\u00bb width=\u00bb100%\u00bb global_colors_info=\u00bb{}\u00bb][et_pb_column type=\u00bb4_4&#8243; module_class=\u00bbcolLeft\u00bb _builder_version=\u00bb4.16&#8243; _module_preset=\u00bbdefault\u00bb custom_padding=\u00bb|50px|||false|false\u00bb custom_padding_tablet=\u00bb|20px||20px|false|true\u00bb custom_padding_phone=\u00bb\u00bb custom_padding_last_edited=\u00bbon|phone\u00bb border_color_all=\u00bb#e0e0e0&#8243; border_width_right_tablet=\u00bb0px\u00bb border_width_right_phone=\u00bb0px\u00bb border_width_right_last_edited=\u00bbon|desktop\u00bb global_colors_info=\u00bb{}\u00bb][et_pb_code admin_label=\u00bbCode\u00bb _builder_version=\u00bb4.16&#8243; _module_preset=\u00bbdefault\u00bb background_enable_color=\u00bboff\u00bb positioning=\u00bbabsolute\u00bb position_origin_a=\u00bbtop_right\u00bb vertical_offset=\u00bb10px\u00bb horizontal_offset=\u00bb50px\u00bb z_index=\u00bb137&#8243; vertical_offset_tablet=\u00bb\u00bb vertical_offset_phone=\u00bb-45px\u00bb vertical_offset_last_edited=\u00bbon|phone\u00bb horizontal_offset_tablet=\u00bb20px\u00bb horizontal_offset_phone=\u00bb\u00bb horizontal_offset_last_edited=\u00bbon|phone\u00bb position_origin_a_tablet=\u00bb\u00bb position_origin_a_phone=\u00bb\u00bb position_origin_a_last_edited=\u00bbon|desktop\u00bb position_origin_f_tablet=\u00bb\u00bb position_origin_f_phone=\u00bb\u00bb position_origin_f_last_edited=\u00bbon|desktop\u00bb position_origin_r_tablet=\u00bb\u00bb position_origin_r_phone=\u00bb\u00bb position_origin_r_last_edited=\u00bbon|desktop\u00bb text_orientation=\u00bbright\u00bb width=\u00bb190px\u00bb height=\u00bb30px\u00bb positioning_tablet=\u00bb\u00bb positioning_phone=\u00bb\u00bb positioning_last_edited=\u00bbon|desktop\u00bb global_colors_info=\u00bb{}\u00bb]<!-- AddToAny BEGIN --><!-- [et_pb_line_break_holder] --><a class=\"a2a_dd\" href=\"https:\/\/www.addtoany.com\/share\" style=\"background: black;<!-- [et_pb_line_break_holder] -->    font-size: 18px;<!-- [et_pb_line_break_holder] -->    color: white;<!-- [et_pb_line_break_holder] -->    padding: 10px;text-transform: uppercase;\u00bb><!-- [et_pb_line_break_holder] -->  <svg style=\"width: 20px;\" aria-hidden=\"true\" focusable=\"false\" data-prefix=\"fas\" data-icon=\"share-square\" role=\"img\" xmlns=\"http:\/\/www.w3.org\/2000\/svg\" viewbox=\"0 0 576 512\" data-fa-i2svg=\"\"><path fill=\"currentColor\" d=\"M568.482 177.448L424.479 313.433C409.3 327.768 384 317.14 384 295.985v-71.963c-144.575.97-205.566 35.113-164.775 171.353 4.483 14.973-12.846 26.567-25.006 17.33C155.252 383.105 120 326.488 120 269.339c0-143.937 117.599-172.5 264-173.312V24.012c0-21.174 25.317-31.768 40.479-17.448l144.003 135.988c10.02 9.463 10.028 25.425 0 34.896zM384 379.128V448H64V128h50.916a11.99 11.99 0 0 0 8.648-3.693c14.953-15.568 32.237-27.89 51.014-37.676C185.708 80.83 181.584 64 169.033 64H48C21.49 64 0 85.49 0 112v352c0 26.51 21.49 48 48 48h352c26.51 0 48-21.49 48-48v-88.806c0-8.288-8.197-14.066-16.011-11.302a71.83 71.83 0 0 1-34.189 3.377c-7.27-1.046-13.8 4.514-13.8 11.859z\"><\/path><\/svg><!-- [et_pb_line_break_holder] -->  Compartilhar<!-- [et_pb_line_break_holder] --><\/a><!-- [et_pb_line_break_holder] --><script async src=\"https:\/\/static.addtoany.com\/menu\/page.js\"><\/script><!-- [et_pb_line_break_holder] --><!-- AddToAny END -->[\/et_pb_code][et_pb_text _builder_version=\u00bb4.22.2&#8243; _module_preset=\u00bbdefault\u00bb text_font=\u00bb|700|||||||\u00bb text_font_size=\u00bb25px\u00bb width=\u00bb78%\u00bb width_tablet=\u00bb\u00bb width_phone=\u00bb100%\u00bb width_last_edited=\u00bbon|phone\u00bb custom_margin=\u00bb||5px|||\u00bb global_colors_info=\u00bb{}\u00bb]<\/p>\n<p><strong>JUNTA DE SUPERINTENDENTES GERAIS ELEGE NOVO DIRETOR DA REGI\u00c3O AM\u00c9RICA DO SUL<\/strong><\/p>\n<p>[\/et_pb_text][et_pb_post_title title=\u00bboff\u00bb comments=\u00bboff\u00bb module_class=\u00bbtituloNoti\u00bb _builder_version=\u00bb4.16&#8243; _module_preset=\u00bbdefault\u00bb width_tablet=\u00bb\u00bb width_phone=\u00bb\u00bb width_last_edited=\u00bbon|phone\u00bb custom_padding=\u00bb|0px|||false|false\u00bb custom_padding_tablet=\u00bb|0px|||false|false\u00bb custom_padding_phone=\u00bb|0px|||false|false\u00bb custom_padding_last_edited=\u00bbon|phone\u00bb border_color_right=\u00bb#e8e8e8&#8243; border_width_right_tablet=\u00bb0px\u00bb border_width_right_phone=\u00bb\u00bb border_width_right_last_edited=\u00bbon|desktop\u00bb global_colors_info=\u00bb{}\u00bb][\/et_pb_post_title][et_pb_text _builder_version=\u00bb4.22.2&#8243; _module_preset=\u00bbdefault\u00bb text_font_size=\u00bb17px\u00bb global_colors_info=\u00bb{}\u00bb]<\/p>\n<p style=\"text-align: justify;\">A Junta de Superintendentes Gerais elegeu o brasileiro Alessandro Polonio para o cargo de diretor regional da Am\u00e9rica do Sul, a partir de 21 de outubro de 2023.<\/p>\n<p style=\"text-align: justify;\">A Junta Geral da Igreja do Nazareno ratificou a elei\u00e7\u00e3o com um voto por e-mail coordenado por Gary W. Hartke, Secret\u00e1rio Geral; T. Scott Daniels, Superintendente Geral em Jurisdi\u00e7\u00e3o \u00a0para a Am\u00e9rica do Sul, e Verne S Ward III, Diretor de Miss\u00f5es Globais, lideraram em esp\u00edrito de ora\u00e7\u00e3o o processo de nomea\u00e7\u00e3o e elei\u00e7\u00e3o.<\/p>\n<p style=\"text-align: justify;\">Alessandro Polonio sucede a Christian Sarmiento, que foi eleito o 45.\u00ba superintendente geral da Igreja do Nazareno na Assembleia Geral e Conven\u00e7\u00f5es de 15 de junho de 2023.<\/p>\n<p style=\"text-align: justify;\">\u201cAlessandro Polonio serviu bem a igreja na Am\u00e9rica do Sul, tanto como mission\u00e1rio quanto como coordenador de estrat\u00e9gia de \u00e1rea\u201d, disse Daniels. \u201cNos lugares em que ele serviu, a igreja cresceu e prosperou. Ele e Cristiane s\u00e3o uma equipe de minist\u00e9rio incr\u00edvel, e ficou claro no processo de busca que Deus os tem preparado para esta temporada de lideran\u00e7a nesta importante regi\u00e3o.\u201d<\/p>\n<p style=\"text-align: justify;\">Deus liderou Polonio em v\u00e1rias fun\u00e7\u00f5es ministeriais na regi\u00e3o. Mais recentemente, atuou como Coordenador de Estrat\u00e9gia de \u00c1rea (CEA) para o Cone Sul desde 2019.<\/p>\n<p style=\"text-align: justify;\">Polonio pastoreou a Igreja do Nazareno de Sousas de 2000 a 2012 e serviu como mission\u00e1rio a partir de 2013 no Chile e na Argentina. Suas fun\u00e7\u00f5es inclu\u00edam a coordena\u00e7\u00e3o de desenvolvimento da igreja para o Chile, coordenador regional da MNI e superintendente distrital de Chile Los Lagos antes de assumir a fun\u00e7\u00e3o de CEA do Cone Sul. Ele possui um Bacharel em Teologia pelo Semin\u00e1rio Teol\u00f3gico Nazareno no Brasil, Bacharel em Economia pela Pontif\u00edcia Universidade Cat\u00f3lica de Campinas, Mestrado em Minist\u00e9rio e Lideran\u00e7a Pastoral pelo Semin\u00e1rio Teol\u00f3gico Nazareno no Cone Sul e Especializa\u00e7\u00e3o em Lideran\u00e7a pelo Instituto Haggai do Brasil. Polonio foi ordenado em 2009 em Campinas, Brasil.<\/p>\n<p style=\"text-align: justify;\">Polonio entregou sua vida a Cristo aos 19 anos na Igreja Central de Campinas, onde tamb\u00e9m foi chamado ao minist\u00e9rio. Ele conheceu Cristiane na igreja de Campinas e eles se casaram e tiveram suas filhas, Raquel e Sarah, enquanto frequentavam aquela igreja. Polonio diz: \u201cSempre senti um chamado para o trabalho mission\u00e1rio e, como pastores locais, apoiamos mission\u00e1rios e organizamos algumas viagens mission\u00e1rias de curto prazo. Em 2013, Deus usou o Dr. Sarmiento para nos convidar a servir como mission\u00e1rios no Chile. Ap\u00f3s 1 m\u00eas de intensa ora\u00e7\u00e3o, Deus confirmou esse chamado no meu cora\u00e7\u00e3o e no cora\u00e7\u00e3o da minha esposa tamb\u00e9m. Continuamos dispostos a servir a Deus e \u00e0 Sua Igreja onde quer que Ele nos envie e em qualquer posi\u00e7\u00e3o que seja necess\u00e1ria.\u201d<\/p>\n<p style=\"text-align: justify;\">O Diretor de Miss\u00f5es Globais, Verne Ward, disse: <em>\u00abSomos gratos pela lideran\u00e7a do Senhor na elei\u00e7\u00e3o do Rev. Polonio para este papel de lideran\u00e7a na miss\u00e3o da igreja. O Rev. Polonio \u00e9 um servo dedicado do Senhor, com dons e experi\u00eancia que contribuir\u00e3o muito para as miss\u00f5es na Am\u00e9rica do Sul e em todo o mundo. Ele e Cristiane servir\u00e3o com um cora\u00e7\u00e3o apaixonado pela igreja e por aqueles que ainda n\u00e3o conhecem Jesus como Salvador e Senhor.\u201d<\/em><\/p>\n<p style=\"text-align: justify;\"><em><strong>Fonte:<\/strong> Igreja do Nazareno<\/em><\/p>\n<p>[\/et_pb_text][\/et_pb_column][\/et_pb_row][et_pb_row _builder_version=\u00bb4.16&#8243; _module_preset=\u00bbdefault\u00bb width=\u00bb100%\u00bb global_colors_info=\u00bb{}\u00bb disabled_on=\u00bbon|on|on\u00bb disabled=\u00bbon\u00bb][et_pb_column type=\u00bb4_4&#8243; module_class=\u00bbcolLeft\u00bb _builder_version=\u00bb4.16&#8243; _module_preset=\u00bbdefault\u00bb custom_padding=\u00bb|50px|||false|false\u00bb custom_padding_tablet=\u00bb|20px||20px|false|true\u00bb custom_padding_phone=\u00bb\u00bb custom_padding_last_edited=\u00bbon|phone\u00bb border_color_all=\u00bb#e0e0e0&#8243; border_width_right_tablet=\u00bb0px\u00bb border_width_right_phone=\u00bb0px\u00bb border_width_right_last_edited=\u00bbon|desktop\u00bb global_colors_info=\u00bb{}\u00bb][et_pb_gallery posts_number=\u00bb8&#8243; show_title_and_caption=\u00bboff\u00bb zoom_icon_color=\u00bb#E02B20&#8243; hover_overlay_color=\u00bb#FFFFFF\u00bb hover_icon=\u00bb&#x54;||divi||400&#8243; _builder_version=\u00bb4.16&#8243; _module_preset=\u00bbdefault\u00bb title_font_size=\u00bb0px\u00bb width=\u00bb100%\u00bb module_alignment=\u00bbcenter\u00bb global_colors_info=\u00bb{}\u00bb][\/et_pb_gallery][\/et_pb_column][\/et_pb_row][\/et_pb_section]<\/p>\n<span class=\"et_bloom_bottom_trigger\"><\/span>","protected":false},"excerpt":{"rendered":"<p>CONTENIDO EN ESPA\u00d1OL<\/p>","protected":false},"author":4,"featured_media":44093,"comment_status":"open","ping_status":"open","sticky":false,"template":"","format":"standard","meta":{"_et_pb_use_builder":"on","_et_pb_old_content":"","_et_gb_content_width":"","_monsterinsights_skip_tracking":false,"_monsterinsights_sitenote_active":false,"_monsterinsights_sitenote_note":"","_monsterinsights_sitenote_category":0,"_vp_format_video_url":"","_vp_image_focal_point":[],"footnotes":""},"categories":[134],"tags":[],"class_list":["post-44087","post","type-post","status-publish","format-standard","has-post-thumbnail","hentry","category-america-del-sur"],"yoast_head":"<!-- This site is optimized with the Yoast SEO Premium plugin v23.6 (Yoast SEO v27.5) - https:\/\/yoast.com\/product\/yoast-seo-premium-wordpress\/ -->\n<title>La Junta de Superintendentes Generales elige nuevo director de la regi\u00f3n Am\u00e9rica del Sur | Iglesia del Nazareno Am\u00e9rica del Sur<\/title>\n<meta name=\"description\" content=\"Am\u00e9rica del Sur\" \/>\n<meta name=\"robots\" content=\"noindex, follow\" \/>\n<meta property=\"og:locale\" content=\"pt_BR\" \/>\n<meta property=\"og:type\" content=\"article\" \/>\n<meta property=\"og:title\" content=\"La Junta de Superintendentes Generales elige nuevo director de la regi\u00f3n Am\u00e9rica del Sur | Iglesia del Nazareno Am\u00e9rica del Sur\" \/>\n<meta property=\"og:description\" content=\"Am\u00e9rica del Sur\" \/>\n<meta property=\"og:url\" content=\"https:\/\/www.samnaz.org\/pt\/la-junta-de-superintendentes-generales-elige-nuevo-director-de-la-region-america-del-sur\/\" \/>\n<meta property=\"og:site_name\" content=\"Iglesia del Nazareno Am\u00e9rica del Sur\" \/>\n<meta property=\"article:publisher\" content=\"https:\/\/www.facebook.com\/NazarenoEsp\" \/>\n<meta property=\"article:published_time\" content=\"2023-09-29T14:24:17+00:00\" \/>\n<meta property=\"article:modified_time\" content=\"2023-09-29T14:44:34+00:00\" \/>\n<meta property=\"og:image\" content=\"https:\/\/www.samnaz.org\/wp-content\/uploads\/2023\/09\/Polonio.png\" \/>\n\t<meta property=\"og:image:width\" content=\"1800\" \/>\n\t<meta property=\"og:image:height\" content=\"960\" \/>\n\t<meta property=\"og:image:type\" content=\"image\/png\" \/>\n<meta name=\"author\" content=\"Samnaz\" \/>\n<meta name=\"twitter:card\" content=\"summary_large_image\" \/>\n<meta name=\"twitter:label1\" content=\"Escrito por\" \/>\n\t<meta name=\"twitter:data1\" content=\"Samnaz\" \/>\n\t<meta name=\"twitter:label2\" content=\"Est. tempo de leitura\" \/>\n\t<meta name=\"twitter:data2\" content=\"6 minutos\" \/>\n<script type=\"application\/ld+json\" class=\"yoast-schema-graph\">{\"@context\":\"https:\\\/\\\/schema.org\",\"@graph\":[{\"@type\":\"Article\",\"@id\":\"https:\\\/\\\/www.samnaz.org\\\/la-junta-de-superintendentes-generales-elige-nuevo-director-de-la-region-america-del-sur\\\/#article\",\"isPartOf\":{\"@id\":\"https:\\\/\\\/www.samnaz.org\\\/la-junta-de-superintendentes-generales-elige-nuevo-director-de-la-region-america-del-sur\\\/\"},\"author\":{\"name\":\"Samnaz\",\"@id\":\"https:\\\/\\\/www.samnaz.org\\\/#\\\/schema\\\/person\\\/c09d1131c49ba510c7e1cbb677b39927\"},\"headline\":\"La Junta de Superintendentes Generales elige nuevo director de la regi\u00f3n Am\u00e9rica del Sur\",\"datePublished\":\"2023-09-29T14:24:17+00:00\",\"dateModified\":\"2023-09-29T14:44:34+00:00\",\"mainEntityOfPage\":{\"@id\":\"https:\\\/\\\/www.samnaz.org\\\/la-junta-de-superintendentes-generales-elige-nuevo-director-de-la-region-america-del-sur\\\/\"},\"wordCount\":300,\"commentCount\":0,\"publisher\":{\"@id\":\"https:\\\/\\\/www.samnaz.org\\\/#organization\"},\"image\":{\"@id\":\"https:\\\/\\\/www.samnaz.org\\\/la-junta-de-superintendentes-generales-elige-nuevo-director-de-la-region-america-del-sur\\\/#primaryimage\"},\"thumbnailUrl\":\"https:\\\/\\\/www.samnaz.org\\\/wp-content\\\/uploads\\\/2023\\\/09\\\/Polonio.png\",\"articleSection\":[\"Am\u00e9rica del Sur\"],\"inLanguage\":\"pt-BR\",\"potentialAction\":[{\"@type\":\"CommentAction\",\"name\":\"Comment\",\"target\":[\"https:\\\/\\\/www.samnaz.org\\\/la-junta-de-superintendentes-generales-elige-nuevo-director-de-la-region-america-del-sur\\\/#respond\"]}]},{\"@type\":\"WebPage\",\"@id\":\"https:\\\/\\\/www.samnaz.org\\\/la-junta-de-superintendentes-generales-elige-nuevo-director-de-la-region-america-del-sur\\\/\",\"url\":\"https:\\\/\\\/www.samnaz.org\\\/la-junta-de-superintendentes-generales-elige-nuevo-director-de-la-region-america-del-sur\\\/\",\"name\":\"La Junta de Superintendentes Generales elige nuevo director de la regi\u00f3n Am\u00e9rica del Sur | Iglesia del Nazareno Am\u00e9rica del Sur\",\"isPartOf\":{\"@id\":\"https:\\\/\\\/www.samnaz.org\\\/#website\"},\"primaryImageOfPage\":{\"@id\":\"https:\\\/\\\/www.samnaz.org\\\/la-junta-de-superintendentes-generales-elige-nuevo-director-de-la-region-america-del-sur\\\/#primaryimage\"},\"image\":{\"@id\":\"https:\\\/\\\/www.samnaz.org\\\/la-junta-de-superintendentes-generales-elige-nuevo-director-de-la-region-america-del-sur\\\/#primaryimage\"},\"thumbnailUrl\":\"https:\\\/\\\/www.samnaz.org\\\/wp-content\\\/uploads\\\/2023\\\/09\\\/Polonio.png\",\"datePublished\":\"2023-09-29T14:24:17+00:00\",\"dateModified\":\"2023-09-29T14:44:34+00:00\",\"description\":\"Am\u00e9rica del Sur\",\"inLanguage\":\"pt-BR\",\"potentialAction\":[{\"@type\":\"ReadAction\",\"target\":[\"https:\\\/\\\/www.samnaz.org\\\/la-junta-de-superintendentes-generales-elige-nuevo-director-de-la-region-america-del-sur\\\/\"]}]},{\"@type\":\"ImageObject\",\"inLanguage\":\"pt-BR\",\"@id\":\"https:\\\/\\\/www.samnaz.org\\\/la-junta-de-superintendentes-generales-elige-nuevo-director-de-la-region-america-del-sur\\\/#primaryimage\",\"url\":\"https:\\\/\\\/www.samnaz.org\\\/wp-content\\\/uploads\\\/2023\\\/09\\\/Polonio.png\",\"contentUrl\":\"https:\\\/\\\/www.samnaz.org\\\/wp-content\\\/uploads\\\/2023\\\/09\\\/Polonio.png\",\"width\":1800,\"height\":960},{\"@type\":\"WebSite\",\"@id\":\"https:\\\/\\\/www.samnaz.org\\\/#website\",\"url\":\"https:\\\/\\\/www.samnaz.org\\\/\",\"name\":\"Haciendo Disc\u00edpulos Semejantes a Cristo en las naciones\",\"description\":\"Haciendo disc\u00edpulos semejantes a Cristo en las Naciones\",\"publisher\":{\"@id\":\"https:\\\/\\\/www.samnaz.org\\\/#organization\"},\"alternateName\":\"Viviendo la Gran Comisi\u00f3n\",\"potentialAction\":[{\"@type\":\"SearchAction\",\"target\":{\"@type\":\"EntryPoint\",\"urlTemplate\":\"https:\\\/\\\/www.samnaz.org\\\/?s={search_term_string}\"},\"query-input\":{\"@type\":\"PropertyValueSpecification\",\"valueRequired\":true,\"valueName\":\"search_term_string\"}}],\"inLanguage\":\"pt-BR\"},{\"@type\":\"Organization\",\"@id\":\"https:\\\/\\\/www.samnaz.org\\\/#organization\",\"name\":\"Iglesia del Nazareno Am\u00e9rica del Sur\",\"url\":\"https:\\\/\\\/www.samnaz.org\\\/\",\"logo\":{\"@type\":\"ImageObject\",\"inLanguage\":\"pt-BR\",\"@id\":\"https:\\\/\\\/www.samnaz.org\\\/#\\\/schema\\\/logo\\\/image\\\/\",\"url\":\"https:\\\/\\\/www.samnaz.org\\\/wp-content\\\/uploads\\\/2021\\\/04\\\/Logo-3-ESP.png\",\"contentUrl\":\"https:\\\/\\\/www.samnaz.org\\\/wp-content\\\/uploads\\\/2021\\\/04\\\/Logo-3-ESP.png\",\"width\":1041,\"height\":780,\"caption\":\"Iglesia del Nazareno Am\u00e9rica del Sur\"},\"image\":{\"@id\":\"https:\\\/\\\/www.samnaz.org\\\/#\\\/schema\\\/logo\\\/image\\\/\"},\"sameAs\":[\"https:\\\/\\\/www.facebook.com\\\/NazarenoEsp\",\"https:\\\/\\\/www.instagram.com\\\/nazarenoesp\\\/\"],\"publishingPrinciples\":\"https:\\\/\\\/www.samnaz.org\\\/\"},{\"@type\":\"Person\",\"@id\":\"https:\\\/\\\/www.samnaz.org\\\/#\\\/schema\\\/person\\\/c09d1131c49ba510c7e1cbb677b39927\",\"name\":\"Samnaz\",\"image\":{\"@type\":\"ImageObject\",\"inLanguage\":\"pt-BR\",\"@id\":\"https:\\\/\\\/secure.gravatar.com\\\/avatar\\\/a5baaf0e270319d09c0efce6a9dd03ff93175913c70afe26595c0069c83fa6dc?s=96&d=mm&r=g\",\"url\":\"https:\\\/\\\/secure.gravatar.com\\\/avatar\\\/a5baaf0e270319d09c0efce6a9dd03ff93175913c70afe26595c0069c83fa6dc?s=96&d=mm&r=g\",\"contentUrl\":\"https:\\\/\\\/secure.gravatar.com\\\/avatar\\\/a5baaf0e270319d09c0efce6a9dd03ff93175913c70afe26595c0069c83fa6dc?s=96&d=mm&r=g\",\"caption\":\"Samnaz\"}}]}<\/script>\n<!-- \/ Yoast SEO Premium plugin. -->","yoast_head_json":{"title":"La Junta de Superintendentes Generales elige nuevo director de la regi\u00f3n Am\u00e9rica del Sur | Iglesia del Nazareno Am\u00e9rica del Sur","description":"Am\u00e9rica del Sur","robots":{"index":"noindex","follow":"follow"},"og_locale":"pt_BR","og_type":"article","og_title":"La Junta de Superintendentes Generales elige nuevo director de la regi\u00f3n Am\u00e9rica del Sur | Iglesia del Nazareno Am\u00e9rica del Sur","og_description":"Am\u00e9rica del Sur","og_url":"https:\/\/www.samnaz.org\/pt\/la-junta-de-superintendentes-generales-elige-nuevo-director-de-la-region-america-del-sur\/","og_site_name":"Iglesia del Nazareno Am\u00e9rica del Sur","article_publisher":"https:\/\/www.facebook.com\/NazarenoEsp","article_published_time":"2023-09-29T14:24:17+00:00","article_modified_time":"2023-09-29T14:44:34+00:00","og_image":[{"width":1800,"height":960,"url":"https:\/\/www.samnaz.org\/wp-content\/uploads\/2023\/09\/Polonio.png","type":"image\/png"}],"author":"Samnaz","twitter_card":"summary_large_image","twitter_misc":{"Escrito por":"Samnaz","Est. tempo de leitura":"6 minutos"},"schema":{"@context":"https:\/\/schema.org","@graph":[{"@type":"Article","@id":"https:\/\/www.samnaz.org\/la-junta-de-superintendentes-generales-elige-nuevo-director-de-la-region-america-del-sur\/#article","isPartOf":{"@id":"https:\/\/www.samnaz.org\/la-junta-de-superintendentes-generales-elige-nuevo-director-de-la-region-america-del-sur\/"},"author":{"name":"Samnaz","@id":"https:\/\/www.samnaz.org\/#\/schema\/person\/c09d1131c49ba510c7e1cbb677b39927"},"headline":"La Junta de Superintendentes Generales elige nuevo director de la regi\u00f3n Am\u00e9rica del Sur","datePublished":"2023-09-29T14:24:17+00:00","dateModified":"2023-09-29T14:44:34+00:00","mainEntityOfPage":{"@id":"https:\/\/www.samnaz.org\/la-junta-de-superintendentes-generales-elige-nuevo-director-de-la-region-america-del-sur\/"},"wordCount":300,"commentCount":0,"publisher":{"@id":"https:\/\/www.samnaz.org\/#organization"},"image":{"@id":"https:\/\/www.samnaz.org\/la-junta-de-superintendentes-generales-elige-nuevo-director-de-la-region-america-del-sur\/#primaryimage"},"thumbnailUrl":"https:\/\/www.samnaz.org\/wp-content\/uploads\/2023\/09\/Polonio.png","articleSection":["Am\u00e9rica del Sur"],"inLanguage":"pt-BR","potentialAction":[{"@type":"CommentAction","name":"Comment","target":["https:\/\/www.samnaz.org\/la-junta-de-superintendentes-generales-elige-nuevo-director-de-la-region-america-del-sur\/#respond"]}]},{"@type":"WebPage","@id":"https:\/\/www.samnaz.org\/la-junta-de-superintendentes-generales-elige-nuevo-director-de-la-region-america-del-sur\/","url":"https:\/\/www.samnaz.org\/la-junta-de-superintendentes-generales-elige-nuevo-director-de-la-region-america-del-sur\/","name":"La Junta de Superintendentes Generales elige nuevo director de la regi\u00f3n Am\u00e9rica del Sur | Iglesia del Nazareno Am\u00e9rica del Sur","isPartOf":{"@id":"https:\/\/www.samnaz.org\/#website"},"primaryImageOfPage":{"@id":"https:\/\/www.samnaz.org\/la-junta-de-superintendentes-generales-elige-nuevo-director-de-la-region-america-del-sur\/#primaryimage"},"image":{"@id":"https:\/\/www.samnaz.org\/la-junta-de-superintendentes-generales-elige-nuevo-director-de-la-region-america-del-sur\/#primaryimage"},"thumbnailUrl":"https:\/\/www.samnaz.org\/wp-content\/uploads\/2023\/09\/Polonio.png","datePublished":"2023-09-29T14:24:17+00:00","dateModified":"2023-09-29T14:44:34+00:00","description":"Am\u00e9rica del Sur","inLanguage":"pt-BR","potentialAction":[{"@type":"ReadAction","target":["https:\/\/www.samnaz.org\/la-junta-de-superintendentes-generales-elige-nuevo-director-de-la-region-america-del-sur\/"]}]},{"@type":"ImageObject","inLanguage":"pt-BR","@id":"https:\/\/www.samnaz.org\/la-junta-de-superintendentes-generales-elige-nuevo-director-de-la-region-america-del-sur\/#primaryimage","url":"https:\/\/www.samnaz.org\/wp-content\/uploads\/2023\/09\/Polonio.png","contentUrl":"https:\/\/www.samnaz.org\/wp-content\/uploads\/2023\/09\/Polonio.png","width":1800,"height":960},{"@type":"WebSite","@id":"https:\/\/www.samnaz.org\/#website","url":"https:\/\/www.samnaz.org\/","name":"Haciendo Disc\u00edpulos Semejantes a Cristo en las naciones","description":"Haciendo disc\u00edpulos semejantes a Cristo en las Naciones","publisher":{"@id":"https:\/\/www.samnaz.org\/#organization"},"alternateName":"Viviendo la Gran Comisi\u00f3n","potentialAction":[{"@type":"SearchAction","target":{"@type":"EntryPoint","urlTemplate":"https:\/\/www.samnaz.org\/?s={search_term_string}"},"query-input":{"@type":"PropertyValueSpecification","valueRequired":true,"valueName":"search_term_string"}}],"inLanguage":"pt-BR"},{"@type":"Organization","@id":"https:\/\/www.samnaz.org\/#organization","name":"Iglesia del Nazareno Am\u00e9rica del Sur","url":"https:\/\/www.samnaz.org\/","logo":{"@type":"ImageObject","inLanguage":"pt-BR","@id":"https:\/\/www.samnaz.org\/#\/schema\/logo\/image\/","url":"https:\/\/www.samnaz.org\/wp-content\/uploads\/2021\/04\/Logo-3-ESP.png","contentUrl":"https:\/\/www.samnaz.org\/wp-content\/uploads\/2021\/04\/Logo-3-ESP.png","width":1041,"height":780,"caption":"Iglesia del Nazareno Am\u00e9rica del Sur"},"image":{"@id":"https:\/\/www.samnaz.org\/#\/schema\/logo\/image\/"},"sameAs":["https:\/\/www.facebook.com\/NazarenoEsp","https:\/\/www.instagram.com\/nazarenoesp\/"],"publishingPrinciples":"https:\/\/www.samnaz.org\/"},{"@type":"Person","@id":"https:\/\/www.samnaz.org\/#\/schema\/person\/c09d1131c49ba510c7e1cbb677b39927","name":"Samnaz","image":{"@type":"ImageObject","inLanguage":"pt-BR","@id":"https:\/\/secure.gravatar.com\/avatar\/a5baaf0e270319d09c0efce6a9dd03ff93175913c70afe26595c0069c83fa6dc?s=96&d=mm&r=g","url":"https:\/\/secure.gravatar.com\/avatar\/a5baaf0e270319d09c0efce6a9dd03ff93175913c70afe26595c0069c83fa6dc?s=96&d=mm&r=g","contentUrl":"https:\/\/secure.gravatar.com\/avatar\/a5baaf0e270319d09c0efce6a9dd03ff93175913c70afe26595c0069c83fa6dc?s=96&d=mm&r=g","caption":"Samnaz"}}]}},"_links":{"self":[{"href":"https:\/\/www.samnaz.org\/pt\/wp-json\/wp\/v2\/posts\/44087","targetHints":{"allow":["GET"]}}],"collection":[{"href":"https:\/\/www.samnaz.org\/pt\/wp-json\/wp\/v2\/posts"}],"about":[{"href":"https:\/\/www.samnaz.org\/pt\/wp-json\/wp\/v2\/types\/post"}],"author":[{"embeddable":true,"href":"https:\/\/www.samnaz.org\/pt\/wp-json\/wp\/v2\/users\/4"}],"replies":[{"embeddable":true,"href":"https:\/\/www.samnaz.org\/pt\/wp-json\/wp\/v2\/comments?post=44087"}],"version-history":[{"count":3,"href":"https:\/\/www.samnaz.org\/pt\/wp-json\/wp\/v2\/posts\/44087\/revisions"}],"predecessor-version":[{"id":44095,"href":"https:\/\/www.samnaz.org\/pt\/wp-json\/wp\/v2\/posts\/44087\/revisions\/44095"}],"wp:featuredmedia":[{"embeddable":true,"href":"https:\/\/www.samnaz.org\/pt\/wp-json\/wp\/v2\/media\/44093"}],"wp:attachment":[{"href":"https:\/\/www.samnaz.org\/pt\/wp-json\/wp\/v2\/media?parent=44087"}],"wp:term":[{"taxonomy":"category","embeddable":true,"href":"https:\/\/www.samnaz.org\/pt\/wp-json\/wp\/v2\/categories?post=44087"},{"taxonomy":"post_tag","embeddable":true,"href":"https:\/\/www.samnaz.org\/pt\/wp-json\/wp\/v2\/tags?post=44087"}],"curies":[{"name":"wp","href":"https:\/\/api.w.org\/{rel}","templated":true}]}}