{"id":44359,"date":"2023-11-09T23:19:23","date_gmt":"2023-11-10T02:19:23","guid":{"rendered":"https:\/\/www.samnaz.org\/?p=44359"},"modified":"2023-11-09T23:45:11","modified_gmt":"2023-11-10T02:45:11","slug":"reunion-del-rac-con-equipo-regional-en-america-del-sur","status":"publish","type":"post","link":"https:\/\/www.samnaz.org\/pt\/reunion-del-rac-con-equipo-regional-en-america-del-sur\/","title":{"rendered":"REUNI\u00c3O DO RAC COM EQUIPE REGIONAL NA AM\u00c9RICA DO SUL"},"content":{"rendered":"<p>[et_pb_section fb_built=\u00bb1&#8243; _builder_version=\u00bb4.16&#8243; _module_preset=\u00bbdefault\u00bb custom_padding=\u00bb0px||||false|false\u00bb global_colors_info=\u00bb{}\u00bb][et_pb_row disabled_on=\u00bbon|on|on\u00bb _builder_version=\u00bb4.16&#8243; _module_preset=\u00bbdefault\u00bb disabled=\u00bbon\u00bb global_colors_info=\u00bb{}\u00bb][et_pb_column type=\u00bb4_4&#8243; _builder_version=\u00bb4.16&#8243; _module_preset=\u00bbdefault\u00bb global_colors_info=\u00bb{}\u00bb][et_pb_text disabled_on=\u00bboff|off|off\u00bb _builder_version=\u00bb4.16&#8243; _module_preset=\u00bbdefault\u00bb text_text_color=\u00bb#0C71C3&#8243; text_font_size=\u00bb23px\u00bb text_orientation=\u00bbcenter\u00bb global_colors_info=\u00bb{}\u00bb]<\/p>\n<p>CONTENIDO EN ESPA\u00d1OL<\/p>\n<p>[\/et_pb_text][\/et_pb_column][\/et_pb_row][et_pb_row module_class=\u00bbespanol\u00bb _builder_version=\u00bb4.16&#8243; _module_preset=\u00bbdefault\u00bb width=\u00bb100%\u00bb global_colors_info=\u00bb{}\u00bb][et_pb_column type=\u00bb4_4&#8243; module_class=\u00bbcolLeft\u00bb _builder_version=\u00bb4.16&#8243; _module_preset=\u00bbdefault\u00bb custom_padding=\u00bb|50px|||false|false\u00bb custom_padding_tablet=\u00bb|20px||20px|false|true\u00bb custom_padding_phone=\u00bb\u00bb custom_padding_last_edited=\u00bbon|phone\u00bb border_color_all=\u00bb#e0e0e0&#8243; border_width_right_tablet=\u00bb0px\u00bb border_width_right_phone=\u00bb0px\u00bb border_width_right_last_edited=\u00bbon|desktop\u00bb global_colors_info=\u00bb{}\u00bb][et_pb_code admin_label=\u00bbCode\u00bb _builder_version=\u00bb4.16&#8243; _module_preset=\u00bbdefault\u00bb background_enable_color=\u00bboff\u00bb positioning=\u00bbabsolute\u00bb position_origin_a=\u00bbtop_right\u00bb vertical_offset=\u00bb10px\u00bb horizontal_offset=\u00bb50px\u00bb z_index=\u00bb137&#8243; vertical_offset_tablet=\u00bb\u00bb vertical_offset_phone=\u00bb-45px\u00bb vertical_offset_last_edited=\u00bbon|phone\u00bb horizontal_offset_tablet=\u00bb20px\u00bb horizontal_offset_phone=\u00bb\u00bb horizontal_offset_last_edited=\u00bbon|phone\u00bb position_origin_a_tablet=\u00bb\u00bb position_origin_a_phone=\u00bb\u00bb position_origin_a_last_edited=\u00bbon|desktop\u00bb position_origin_f_tablet=\u00bb\u00bb position_origin_f_phone=\u00bb\u00bb position_origin_f_last_edited=\u00bbon|desktop\u00bb position_origin_r_tablet=\u00bb\u00bb position_origin_r_phone=\u00bb\u00bb position_origin_r_last_edited=\u00bbon|desktop\u00bb text_orientation=\u00bbright\u00bb width=\u00bb160px\u00bb height=\u00bb30px\u00bb positioning_tablet=\u00bb\u00bb positioning_phone=\u00bb\u00bb positioning_last_edited=\u00bbon|desktop\u00bb global_colors_info=\u00bb{}\u00bb]<!-- AddToAny BEGIN --><!-- [et_pb_line_break_holder] --><a class=\"a2a_dd\" href=\"https:\/\/www.addtoany.com\/share\" style=\"background: black;<!-- [et_pb_line_break_holder] -->    font-size: 18px;<!-- [et_pb_line_break_holder] -->    color: white;<!-- [et_pb_line_break_holder] -->    padding: 10px;text-transform: uppercase;\u00bb><!-- [et_pb_line_break_holder] -->  <svg style=\"width: 20px;\" aria-hidden=\"true\" focusable=\"false\" data-prefix=\"fas\" data-icon=\"share-square\" role=\"img\" xmlns=\"http:\/\/www.w3.org\/2000\/svg\" viewbox=\"0 0 576 512\" data-fa-i2svg=\"\"><path fill=\"currentColor\" d=\"M568.482 177.448L424.479 313.433C409.3 327.768 384 317.14 384 295.985v-71.963c-144.575.97-205.566 35.113-164.775 171.353 4.483 14.973-12.846 26.567-25.006 17.33C155.252 383.105 120 326.488 120 269.339c0-143.937 117.599-172.5 264-173.312V24.012c0-21.174 25.317-31.768 40.479-17.448l144.003 135.988c10.02 9.463 10.028 25.425 0 34.896zM384 379.128V448H64V128h50.916a11.99 11.99 0 0 0 8.648-3.693c14.953-15.568 32.237-27.89 51.014-37.676C185.708 80.83 181.584 64 169.033 64H48C21.49 64 0 85.49 0 112v352c0 26.51 21.49 48 48 48h352c26.51 0 48-21.49 48-48v-88.806c0-8.288-8.197-14.066-16.011-11.302a71.83 71.83 0 0 1-34.189 3.377c-7.27-1.046-13.8 4.514-13.8 11.859z\"><\/path><\/svg><!-- [et_pb_line_break_holder] -->  COMPARTILHAR<!-- [et_pb_line_break_holder] --><\/a><!-- [et_pb_line_break_holder] --><script async src=\"https:\/\/static.addtoany.com\/menu\/page.js\"><\/script><!-- [et_pb_line_break_holder] --><!-- AddToAny END -->[\/et_pb_code][et_pb_text _builder_version=\u00bb4.23.1&#8243; _module_preset=\u00bbdefault\u00bb text_font=\u00bb|700|||||||\u00bb text_font_size=\u00bb25px\u00bb width=\u00bb78%\u00bb width_tablet=\u00bb\u00bb width_phone=\u00bb100%\u00bb width_last_edited=\u00bbon|phone\u00bb custom_margin=\u00bb||5px|||\u00bb global_colors_info=\u00bb{}\u00bb]<\/p>\n<p><strong>REUNI\u00c3O DO RAC COM EQUIPE REGIONAL NA AM\u00c9RICA DO SUL<\/strong><\/p>\n<p>[\/et_pb_text][et_pb_post_title title=\u00bboff\u00bb comments=\u00bboff\u00bb module_class=\u00bbtituloNoti\u00bb _builder_version=\u00bb4.16&#8243; _module_preset=\u00bbdefault\u00bb width_tablet=\u00bb\u00bb width_phone=\u00bb\u00bb width_last_edited=\u00bbon|phone\u00bb custom_padding=\u00bb|0px|||false|false\u00bb custom_padding_tablet=\u00bb|0px|||false|false\u00bb custom_padding_phone=\u00bb|0px|||false|false\u00bb custom_padding_last_edited=\u00bbon|phone\u00bb border_color_right=\u00bb#e8e8e8&#8243; border_width_right_tablet=\u00bb0px\u00bb border_width_right_phone=\u00bb\u00bb border_width_right_last_edited=\u00bbon|desktop\u00bb global_colors_info=\u00bb{}\u00bb][\/et_pb_post_title][et_pb_text _builder_version=\u00bb4.23.1&#8243; _module_preset=\u00bbdefault\u00bb text_font_size=\u00bb17px\u00bb global_colors_info=\u00bb{}\u00bb]<\/p>\n<p style=\"text-align: justify;\"><strong>(CNAS) <\/strong>Los d\u00edas del lunes lunes 30 de octubre al mi\u00e9rcoles 1 de noviembre se realizaron las reuniones del Concilio Consultivo Regional (RAC por sus siglas en ingl\u00e9s) de la regi\u00f3n Am\u00e9rica del Sur en la ciudad de Pilar, Argentina. En dicha reuni\u00f3n estuvieron presentes el Dr. Scott Daniels, superintendente general en jurisdicci\u00f3n de la regi\u00f3n; el Dr. Verne Ward, director de Misiones Globales; el Rev. Alessandro Polonio, director regional; los miembros electos del RAC, los CEA (coordinadores de estrategia de \u00e1rea), los CIM (coordinadores integrales de ministerio), y los CRM (coordinadores regionales de ministerio).<\/p>\n<p style=\"text-align: justify;\">Esta reuni\u00f3n fue la primera para los miembros del RAC que fueron elegidos durante la Asamblea General para los pr\u00f3ximos 4 a\u00f1os y tambi\u00e9n para el nuevo director regional para Am\u00e9rica del Sur, el Rev. Alessandro Polonio quien asumi\u00f3 su nueva posici\u00f3n el 21 de octubre.<\/p>\n<p style=\"text-align: justify;\">Fue un tiempo especial donde adem\u00e1s de rendir informes y planificar actividades futuras, se habl\u00f3 de la visi\u00f3n de la regi\u00f3n y las estrategias a seguir. Adem\u00e1s hubo un devocional cada d\u00eda: el d\u00eda lunes El Rev. Polonio habl\u00f3 de que todo l\u00edder debe tomar un descanso, basado en Juan 4:6 cuando Jes\u00fas se sent\u00f3 junto al pozo, y la pregunta de reflexi\u00f3n fue: \u00bfqu\u00e9 pozo tienes en tu vida donde hayas descanso?<\/p>\n<p style=\"text-align: justify;\">El d\u00eda martes, el Dr. Daniels habl\u00f3 de Eliseo cuando recibi\u00f3 la burla de los j\u00f3venes en II reyes 4:23-25, la reflexi\u00f3n fue: Dios lidia con nuestras situaciones y esas voces contrarias internas y externas.<\/p>\n<p style=\"text-align: justify;\">El mi\u00e9rcoles, el\u00a0Dr. Ward habl\u00f3 de los sufrimientos en el llamado. Estamos en un mundo que sufre y Cristo es la respuesta.<\/p>\n<p style=\"text-align: justify;\">Tambi\u00e9n los d\u00edas jueves y viernes se reunieron los l\u00edderes de la JNI de la regi\u00f3n con los CRM para planificar la conferencia regional de j\u00f3venes \u201cKaleo\u201d en 2024.<\/p>\n<p style=\"text-align: justify;\"><strong><em>Fonte<\/em><\/strong><em> Iglesia del Nazareno \u2013 Am\u00e9rica del Sur<\/em><\/p>\n<p>[\/et_pb_text][\/et_pb_column][\/et_pb_row][et_pb_row disabled_on=\u00bbon|on|on\u00bb _builder_version=\u00bb4.16&#8243; _module_preset=\u00bbdefault\u00bb disabled=\u00bbon\u00bb global_colors_info=\u00bb{}\u00bb][et_pb_column type=\u00bb4_4&#8243; _builder_version=\u00bb4.16&#8243; _module_preset=\u00bbdefault\u00bb global_colors_info=\u00bb{}\u00bb][et_pb_text disabled_on=\u00bboff|off|off\u00bb _builder_version=\u00bb4.16&#8243; _module_preset=\u00bbdefault\u00bb text_text_color=\u00bb#0C71C3&#8243; text_font_size=\u00bb23px\u00bb text_orientation=\u00bbcenter\u00bb global_colors_info=\u00bb{}\u00bb]<\/p>\n<p>CONTENIDO EN PORTUGUES<\/p>\n<p>[\/et_pb_text][\/et_pb_column][\/et_pb_row][et_pb_row module_class=\u00bbportugues\u00bb _builder_version=\u00bb4.16&#8243; _module_preset=\u00bbdefault\u00bb width=\u00bb100%\u00bb global_colors_info=\u00bb{}\u00bb][et_pb_column type=\u00bb4_4&#8243; module_class=\u00bbcolLeft\u00bb _builder_version=\u00bb4.16&#8243; _module_preset=\u00bbdefault\u00bb custom_padding=\u00bb|50px|||false|false\u00bb custom_padding_tablet=\u00bb|20px||20px|false|true\u00bb custom_padding_phone=\u00bb\u00bb custom_padding_last_edited=\u00bbon|phone\u00bb border_color_all=\u00bb#e0e0e0&#8243; border_width_right_tablet=\u00bb0px\u00bb border_width_right_phone=\u00bb0px\u00bb border_width_right_last_edited=\u00bbon|desktop\u00bb global_colors_info=\u00bb{}\u00bb][et_pb_code admin_label=\u00bbCode\u00bb _builder_version=\u00bb4.16&#8243; _module_preset=\u00bbdefault\u00bb background_enable_color=\u00bboff\u00bb positioning=\u00bbabsolute\u00bb position_origin_a=\u00bbtop_right\u00bb vertical_offset=\u00bb10px\u00bb horizontal_offset=\u00bb50px\u00bb z_index=\u00bb137&#8243; vertical_offset_tablet=\u00bb\u00bb vertical_offset_phone=\u00bb-45px\u00bb vertical_offset_last_edited=\u00bbon|phone\u00bb horizontal_offset_tablet=\u00bb20px\u00bb horizontal_offset_phone=\u00bb\u00bb horizontal_offset_last_edited=\u00bbon|phone\u00bb position_origin_a_tablet=\u00bb\u00bb position_origin_a_phone=\u00bb\u00bb position_origin_a_last_edited=\u00bbon|desktop\u00bb position_origin_f_tablet=\u00bb\u00bb position_origin_f_phone=\u00bb\u00bb position_origin_f_last_edited=\u00bbon|desktop\u00bb position_origin_r_tablet=\u00bb\u00bb position_origin_r_phone=\u00bb\u00bb position_origin_r_last_edited=\u00bbon|desktop\u00bb text_orientation=\u00bbright\u00bb width=\u00bb190px\u00bb height=\u00bb30px\u00bb positioning_tablet=\u00bb\u00bb positioning_phone=\u00bb\u00bb positioning_last_edited=\u00bbon|desktop\u00bb global_colors_info=\u00bb{}\u00bb]<!-- AddToAny BEGIN --><!-- [et_pb_line_break_holder] --><a class=\"a2a_dd\" href=\"https:\/\/www.addtoany.com\/share\" style=\"background: black;<!-- [et_pb_line_break_holder] -->    font-size: 18px;<!-- [et_pb_line_break_holder] -->    color: white;<!-- [et_pb_line_break_holder] -->    padding: 10px;text-transform: uppercase;\u00bb><!-- [et_pb_line_break_holder] -->  <svg style=\"width: 20px;\" aria-hidden=\"true\" focusable=\"false\" data-prefix=\"fas\" data-icon=\"share-square\" role=\"img\" xmlns=\"http:\/\/www.w3.org\/2000\/svg\" viewbox=\"0 0 576 512\" data-fa-i2svg=\"\"><path fill=\"currentColor\" d=\"M568.482 177.448L424.479 313.433C409.3 327.768 384 317.14 384 295.985v-71.963c-144.575.97-205.566 35.113-164.775 171.353 4.483 14.973-12.846 26.567-25.006 17.33C155.252 383.105 120 326.488 120 269.339c0-143.937 117.599-172.5 264-173.312V24.012c0-21.174 25.317-31.768 40.479-17.448l144.003 135.988c10.02 9.463 10.028 25.425 0 34.896zM384 379.128V448H64V128h50.916a11.99 11.99 0 0 0 8.648-3.693c14.953-15.568 32.237-27.89 51.014-37.676C185.708 80.83 181.584 64 169.033 64H48C21.49 64 0 85.49 0 112v352c0 26.51 21.49 48 48 48h352c26.51 0 48-21.49 48-48v-88.806c0-8.288-8.197-14.066-16.011-11.302a71.83 71.83 0 0 1-34.189 3.377c-7.27-1.046-13.8 4.514-13.8 11.859z\"><\/path><\/svg><!-- [et_pb_line_break_holder] -->  Compartilhar<!-- [et_pb_line_break_holder] --><\/a><!-- [et_pb_line_break_holder] --><script async src=\"https:\/\/static.addtoany.com\/menu\/page.js\"><\/script><!-- [et_pb_line_break_holder] --><!-- AddToAny END -->[\/et_pb_code][et_pb_text _builder_version=\u00bb4.23.1&#8243; _module_preset=\u00bbdefault\u00bb text_font=\u00bb|700|||||||\u00bb text_font_size=\u00bb25px\u00bb width=\u00bb78%\u00bb width_tablet=\u00bb\u00bb width_phone=\u00bb100%\u00bb width_last_edited=\u00bbon|phone\u00bb custom_margin=\u00bb||5px|||\u00bb global_colors_info=\u00bb{}\u00bb]<\/p>\n<p><strong>REUNI\u00c3O DO RAC COM EQUIPE REGIONAL NA AM\u00c9RICA DO SUL<\/strong><\/p>\n<p>[\/et_pb_text][et_pb_post_title title=\u00bboff\u00bb comments=\u00bboff\u00bb module_class=\u00bbtituloNoti\u00bb _builder_version=\u00bb4.16&#8243; _module_preset=\u00bbdefault\u00bb width_tablet=\u00bb\u00bb width_phone=\u00bb\u00bb width_last_edited=\u00bbon|phone\u00bb custom_padding=\u00bb|0px|||false|false\u00bb custom_padding_tablet=\u00bb|0px|||false|false\u00bb custom_padding_phone=\u00bb|0px|||false|false\u00bb custom_padding_last_edited=\u00bbon|phone\u00bb border_color_right=\u00bb#e8e8e8&#8243; border_width_right_tablet=\u00bb0px\u00bb border_width_right_phone=\u00bb\u00bb border_width_right_last_edited=\u00bbon|desktop\u00bb global_colors_info=\u00bb{}\u00bb][\/et_pb_post_title][et_pb_text _builder_version=\u00bb4.23.1&#8243; _module_preset=\u00bbdefault\u00bb text_font_size=\u00bb17px\u00bb global_colors_info=\u00bb{}\u00bb]<\/p>\n<p style=\"text-align: justify;\"><strong>(CNAS<\/strong>) De segunda-feira, 30 de outubro a quarta-feira, 1\u00ba de novembro, as reuni\u00f5es do Conselho Consultivo Regional (RAC) da regi\u00e3o da Am\u00e9rica do Sul foram realizadas na cidade de Pilar, Argentina. Estiveram presentes na reuni\u00e3o o Dr. Scott Daniels, superintendente geral na jurisdi\u00e7\u00e3o para a regi\u00e3o; Dr. Verne Ward, Diretor de Miss\u00f5es Globais; Rev. Alessandro Polonio, diretor regional; membros eleitos do RAC, dos CEAs (Coordenadores de Estrat\u00e9gia de \u00c1rea), dos CIMs (Coordenadores Ministeriais Integrais) e dos RCMs (Coordenadores Regionais de Minist\u00e9rios).<\/p>\n<p style=\"text-align: justify;\">Esta reuni\u00e3o foi a primeira para os membros do RAC que foram eleitos durante a Assembleia Geral para os pr\u00f3ximos 4 anos e tamb\u00e9m para o novo diretor regional para a Am\u00e9rica do Sul, Rev. Alessandro Polonio que assumiu seu novo cargo em 21 de outubro.<\/p>\n<p style=\"text-align: justify;\">Foi um momento especial onde, al\u00e9m de relatar e planejar as atividades futuras, foram discutidas a vis\u00e3o da regi\u00e3o e as estrat\u00e9gias a serem seguidas. Al\u00e9m disso, havia um devocional todos os dias: na segunda-feira, o Rev. Pol\u00f4nio falou de como todo l\u00edder deveria fazer uma pausa, com base em Jo\u00e3o 4:6, quando Jesus se sentou ao lado do po\u00e7o, e a pergunta de reflex\u00e3o foi: o que bem voc\u00ea tem em sua vida onde voc\u00ea tem descanso?<\/p>\n<p style=\"text-align: justify;\">Na ter\u00e7a-feira, o Dr. Daniels falou de Eliseu sendo zombado pelos rapazes em II Reis 4:23-25, a reflex\u00e3o foi: Deus lida com nossas situa\u00e7\u00f5es e com aquelas vozes internas e externas opostas.<\/p>\n<p style=\"text-align: justify;\">Na quarta-feira, o Dr. Ward falou dos sofrimentos na chamado. Estamos em um mundo sofrido e Cristo \u00e9 a resposta.<\/p>\n<p style=\"text-align: justify;\">Tamb\u00e9m na quinta e sexta-feira, os l\u00edderes do NYI da regi\u00e3o se reuniram com os RCMs para planejar a confer\u00eancia regional de juventude \u00abKaleo\u00bb em 2024.<\/p>\n<p style=\"text-align: justify;\"><strong><em>Fonte:<\/em><\/strong><em> Igreja do Nazareno \u2013 Am\u00e9rica do Sul<\/em><\/p>\n<p>[\/et_pb_text][\/et_pb_column][\/et_pb_row][et_pb_row _builder_version=\u00bb4.16&#8243; _module_preset=\u00bbdefault\u00bb width=\u00bb100%\u00bb global_colors_info=\u00bb{}\u00bb][et_pb_column type=\u00bb4_4&#8243; module_class=\u00bbcolLeft\u00bb _builder_version=\u00bb4.16&#8243; _module_preset=\u00bbdefault\u00bb custom_padding=\u00bb|50px|||false|false\u00bb custom_padding_tablet=\u00bb|20px||20px|false|true\u00bb custom_padding_phone=\u00bb\u00bb custom_padding_last_edited=\u00bbon|phone\u00bb border_color_all=\u00bb#e0e0e0&#8243; border_width_right_tablet=\u00bb0px\u00bb border_width_right_phone=\u00bb0px\u00bb border_width_right_last_edited=\u00bbon|desktop\u00bb global_colors_info=\u00bb{}\u00bb][et_pb_gallery gallery_ids=\u00bb44368,44369,44370,44371&#8243; posts_number=\u00bb8&#8243; show_title_and_caption=\u00bboff\u00bb zoom_icon_color=\u00bb#E02B20&#8243; hover_overlay_color=\u00bb#FFFFFF\u00bb hover_icon=\u00bb&#x54;||divi||400&#8243; _builder_version=\u00bb4.23.1&#8243; _module_preset=\u00bbdefault\u00bb title_font_size=\u00bb0px\u00bb width=\u00bb100%\u00bb module_alignment=\u00bbcenter\u00bb global_colors_info=\u00bb{}\u00bb][\/et_pb_gallery][\/et_pb_column][\/et_pb_row][\/et_pb_section]<\/p>\n<span class=\"et_bloom_bottom_trigger\"><\/span>","protected":false},"excerpt":{"rendered":"<p>CONTENIDO EN ESPA\u00d1OL<\/p>","protected":false},"author":4,"featured_media":44362,"comment_status":"open","ping_status":"open","sticky":false,"template":"","format":"standard","meta":{"_et_pb_use_builder":"on","_et_pb_old_content":"","_et_gb_content_width":"","_monsterinsights_skip_tracking":false,"_monsterinsights_sitenote_active":false,"_monsterinsights_sitenote_note":"","_monsterinsights_sitenote_category":0,"_vp_format_video_url":"","_vp_image_focal_point":[],"footnotes":""},"categories":[134],"tags":[],"class_list":["post-44359","post","type-post","status-publish","format-standard","has-post-thumbnail","hentry","category-america-del-sur"],"yoast_head":"<!-- This site is optimized with the Yoast SEO Premium plugin v23.6 (Yoast SEO v27.5) - https:\/\/yoast.com\/product\/yoast-seo-premium-wordpress\/ -->\n<title>REUNI\u00d3N DEL RAC CON EQUIPO REGIONAL EN AM\u00c9RICA DEL SUR | Iglesia del Nazareno Am\u00e9rica del Sur Concilio Consultivo Regional<\/title>\n<meta name=\"description\" content=\"REUNI\u00d3N DEL RAC CON EQUIPO REGIONAL EN AM\u00c9RICA DEL SUR, Iglesia del Nazareno Am\u00e9rica del sur, Ministerios, Concilio Consultivo Regional\" \/>\n<meta name=\"robots\" content=\"noindex, follow\" \/>\n<meta property=\"og:locale\" content=\"pt_BR\" \/>\n<meta property=\"og:type\" content=\"article\" \/>\n<meta property=\"og:title\" content=\"REUNI\u00d3N DEL RAC CON EQUIPO REGIONAL EN AM\u00c9RICA DEL SUR | Iglesia del Nazareno Am\u00e9rica del Sur Concilio Consultivo Regional\" \/>\n<meta property=\"og:description\" content=\"REUNI\u00d3N DEL RAC CON EQUIPO REGIONAL EN AM\u00c9RICA DEL SUR, Iglesia del Nazareno Am\u00e9rica del sur, Ministerios, Concilio Consultivo Regional\" \/>\n<meta property=\"og:url\" content=\"https:\/\/www.samnaz.org\/pt\/reunion-del-rac-con-equipo-regional-en-america-del-sur\/\" \/>\n<meta property=\"og:site_name\" content=\"Iglesia del Nazareno Am\u00e9rica del Sur\" \/>\n<meta property=\"article:publisher\" content=\"https:\/\/www.facebook.com\/NazarenoEsp\" \/>\n<meta property=\"article:published_time\" content=\"2023-11-10T02:19:23+00:00\" \/>\n<meta property=\"article:modified_time\" content=\"2023-11-10T02:45:11+00:00\" \/>\n<meta property=\"og:image\" content=\"https:\/\/www.samnaz.org\/wp-content\/uploads\/2023\/11\/RAC-2023.jpg\" \/>\n\t<meta property=\"og:image:width\" content=\"1920\" \/>\n\t<meta property=\"og:image:height\" content=\"1275\" \/>\n\t<meta property=\"og:image:type\" content=\"image\/jpeg\" \/>\n<meta name=\"author\" content=\"Samnaz\" \/>\n<meta name=\"twitter:card\" content=\"summary_large_image\" \/>\n<meta name=\"twitter:label1\" content=\"Escrito por\" \/>\n\t<meta name=\"twitter:data1\" content=\"Samnaz\" \/>\n\t<meta name=\"twitter:label2\" content=\"Est. tempo de leitura\" \/>\n\t<meta name=\"twitter:data2\" content=\"5 minutos\" \/>\n<script type=\"application\/ld+json\" class=\"yoast-schema-graph\">{\"@context\":\"https:\\\/\\\/schema.org\",\"@graph\":[{\"@type\":\"Article\",\"@id\":\"https:\\\/\\\/www.samnaz.org\\\/reunion-del-rac-con-equipo-regional-en-america-del-sur\\\/#article\",\"isPartOf\":{\"@id\":\"https:\\\/\\\/www.samnaz.org\\\/reunion-del-rac-con-equipo-regional-en-america-del-sur\\\/\"},\"author\":{\"name\":\"Samnaz\",\"@id\":\"https:\\\/\\\/www.samnaz.org\\\/#\\\/schema\\\/person\\\/c09d1131c49ba510c7e1cbb677b39927\"},\"headline\":\"REUNI\u00d3N DEL RAC CON EQUIPO REGIONAL EN AM\u00c9RICA DEL SUR\",\"datePublished\":\"2023-11-10T02:19:23+00:00\",\"dateModified\":\"2023-11-10T02:45:11+00:00\",\"mainEntityOfPage\":{\"@id\":\"https:\\\/\\\/www.samnaz.org\\\/reunion-del-rac-con-equipo-regional-en-america-del-sur\\\/\"},\"wordCount\":296,\"commentCount\":0,\"publisher\":{\"@id\":\"https:\\\/\\\/www.samnaz.org\\\/#organization\"},\"image\":{\"@id\":\"https:\\\/\\\/www.samnaz.org\\\/reunion-del-rac-con-equipo-regional-en-america-del-sur\\\/#primaryimage\"},\"thumbnailUrl\":\"https:\\\/\\\/www.samnaz.org\\\/wp-content\\\/uploads\\\/2023\\\/11\\\/RAC-2023.jpg\",\"articleSection\":[\"Am\u00e9rica del Sur\"],\"inLanguage\":\"pt-BR\",\"potentialAction\":[{\"@type\":\"CommentAction\",\"name\":\"Comment\",\"target\":[\"https:\\\/\\\/www.samnaz.org\\\/reunion-del-rac-con-equipo-regional-en-america-del-sur\\\/#respond\"]}]},{\"@type\":\"WebPage\",\"@id\":\"https:\\\/\\\/www.samnaz.org\\\/reunion-del-rac-con-equipo-regional-en-america-del-sur\\\/\",\"url\":\"https:\\\/\\\/www.samnaz.org\\\/reunion-del-rac-con-equipo-regional-en-america-del-sur\\\/\",\"name\":\"REUNI\u00d3N DEL RAC CON EQUIPO REGIONAL EN AM\u00c9RICA DEL SUR | Iglesia del Nazareno Am\u00e9rica del Sur Concilio Consultivo Regional\",\"isPartOf\":{\"@id\":\"https:\\\/\\\/www.samnaz.org\\\/#website\"},\"primaryImageOfPage\":{\"@id\":\"https:\\\/\\\/www.samnaz.org\\\/reunion-del-rac-con-equipo-regional-en-america-del-sur\\\/#primaryimage\"},\"image\":{\"@id\":\"https:\\\/\\\/www.samnaz.org\\\/reunion-del-rac-con-equipo-regional-en-america-del-sur\\\/#primaryimage\"},\"thumbnailUrl\":\"https:\\\/\\\/www.samnaz.org\\\/wp-content\\\/uploads\\\/2023\\\/11\\\/RAC-2023.jpg\",\"datePublished\":\"2023-11-10T02:19:23+00:00\",\"dateModified\":\"2023-11-10T02:45:11+00:00\",\"description\":\"REUNI\u00d3N DEL RAC CON EQUIPO REGIONAL EN AM\u00c9RICA DEL SUR, Iglesia del Nazareno Am\u00e9rica del sur, Ministerios, Concilio Consultivo Regional\",\"inLanguage\":\"pt-BR\",\"potentialAction\":[{\"@type\":\"ReadAction\",\"target\":[\"https:\\\/\\\/www.samnaz.org\\\/reunion-del-rac-con-equipo-regional-en-america-del-sur\\\/\"]}]},{\"@type\":\"ImageObject\",\"inLanguage\":\"pt-BR\",\"@id\":\"https:\\\/\\\/www.samnaz.org\\\/reunion-del-rac-con-equipo-regional-en-america-del-sur\\\/#primaryimage\",\"url\":\"https:\\\/\\\/www.samnaz.org\\\/wp-content\\\/uploads\\\/2023\\\/11\\\/RAC-2023.jpg\",\"contentUrl\":\"https:\\\/\\\/www.samnaz.org\\\/wp-content\\\/uploads\\\/2023\\\/11\\\/RAC-2023.jpg\",\"width\":1920,\"height\":1275},{\"@type\":\"WebSite\",\"@id\":\"https:\\\/\\\/www.samnaz.org\\\/#website\",\"url\":\"https:\\\/\\\/www.samnaz.org\\\/\",\"name\":\"Haciendo Disc\u00edpulos Semejantes a Cristo en las naciones\",\"description\":\"Haciendo disc\u00edpulos semejantes a Cristo en las Naciones\",\"publisher\":{\"@id\":\"https:\\\/\\\/www.samnaz.org\\\/#organization\"},\"alternateName\":\"Viviendo la Gran Comisi\u00f3n\",\"potentialAction\":[{\"@type\":\"SearchAction\",\"target\":{\"@type\":\"EntryPoint\",\"urlTemplate\":\"https:\\\/\\\/www.samnaz.org\\\/?s={search_term_string}\"},\"query-input\":{\"@type\":\"PropertyValueSpecification\",\"valueRequired\":true,\"valueName\":\"search_term_string\"}}],\"inLanguage\":\"pt-BR\"},{\"@type\":\"Organization\",\"@id\":\"https:\\\/\\\/www.samnaz.org\\\/#organization\",\"name\":\"Iglesia del Nazareno Am\u00e9rica del Sur\",\"url\":\"https:\\\/\\\/www.samnaz.org\\\/\",\"logo\":{\"@type\":\"ImageObject\",\"inLanguage\":\"pt-BR\",\"@id\":\"https:\\\/\\\/www.samnaz.org\\\/#\\\/schema\\\/logo\\\/image\\\/\",\"url\":\"https:\\\/\\\/www.samnaz.org\\\/wp-content\\\/uploads\\\/2021\\\/04\\\/Logo-3-ESP.png\",\"contentUrl\":\"https:\\\/\\\/www.samnaz.org\\\/wp-content\\\/uploads\\\/2021\\\/04\\\/Logo-3-ESP.png\",\"width\":1041,\"height\":780,\"caption\":\"Iglesia del Nazareno Am\u00e9rica del Sur\"},\"image\":{\"@id\":\"https:\\\/\\\/www.samnaz.org\\\/#\\\/schema\\\/logo\\\/image\\\/\"},\"sameAs\":[\"https:\\\/\\\/www.facebook.com\\\/NazarenoEsp\",\"https:\\\/\\\/www.instagram.com\\\/nazarenoesp\\\/\"],\"publishingPrinciples\":\"https:\\\/\\\/www.samnaz.org\\\/\"},{\"@type\":\"Person\",\"@id\":\"https:\\\/\\\/www.samnaz.org\\\/#\\\/schema\\\/person\\\/c09d1131c49ba510c7e1cbb677b39927\",\"name\":\"Samnaz\",\"image\":{\"@type\":\"ImageObject\",\"inLanguage\":\"pt-BR\",\"@id\":\"https:\\\/\\\/secure.gravatar.com\\\/avatar\\\/a5baaf0e270319d09c0efce6a9dd03ff93175913c70afe26595c0069c83fa6dc?s=96&d=mm&r=g\",\"url\":\"https:\\\/\\\/secure.gravatar.com\\\/avatar\\\/a5baaf0e270319d09c0efce6a9dd03ff93175913c70afe26595c0069c83fa6dc?s=96&d=mm&r=g\",\"contentUrl\":\"https:\\\/\\\/secure.gravatar.com\\\/avatar\\\/a5baaf0e270319d09c0efce6a9dd03ff93175913c70afe26595c0069c83fa6dc?s=96&d=mm&r=g\",\"caption\":\"Samnaz\"}}]}<\/script>\n<!-- \/ Yoast SEO Premium plugin. -->","yoast_head_json":{"title":"REUNI\u00d3N DEL RAC CON EQUIPO REGIONAL EN AM\u00c9RICA DEL SUR | Iglesia del Nazareno Am\u00e9rica del Sur Concilio Consultivo Regional","description":"REUNI\u00d3N DEL RAC CON EQUIPO REGIONAL EN AM\u00c9RICA DEL SUR, Iglesia del Nazareno Am\u00e9rica del sur, Ministerios, Concilio Consultivo Regional","robots":{"index":"noindex","follow":"follow"},"og_locale":"pt_BR","og_type":"article","og_title":"REUNI\u00d3N DEL RAC CON EQUIPO REGIONAL EN AM\u00c9RICA DEL SUR | Iglesia del Nazareno Am\u00e9rica del Sur Concilio Consultivo Regional","og_description":"REUNI\u00d3N DEL RAC CON EQUIPO REGIONAL EN AM\u00c9RICA DEL SUR, Iglesia del Nazareno Am\u00e9rica del sur, Ministerios, Concilio Consultivo Regional","og_url":"https:\/\/www.samnaz.org\/pt\/reunion-del-rac-con-equipo-regional-en-america-del-sur\/","og_site_name":"Iglesia del Nazareno Am\u00e9rica del Sur","article_publisher":"https:\/\/www.facebook.com\/NazarenoEsp","article_published_time":"2023-11-10T02:19:23+00:00","article_modified_time":"2023-11-10T02:45:11+00:00","og_image":[{"width":1920,"height":1275,"url":"https:\/\/www.samnaz.org\/wp-content\/uploads\/2023\/11\/RAC-2023.jpg","type":"image\/jpeg"}],"author":"Samnaz","twitter_card":"summary_large_image","twitter_misc":{"Escrito por":"Samnaz","Est. tempo de leitura":"5 minutos"},"schema":{"@context":"https:\/\/schema.org","@graph":[{"@type":"Article","@id":"https:\/\/www.samnaz.org\/reunion-del-rac-con-equipo-regional-en-america-del-sur\/#article","isPartOf":{"@id":"https:\/\/www.samnaz.org\/reunion-del-rac-con-equipo-regional-en-america-del-sur\/"},"author":{"name":"Samnaz","@id":"https:\/\/www.samnaz.org\/#\/schema\/person\/c09d1131c49ba510c7e1cbb677b39927"},"headline":"REUNI\u00d3N DEL RAC CON EQUIPO REGIONAL EN AM\u00c9RICA DEL SUR","datePublished":"2023-11-10T02:19:23+00:00","dateModified":"2023-11-10T02:45:11+00:00","mainEntityOfPage":{"@id":"https:\/\/www.samnaz.org\/reunion-del-rac-con-equipo-regional-en-america-del-sur\/"},"wordCount":296,"commentCount":0,"publisher":{"@id":"https:\/\/www.samnaz.org\/#organization"},"image":{"@id":"https:\/\/www.samnaz.org\/reunion-del-rac-con-equipo-regional-en-america-del-sur\/#primaryimage"},"thumbnailUrl":"https:\/\/www.samnaz.org\/wp-content\/uploads\/2023\/11\/RAC-2023.jpg","articleSection":["Am\u00e9rica del Sur"],"inLanguage":"pt-BR","potentialAction":[{"@type":"CommentAction","name":"Comment","target":["https:\/\/www.samnaz.org\/reunion-del-rac-con-equipo-regional-en-america-del-sur\/#respond"]}]},{"@type":"WebPage","@id":"https:\/\/www.samnaz.org\/reunion-del-rac-con-equipo-regional-en-america-del-sur\/","url":"https:\/\/www.samnaz.org\/reunion-del-rac-con-equipo-regional-en-america-del-sur\/","name":"REUNI\u00d3N DEL RAC CON EQUIPO REGIONAL EN AM\u00c9RICA DEL SUR | Iglesia del Nazareno Am\u00e9rica del Sur Concilio Consultivo Regional","isPartOf":{"@id":"https:\/\/www.samnaz.org\/#website"},"primaryImageOfPage":{"@id":"https:\/\/www.samnaz.org\/reunion-del-rac-con-equipo-regional-en-america-del-sur\/#primaryimage"},"image":{"@id":"https:\/\/www.samnaz.org\/reunion-del-rac-con-equipo-regional-en-america-del-sur\/#primaryimage"},"thumbnailUrl":"https:\/\/www.samnaz.org\/wp-content\/uploads\/2023\/11\/RAC-2023.jpg","datePublished":"2023-11-10T02:19:23+00:00","dateModified":"2023-11-10T02:45:11+00:00","description":"REUNI\u00d3N DEL RAC CON EQUIPO REGIONAL EN AM\u00c9RICA DEL SUR, Iglesia del Nazareno Am\u00e9rica del sur, Ministerios, Concilio Consultivo Regional","inLanguage":"pt-BR","potentialAction":[{"@type":"ReadAction","target":["https:\/\/www.samnaz.org\/reunion-del-rac-con-equipo-regional-en-america-del-sur\/"]}]},{"@type":"ImageObject","inLanguage":"pt-BR","@id":"https:\/\/www.samnaz.org\/reunion-del-rac-con-equipo-regional-en-america-del-sur\/#primaryimage","url":"https:\/\/www.samnaz.org\/wp-content\/uploads\/2023\/11\/RAC-2023.jpg","contentUrl":"https:\/\/www.samnaz.org\/wp-content\/uploads\/2023\/11\/RAC-2023.jpg","width":1920,"height":1275},{"@type":"WebSite","@id":"https:\/\/www.samnaz.org\/#website","url":"https:\/\/www.samnaz.org\/","name":"Haciendo Disc\u00edpulos Semejantes a Cristo en las naciones","description":"Haciendo disc\u00edpulos semejantes a Cristo en las Naciones","publisher":{"@id":"https:\/\/www.samnaz.org\/#organization"},"alternateName":"Viviendo la Gran Comisi\u00f3n","potentialAction":[{"@type":"SearchAction","target":{"@type":"EntryPoint","urlTemplate":"https:\/\/www.samnaz.org\/?s={search_term_string}"},"query-input":{"@type":"PropertyValueSpecification","valueRequired":true,"valueName":"search_term_string"}}],"inLanguage":"pt-BR"},{"@type":"Organization","@id":"https:\/\/www.samnaz.org\/#organization","name":"Iglesia del Nazareno Am\u00e9rica del Sur","url":"https:\/\/www.samnaz.org\/","logo":{"@type":"ImageObject","inLanguage":"pt-BR","@id":"https:\/\/www.samnaz.org\/#\/schema\/logo\/image\/","url":"https:\/\/www.samnaz.org\/wp-content\/uploads\/2021\/04\/Logo-3-ESP.png","contentUrl":"https:\/\/www.samnaz.org\/wp-content\/uploads\/2021\/04\/Logo-3-ESP.png","width":1041,"height":780,"caption":"Iglesia del Nazareno Am\u00e9rica del Sur"},"image":{"@id":"https:\/\/www.samnaz.org\/#\/schema\/logo\/image\/"},"sameAs":["https:\/\/www.facebook.com\/NazarenoEsp","https:\/\/www.instagram.com\/nazarenoesp\/"],"publishingPrinciples":"https:\/\/www.samnaz.org\/"},{"@type":"Person","@id":"https:\/\/www.samnaz.org\/#\/schema\/person\/c09d1131c49ba510c7e1cbb677b39927","name":"Samnaz","image":{"@type":"ImageObject","inLanguage":"pt-BR","@id":"https:\/\/secure.gravatar.com\/avatar\/a5baaf0e270319d09c0efce6a9dd03ff93175913c70afe26595c0069c83fa6dc?s=96&d=mm&r=g","url":"https:\/\/secure.gravatar.com\/avatar\/a5baaf0e270319d09c0efce6a9dd03ff93175913c70afe26595c0069c83fa6dc?s=96&d=mm&r=g","contentUrl":"https:\/\/secure.gravatar.com\/avatar\/a5baaf0e270319d09c0efce6a9dd03ff93175913c70afe26595c0069c83fa6dc?s=96&d=mm&r=g","caption":"Samnaz"}}]}},"_links":{"self":[{"href":"https:\/\/www.samnaz.org\/pt\/wp-json\/wp\/v2\/posts\/44359","targetHints":{"allow":["GET"]}}],"collection":[{"href":"https:\/\/www.samnaz.org\/pt\/wp-json\/wp\/v2\/posts"}],"about":[{"href":"https:\/\/www.samnaz.org\/pt\/wp-json\/wp\/v2\/types\/post"}],"author":[{"embeddable":true,"href":"https:\/\/www.samnaz.org\/pt\/wp-json\/wp\/v2\/users\/4"}],"replies":[{"embeddable":true,"href":"https:\/\/www.samnaz.org\/pt\/wp-json\/wp\/v2\/comments?post=44359"}],"version-history":[{"count":7,"href":"https:\/\/www.samnaz.org\/pt\/wp-json\/wp\/v2\/posts\/44359\/revisions"}],"predecessor-version":[{"id":44373,"href":"https:\/\/www.samnaz.org\/pt\/wp-json\/wp\/v2\/posts\/44359\/revisions\/44373"}],"wp:featuredmedia":[{"embeddable":true,"href":"https:\/\/www.samnaz.org\/pt\/wp-json\/wp\/v2\/media\/44362"}],"wp:attachment":[{"href":"https:\/\/www.samnaz.org\/pt\/wp-json\/wp\/v2\/media?parent=44359"}],"wp:term":[{"taxonomy":"category","embeddable":true,"href":"https:\/\/www.samnaz.org\/pt\/wp-json\/wp\/v2\/categories?post=44359"},{"taxonomy":"post_tag","embeddable":true,"href":"https:\/\/www.samnaz.org\/pt\/wp-json\/wp\/v2\/tags?post=44359"}],"curies":[{"name":"wp","href":"https:\/\/api.w.org\/{rel}","templated":true}]}}