{"id":47185,"date":"2024-08-22T21:42:21","date_gmt":"2024-08-23T00:42:21","guid":{"rendered":"https:\/\/www.samnaz.org\/?p=47185"},"modified":"2024-08-24T13:12:15","modified_gmt":"2024-08-24T16:12:15","slug":"congreso-de-comunicaiones-en-colombia","status":"publish","type":"post","link":"https:\/\/www.samnaz.org\/pt\/congreso-de-comunicaiones-en-colombia\/","title":{"rendered":"CONGRESSO DE COMUNICA\u00c7\u00d5ES NA COL\u00d4MBIA"},"content":{"rendered":"<p>[et_pb_section fb_built=\u00bb1&#8243; _builder_version=\u00bb4.16&#8243; _module_preset=\u00bbdefault\u00bb custom_padding=\u00bb0px||||false|false\u00bb global_colors_info=\u00bb{}\u00bb][et_pb_row disabled_on=\u00bbon|on|on\u00bb _builder_version=\u00bb4.16&#8243; _module_preset=\u00bbdefault\u00bb disabled=\u00bbon\u00bb global_colors_info=\u00bb{}\u00bb][et_pb_column type=\u00bb4_4&#8243; _builder_version=\u00bb4.16&#8243; _module_preset=\u00bbdefault\u00bb global_colors_info=\u00bb{}\u00bb][et_pb_text disabled_on=\u00bboff|off|off\u00bb _builder_version=\u00bb4.16&#8243; _module_preset=\u00bbdefault\u00bb text_text_color=\u00bb#0C71C3&#8243; text_font_size=\u00bb23px\u00bb text_orientation=\u00bbcenter\u00bb global_colors_info=\u00bb{}\u00bb]<\/p>\n<p>CONTENIDO EN ESPA\u00d1OL<\/p>\n<p>[\/et_pb_text][\/et_pb_column][\/et_pb_row][et_pb_row module_class=\u00bbespanol\u00bb _builder_version=\u00bb4.16&#8243; _module_preset=\u00bbdefault\u00bb width=\u00bb100%\u00bb global_colors_info=\u00bb{}\u00bb][et_pb_column type=\u00bb4_4&#8243; module_class=\u00bbcolLeft\u00bb _builder_version=\u00bb4.16&#8243; _module_preset=\u00bbdefault\u00bb custom_padding=\u00bb|50px|||false|false\u00bb custom_padding_tablet=\u00bb|20px||20px|false|true\u00bb custom_padding_phone=\u00bb\u00bb custom_padding_last_edited=\u00bbon|phone\u00bb border_color_all=\u00bb#e0e0e0&#8243; border_width_right_tablet=\u00bb0px\u00bb border_width_right_phone=\u00bb0px\u00bb border_width_right_last_edited=\u00bbon|desktop\u00bb global_colors_info=\u00bb{}\u00bb][et_pb_code admin_label=\u00bbCode\u00bb _builder_version=\u00bb4.16&#8243; _module_preset=\u00bbdefault\u00bb background_enable_color=\u00bboff\u00bb positioning=\u00bbabsolute\u00bb position_origin_a=\u00bbtop_right\u00bb vertical_offset=\u00bb10px\u00bb horizontal_offset=\u00bb50px\u00bb z_index=\u00bb137&#8243; vertical_offset_tablet=\u00bb\u00bb vertical_offset_phone=\u00bb-45px\u00bb vertical_offset_last_edited=\u00bbon|phone\u00bb horizontal_offset_tablet=\u00bb20px\u00bb horizontal_offset_phone=\u00bb\u00bb horizontal_offset_last_edited=\u00bbon|phone\u00bb position_origin_a_tablet=\u00bb\u00bb position_origin_a_phone=\u00bb\u00bb position_origin_a_last_edited=\u00bbon|desktop\u00bb position_origin_f_tablet=\u00bb\u00bb position_origin_f_phone=\u00bb\u00bb position_origin_f_last_edited=\u00bbon|desktop\u00bb position_origin_r_tablet=\u00bb\u00bb position_origin_r_phone=\u00bb\u00bb position_origin_r_last_edited=\u00bbon|desktop\u00bb text_orientation=\u00bbright\u00bb width=\u00bb160px\u00bb height=\u00bb30px\u00bb positioning_tablet=\u00bb\u00bb positioning_phone=\u00bb\u00bb positioning_last_edited=\u00bbon|desktop\u00bb global_colors_info=\u00bb{}\u00bb]<!-- AddToAny BEGIN --><!-- [et_pb_line_break_holder] --><a class=\"a2a_dd\" href=\"https:\/\/www.addtoany.com\/share\" style=\"background: black;<!-- [et_pb_line_break_holder] -->    font-size: 18px;<!-- [et_pb_line_break_holder] -->    color: white;<!-- [et_pb_line_break_holder] -->    padding: 10px;text-transform: uppercase;\u00bb><!-- [et_pb_line_break_holder] -->  <svg style=\"width: 20px;\" aria-hidden=\"true\" focusable=\"false\" data-prefix=\"fas\" data-icon=\"share-square\" role=\"img\" xmlns=\"http:\/\/www.w3.org\/2000\/svg\" viewbox=\"0 0 576 512\" data-fa-i2svg=\"\"><path fill=\"currentColor\" d=\"M568.482 177.448L424.479 313.433C409.3 327.768 384 317.14 384 295.985v-71.963c-144.575.97-205.566 35.113-164.775 171.353 4.483 14.973-12.846 26.567-25.006 17.33C155.252 383.105 120 326.488 120 269.339c0-143.937 117.599-172.5 264-173.312V24.012c0-21.174 25.317-31.768 40.479-17.448l144.003 135.988c10.02 9.463 10.028 25.425 0 34.896zM384 379.128V448H64V128h50.916a11.99 11.99 0 0 0 8.648-3.693c14.953-15.568 32.237-27.89 51.014-37.676C185.708 80.83 181.584 64 169.033 64H48C21.49 64 0 85.49 0 112v352c0 26.51 21.49 48 48 48h352c26.51 0 48-21.49 48-48v-88.806c0-8.288-8.197-14.066-16.011-11.302a71.83 71.83 0 0 1-34.189 3.377c-7.27-1.046-13.8 4.514-13.8 11.859z\"><\/path><\/svg><!-- [et_pb_line_break_holder] -->  COMPARTILHAR<!-- [et_pb_line_break_holder] --><\/a><!-- [et_pb_line_break_holder] --><script async src=\"https:\/\/static.addtoany.com\/menu\/page.js\"><\/script><!-- [et_pb_line_break_holder] --><!-- AddToAny END -->[\/et_pb_code][et_pb_text _builder_version=\u00bb4.27.0&#8243; _module_preset=\u00bbdefault\u00bb text_font=\u00bb|700|||||||\u00bb text_font_size=\u00bb25px\u00bb width=\u00bb78%\u00bb width_tablet=\u00bb\u00bb width_phone=\u00bb100%\u00bb width_last_edited=\u00bbon|phone\u00bb custom_margin=\u00bb||5px|||\u00bb hover_enabled=\u00bb0&#8243; global_colors_info=\u00bb{}\u00bb _dynamic_attributes=\u00bbcontent\u00bb sticky_enabled=\u00bb0&#8243;]@ET-DC@eyJkeW5hbWljIjp0cnVlLCJjb250ZW50IjoicG9zdF90aXRsZSIsInNldHRpbmdzIjp7ImJlZm9yZSI6IiIsImFmdGVyIjoiIn19@[\/et_pb_text][et_pb_post_title title=\u00bboff\u00bb comments=\u00bboff\u00bb module_class=\u00bbtituloNoti\u00bb _builder_version=\u00bb4.16&#8243; _module_preset=\u00bbdefault\u00bb width_tablet=\u00bb\u00bb width_phone=\u00bb\u00bb width_last_edited=\u00bbon|phone\u00bb custom_padding=\u00bb|0px|||false|false\u00bb custom_padding_tablet=\u00bb|0px|||false|false\u00bb custom_padding_phone=\u00bb|0px|||false|false\u00bb custom_padding_last_edited=\u00bbon|phone\u00bb border_color_right=\u00bb#e8e8e8&#8243; border_width_right_tablet=\u00bb0px\u00bb border_width_right_phone=\u00bb\u00bb border_width_right_last_edited=\u00bbon|desktop\u00bb global_colors_info=\u00bb{}\u00bb][\/et_pb_post_title][et_pb_text _builder_version=\u00bb4.27.0&#8243; _module_preset=\u00bbdefault\u00bb text_font_size=\u00bb17px\u00bb global_colors_info=\u00bb{}\u00bb]<\/p>\n<p style=\"text-align: justify;\"><strong>(CNAS Colombia) <\/strong>Los d\u00edas 16 y 17 de agosto se celebr\u00f3 en la iglesia <em>\u201cCasa de oraci\u00f3n\u201d <\/em>de Pasoancho, en Cali, el primer congreso nacional de comunicaciones. Los participantes aprendieron sobre creatividad, dise\u00f1o gr\u00e1fico, redes sociales, producci\u00f3n audiovisual, transmisiones en l\u00ednea y m\u00e1s.<\/p>\n<p style=\"text-align: justify;\">Se cont\u00f3 con la participaci\u00f3n de 52 asistentes provenientes de 5 distritos del pa\u00eds y asisti\u00f3 tambi\u00e9n el coordinador de comunicaciones de Ecuador, Luis Fernando Quishpi; el coordinador de estrategia del \u00c1rea Andino Norte, Juan Soto y el superintendente\u00a0del distrito, Jerrison Ambuila quien brind\u00f3 un cordial saludo a los asistentes.<\/p>\n<p style=\"text-align: justify;\">Entre los expositores estuvieron Jeremy Matheus, coordinador nacional de comunicaciones de Colombia, Rony Cabarcas, administrador de las redes sociales de la Iglesia del Nazareno en Am\u00e9rica del Sur, Milton Matheus, coordinador integral de ministerios de Colombia, Juan Esteban Castro, coordinador de producci\u00f3n de la iglesia \u201cCasa de oraci\u00f3n\u201d, Alexander Romero, coordinador de comunicaciones de la regi\u00f3n Am\u00e9rica del Sur y Juli\u00e1n Matallana, asesor de marketing digital para la iglesia \u201cCasa de oraci\u00f3n\u201d.<\/p>\n<p style=\"text-align: justify;\"><em>\u00abDurante el evento, tuve la oportunidad de participar en talleres interactivos donde aprend\u00ed a manejar las redes sociales de manera efectiva. Me ense\u00f1aron no solo a crear contenido atractivo, sino tambi\u00e9n a entender c\u00f3mo conectar con nuestra comunidad a trav\u00e9s de plataformas digitales. Aprend\u00ed t\u00e9cnicas para tomar fotos impactantes y grabar videos que pueden captar la atenci\u00f3n de las personas y transmitir nuestro mensaje de fe de una manera m\u00e1s poderosa,<\/em> coment\u00f3 Dyanna, una de las participantes, <em>estoy ansiosa por implementar estrategias para mejorar nuestra presencia en l\u00ednea y compartir el amor de Dios de una manera que resuene con nuestra comunidad local.<\/em> <em>Estoy lista para poner en pr\u00e1ctica todo lo aprendido y llevar a mi iglesia hacia nuevas oportunidades de alcance y conexi\u00f3n. \u00a1El futuro se ve brillante!\u201d.<\/em><\/p>\n<p style=\"text-align: justify;\">N\u00e9stor Tirado del Distrito Central Norte de Bogot\u00e1 dijo: <em>\u201cFue una oportunidad para conocer m\u00e1s de cerca c\u00f3mo la Iglesia del Nazareno necesita tanto trabajo en el \u00e1rea de las comunicaciones, y tambi\u00e9n para poder involucrarse m\u00e1s y ver qu\u00e9 necesidades actualmente hay en la iglesia a nivel regional y local. Me voy con muchos retos para los que queremos ser parte integral del servicio y tambi\u00e9n con grandes aprendizajes en las diferentes \u00e1reas de las comunicaciones digitales. Muchas gracias por la oportunidad\u201d.<\/em><\/p>\n<p style=\"text-align: justify;\"><em>\u00abUna experiencia maravillosa, ya que estos espacios nos ayudan a fortalecer nuestro conocimiento, ampliar nuestras habilidades, talentos y dones. De esta manera, podremos expandir el mensaje de Dios a trav\u00e9s de los medios de comunicaci\u00f3n. Este congreso sembr\u00f3 en cada uno de nosotros el compromiso y la visi\u00f3n de utilizar nuestras habilidades para llevar el mensaje de esperanza y amor a m\u00e1s personas. Estoy agradecida por esta oportunidad y emocionada por ver y experimentar todo lo que viene para la Iglesia del Nazareno en Colombia desde la perspectiva de las comunicaciones\u00bb, n<\/em>os coment\u00f3 Jazmin Soto.<\/p>\n<p style=\"text-align: justify;\">Todos fueron los asistentes fueron inspirados y retados para implementar lo aprendido en sus iglesias locales. Este es el inicio de un nuevo tiempo para las comunicaciones nazarenas en Colombia.<\/p>\n<p style=\"text-align: justify;\"><strong><em>Fonte <\/em><\/strong><em>Iglesia del Nazareno \u2013 Colombia<\/em><\/p>\n<p style=\"text-align: justify;\"><em>\u00a0<\/em><\/p>\n<p>[\/et_pb_text][\/et_pb_column][\/et_pb_row][et_pb_row disabled_on=\u00bbon|on|on\u00bb _builder_version=\u00bb4.16&#8243; _module_preset=\u00bbdefault\u00bb disabled=\u00bbon\u00bb global_colors_info=\u00bb{}\u00bb][et_pb_column type=\u00bb4_4&#8243; _builder_version=\u00bb4.16&#8243; _module_preset=\u00bbdefault\u00bb global_colors_info=\u00bb{}\u00bb][et_pb_text disabled_on=\u00bboff|off|off\u00bb _builder_version=\u00bb4.16&#8243; _module_preset=\u00bbdefault\u00bb text_text_color=\u00bb#0C71C3&#8243; text_font_size=\u00bb23px\u00bb text_orientation=\u00bbcenter\u00bb global_colors_info=\u00bb{}\u00bb]<\/p>\n<p>CONTENIDO EN PORTUGUES<\/p>\n<p>[\/et_pb_text][\/et_pb_column][\/et_pb_row][et_pb_row module_class=\u00bbportugues\u00bb _builder_version=\u00bb4.16&#8243; _module_preset=\u00bbdefault\u00bb width=\u00bb100%\u00bb global_colors_info=\u00bb{}\u00bb][et_pb_column type=\u00bb4_4&#8243; module_class=\u00bbcolLeft\u00bb _builder_version=\u00bb4.16&#8243; _module_preset=\u00bbdefault\u00bb custom_padding=\u00bb|50px|||false|false\u00bb custom_padding_tablet=\u00bb|20px||20px|false|true\u00bb custom_padding_phone=\u00bb\u00bb custom_padding_last_edited=\u00bbon|phone\u00bb border_color_all=\u00bb#e0e0e0&#8243; border_width_right_tablet=\u00bb0px\u00bb border_width_right_phone=\u00bb0px\u00bb border_width_right_last_edited=\u00bbon|desktop\u00bb global_colors_info=\u00bb{}\u00bb][et_pb_code admin_label=\u00bbCode\u00bb _builder_version=\u00bb4.16&#8243; _module_preset=\u00bbdefault\u00bb background_enable_color=\u00bboff\u00bb positioning=\u00bbabsolute\u00bb position_origin_a=\u00bbtop_right\u00bb vertical_offset=\u00bb10px\u00bb horizontal_offset=\u00bb50px\u00bb z_index=\u00bb137&#8243; vertical_offset_tablet=\u00bb\u00bb vertical_offset_phone=\u00bb-45px\u00bb vertical_offset_last_edited=\u00bbon|phone\u00bb horizontal_offset_tablet=\u00bb20px\u00bb horizontal_offset_phone=\u00bb\u00bb horizontal_offset_last_edited=\u00bbon|phone\u00bb position_origin_a_tablet=\u00bb\u00bb position_origin_a_phone=\u00bb\u00bb position_origin_a_last_edited=\u00bbon|desktop\u00bb position_origin_f_tablet=\u00bb\u00bb position_origin_f_phone=\u00bb\u00bb position_origin_f_last_edited=\u00bbon|desktop\u00bb position_origin_r_tablet=\u00bb\u00bb position_origin_r_phone=\u00bb\u00bb position_origin_r_last_edited=\u00bbon|desktop\u00bb text_orientation=\u00bbright\u00bb width=\u00bb190px\u00bb height=\u00bb30px\u00bb positioning_tablet=\u00bb\u00bb positioning_phone=\u00bb\u00bb positioning_last_edited=\u00bbon|desktop\u00bb global_colors_info=\u00bb{}\u00bb]<!-- AddToAny BEGIN --><!-- [et_pb_line_break_holder] --><a class=\"a2a_dd\" href=\"https:\/\/www.addtoany.com\/share\" style=\"background: black;<!-- [et_pb_line_break_holder] -->    font-size: 18px;<!-- [et_pb_line_break_holder] -->    color: white;<!-- [et_pb_line_break_holder] -->    padding: 10px;text-transform: uppercase;\u00bb><!-- [et_pb_line_break_holder] -->  <svg style=\"width: 20px;\" aria-hidden=\"true\" focusable=\"false\" data-prefix=\"fas\" data-icon=\"share-square\" role=\"img\" xmlns=\"http:\/\/www.w3.org\/2000\/svg\" viewbox=\"0 0 576 512\" data-fa-i2svg=\"\"><path fill=\"currentColor\" d=\"M568.482 177.448L424.479 313.433C409.3 327.768 384 317.14 384 295.985v-71.963c-144.575.97-205.566 35.113-164.775 171.353 4.483 14.973-12.846 26.567-25.006 17.33C155.252 383.105 120 326.488 120 269.339c0-143.937 117.599-172.5 264-173.312V24.012c0-21.174 25.317-31.768 40.479-17.448l144.003 135.988c10.02 9.463 10.028 25.425 0 34.896zM384 379.128V448H64V128h50.916a11.99 11.99 0 0 0 8.648-3.693c14.953-15.568 32.237-27.89 51.014-37.676C185.708 80.83 181.584 64 169.033 64H48C21.49 64 0 85.49 0 112v352c0 26.51 21.49 48 48 48h352c26.51 0 48-21.49 48-48v-88.806c0-8.288-8.197-14.066-16.011-11.302a71.83 71.83 0 0 1-34.189 3.377c-7.27-1.046-13.8 4.514-13.8 11.859z\"><\/path><\/svg><!-- [et_pb_line_break_holder] -->  Compartilhar<!-- [et_pb_line_break_holder] --><\/a><!-- [et_pb_line_break_holder] --><script async src=\"https:\/\/static.addtoany.com\/menu\/page.js\"><\/script><!-- [et_pb_line_break_holder] --><!-- AddToAny END -->[\/et_pb_code][et_pb_text _builder_version=\u00bb4.27.0&#8243; _module_preset=\u00bbdefault\u00bb text_font=\u00bb|700|||||||\u00bb text_font_size=\u00bb25px\u00bb width=\u00bb78%\u00bb width_tablet=\u00bb\u00bb width_phone=\u00bb100%\u00bb width_last_edited=\u00bbon|phone\u00bb custom_margin=\u00bb||5px|||\u00bb global_colors_info=\u00bb{}\u00bb]<\/p>\n<p><strong>CONGRESSO DE COMUNICA\u00c7\u00d5<\/strong><strong>ES NA COL\u00d4<\/strong><strong>MBIA<\/strong><\/p>\n<p>[\/et_pb_text][et_pb_post_title title=\u00bboff\u00bb comments=\u00bboff\u00bb module_class=\u00bbtituloNoti\u00bb _builder_version=\u00bb4.16&#8243; _module_preset=\u00bbdefault\u00bb width_tablet=\u00bb\u00bb width_phone=\u00bb\u00bb width_last_edited=\u00bbon|phone\u00bb custom_padding=\u00bb|0px|||false|false\u00bb custom_padding_tablet=\u00bb|0px|||false|false\u00bb custom_padding_phone=\u00bb|0px|||false|false\u00bb custom_padding_last_edited=\u00bbon|phone\u00bb border_color_right=\u00bb#e8e8e8&#8243; border_width_right_tablet=\u00bb0px\u00bb border_width_right_phone=\u00bb\u00bb border_width_right_last_edited=\u00bbon|desktop\u00bb global_colors_info=\u00bb{}\u00bb][\/et_pb_post_title][et_pb_text _builder_version=\u00bb4.27.0&#8243; _module_preset=\u00bbdefault\u00bb text_font_size=\u00bb17px\u00bb global_colors_info=\u00bb{}\u00bb]<\/p>\n<p style=\"text-align: justify;\"><strong>(CNAS Col\u00f4mbia) <\/strong>Nos dias 16 e 17 de agosto foi realizado o primeiro congresso nacional de comunica\u00e7\u00f5es na igreja <em>\u201c<\/em><em>Casa de Oraci\u00f3n\u201d <\/em>de Pasoancho, em Cali. Os participantes aprenderam sobre criatividade, design gr\u00e1fico, redes sociais, produ\u00e7\u00e3o audiovisual, transmiss\u00f5es online e muito mais.<\/p>\n<p style=\"text-align: justify;\">Houve a participa\u00e7\u00e3o de 52 participantes de 5 distritos do pa\u00eds e tamb\u00e9m esteve presente o coordenador de comunica\u00e7\u00f5es do Equador, Luis Fernando Quishpi; o coordenador de estrat\u00e9gia da \u00c1rea Andino Norte, Juan Soto, e o superintendente distrital, Jerrison Ambuila, que cumprimentaram cordialmente os participantes.<\/p>\n<p style=\"text-align: justify;\">Entre os palestrantes estavam Jeremy Matheus, coordenador nacional de comunica\u00e7\u00f5es da Col\u00f4mbia, Rony Cabarcas, administrador das redes sociais da Igreja do Nazareno na Am\u00e9rica do Sul, Milton Matheus, coordenador integral dos minist\u00e9rios da Col\u00f4mbia, Juan Esteban Castro, coordenador de produ\u00e7\u00e3o da \u201cCasa de Oraci\u00f3n\u201d, Alexander Romero, coordenador de comunica\u00e7\u00f5es da regi\u00e3o Am\u00e9rica do Sul e Juli\u00e1n Matallana, consultor de marketing digital da igreja \u201cCasa de Oraci\u00f3n\u201d.<\/p>\n<p style=\"text-align: justify;\"><em>\u201c<\/em><em>Durante o evento, tive a oportunidade de participar de workshops interativos onde aprendi como gerenciar redes sociais de forma eficaz. Eles me ensinaram n\u00e3o s\u00f3 <\/em><em>a criar conte\u00fa<\/em><em>dos envolventes, mas tamb<\/em><em>\u00e9<\/em><em>m a entender como me conectar com a nossa comunidade atrav<\/em><em>\u00e9<\/em><em>s de plataformas digitais. <\/em><em>T\u00e9<\/em><em>cnicas para tirar fotos impactantes e gravar v\u00ed<\/em><em>deos que possam captar a aten\u00e7\u00e3o das pessoas e transmitir nossa mensagem de f<\/em><em>\u00e9 <\/em><em>de uma forma mais poderosa, <\/em>disse Dyanna, uma das participantes, <em>estou ansiosa para implementar estrat<\/em><em>\u00e9<\/em><em>gias para melhorar nossa presen\u00e7<\/em><em>a online e compartilhar o amor de Deus de uma forma que ressoe com a nossa comunidade local.<\/em> <em>Estou pronto para colocar em pr\u00e1<\/em><em>tica tudo o que aprendi e liderar minha igreja em novas oportunidades de divulga\u00e7\u00e3o e conex\u00e3o. O futuro parece brilhante!\u201d<\/em><\/p>\n<p style=\"text-align: justify;\">N\u00e9stor Tirado do Distrito Central Norte de Bogot\u00e1 disse: <em>\u201c<\/em><em>Foi uma oportunidade para aprender mais sobre como a Igreja do Nazareno precisa de tanto trabalho na \u00e1rea de comunica<\/em><em>\u00e7\u00f5es, e tamb<\/em><em>\u00e9<\/em><em>m para poder se envolver mais e ver qu<\/em><em>ais as<\/em><em> necessidades que existem atualmente na igreja em n\u00ed<\/em><em>vel regional e local. Saio com muitos desafios para quem quer ser parte integrante do servi\u00e7<\/em><em>o e tamb<\/em><em>\u00e9<\/em><em>m com grandes aprendizagens nas diferentes \u00e1<\/em><em>reas da comunica\u00e7\u00e3o digital. Muito obrigado pela oportunidade.\u201d<\/em><\/p>\n<p style=\"text-align: justify;\"><em>\u201c<\/em><em>Uma experi\u00ea<\/em><em>ncia maravilhosa, pois esses espa\u00e7<\/em><em>os nos ajudam a fortalecer nossos conhecimentos, ampliar nossas habilidades, talentos e dons. Desta forma, poderemos expandir a mensagem de Deus atrav<\/em><em>\u00e9<\/em><em>s da m\u00ed<\/em><em>dia. Este congresso plantou em cada um de n<\/em><em>\u00f3s <\/em><em>\u201c<\/em><em>o compromisso e a vis\u00e3o para usarmos nossas habilidades para levar a mensagem de esperan\u00e7<\/em><em>a e amor a mais pessoas, estou grato por esta oportunidade e animado para ver e experimentar tudo o que est\u00e1 <\/em><em>por vir para a Igreja do Nazareno na Col\u00f4<\/em><em>mbia a partir de uma perspectiva de comunica\u00e7\u00e3<\/em><em>o.\u00bb , <\/em>Jazmin Soto disse. n\u00f3s.<\/p>\n<p style=\"text-align: justify;\">Todos os participantes foram inspirados e desafiados a implementar o que aprenderam nas suas igrejas locais. Este \u00e9 o in\u00edcio de um novo tempo para as comunica\u00e7\u00f5es nazarenas na Col\u00f4mbia.<\/p>\n<p style=\"text-align: justify;\"><strong><em>Fonte: <\/em><\/strong><em>Igreja do Nazareno \u2013 Col\u00f4mbia<\/em><\/p>\n<p>[\/et_pb_text][\/et_pb_column][\/et_pb_row][et_pb_row _builder_version=\u00bb4.16&#8243; _module_preset=\u00bbdefault\u00bb width=\u00bb100%\u00bb global_colors_info=\u00bb{}\u00bb][et_pb_column type=\u00bb4_4&#8243; module_class=\u00bbcolLeft\u00bb _builder_version=\u00bb4.16&#8243; _module_preset=\u00bbdefault\u00bb custom_padding=\u00bb|50px|||false|false\u00bb custom_padding_tablet=\u00bb|20px||20px|false|true\u00bb custom_padding_phone=\u00bb\u00bb custom_padding_last_edited=\u00bbon|phone\u00bb border_color_all=\u00bb#e0e0e0&#8243; border_width_right_tablet=\u00bb0px\u00bb border_width_right_phone=\u00bb0px\u00bb border_width_right_last_edited=\u00bbon|desktop\u00bb global_colors_info=\u00bb{}\u00bb][et_pb_gallery gallery_ids=\u00bb47188,47189,47190,47191,47192,47193,47194,47195&#8243; posts_number=\u00bb8&#8243; show_title_and_caption=\u00bboff\u00bb zoom_icon_color=\u00bb#E02B20&#8243; hover_overlay_color=\u00bb#FFFFFF\u00bb hover_icon=\u00bb&#x54;||divi||400&#8243; _builder_version=\u00bb4.27.0&#8243; _module_preset=\u00bbdefault\u00bb title_font_size=\u00bb0px\u00bb width=\u00bb100%\u00bb module_alignment=\u00bbcenter\u00bb global_colors_info=\u00bb{}\u00bb][\/et_pb_gallery][\/et_pb_column][\/et_pb_row][\/et_pb_section]<\/p>\n<span class=\"et_bloom_bottom_trigger\"><\/span>","protected":false},"excerpt":{"rendered":"<p>CONTENIDO EN ESPA\u00d1OL<\/p>","protected":false},"author":4,"featured_media":47195,"comment_status":"open","ping_status":"open","sticky":false,"template":"","format":"standard","meta":{"_et_pb_use_builder":"on","_et_pb_old_content":"","_et_gb_content_width":"","_monsterinsights_skip_tracking":false,"_monsterinsights_sitenote_active":false,"_monsterinsights_sitenote_note":"","_monsterinsights_sitenote_category":0,"_vp_format_video_url":"","_vp_image_focal_point":[],"footnotes":""},"categories":[8],"tags":[],"class_list":["post-47185","post","type-post","status-publish","format-standard","has-post-thumbnail","hentry","category-colombia"],"yoast_head":"<!-- This site is optimized with the Yoast SEO Premium plugin v23.6 (Yoast SEO v27.5) - https:\/\/yoast.com\/product\/yoast-seo-premium-wordpress\/ -->\n<title>CONGRESO DE COMUNICACIONES EN COLOMBIA | Iglesia del Nazareno Am\u00e9rica del Sur<\/title>\n<meta name=\"description\" content=\"Colombia\" \/>\n<meta name=\"robots\" content=\"noindex, follow\" \/>\n<meta property=\"og:locale\" content=\"pt_BR\" \/>\n<meta property=\"og:type\" content=\"article\" \/>\n<meta property=\"og:title\" content=\"CONGRESO DE COMUNICACIONES EN COLOMBIA | Iglesia del Nazareno Am\u00e9rica del Sur\" \/>\n<meta property=\"og:description\" content=\"Colombia\" \/>\n<meta property=\"og:url\" content=\"https:\/\/www.samnaz.org\/pt\/congreso-de-comunicaiones-en-colombia\/\" \/>\n<meta property=\"og:site_name\" content=\"Iglesia del Nazareno Am\u00e9rica del Sur\" \/>\n<meta property=\"article:publisher\" content=\"https:\/\/www.facebook.com\/NazarenoEsp\" \/>\n<meta property=\"article:published_time\" content=\"2024-08-23T00:42:21+00:00\" \/>\n<meta property=\"article:modified_time\" content=\"2024-08-24T16:12:15+00:00\" \/>\n<meta property=\"og:image\" content=\"https:\/\/www.samnaz.org\/wp-content\/uploads\/2024\/08\/Main.jpeg\" \/>\n\t<meta property=\"og:image:width\" content=\"1920\" \/>\n\t<meta property=\"og:image:height\" content=\"1440\" \/>\n\t<meta property=\"og:image:type\" content=\"image\/jpeg\" \/>\n<meta name=\"author\" content=\"Samnaz\" \/>\n<meta name=\"twitter:card\" content=\"summary_large_image\" \/>\n<meta name=\"twitter:label1\" content=\"Escrito por\" \/>\n\t<meta name=\"twitter:data1\" content=\"Samnaz\" \/>\n\t<meta name=\"twitter:label2\" content=\"Est. tempo de leitura\" \/>\n\t<meta name=\"twitter:data2\" content=\"7 minutos\" \/>\n<script type=\"application\/ld+json\" class=\"yoast-schema-graph\">{\"@context\":\"https:\\\/\\\/schema.org\",\"@graph\":[{\"@type\":\"Article\",\"@id\":\"https:\\\/\\\/www.samnaz.org\\\/congreso-de-comunicaiones-en-colombia\\\/#article\",\"isPartOf\":{\"@id\":\"https:\\\/\\\/www.samnaz.org\\\/congreso-de-comunicaiones-en-colombia\\\/\"},\"author\":{\"name\":\"Samnaz\",\"@id\":\"https:\\\/\\\/www.samnaz.org\\\/#\\\/schema\\\/person\\\/c09d1131c49ba510c7e1cbb677b39927\"},\"headline\":\"CONGRESO DE COMUNICACIONES EN COLOMBIA\",\"datePublished\":\"2024-08-23T00:42:21+00:00\",\"dateModified\":\"2024-08-24T16:12:15+00:00\",\"mainEntityOfPage\":{\"@id\":\"https:\\\/\\\/www.samnaz.org\\\/congreso-de-comunicaiones-en-colombia\\\/\"},\"wordCount\":289,\"commentCount\":0,\"publisher\":{\"@id\":\"https:\\\/\\\/www.samnaz.org\\\/#organization\"},\"image\":{\"@id\":\"https:\\\/\\\/www.samnaz.org\\\/congreso-de-comunicaiones-en-colombia\\\/#primaryimage\"},\"thumbnailUrl\":\"https:\\\/\\\/www.samnaz.org\\\/wp-content\\\/uploads\\\/2024\\\/08\\\/Main.jpeg\",\"articleSection\":[\"Colombia\"],\"inLanguage\":\"pt-BR\",\"potentialAction\":[{\"@type\":\"CommentAction\",\"name\":\"Comment\",\"target\":[\"https:\\\/\\\/www.samnaz.org\\\/congreso-de-comunicaiones-en-colombia\\\/#respond\"]}]},{\"@type\":\"WebPage\",\"@id\":\"https:\\\/\\\/www.samnaz.org\\\/congreso-de-comunicaiones-en-colombia\\\/\",\"url\":\"https:\\\/\\\/www.samnaz.org\\\/congreso-de-comunicaiones-en-colombia\\\/\",\"name\":\"CONGRESO DE COMUNICACIONES EN COLOMBIA | Iglesia del Nazareno Am\u00e9rica del Sur\",\"isPartOf\":{\"@id\":\"https:\\\/\\\/www.samnaz.org\\\/#website\"},\"primaryImageOfPage\":{\"@id\":\"https:\\\/\\\/www.samnaz.org\\\/congreso-de-comunicaiones-en-colombia\\\/#primaryimage\"},\"image\":{\"@id\":\"https:\\\/\\\/www.samnaz.org\\\/congreso-de-comunicaiones-en-colombia\\\/#primaryimage\"},\"thumbnailUrl\":\"https:\\\/\\\/www.samnaz.org\\\/wp-content\\\/uploads\\\/2024\\\/08\\\/Main.jpeg\",\"datePublished\":\"2024-08-23T00:42:21+00:00\",\"dateModified\":\"2024-08-24T16:12:15+00:00\",\"description\":\"Colombia\",\"inLanguage\":\"pt-BR\",\"potentialAction\":[{\"@type\":\"ReadAction\",\"target\":[\"https:\\\/\\\/www.samnaz.org\\\/congreso-de-comunicaiones-en-colombia\\\/\"]}]},{\"@type\":\"ImageObject\",\"inLanguage\":\"pt-BR\",\"@id\":\"https:\\\/\\\/www.samnaz.org\\\/congreso-de-comunicaiones-en-colombia\\\/#primaryimage\",\"url\":\"https:\\\/\\\/www.samnaz.org\\\/wp-content\\\/uploads\\\/2024\\\/08\\\/Main.jpeg\",\"contentUrl\":\"https:\\\/\\\/www.samnaz.org\\\/wp-content\\\/uploads\\\/2024\\\/08\\\/Main.jpeg\",\"width\":1920,\"height\":1440},{\"@type\":\"WebSite\",\"@id\":\"https:\\\/\\\/www.samnaz.org\\\/#website\",\"url\":\"https:\\\/\\\/www.samnaz.org\\\/\",\"name\":\"Haciendo Disc\u00edpulos Semejantes a Cristo en las naciones\",\"description\":\"Haciendo disc\u00edpulos semejantes a Cristo en las Naciones\",\"publisher\":{\"@id\":\"https:\\\/\\\/www.samnaz.org\\\/#organization\"},\"alternateName\":\"Viviendo la Gran Comisi\u00f3n\",\"potentialAction\":[{\"@type\":\"SearchAction\",\"target\":{\"@type\":\"EntryPoint\",\"urlTemplate\":\"https:\\\/\\\/www.samnaz.org\\\/?s={search_term_string}\"},\"query-input\":{\"@type\":\"PropertyValueSpecification\",\"valueRequired\":true,\"valueName\":\"search_term_string\"}}],\"inLanguage\":\"pt-BR\"},{\"@type\":\"Organization\",\"@id\":\"https:\\\/\\\/www.samnaz.org\\\/#organization\",\"name\":\"Iglesia del Nazareno Am\u00e9rica del Sur\",\"url\":\"https:\\\/\\\/www.samnaz.org\\\/\",\"logo\":{\"@type\":\"ImageObject\",\"inLanguage\":\"pt-BR\",\"@id\":\"https:\\\/\\\/www.samnaz.org\\\/#\\\/schema\\\/logo\\\/image\\\/\",\"url\":\"https:\\\/\\\/www.samnaz.org\\\/wp-content\\\/uploads\\\/2021\\\/04\\\/Logo-3-ESP.png\",\"contentUrl\":\"https:\\\/\\\/www.samnaz.org\\\/wp-content\\\/uploads\\\/2021\\\/04\\\/Logo-3-ESP.png\",\"width\":1041,\"height\":780,\"caption\":\"Iglesia del Nazareno Am\u00e9rica del Sur\"},\"image\":{\"@id\":\"https:\\\/\\\/www.samnaz.org\\\/#\\\/schema\\\/logo\\\/image\\\/\"},\"sameAs\":[\"https:\\\/\\\/www.facebook.com\\\/NazarenoEsp\",\"https:\\\/\\\/www.instagram.com\\\/nazarenoesp\\\/\"],\"publishingPrinciples\":\"https:\\\/\\\/www.samnaz.org\\\/\"},{\"@type\":\"Person\",\"@id\":\"https:\\\/\\\/www.samnaz.org\\\/#\\\/schema\\\/person\\\/c09d1131c49ba510c7e1cbb677b39927\",\"name\":\"Samnaz\",\"image\":{\"@type\":\"ImageObject\",\"inLanguage\":\"pt-BR\",\"@id\":\"https:\\\/\\\/secure.gravatar.com\\\/avatar\\\/a5baaf0e270319d09c0efce6a9dd03ff93175913c70afe26595c0069c83fa6dc?s=96&d=mm&r=g\",\"url\":\"https:\\\/\\\/secure.gravatar.com\\\/avatar\\\/a5baaf0e270319d09c0efce6a9dd03ff93175913c70afe26595c0069c83fa6dc?s=96&d=mm&r=g\",\"contentUrl\":\"https:\\\/\\\/secure.gravatar.com\\\/avatar\\\/a5baaf0e270319d09c0efce6a9dd03ff93175913c70afe26595c0069c83fa6dc?s=96&d=mm&r=g\",\"caption\":\"Samnaz\"}}]}<\/script>\n<!-- \/ Yoast SEO Premium plugin. -->","yoast_head_json":{"title":"CONGRESO DE COMUNICACIONES EN COLOMBIA | Iglesia del Nazareno Am\u00e9rica del Sur","description":"Colombia","robots":{"index":"noindex","follow":"follow"},"og_locale":"pt_BR","og_type":"article","og_title":"CONGRESO DE COMUNICACIONES EN COLOMBIA | Iglesia del Nazareno Am\u00e9rica del Sur","og_description":"Colombia","og_url":"https:\/\/www.samnaz.org\/pt\/congreso-de-comunicaiones-en-colombia\/","og_site_name":"Iglesia del Nazareno Am\u00e9rica del Sur","article_publisher":"https:\/\/www.facebook.com\/NazarenoEsp","article_published_time":"2024-08-23T00:42:21+00:00","article_modified_time":"2024-08-24T16:12:15+00:00","og_image":[{"width":1920,"height":1440,"url":"https:\/\/www.samnaz.org\/wp-content\/uploads\/2024\/08\/Main.jpeg","type":"image\/jpeg"}],"author":"Samnaz","twitter_card":"summary_large_image","twitter_misc":{"Escrito por":"Samnaz","Est. tempo de leitura":"7 minutos"},"schema":{"@context":"https:\/\/schema.org","@graph":[{"@type":"Article","@id":"https:\/\/www.samnaz.org\/congreso-de-comunicaiones-en-colombia\/#article","isPartOf":{"@id":"https:\/\/www.samnaz.org\/congreso-de-comunicaiones-en-colombia\/"},"author":{"name":"Samnaz","@id":"https:\/\/www.samnaz.org\/#\/schema\/person\/c09d1131c49ba510c7e1cbb677b39927"},"headline":"CONGRESO DE COMUNICACIONES EN COLOMBIA","datePublished":"2024-08-23T00:42:21+00:00","dateModified":"2024-08-24T16:12:15+00:00","mainEntityOfPage":{"@id":"https:\/\/www.samnaz.org\/congreso-de-comunicaiones-en-colombia\/"},"wordCount":289,"commentCount":0,"publisher":{"@id":"https:\/\/www.samnaz.org\/#organization"},"image":{"@id":"https:\/\/www.samnaz.org\/congreso-de-comunicaiones-en-colombia\/#primaryimage"},"thumbnailUrl":"https:\/\/www.samnaz.org\/wp-content\/uploads\/2024\/08\/Main.jpeg","articleSection":["Colombia"],"inLanguage":"pt-BR","potentialAction":[{"@type":"CommentAction","name":"Comment","target":["https:\/\/www.samnaz.org\/congreso-de-comunicaiones-en-colombia\/#respond"]}]},{"@type":"WebPage","@id":"https:\/\/www.samnaz.org\/congreso-de-comunicaiones-en-colombia\/","url":"https:\/\/www.samnaz.org\/congreso-de-comunicaiones-en-colombia\/","name":"CONGRESO DE COMUNICACIONES EN COLOMBIA | Iglesia del Nazareno Am\u00e9rica del Sur","isPartOf":{"@id":"https:\/\/www.samnaz.org\/#website"},"primaryImageOfPage":{"@id":"https:\/\/www.samnaz.org\/congreso-de-comunicaiones-en-colombia\/#primaryimage"},"image":{"@id":"https:\/\/www.samnaz.org\/congreso-de-comunicaiones-en-colombia\/#primaryimage"},"thumbnailUrl":"https:\/\/www.samnaz.org\/wp-content\/uploads\/2024\/08\/Main.jpeg","datePublished":"2024-08-23T00:42:21+00:00","dateModified":"2024-08-24T16:12:15+00:00","description":"Colombia","inLanguage":"pt-BR","potentialAction":[{"@type":"ReadAction","target":["https:\/\/www.samnaz.org\/congreso-de-comunicaiones-en-colombia\/"]}]},{"@type":"ImageObject","inLanguage":"pt-BR","@id":"https:\/\/www.samnaz.org\/congreso-de-comunicaiones-en-colombia\/#primaryimage","url":"https:\/\/www.samnaz.org\/wp-content\/uploads\/2024\/08\/Main.jpeg","contentUrl":"https:\/\/www.samnaz.org\/wp-content\/uploads\/2024\/08\/Main.jpeg","width":1920,"height":1440},{"@type":"WebSite","@id":"https:\/\/www.samnaz.org\/#website","url":"https:\/\/www.samnaz.org\/","name":"Haciendo Disc\u00edpulos Semejantes a Cristo en las naciones","description":"Haciendo disc\u00edpulos semejantes a Cristo en las Naciones","publisher":{"@id":"https:\/\/www.samnaz.org\/#organization"},"alternateName":"Viviendo la Gran Comisi\u00f3n","potentialAction":[{"@type":"SearchAction","target":{"@type":"EntryPoint","urlTemplate":"https:\/\/www.samnaz.org\/?s={search_term_string}"},"query-input":{"@type":"PropertyValueSpecification","valueRequired":true,"valueName":"search_term_string"}}],"inLanguage":"pt-BR"},{"@type":"Organization","@id":"https:\/\/www.samnaz.org\/#organization","name":"Iglesia del Nazareno Am\u00e9rica del Sur","url":"https:\/\/www.samnaz.org\/","logo":{"@type":"ImageObject","inLanguage":"pt-BR","@id":"https:\/\/www.samnaz.org\/#\/schema\/logo\/image\/","url":"https:\/\/www.samnaz.org\/wp-content\/uploads\/2021\/04\/Logo-3-ESP.png","contentUrl":"https:\/\/www.samnaz.org\/wp-content\/uploads\/2021\/04\/Logo-3-ESP.png","width":1041,"height":780,"caption":"Iglesia del Nazareno Am\u00e9rica del Sur"},"image":{"@id":"https:\/\/www.samnaz.org\/#\/schema\/logo\/image\/"},"sameAs":["https:\/\/www.facebook.com\/NazarenoEsp","https:\/\/www.instagram.com\/nazarenoesp\/"],"publishingPrinciples":"https:\/\/www.samnaz.org\/"},{"@type":"Person","@id":"https:\/\/www.samnaz.org\/#\/schema\/person\/c09d1131c49ba510c7e1cbb677b39927","name":"Samnaz","image":{"@type":"ImageObject","inLanguage":"pt-BR","@id":"https:\/\/secure.gravatar.com\/avatar\/a5baaf0e270319d09c0efce6a9dd03ff93175913c70afe26595c0069c83fa6dc?s=96&d=mm&r=g","url":"https:\/\/secure.gravatar.com\/avatar\/a5baaf0e270319d09c0efce6a9dd03ff93175913c70afe26595c0069c83fa6dc?s=96&d=mm&r=g","contentUrl":"https:\/\/secure.gravatar.com\/avatar\/a5baaf0e270319d09c0efce6a9dd03ff93175913c70afe26595c0069c83fa6dc?s=96&d=mm&r=g","caption":"Samnaz"}}]}},"_links":{"self":[{"href":"https:\/\/www.samnaz.org\/pt\/wp-json\/wp\/v2\/posts\/47185","targetHints":{"allow":["GET"]}}],"collection":[{"href":"https:\/\/www.samnaz.org\/pt\/wp-json\/wp\/v2\/posts"}],"about":[{"href":"https:\/\/www.samnaz.org\/pt\/wp-json\/wp\/v2\/types\/post"}],"author":[{"embeddable":true,"href":"https:\/\/www.samnaz.org\/pt\/wp-json\/wp\/v2\/users\/4"}],"replies":[{"embeddable":true,"href":"https:\/\/www.samnaz.org\/pt\/wp-json\/wp\/v2\/comments?post=47185"}],"version-history":[{"count":7,"href":"https:\/\/www.samnaz.org\/pt\/wp-json\/wp\/v2\/posts\/47185\/revisions"}],"predecessor-version":[{"id":47222,"href":"https:\/\/www.samnaz.org\/pt\/wp-json\/wp\/v2\/posts\/47185\/revisions\/47222"}],"wp:featuredmedia":[{"embeddable":true,"href":"https:\/\/www.samnaz.org\/pt\/wp-json\/wp\/v2\/media\/47195"}],"wp:attachment":[{"href":"https:\/\/www.samnaz.org\/pt\/wp-json\/wp\/v2\/media?parent=47185"}],"wp:term":[{"taxonomy":"category","embeddable":true,"href":"https:\/\/www.samnaz.org\/pt\/wp-json\/wp\/v2\/categories?post=47185"},{"taxonomy":"post_tag","embeddable":true,"href":"https:\/\/www.samnaz.org\/pt\/wp-json\/wp\/v2\/tags?post=47185"}],"curies":[{"name":"wp","href":"https:\/\/api.w.org\/{rel}","templated":true}]}}