{"id":47738,"date":"2024-10-17T19:24:00","date_gmt":"2024-10-17T22:24:00","guid":{"rendered":"https:\/\/www.samnaz.org\/?p=47738"},"modified":"2024-10-17T20:15:50","modified_gmt":"2024-10-17T23:15:50","slug":"100-anos-iluminando-el-amazonas","status":"publish","type":"post","link":"https:\/\/www.samnaz.org\/pt\/100-anos-iluminando-el-amazonas\/","title":{"rendered":"100 ANOS ILUMINANDO O AMAZONAS"},"content":{"rendered":"<p>[et_pb_section fb_built=\u00bb1&#8243; _builder_version=\u00bb4.16&#8243; _module_preset=\u00bbdefault\u00bb custom_padding=\u00bb0px||||false|false\u00bb global_colors_info=\u00bb{}\u00bb][et_pb_row disabled_on=\u00bbon|on|on\u00bb _builder_version=\u00bb4.16&#8243; _module_preset=\u00bbdefault\u00bb disabled=\u00bbon\u00bb global_colors_info=\u00bb{}\u00bb][et_pb_column type=\u00bb4_4&#8243; _builder_version=\u00bb4.16&#8243; _module_preset=\u00bbdefault\u00bb global_colors_info=\u00bb{}\u00bb][et_pb_text disabled_on=\u00bboff|off|off\u00bb _builder_version=\u00bb4.16&#8243; _module_preset=\u00bbdefault\u00bb text_text_color=\u00bb#0C71C3&#8243; text_font_size=\u00bb23px\u00bb text_orientation=\u00bbcenter\u00bb global_colors_info=\u00bb{}\u00bb]<\/p>\n<p>CONTENIDO EN ESPA\u00d1OL<\/p>\n<p>[\/et_pb_text][\/et_pb_column][\/et_pb_row][et_pb_row module_class=\u00bbespanol\u00bb _builder_version=\u00bb4.16&#8243; _module_preset=\u00bbdefault\u00bb width=\u00bb100%\u00bb global_colors_info=\u00bb{}\u00bb][et_pb_column type=\u00bb4_4&#8243; module_class=\u00bbcolLeft\u00bb _builder_version=\u00bb4.16&#8243; _module_preset=\u00bbdefault\u00bb custom_padding=\u00bb|50px|||false|false\u00bb custom_padding_tablet=\u00bb|20px||20px|false|true\u00bb custom_padding_phone=\u00bb\u00bb custom_padding_last_edited=\u00bbon|phone\u00bb border_color_all=\u00bb#e0e0e0&#8243; border_width_right_tablet=\u00bb0px\u00bb border_width_right_phone=\u00bb0px\u00bb border_width_right_last_edited=\u00bbon|desktop\u00bb global_colors_info=\u00bb{}\u00bb][et_pb_code admin_label=\u00bbCode\u00bb _builder_version=\u00bb4.16&#8243; _module_preset=\u00bbdefault\u00bb background_enable_color=\u00bboff\u00bb positioning=\u00bbabsolute\u00bb position_origin_a=\u00bbtop_right\u00bb vertical_offset=\u00bb10px\u00bb horizontal_offset=\u00bb50px\u00bb z_index=\u00bb137&#8243; vertical_offset_tablet=\u00bb\u00bb vertical_offset_phone=\u00bb-45px\u00bb vertical_offset_last_edited=\u00bbon|phone\u00bb horizontal_offset_tablet=\u00bb20px\u00bb horizontal_offset_phone=\u00bb\u00bb horizontal_offset_last_edited=\u00bbon|phone\u00bb position_origin_a_tablet=\u00bb\u00bb position_origin_a_phone=\u00bb\u00bb position_origin_a_last_edited=\u00bbon|desktop\u00bb position_origin_f_tablet=\u00bb\u00bb position_origin_f_phone=\u00bb\u00bb position_origin_f_last_edited=\u00bbon|desktop\u00bb position_origin_r_tablet=\u00bb\u00bb position_origin_r_phone=\u00bb\u00bb position_origin_r_last_edited=\u00bbon|desktop\u00bb text_orientation=\u00bbright\u00bb width=\u00bb160px\u00bb height=\u00bb30px\u00bb positioning_tablet=\u00bb\u00bb positioning_phone=\u00bb\u00bb positioning_last_edited=\u00bbon|desktop\u00bb global_colors_info=\u00bb{}\u00bb]<!-- AddToAny BEGIN --><!-- [et_pb_line_break_holder] --><a class=\"a2a_dd\" href=\"https:\/\/www.addtoany.com\/share\" style=\"background: black;<!-- [et_pb_line_break_holder] -->    font-size: 18px;<!-- [et_pb_line_break_holder] -->    color: white;<!-- [et_pb_line_break_holder] -->    padding: 10px;text-transform: uppercase;\u00bb><!-- [et_pb_line_break_holder] -->  <svg style=\"width: 20px;\" aria-hidden=\"true\" focusable=\"false\" data-prefix=\"fas\" data-icon=\"share-square\" role=\"img\" xmlns=\"http:\/\/www.w3.org\/2000\/svg\" viewbox=\"0 0 576 512\" data-fa-i2svg=\"\"><path fill=\"currentColor\" d=\"M568.482 177.448L424.479 313.433C409.3 327.768 384 317.14 384 295.985v-71.963c-144.575.97-205.566 35.113-164.775 171.353 4.483 14.973-12.846 26.567-25.006 17.33C155.252 383.105 120 326.488 120 269.339c0-143.937 117.599-172.5 264-173.312V24.012c0-21.174 25.317-31.768 40.479-17.448l144.003 135.988c10.02 9.463 10.028 25.425 0 34.896zM384 379.128V448H64V128h50.916a11.99 11.99 0 0 0 8.648-3.693c14.953-15.568 32.237-27.89 51.014-37.676C185.708 80.83 181.584 64 169.033 64H48C21.49 64 0 85.49 0 112v352c0 26.51 21.49 48 48 48h352c26.51 0 48-21.49 48-48v-88.806c0-8.288-8.197-14.066-16.011-11.302a71.83 71.83 0 0 1-34.189 3.377c-7.27-1.046-13.8 4.514-13.8 11.859z\"><\/path><\/svg><!-- [et_pb_line_break_holder] -->  COMPARTILHAR<!-- [et_pb_line_break_holder] --><\/a><!-- [et_pb_line_break_holder] --><script async src=\"https:\/\/static.addtoany.com\/menu\/page.js\"><\/script><!-- [et_pb_line_break_holder] --><!-- AddToAny END -->[\/et_pb_code][et_pb_text _builder_version=\u00bb4.27.2&#8243; _module_preset=\u00bbdefault\u00bb text_font=\u00bb|700|||||||\u00bb text_font_size=\u00bb25px\u00bb width=\u00bb78%\u00bb width_tablet=\u00bb\u00bb width_phone=\u00bb100%\u00bb width_last_edited=\u00bbon|phone\u00bb custom_margin=\u00bb||5px|||\u00bb global_colors_info=\u00bb{}\u00bb]<\/p>\n<p><strong>100 ANOS ILUMINANDO O AMAZONAS<\/strong><\/p>\n<p>[\/et_pb_text][et_pb_post_title title=\u00bboff\u00bb comments=\u00bboff\u00bb module_class=\u00bbtituloNoti\u00bb _builder_version=\u00bb4.16&#8243; _module_preset=\u00bbdefault\u00bb width_tablet=\u00bb\u00bb width_phone=\u00bb\u00bb width_last_edited=\u00bbon|phone\u00bb custom_padding=\u00bb|0px|||false|false\u00bb custom_padding_tablet=\u00bb|0px|||false|false\u00bb custom_padding_phone=\u00bb|0px|||false|false\u00bb custom_padding_last_edited=\u00bbon|phone\u00bb border_color_right=\u00bb#e8e8e8&#8243; border_width_right_tablet=\u00bb0px\u00bb border_width_right_phone=\u00bb\u00bb border_width_right_last_edited=\u00bbon|desktop\u00bb global_colors_info=\u00bb{}\u00bb][\/et_pb_post_title][et_pb_text _builder_version=\u00bb4.27.2&#8243; _module_preset=\u00bbdefault\u00bb text_font_size=\u00bb17px\u00bb global_colors_info=\u00bb{}\u00bb]<\/p>\n<p class=\"p1\"><strong>(CNAS Per\u00fa) <\/strong><i>\u201cVi tan claro como la visi\u00f3n del pastor Pablo del var\u00f3n macedonio, una tribu de ind\u00edgenas del Alto Amazonas\u2026 Una mano parec\u00eda se\u00f1alar hacia ellos y tuve la convicci\u00f3n de que ese era mi campo de trabajo\u201d<\/i> &#8211; Roger Winans, 1914 -, estas fueron las palabras que describen el llamado y misi\u00f3n de estos misioneros que iluminaron el Amazonas hace 100 a\u00f1os. Su llamado fue a la selva amazonas, muy claro y directo; mientras llegaba a ese lugar, Roger Winans fue plantando la semilla por varios lugares f\u00e9rtiles a la Palabra de Dios en Per\u00fa. <b><br \/><\/b><\/p>\n<p class=\"p1\">Los d\u00edas 10 al 12 de octubre de 2024 se desarroll\u00f3 un evento sin precedentes, la celebraci\u00f3n de los 100 a\u00f1os de la llegada del evangelio por medio de la Iglesia del Nazareno a las tribus Awaj\u00fan, Wampis entre otros, en la regi\u00f3n Amazonas en la selva de Per\u00fa.<\/p>\n<p class=\"p1\">Roger Winans junto con su esposa Mary Hunt y su familia llegaron a Per\u00fa el 1 de noviembre del a\u00f1o 1914, desembarcando en el puerto de Pacasmayo regi\u00f3n de la costa norte de Per\u00fa; Mary fallece en Pacasmayo un tiempo despu\u00e9s de su llegada, esta fue una de las grandes pruebas y dificultades que tuvo que enfrentar. En 1919 se casa con Ester Carson con quien viaja a la selva, a la tribu aguaruna. Inici\u00f3 su trabajo misionero recorriendo la sierra de la regi\u00f3n Cajamarca; cruzando las provincias de Santa Cruz, San Miguel, Chota, Cutervo y Ja\u00e9n. 10 a\u00f1os despu\u00e9s lleg\u00f3 a las comunidades Awaj\u00fan donde desarroll\u00f3 la misi\u00f3n evangelizadora durante 34 a\u00f1os; el misionero Roger Winans viaj\u00f3 a participar de la asamblea distrital en Chiclayo el a\u00f1o 1925, llevando algunos hermanos aguarunas quienes por primera vez en la historia presenciaban un evento as\u00ed, adem\u00e1s esto fue una novedad para los asamble\u00edstas.<\/p>\n<p class=\"p1\">El impacto de la misi\u00f3n de Roger Winans y Esther Carson, est\u00e1 escrito en la historia de Per\u00fa: La iglesia llego primero antes que otras instituciones del estado, implementando proyectos de educaci\u00f3n, salud, agricultura, pesca y una lengua hablada a un vocablo escrito, el alfabeto Awaj\u00fan. El empoderamiento de las tribus aguarunas al aprender a leer y escribir, fue el proyecto m\u00e1s loable de Esther Carson, ella fue la promotora en organizar a los aguarunas para que por primera vez obtuvieran el documento de identificaci\u00f3n peruano y de esta forma el gobierno los pudiera reconocer como ciudadanos por primera vez, el desarrollo agr\u00edcola, el cuidado de sus bosques, la protecci\u00f3n de las mujeres y los ni\u00f1os, y la educaci\u00f3n cristiana, el alcance e impacto no se pueden medir en esta tierra. <\/p>\n<p class=\"p1\">El evento \u201c100 A\u00f1os Iluminando el Amazonas\u201d, celebrado en las instalaciones del Seminario Nazareno de Per\u00fa, subsede Nuevo Horizonte, tuvo como prop\u00f3sito adorar y dar gracias a Dios por su obra maravillosa en este trayecto de la misi\u00f3n de la Iglesia del Nazareno, celebrar con regocijo junto a toda la iglesia en Per\u00fa y desafiarnos para el futuro. Tres d\u00edas de conferencias y talleres para m\u00e1s de 300 pastores y l\u00edderes marcaron un hito en esta historia. Esta fiesta estuvo honrada por la presencia del misionero que sigui\u00f3 las huellas de Winans, el Dr. Larry Garman, quien lleg\u00f3 a la tribu Awaj\u00fan en 1965, sirviendo con dedicaci\u00f3n hasta la fecha, aun siendo jubilado. Junto al Dr. Garman, se cont\u00f3 con otros ponentes como superintendentes, el coordinador de estrategia de \u00e1rea, el Dr. Evelio V\u00e1squez y el Dr. Tom\u00e1s Gutierrez.<\/p>\n<p>El Dr. Garman, comparti\u00f3 un impactante testimonio de su llamado, su pasi\u00f3n y estrategia para el crecimiento y desarrollo de la iglesia, hasta la organizaci\u00f3n de tres distritos en esta parte del pa\u00eds. Si se puede hablar de logros en esta celebraci\u00f3n, se puede contar las m\u00e1s de 200 iglesias y el inicio de la iglesia en Loreto y Pucallpa, actualmente distritos, que corresponden a la visi\u00f3n y pasi\u00f3n de los Garman. Gregorio Garman, hijo del Dr. Garman, tambi\u00e9n estuvo presente junto su esposa Leslye y relat\u00f3 c\u00f3mo ayud\u00f3 en la construcci\u00f3n de los edificios del Seminario y el centro distrital. Tambi\u00e9n estuvieron presentes, diez superintendentes de distrito, con muchas donaciones para la celebraci\u00f3n, coordinadores nacionales de ministerio, resaltando el ministerio M\u00e1xima Misi\u00f3n a trav\u00e9s de la JNI.<\/p>\n<p class=\"p1\">Esta celebraci\u00f3n, se clausur\u00f3 con una gran caravana de m\u00e1s de 2 mil personas que se trasladaron hasta Imacita, situada a una hora y media marchando desde Nuevo Horizonte. Este recorrido fue con mucho gozo elevando alabanzas a Dios tanto en espa\u00f1ol, como tambi\u00e9n en awaj\u00fan, representando de manera simb\u00f3lica el recorrido que realiz\u00f3 el primer misionero iluminando el Amazonas con la Palabra de Dios.<\/p>\n<p class=\"p1\">La agrupaci\u00f3n musical de \u201cLos Hermanos Mej\u00eda\u201d que hab\u00edan ministrado en la m\u00fasica todo este tiempo, hicieron cantar con mucha emoci\u00f3n a casi tres mil personas que hab\u00edan llenado el centro polideportivo de Imacita; y no pod\u00eda faltar los himnos, tocados y cantados por Gregorio y Leslye, acompa\u00f1ados del violinista, David Ewart. El mensaje estuvo a cargo del presidente de la AIN, el Rev. Oscar Suarez Becerra. El presidente del Comit\u00e9 Organizador, el Rev. Edgardo Rom\u00e1n, muy emocionado, clausur\u00f3 con mucha gratitud a Dios y a todos los que hicieron posible esta celebraci\u00f3n, desafiando a la iglesia a continuar cumpliendo la misi\u00f3n encomendada por el Se\u00f1or.<\/p>\n<p class=\"p1\"><b>Algunos de los testimonios de los presentes:<br \/><\/b><\/p>\n<p class=\"p1\"><b><i>\u201c<\/i><\/b><i>Feliz de participar de este evento. La verdad, es como haber llegado a otro pa\u00eds con una cultura diferente, y vuelvo desafiado viendo el trabajo que nuestros misioneros realizan en este lugar.\u201d<\/i> <b>Jaime Gaona Linares.<\/b><\/p>\n<p class=\"p1\"><i>\u201cEstoy muy agradecido a Dios por lo que \u00c9l ha hecho a trav\u00e9s de nuestros misioneros en este lugar, a parte de la celebraci\u00f3n junto a nuestros hermanos awajun, regresamos desafiados a involucrarse en la actividad misionera y formar l\u00edderes dispuestos a cumplir la misi\u00f3n.\u201d <\/i><b>H\u00e9ctor D\u00edaz Bautista.<\/b><\/p>\n<p class=\"p1\">\u201c<i>Nosotros vivimos muchos a\u00f1os en esta regi\u00f3n de la selva y nos sentimos muy contentos de estar celebrando este tiempo, ahora vivimos en Estados Unidos, pero cada a\u00f1o regresamos a visitar los hermanos de esta regi\u00f3n, nos gusta mucho su comida, y la representaci\u00f3n de la iglesia en esta zona es impresionante.<\/i>\u201d <b>Gregorio y Leslye Garman.<\/b><\/p>\n<p class=\"p1\"><i>\u201cMuy contento y a la vez sorprendido por estar viviendo esta experiencia junto a nuestros misioneros y nuestros hermanos que nos visitan de todo el Per\u00fa. La verdad, no lo esperaba, pero Dios nos regala estos tiempos hermosos.\u201d <\/i><b>Roy Cristian Chumpi<\/b><\/p>\n<p class=\"p1\"><i>\u201cMe siento muy agradecida de presenciar esta celebraci\u00f3n, gracias tambi\u00e9n a la invitaci\u00f3n de nuestro director del seminario para apoyar en la organizaci\u00f3n de este evento. Yo estudi\u00e9 en este lugar y ahora estoy trabajando en el distrito Nor Oriente.\u201d <\/i><b>Delvi V\u00e1squez Abanto<\/b><\/p>\n<p class=\"p1\"><i>\u201cEstoy muy emocionado de ser nazareno, estoy muy agradecido por nuestros misioneros quienes trabajaron para sembrar la Palabra en nuestros corazones y ahora ser parte de esta gran familia cristiana.\u201d <\/i><b>Eduardo Kayip<\/b><\/p>\n<p class=\"p1\"><i>\u201cEs incre\u00edble ver como la Iglesia del Nazareno cumple la misi\u00f3n a\u00f1o tras a\u00f1o y d\u00e9cada tras d\u00e9cada, nos desaf\u00eda a cada uno de nosotros a seguir sirviendo al Se\u00f1or con todo nuestro coraz\u00f3n llevando el evangelio de salvaci\u00f3n a todo lugar.\u201d<\/i> <b>Elizabeth Soto Mayor<\/b><\/p>\n<p class=\"p1\"><i>\u201cEs la primera vez que llego a este lugar y me impresiona todo esto. Este evento ha marcado nuestras vidas con el testimonio de nuestros misioneros. Yo hab\u00eda le\u00eddo algunos libros sobre nuestra regi\u00f3n Amazonas, pero no me imagin\u00e9 el gran desarrollo de la Iglesia del Nazareno entre las comunidades de habla awaj\u00fan\u201d.<\/i> <b>Abner Casta\u00f1eda Becerra<\/b><\/p>\n<p class=\"p1\">Como Iglesia del Nazareno estamos desafiados a seguir el legado de nuestros misioneros, muchos de ellos ofrendaron sus vidas por cumplir la misi\u00f3n de predicar la Palabra de Dios.<\/p>\n<p><em><strong>Fonte\u00a0<\/strong><\/em><em>Iglesia del Nazareno \u2013 Per\u00fa<\/em><\/p>\n<p>[\/et_pb_text][\/et_pb_column][\/et_pb_row][et_pb_row disabled_on=\u00bbon|on|on\u00bb _builder_version=\u00bb4.16&#8243; _module_preset=\u00bbdefault\u00bb disabled=\u00bbon\u00bb global_colors_info=\u00bb{}\u00bb][et_pb_column type=\u00bb4_4&#8243; _builder_version=\u00bb4.16&#8243; _module_preset=\u00bbdefault\u00bb global_colors_info=\u00bb{}\u00bb][et_pb_text disabled_on=\u00bboff|off|off\u00bb _builder_version=\u00bb4.16&#8243; _module_preset=\u00bbdefault\u00bb text_text_color=\u00bb#0C71C3&#8243; text_font_size=\u00bb23px\u00bb text_orientation=\u00bbcenter\u00bb global_colors_info=\u00bb{}\u00bb]<\/p>\n<p>CONTENIDO EN PORTUGUES<\/p>\n<p>[\/et_pb_text][\/et_pb_column][\/et_pb_row][et_pb_row module_class=\u00bbportugues\u00bb _builder_version=\u00bb4.16&#8243; _module_preset=\u00bbdefault\u00bb width=\u00bb100%\u00bb global_colors_info=\u00bb{}\u00bb][et_pb_column type=\u00bb4_4&#8243; module_class=\u00bbcolLeft\u00bb _builder_version=\u00bb4.16&#8243; _module_preset=\u00bbdefault\u00bb custom_padding=\u00bb|50px|||false|false\u00bb custom_padding_tablet=\u00bb|20px||20px|false|true\u00bb custom_padding_phone=\u00bb\u00bb custom_padding_last_edited=\u00bbon|phone\u00bb border_color_all=\u00bb#e0e0e0&#8243; border_width_right_tablet=\u00bb0px\u00bb border_width_right_phone=\u00bb0px\u00bb border_width_right_last_edited=\u00bbon|desktop\u00bb global_colors_info=\u00bb{}\u00bb][et_pb_code admin_label=\u00bbCode\u00bb _builder_version=\u00bb4.16&#8243; _module_preset=\u00bbdefault\u00bb background_enable_color=\u00bboff\u00bb positioning=\u00bbabsolute\u00bb position_origin_a=\u00bbtop_right\u00bb vertical_offset=\u00bb10px\u00bb horizontal_offset=\u00bb50px\u00bb z_index=\u00bb137&#8243; vertical_offset_tablet=\u00bb\u00bb vertical_offset_phone=\u00bb-45px\u00bb vertical_offset_last_edited=\u00bbon|phone\u00bb horizontal_offset_tablet=\u00bb20px\u00bb horizontal_offset_phone=\u00bb\u00bb horizontal_offset_last_edited=\u00bbon|phone\u00bb position_origin_a_tablet=\u00bb\u00bb position_origin_a_phone=\u00bb\u00bb position_origin_a_last_edited=\u00bbon|desktop\u00bb position_origin_f_tablet=\u00bb\u00bb position_origin_f_phone=\u00bb\u00bb position_origin_f_last_edited=\u00bbon|desktop\u00bb position_origin_r_tablet=\u00bb\u00bb position_origin_r_phone=\u00bb\u00bb position_origin_r_last_edited=\u00bbon|desktop\u00bb text_orientation=\u00bbright\u00bb width=\u00bb190px\u00bb height=\u00bb30px\u00bb positioning_tablet=\u00bb\u00bb positioning_phone=\u00bb\u00bb positioning_last_edited=\u00bbon|desktop\u00bb global_colors_info=\u00bb{}\u00bb]<!-- AddToAny BEGIN --><!-- [et_pb_line_break_holder] --><a class=\"a2a_dd\" href=\"https:\/\/www.addtoany.com\/share\" style=\"background: black;<!-- [et_pb_line_break_holder] -->    font-size: 18px;<!-- [et_pb_line_break_holder] -->    color: white;<!-- [et_pb_line_break_holder] -->    padding: 10px;text-transform: uppercase;\u00bb><!-- [et_pb_line_break_holder] -->  <svg style=\"width: 20px;\" aria-hidden=\"true\" focusable=\"false\" data-prefix=\"fas\" data-icon=\"share-square\" role=\"img\" xmlns=\"http:\/\/www.w3.org\/2000\/svg\" viewbox=\"0 0 576 512\" data-fa-i2svg=\"\"><path fill=\"currentColor\" d=\"M568.482 177.448L424.479 313.433C409.3 327.768 384 317.14 384 295.985v-71.963c-144.575.97-205.566 35.113-164.775 171.353 4.483 14.973-12.846 26.567-25.006 17.33C155.252 383.105 120 326.488 120 269.339c0-143.937 117.599-172.5 264-173.312V24.012c0-21.174 25.317-31.768 40.479-17.448l144.003 135.988c10.02 9.463 10.028 25.425 0 34.896zM384 379.128V448H64V128h50.916a11.99 11.99 0 0 0 8.648-3.693c14.953-15.568 32.237-27.89 51.014-37.676C185.708 80.83 181.584 64 169.033 64H48C21.49 64 0 85.49 0 112v352c0 26.51 21.49 48 48 48h352c26.51 0 48-21.49 48-48v-88.806c0-8.288-8.197-14.066-16.011-11.302a71.83 71.83 0 0 1-34.189 3.377c-7.27-1.046-13.8 4.514-13.8 11.859z\"><\/path><\/svg><!-- [et_pb_line_break_holder] -->  Compartilhar<!-- [et_pb_line_break_holder] --><\/a><!-- [et_pb_line_break_holder] --><script async src=\"https:\/\/static.addtoany.com\/menu\/page.js\"><\/script><!-- [et_pb_line_break_holder] --><!-- AddToAny END -->[\/et_pb_code][et_pb_text _builder_version=\u00bb4.27.2&#8243; _module_preset=\u00bbdefault\u00bb text_font=\u00bb|700|||||||\u00bb text_font_size=\u00bb25px\u00bb width=\u00bb78%\u00bb width_tablet=\u00bb\u00bb width_phone=\u00bb100%\u00bb width_last_edited=\u00bbon|phone\u00bb custom_margin=\u00bb||5px|||\u00bb global_colors_info=\u00bb{}\u00bb]<\/p>\n<p><strong>100 ANOS ILUMINANDO O AMAZONAS<\/strong><\/p>\n<p>[\/et_pb_text][et_pb_post_title title=\u00bboff\u00bb comments=\u00bboff\u00bb module_class=\u00bbtituloNoti\u00bb _builder_version=\u00bb4.16&#8243; _module_preset=\u00bbdefault\u00bb width_tablet=\u00bb\u00bb width_phone=\u00bb\u00bb width_last_edited=\u00bbon|phone\u00bb custom_padding=\u00bb|0px|||false|false\u00bb custom_padding_tablet=\u00bb|0px|||false|false\u00bb custom_padding_phone=\u00bb|0px|||false|false\u00bb custom_padding_last_edited=\u00bbon|phone\u00bb border_color_right=\u00bb#e8e8e8&#8243; border_width_right_tablet=\u00bb0px\u00bb border_width_right_phone=\u00bb\u00bb border_width_right_last_edited=\u00bbon|desktop\u00bb global_colors_info=\u00bb{}\u00bb][\/et_pb_post_title][et_pb_text _builder_version=\u00bb4.27.2&#8243; _module_preset=\u00bbdefault\u00bb text_font_size=\u00bb17px\u00bb global_colors_info=\u00bb{}\u00bb]<\/p>\n<p class=\"p1\" style=\"text-align: justify;\"><strong>(CNAS Peru) <\/strong><i>\u00abVi t\u00e3o claro como a vis\u00e3o do pastor Paulo sobre o var\u00e3o maced\u00f4nio, uma tribo de ind\u00edgenas do Alto Amazonas&#8230; Uma m\u00e3o parecia apontar para eles e tive a convic\u00e7\u00e3o de que esse era o meu campo de trabalho\u00bb<\/i> &#8211; Roger Winans, 1914. Essas foram as palavras que descrevem o chamado e a miss\u00e3o desses mission\u00e1rios que iluminaram o Amazonas h\u00e1 100 anos. Seu chamado foi para a floresta amaz\u00f4nica, muito claro e direto; enquanto chegava a esse lugar, Roger Winans foi plantando a semente em v\u00e1rios terrenos f\u00e9rteis para a Palavra de Deus no Peru.<\/p>\n<p class=\"p1\" style=\"text-align: justify;\">Nos dias 10 a 12 de outubro de 2024, foi realizado um evento sem precedentes, a celebra\u00e7\u00e3o dos 100 anos da chegada do evangelho atrav\u00e9s da Igreja do Nazareno \u00e0s tribos Awaj\u00fan, Wampis e outras, na regi\u00e3o Amaz\u00f4nica da floresta peruana.<\/p>\n<p class=\"p1\" style=\"text-align: justify;\">Roger Winans, juntamente com sua esposa Mary Hunt e sua fam\u00edlia, chegaram ao Peru em 1\u00ba de novembro de 1914, desembarcando no porto de Pacasmayo, na regi\u00e3o da costa norte do Peru. Mary faleceu em Pacasmayo algum tempo depois de sua chegada, sendo essa uma das grandes prova\u00e7\u00f5es e dificuldades que ele teve que enfrentar. Em 1919, casou-se com Esther Carson, com quem viajou para a floresta, \u00e0 tribo aguaruna. Ele iniciou seu trabalho mission\u00e1rio percorrendo as montanhas da regi\u00e3o de Cajamarca, cruzando as prov\u00edncias de Santa Cruz, San Miguel, Chota, Cutervo e Ja\u00e9n. Dez anos depois, chegou \u00e0s comunidades Awaj\u00fan, onde desenvolveu sua miss\u00e3o evangel\u00edstica durante 34 anos. O mission\u00e1rio Roger Winans viajou para participar da assembleia distrital em Chiclayo em 1925, levando alguns irm\u00e3os aguarunas, que pela primeira vez na hist\u00f3ria presenciavam um evento assim, o que tamb\u00e9m foi uma novidade para os demais participantes da assembleia.<\/p>\n<p class=\"p1\" style=\"text-align: justify;\">O impacto da miss\u00e3o de Roger Winans e Esther Carson est\u00e1 registrado na hist\u00f3ria do Peru: a igreja chegou primeiro, antes de outras institui\u00e7\u00f5es estatais, implementando projetos de educa\u00e7\u00e3o, sa\u00fade, agricultura, pesca e transformando uma l\u00edngua falada em um vocabul\u00e1rio escrito, o alfabeto Awaj\u00fan. O empoderamento das tribos Aguarunas ao aprenderem a ler e escrever foi o projeto mais louv\u00e1vel de Esther Carson. Ela foi a promotora de organizar os Aguarunas para que, pela primeira vez, obtivessem o documento de identifica\u00e7\u00e3o peruano, de forma que o governo pudesse reconhec\u00ea-los como cidad\u00e3os. O desenvolvimento agr\u00edcola, o cuidado de suas florestas, a prote\u00e7\u00e3o das mulheres e crian\u00e7as, e a educa\u00e7\u00e3o crist\u00e3 \u2014 o alcance e impacto n\u00e3o podem ser medidos neste mundo.<\/p>\n<p class=\"p1\" style=\"text-align: justify;\">O evento \u00ab100 Anos Iluminando o Amazonas\u00bb, realizado nas instala\u00e7\u00f5es do Semin\u00e1rio Nazareno do Peru, subsede Nuevo Horizonte, teve como prop\u00f3sito adorar e agradecer a Deus por sua obra maravilhosa neste trajeto da miss\u00e3o da Igreja do Nazareno, celebrar com regozijo junto a toda a igreja no Peru e nos desafiar para o futuro. Tr\u00eas dias de confer\u00eancias e oficinas para mais de 300 pastores e l\u00edderes marcaram um marco nesta hist\u00f3ria. Esta festa contou com a presen\u00e7a honrosa do mission\u00e1rio que seguiu os passos de Winans, o Dr. Larry Garman, que chegou \u00e0 tribo Awaj\u00fan em 1965, servindo com dedica\u00e7\u00e3o at\u00e9 hoje, mesmo aposentado. Junto com o Dr. Garman, outros palestrantes participaram, como superintendentes, o coordenador de estrat\u00e9gia de \u00e1rea, Dr. Evelio V\u00e1squez, e o Dr. Tom\u00e1s Gutierrez.<\/p>\n<p class=\"p1\" style=\"text-align: justify;\">O Dr. Garman compartilhou um testemunho impactante sobre seu chamado, sua paix\u00e3o e estrat\u00e9gia para o crescimento e desenvolvimento da igreja, at\u00e9 a organiza\u00e7\u00e3o de tr\u00eas distritos nesta parte do pa\u00eds. Se \u00e9 poss\u00edvel falar de conquistas nesta celebra\u00e7\u00e3o, pode-se contar as mais de 200 igrejas e o in\u00edcio da igreja em Loreto e Pucallpa, atualmente distritos, que correspondem \u00e0 vis\u00e3o e paix\u00e3o dos Garman. Greg\u00f3rio Garman, filho do Dr. Garman, tamb\u00e9m esteve presente junto com sua esposa Leslye e relatou como ajudou na constru\u00e7\u00e3o dos pr\u00e9dios do Semin\u00e1rio e do centro distrital. Tamb\u00e9m estiveram presentes dez superintendentes distritais, com muitas doa\u00e7\u00f5es para a celebra\u00e7\u00e3o, coordenadores nacionais de minist\u00e9rios, destacando-se o minist\u00e9rio M\u00e1xima Miss\u00e3o atrav\u00e9s da JNI.<\/p>\n<p class=\"p1\" style=\"text-align: justify;\">Essa celebra\u00e7\u00e3o foi encerrada com uma grande caravana de mais de 2 mil pessoas que se deslocaram at\u00e9 Imacita, situada a uma hora e meia de marcha desde Nuevo Horizonte. Esse percurso foi realizado com muita alegria, elevando louvores a Deus tanto em espanhol quanto em awaj\u00fan, representando simbolicamente o caminho percorrido pelo primeiro mission\u00e1rio ao iluminar o Amazonas com a Palavra de Deus.<\/p>\n<p class=\"p1\" style=\"text-align: justify;\">O grupo musical \u00abLos Hermanos Mej\u00eda\u00bb, que ministrou durante todo o evento, fez quase tr\u00eas mil pessoas cantarem com muita emo\u00e7\u00e3o no centro poliesportivo de Imacita. N\u00e3o podiam faltar os hinos, tocados e cantados por Greg\u00f3rio e Leslye, acompanhados pelo violinista David Ewart. A mensagem ficou a cargo do presidente da AIN, o Rev. Oscar Su\u00e1rez Becerra. O presidente do Comit\u00ea Organizador, Rev. Edgardo Rom\u00e1n, muito emocionado, encerrou com grande gratid\u00e3o a Deus e a todos que tornaram essa celebra\u00e7\u00e3o poss\u00edvel, desafiando a igreja a continuar cumprindo a miss\u00e3o confiada pelo Senhor.<\/p>\n<p class=\"p1\" style=\"text-align: justify;\"><b>Alguns testemunhos dos presentes:<\/b><\/p>\n<p class=\"p1\" style=\"text-align: justify;\"><i>\u00abFeliz por participar deste evento. Na verdade, \u00e9 como ter chegado a outro pa\u00eds, com uma cultura diferente, e volto desafiado vendo o trabalho que nossos mission\u00e1rios realizam neste lugar.\u00bb<\/i> <b>Jaime Gaona Linares.<\/b><\/p>\n<p class=\"p1\" style=\"text-align: justify;\"><i>\u00abEstou muito grato a Deus pelo que Ele tem feito atrav\u00e9s dos nossos mission\u00e1rios neste lugar. Al\u00e9m da celebra\u00e7\u00e3o junto aos nossos irm\u00e3os awaj\u00fan, voltamos desafiados a nos envolver na atividade mission\u00e1ria e a formar l\u00edderes dispostos a cumprir a miss\u00e3o.\u00bb <\/i><b>H\u00e9ctor D\u00edaz Bautista.<\/b><\/p>\n<p class=\"p1\" style=\"text-align: justify;\"><i>\u00abVivemos muitos anos nesta regi\u00e3o da floresta e estamos muito felizes por celebrar este tempo. Agora moramos nos Estados Unidos, mas todos os anos voltamos para visitar os irm\u00e3os desta regi\u00e3o. Gostamos muito da comida e a representa\u00e7\u00e3o da igreja nesta zona \u00e9 impressionante.\u00bb <\/i><b>Gregorio e Leslye Garman.<\/b><\/p>\n<p class=\"p1\" style=\"text-align: justify;\"><i>\u00abMuito feliz e, ao mesmo tempo, surpreso por estar vivendo esta experi\u00eancia junto com nossos mission\u00e1rios e nossos irm\u00e3os que nos visitam de todo o Peru. Na verdade, n\u00e3o esperava, mas Deus nos presenteia com esses tempos maravilhosos.\u00bb <\/i><b>Roy Cristian Chumpi.<\/b><\/p>\n<p class=\"p1\" style=\"text-align: justify;\"><i>\u00abEstou muito agradecida por presenciar esta celebra\u00e7\u00e3o, gra\u00e7as tamb\u00e9m ao convite do nosso diretor do semin\u00e1rio para apoiar na organiza\u00e7\u00e3o deste evento. Eu estudei neste lugar e agora estou trabalhando no distrito Nor Oriente.\u00bb <\/i><b>Delvi V\u00e1squez Abanto.<\/b><\/p>\n<p class=\"p1\" style=\"text-align: justify;\"><i>\u00abEstou muito emocionado por ser nazareno, estou muito grato pelos nossos mission\u00e1rios que trabalharam para semear a Palavra em nossos cora\u00e7\u00f5es e agora fa\u00e7o parte desta grande fam\u00edlia crist\u00e3.\u00bb <\/i><b>Eduardo Kayip.<\/b><\/p>\n<p class=\"p1\" style=\"text-align: justify;\"><i>\u00ab\u00c9 incr\u00edvel ver como a Igreja do Nazareno cumpre a miss\u00e3o ano ap\u00f3s ano e d\u00e9cada ap\u00f3s d\u00e9cada, desafiando cada um de n\u00f3s a continuar servindo ao Senhor com todo o cora\u00e7\u00e3o, levando o evangelho de salva\u00e7\u00e3o a todos os lugares.\u00bb <\/i><b>Elizabeth Soto Mayor.<\/b><\/p>\n<p class=\"p1\" style=\"text-align: justify;\"><i>\u00ab\u00c9 a primeira vez que venho a este lugar e estou impressionado com tudo isso. Este evento marcou nossas vidas com o testemunho de nossos mission\u00e1rios. Eu tinha lido alguns livros sobre nossa regi\u00e3o amaz\u00f4nica, mas n\u00e3o imaginava o grande desenvolvimento da Igreja do Nazareno entre as comunidades de l\u00edngua awaj\u00fan.\u00bb <\/i><b>Abner Casta\u00f1eda Becerra.<\/b><\/p>\n<p class=\"p1\" style=\"text-align: justify;\">Como Igreja do Nazareno, somos desafiados a seguir o legado de nossos mission\u00e1rios, muitos dos quais deram suas vidas para cumprir a miss\u00e3o de pregar a Palavra de Deus.<\/p>\n<p style=\"text-align: justify;\"><em><strong>Fonte:\u00a0<\/strong><\/em><em>Igreja do Nazareno \u2013 Peru<\/em><\/p>\n<p>[\/et_pb_text][\/et_pb_column][\/et_pb_row][et_pb_row _builder_version=\u00bb4.16&#8243; _module_preset=\u00bbdefault\u00bb width=\u00bb100%\u00bb global_colors_info=\u00bb{}\u00bb][et_pb_column type=\u00bb4_4&#8243; module_class=\u00bbcolLeft\u00bb _builder_version=\u00bb4.16&#8243; _module_preset=\u00bbdefault\u00bb custom_padding=\u00bb|50px|||false|false\u00bb custom_padding_tablet=\u00bb|20px||20px|false|true\u00bb custom_padding_phone=\u00bb\u00bb custom_padding_last_edited=\u00bbon|phone\u00bb border_color_all=\u00bb#e0e0e0&#8243; border_width_right_tablet=\u00bb0px\u00bb border_width_right_phone=\u00bb0px\u00bb border_width_right_last_edited=\u00bbon|desktop\u00bb global_colors_info=\u00bb{}\u00bb][et_pb_gallery gallery_ids=\u00bb47741,47742,47743,47744,47745,47746,47747,47748,47749,47750,47751,47752&#8243; posts_number=\u00bb8&#8243; show_title_and_caption=\u00bboff\u00bb zoom_icon_color=\u00bb#E02B20&#8243; hover_overlay_color=\u00bb#FFFFFF\u00bb hover_icon=\u00bb&#x54;||divi||400&#8243; _builder_version=\u00bb4.27.2&#8243; _module_preset=\u00bbdefault\u00bb title_font_size=\u00bb0px\u00bb width=\u00bb100%\u00bb module_alignment=\u00bbcenter\u00bb global_colors_info=\u00bb{}\u00bb][\/et_pb_gallery][\/et_pb_column][\/et_pb_row][\/et_pb_section]<\/p>\n<span class=\"et_bloom_bottom_trigger\"><\/span>","protected":false},"excerpt":{"rendered":"<p>CONTENIDO EN ESPA\u00d1OL<\/p>","protected":false},"author":4,"featured_media":47746,"comment_status":"open","ping_status":"open","sticky":false,"template":"","format":"standard","meta":{"_et_pb_use_builder":"on","_et_pb_old_content":"","_et_gb_content_width":"","_monsterinsights_skip_tracking":false,"_monsterinsights_sitenote_active":false,"_monsterinsights_sitenote_note":"","_monsterinsights_sitenote_category":0,"_vp_format_video_url":"","_vp_image_focal_point":[],"footnotes":""},"categories":[56],"tags":[],"class_list":["post-47738","post","type-post","status-publish","format-standard","has-post-thumbnail","hentry","category-peru"],"yoast_head":"<!-- This site is optimized with the Yoast SEO Premium plugin v23.6 (Yoast SEO v27.5) - https:\/\/yoast.com\/product\/yoast-seo-premium-wordpress\/ -->\n<title>100 A\u00d1OS ILUMINANDO EL AMAZONAS<\/title>\n<meta name=\"description\" content=\"Vi tan claro como la visi\u00f3n del pastor Pablo del var\u00f3n macedonio, una tribu de ind\u00edgenas del Alto Amazonas\u2026\" \/>\n<meta name=\"robots\" content=\"index, follow, max-snippet:-1, max-image-preview:large, max-video-preview:-1\" \/>\n<link rel=\"canonical\" href=\"https:\/\/www.samnaz.org\/pt\/100-anos-iluminando-el-amazonas\/\" \/>\n<meta property=\"og:locale\" content=\"pt_BR\" \/>\n<meta property=\"og:type\" content=\"article\" \/>\n<meta property=\"og:title\" content=\"100 A\u00d1OS ILUMINANDO EL AMAZONAS\" \/>\n<meta property=\"og:description\" content=\"\u201cVi tan claro como la visi\u00f3n del pastor Pablo del var\u00f3n macedonio, una tribu de ind\u00edgenas del Alto Amazonas\u2026 Una mano parec\u00eda se\u00f1alar hacia ellos y tuve la convicci\u00f3n de que ese era mi campo de trabajo\u201d\" \/>\n<meta property=\"og:url\" content=\"https:\/\/www.samnaz.org\/pt\/100-anos-iluminando-el-amazonas\/\" \/>\n<meta property=\"og:site_name\" content=\"Iglesia del Nazareno Am\u00e9rica del Sur\" \/>\n<meta property=\"article:publisher\" content=\"https:\/\/www.facebook.com\/NazarenoEsp\" \/>\n<meta property=\"article:published_time\" content=\"2024-10-17T22:24:00+00:00\" \/>\n<meta property=\"article:modified_time\" content=\"2024-10-17T23:15:50+00:00\" \/>\n<meta property=\"og:image\" content=\"https:\/\/www.samnaz.org\/wp-content\/uploads\/2024\/10\/Main-2.jpeg\" \/>\n\t<meta property=\"og:image:width\" content=\"1600\" \/>\n\t<meta property=\"og:image:height\" content=\"1200\" \/>\n\t<meta property=\"og:image:type\" content=\"image\/jpeg\" \/>\n<meta name=\"author\" content=\"Samnaz\" \/>\n<meta name=\"twitter:card\" content=\"summary_large_image\" \/>\n<meta name=\"twitter:label1\" content=\"Escrito por\" \/>\n\t<meta name=\"twitter:data1\" content=\"Samnaz\" \/>\n\t<meta name=\"twitter:label2\" content=\"Est. tempo de leitura\" \/>\n\t<meta name=\"twitter:data2\" content=\"14 minutos\" \/>\n<script type=\"application\/ld+json\" class=\"yoast-schema-graph\">{\"@context\":\"https:\\\/\\\/schema.org\",\"@graph\":[{\"@type\":\"Article\",\"@id\":\"https:\\\/\\\/www.samnaz.org\\\/100-anos-iluminando-el-amazonas\\\/#article\",\"isPartOf\":{\"@id\":\"https:\\\/\\\/www.samnaz.org\\\/100-anos-iluminando-el-amazonas\\\/\"},\"author\":{\"name\":\"Samnaz\",\"@id\":\"https:\\\/\\\/www.samnaz.org\\\/#\\\/schema\\\/person\\\/c09d1131c49ba510c7e1cbb677b39927\"},\"headline\":\"100 A\u00d1OS ILUMINANDO EL AMAZONAS\",\"datePublished\":\"2024-10-17T22:24:00+00:00\",\"dateModified\":\"2024-10-17T23:15:50+00:00\",\"mainEntityOfPage\":{\"@id\":\"https:\\\/\\\/www.samnaz.org\\\/100-anos-iluminando-el-amazonas\\\/\"},\"wordCount\":289,\"commentCount\":0,\"publisher\":{\"@id\":\"https:\\\/\\\/www.samnaz.org\\\/#organization\"},\"image\":{\"@id\":\"https:\\\/\\\/www.samnaz.org\\\/100-anos-iluminando-el-amazonas\\\/#primaryimage\"},\"thumbnailUrl\":\"https:\\\/\\\/www.samnaz.org\\\/wp-content\\\/uploads\\\/2024\\\/10\\\/Main-2.jpeg\",\"articleSection\":[\"Per\u00fa\"],\"inLanguage\":\"pt-BR\",\"potentialAction\":[{\"@type\":\"CommentAction\",\"name\":\"Comment\",\"target\":[\"https:\\\/\\\/www.samnaz.org\\\/100-anos-iluminando-el-amazonas\\\/#respond\"]}]},{\"@type\":\"WebPage\",\"@id\":\"https:\\\/\\\/www.samnaz.org\\\/100-anos-iluminando-el-amazonas\\\/\",\"url\":\"https:\\\/\\\/www.samnaz.org\\\/100-anos-iluminando-el-amazonas\\\/\",\"name\":\"100 A\u00d1OS ILUMINANDO EL AMAZONAS\",\"isPartOf\":{\"@id\":\"https:\\\/\\\/www.samnaz.org\\\/#website\"},\"primaryImageOfPage\":{\"@id\":\"https:\\\/\\\/www.samnaz.org\\\/100-anos-iluminando-el-amazonas\\\/#primaryimage\"},\"image\":{\"@id\":\"https:\\\/\\\/www.samnaz.org\\\/100-anos-iluminando-el-amazonas\\\/#primaryimage\"},\"thumbnailUrl\":\"https:\\\/\\\/www.samnaz.org\\\/wp-content\\\/uploads\\\/2024\\\/10\\\/Main-2.jpeg\",\"datePublished\":\"2024-10-17T22:24:00+00:00\",\"dateModified\":\"2024-10-17T23:15:50+00:00\",\"description\":\"Vi tan claro como la visi\u00f3n del pastor Pablo del var\u00f3n macedonio, una tribu de ind\u00edgenas del Alto Amazonas\u2026\",\"inLanguage\":\"pt-BR\",\"potentialAction\":[{\"@type\":\"ReadAction\",\"target\":[\"https:\\\/\\\/www.samnaz.org\\\/100-anos-iluminando-el-amazonas\\\/\"]}]},{\"@type\":\"ImageObject\",\"inLanguage\":\"pt-BR\",\"@id\":\"https:\\\/\\\/www.samnaz.org\\\/100-anos-iluminando-el-amazonas\\\/#primaryimage\",\"url\":\"https:\\\/\\\/www.samnaz.org\\\/wp-content\\\/uploads\\\/2024\\\/10\\\/Main-2.jpeg\",\"contentUrl\":\"https:\\\/\\\/www.samnaz.org\\\/wp-content\\\/uploads\\\/2024\\\/10\\\/Main-2.jpeg\",\"width\":1600,\"height\":1200},{\"@type\":\"WebSite\",\"@id\":\"https:\\\/\\\/www.samnaz.org\\\/#website\",\"url\":\"https:\\\/\\\/www.samnaz.org\\\/\",\"name\":\"Haciendo Disc\u00edpulos Semejantes a Cristo en las naciones\",\"description\":\"Haciendo disc\u00edpulos semejantes a Cristo en las Naciones\",\"publisher\":{\"@id\":\"https:\\\/\\\/www.samnaz.org\\\/#organization\"},\"alternateName\":\"Viviendo la Gran Comisi\u00f3n\",\"potentialAction\":[{\"@type\":\"SearchAction\",\"target\":{\"@type\":\"EntryPoint\",\"urlTemplate\":\"https:\\\/\\\/www.samnaz.org\\\/?s={search_term_string}\"},\"query-input\":{\"@type\":\"PropertyValueSpecification\",\"valueRequired\":true,\"valueName\":\"search_term_string\"}}],\"inLanguage\":\"pt-BR\"},{\"@type\":\"Organization\",\"@id\":\"https:\\\/\\\/www.samnaz.org\\\/#organization\",\"name\":\"Iglesia del Nazareno Am\u00e9rica del Sur\",\"url\":\"https:\\\/\\\/www.samnaz.org\\\/\",\"logo\":{\"@type\":\"ImageObject\",\"inLanguage\":\"pt-BR\",\"@id\":\"https:\\\/\\\/www.samnaz.org\\\/#\\\/schema\\\/logo\\\/image\\\/\",\"url\":\"https:\\\/\\\/www.samnaz.org\\\/wp-content\\\/uploads\\\/2021\\\/04\\\/Logo-3-ESP.png\",\"contentUrl\":\"https:\\\/\\\/www.samnaz.org\\\/wp-content\\\/uploads\\\/2021\\\/04\\\/Logo-3-ESP.png\",\"width\":1041,\"height\":780,\"caption\":\"Iglesia del Nazareno Am\u00e9rica del Sur\"},\"image\":{\"@id\":\"https:\\\/\\\/www.samnaz.org\\\/#\\\/schema\\\/logo\\\/image\\\/\"},\"sameAs\":[\"https:\\\/\\\/www.facebook.com\\\/NazarenoEsp\",\"https:\\\/\\\/www.instagram.com\\\/nazarenoesp\\\/\"],\"publishingPrinciples\":\"https:\\\/\\\/www.samnaz.org\\\/\"},{\"@type\":\"Person\",\"@id\":\"https:\\\/\\\/www.samnaz.org\\\/#\\\/schema\\\/person\\\/c09d1131c49ba510c7e1cbb677b39927\",\"name\":\"Samnaz\",\"image\":{\"@type\":\"ImageObject\",\"inLanguage\":\"pt-BR\",\"@id\":\"https:\\\/\\\/secure.gravatar.com\\\/avatar\\\/a5baaf0e270319d09c0efce6a9dd03ff93175913c70afe26595c0069c83fa6dc?s=96&d=mm&r=g\",\"url\":\"https:\\\/\\\/secure.gravatar.com\\\/avatar\\\/a5baaf0e270319d09c0efce6a9dd03ff93175913c70afe26595c0069c83fa6dc?s=96&d=mm&r=g\",\"contentUrl\":\"https:\\\/\\\/secure.gravatar.com\\\/avatar\\\/a5baaf0e270319d09c0efce6a9dd03ff93175913c70afe26595c0069c83fa6dc?s=96&d=mm&r=g\",\"caption\":\"Samnaz\"}}]}<\/script>\n<!-- \/ Yoast SEO Premium plugin. -->","yoast_head_json":{"title":"100 A\u00d1OS ILUMINANDO EL AMAZONAS","description":"Vi tan claro como la visi\u00f3n del pastor Pablo del var\u00f3n macedonio, una tribu de ind\u00edgenas del Alto Amazonas\u2026","robots":{"index":"index","follow":"follow","max-snippet":"max-snippet:-1","max-image-preview":"max-image-preview:large","max-video-preview":"max-video-preview:-1"},"canonical":"https:\/\/www.samnaz.org\/pt\/100-anos-iluminando-el-amazonas\/","og_locale":"pt_BR","og_type":"article","og_title":"100 A\u00d1OS ILUMINANDO EL AMAZONAS","og_description":"\u201cVi tan claro como la visi\u00f3n del pastor Pablo del var\u00f3n macedonio, una tribu de ind\u00edgenas del Alto Amazonas\u2026 Una mano parec\u00eda se\u00f1alar hacia ellos y tuve la convicci\u00f3n de que ese era mi campo de trabajo\u201d","og_url":"https:\/\/www.samnaz.org\/pt\/100-anos-iluminando-el-amazonas\/","og_site_name":"Iglesia del Nazareno Am\u00e9rica del Sur","article_publisher":"https:\/\/www.facebook.com\/NazarenoEsp","article_published_time":"2024-10-17T22:24:00+00:00","article_modified_time":"2024-10-17T23:15:50+00:00","og_image":[{"width":1600,"height":1200,"url":"https:\/\/www.samnaz.org\/wp-content\/uploads\/2024\/10\/Main-2.jpeg","type":"image\/jpeg"}],"author":"Samnaz","twitter_card":"summary_large_image","twitter_misc":{"Escrito por":"Samnaz","Est. tempo de leitura":"14 minutos"},"schema":{"@context":"https:\/\/schema.org","@graph":[{"@type":"Article","@id":"https:\/\/www.samnaz.org\/100-anos-iluminando-el-amazonas\/#article","isPartOf":{"@id":"https:\/\/www.samnaz.org\/100-anos-iluminando-el-amazonas\/"},"author":{"name":"Samnaz","@id":"https:\/\/www.samnaz.org\/#\/schema\/person\/c09d1131c49ba510c7e1cbb677b39927"},"headline":"100 A\u00d1OS ILUMINANDO EL AMAZONAS","datePublished":"2024-10-17T22:24:00+00:00","dateModified":"2024-10-17T23:15:50+00:00","mainEntityOfPage":{"@id":"https:\/\/www.samnaz.org\/100-anos-iluminando-el-amazonas\/"},"wordCount":289,"commentCount":0,"publisher":{"@id":"https:\/\/www.samnaz.org\/#organization"},"image":{"@id":"https:\/\/www.samnaz.org\/100-anos-iluminando-el-amazonas\/#primaryimage"},"thumbnailUrl":"https:\/\/www.samnaz.org\/wp-content\/uploads\/2024\/10\/Main-2.jpeg","articleSection":["Per\u00fa"],"inLanguage":"pt-BR","potentialAction":[{"@type":"CommentAction","name":"Comment","target":["https:\/\/www.samnaz.org\/100-anos-iluminando-el-amazonas\/#respond"]}]},{"@type":"WebPage","@id":"https:\/\/www.samnaz.org\/100-anos-iluminando-el-amazonas\/","url":"https:\/\/www.samnaz.org\/100-anos-iluminando-el-amazonas\/","name":"100 A\u00d1OS ILUMINANDO EL AMAZONAS","isPartOf":{"@id":"https:\/\/www.samnaz.org\/#website"},"primaryImageOfPage":{"@id":"https:\/\/www.samnaz.org\/100-anos-iluminando-el-amazonas\/#primaryimage"},"image":{"@id":"https:\/\/www.samnaz.org\/100-anos-iluminando-el-amazonas\/#primaryimage"},"thumbnailUrl":"https:\/\/www.samnaz.org\/wp-content\/uploads\/2024\/10\/Main-2.jpeg","datePublished":"2024-10-17T22:24:00+00:00","dateModified":"2024-10-17T23:15:50+00:00","description":"Vi tan claro como la visi\u00f3n del pastor Pablo del var\u00f3n macedonio, una tribu de ind\u00edgenas del Alto Amazonas\u2026","inLanguage":"pt-BR","potentialAction":[{"@type":"ReadAction","target":["https:\/\/www.samnaz.org\/100-anos-iluminando-el-amazonas\/"]}]},{"@type":"ImageObject","inLanguage":"pt-BR","@id":"https:\/\/www.samnaz.org\/100-anos-iluminando-el-amazonas\/#primaryimage","url":"https:\/\/www.samnaz.org\/wp-content\/uploads\/2024\/10\/Main-2.jpeg","contentUrl":"https:\/\/www.samnaz.org\/wp-content\/uploads\/2024\/10\/Main-2.jpeg","width":1600,"height":1200},{"@type":"WebSite","@id":"https:\/\/www.samnaz.org\/#website","url":"https:\/\/www.samnaz.org\/","name":"Haciendo Disc\u00edpulos Semejantes a Cristo en las naciones","description":"Haciendo disc\u00edpulos semejantes a Cristo en las Naciones","publisher":{"@id":"https:\/\/www.samnaz.org\/#organization"},"alternateName":"Viviendo la Gran Comisi\u00f3n","potentialAction":[{"@type":"SearchAction","target":{"@type":"EntryPoint","urlTemplate":"https:\/\/www.samnaz.org\/?s={search_term_string}"},"query-input":{"@type":"PropertyValueSpecification","valueRequired":true,"valueName":"search_term_string"}}],"inLanguage":"pt-BR"},{"@type":"Organization","@id":"https:\/\/www.samnaz.org\/#organization","name":"Iglesia del Nazareno Am\u00e9rica del Sur","url":"https:\/\/www.samnaz.org\/","logo":{"@type":"ImageObject","inLanguage":"pt-BR","@id":"https:\/\/www.samnaz.org\/#\/schema\/logo\/image\/","url":"https:\/\/www.samnaz.org\/wp-content\/uploads\/2021\/04\/Logo-3-ESP.png","contentUrl":"https:\/\/www.samnaz.org\/wp-content\/uploads\/2021\/04\/Logo-3-ESP.png","width":1041,"height":780,"caption":"Iglesia del Nazareno Am\u00e9rica del Sur"},"image":{"@id":"https:\/\/www.samnaz.org\/#\/schema\/logo\/image\/"},"sameAs":["https:\/\/www.facebook.com\/NazarenoEsp","https:\/\/www.instagram.com\/nazarenoesp\/"],"publishingPrinciples":"https:\/\/www.samnaz.org\/"},{"@type":"Person","@id":"https:\/\/www.samnaz.org\/#\/schema\/person\/c09d1131c49ba510c7e1cbb677b39927","name":"Samnaz","image":{"@type":"ImageObject","inLanguage":"pt-BR","@id":"https:\/\/secure.gravatar.com\/avatar\/a5baaf0e270319d09c0efce6a9dd03ff93175913c70afe26595c0069c83fa6dc?s=96&d=mm&r=g","url":"https:\/\/secure.gravatar.com\/avatar\/a5baaf0e270319d09c0efce6a9dd03ff93175913c70afe26595c0069c83fa6dc?s=96&d=mm&r=g","contentUrl":"https:\/\/secure.gravatar.com\/avatar\/a5baaf0e270319d09c0efce6a9dd03ff93175913c70afe26595c0069c83fa6dc?s=96&d=mm&r=g","caption":"Samnaz"}}]}},"_links":{"self":[{"href":"https:\/\/www.samnaz.org\/pt\/wp-json\/wp\/v2\/posts\/47738","targetHints":{"allow":["GET"]}}],"collection":[{"href":"https:\/\/www.samnaz.org\/pt\/wp-json\/wp\/v2\/posts"}],"about":[{"href":"https:\/\/www.samnaz.org\/pt\/wp-json\/wp\/v2\/types\/post"}],"author":[{"embeddable":true,"href":"https:\/\/www.samnaz.org\/pt\/wp-json\/wp\/v2\/users\/4"}],"replies":[{"embeddable":true,"href":"https:\/\/www.samnaz.org\/pt\/wp-json\/wp\/v2\/comments?post=47738"}],"version-history":[{"count":3,"href":"https:\/\/www.samnaz.org\/pt\/wp-json\/wp\/v2\/posts\/47738\/revisions"}],"predecessor-version":[{"id":47759,"href":"https:\/\/www.samnaz.org\/pt\/wp-json\/wp\/v2\/posts\/47738\/revisions\/47759"}],"wp:featuredmedia":[{"embeddable":true,"href":"https:\/\/www.samnaz.org\/pt\/wp-json\/wp\/v2\/media\/47746"}],"wp:attachment":[{"href":"https:\/\/www.samnaz.org\/pt\/wp-json\/wp\/v2\/media?parent=47738"}],"wp:term":[{"taxonomy":"category","embeddable":true,"href":"https:\/\/www.samnaz.org\/pt\/wp-json\/wp\/v2\/categories?post=47738"},{"taxonomy":"post_tag","embeddable":true,"href":"https:\/\/www.samnaz.org\/pt\/wp-json\/wp\/v2\/tags?post=47738"}],"curies":[{"name":"wp","href":"https:\/\/api.w.org\/{rel}","templated":true}]}}