{"id":48176,"date":"2025-02-23T22:22:46","date_gmt":"2025-02-24T01:22:46","guid":{"rendered":"https:\/\/www.samnaz.org\/?p=48176"},"modified":"2025-02-23T22:22:53","modified_gmt":"2025-02-24T01:22:53","slug":"jovenes-de-chile-se-unen-en-el-encuentro-nacional-de-jni","status":"publish","type":"post","link":"https:\/\/www.samnaz.org\/pt\/jovenes-de-chile-se-unen-en-el-encuentro-nacional-de-jni\/","title":{"rendered":"JOVENS DO CHILE SE UNEM NO \"ENCONTRO NACIONAL DA JNI\""},"content":{"rendered":"<p>[et_pb_section fb_built=\u00bb1&#8243; _builder_version=\u00bb4.16&#8243; _module_preset=\u00bbdefault\u00bb custom_padding=\u00bb0px||||false|false\u00bb global_colors_info=\u00bb{}\u00bb theme_builder_area=\u00bbpost_content\u00bb][et_pb_row disabled_on=\u00bbon|on|on\u00bb _builder_version=\u00bb4.16&#8243; _module_preset=\u00bbdefault\u00bb disabled=\u00bbon\u00bb global_colors_info=\u00bb{}\u00bb theme_builder_area=\u00bbpost_content\u00bb][et_pb_column type=\u00bb4_4&#8243; _builder_version=\u00bb4.16&#8243; _module_preset=\u00bbdefault\u00bb global_colors_info=\u00bb{}\u00bb theme_builder_area=\u00bbpost_content\u00bb][et_pb_text disabled_on=\u00bboff|off|off\u00bb _builder_version=\u00bb4.16&#8243; _module_preset=\u00bbdefault\u00bb text_text_color=\u00bb#0C71C3&#8243; text_font_size=\u00bb23px\u00bb text_orientation=\u00bbcenter\u00bb global_colors_info=\u00bb{}\u00bb theme_builder_area=\u00bbpost_content\u00bb]<\/p>\n<p>CONTENIDO EN ESPA\u00d1OL<\/p>\n<p>[\/et_pb_text][\/et_pb_column][\/et_pb_row][et_pb_row module_class=\u00bbespanol\u00bb _builder_version=\u00bb4.16&#8243; _module_preset=\u00bbdefault\u00bb width=\u00bb100%\u00bb global_colors_info=\u00bb{}\u00bb theme_builder_area=\u00bbpost_content\u00bb][et_pb_column type=\u00bb4_4&#8243; module_class=\u00bbcolLeft\u00bb _builder_version=\u00bb4.16&#8243; _module_preset=\u00bbdefault\u00bb custom_padding=\u00bb|50px|||false|false\u00bb custom_padding_tablet=\u00bb|20px||20px|false|true\u00bb custom_padding_phone=\u00bb\u00bb custom_padding_last_edited=\u00bbon|phone\u00bb border_color_all=\u00bb#e0e0e0&#8243; border_width_right_tablet=\u00bb0px\u00bb border_width_right_phone=\u00bb0px\u00bb border_width_right_last_edited=\u00bbon|desktop\u00bb global_colors_info=\u00bb{}\u00bb theme_builder_area=\u00bbpost_content\u00bb][et_pb_code admin_label=\u00bbCode\u00bb _builder_version=\u00bb4.16&#8243; _module_preset=\u00bbdefault\u00bb background_enable_color=\u00bboff\u00bb positioning=\u00bbabsolute\u00bb position_origin_a=\u00bbtop_right\u00bb vertical_offset=\u00bb10px\u00bb horizontal_offset=\u00bb50px\u00bb z_index=\u00bb137&#8243; vertical_offset_tablet=\u00bb\u00bb vertical_offset_phone=\u00bb-45px\u00bb vertical_offset_last_edited=\u00bbon|phone\u00bb horizontal_offset_tablet=\u00bb20px\u00bb horizontal_offset_phone=\u00bb\u00bb horizontal_offset_last_edited=\u00bbon|phone\u00bb position_origin_a_tablet=\u00bb\u00bb position_origin_a_phone=\u00bb\u00bb position_origin_a_last_edited=\u00bbon|desktop\u00bb position_origin_f_tablet=\u00bb\u00bb position_origin_f_phone=\u00bb\u00bb position_origin_f_last_edited=\u00bbon|desktop\u00bb position_origin_r_tablet=\u00bb\u00bb position_origin_r_phone=\u00bb\u00bb position_origin_r_last_edited=\u00bbon|desktop\u00bb text_orientation=\u00bbright\u00bb width=\u00bb160px\u00bb height=\u00bb30px\u00bb positioning_tablet=\u00bb\u00bb positioning_phone=\u00bb\u00bb positioning_last_edited=\u00bbon|desktop\u00bb global_colors_info=\u00bb{}\u00bb theme_builder_area=\u00bbpost_content\u00bb]<!-- AddToAny BEGIN --><!-- [et_pb_line_break_holder] --><a class=\"a2a_dd\" href=\"https:\/\/www.addtoany.com\/share\" style=\"background: black;<!-- [et_pb_line_break_holder] -->    font-size: 18px;<!-- [et_pb_line_break_holder] -->    color: white;<!-- [et_pb_line_break_holder] -->    padding: 10px;text-transform: uppercase;\u00bb><!-- [et_pb_line_break_holder] -->  <svg style=\"width: 20px;\" aria-hidden=\"true\" focusable=\"false\" data-prefix=\"fas\" data-icon=\"share-square\" role=\"img\" xmlns=\"http:\/\/www.w3.org\/2000\/svg\" viewbox=\"0 0 576 512\" data-fa-i2svg=\"\"><path fill=\"currentColor\" d=\"M568.482 177.448L424.479 313.433C409.3 327.768 384 317.14 384 295.985v-71.963c-144.575.97-205.566 35.113-164.775 171.353 4.483 14.973-12.846 26.567-25.006 17.33C155.252 383.105 120 326.488 120 269.339c0-143.937 117.599-172.5 264-173.312V24.012c0-21.174 25.317-31.768 40.479-17.448l144.003 135.988c10.02 9.463 10.028 25.425 0 34.896zM384 379.128V448H64V128h50.916a11.99 11.99 0 0 0 8.648-3.693c14.953-15.568 32.237-27.89 51.014-37.676C185.708 80.83 181.584 64 169.033 64H48C21.49 64 0 85.49 0 112v352c0 26.51 21.49 48 48 48h352c26.51 0 48-21.49 48-48v-88.806c0-8.288-8.197-14.066-16.011-11.302a71.83 71.83 0 0 1-34.189 3.377c-7.27-1.046-13.8 4.514-13.8 11.859z\"><\/path><\/svg><!-- [et_pb_line_break_holder] -->  COMPARTILHAR<!-- [et_pb_line_break_holder] --><\/a><!-- [et_pb_line_break_holder] --><script async src=\"https:\/\/static.addtoany.com\/menu\/page.js\"><\/script><!-- [et_pb_line_break_holder] --><!-- AddToAny END -->[\/et_pb_code][et_pb_text _builder_version=\u00bb4.27.4&#8243; _module_preset=\u00bbdefault\u00bb text_font=\u00bb|700|||||||\u00bb text_font_size=\u00bb25px\u00bb width=\u00bb78%\u00bb width_tablet=\u00bb\u00bb width_phone=\u00bb100%\u00bb width_last_edited=\u00bbon|phone\u00bb custom_margin=\u00bb||5px|||\u00bb hover_enabled=\u00bb0&#8243; global_colors_info=\u00bb{}\u00bb theme_builder_area=\u00bbpost_content\u00bb sticky_enabled=\u00bb0&#8243;]<\/p>\n<p><strong>JOVENS DO CHILE SE UNEM NO \"ENCONTRO NACIONAL DA JNI\"<\/strong><\/p>\n<p>[\/et_pb_text][et_pb_post_title title=\u00bboff\u00bb comments=\u00bboff\u00bb module_class=\u00bbtituloNoti\u00bb _builder_version=\u00bb4.16&#8243; _module_preset=\u00bbdefault\u00bb width_tablet=\u00bb\u00bb width_phone=\u00bb\u00bb width_last_edited=\u00bbon|phone\u00bb custom_padding=\u00bb|0px|||false|false\u00bb custom_padding_tablet=\u00bb|0px|||false|false\u00bb custom_padding_phone=\u00bb|0px|||false|false\u00bb custom_padding_last_edited=\u00bbon|phone\u00bb border_color_right=\u00bb#e8e8e8&#8243; border_width_right_tablet=\u00bb0px\u00bb border_width_right_phone=\u00bb\u00bb border_width_right_last_edited=\u00bbon|desktop\u00bb global_colors_info=\u00bb{}\u00bb theme_builder_area=\u00bbpost_content\u00bb][\/et_pb_post_title][et_pb_text _builder_version=\u00bb4.27.4&#8243; _module_preset=\u00bbdefault\u00bb text_font_size=\u00bb17px\u00bb hover_enabled=\u00bb0&#8243; global_colors_info=\u00bb{}\u00bb theme_builder_area=\u00bbpost_content\u00bb sticky_enabled=\u00bb0&#8243;]<\/p>\n<p style=\"text-align: justify;\"><strong>(CNAS Chile) <\/strong>Con la participaci\u00f3n de 170 j\u00f3venes provenientes de los distritos Norte, Central, Biob\u00edo y Los Lagos, se llev\u00f3 a cabo el Encuentro Nacional de J\u00f3venes Nazarenos titulado \u201cUnidos\u201d en la ciudad de Arica del 22 al 25 de Enero. Este evento, cuyo lema fue <em>\u201cAtr\u00e9vete, crea, avanza, unidos en tu vida y ministerio\u201d,<\/em> brind\u00f3 a los participantes la oportunidad de disfrutar de un tiempo especial en el que la JNI Chile explor\u00f3 y vivenci\u00f3 lo que Dios tiene preparado para sus vidas.<\/p>\n<p style=\"text-align: justify;\">El programa incluy\u00f3 jornadas de capacitaci\u00f3n que inspiraron a los j\u00f3venes a crecer tanto en su vida espiritual como en su ministerio. Durante estas actividades, los participantes aprendieron herramientas pr\u00e1cticas que les permitir\u00e1n fortalecer su relaci\u00f3n con Dios y servir con prop\u00f3sito en sus comunidades. Adem\u00e1s, se realizaron actividades al aire libre, donde pusieron en pr\u00e1ctica lo aprendido, y cultos de adoraci\u00f3n en las tardes.<\/p>\n<p style=\"text-align: justify;\">El rector del Seminario en Chile, el pastor Patricio Huanca, en el primer d\u00eda, desafi\u00f3 a los j\u00f3venes a atreverse a impactar su contexto. El segundo d\u00eda, el coordinador nacional de la JNI, el pastor Omar Leyton, gui\u00f3 a los asistentes a trav\u00e9s de una predicaci\u00f3n inspiradora a dedicar cuatro minutos de nuestro tiempo para crear oportunidades que impacten la vida de otras personas. El tercer d\u00eda fue un desaf\u00edo a avanzar, y una de las actividades m\u00e1s destacadas fue una jornada de evangelismo en la playa \u201cLa Lisera\u201d, donde los j\u00f3venes compartieron el mensaje de salvaci\u00f3n, dejando una huella de esperanza en los visitantes de este lugar. Adem\u00e1s, realizaron una limpieza de la playa y participaron en actividades para ni\u00f1os, como dramatizaciones, pinta caritas y la entrega de regalos con el mensaje de amor de Jes\u00fas.<\/p>\n<p style=\"text-align: justify;\">La tercera noche culmin\u00f3 con un culto p\u00fablico, donde el mensaje del pastor David Gonz\u00e1lez, director global de la JNI, impact\u00f3 profundamente, desafiando todos a avanzar y tomar la decisi\u00f3n de dedicar nuestras vidas y servicio al Se\u00f1or.<\/p>\n<p style=\"text-align: justify;\">El Encuentro Nacional de la JNI Chile concluy\u00f3 con una campa\u00f1a evangel\u00edstica, donde el evangelista interdenominacional, el pastor Ale G\u00f3mez, predic\u00f3 la palabra de Dios a m\u00e1s de 800 personas. Adem\u00e1s, hubo de un tiempo de alabanza, liderado por invitados especiales como Lidia Cristina, cantante oriunda de Arica, y Evan Craft, compositor y m\u00fasico cristiano, quienes, con su m\u00fasica, animaron a los j\u00f3venes a rendir sus vidas al Se\u00f1or y confiar en sus promesas.<\/p>\n<p style=\"text-align: justify;\">\u00abUnidos\u00bb fue mucho m\u00e1s que un encuentro; fue un tiempo de bendici\u00f3n en el que cada participante tuvo la oportunidad de adorar al Se\u00f1or, compartir experiencias, conocer nuevos amigos y aprender de manera pr\u00e1ctica c\u00f3mo vivir su fe con valent\u00eda y compromiso. Los testimonios post-evento son numerosos, desde familias nuevas que llegaron el domingo a las iglesias de la ciudad, hasta j\u00f3venes que se desafiaron a seguir estudios ministeriales.<\/p>\n<p style=\"text-align: justify;\">Este evento reafirma el llamado de Dios a las nuevas generaciones, desafi\u00e1ndolos a atreverse, crear, avanzar y entender que unidos la tarea se hace m\u00e1s gratificante, y a comprender que los planes que \u00c9l tiene para sus vidas son perfectos.<br \/>Los d\u00edas vividos en Arica quedar\u00e1n grabados en los corazones de cada joven como un tiempo \u00fanico de comuni\u00f3n y crecimiento espiritual.<\/p>\n<p style=\"text-align: justify;\"><strong><em>Fonte<\/em><\/strong><em> Iglesia del Nazareno \u2013 Chile<\/em><\/p>\n<p>[\/et_pb_text][\/et_pb_column][\/et_pb_row][et_pb_row disabled_on=\u00bbon|on|on\u00bb _builder_version=\u00bb4.16&#8243; _module_preset=\u00bbdefault\u00bb disabled=\u00bbon\u00bb global_colors_info=\u00bb{}\u00bb theme_builder_area=\u00bbpost_content\u00bb][et_pb_column type=\u00bb4_4&#8243; _builder_version=\u00bb4.16&#8243; _module_preset=\u00bbdefault\u00bb global_colors_info=\u00bb{}\u00bb theme_builder_area=\u00bbpost_content\u00bb][et_pb_text disabled_on=\u00bboff|off|off\u00bb _builder_version=\u00bb4.16&#8243; _module_preset=\u00bbdefault\u00bb text_text_color=\u00bb#0C71C3&#8243; text_font_size=\u00bb23px\u00bb text_orientation=\u00bbcenter\u00bb global_colors_info=\u00bb{}\u00bb theme_builder_area=\u00bbpost_content\u00bb]<\/p>\n<p>CONTENIDO EN PORTUGUES<\/p>\n<p>[\/et_pb_text][\/et_pb_column][\/et_pb_row][et_pb_row module_class=\u00bbportugues\u00bb _builder_version=\u00bb4.16&#8243; _module_preset=\u00bbdefault\u00bb width=\u00bb100%\u00bb global_colors_info=\u00bb{}\u00bb theme_builder_area=\u00bbpost_content\u00bb][et_pb_column type=\u00bb4_4&#8243; module_class=\u00bbcolLeft\u00bb _builder_version=\u00bb4.16&#8243; _module_preset=\u00bbdefault\u00bb custom_padding=\u00bb|50px|||false|false\u00bb custom_padding_tablet=\u00bb|20px||20px|false|true\u00bb custom_padding_phone=\u00bb\u00bb custom_padding_last_edited=\u00bbon|phone\u00bb border_color_all=\u00bb#e0e0e0&#8243; border_width_right_tablet=\u00bb0px\u00bb border_width_right_phone=\u00bb0px\u00bb border_width_right_last_edited=\u00bbon|desktop\u00bb global_colors_info=\u00bb{}\u00bb theme_builder_area=\u00bbpost_content\u00bb][et_pb_code admin_label=\u00bbCode\u00bb _builder_version=\u00bb4.16&#8243; _module_preset=\u00bbdefault\u00bb background_enable_color=\u00bboff\u00bb positioning=\u00bbabsolute\u00bb position_origin_a=\u00bbtop_right\u00bb vertical_offset=\u00bb10px\u00bb horizontal_offset=\u00bb50px\u00bb z_index=\u00bb137&#8243; vertical_offset_tablet=\u00bb\u00bb vertical_offset_phone=\u00bb-45px\u00bb vertical_offset_last_edited=\u00bbon|phone\u00bb horizontal_offset_tablet=\u00bb20px\u00bb horizontal_offset_phone=\u00bb\u00bb horizontal_offset_last_edited=\u00bbon|phone\u00bb position_origin_a_tablet=\u00bb\u00bb position_origin_a_phone=\u00bb\u00bb position_origin_a_last_edited=\u00bbon|desktop\u00bb position_origin_f_tablet=\u00bb\u00bb position_origin_f_phone=\u00bb\u00bb position_origin_f_last_edited=\u00bbon|desktop\u00bb position_origin_r_tablet=\u00bb\u00bb position_origin_r_phone=\u00bb\u00bb position_origin_r_last_edited=\u00bbon|desktop\u00bb text_orientation=\u00bbright\u00bb width=\u00bb190px\u00bb height=\u00bb30px\u00bb positioning_tablet=\u00bb\u00bb positioning_phone=\u00bb\u00bb positioning_last_edited=\u00bbon|desktop\u00bb global_colors_info=\u00bb{}\u00bb theme_builder_area=\u00bbpost_content\u00bb]<!-- AddToAny BEGIN --><!-- [et_pb_line_break_holder] --><a class=\"a2a_dd\" href=\"https:\/\/www.addtoany.com\/share\" style=\"background: black;<!-- [et_pb_line_break_holder] -->    font-size: 18px;<!-- [et_pb_line_break_holder] -->    color: white;<!-- [et_pb_line_break_holder] -->    padding: 10px;text-transform: uppercase;\u00bb><!-- [et_pb_line_break_holder] -->  <svg style=\"width: 20px;\" aria-hidden=\"true\" focusable=\"false\" data-prefix=\"fas\" data-icon=\"share-square\" role=\"img\" xmlns=\"http:\/\/www.w3.org\/2000\/svg\" viewbox=\"0 0 576 512\" data-fa-i2svg=\"\"><path fill=\"currentColor\" d=\"M568.482 177.448L424.479 313.433C409.3 327.768 384 317.14 384 295.985v-71.963c-144.575.97-205.566 35.113-164.775 171.353 4.483 14.973-12.846 26.567-25.006 17.33C155.252 383.105 120 326.488 120 269.339c0-143.937 117.599-172.5 264-173.312V24.012c0-21.174 25.317-31.768 40.479-17.448l144.003 135.988c10.02 9.463 10.028 25.425 0 34.896zM384 379.128V448H64V128h50.916a11.99 11.99 0 0 0 8.648-3.693c14.953-15.568 32.237-27.89 51.014-37.676C185.708 80.83 181.584 64 169.033 64H48C21.49 64 0 85.49 0 112v352c0 26.51 21.49 48 48 48h352c26.51 0 48-21.49 48-48v-88.806c0-8.288-8.197-14.066-16.011-11.302a71.83 71.83 0 0 1-34.189 3.377c-7.27-1.046-13.8 4.514-13.8 11.859z\"><\/path><\/svg><!-- [et_pb_line_break_holder] -->  Compartilhar<!-- [et_pb_line_break_holder] --><\/a><!-- [et_pb_line_break_holder] --><script async src=\"https:\/\/static.addtoany.com\/menu\/page.js\"><\/script><!-- [et_pb_line_break_holder] --><!-- AddToAny END -->[\/et_pb_code][et_pb_text _builder_version=\u00bb4.27.4&#8243; _module_preset=\u00bbdefault\u00bb text_font=\u00bb|700|||||||\u00bb text_font_size=\u00bb25px\u00bb width=\u00bb78%\u00bb width_tablet=\u00bb\u00bb width_phone=\u00bb100%\u00bb width_last_edited=\u00bbon|phone\u00bb custom_margin=\u00bb||5px|||\u00bb hover_enabled=\u00bb0&#8243; global_colors_info=\u00bb{}\u00bb theme_builder_area=\u00bbpost_content\u00bb sticky_enabled=\u00bb0&#8243;]<\/p>\n<p><strong>JOVENS DO CHILE SE UNEM NO \u00abENCONTRO NACIONAL DA JNI\u00bb<\/strong><\/p>\n<p>[\/et_pb_text][et_pb_post_title title=\u00bboff\u00bb comments=\u00bboff\u00bb module_class=\u00bbtituloNoti\u00bb _builder_version=\u00bb4.16&#8243; _module_preset=\u00bbdefault\u00bb width_tablet=\u00bb\u00bb width_phone=\u00bb\u00bb width_last_edited=\u00bbon|phone\u00bb custom_padding=\u00bb|0px|||false|false\u00bb custom_padding_tablet=\u00bb|0px|||false|false\u00bb custom_padding_phone=\u00bb|0px|||false|false\u00bb custom_padding_last_edited=\u00bbon|phone\u00bb border_color_right=\u00bb#e8e8e8&#8243; border_width_right_tablet=\u00bb0px\u00bb border_width_right_phone=\u00bb\u00bb border_width_right_last_edited=\u00bbon|desktop\u00bb global_colors_info=\u00bb{}\u00bb theme_builder_area=\u00bbpost_content\u00bb][\/et_pb_post_title][et_pb_text _builder_version=\u00bb4.27.4&#8243; _module_preset=\u00bbdefault\u00bb text_font_size=\u00bb17px\u00bb hover_enabled=\u00bb0&#8243; global_colors_info=\u00bb{}\u00bb theme_builder_area=\u00bbpost_content\u00bb sticky_enabled=\u00bb0&#8243;]<\/p>\n<p style=\"text-align: justify;\"><strong>(CNAS Chile) <\/strong>Com a participa\u00e7\u00e3o de 170 jovens dos distritos Norte, Central, Biob\u00edo e Los Lagos, foi realizado o Encontro Nacional de Jovens Nazarenos intitulado \u201cUnidos\u201d na cidade de Arica, de 22 a 25 de janeiro. Este evento, cujo lema foi \u201c<em>Ouse, crie, avance, unidos em sua vida e minist<\/em><em>\u00e9<\/em><em>rio<\/em>\u201d, proporcionou aos participantes a oportunidade de desfrutar de um tempo especial no qual a JNI Chile explorou e vivenciou o que Deus tem preparado para suas vidas.<\/p>\n<p style=\"text-align: justify;\">A programa\u00e7\u00e3o incluiu jornadas de capacita\u00e7\u00e3o que inspiraram os jovens a crescer tanto em sua vida espiritual quanto em seu minist\u00e9rio. Durante essas atividades, os participantes aprenderam ferramentas pr\u00e1ticas que lhes permitir\u00e3o fortalecer seu relacionamento com Deus e servir com prop\u00f3sito em suas comunidades. Al\u00e9m disso, foram realizadas atividades ao ar livre, onde puderam colocar em pr\u00e1tica o que aprenderam, e cultos de adora\u00e7\u00e3o \u00e0 tarde.<\/p>\n<p style=\"text-align: justify;\">O reitor do Semin\u00e1rio no Chile, pastor Patricio Huanca, no primeiro dia, desafiou os jovens a ousarem impactar seu contexto. No segundo dia, o coordenador nacional da JNI, pastor Omar Leyton, guiou os participantes em uma prega\u00e7\u00e3o inspiradora, desafiando-os a dedicar quatro minutos de seu tempo para criar oportunidades que impactem a vida de outras pessoas. O terceiro dia foi um desafio para avan\u00e7ar, e uma das atividades mais marcantes foi uma jornada de evangelismo na praia \u201cLa Lisera\u201d, onde os jovens compartilharam a mensagem de salva\u00e7\u00e3o, deixando uma marca de esperan\u00e7a nos visitantes desse local. Al\u00e9m disso, realizaram uma limpeza da praia e participaram de atividades para crian\u00e7as, como dramatiza\u00e7\u00f5es, pintura facial e entrega de presentes com a mensagem do amor de Jesus.<\/p>\n<p style=\"text-align: justify;\">A terceira noite culminou com um culto p\u00fablico, onde a mensagem do pastor David Gonz\u00e1lez, diretor global da JNI, impactou profundamente, desafiando todos a avan\u00e7arem e tomarem a decis\u00e3o de dedicar suas vidas e servi\u00e7o ao Senhor.<\/p>\n<p style=\"text-align: justify;\">O Encontro Nacional da JNI Chile foi encerrado com uma campanha evangel\u00edstica, onde o evangelista interdenominacional, pastor Ale G\u00f3mez, pregou a palavra de Deus para mais de 800 pessoas. Houve tamb\u00e9m um tempo de louvor, liderado por convidados especiais como Lidia Cristina, cantora natural de Arica, e Evan Craft, compositor e m\u00fasico crist\u00e3o, que, com sua m\u00fasica, incentivaram os jovens a entregarem suas vidas ao Senhor e confiarem em suas promessas.<\/p>\n<p style=\"text-align: justify;\">\u201cUnidos\u201d foi muito mais do que um encontro; foi um tempo de b\u00ean\u00e7\u00e3o no qual cada participante teve a oportunidade de adorar ao Senhor, compartilhar experi\u00eancias, fazer novos amigos e aprender, de maneira pr\u00e1tica, como viver sua f\u00e9 com coragem e compromisso. Os testemunhos p\u00f3s-evento s\u00e3o in\u00fameros, desde novas fam\u00edlias que chegaram \u00e0s igrejas da cidade no domingo at\u00e9 jovens que se desafiaram a seguir estudos ministeriais.<\/p>\n<p style=\"text-align: justify;\">Este evento reafirma o chamado de Deus para as novas gera\u00e7\u00f5es, desafiando-os a ousar, criar, avan\u00e7ar e entender que, unidos, a miss\u00e3o se torna mais gratificante, e a compreender que os planos que Ele tem para suas vidas s\u00e3o perfeitos. Os dias vividos em Arica permanecer\u00e3o gravados no cora\u00e7\u00e3o de cada jovem como um tempo \u00fanico de comunh\u00e3o e crescimento espiritual.<\/p>\n<p style=\"text-align: justify;\"><strong>Fonte:<\/strong> <em>Igreja do Nazareno <\/em><em>\u2013 <\/em><em>Chile<\/em><\/p>\n<p>[\/et_pb_text][\/et_pb_column][\/et_pb_row][et_pb_row _builder_version=\u00bb4.16&#8243; _module_preset=\u00bbdefault\u00bb width=\u00bb100%\u00bb global_colors_info=\u00bb{}\u00bb theme_builder_area=\u00bbpost_content\u00bb][et_pb_column type=\u00bb4_4&#8243; module_class=\u00bbcolLeft\u00bb _builder_version=\u00bb4.16&#8243; _module_preset=\u00bbdefault\u00bb custom_padding=\u00bb|50px|||false|false\u00bb custom_padding_tablet=\u00bb|20px||20px|false|true\u00bb custom_padding_phone=\u00bb\u00bb custom_padding_last_edited=\u00bbon|phone\u00bb border_color_all=\u00bb#e0e0e0&#8243; border_width_right_tablet=\u00bb0px\u00bb border_width_right_phone=\u00bb0px\u00bb border_width_right_last_edited=\u00bbon|desktop\u00bb global_colors_info=\u00bb{}\u00bb theme_builder_area=\u00bbpost_content\u00bb][et_pb_gallery posts_number=\u00bb8&#8243; show_title_and_caption=\u00bboff\u00bb zoom_icon_color=\u00bb#E02B20&#8243; hover_overlay_color=\u00bb#FFFFFF\u00bb hover_icon=\u00bb&#x54;||divi||400&#8243; _builder_version=\u00bb4.27.4&#8243; _module_preset=\u00bbdefault\u00bb title_font_size=\u00bb0px\u00bb width=\u00bb100%\u00bb module_alignment=\u00bbcenter\u00bb hover_enabled=\u00bb0&#8243; global_colors_info=\u00bb{}\u00bb theme_builder_area=\u00bbpost_content\u00bb admin_label=\u00bbGaler\u00eda\u00bb gallery_ids=\u00bb48160,48168,48167,48166,48165,48164,48163,48162,48161&#8243; sticky_enabled=\u00bb0&#8243;][\/et_pb_gallery][\/et_pb_column][\/et_pb_row][\/et_pb_section]<\/p>\n<span class=\"et_bloom_bottom_trigger\"><\/span>","protected":false},"excerpt":{"rendered":"<p>CONTENIDO EN ESPA\u00d1OL<\/p>","protected":false},"author":4,"featured_media":48163,"comment_status":"open","ping_status":"open","sticky":false,"template":"","format":"standard","meta":{"_et_pb_use_builder":"on","_et_pb_old_content":"","_et_gb_content_width":"","_monsterinsights_skip_tracking":false,"_monsterinsights_sitenote_active":false,"_monsterinsights_sitenote_note":"","_monsterinsights_sitenote_category":0,"_vp_format_video_url":"","_vp_image_focal_point":[],"footnotes":""},"categories":[12],"tags":[],"class_list":["post-48176","post","type-post","status-publish","format-standard","has-post-thumbnail","hentry","category-chile"],"yoast_head":"<!-- This site is optimized with the Yoast SEO Premium plugin v23.6 (Yoast SEO v27.5) - https:\/\/yoast.com\/product\/yoast-seo-premium-wordpress\/ -->\n<title>JOVENES DE CHILE SE UNEN EN EL &quot;ENCUENTRO NACIONAL DE JNI&quot; | Iglesia del Nazareno Am\u00e9rica del Sur<\/title>\n<meta name=\"description\" content=\"Chile\" \/>\n<meta name=\"robots\" content=\"noindex, follow\" \/>\n<meta property=\"og:locale\" content=\"pt_BR\" \/>\n<meta property=\"og:type\" content=\"article\" \/>\n<meta property=\"og:title\" content=\"JOVENES DE CHILE SE UNEN EN EL &quot;ENCUENTRO NACIONAL DE JNI&quot; | Iglesia del Nazareno Am\u00e9rica del Sur\" \/>\n<meta property=\"og:description\" content=\"Chile\" \/>\n<meta property=\"og:url\" content=\"https:\/\/www.samnaz.org\/pt\/jovenes-de-chile-se-unen-en-el-encuentro-nacional-de-jni\/\" \/>\n<meta property=\"og:site_name\" content=\"Iglesia del Nazareno Am\u00e9rica del Sur\" \/>\n<meta property=\"article:publisher\" content=\"https:\/\/www.facebook.com\/NazarenoEsp\" \/>\n<meta property=\"article:published_time\" content=\"2025-02-24T01:22:46+00:00\" \/>\n<meta property=\"article:modified_time\" content=\"2025-02-24T01:22:53+00:00\" \/>\n<meta property=\"og:image\" content=\"https:\/\/www.samnaz.org\/wp-content\/uploads\/2025\/02\/7R46705.jpg\" \/>\n\t<meta property=\"og:image:width\" content=\"1920\" \/>\n\t<meta property=\"og:image:height\" content=\"1080\" \/>\n\t<meta property=\"og:image:type\" content=\"image\/jpeg\" \/>\n<meta name=\"author\" content=\"Samnaz\" \/>\n<meta name=\"twitter:card\" content=\"summary_large_image\" \/>\n<meta name=\"twitter:label1\" content=\"Escrito por\" \/>\n\t<meta name=\"twitter:data1\" content=\"Samnaz\" \/>\n\t<meta name=\"twitter:label2\" content=\"Est. tempo de leitura\" \/>\n\t<meta name=\"twitter:data2\" content=\"7 minutos\" \/>\n<script type=\"application\/ld+json\" class=\"yoast-schema-graph\">{\"@context\":\"https:\\\/\\\/schema.org\",\"@graph\":[{\"@type\":\"Article\",\"@id\":\"https:\\\/\\\/www.samnaz.org\\\/jovenes-de-chile-se-unen-en-el-encuentro-nacional-de-jni\\\/#article\",\"isPartOf\":{\"@id\":\"https:\\\/\\\/www.samnaz.org\\\/jovenes-de-chile-se-unen-en-el-encuentro-nacional-de-jni\\\/\"},\"author\":{\"name\":\"Samnaz\",\"@id\":\"https:\\\/\\\/www.samnaz.org\\\/#\\\/schema\\\/person\\\/c09d1131c49ba510c7e1cbb677b39927\"},\"headline\":\"JOVENES DE CHILE SE UNEN EN EL \u00abENCUENTRO NACIONAL DE JNI\u00bb\",\"datePublished\":\"2025-02-24T01:22:46+00:00\",\"dateModified\":\"2025-02-24T01:22:53+00:00\",\"mainEntityOfPage\":{\"@id\":\"https:\\\/\\\/www.samnaz.org\\\/jovenes-de-chile-se-unen-en-el-encuentro-nacional-de-jni\\\/\"},\"wordCount\":330,\"commentCount\":0,\"publisher\":{\"@id\":\"https:\\\/\\\/www.samnaz.org\\\/#organization\"},\"image\":{\"@id\":\"https:\\\/\\\/www.samnaz.org\\\/jovenes-de-chile-se-unen-en-el-encuentro-nacional-de-jni\\\/#primaryimage\"},\"thumbnailUrl\":\"https:\\\/\\\/www.samnaz.org\\\/wp-content\\\/uploads\\\/2025\\\/02\\\/7R46705.jpg\",\"articleSection\":[\"Chile\"],\"inLanguage\":\"pt-BR\",\"potentialAction\":[{\"@type\":\"CommentAction\",\"name\":\"Comment\",\"target\":[\"https:\\\/\\\/www.samnaz.org\\\/jovenes-de-chile-se-unen-en-el-encuentro-nacional-de-jni\\\/#respond\"]}]},{\"@type\":\"WebPage\",\"@id\":\"https:\\\/\\\/www.samnaz.org\\\/jovenes-de-chile-se-unen-en-el-encuentro-nacional-de-jni\\\/\",\"url\":\"https:\\\/\\\/www.samnaz.org\\\/jovenes-de-chile-se-unen-en-el-encuentro-nacional-de-jni\\\/\",\"name\":\"JOVENES DE CHILE SE UNEN EN EL \\\"ENCUENTRO NACIONAL DE JNI\\\" | Iglesia del Nazareno Am\u00e9rica del Sur\",\"isPartOf\":{\"@id\":\"https:\\\/\\\/www.samnaz.org\\\/#website\"},\"primaryImageOfPage\":{\"@id\":\"https:\\\/\\\/www.samnaz.org\\\/jovenes-de-chile-se-unen-en-el-encuentro-nacional-de-jni\\\/#primaryimage\"},\"image\":{\"@id\":\"https:\\\/\\\/www.samnaz.org\\\/jovenes-de-chile-se-unen-en-el-encuentro-nacional-de-jni\\\/#primaryimage\"},\"thumbnailUrl\":\"https:\\\/\\\/www.samnaz.org\\\/wp-content\\\/uploads\\\/2025\\\/02\\\/7R46705.jpg\",\"datePublished\":\"2025-02-24T01:22:46+00:00\",\"dateModified\":\"2025-02-24T01:22:53+00:00\",\"description\":\"Chile\",\"inLanguage\":\"pt-BR\",\"potentialAction\":[{\"@type\":\"ReadAction\",\"target\":[\"https:\\\/\\\/www.samnaz.org\\\/jovenes-de-chile-se-unen-en-el-encuentro-nacional-de-jni\\\/\"]}]},{\"@type\":\"ImageObject\",\"inLanguage\":\"pt-BR\",\"@id\":\"https:\\\/\\\/www.samnaz.org\\\/jovenes-de-chile-se-unen-en-el-encuentro-nacional-de-jni\\\/#primaryimage\",\"url\":\"https:\\\/\\\/www.samnaz.org\\\/wp-content\\\/uploads\\\/2025\\\/02\\\/7R46705.jpg\",\"contentUrl\":\"https:\\\/\\\/www.samnaz.org\\\/wp-content\\\/uploads\\\/2025\\\/02\\\/7R46705.jpg\",\"width\":1920,\"height\":1080},{\"@type\":\"WebSite\",\"@id\":\"https:\\\/\\\/www.samnaz.org\\\/#website\",\"url\":\"https:\\\/\\\/www.samnaz.org\\\/\",\"name\":\"Haciendo Disc\u00edpulos Semejantes a Cristo en las naciones\",\"description\":\"Haciendo disc\u00edpulos semejantes a Cristo en las Naciones\",\"publisher\":{\"@id\":\"https:\\\/\\\/www.samnaz.org\\\/#organization\"},\"alternateName\":\"Viviendo la Gran Comisi\u00f3n\",\"potentialAction\":[{\"@type\":\"SearchAction\",\"target\":{\"@type\":\"EntryPoint\",\"urlTemplate\":\"https:\\\/\\\/www.samnaz.org\\\/?s={search_term_string}\"},\"query-input\":{\"@type\":\"PropertyValueSpecification\",\"valueRequired\":true,\"valueName\":\"search_term_string\"}}],\"inLanguage\":\"pt-BR\"},{\"@type\":\"Organization\",\"@id\":\"https:\\\/\\\/www.samnaz.org\\\/#organization\",\"name\":\"Iglesia del Nazareno Am\u00e9rica del Sur\",\"url\":\"https:\\\/\\\/www.samnaz.org\\\/\",\"logo\":{\"@type\":\"ImageObject\",\"inLanguage\":\"pt-BR\",\"@id\":\"https:\\\/\\\/www.samnaz.org\\\/#\\\/schema\\\/logo\\\/image\\\/\",\"url\":\"https:\\\/\\\/www.samnaz.org\\\/wp-content\\\/uploads\\\/2021\\\/04\\\/Logo-3-ESP.png\",\"contentUrl\":\"https:\\\/\\\/www.samnaz.org\\\/wp-content\\\/uploads\\\/2021\\\/04\\\/Logo-3-ESP.png\",\"width\":1041,\"height\":780,\"caption\":\"Iglesia del Nazareno Am\u00e9rica del Sur\"},\"image\":{\"@id\":\"https:\\\/\\\/www.samnaz.org\\\/#\\\/schema\\\/logo\\\/image\\\/\"},\"sameAs\":[\"https:\\\/\\\/www.facebook.com\\\/NazarenoEsp\",\"https:\\\/\\\/www.instagram.com\\\/nazarenoesp\\\/\"],\"publishingPrinciples\":\"https:\\\/\\\/www.samnaz.org\\\/\"},{\"@type\":\"Person\",\"@id\":\"https:\\\/\\\/www.samnaz.org\\\/#\\\/schema\\\/person\\\/c09d1131c49ba510c7e1cbb677b39927\",\"name\":\"Samnaz\",\"image\":{\"@type\":\"ImageObject\",\"inLanguage\":\"pt-BR\",\"@id\":\"https:\\\/\\\/secure.gravatar.com\\\/avatar\\\/a5baaf0e270319d09c0efce6a9dd03ff93175913c70afe26595c0069c83fa6dc?s=96&d=mm&r=g\",\"url\":\"https:\\\/\\\/secure.gravatar.com\\\/avatar\\\/a5baaf0e270319d09c0efce6a9dd03ff93175913c70afe26595c0069c83fa6dc?s=96&d=mm&r=g\",\"contentUrl\":\"https:\\\/\\\/secure.gravatar.com\\\/avatar\\\/a5baaf0e270319d09c0efce6a9dd03ff93175913c70afe26595c0069c83fa6dc?s=96&d=mm&r=g\",\"caption\":\"Samnaz\"}}]}<\/script>\n<!-- \/ Yoast SEO Premium plugin. -->","yoast_head_json":{"title":"JOVENES DE CHILE SE UNEN EN EL \"ENCUENTRO NACIONAL DE JNI\" | Iglesia del Nazareno Am\u00e9rica del Sur","description":"Chile","robots":{"index":"noindex","follow":"follow"},"og_locale":"pt_BR","og_type":"article","og_title":"JOVENES DE CHILE SE UNEN EN EL \"ENCUENTRO NACIONAL DE JNI\" | Iglesia del Nazareno Am\u00e9rica del Sur","og_description":"Chile","og_url":"https:\/\/www.samnaz.org\/pt\/jovenes-de-chile-se-unen-en-el-encuentro-nacional-de-jni\/","og_site_name":"Iglesia del Nazareno Am\u00e9rica del Sur","article_publisher":"https:\/\/www.facebook.com\/NazarenoEsp","article_published_time":"2025-02-24T01:22:46+00:00","article_modified_time":"2025-02-24T01:22:53+00:00","og_image":[{"width":1920,"height":1080,"url":"https:\/\/www.samnaz.org\/wp-content\/uploads\/2025\/02\/7R46705.jpg","type":"image\/jpeg"}],"author":"Samnaz","twitter_card":"summary_large_image","twitter_misc":{"Escrito por":"Samnaz","Est. tempo de leitura":"7 minutos"},"schema":{"@context":"https:\/\/schema.org","@graph":[{"@type":"Article","@id":"https:\/\/www.samnaz.org\/jovenes-de-chile-se-unen-en-el-encuentro-nacional-de-jni\/#article","isPartOf":{"@id":"https:\/\/www.samnaz.org\/jovenes-de-chile-se-unen-en-el-encuentro-nacional-de-jni\/"},"author":{"name":"Samnaz","@id":"https:\/\/www.samnaz.org\/#\/schema\/person\/c09d1131c49ba510c7e1cbb677b39927"},"headline":"JOVENES DE CHILE SE UNEN EN EL \u00abENCUENTRO NACIONAL DE JNI\u00bb","datePublished":"2025-02-24T01:22:46+00:00","dateModified":"2025-02-24T01:22:53+00:00","mainEntityOfPage":{"@id":"https:\/\/www.samnaz.org\/jovenes-de-chile-se-unen-en-el-encuentro-nacional-de-jni\/"},"wordCount":330,"commentCount":0,"publisher":{"@id":"https:\/\/www.samnaz.org\/#organization"},"image":{"@id":"https:\/\/www.samnaz.org\/jovenes-de-chile-se-unen-en-el-encuentro-nacional-de-jni\/#primaryimage"},"thumbnailUrl":"https:\/\/www.samnaz.org\/wp-content\/uploads\/2025\/02\/7R46705.jpg","articleSection":["Chile"],"inLanguage":"pt-BR","potentialAction":[{"@type":"CommentAction","name":"Comment","target":["https:\/\/www.samnaz.org\/jovenes-de-chile-se-unen-en-el-encuentro-nacional-de-jni\/#respond"]}]},{"@type":"WebPage","@id":"https:\/\/www.samnaz.org\/jovenes-de-chile-se-unen-en-el-encuentro-nacional-de-jni\/","url":"https:\/\/www.samnaz.org\/jovenes-de-chile-se-unen-en-el-encuentro-nacional-de-jni\/","name":"JOVENES DE CHILE SE UNEN EN EL \"ENCUENTRO NACIONAL DE JNI\" | Iglesia del Nazareno Am\u00e9rica del Sur","isPartOf":{"@id":"https:\/\/www.samnaz.org\/#website"},"primaryImageOfPage":{"@id":"https:\/\/www.samnaz.org\/jovenes-de-chile-se-unen-en-el-encuentro-nacional-de-jni\/#primaryimage"},"image":{"@id":"https:\/\/www.samnaz.org\/jovenes-de-chile-se-unen-en-el-encuentro-nacional-de-jni\/#primaryimage"},"thumbnailUrl":"https:\/\/www.samnaz.org\/wp-content\/uploads\/2025\/02\/7R46705.jpg","datePublished":"2025-02-24T01:22:46+00:00","dateModified":"2025-02-24T01:22:53+00:00","description":"Chile","inLanguage":"pt-BR","potentialAction":[{"@type":"ReadAction","target":["https:\/\/www.samnaz.org\/jovenes-de-chile-se-unen-en-el-encuentro-nacional-de-jni\/"]}]},{"@type":"ImageObject","inLanguage":"pt-BR","@id":"https:\/\/www.samnaz.org\/jovenes-de-chile-se-unen-en-el-encuentro-nacional-de-jni\/#primaryimage","url":"https:\/\/www.samnaz.org\/wp-content\/uploads\/2025\/02\/7R46705.jpg","contentUrl":"https:\/\/www.samnaz.org\/wp-content\/uploads\/2025\/02\/7R46705.jpg","width":1920,"height":1080},{"@type":"WebSite","@id":"https:\/\/www.samnaz.org\/#website","url":"https:\/\/www.samnaz.org\/","name":"Haciendo Disc\u00edpulos Semejantes a Cristo en las naciones","description":"Haciendo disc\u00edpulos semejantes a Cristo en las Naciones","publisher":{"@id":"https:\/\/www.samnaz.org\/#organization"},"alternateName":"Viviendo la Gran Comisi\u00f3n","potentialAction":[{"@type":"SearchAction","target":{"@type":"EntryPoint","urlTemplate":"https:\/\/www.samnaz.org\/?s={search_term_string}"},"query-input":{"@type":"PropertyValueSpecification","valueRequired":true,"valueName":"search_term_string"}}],"inLanguage":"pt-BR"},{"@type":"Organization","@id":"https:\/\/www.samnaz.org\/#organization","name":"Iglesia del Nazareno Am\u00e9rica del Sur","url":"https:\/\/www.samnaz.org\/","logo":{"@type":"ImageObject","inLanguage":"pt-BR","@id":"https:\/\/www.samnaz.org\/#\/schema\/logo\/image\/","url":"https:\/\/www.samnaz.org\/wp-content\/uploads\/2021\/04\/Logo-3-ESP.png","contentUrl":"https:\/\/www.samnaz.org\/wp-content\/uploads\/2021\/04\/Logo-3-ESP.png","width":1041,"height":780,"caption":"Iglesia del Nazareno Am\u00e9rica del Sur"},"image":{"@id":"https:\/\/www.samnaz.org\/#\/schema\/logo\/image\/"},"sameAs":["https:\/\/www.facebook.com\/NazarenoEsp","https:\/\/www.instagram.com\/nazarenoesp\/"],"publishingPrinciples":"https:\/\/www.samnaz.org\/"},{"@type":"Person","@id":"https:\/\/www.samnaz.org\/#\/schema\/person\/c09d1131c49ba510c7e1cbb677b39927","name":"Samnaz","image":{"@type":"ImageObject","inLanguage":"pt-BR","@id":"https:\/\/secure.gravatar.com\/avatar\/a5baaf0e270319d09c0efce6a9dd03ff93175913c70afe26595c0069c83fa6dc?s=96&d=mm&r=g","url":"https:\/\/secure.gravatar.com\/avatar\/a5baaf0e270319d09c0efce6a9dd03ff93175913c70afe26595c0069c83fa6dc?s=96&d=mm&r=g","contentUrl":"https:\/\/secure.gravatar.com\/avatar\/a5baaf0e270319d09c0efce6a9dd03ff93175913c70afe26595c0069c83fa6dc?s=96&d=mm&r=g","caption":"Samnaz"}}]}},"_links":{"self":[{"href":"https:\/\/www.samnaz.org\/pt\/wp-json\/wp\/v2\/posts\/48176","targetHints":{"allow":["GET"]}}],"collection":[{"href":"https:\/\/www.samnaz.org\/pt\/wp-json\/wp\/v2\/posts"}],"about":[{"href":"https:\/\/www.samnaz.org\/pt\/wp-json\/wp\/v2\/types\/post"}],"author":[{"embeddable":true,"href":"https:\/\/www.samnaz.org\/pt\/wp-json\/wp\/v2\/users\/4"}],"replies":[{"embeddable":true,"href":"https:\/\/www.samnaz.org\/pt\/wp-json\/wp\/v2\/comments?post=48176"}],"version-history":[{"count":2,"href":"https:\/\/www.samnaz.org\/pt\/wp-json\/wp\/v2\/posts\/48176\/revisions"}],"predecessor-version":[{"id":48179,"href":"https:\/\/www.samnaz.org\/pt\/wp-json\/wp\/v2\/posts\/48176\/revisions\/48179"}],"wp:featuredmedia":[{"embeddable":true,"href":"https:\/\/www.samnaz.org\/pt\/wp-json\/wp\/v2\/media\/48163"}],"wp:attachment":[{"href":"https:\/\/www.samnaz.org\/pt\/wp-json\/wp\/v2\/media?parent=48176"}],"wp:term":[{"taxonomy":"category","embeddable":true,"href":"https:\/\/www.samnaz.org\/pt\/wp-json\/wp\/v2\/categories?post=48176"},{"taxonomy":"post_tag","embeddable":true,"href":"https:\/\/www.samnaz.org\/pt\/wp-json\/wp\/v2\/tags?post=48176"}],"curies":[{"name":"wp","href":"https:\/\/api.w.org\/{rel}","templated":true}]}}