{"id":49245,"date":"2025-08-05T15:43:17","date_gmt":"2025-08-05T18:43:17","guid":{"rendered":"https:\/\/www.samnaz.org\/?p=49245"},"modified":"2025-08-05T17:08:47","modified_gmt":"2025-08-05T20:08:47","slug":"bautismos-y-comunion-marcan-un-dia-especial-en-la-iglesia-del-nazareno-jehova-shalom","status":"publish","type":"post","link":"https:\/\/www.samnaz.org\/pt\/bautismos-y-comunion-marcan-un-dia-especial-en-la-iglesia-del-nazareno-jehova-shalom\/","title":{"rendered":"Bautismos y comuni\u00f3n marcan un d\u00eda especial en la Iglesia del Nazareno Jehov\u00e1 Shalom"},"content":{"rendered":"<p>[et_pb_section fb_built=\u00bb1&#8243; _builder_version=\u00bb4.16&#8243; _module_preset=\u00bbdefault\u00bb custom_padding=\u00bb0px||||false|false\u00bb global_colors_info=\u00bb{}\u00bb][et_pb_row disabled_on=\u00bbon|on|on\u00bb _builder_version=\u00bb4.16&#8243; _module_preset=\u00bbdefault\u00bb disabled=\u00bbon\u00bb global_colors_info=\u00bb{}\u00bb][et_pb_column type=\u00bb4_4&#8243; _builder_version=\u00bb4.16&#8243; _module_preset=\u00bbdefault\u00bb global_colors_info=\u00bb{}\u00bb][et_pb_text disabled_on=\u00bboff|off|off\u00bb _builder_version=\u00bb4.16&#8243; _module_preset=\u00bbdefault\u00bb text_text_color=\u00bb#0C71C3&#8243; text_font_size=\u00bb23px\u00bb text_orientation=\u00bbcenter\u00bb global_colors_info=\u00bb{}\u00bb]<\/p>\n<p>CONTENIDO EN ESPA\u00d1OL<\/p>\n<p>[\/et_pb_text][\/et_pb_column][\/et_pb_row][et_pb_row module_class=\u00bbespanol\u00bb _builder_version=\u00bb4.16&#8243; _module_preset=\u00bbdefault\u00bb width=\u00bb100%\u00bb global_colors_info=\u00bb{}\u00bb][et_pb_column type=\u00bb4_4&#8243; module_class=\u00bbcolLeft\u00bb _builder_version=\u00bb4.16&#8243; _module_preset=\u00bbdefault\u00bb custom_padding=\u00bb|50px|||false|false\u00bb custom_padding_tablet=\u00bb|20px||20px|false|true\u00bb custom_padding_phone=\u00bb\u00bb custom_padding_last_edited=\u00bbon|phone\u00bb border_color_all=\u00bb#e0e0e0&#8243; border_width_right_tablet=\u00bb0px\u00bb border_width_right_phone=\u00bb0px\u00bb border_width_right_last_edited=\u00bbon|desktop\u00bb global_colors_info=\u00bb{}\u00bb][et_pb_code admin_label=\u00bbCode\u00bb _builder_version=\u00bb4.16&#8243; _module_preset=\u00bbdefault\u00bb background_enable_color=\u00bboff\u00bb positioning=\u00bbabsolute\u00bb position_origin_a=\u00bbtop_right\u00bb vertical_offset=\u00bb10px\u00bb horizontal_offset=\u00bb50px\u00bb z_index=\u00bb137&#8243; vertical_offset_tablet=\u00bb\u00bb vertical_offset_phone=\u00bb-45px\u00bb vertical_offset_last_edited=\u00bbon|phone\u00bb horizontal_offset_tablet=\u00bb20px\u00bb horizontal_offset_phone=\u00bb\u00bb horizontal_offset_last_edited=\u00bbon|phone\u00bb position_origin_a_tablet=\u00bb\u00bb position_origin_a_phone=\u00bb\u00bb position_origin_a_last_edited=\u00bbon|desktop\u00bb position_origin_f_tablet=\u00bb\u00bb position_origin_f_phone=\u00bb\u00bb position_origin_f_last_edited=\u00bbon|desktop\u00bb position_origin_r_tablet=\u00bb\u00bb position_origin_r_phone=\u00bb\u00bb position_origin_r_last_edited=\u00bbon|desktop\u00bb text_orientation=\u00bbright\u00bb width=\u00bb160px\u00bb height=\u00bb30px\u00bb positioning_tablet=\u00bb\u00bb positioning_phone=\u00bb\u00bb positioning_last_edited=\u00bbon|desktop\u00bb global_colors_info=\u00bb{}\u00bb]<!-- AddToAny BEGIN --><!-- [et_pb_line_break_holder] --><a class=\"a2a_dd\" href=\"https:\/\/www.addtoany.com\/share\" style=\"background: black;<!-- [et_pb_line_break_holder] -->    font-size: 18px;<!-- [et_pb_line_break_holder] -->    color: white;<!-- [et_pb_line_break_holder] -->    padding: 10px;text-transform: uppercase;\u00bb><!-- [et_pb_line_break_holder] -->  <svg style=\"width: 20px;\" aria-hidden=\"true\" focusable=\"false\" data-prefix=\"fas\" data-icon=\"share-square\" role=\"img\" xmlns=\"http:\/\/www.w3.org\/2000\/svg\" viewbox=\"0 0 576 512\" data-fa-i2svg=\"\"><path fill=\"currentColor\" d=\"M568.482 177.448L424.479 313.433C409.3 327.768 384 317.14 384 295.985v-71.963c-144.575.97-205.566 35.113-164.775 171.353 4.483 14.973-12.846 26.567-25.006 17.33C155.252 383.105 120 326.488 120 269.339c0-143.937 117.599-172.5 264-173.312V24.012c0-21.174 25.317-31.768 40.479-17.448l144.003 135.988c10.02 9.463 10.028 25.425 0 34.896zM384 379.128V448H64V128h50.916a11.99 11.99 0 0 0 8.648-3.693c14.953-15.568 32.237-27.89 51.014-37.676C185.708 80.83 181.584 64 169.033 64H48C21.49 64 0 85.49 0 112v352c0 26.51 21.49 48 48 48h352c26.51 0 48-21.49 48-48v-88.806c0-8.288-8.197-14.066-16.011-11.302a71.83 71.83 0 0 1-34.189 3.377c-7.27-1.046-13.8 4.514-13.8 11.859z\"><\/path><\/svg><!-- [et_pb_line_break_holder] -->  COMPARTILHAR<!-- [et_pb_line_break_holder] --><\/a><!-- [et_pb_line_break_holder] --><script async src=\"https:\/\/static.addtoany.com\/menu\/page.js\"><\/script><!-- [et_pb_line_break_holder] --><!-- AddToAny END -->[\/et_pb_code][et_pb_text _builder_version=\u00bb4.27.4&#8243; _module_preset=\u00bbdefault\u00bb text_font=\u00bb|700|||||||\u00bb text_font_size=\u00bb25px\u00bb width=\u00bb78%\u00bb width_tablet=\u00bb\u00bb width_phone=\u00bb100%\u00bb width_last_edited=\u00bbon|phone\u00bb custom_margin=\u00bb||5px|||\u00bb global_colors_info=\u00bb{}\u00bb]<\/p>\n<p class=\"p2\">Bautismos y comuni\u00f3n marcan un d\u00eda especial en la Iglesia del Nazareno Jehov\u00e1 Shalom<\/p>\n<p>[\/et_pb_text][et_pb_post_title title=\u00bboff\u00bb comments=\u00bboff\u00bb module_class=\u00bbtituloNoti\u00bb _builder_version=\u00bb4.16&#8243; _module_preset=\u00bbdefault\u00bb width_tablet=\u00bb\u00bb width_phone=\u00bb\u00bb width_last_edited=\u00bbon|phone\u00bb custom_padding=\u00bb|0px|||false|false\u00bb custom_padding_tablet=\u00bb|0px|||false|false\u00bb custom_padding_phone=\u00bb|0px|||false|false\u00bb custom_padding_last_edited=\u00bbon|phone\u00bb border_color_right=\u00bb#e8e8e8&#8243; border_width_right_tablet=\u00bb0px\u00bb border_width_right_phone=\u00bb\u00bb border_width_right_last_edited=\u00bbon|desktop\u00bb global_colors_info=\u00bb{}\u00bb][\/et_pb_post_title][et_pb_text _builder_version=\u00bb4.27.4&#8243; _module_preset=\u00bbdefault\u00bb text_font_size=\u00bb17px\u00bb hover_enabled=\u00bb0&#8243; global_colors_info=\u00bb{}\u00bb sticky_enabled=\u00bb0&#8243;]<\/p>\n<p style=\"margin: 0cm 0cm 15pt; text-align: justify;\"><b><span style=\"font-family: 'Arial',sans-serif; color: black;\">(CNAS Venezuela) <\/span><\/b><span class=\"s2\">El jueves 24 de julio de 2025, la Iglesia del Nazareno Jehov<\/span><span class=\"s2\">\u00e1 <\/span><span class=\"s2\">Shalom vivi<\/span><span class=\"s2\">\u00f3 <\/span><span class=\"s2\">un d<\/span><span class=\"s2\">\u00ed<\/span><span class=\"s2\">a de profunda alegr<\/span><span class=\"s2\">\u00ed<\/span><span class=\"s2\">a y celebraci<\/span><span class=\"s2\">\u00f3<\/span><span class=\"s2\">n cuando cinco hermanas en la fe declararon p<\/span><span class=\"s2\">\u00fa<\/span><span class=\"s2\">blicamente su compromiso con Jesucristo mediante una emotiva ceremonia de bautismo. El evento tuvo lugar en las pintorescas instalaciones del lugar <\/span><span class=\"s2\">\u00ab<\/span><span class=\"s2\">Agua Fresca<\/span><span class=\"s2\">\u00bb<\/span><span class=\"s2\">, ubicado en el sector Sam<\/span><span class=\"s2\">\u00e1<\/span><span class=\"s2\">n de G<\/span><span class=\"s2\">\u00fc<\/span><span class=\"s2\">ere, en Turmero, Estado Aragua, Venezuela, y reuni<\/span><span class=\"s2\">\u00f3 <\/span><span class=\"s2\">a feligreses y miembros de la comunidad para presenciar este importante acontecimiento.<\/span><\/p>\n<p class=\"s3\"><span>\u00a0<\/span><span class=\"s2\">Yelitza P<\/span><span class=\"s2\">\u00e1<\/span><span class=\"s2\">ez, Jobana Escalona, Normery Rond<\/span><span class=\"s2\">\u00f3<\/span><span class=\"s2\">n, Kaileth Mendoza y Keilimar Graterol dieron el valiente paso de bautizarse, ofreciendo un poderoso testimonio p<\/span><span class=\"s2\">\u00fa<\/span><span class=\"s2\">blico de sus experiencias personales con el Se<\/span><span class=\"s2\">\u00f1<\/span><span class=\"s2\">or. La jornada comenz<\/span><span class=\"s2\">\u00f3 <\/span><span class=\"s2\">con un tiempo de adoraci<\/span><span class=\"s2\">\u00f3<\/span><span class=\"s2\">n y alabanza vibrante, que llen<\/span><span class=\"s2\">\u00f3 <\/span><span class=\"s2\">el ambiente de intimidad y gratitud. Posteriormente, el pastor M<\/span><span class=\"s2\">\u00e1<\/span><span class=\"s2\">ximo Malav<\/span><span class=\"s2\">\u00e9 <\/span><span class=\"s2\">ofreci<\/span><span class=\"s2\">\u00f3 <\/span><span class=\"s2\">una ense<\/span><span class=\"s2\">\u00f1<\/span><span class=\"s2\">anza b<\/span><span class=\"s2\">\u00ed<\/span><span class=\"s2\">blica centrada en el pasaje de Juan 3:1-7, explicando el significado del bautismo y el nuevo nacimiento en el Esp<\/span><span class=\"s2\">\u00ed<\/span><span class=\"s2\">ritu.<\/span><\/p>\n<p class=\"s3\"><span>\u00a0<\/span><span class=\"s2\">Cada bautismo se vivi<\/span><span class=\"s2\">\u00f3 <\/span><span class=\"s2\">con un toque personal: mientras cada hermana se acercaba a las aguas, una canci<\/span><span class=\"s2\">\u00f3<\/span><span class=\"s2\">n de adoraci<\/span><span class=\"s2\">\u00f3<\/span><span class=\"s2\">n especialmente elegida por ella sonaba de fondo, haciendo a<\/span><span class=\"s2\">\u00fa<\/span><span class=\"s2\">n m<\/span><span class=\"s2\">\u00e1<\/span><span class=\"s2\">s significativa su declaraci<\/span><span class=\"s2\">\u00f3<\/span><span class=\"s2\">n de fe. El ambiente estuvo cargado de gozo y emoci<\/span><span class=\"s2\">\u00f3<\/span><span class=\"s2\">n, donde familiares, amigos y creyentes fueron testigos p<\/span><span class=\"s2\">\u00fa<\/span><span class=\"s2\">blicos de este paso de obediencia. Para todos los presentes, estos bautismos representaron no solo un s<\/span><span class=\"s2\">\u00ed<\/span><span class=\"s2\">mbolo, sino un pacto p<\/span><span class=\"s2\">\u00fa<\/span><span class=\"s2\">blico y una transformaci<\/span><span class=\"s2\">\u00f3<\/span><span class=\"s2\">n espiritual hacia una vida consagrada a Cristo.<\/span><\/p>\n<p class=\"s3\"><span>\u00a0<\/span><span class=\"s2\">El evento cont<\/span><span class=\"s2\">\u00f3 <\/span><span class=\"s2\">con la presencia de 17 adultos, 5 adolescentes y 5 ni<\/span><span class=\"s2\">\u00f1<\/span><span class=\"s2\">os, quienes se unieron en apoyo y celebraci<\/span><span class=\"s2\">\u00f3<\/span><span class=\"s2\">n junto a las nuevas creyentes.<\/span><\/p>\n<p class=\"s3\"><span>\u00a0<\/span><span class=\"s2\">Yelitza P<\/span><span class=\"s2\">\u00e1<\/span><span class=\"s2\">ez comparti<\/span><span class=\"s2\">\u00f3 <\/span><span class=\"s2\">con emoci<\/span><span class=\"s2\">\u00f3<\/span><span class=\"s2\">n: <\/span><span class=\"s2\">\u00ab<\/span><em><span class=\"s4\">Este fue un testimonio p<\/span><span class=\"s4\">\u00fa<\/span><span class=\"s4\">blico de fe y una declaraci<\/span><span class=\"s4\">\u00f3<\/span><span class=\"s4\">n de que seguimos a Cristo Jes<\/span><span class=\"s4\">\u00fa<\/span><span class=\"s4\">s. Significa la muerte de la vieja vida, alejarnos del mundo y entregar nuestros pecados a Cristo. Es el comienzo de una nueva vida, transformada y dedicada a seguirlo. Fue un paso importante en mi camino de fe cristiana. Reunida en nuestra iglesia, Jehov<\/span><span class=\"s4\">\u00e1 <\/span><span class=\"s4\">Shalom, me sent<\/span><span class=\"s4\">\u00ed <\/span><span class=\"s4\">muy valorada. S<\/span><span class=\"s4\">\u00e9 <\/span><span class=\"s4\">que he renovado mi fe en Cristo y le pido al Se<\/span><span class=\"s4\">\u00f1<\/span><span class=\"s4\">or que me fortalezca cada d<\/span><span class=\"s4\">\u00ed<\/span><span class=\"s4\">a, me d<\/span><span class=\"s4\">\u00e9 <\/span><span class=\"s4\">sabidur<\/span><span class=\"s4\">\u00ed<\/span><span class=\"s4\">a para comprender su palabra y aplicarla a mi vida, y que me permita compartir con todos los que <\/span><span class=\"s4\">\u00c9<\/span><span class=\"s4\">l ponga en mi camino c<\/span><span class=\"s4\">\u00f3<\/span><span class=\"s4\">mo Cristo ha obrado maravillosamente en mi vida, todo para su honra y gloria<\/span><\/em><span class=\"s2\">\u00bb<\/span><span class=\"s2\">.<\/span><\/p>\n<p class=\"s3\"><span>\u00a0<\/span><span class=\"s2\">Kaileth Mendoza tambi<\/span><span class=\"s2\">\u00e9<\/span><span class=\"s2\">n expres<\/span><span class=\"s2\">\u00f3 <\/span><span class=\"s2\">su gratitud: <\/span><span class=\"s2\">\u00ab<\/span><em><span class=\"s4\">Agradezco a Dios por ser parte de I<\/span><span class=\"s4\">glesia del Nazareno<\/span><span class=\"s4\"> Jehov<\/span><span class=\"s4\">\u00e1 <\/span><span class=\"s4\">Shalom y por los milagros que ha obrado en m<\/span><span class=\"s4\">\u00ed<\/span><span class=\"s4\">. Estoy muy contenta de haberme bautizado. Pido al Se<\/span><span class=\"s4\">\u00f1<\/span><span class=\"s4\">or a diario m<\/span><span class=\"s4\">\u00e1<\/span><span class=\"s4\">s fortaleza para seguir adelante. Tambi<\/span><span class=\"s4\">\u00e9<\/span><span class=\"s4\">n bendigo a nuestros pastores por motivarme a dar este paso tan importante<\/span><\/em><span class=\"s2\">\u00bb<\/span><span class=\"s2\">.<\/span><\/p>\n<p class=\"s3\"><span>\u00a0<\/span><span class=\"s2\">Por su parte, Jobana Escalona resumi<\/span><span class=\"s2\">\u00f3 <\/span><span class=\"s2\">su experiencia de manera sencilla pero poderosa: <\/span><span class=\"s2\">\u00ab<\/span><em><span class=\"s4\">Al momento de entrar a las aguas, me sent<\/span><span class=\"s4\">\u00ed <\/span><span class=\"s4\">bien, cambiada y verdaderamente diferente<\/span><\/em><span class=\"s2\">\u00bb<\/span><span class=\"s2\">.<\/span><\/p>\n<p style=\"margin: 0cm 0cm 15pt; text-align: justify;\"><span style=\"font-family: 'Arial',sans-serif; color: black;\"><\/span><b><i><span style=\"font-family: 'Arial',sans-serif; color: black;\">Fonte <\/span><\/i><\/b><i><span style=\"font-family: 'Arial',sans-serif; color: black;\">Comunicaciones Venezuela.<\/span><\/i><\/p>\n<p>[\/et_pb_text][\/et_pb_column][\/et_pb_row][et_pb_row disabled_on=\u00bbon|on|on\u00bb _builder_version=\u00bb4.16&#8243; _module_preset=\u00bbdefault\u00bb disabled=\u00bbon\u00bb global_colors_info=\u00bb{}\u00bb][et_pb_column type=\u00bb4_4&#8243; _builder_version=\u00bb4.16&#8243; _module_preset=\u00bbdefault\u00bb global_colors_info=\u00bb{}\u00bb][et_pb_text disabled_on=\u00bboff|off|off\u00bb _builder_version=\u00bb4.16&#8243; _module_preset=\u00bbdefault\u00bb text_text_color=\u00bb#0C71C3&#8243; text_font_size=\u00bb23px\u00bb text_orientation=\u00bbcenter\u00bb global_colors_info=\u00bb{}\u00bb]<\/p>\n<p>CONTENIDO EN PORTUGUES<\/p>\n<p>[\/et_pb_text][\/et_pb_column][\/et_pb_row][et_pb_row module_class=\u00bbportugues\u00bb _builder_version=\u00bb4.16&#8243; _module_preset=\u00bbdefault\u00bb width=\u00bb100%\u00bb global_colors_info=\u00bb{}\u00bb][et_pb_column type=\u00bb4_4&#8243; module_class=\u00bbcolLeft\u00bb _builder_version=\u00bb4.16&#8243; _module_preset=\u00bbdefault\u00bb custom_padding=\u00bb|50px|||false|false\u00bb custom_padding_tablet=\u00bb|20px||20px|false|true\u00bb custom_padding_phone=\u00bb\u00bb custom_padding_last_edited=\u00bbon|phone\u00bb border_color_all=\u00bb#e0e0e0&#8243; border_width_right_tablet=\u00bb0px\u00bb border_width_right_phone=\u00bb0px\u00bb border_width_right_last_edited=\u00bbon|desktop\u00bb global_colors_info=\u00bb{}\u00bb][et_pb_code admin_label=\u00bbCode\u00bb _builder_version=\u00bb4.16&#8243; _module_preset=\u00bbdefault\u00bb background_enable_color=\u00bboff\u00bb positioning=\u00bbabsolute\u00bb position_origin_a=\u00bbtop_right\u00bb vertical_offset=\u00bb10px\u00bb horizontal_offset=\u00bb50px\u00bb z_index=\u00bb137&#8243; vertical_offset_tablet=\u00bb\u00bb vertical_offset_phone=\u00bb-45px\u00bb vertical_offset_last_edited=\u00bbon|phone\u00bb horizontal_offset_tablet=\u00bb20px\u00bb horizontal_offset_phone=\u00bb\u00bb horizontal_offset_last_edited=\u00bbon|phone\u00bb position_origin_a_tablet=\u00bb\u00bb position_origin_a_phone=\u00bb\u00bb position_origin_a_last_edited=\u00bbon|desktop\u00bb position_origin_f_tablet=\u00bb\u00bb position_origin_f_phone=\u00bb\u00bb position_origin_f_last_edited=\u00bbon|desktop\u00bb position_origin_r_tablet=\u00bb\u00bb position_origin_r_phone=\u00bb\u00bb position_origin_r_last_edited=\u00bbon|desktop\u00bb text_orientation=\u00bbright\u00bb width=\u00bb190px\u00bb height=\u00bb30px\u00bb positioning_tablet=\u00bb\u00bb positioning_phone=\u00bb\u00bb positioning_last_edited=\u00bbon|desktop\u00bb global_colors_info=\u00bb{}\u00bb]<!-- AddToAny BEGIN --><!-- [et_pb_line_break_holder] --><a class=\"a2a_dd\" href=\"https:\/\/www.addtoany.com\/share\" style=\"background: black;<!-- [et_pb_line_break_holder] -->    font-size: 18px;<!-- [et_pb_line_break_holder] -->    color: white;<!-- [et_pb_line_break_holder] -->    padding: 10px;text-transform: uppercase;\u00bb><!-- [et_pb_line_break_holder] -->  <svg style=\"width: 20px;\" aria-hidden=\"true\" focusable=\"false\" data-prefix=\"fas\" data-icon=\"share-square\" role=\"img\" xmlns=\"http:\/\/www.w3.org\/2000\/svg\" viewbox=\"0 0 576 512\" data-fa-i2svg=\"\"><path fill=\"currentColor\" d=\"M568.482 177.448L424.479 313.433C409.3 327.768 384 317.14 384 295.985v-71.963c-144.575.97-205.566 35.113-164.775 171.353 4.483 14.973-12.846 26.567-25.006 17.33C155.252 383.105 120 326.488 120 269.339c0-143.937 117.599-172.5 264-173.312V24.012c0-21.174 25.317-31.768 40.479-17.448l144.003 135.988c10.02 9.463 10.028 25.425 0 34.896zM384 379.128V448H64V128h50.916a11.99 11.99 0 0 0 8.648-3.693c14.953-15.568 32.237-27.89 51.014-37.676C185.708 80.83 181.584 64 169.033 64H48C21.49 64 0 85.49 0 112v352c0 26.51 21.49 48 48 48h352c26.51 0 48-21.49 48-48v-88.806c0-8.288-8.197-14.066-16.011-11.302a71.83 71.83 0 0 1-34.189 3.377c-7.27-1.046-13.8 4.514-13.8 11.859z\"><\/path><\/svg><!-- [et_pb_line_break_holder] -->  Compartilhar<!-- [et_pb_line_break_holder] --><\/a><!-- [et_pb_line_break_holder] --><script async src=\"https:\/\/static.addtoany.com\/menu\/page.js\"><\/script><!-- [et_pb_line_break_holder] --><!-- AddToAny END -->[\/et_pb_code][et_pb_text _builder_version=\u00bb4.27.4&#8243; _module_preset=\u00bbdefault\u00bb text_font=\u00bb|700|||||||\u00bb text_font_size=\u00bb25px\u00bb width=\u00bb78%\u00bb width_tablet=\u00bb\u00bb width_phone=\u00bb100%\u00bb width_last_edited=\u00bbon|phone\u00bb custom_margin=\u00bb||5px|||\u00bb global_colors_info=\u00bb{}\u00bb]<\/p>\n<p><strong>REUNI\u00c3O DO CONSELHO DA JNI BRASIL<\/strong><\/p>\n<p>[\/et_pb_text][et_pb_post_title title=\u00bboff\u00bb comments=\u00bboff\u00bb module_class=\u00bbtituloNoti\u00bb _builder_version=\u00bb4.16&#8243; _module_preset=\u00bbdefault\u00bb width_tablet=\u00bb\u00bb width_phone=\u00bb\u00bb width_last_edited=\u00bbon|phone\u00bb custom_padding=\u00bb|0px|||false|false\u00bb custom_padding_tablet=\u00bb|0px|||false|false\u00bb custom_padding_phone=\u00bb|0px|||false|false\u00bb custom_padding_last_edited=\u00bbon|phone\u00bb border_color_right=\u00bb#e8e8e8&#8243; border_width_right_tablet=\u00bb0px\u00bb border_width_right_phone=\u00bb\u00bb border_width_right_last_edited=\u00bbon|desktop\u00bb global_colors_info=\u00bb{}\u00bb][\/et_pb_post_title][et_pb_text _builder_version=\u00bb4.27.4&#8243; _module_preset=\u00bbdefault\u00bb text_font_size=\u00bb17px\u00bb hover_enabled=\u00bb0&#8243; global_colors_info=\u00bb{}\u00bb sticky_enabled=\u00bb0&#8243;]<\/p>\n<p style=\"text-align: justify;\"><strong>(CNAS Venezuela) <\/strong>Na quinta-feira, 24 de julho de 2025, a Igreja do Nazareno \u00abJeov\u00e1 Shalom\u00bb viveu um dia de profunda alegria e celebra\u00e7\u00e3o quando cinco irm\u00e3s na f\u00e9 declararam publicamente seu compromisso com Jesus Cristo por meio de uma emocionante cerim\u00f4nia de batismo. O evento aconteceu nas pitorescas instala\u00e7\u00f5es do local \u00ab\u00c1gua Fresca\u00bb, situado no setor Sam\u00e1n de G\u00fcere, em Turmero, Estado Aragua, Venezuela, e reuniu fi\u00e9is e membros da comunidade para testemunhar esse momento t\u00e3o importante.<\/p>\n<p data-start=\"700\" data-end=\"1192\">Yelitza P\u00e1ez, Jobana Escalona, Normery Rond\u00f3n, Kaileth Mendoza e Keilimar Graterol deram o valente passo de se batizar, oferecendo um poderoso testemunho p\u00fablico de suas experi\u00eancias pessoais com o Senhor. A jornada come\u00e7ou com um tempo vibrante de adora\u00e7\u00e3o e louvor, que encheu o ambiente de intimidade e gratid\u00e3o a Deus. Em seguida, o pastor M\u00e1ximo Malav\u00e9 trouxe um ensinamento b\u00edblico baseado na passagem de Jo\u00e3o 3:1-7, explicando o significado do batismo e do novo nascimento no Esp\u00edrito.<\/p>\n<p data-start=\"1194\" data-end=\"1722\">Cada batismo foi vivido com um toque pessoal: enquanto cada irm\u00e3 se aproximava das \u00e1guas, uma can\u00e7\u00e3o de adora\u00e7\u00e3o especialmente escolhida por ela tocava ao fundo, tornando ainda mais significativa sua declara\u00e7\u00e3o p\u00fablica de f\u00e9. O ambiente era repleto de alegria e emo\u00e7\u00e3o, onde familiares, amigos e irm\u00e3os na f\u00e9 foram testemunhas p\u00fablicas deste passo de obedi\u00eancia. Para todos os presentes, os batismos representaram n\u00e3o apenas um s\u00edmbolo, mas uma alian\u00e7a p\u00fablica e uma transforma\u00e7\u00e3o espiritual rumo a uma vida consagrada a Cristo.<\/p>\n<p data-start=\"1724\" data-end=\"1858\">O evento contou com a presen\u00e7a de 17 adultos, 5 adolescentes e 5 crian\u00e7as, que se uniram em apoio e celebra\u00e7\u00e3o junto \u00e0s novas crentes.<\/p>\n<p data-start=\"1860\" data-end=\"2575\">Yelitza P\u00e1ez compartilhou com emo\u00e7\u00e3o: \u00ab<em>Este foi um testemunho p\u00fablico de f\u00e9 e uma declara\u00e7\u00e3o de que seguimos a Cristo Jesus. Significa a morte da vida antiga, afastar-nos do mundo e entregar nossos pecados a Cristo. \u00c9 o come\u00e7o de uma nova vida, transformada e dedicada a segui-Lo. Foi um passo importante na minha caminhada de f\u00e9 crist\u00e3. Reunida em nossa igreja, Jeov\u00e1 Shalom, me senti muito valorizada. Sei que renovei minha f\u00e9 em Cristo e pe\u00e7o ao Senhor que me fortale\u00e7a a cada dia, me d\u00ea sabedoria para compreender Sua palavra e aplic\u00e1-la \u00e0 minha vida, e que me permita compartilhar com todos os que Ele colocar no meu caminho como Cristo tem agido maravilhosamente em minha vida \u2014 tudo para Sua honra e gl\u00f3ria<\/em>\u00bb.<\/p>\n<p data-start=\"2577\" data-end=\"2920\">Kaileth Mendoza tamb\u00e9m expressou sua gratid\u00e3o: \u00ab<em>Agrade\u00e7o a Deus por fazer parte da Igreja do Nazareno Jeov\u00e1 Shalom e pelos milagres que Ele tem realizado em mim. Estou muito feliz por ter me batizado. Pe\u00e7o ao Senhor diariamente mais for\u00e7a para seguir em frente. Tamb\u00e9m aben\u00e7oo nossos pastores por me motivarem a dar esse passo t\u00e3o importante<\/em>\u00bb.<\/p>\n<p data-start=\"2922\" data-end=\"3094\">Por sua vez, Jobana Escalona resumiu sua experi\u00eancia de forma simples, mas poderosa: \u00ab<em>No momento em que entrei nas \u00e1guas, me senti bem, mudada e verdadeiramente diferente<\/em>\u00bb.<\/p>\n<p style=\"text-align: justify;\"><strong><em>Fonte: <\/em><\/strong><em>Comunica\u00e7\u00f5es Venezuela.<\/em><\/p>\n<p>[\/et_pb_text][\/et_pb_column][\/et_pb_row][et_pb_row _builder_version=\u00bb4.16&#8243; _module_preset=\u00bbdefault\u00bb width=\u00bb100%\u00bb global_colors_info=\u00bb{}\u00bb][et_pb_column type=\u00bb4_4&#8243; module_class=\u00bbcolLeft\u00bb _builder_version=\u00bb4.16&#8243; _module_preset=\u00bbdefault\u00bb custom_padding=\u00bb|50px|||false|false\u00bb custom_padding_tablet=\u00bb|20px||20px|false|true\u00bb custom_padding_phone=\u00bb\u00bb custom_padding_last_edited=\u00bbon|phone\u00bb border_color_all=\u00bb#e0e0e0&#8243; border_width_right_tablet=\u00bb0px\u00bb border_width_right_phone=\u00bb0px\u00bb border_width_right_last_edited=\u00bbon|desktop\u00bb global_colors_info=\u00bb{}\u00bb][et_pb_gallery gallery_ids=\u00bb49251,49252,49253,49254,49255&#8243; posts_number=\u00bb8&#8243; show_title_and_caption=\u00bboff\u00bb zoom_icon_color=\u00bb#E02B20&#8243; hover_overlay_color=\u00bb#FFFFFF\u00bb hover_icon=\u00bb&#x54;||divi||400&#8243; _builder_version=\u00bb4.27.4&#8243; _module_preset=\u00bbdefault\u00bb title_font_size=\u00bb0px\u00bb width=\u00bb100%\u00bb module_alignment=\u00bbcenter\u00bb global_colors_info=\u00bb{}\u00bb][\/et_pb_gallery][\/et_pb_column][\/et_pb_row][\/et_pb_section]<\/p>\n<span class=\"et_bloom_bottom_trigger\"><\/span>","protected":false},"excerpt":{"rendered":"<p>CONTENIDO EN ESPA\u00d1OL<\/p>","protected":false},"author":4,"featured_media":49258,"comment_status":"open","ping_status":"open","sticky":false,"template":"","format":"standard","meta":{"_et_pb_use_builder":"on","_et_pb_old_content":"","_et_gb_content_width":"","_monsterinsights_skip_tracking":false,"_monsterinsights_sitenote_active":false,"_monsterinsights_sitenote_note":"","_monsterinsights_sitenote_category":0,"_vp_format_video_url":"","_vp_image_focal_point":[],"footnotes":""},"categories":[235,1,2,7],"tags":[],"class_list":["post-49245","post","type-post","status-publish","format-standard","has-post-thumbnail","hentry","category-desarrollo-de-la-iglesia","category-noticia","category-noticias","category-venezuela"],"yoast_head":"<!-- This site is optimized with the Yoast SEO Premium plugin v23.6 (Yoast SEO v27.5) - https:\/\/yoast.com\/product\/yoast-seo-premium-wordpress\/ -->\n<title>Bautismos y comuni\u00f3n marcan un d\u00eda especial en la Iglesia del Nazareno Jehov\u00e1 Shalom | Iglesia del Nazareno Am\u00e9rica del Sur<\/title>\n<meta name=\"description\" content=\"Noticia\" \/>\n<meta name=\"robots\" content=\"noindex, follow\" \/>\n<meta property=\"og:locale\" content=\"pt_BR\" \/>\n<meta property=\"og:type\" content=\"article\" \/>\n<meta property=\"og:title\" content=\"Bautismos y comuni\u00f3n marcan un d\u00eda especial en la Iglesia del Nazareno Jehov\u00e1 Shalom | Iglesia del Nazareno Am\u00e9rica del Sur\" \/>\n<meta property=\"og:description\" content=\"Noticia\" \/>\n<meta property=\"og:url\" content=\"https:\/\/www.samnaz.org\/pt\/bautismos-y-comunion-marcan-un-dia-especial-en-la-iglesia-del-nazareno-jehova-shalom\/\" \/>\n<meta property=\"og:site_name\" content=\"Iglesia del Nazareno Am\u00e9rica del Sur\" \/>\n<meta property=\"article:publisher\" content=\"https:\/\/www.facebook.com\/NazarenoEsp\" \/>\n<meta property=\"article:published_time\" content=\"2025-08-05T18:43:17+00:00\" \/>\n<meta property=\"article:modified_time\" content=\"2025-08-05T20:08:47+00:00\" \/>\n<meta property=\"og:image\" content=\"https:\/\/www.samnaz.org\/wp-content\/uploads\/2025\/08\/bauti3-Pica.jpg\" \/>\n\t<meta property=\"og:image:width\" content=\"1024\" \/>\n\t<meta property=\"og:image:height\" content=\"631\" \/>\n\t<meta property=\"og:image:type\" content=\"image\/jpeg\" \/>\n<meta name=\"author\" content=\"Samnaz\" \/>\n<meta name=\"twitter:card\" content=\"summary_large_image\" \/>\n<meta name=\"twitter:label1\" content=\"Escrito por\" \/>\n\t<meta name=\"twitter:data1\" content=\"Samnaz\" \/>\n\t<meta name=\"twitter:label2\" content=\"Est. tempo de leitura\" \/>\n\t<meta name=\"twitter:data2\" content=\"7 minutos\" \/>\n<script type=\"application\/ld+json\" class=\"yoast-schema-graph\">{\"@context\":\"https:\\\/\\\/schema.org\",\"@graph\":[{\"@type\":\"Article\",\"@id\":\"https:\\\/\\\/www.samnaz.org\\\/bautismos-y-comunion-marcan-un-dia-especial-en-la-iglesia-del-nazareno-jehova-shalom\\\/#article\",\"isPartOf\":{\"@id\":\"https:\\\/\\\/www.samnaz.org\\\/bautismos-y-comunion-marcan-un-dia-especial-en-la-iglesia-del-nazareno-jehova-shalom\\\/\"},\"author\":{\"name\":\"Samnaz\",\"@id\":\"https:\\\/\\\/www.samnaz.org\\\/#\\\/schema\\\/person\\\/c09d1131c49ba510c7e1cbb677b39927\"},\"headline\":\"Bautismos y comuni\u00f3n marcan un d\u00eda especial en la Iglesia del Nazareno Jehov\u00e1 Shalom\",\"datePublished\":\"2025-08-05T18:43:17+00:00\",\"dateModified\":\"2025-08-05T20:08:47+00:00\",\"mainEntityOfPage\":{\"@id\":\"https:\\\/\\\/www.samnaz.org\\\/bautismos-y-comunion-marcan-un-dia-especial-en-la-iglesia-del-nazareno-jehova-shalom\\\/\"},\"wordCount\":300,\"commentCount\":0,\"publisher\":{\"@id\":\"https:\\\/\\\/www.samnaz.org\\\/#organization\"},\"image\":{\"@id\":\"https:\\\/\\\/www.samnaz.org\\\/bautismos-y-comunion-marcan-un-dia-especial-en-la-iglesia-del-nazareno-jehova-shalom\\\/#primaryimage\"},\"thumbnailUrl\":\"https:\\\/\\\/www.samnaz.org\\\/wp-content\\\/uploads\\\/2025\\\/08\\\/bauti3-Pica.jpg\",\"articleSection\":[\"Desarrollo de la Iglesia\",\"Noticia\",\"Noticias\",\"Venezuela\"],\"inLanguage\":\"pt-BR\",\"potentialAction\":[{\"@type\":\"CommentAction\",\"name\":\"Comment\",\"target\":[\"https:\\\/\\\/www.samnaz.org\\\/bautismos-y-comunion-marcan-un-dia-especial-en-la-iglesia-del-nazareno-jehova-shalom\\\/#respond\"]}]},{\"@type\":\"WebPage\",\"@id\":\"https:\\\/\\\/www.samnaz.org\\\/bautismos-y-comunion-marcan-un-dia-especial-en-la-iglesia-del-nazareno-jehova-shalom\\\/\",\"url\":\"https:\\\/\\\/www.samnaz.org\\\/bautismos-y-comunion-marcan-un-dia-especial-en-la-iglesia-del-nazareno-jehova-shalom\\\/\",\"name\":\"Bautismos y comuni\u00f3n marcan un d\u00eda especial en la Iglesia del Nazareno Jehov\u00e1 Shalom | Iglesia del Nazareno Am\u00e9rica del Sur\",\"isPartOf\":{\"@id\":\"https:\\\/\\\/www.samnaz.org\\\/#website\"},\"primaryImageOfPage\":{\"@id\":\"https:\\\/\\\/www.samnaz.org\\\/bautismos-y-comunion-marcan-un-dia-especial-en-la-iglesia-del-nazareno-jehova-shalom\\\/#primaryimage\"},\"image\":{\"@id\":\"https:\\\/\\\/www.samnaz.org\\\/bautismos-y-comunion-marcan-un-dia-especial-en-la-iglesia-del-nazareno-jehova-shalom\\\/#primaryimage\"},\"thumbnailUrl\":\"https:\\\/\\\/www.samnaz.org\\\/wp-content\\\/uploads\\\/2025\\\/08\\\/bauti3-Pica.jpg\",\"datePublished\":\"2025-08-05T18:43:17+00:00\",\"dateModified\":\"2025-08-05T20:08:47+00:00\",\"description\":\"Noticia\",\"inLanguage\":\"pt-BR\",\"potentialAction\":[{\"@type\":\"ReadAction\",\"target\":[\"https:\\\/\\\/www.samnaz.org\\\/bautismos-y-comunion-marcan-un-dia-especial-en-la-iglesia-del-nazareno-jehova-shalom\\\/\"]}]},{\"@type\":\"ImageObject\",\"inLanguage\":\"pt-BR\",\"@id\":\"https:\\\/\\\/www.samnaz.org\\\/bautismos-y-comunion-marcan-un-dia-especial-en-la-iglesia-del-nazareno-jehova-shalom\\\/#primaryimage\",\"url\":\"https:\\\/\\\/www.samnaz.org\\\/wp-content\\\/uploads\\\/2025\\\/08\\\/bauti3-Pica.jpg\",\"contentUrl\":\"https:\\\/\\\/www.samnaz.org\\\/wp-content\\\/uploads\\\/2025\\\/08\\\/bauti3-Pica.jpg\",\"width\":1024,\"height\":631},{\"@type\":\"WebSite\",\"@id\":\"https:\\\/\\\/www.samnaz.org\\\/#website\",\"url\":\"https:\\\/\\\/www.samnaz.org\\\/\",\"name\":\"Haciendo Disc\u00edpulos Semejantes a Cristo en las naciones\",\"description\":\"Haciendo disc\u00edpulos semejantes a Cristo en las Naciones\",\"publisher\":{\"@id\":\"https:\\\/\\\/www.samnaz.org\\\/#organization\"},\"alternateName\":\"Viviendo la Gran Comisi\u00f3n\",\"potentialAction\":[{\"@type\":\"SearchAction\",\"target\":{\"@type\":\"EntryPoint\",\"urlTemplate\":\"https:\\\/\\\/www.samnaz.org\\\/?s={search_term_string}\"},\"query-input\":{\"@type\":\"PropertyValueSpecification\",\"valueRequired\":true,\"valueName\":\"search_term_string\"}}],\"inLanguage\":\"pt-BR\"},{\"@type\":\"Organization\",\"@id\":\"https:\\\/\\\/www.samnaz.org\\\/#organization\",\"name\":\"Iglesia del Nazareno Am\u00e9rica del Sur\",\"url\":\"https:\\\/\\\/www.samnaz.org\\\/\",\"logo\":{\"@type\":\"ImageObject\",\"inLanguage\":\"pt-BR\",\"@id\":\"https:\\\/\\\/www.samnaz.org\\\/#\\\/schema\\\/logo\\\/image\\\/\",\"url\":\"https:\\\/\\\/www.samnaz.org\\\/wp-content\\\/uploads\\\/2021\\\/04\\\/Logo-3-ESP.png\",\"contentUrl\":\"https:\\\/\\\/www.samnaz.org\\\/wp-content\\\/uploads\\\/2021\\\/04\\\/Logo-3-ESP.png\",\"width\":1041,\"height\":780,\"caption\":\"Iglesia del Nazareno Am\u00e9rica del Sur\"},\"image\":{\"@id\":\"https:\\\/\\\/www.samnaz.org\\\/#\\\/schema\\\/logo\\\/image\\\/\"},\"sameAs\":[\"https:\\\/\\\/www.facebook.com\\\/NazarenoEsp\",\"https:\\\/\\\/www.instagram.com\\\/nazarenoesp\\\/\"],\"publishingPrinciples\":\"https:\\\/\\\/www.samnaz.org\\\/\"},{\"@type\":\"Person\",\"@id\":\"https:\\\/\\\/www.samnaz.org\\\/#\\\/schema\\\/person\\\/c09d1131c49ba510c7e1cbb677b39927\",\"name\":\"Samnaz\",\"image\":{\"@type\":\"ImageObject\",\"inLanguage\":\"pt-BR\",\"@id\":\"https:\\\/\\\/secure.gravatar.com\\\/avatar\\\/a5baaf0e270319d09c0efce6a9dd03ff93175913c70afe26595c0069c83fa6dc?s=96&d=mm&r=g\",\"url\":\"https:\\\/\\\/secure.gravatar.com\\\/avatar\\\/a5baaf0e270319d09c0efce6a9dd03ff93175913c70afe26595c0069c83fa6dc?s=96&d=mm&r=g\",\"contentUrl\":\"https:\\\/\\\/secure.gravatar.com\\\/avatar\\\/a5baaf0e270319d09c0efce6a9dd03ff93175913c70afe26595c0069c83fa6dc?s=96&d=mm&r=g\",\"caption\":\"Samnaz\"}}]}<\/script>\n<!-- \/ Yoast SEO Premium plugin. -->","yoast_head_json":{"title":"Bautismos y comuni\u00f3n marcan un d\u00eda especial en la Iglesia del Nazareno Jehov\u00e1 Shalom | Iglesia del Nazareno Am\u00e9rica del Sur","description":"Noticia","robots":{"index":"noindex","follow":"follow"},"og_locale":"pt_BR","og_type":"article","og_title":"Bautismos y comuni\u00f3n marcan un d\u00eda especial en la Iglesia del Nazareno Jehov\u00e1 Shalom | Iglesia del Nazareno Am\u00e9rica del Sur","og_description":"Noticia","og_url":"https:\/\/www.samnaz.org\/pt\/bautismos-y-comunion-marcan-un-dia-especial-en-la-iglesia-del-nazareno-jehova-shalom\/","og_site_name":"Iglesia del Nazareno Am\u00e9rica del Sur","article_publisher":"https:\/\/www.facebook.com\/NazarenoEsp","article_published_time":"2025-08-05T18:43:17+00:00","article_modified_time":"2025-08-05T20:08:47+00:00","og_image":[{"width":1024,"height":631,"url":"https:\/\/www.samnaz.org\/wp-content\/uploads\/2025\/08\/bauti3-Pica.jpg","type":"image\/jpeg"}],"author":"Samnaz","twitter_card":"summary_large_image","twitter_misc":{"Escrito por":"Samnaz","Est. tempo de leitura":"7 minutos"},"schema":{"@context":"https:\/\/schema.org","@graph":[{"@type":"Article","@id":"https:\/\/www.samnaz.org\/bautismos-y-comunion-marcan-un-dia-especial-en-la-iglesia-del-nazareno-jehova-shalom\/#article","isPartOf":{"@id":"https:\/\/www.samnaz.org\/bautismos-y-comunion-marcan-un-dia-especial-en-la-iglesia-del-nazareno-jehova-shalom\/"},"author":{"name":"Samnaz","@id":"https:\/\/www.samnaz.org\/#\/schema\/person\/c09d1131c49ba510c7e1cbb677b39927"},"headline":"Bautismos y comuni\u00f3n marcan un d\u00eda especial en la Iglesia del Nazareno Jehov\u00e1 Shalom","datePublished":"2025-08-05T18:43:17+00:00","dateModified":"2025-08-05T20:08:47+00:00","mainEntityOfPage":{"@id":"https:\/\/www.samnaz.org\/bautismos-y-comunion-marcan-un-dia-especial-en-la-iglesia-del-nazareno-jehova-shalom\/"},"wordCount":300,"commentCount":0,"publisher":{"@id":"https:\/\/www.samnaz.org\/#organization"},"image":{"@id":"https:\/\/www.samnaz.org\/bautismos-y-comunion-marcan-un-dia-especial-en-la-iglesia-del-nazareno-jehova-shalom\/#primaryimage"},"thumbnailUrl":"https:\/\/www.samnaz.org\/wp-content\/uploads\/2025\/08\/bauti3-Pica.jpg","articleSection":["Desarrollo de la Iglesia","Noticia","Noticias","Venezuela"],"inLanguage":"pt-BR","potentialAction":[{"@type":"CommentAction","name":"Comment","target":["https:\/\/www.samnaz.org\/bautismos-y-comunion-marcan-un-dia-especial-en-la-iglesia-del-nazareno-jehova-shalom\/#respond"]}]},{"@type":"WebPage","@id":"https:\/\/www.samnaz.org\/bautismos-y-comunion-marcan-un-dia-especial-en-la-iglesia-del-nazareno-jehova-shalom\/","url":"https:\/\/www.samnaz.org\/bautismos-y-comunion-marcan-un-dia-especial-en-la-iglesia-del-nazareno-jehova-shalom\/","name":"Bautismos y comuni\u00f3n marcan un d\u00eda especial en la Iglesia del Nazareno Jehov\u00e1 Shalom | Iglesia del Nazareno Am\u00e9rica del Sur","isPartOf":{"@id":"https:\/\/www.samnaz.org\/#website"},"primaryImageOfPage":{"@id":"https:\/\/www.samnaz.org\/bautismos-y-comunion-marcan-un-dia-especial-en-la-iglesia-del-nazareno-jehova-shalom\/#primaryimage"},"image":{"@id":"https:\/\/www.samnaz.org\/bautismos-y-comunion-marcan-un-dia-especial-en-la-iglesia-del-nazareno-jehova-shalom\/#primaryimage"},"thumbnailUrl":"https:\/\/www.samnaz.org\/wp-content\/uploads\/2025\/08\/bauti3-Pica.jpg","datePublished":"2025-08-05T18:43:17+00:00","dateModified":"2025-08-05T20:08:47+00:00","description":"Noticia","inLanguage":"pt-BR","potentialAction":[{"@type":"ReadAction","target":["https:\/\/www.samnaz.org\/bautismos-y-comunion-marcan-un-dia-especial-en-la-iglesia-del-nazareno-jehova-shalom\/"]}]},{"@type":"ImageObject","inLanguage":"pt-BR","@id":"https:\/\/www.samnaz.org\/bautismos-y-comunion-marcan-un-dia-especial-en-la-iglesia-del-nazareno-jehova-shalom\/#primaryimage","url":"https:\/\/www.samnaz.org\/wp-content\/uploads\/2025\/08\/bauti3-Pica.jpg","contentUrl":"https:\/\/www.samnaz.org\/wp-content\/uploads\/2025\/08\/bauti3-Pica.jpg","width":1024,"height":631},{"@type":"WebSite","@id":"https:\/\/www.samnaz.org\/#website","url":"https:\/\/www.samnaz.org\/","name":"Haciendo Disc\u00edpulos Semejantes a Cristo en las naciones","description":"Haciendo disc\u00edpulos semejantes a Cristo en las Naciones","publisher":{"@id":"https:\/\/www.samnaz.org\/#organization"},"alternateName":"Viviendo la Gran Comisi\u00f3n","potentialAction":[{"@type":"SearchAction","target":{"@type":"EntryPoint","urlTemplate":"https:\/\/www.samnaz.org\/?s={search_term_string}"},"query-input":{"@type":"PropertyValueSpecification","valueRequired":true,"valueName":"search_term_string"}}],"inLanguage":"pt-BR"},{"@type":"Organization","@id":"https:\/\/www.samnaz.org\/#organization","name":"Iglesia del Nazareno Am\u00e9rica del Sur","url":"https:\/\/www.samnaz.org\/","logo":{"@type":"ImageObject","inLanguage":"pt-BR","@id":"https:\/\/www.samnaz.org\/#\/schema\/logo\/image\/","url":"https:\/\/www.samnaz.org\/wp-content\/uploads\/2021\/04\/Logo-3-ESP.png","contentUrl":"https:\/\/www.samnaz.org\/wp-content\/uploads\/2021\/04\/Logo-3-ESP.png","width":1041,"height":780,"caption":"Iglesia del Nazareno Am\u00e9rica del Sur"},"image":{"@id":"https:\/\/www.samnaz.org\/#\/schema\/logo\/image\/"},"sameAs":["https:\/\/www.facebook.com\/NazarenoEsp","https:\/\/www.instagram.com\/nazarenoesp\/"],"publishingPrinciples":"https:\/\/www.samnaz.org\/"},{"@type":"Person","@id":"https:\/\/www.samnaz.org\/#\/schema\/person\/c09d1131c49ba510c7e1cbb677b39927","name":"Samnaz","image":{"@type":"ImageObject","inLanguage":"pt-BR","@id":"https:\/\/secure.gravatar.com\/avatar\/a5baaf0e270319d09c0efce6a9dd03ff93175913c70afe26595c0069c83fa6dc?s=96&d=mm&r=g","url":"https:\/\/secure.gravatar.com\/avatar\/a5baaf0e270319d09c0efce6a9dd03ff93175913c70afe26595c0069c83fa6dc?s=96&d=mm&r=g","contentUrl":"https:\/\/secure.gravatar.com\/avatar\/a5baaf0e270319d09c0efce6a9dd03ff93175913c70afe26595c0069c83fa6dc?s=96&d=mm&r=g","caption":"Samnaz"}}]}},"_links":{"self":[{"href":"https:\/\/www.samnaz.org\/pt\/wp-json\/wp\/v2\/posts\/49245","targetHints":{"allow":["GET"]}}],"collection":[{"href":"https:\/\/www.samnaz.org\/pt\/wp-json\/wp\/v2\/posts"}],"about":[{"href":"https:\/\/www.samnaz.org\/pt\/wp-json\/wp\/v2\/types\/post"}],"author":[{"embeddable":true,"href":"https:\/\/www.samnaz.org\/pt\/wp-json\/wp\/v2\/users\/4"}],"replies":[{"embeddable":true,"href":"https:\/\/www.samnaz.org\/pt\/wp-json\/wp\/v2\/comments?post=49245"}],"version-history":[{"count":7,"href":"https:\/\/www.samnaz.org\/pt\/wp-json\/wp\/v2\/posts\/49245\/revisions"}],"predecessor-version":[{"id":49265,"href":"https:\/\/www.samnaz.org\/pt\/wp-json\/wp\/v2\/posts\/49245\/revisions\/49265"}],"wp:featuredmedia":[{"embeddable":true,"href":"https:\/\/www.samnaz.org\/pt\/wp-json\/wp\/v2\/media\/49258"}],"wp:attachment":[{"href":"https:\/\/www.samnaz.org\/pt\/wp-json\/wp\/v2\/media?parent=49245"}],"wp:term":[{"taxonomy":"category","embeddable":true,"href":"https:\/\/www.samnaz.org\/pt\/wp-json\/wp\/v2\/categories?post=49245"},{"taxonomy":"post_tag","embeddable":true,"href":"https:\/\/www.samnaz.org\/pt\/wp-json\/wp\/v2\/tags?post=49245"}],"curies":[{"name":"wp","href":"https:\/\/api.w.org\/{rel}","templated":true}]}}