{"id":49264,"date":"2025-08-05T17:06:41","date_gmt":"2025-08-05T20:06:41","guid":{"rendered":"https:\/\/www.samnaz.org\/?p=49264"},"modified":"2025-08-05T17:08:39","modified_gmt":"2025-08-05T20:08:39","slug":"jni-tierra-de-gracia-celebra-su-5to-rally-quien-vive-en-ti-en-el-parque-nacional-henry-pittier","status":"publish","type":"post","link":"https:\/\/www.samnaz.org\/pt\/jni-tierra-de-gracia-celebra-su-5to-rally-quien-vive-en-ti-en-el-parque-nacional-henry-pittier\/","title":{"rendered":"JNI Tierra de Gracia celebra su 5to Rally \u201cQui\u00e9n Vive en Ti\u201d en el Parque Nacional Henry Pittier"},"content":{"rendered":"<p>[et_pb_section fb_built=\u00bb1&#8243; _builder_version=\u00bb4.16&#8243; _module_preset=\u00bbdefault\u00bb custom_padding=\u00bb0px||||false|false\u00bb global_colors_info=\u00bb{}\u00bb][et_pb_row disabled_on=\u00bbon|on|on\u00bb _builder_version=\u00bb4.16&#8243; _module_preset=\u00bbdefault\u00bb disabled=\u00bbon\u00bb global_colors_info=\u00bb{}\u00bb][et_pb_column type=\u00bb4_4&#8243; _builder_version=\u00bb4.16&#8243; _module_preset=\u00bbdefault\u00bb global_colors_info=\u00bb{}\u00bb][et_pb_text disabled_on=\u00bboff|off|off\u00bb _builder_version=\u00bb4.16&#8243; _module_preset=\u00bbdefault\u00bb text_text_color=\u00bb#0C71C3&#8243; text_font_size=\u00bb23px\u00bb text_orientation=\u00bbcenter\u00bb global_colors_info=\u00bb{}\u00bb]<\/p>\n<p>CONTENIDO EN ESPA\u00d1OL<\/p>\n<p>[\/et_pb_text][\/et_pb_column][\/et_pb_row][et_pb_row module_class=\u00bbespanol\u00bb _builder_version=\u00bb4.16&#8243; _module_preset=\u00bbdefault\u00bb width=\u00bb100%\u00bb global_colors_info=\u00bb{}\u00bb][et_pb_column type=\u00bb4_4&#8243; module_class=\u00bbcolLeft\u00bb _builder_version=\u00bb4.16&#8243; _module_preset=\u00bbdefault\u00bb custom_padding=\u00bb|50px|||false|false\u00bb custom_padding_tablet=\u00bb|20px||20px|false|true\u00bb custom_padding_phone=\u00bb\u00bb custom_padding_last_edited=\u00bbon|phone\u00bb border_color_all=\u00bb#e0e0e0&#8243; border_width_right_tablet=\u00bb0px\u00bb border_width_right_phone=\u00bb0px\u00bb border_width_right_last_edited=\u00bbon|desktop\u00bb global_colors_info=\u00bb{}\u00bb][et_pb_code admin_label=\u00bbCode\u00bb _builder_version=\u00bb4.16&#8243; _module_preset=\u00bbdefault\u00bb background_enable_color=\u00bboff\u00bb positioning=\u00bbabsolute\u00bb position_origin_a=\u00bbtop_right\u00bb vertical_offset=\u00bb10px\u00bb horizontal_offset=\u00bb50px\u00bb z_index=\u00bb137&#8243; vertical_offset_tablet=\u00bb\u00bb vertical_offset_phone=\u00bb-45px\u00bb vertical_offset_last_edited=\u00bbon|phone\u00bb horizontal_offset_tablet=\u00bb20px\u00bb horizontal_offset_phone=\u00bb\u00bb horizontal_offset_last_edited=\u00bbon|phone\u00bb position_origin_a_tablet=\u00bb\u00bb position_origin_a_phone=\u00bb\u00bb position_origin_a_last_edited=\u00bbon|desktop\u00bb position_origin_f_tablet=\u00bb\u00bb position_origin_f_phone=\u00bb\u00bb position_origin_f_last_edited=\u00bbon|desktop\u00bb position_origin_r_tablet=\u00bb\u00bb position_origin_r_phone=\u00bb\u00bb position_origin_r_last_edited=\u00bbon|desktop\u00bb text_orientation=\u00bbright\u00bb width=\u00bb160px\u00bb height=\u00bb30px\u00bb positioning_tablet=\u00bb\u00bb positioning_phone=\u00bb\u00bb positioning_last_edited=\u00bbon|desktop\u00bb global_colors_info=\u00bb{}\u00bb]<!-- AddToAny BEGIN --><!-- [et_pb_line_break_holder] --><a class=\"a2a_dd\" href=\"https:\/\/www.addtoany.com\/share\" style=\"background: black;<!-- [et_pb_line_break_holder] -->    font-size: 18px;<!-- [et_pb_line_break_holder] -->    color: white;<!-- [et_pb_line_break_holder] -->    padding: 10px;text-transform: uppercase;\u00bb><!-- [et_pb_line_break_holder] -->  <svg style=\"width: 20px;\" aria-hidden=\"true\" focusable=\"false\" data-prefix=\"fas\" data-icon=\"share-square\" role=\"img\" xmlns=\"http:\/\/www.w3.org\/2000\/svg\" viewbox=\"0 0 576 512\" data-fa-i2svg=\"\"><path fill=\"currentColor\" d=\"M568.482 177.448L424.479 313.433C409.3 327.768 384 317.14 384 295.985v-71.963c-144.575.97-205.566 35.113-164.775 171.353 4.483 14.973-12.846 26.567-25.006 17.33C155.252 383.105 120 326.488 120 269.339c0-143.937 117.599-172.5 264-173.312V24.012c0-21.174 25.317-31.768 40.479-17.448l144.003 135.988c10.02 9.463 10.028 25.425 0 34.896zM384 379.128V448H64V128h50.916a11.99 11.99 0 0 0 8.648-3.693c14.953-15.568 32.237-27.89 51.014-37.676C185.708 80.83 181.584 64 169.033 64H48C21.49 64 0 85.49 0 112v352c0 26.51 21.49 48 48 48h352c26.51 0 48-21.49 48-48v-88.806c0-8.288-8.197-14.066-16.011-11.302a71.83 71.83 0 0 1-34.189 3.377c-7.27-1.046-13.8 4.514-13.8 11.859z\"><\/path><\/svg><!-- [et_pb_line_break_holder] -->  COMPARTILHAR<!-- [et_pb_line_break_holder] --><\/a><!-- [et_pb_line_break_holder] --><script async src=\"https:\/\/static.addtoany.com\/menu\/page.js\"><\/script><!-- [et_pb_line_break_holder] --><!-- AddToAny END -->[\/et_pb_code][et_pb_text _builder_version=\u00bb4.27.4&#8243; _module_preset=\u00bbdefault\u00bb text_font=\u00bb|700|||||||\u00bb text_font_size=\u00bb25px\u00bb width=\u00bb78%\u00bb width_tablet=\u00bb\u00bb width_phone=\u00bb100%\u00bb width_last_edited=\u00bbon|phone\u00bb custom_margin=\u00bb||5px|||\u00bb global_colors_info=\u00bb{}\u00bb]<\/p>\n<p class=\"p1\">\n<p class=\"p2\">JNI Tierra de Gracia celebra su 5to Rally \u201cQui\u00e9n Vive en Ti\u201d en el Parque Nacional Henry Pittier<\/p>\n<p>[\/et_pb_text][et_pb_post_title title=\u00bboff\u00bb comments=\u00bboff\u00bb module_class=\u00bbtituloNoti\u00bb _builder_version=\u00bb4.16&#8243; _module_preset=\u00bbdefault\u00bb width_tablet=\u00bb\u00bb width_phone=\u00bb\u00bb width_last_edited=\u00bbon|phone\u00bb custom_padding=\u00bb|0px|||false|false\u00bb custom_padding_tablet=\u00bb|0px|||false|false\u00bb custom_padding_phone=\u00bb|0px|||false|false\u00bb custom_padding_last_edited=\u00bbon|phone\u00bb border_color_right=\u00bb#e8e8e8&#8243; border_width_right_tablet=\u00bb0px\u00bb border_width_right_phone=\u00bb\u00bb border_width_right_last_edited=\u00bbon|desktop\u00bb global_colors_info=\u00bb{}\u00bb][\/et_pb_post_title][et_pb_text _builder_version=\u00bb4.27.4&#8243; _module_preset=\u00bbdefault\u00bb text_font_size=\u00bb17px\u00bb global_colors_info=\u00bb{}\u00bb]<\/p>\n<p style=\"margin: 0cm 0cm 15pt; text-align: justify;\"><b><span style=\"font-family: 'Arial',sans-serif; color: black;\">(CNAS Venezuela) <\/span><\/b>El pasado s\u00e1bado 19 de marzo, el majestuoso Parque Nacional Henry Pittier se transform\u00f3 en un escenario de aprendizaje experiencial y fortalecimiento espiritual, cuando 132 preadolescentes y j\u00f3venes de la Juventud Nazarena Internacional (JNI) de la Iglesia del Nazareno Tierra de Gracia, del Distrito Venezuela Primero, llevaron a cabo su significativo 5to Rally \u201cQui\u00e9n Vive en Ti\u201d.<\/p>\n<p class=\"p4\">El evento, profundamente arraigado en las ense\u00f1anzas del libro de G\u00e1latas, trascendi\u00f3 el car\u00e1cter recreativo para ofrecer a los participantes una experiencia transformadora, mediante la exploraci\u00f3n, el trabajo en equipo y la competencia sana. La jornada se desarroll\u00f3 en el emblem\u00e1tico Cerro del Hotel Maracay, conjugando naturaleza, dinamismo y espiritualidad.<\/p>\n<p class=\"p4\">El d\u00eda comenz\u00f3 con un momento de profunda conexi\u00f3n espiritual, cuando el pastor Carlos Cadavid imparti\u00f3 una bendici\u00f3n especial sobre los j\u00f3venes participantes, invocando la gu\u00eda y protecci\u00f3n de Dios. A continuaci\u00f3n, Christian Escalona, presidente local de la JNI, ofreci\u00f3 palabras de bienvenida llenas de entusiasmo, motivando a los once equipos participantes a embarcarse en la aventura. Cada escuadra, integrada por doce j\u00f3venes, representaba un conjunto diverso de talentos unidos por el deseo com\u00fan de crecer en la fe y fortalecer su comunidad.<\/p>\n<p class=\"p4\">A lo largo del circuito, dise\u00f1ado para combinar desaf\u00edos f\u00edsicos e intelectuales basados en la ep\u00edstola a los G\u00e1latas, los equipos pusieron en pr\u00e1ctica estrategias, comunicaci\u00f3n efectiva y cooperaci\u00f3n fraterna. La adrenalina de la competencia se uni\u00f3 con momentos de reflexi\u00f3n y ense\u00f1anza b\u00edblica, generando una experiencia integral de impacto espiritual, mental y f\u00edsico.<\/p>\n<p class=\"p4\">El equipo \u00abLinaje Escogido\u00bb se alz\u00f3 con el primer lugar gracias a su preparaci\u00f3n y trabajo conjunto. Le sigui\u00f3 de cerca el equipo \u00abGuerreros de la Fe\u00bb, y en tercer lugar \u00abGeneraci\u00f3n Elegida\u00bb, cuyos esfuerzos tambi\u00e9n fueron reconocidos. Los premios celebraron no solo los logros competitivos, sino tambi\u00e9n el esp\u00edritu de unidad y compromiso demostrado por todos.<\/p>\n<p class=\"p4\">La jornada se llen\u00f3 de alegr\u00eda con la participaci\u00f3n del grupo Revival Dance, cuya presentaci\u00f3n art\u00edstica record\u00f3 la importancia de expresar la fe a trav\u00e9s del arte. El evento tambi\u00e9n cont\u00f3 con la presencia y mensaje inspirador de Joselvia Rodr\u00edguez, presidenta nacional de JNI, quien alent\u00f3 a los j\u00f3venes a vivir una fe genuina y activa. Asimismo, Estherline, presidenta distrital de JNI, acompa\u00f1\u00f3 el evento, reflejando el respaldo del liderazgo juvenil a este tipo de iniciativas.<\/p>\n<p class=\"p4\">Un momento especial fue la participaci\u00f3n de delegaciones de otras iglesias e instituciones, como la I.D.N. Tierra de Gracia Villa de Cura, la iglesia El Dabar de Dios y un grupo de j\u00f3venes de Aldeas Infantiles SOS de Venezuela. Su presencia enriqueci\u00f3 el encuentro con diversidad y fortaleci\u00f3 los lazos de unidad entre diferentes expresiones de fe.<\/p>\n<p class=\"p4\">Las voces de los participantes reflejan el impacto vivido. Maickol Mendoza expres\u00f3: \u201c<i>\u00a1Fue una experiencia maravillosa y llena de mucha adrenalina! Nunca hab\u00eda vivido algo as\u00ed. Lo m\u00e1s impactante fue ver a alguien vestido de Jes\u00fas esper\u00e1ndonos en la estaci\u00f3n n\u00famero 4, transmiti\u00f3 una paz incre\u00edble\u201d. Jos\u00e9 S\u00e1nchez tambi\u00e9n comparti\u00f3: \u201cVali\u00f3 la pena estudiar y hacer ejercicio para esto. Lo volver\u00eda a hacer sin dudarlo, aunque la bajada fue de infarto por lo r\u00e1pido que \u00edbamos todos, \u00a1pero la adrenalina fue lo m\u00e1ximo!\u201d.<\/i><\/p>\n<p class=\"p4\">El 5to Rally \u201cQui\u00e9n Vive en Ti\u201d se consolida como un testimonio del compromiso de la JNI Tierra de Gracia con la formaci\u00f3n integral de la juventud. A trav\u00e9s de iniciativas como esta, se promueve el estudio de la Palabra, se fortalecen los v\u00ednculos comunitarios y se proclama una fe viva que transforma vidas y comunidades.<\/p>\n<p class=\"p4\"><span style=\"font-family: 'Arial',sans-serif; color: black;\"><\/span><b><i><span style=\"font-family: 'Arial',sans-serif; color: black;\">Fuente: Comunicaciones Venezuela.<\/span><\/i><\/b><\/p>\n<p>[\/et_pb_text][\/et_pb_column][\/et_pb_row][et_pb_row disabled_on=\u00bbon|on|on\u00bb _builder_version=\u00bb4.16&#8243; _module_preset=\u00bbdefault\u00bb disabled=\u00bbon\u00bb global_colors_info=\u00bb{}\u00bb][et_pb_column type=\u00bb4_4&#8243; _builder_version=\u00bb4.16&#8243; _module_preset=\u00bbdefault\u00bb global_colors_info=\u00bb{}\u00bb][et_pb_text disabled_on=\u00bboff|off|off\u00bb _builder_version=\u00bb4.16&#8243; _module_preset=\u00bbdefault\u00bb text_text_color=\u00bb#0C71C3&#8243; text_font_size=\u00bb23px\u00bb text_orientation=\u00bbcenter\u00bb global_colors_info=\u00bb{}\u00bb]<\/p>\n<p>CONTENIDO EN PORTUGUES<\/p>\n<p>[\/et_pb_text][\/et_pb_column][\/et_pb_row][et_pb_row module_class=\u00bbportugues\u00bb _builder_version=\u00bb4.16&#8243; _module_preset=\u00bbdefault\u00bb width=\u00bb100%\u00bb global_colors_info=\u00bb{}\u00bb][et_pb_column type=\u00bb4_4&#8243; module_class=\u00bbcolLeft\u00bb _builder_version=\u00bb4.16&#8243; _module_preset=\u00bbdefault\u00bb custom_padding=\u00bb|50px|||false|false\u00bb custom_padding_tablet=\u00bb|20px||20px|false|true\u00bb custom_padding_phone=\u00bb\u00bb custom_padding_last_edited=\u00bbon|phone\u00bb border_color_all=\u00bb#e0e0e0&#8243; border_width_right_tablet=\u00bb0px\u00bb border_width_right_phone=\u00bb0px\u00bb border_width_right_last_edited=\u00bbon|desktop\u00bb global_colors_info=\u00bb{}\u00bb][et_pb_code admin_label=\u00bbCode\u00bb _builder_version=\u00bb4.16&#8243; _module_preset=\u00bbdefault\u00bb background_enable_color=\u00bboff\u00bb positioning=\u00bbabsolute\u00bb position_origin_a=\u00bbtop_right\u00bb vertical_offset=\u00bb10px\u00bb horizontal_offset=\u00bb50px\u00bb z_index=\u00bb137&#8243; vertical_offset_tablet=\u00bb\u00bb vertical_offset_phone=\u00bb-45px\u00bb vertical_offset_last_edited=\u00bbon|phone\u00bb horizontal_offset_tablet=\u00bb20px\u00bb horizontal_offset_phone=\u00bb\u00bb horizontal_offset_last_edited=\u00bbon|phone\u00bb position_origin_a_tablet=\u00bb\u00bb position_origin_a_phone=\u00bb\u00bb position_origin_a_last_edited=\u00bbon|desktop\u00bb position_origin_f_tablet=\u00bb\u00bb position_origin_f_phone=\u00bb\u00bb position_origin_f_last_edited=\u00bbon|desktop\u00bb position_origin_r_tablet=\u00bb\u00bb position_origin_r_phone=\u00bb\u00bb position_origin_r_last_edited=\u00bbon|desktop\u00bb text_orientation=\u00bbright\u00bb width=\u00bb190px\u00bb height=\u00bb30px\u00bb positioning_tablet=\u00bb\u00bb positioning_phone=\u00bb\u00bb positioning_last_edited=\u00bbon|desktop\u00bb global_colors_info=\u00bb{}\u00bb]<!-- AddToAny BEGIN --><!-- [et_pb_line_break_holder] --><a class=\"a2a_dd\" href=\"https:\/\/www.addtoany.com\/share\" style=\"background: black;<!-- [et_pb_line_break_holder] -->    font-size: 18px;<!-- [et_pb_line_break_holder] -->    color: white;<!-- [et_pb_line_break_holder] -->    padding: 10px;text-transform: uppercase;\u00bb><!-- [et_pb_line_break_holder] -->  <svg style=\"width: 20px;\" aria-hidden=\"true\" focusable=\"false\" data-prefix=\"fas\" data-icon=\"share-square\" role=\"img\" xmlns=\"http:\/\/www.w3.org\/2000\/svg\" viewbox=\"0 0 576 512\" data-fa-i2svg=\"\"><path fill=\"currentColor\" d=\"M568.482 177.448L424.479 313.433C409.3 327.768 384 317.14 384 295.985v-71.963c-144.575.97-205.566 35.113-164.775 171.353 4.483 14.973-12.846 26.567-25.006 17.33C155.252 383.105 120 326.488 120 269.339c0-143.937 117.599-172.5 264-173.312V24.012c0-21.174 25.317-31.768 40.479-17.448l144.003 135.988c10.02 9.463 10.028 25.425 0 34.896zM384 379.128V448H64V128h50.916a11.99 11.99 0 0 0 8.648-3.693c14.953-15.568 32.237-27.89 51.014-37.676C185.708 80.83 181.584 64 169.033 64H48C21.49 64 0 85.49 0 112v352c0 26.51 21.49 48 48 48h352c26.51 0 48-21.49 48-48v-88.806c0-8.288-8.197-14.066-16.011-11.302a71.83 71.83 0 0 1-34.189 3.377c-7.27-1.046-13.8 4.514-13.8 11.859z\"><\/path><\/svg><!-- [et_pb_line_break_holder] -->  Compartilhar<!-- [et_pb_line_break_holder] --><\/a><!-- [et_pb_line_break_holder] --><script async src=\"https:\/\/static.addtoany.com\/menu\/page.js\"><\/script><!-- [et_pb_line_break_holder] --><!-- AddToAny END -->[\/et_pb_code][et_pb_text _builder_version=\u00bb4.27.4&#8243; _module_preset=\u00bbdefault\u00bb text_font=\u00bb|700|||||||\u00bb text_font_size=\u00bb25px\u00bb width=\u00bb78%\u00bb width_tablet=\u00bb\u00bb width_phone=\u00bb100%\u00bb width_last_edited=\u00bbon|phone\u00bb custom_margin=\u00bb||5px|||\u00bb global_colors_info=\u00bb{}\u00bb]<\/p>\n<p>JNI Tierra de Gracia celebra seu 5\u00ba Rally \u201cQuem Vive em Voc\u00ea\u201d no Parque Nacional Henry Pittier<\/p>\n<p>[\/et_pb_text][et_pb_post_title title=\u00bboff\u00bb comments=\u00bboff\u00bb module_class=\u00bbtituloNoti\u00bb _builder_version=\u00bb4.16&#8243; _module_preset=\u00bbdefault\u00bb width_tablet=\u00bb\u00bb width_phone=\u00bb\u00bb width_last_edited=\u00bbon|phone\u00bb custom_padding=\u00bb|0px|||false|false\u00bb custom_padding_tablet=\u00bb|0px|||false|false\u00bb custom_padding_phone=\u00bb|0px|||false|false\u00bb custom_padding_last_edited=\u00bbon|phone\u00bb border_color_right=\u00bb#e8e8e8&#8243; border_width_right_tablet=\u00bb0px\u00bb border_width_right_phone=\u00bb\u00bb border_width_right_last_edited=\u00bbon|desktop\u00bb global_colors_info=\u00bb{}\u00bb][\/et_pb_post_title][et_pb_text _builder_version=\u00bb4.27.4&#8243; _module_preset=\u00bbdefault\u00bb text_font_size=\u00bb17px\u00bb hover_enabled=\u00bb0&#8243; global_colors_info=\u00bb{}\u00bb sticky_enabled=\u00bb0&#8243;]<\/p>\n<p style=\"text-align: justify;\"><strong>(CNAS Venezuela) <\/strong>No \u00faltimo s\u00e1bado, 19 de mar\u00e7o, o majestoso Parque Nacional Henry Pittier se transformou em um cen\u00e1rio de aprendizado experiencial e fortalecimento espiritual, quando 132 pr\u00e9-adolescentes e jovens da Juventude Nazarena Internacional (JNI) da Igreja do Nazareno Tierra de Gracia, do Distrito Venezuela Primeiro, realizaram o significativo 5\u00ba Rally \u201cQuem Vive em Voc\u00ea\u201d.<\/p>\n<p data-start=\"587\" data-end=\"940\">O evento, profundamente enraizado nos ensinamentos do livro de G\u00e1latas, foi al\u00e9m de uma atividade recreativa para oferecer aos participantes uma experi\u00eancia transformadora, por meio da explora\u00e7\u00e3o, do trabalho em equipe e da competi\u00e7\u00e3o saud\u00e1vel. A jornada se desenrolou no emblem\u00e1tico Cerro do Hotel Maracay, unindo natureza, dinamismo e espiritualidade.<\/p>\n<p data-start=\"942\" data-end=\"1444\">O dia come\u00e7ou com um momento de profunda conex\u00e3o espiritual, quando o pastor Carlos Cadavid proferiu uma b\u00ean\u00e7\u00e3o especial sobre os jovens participantes, invocando a dire\u00e7\u00e3o e prote\u00e7\u00e3o de Deus. Em seguida, Christian Escalona, presidente local da JNI, deu as boas-vindas com entusiasmo, motivando as onze equipes participantes a embarcarem nessa aventura. Cada grupo, composto por doze jovens, representava uma diversidade de talentos unidos pelo desejo comum de crescer na f\u00e9 e fortalecer sua comunidade.<\/p>\n<p data-start=\"1446\" data-end=\"1816\">Ao longo do circuito, cuidadosamente desenhado para combinar desafios f\u00edsicos e intelectuais com base na ep\u00edstola aos G\u00e1latas, os participantes colocaram em pr\u00e1tica estrat\u00e9gias, comunica\u00e7\u00e3o eficaz e coopera\u00e7\u00e3o fraterna. A adrenalina da competi\u00e7\u00e3o se somou a momentos de reflex\u00e3o e ensino b\u00edblico, gerando uma experi\u00eancia integral com impacto espiritual, mental e f\u00edsico.<\/p>\n<p data-start=\"1818\" data-end=\"2165\">A equipe \u201cLinaje Escogido\u201d conquistou o primeiro lugar gra\u00e7as \u00e0 sua prepara\u00e7\u00e3o e sinergia. Em segundo lugar, ficou a equipe \u201cGuerreiros da F\u00e9\u201d, e em terceiro, \u201cGera\u00e7\u00e3o Eleita\u201d, cujos esfor\u00e7os tamb\u00e9m foram reconhecidos. Os pr\u00eamios celebraram n\u00e3o apenas o desempenho competitivo, mas tamb\u00e9m o esp\u00edrito de unidade e compromisso demonstrado por todos.<\/p>\n<p data-start=\"2167\" data-end=\"2644\">A alegria se intensificou com a apresenta\u00e7\u00e3o vibrante do grupo Revival Dance, cuja express\u00e3o art\u00edstica lembrou a import\u00e2ncia de viver a f\u00e9 por meio da arte. O evento tamb\u00e9m contou com a presen\u00e7a e a mensagem inspiradora de Joselvia Rodr\u00edguez, presidente nacional da JNI, que incentivou os jovens a viverem uma f\u00e9 genu\u00edna e ativa. Da mesma forma, Estherline, presidente distrital da JNI, acompanhou o evento, refletindo o apoio da lideran\u00e7a nazarena \u00e0s iniciativas da juventude.<\/p>\n<p data-start=\"2646\" data-end=\"3017\">Um momento especial foi a participa\u00e7\u00e3o de delega\u00e7\u00f5es de outras igrejas e institui\u00e7\u00f5es, como a I.D.N. Tierra de Gracia de Villa de Cura, a igreja El Dabar de Dios e um grupo comovente de jovens das Aldeias Infantis SOS da Venezuela. A presen\u00e7a dessas delega\u00e7\u00f5es enriqueceu o encontro com diversidade e fortaleceu os la\u00e7os de unidade entre diferentes express\u00f5es da f\u00e9 crist\u00e3.<\/p>\n<p data-start=\"3019\" data-end=\"3541\">Os testemunhos dos participantes revelam o impacto vivenciado. Maickol Mendoza declarou: \u201cFoi uma experi\u00eancia maravilhosa e cheia de adrenalina! Nunca vivi algo assim. O mais marcante foi ver algu\u00e9m vestido como Jesus nos esperando na esta\u00e7\u00e3o n\u00famero 4 \u2014 transmitiu uma paz incr\u00edvel\u201d. J\u00e1 Jos\u00e9 S\u00e1nchez comentou com um sorriso: \u201cValeu a pena estudar e me exercitar para isso. Eu faria tudo de novo sem pensar duas vezes, embora a descida tenha sido de tirar o f\u00f4lego pelo ritmo acelerado \u2014 mas a adrenalina foi sensacional!\u201d.<\/p>\n<p data-start=\"3543\" data-end=\"3848\">O 5\u00ba Rally \u201cQuem Vive em Voc\u00ea\u201d se consolida como um testemunho do compromisso da JNI Tierra de Gracia com a forma\u00e7\u00e3o integral da juventude. Por meio de iniciativas como essa, promove-se o estudo da Palavra, fortalecem-se os v\u00ednculos comunit\u00e1rios e proclama-se uma f\u00e9 viva que transforma vidas e comunidades.<\/p>\n<p style=\"text-align: justify;\"><strong><em>Fonte: <\/em><\/strong><em>Comunica\u00e7\u00f5es Venezuela.<\/em><\/p>\n<p>[\/et_pb_text][\/et_pb_column][\/et_pb_row][et_pb_row _builder_version=\u00bb4.16&#8243; _module_preset=\u00bbdefault\u00bb width=\u00bb100%\u00bb global_colors_info=\u00bb{}\u00bb][et_pb_column type=\u00bb4_4&#8243; module_class=\u00bbcolLeft\u00bb _builder_version=\u00bb4.16&#8243; _module_preset=\u00bbdefault\u00bb custom_padding=\u00bb|50px|||false|false\u00bb custom_padding_tablet=\u00bb|20px||20px|false|true\u00bb custom_padding_phone=\u00bb\u00bb custom_padding_last_edited=\u00bbon|phone\u00bb border_color_all=\u00bb#e0e0e0&#8243; border_width_right_tablet=\u00bb0px\u00bb border_width_right_phone=\u00bb0px\u00bb border_width_right_last_edited=\u00bbon|desktop\u00bb global_colors_info=\u00bb{}\u00bb][et_pb_gallery gallery_ids=\u00bb49269,49270,49271,49272&#8243; posts_number=\u00bb8&#8243; show_title_and_caption=\u00bboff\u00bb zoom_icon_color=\u00bb#E02B20&#8243; hover_overlay_color=\u00bb#FFFFFF\u00bb hover_icon=\u00bb&#x54;||divi||400&#8243; _builder_version=\u00bb4.27.4&#8243; _module_preset=\u00bbdefault\u00bb title_font_size=\u00bb0px\u00bb width=\u00bb100%\u00bb module_alignment=\u00bbcenter\u00bb global_colors_info=\u00bb{}\u00bb][\/et_pb_gallery][\/et_pb_column][\/et_pb_row][\/et_pb_section]<\/p>\n<span class=\"et_bloom_bottom_trigger\"><\/span>","protected":false},"excerpt":{"rendered":"<p>CONTENIDO EN ESPA\u00d1OL<\/p>","protected":false},"author":4,"featured_media":49274,"comment_status":"open","ping_status":"open","sticky":false,"template":"","format":"standard","meta":{"_et_pb_use_builder":"on","_et_pb_old_content":"","_et_gb_content_width":"","_monsterinsights_skip_tracking":false,"_monsterinsights_sitenote_active":false,"_monsterinsights_sitenote_note":"","_monsterinsights_sitenote_category":0,"_vp_format_video_url":"","_vp_image_focal_point":[],"footnotes":""},"categories":[50,1,2,7],"tags":[],"class_list":["post-49264","post","type-post","status-publish","format-standard","has-post-thumbnail","hentry","category-jni","category-noticia","category-noticias","category-venezuela"],"yoast_head":"<!-- This site is optimized with the Yoast SEO Premium plugin v23.6 (Yoast SEO v27.5) - https:\/\/yoast.com\/product\/yoast-seo-premium-wordpress\/ -->\n<title>JNI Tierra de Gracia celebra su 5to Rally \u201cQui\u00e9n Vive en Ti\u201d en el Parque Nacional Henry Pittier | Iglesia del Nazareno Am\u00e9rica del Sur<\/title>\n<meta name=\"description\" content=\"Noticia\" \/>\n<meta name=\"robots\" content=\"noindex, follow\" \/>\n<meta property=\"og:locale\" content=\"pt_BR\" \/>\n<meta property=\"og:type\" content=\"article\" \/>\n<meta property=\"og:title\" content=\"JNI Tierra de Gracia celebra su 5to Rally \u201cQui\u00e9n Vive en Ti\u201d en el Parque Nacional Henry Pittier | Iglesia del Nazareno Am\u00e9rica del Sur\" \/>\n<meta property=\"og:description\" content=\"Noticia\" \/>\n<meta property=\"og:url\" content=\"https:\/\/www.samnaz.org\/pt\/jni-tierra-de-gracia-celebra-su-5to-rally-quien-vive-en-ti-en-el-parque-nacional-henry-pittier\/\" \/>\n<meta property=\"og:site_name\" content=\"Iglesia del Nazareno Am\u00e9rica del Sur\" \/>\n<meta property=\"article:publisher\" content=\"https:\/\/www.facebook.com\/NazarenoEsp\" \/>\n<meta property=\"article:published_time\" content=\"2025-08-05T20:06:41+00:00\" \/>\n<meta property=\"article:modified_time\" content=\"2025-08-05T20:08:39+00:00\" \/>\n<meta property=\"og:image\" content=\"https:\/\/www.samnaz.org\/wp-content\/uploads\/2025\/08\/FOTO-002-1-Pica-1.jpg\" \/>\n\t<meta property=\"og:image:width\" content=\"1024\" \/>\n\t<meta property=\"og:image:height\" content=\"625\" \/>\n\t<meta property=\"og:image:type\" content=\"image\/jpeg\" \/>\n<meta name=\"author\" content=\"Samnaz\" \/>\n<meta name=\"twitter:card\" content=\"summary_large_image\" \/>\n<meta name=\"twitter:label1\" content=\"Escrito por\" \/>\n\t<meta name=\"twitter:data1\" content=\"Samnaz\" \/>\n\t<meta name=\"twitter:label2\" content=\"Est. tempo de leitura\" \/>\n\t<meta name=\"twitter:data2\" content=\"7 minutos\" \/>\n<script type=\"application\/ld+json\" class=\"yoast-schema-graph\">{\"@context\":\"https:\\\/\\\/schema.org\",\"@graph\":[{\"@type\":\"Article\",\"@id\":\"https:\\\/\\\/www.samnaz.org\\\/jni-tierra-de-gracia-celebra-su-5to-rally-quien-vive-en-ti-en-el-parque-nacional-henry-pittier\\\/#article\",\"isPartOf\":{\"@id\":\"https:\\\/\\\/www.samnaz.org\\\/jni-tierra-de-gracia-celebra-su-5to-rally-quien-vive-en-ti-en-el-parque-nacional-henry-pittier\\\/\"},\"author\":{\"name\":\"Samnaz\",\"@id\":\"https:\\\/\\\/www.samnaz.org\\\/#\\\/schema\\\/person\\\/c09d1131c49ba510c7e1cbb677b39927\"},\"headline\":\"JNI Tierra de Gracia celebra su 5to Rally \u201cQui\u00e9n Vive en Ti\u201d en el Parque Nacional Henry Pittier\",\"datePublished\":\"2025-08-05T20:06:41+00:00\",\"dateModified\":\"2025-08-05T20:08:39+00:00\",\"mainEntityOfPage\":{\"@id\":\"https:\\\/\\\/www.samnaz.org\\\/jni-tierra-de-gracia-celebra-su-5to-rally-quien-vive-en-ti-en-el-parque-nacional-henry-pittier\\\/\"},\"wordCount\":303,\"commentCount\":0,\"publisher\":{\"@id\":\"https:\\\/\\\/www.samnaz.org\\\/#organization\"},\"image\":{\"@id\":\"https:\\\/\\\/www.samnaz.org\\\/jni-tierra-de-gracia-celebra-su-5to-rally-quien-vive-en-ti-en-el-parque-nacional-henry-pittier\\\/#primaryimage\"},\"thumbnailUrl\":\"https:\\\/\\\/www.samnaz.org\\\/wp-content\\\/uploads\\\/2025\\\/08\\\/FOTO-002-1-Pica-1.jpg\",\"articleSection\":[\"JNI\",\"Noticia\",\"Noticias\",\"Venezuela\"],\"inLanguage\":\"pt-BR\",\"potentialAction\":[{\"@type\":\"CommentAction\",\"name\":\"Comment\",\"target\":[\"https:\\\/\\\/www.samnaz.org\\\/jni-tierra-de-gracia-celebra-su-5to-rally-quien-vive-en-ti-en-el-parque-nacional-henry-pittier\\\/#respond\"]}]},{\"@type\":\"WebPage\",\"@id\":\"https:\\\/\\\/www.samnaz.org\\\/jni-tierra-de-gracia-celebra-su-5to-rally-quien-vive-en-ti-en-el-parque-nacional-henry-pittier\\\/\",\"url\":\"https:\\\/\\\/www.samnaz.org\\\/jni-tierra-de-gracia-celebra-su-5to-rally-quien-vive-en-ti-en-el-parque-nacional-henry-pittier\\\/\",\"name\":\"JNI Tierra de Gracia celebra su 5to Rally \u201cQui\u00e9n Vive en Ti\u201d en el Parque Nacional Henry Pittier | Iglesia del Nazareno Am\u00e9rica del Sur\",\"isPartOf\":{\"@id\":\"https:\\\/\\\/www.samnaz.org\\\/#website\"},\"primaryImageOfPage\":{\"@id\":\"https:\\\/\\\/www.samnaz.org\\\/jni-tierra-de-gracia-celebra-su-5to-rally-quien-vive-en-ti-en-el-parque-nacional-henry-pittier\\\/#primaryimage\"},\"image\":{\"@id\":\"https:\\\/\\\/www.samnaz.org\\\/jni-tierra-de-gracia-celebra-su-5to-rally-quien-vive-en-ti-en-el-parque-nacional-henry-pittier\\\/#primaryimage\"},\"thumbnailUrl\":\"https:\\\/\\\/www.samnaz.org\\\/wp-content\\\/uploads\\\/2025\\\/08\\\/FOTO-002-1-Pica-1.jpg\",\"datePublished\":\"2025-08-05T20:06:41+00:00\",\"dateModified\":\"2025-08-05T20:08:39+00:00\",\"description\":\"Noticia\",\"inLanguage\":\"pt-BR\",\"potentialAction\":[{\"@type\":\"ReadAction\",\"target\":[\"https:\\\/\\\/www.samnaz.org\\\/jni-tierra-de-gracia-celebra-su-5to-rally-quien-vive-en-ti-en-el-parque-nacional-henry-pittier\\\/\"]}]},{\"@type\":\"ImageObject\",\"inLanguage\":\"pt-BR\",\"@id\":\"https:\\\/\\\/www.samnaz.org\\\/jni-tierra-de-gracia-celebra-su-5to-rally-quien-vive-en-ti-en-el-parque-nacional-henry-pittier\\\/#primaryimage\",\"url\":\"https:\\\/\\\/www.samnaz.org\\\/wp-content\\\/uploads\\\/2025\\\/08\\\/FOTO-002-1-Pica-1.jpg\",\"contentUrl\":\"https:\\\/\\\/www.samnaz.org\\\/wp-content\\\/uploads\\\/2025\\\/08\\\/FOTO-002-1-Pica-1.jpg\",\"width\":1024,\"height\":625},{\"@type\":\"WebSite\",\"@id\":\"https:\\\/\\\/www.samnaz.org\\\/#website\",\"url\":\"https:\\\/\\\/www.samnaz.org\\\/\",\"name\":\"Haciendo Disc\u00edpulos Semejantes a Cristo en las naciones\",\"description\":\"Haciendo disc\u00edpulos semejantes a Cristo en las Naciones\",\"publisher\":{\"@id\":\"https:\\\/\\\/www.samnaz.org\\\/#organization\"},\"alternateName\":\"Viviendo la Gran Comisi\u00f3n\",\"potentialAction\":[{\"@type\":\"SearchAction\",\"target\":{\"@type\":\"EntryPoint\",\"urlTemplate\":\"https:\\\/\\\/www.samnaz.org\\\/?s={search_term_string}\"},\"query-input\":{\"@type\":\"PropertyValueSpecification\",\"valueRequired\":true,\"valueName\":\"search_term_string\"}}],\"inLanguage\":\"pt-BR\"},{\"@type\":\"Organization\",\"@id\":\"https:\\\/\\\/www.samnaz.org\\\/#organization\",\"name\":\"Iglesia del Nazareno Am\u00e9rica del Sur\",\"url\":\"https:\\\/\\\/www.samnaz.org\\\/\",\"logo\":{\"@type\":\"ImageObject\",\"inLanguage\":\"pt-BR\",\"@id\":\"https:\\\/\\\/www.samnaz.org\\\/#\\\/schema\\\/logo\\\/image\\\/\",\"url\":\"https:\\\/\\\/www.samnaz.org\\\/wp-content\\\/uploads\\\/2021\\\/04\\\/Logo-3-ESP.png\",\"contentUrl\":\"https:\\\/\\\/www.samnaz.org\\\/wp-content\\\/uploads\\\/2021\\\/04\\\/Logo-3-ESP.png\",\"width\":1041,\"height\":780,\"caption\":\"Iglesia del Nazareno Am\u00e9rica del Sur\"},\"image\":{\"@id\":\"https:\\\/\\\/www.samnaz.org\\\/#\\\/schema\\\/logo\\\/image\\\/\"},\"sameAs\":[\"https:\\\/\\\/www.facebook.com\\\/NazarenoEsp\",\"https:\\\/\\\/www.instagram.com\\\/nazarenoesp\\\/\"],\"publishingPrinciples\":\"https:\\\/\\\/www.samnaz.org\\\/\"},{\"@type\":\"Person\",\"@id\":\"https:\\\/\\\/www.samnaz.org\\\/#\\\/schema\\\/person\\\/c09d1131c49ba510c7e1cbb677b39927\",\"name\":\"Samnaz\",\"image\":{\"@type\":\"ImageObject\",\"inLanguage\":\"pt-BR\",\"@id\":\"https:\\\/\\\/secure.gravatar.com\\\/avatar\\\/a5baaf0e270319d09c0efce6a9dd03ff93175913c70afe26595c0069c83fa6dc?s=96&d=mm&r=g\",\"url\":\"https:\\\/\\\/secure.gravatar.com\\\/avatar\\\/a5baaf0e270319d09c0efce6a9dd03ff93175913c70afe26595c0069c83fa6dc?s=96&d=mm&r=g\",\"contentUrl\":\"https:\\\/\\\/secure.gravatar.com\\\/avatar\\\/a5baaf0e270319d09c0efce6a9dd03ff93175913c70afe26595c0069c83fa6dc?s=96&d=mm&r=g\",\"caption\":\"Samnaz\"}}]}<\/script>\n<!-- \/ Yoast SEO Premium plugin. -->","yoast_head_json":{"title":"JNI Tierra de Gracia celebra su 5to Rally \u201cQui\u00e9n Vive en Ti\u201d en el Parque Nacional Henry Pittier | Iglesia del Nazareno Am\u00e9rica del Sur","description":"Noticia","robots":{"index":"noindex","follow":"follow"},"og_locale":"pt_BR","og_type":"article","og_title":"JNI Tierra de Gracia celebra su 5to Rally \u201cQui\u00e9n Vive en Ti\u201d en el Parque Nacional Henry Pittier | Iglesia del Nazareno Am\u00e9rica del Sur","og_description":"Noticia","og_url":"https:\/\/www.samnaz.org\/pt\/jni-tierra-de-gracia-celebra-su-5to-rally-quien-vive-en-ti-en-el-parque-nacional-henry-pittier\/","og_site_name":"Iglesia del Nazareno Am\u00e9rica del Sur","article_publisher":"https:\/\/www.facebook.com\/NazarenoEsp","article_published_time":"2025-08-05T20:06:41+00:00","article_modified_time":"2025-08-05T20:08:39+00:00","og_image":[{"width":1024,"height":625,"url":"https:\/\/www.samnaz.org\/wp-content\/uploads\/2025\/08\/FOTO-002-1-Pica-1.jpg","type":"image\/jpeg"}],"author":"Samnaz","twitter_card":"summary_large_image","twitter_misc":{"Escrito por":"Samnaz","Est. tempo de leitura":"7 minutos"},"schema":{"@context":"https:\/\/schema.org","@graph":[{"@type":"Article","@id":"https:\/\/www.samnaz.org\/jni-tierra-de-gracia-celebra-su-5to-rally-quien-vive-en-ti-en-el-parque-nacional-henry-pittier\/#article","isPartOf":{"@id":"https:\/\/www.samnaz.org\/jni-tierra-de-gracia-celebra-su-5to-rally-quien-vive-en-ti-en-el-parque-nacional-henry-pittier\/"},"author":{"name":"Samnaz","@id":"https:\/\/www.samnaz.org\/#\/schema\/person\/c09d1131c49ba510c7e1cbb677b39927"},"headline":"JNI Tierra de Gracia celebra su 5to Rally \u201cQui\u00e9n Vive en Ti\u201d en el Parque Nacional Henry Pittier","datePublished":"2025-08-05T20:06:41+00:00","dateModified":"2025-08-05T20:08:39+00:00","mainEntityOfPage":{"@id":"https:\/\/www.samnaz.org\/jni-tierra-de-gracia-celebra-su-5to-rally-quien-vive-en-ti-en-el-parque-nacional-henry-pittier\/"},"wordCount":303,"commentCount":0,"publisher":{"@id":"https:\/\/www.samnaz.org\/#organization"},"image":{"@id":"https:\/\/www.samnaz.org\/jni-tierra-de-gracia-celebra-su-5to-rally-quien-vive-en-ti-en-el-parque-nacional-henry-pittier\/#primaryimage"},"thumbnailUrl":"https:\/\/www.samnaz.org\/wp-content\/uploads\/2025\/08\/FOTO-002-1-Pica-1.jpg","articleSection":["JNI","Noticia","Noticias","Venezuela"],"inLanguage":"pt-BR","potentialAction":[{"@type":"CommentAction","name":"Comment","target":["https:\/\/www.samnaz.org\/jni-tierra-de-gracia-celebra-su-5to-rally-quien-vive-en-ti-en-el-parque-nacional-henry-pittier\/#respond"]}]},{"@type":"WebPage","@id":"https:\/\/www.samnaz.org\/jni-tierra-de-gracia-celebra-su-5to-rally-quien-vive-en-ti-en-el-parque-nacional-henry-pittier\/","url":"https:\/\/www.samnaz.org\/jni-tierra-de-gracia-celebra-su-5to-rally-quien-vive-en-ti-en-el-parque-nacional-henry-pittier\/","name":"JNI Tierra de Gracia celebra su 5to Rally \u201cQui\u00e9n Vive en Ti\u201d en el Parque Nacional Henry Pittier | Iglesia del Nazareno Am\u00e9rica del Sur","isPartOf":{"@id":"https:\/\/www.samnaz.org\/#website"},"primaryImageOfPage":{"@id":"https:\/\/www.samnaz.org\/jni-tierra-de-gracia-celebra-su-5to-rally-quien-vive-en-ti-en-el-parque-nacional-henry-pittier\/#primaryimage"},"image":{"@id":"https:\/\/www.samnaz.org\/jni-tierra-de-gracia-celebra-su-5to-rally-quien-vive-en-ti-en-el-parque-nacional-henry-pittier\/#primaryimage"},"thumbnailUrl":"https:\/\/www.samnaz.org\/wp-content\/uploads\/2025\/08\/FOTO-002-1-Pica-1.jpg","datePublished":"2025-08-05T20:06:41+00:00","dateModified":"2025-08-05T20:08:39+00:00","description":"Noticia","inLanguage":"pt-BR","potentialAction":[{"@type":"ReadAction","target":["https:\/\/www.samnaz.org\/jni-tierra-de-gracia-celebra-su-5to-rally-quien-vive-en-ti-en-el-parque-nacional-henry-pittier\/"]}]},{"@type":"ImageObject","inLanguage":"pt-BR","@id":"https:\/\/www.samnaz.org\/jni-tierra-de-gracia-celebra-su-5to-rally-quien-vive-en-ti-en-el-parque-nacional-henry-pittier\/#primaryimage","url":"https:\/\/www.samnaz.org\/wp-content\/uploads\/2025\/08\/FOTO-002-1-Pica-1.jpg","contentUrl":"https:\/\/www.samnaz.org\/wp-content\/uploads\/2025\/08\/FOTO-002-1-Pica-1.jpg","width":1024,"height":625},{"@type":"WebSite","@id":"https:\/\/www.samnaz.org\/#website","url":"https:\/\/www.samnaz.org\/","name":"Haciendo Disc\u00edpulos Semejantes a Cristo en las naciones","description":"Haciendo disc\u00edpulos semejantes a Cristo en las Naciones","publisher":{"@id":"https:\/\/www.samnaz.org\/#organization"},"alternateName":"Viviendo la Gran Comisi\u00f3n","potentialAction":[{"@type":"SearchAction","target":{"@type":"EntryPoint","urlTemplate":"https:\/\/www.samnaz.org\/?s={search_term_string}"},"query-input":{"@type":"PropertyValueSpecification","valueRequired":true,"valueName":"search_term_string"}}],"inLanguage":"pt-BR"},{"@type":"Organization","@id":"https:\/\/www.samnaz.org\/#organization","name":"Iglesia del Nazareno Am\u00e9rica del Sur","url":"https:\/\/www.samnaz.org\/","logo":{"@type":"ImageObject","inLanguage":"pt-BR","@id":"https:\/\/www.samnaz.org\/#\/schema\/logo\/image\/","url":"https:\/\/www.samnaz.org\/wp-content\/uploads\/2021\/04\/Logo-3-ESP.png","contentUrl":"https:\/\/www.samnaz.org\/wp-content\/uploads\/2021\/04\/Logo-3-ESP.png","width":1041,"height":780,"caption":"Iglesia del Nazareno Am\u00e9rica del Sur"},"image":{"@id":"https:\/\/www.samnaz.org\/#\/schema\/logo\/image\/"},"sameAs":["https:\/\/www.facebook.com\/NazarenoEsp","https:\/\/www.instagram.com\/nazarenoesp\/"],"publishingPrinciples":"https:\/\/www.samnaz.org\/"},{"@type":"Person","@id":"https:\/\/www.samnaz.org\/#\/schema\/person\/c09d1131c49ba510c7e1cbb677b39927","name":"Samnaz","image":{"@type":"ImageObject","inLanguage":"pt-BR","@id":"https:\/\/secure.gravatar.com\/avatar\/a5baaf0e270319d09c0efce6a9dd03ff93175913c70afe26595c0069c83fa6dc?s=96&d=mm&r=g","url":"https:\/\/secure.gravatar.com\/avatar\/a5baaf0e270319d09c0efce6a9dd03ff93175913c70afe26595c0069c83fa6dc?s=96&d=mm&r=g","contentUrl":"https:\/\/secure.gravatar.com\/avatar\/a5baaf0e270319d09c0efce6a9dd03ff93175913c70afe26595c0069c83fa6dc?s=96&d=mm&r=g","caption":"Samnaz"}}]}},"_links":{"self":[{"href":"https:\/\/www.samnaz.org\/pt\/wp-json\/wp\/v2\/posts\/49264","targetHints":{"allow":["GET"]}}],"collection":[{"href":"https:\/\/www.samnaz.org\/pt\/wp-json\/wp\/v2\/posts"}],"about":[{"href":"https:\/\/www.samnaz.org\/pt\/wp-json\/wp\/v2\/types\/post"}],"author":[{"embeddable":true,"href":"https:\/\/www.samnaz.org\/pt\/wp-json\/wp\/v2\/users\/4"}],"replies":[{"embeddable":true,"href":"https:\/\/www.samnaz.org\/pt\/wp-json\/wp\/v2\/comments?post=49264"}],"version-history":[{"count":6,"href":"https:\/\/www.samnaz.org\/pt\/wp-json\/wp\/v2\/posts\/49264\/revisions"}],"predecessor-version":[{"id":49277,"href":"https:\/\/www.samnaz.org\/pt\/wp-json\/wp\/v2\/posts\/49264\/revisions\/49277"}],"wp:featuredmedia":[{"embeddable":true,"href":"https:\/\/www.samnaz.org\/pt\/wp-json\/wp\/v2\/media\/49274"}],"wp:attachment":[{"href":"https:\/\/www.samnaz.org\/pt\/wp-json\/wp\/v2\/media?parent=49264"}],"wp:term":[{"taxonomy":"category","embeddable":true,"href":"https:\/\/www.samnaz.org\/pt\/wp-json\/wp\/v2\/categories?post=49264"},{"taxonomy":"post_tag","embeddable":true,"href":"https:\/\/www.samnaz.org\/pt\/wp-json\/wp\/v2\/tags?post=49264"}],"curies":[{"name":"wp","href":"https:\/\/api.w.org\/{rel}","templated":true}]}}