{"id":49321,"date":"2025-08-07T15:02:35","date_gmt":"2025-08-07T18:02:35","guid":{"rendered":"https:\/\/www.samnaz.org\/?p=49321"},"modified":"2025-08-07T16:06:08","modified_gmt":"2025-08-07T19:06:08","slug":"uno-2025-lideres-de-todo-chile-se-reunieron-en-el-encuentro-nacional-de-ministerios-nazarenos-de-compasion","status":"publish","type":"post","link":"https:\/\/www.samnaz.org\/pt\/uno-2025-lideres-de-todo-chile-se-reunieron-en-el-encuentro-nacional-de-ministerios-nazarenos-de-compasion\/","title":{"rendered":"UNO 2025: L\u00edderes de todo Chile se reunieron en el Encuentro Nacional de Ministerios Nazarenos de Compasi\u00f3n"},"content":{"rendered":"<p>[et_pb_section fb_built=\u00bb1&#8243; _builder_version=\u00bb4.16&#8243; _module_preset=\u00bbdefault\u00bb custom_padding=\u00bb0px||||false|false\u00bb global_colors_info=\u00bb{}\u00bb][et_pb_row disabled_on=\u00bbon|on|on\u00bb _builder_version=\u00bb4.16&#8243; _module_preset=\u00bbdefault\u00bb disabled=\u00bbon\u00bb global_colors_info=\u00bb{}\u00bb][et_pb_column type=\u00bb4_4&#8243; _builder_version=\u00bb4.16&#8243; _module_preset=\u00bbdefault\u00bb global_colors_info=\u00bb{}\u00bb][et_pb_text disabled_on=\u00bboff|off|off\u00bb _builder_version=\u00bb4.16&#8243; _module_preset=\u00bbdefault\u00bb text_text_color=\u00bb#0C71C3&#8243; text_font_size=\u00bb23px\u00bb text_orientation=\u00bbcenter\u00bb global_colors_info=\u00bb{}\u00bb]<\/p>\n<p>CONTENIDO EN ESPA\u00d1OL<\/p>\n<p>[\/et_pb_text][\/et_pb_column][\/et_pb_row][et_pb_row module_class=\u00bbespanol\u00bb _builder_version=\u00bb4.16&#8243; _module_preset=\u00bbdefault\u00bb width=\u00bb100%\u00bb global_colors_info=\u00bb{}\u00bb][et_pb_column type=\u00bb4_4&#8243; module_class=\u00bbcolLeft\u00bb _builder_version=\u00bb4.16&#8243; _module_preset=\u00bbdefault\u00bb custom_padding=\u00bb|50px|||false|false\u00bb custom_padding_tablet=\u00bb|20px||20px|false|true\u00bb custom_padding_phone=\u00bb\u00bb custom_padding_last_edited=\u00bbon|phone\u00bb border_color_all=\u00bb#e0e0e0&#8243; border_width_right_tablet=\u00bb0px\u00bb border_width_right_phone=\u00bb0px\u00bb border_width_right_last_edited=\u00bbon|desktop\u00bb global_colors_info=\u00bb{}\u00bb][et_pb_code admin_label=\u00bbCode\u00bb _builder_version=\u00bb4.16&#8243; _module_preset=\u00bbdefault\u00bb background_enable_color=\u00bboff\u00bb positioning=\u00bbabsolute\u00bb position_origin_a=\u00bbtop_right\u00bb vertical_offset=\u00bb10px\u00bb horizontal_offset=\u00bb50px\u00bb z_index=\u00bb137&#8243; vertical_offset_tablet=\u00bb\u00bb vertical_offset_phone=\u00bb-45px\u00bb vertical_offset_last_edited=\u00bbon|phone\u00bb horizontal_offset_tablet=\u00bb20px\u00bb horizontal_offset_phone=\u00bb\u00bb horizontal_offset_last_edited=\u00bbon|phone\u00bb position_origin_a_tablet=\u00bb\u00bb position_origin_a_phone=\u00bb\u00bb position_origin_a_last_edited=\u00bbon|desktop\u00bb position_origin_f_tablet=\u00bb\u00bb position_origin_f_phone=\u00bb\u00bb position_origin_f_last_edited=\u00bbon|desktop\u00bb position_origin_r_tablet=\u00bb\u00bb position_origin_r_phone=\u00bb\u00bb position_origin_r_last_edited=\u00bbon|desktop\u00bb text_orientation=\u00bbright\u00bb width=\u00bb160px\u00bb height=\u00bb30px\u00bb positioning_tablet=\u00bb\u00bb positioning_phone=\u00bb\u00bb positioning_last_edited=\u00bbon|desktop\u00bb global_colors_info=\u00bb{}\u00bb]<!-- AddToAny BEGIN --><!-- [et_pb_line_break_holder] --><a class=\"a2a_dd\" href=\"https:\/\/www.addtoany.com\/share\" style=\"background: black;<!-- [et_pb_line_break_holder] -->    font-size: 18px;<!-- [et_pb_line_break_holder] -->    color: white;<!-- [et_pb_line_break_holder] -->    padding: 10px;text-transform: uppercase;\u00bb><!-- [et_pb_line_break_holder] -->  <svg style=\"width: 20px;\" aria-hidden=\"true\" focusable=\"false\" data-prefix=\"fas\" data-icon=\"share-square\" role=\"img\" xmlns=\"http:\/\/www.w3.org\/2000\/svg\" viewbox=\"0 0 576 512\" data-fa-i2svg=\"\"><path fill=\"currentColor\" d=\"M568.482 177.448L424.479 313.433C409.3 327.768 384 317.14 384 295.985v-71.963c-144.575.97-205.566 35.113-164.775 171.353 4.483 14.973-12.846 26.567-25.006 17.33C155.252 383.105 120 326.488 120 269.339c0-143.937 117.599-172.5 264-173.312V24.012c0-21.174 25.317-31.768 40.479-17.448l144.003 135.988c10.02 9.463 10.028 25.425 0 34.896zM384 379.128V448H64V128h50.916a11.99 11.99 0 0 0 8.648-3.693c14.953-15.568 32.237-27.89 51.014-37.676C185.708 80.83 181.584 64 169.033 64H48C21.49 64 0 85.49 0 112v352c0 26.51 21.49 48 48 48h352c26.51 0 48-21.49 48-48v-88.806c0-8.288-8.197-14.066-16.011-11.302a71.83 71.83 0 0 1-34.189 3.377c-7.27-1.046-13.8 4.514-13.8 11.859z\"><\/path><\/svg><!-- [et_pb_line_break_holder] -->  COMPARTILHAR<!-- [et_pb_line_break_holder] --><\/a><!-- [et_pb_line_break_holder] --><script async src=\"https:\/\/static.addtoany.com\/menu\/page.js\"><\/script><!-- [et_pb_line_break_holder] --><!-- AddToAny END -->[\/et_pb_code][et_pb_text _builder_version=\u00bb4.27.4&#8243; _module_preset=\u00bbdefault\u00bb text_font=\u00bb|700|||||||\u00bb text_font_size=\u00bb25px\u00bb width=\u00bb78%\u00bb width_tablet=\u00bb\u00bb width_phone=\u00bb100%\u00bb width_last_edited=\u00bbon|phone\u00bb custom_margin=\u00bb||5px|||\u00bb global_colors_info=\u00bb{}\u00bb]<\/p>\n<p>UNO 2025: L\u00edderes de todo Chile se reunieron en el Encuentro Nacional de Ministerios Nazarenos de Compasi\u00f3n<\/p>\n<p>[\/et_pb_text][et_pb_post_title title=\u00bboff\u00bb comments=\u00bboff\u00bb module_class=\u00bbtituloNoti\u00bb _builder_version=\u00bb4.16&#8243; _module_preset=\u00bbdefault\u00bb width_tablet=\u00bb\u00bb width_phone=\u00bb\u00bb width_last_edited=\u00bbon|phone\u00bb custom_padding=\u00bb|0px|||false|false\u00bb custom_padding_tablet=\u00bb|0px|||false|false\u00bb custom_padding_phone=\u00bb|0px|||false|false\u00bb custom_padding_last_edited=\u00bbon|phone\u00bb border_color_right=\u00bb#e8e8e8&#8243; border_width_right_tablet=\u00bb0px\u00bb border_width_right_phone=\u00bb\u00bb border_width_right_last_edited=\u00bbon|desktop\u00bb global_colors_info=\u00bb{}\u00bb][\/et_pb_post_title][et_pb_text _builder_version=\u00bb4.27.4&#8243; _module_preset=\u00bbdefault\u00bb text_font_size=\u00bb17px\u00bb global_colors_info=\u00bb{}\u00bb]<\/p>\n<p><b><span style=\"font-family: 'Arial',sans-serif; color: black;\">(CNAS Chile) <\/span><\/b>Los dias 25 y 26 de julio de 2025, bajo el lema UNO 2025, se llev\u00f3 a cabo el Encuentro Nacional de los Ministerios Nazarenos de Compasi\u00f3n (MNC), una instancia de inspiraci\u00f3n, formaci\u00f3n y unidad que reuni\u00f3 a 70 l\u00edderes y voluntarios provenientes de los cuatro distritos de la Iglesia del Nazareno en Chile: Norte, Central, Biob\u00edo y Los Lagos.<br \/>El evento se realiz\u00f3 en el Seminario B\u00edblico Nazareno y en la Iglesia del Nazareno de Vitacura, en Santiago, con el firme prop\u00f3sito de difundir el rol fundamental que desempe\u00f1an los ministerios en el desarrollo integral de la iglesia. Adem\u00e1s, se hizo un llamado claro y directo al cuerpo de creyentes para sumarse al servicio, participando activamente en el crecimiento ministerial de sus congregaciones locales.<br \/>El encuentro cont\u00f3 con el valioso apoyo y participaci\u00f3n de los ministerios oficiales de la Iglesia del Nazareno: Misiones Nazarenas Internacionales (MNI), Discipulado Nazareno Internacional (DNI) y Juventud Nazarena Internacional (JNI), junto a sus respectivos l\u00edderes nacionales, quienes colaboraron activamente en los espacios de formaci\u00f3n. La organizaci\u00f3n general estuvo a cargo del equipo conformado por Valentina M\u00e9ndez, David Orellana, Bethania P\u00e9rez y Abraham Huanca, sumado al respaldo fundamental de la Rev. Elizabeth Soto, Coordinadora Integral de Ministerios en Chile, el Rev. Orestes Barboza Superintendente del Distrito Chile Central, el rector del Seminario B\u00edblico Nazareno, Rev. Patricio Huanca, y su equipo de apoyo.<br \/>Durante las jornadas, los asistentes participaron en talleres tanto reflexivos como pr\u00e1cticos. Los temas fueron presentados por destacadas l\u00edderes ministeriales a trav\u00e9s de los siguientes espacios:<\/p>\n<ul>\n<li style=\"text-align: justify;\">\u201cBurnout Ministerial\u201d, impartido por la misionera, Ruth Bravo, Coordinadora Regional de MNI en Am\u00e9rica del Sur.<\/li>\n<li style=\"text-align: justify;\">\u201cUna Vida a la Imagen de Cristo\u201d, dirigido por la Rev. Elizabeth Soto, Coordinadora Integral de Ministerios en Chile.<\/li>\n<li style=\"text-align: justify;\">\u201cMirada de Amor\u201d, facilitado por la Pastora Lorena Noe, Coordinadora Regional de MNC en Am\u00e9rica del Sur.<\/li>\n<\/ul>\n<p style=\"margin: 0cm 0cm 15pt; text-align: justify;\">El encuentro culmin\u00f3 con un culto de cierre, donde la pastora Francisca Albarrac\u00edn ministr\u00f3 a los presentes, anim\u00e1ndolos a trabajar en unidad, sirviendo como Jes\u00fas lo hizo, y record\u00e1ndoles su deseo expresado en una de sus \u00faltimas oraciones: \u201cQue todos sean uno, como t\u00fa y yo somos uno\u201d (Juan 17:21).<\/p>\n<p style=\"margin: 0cm 0cm 15pt; text-align: justify;\">Abraham Huanca expres\u00f3: \u201cBuscamos dejar en claro que los ministerios son el canal perfecto para desarrollar el llamado de Dios y cumplir los prop\u00f3sitos que \u00c9l tiene para la vida de nuestros hermanos. Tambi\u00e9n quisimos unir al liderazgo nacional con las iglesias locales para transmitir que es imposible amar a Dios si no amamos a nuestro pr\u00f3jimo. Y que el mejor momento para empezar a servir es hoy. Tocamos temas como la importancia de nuestra identidad nazarena enfocada en la santidad, la salud mental, la mayordom\u00eda de nuestra vida, y cu\u00e1les son las caracter\u00edsticas necesarias para desarrollar un ministerio enfocado en las necesidades a nuestro alrededor.\u201d<\/p>\n<p>La Iglesia del Nazareno en Chile contin\u00faa avanzando con pasos firmes hacia una misi\u00f3n compasiva y transformadora, convencida de que servir a otros es servir a Dios.<\/p>\n<p style=\"margin: 0cm 0cm 15pt; text-align: justify;\"><b><i><span style=\"font-family: 'Arial',sans-serif; color: black;\">Fonte<\/span><\/i><\/b><i><span style=\"font-family: 'Arial',sans-serif; color: black;\"> Comunicaciones Chile.<\/span><\/i><\/p>\n<p>[\/et_pb_text][\/et_pb_column][\/et_pb_row][et_pb_row disabled_on=\u00bbon|on|on\u00bb _builder_version=\u00bb4.16&#8243; _module_preset=\u00bbdefault\u00bb disabled=\u00bbon\u00bb global_colors_info=\u00bb{}\u00bb][et_pb_column type=\u00bb4_4&#8243; _builder_version=\u00bb4.16&#8243; _module_preset=\u00bbdefault\u00bb global_colors_info=\u00bb{}\u00bb][et_pb_text disabled_on=\u00bboff|off|off\u00bb _builder_version=\u00bb4.16&#8243; _module_preset=\u00bbdefault\u00bb text_text_color=\u00bb#0C71C3&#8243; text_font_size=\u00bb23px\u00bb text_orientation=\u00bbcenter\u00bb global_colors_info=\u00bb{}\u00bb]<\/p>\n<p>CONTENIDO EN PORTUGUES<\/p>\n<p>[\/et_pb_text][\/et_pb_column][\/et_pb_row][et_pb_row module_class=\u00bbportugues\u00bb _builder_version=\u00bb4.16&#8243; _module_preset=\u00bbdefault\u00bb width=\u00bb100%\u00bb global_colors_info=\u00bb{}\u00bb][et_pb_column type=\u00bb4_4&#8243; module_class=\u00bbcolLeft\u00bb _builder_version=\u00bb4.16&#8243; _module_preset=\u00bbdefault\u00bb custom_padding=\u00bb|50px|||false|false\u00bb custom_padding_tablet=\u00bb|20px||20px|false|true\u00bb custom_padding_phone=\u00bb\u00bb custom_padding_last_edited=\u00bbon|phone\u00bb border_color_all=\u00bb#e0e0e0&#8243; border_width_right_tablet=\u00bb0px\u00bb border_width_right_phone=\u00bb0px\u00bb border_width_right_last_edited=\u00bbon|desktop\u00bb global_colors_info=\u00bb{}\u00bb][et_pb_code admin_label=\u00bbCode\u00bb _builder_version=\u00bb4.16&#8243; _module_preset=\u00bbdefault\u00bb background_enable_color=\u00bboff\u00bb positioning=\u00bbabsolute\u00bb position_origin_a=\u00bbtop_right\u00bb vertical_offset=\u00bb10px\u00bb horizontal_offset=\u00bb50px\u00bb z_index=\u00bb137&#8243; vertical_offset_tablet=\u00bb\u00bb vertical_offset_phone=\u00bb-45px\u00bb vertical_offset_last_edited=\u00bbon|phone\u00bb horizontal_offset_tablet=\u00bb20px\u00bb horizontal_offset_phone=\u00bb\u00bb horizontal_offset_last_edited=\u00bbon|phone\u00bb position_origin_a_tablet=\u00bb\u00bb position_origin_a_phone=\u00bb\u00bb position_origin_a_last_edited=\u00bbon|desktop\u00bb position_origin_f_tablet=\u00bb\u00bb position_origin_f_phone=\u00bb\u00bb position_origin_f_last_edited=\u00bbon|desktop\u00bb position_origin_r_tablet=\u00bb\u00bb position_origin_r_phone=\u00bb\u00bb position_origin_r_last_edited=\u00bbon|desktop\u00bb text_orientation=\u00bbright\u00bb width=\u00bb190px\u00bb height=\u00bb30px\u00bb positioning_tablet=\u00bb\u00bb positioning_phone=\u00bb\u00bb positioning_last_edited=\u00bbon|desktop\u00bb global_colors_info=\u00bb{}\u00bb]<!-- AddToAny BEGIN --><!-- [et_pb_line_break_holder] --><a class=\"a2a_dd\" href=\"https:\/\/www.addtoany.com\/share\" style=\"background: black;<!-- [et_pb_line_break_holder] -->    font-size: 18px;<!-- [et_pb_line_break_holder] -->    color: white;<!-- [et_pb_line_break_holder] -->    padding: 10px;text-transform: uppercase;\u00bb><!-- [et_pb_line_break_holder] -->  <svg style=\"width: 20px;\" aria-hidden=\"true\" focusable=\"false\" data-prefix=\"fas\" data-icon=\"share-square\" role=\"img\" xmlns=\"http:\/\/www.w3.org\/2000\/svg\" viewbox=\"0 0 576 512\" data-fa-i2svg=\"\"><path fill=\"currentColor\" d=\"M568.482 177.448L424.479 313.433C409.3 327.768 384 317.14 384 295.985v-71.963c-144.575.97-205.566 35.113-164.775 171.353 4.483 14.973-12.846 26.567-25.006 17.33C155.252 383.105 120 326.488 120 269.339c0-143.937 117.599-172.5 264-173.312V24.012c0-21.174 25.317-31.768 40.479-17.448l144.003 135.988c10.02 9.463 10.028 25.425 0 34.896zM384 379.128V448H64V128h50.916a11.99 11.99 0 0 0 8.648-3.693c14.953-15.568 32.237-27.89 51.014-37.676C185.708 80.83 181.584 64 169.033 64H48C21.49 64 0 85.49 0 112v352c0 26.51 21.49 48 48 48h352c26.51 0 48-21.49 48-48v-88.806c0-8.288-8.197-14.066-16.011-11.302a71.83 71.83 0 0 1-34.189 3.377c-7.27-1.046-13.8 4.514-13.8 11.859z\"><\/path><\/svg><!-- [et_pb_line_break_holder] -->  Compartilhar<!-- [et_pb_line_break_holder] --><\/a><!-- [et_pb_line_break_holder] --><script async src=\"https:\/\/static.addtoany.com\/menu\/page.js\"><\/script><!-- [et_pb_line_break_holder] --><!-- AddToAny END -->[\/et_pb_code][et_pb_text _builder_version=\u00bb4.27.4&#8243; _module_preset=\u00bbdefault\u00bb text_font=\u00bb|700|||||||\u00bb text_font_size=\u00bb25px\u00bb width=\u00bb78%\u00bb width_tablet=\u00bb\u00bb width_phone=\u00bb100%\u00bb width_last_edited=\u00bbon|phone\u00bb custom_margin=\u00bb||5px|||\u00bb global_colors_info=\u00bb{}\u00bb]<\/p>\n<p>UNO 2025: L\u00edderes de todo o Chile se reuniram no Encontro Nacional dos Minist\u00e9rios Nazarenos de Compaix\u00e3o<\/p>\n<p>[\/et_pb_text][et_pb_post_title title=\u00bboff\u00bb comments=\u00bboff\u00bb module_class=\u00bbtituloNoti\u00bb _builder_version=\u00bb4.16&#8243; _module_preset=\u00bbdefault\u00bb width_tablet=\u00bb\u00bb width_phone=\u00bb\u00bb width_last_edited=\u00bbon|phone\u00bb custom_padding=\u00bb|0px|||false|false\u00bb custom_padding_tablet=\u00bb|0px|||false|false\u00bb custom_padding_phone=\u00bb|0px|||false|false\u00bb custom_padding_last_edited=\u00bbon|phone\u00bb border_color_right=\u00bb#e8e8e8&#8243; border_width_right_tablet=\u00bb0px\u00bb border_width_right_phone=\u00bb\u00bb border_width_right_last_edited=\u00bbon|desktop\u00bb global_colors_info=\u00bb{}\u00bb][\/et_pb_post_title][et_pb_text _builder_version=\u00bb4.27.4&#8243; _module_preset=\u00bbdefault\u00bb text_font_size=\u00bb17px\u00bb global_colors_info=\u00bb{}\u00bb]<\/p>\n<p style=\"text-align: justify;\"><strong>(CNAS Chile) <\/strong>Nos dias 25 e 26 de julho de 2025, sob o lema UNO 2025, foi realizado o <em data-start=\"229\" data-end=\"293\">Encontro Nacional dos Minist\u00e9rios Nazarenos de Compaix\u00e3o (MNC)<\/em>, um momento de inspira\u00e7\u00e3o, capacita\u00e7\u00e3o e unidade que reuniu 70 l\u00edderes e volunt\u00e1rios provenientes dos quatro distritos da Igreja do Nazareno no Chile: Norte, Central, Biob\u00edo e Los Lagos.<\/p>\n<p data-start=\"482\" data-end=\"888\">O evento aconteceu no <em data-start=\"504\" data-end=\"532\">Semin\u00e1rio B\u00edblico Nazareno<\/em> e na <em data-start=\"538\" data-end=\"570\">Igreja do Nazareno de Vitacura<\/em>, em Santiago, com o firme prop\u00f3sito de divulgar o papel fundamental que os minist\u00e9rios desempenham no desenvolvimento integral da igreja. Al\u00e9m disso, foi feito um chamado claro e direto ao corpo de crentes para que se engajem no servi\u00e7o, participando ativamente do crescimento ministerial de suas congrega\u00e7\u00f5es locais.<\/p>\n<p data-start=\"890\" data-end=\"1599\">O encontro contou com o valioso apoio e participa\u00e7\u00e3o dos minist\u00e9rios oficiais da Igreja do Nazareno: <em data-start=\"991\" data-end=\"1031\">Miss\u00f5es Nazarenas Internacionais (MNI)<\/em>, <em data-start=\"1033\" data-end=\"1075\">Discipulado Nazareno Internacional (DNI)<\/em> e <em data-start=\"1078\" data-end=\"1118\">Juventude Nazarena Internacional (JNI)<\/em>, juntamente com seus respectivos l\u00edderes nacionais, que colaboraram ativamente nos espa\u00e7os de forma\u00e7\u00e3o. A organiza\u00e7\u00e3o geral esteve a cargo da equipe composta por Valentina M\u00e9ndez, David Orellana, Bethania P\u00e9rez e Abraham Huanca, com o apoio fundamental da Rev. Elizabeth Soto, Coordenadora Integral de Minist\u00e9rios no Chile; do Rev. Orestes Barboza, Superintendente do Distrito Chile Central; do Reitor do Semin\u00e1rio B\u00edblico Nazareno, Rev. Patricio Huanca; e de sua equipe de apoio.<\/p>\n<p data-start=\"1601\" data-end=\"1793\">Durante os dois dias, os participantes estiveram envolvidos em oficinas tanto reflexivas quanto pr\u00e1ticas. Os temas foram apresentados por destacadas l\u00edderes ministeriais nos seguintes espa\u00e7os:<\/p>\n<ul data-start=\"1795\" data-end=\"2137\">\n<li data-start=\"1795\" data-end=\"1911\">\n<p data-start=\"1797\" data-end=\"1911\"><em data-start=\"1797\" data-end=\"1820\">\u201cBurnout Ministerial\u201d<\/em>, ministrada pela mission\u00e1ria Ruth Bravo, Coordenadora Regional da MNI na Am\u00e9rica do Sul.<\/p>\n<\/li>\n<li data-start=\"1912\" data-end=\"2031\">\n<p data-start=\"1914\" data-end=\"2031\"><em data-start=\"1914\" data-end=\"1945\">\u201cUma Vida \u00e0 Imagem de Cristo\u201d<\/em>, conduzida pela Rev. Elizabeth Soto, Coordenadora Integral de Minist\u00e9rios no Chile.<\/p>\n<\/li>\n<li data-start=\"2032\" data-end=\"2137\">\n<p data-start=\"2034\" data-end=\"2137\"><em data-start=\"2034\" data-end=\"2051\">\u201cOlhar de Amor\u201d<\/em>, facilitada pela Pastora Lorena Noe, Coordenadora Regional dos MNC na Am\u00e9rica do Sul.<\/p>\n<\/li>\n<\/ul>\n<p data-start=\"2139\" data-end=\"2396\">O encontro foi encerrado com um culto especial, no qual a pastora Francisca Albarrac\u00edn ministrou aos presentes, encorajando-os a servir em unidade, como Jesus serviu, e lembrando a ora\u00e7\u00e3o de Jesus: <em data-start=\"2337\" data-end=\"2382\">\u201cQue todos sejam um, como tu e eu somos um\u201d<\/em> (Jo\u00e3o 17:21).<\/p>\n<p data-start=\"2398\" data-end=\"2424\">Abraham Huanca declarou: \u201cBuscamos deixar claro que os minist\u00e9rios s\u00e3o o canal perfeito para desenvolver o chamado de Deus e cumprir os prop\u00f3sitos que Ele tem para a vida dos nossos irm\u00e3os. Tamb\u00e9m quisemos unir a lideran\u00e7a nacional \u00e0s igrejas locais para transmitir que \u00e9 imposs\u00edvel amar a Deus sem amar o pr\u00f3ximo. E que o melhor momento para come\u00e7ar a servir \u00e9 hoje. Abordamos temas como a import\u00e2ncia da nossa identidade nazarena focada na santidade, a sa\u00fade mental, a mordomia da nossa vida e as caracter\u00edsticas necess\u00e1rias para desenvolver um minist\u00e9rio focado nas necessidades ao nosso redor.\u201d<\/p>\n<p data-start=\"3002\" data-end=\"3166\">A Igreja do Nazareno no Chile continua avan\u00e7ando com passos firmes rumo a uma miss\u00e3o compassiva e transformadora, convicta de que servir ao pr\u00f3ximo \u00e9 servir a Deus.<\/p>\n<p style=\"text-align: justify;\"><strong><em>Fonte: <\/em><\/strong><em>Comunicaciones Chile.<\/em><\/p>\n<p>[\/et_pb_text][\/et_pb_column][\/et_pb_row][et_pb_row _builder_version=\u00bb4.16&#8243; _module_preset=\u00bbdefault\u00bb width=\u00bb100%\u00bb global_colors_info=\u00bb{}\u00bb][et_pb_column type=\u00bb4_4&#8243; module_class=\u00bbcolLeft\u00bb _builder_version=\u00bb4.16&#8243; _module_preset=\u00bbdefault\u00bb custom_padding=\u00bb|50px|||false|false\u00bb custom_padding_tablet=\u00bb|20px||20px|false|true\u00bb custom_padding_phone=\u00bb\u00bb custom_padding_last_edited=\u00bbon|phone\u00bb border_color_all=\u00bb#e0e0e0&#8243; border_width_right_tablet=\u00bb0px\u00bb border_width_right_phone=\u00bb0px\u00bb border_width_right_last_edited=\u00bbon|desktop\u00bb global_colors_info=\u00bb{}\u00bb][et_pb_gallery gallery_ids=\u00bb49324,49325,49326,49327,49328&#8243; posts_number=\u00bb8&#8243; show_title_and_caption=\u00bboff\u00bb zoom_icon_color=\u00bb#E02B20&#8243; hover_overlay_color=\u00bb#FFFFFF\u00bb hover_icon=\u00bb&#x54;||divi||400&#8243; _builder_version=\u00bb4.27.4&#8243; _module_preset=\u00bbdefault\u00bb title_font_size=\u00bb0px\u00bb width=\u00bb100%\u00bb module_alignment=\u00bbcenter\u00bb global_colors_info=\u00bb{}\u00bb][\/et_pb_gallery][\/et_pb_column][\/et_pb_row][\/et_pb_section]<\/p>\n<span class=\"et_bloom_bottom_trigger\"><\/span>","protected":false},"excerpt":{"rendered":"<p>CONTENIDO EN ESPA\u00d1OL<\/p>","protected":false},"author":4,"featured_media":49326,"comment_status":"open","ping_status":"open","sticky":false,"template":"","format":"standard","meta":{"_et_pb_use_builder":"on","_et_pb_old_content":"","_et_gb_content_width":"","_monsterinsights_skip_tracking":false,"_monsterinsights_sitenote_active":false,"_monsterinsights_sitenote_note":"","_monsterinsights_sitenote_category":0,"_vp_format_video_url":"","_vp_image_focal_point":[],"footnotes":""},"categories":[12,48,60,50,122,65,1,2],"tags":[],"class_list":["post-49321","post","type-post","status-publish","format-standard","has-post-thumbnail","hentry","category-chile","category-compasion","category-dni","category-jni","category-ministerios","category-mni","category-noticia","category-noticias"],"yoast_head":"<!-- This site is optimized with the Yoast SEO Premium plugin v23.6 (Yoast SEO v27.4) - https:\/\/yoast.com\/product\/yoast-seo-premium-wordpress\/ -->\n<title>UNO 2025: L\u00edderes de todo Chile se reunieron en el Encuentro Nacional de Ministerios Nazarenos de Compasi\u00f3n | Iglesia del Nazareno Am\u00e9rica del Sur<\/title>\n<meta name=\"description\" content=\"Noticia\" \/>\n<meta name=\"robots\" content=\"noindex, follow\" \/>\n<meta property=\"og:locale\" content=\"pt_BR\" \/>\n<meta property=\"og:type\" content=\"article\" \/>\n<meta property=\"og:title\" content=\"UNO 2025: L\u00edderes de todo Chile se reunieron en el Encuentro Nacional de Ministerios Nazarenos de Compasi\u00f3n | Iglesia del Nazareno Am\u00e9rica del Sur\" \/>\n<meta property=\"og:description\" content=\"Noticia\" \/>\n<meta property=\"og:url\" content=\"https:\/\/www.samnaz.org\/pt\/uno-2025-lideres-de-todo-chile-se-reunieron-en-el-encuentro-nacional-de-ministerios-nazarenos-de-compasion\/\" \/>\n<meta property=\"og:site_name\" content=\"Iglesia del Nazareno Am\u00e9rica del Sur\" \/>\n<meta property=\"article:publisher\" content=\"https:\/\/www.facebook.com\/NazarenoEsp\" \/>\n<meta property=\"article:published_time\" content=\"2025-08-07T18:02:35+00:00\" \/>\n<meta property=\"article:modified_time\" content=\"2025-08-07T19:06:08+00:00\" \/>\n<meta property=\"og:image\" content=\"https:\/\/www.samnaz.org\/wp-content\/uploads\/2025\/08\/img-5.jpeg\" \/>\n\t<meta property=\"og:image:width\" content=\"1920\" \/>\n\t<meta property=\"og:image:height\" content=\"1440\" \/>\n\t<meta property=\"og:image:type\" content=\"image\/jpeg\" \/>\n<meta name=\"author\" content=\"Samnaz\" \/>\n<meta name=\"twitter:card\" content=\"summary_large_image\" \/>\n<meta name=\"twitter:label1\" content=\"Escrito por\" \/>\n\t<meta name=\"twitter:data1\" content=\"Samnaz\" \/>\n\t<meta name=\"twitter:label2\" content=\"Est. tempo de leitura\" \/>\n\t<meta name=\"twitter:data2\" content=\"6 minutos\" \/>\n<script type=\"application\/ld+json\" class=\"yoast-schema-graph\">{\"@context\":\"https:\\\/\\\/schema.org\",\"@graph\":[{\"@type\":\"Article\",\"@id\":\"https:\\\/\\\/www.samnaz.org\\\/uno-2025-lideres-de-todo-chile-se-reunieron-en-el-encuentro-nacional-de-ministerios-nazarenos-de-compasion\\\/#article\",\"isPartOf\":{\"@id\":\"https:\\\/\\\/www.samnaz.org\\\/uno-2025-lideres-de-todo-chile-se-reunieron-en-el-encuentro-nacional-de-ministerios-nazarenos-de-compasion\\\/\"},\"author\":{\"name\":\"Samnaz\",\"@id\":\"https:\\\/\\\/www.samnaz.org\\\/#\\\/schema\\\/person\\\/c09d1131c49ba510c7e1cbb677b39927\"},\"headline\":\"UNO 2025: L\u00edderes de todo Chile se reunieron en el Encuentro Nacional de Ministerios Nazarenos de Compasi\u00f3n\",\"datePublished\":\"2025-08-07T18:02:35+00:00\",\"dateModified\":\"2025-08-07T19:06:08+00:00\",\"mainEntityOfPage\":{\"@id\":\"https:\\\/\\\/www.samnaz.org\\\/uno-2025-lideres-de-todo-chile-se-reunieron-en-el-encuentro-nacional-de-ministerios-nazarenos-de-compasion\\\/\"},\"wordCount\":302,\"commentCount\":0,\"publisher\":{\"@id\":\"https:\\\/\\\/www.samnaz.org\\\/#organization\"},\"image\":{\"@id\":\"https:\\\/\\\/www.samnaz.org\\\/uno-2025-lideres-de-todo-chile-se-reunieron-en-el-encuentro-nacional-de-ministerios-nazarenos-de-compasion\\\/#primaryimage\"},\"thumbnailUrl\":\"https:\\\/\\\/www.samnaz.org\\\/wp-content\\\/uploads\\\/2025\\\/08\\\/img-5.jpeg\",\"articleSection\":[\"Chile\",\"Compasi\u00f3n\",\"DNI\",\"JNI\",\"Ministerios\",\"MNI\",\"Noticia\",\"Noticias\"],\"inLanguage\":\"pt-BR\",\"potentialAction\":[{\"@type\":\"CommentAction\",\"name\":\"Comment\",\"target\":[\"https:\\\/\\\/www.samnaz.org\\\/uno-2025-lideres-de-todo-chile-se-reunieron-en-el-encuentro-nacional-de-ministerios-nazarenos-de-compasion\\\/#respond\"]}]},{\"@type\":\"WebPage\",\"@id\":\"https:\\\/\\\/www.samnaz.org\\\/uno-2025-lideres-de-todo-chile-se-reunieron-en-el-encuentro-nacional-de-ministerios-nazarenos-de-compasion\\\/\",\"url\":\"https:\\\/\\\/www.samnaz.org\\\/uno-2025-lideres-de-todo-chile-se-reunieron-en-el-encuentro-nacional-de-ministerios-nazarenos-de-compasion\\\/\",\"name\":\"UNO 2025: L\u00edderes de todo Chile se reunieron en el Encuentro Nacional de Ministerios Nazarenos de Compasi\u00f3n | Iglesia del Nazareno Am\u00e9rica del Sur\",\"isPartOf\":{\"@id\":\"https:\\\/\\\/www.samnaz.org\\\/#website\"},\"primaryImageOfPage\":{\"@id\":\"https:\\\/\\\/www.samnaz.org\\\/uno-2025-lideres-de-todo-chile-se-reunieron-en-el-encuentro-nacional-de-ministerios-nazarenos-de-compasion\\\/#primaryimage\"},\"image\":{\"@id\":\"https:\\\/\\\/www.samnaz.org\\\/uno-2025-lideres-de-todo-chile-se-reunieron-en-el-encuentro-nacional-de-ministerios-nazarenos-de-compasion\\\/#primaryimage\"},\"thumbnailUrl\":\"https:\\\/\\\/www.samnaz.org\\\/wp-content\\\/uploads\\\/2025\\\/08\\\/img-5.jpeg\",\"datePublished\":\"2025-08-07T18:02:35+00:00\",\"dateModified\":\"2025-08-07T19:06:08+00:00\",\"description\":\"Noticia\",\"inLanguage\":\"pt-BR\",\"potentialAction\":[{\"@type\":\"ReadAction\",\"target\":[\"https:\\\/\\\/www.samnaz.org\\\/uno-2025-lideres-de-todo-chile-se-reunieron-en-el-encuentro-nacional-de-ministerios-nazarenos-de-compasion\\\/\"]}]},{\"@type\":\"ImageObject\",\"inLanguage\":\"pt-BR\",\"@id\":\"https:\\\/\\\/www.samnaz.org\\\/uno-2025-lideres-de-todo-chile-se-reunieron-en-el-encuentro-nacional-de-ministerios-nazarenos-de-compasion\\\/#primaryimage\",\"url\":\"https:\\\/\\\/www.samnaz.org\\\/wp-content\\\/uploads\\\/2025\\\/08\\\/img-5.jpeg\",\"contentUrl\":\"https:\\\/\\\/www.samnaz.org\\\/wp-content\\\/uploads\\\/2025\\\/08\\\/img-5.jpeg\",\"width\":1920,\"height\":1440},{\"@type\":\"WebSite\",\"@id\":\"https:\\\/\\\/www.samnaz.org\\\/#website\",\"url\":\"https:\\\/\\\/www.samnaz.org\\\/\",\"name\":\"Haciendo Disc\u00edpulos Semejantes a Cristo en las naciones\",\"description\":\"Haciendo disc\u00edpulos semejantes a Cristo en las Naciones\",\"publisher\":{\"@id\":\"https:\\\/\\\/www.samnaz.org\\\/#organization\"},\"alternateName\":\"Viviendo la Gran Comisi\u00f3n\",\"potentialAction\":[{\"@type\":\"SearchAction\",\"target\":{\"@type\":\"EntryPoint\",\"urlTemplate\":\"https:\\\/\\\/www.samnaz.org\\\/?s={search_term_string}\"},\"query-input\":{\"@type\":\"PropertyValueSpecification\",\"valueRequired\":true,\"valueName\":\"search_term_string\"}}],\"inLanguage\":\"pt-BR\"},{\"@type\":\"Organization\",\"@id\":\"https:\\\/\\\/www.samnaz.org\\\/#organization\",\"name\":\"Iglesia del Nazareno Am\u00e9rica del Sur\",\"url\":\"https:\\\/\\\/www.samnaz.org\\\/\",\"logo\":{\"@type\":\"ImageObject\",\"inLanguage\":\"pt-BR\",\"@id\":\"https:\\\/\\\/www.samnaz.org\\\/#\\\/schema\\\/logo\\\/image\\\/\",\"url\":\"https:\\\/\\\/www.samnaz.org\\\/wp-content\\\/uploads\\\/2021\\\/04\\\/Logo-3-ESP.png\",\"contentUrl\":\"https:\\\/\\\/www.samnaz.org\\\/wp-content\\\/uploads\\\/2021\\\/04\\\/Logo-3-ESP.png\",\"width\":1041,\"height\":780,\"caption\":\"Iglesia del Nazareno Am\u00e9rica del Sur\"},\"image\":{\"@id\":\"https:\\\/\\\/www.samnaz.org\\\/#\\\/schema\\\/logo\\\/image\\\/\"},\"sameAs\":[\"https:\\\/\\\/www.facebook.com\\\/NazarenoEsp\",\"https:\\\/\\\/www.instagram.com\\\/nazarenoesp\\\/\"],\"publishingPrinciples\":\"https:\\\/\\\/www.samnaz.org\\\/\"},{\"@type\":\"Person\",\"@id\":\"https:\\\/\\\/www.samnaz.org\\\/#\\\/schema\\\/person\\\/c09d1131c49ba510c7e1cbb677b39927\",\"name\":\"Samnaz\",\"image\":{\"@type\":\"ImageObject\",\"inLanguage\":\"pt-BR\",\"@id\":\"https:\\\/\\\/secure.gravatar.com\\\/avatar\\\/a5baaf0e270319d09c0efce6a9dd03ff93175913c70afe26595c0069c83fa6dc?s=96&d=mm&r=g\",\"url\":\"https:\\\/\\\/secure.gravatar.com\\\/avatar\\\/a5baaf0e270319d09c0efce6a9dd03ff93175913c70afe26595c0069c83fa6dc?s=96&d=mm&r=g\",\"contentUrl\":\"https:\\\/\\\/secure.gravatar.com\\\/avatar\\\/a5baaf0e270319d09c0efce6a9dd03ff93175913c70afe26595c0069c83fa6dc?s=96&d=mm&r=g\",\"caption\":\"Samnaz\"}}]}<\/script>\n<!-- \/ Yoast SEO Premium plugin. -->","yoast_head_json":{"title":"UNO 2025: L\u00edderes de todo Chile se reunieron en el Encuentro Nacional de Ministerios Nazarenos de Compasi\u00f3n | Iglesia del Nazareno Am\u00e9rica del Sur","description":"Noticia","robots":{"index":"noindex","follow":"follow"},"og_locale":"pt_BR","og_type":"article","og_title":"UNO 2025: L\u00edderes de todo Chile se reunieron en el Encuentro Nacional de Ministerios Nazarenos de Compasi\u00f3n | Iglesia del Nazareno Am\u00e9rica del Sur","og_description":"Noticia","og_url":"https:\/\/www.samnaz.org\/pt\/uno-2025-lideres-de-todo-chile-se-reunieron-en-el-encuentro-nacional-de-ministerios-nazarenos-de-compasion\/","og_site_name":"Iglesia del Nazareno Am\u00e9rica del Sur","article_publisher":"https:\/\/www.facebook.com\/NazarenoEsp","article_published_time":"2025-08-07T18:02:35+00:00","article_modified_time":"2025-08-07T19:06:08+00:00","og_image":[{"width":1920,"height":1440,"url":"https:\/\/www.samnaz.org\/wp-content\/uploads\/2025\/08\/img-5.jpeg","type":"image\/jpeg"}],"author":"Samnaz","twitter_card":"summary_large_image","twitter_misc":{"Escrito por":"Samnaz","Est. tempo de leitura":"6 minutos"},"schema":{"@context":"https:\/\/schema.org","@graph":[{"@type":"Article","@id":"https:\/\/www.samnaz.org\/uno-2025-lideres-de-todo-chile-se-reunieron-en-el-encuentro-nacional-de-ministerios-nazarenos-de-compasion\/#article","isPartOf":{"@id":"https:\/\/www.samnaz.org\/uno-2025-lideres-de-todo-chile-se-reunieron-en-el-encuentro-nacional-de-ministerios-nazarenos-de-compasion\/"},"author":{"name":"Samnaz","@id":"https:\/\/www.samnaz.org\/#\/schema\/person\/c09d1131c49ba510c7e1cbb677b39927"},"headline":"UNO 2025: L\u00edderes de todo Chile se reunieron en el Encuentro Nacional de Ministerios Nazarenos de Compasi\u00f3n","datePublished":"2025-08-07T18:02:35+00:00","dateModified":"2025-08-07T19:06:08+00:00","mainEntityOfPage":{"@id":"https:\/\/www.samnaz.org\/uno-2025-lideres-de-todo-chile-se-reunieron-en-el-encuentro-nacional-de-ministerios-nazarenos-de-compasion\/"},"wordCount":302,"commentCount":0,"publisher":{"@id":"https:\/\/www.samnaz.org\/#organization"},"image":{"@id":"https:\/\/www.samnaz.org\/uno-2025-lideres-de-todo-chile-se-reunieron-en-el-encuentro-nacional-de-ministerios-nazarenos-de-compasion\/#primaryimage"},"thumbnailUrl":"https:\/\/www.samnaz.org\/wp-content\/uploads\/2025\/08\/img-5.jpeg","articleSection":["Chile","Compasi\u00f3n","DNI","JNI","Ministerios","MNI","Noticia","Noticias"],"inLanguage":"pt-BR","potentialAction":[{"@type":"CommentAction","name":"Comment","target":["https:\/\/www.samnaz.org\/uno-2025-lideres-de-todo-chile-se-reunieron-en-el-encuentro-nacional-de-ministerios-nazarenos-de-compasion\/#respond"]}]},{"@type":"WebPage","@id":"https:\/\/www.samnaz.org\/uno-2025-lideres-de-todo-chile-se-reunieron-en-el-encuentro-nacional-de-ministerios-nazarenos-de-compasion\/","url":"https:\/\/www.samnaz.org\/uno-2025-lideres-de-todo-chile-se-reunieron-en-el-encuentro-nacional-de-ministerios-nazarenos-de-compasion\/","name":"UNO 2025: L\u00edderes de todo Chile se reunieron en el Encuentro Nacional de Ministerios Nazarenos de Compasi\u00f3n | Iglesia del Nazareno Am\u00e9rica del Sur","isPartOf":{"@id":"https:\/\/www.samnaz.org\/#website"},"primaryImageOfPage":{"@id":"https:\/\/www.samnaz.org\/uno-2025-lideres-de-todo-chile-se-reunieron-en-el-encuentro-nacional-de-ministerios-nazarenos-de-compasion\/#primaryimage"},"image":{"@id":"https:\/\/www.samnaz.org\/uno-2025-lideres-de-todo-chile-se-reunieron-en-el-encuentro-nacional-de-ministerios-nazarenos-de-compasion\/#primaryimage"},"thumbnailUrl":"https:\/\/www.samnaz.org\/wp-content\/uploads\/2025\/08\/img-5.jpeg","datePublished":"2025-08-07T18:02:35+00:00","dateModified":"2025-08-07T19:06:08+00:00","description":"Noticia","inLanguage":"pt-BR","potentialAction":[{"@type":"ReadAction","target":["https:\/\/www.samnaz.org\/uno-2025-lideres-de-todo-chile-se-reunieron-en-el-encuentro-nacional-de-ministerios-nazarenos-de-compasion\/"]}]},{"@type":"ImageObject","inLanguage":"pt-BR","@id":"https:\/\/www.samnaz.org\/uno-2025-lideres-de-todo-chile-se-reunieron-en-el-encuentro-nacional-de-ministerios-nazarenos-de-compasion\/#primaryimage","url":"https:\/\/www.samnaz.org\/wp-content\/uploads\/2025\/08\/img-5.jpeg","contentUrl":"https:\/\/www.samnaz.org\/wp-content\/uploads\/2025\/08\/img-5.jpeg","width":1920,"height":1440},{"@type":"WebSite","@id":"https:\/\/www.samnaz.org\/#website","url":"https:\/\/www.samnaz.org\/","name":"Haciendo Disc\u00edpulos Semejantes a Cristo en las naciones","description":"Haciendo disc\u00edpulos semejantes a Cristo en las Naciones","publisher":{"@id":"https:\/\/www.samnaz.org\/#organization"},"alternateName":"Viviendo la Gran Comisi\u00f3n","potentialAction":[{"@type":"SearchAction","target":{"@type":"EntryPoint","urlTemplate":"https:\/\/www.samnaz.org\/?s={search_term_string}"},"query-input":{"@type":"PropertyValueSpecification","valueRequired":true,"valueName":"search_term_string"}}],"inLanguage":"pt-BR"},{"@type":"Organization","@id":"https:\/\/www.samnaz.org\/#organization","name":"Iglesia del Nazareno Am\u00e9rica del Sur","url":"https:\/\/www.samnaz.org\/","logo":{"@type":"ImageObject","inLanguage":"pt-BR","@id":"https:\/\/www.samnaz.org\/#\/schema\/logo\/image\/","url":"https:\/\/www.samnaz.org\/wp-content\/uploads\/2021\/04\/Logo-3-ESP.png","contentUrl":"https:\/\/www.samnaz.org\/wp-content\/uploads\/2021\/04\/Logo-3-ESP.png","width":1041,"height":780,"caption":"Iglesia del Nazareno Am\u00e9rica del Sur"},"image":{"@id":"https:\/\/www.samnaz.org\/#\/schema\/logo\/image\/"},"sameAs":["https:\/\/www.facebook.com\/NazarenoEsp","https:\/\/www.instagram.com\/nazarenoesp\/"],"publishingPrinciples":"https:\/\/www.samnaz.org\/"},{"@type":"Person","@id":"https:\/\/www.samnaz.org\/#\/schema\/person\/c09d1131c49ba510c7e1cbb677b39927","name":"Samnaz","image":{"@type":"ImageObject","inLanguage":"pt-BR","@id":"https:\/\/secure.gravatar.com\/avatar\/a5baaf0e270319d09c0efce6a9dd03ff93175913c70afe26595c0069c83fa6dc?s=96&d=mm&r=g","url":"https:\/\/secure.gravatar.com\/avatar\/a5baaf0e270319d09c0efce6a9dd03ff93175913c70afe26595c0069c83fa6dc?s=96&d=mm&r=g","contentUrl":"https:\/\/secure.gravatar.com\/avatar\/a5baaf0e270319d09c0efce6a9dd03ff93175913c70afe26595c0069c83fa6dc?s=96&d=mm&r=g","caption":"Samnaz"}}]}},"_links":{"self":[{"href":"https:\/\/www.samnaz.org\/pt\/wp-json\/wp\/v2\/posts\/49321","targetHints":{"allow":["GET"]}}],"collection":[{"href":"https:\/\/www.samnaz.org\/pt\/wp-json\/wp\/v2\/posts"}],"about":[{"href":"https:\/\/www.samnaz.org\/pt\/wp-json\/wp\/v2\/types\/post"}],"author":[{"embeddable":true,"href":"https:\/\/www.samnaz.org\/pt\/wp-json\/wp\/v2\/users\/4"}],"replies":[{"embeddable":true,"href":"https:\/\/www.samnaz.org\/pt\/wp-json\/wp\/v2\/comments?post=49321"}],"version-history":[{"count":4,"href":"https:\/\/www.samnaz.org\/pt\/wp-json\/wp\/v2\/posts\/49321\/revisions"}],"predecessor-version":[{"id":49331,"href":"https:\/\/www.samnaz.org\/pt\/wp-json\/wp\/v2\/posts\/49321\/revisions\/49331"}],"wp:featuredmedia":[{"embeddable":true,"href":"https:\/\/www.samnaz.org\/pt\/wp-json\/wp\/v2\/media\/49326"}],"wp:attachment":[{"href":"https:\/\/www.samnaz.org\/pt\/wp-json\/wp\/v2\/media?parent=49321"}],"wp:term":[{"taxonomy":"category","embeddable":true,"href":"https:\/\/www.samnaz.org\/pt\/wp-json\/wp\/v2\/categories?post=49321"},{"taxonomy":"post_tag","embeddable":true,"href":"https:\/\/www.samnaz.org\/pt\/wp-json\/wp\/v2\/tags?post=49321"}],"curies":[{"name":"wp","href":"https:\/\/api.w.org\/{rel}","templated":true}]}}