{"id":49343,"date":"2025-08-13T14:54:40","date_gmt":"2025-08-13T17:54:40","guid":{"rendered":"https:\/\/www.samnaz.org\/?p=49343"},"modified":"2025-08-13T15:27:38","modified_gmt":"2025-08-13T18:27:38","slug":"explosam-formando-una-nueva-generacion-de-misioneros-en-america-del-sur","status":"publish","type":"post","link":"https:\/\/www.samnaz.org\/pt\/explosam-formando-una-nueva-generacion-de-misioneros-en-america-del-sur\/","title":{"rendered":"ExploSAM: Formando una nueva generaci\u00f3n de misioneros en Am\u00e9rica del Sur"},"content":{"rendered":"<p>[et_pb_section fb_built=\u00bb1&#8243; _builder_version=\u00bb4.16&#8243; _module_preset=\u00bbdefault\u00bb custom_padding=\u00bb0px||||false|false\u00bb global_colors_info=\u00bb{}\u00bb][et_pb_row disabled_on=\u00bbon|on|on\u00bb _builder_version=\u00bb4.16&#8243; _module_preset=\u00bbdefault\u00bb disabled=\u00bbon\u00bb global_colors_info=\u00bb{}\u00bb][et_pb_column type=\u00bb4_4&#8243; _builder_version=\u00bb4.16&#8243; _module_preset=\u00bbdefault\u00bb global_colors_info=\u00bb{}\u00bb][et_pb_text disabled_on=\u00bboff|off|off\u00bb _builder_version=\u00bb4.16&#8243; _module_preset=\u00bbdefault\u00bb text_text_color=\u00bb#0C71C3&#8243; text_font_size=\u00bb23px\u00bb text_orientation=\u00bbcenter\u00bb global_colors_info=\u00bb{}\u00bb]<\/p>\n<p>CONTENIDO EN ESPA\u00d1OL<\/p>\n<p>[\/et_pb_text][\/et_pb_column][\/et_pb_row][et_pb_row module_class=\u00bbespanol\u00bb _builder_version=\u00bb4.16&#8243; _module_preset=\u00bbdefault\u00bb width=\u00bb100%\u00bb global_colors_info=\u00bb{}\u00bb][et_pb_column type=\u00bb4_4&#8243; module_class=\u00bbcolLeft\u00bb _builder_version=\u00bb4.16&#8243; _module_preset=\u00bbdefault\u00bb custom_padding=\u00bb|50px|||false|false\u00bb custom_padding_tablet=\u00bb|20px||20px|false|true\u00bb custom_padding_phone=\u00bb\u00bb custom_padding_last_edited=\u00bbon|phone\u00bb border_color_all=\u00bb#e0e0e0&#8243; border_width_right_tablet=\u00bb0px\u00bb border_width_right_phone=\u00bb0px\u00bb border_width_right_last_edited=\u00bbon|desktop\u00bb global_colors_info=\u00bb{}\u00bb][et_pb_code admin_label=\u00bbCode\u00bb _builder_version=\u00bb4.16&#8243; _module_preset=\u00bbdefault\u00bb background_enable_color=\u00bboff\u00bb positioning=\u00bbabsolute\u00bb position_origin_a=\u00bbtop_right\u00bb vertical_offset=\u00bb10px\u00bb horizontal_offset=\u00bb50px\u00bb z_index=\u00bb137&#8243; vertical_offset_tablet=\u00bb\u00bb vertical_offset_phone=\u00bb-45px\u00bb vertical_offset_last_edited=\u00bbon|phone\u00bb horizontal_offset_tablet=\u00bb20px\u00bb horizontal_offset_phone=\u00bb\u00bb horizontal_offset_last_edited=\u00bbon|phone\u00bb position_origin_a_tablet=\u00bb\u00bb position_origin_a_phone=\u00bb\u00bb position_origin_a_last_edited=\u00bbon|desktop\u00bb position_origin_f_tablet=\u00bb\u00bb position_origin_f_phone=\u00bb\u00bb position_origin_f_last_edited=\u00bbon|desktop\u00bb position_origin_r_tablet=\u00bb\u00bb position_origin_r_phone=\u00bb\u00bb position_origin_r_last_edited=\u00bbon|desktop\u00bb text_orientation=\u00bbright\u00bb width=\u00bb160px\u00bb height=\u00bb30px\u00bb positioning_tablet=\u00bb\u00bb positioning_phone=\u00bb\u00bb positioning_last_edited=\u00bbon|desktop\u00bb global_colors_info=\u00bb{}\u00bb]<!-- AddToAny BEGIN --><!-- [et_pb_line_break_holder] --><a class=\"a2a_dd\" href=\"https:\/\/www.addtoany.com\/share\" style=\"background: black;<!-- [et_pb_line_break_holder] -->    font-size: 18px;<!-- [et_pb_line_break_holder] -->    color: white;<!-- [et_pb_line_break_holder] -->    padding: 10px;text-transform: uppercase;\u00bb><!-- [et_pb_line_break_holder] -->  <svg style=\"width: 20px;\" aria-hidden=\"true\" focusable=\"false\" data-prefix=\"fas\" data-icon=\"share-square\" role=\"img\" xmlns=\"http:\/\/www.w3.org\/2000\/svg\" viewbox=\"0 0 576 512\" data-fa-i2svg=\"\"><path fill=\"currentColor\" d=\"M568.482 177.448L424.479 313.433C409.3 327.768 384 317.14 384 295.985v-71.963c-144.575.97-205.566 35.113-164.775 171.353 4.483 14.973-12.846 26.567-25.006 17.33C155.252 383.105 120 326.488 120 269.339c0-143.937 117.599-172.5 264-173.312V24.012c0-21.174 25.317-31.768 40.479-17.448l144.003 135.988c10.02 9.463 10.028 25.425 0 34.896zM384 379.128V448H64V128h50.916a11.99 11.99 0 0 0 8.648-3.693c14.953-15.568 32.237-27.89 51.014-37.676C185.708 80.83 181.584 64 169.033 64H48C21.49 64 0 85.49 0 112v352c0 26.51 21.49 48 48 48h352c26.51 0 48-21.49 48-48v-88.806c0-8.288-8.197-14.066-16.011-11.302a71.83 71.83 0 0 1-34.189 3.377c-7.27-1.046-13.8 4.514-13.8 11.859z\"><\/path><\/svg><!-- [et_pb_line_break_holder] -->  COMPARTILHAR<!-- [et_pb_line_break_holder] --><\/a><!-- [et_pb_line_break_holder] --><script async src=\"https:\/\/static.addtoany.com\/menu\/page.js\"><\/script><!-- [et_pb_line_break_holder] --><!-- AddToAny END -->[\/et_pb_code][et_pb_text _builder_version=\u00bb4.27.4&#8243; _module_preset=\u00bbdefault\u00bb text_font=\u00bb|700|||||||\u00bb text_font_size=\u00bb25px\u00bb width=\u00bb78%\u00bb width_tablet=\u00bb\u00bb width_phone=\u00bb100%\u00bb width_last_edited=\u00bbon|phone\u00bb custom_margin=\u00bb||5px|||\u00bb global_colors_info=\u00bb{}\u00bb]<\/p>\n<p class=\"s3\"><span class=\"s2\">ExploSAM: Formando una nueva generaci<\/span><span class=\"s2\">\u00f3<\/span><span class=\"s2\">n de misioneros en Am<\/span><span class=\"s2\">\u00e9<\/span><span class=\"s2\">rica del Sur<\/span><\/p>\n<p>[\/et_pb_text][et_pb_post_title title=\u00bboff\u00bb comments=\u00bboff\u00bb module_class=\u00bbtituloNoti\u00bb _builder_version=\u00bb4.16&#8243; _module_preset=\u00bbdefault\u00bb width_tablet=\u00bb\u00bb width_phone=\u00bb\u00bb width_last_edited=\u00bbon|phone\u00bb custom_padding=\u00bb|0px|||false|false\u00bb custom_padding_tablet=\u00bb|0px|||false|false\u00bb custom_padding_phone=\u00bb|0px|||false|false\u00bb custom_padding_last_edited=\u00bbon|phone\u00bb border_color_right=\u00bb#e8e8e8&#8243; border_width_right_tablet=\u00bb0px\u00bb border_width_right_phone=\u00bb\u00bb border_width_right_last_edited=\u00bbon|desktop\u00bb global_colors_info=\u00bb{}\u00bb][\/et_pb_post_title][et_pb_text _builder_version=\u00bb4.27.4&#8243; _module_preset=\u00bbdefault\u00bb text_font_size=\u00bb17px\u00bb global_colors_info=\u00bb{}\u00bb]<\/p>\n<p style=\"margin: 0cm 0cm 15pt; text-align: justify;\"><b><span style=\"font-family: 'Arial',sans-serif; color: black;\">(CNAS) <\/span><\/b><span style=\"font-family: 'Arial',sans-serif; color: black;\">Con un fuerte \u00e9nfasis en levantar una nueva generaci\u00f3n misionera, ExploSAM busca entrenar hombres y mujeres que, impulsados y guiados por el Esp\u00edritu Santo, impacten de forma transformadora las culturas a las que son enviados. Este esfuerzo contribuye al crecimiento y fortalecimiento de la Iglesia del Nazareno en Am\u00e9rica del Sur y en todo el mundo. <\/span><\/p>\n<p style=\"margin: 0cm 0cm 15pt; text-align: justify;\"><span style=\"font-family: 'Arial',sans-serif; color: black;\">Organizado por el ministerio de Movilizaci\u00f3n Misionera de la Iglesia del Nazareno en Am\u00e9rica del Sur, ExploSAM fue creado y es liderado por los presb\u00edteros J\u00fanior Rodrigues y Jacilene Rodrigues. Su prop\u00f3sito es crear oportunidades para capacitar y equipar a misioneros mediante experiencias inmersivas, trabajo en equipo multicultural y mentor\u00eda ministerial, fortaleciendo as\u00ed su llamado y prepar\u00e1ndolos para participar activamente en la misi\u00f3n de Dios.<\/span><\/p>\n<p style=\"margin: 0cm 0cm 15pt; text-align: justify;\"><span style=\"font-family: 'Arial',sans-serif; color: black;\"> El primer ExploSAM tuvo lugar en enero de 2025 en la provincia de Formosa, Argentina, en un distrito compuesto por pueblos originarios de la Iglesia del Nazareno. En esta edici\u00f3n participaron 15 j\u00f3venes, entrenados intensivamente durante m\u00e1s de dos semanas, acompa\u00f1ados por un equipo de 10 l\u00edderes. La segunda edici\u00f3n se desarroll\u00f3 en julio en Cartagena, Colombia, en el Distrito Costa, con la participaci\u00f3n de 24 j\u00f3venes \u2014cuatro de ellos provenientes de la Regi\u00f3n Mesoam\u00e9rica\u2014 y un equipo de 14 l\u00edderes que acompa\u00f1\u00f3 todo el proceso formativo, espiritual y ministerial.<\/span><\/p>\n<p style=\"margin: 0cm 0cm 15pt; text-align: justify;\"><span style=\"font-family: 'Arial',sans-serif; color: black;\"> Siete participantes fueron seleccionados para continuar su servicio misionero durante uno a tres meses en distintos ministerios. \u00a0 Durante las dos semanas de entrenamiento, las actividades combinaron formaci\u00f3n espiritual, pr\u00e1ctica ministerial y experiencias transculturales. Hubo devocionales diarios, talleres sobre antropolog\u00eda cultural, trabajo en equipo, finanzas misioneras, primeros auxilios, resoluci\u00f3n de conflictos y evangelismo radical. Los participantes vivieron en comunidades locales, compartiendo la vida y aprendiendo de la cultura de sus anfitriones, adem\u00e1s de asumir tareas de autogesti\u00f3n como cocina, limpieza, devocionales y log\u00edstica. <\/span><\/p>\n<p style=\"margin: 0cm 0cm 15pt; text-align: justify;\"><span style=\"font-family: 'Arial',sans-serif; color: black;\">En Cartagena, 24 participantes recibieron entrenamiento intensivo en competencias pr\u00e1cticas y ministeriales. Varios asumieron roles de liderazgo, y el ministerio de compasi\u00f3n brind\u00f3 capacitaci\u00f3n en respuesta a desastres, entregando a cada participante una mochila equipada para estas situaciones. El impacto en las iglesias locales fue notable: decenas de personas entregaron sus vidas a Cristo; la Iglesia del Nazareno en Dios Trino inici\u00f3 la construcci\u00f3n de su templo; y la Iglesia del Nazareno La Fortaleza recibi\u00f3 remodelaciones en su infraestructura. Las congregaciones anfitrionas vivieron un tiempo de renovaci\u00f3n espiritual y visi\u00f3n misionera. \u00a0 <\/span><\/p>\n<p style=\"margin: 0cm 0cm 15pt; text-align: justify;\"><span style=\"font-family: 'Arial',sans-serif; color: black;\">Algunos participantes expresaron sus motivaciones para estar en el ExploSAM: \u00a0<\/span><\/p>\n<p style=\"margin: 0cm 0cm 15pt; text-align: justify;\"><em><span style=\"font-family: 'Arial',sans-serif; color: black;\"> \u201cLa eternidad de los perdidos es m\u00e1s importante que nuestra comodidad\u201d \u2014Mateus Jose da Silva. <\/span><\/em><\/p>\n<p style=\"margin: 0cm 0cm 15pt; text-align: justify;\"><em><span style=\"font-family: 'Arial',sans-serif; color: black;\">\u201cEl mundo necesita de lo que Dios est\u00e1 formando en nosotros\u201d \u2014J\u00fanior Rodrigues. <\/span><\/em><\/p>\n<p style=\"margin: 0cm 0cm 15pt; text-align: justify;\"><em><span style=\"font-family: 'Arial',sans-serif; color: black;\">\u201cExploSAM es m\u00e1s que una capacitaci\u00f3n misionera, es una experiencia real de campo en donde puedes escuchar la voz de Dios\u201d \u2014Amely Dalexa. <\/span><\/em><\/p>\n<p style=\"margin: 0cm 0cm 15pt; text-align: justify;\"><span style=\"font-family: 'Arial',sans-serif; color: black;\">Con cada edici\u00f3n, ExploSAM reafirma su compromiso de movilizar y preparar a una generaci\u00f3n de misioneros apasionados por cumplir la misi\u00f3n de Dios. Lo vivido en Argentina y Colombia deja huellas profundas en las comunidades alcanzadas y en los participantes, quienes regresan transformados y listos para seguir sirviendo. Con la mirada puesta en Brasil 2025, el programa avanza con la certeza de que el Esp\u00edritu Santo seguir\u00e1 guiando y abriendo caminos para que el Evangelio impacte cada vez m\u00e1s vidas en Am\u00e9rica del Sur y m\u00e1s all\u00e1.<br \/><em><strong><\/strong><\/em><\/span><\/p>\n<p style=\"margin: 0cm 0cm 15pt; text-align: justify;\"><span style=\"font-family: 'Arial',sans-serif; color: black;\"><em><strong>Fonte<\/strong> Movilizaci\u00f3n Misionera Am\u00e9rica del Sur.<\/em><\/span><\/p>\n<p style=\"margin: 0cm 0cm 15pt; text-align: justify;\"><span style=\"font-family: 'Arial',sans-serif; color: black;\"><\/span><\/p>\n<p>[\/et_pb_text][\/et_pb_column][\/et_pb_row][et_pb_row disabled_on=\u00bbon|on|on\u00bb _builder_version=\u00bb4.16&#8243; _module_preset=\u00bbdefault\u00bb disabled=\u00bbon\u00bb global_colors_info=\u00bb{}\u00bb][et_pb_column type=\u00bb4_4&#8243; _builder_version=\u00bb4.16&#8243; _module_preset=\u00bbdefault\u00bb global_colors_info=\u00bb{}\u00bb][et_pb_text disabled_on=\u00bboff|off|off\u00bb _builder_version=\u00bb4.16&#8243; _module_preset=\u00bbdefault\u00bb text_text_color=\u00bb#0C71C3&#8243; text_font_size=\u00bb23px\u00bb text_orientation=\u00bbcenter\u00bb global_colors_info=\u00bb{}\u00bb]<\/p>\n<p>CONTENIDO EN PORTUGUES<\/p>\n<p>[\/et_pb_text][\/et_pb_column][\/et_pb_row][et_pb_row module_class=\u00bbportugues\u00bb _builder_version=\u00bb4.16&#8243; _module_preset=\u00bbdefault\u00bb width=\u00bb100%\u00bb global_colors_info=\u00bb{}\u00bb][et_pb_column type=\u00bb4_4&#8243; module_class=\u00bbcolLeft\u00bb _builder_version=\u00bb4.16&#8243; _module_preset=\u00bbdefault\u00bb custom_padding=\u00bb|50px|||false|false\u00bb custom_padding_tablet=\u00bb|20px||20px|false|true\u00bb custom_padding_phone=\u00bb\u00bb custom_padding_last_edited=\u00bbon|phone\u00bb border_color_all=\u00bb#e0e0e0&#8243; border_width_right_tablet=\u00bb0px\u00bb border_width_right_phone=\u00bb0px\u00bb border_width_right_last_edited=\u00bbon|desktop\u00bb global_colors_info=\u00bb{}\u00bb][et_pb_code admin_label=\u00bbCode\u00bb _builder_version=\u00bb4.16&#8243; _module_preset=\u00bbdefault\u00bb background_enable_color=\u00bboff\u00bb positioning=\u00bbabsolute\u00bb position_origin_a=\u00bbtop_right\u00bb vertical_offset=\u00bb10px\u00bb horizontal_offset=\u00bb50px\u00bb z_index=\u00bb137&#8243; vertical_offset_tablet=\u00bb\u00bb vertical_offset_phone=\u00bb-45px\u00bb vertical_offset_last_edited=\u00bbon|phone\u00bb horizontal_offset_tablet=\u00bb20px\u00bb horizontal_offset_phone=\u00bb\u00bb horizontal_offset_last_edited=\u00bbon|phone\u00bb position_origin_a_tablet=\u00bb\u00bb position_origin_a_phone=\u00bb\u00bb position_origin_a_last_edited=\u00bbon|desktop\u00bb position_origin_f_tablet=\u00bb\u00bb position_origin_f_phone=\u00bb\u00bb position_origin_f_last_edited=\u00bbon|desktop\u00bb position_origin_r_tablet=\u00bb\u00bb position_origin_r_phone=\u00bb\u00bb position_origin_r_last_edited=\u00bbon|desktop\u00bb text_orientation=\u00bbright\u00bb width=\u00bb190px\u00bb height=\u00bb30px\u00bb positioning_tablet=\u00bb\u00bb positioning_phone=\u00bb\u00bb positioning_last_edited=\u00bbon|desktop\u00bb global_colors_info=\u00bb{}\u00bb]<!-- AddToAny BEGIN --><!-- [et_pb_line_break_holder] --><a class=\"a2a_dd\" href=\"https:\/\/www.addtoany.com\/share\" style=\"background: black;<!-- [et_pb_line_break_holder] -->    font-size: 18px;<!-- [et_pb_line_break_holder] -->    color: white;<!-- [et_pb_line_break_holder] -->    padding: 10px;text-transform: uppercase;\u00bb><!-- [et_pb_line_break_holder] -->  <svg style=\"width: 20px;\" aria-hidden=\"true\" focusable=\"false\" data-prefix=\"fas\" data-icon=\"share-square\" role=\"img\" xmlns=\"http:\/\/www.w3.org\/2000\/svg\" viewbox=\"0 0 576 512\" data-fa-i2svg=\"\"><path fill=\"currentColor\" d=\"M568.482 177.448L424.479 313.433C409.3 327.768 384 317.14 384 295.985v-71.963c-144.575.97-205.566 35.113-164.775 171.353 4.483 14.973-12.846 26.567-25.006 17.33C155.252 383.105 120 326.488 120 269.339c0-143.937 117.599-172.5 264-173.312V24.012c0-21.174 25.317-31.768 40.479-17.448l144.003 135.988c10.02 9.463 10.028 25.425 0 34.896zM384 379.128V448H64V128h50.916a11.99 11.99 0 0 0 8.648-3.693c14.953-15.568 32.237-27.89 51.014-37.676C185.708 80.83 181.584 64 169.033 64H48C21.49 64 0 85.49 0 112v352c0 26.51 21.49 48 48 48h352c26.51 0 48-21.49 48-48v-88.806c0-8.288-8.197-14.066-16.011-11.302a71.83 71.83 0 0 1-34.189 3.377c-7.27-1.046-13.8 4.514-13.8 11.859z\"><\/path><\/svg><!-- [et_pb_line_break_holder] -->  Compartilhar<!-- [et_pb_line_break_holder] --><\/a><!-- [et_pb_line_break_holder] --><script async src=\"https:\/\/static.addtoany.com\/menu\/page.js\"><\/script><!-- [et_pb_line_break_holder] --><!-- AddToAny END -->[\/et_pb_code][et_pb_text _builder_version=\u00bb4.27.4&#8243; _module_preset=\u00bbdefault\u00bb text_font=\u00bb|700|||||||\u00bb text_font_size=\u00bb25px\u00bb width=\u00bb78%\u00bb width_tablet=\u00bb\u00bb width_phone=\u00bb100%\u00bb width_last_edited=\u00bbon|phone\u00bb custom_margin=\u00bb||5px|||\u00bb global_colors_info=\u00bb{}\u00bb]<\/p>\n<p>ExploSAM: Formando uma nova gera\u00e7\u00e3o de mission\u00e1rios na Am\u00e9rica do Sul<\/p>\n<p>[\/et_pb_text][et_pb_post_title title=\u00bboff\u00bb comments=\u00bboff\u00bb module_class=\u00bbtituloNoti\u00bb _builder_version=\u00bb4.16&#8243; _module_preset=\u00bbdefault\u00bb width_tablet=\u00bb\u00bb width_phone=\u00bb\u00bb width_last_edited=\u00bbon|phone\u00bb custom_padding=\u00bb|0px|||false|false\u00bb custom_padding_tablet=\u00bb|0px|||false|false\u00bb custom_padding_phone=\u00bb|0px|||false|false\u00bb custom_padding_last_edited=\u00bbon|phone\u00bb border_color_right=\u00bb#e8e8e8&#8243; border_width_right_tablet=\u00bb0px\u00bb border_width_right_phone=\u00bb\u00bb border_width_right_last_edited=\u00bbon|desktop\u00bb global_colors_info=\u00bb{}\u00bb][\/et_pb_post_title][et_pb_text _builder_version=\u00bb4.27.4&#8243; _module_preset=\u00bbdefault\u00bb text_font_size=\u00bb17px\u00bb global_colors_info=\u00bb{}\u00bb]<\/p>\n<p><strong>(CNAS)<\/strong> Com forte \u00eanfase em levantar uma nova gera\u00e7\u00e3o mission\u00e1ria, o ExploSAM busca treinar homens e mulheres que, impulsionados e guiados pelo Esp\u00edrito Santo, impactem de forma transformadora as culturas para as quais s\u00e3o enviados. Esse esfor\u00e7o contribui para o crescimento e fortalecimento da Igreja do Nazareno na Am\u00e9rica do Sul e em todo o mundo.<\/p>\n<p>Organizado pelo minist\u00e9rio de Mobiliza\u00e7\u00e3o Mission\u00e1ria da Igreja do Nazareno na Am\u00e9rica do Sul, o ExploSAM foi criado e \u00e9 liderado pelos presb\u00edteros J\u00fanior Rodrigues e Jacilene Rodrigues. Seu prop\u00f3sito \u00e9 criar oportunidades para capacitar e equipar mission\u00e1rios por meio de experi\u00eancias imersivas, trabalho em equipe multicultural e mentoria ministerial, fortalecendo assim o seu chamado e preparando-os para participar ativamente da miss\u00e3o de Deus.<\/p>\n<p>O primeiro ExploSAM aconteceu em janeiro de 2025, na prov\u00edncia de Formosa, Argentina, em um distrito composto por povos origin\u00e1rios da Igreja do Nazareno. Nesta edi\u00e7\u00e3o participaram 15 jovens, treinados intensivamente por mais de duas semanas, acompanhados por uma equipe de 10 l\u00edderes. A segunda edi\u00e7\u00e3o foi realizada em julho, em Cartagena, Col\u00f4mbia, no Distrito Costa, com a participa\u00e7\u00e3o de 24 jovens \u2014 quatro deles provenientes da Regi\u00e3o Mesoam\u00e9rica \u2014 e uma equipe de 14 l\u00edderes que acompanhou todo o processo formativo, espiritual e ministerial.<\/p>\n<p>Sete participantes foram selecionados para continuar seu servi\u00e7o mission\u00e1rio durante um a tr\u00eas meses em diferentes minist\u00e9rios. Durante as duas semanas de treinamento, as atividades combinaram forma\u00e7\u00e3o espiritual, pr\u00e1tica ministerial e experi\u00eancias transculturais. Houve devocionais di\u00e1rios, oficinas sobre antropologia cultural, trabalho em equipe, finan\u00e7as mission\u00e1rias, primeiros socorros, resolu\u00e7\u00e3o de conflitos e evangelismo radical. Os participantes viveram em comunidades locais, compartilhando a vida e aprendendo com a cultura de seus anfitri\u00f5es, al\u00e9m de assumirem tarefas de autogest\u00e3o como cozinha, limpeza, devocionais e log\u00edstica.<\/p>\n<p>Em Cartagena, 24 participantes receberam treinamento intensivo em compet\u00eancias pr\u00e1ticas e ministeriais. V\u00e1rios assumiram pap\u00e9is de lideran\u00e7a, e o minist\u00e9rio de compaix\u00e3o ofereceu capacita\u00e7\u00e3o em resposta a desastres, entregando a cada participante uma mochila equipada para essas situa\u00e7\u00f5es. O impacto nas igrejas locais foi not\u00e1vel: dezenas de pessoas entregaram suas vidas a Cristo; a Igreja do Nazareno em Deus Trino iniciou a constru\u00e7\u00e3o de seu templo; e a Igreja do Nazareno A Fortaleza recebeu reformas em sua infraestrutura. As congrega\u00e7\u00f5es anfitri\u00e3s viveram um tempo de renova\u00e7\u00e3o espiritual e vis\u00e3o mission\u00e1ria.<\/p>\n<p>Alguns participantes expressaram suas motiva\u00e7\u00f5es para estar no ExploSAM:<\/p>\n<blockquote data-start=\"2700\" data-end=\"2795\">\n<p><em>\u201cA eternidade dos perdidos \u00e9 mais importante que o nosso conforto.\u201d \u2014 Mateus Jose da Silva.<\/em><\/p>\n<\/blockquote>\n<blockquote data-start=\"2797\" data-end=\"2872\">\n<p><em>\u201cO mundo precisa do que Deus est\u00e1 formando em n\u00f3s.\u201d \u2014 J\u00fanior Rodrigues.<\/em><\/p>\n<\/blockquote>\n<blockquote data-start=\"2874\" data-end=\"3013\">\n<p><em>\u201cExploSAM \u00e9 mais que uma capacita\u00e7\u00e3o mission\u00e1ria, \u00e9 uma experi\u00eancia real de campo, onde voc\u00ea pode ouvir a voz de Deus.\u201d \u2014 Amely Dalexa.<\/em><\/p>\n<\/blockquote>\n<p>A cada edi\u00e7\u00e3o, o ExploSAM reafirma seu compromisso de mobilizar e preparar uma gera\u00e7\u00e3o de mission\u00e1rios apaixonados por cumprir a miss\u00e3o de Deus. O que foi vivido na Argentina e na Col\u00f4mbia deixa marcas profundas nas comunidades alcan\u00e7adas e nos participantes, que retornam transformados e prontos para continuar servindo. Com os olhos voltados para o Brasil 2025, o programa avan\u00e7a com a certeza de que o Esp\u00edrito Santo continuar\u00e1 guiando e abrindo caminhos para que o Evangelho impacte cada vez mais vidas na Am\u00e9rica do Sul e al\u00e9m.<\/p>\n<p><em><strong>Fonte:<\/strong> Mobiliza\u00e7\u00e3o Mission\u00e1ria Am\u00e9rica do Sul.<\/em><\/p>\n<p>[\/et_pb_text][\/et_pb_column][\/et_pb_row][et_pb_row _builder_version=\u00bb4.16&#8243; _module_preset=\u00bbdefault\u00bb width=\u00bb100%\u00bb global_colors_info=\u00bb{}\u00bb][et_pb_column type=\u00bb4_4&#8243; module_class=\u00bbcolLeft\u00bb _builder_version=\u00bb4.16&#8243; _module_preset=\u00bbdefault\u00bb custom_padding=\u00bb|50px|||false|false\u00bb custom_padding_tablet=\u00bb|20px||20px|false|true\u00bb custom_padding_phone=\u00bb\u00bb custom_padding_last_edited=\u00bbon|phone\u00bb border_color_all=\u00bb#e0e0e0&#8243; border_width_right_tablet=\u00bb0px\u00bb border_width_right_phone=\u00bb0px\u00bb border_width_right_last_edited=\u00bbon|desktop\u00bb global_colors_info=\u00bb{}\u00bb][et_pb_gallery gallery_ids=\u00bb49349,49350,49351,49352,49353,49354,49355,49356,49357,49358&#8243; posts_number=\u00bb8&#8243; show_title_and_caption=\u00bboff\u00bb zoom_icon_color=\u00bb#E02B20&#8243; hover_overlay_color=\u00bb#FFFFFF\u00bb hover_icon=\u00bb&#x54;||divi||400&#8243; _builder_version=\u00bb4.27.4&#8243; _module_preset=\u00bbdefault\u00bb title_font_size=\u00bb0px\u00bb width=\u00bb100%\u00bb module_alignment=\u00bbcenter\u00bb global_colors_info=\u00bb{}\u00bb][\/et_pb_gallery][\/et_pb_column][\/et_pb_row][\/et_pb_section]<\/p>\n<span class=\"et_bloom_bottom_trigger\"><\/span>","protected":false},"excerpt":{"rendered":"<p>CONTENIDO EN ESPA\u00d1OL<\/p>","protected":false},"author":4,"featured_media":49349,"comment_status":"open","ping_status":"open","sticky":false,"template":"","format":"standard","meta":{"_et_pb_use_builder":"on","_et_pb_old_content":"","_et_gb_content_width":"","_monsterinsights_skip_tracking":false,"_monsterinsights_sitenote_active":false,"_monsterinsights_sitenote_note":"","_monsterinsights_sitenote_category":0,"_vp_format_video_url":"","_vp_image_focal_point":[],"footnotes":""},"categories":[134,122,222,1],"tags":[],"class_list":["post-49343","post","type-post","status-publish","format-standard","has-post-thumbnail","hentry","category-america-del-sur","category-ministerios","category-misiones-globales-ministerios","category-noticia"],"yoast_head":"<!-- This site is optimized with the Yoast SEO Premium plugin v23.6 (Yoast SEO v27.5) - https:\/\/yoast.com\/product\/yoast-seo-premium-wordpress\/ -->\n<title>ExploSAM: Formando una nueva generaci\u00f3n de misioneros en Am\u00e9rica del Sur | Iglesia del Nazareno Am\u00e9rica del Sur<\/title>\n<meta name=\"description\" content=\"Noticia\" \/>\n<meta name=\"robots\" content=\"noindex, follow\" \/>\n<meta property=\"og:locale\" content=\"pt_BR\" \/>\n<meta property=\"og:type\" content=\"article\" \/>\n<meta property=\"og:title\" content=\"ExploSAM: Formando una nueva generaci\u00f3n de misioneros en Am\u00e9rica del Sur | Iglesia del Nazareno Am\u00e9rica del Sur\" \/>\n<meta property=\"og:description\" content=\"Noticia\" \/>\n<meta property=\"og:url\" content=\"https:\/\/www.samnaz.org\/pt\/explosam-formando-una-nueva-generacion-de-misioneros-en-america-del-sur\/\" \/>\n<meta property=\"og:site_name\" content=\"Iglesia del Nazareno Am\u00e9rica del Sur\" \/>\n<meta property=\"article:publisher\" content=\"https:\/\/www.facebook.com\/NazarenoEsp\" \/>\n<meta property=\"article:published_time\" content=\"2025-08-13T17:54:40+00:00\" \/>\n<meta property=\"article:modified_time\" content=\"2025-08-13T18:27:38+00:00\" \/>\n<meta property=\"og:image\" content=\"https:\/\/www.samnaz.org\/wp-content\/uploads\/2025\/08\/WhatsApp-Image-2025-08-13-at-15.08.13.jpeg\" \/>\n\t<meta property=\"og:image:width\" content=\"1280\" \/>\n\t<meta property=\"og:image:height\" content=\"763\" \/>\n\t<meta property=\"og:image:type\" content=\"image\/jpeg\" \/>\n<meta name=\"author\" content=\"Samnaz\" \/>\n<meta name=\"twitter:card\" content=\"summary_large_image\" \/>\n<meta name=\"twitter:label1\" content=\"Escrito por\" \/>\n\t<meta name=\"twitter:data1\" content=\"Samnaz\" \/>\n\t<meta name=\"twitter:label2\" content=\"Est. tempo de leitura\" \/>\n\t<meta name=\"twitter:data2\" content=\"7 minutos\" \/>\n<script type=\"application\/ld+json\" class=\"yoast-schema-graph\">{\"@context\":\"https:\\\/\\\/schema.org\",\"@graph\":[{\"@type\":\"Article\",\"@id\":\"https:\\\/\\\/www.samnaz.org\\\/explosam-formando-una-nueva-generacion-de-misioneros-en-america-del-sur\\\/#article\",\"isPartOf\":{\"@id\":\"https:\\\/\\\/www.samnaz.org\\\/explosam-formando-una-nueva-generacion-de-misioneros-en-america-del-sur\\\/\"},\"author\":{\"name\":\"Samnaz\",\"@id\":\"https:\\\/\\\/www.samnaz.org\\\/#\\\/schema\\\/person\\\/c09d1131c49ba510c7e1cbb677b39927\"},\"headline\":\"ExploSAM: Formando una nueva generaci\u00f3n de misioneros en Am\u00e9rica del Sur\",\"datePublished\":\"2025-08-13T17:54:40+00:00\",\"dateModified\":\"2025-08-13T18:27:38+00:00\",\"mainEntityOfPage\":{\"@id\":\"https:\\\/\\\/www.samnaz.org\\\/explosam-formando-una-nueva-generacion-de-misioneros-en-america-del-sur\\\/\"},\"wordCount\":297,\"commentCount\":0,\"publisher\":{\"@id\":\"https:\\\/\\\/www.samnaz.org\\\/#organization\"},\"image\":{\"@id\":\"https:\\\/\\\/www.samnaz.org\\\/explosam-formando-una-nueva-generacion-de-misioneros-en-america-del-sur\\\/#primaryimage\"},\"thumbnailUrl\":\"https:\\\/\\\/www.samnaz.org\\\/wp-content\\\/uploads\\\/2025\\\/08\\\/WhatsApp-Image-2025-08-13-at-15.08.13.jpeg\",\"articleSection\":[\"Am\u00e9rica del Sur\",\"Ministerios\",\"Movilizaci\u00f3n Misionera\",\"Noticia\"],\"inLanguage\":\"pt-BR\",\"potentialAction\":[{\"@type\":\"CommentAction\",\"name\":\"Comment\",\"target\":[\"https:\\\/\\\/www.samnaz.org\\\/explosam-formando-una-nueva-generacion-de-misioneros-en-america-del-sur\\\/#respond\"]}]},{\"@type\":\"WebPage\",\"@id\":\"https:\\\/\\\/www.samnaz.org\\\/explosam-formando-una-nueva-generacion-de-misioneros-en-america-del-sur\\\/\",\"url\":\"https:\\\/\\\/www.samnaz.org\\\/explosam-formando-una-nueva-generacion-de-misioneros-en-america-del-sur\\\/\",\"name\":\"ExploSAM: Formando una nueva generaci\u00f3n de misioneros en Am\u00e9rica del Sur | Iglesia del Nazareno Am\u00e9rica del Sur\",\"isPartOf\":{\"@id\":\"https:\\\/\\\/www.samnaz.org\\\/#website\"},\"primaryImageOfPage\":{\"@id\":\"https:\\\/\\\/www.samnaz.org\\\/explosam-formando-una-nueva-generacion-de-misioneros-en-america-del-sur\\\/#primaryimage\"},\"image\":{\"@id\":\"https:\\\/\\\/www.samnaz.org\\\/explosam-formando-una-nueva-generacion-de-misioneros-en-america-del-sur\\\/#primaryimage\"},\"thumbnailUrl\":\"https:\\\/\\\/www.samnaz.org\\\/wp-content\\\/uploads\\\/2025\\\/08\\\/WhatsApp-Image-2025-08-13-at-15.08.13.jpeg\",\"datePublished\":\"2025-08-13T17:54:40+00:00\",\"dateModified\":\"2025-08-13T18:27:38+00:00\",\"description\":\"Noticia\",\"inLanguage\":\"pt-BR\",\"potentialAction\":[{\"@type\":\"ReadAction\",\"target\":[\"https:\\\/\\\/www.samnaz.org\\\/explosam-formando-una-nueva-generacion-de-misioneros-en-america-del-sur\\\/\"]}]},{\"@type\":\"ImageObject\",\"inLanguage\":\"pt-BR\",\"@id\":\"https:\\\/\\\/www.samnaz.org\\\/explosam-formando-una-nueva-generacion-de-misioneros-en-america-del-sur\\\/#primaryimage\",\"url\":\"https:\\\/\\\/www.samnaz.org\\\/wp-content\\\/uploads\\\/2025\\\/08\\\/WhatsApp-Image-2025-08-13-at-15.08.13.jpeg\",\"contentUrl\":\"https:\\\/\\\/www.samnaz.org\\\/wp-content\\\/uploads\\\/2025\\\/08\\\/WhatsApp-Image-2025-08-13-at-15.08.13.jpeg\",\"width\":1280,\"height\":763},{\"@type\":\"WebSite\",\"@id\":\"https:\\\/\\\/www.samnaz.org\\\/#website\",\"url\":\"https:\\\/\\\/www.samnaz.org\\\/\",\"name\":\"Haciendo Disc\u00edpulos Semejantes a Cristo en las naciones\",\"description\":\"Haciendo disc\u00edpulos semejantes a Cristo en las Naciones\",\"publisher\":{\"@id\":\"https:\\\/\\\/www.samnaz.org\\\/#organization\"},\"alternateName\":\"Viviendo la Gran Comisi\u00f3n\",\"potentialAction\":[{\"@type\":\"SearchAction\",\"target\":{\"@type\":\"EntryPoint\",\"urlTemplate\":\"https:\\\/\\\/www.samnaz.org\\\/?s={search_term_string}\"},\"query-input\":{\"@type\":\"PropertyValueSpecification\",\"valueRequired\":true,\"valueName\":\"search_term_string\"}}],\"inLanguage\":\"pt-BR\"},{\"@type\":\"Organization\",\"@id\":\"https:\\\/\\\/www.samnaz.org\\\/#organization\",\"name\":\"Iglesia del Nazareno Am\u00e9rica del Sur\",\"url\":\"https:\\\/\\\/www.samnaz.org\\\/\",\"logo\":{\"@type\":\"ImageObject\",\"inLanguage\":\"pt-BR\",\"@id\":\"https:\\\/\\\/www.samnaz.org\\\/#\\\/schema\\\/logo\\\/image\\\/\",\"url\":\"https:\\\/\\\/www.samnaz.org\\\/wp-content\\\/uploads\\\/2021\\\/04\\\/Logo-3-ESP.png\",\"contentUrl\":\"https:\\\/\\\/www.samnaz.org\\\/wp-content\\\/uploads\\\/2021\\\/04\\\/Logo-3-ESP.png\",\"width\":1041,\"height\":780,\"caption\":\"Iglesia del Nazareno Am\u00e9rica del Sur\"},\"image\":{\"@id\":\"https:\\\/\\\/www.samnaz.org\\\/#\\\/schema\\\/logo\\\/image\\\/\"},\"sameAs\":[\"https:\\\/\\\/www.facebook.com\\\/NazarenoEsp\",\"https:\\\/\\\/www.instagram.com\\\/nazarenoesp\\\/\"],\"publishingPrinciples\":\"https:\\\/\\\/www.samnaz.org\\\/\"},{\"@type\":\"Person\",\"@id\":\"https:\\\/\\\/www.samnaz.org\\\/#\\\/schema\\\/person\\\/c09d1131c49ba510c7e1cbb677b39927\",\"name\":\"Samnaz\",\"image\":{\"@type\":\"ImageObject\",\"inLanguage\":\"pt-BR\",\"@id\":\"https:\\\/\\\/secure.gravatar.com\\\/avatar\\\/a5baaf0e270319d09c0efce6a9dd03ff93175913c70afe26595c0069c83fa6dc?s=96&d=mm&r=g\",\"url\":\"https:\\\/\\\/secure.gravatar.com\\\/avatar\\\/a5baaf0e270319d09c0efce6a9dd03ff93175913c70afe26595c0069c83fa6dc?s=96&d=mm&r=g\",\"contentUrl\":\"https:\\\/\\\/secure.gravatar.com\\\/avatar\\\/a5baaf0e270319d09c0efce6a9dd03ff93175913c70afe26595c0069c83fa6dc?s=96&d=mm&r=g\",\"caption\":\"Samnaz\"}}]}<\/script>\n<!-- \/ Yoast SEO Premium plugin. -->","yoast_head_json":{"title":"ExploSAM: Formando una nueva generaci\u00f3n de misioneros en Am\u00e9rica del Sur | Iglesia del Nazareno Am\u00e9rica del Sur","description":"Noticia","robots":{"index":"noindex","follow":"follow"},"og_locale":"pt_BR","og_type":"article","og_title":"ExploSAM: Formando una nueva generaci\u00f3n de misioneros en Am\u00e9rica del Sur | Iglesia del Nazareno Am\u00e9rica del Sur","og_description":"Noticia","og_url":"https:\/\/www.samnaz.org\/pt\/explosam-formando-una-nueva-generacion-de-misioneros-en-america-del-sur\/","og_site_name":"Iglesia del Nazareno Am\u00e9rica del Sur","article_publisher":"https:\/\/www.facebook.com\/NazarenoEsp","article_published_time":"2025-08-13T17:54:40+00:00","article_modified_time":"2025-08-13T18:27:38+00:00","og_image":[{"width":1280,"height":763,"url":"https:\/\/www.samnaz.org\/wp-content\/uploads\/2025\/08\/WhatsApp-Image-2025-08-13-at-15.08.13.jpeg","type":"image\/jpeg"}],"author":"Samnaz","twitter_card":"summary_large_image","twitter_misc":{"Escrito por":"Samnaz","Est. tempo de leitura":"7 minutos"},"schema":{"@context":"https:\/\/schema.org","@graph":[{"@type":"Article","@id":"https:\/\/www.samnaz.org\/explosam-formando-una-nueva-generacion-de-misioneros-en-america-del-sur\/#article","isPartOf":{"@id":"https:\/\/www.samnaz.org\/explosam-formando-una-nueva-generacion-de-misioneros-en-america-del-sur\/"},"author":{"name":"Samnaz","@id":"https:\/\/www.samnaz.org\/#\/schema\/person\/c09d1131c49ba510c7e1cbb677b39927"},"headline":"ExploSAM: Formando una nueva generaci\u00f3n de misioneros en Am\u00e9rica del Sur","datePublished":"2025-08-13T17:54:40+00:00","dateModified":"2025-08-13T18:27:38+00:00","mainEntityOfPage":{"@id":"https:\/\/www.samnaz.org\/explosam-formando-una-nueva-generacion-de-misioneros-en-america-del-sur\/"},"wordCount":297,"commentCount":0,"publisher":{"@id":"https:\/\/www.samnaz.org\/#organization"},"image":{"@id":"https:\/\/www.samnaz.org\/explosam-formando-una-nueva-generacion-de-misioneros-en-america-del-sur\/#primaryimage"},"thumbnailUrl":"https:\/\/www.samnaz.org\/wp-content\/uploads\/2025\/08\/WhatsApp-Image-2025-08-13-at-15.08.13.jpeg","articleSection":["Am\u00e9rica del Sur","Ministerios","Movilizaci\u00f3n Misionera","Noticia"],"inLanguage":"pt-BR","potentialAction":[{"@type":"CommentAction","name":"Comment","target":["https:\/\/www.samnaz.org\/explosam-formando-una-nueva-generacion-de-misioneros-en-america-del-sur\/#respond"]}]},{"@type":"WebPage","@id":"https:\/\/www.samnaz.org\/explosam-formando-una-nueva-generacion-de-misioneros-en-america-del-sur\/","url":"https:\/\/www.samnaz.org\/explosam-formando-una-nueva-generacion-de-misioneros-en-america-del-sur\/","name":"ExploSAM: Formando una nueva generaci\u00f3n de misioneros en Am\u00e9rica del Sur | Iglesia del Nazareno Am\u00e9rica del Sur","isPartOf":{"@id":"https:\/\/www.samnaz.org\/#website"},"primaryImageOfPage":{"@id":"https:\/\/www.samnaz.org\/explosam-formando-una-nueva-generacion-de-misioneros-en-america-del-sur\/#primaryimage"},"image":{"@id":"https:\/\/www.samnaz.org\/explosam-formando-una-nueva-generacion-de-misioneros-en-america-del-sur\/#primaryimage"},"thumbnailUrl":"https:\/\/www.samnaz.org\/wp-content\/uploads\/2025\/08\/WhatsApp-Image-2025-08-13-at-15.08.13.jpeg","datePublished":"2025-08-13T17:54:40+00:00","dateModified":"2025-08-13T18:27:38+00:00","description":"Noticia","inLanguage":"pt-BR","potentialAction":[{"@type":"ReadAction","target":["https:\/\/www.samnaz.org\/explosam-formando-una-nueva-generacion-de-misioneros-en-america-del-sur\/"]}]},{"@type":"ImageObject","inLanguage":"pt-BR","@id":"https:\/\/www.samnaz.org\/explosam-formando-una-nueva-generacion-de-misioneros-en-america-del-sur\/#primaryimage","url":"https:\/\/www.samnaz.org\/wp-content\/uploads\/2025\/08\/WhatsApp-Image-2025-08-13-at-15.08.13.jpeg","contentUrl":"https:\/\/www.samnaz.org\/wp-content\/uploads\/2025\/08\/WhatsApp-Image-2025-08-13-at-15.08.13.jpeg","width":1280,"height":763},{"@type":"WebSite","@id":"https:\/\/www.samnaz.org\/#website","url":"https:\/\/www.samnaz.org\/","name":"Haciendo Disc\u00edpulos Semejantes a Cristo en las naciones","description":"Haciendo disc\u00edpulos semejantes a Cristo en las Naciones","publisher":{"@id":"https:\/\/www.samnaz.org\/#organization"},"alternateName":"Viviendo la Gran Comisi\u00f3n","potentialAction":[{"@type":"SearchAction","target":{"@type":"EntryPoint","urlTemplate":"https:\/\/www.samnaz.org\/?s={search_term_string}"},"query-input":{"@type":"PropertyValueSpecification","valueRequired":true,"valueName":"search_term_string"}}],"inLanguage":"pt-BR"},{"@type":"Organization","@id":"https:\/\/www.samnaz.org\/#organization","name":"Iglesia del Nazareno Am\u00e9rica del Sur","url":"https:\/\/www.samnaz.org\/","logo":{"@type":"ImageObject","inLanguage":"pt-BR","@id":"https:\/\/www.samnaz.org\/#\/schema\/logo\/image\/","url":"https:\/\/www.samnaz.org\/wp-content\/uploads\/2021\/04\/Logo-3-ESP.png","contentUrl":"https:\/\/www.samnaz.org\/wp-content\/uploads\/2021\/04\/Logo-3-ESP.png","width":1041,"height":780,"caption":"Iglesia del Nazareno Am\u00e9rica del Sur"},"image":{"@id":"https:\/\/www.samnaz.org\/#\/schema\/logo\/image\/"},"sameAs":["https:\/\/www.facebook.com\/NazarenoEsp","https:\/\/www.instagram.com\/nazarenoesp\/"],"publishingPrinciples":"https:\/\/www.samnaz.org\/"},{"@type":"Person","@id":"https:\/\/www.samnaz.org\/#\/schema\/person\/c09d1131c49ba510c7e1cbb677b39927","name":"Samnaz","image":{"@type":"ImageObject","inLanguage":"pt-BR","@id":"https:\/\/secure.gravatar.com\/avatar\/a5baaf0e270319d09c0efce6a9dd03ff93175913c70afe26595c0069c83fa6dc?s=96&d=mm&r=g","url":"https:\/\/secure.gravatar.com\/avatar\/a5baaf0e270319d09c0efce6a9dd03ff93175913c70afe26595c0069c83fa6dc?s=96&d=mm&r=g","contentUrl":"https:\/\/secure.gravatar.com\/avatar\/a5baaf0e270319d09c0efce6a9dd03ff93175913c70afe26595c0069c83fa6dc?s=96&d=mm&r=g","caption":"Samnaz"}}]}},"_links":{"self":[{"href":"https:\/\/www.samnaz.org\/pt\/wp-json\/wp\/v2\/posts\/49343","targetHints":{"allow":["GET"]}}],"collection":[{"href":"https:\/\/www.samnaz.org\/pt\/wp-json\/wp\/v2\/posts"}],"about":[{"href":"https:\/\/www.samnaz.org\/pt\/wp-json\/wp\/v2\/types\/post"}],"author":[{"embeddable":true,"href":"https:\/\/www.samnaz.org\/pt\/wp-json\/wp\/v2\/users\/4"}],"replies":[{"embeddable":true,"href":"https:\/\/www.samnaz.org\/pt\/wp-json\/wp\/v2\/comments?post=49343"}],"version-history":[{"count":5,"href":"https:\/\/www.samnaz.org\/pt\/wp-json\/wp\/v2\/posts\/49343\/revisions"}],"predecessor-version":[{"id":49361,"href":"https:\/\/www.samnaz.org\/pt\/wp-json\/wp\/v2\/posts\/49343\/revisions\/49361"}],"wp:featuredmedia":[{"embeddable":true,"href":"https:\/\/www.samnaz.org\/pt\/wp-json\/wp\/v2\/media\/49349"}],"wp:attachment":[{"href":"https:\/\/www.samnaz.org\/pt\/wp-json\/wp\/v2\/media?parent=49343"}],"wp:term":[{"taxonomy":"category","embeddable":true,"href":"https:\/\/www.samnaz.org\/pt\/wp-json\/wp\/v2\/categories?post=49343"},{"taxonomy":"post_tag","embeddable":true,"href":"https:\/\/www.samnaz.org\/pt\/wp-json\/wp\/v2\/tags?post=49343"}],"curies":[{"name":"wp","href":"https:\/\/api.w.org\/{rel}","templated":true}]}}