{"id":49570,"date":"2025-08-29T14:44:36","date_gmt":"2025-08-29T17:44:36","guid":{"rendered":"https:\/\/www.samnaz.org\/?p=49570"},"modified":"2025-08-29T14:48:10","modified_gmt":"2025-08-29T17:48:10","slug":"fadech-2025-profesores-del-seminario-biblico-nazareno-se-actualizan-hacia-una-educacion-teologica-contextualizada","status":"publish","type":"post","link":"https:\/\/www.samnaz.org\/pt\/fadech-2025-profesores-del-seminario-biblico-nazareno-se-actualizan-hacia-una-educacion-teologica-contextualizada\/","title":{"rendered":"FADECH 2025: Profesores del Seminario B\u00edblico Nazareno se actualizan hacia una educaci\u00f3n teol\u00f3gica contextualizada"},"content":{"rendered":"<p>[et_pb_section fb_built=\u00bb1&#8243; _builder_version=\u00bb4.16&#8243; _module_preset=\u00bbdefault\u00bb custom_padding=\u00bb0px||||false|false\u00bb global_colors_info=\u00bb{}\u00bb][et_pb_row disabled_on=\u00bbon|on|on\u00bb _builder_version=\u00bb4.16&#8243; _module_preset=\u00bbdefault\u00bb disabled=\u00bbon\u00bb global_colors_info=\u00bb{}\u00bb][et_pb_column type=\u00bb4_4&#8243; _builder_version=\u00bb4.16&#8243; _module_preset=\u00bbdefault\u00bb global_colors_info=\u00bb{}\u00bb][et_pb_text disabled_on=\u00bboff|off|off\u00bb _builder_version=\u00bb4.16&#8243; _module_preset=\u00bbdefault\u00bb text_text_color=\u00bb#0C71C3&#8243; text_font_size=\u00bb23px\u00bb text_orientation=\u00bbcenter\u00bb global_colors_info=\u00bb{}\u00bb]<\/p>\n<p>CONTENIDO EN ESPA\u00d1OL<\/p>\n<p>[\/et_pb_text][\/et_pb_column][\/et_pb_row][et_pb_row module_class=\u00bbespanol\u00bb _builder_version=\u00bb4.16&#8243; _module_preset=\u00bbdefault\u00bb width=\u00bb100%\u00bb global_colors_info=\u00bb{}\u00bb][et_pb_column type=\u00bb4_4&#8243; module_class=\u00bbcolLeft\u00bb _builder_version=\u00bb4.16&#8243; _module_preset=\u00bbdefault\u00bb custom_padding=\u00bb|50px|||false|false\u00bb custom_padding_tablet=\u00bb|20px||20px|false|true\u00bb custom_padding_phone=\u00bb\u00bb custom_padding_last_edited=\u00bbon|phone\u00bb border_color_all=\u00bb#e0e0e0&#8243; border_width_right_tablet=\u00bb0px\u00bb border_width_right_phone=\u00bb0px\u00bb border_width_right_last_edited=\u00bbon|desktop\u00bb global_colors_info=\u00bb{}\u00bb][et_pb_code admin_label=\u00bbCode\u00bb _builder_version=\u00bb4.16&#8243; _module_preset=\u00bbdefault\u00bb background_enable_color=\u00bboff\u00bb positioning=\u00bbabsolute\u00bb position_origin_a=\u00bbtop_right\u00bb vertical_offset=\u00bb10px\u00bb horizontal_offset=\u00bb50px\u00bb z_index=\u00bb137&#8243; vertical_offset_tablet=\u00bb\u00bb vertical_offset_phone=\u00bb-45px\u00bb vertical_offset_last_edited=\u00bbon|phone\u00bb horizontal_offset_tablet=\u00bb20px\u00bb horizontal_offset_phone=\u00bb\u00bb horizontal_offset_last_edited=\u00bbon|phone\u00bb position_origin_a_tablet=\u00bb\u00bb position_origin_a_phone=\u00bb\u00bb position_origin_a_last_edited=\u00bbon|desktop\u00bb position_origin_f_tablet=\u00bb\u00bb position_origin_f_phone=\u00bb\u00bb position_origin_f_last_edited=\u00bbon|desktop\u00bb position_origin_r_tablet=\u00bb\u00bb position_origin_r_phone=\u00bb\u00bb position_origin_r_last_edited=\u00bbon|desktop\u00bb text_orientation=\u00bbright\u00bb width=\u00bb160px\u00bb height=\u00bb30px\u00bb positioning_tablet=\u00bb\u00bb positioning_phone=\u00bb\u00bb positioning_last_edited=\u00bbon|desktop\u00bb global_colors_info=\u00bb{}\u00bb]<!-- AddToAny BEGIN --><!-- [et_pb_line_break_holder] --><a class=\"a2a_dd\" href=\"https:\/\/www.addtoany.com\/share\" style=\"background: black;<!-- [et_pb_line_break_holder] -->    font-size: 18px;<!-- [et_pb_line_break_holder] -->    color: white;<!-- [et_pb_line_break_holder] -->    padding: 10px;text-transform: uppercase;\u00bb><!-- [et_pb_line_break_holder] -->  <svg style=\"width: 20px;\" aria-hidden=\"true\" focusable=\"false\" data-prefix=\"fas\" data-icon=\"share-square\" role=\"img\" xmlns=\"http:\/\/www.w3.org\/2000\/svg\" viewbox=\"0 0 576 512\" data-fa-i2svg=\"\"><path fill=\"currentColor\" d=\"M568.482 177.448L424.479 313.433C409.3 327.768 384 317.14 384 295.985v-71.963c-144.575.97-205.566 35.113-164.775 171.353 4.483 14.973-12.846 26.567-25.006 17.33C155.252 383.105 120 326.488 120 269.339c0-143.937 117.599-172.5 264-173.312V24.012c0-21.174 25.317-31.768 40.479-17.448l144.003 135.988c10.02 9.463 10.028 25.425 0 34.896zM384 379.128V448H64V128h50.916a11.99 11.99 0 0 0 8.648-3.693c14.953-15.568 32.237-27.89 51.014-37.676C185.708 80.83 181.584 64 169.033 64H48C21.49 64 0 85.49 0 112v352c0 26.51 21.49 48 48 48h352c26.51 0 48-21.49 48-48v-88.806c0-8.288-8.197-14.066-16.011-11.302a71.83 71.83 0 0 1-34.189 3.377c-7.27-1.046-13.8 4.514-13.8 11.859z\"><\/path><\/svg><!-- [et_pb_line_break_holder] -->  COMPARTILHAR<!-- [et_pb_line_break_holder] --><\/a><!-- [et_pb_line_break_holder] --><script async src=\"https:\/\/static.addtoany.com\/menu\/page.js\"><\/script><!-- [et_pb_line_break_holder] --><!-- AddToAny END -->[\/et_pb_code][et_pb_text _builder_version=\u00bb4.27.4&#8243; _module_preset=\u00bbdefault\u00bb text_font=\u00bb|700|||||||\u00bb text_font_size=\u00bb25px\u00bb width=\u00bb78%\u00bb width_tablet=\u00bb\u00bb width_phone=\u00bb100%\u00bb width_last_edited=\u00bbon|phone\u00bb custom_margin=\u00bb||5px|||\u00bb global_colors_info=\u00bb{}\u00bb]<\/p>\n<p><span class=\"s2\">FADECH 2025: Profesores del Seminario B<\/span><span class=\"s2\">\u00ed<\/span><span class=\"s2\">blico Nazareno se actualizan hacia una educaci<\/span><span class=\"s2\">\u00f3<\/span><span class=\"s2\">n teol<\/span><span class=\"s2\">\u00f3<\/span><span class=\"s2\">gica contextualizada<\/span><\/p>\n<p>[\/et_pb_text][et_pb_post_title title=\u00bboff\u00bb comments=\u00bboff\u00bb module_class=\u00bbtituloNoti\u00bb _builder_version=\u00bb4.27.4&#8243; _module_preset=\u00bbdefault\u00bb width_tablet=\u00bb\u00bb width_phone=\u00bb\u00bb width_last_edited=\u00bbon|phone\u00bb custom_padding=\u00bb|0px|||false|false\u00bb custom_padding_tablet=\u00bb|0px|||false|false\u00bb custom_padding_phone=\u00bb|0px|||false|false\u00bb custom_padding_last_edited=\u00bbon|phone\u00bb border_color_right=\u00bb#e8e8e8&#8243; border_width_right_tablet=\u00bb0px\u00bb border_width_right_phone=\u00bb\u00bb border_width_right_last_edited=\u00bbon|desktop\u00bb global_colors_info=\u00bb{}\u00bb][\/et_pb_post_title][et_pb_text _builder_version=\u00bb4.27.4&#8243; _module_preset=\u00bbdefault\u00bb text_font_size=\u00bb17px\u00bb global_colors_info=\u00bb{}\u00bb]<\/p>\n<p style=\"margin: 0cm 0cm 15pt; text-align: justify;\"><b><span style=\"font-family: 'Arial',sans-serif; color: black;\">(CNAS Chile) <\/span><\/b><span class=\"s2\">Los d<\/span><span class=\"s2\">\u00ed<\/span><span class=\"s2\">as 15 y 16 de agosto, el Seminario B<\/span><span class=\"s2\">\u00ed<\/span><span class=\"s2\">blico Nazareno llev<\/span><span class=\"s2\">\u00f3 <\/span><span class=\"s2\">a cabo la jornada de actualizaci<\/span><span class=\"s2\">\u00f3<\/span><span class=\"s2\">n docente FADECH 2025, que reuni<\/span><span class=\"s2\">\u00f3 <\/span><span class=\"s2\">a profesores del seminario provenientes de los cuatro distritos de Chile. El tema central de la jornada fue <\/span><span class=\"s2\">\u00ab<\/span><span class=\"s2\">Hacia una educaci<\/span><span class=\"s2\">\u00f3<\/span><span class=\"s2\">n teol<\/span><span class=\"s2\">\u00f3<\/span><span class=\"s2\">gica contextualizada<\/span><span class=\"s2\">\u00bb<\/span><span class=\"s2\">, reafirmando el compromiso del SBN con una formaci<\/span><span class=\"s2\">\u00f3<\/span><span class=\"s2\">n que dialoga con los desaf<\/span><span class=\"s2\">\u00ed<\/span><span class=\"s2\">os contempor<\/span><span class=\"s2\">\u00e1<\/span><span class=\"s2\">neos y promueve la transformaci<\/span><span class=\"s2\">\u00f3<\/span><span class=\"s2\">n de la comunidad.<\/span><\/p>\n<p class=\"s4\"><span class=\"s2\">La apertura estuvo a cargo del Mg. Patricio Huanca, rector del Seminario B<\/span><span class=\"s2\">\u00ed<\/span><span class=\"s2\">blico Nazareno, quien present<\/span><span class=\"s2\">\u00f3 <\/span><span class=\"s2\">la visi<\/span><span class=\"s2\">\u00f3<\/span><span class=\"s2\">n educativa de la instituci<\/span><span class=\"s2\">\u00f3<\/span><span class=\"s2\">n y los fundamentos de los cuatro pilares de la educaci<\/span><span class=\"s2\">\u00f3<\/span><span class=\"s2\">n: Car<\/span><span class=\"s2\">\u00e1<\/span><span class=\"s2\">cter, Conocimiento, Contexto y Compromiso aplicados a la formaci<\/span><span class=\"s2\">\u00f3<\/span><span class=\"s2\">n ministerial. El programa incluy<\/span><span class=\"s2\">\u00f3 <\/span><span class=\"s2\">conferencias, talleres, devocionales y momentos de escucha, todos orientados a construir una teolog<\/span><span class=\"s2\">\u00ed<\/span><span class=\"s2\">a relevante y comprometida con la realidad del pa<\/span><span class=\"s2\">\u00ed<\/span><span class=\"s2\">s.<\/span><\/p>\n<p class=\"s4\"><span class=\"s2\">Entre los expositores invitados participaron la estudiante de doctorado Tamar Monilla (Seminario Teol<\/span><span class=\"s2\">\u00f3<\/span><span class=\"s2\">gico Bautista), la Mg. Elizabeth Soto (Coordinadora integral de Ministerios de Chile), la Mg. Lorena Moya (Directora de la escuela Mirada de Amor) y el Mg. Rub<\/span><span class=\"s2\">\u00e9<\/span><span class=\"s2\">n Leiva (profesor del CET de las Asambleas de Dios), quienes compartieron valiosos aportes sobre evaluaci<\/span><span class=\"s2\">\u00f3<\/span><span class=\"s2\">n pedag<\/span><span class=\"s2\">\u00f3<\/span><span class=\"s2\">gica, liderazgo educativo, contexto en el aula y herramientas tecnol<\/span><span class=\"s2\">\u00f3<\/span><span class=\"s2\">gicas (IA) aplicadas a la labor docente.<\/span><\/p>\n<p class=\"s4\"><span class=\"s2\">Uno de los momentos m<\/span><span class=\"s2\">\u00e1<\/span><span class=\"s2\">s significativos fue la conferencia en l<\/span><span class=\"s2\">\u00ed<\/span><span class=\"s2\">nea del Dr. Wilfredo Canales, profesor de Olivet Nazarene University, quien abord<\/span><span class=\"s2\">\u00f3 <\/span><span class=\"s2\">el tema <\/span><span class=\"s2\">\u00ab<\/span><span class=\"s2\">Desaf<\/span><span class=\"s2\">\u00ed<\/span><span class=\"s2\">os de la ense<\/span><span class=\"s2\">\u00f1<\/span><span class=\"s2\">anza wesleyana<\/span><span class=\"s2\">\u00bb<\/span><span class=\"s2\">. En su ponencia destac<\/span><span class=\"s2\">\u00f3 <\/span><span class=\"s2\">los dilemas contempor<\/span><span class=\"s2\">\u00e1<\/span><span class=\"s2\">neos de la formaci<\/span><span class=\"s2\">\u00f3<\/span><span class=\"s2\">n teol<\/span><span class=\"s2\">\u00f3<\/span><span class=\"s2\">gica, especialmente en el contexto latinoamericano, desafiando a los educadores a mantener la fidelidad b<\/span><span class=\"s2\">\u00ed<\/span><span class=\"s2\">blica sin perder relevancia cultural. <\/span><span class=\"s2\">\u00ab<\/span><span class=\"s2\">La pedagog<\/span><span class=\"s2\">\u00ed<\/span><span class=\"s2\">a wesleyana no es solo contenido, es formaci<\/span><span class=\"s2\">\u00f3<\/span><span class=\"s2\">n para la misi<\/span><span class=\"s2\">\u00f3<\/span><span class=\"s2\">n. Necesitamos ense<\/span><span class=\"s2\">\u00f1<\/span><span class=\"s2\">ar con pasi<\/span><span class=\"s2\">\u00f3<\/span><span class=\"s2\">n, contexto y prop<\/span><span class=\"s2\">\u00f3<\/span><span class=\"s2\">sito<\/span><span class=\"s2\">\u00bb<\/span><span class=\"s2\">, enfatiz<\/span><span class=\"s2\">\u00f3<\/span><span class=\"s2\">.<\/span><\/p>\n<p class=\"s4\"><span class=\"s2\">La jornada tambi<\/span><span class=\"s2\">\u00e9<\/span><span class=\"s2\">n incluy<\/span><span class=\"s2\">\u00f3 <\/span><span class=\"s2\">una din<\/span><span class=\"s2\">\u00e1<\/span><span class=\"s2\">mica grupal dirigida por la misionera Mg. Bethinha Medeiros, que propuso una reflexi<\/span><span class=\"s2\">\u00f3<\/span><span class=\"s2\">n creativa sobre la contribuci<\/span><span class=\"s2\">\u00f3<\/span><span class=\"s2\">n de los cursos teol<\/span><span class=\"s2\">\u00f3<\/span><span class=\"s2\">gicos a la pr<\/span><span class=\"s2\">\u00e1<\/span><span class=\"s2\">ctica ministerial y la aplicaci<\/span><span class=\"s2\">\u00f3<\/span><span class=\"s2\">n de las 4 C. La actividad foment<\/span><span class=\"s2\">\u00f3 <\/span><span class=\"s2\">la integraci<\/span><span class=\"s2\">\u00f3<\/span><span class=\"s2\">n entre los profesores y abri<\/span><span class=\"s2\">\u00f3 <\/span><span class=\"s2\">nuevas perspectivas sobre c<\/span><span class=\"s2\">\u00f3<\/span><span class=\"s2\">mo conectar la ense<\/span><span class=\"s2\">\u00f1<\/span><span class=\"s2\">anza con la realidad de las iglesias y comunidades locales.<\/span><\/p>\n<p class=\"s4\"><span class=\"s2\">La clausura estuvo a cargo del Pr. Ricardo Rodr<\/span><span class=\"s2\">\u00ed<\/span><span class=\"s2\">guez, director de JUCUM Transforma, quien expuso sobre <\/span><span class=\"s2\">\u00ab<\/span><span class=\"s2\">El rol de la Iglesia en la transformaci<\/span><span class=\"s2\">\u00f3<\/span><span class=\"s2\">n de la sociedad<\/span><span class=\"s2\">\u00bb<\/span><span class=\"s2\">. Su mensaje desafi<\/span><span class=\"s2\">\u00f3 <\/span><span class=\"s2\">a los participantes a comprender la educaci<\/span><span class=\"s2\">\u00f3<\/span><span class=\"s2\">n teol<\/span><span class=\"s2\">\u00f3<\/span><span class=\"s2\">gica como una herramienta de impacto social, espiritual y cultural.<\/span><\/p>\n<p class=\"s4\"><span class=\"s2\">La Jornada FADECH 2025 se distingui<\/span><span class=\"s2\">\u00f3 <\/span><span class=\"s2\">por su excelente contenido acad<\/span><span class=\"s2\">\u00e9<\/span><span class=\"s2\">mico y por los profundos v<\/span><span class=\"s2\">\u00ed<\/span><span class=\"s2\">nculos emocionales y vocacionales que gener<\/span><span class=\"s2\">\u00f3<\/span><span class=\"s2\">. Los educadores y l<\/span><span class=\"s2\">\u00ed<\/span><span class=\"s2\">deres ministeriales expresaron entusiasmo por el enfoque contextualizado de la teolog<\/span><span class=\"s2\">\u00ed<\/span><span class=\"s2\">a, destacando c<\/span><span class=\"s2\">\u00f3<\/span><span class=\"s2\">mo las reflexiones y din<\/span><span class=\"s2\">\u00e1<\/span><span class=\"s2\">micas los ayudaron a repensar sus pr<\/span><span class=\"s2\">\u00e1<\/span><span class=\"s2\">cticas pedag<\/span><span class=\"s2\">\u00f3<\/span><span class=\"s2\">gicas y pastorales. Fueron d<\/span><span class=\"s2\">\u00ed<\/span><span class=\"s2\">as de fraternidad, escucha activa y renovaci<\/span><span class=\"s2\">\u00f3<\/span><span class=\"s2\">n vocacional que marcaron tanto la mente como el coraz<\/span><span class=\"s2\">\u00f3<\/span><span class=\"s2\">n de los participantes.<\/span><\/p>\n<p style=\"margin: 0cm 0cm 15pt; text-align: justify;\"><b><i><span style=\"font-family: 'Arial',sans-serif; color: black;\">Fonte<\/span><\/i><\/b><i><span style=\"font-family: 'Arial',sans-serif; color: black;\"> SBN Chile.<\/span><\/i><\/p>\n<p>[\/et_pb_text][\/et_pb_column][\/et_pb_row][et_pb_row disabled_on=\u00bbon|on|on\u00bb _builder_version=\u00bb4.16&#8243; _module_preset=\u00bbdefault\u00bb disabled=\u00bbon\u00bb global_colors_info=\u00bb{}\u00bb][et_pb_column type=\u00bb4_4&#8243; _builder_version=\u00bb4.16&#8243; _module_preset=\u00bbdefault\u00bb global_colors_info=\u00bb{}\u00bb][et_pb_text disabled_on=\u00bboff|off|off\u00bb _builder_version=\u00bb4.16&#8243; _module_preset=\u00bbdefault\u00bb text_text_color=\u00bb#0C71C3&#8243; text_font_size=\u00bb23px\u00bb text_orientation=\u00bbcenter\u00bb global_colors_info=\u00bb{}\u00bb]<\/p>\n<p>CONTENIDO EN PORTUGUES<\/p>\n<p>[\/et_pb_text][\/et_pb_column][\/et_pb_row][et_pb_row module_class=\u00bbportugues\u00bb _builder_version=\u00bb4.16&#8243; _module_preset=\u00bbdefault\u00bb width=\u00bb100%\u00bb global_colors_info=\u00bb{}\u00bb][et_pb_column type=\u00bb4_4&#8243; module_class=\u00bbcolLeft\u00bb _builder_version=\u00bb4.16&#8243; _module_preset=\u00bbdefault\u00bb custom_padding=\u00bb|50px|||false|false\u00bb custom_padding_tablet=\u00bb|20px||20px|false|true\u00bb custom_padding_phone=\u00bb\u00bb custom_padding_last_edited=\u00bbon|phone\u00bb border_color_all=\u00bb#e0e0e0&#8243; border_width_right_tablet=\u00bb0px\u00bb border_width_right_phone=\u00bb0px\u00bb border_width_right_last_edited=\u00bbon|desktop\u00bb global_colors_info=\u00bb{}\u00bb][et_pb_code admin_label=\u00bbCode\u00bb _builder_version=\u00bb4.16&#8243; _module_preset=\u00bbdefault\u00bb background_enable_color=\u00bboff\u00bb positioning=\u00bbabsolute\u00bb position_origin_a=\u00bbtop_right\u00bb vertical_offset=\u00bb10px\u00bb horizontal_offset=\u00bb50px\u00bb z_index=\u00bb137&#8243; vertical_offset_tablet=\u00bb\u00bb vertical_offset_phone=\u00bb-45px\u00bb vertical_offset_last_edited=\u00bbon|phone\u00bb horizontal_offset_tablet=\u00bb20px\u00bb horizontal_offset_phone=\u00bb\u00bb horizontal_offset_last_edited=\u00bbon|phone\u00bb position_origin_a_tablet=\u00bb\u00bb position_origin_a_phone=\u00bb\u00bb position_origin_a_last_edited=\u00bbon|desktop\u00bb position_origin_f_tablet=\u00bb\u00bb position_origin_f_phone=\u00bb\u00bb position_origin_f_last_edited=\u00bbon|desktop\u00bb position_origin_r_tablet=\u00bb\u00bb position_origin_r_phone=\u00bb\u00bb position_origin_r_last_edited=\u00bbon|desktop\u00bb text_orientation=\u00bbright\u00bb width=\u00bb190px\u00bb height=\u00bb30px\u00bb positioning_tablet=\u00bb\u00bb positioning_phone=\u00bb\u00bb positioning_last_edited=\u00bbon|desktop\u00bb global_colors_info=\u00bb{}\u00bb]<!-- AddToAny BEGIN --><!-- [et_pb_line_break_holder] --><a class=\"a2a_dd\" href=\"https:\/\/www.addtoany.com\/share\" style=\"background: black;<!-- [et_pb_line_break_holder] -->    font-size: 18px;<!-- [et_pb_line_break_holder] -->    color: white;<!-- [et_pb_line_break_holder] -->    padding: 10px;text-transform: uppercase;\u00bb><!-- [et_pb_line_break_holder] -->  <svg style=\"width: 20px;\" aria-hidden=\"true\" focusable=\"false\" data-prefix=\"fas\" data-icon=\"share-square\" role=\"img\" xmlns=\"http:\/\/www.w3.org\/2000\/svg\" viewbox=\"0 0 576 512\" data-fa-i2svg=\"\"><path fill=\"currentColor\" d=\"M568.482 177.448L424.479 313.433C409.3 327.768 384 317.14 384 295.985v-71.963c-144.575.97-205.566 35.113-164.775 171.353 4.483 14.973-12.846 26.567-25.006 17.33C155.252 383.105 120 326.488 120 269.339c0-143.937 117.599-172.5 264-173.312V24.012c0-21.174 25.317-31.768 40.479-17.448l144.003 135.988c10.02 9.463 10.028 25.425 0 34.896zM384 379.128V448H64V128h50.916a11.99 11.99 0 0 0 8.648-3.693c14.953-15.568 32.237-27.89 51.014-37.676C185.708 80.83 181.584 64 169.033 64H48C21.49 64 0 85.49 0 112v352c0 26.51 21.49 48 48 48h352c26.51 0 48-21.49 48-48v-88.806c0-8.288-8.197-14.066-16.011-11.302a71.83 71.83 0 0 1-34.189 3.377c-7.27-1.046-13.8 4.514-13.8 11.859z\"><\/path><\/svg><!-- [et_pb_line_break_holder] -->  Compartilhar<!-- [et_pb_line_break_holder] --><\/a><!-- [et_pb_line_break_holder] --><script async src=\"https:\/\/static.addtoany.com\/menu\/page.js\"><\/script><!-- [et_pb_line_break_holder] --><!-- AddToAny END -->[\/et_pb_code][et_pb_text _builder_version=\u00bb4.27.4&#8243; _module_preset=\u00bbdefault\u00bb text_font=\u00bb|700|||||||\u00bb text_font_size=\u00bb25px\u00bb width=\u00bb78%\u00bb width_tablet=\u00bb\u00bb width_phone=\u00bb100%\u00bb width_last_edited=\u00bbon|phone\u00bb custom_margin=\u00bb||5px|||\u00bb global_colors_info=\u00bb{}\u00bb]<\/p>\n<p>FADECH 2025: Professores do Semin\u00e1rio B\u00edblico Nazareno se atualizam para uma educa\u00e7\u00e3o teol\u00f3gica contextualizada<\/p>\n<p>[\/et_pb_text][et_pb_post_title title=\u00bboff\u00bb comments=\u00bboff\u00bb module_class=\u00bbtituloNoti\u00bb _builder_version=\u00bb4.16&#8243; _module_preset=\u00bbdefault\u00bb width_tablet=\u00bb\u00bb width_phone=\u00bb\u00bb width_last_edited=\u00bbon|phone\u00bb custom_padding=\u00bb|0px|||false|false\u00bb custom_padding_tablet=\u00bb|0px|||false|false\u00bb custom_padding_phone=\u00bb|0px|||false|false\u00bb custom_padding_last_edited=\u00bbon|phone\u00bb border_color_right=\u00bb#e8e8e8&#8243; border_width_right_tablet=\u00bb0px\u00bb border_width_right_phone=\u00bb\u00bb border_width_right_last_edited=\u00bbon|desktop\u00bb global_colors_info=\u00bb{}\u00bb][\/et_pb_post_title][et_pb_text _builder_version=\u00bb4.27.4&#8243; _module_preset=\u00bbdefault\u00bb text_font_size=\u00bb17px\u00bb global_colors_info=\u00bb{}\u00bb]<\/p>\n<p style=\"text-align: justify;\"><strong>(CNAS Chile) <\/strong>Nos dias 15 e 16 de agosto, o Semin\u00e1rio B\u00edblico Nazareno realizou a jornada de atualiza\u00e7\u00e3o docente FADECH 2025, reunindo professores do semin\u00e1rio provenientes dos quatro distritos do Chile. O tema central do evento foi \u201cRumo a uma educa\u00e7\u00e3o teol\u00f3gica contextualizada\u201d, reafirmando o compromisso do SBN com uma forma\u00e7\u00e3o que dialoga com os desafios contempor\u00e2neos e promove a transforma\u00e7\u00e3o da comunidade.<\/p>\n<p data-start=\"585\" data-end=\"1027\">A abertura ficou a cargo do Mg. Patricio Huanca, reitor do Semin\u00e1rio B\u00edblico Nazareno, que apresentou a vis\u00e3o educacional da institui\u00e7\u00e3o e os fundamentos dos quatro pilares da educa\u00e7\u00e3o: Car\u00e1ter, Conhecimento, Contexto e Compromisso, aplicados \u00e0 forma\u00e7\u00e3o ministerial. O programa incluiu confer\u00eancias, oficinas, devocionais e momentos de escuta, todos voltados para construir uma teologia relevante e comprometida com a realidade do pa\u00eds.<\/p>\n<p data-start=\"1029\" data-end=\"1518\">Entre os expositores convidados estiveram a estudante de doutorado Tamar Monilla (Semin\u00e1rio Teol\u00f3gico Batista), a Mg. Elizabeth Soto (Coordenadora Integral de Minist\u00e9rios do Chile), a Mg. Lorena Moya (Diretora da escola Mirada de Amor) e o Mg. Rub\u00e9n Leiva (professor do CET das Assembleias de Deus), que compartilharam valiosos conhecimentos sobre avalia\u00e7\u00e3o pedag\u00f3gica, lideran\u00e7a educacional, contexto em sala de aula e ferramentas tecnol\u00f3gicas (IA) aplicadas \u00e0 doc\u00eancia.<\/p>\n<p data-start=\"1520\" data-end=\"2056\">Um dos momentos mais significativos foi a confer\u00eancia online do Dr. Wilfredo Canales, professor da Olivet Nazarene University, que abordou o tema \u201cDesafios do ensino wesleyano\u201d. Em sua palestra, destacou os dilemas contempor\u00e2neos da forma\u00e7\u00e3o teol\u00f3gica, especialmente no contexto latino-americano, desafiando os educadores a manterem a fidelidade b\u00edblica sem perder relev\u00e2ncia cultural. \u201cA pedagogia wesleyana n\u00e3o \u00e9 apenas conte\u00fado, \u00e9 forma\u00e7\u00e3o para a miss\u00e3o. Precisamos ensinar com paix\u00e3o, contexto e prop\u00f3sito\u201d, enfatizou.<\/p>\n<p data-start=\"2058\" data-end=\"2449\">A jornada tamb\u00e9m incluiu uma din\u00e2mica em grupo conduzida pela mission\u00e1ria Mg. Bethinha Medeiros, que prop\u00f4s uma reflex\u00e3o criativa sobre a contribui\u00e7\u00e3o dos cursos teol\u00f3gicos para a pr\u00e1tica ministerial e a aplica\u00e7\u00e3o das 4 C. A atividade incentivou a integra\u00e7\u00e3o entre os professores e abriu novas perspectivas sobre como conectar o ensino \u00e0 realidade das igrejas e comunidades locais.<\/p>\n<p data-start=\"2451\" data-end=\"2756\">O encerramento ficou a cargo do Pr. Ricardo Rodr\u00edguez, diretor da JOCUM Transforma, que apresentou sobre \u201cO papel da Igreja na transforma\u00e7\u00e3o da sociedade\u201d. Sua mensagem desafiou os participantes a compreender a educa\u00e7\u00e3o teol\u00f3gica como uma ferramenta de impacto social, espiritual e cultural.<\/p>\n<p data-start=\"2758\" data-end=\"3219\">A Jornada FADECH 2025 se destacou pelo excelente conte\u00fado acad\u00eamico e pelos profundos v\u00ednculos emocionais e vocacionais que gerou. Educadores e l\u00edderes ministeriais expressaram entusiasmo pelo enfoque contextualizado da teologia, destacando como as reflex\u00f5es e din\u00e2micas os ajudaram a repensar suas pr\u00e1ticas pedag\u00f3gicas e pastorais. Foram dias de fraternidade, escuta ativa e renova\u00e7\u00e3o vocacional que marcaram tanto a mente quanto o cora\u00e7\u00e3o dos participantes.<\/p>\n<p style=\"text-align: justify;\"><strong><em>Fonte: <\/em><\/strong><em>SBN Chile.<\/em><\/p>\n<p>[\/et_pb_text][\/et_pb_column][\/et_pb_row][et_pb_row _builder_version=\u00bb4.16&#8243; _module_preset=\u00bbdefault\u00bb width=\u00bb100%\u00bb global_colors_info=\u00bb{}\u00bb][et_pb_column type=\u00bb4_4&#8243; module_class=\u00bbcolLeft\u00bb _builder_version=\u00bb4.16&#8243; _module_preset=\u00bbdefault\u00bb custom_padding=\u00bb|50px|||false|false\u00bb custom_padding_tablet=\u00bb|20px||20px|false|true\u00bb custom_padding_phone=\u00bb\u00bb custom_padding_last_edited=\u00bbon|phone\u00bb border_color_all=\u00bb#e0e0e0&#8243; border_width_right_tablet=\u00bb0px\u00bb border_width_right_phone=\u00bb0px\u00bb border_width_right_last_edited=\u00bbon|desktop\u00bb global_colors_info=\u00bb{}\u00bb][et_pb_gallery gallery_ids=\u00bb49575,49576,49577,49578,49579,49580,49581,49582,49583,49584,49585,49586,49587,49588&#8243; posts_number=\u00bb8&#8243; show_title_and_caption=\u00bboff\u00bb zoom_icon_color=\u00bb#E02B20&#8243; hover_overlay_color=\u00bb#FFFFFF\u00bb hover_icon=\u00bb&#x54;||divi||400&#8243; _builder_version=\u00bb4.27.4&#8243; _module_preset=\u00bbdefault\u00bb title_font_size=\u00bb0px\u00bb width=\u00bb100%\u00bb module_alignment=\u00bbcenter\u00bb global_colors_info=\u00bb{}\u00bb][\/et_pb_gallery][\/et_pb_column][\/et_pb_row][\/et_pb_section]<\/p>\n<span class=\"et_bloom_bottom_trigger\"><\/span>","protected":false},"excerpt":{"rendered":"<p>CONTENIDO EN ESPA\u00d1OL<\/p>","protected":false},"author":4,"featured_media":49588,"comment_status":"open","ping_status":"open","sticky":false,"template":"","format":"standard","meta":{"_et_pb_use_builder":"on","_et_pb_old_content":"","_et_gb_content_width":"","_monsterinsights_skip_tracking":false,"_monsterinsights_sitenote_active":false,"_monsterinsights_sitenote_note":"","_monsterinsights_sitenote_category":0,"_vp_format_video_url":"","_vp_image_focal_point":[],"footnotes":""},"categories":[134,12,59,122,1],"tags":[],"class_list":["post-49570","post","type-post","status-publish","format-standard","has-post-thumbnail","hentry","category-america-del-sur","category-chile","category-educacion-teologica","category-ministerios","category-noticia"],"yoast_head":"<!-- This site is optimized with the Yoast SEO Premium plugin v23.6 (Yoast SEO v27.4) - https:\/\/yoast.com\/product\/yoast-seo-premium-wordpress\/ -->\n<title>FADECH 2025: Profesores del Seminario B\u00edblico Nazareno se actualizan hacia una educaci\u00f3n teol\u00f3gica contextualizada | Iglesia del Nazareno Am\u00e9rica del Sur<\/title>\n<meta name=\"description\" content=\"Noticia\" \/>\n<meta name=\"robots\" content=\"noindex, follow\" \/>\n<meta property=\"og:locale\" content=\"pt_BR\" \/>\n<meta property=\"og:type\" content=\"article\" \/>\n<meta property=\"og:title\" content=\"FADECH 2025: Profesores del Seminario B\u00edblico Nazareno se actualizan hacia una educaci\u00f3n teol\u00f3gica contextualizada | Iglesia del Nazareno Am\u00e9rica del Sur\" \/>\n<meta property=\"og:description\" content=\"Noticia\" \/>\n<meta property=\"og:url\" content=\"https:\/\/www.samnaz.org\/pt\/fadech-2025-profesores-del-seminario-biblico-nazareno-se-actualizan-hacia-una-educacion-teologica-contextualizada\/\" \/>\n<meta property=\"og:site_name\" content=\"Iglesia del Nazareno Am\u00e9rica del Sur\" \/>\n<meta property=\"article:publisher\" content=\"https:\/\/www.facebook.com\/NazarenoEsp\" \/>\n<meta property=\"article:published_time\" content=\"2025-08-29T17:44:36+00:00\" \/>\n<meta property=\"article:modified_time\" content=\"2025-08-29T17:48:10+00:00\" \/>\n<meta property=\"og:image\" content=\"https:\/\/www.samnaz.org\/wp-content\/uploads\/2025\/08\/Fadech.jpg\" \/>\n\t<meta property=\"og:image:width\" content=\"1440\" \/>\n\t<meta property=\"og:image:height\" content=\"1920\" \/>\n\t<meta property=\"og:image:type\" content=\"image\/jpeg\" \/>\n<meta name=\"author\" content=\"Samnaz\" \/>\n<meta name=\"twitter:card\" content=\"summary_large_image\" \/>\n<meta name=\"twitter:label1\" content=\"Escrito por\" \/>\n\t<meta name=\"twitter:data1\" content=\"Samnaz\" \/>\n\t<meta name=\"twitter:label2\" content=\"Est. tempo de leitura\" \/>\n\t<meta name=\"twitter:data2\" content=\"8 minutos\" \/>\n<script type=\"application\/ld+json\" class=\"yoast-schema-graph\">{\"@context\":\"https:\\\/\\\/schema.org\",\"@graph\":[{\"@type\":\"Article\",\"@id\":\"https:\\\/\\\/www.samnaz.org\\\/fadech-2025-profesores-del-seminario-biblico-nazareno-se-actualizan-hacia-una-educacion-teologica-contextualizada\\\/#article\",\"isPartOf\":{\"@id\":\"https:\\\/\\\/www.samnaz.org\\\/fadech-2025-profesores-del-seminario-biblico-nazareno-se-actualizan-hacia-una-educacion-teologica-contextualizada\\\/\"},\"author\":{\"name\":\"Samnaz\",\"@id\":\"https:\\\/\\\/www.samnaz.org\\\/#\\\/schema\\\/person\\\/c09d1131c49ba510c7e1cbb677b39927\"},\"headline\":\"FADECH 2025: Profesores del Seminario B\u00edblico Nazareno se actualizan hacia una educaci\u00f3n teol\u00f3gica contextualizada\",\"datePublished\":\"2025-08-29T17:44:36+00:00\",\"dateModified\":\"2025-08-29T17:48:10+00:00\",\"mainEntityOfPage\":{\"@id\":\"https:\\\/\\\/www.samnaz.org\\\/fadech-2025-profesores-del-seminario-biblico-nazareno-se-actualizan-hacia-una-educacion-teologica-contextualizada\\\/\"},\"wordCount\":300,\"commentCount\":0,\"publisher\":{\"@id\":\"https:\\\/\\\/www.samnaz.org\\\/#organization\"},\"image\":{\"@id\":\"https:\\\/\\\/www.samnaz.org\\\/fadech-2025-profesores-del-seminario-biblico-nazareno-se-actualizan-hacia-una-educacion-teologica-contextualizada\\\/#primaryimage\"},\"thumbnailUrl\":\"https:\\\/\\\/www.samnaz.org\\\/wp-content\\\/uploads\\\/2025\\\/08\\\/Fadech.jpg\",\"articleSection\":[\"Am\u00e9rica del Sur\",\"Chile\",\"Educaci\u00f3n Teol\u00f3gica\",\"Ministerios\",\"Noticia\"],\"inLanguage\":\"pt-BR\",\"potentialAction\":[{\"@type\":\"CommentAction\",\"name\":\"Comment\",\"target\":[\"https:\\\/\\\/www.samnaz.org\\\/fadech-2025-profesores-del-seminario-biblico-nazareno-se-actualizan-hacia-una-educacion-teologica-contextualizada\\\/#respond\"]}]},{\"@type\":\"WebPage\",\"@id\":\"https:\\\/\\\/www.samnaz.org\\\/fadech-2025-profesores-del-seminario-biblico-nazareno-se-actualizan-hacia-una-educacion-teologica-contextualizada\\\/\",\"url\":\"https:\\\/\\\/www.samnaz.org\\\/fadech-2025-profesores-del-seminario-biblico-nazareno-se-actualizan-hacia-una-educacion-teologica-contextualizada\\\/\",\"name\":\"FADECH 2025: Profesores del Seminario B\u00edblico Nazareno se actualizan hacia una educaci\u00f3n teol\u00f3gica contextualizada | Iglesia del Nazareno Am\u00e9rica del Sur\",\"isPartOf\":{\"@id\":\"https:\\\/\\\/www.samnaz.org\\\/#website\"},\"primaryImageOfPage\":{\"@id\":\"https:\\\/\\\/www.samnaz.org\\\/fadech-2025-profesores-del-seminario-biblico-nazareno-se-actualizan-hacia-una-educacion-teologica-contextualizada\\\/#primaryimage\"},\"image\":{\"@id\":\"https:\\\/\\\/www.samnaz.org\\\/fadech-2025-profesores-del-seminario-biblico-nazareno-se-actualizan-hacia-una-educacion-teologica-contextualizada\\\/#primaryimage\"},\"thumbnailUrl\":\"https:\\\/\\\/www.samnaz.org\\\/wp-content\\\/uploads\\\/2025\\\/08\\\/Fadech.jpg\",\"datePublished\":\"2025-08-29T17:44:36+00:00\",\"dateModified\":\"2025-08-29T17:48:10+00:00\",\"description\":\"Noticia\",\"inLanguage\":\"pt-BR\",\"potentialAction\":[{\"@type\":\"ReadAction\",\"target\":[\"https:\\\/\\\/www.samnaz.org\\\/fadech-2025-profesores-del-seminario-biblico-nazareno-se-actualizan-hacia-una-educacion-teologica-contextualizada\\\/\"]}]},{\"@type\":\"ImageObject\",\"inLanguage\":\"pt-BR\",\"@id\":\"https:\\\/\\\/www.samnaz.org\\\/fadech-2025-profesores-del-seminario-biblico-nazareno-se-actualizan-hacia-una-educacion-teologica-contextualizada\\\/#primaryimage\",\"url\":\"https:\\\/\\\/www.samnaz.org\\\/wp-content\\\/uploads\\\/2025\\\/08\\\/Fadech.jpg\",\"contentUrl\":\"https:\\\/\\\/www.samnaz.org\\\/wp-content\\\/uploads\\\/2025\\\/08\\\/Fadech.jpg\",\"width\":1440,\"height\":1920},{\"@type\":\"WebSite\",\"@id\":\"https:\\\/\\\/www.samnaz.org\\\/#website\",\"url\":\"https:\\\/\\\/www.samnaz.org\\\/\",\"name\":\"Haciendo Disc\u00edpulos Semejantes a Cristo en las naciones\",\"description\":\"Haciendo disc\u00edpulos semejantes a Cristo en las Naciones\",\"publisher\":{\"@id\":\"https:\\\/\\\/www.samnaz.org\\\/#organization\"},\"alternateName\":\"Viviendo la Gran Comisi\u00f3n\",\"potentialAction\":[{\"@type\":\"SearchAction\",\"target\":{\"@type\":\"EntryPoint\",\"urlTemplate\":\"https:\\\/\\\/www.samnaz.org\\\/?s={search_term_string}\"},\"query-input\":{\"@type\":\"PropertyValueSpecification\",\"valueRequired\":true,\"valueName\":\"search_term_string\"}}],\"inLanguage\":\"pt-BR\"},{\"@type\":\"Organization\",\"@id\":\"https:\\\/\\\/www.samnaz.org\\\/#organization\",\"name\":\"Iglesia del Nazareno Am\u00e9rica del Sur\",\"url\":\"https:\\\/\\\/www.samnaz.org\\\/\",\"logo\":{\"@type\":\"ImageObject\",\"inLanguage\":\"pt-BR\",\"@id\":\"https:\\\/\\\/www.samnaz.org\\\/#\\\/schema\\\/logo\\\/image\\\/\",\"url\":\"https:\\\/\\\/www.samnaz.org\\\/wp-content\\\/uploads\\\/2021\\\/04\\\/Logo-3-ESP.png\",\"contentUrl\":\"https:\\\/\\\/www.samnaz.org\\\/wp-content\\\/uploads\\\/2021\\\/04\\\/Logo-3-ESP.png\",\"width\":1041,\"height\":780,\"caption\":\"Iglesia del Nazareno Am\u00e9rica del Sur\"},\"image\":{\"@id\":\"https:\\\/\\\/www.samnaz.org\\\/#\\\/schema\\\/logo\\\/image\\\/\"},\"sameAs\":[\"https:\\\/\\\/www.facebook.com\\\/NazarenoEsp\",\"https:\\\/\\\/www.instagram.com\\\/nazarenoesp\\\/\"],\"publishingPrinciples\":\"https:\\\/\\\/www.samnaz.org\\\/\"},{\"@type\":\"Person\",\"@id\":\"https:\\\/\\\/www.samnaz.org\\\/#\\\/schema\\\/person\\\/c09d1131c49ba510c7e1cbb677b39927\",\"name\":\"Samnaz\",\"image\":{\"@type\":\"ImageObject\",\"inLanguage\":\"pt-BR\",\"@id\":\"https:\\\/\\\/secure.gravatar.com\\\/avatar\\\/a5baaf0e270319d09c0efce6a9dd03ff93175913c70afe26595c0069c83fa6dc?s=96&d=mm&r=g\",\"url\":\"https:\\\/\\\/secure.gravatar.com\\\/avatar\\\/a5baaf0e270319d09c0efce6a9dd03ff93175913c70afe26595c0069c83fa6dc?s=96&d=mm&r=g\",\"contentUrl\":\"https:\\\/\\\/secure.gravatar.com\\\/avatar\\\/a5baaf0e270319d09c0efce6a9dd03ff93175913c70afe26595c0069c83fa6dc?s=96&d=mm&r=g\",\"caption\":\"Samnaz\"}}]}<\/script>\n<!-- \/ Yoast SEO Premium plugin. -->","yoast_head_json":{"title":"FADECH 2025: Profesores del Seminario B\u00edblico Nazareno se actualizan hacia una educaci\u00f3n teol\u00f3gica contextualizada | Iglesia del Nazareno Am\u00e9rica del Sur","description":"Noticia","robots":{"index":"noindex","follow":"follow"},"og_locale":"pt_BR","og_type":"article","og_title":"FADECH 2025: Profesores del Seminario B\u00edblico Nazareno se actualizan hacia una educaci\u00f3n teol\u00f3gica contextualizada | Iglesia del Nazareno Am\u00e9rica del Sur","og_description":"Noticia","og_url":"https:\/\/www.samnaz.org\/pt\/fadech-2025-profesores-del-seminario-biblico-nazareno-se-actualizan-hacia-una-educacion-teologica-contextualizada\/","og_site_name":"Iglesia del Nazareno Am\u00e9rica del Sur","article_publisher":"https:\/\/www.facebook.com\/NazarenoEsp","article_published_time":"2025-08-29T17:44:36+00:00","article_modified_time":"2025-08-29T17:48:10+00:00","og_image":[{"width":1440,"height":1920,"url":"https:\/\/www.samnaz.org\/wp-content\/uploads\/2025\/08\/Fadech.jpg","type":"image\/jpeg"}],"author":"Samnaz","twitter_card":"summary_large_image","twitter_misc":{"Escrito por":"Samnaz","Est. tempo de leitura":"8 minutos"},"schema":{"@context":"https:\/\/schema.org","@graph":[{"@type":"Article","@id":"https:\/\/www.samnaz.org\/fadech-2025-profesores-del-seminario-biblico-nazareno-se-actualizan-hacia-una-educacion-teologica-contextualizada\/#article","isPartOf":{"@id":"https:\/\/www.samnaz.org\/fadech-2025-profesores-del-seminario-biblico-nazareno-se-actualizan-hacia-una-educacion-teologica-contextualizada\/"},"author":{"name":"Samnaz","@id":"https:\/\/www.samnaz.org\/#\/schema\/person\/c09d1131c49ba510c7e1cbb677b39927"},"headline":"FADECH 2025: Profesores del Seminario B\u00edblico Nazareno se actualizan hacia una educaci\u00f3n teol\u00f3gica contextualizada","datePublished":"2025-08-29T17:44:36+00:00","dateModified":"2025-08-29T17:48:10+00:00","mainEntityOfPage":{"@id":"https:\/\/www.samnaz.org\/fadech-2025-profesores-del-seminario-biblico-nazareno-se-actualizan-hacia-una-educacion-teologica-contextualizada\/"},"wordCount":300,"commentCount":0,"publisher":{"@id":"https:\/\/www.samnaz.org\/#organization"},"image":{"@id":"https:\/\/www.samnaz.org\/fadech-2025-profesores-del-seminario-biblico-nazareno-se-actualizan-hacia-una-educacion-teologica-contextualizada\/#primaryimage"},"thumbnailUrl":"https:\/\/www.samnaz.org\/wp-content\/uploads\/2025\/08\/Fadech.jpg","articleSection":["Am\u00e9rica del Sur","Chile","Educaci\u00f3n Teol\u00f3gica","Ministerios","Noticia"],"inLanguage":"pt-BR","potentialAction":[{"@type":"CommentAction","name":"Comment","target":["https:\/\/www.samnaz.org\/fadech-2025-profesores-del-seminario-biblico-nazareno-se-actualizan-hacia-una-educacion-teologica-contextualizada\/#respond"]}]},{"@type":"WebPage","@id":"https:\/\/www.samnaz.org\/fadech-2025-profesores-del-seminario-biblico-nazareno-se-actualizan-hacia-una-educacion-teologica-contextualizada\/","url":"https:\/\/www.samnaz.org\/fadech-2025-profesores-del-seminario-biblico-nazareno-se-actualizan-hacia-una-educacion-teologica-contextualizada\/","name":"FADECH 2025: Profesores del Seminario B\u00edblico Nazareno se actualizan hacia una educaci\u00f3n teol\u00f3gica contextualizada | Iglesia del Nazareno Am\u00e9rica del Sur","isPartOf":{"@id":"https:\/\/www.samnaz.org\/#website"},"primaryImageOfPage":{"@id":"https:\/\/www.samnaz.org\/fadech-2025-profesores-del-seminario-biblico-nazareno-se-actualizan-hacia-una-educacion-teologica-contextualizada\/#primaryimage"},"image":{"@id":"https:\/\/www.samnaz.org\/fadech-2025-profesores-del-seminario-biblico-nazareno-se-actualizan-hacia-una-educacion-teologica-contextualizada\/#primaryimage"},"thumbnailUrl":"https:\/\/www.samnaz.org\/wp-content\/uploads\/2025\/08\/Fadech.jpg","datePublished":"2025-08-29T17:44:36+00:00","dateModified":"2025-08-29T17:48:10+00:00","description":"Noticia","inLanguage":"pt-BR","potentialAction":[{"@type":"ReadAction","target":["https:\/\/www.samnaz.org\/fadech-2025-profesores-del-seminario-biblico-nazareno-se-actualizan-hacia-una-educacion-teologica-contextualizada\/"]}]},{"@type":"ImageObject","inLanguage":"pt-BR","@id":"https:\/\/www.samnaz.org\/fadech-2025-profesores-del-seminario-biblico-nazareno-se-actualizan-hacia-una-educacion-teologica-contextualizada\/#primaryimage","url":"https:\/\/www.samnaz.org\/wp-content\/uploads\/2025\/08\/Fadech.jpg","contentUrl":"https:\/\/www.samnaz.org\/wp-content\/uploads\/2025\/08\/Fadech.jpg","width":1440,"height":1920},{"@type":"WebSite","@id":"https:\/\/www.samnaz.org\/#website","url":"https:\/\/www.samnaz.org\/","name":"Haciendo Disc\u00edpulos Semejantes a Cristo en las naciones","description":"Haciendo disc\u00edpulos semejantes a Cristo en las Naciones","publisher":{"@id":"https:\/\/www.samnaz.org\/#organization"},"alternateName":"Viviendo la Gran Comisi\u00f3n","potentialAction":[{"@type":"SearchAction","target":{"@type":"EntryPoint","urlTemplate":"https:\/\/www.samnaz.org\/?s={search_term_string}"},"query-input":{"@type":"PropertyValueSpecification","valueRequired":true,"valueName":"search_term_string"}}],"inLanguage":"pt-BR"},{"@type":"Organization","@id":"https:\/\/www.samnaz.org\/#organization","name":"Iglesia del Nazareno Am\u00e9rica del Sur","url":"https:\/\/www.samnaz.org\/","logo":{"@type":"ImageObject","inLanguage":"pt-BR","@id":"https:\/\/www.samnaz.org\/#\/schema\/logo\/image\/","url":"https:\/\/www.samnaz.org\/wp-content\/uploads\/2021\/04\/Logo-3-ESP.png","contentUrl":"https:\/\/www.samnaz.org\/wp-content\/uploads\/2021\/04\/Logo-3-ESP.png","width":1041,"height":780,"caption":"Iglesia del Nazareno Am\u00e9rica del Sur"},"image":{"@id":"https:\/\/www.samnaz.org\/#\/schema\/logo\/image\/"},"sameAs":["https:\/\/www.facebook.com\/NazarenoEsp","https:\/\/www.instagram.com\/nazarenoesp\/"],"publishingPrinciples":"https:\/\/www.samnaz.org\/"},{"@type":"Person","@id":"https:\/\/www.samnaz.org\/#\/schema\/person\/c09d1131c49ba510c7e1cbb677b39927","name":"Samnaz","image":{"@type":"ImageObject","inLanguage":"pt-BR","@id":"https:\/\/secure.gravatar.com\/avatar\/a5baaf0e270319d09c0efce6a9dd03ff93175913c70afe26595c0069c83fa6dc?s=96&d=mm&r=g","url":"https:\/\/secure.gravatar.com\/avatar\/a5baaf0e270319d09c0efce6a9dd03ff93175913c70afe26595c0069c83fa6dc?s=96&d=mm&r=g","contentUrl":"https:\/\/secure.gravatar.com\/avatar\/a5baaf0e270319d09c0efce6a9dd03ff93175913c70afe26595c0069c83fa6dc?s=96&d=mm&r=g","caption":"Samnaz"}}]}},"_links":{"self":[{"href":"https:\/\/www.samnaz.org\/pt\/wp-json\/wp\/v2\/posts\/49570","targetHints":{"allow":["GET"]}}],"collection":[{"href":"https:\/\/www.samnaz.org\/pt\/wp-json\/wp\/v2\/posts"}],"about":[{"href":"https:\/\/www.samnaz.org\/pt\/wp-json\/wp\/v2\/types\/post"}],"author":[{"embeddable":true,"href":"https:\/\/www.samnaz.org\/pt\/wp-json\/wp\/v2\/users\/4"}],"replies":[{"embeddable":true,"href":"https:\/\/www.samnaz.org\/pt\/wp-json\/wp\/v2\/comments?post=49570"}],"version-history":[{"count":4,"href":"https:\/\/www.samnaz.org\/pt\/wp-json\/wp\/v2\/posts\/49570\/revisions"}],"predecessor-version":[{"id":49590,"href":"https:\/\/www.samnaz.org\/pt\/wp-json\/wp\/v2\/posts\/49570\/revisions\/49590"}],"wp:featuredmedia":[{"embeddable":true,"href":"https:\/\/www.samnaz.org\/pt\/wp-json\/wp\/v2\/media\/49588"}],"wp:attachment":[{"href":"https:\/\/www.samnaz.org\/pt\/wp-json\/wp\/v2\/media?parent=49570"}],"wp:term":[{"taxonomy":"category","embeddable":true,"href":"https:\/\/www.samnaz.org\/pt\/wp-json\/wp\/v2\/categories?post=49570"},{"taxonomy":"post_tag","embeddable":true,"href":"https:\/\/www.samnaz.org\/pt\/wp-json\/wp\/v2\/tags?post=49570"}],"curies":[{"name":"wp","href":"https:\/\/api.w.org\/{rel}","templated":true}]}}