{"id":49978,"date":"2025-10-29T11:57:23","date_gmt":"2025-10-29T14:57:23","guid":{"rendered":"https:\/\/www.samnaz.org\/?p=49978"},"modified":"2025-10-29T12:17:04","modified_gmt":"2025-10-29T15:17:04","slug":"ame-25-marca-un-nuevo-tiempo-para-la-iglesia-del-nazareno-en-america-del-sur","status":"publish","type":"post","link":"https:\/\/www.samnaz.org\/pt\/ame-25-marca-un-nuevo-tiempo-para-la-iglesia-del-nazareno-en-america-del-sur\/","title":{"rendered":"AME.25 marca un nuevo tiempo para la Iglesia del Nazareno en Am\u00e9rica del Sur"},"content":{"rendered":"<p>[et_pb_section fb_built=\u00bb1&#8243; _builder_version=\u00bb4.16&#8243; _module_preset=\u00bbdefault\u00bb custom_padding=\u00bb0px||||false|false\u00bb global_colors_info=\u00bb{}\u00bb][et_pb_row disabled_on=\u00bbon|on|on\u00bb _builder_version=\u00bb4.16&#8243; _module_preset=\u00bbdefault\u00bb disabled=\u00bbon\u00bb global_colors_info=\u00bb{}\u00bb][et_pb_column type=\u00bb4_4&#8243; _builder_version=\u00bb4.16&#8243; _module_preset=\u00bbdefault\u00bb global_colors_info=\u00bb{}\u00bb][et_pb_text disabled_on=\u00bboff|off|off\u00bb _builder_version=\u00bb4.16&#8243; _module_preset=\u00bbdefault\u00bb text_text_color=\u00bb#0C71C3&#8243; text_font_size=\u00bb23px\u00bb text_orientation=\u00bbcenter\u00bb global_colors_info=\u00bb{}\u00bb]<\/p>\n<p>CONTENIDO EN ESPA\u00d1OL<\/p>\n<p>[\/et_pb_text][\/et_pb_column][\/et_pb_row][et_pb_row module_class=\u00bbespanol\u00bb _builder_version=\u00bb4.16&#8243; _module_preset=\u00bbdefault\u00bb width=\u00bb100%\u00bb global_colors_info=\u00bb{}\u00bb][et_pb_column type=\u00bb4_4&#8243; module_class=\u00bbcolLeft\u00bb _builder_version=\u00bb4.16&#8243; _module_preset=\u00bbdefault\u00bb custom_padding=\u00bb|50px|||false|false\u00bb custom_padding_tablet=\u00bb|20px||20px|false|true\u00bb custom_padding_phone=\u00bb\u00bb custom_padding_last_edited=\u00bbon|phone\u00bb border_color_all=\u00bb#e0e0e0&#8243; border_width_right_tablet=\u00bb0px\u00bb border_width_right_phone=\u00bb0px\u00bb border_width_right_last_edited=\u00bbon|desktop\u00bb global_colors_info=\u00bb{}\u00bb][et_pb_code admin_label=\u00bbCode\u00bb _builder_version=\u00bb4.16&#8243; _module_preset=\u00bbdefault\u00bb background_enable_color=\u00bboff\u00bb positioning=\u00bbabsolute\u00bb position_origin_a=\u00bbtop_right\u00bb vertical_offset=\u00bb10px\u00bb horizontal_offset=\u00bb50px\u00bb z_index=\u00bb137&#8243; vertical_offset_tablet=\u00bb\u00bb vertical_offset_phone=\u00bb-45px\u00bb vertical_offset_last_edited=\u00bbon|phone\u00bb horizontal_offset_tablet=\u00bb20px\u00bb horizontal_offset_phone=\u00bb\u00bb horizontal_offset_last_edited=\u00bbon|phone\u00bb position_origin_a_tablet=\u00bb\u00bb position_origin_a_phone=\u00bb\u00bb position_origin_a_last_edited=\u00bbon|desktop\u00bb position_origin_f_tablet=\u00bb\u00bb position_origin_f_phone=\u00bb\u00bb position_origin_f_last_edited=\u00bbon|desktop\u00bb position_origin_r_tablet=\u00bb\u00bb position_origin_r_phone=\u00bb\u00bb position_origin_r_last_edited=\u00bbon|desktop\u00bb text_orientation=\u00bbright\u00bb width=\u00bb160px\u00bb height=\u00bb30px\u00bb positioning_tablet=\u00bb\u00bb positioning_phone=\u00bb\u00bb positioning_last_edited=\u00bbon|desktop\u00bb global_colors_info=\u00bb{}\u00bb]<!-- AddToAny BEGIN --><!-- [et_pb_line_break_holder] --><a class=\"a2a_dd\" href=\"https:\/\/www.addtoany.com\/share\" style=\"background: black;<!-- [et_pb_line_break_holder] -->    font-size: 18px;<!-- [et_pb_line_break_holder] -->    color: white;<!-- [et_pb_line_break_holder] -->    padding: 10px;text-transform: uppercase;\u00bb><!-- [et_pb_line_break_holder] -->  <svg style=\"width: 20px;\" aria-hidden=\"true\" focusable=\"false\" data-prefix=\"fas\" data-icon=\"share-square\" role=\"img\" xmlns=\"http:\/\/www.w3.org\/2000\/svg\" viewbox=\"0 0 576 512\" data-fa-i2svg=\"\"><path fill=\"currentColor\" d=\"M568.482 177.448L424.479 313.433C409.3 327.768 384 317.14 384 295.985v-71.963c-144.575.97-205.566 35.113-164.775 171.353 4.483 14.973-12.846 26.567-25.006 17.33C155.252 383.105 120 326.488 120 269.339c0-143.937 117.599-172.5 264-173.312V24.012c0-21.174 25.317-31.768 40.479-17.448l144.003 135.988c10.02 9.463 10.028 25.425 0 34.896zM384 379.128V448H64V128h50.916a11.99 11.99 0 0 0 8.648-3.693c14.953-15.568 32.237-27.89 51.014-37.676C185.708 80.83 181.584 64 169.033 64H48C21.49 64 0 85.49 0 112v352c0 26.51 21.49 48 48 48h352c26.51 0 48-21.49 48-48v-88.806c0-8.288-8.197-14.066-16.011-11.302a71.83 71.83 0 0 1-34.189 3.377c-7.27-1.046-13.8 4.514-13.8 11.859z\"><\/path><\/svg><!-- [et_pb_line_break_holder] -->  COMPARTILHAR<!-- [et_pb_line_break_holder] --><\/a><!-- [et_pb_line_break_holder] --><script async src=\"https:\/\/static.addtoany.com\/menu\/page.js\"><\/script><!-- [et_pb_line_break_holder] --><!-- AddToAny END -->[\/et_pb_code][et_pb_text _builder_version=\u00bb4.27.4&#8243; _module_preset=\u00bbdefault\u00bb text_font=\u00bb|700|||||||\u00bb text_font_size=\u00bb25px\u00bb width=\u00bb78%\u00bb width_tablet=\u00bb\u00bb width_phone=\u00bb100%\u00bb width_last_edited=\u00bbon|phone\u00bb custom_margin=\u00bb||5px|||\u00bb global_colors_info=\u00bb{}\u00bb]<\/p>\n<p><span class=\"s2\">AME.25 marca un nuevo tiempo para la Iglesia del Nazareno en Am<\/span><span class=\"s2\">\u00e9<\/span><span class=\"s2\">rica del Sur<\/span><\/p>\n<p>[\/et_pb_text][et_pb_post_title title=\u00bboff\u00bb comments=\u00bboff\u00bb module_class=\u00bbtituloNoti\u00bb _builder_version=\u00bb4.16&#8243; _module_preset=\u00bbdefault\u00bb width_tablet=\u00bb\u00bb width_phone=\u00bb\u00bb width_last_edited=\u00bbon|phone\u00bb custom_padding=\u00bb|0px|||false|false\u00bb custom_padding_tablet=\u00bb|0px|||false|false\u00bb custom_padding_phone=\u00bb|0px|||false|false\u00bb custom_padding_last_edited=\u00bbon|phone\u00bb border_color_right=\u00bb#e8e8e8&#8243; border_width_right_tablet=\u00bb0px\u00bb border_width_right_phone=\u00bb\u00bb border_width_right_last_edited=\u00bbon|desktop\u00bb global_colors_info=\u00bb{}\u00bb][\/et_pb_post_title][et_pb_text _builder_version=\u00bb4.27.4&#8243; _module_preset=\u00bbdefault\u00bb text_font_size=\u00bb17px\u00bb hover_enabled=\u00bb0&#8243; global_colors_info=\u00bb{}\u00bb sticky_enabled=\u00bb0&#8243;]<\/p>\n<p class=\"s6\"><strong><span class=\"s4\">(<\/span><span class=\"s2\">CNSAM) <\/span><\/strong><span class=\"s5\">Del 22 al 24 de octubre de 2025, la ciudad de Cali, Colombia, fue escenario de un mover especial del Esp<\/span><span class=\"s5\">\u00ed<\/span><span class=\"s5\">ritu de Dios durante la Conferencia Regional AME.25: Amando, Ministrando y Evangelizando como Jes<\/span><span class=\"s5\">\u00fa<\/span><span class=\"s5\">s. El evento reuni<\/span><span class=\"s5\">\u00f3 <\/span><span class=\"s5\">a m<\/span><span class=\"s5\">\u00e1<\/span><span class=\"s5\">s de 730 personas, entre l<\/span><span class=\"s5\">\u00ed<\/span><span class=\"s5\">deres y pastores de toda Am<\/span><span class=\"s5\">\u00e9<\/span><span class=\"s5\">rica del Sur, as<\/span><span class=\"s5\">\u00ed <\/span><span class=\"s5\">como participantes de<\/span><span class=\"s5\"> la regi<\/span><span class=\"s5\">\u00f3<\/span><span class=\"s5\">n<\/span><span class=\"s5\"> Mesoam<\/span><span class=\"s5\">\u00e9<\/span><span class=\"s5\">rica y Estados Unidos, quienes se congregaron con el prop<\/span><span class=\"s5\">\u00f3<\/span><span class=\"s5\">sito de inspirarse y equiparse para seguir el llamado de ser como Jes<\/span><span class=\"s5\">\u00fa<\/span><span class=\"s5\">s en cada aspecto de la vida y del ministerio.<\/span><\/p>\n<p class=\"s6\"><span class=\"s5\">Organizada por la Regi<\/span><span class=\"s5\">\u00f3<\/span><span class=\"s5\">n Am<\/span><span class=\"s5\">\u00e9<\/span><span class=\"s5\">rica del Sur y con la Iglesia del Nazareno Casa de Oraci<\/span><span class=\"s5\">\u00f3<\/span><span class=\"s5\">n de Cali como anfitriona, la conferencia cont<\/span><span class=\"s5\">\u00f3 <\/span><span class=\"s5\">con el apoyo de m<\/span><span class=\"s5\">\u00e1<\/span><span class=\"s5\">s de 100 voluntarios que sirvieron con excelencia, hospitalidad y alegr<\/span><span class=\"s5\">\u00ed<\/span><span class=\"s5\">a, haciendo de cada momento una experiencia inolvidable de comuni<\/span><span class=\"s5\">\u00f3<\/span><span class=\"s5\">n y adoraci<\/span><span class=\"s5\">\u00f3<\/span><span class=\"s5\">n.<\/span><\/p>\n<p class=\"s7\"><span class=\"s5\">Amar como Jes<\/span><span class=\"s5\">\u00fa<\/span><span class=\"s5\">s, Ministrar como Jes<\/span><span class=\"s5\">\u00fa<\/span><span class=\"s5\">s y Evangelizar como Jes<\/span><span class=\"s5\">\u00fa<\/span><span class=\"s5\">s fueron los tres <\/span><span class=\"s5\">\u00e9<\/span><span class=\"s5\">nfasis que orientaron la conferencia; en torno a estos ejes, se desarrollaron tiempos de adoraci<\/span><span class=\"s5\">\u00f3<\/span><span class=\"s5\">n, ense<\/span><span class=\"s5\">\u00f1<\/span><span class=\"s5\">anza y comuni<\/span><span class=\"s5\">\u00f3<\/span><span class=\"s5\">n que renovaron la visi<\/span><span class=\"s5\">\u00f3<\/span><span class=\"s5\">n y el compromiso de la Iglesia de reflejar a Cristo en la vida y el ministerio.<\/span><span class=\"s5\"><br \/><\/span><\/p>\n<p class=\"s6\"><span class=\"s5\">Las conferencias principales estuvieron a cargo de reconocidos l<\/span><span class=\"s5\">\u00ed<\/span><span class=\"s5\">deres de la Iglesia del Nazareno, entre ellos la Dra. Carla Sunberg y el Dr. Scott Daniels, Superintendentes Generales; el Rev. Alessandro Polonio, Director Regional de Am<\/span><span class=\"s5\">\u00e9<\/span><span class=\"s5\">rica del Sur; el Rev. Adalberto Herrera, Pastor Principal de la Iglesia del Nazareno Casa de Oraci<\/span><span class=\"s5\">\u00f3<\/span><span class=\"s5\">n en Cali; el Rev. Flavio Valvassoura, Pastor Principal de la Iglesia del Nazareno Central de Campinas, Brasil; y el Rev. David Gonz<\/span><span class=\"s5\">\u00e1<\/span><span class=\"s5\">lez, Director Global de JNI. Tambi<\/span><span class=\"s5\">\u00e9<\/span><span class=\"s5\">n participaron como invitados especiales el Dr. Jim Ritchie, Director de Misiones Globales, quien comparti<\/span><span class=\"s5\">\u00f3 <\/span><span class=\"s5\">sobre <\/span><span class=\"s8\">La Causa<\/span><span class=\"s5\">; el Dr. Sam Barber, Director Global de DNI; junto con otros destacados talleristas y conferencistas.<\/span><\/p>\n<p class=\"s6\"><span class=\"s5\">Durante los tres d<\/span><span class=\"s5\">\u00ed<\/span><span class=\"s5\">as, cientos de pastores y l<\/span><span class=\"s5\">\u00ed<\/span><span class=\"s5\">deres pasaron por el altar, respondiendo con compromiso y entrega al llamado de Dios para sus vidas. La atm<\/span><span class=\"s5\">\u00f3<\/span><span class=\"s5\">sfera fue de profunda adoraci<\/span><span class=\"s5\">\u00f3<\/span><span class=\"s5\">n, renovaci<\/span><span class=\"s5\">\u00f3<\/span><span class=\"s5\">n espiritual y unidad entre las naciones, marcando un tiempo nuevo para la Regi<\/span><span class=\"s5\">\u00f3<\/span><span class=\"s5\">n Am<\/span><span class=\"s5\">\u00e9<\/span><span class=\"s5\">rica del Sur. Este evento se convirti<\/span><span class=\"s5\">\u00f3 <\/span><span class=\"s5\">en un punto de partida hacia un avivamiento que, sin duda, se ver<\/span><span class=\"s5\">\u00e1 <\/span><span class=\"s5\">reflejado en los pr<\/span><span class=\"s5\">\u00f3<\/span><span class=\"s5\">ximos a<\/span><span class=\"s5\">\u00f1<\/span><span class=\"s5\">os, bajo el lema SER COMO JES<\/span><span class=\"s5\">\u00da<\/span><span class=\"s5\">S e impulsado por la Meta 2030, que busca alcanzar los 500.000 nazarenos en Am<\/span><span class=\"s5\">\u00e9<\/span><span class=\"s5\">rica del Sur, llegar a las 3.600 congregaciones activas y lograr que el 100% de las iglesias participen en el Fondo para la Evangelizaci<\/span><span class=\"s5\">\u00f3<\/span><span class=\"s5\">n Mundial (FEM).<\/span><\/p>\n<p class=\"s6\"><span class=\"s5\">La <\/span><span class=\"s5\">\u00fa<\/span><span class=\"s5\">ltima noche de la conferencia fue transmitida en vivo para toda Am<\/span><span class=\"s5\">\u00e9<\/span><span class=\"s5\">rica del Sur a trav<\/span><span class=\"s5\">\u00e9<\/span><span class=\"s5\">s de las plataformas digitales, donde cientos de personas se unieron a esta gran celebraci<\/span><span class=\"s5\">\u00f3<\/span><span class=\"s5\">n. En su mensaje final, la Dra. Carla Sunberg<\/span><span class=\"s5\">,<\/span><span class=\"s5\"> cit<\/span><span class=\"s5\">\u00f3 <\/span><span class=\"s5\">palabras del Rev. Phineas F. Bresee, fundador de la Iglesia del Nazareno, <\/span><span class=\"s5\">animando <\/span><span class=\"s5\">a cada iglesia, pastor y l<\/span><span class=\"s5\">\u00ed<\/span><span class=\"s5\">der a ser un fuego santo encendido en cada rinc<\/span><span class=\"s5\">\u00f3<\/span><span class=\"s5\">n del continente, llevando el amor y la esperanza de Cristo a todos los pueblos. <\/span><\/p>\n<p class=\"s6\"><span class=\"s5\">La Conferencia Regional AME.25 dej<\/span><span class=\"s5\">\u00f3 <\/span><span class=\"s5\">una huella profunda en la vida de la Iglesia del Nazareno en Am<\/span><span class=\"s5\">\u00e9<\/span><span class=\"s5\">rica del Sur, recordando a cada participante que el llamado sigue siendo el mismo: amar, ministrar y evangelizar como Jes<\/span><span class=\"s5\">\u00fa<\/span><span class=\"s5\">s, hasta que toda la regi<\/span><span class=\"s5\">\u00f3<\/span><span class=\"s5\">n sea transformada por el poder del Evangelio.<\/span><\/p>\n<p class=\"s6\"><span class=\"s9\"><strong>Fonte<\/strong>:<\/span><em><span class=\"s8\"> Comunicaciones Am<\/span><span class=\"s8\">\u00e9<\/span><span class=\"s8\">rica del Sur<\/span><\/em><\/p>\n<p>[\/et_pb_text][\/et_pb_column][\/et_pb_row][et_pb_row disabled_on=\u00bbon|on|on\u00bb _builder_version=\u00bb4.16&#8243; _module_preset=\u00bbdefault\u00bb disabled=\u00bbon\u00bb global_colors_info=\u00bb{}\u00bb][et_pb_column type=\u00bb4_4&#8243; _builder_version=\u00bb4.16&#8243; _module_preset=\u00bbdefault\u00bb global_colors_info=\u00bb{}\u00bb][et_pb_text disabled_on=\u00bboff|off|off\u00bb _builder_version=\u00bb4.16&#8243; _module_preset=\u00bbdefault\u00bb text_text_color=\u00bb#0C71C3&#8243; text_font_size=\u00bb23px\u00bb text_orientation=\u00bbcenter\u00bb global_colors_info=\u00bb{}\u00bb]<\/p>\n<p>CONTENIDO EN PORTUGUES<\/p>\n<p>[\/et_pb_text][\/et_pb_column][\/et_pb_row][et_pb_row module_class=\u00bbportugues\u00bb _builder_version=\u00bb4.16&#8243; _module_preset=\u00bbdefault\u00bb width=\u00bb100%\u00bb global_colors_info=\u00bb{}\u00bb][et_pb_column type=\u00bb4_4&#8243; module_class=\u00bbcolLeft\u00bb _builder_version=\u00bb4.16&#8243; _module_preset=\u00bbdefault\u00bb custom_padding=\u00bb|50px|||false|false\u00bb custom_padding_tablet=\u00bb|20px||20px|false|true\u00bb custom_padding_phone=\u00bb\u00bb custom_padding_last_edited=\u00bbon|phone\u00bb border_color_all=\u00bb#e0e0e0&#8243; border_width_right_tablet=\u00bb0px\u00bb border_width_right_phone=\u00bb0px\u00bb border_width_right_last_edited=\u00bbon|desktop\u00bb global_colors_info=\u00bb{}\u00bb][et_pb_code admin_label=\u00bbCode\u00bb _builder_version=\u00bb4.16&#8243; _module_preset=\u00bbdefault\u00bb background_enable_color=\u00bboff\u00bb positioning=\u00bbabsolute\u00bb position_origin_a=\u00bbtop_right\u00bb vertical_offset=\u00bb10px\u00bb horizontal_offset=\u00bb50px\u00bb z_index=\u00bb137&#8243; vertical_offset_tablet=\u00bb\u00bb vertical_offset_phone=\u00bb-45px\u00bb vertical_offset_last_edited=\u00bbon|phone\u00bb horizontal_offset_tablet=\u00bb20px\u00bb horizontal_offset_phone=\u00bb\u00bb horizontal_offset_last_edited=\u00bbon|phone\u00bb position_origin_a_tablet=\u00bb\u00bb position_origin_a_phone=\u00bb\u00bb position_origin_a_last_edited=\u00bbon|desktop\u00bb position_origin_f_tablet=\u00bb\u00bb position_origin_f_phone=\u00bb\u00bb position_origin_f_last_edited=\u00bbon|desktop\u00bb position_origin_r_tablet=\u00bb\u00bb position_origin_r_phone=\u00bb\u00bb position_origin_r_last_edited=\u00bbon|desktop\u00bb text_orientation=\u00bbright\u00bb width=\u00bb190px\u00bb height=\u00bb30px\u00bb positioning_tablet=\u00bb\u00bb positioning_phone=\u00bb\u00bb positioning_last_edited=\u00bbon|desktop\u00bb global_colors_info=\u00bb{}\u00bb]<!-- AddToAny BEGIN --><!-- [et_pb_line_break_holder] --><a class=\"a2a_dd\" href=\"https:\/\/www.addtoany.com\/share\" style=\"background: black;<!-- [et_pb_line_break_holder] -->    font-size: 18px;<!-- [et_pb_line_break_holder] -->    color: white;<!-- [et_pb_line_break_holder] -->    padding: 10px;text-transform: uppercase;\u00bb><!-- [et_pb_line_break_holder] -->  <svg style=\"width: 20px;\" aria-hidden=\"true\" focusable=\"false\" data-prefix=\"fas\" data-icon=\"share-square\" role=\"img\" xmlns=\"http:\/\/www.w3.org\/2000\/svg\" viewbox=\"0 0 576 512\" data-fa-i2svg=\"\"><path fill=\"currentColor\" d=\"M568.482 177.448L424.479 313.433C409.3 327.768 384 317.14 384 295.985v-71.963c-144.575.97-205.566 35.113-164.775 171.353 4.483 14.973-12.846 26.567-25.006 17.33C155.252 383.105 120 326.488 120 269.339c0-143.937 117.599-172.5 264-173.312V24.012c0-21.174 25.317-31.768 40.479-17.448l144.003 135.988c10.02 9.463 10.028 25.425 0 34.896zM384 379.128V448H64V128h50.916a11.99 11.99 0 0 0 8.648-3.693c14.953-15.568 32.237-27.89 51.014-37.676C185.708 80.83 181.584 64 169.033 64H48C21.49 64 0 85.49 0 112v352c0 26.51 21.49 48 48 48h352c26.51 0 48-21.49 48-48v-88.806c0-8.288-8.197-14.066-16.011-11.302a71.83 71.83 0 0 1-34.189 3.377c-7.27-1.046-13.8 4.514-13.8 11.859z\"><\/path><\/svg><!-- [et_pb_line_break_holder] -->  Compartilhar<!-- [et_pb_line_break_holder] --><\/a><!-- [et_pb_line_break_holder] --><script async src=\"https:\/\/static.addtoany.com\/menu\/page.js\"><\/script><!-- [et_pb_line_break_holder] --><!-- AddToAny END -->[\/et_pb_code][et_pb_text _builder_version=\u00bb4.27.4&#8243; _module_preset=\u00bbdefault\u00bb text_font=\u00bb|700|||||||\u00bb text_font_size=\u00bb25px\u00bb width=\u00bb78%\u00bb width_tablet=\u00bb\u00bb width_phone=\u00bb100%\u00bb width_last_edited=\u00bbon|phone\u00bb custom_margin=\u00bb||5px|||\u00bb global_colors_info=\u00bb{}\u00bb]<\/p>\n<p>AME.25 marca um novo tempo para a Igreja do Nazareno na Am\u00e9rica do Sul<\/p>\n<p>[\/et_pb_text][et_pb_post_title title=\u00bboff\u00bb comments=\u00bboff\u00bb module_class=\u00bbtituloNoti\u00bb _builder_version=\u00bb4.16&#8243; _module_preset=\u00bbdefault\u00bb width_tablet=\u00bb\u00bb width_phone=\u00bb\u00bb width_last_edited=\u00bbon|phone\u00bb custom_padding=\u00bb|0px|||false|false\u00bb custom_padding_tablet=\u00bb|0px|||false|false\u00bb custom_padding_phone=\u00bb|0px|||false|false\u00bb custom_padding_last_edited=\u00bbon|phone\u00bb border_color_right=\u00bb#e8e8e8&#8243; border_width_right_tablet=\u00bb0px\u00bb border_width_right_phone=\u00bb\u00bb border_width_right_last_edited=\u00bbon|desktop\u00bb global_colors_info=\u00bb{}\u00bb][\/et_pb_post_title][et_pb_text _builder_version=\u00bb4.27.4&#8243; _module_preset=\u00bbdefault\u00bb text_font_size=\u00bb17px\u00bb hover_enabled=\u00bb0&#8243; global_colors_info=\u00bb{}\u00bb sticky_enabled=\u00bb0&#8243;]<\/p>\n<article class=\"text-token-text-primary w-full focus:outline-none [--shadow-height:45px] has-data-writing-block:pointer-events-none has-data-writing-block:-mt-(--shadow-height) has-data-writing-block:pt-(--shadow-height) [&amp;:has([data-writing-block])&gt;*]:pointer-events-auto [content-visibility:auto] supports-[content-visibility:auto]:[contain-intrinsic-size:auto_100lvh] scroll-mt-[calc(var(--header-height)+min(200px,max(70px,20svh)))]\" dir=\"auto\" data-turn-id=\"request-6900faff-2630-8332-97ee-951741c1a4ea-4\" data-testid=\"conversation-turn-16\" data-scroll-anchor=\"true\" data-turn=\"assistant\" tabindex=\"-1\">\n<div class=\"text-base my-auto mx-auto pb-10 [--thread-content-margin:--spacing(4)] thread-sm:[--thread-content-margin:--spacing(6)] thread-lg:[--thread-content-margin:--spacing(16)] px-(--thread-content-margin)\">\n<div class=\"[--thread-content-max-width:40rem] thread-lg:[--thread-content-max-width:48rem] mx-auto max-w-(--thread-content-max-width) flex-1 group\/turn-messages focus-visible:outline-hidden relative flex w-full min-w-0 flex-col agent-turn\" tabindex=\"-1\">\n<div class=\"flex max-w-full flex-col grow\">\n<div data-message-author-role=\"assistant\" data-message-id=\"035665c4-72b5-4902-b49e-d33f76216266\" dir=\"auto\" class=\"min-h-8 text-message relative flex w-full flex-col items-end gap-2 text-start break-words whitespace-normal [.text-message+&amp;]:mt-1\" data-message-model-slug=\"gpt-5\">\n<div class=\"flex w-full flex-col gap-1 empty:hidden first:pt-[1px]\">\n<div class=\"markdown prose dark:prose-invert w-full break-words dark markdown-new-styling\">\n<p data-start=\"78\" data-end=\"620\"><strong>(CNSAM)<\/strong> De 22 a 24 de outubro de 2025, a cidade de Cali, Col\u00f4mbia, foi cen\u00e1rio de um mover especial do Esp\u00edrito de Deus durante a Confer\u00eancia Regional AME.25: Amando, Ministrando e Evangelizando como Jesus.<br data-start=\"296\" data-end=\"299\" \/>O evento reuniu mais de 730 pessoas, entre l\u00edderes e pastores de toda a Am\u00e9rica do Sul, al\u00e9m de participantes da Regi\u00e3o Mesoam\u00e9rica e dos Estados Unidos, que se congregaram com o prop\u00f3sito de inspirar-se e capacitar-se para seguir o chamado de ser como Jesus em cada aspecto da vida e do minist\u00e9rio.<\/p>\n<p data-start=\"622\" data-end=\"930\">Organizada pela Regi\u00e3o Am\u00e9rica do Sul e tendo a Igreja do Nazareno Casa de Ora\u00e7\u00e3o de Cali como anfitri\u00e3, a confer\u00eancia contou com o apoio de mais de 100 volunt\u00e1rios, que serviram com excel\u00eancia, hospitalidade e alegria, tornando cada momento uma experi\u00eancia inesquec\u00edvel de comunh\u00e3o e adora\u00e7\u00e3o.<\/p>\n<p data-start=\"932\" data-end=\"1227\">Amar como Jesus, Ministrar como Jesus e Evangelizar como Jesus foram os tr\u00eas \u00eanfases que orientaram a confer\u00eancia. Em torno desses eixos, desenvolveram-se tempos de adora\u00e7\u00e3o, ensino e comunh\u00e3o, que renovaram a vis\u00e3o e o compromisso da Igreja em refletir Cristo na vida e no minist\u00e9rio.<\/p>\n<p data-start=\"1229\" data-end=\"2006\">As confer\u00eancias principais ficaram a cargo de reconhecidos l\u00edderes da Igreja do Nazareno, entre eles a Dra. Carla Sunberg e o Dr. Scott Daniels, Superintendentes Gerais; o Rev. Alessandro Polonio, Diretor Regional da Am\u00e9rica do Sul; o Rev. Adalberto Herrera, Pastor Principal da Igreja do Nazareno Casa de Ora\u00e7\u00e3o em Cali; o Rev. Flavio Valvassoura, Pastor Principal da Igreja do Nazareno Central de Campinas, Brasil; e o Rev. David Gonz\u00e1lez, Diretor Global da JNI.<br data-start=\"1717\" data-end=\"1720\" \/>Tamb\u00e9m participaram como convidados especiais o Dr. Jim Ritchie, Diretor de Miss\u00f5es Globais, que compartilhou sobre <em data-start=\"1840\" data-end=\"1849\">A Causa<\/em>; o Dr. Sam Barber, Diretor Global de DNI; juntamente com outros destacados palestrantes e conferencistas.<\/p>\n<p data-start=\"2008\" data-end=\"2672\">Durante os tr\u00eas dias, centenas de pastores e l\u00edderes foram ao altar, respondendo com compromisso e entrega ao chamado de Deus para suas vidas. O ambiente foi de profunda adora\u00e7\u00e3o, renova\u00e7\u00e3o espiritual e unidade entre as na\u00e7\u00f5es, marcando um novo tempo para a Regi\u00e3o Am\u00e9rica do Sul.<br data-start=\"2296\" data-end=\"2299\" \/>Este evento se tornou um ponto de partida para um avivamento que, sem d\u00favida, ser\u00e1 refletido nos pr\u00f3ximos anos, sob o lema SER COMO JESUS e impulsionado pela Meta 2030, que busca alcan\u00e7ar 500.000 nazarenos na Am\u00e9rica do Sul, atingir 3.600 congrega\u00e7\u00f5es ativas e fazer com que 100% das igrejas participem do Fundo para a Evangeliza\u00e7\u00e3o Mundial (FEM).<\/p>\n<p data-start=\"2674\" data-end=\"3133\">A \u00faltima noite da confer\u00eancia foi transmitida ao vivo para toda a Am\u00e9rica do Sul por meio das plataformas digitais, reunindo centenas de pessoas nesta grande celebra\u00e7\u00e3o.<br data-start=\"2847\" data-end=\"2850\" \/>Em sua mensagem final, a Dra. Carla Sunberg citou palavras do Rev. Phineas F. Bresee, fundador da Igreja do Nazareno, encorajando cada igreja, pastor e l\u00edder a ser um fogo santo aceso em cada canto do continente, levando o amor e a esperan\u00e7a de Cristo a todos os povos.<\/p>\n<p data-start=\"3135\" data-end=\"3424\">A Confer\u00eancia Regional AME.25 deixou uma marca profunda na vida da Igreja do Nazareno na Am\u00e9rica do Sul, lembrando a cada participante que o chamado continua sendo o mesmo: amar, ministrar e evangelizar como Jesus, at\u00e9 que toda a regi\u00e3o seja transformada pelo poder do Evangelho.<\/p>\n<p data-start=\"3426\" data-end=\"3464\" data-is-last-node=\"\" data-is-only-node=\"\"><strong>Fonte<\/strong>: <em>Comunica\u00e7\u00f5es Am\u00e9rica do Sul<\/em><\/p>\n<\/div>\n<\/div>\n<\/div>\n<\/div>\n<div class=\"z-0 flex min-h-[46px] justify-start\"><\/div>\n<div class=\"mt-3 w-full empty:hidden\">\n<div class=\"text-center\"><\/div>\n<\/div>\n<\/div>\n<\/div>\n<\/article>\n<p>[\/et_pb_text][\/et_pb_column][\/et_pb_row][et_pb_row _builder_version=\u00bb4.16&#8243; _module_preset=\u00bbdefault\u00bb width=\u00bb100%\u00bb global_colors_info=\u00bb{}\u00bb][et_pb_column type=\u00bb4_4&#8243; module_class=\u00bbcolLeft\u00bb _builder_version=\u00bb4.16&#8243; _module_preset=\u00bbdefault\u00bb custom_padding=\u00bb|50px|||false|false\u00bb custom_padding_tablet=\u00bb|20px||20px|false|true\u00bb custom_padding_phone=\u00bb\u00bb custom_padding_last_edited=\u00bbon|phone\u00bb border_color_all=\u00bb#e0e0e0&#8243; border_width_right_tablet=\u00bb0px\u00bb border_width_right_phone=\u00bb0px\u00bb border_width_right_last_edited=\u00bbon|desktop\u00bb global_colors_info=\u00bb{}\u00bb][et_pb_gallery gallery_ids=\u00bb49983,49984,49985,49986,49987,49988,49989,49990,49991,49992,49993,49994,49995,49996,49997,49998,49999,50000,50001&#8243; posts_number=\u00bb8&#8243; show_title_and_caption=\u00bboff\u00bb zoom_icon_color=\u00bb#E02B20&#8243; hover_overlay_color=\u00bb#FFFFFF\u00bb hover_icon=\u00bb&#x54;||divi||400&#8243; _builder_version=\u00bb4.27.4&#8243; _module_preset=\u00bbdefault\u00bb title_font_size=\u00bb0px\u00bb width=\u00bb100%\u00bb module_alignment=\u00bbcenter\u00bb global_colors_info=\u00bb{}\u00bb][\/et_pb_gallery][\/et_pb_column][\/et_pb_row][\/et_pb_section]<\/p>\n<span class=\"et_bloom_bottom_trigger\"><\/span>","protected":false},"excerpt":{"rendered":"<p>CONTENIDO EN ESPA\u00d1OL<\/p>","protected":false},"author":4,"featured_media":50004,"comment_status":"open","ping_status":"open","sticky":false,"template":"","format":"standard","meta":{"_et_pb_use_builder":"on","_et_pb_old_content":"","_et_gb_content_width":"","_monsterinsights_skip_tracking":false,"_monsterinsights_sitenote_active":false,"_monsterinsights_sitenote_note":"","_monsterinsights_sitenote_category":0,"_vp_format_video_url":"","_vp_image_focal_point":[],"footnotes":""},"categories":[134,8,48,58,235,60,59,61,50,62,63,67,122,65,1,49,230],"tags":[],"class_list":["post-49978","post","type-post","status-publish","format-standard","has-post-thumbnail","hentry","category-america-del-sur","category-colombia","category-compasion","category-comunicaciones","category-desarrollo-de-la-iglesia","category-dni","category-educacion-teologica","category-evangelismo","category-jni","category-liderazgo","category-literatura","category-ministerio-a-la-mujer","category-ministerios","category-mni","category-noticia","category-paises","category-trabajo-y-testimonio"],"yoast_head":"<!-- This site is optimized with the Yoast SEO Premium plugin v23.6 (Yoast SEO v27.5) - https:\/\/yoast.com\/product\/yoast-seo-premium-wordpress\/ -->\n<title>AME.25 marca un nuevo tiempo para la Iglesia del Nazareno en Am\u00e9rica del Sur | Iglesia del Nazareno Am\u00e9rica del Sur<\/title>\n<meta name=\"description\" content=\"Noticia\" \/>\n<meta name=\"robots\" content=\"noindex, follow\" \/>\n<meta property=\"og:locale\" content=\"pt_BR\" \/>\n<meta property=\"og:type\" content=\"article\" \/>\n<meta property=\"og:title\" content=\"AME.25 marca un nuevo tiempo para la Iglesia del Nazareno en Am\u00e9rica del Sur | Iglesia del Nazareno Am\u00e9rica del Sur\" \/>\n<meta property=\"og:description\" content=\"Noticia\" \/>\n<meta property=\"og:url\" content=\"https:\/\/www.samnaz.org\/pt\/ame-25-marca-un-nuevo-tiempo-para-la-iglesia-del-nazareno-en-america-del-sur\/\" \/>\n<meta property=\"og:site_name\" content=\"Iglesia del Nazareno Am\u00e9rica del Sur\" \/>\n<meta property=\"article:publisher\" content=\"https:\/\/www.facebook.com\/NazarenoEsp\" \/>\n<meta property=\"article:published_time\" content=\"2025-10-29T14:57:23+00:00\" \/>\n<meta property=\"article:modified_time\" content=\"2025-10-29T15:17:04+00:00\" \/>\n<meta property=\"og:image\" content=\"https:\/\/www.samnaz.org\/wp-content\/uploads\/2025\/10\/AME-18-Portada-2-1.jpg\" \/>\n\t<meta property=\"og:image:width\" content=\"1440\" \/>\n\t<meta property=\"og:image:height\" content=\"960\" \/>\n\t<meta property=\"og:image:type\" content=\"image\/jpeg\" \/>\n<meta name=\"author\" content=\"Samnaz\" \/>\n<meta name=\"twitter:card\" content=\"summary_large_image\" \/>\n<meta name=\"twitter:label1\" content=\"Escrito por\" \/>\n\t<meta name=\"twitter:data1\" content=\"Samnaz\" \/>\n\t<meta name=\"twitter:label2\" content=\"Est. tempo de leitura\" \/>\n\t<meta name=\"twitter:data2\" content=\"10 minutos\" \/>\n<script type=\"application\/ld+json\" class=\"yoast-schema-graph\">{\"@context\":\"https:\\\/\\\/schema.org\",\"@graph\":[{\"@type\":\"Article\",\"@id\":\"https:\\\/\\\/www.samnaz.org\\\/ame-25-marca-un-nuevo-tiempo-para-la-iglesia-del-nazareno-en-america-del-sur\\\/#article\",\"isPartOf\":{\"@id\":\"https:\\\/\\\/www.samnaz.org\\\/ame-25-marca-un-nuevo-tiempo-para-la-iglesia-del-nazareno-en-america-del-sur\\\/\"},\"author\":{\"name\":\"Samnaz\",\"@id\":\"https:\\\/\\\/www.samnaz.org\\\/#\\\/schema\\\/person\\\/c09d1131c49ba510c7e1cbb677b39927\"},\"headline\":\"AME.25 marca un nuevo tiempo para la Iglesia del Nazareno en Am\u00e9rica del Sur\",\"datePublished\":\"2025-10-29T14:57:23+00:00\",\"dateModified\":\"2025-10-29T15:17:04+00:00\",\"mainEntityOfPage\":{\"@id\":\"https:\\\/\\\/www.samnaz.org\\\/ame-25-marca-un-nuevo-tiempo-para-la-iglesia-del-nazareno-en-america-del-sur\\\/\"},\"wordCount\":299,\"commentCount\":0,\"publisher\":{\"@id\":\"https:\\\/\\\/www.samnaz.org\\\/#organization\"},\"image\":{\"@id\":\"https:\\\/\\\/www.samnaz.org\\\/ame-25-marca-un-nuevo-tiempo-para-la-iglesia-del-nazareno-en-america-del-sur\\\/#primaryimage\"},\"thumbnailUrl\":\"https:\\\/\\\/www.samnaz.org\\\/wp-content\\\/uploads\\\/2025\\\/10\\\/AME-18-Portada-2-1.jpg\",\"articleSection\":[\"Am\u00e9rica del Sur\",\"Colombia\",\"Compasi\u00f3n\",\"Comunicaciones\",\"Desarrollo de la Iglesia\",\"DNI\",\"Educaci\u00f3n Teol\u00f3gica\",\"Evangelismo\",\"JNI\",\"Liderazgo\",\"Literatura\",\"Ministerio a la Mujer\",\"Ministerios\",\"MNI\",\"Noticia\",\"Pa\u00edses\",\"Trabajo y Testimonio\"],\"inLanguage\":\"pt-BR\",\"potentialAction\":[{\"@type\":\"CommentAction\",\"name\":\"Comment\",\"target\":[\"https:\\\/\\\/www.samnaz.org\\\/ame-25-marca-un-nuevo-tiempo-para-la-iglesia-del-nazareno-en-america-del-sur\\\/#respond\"]}]},{\"@type\":\"WebPage\",\"@id\":\"https:\\\/\\\/www.samnaz.org\\\/ame-25-marca-un-nuevo-tiempo-para-la-iglesia-del-nazareno-en-america-del-sur\\\/\",\"url\":\"https:\\\/\\\/www.samnaz.org\\\/ame-25-marca-un-nuevo-tiempo-para-la-iglesia-del-nazareno-en-america-del-sur\\\/\",\"name\":\"AME.25 marca un nuevo tiempo para la Iglesia del Nazareno en Am\u00e9rica del Sur | Iglesia del Nazareno Am\u00e9rica del Sur\",\"isPartOf\":{\"@id\":\"https:\\\/\\\/www.samnaz.org\\\/#website\"},\"primaryImageOfPage\":{\"@id\":\"https:\\\/\\\/www.samnaz.org\\\/ame-25-marca-un-nuevo-tiempo-para-la-iglesia-del-nazareno-en-america-del-sur\\\/#primaryimage\"},\"image\":{\"@id\":\"https:\\\/\\\/www.samnaz.org\\\/ame-25-marca-un-nuevo-tiempo-para-la-iglesia-del-nazareno-en-america-del-sur\\\/#primaryimage\"},\"thumbnailUrl\":\"https:\\\/\\\/www.samnaz.org\\\/wp-content\\\/uploads\\\/2025\\\/10\\\/AME-18-Portada-2-1.jpg\",\"datePublished\":\"2025-10-29T14:57:23+00:00\",\"dateModified\":\"2025-10-29T15:17:04+00:00\",\"description\":\"Noticia\",\"inLanguage\":\"pt-BR\",\"potentialAction\":[{\"@type\":\"ReadAction\",\"target\":[\"https:\\\/\\\/www.samnaz.org\\\/ame-25-marca-un-nuevo-tiempo-para-la-iglesia-del-nazareno-en-america-del-sur\\\/\"]}]},{\"@type\":\"ImageObject\",\"inLanguage\":\"pt-BR\",\"@id\":\"https:\\\/\\\/www.samnaz.org\\\/ame-25-marca-un-nuevo-tiempo-para-la-iglesia-del-nazareno-en-america-del-sur\\\/#primaryimage\",\"url\":\"https:\\\/\\\/www.samnaz.org\\\/wp-content\\\/uploads\\\/2025\\\/10\\\/AME-18-Portada-2-1.jpg\",\"contentUrl\":\"https:\\\/\\\/www.samnaz.org\\\/wp-content\\\/uploads\\\/2025\\\/10\\\/AME-18-Portada-2-1.jpg\",\"width\":1440,\"height\":960},{\"@type\":\"WebSite\",\"@id\":\"https:\\\/\\\/www.samnaz.org\\\/#website\",\"url\":\"https:\\\/\\\/www.samnaz.org\\\/\",\"name\":\"Haciendo Disc\u00edpulos Semejantes a Cristo en las naciones\",\"description\":\"Haciendo disc\u00edpulos semejantes a Cristo en las Naciones\",\"publisher\":{\"@id\":\"https:\\\/\\\/www.samnaz.org\\\/#organization\"},\"alternateName\":\"Viviendo la Gran Comisi\u00f3n\",\"potentialAction\":[{\"@type\":\"SearchAction\",\"target\":{\"@type\":\"EntryPoint\",\"urlTemplate\":\"https:\\\/\\\/www.samnaz.org\\\/?s={search_term_string}\"},\"query-input\":{\"@type\":\"PropertyValueSpecification\",\"valueRequired\":true,\"valueName\":\"search_term_string\"}}],\"inLanguage\":\"pt-BR\"},{\"@type\":\"Organization\",\"@id\":\"https:\\\/\\\/www.samnaz.org\\\/#organization\",\"name\":\"Iglesia del Nazareno Am\u00e9rica del Sur\",\"url\":\"https:\\\/\\\/www.samnaz.org\\\/\",\"logo\":{\"@type\":\"ImageObject\",\"inLanguage\":\"pt-BR\",\"@id\":\"https:\\\/\\\/www.samnaz.org\\\/#\\\/schema\\\/logo\\\/image\\\/\",\"url\":\"https:\\\/\\\/www.samnaz.org\\\/wp-content\\\/uploads\\\/2021\\\/04\\\/Logo-3-ESP.png\",\"contentUrl\":\"https:\\\/\\\/www.samnaz.org\\\/wp-content\\\/uploads\\\/2021\\\/04\\\/Logo-3-ESP.png\",\"width\":1041,\"height\":780,\"caption\":\"Iglesia del Nazareno Am\u00e9rica del Sur\"},\"image\":{\"@id\":\"https:\\\/\\\/www.samnaz.org\\\/#\\\/schema\\\/logo\\\/image\\\/\"},\"sameAs\":[\"https:\\\/\\\/www.facebook.com\\\/NazarenoEsp\",\"https:\\\/\\\/www.instagram.com\\\/nazarenoesp\\\/\"],\"publishingPrinciples\":\"https:\\\/\\\/www.samnaz.org\\\/\"},{\"@type\":\"Person\",\"@id\":\"https:\\\/\\\/www.samnaz.org\\\/#\\\/schema\\\/person\\\/c09d1131c49ba510c7e1cbb677b39927\",\"name\":\"Samnaz\",\"image\":{\"@type\":\"ImageObject\",\"inLanguage\":\"pt-BR\",\"@id\":\"https:\\\/\\\/secure.gravatar.com\\\/avatar\\\/a5baaf0e270319d09c0efce6a9dd03ff93175913c70afe26595c0069c83fa6dc?s=96&d=mm&r=g\",\"url\":\"https:\\\/\\\/secure.gravatar.com\\\/avatar\\\/a5baaf0e270319d09c0efce6a9dd03ff93175913c70afe26595c0069c83fa6dc?s=96&d=mm&r=g\",\"contentUrl\":\"https:\\\/\\\/secure.gravatar.com\\\/avatar\\\/a5baaf0e270319d09c0efce6a9dd03ff93175913c70afe26595c0069c83fa6dc?s=96&d=mm&r=g\",\"caption\":\"Samnaz\"}}]}<\/script>\n<!-- \/ Yoast SEO Premium plugin. -->","yoast_head_json":{"title":"AME.25 marca un nuevo tiempo para la Iglesia del Nazareno en Am\u00e9rica del Sur | Iglesia del Nazareno Am\u00e9rica del Sur","description":"Noticia","robots":{"index":"noindex","follow":"follow"},"og_locale":"pt_BR","og_type":"article","og_title":"AME.25 marca un nuevo tiempo para la Iglesia del Nazareno en Am\u00e9rica del Sur | Iglesia del Nazareno Am\u00e9rica del Sur","og_description":"Noticia","og_url":"https:\/\/www.samnaz.org\/pt\/ame-25-marca-un-nuevo-tiempo-para-la-iglesia-del-nazareno-en-america-del-sur\/","og_site_name":"Iglesia del Nazareno Am\u00e9rica del Sur","article_publisher":"https:\/\/www.facebook.com\/NazarenoEsp","article_published_time":"2025-10-29T14:57:23+00:00","article_modified_time":"2025-10-29T15:17:04+00:00","og_image":[{"width":1440,"height":960,"url":"https:\/\/www.samnaz.org\/wp-content\/uploads\/2025\/10\/AME-18-Portada-2-1.jpg","type":"image\/jpeg"}],"author":"Samnaz","twitter_card":"summary_large_image","twitter_misc":{"Escrito por":"Samnaz","Est. tempo de leitura":"10 minutos"},"schema":{"@context":"https:\/\/schema.org","@graph":[{"@type":"Article","@id":"https:\/\/www.samnaz.org\/ame-25-marca-un-nuevo-tiempo-para-la-iglesia-del-nazareno-en-america-del-sur\/#article","isPartOf":{"@id":"https:\/\/www.samnaz.org\/ame-25-marca-un-nuevo-tiempo-para-la-iglesia-del-nazareno-en-america-del-sur\/"},"author":{"name":"Samnaz","@id":"https:\/\/www.samnaz.org\/#\/schema\/person\/c09d1131c49ba510c7e1cbb677b39927"},"headline":"AME.25 marca un nuevo tiempo para la Iglesia del Nazareno en Am\u00e9rica del Sur","datePublished":"2025-10-29T14:57:23+00:00","dateModified":"2025-10-29T15:17:04+00:00","mainEntityOfPage":{"@id":"https:\/\/www.samnaz.org\/ame-25-marca-un-nuevo-tiempo-para-la-iglesia-del-nazareno-en-america-del-sur\/"},"wordCount":299,"commentCount":0,"publisher":{"@id":"https:\/\/www.samnaz.org\/#organization"},"image":{"@id":"https:\/\/www.samnaz.org\/ame-25-marca-un-nuevo-tiempo-para-la-iglesia-del-nazareno-en-america-del-sur\/#primaryimage"},"thumbnailUrl":"https:\/\/www.samnaz.org\/wp-content\/uploads\/2025\/10\/AME-18-Portada-2-1.jpg","articleSection":["Am\u00e9rica del Sur","Colombia","Compasi\u00f3n","Comunicaciones","Desarrollo de la Iglesia","DNI","Educaci\u00f3n Teol\u00f3gica","Evangelismo","JNI","Liderazgo","Literatura","Ministerio a la Mujer","Ministerios","MNI","Noticia","Pa\u00edses","Trabajo y Testimonio"],"inLanguage":"pt-BR","potentialAction":[{"@type":"CommentAction","name":"Comment","target":["https:\/\/www.samnaz.org\/ame-25-marca-un-nuevo-tiempo-para-la-iglesia-del-nazareno-en-america-del-sur\/#respond"]}]},{"@type":"WebPage","@id":"https:\/\/www.samnaz.org\/ame-25-marca-un-nuevo-tiempo-para-la-iglesia-del-nazareno-en-america-del-sur\/","url":"https:\/\/www.samnaz.org\/ame-25-marca-un-nuevo-tiempo-para-la-iglesia-del-nazareno-en-america-del-sur\/","name":"AME.25 marca un nuevo tiempo para la Iglesia del Nazareno en Am\u00e9rica del Sur | Iglesia del Nazareno Am\u00e9rica del Sur","isPartOf":{"@id":"https:\/\/www.samnaz.org\/#website"},"primaryImageOfPage":{"@id":"https:\/\/www.samnaz.org\/ame-25-marca-un-nuevo-tiempo-para-la-iglesia-del-nazareno-en-america-del-sur\/#primaryimage"},"image":{"@id":"https:\/\/www.samnaz.org\/ame-25-marca-un-nuevo-tiempo-para-la-iglesia-del-nazareno-en-america-del-sur\/#primaryimage"},"thumbnailUrl":"https:\/\/www.samnaz.org\/wp-content\/uploads\/2025\/10\/AME-18-Portada-2-1.jpg","datePublished":"2025-10-29T14:57:23+00:00","dateModified":"2025-10-29T15:17:04+00:00","description":"Noticia","inLanguage":"pt-BR","potentialAction":[{"@type":"ReadAction","target":["https:\/\/www.samnaz.org\/ame-25-marca-un-nuevo-tiempo-para-la-iglesia-del-nazareno-en-america-del-sur\/"]}]},{"@type":"ImageObject","inLanguage":"pt-BR","@id":"https:\/\/www.samnaz.org\/ame-25-marca-un-nuevo-tiempo-para-la-iglesia-del-nazareno-en-america-del-sur\/#primaryimage","url":"https:\/\/www.samnaz.org\/wp-content\/uploads\/2025\/10\/AME-18-Portada-2-1.jpg","contentUrl":"https:\/\/www.samnaz.org\/wp-content\/uploads\/2025\/10\/AME-18-Portada-2-1.jpg","width":1440,"height":960},{"@type":"WebSite","@id":"https:\/\/www.samnaz.org\/#website","url":"https:\/\/www.samnaz.org\/","name":"Haciendo Disc\u00edpulos Semejantes a Cristo en las naciones","description":"Haciendo disc\u00edpulos semejantes a Cristo en las Naciones","publisher":{"@id":"https:\/\/www.samnaz.org\/#organization"},"alternateName":"Viviendo la Gran Comisi\u00f3n","potentialAction":[{"@type":"SearchAction","target":{"@type":"EntryPoint","urlTemplate":"https:\/\/www.samnaz.org\/?s={search_term_string}"},"query-input":{"@type":"PropertyValueSpecification","valueRequired":true,"valueName":"search_term_string"}}],"inLanguage":"pt-BR"},{"@type":"Organization","@id":"https:\/\/www.samnaz.org\/#organization","name":"Iglesia del Nazareno Am\u00e9rica del Sur","url":"https:\/\/www.samnaz.org\/","logo":{"@type":"ImageObject","inLanguage":"pt-BR","@id":"https:\/\/www.samnaz.org\/#\/schema\/logo\/image\/","url":"https:\/\/www.samnaz.org\/wp-content\/uploads\/2021\/04\/Logo-3-ESP.png","contentUrl":"https:\/\/www.samnaz.org\/wp-content\/uploads\/2021\/04\/Logo-3-ESP.png","width":1041,"height":780,"caption":"Iglesia del Nazareno Am\u00e9rica del Sur"},"image":{"@id":"https:\/\/www.samnaz.org\/#\/schema\/logo\/image\/"},"sameAs":["https:\/\/www.facebook.com\/NazarenoEsp","https:\/\/www.instagram.com\/nazarenoesp\/"],"publishingPrinciples":"https:\/\/www.samnaz.org\/"},{"@type":"Person","@id":"https:\/\/www.samnaz.org\/#\/schema\/person\/c09d1131c49ba510c7e1cbb677b39927","name":"Samnaz","image":{"@type":"ImageObject","inLanguage":"pt-BR","@id":"https:\/\/secure.gravatar.com\/avatar\/a5baaf0e270319d09c0efce6a9dd03ff93175913c70afe26595c0069c83fa6dc?s=96&d=mm&r=g","url":"https:\/\/secure.gravatar.com\/avatar\/a5baaf0e270319d09c0efce6a9dd03ff93175913c70afe26595c0069c83fa6dc?s=96&d=mm&r=g","contentUrl":"https:\/\/secure.gravatar.com\/avatar\/a5baaf0e270319d09c0efce6a9dd03ff93175913c70afe26595c0069c83fa6dc?s=96&d=mm&r=g","caption":"Samnaz"}}]}},"_links":{"self":[{"href":"https:\/\/www.samnaz.org\/pt\/wp-json\/wp\/v2\/posts\/49978","targetHints":{"allow":["GET"]}}],"collection":[{"href":"https:\/\/www.samnaz.org\/pt\/wp-json\/wp\/v2\/posts"}],"about":[{"href":"https:\/\/www.samnaz.org\/pt\/wp-json\/wp\/v2\/types\/post"}],"author":[{"embeddable":true,"href":"https:\/\/www.samnaz.org\/pt\/wp-json\/wp\/v2\/users\/4"}],"replies":[{"embeddable":true,"href":"https:\/\/www.samnaz.org\/pt\/wp-json\/wp\/v2\/comments?post=49978"}],"version-history":[{"count":5,"href":"https:\/\/www.samnaz.org\/pt\/wp-json\/wp\/v2\/posts\/49978\/revisions"}],"predecessor-version":[{"id":50005,"href":"https:\/\/www.samnaz.org\/pt\/wp-json\/wp\/v2\/posts\/49978\/revisions\/50005"}],"wp:featuredmedia":[{"embeddable":true,"href":"https:\/\/www.samnaz.org\/pt\/wp-json\/wp\/v2\/media\/50004"}],"wp:attachment":[{"href":"https:\/\/www.samnaz.org\/pt\/wp-json\/wp\/v2\/media?parent=49978"}],"wp:term":[{"taxonomy":"category","embeddable":true,"href":"https:\/\/www.samnaz.org\/pt\/wp-json\/wp\/v2\/categories?post=49978"},{"taxonomy":"post_tag","embeddable":true,"href":"https:\/\/www.samnaz.org\/pt\/wp-json\/wp\/v2\/tags?post=49978"}],"curies":[{"name":"wp","href":"https:\/\/api.w.org\/{rel}","templated":true}]}}